{"id":56561,"date":"2024-10-24T10:03:22","date_gmt":"2024-10-24T08:03:22","guid":{"rendered":"https:\/\/prod.bymycar.fr\/webzine\/?p=56561"},"modified":"2024-10-24T10:03:23","modified_gmt":"2024-10-24T08:03:23","slug":"byd-sealion-7-bientot-disponible-chez-byd-bymycar-cote-dazur","status":"publish","type":"post","link":"https:\/\/www.bymycar.fr\/webzine\/byd-sealion-7-bientot-disponible-chez-byd-bymycar-cote-dazur\/","title":{"rendered":"BYD Sealion 7, bient\u00f4t disponible chez BYD BYmyCAR C\u00f4te d&rsquo;Azur !"},"content":{"rendered":"","protected":false},"excerpt":{"rendered":"","protected":false},"author":62,"featured_media":56565,"comment_status":"closed","ping_status":"open","sticky":false,"template":"","format":"standard","meta":{"_acf_changed":false,"footnotes":""},"categories":[8149,8150],"tags":[12953,35,12831,13073],"class_list":["post-56561","post","type-post","status-publish","format-standard","has-post-thumbnail","hentry","category-electrique-et-hybride","category-voiture-electrique","tag-byd","tag-bymycar","tag-nouveaute","tag-sealion"],"acf":{"template":"classique","introduction":"<p>D\u00e8s le 21 novembre, venez d\u00e9couvrir dans les \u00e9tablissements BYD BYmyCAR Toulon &#8211; La Garde et Roquebrune-sur-Argens la derni\u00e8re nouveaut\u00e9 BYD, le Sealion 7 !<\/p>\n","strates":[{"type_strate":"image","ancre":"","contenu":"<p>Con\u00e7u par Wolfgang Egger, responsable du design mondial chez BYD, le SEALION 7 repousse les limites du SUV traditionnel. Son design, inspir\u00e9 par l&rsquo;oc\u00e9an, s&rsquo;appuie sur des innovations de pointe pour s\u00e9duire les amateurs de vie active. Gr\u00e2ce \u00e0 ses lignes fluides, son profil \u00e9lanc\u00e9 et son long empattement, il affiche un look moderne et dynamique, tout en offrant un habitacle spacieux et accueillant.<\/p>\n<p>Les feux arri\u00e8re innovants int\u00e8grent des lignes lumineuses \u00e9pur\u00e9es avec des motifs inspir\u00e9s des gouttes d&rsquo;eau, donnant une impression de fluidit\u00e9. Ce design moderne permet au SEALION 7 de se d\u00e9marquer sur la route.<\/p>\n","titre":"Un look dynamique et affirm\u00e9","image":false,"image_libre":false,"image_800x500":false,"legende":"","zoom":false,"texte":"","articles":false,"categorie_droite":false,"images":[{"image":false,"image_1600x700":false,"image_920x500":{"ID":56563,"id":56563,"title":"WEBZINE 920x500","filename":"WEBZINE-920x500-1.png","filesize":454744,"url":"https:\/\/cdn.bymycar.eu\/fr-webzine\/wp-content\/uploads\/medias\/WEBZINE-920x500-1.png","link":"https:\/\/www.bymycar.fr\/webzine\/byd-sealion-7-bientot-disponible-chez-byd-bymycar-cote-dazur\/webzine-920x500\/","alt":"","author":"62","description":"","caption":"","name":"webzine-920x500","status":"inherit","uploaded_to":56561,"date":"2024-10-23 15:40:21","modified":"2024-10-23 15:40:21","menu_order":0,"mime_type":"image\/png","type":"image","subtype":"png","icon":"https:\/\/www.bymycar.fr\/webzine\/wp-includes\/images\/media\/default.png","width":920,"height":500,"sizes":{"thumbnail":"https:\/\/cdn.bymycar.eu\/fr-webzine\/wp-content\/uploads\/medias\/WEBZINE-920x500-1-150x150.png","thumbnail-width":150,"thumbnail-height":150,"medium":"https:\/\/cdn.bymycar.eu\/fr-webzine\/wp-content\/uploads\/medias\/WEBZINE-920x500-1-300x163.png","medium-width":300,"medium-height":163,"medium_large":"https:\/\/cdn.bymycar.eu\/fr-webzine\/wp-content\/uploads\/medias\/WEBZINE-920x500-1-768x417.png","medium_large-width":768,"medium_large-height":417,"large":"https:\/\/cdn.bymycar.eu\/fr-webzine\/wp-content\/uploads\/medias\/WEBZINE-920x500-1.png","large-width":920,"large-height":500,"1536x1536":"https:\/\/cdn.bymycar.eu\/fr-webzine\/wp-content\/uploads\/medias\/WEBZINE-920x500-1.png","1536x1536-width":920,"1536x1536-height":500,"2048x2048":"https:\/\/cdn.bymycar.eu\/fr-webzine\/wp-content\/uploads\/medias\/WEBZINE-920x500-1.png","2048x2048-width":920,"2048x2048-height":500}},"legende":""}],"elements_comparatif":false,"texte_1":"","texte_2":"","image_1":false,"image_1_563x400":false,"image_1_332x332":false,"image_2":false,"image_2_333x240":false,"image_2_563x400":false,"image_3":false,"image_3_333x240":false,"image_3_332x450":false,"image_4":false,"image_4_332x332":false,"image_4_563x400":false,"code_embed":"","legende_video":"","photo":false,"photo_100x100":false,"nom":"","fonction":"","elements_timeline":false,"entetes_colonnes":false,"entetes_lignes":false,"lignes":false,"introduction":"","formulaire":false,"question":"","reponse":"","libelle_bouton_lien":"","url_lien":"","questions":false,"conclusions":false,"pays":false,"region":false,"marque":false,"marqueConcessions":false,"modele":false,"ptvente":false,"typeV":false,"collection":false,"nombre_maximum_elements":10,"lien_fin_carousel":"","texte_lien_fin_carousel":"","trier_par":false},{"type_strate":"texte-simple","ancre":"","contenu":"<p>Con\u00e7u par Wolfgang Egger, responsable du design mondial chez BYD, le SEALION 7 repousse les limites du SUV traditionnel. Son design, inspir\u00e9 par l&rsquo;oc\u00e9an, s&rsquo;appuie sur des innovations de pointe pour s\u00e9duire les amateurs de vie active. Gr\u00e2ce \u00e0 ses lignes fluides, son profil \u00e9lanc\u00e9 et son long empattement, il affiche un look moderne et dynamique, tout en offrant un habitacle spacieux et accueillant.<\/p>\n<p>Les feux arri\u00e8re innovants int\u00e8grent des lignes lumineuses \u00e9pur\u00e9es avec des motifs inspir\u00e9s des gouttes d&rsquo;eau, donnant une impression de fluidit\u00e9. Ce design moderne permet au SEALION 7 de se d\u00e9marquer sur la route.<\/p>\n","titre":"Un look dynamique et affirm\u00e9","image":false,"image_libre":false,"image_800x500":false,"legende":"","zoom":false,"texte":"","articles":false,"categorie_droite":false,"images":[{"image":false,"image_1600x700":false,"image_920x500":{"ID":56563,"id":56563,"title":"WEBZINE 920x500","filename":"WEBZINE-920x500-1.png","filesize":454744,"url":"https:\/\/cdn.bymycar.eu\/fr-webzine\/wp-content\/uploads\/medias\/WEBZINE-920x500-1.png","link":"https:\/\/www.bymycar.fr\/webzine\/byd-sealion-7-bientot-disponible-chez-byd-bymycar-cote-dazur\/webzine-920x500\/","alt":"","author":"62","description":"","caption":"","name":"webzine-920x500","status":"inherit","uploaded_to":56561,"date":"2024-10-23 15:40:21","modified":"2024-10-23 15:40:21","menu_order":0,"mime_type":"image\/png","type":"image","subtype":"png","icon":"https:\/\/www.bymycar.fr\/webzine\/wp-includes\/images\/media\/default.png","width":920,"height":500,"sizes":{"thumbnail":"https:\/\/cdn.bymycar.eu\/fr-webzine\/wp-content\/uploads\/medias\/WEBZINE-920x500-1-150x150.png","thumbnail-width":150,"thumbnail-height":150,"medium":"https:\/\/cdn.bymycar.eu\/fr-webzine\/wp-content\/uploads\/medias\/WEBZINE-920x500-1-300x163.png","medium-width":300,"medium-height":163,"medium_large":"https:\/\/cdn.bymycar.eu\/fr-webzine\/wp-content\/uploads\/medias\/WEBZINE-920x500-1-768x417.png","medium_large-width":768,"medium_large-height":417,"large":"https:\/\/cdn.bymycar.eu\/fr-webzine\/wp-content\/uploads\/medias\/WEBZINE-920x500-1.png","large-width":920,"large-height":500,"1536x1536":"https:\/\/cdn.bymycar.eu\/fr-webzine\/wp-content\/uploads\/medias\/WEBZINE-920x500-1.png","1536x1536-width":920,"1536x1536-height":500,"2048x2048":"https:\/\/cdn.bymycar.eu\/fr-webzine\/wp-content\/uploads\/medias\/WEBZINE-920x500-1.png","2048x2048-width":920,"2048x2048-height":500}},"legende":""}],"elements_comparatif":false,"texte_1":"","texte_2":"","image_1":false,"image_1_563x400":false,"image_1_332x332":false,"image_2":false,"image_2_333x240":false,"image_2_563x400":false,"image_3":false,"image_3_333x240":false,"image_3_332x450":false,"image_4":false,"image_4_332x332":false,"image_4_563x400":false,"code_embed":"","legende_video":"","photo":false,"photo_100x100":false,"nom":"","fonction":"","elements_timeline":false,"entetes_colonnes":false,"entetes_lignes":false,"lignes":false,"introduction":"","formulaire":false,"question":"","reponse":"","libelle_bouton_lien":"","url_lien":"","questions":false,"conclusions":false,"pays":false,"region":false,"marque":false,"marqueConcessions":false,"modele":false,"ptvente":false,"typeV":false,"collection":false,"nombre_maximum_elements":10,"lien_fin_carousel":"","texte_lien_fin_carousel":"","trier_par":false},{"type_strate":"image","ancre":"","contenu":"<div class=\"flex-shrink-0 flex flex-col relative items-end\">\n<div>\n<div class=\"pt-0\">\n<div class=\"gizmo-bot-avatar flex h-8 w-8 items-center justify-center overflow-hidden rounded-full\">\n<div class=\"relative p-1 rounded-sm flex items-center justify-center bg-token-main-surface-primary text-token-text-primary h-8 w-8\">Profitez de l&rsquo;innovation avec un \u00e9cran tactile rotatif de 39,6 cm, con\u00e7u pour s&rsquo;adapter \u00e0 vos usages. Que vous soyez en pleine circulation ou en train d&rsquo;\u00e9couter votre playlist favorite, cet \u00e9cran vous permet de rester connect\u00e9 \u00e0 tout moment. Installez-vous dans des si\u00e8ges en cuir nappa matelass\u00e9, offrant un confort exceptionnel. L&rsquo;int\u00e9rieur, compos\u00e9 \u00e0 plus de 80 % de cuir v\u00e9gan doux, procure une sensation agr\u00e9able, rendant chaque voyage encore plus confortable.<\/div>\n<\/div>\n<\/div>\n<\/div>\n<\/div>\n","titre":"Une exp\u00e9rience de conduite in\u00e9galable ","image":false,"image_libre":false,"image_800x500":false,"legende":"","zoom":false,"texte":"","articles":false,"categorie_droite":false,"images":[{"image":false,"image_1600x700":false,"image_920x500":{"ID":56570,"id":56570,"title":"WEBZINE 920x500 (2)","filename":"WEBZINE-920x500-2.png","filesize":492865,"url":"https:\/\/cdn.bymycar.eu\/fr-webzine\/wp-content\/uploads\/medias\/WEBZINE-920x500-2.png","link":"https:\/\/www.bymycar.fr\/webzine\/byd-sealion-7-bientot-disponible-chez-byd-bymycar-cote-dazur\/webzine-920x500-2\/","alt":"","author":"62","description":"","caption":"","name":"webzine-920x500-2","status":"inherit","uploaded_to":56561,"date":"2024-10-24 08:00:13","modified":"2024-10-24 08:00:13","menu_order":0,"mime_type":"image\/png","type":"image","subtype":"png","icon":"https:\/\/www.bymycar.fr\/webzine\/wp-includes\/images\/media\/default.png","width":920,"height":500,"sizes":{"thumbnail":"https:\/\/cdn.bymycar.eu\/fr-webzine\/wp-content\/uploads\/medias\/WEBZINE-920x500-2-150x150.png","thumbnail-width":150,"thumbnail-height":150,"medium":"https:\/\/cdn.bymycar.eu\/fr-webzine\/wp-content\/uploads\/medias\/WEBZINE-920x500-2-300x163.png","medium-width":300,"medium-height":163,"medium_large":"https:\/\/cdn.bymycar.eu\/fr-webzine\/wp-content\/uploads\/medias\/WEBZINE-920x500-2-768x417.png","medium_large-width":768,"medium_large-height":417,"large":"https:\/\/cdn.bymycar.eu\/fr-webzine\/wp-content\/uploads\/medias\/WEBZINE-920x500-2.png","large-width":920,"large-height":500,"1536x1536":"https:\/\/cdn.bymycar.eu\/fr-webzine\/wp-content\/uploads\/medias\/WEBZINE-920x500-2.png","1536x1536-width":920,"1536x1536-height":500,"2048x2048":"https:\/\/cdn.bymycar.eu\/fr-webzine\/wp-content\/uploads\/medias\/WEBZINE-920x500-2.png","2048x2048-width":920,"2048x2048-height":500}},"legende":""}],"elements_comparatif":false,"texte_1":"","texte_2":"","image_1":false,"image_1_563x400":false,"image_1_332x332":false,"image_2":false,"image_2_333x240":false,"image_2_563x400":false,"image_3":false,"image_3_333x240":false,"image_3_332x450":false,"image_4":false,"image_4_332x332":false,"image_4_563x400":false,"code_embed":"","legende_video":"","photo":false,"photo_100x100":false,"nom":"","fonction":"","elements_timeline":false,"entetes_colonnes":false,"entetes_lignes":false,"lignes":false,"introduction":"","formulaire":false,"question":"","reponse":"","libelle_bouton_lien":"","url_lien":"","questions":false,"conclusions":false,"pays":false,"region":false,"marque":false,"marqueConcessions":false,"modele":false,"ptvente":false,"typeV":false,"collection":false,"nombre_maximum_elements":10,"lien_fin_carousel":"","texte_lien_fin_carousel":"","trier_par":false},{"type_strate":"texte-simple","ancre":"","contenu":"<div class=\"flex-shrink-0 flex flex-col relative items-end\">\n<div>\n<div class=\"pt-0\">\n<div class=\"gizmo-bot-avatar flex h-8 w-8 items-center justify-center overflow-hidden rounded-full\">\n<div class=\"relative p-1 rounded-sm flex items-center justify-center bg-token-main-surface-primary text-token-text-primary h-8 w-8\">Profitez de l&rsquo;innovation avec un \u00e9cran tactile rotatif de 39,6 cm, con\u00e7u pour s&rsquo;adapter \u00e0 vos usages. Que vous soyez en pleine circulation ou en train d&rsquo;\u00e9couter votre playlist favorite, cet \u00e9cran vous permet de rester connect\u00e9 \u00e0 tout moment. Installez-vous dans des si\u00e8ges en cuir nappa matelass\u00e9, offrant un confort exceptionnel. L&rsquo;int\u00e9rieur, compos\u00e9 \u00e0 plus de 80 % de cuir v\u00e9gan doux, procure une sensation agr\u00e9able, rendant chaque voyage encore plus confortable.<\/div>\n<\/div>\n<\/div>\n<\/div>\n<\/div>\n","titre":"Une exp\u00e9rience de conduite in\u00e9galable ","image":false,"image_libre":false,"image_800x500":false,"legende":"","zoom":false,"texte":"","articles":false,"categorie_droite":false,"images":[{"image":false,"image_1600x700":false,"image_920x500":{"ID":56564,"id":56564,"title":"WEBZINE 920x500 (1)","filename":"WEBZINE-920x500-1.png","filesize":201961,"url":"https:\/\/cdn.bymycar.eu\/fr-webzine\/wp-content\/uploads\/medias\/WEBZINE-920x500-1.png","link":"https:\/\/www.bymycar.fr\/webzine\/byd-sealion-7-bientot-disponible-chez-byd-bymycar-cote-dazur\/webzine-920x500-1\/","alt":"","author":"62","description":"","caption":"","name":"webzine-920x500-1","status":"inherit","uploaded_to":56561,"date":"2024-10-23 15:50:46","modified":"2024-10-23 15:50:46","menu_order":0,"mime_type":"image\/png","type":"image","subtype":"png","icon":"https:\/\/www.bymycar.fr\/webzine\/wp-includes\/images\/media\/default.png","width":920,"height":500,"sizes":{"thumbnail":"https:\/\/cdn.bymycar.eu\/fr-webzine\/wp-content\/uploads\/medias\/WEBZINE-920x500-1-150x150.png","thumbnail-width":150,"thumbnail-height":150,"medium":"https:\/\/cdn.bymycar.eu\/fr-webzine\/wp-content\/uploads\/medias\/WEBZINE-920x500-1-300x163.png","medium-width":300,"medium-height":163,"medium_large":"https:\/\/cdn.bymycar.eu\/fr-webzine\/wp-content\/uploads\/medias\/WEBZINE-920x500-1-768x417.png","medium_large-width":768,"medium_large-height":417,"large":"https:\/\/cdn.bymycar.eu\/fr-webzine\/wp-content\/uploads\/medias\/WEBZINE-920x500-1.png","large-width":920,"large-height":500,"1536x1536":"https:\/\/cdn.bymycar.eu\/fr-webzine\/wp-content\/uploads\/medias\/WEBZINE-920x500-1.png","1536x1536-width":920,"1536x1536-height":500,"2048x2048":"https:\/\/cdn.bymycar.eu\/fr-webzine\/wp-content\/uploads\/medias\/WEBZINE-920x500-1.png","2048x2048-width":920,"2048x2048-height":500}},"legende":""}],"elements_comparatif":false,"texte_1":"","texte_2":"","image_1":false,"image_1_563x400":false,"image_1_332x332":false,"image_2":false,"image_2_333x240":false,"image_2_563x400":false,"image_3":false,"image_3_333x240":false,"image_3_332x450":false,"image_4":false,"image_4_332x332":false,"image_4_563x400":false,"code_embed":"","legende_video":"","photo":false,"photo_100x100":false,"nom":"","fonction":"","elements_timeline":false,"entetes_colonnes":false,"entetes_lignes":false,"lignes":false,"introduction":"","formulaire":false,"question":"","reponse":"","libelle_bouton_lien":"","url_lien":"","questions":false,"conclusions":false,"pays":false,"region":false,"marque":false,"marqueConcessions":false,"modele":false,"ptvente":false,"typeV":false,"collection":false,"nombre_maximum_elements":10,"lien_fin_carousel":"","texte_lien_fin_carousel":"","trier_par":false},{"type_strate":"image","ancre":"","contenu":"<p>Rendez-vous d\u00e8s le 21 novembre dans les \u00e9tablissements BYD BYmyCAR C\u00f4te d&rsquo;Azur pour d\u00e9couvrir le Sealion 7 ! Soyez le premier \u00e0 d\u00e9couvrir le Sealion 7 en remplissant le formulaire !<\/p>\n","titre":"Rendez-vous dans les \u00e9tablissements BYD BYmyCAR C\u00f4te d'Azur !","image":false,"image_libre":false,"image_800x500":false,"legende":"","zoom":false,"texte":"","articles":false,"categorie_droite":false,"images":[{"image":false,"image_1600x700":false,"image_920x500":{"ID":56564,"id":56564,"title":"WEBZINE 920x500 (1)","filename":"WEBZINE-920x500-1.png","filesize":201961,"url":"https:\/\/cdn.bymycar.eu\/fr-webzine\/wp-content\/uploads\/medias\/WEBZINE-920x500-1.png","link":"https:\/\/www.bymycar.fr\/webzine\/byd-sealion-7-bientot-disponible-chez-byd-bymycar-cote-dazur\/webzine-920x500-1\/","alt":"","author":"62","description":"","caption":"","name":"webzine-920x500-1","status":"inherit","uploaded_to":56561,"date":"2024-10-23 15:50:46","modified":"2024-10-23 15:50:46","menu_order":0,"mime_type":"image\/png","type":"image","subtype":"png","icon":"https:\/\/www.bymycar.fr\/webzine\/wp-includes\/images\/media\/default.png","width":920,"height":500,"sizes":{"thumbnail":"https:\/\/cdn.bymycar.eu\/fr-webzine\/wp-content\/uploads\/medias\/WEBZINE-920x500-1-150x150.png","thumbnail-width":150,"thumbnail-height":150,"medium":"https:\/\/cdn.bymycar.eu\/fr-webzine\/wp-content\/uploads\/medias\/WEBZINE-920x500-1-300x163.png","medium-width":300,"medium-height":163,"medium_large":"https:\/\/cdn.bymycar.eu\/fr-webzine\/wp-content\/uploads\/medias\/WEBZINE-920x500-1-768x417.png","medium_large-width":768,"medium_large-height":417,"large":"https:\/\/cdn.bymycar.eu\/fr-webzine\/wp-content\/uploads\/medias\/WEBZINE-920x500-1.png","large-width":920,"large-height":500,"1536x1536":"https:\/\/cdn.bymycar.eu\/fr-webzine\/wp-content\/uploads\/medias\/WEBZINE-920x500-1.png","1536x1536-width":920,"1536x1536-height":500,"2048x2048":"https:\/\/cdn.bymycar.eu\/fr-webzine\/wp-content\/uploads\/medias\/WEBZINE-920x500-1.png","2048x2048-width":920,"2048x2048-height":500}},"legende":""}],"elements_comparatif":false,"texte_1":"","texte_2":"","image_1":false,"image_1_563x400":false,"image_1_332x332":false,"image_2":false,"image_2_333x240":false,"image_2_563x400":false,"image_3":false,"image_3_333x240":false,"image_3_332x450":false,"image_4":false,"image_4_332x332":false,"image_4_563x400":false,"code_embed":"","legende_video":"","photo":false,"photo_100x100":false,"nom":"","fonction":"","elements_timeline":false,"entetes_colonnes":false,"entetes_lignes":false,"lignes":false,"introduction":"","formulaire":false,"question":"","reponse":"","libelle_bouton_lien":"","url_lien":"","questions":false,"conclusions":false,"pays":false,"region":false,"marque":false,"marqueConcessions":false,"modele":false,"ptvente":false,"typeV":false,"collection":false,"nombre_maximum_elements":10,"lien_fin_carousel":"","texte_lien_fin_carousel":"","trier_par":false},{"type_strate":"texte-simple","ancre":"","contenu":"<p>Rendez-vous d\u00e8s le 21 novembre dans les \u00e9tablissements BYD BYmyCAR C\u00f4te d&rsquo;Azur pour d\u00e9couvrir le Sealion 7 ! Soyez le premier \u00e0 d\u00e9couvrir le Sealion 7 en remplissant le formulaire !<\/p>\n","titre":"Rendez-vous dans les \u00e9tablissements BYD BYmyCAR C\u00f4te d'Azur !","image":false,"image_libre":false,"image_800x500":false,"legende":"","zoom":false,"texte":"","articles":false,"categorie_droite":false,"images":false,"elements_comparatif":false,"texte_1":"","texte_2":"","image_1":false,"image_1_563x400":false,"image_1_332x332":false,"image_2":false,"image_2_333x240":false,"image_2_563x400":false,"image_3":false,"image_3_333x240":false,"image_3_332x450":false,"image_4":false,"image_4_332x332":false,"image_4_563x400":false,"code_embed":"","legende_video":"","photo":false,"photo_100x100":false,"nom":"","fonction":"","elements_timeline":false,"entetes_colonnes":false,"entetes_lignes":false,"lignes":false,"introduction":"","formulaire":false,"question":"","reponse":"","libelle_bouton_lien":"","url_lien":"","questions":false,"conclusions":false,"pays":false,"region":false,"marque":false,"marqueConcessions":false,"modele":false,"ptvente":false,"typeV":false,"collection":false,"nombre_maximum_elements":10,"lien_fin_carousel":"","texte_lien_fin_carousel":"","trier_par":false}],"is_old_post":false,"image":{"ID":56565,"id":56565,"title":"COUVERTURE WEBZINE","filename":"COUVERTURE-WEBZINE.png","filesize":6825193,"url":"https:\/\/cdn.bymycar.eu\/fr-webzine\/wp-content\/uploads\/medias\/COUVERTURE-WEBZINE.png","link":"https:\/\/www.bymycar.fr\/webzine\/byd-sealion-7-bientot-disponible-chez-byd-bymycar-cote-dazur\/couverture-webzine\/","alt":"","author":"62","description":"","caption":"","name":"couverture-webzine","status":"inherit","uploaded_to":56561,"date":"2024-10-23 15:55:16","modified":"2024-10-23 15:55:16","menu_order":0,"mime_type":"image\/png","type":"image","subtype":"png","icon":"https:\/\/www.bymycar.fr\/webzine\/wp-includes\/images\/media\/default.png","width":8000,"height":2500,"sizes":{"thumbnail":"https:\/\/cdn.bymycar.eu\/fr-webzine\/wp-content\/uploads\/medias\/COUVERTURE-WEBZINE-150x150.png","thumbnail-width":150,"thumbnail-height":150,"medium":"https:\/\/cdn.bymycar.eu\/fr-webzine\/wp-content\/uploads\/medias\/COUVERTURE-WEBZINE-300x94.png","medium-width":300,"medium-height":94,"medium_large":"https:\/\/cdn.bymycar.eu\/fr-webzine\/wp-content\/uploads\/medias\/COUVERTURE-WEBZINE-768x240.png","medium_large-width":768,"medium_large-height":240,"large":"https:\/\/cdn.bymycar.eu\/fr-webzine\/wp-content\/uploads\/medias\/COUVERTURE-WEBZINE-1024x320.png","large-width":1024,"large-height":320,"1536x1536":"https:\/\/cdn.bymycar.eu\/fr-webzine\/wp-content\/uploads\/medias\/COUVERTURE-WEBZINE-1536x480.png","1536x1536-width":1536,"1536x1536-height":480,"2048x2048":"https:\/\/cdn.bymycar.eu\/fr-webzine\/wp-content\/uploads\/medias\/COUVERTURE-WEBZINE-2048x640.png","2048x2048-width":2048,"2048x2048-height":640}},"page_content":{"block_content":[{"acf_fc_layout":"images-slider","--nav":{"-withNav":false,"-ancre":""},"--group":{"-listibg":[{"--image":{"ID":56563,"id":56563,"title":"WEBZINE 920x500","filename":"WEBZINE-920x500-1.png","filesize":454744,"url":"https:\/\/cdn.bymycar.eu\/fr-webzine\/wp-content\/uploads\/medias\/WEBZINE-920x500-1.png","link":"https:\/\/www.bymycar.fr\/webzine\/byd-sealion-7-bientot-disponible-chez-byd-bymycar-cote-dazur\/webzine-920x500\/","alt":"","author":"62","description":"","caption":"","name":"webzine-920x500","status":"inherit","uploaded_to":56561,"date":"2024-10-23 15:40:21","modified":"2024-10-23 15:40:21","menu_order":0,"mime_type":"image\/png","type":"image","subtype":"png","icon":"https:\/\/www.bymycar.fr\/webzine\/wp-includes\/images\/media\/default.png","width":920,"height":500,"sizes":{"thumbnail":"https:\/\/cdn.bymycar.eu\/fr-webzine\/wp-content\/uploads\/medias\/WEBZINE-920x500-1-150x150.png","thumbnail-width":150,"thumbnail-height":150,"medium":"https:\/\/cdn.bymycar.eu\/fr-webzine\/wp-content\/uploads\/medias\/WEBZINE-920x500-1-300x163.png","medium-width":300,"medium-height":163,"medium_large":"https:\/\/cdn.bymycar.eu\/fr-webzine\/wp-content\/uploads\/medias\/WEBZINE-920x500-1-768x417.png","medium_large-width":768,"medium_large-height":417,"large":"https:\/\/cdn.bymycar.eu\/fr-webzine\/wp-content\/uploads\/medias\/WEBZINE-920x500-1.png","large-width":920,"large-height":500,"1536x1536":"https:\/\/cdn.bymycar.eu\/fr-webzine\/wp-content\/uploads\/medias\/WEBZINE-920x500-1.png","1536x1536-width":920,"1536x1536-height":500,"2048x2048":"https:\/\/cdn.bymycar.eu\/fr-webzine\/wp-content\/uploads\/medias\/WEBZINE-920x500-1.png","2048x2048-width":920,"2048x2048-height":500}},"--legend":""}]}},{"acf_fc_layout":"text-simple","--nav":{"-withNav":false,"-ancre":""},"--group":{"-text":"<p>Con\u00e7u par Wolfgang Egger, responsable du design mondial chez BYD, le SEALION 7 repousse les limites du SUV traditionnel. Son design, inspir\u00e9 par l&rsquo;oc\u00e9an, s&rsquo;appuie sur des innovations de pointe pour s\u00e9duire les amateurs de vie active. Gr\u00e2ce \u00e0 ses lignes fluides, son profil \u00e9lanc\u00e9 et son long empattement, il affiche un look moderne et dynamique, tout en offrant un habitacle spacieux et accueillant.<\/p>\n<p>Les feux arri\u00e8re innovants int\u00e8grent des lignes lumineuses \u00e9pur\u00e9es avec des motifs inspir\u00e9s des gouttes d&rsquo;eau, donnant une impression de fluidit\u00e9. Ce design moderne permet au SEALION 7 de se d\u00e9marquer sur la route.<\/p>\n"}},{"acf_fc_layout":"images-slider","--nav":{"-withNav":false,"-ancre":""},"--group":{"-listibg":[{"--image":{"ID":56570,"id":56570,"title":"WEBZINE 920x500 (2)","filename":"WEBZINE-920x500-2.png","filesize":492865,"url":"https:\/\/cdn.bymycar.eu\/fr-webzine\/wp-content\/uploads\/medias\/WEBZINE-920x500-2.png","link":"https:\/\/www.bymycar.fr\/webzine\/byd-sealion-7-bientot-disponible-chez-byd-bymycar-cote-dazur\/webzine-920x500-2\/","alt":"","author":"62","description":"","caption":"","name":"webzine-920x500-2","status":"inherit","uploaded_to":56561,"date":"2024-10-24 08:00:13","modified":"2024-10-24 08:00:13","menu_order":0,"mime_type":"image\/png","type":"image","subtype":"png","icon":"https:\/\/www.bymycar.fr\/webzine\/wp-includes\/images\/media\/default.png","width":920,"height":500,"sizes":{"thumbnail":"https:\/\/cdn.bymycar.eu\/fr-webzine\/wp-content\/uploads\/medias\/WEBZINE-920x500-2-150x150.png","thumbnail-width":150,"thumbnail-height":150,"medium":"https:\/\/cdn.bymycar.eu\/fr-webzine\/wp-content\/uploads\/medias\/WEBZINE-920x500-2-300x163.png","medium-width":300,"medium-height":163,"medium_large":"https:\/\/cdn.bymycar.eu\/fr-webzine\/wp-content\/uploads\/medias\/WEBZINE-920x500-2-768x417.png","medium_large-width":768,"medium_large-height":417,"large":"https:\/\/cdn.bymycar.eu\/fr-webzine\/wp-content\/uploads\/medias\/WEBZINE-920x500-2.png","large-width":920,"large-height":500,"1536x1536":"https:\/\/cdn.bymycar.eu\/fr-webzine\/wp-content\/uploads\/medias\/WEBZINE-920x500-2.png","1536x1536-width":920,"1536x1536-height":500,"2048x2048":"https:\/\/cdn.bymycar.eu\/fr-webzine\/wp-content\/uploads\/medias\/WEBZINE-920x500-2.png","2048x2048-width":920,"2048x2048-height":500}},"--legend":""}]}},{"acf_fc_layout":"text-simple","--nav":{"-withNav":false,"-ancre":""},"--group":{"-text":"<div class=\"flex-shrink-0 flex flex-col relative items-end\">\n<div>\n<div class=\"pt-0\">\n<div class=\"gizmo-bot-avatar flex h-8 w-8 items-center justify-center overflow-hidden rounded-full\">\n<div class=\"relative p-1 rounded-sm flex items-center justify-center bg-token-main-surface-primary text-token-text-primary h-8 w-8\">Profitez de l&rsquo;innovation avec un \u00e9cran tactile rotatif de 39,6 cm, con\u00e7u pour s&rsquo;adapter \u00e0 vos usages. Que vous soyez en pleine circulation ou en train d&rsquo;\u00e9couter votre playlist favorite, cet \u00e9cran vous permet de rester connect\u00e9 \u00e0 tout moment. Installez-vous dans des si\u00e8ges en cuir nappa matelass\u00e9, offrant un confort exceptionnel. L&rsquo;int\u00e9rieur, compos\u00e9 \u00e0 plus de 80 % de cuir v\u00e9gan doux, procure une sensation agr\u00e9able, rendant chaque voyage encore plus confortable.<\/div>\n<\/div>\n<\/div>\n<\/div>\n<\/div>\n"}},{"acf_fc_layout":"images-slider","--nav":{"-withNav":false,"-ancre":""},"--group":{"-listibg":[{"--image":{"ID":56564,"id":56564,"title":"WEBZINE 920x500 (1)","filename":"WEBZINE-920x500-1.png","filesize":201961,"url":"https:\/\/cdn.bymycar.eu\/fr-webzine\/wp-content\/uploads\/medias\/WEBZINE-920x500-1.png","link":"https:\/\/www.bymycar.fr\/webzine\/byd-sealion-7-bientot-disponible-chez-byd-bymycar-cote-dazur\/webzine-920x500-1\/","alt":"","author":"62","description":"","caption":"","name":"webzine-920x500-1","status":"inherit","uploaded_to":56561,"date":"2024-10-23 15:50:46","modified":"2024-10-23 15:50:46","menu_order":0,"mime_type":"image\/png","type":"image","subtype":"png","icon":"https:\/\/www.bymycar.fr\/webzine\/wp-includes\/images\/media\/default.png","width":920,"height":500,"sizes":{"thumbnail":"https:\/\/cdn.bymycar.eu\/fr-webzine\/wp-content\/uploads\/medias\/WEBZINE-920x500-1-150x150.png","thumbnail-width":150,"thumbnail-height":150,"medium":"https:\/\/cdn.bymycar.eu\/fr-webzine\/wp-content\/uploads\/medias\/WEBZINE-920x500-1-300x163.png","medium-width":300,"medium-height":163,"medium_large":"https:\/\/cdn.bymycar.eu\/fr-webzine\/wp-content\/uploads\/medias\/WEBZINE-920x500-1-768x417.png","medium_large-width":768,"medium_large-height":417,"large":"https:\/\/cdn.bymycar.eu\/fr-webzine\/wp-content\/uploads\/medias\/WEBZINE-920x500-1.png","large-width":920,"large-height":500,"1536x1536":"https:\/\/cdn.bymycar.eu\/fr-webzine\/wp-content\/uploads\/medias\/WEBZINE-920x500-1.png","1536x1536-width":920,"1536x1536-height":500,"2048x2048":"https:\/\/cdn.bymycar.eu\/fr-webzine\/wp-content\/uploads\/medias\/WEBZINE-920x500-1.png","2048x2048-width":920,"2048x2048-height":500}},"--legend":""}]}},{"acf_fc_layout":"text-simple","--nav":{"-withNav":false,"-ancre":""},"--group":{"-text":"<p>Rendez-vous d\u00e8s le 21 novembre dans les \u00e9tablissements BYD BYmyCAR C\u00f4te d&rsquo;Azur pour d\u00e9couvrir le Sealion 7 ! Soyez le premier \u00e0 d\u00e9couvrir le Sealion 7 en remplissant le formulaire !<\/p>\n"}}]},"add-carousel-to-footer":true},"yoast_head":"<!-- This site is optimized with the Yoast SEO Premium plugin v26.4 (Yoast SEO v26.4) - https:\/\/yoast.com\/wordpress\/plugins\/seo\/ -->\n<title>BYD Sealion 7, bient\u00f4t disponible chez BYD BYmyCAR C\u00f4te d&#039;Azur !<\/title>\n<meta name=\"robots\" content=\"index, follow, max-snippet:-1, max-image-preview:large, max-video-preview:-1\" \/>\n<link rel=\"canonical\" href=\"https:\/\/www.bymycar.fr\/webzine\/byd-sealion-7-bientot-disponible-chez-byd-bymycar-cote-dazur\/\" \/>\n<meta property=\"og:locale\" content=\"fr_FR\" \/>\n<meta property=\"og:type\" content=\"article\" \/>\n<meta property=\"og:title\" content=\"BYD Sealion 7, bient\u00f4t disponible chez BYD BYmyCAR C\u00f4te d&#039;Azur !\" \/>\n<meta property=\"og:url\" content=\"https:\/\/www.bymycar.fr\/webzine\/byd-sealion-7-bientot-disponible-chez-byd-bymycar-cote-dazur\/\" \/>\n<meta property=\"og:site_name\" content=\"Webzine auto BYmyCAR\" \/>\n<meta property=\"article:published_time\" content=\"2024-10-24T08:03:22+00:00\" \/>\n<meta property=\"article:modified_time\" content=\"2024-10-24T08:03:23+00:00\" \/>\n<meta property=\"og:image\" content=\"https:\/\/cdn.bymycar.eu\/fr-webzine\/wp-content\/uploads\/medias\/COUVERTURE-WEBZINE-1024x320.png\" \/>\n\t<meta property=\"og:image:width\" content=\"1024\" \/>\n\t<meta property=\"og:image:height\" content=\"320\" \/>\n\t<meta property=\"og:image:type\" content=\"image\/png\" \/>\n<meta name=\"author\" content=\"Chlo\u00e9 Leroy\" \/>\n<meta name=\"twitter:card\" content=\"summary_large_image\" \/>\n<meta name=\"twitter:label1\" content=\"\u00c9crit par\" \/>\n\t<meta name=\"twitter:data1\" content=\"Chlo\u00e9 Leroy\" \/>\n<script type=\"application\/ld+json\" class=\"yoast-schema-graph\">{\"@context\":\"https:\/\/schema.org\",\"@graph\":[{\"@type\":\"Article\",\"@id\":\"https:\/\/www.bymycar.fr\/webzine\/byd-sealion-7-bientot-disponible-chez-byd-bymycar-cote-dazur\/#article\",\"isPartOf\":{\"@id\":\"https:\/\/www.bymycar.fr\/webzine\/byd-sealion-7-bientot-disponible-chez-byd-bymycar-cote-dazur\/\"},\"author\":{\"name\":\"Chlo\u00e9 Leroy\",\"@id\":\"https:\/\/www.bymycar.fr\/webzine\/#\/schema\/person\/4ed88f8367b5c84eb602f2a5bf0f0360\"},\"headline\":\"BYD Sealion 7, bient\u00f4t disponible chez BYD BYmyCAR C\u00f4te d&rsquo;Azur !\",\"datePublished\":\"2024-10-24T08:03:22+00:00\",\"dateModified\":\"2024-10-24T08:03:23+00:00\",\"mainEntityOfPage\":{\"@id\":\"https:\/\/www.bymycar.fr\/webzine\/byd-sealion-7-bientot-disponible-chez-byd-bymycar-cote-dazur\/\"},\"wordCount\":12,\"publisher\":{\"@id\":\"https:\/\/www.bymycar.fr\/webzine\/#organization\"},\"image\":{\"@id\":\"https:\/\/www.bymycar.fr\/webzine\/byd-sealion-7-bientot-disponible-chez-byd-bymycar-cote-dazur\/#primaryimage\"},\"thumbnailUrl\":\"https:\/\/cdn.bymycar.eu\/fr-webzine\/wp-content\/uploads\/medias\/COUVERTURE-WEBZINE.png\",\"keywords\":[\"BYD\",\"BYmyCAR\",\"nouveaut\u00e9\",\"Sealion\"],\"articleSection\":[\"Electrique et hybride\",\"Voiture \u00e9lectrique\"],\"inLanguage\":\"fr-FR\"},{\"@type\":\"WebPage\",\"@id\":\"https:\/\/www.bymycar.fr\/webzine\/byd-sealion-7-bientot-disponible-chez-byd-bymycar-cote-dazur\/\",\"url\":\"https:\/\/www.bymycar.fr\/webzine\/byd-sealion-7-bientot-disponible-chez-byd-bymycar-cote-dazur\/\",\"name\":\"BYD Sealion 7, bient\u00f4t disponible chez BYD BYmyCAR C\u00f4te d'Azur !\",\"isPartOf\":{\"@id\":\"https:\/\/www.bymycar.fr\/webzine\/#website\"},\"primaryImageOfPage\":{\"@id\":\"https:\/\/www.bymycar.fr\/webzine\/byd-sealion-7-bientot-disponible-chez-byd-bymycar-cote-dazur\/#primaryimage\"},\"image\":{\"@id\":\"https:\/\/www.bymycar.fr\/webzine\/byd-sealion-7-bientot-disponible-chez-byd-bymycar-cote-dazur\/#primaryimage\"},\"thumbnailUrl\":\"https:\/\/cdn.bymycar.eu\/fr-webzine\/wp-content\/uploads\/medias\/COUVERTURE-WEBZINE.png\",\"datePublished\":\"2024-10-24T08:03:22+00:00\",\"dateModified\":\"2024-10-24T08:03:23+00:00\",\"breadcrumb\":{\"@id\":\"https:\/\/www.bymycar.fr\/webzine\/byd-sealion-7-bientot-disponible-chez-byd-bymycar-cote-dazur\/#breadcrumb\"},\"inLanguage\":\"fr-FR\",\"potentialAction\":[{\"@type\":\"ReadAction\",\"target\":[\"https:\/\/www.bymycar.fr\/webzine\/byd-sealion-7-bientot-disponible-chez-byd-bymycar-cote-dazur\/\"]}]},{\"@type\":\"ImageObject\",\"inLanguage\":\"fr-FR\",\"@id\":\"https:\/\/www.bymycar.fr\/webzine\/byd-sealion-7-bientot-disponible-chez-byd-bymycar-cote-dazur\/#primaryimage\",\"url\":\"https:\/\/cdn.bymycar.eu\/fr-webzine\/wp-content\/uploads\/medias\/COUVERTURE-WEBZINE.png\",\"contentUrl\":\"https:\/\/cdn.bymycar.eu\/fr-webzine\/wp-content\/uploads\/medias\/COUVERTURE-WEBZINE.png\",\"width\":8000,\"height\":2500},{\"@type\":\"BreadcrumbList\",\"@id\":\"https:\/\/www.bymycar.fr\/webzine\/byd-sealion-7-bientot-disponible-chez-byd-bymycar-cote-dazur\/#breadcrumb\",\"itemListElement\":[{\"@type\":\"ListItem\",\"position\":1,\"name\":\"Accueil\",\"item\":\"https:\/\/www.bymycar.fr\/webzine\/\"},{\"@type\":\"ListItem\",\"position\":2,\"name\":\"BYD Sealion 7, bient\u00f4t disponible chez BYD BYmyCAR C\u00f4te d&rsquo;Azur !\"}]},{\"@type\":\"WebSite\",\"@id\":\"https:\/\/www.bymycar.fr\/webzine\/#website\",\"url\":\"https:\/\/www.bymycar.fr\/webzine\/\",\"name\":\"Webzine auto BYmyCAR\",\"description\":\"La magazine auto de BYmyCAR\",\"publisher\":{\"@id\":\"https:\/\/www.bymycar.fr\/webzine\/#organization\"},\"potentialAction\":[{\"@type\":\"SearchAction\",\"target\":{\"@type\":\"EntryPoint\",\"urlTemplate\":\"https:\/\/www.bymycar.fr\/webzine\/?s={search_term_string}\"},\"query-input\":{\"@type\":\"PropertyValueSpecification\",\"valueRequired\":true,\"valueName\":\"search_term_string\"}}],\"inLanguage\":\"fr-FR\"},{\"@type\":\"Organization\",\"@id\":\"https:\/\/www.bymycar.fr\/webzine\/#organization\",\"name\":\"BYmyCAR\",\"url\":\"https:\/\/www.bymycar.fr\/webzine\/\",\"logo\":{\"@type\":\"ImageObject\",\"inLanguage\":\"fr-FR\",\"@id\":\"https:\/\/www.bymycar.fr\/webzine\/#\/schema\/logo\/image\/\",\"url\":\"https:\/\/cdn.bymycar.eu\/fr-webzine\/wp-content\/uploads\/medias\/2017\/08\/logo_DEALER_00000406_001.png\",\"contentUrl\":\"https:\/\/cdn.bymycar.eu\/fr-webzine\/wp-content\/uploads\/medias\/2017\/08\/logo_DEALER_00000406_001.png\",\"width\":2132,\"height\":720,\"caption\":\"BYmyCAR\"},\"image\":{\"@id\":\"https:\/\/www.bymycar.fr\/webzine\/#\/schema\/logo\/image\/\"}},{\"@type\":\"Person\",\"@id\":\"https:\/\/www.bymycar.fr\/webzine\/#\/schema\/person\/4ed88f8367b5c84eb602f2a5bf0f0360\",\"name\":\"Chlo\u00e9 Leroy\",\"image\":{\"@type\":\"ImageObject\",\"inLanguage\":\"fr-FR\",\"@id\":\"https:\/\/www.bymycar.fr\/webzine\/#\/schema\/person\/image\/\",\"url\":\"https:\/\/secure.gravatar.com\/avatar\/2529ae1a7a3af2ca19cbf133067adef44fe76b3a707e749516fc31658ccbb065?s=96&d=mm&r=g\",\"contentUrl\":\"https:\/\/secure.gravatar.com\/avatar\/2529ae1a7a3af2ca19cbf133067adef44fe76b3a707e749516fc31658ccbb065?s=96&d=mm&r=g\",\"caption\":\"Chlo\u00e9 Leroy\"}}]}<\/script>\n<!-- \/ Yoast SEO Premium plugin. -->","yoast_head_json":{"title":"BYD Sealion 7, bient\u00f4t disponible chez BYD BYmyCAR C\u00f4te d'Azur !","robots":{"index":"index","follow":"follow","max-snippet":"max-snippet:-1","max-image-preview":"max-image-preview:large","max-video-preview":"max-video-preview:-1"},"canonical":"https:\/\/www.bymycar.fr\/webzine\/byd-sealion-7-bientot-disponible-chez-byd-bymycar-cote-dazur\/","og_locale":"fr_FR","og_type":"article","og_title":"BYD Sealion 7, bient\u00f4t disponible chez BYD BYmyCAR C\u00f4te d'Azur !","og_url":"https:\/\/www.bymycar.fr\/webzine\/byd-sealion-7-bientot-disponible-chez-byd-bymycar-cote-dazur\/","og_site_name":"Webzine auto BYmyCAR","article_published_time":"2024-10-24T08:03:22+00:00","article_modified_time":"2024-10-24T08:03:23+00:00","og_image":[{"width":1024,"height":320,"url":"https:\/\/cdn.bymycar.eu\/fr-webzine\/wp-content\/uploads\/medias\/COUVERTURE-WEBZINE-1024x320.png","type":"image\/png"}],"author":"Chlo\u00e9 Leroy","twitter_card":"summary_large_image","twitter_misc":{"\u00c9crit par":"Chlo\u00e9 Leroy"},"schema":{"@context":"https:\/\/schema.org","@graph":[{"@type":"Article","@id":"https:\/\/www.bymycar.fr\/webzine\/byd-sealion-7-bientot-disponible-chez-byd-bymycar-cote-dazur\/#article","isPartOf":{"@id":"https:\/\/www.bymycar.fr\/webzine\/byd-sealion-7-bientot-disponible-chez-byd-bymycar-cote-dazur\/"},"author":{"name":"Chlo\u00e9 Leroy","@id":"https:\/\/www.bymycar.fr\/webzine\/#\/schema\/person\/4ed88f8367b5c84eb602f2a5bf0f0360"},"headline":"BYD Sealion 7, bient\u00f4t disponible chez BYD BYmyCAR C\u00f4te d&rsquo;Azur !","datePublished":"2024-10-24T08:03:22+00:00","dateModified":"2024-10-24T08:03:23+00:00","mainEntityOfPage":{"@id":"https:\/\/www.bymycar.fr\/webzine\/byd-sealion-7-bientot-disponible-chez-byd-bymycar-cote-dazur\/"},"wordCount":12,"publisher":{"@id":"https:\/\/www.bymycar.fr\/webzine\/#organization"},"image":{"@id":"https:\/\/www.bymycar.fr\/webzine\/byd-sealion-7-bientot-disponible-chez-byd-bymycar-cote-dazur\/#primaryimage"},"thumbnailUrl":"https:\/\/cdn.bymycar.eu\/fr-webzine\/wp-content\/uploads\/medias\/COUVERTURE-WEBZINE.png","keywords":["BYD","BYmyCAR","nouveaut\u00e9","Sealion"],"articleSection":["Electrique et hybride","Voiture \u00e9lectrique"],"inLanguage":"fr-FR"},{"@type":"WebPage","@id":"https:\/\/www.bymycar.fr\/webzine\/byd-sealion-7-bientot-disponible-chez-byd-bymycar-cote-dazur\/","url":"https:\/\/www.bymycar.fr\/webzine\/byd-sealion-7-bientot-disponible-chez-byd-bymycar-cote-dazur\/","name":"BYD Sealion 7, bient\u00f4t disponible chez BYD BYmyCAR C\u00f4te d'Azur !","isPartOf":{"@id":"https:\/\/www.bymycar.fr\/webzine\/#website"},"primaryImageOfPage":{"@id":"https:\/\/www.bymycar.fr\/webzine\/byd-sealion-7-bientot-disponible-chez-byd-bymycar-cote-dazur\/#primaryimage"},"image":{"@id":"https:\/\/www.bymycar.fr\/webzine\/byd-sealion-7-bientot-disponible-chez-byd-bymycar-cote-dazur\/#primaryimage"},"thumbnailUrl":"https:\/\/cdn.bymycar.eu\/fr-webzine\/wp-content\/uploads\/medias\/COUVERTURE-WEBZINE.png","datePublished":"2024-10-24T08:03:22+00:00","dateModified":"2024-10-24T08:03:23+00:00","breadcrumb":{"@id":"https:\/\/www.bymycar.fr\/webzine\/byd-sealion-7-bientot-disponible-chez-byd-bymycar-cote-dazur\/#breadcrumb"},"inLanguage":"fr-FR","potentialAction":[{"@type":"ReadAction","target":["https:\/\/www.bymycar.fr\/webzine\/byd-sealion-7-bientot-disponible-chez-byd-bymycar-cote-dazur\/"]}]},{"@type":"ImageObject","inLanguage":"fr-FR","@id":"https:\/\/www.bymycar.fr\/webzine\/byd-sealion-7-bientot-disponible-chez-byd-bymycar-cote-dazur\/#primaryimage","url":"https:\/\/cdn.bymycar.eu\/fr-webzine\/wp-content\/uploads\/medias\/COUVERTURE-WEBZINE.png","contentUrl":"https:\/\/cdn.bymycar.eu\/fr-webzine\/wp-content\/uploads\/medias\/COUVERTURE-WEBZINE.png","width":8000,"height":2500},{"@type":"BreadcrumbList","@id":"https:\/\/www.bymycar.fr\/webzine\/byd-sealion-7-bientot-disponible-chez-byd-bymycar-cote-dazur\/#breadcrumb","itemListElement":[{"@type":"ListItem","position":1,"name":"Accueil","item":"https:\/\/www.bymycar.fr\/webzine\/"},{"@type":"ListItem","position":2,"name":"BYD Sealion 7, bient\u00f4t disponible chez BYD BYmyCAR C\u00f4te d&rsquo;Azur !"}]},{"@type":"WebSite","@id":"https:\/\/www.bymycar.fr\/webzine\/#website","url":"https:\/\/www.bymycar.fr\/webzine\/","name":"Webzine auto BYmyCAR","description":"La magazine auto de BYmyCAR","publisher":{"@id":"https:\/\/www.bymycar.fr\/webzine\/#organization"},"potentialAction":[{"@type":"SearchAction","target":{"@type":"EntryPoint","urlTemplate":"https:\/\/www.bymycar.fr\/webzine\/?s={search_term_string}"},"query-input":{"@type":"PropertyValueSpecification","valueRequired":true,"valueName":"search_term_string"}}],"inLanguage":"fr-FR"},{"@type":"Organization","@id":"https:\/\/www.bymycar.fr\/webzine\/#organization","name":"BYmyCAR","url":"https:\/\/www.bymycar.fr\/webzine\/","logo":{"@type":"ImageObject","inLanguage":"fr-FR","@id":"https:\/\/www.bymycar.fr\/webzine\/#\/schema\/logo\/image\/","url":"https:\/\/cdn.bymycar.eu\/fr-webzine\/wp-content\/uploads\/medias\/2017\/08\/logo_DEALER_00000406_001.png","contentUrl":"https:\/\/cdn.bymycar.eu\/fr-webzine\/wp-content\/uploads\/medias\/2017\/08\/logo_DEALER_00000406_001.png","width":2132,"height":720,"caption":"BYmyCAR"},"image":{"@id":"https:\/\/www.bymycar.fr\/webzine\/#\/schema\/logo\/image\/"}},{"@type":"Person","@id":"https:\/\/www.bymycar.fr\/webzine\/#\/schema\/person\/4ed88f8367b5c84eb602f2a5bf0f0360","name":"Chlo\u00e9 Leroy","image":{"@type":"ImageObject","inLanguage":"fr-FR","@id":"https:\/\/www.bymycar.fr\/webzine\/#\/schema\/person\/image\/","url":"https:\/\/secure.gravatar.com\/avatar\/2529ae1a7a3af2ca19cbf133067adef44fe76b3a707e749516fc31658ccbb065?s=96&d=mm&r=g","contentUrl":"https:\/\/secure.gravatar.com\/avatar\/2529ae1a7a3af2ca19cbf133067adef44fe76b3a707e749516fc31658ccbb065?s=96&d=mm&r=g","caption":"Chlo\u00e9 Leroy"}}]}},"_links":{"self":[{"href":"https:\/\/www.bymycar.fr\/webzine\/wp-json\/wp\/v2\/posts\/56561","targetHints":{"allow":["GET"]}}],"collection":[{"href":"https:\/\/www.bymycar.fr\/webzine\/wp-json\/wp\/v2\/posts"}],"about":[{"href":"https:\/\/www.bymycar.fr\/webzine\/wp-json\/wp\/v2\/types\/post"}],"author":[{"embeddable":true,"href":"https:\/\/www.bymycar.fr\/webzine\/wp-json\/wp\/v2\/users\/62"}],"replies":[{"embeddable":true,"href":"https:\/\/www.bymycar.fr\/webzine\/wp-json\/wp\/v2\/comments?post=56561"}],"version-history":[{"count":7,"href":"https:\/\/www.bymycar.fr\/webzine\/wp-json\/wp\/v2\/posts\/56561\/revisions"}],"predecessor-version":[{"id":56573,"href":"https:\/\/www.bymycar.fr\/webzine\/wp-json\/wp\/v2\/posts\/56561\/revisions\/56573"}],"wp:featuredmedia":[{"embeddable":true,"href":"https:\/\/www.bymycar.fr\/webzine\/wp-json\/wp\/v2\/media\/56565"}],"wp:attachment":[{"href":"https:\/\/www.bymycar.fr\/webzine\/wp-json\/wp\/v2\/media?parent=56561"}],"wp:term":[{"taxonomy":"category","embeddable":true,"href":"https:\/\/www.bymycar.fr\/webzine\/wp-json\/wp\/v2\/categories?post=56561"},{"taxonomy":"post_tag","embeddable":true,"href":"https:\/\/www.bymycar.fr\/webzine\/wp-json\/wp\/v2\/tags?post=56561"}],"curies":[{"name":"wp","href":"https:\/\/api.w.org\/{rel}","templated":true}]}}