{"id":565,"date":"2017-10-09T11:15:00","date_gmt":"2017-10-09T09:15:00","guid":{"rendered":"http:\/\/prod.bymycar.fr\/webzine\/?p=565"},"modified":"2025-07-01T10:35:43","modified_gmt":"2025-07-01T08:35:43","slug":"grandes-dates-de-lhistoire-evolution-de-voiture","status":"publish","type":"post","link":"https:\/\/www.bymycar.fr\/webzine\/grandes-dates-de-lhistoire-evolution-de-voiture\/","title":{"rendered":"Les grandes dates de l&rsquo;histoire de l&rsquo;\u00e9volution de la voiture"},"content":{"rendered":"","protected":false},"excerpt":{"rendered":"","protected":false},"author":1,"featured_media":919,"comment_status":"closed","ping_status":"closed","sticky":false,"template":"","format":"standard","meta":{"_acf_changed":false,"footnotes":""},"categories":[12],"tags":[],"class_list":["post-565","post","type-post","status-publish","format-standard","has-post-thumbnail","hentry","category-nos-marques"],"acf":{"introduction":"<p>Sur plus de 300 ans, revenons sur l&rsquo;\u00e9volution de la voiture \u00e0 travers le temps. Retrouvez les grandes dates de l\u2019histoire automobile.<\/p>\n","strates":[{"type_strate":"texte-simple","ancre":"","contenu":"<h2>L&rsquo;histoire de la voiture, \u00e7a ne date pas d\u2019hier !<\/h2>\n<p>Depuis le XVIIe si\u00e8cle, l&rsquo;automobile n&rsquo;a eu de cesse d&rsquo;\u00e9voluer pour s&rsquo;adapter \u00e0 nos modes de vie. <strong>\u00c0 travers les grandes dates de l\u2019histoire de l\u2019automobile, retra\u00e7ons ensemble l&rsquo;\u00e9volution de la voiture dans le temps<\/strong>. Un article digne de <i>Retour vers le futur<\/i> !<\/p>\n","titre":"","image":false,"image_libre":false,"image_800x500":false,"legende":"","zoom":false,"texte":"","articles":false,"categorie_droite":false,"images":false,"elements_comparatif":false,"texte_1":"","texte_2":"","image_1":false,"image_1_563x400":false,"image_1_332x332":false,"image_2":false,"image_2_333x240":false,"image_2_563x400":false,"image_3":false,"image_3_333x240":false,"image_3_332x450":false,"image_4":false,"image_4_332x332":false,"image_4_563x400":false,"code_embed":"","legende_video":"","photo":false,"photo_100x100":false,"nom":"","fonction":"","elements_timeline":[{"date":"1968","image":false,"image_460x288":false,"titre":"Un \u00e9trange cousin voit le jour","texte":"Le math\u00e9maticien Ferdinand Verbiest invente une \u00e9trange machine, \u00e9quip\u00e9e d'une bouilloire et d'un four, qui marque <strong>les pr\u00e9mices de l'automobile<\/strong>. Il s\u2019agit alors davantage d\u2019un jouet que d\u2019un v\u00e9ritable moyen de locomotion."},{"date":"1769","image":false,"image_460x288":false,"titre":"Le v\u00e9ritable anc\u00eatre de la voiture est invent\u00e9","texte":"Baptis\u00e9e le <strong>fardier \u00e0 vapeur, l'invention de Joseph Cugnot est le v\u00e9ritable anc\u00eatre de la voiture<\/strong>. Son v\u00e9hicule, propuls\u00e9 gr\u00e2ce \u00e0 une chaudi\u00e8re \u00e0 vapeur, atteint alors 4km\/h.<br \/>\r\n"},{"date":"1860","image":false,"image_460x288":false,"titre":"Invention du premier moteur \u00e0 combustion","texte":"<strong>Les voitures \u00e0 vapeur posent plusieurs probl\u00e8mes \u00e0 l'\u00e9poque<\/strong> : leur fonctionnement est trop rigide et elles sont limit\u00e9es dans leur d\u00e9veloppement par certaines lois (en Angleterre, elles ne doivent pas d\u00e9passer 10 km\/h). Etienne Lenoir brev\u00e8te alors une nouvelle technologie : <strong>le moteur \u00e0 combustion<\/strong>"},{"date":"1873","image":false,"image_460x288":false,"titre":"L'Ob\u00e9issante atteint 40 km\/h","texte":"Am\u00e9d\u00e9e Boll\u00e9e invente <strong>L'Ob\u00e9issante, la premi\u00e8re voiture de 12 places capable d'atteindre une vitesse de 40 km\/h<\/strong>. Les ann\u00e9es suivantes, l'ing\u00e9nieur commercialisera La Mancelle et La Rapide notamment.<br \/>\r\n"},{"date":"1884","image":false,"image_460x288":false,"titre":"Le p\u00e9trole est utilis\u00e9 comme combustible","texte":"Bien que le premier forage de p\u00e9trole soit r\u00e9alis\u00e9 en 1850, il faudra attendre 1884 pour qu\u2019il soit utilis\u00e9 comme combustible. C'est \u00c9douard Delamare-Deboutteville qui invente cette <strong>automobile roulant au p\u00e9trole<\/strong> gr\u00e2ce \u00e0 un moteur \u00e0 combustion \u00e0 4 temps.<br \/>\r\n"},{"date":"1888","image":false,"image_460x288":false,"titre":"Les pneus font (enfin) leur apparition","texte":"Les routes n'ayant pas encore de rev\u00eatement, les roues sont soumises \u00e0 rudes \u00e9preuves. Pour rem\u00e9dier \u00e0 cela, <strong>John Boyd Dunlop invente le premier pneumatique automobile<\/strong>"},{"date":"1894","image":false,"image_460x288":false,"titre":"Paris-Rouen, une premi\u00e8re !","texte":"Bien qu\u2019elle soit toujours r\u00e9serv\u00e9e \u00e0 une \u00e9lite, la voiture devient un r\u00eave pour tous. En 1894, <strong>un concours reliant Paris \u00e0 Rouen est organis\u00e9<\/strong> et attire de nombreux spectateurs. Aujourd'hui, on consid\u00e8re qu'il s'agit de <strong>la premi\u00e8re comp\u00e9tition automobile de l'histoire<\/strong>.<br \/>\r\n"},{"date":"1901","image":false,"image_460x288":false,"titre":"La pompe \u00e0 essence r\u00e9sout un probl\u00e8me de taille","texte":"Le <strong>brevet de la premi\u00e8re pompe \u00e0 essence est d\u00e9pos\u00e9 en 1901<\/strong>. Avant cela, le combustible est conserv\u00e9 tant bien que mal et les risques d'explosion sont nombreux. John Tokheim r\u00e9sout ce probl\u00e8me avec la pompe \u00e0 essence et permet m\u00eame de conna\u00eetre avec pr\u00e9cision la quantit\u00e9 d'essence prise par les automobilistes.<br \/>\r\n"},{"date":"1908","image":{"ID":918,"id":918,"title":"Voiture Ford T de 1921","filename":"ford-T-e1499256844290.jpg","filesize":0,"url":"https:\/\/www.bymycar.fr\/webzine\/wp-content\/uploads\/2017\/06\/ford-T-e1499256844290.jpg","link":"https:\/\/www.bymycar.fr\/webzine\/grandes-dates-de-lhistoire-evolution-de-voiture\/ford-model-t-from-1921-parked-in-the-town-square\/","alt":"vue de face d'une voiture Ford T","author":"1","description":"vue de face d'une voiture Ford T","caption":"","name":"ford-model-t-from-1921-parked-in-the-town-square","status":"inherit","uploaded_to":565,"date":"2017-07-05 08:30:00","modified":"2017-07-05 08:47:45","menu_order":0,"mime_type":"image\/jpeg","type":"image","subtype":"jpeg","icon":"https:\/\/www.bymycar.fr\/webzine\/wp-includes\/images\/media\/default.png","width":3000,"height":2000,"sizes":{"thumbnail":"https:\/\/www.bymycar.fr\/webzine\/wp-content\/uploads\/2017\/06\/ford-T-e1499256844290-150x150.jpg","thumbnail-width":150,"thumbnail-height":150,"medium":"https:\/\/www.bymycar.fr\/webzine\/wp-content\/uploads\/2017\/06\/ford-T-e1499256844290-300x200.jpg","medium-width":300,"medium-height":200,"medium_large":"https:\/\/www.bymycar.fr\/webzine\/wp-content\/uploads\/2017\/06\/ford-T-e1499256844290-768x512.jpg","medium_large-width":768,"medium_large-height":512,"large":"https:\/\/www.bymycar.fr\/webzine\/wp-content\/uploads\/2017\/06\/ford-T-e1499256844290-1024x683.jpg","large-width":1024,"large-height":683,"1536x1536":"https:\/\/www.bymycar.fr\/webzine\/wp-content\/uploads\/2017\/06\/ford-T-e1499256844290.jpg","1536x1536-width":1536,"1536x1536-height":1024,"2048x2048":"https:\/\/www.bymycar.fr\/webzine\/wp-content\/uploads\/2017\/06\/ford-T-e1499256844290.jpg","2048x2048-width":2048,"2048x2048-height":1365}},"image_460x288":false,"titre":"La voiture pour tout le monde","texte":"En industrialisant la production de la Ford T, <strong>Henry Ford invente la premi\u00e8re automobile accessible au plus grand nombre<\/strong>. Progressivement, la voiture ne deviendra plus seulement un objet de luxe.<br \/>\r\n"},{"date":"1919","image":false,"image_460x288":false,"titre":"La production en s\u00e9rie d\u00e9barque en France","texte":"S'inspirant du Fordisme, Citro\u00ebn introduit la production \u00e0 grande \u00e9chelle dans l'Hexagone \u00e0 travers la <strong>Citro\u00ebn Type A<\/strong>, et ce, pour r\u00e9pondre \u00e0 la demande grandissante des particuliers.<br \/>\r\n"},{"date":"1922","image":{"ID":920,"id":920,"title":"permis de conduire francais","filename":"permis-conduire-e1499256796503.jpg","filesize":0,"url":"https:\/\/www.bymycar.fr\/webzine\/wp-content\/uploads\/2017\/06\/permis-conduire-e1499256796503.jpg","link":"https:\/\/www.bymycar.fr\/webzine\/grandes-dates-de-lhistoire-evolution-de-voiture\/french-driving-license-in-the-rear-pocket-of-blue-jeans-driving-licence-test-concept\/","alt":"permis de conduire francais","author":"1","description":"permis de conduire fran\u00e7ais dans une poche en jean","caption":"","name":"french-driving-license-in-the-rear-pocket-of-blue-jeans-driving-licence-test-concept","status":"inherit","uploaded_to":565,"date":"2017-07-05 08:31:25","modified":"2018-02-02 08:33:19","menu_order":0,"mime_type":"image\/jpeg","type":"image","subtype":"jpeg","icon":"https:\/\/www.bymycar.fr\/webzine\/wp-includes\/images\/media\/default.png","width":3000,"height":2003,"sizes":{"thumbnail":"https:\/\/www.bymycar.fr\/webzine\/wp-content\/uploads\/2017\/06\/permis-conduire-e1499256796503-150x150.jpg","thumbnail-width":150,"thumbnail-height":150,"medium":"https:\/\/www.bymycar.fr\/webzine\/wp-content\/uploads\/2017\/06\/permis-conduire-e1499256796503-300x200.jpg","medium-width":300,"medium-height":200,"medium_large":"https:\/\/www.bymycar.fr\/webzine\/wp-content\/uploads\/2017\/06\/permis-conduire-e1499256796503-768x513.jpg","medium_large-width":768,"medium_large-height":513,"large":"https:\/\/www.bymycar.fr\/webzine\/wp-content\/uploads\/2017\/06\/permis-conduire-e1499256796503-1024x684.jpg","large-width":1024,"large-height":684,"1536x1536":"https:\/\/www.bymycar.fr\/webzine\/wp-content\/uploads\/2017\/06\/permis-conduire-e1499256796503.jpg","1536x1536-width":1536,"1536x1536-height":1026,"2048x2048":"https:\/\/www.bymycar.fr\/webzine\/wp-content\/uploads\/2017\/06\/permis-conduire-e1499256796503.jpg","2048x2048-width":2048,"2048x2048-height":1367}},"image_460x288":false,"titre":"La route devient plus s\u00fbre","texte":"Alors que les r\u00e8gles et la signalisation sont marginales, <strong>le permis de conduire est invent\u00e9 afin de rem\u00e9dier aux dangers de la route<\/strong>.<br \/>\r\n"},{"date":"1945","image":false,"image_460x288":false,"titre":"La production explose","texte":"Durant 30 ann\u00e9es, les pays d\u00e9velopp\u00e9s vont conna\u00eetre une importante croissance \u00e9conomique. Cette augmentation du pouvoir d'achat va entra\u00eener une <strong>d\u00e9mocratisation de la voiture<\/strong>."},{"date":"70","image":{"ID":923,"id":923,"title":"Tableau de bord d'une voiture vintage","filename":"tableau-de-bord-70.jpg","filesize":0,"url":"https:\/\/www.bymycar.fr\/webzine\/wp-content\/uploads\/2017\/06\/tableau-de-bord-70.jpg","link":"https:\/\/www.bymycar.fr\/webzine\/grandes-dates-de-lhistoire-evolution-de-voiture\/vintage-car-interior-dashboard\/","alt":"Tableau de bord d'une voiture vintage","author":"1","description":"Tableau de bord d'une voiture vintage","caption":"","name":"vintage-car-interior-dashboard","status":"inherit","uploaded_to":565,"date":"2017-07-05 08:44:39","modified":"2017-07-05 08:48:31","menu_order":0,"mime_type":"image\/jpeg","type":"image","subtype":"jpeg","icon":"https:\/\/www.bymycar.fr\/webzine\/wp-includes\/images\/media\/default.png","width":5616,"height":3744,"sizes":{"thumbnail":"https:\/\/www.bymycar.fr\/webzine\/wp-content\/uploads\/2017\/06\/tableau-de-bord-70-150x150.jpg","thumbnail-width":150,"thumbnail-height":150,"medium":"https:\/\/www.bymycar.fr\/webzine\/wp-content\/uploads\/2017\/06\/tableau-de-bord-70-300x200.jpg","medium-width":300,"medium-height":200,"medium_large":"https:\/\/www.bymycar.fr\/webzine\/wp-content\/uploads\/2017\/06\/tableau-de-bord-70-768x512.jpg","medium_large-width":768,"medium_large-height":512,"large":"https:\/\/www.bymycar.fr\/webzine\/wp-content\/uploads\/2017\/06\/tableau-de-bord-70-1024x683.jpg","large-width":1024,"large-height":683,"1536x1536":"https:\/\/www.bymycar.fr\/webzine\/wp-content\/uploads\/2017\/06\/tableau-de-bord-70.jpg","1536x1536-width":1536,"1536x1536-height":1024,"2048x2048":"https:\/\/www.bymycar.fr\/webzine\/wp-content\/uploads\/2017\/06\/tableau-de-bord-70.jpg","2048x2048-width":2048,"2048x2048-height":1365}},"image_460x288":false,"titre":"C'est le choc !","texte":"\u00c0 partir de la fin des ann\u00e9es 1970, <strong>le march\u00e9 automobile n\u2019est pas au mieux, notamment \u00e0 cause des diff\u00e9rents chocs p\u00e9troliers<\/strong>. Pour se d\u00e9marquer en ces temps de crise, les constructeurs commencent \u00e0 se concentrer sur les \u00ab technologies de service \u00bb.<br \/>\r\n"},{"date":"1990","image":false,"image_460x288":false,"titre":"Vous pouvez ranger vos cartes","texte":"<strong>Le premier GPS embarqu\u00e9 est invent\u00e9<\/strong> afin de r\u00e9pondre aux attentes des automobilistes.<br \/>\r\n"},{"date":"2010","image":{"ID":921,"id":921,"title":"man connecting phone to the car media system","filename":"smartphone-en-voiture-e1499256780611.jpg","filesize":0,"url":"https:\/\/www.bymycar.fr\/webzine\/wp-content\/uploads\/2017\/06\/smartphone-en-voiture-e1499256780611.jpg","link":"https:\/\/www.bymycar.fr\/webzine\/grandes-dates-de-lhistoire-evolution-de-voiture\/man-connecting-phone-to-the-car-media-system\/","alt":"","author":"1","description":"","caption":"man connecting phone with auto play to the car media system","name":"man-connecting-phone-to-the-car-media-system","status":"inherit","uploaded_to":565,"date":"2017-07-05 08:32:13","modified":"2017-07-05 08:49:00","menu_order":0,"mime_type":"image\/jpeg","type":"image","subtype":"jpeg","icon":"https:\/\/www.bymycar.fr\/webzine\/wp-includes\/images\/media\/default.png","width":4000,"height":2667,"sizes":{"thumbnail":"https:\/\/www.bymycar.fr\/webzine\/wp-content\/uploads\/2017\/06\/smartphone-en-voiture-e1499256780611-150x150.jpg","thumbnail-width":150,"thumbnail-height":150,"medium":"https:\/\/www.bymycar.fr\/webzine\/wp-content\/uploads\/2017\/06\/smartphone-en-voiture-e1499256780611-300x200.jpg","medium-width":300,"medium-height":200,"medium_large":"https:\/\/www.bymycar.fr\/webzine\/wp-content\/uploads\/2017\/06\/smartphone-en-voiture-e1499256780611-768x512.jpg","medium_large-width":768,"medium_large-height":512,"large":"https:\/\/www.bymycar.fr\/webzine\/wp-content\/uploads\/2017\/06\/smartphone-en-voiture-e1499256780611-1024x683.jpg","large-width":1024,"large-height":683,"1536x1536":"https:\/\/www.bymycar.fr\/webzine\/wp-content\/uploads\/2017\/06\/smartphone-en-voiture-e1499256780611.jpg","1536x1536-width":1536,"1536x1536-height":1024,"2048x2048":"https:\/\/www.bymycar.fr\/webzine\/wp-content\/uploads\/2017\/06\/smartphone-en-voiture-e1499256780611.jpg","2048x2048-width":2048,"2048x2048-height":1366}},"image_460x288":false,"titre":"L\u2019usage de la voiture se digitalise","texte":"Avec <strong>l\u2019\u00e9mergence des applications et Smartphone dans les ann\u00e9es 2010, l'usage de la voiture se digitalise<\/strong>. Les VTC connect\u00e9s commencent \u00e0 faire de l'ombre aux taxis traditionnels, le co-voiturage s'intensifie et l'auto-partage devient une nouvelle mode. Conducteurs et passagers n\u2019ont jamais \u00e9t\u00e9 aussi proches.<br \/>\r\n"},{"date":"2015","image":{"ID":925,"id":925,"title":"voiture \u00e9lectrique","filename":"voiture-electrique-e1499256646222.jpg","filesize":0,"url":"https:\/\/www.bymycar.fr\/webzine\/wp-content\/uploads\/2017\/06\/voiture-electrique-e1499256646222.jpg","link":"https:\/\/www.bymycar.fr\/webzine\/grandes-dates-de-lhistoire-evolution-de-voiture\/electric-car-in-charging\/","alt":"voiture \u00e9lectrique en charge dans la rue","author":"1","description":"voiture \u00e9lectrique en charge dans la rue","caption":"","name":"electric-car-in-charging","status":"inherit","uploaded_to":565,"date":"2017-07-05 08:45:36","modified":"2017-07-05 08:48:53","menu_order":0,"mime_type":"image\/jpeg","type":"image","subtype":"jpeg","icon":"https:\/\/www.bymycar.fr\/webzine\/wp-includes\/images\/media\/default.png","width":3000,"height":1996,"sizes":{"thumbnail":"https:\/\/www.bymycar.fr\/webzine\/wp-content\/uploads\/2017\/06\/voiture-electrique-e1499256646222-150x150.jpg","thumbnail-width":150,"thumbnail-height":150,"medium":"https:\/\/www.bymycar.fr\/webzine\/wp-content\/uploads\/2017\/06\/voiture-electrique-e1499256646222-300x200.jpg","medium-width":300,"medium-height":200,"medium_large":"https:\/\/www.bymycar.fr\/webzine\/wp-content\/uploads\/2017\/06\/voiture-electrique-e1499256646222-768x511.jpg","medium_large-width":768,"medium_large-height":511,"large":"https:\/\/www.bymycar.fr\/webzine\/wp-content\/uploads\/2017\/06\/voiture-electrique-e1499256646222-1024x681.jpg","large-width":1024,"large-height":681,"1536x1536":"https:\/\/www.bymycar.fr\/webzine\/wp-content\/uploads\/2017\/06\/voiture-electrique-e1499256646222.jpg","1536x1536-width":1536,"1536x1536-height":1022,"2048x2048":"https:\/\/www.bymycar.fr\/webzine\/wp-content\/uploads\/2017\/06\/voiture-electrique-e1499256646222.jpg","2048x2048-width":2048,"2048x2048-height":1363}},"image_460x288":false,"titre":"La voiture se met au vert","texte":"Les pr\u00e9occupations environnementales ne cessant de grandir, les constructeurs d\u00e9cident de se pencher pleinement sur la question \u00e9cologique. On voit alors fleurir <strong>des v\u00e9hicules hybrides et m\u00eames 100% \u00e9lectriques<\/strong>.<br \/>\r\n"},{"date":"2020","image":{"ID":924,"id":924,"title":"voiture autonome","filename":"voiture-autonome-e1499256661943-scaled.jpg","filesize":0,"url":"https:\/\/www.bymycar.fr\/webzine\/wp-content\/uploads\/2017\/06\/voiture-autonome-e1499256661943-scaled.jpg","link":"https:\/\/www.bymycar.fr\/webzine\/grandes-dates-de-lhistoire-evolution-de-voiture\/cockpit-of-autonomous-car-a-vehicle-running-self-driving-mode-and-a-woman-driver-reading-book\/","alt":"voiture autonome, mod\u00e9lisation d'une voiture du futur","author":"1","description":"voiture autonome, mod\u00e9lisation d'une voiture du futur","caption":"cockpit of autonomous car. a vehicle running self driving mode and a woman driver reading book.","name":"cockpit-of-autonomous-car-a-vehicle-running-self-driving-mode-and-a-woman-driver-reading-book","status":"inherit","uploaded_to":565,"date":"2017-07-05 08:44:56","modified":"2017-07-05 08:49:08","menu_order":0,"mime_type":"image\/jpeg","type":"image","subtype":"jpeg","icon":"https:\/\/www.bymycar.fr\/webzine\/wp-includes\/images\/media\/default.png","width":2560,"height":1707,"sizes":{"thumbnail":"https:\/\/www.bymycar.fr\/webzine\/wp-content\/uploads\/2017\/06\/voiture-autonome-e1499256661943-150x150.jpg","thumbnail-width":150,"thumbnail-height":150,"medium":"https:\/\/www.bymycar.fr\/webzine\/wp-content\/uploads\/2017\/06\/voiture-autonome-e1499256661943-300x200.jpg","medium-width":300,"medium-height":200,"medium_large":"https:\/\/www.bymycar.fr\/webzine\/wp-content\/uploads\/2017\/06\/voiture-autonome-e1499256661943-768x512.jpg","medium_large-width":768,"medium_large-height":512,"large":"https:\/\/www.bymycar.fr\/webzine\/wp-content\/uploads\/2017\/06\/voiture-autonome-e1499256661943-1024x683.jpg","large-width":1024,"large-height":683,"1536x1536":"https:\/\/www.bymycar.fr\/webzine\/wp-content\/uploads\/2017\/06\/voiture-autonome-e1499256661943-1536x1024.jpg","1536x1536-width":1536,"1536x1536-height":1024,"2048x2048":"https:\/\/www.bymycar.fr\/webzine\/wp-content\/uploads\/2017\/06\/voiture-autonome-e1499256661943-2048x1366.jpg","2048x2048-width":2048,"2048x2048-height":1366}},"image_460x288":false,"titre":"L\u2019autonomie comme objectif","texte":"En s\u2019appuyant sur la d\u00e9mocratisation des objets connect\u00e9s et des voitures intelligentes, les constructeurs visent \u00e0 <strong>commercialiser les premi\u00e8res voitures totalement autonomes d'ici 2020 \u00e0 2025<\/strong>."},{"date":"2030","image":{"ID":926,"id":926,"title":"Prototype d'une voiture volante","filename":"voiture-volance-prototype.jpg","filesize":0,"url":"https:\/\/www.bymycar.fr\/webzine\/wp-content\/uploads\/2017\/06\/voiture-volance-prototype.jpg","link":"https:\/\/www.bymycar.fr\/webzine\/grandes-dates-de-lhistoire-evolution-de-voiture\/demonstration-of-autonomous-electric-flying-car-3d-illustration\/","alt":"Prototype d'une voiture volante en illustration 3D","author":"1","description":"Prototype d'une voiture volante en illustration 3D","caption":"","name":"demonstration-of-autonomous-electric-flying-car-3d-illustration","status":"inherit","uploaded_to":565,"date":"2017-07-05 08:45:42","modified":"2017-07-05 08:49:14","menu_order":0,"mime_type":"image\/jpeg","type":"image","subtype":"jpeg","icon":"https:\/\/www.bymycar.fr\/webzine\/wp-includes\/images\/media\/default.png","width":3840,"height":2160,"sizes":{"thumbnail":"https:\/\/www.bymycar.fr\/webzine\/wp-content\/uploads\/2017\/06\/voiture-volance-prototype-150x150.jpg","thumbnail-width":150,"thumbnail-height":150,"medium":"https:\/\/www.bymycar.fr\/webzine\/wp-content\/uploads\/2017\/06\/voiture-volance-prototype-300x169.jpg","medium-width":300,"medium-height":169,"medium_large":"https:\/\/www.bymycar.fr\/webzine\/wp-content\/uploads\/2017\/06\/voiture-volance-prototype-768x432.jpg","medium_large-width":768,"medium_large-height":432,"large":"https:\/\/www.bymycar.fr\/webzine\/wp-content\/uploads\/2017\/06\/voiture-volance-prototype-1024x576.jpg","large-width":1024,"large-height":576,"1536x1536":"https:\/\/www.bymycar.fr\/webzine\/wp-content\/uploads\/2017\/06\/voiture-volance-prototype.jpg","1536x1536-width":1536,"1536x1536-height":864,"2048x2048":"https:\/\/www.bymycar.fr\/webzine\/wp-content\/uploads\/2017\/06\/voiture-volance-prototype.jpg","2048x2048-width":2048,"2048x2048-height":1152}},"image_460x288":false,"titre":"Et si la voiture devenait volante ?","texte":"En 2017, les premiers prototypes de voitures volantes ont commenc\u00e9 \u00e0 appara\u00eetre. <strong>Le v\u00e9hicule capable de se d\u00e9placer dans les airs, c\u2019est la principale piste de d\u00e9veloppement de l\u2019automobile d\u2019ici 2030<\/strong>. Toutefois, la voiture volante devrait largement rester minoritaire par rapport \u00e0 la voiture autonome.  "}],"entetes_colonnes":false,"entetes_lignes":false,"lignes":false,"introduction":"","formulaire":false,"question":"","reponse":"","libelle_bouton_lien":"","url_lien":"","questions":false,"conclusions":false,"pays":false,"region":false,"marque":false,"marqueConcessions":false,"modele":false,"ptvente":false,"typeV":false,"collection":false,"nombre_maximum_elements":10,"lien_fin_carousel":"","texte_lien_fin_carousel":"","trier_par":false},{"type_strate":"timeline","ancre":"","contenu":"<p>Retrouvez-nous sur le <a href=\"https:\/\/www.bymycar.fr\/actualites\">magazine auto ByMyCar<\/a> pour ne rien manquer de l\u2019actualit\u00e9 de vos marques pr\u00e9f\u00e9r\u00e9es.<\/p>\n","titre":"","image":false,"image_libre":false,"image_800x500":false,"legende":"","zoom":false,"texte":"","articles":false,"categorie_droite":false,"images":false,"elements_comparatif":false,"texte_1":"","texte_2":"","image_1":false,"image_1_563x400":false,"image_1_332x332":false,"image_2":false,"image_2_333x240":false,"image_2_563x400":false,"image_3":false,"image_3_333x240":false,"image_3_332x450":false,"image_4":false,"image_4_332x332":false,"image_4_563x400":false,"code_embed":"","legende_video":"","photo":false,"photo_100x100":false,"nom":"","fonction":"","elements_timeline":[{"date":"1768","image":false,"image_460x288":false,"titre":"Un \u00e9trange cousin voit le jour","texte":"Le math\u00e9maticien Ferdinand Verbiest invente une \u00e9trange machine, \u00e9quip\u00e9e d'une bouilloire et d'un four, qui marque <strong>les pr\u00e9mices de l'automobile<\/strong>. Il s\u2019agit alors davantage d\u2019un jouet que d\u2019un v\u00e9ritable moyen de locomotion."},{"date":"1769","image":false,"image_460x288":false,"titre":"Le v\u00e9ritable anc\u00eatre de la voiture est invent\u00e9","texte":"Baptis\u00e9e le <strong>fardier \u00e0 vapeur, l'invention de Joseph Cugnot est le v\u00e9ritable anc\u00eatre de la voiture<\/strong>. Son v\u00e9hicule, propuls\u00e9 gr\u00e2ce \u00e0 une chaudi\u00e8re \u00e0 vapeur, atteint alors 4km\/h.<br \/>\r\n"},{"date":"1860","image":false,"image_460x288":false,"titre":"Invention du premier moteur \u00e0 combustion","texte":"<strong>Les voitures \u00e0 vapeur posent plusieurs probl\u00e8mes \u00e0 l'\u00e9poque<\/strong> : leur fonctionnement est trop rigide et elles sont limit\u00e9es dans leur d\u00e9veloppement par certaines lois (en Angleterre, elles ne doivent pas d\u00e9passer 10 km\/h). Etienne Lenoir brev\u00e8te alors une nouvelle technologie : <strong>le moteur \u00e0 combustion<\/strong>"},{"date":"1873","image":false,"image_460x288":false,"titre":"L'Ob\u00e9issante atteint 40 km\/h","texte":"Am\u00e9d\u00e9e Boll\u00e9e invente <strong>L'Ob\u00e9issante, la premi\u00e8re voiture de 12 places capable d'atteindre une vitesse de 40 km\/h<\/strong>. Les ann\u00e9es suivantes, l'ing\u00e9nieur commercialisera La Mancelle et La Rapide notamment.<br \/>\r\n"},{"date":"1884","image":false,"image_460x288":false,"titre":"Le p\u00e9trole est utilis\u00e9 comme combustible","texte":"Bien que le premier forage de p\u00e9trole soit r\u00e9alis\u00e9 en 1850, il faudra attendre 1884 pour qu\u2019il soit utilis\u00e9 comme combustible. C'est \u00c9douard Delamare-Deboutteville qui invente cette <strong>automobile roulant au p\u00e9trole<\/strong> gr\u00e2ce \u00e0 un moteur \u00e0 combustion \u00e0 4 temps.<br \/>\r\n"},{"date":"1888","image":false,"image_460x288":false,"titre":"Les pneus font (enfin) leur apparition","texte":"Les routes n'ayant pas encore de rev\u00eatement, les roues sont soumises \u00e0 rudes \u00e9preuves. Pour rem\u00e9dier \u00e0 cela, <strong>John Boyd Dunlop invente le premier pneumatique automobile<\/strong>"},{"date":"1894","image":false,"image_460x288":false,"titre":"Paris-Rouen, une premi\u00e8re !","texte":"Bien qu\u2019elle soit toujours r\u00e9serv\u00e9e \u00e0 une \u00e9lite, la voiture devient un r\u00eave pour tous. En 1894, <strong>un concours reliant Paris \u00e0 Rouen est organis\u00e9<\/strong> et attire de nombreux spectateurs. Aujourd'hui, on consid\u00e8re qu'il s'agit de <strong>la premi\u00e8re comp\u00e9tition automobile de l'histoire<\/strong>.<br \/>\r\n"},{"date":"1901","image":false,"image_460x288":false,"titre":"La pompe \u00e0 essence r\u00e9sout un probl\u00e8me de taille","texte":"Le <strong>brevet de la premi\u00e8re pompe \u00e0 essence est d\u00e9pos\u00e9 en 1901<\/strong>. Avant cela, le combustible est conserv\u00e9 tant bien que mal et les risques d'explosion sont nombreux. John Tokheim r\u00e9sout ce probl\u00e8me avec la pompe \u00e0 essence et permet m\u00eame de conna\u00eetre avec pr\u00e9cision la quantit\u00e9 d'essence prise par les automobilistes.<br \/>\r\n"},{"date":"1908","image":{"ID":918,"id":918,"title":"Voiture Ford T de 1921","filename":"ford-T-e1499256844290.jpg","filesize":0,"url":"https:\/\/www.bymycar.fr\/webzine\/wp-content\/uploads\/2017\/06\/ford-T-e1499256844290.jpg","link":"https:\/\/www.bymycar.fr\/webzine\/grandes-dates-de-lhistoire-evolution-de-voiture\/ford-model-t-from-1921-parked-in-the-town-square\/","alt":"vue de face d'une voiture Ford T","author":"1","description":"vue de face d'une voiture Ford T","caption":"","name":"ford-model-t-from-1921-parked-in-the-town-square","status":"inherit","uploaded_to":565,"date":"2017-07-05 08:30:00","modified":"2017-07-05 08:47:45","menu_order":0,"mime_type":"image\/jpeg","type":"image","subtype":"jpeg","icon":"https:\/\/www.bymycar.fr\/webzine\/wp-includes\/images\/media\/default.png","width":3000,"height":2000,"sizes":{"thumbnail":"https:\/\/www.bymycar.fr\/webzine\/wp-content\/uploads\/2017\/06\/ford-T-e1499256844290-150x150.jpg","thumbnail-width":150,"thumbnail-height":150,"medium":"https:\/\/www.bymycar.fr\/webzine\/wp-content\/uploads\/2017\/06\/ford-T-e1499256844290-300x200.jpg","medium-width":300,"medium-height":200,"medium_large":"https:\/\/www.bymycar.fr\/webzine\/wp-content\/uploads\/2017\/06\/ford-T-e1499256844290-768x512.jpg","medium_large-width":768,"medium_large-height":512,"large":"https:\/\/www.bymycar.fr\/webzine\/wp-content\/uploads\/2017\/06\/ford-T-e1499256844290-1024x683.jpg","large-width":1024,"large-height":683,"1536x1536":"https:\/\/www.bymycar.fr\/webzine\/wp-content\/uploads\/2017\/06\/ford-T-e1499256844290.jpg","1536x1536-width":1536,"1536x1536-height":1024,"2048x2048":"https:\/\/www.bymycar.fr\/webzine\/wp-content\/uploads\/2017\/06\/ford-T-e1499256844290.jpg","2048x2048-width":2048,"2048x2048-height":1365}},"image_460x288":false,"titre":"La voiture pour tout le monde","texte":"En industrialisant la production de la Ford T, <strong>Henry Ford invente la premi\u00e8re automobile accessible au plus grand nombre<\/strong>. Progressivement, la voiture ne deviendra plus seulement un objet de luxe.<br \/>\r\n"},{"date":"1919","image":false,"image_460x288":false,"titre":"La production en s\u00e9rie d\u00e9barque en France","texte":"S'inspirant du Fordisme, Citro\u00ebn introduit la production \u00e0 grande \u00e9chelle dans l'Hexagone \u00e0 travers la <strong>Citro\u00ebn Type A<\/strong>, et ce, pour r\u00e9pondre \u00e0 la demande grandissante des particuliers.<br \/>\r\n"},{"date":"1922","image":{"ID":920,"id":920,"title":"permis de conduire francais","filename":"permis-conduire-e1499256796503.jpg","filesize":0,"url":"https:\/\/www.bymycar.fr\/webzine\/wp-content\/uploads\/2017\/06\/permis-conduire-e1499256796503.jpg","link":"https:\/\/www.bymycar.fr\/webzine\/grandes-dates-de-lhistoire-evolution-de-voiture\/french-driving-license-in-the-rear-pocket-of-blue-jeans-driving-licence-test-concept\/","alt":"permis de conduire francais","author":"1","description":"permis de conduire fran\u00e7ais dans une poche en jean","caption":"","name":"french-driving-license-in-the-rear-pocket-of-blue-jeans-driving-licence-test-concept","status":"inherit","uploaded_to":565,"date":"2017-07-05 08:31:25","modified":"2018-02-02 08:33:19","menu_order":0,"mime_type":"image\/jpeg","type":"image","subtype":"jpeg","icon":"https:\/\/www.bymycar.fr\/webzine\/wp-includes\/images\/media\/default.png","width":3000,"height":2003,"sizes":{"thumbnail":"https:\/\/www.bymycar.fr\/webzine\/wp-content\/uploads\/2017\/06\/permis-conduire-e1499256796503-150x150.jpg","thumbnail-width":150,"thumbnail-height":150,"medium":"https:\/\/www.bymycar.fr\/webzine\/wp-content\/uploads\/2017\/06\/permis-conduire-e1499256796503-300x200.jpg","medium-width":300,"medium-height":200,"medium_large":"https:\/\/www.bymycar.fr\/webzine\/wp-content\/uploads\/2017\/06\/permis-conduire-e1499256796503-768x513.jpg","medium_large-width":768,"medium_large-height":513,"large":"https:\/\/www.bymycar.fr\/webzine\/wp-content\/uploads\/2017\/06\/permis-conduire-e1499256796503-1024x684.jpg","large-width":1024,"large-height":684,"1536x1536":"https:\/\/www.bymycar.fr\/webzine\/wp-content\/uploads\/2017\/06\/permis-conduire-e1499256796503.jpg","1536x1536-width":1536,"1536x1536-height":1026,"2048x2048":"https:\/\/www.bymycar.fr\/webzine\/wp-content\/uploads\/2017\/06\/permis-conduire-e1499256796503.jpg","2048x2048-width":2048,"2048x2048-height":1367}},"image_460x288":false,"titre":"La route devient plus s\u00fbre","texte":"Alors que les r\u00e8gles et la signalisation sont marginales, <strong>le permis de conduire est invent\u00e9 afin de rem\u00e9dier aux dangers de la route<\/strong>.<br \/>\r\n"},{"date":"1945","image":false,"image_460x288":false,"titre":"La production explose","texte":"Durant 30 ann\u00e9es, les pays d\u00e9velopp\u00e9s vont conna\u00eetre une importante croissance \u00e9conomique. Cette augmentation du pouvoir d'achat va entra\u00eener une <strong>d\u00e9mocratisation de la voiture<\/strong>."},{"date":"70","image":{"ID":923,"id":923,"title":"Tableau de bord d'une voiture vintage","filename":"tableau-de-bord-70.jpg","filesize":0,"url":"https:\/\/www.bymycar.fr\/webzine\/wp-content\/uploads\/2017\/06\/tableau-de-bord-70.jpg","link":"https:\/\/www.bymycar.fr\/webzine\/grandes-dates-de-lhistoire-evolution-de-voiture\/vintage-car-interior-dashboard\/","alt":"Tableau de bord d'une voiture vintage","author":"1","description":"Tableau de bord d'une voiture vintage","caption":"","name":"vintage-car-interior-dashboard","status":"inherit","uploaded_to":565,"date":"2017-07-05 08:44:39","modified":"2017-07-05 08:48:31","menu_order":0,"mime_type":"image\/jpeg","type":"image","subtype":"jpeg","icon":"https:\/\/www.bymycar.fr\/webzine\/wp-includes\/images\/media\/default.png","width":5616,"height":3744,"sizes":{"thumbnail":"https:\/\/www.bymycar.fr\/webzine\/wp-content\/uploads\/2017\/06\/tableau-de-bord-70-150x150.jpg","thumbnail-width":150,"thumbnail-height":150,"medium":"https:\/\/www.bymycar.fr\/webzine\/wp-content\/uploads\/2017\/06\/tableau-de-bord-70-300x200.jpg","medium-width":300,"medium-height":200,"medium_large":"https:\/\/www.bymycar.fr\/webzine\/wp-content\/uploads\/2017\/06\/tableau-de-bord-70-768x512.jpg","medium_large-width":768,"medium_large-height":512,"large":"https:\/\/www.bymycar.fr\/webzine\/wp-content\/uploads\/2017\/06\/tableau-de-bord-70-1024x683.jpg","large-width":1024,"large-height":683,"1536x1536":"https:\/\/www.bymycar.fr\/webzine\/wp-content\/uploads\/2017\/06\/tableau-de-bord-70.jpg","1536x1536-width":1536,"1536x1536-height":1024,"2048x2048":"https:\/\/www.bymycar.fr\/webzine\/wp-content\/uploads\/2017\/06\/tableau-de-bord-70.jpg","2048x2048-width":2048,"2048x2048-height":1365}},"image_460x288":false,"titre":"C'est le choc !","texte":"\u00c0 partir de la fin des ann\u00e9es 1970, <strong>le march\u00e9 automobile n\u2019est pas au mieux, notamment \u00e0 cause des diff\u00e9rents chocs p\u00e9troliers<\/strong>. Pour se d\u00e9marquer en ces temps de crise, les constructeurs commencent \u00e0 se concentrer sur les \u00ab technologies de service \u00bb.<br \/>\r\n"},{"date":"1990","image":false,"image_460x288":false,"titre":"Vous pouvez ranger vos cartes","texte":"<strong>Le premier GPS embarqu\u00e9 est invent\u00e9<\/strong> afin de r\u00e9pondre aux attentes des automobilistes.<br \/>\r\n"},{"date":"2010","image":{"ID":921,"id":921,"title":"man connecting phone to the car media system","filename":"smartphone-en-voiture-e1499256780611.jpg","filesize":0,"url":"https:\/\/www.bymycar.fr\/webzine\/wp-content\/uploads\/2017\/06\/smartphone-en-voiture-e1499256780611.jpg","link":"https:\/\/www.bymycar.fr\/webzine\/grandes-dates-de-lhistoire-evolution-de-voiture\/man-connecting-phone-to-the-car-media-system\/","alt":"","author":"1","description":"","caption":"man connecting phone with auto play to the car media system","name":"man-connecting-phone-to-the-car-media-system","status":"inherit","uploaded_to":565,"date":"2017-07-05 08:32:13","modified":"2017-07-05 08:49:00","menu_order":0,"mime_type":"image\/jpeg","type":"image","subtype":"jpeg","icon":"https:\/\/www.bymycar.fr\/webzine\/wp-includes\/images\/media\/default.png","width":4000,"height":2667,"sizes":{"thumbnail":"https:\/\/www.bymycar.fr\/webzine\/wp-content\/uploads\/2017\/06\/smartphone-en-voiture-e1499256780611-150x150.jpg","thumbnail-width":150,"thumbnail-height":150,"medium":"https:\/\/www.bymycar.fr\/webzine\/wp-content\/uploads\/2017\/06\/smartphone-en-voiture-e1499256780611-300x200.jpg","medium-width":300,"medium-height":200,"medium_large":"https:\/\/www.bymycar.fr\/webzine\/wp-content\/uploads\/2017\/06\/smartphone-en-voiture-e1499256780611-768x512.jpg","medium_large-width":768,"medium_large-height":512,"large":"https:\/\/www.bymycar.fr\/webzine\/wp-content\/uploads\/2017\/06\/smartphone-en-voiture-e1499256780611-1024x683.jpg","large-width":1024,"large-height":683,"1536x1536":"https:\/\/www.bymycar.fr\/webzine\/wp-content\/uploads\/2017\/06\/smartphone-en-voiture-e1499256780611.jpg","1536x1536-width":1536,"1536x1536-height":1024,"2048x2048":"https:\/\/www.bymycar.fr\/webzine\/wp-content\/uploads\/2017\/06\/smartphone-en-voiture-e1499256780611.jpg","2048x2048-width":2048,"2048x2048-height":1366}},"image_460x288":false,"titre":"L\u2019usage de la voiture se digitalise","texte":"Avec <strong>l\u2019\u00e9mergence des applications et Smartphone dans les ann\u00e9es 2010, l'usage de la voiture se digitalise<\/strong>. Les VTC connect\u00e9s commencent \u00e0 faire de l'ombre aux taxis traditionnels, le co-voiturage s'intensifie et l'auto-partage devient une nouvelle mode. Conducteurs et passagers n\u2019ont jamais \u00e9t\u00e9 aussi proches.<br \/>\r\n"},{"date":"2015","image":{"ID":925,"id":925,"title":"voiture \u00e9lectrique","filename":"voiture-electrique-e1499256646222.jpg","filesize":0,"url":"https:\/\/www.bymycar.fr\/webzine\/wp-content\/uploads\/2017\/06\/voiture-electrique-e1499256646222.jpg","link":"https:\/\/www.bymycar.fr\/webzine\/grandes-dates-de-lhistoire-evolution-de-voiture\/electric-car-in-charging\/","alt":"voiture \u00e9lectrique en charge dans la rue","author":"1","description":"voiture \u00e9lectrique en charge dans la rue","caption":"","name":"electric-car-in-charging","status":"inherit","uploaded_to":565,"date":"2017-07-05 08:45:36","modified":"2017-07-05 08:48:53","menu_order":0,"mime_type":"image\/jpeg","type":"image","subtype":"jpeg","icon":"https:\/\/www.bymycar.fr\/webzine\/wp-includes\/images\/media\/default.png","width":3000,"height":1996,"sizes":{"thumbnail":"https:\/\/www.bymycar.fr\/webzine\/wp-content\/uploads\/2017\/06\/voiture-electrique-e1499256646222-150x150.jpg","thumbnail-width":150,"thumbnail-height":150,"medium":"https:\/\/www.bymycar.fr\/webzine\/wp-content\/uploads\/2017\/06\/voiture-electrique-e1499256646222-300x200.jpg","medium-width":300,"medium-height":200,"medium_large":"https:\/\/www.bymycar.fr\/webzine\/wp-content\/uploads\/2017\/06\/voiture-electrique-e1499256646222-768x511.jpg","medium_large-width":768,"medium_large-height":511,"large":"https:\/\/www.bymycar.fr\/webzine\/wp-content\/uploads\/2017\/06\/voiture-electrique-e1499256646222-1024x681.jpg","large-width":1024,"large-height":681,"1536x1536":"https:\/\/www.bymycar.fr\/webzine\/wp-content\/uploads\/2017\/06\/voiture-electrique-e1499256646222.jpg","1536x1536-width":1536,"1536x1536-height":1022,"2048x2048":"https:\/\/www.bymycar.fr\/webzine\/wp-content\/uploads\/2017\/06\/voiture-electrique-e1499256646222.jpg","2048x2048-width":2048,"2048x2048-height":1363}},"image_460x288":false,"titre":"La voiture se met au vert","texte":"Les pr\u00e9occupations environnementales ne cessant de grandir, les constructeurs d\u00e9cident de se pencher pleinement sur la question \u00e9cologique. On voit alors fleurir <strong>des v\u00e9hicules hybrides et m\u00eames 100% \u00e9lectriques<\/strong>.<br \/>\r\n"},{"date":"2020","image":{"ID":924,"id":924,"title":"voiture autonome","filename":"voiture-autonome-e1499256661943-scaled.jpg","filesize":0,"url":"https:\/\/www.bymycar.fr\/webzine\/wp-content\/uploads\/2017\/06\/voiture-autonome-e1499256661943-scaled.jpg","link":"https:\/\/www.bymycar.fr\/webzine\/grandes-dates-de-lhistoire-evolution-de-voiture\/cockpit-of-autonomous-car-a-vehicle-running-self-driving-mode-and-a-woman-driver-reading-book\/","alt":"voiture autonome, mod\u00e9lisation d'une voiture du futur","author":"1","description":"voiture autonome, mod\u00e9lisation d'une voiture du futur","caption":"cockpit of autonomous car. a vehicle running self driving mode and a woman driver reading book.","name":"cockpit-of-autonomous-car-a-vehicle-running-self-driving-mode-and-a-woman-driver-reading-book","status":"inherit","uploaded_to":565,"date":"2017-07-05 08:44:56","modified":"2017-07-05 08:49:08","menu_order":0,"mime_type":"image\/jpeg","type":"image","subtype":"jpeg","icon":"https:\/\/www.bymycar.fr\/webzine\/wp-includes\/images\/media\/default.png","width":2560,"height":1707,"sizes":{"thumbnail":"https:\/\/www.bymycar.fr\/webzine\/wp-content\/uploads\/2017\/06\/voiture-autonome-e1499256661943-150x150.jpg","thumbnail-width":150,"thumbnail-height":150,"medium":"https:\/\/www.bymycar.fr\/webzine\/wp-content\/uploads\/2017\/06\/voiture-autonome-e1499256661943-300x200.jpg","medium-width":300,"medium-height":200,"medium_large":"https:\/\/www.bymycar.fr\/webzine\/wp-content\/uploads\/2017\/06\/voiture-autonome-e1499256661943-768x512.jpg","medium_large-width":768,"medium_large-height":512,"large":"https:\/\/www.bymycar.fr\/webzine\/wp-content\/uploads\/2017\/06\/voiture-autonome-e1499256661943-1024x683.jpg","large-width":1024,"large-height":683,"1536x1536":"https:\/\/www.bymycar.fr\/webzine\/wp-content\/uploads\/2017\/06\/voiture-autonome-e1499256661943-1536x1024.jpg","1536x1536-width":1536,"1536x1536-height":1024,"2048x2048":"https:\/\/www.bymycar.fr\/webzine\/wp-content\/uploads\/2017\/06\/voiture-autonome-e1499256661943-2048x1366.jpg","2048x2048-width":2048,"2048x2048-height":1366}},"image_460x288":false,"titre":"L\u2019autonomie comme objectif","texte":"En s\u2019appuyant sur la d\u00e9mocratisation des objets connect\u00e9s et des voitures intelligentes, les constructeurs visent \u00e0 <strong>commercialiser les premi\u00e8res voitures totalement autonomes d'ici 2020 \u00e0 2025<\/strong>."},{"date":"2030","image":{"ID":926,"id":926,"title":"Prototype d'une voiture volante","filename":"voiture-volance-prototype.jpg","filesize":0,"url":"https:\/\/www.bymycar.fr\/webzine\/wp-content\/uploads\/2017\/06\/voiture-volance-prototype.jpg","link":"https:\/\/www.bymycar.fr\/webzine\/grandes-dates-de-lhistoire-evolution-de-voiture\/demonstration-of-autonomous-electric-flying-car-3d-illustration\/","alt":"Prototype d'une voiture volante en illustration 3D","author":"1","description":"Prototype d'une voiture volante en illustration 3D","caption":"","name":"demonstration-of-autonomous-electric-flying-car-3d-illustration","status":"inherit","uploaded_to":565,"date":"2017-07-05 08:45:42","modified":"2017-07-05 08:49:14","menu_order":0,"mime_type":"image\/jpeg","type":"image","subtype":"jpeg","icon":"https:\/\/www.bymycar.fr\/webzine\/wp-includes\/images\/media\/default.png","width":3840,"height":2160,"sizes":{"thumbnail":"https:\/\/www.bymycar.fr\/webzine\/wp-content\/uploads\/2017\/06\/voiture-volance-prototype-150x150.jpg","thumbnail-width":150,"thumbnail-height":150,"medium":"https:\/\/www.bymycar.fr\/webzine\/wp-content\/uploads\/2017\/06\/voiture-volance-prototype-300x169.jpg","medium-width":300,"medium-height":169,"medium_large":"https:\/\/www.bymycar.fr\/webzine\/wp-content\/uploads\/2017\/06\/voiture-volance-prototype-768x432.jpg","medium_large-width":768,"medium_large-height":432,"large":"https:\/\/www.bymycar.fr\/webzine\/wp-content\/uploads\/2017\/06\/voiture-volance-prototype-1024x576.jpg","large-width":1024,"large-height":576,"1536x1536":"https:\/\/www.bymycar.fr\/webzine\/wp-content\/uploads\/2017\/06\/voiture-volance-prototype.jpg","1536x1536-width":1536,"1536x1536-height":864,"2048x2048":"https:\/\/www.bymycar.fr\/webzine\/wp-content\/uploads\/2017\/06\/voiture-volance-prototype.jpg","2048x2048-width":2048,"2048x2048-height":1152}},"image_460x288":false,"titre":"Et si la voiture devenait volante ?","texte":"En 2017, les premiers prototypes de voitures volantes ont commenc\u00e9 \u00e0 appara\u00eetre. <strong>Le v\u00e9hicule capable de se d\u00e9placer dans les airs, c\u2019est la principale piste de d\u00e9veloppement de l\u2019automobile d\u2019ici 2030<\/strong>. Toutefois, la voiture volante devrait largement rester minoritaire par rapport \u00e0 la voiture autonome.  "}],"entetes_colonnes":false,"entetes_lignes":false,"lignes":false,"introduction":"","formulaire":false,"question":"","reponse":"","libelle_bouton_lien":"","url_lien":"","questions":false,"conclusions":false,"pays":false,"region":false,"marque":false,"marqueConcessions":false,"modele":false,"ptvente":false,"typeV":false,"collection":false,"nombre_maximum_elements":10,"lien_fin_carousel":"","texte_lien_fin_carousel":"","trier_par":false},{"type_strate":"texte-simple","ancre":"","contenu":"<p>Retrouvez-nous sur le <a href=\"https:\/\/www.bymycar.fr\/actualites\">magazine auto ByMyCar<\/a> pour ne rien manquer de l\u2019actualit\u00e9 de vos marques pr\u00e9f\u00e9r\u00e9es.<\/p>\n","titre":"","image":false,"image_libre":false,"image_800x500":false,"legende":"","zoom":false,"texte":"","articles":false,"categorie_droite":false,"images":false,"elements_comparatif":false,"texte_1":"","texte_2":"","image_1":false,"image_1_563x400":false,"image_1_332x332":false,"image_2":false,"image_2_333x240":false,"image_2_563x400":false,"image_3":false,"image_3_333x240":false,"image_3_332x450":false,"image_4":false,"image_4_332x332":false,"image_4_563x400":false,"code_embed":"","legende_video":"","photo":false,"photo_100x100":false,"nom":"","fonction":"","elements_timeline":false,"entetes_colonnes":false,"entetes_lignes":false,"lignes":false,"introduction":"","formulaire":false,"question":"","reponse":"","libelle_bouton_lien":"","url_lien":"","questions":false,"conclusions":false,"pays":false,"region":false,"marque":false,"marqueConcessions":false,"modele":false,"ptvente":false,"typeV":false,"collection":false,"nombre_maximum_elements":10,"lien_fin_carousel":"","texte_lien_fin_carousel":"","trier_par":false}],"template":"classique","is_old_post":false,"image":{"ID":919,"id":919,"title":"Mod\u00e9lisation 3D d'une voiture ancienne","filename":"histoire-evolution-voiture-e1499256830603.jpg","filesize":0,"url":"https:\/\/www.bymycar.fr\/webzine\/wp-content\/uploads\/2017\/06\/histoire-evolution-voiture-e1499256830603.jpg","link":"https:\/\/www.bymycar.fr\/webzine\/grandes-dates-de-lhistoire-evolution-de-voiture\/retro-car-charts-with-3d-model-on-top\/","alt":"Mod\u00e9lisation 3D d'une voiture ancienne","author":"1","description":"Mod\u00e9lisation 3D d'une voiture ancienne","caption":"","name":"retro-car-charts-with-3d-model-on-top","status":"inherit","uploaded_to":565,"date":"2017-07-05 08:30:28","modified":"2017-07-05 08:31:43","menu_order":0,"mime_type":"image\/jpeg","type":"image","subtype":"jpeg","icon":"https:\/\/www.bymycar.fr\/webzine\/wp-includes\/images\/media\/default.png","width":3000,"height":1938,"sizes":{"thumbnail":"https:\/\/www.bymycar.fr\/webzine\/wp-content\/uploads\/2017\/06\/histoire-evolution-voiture-e1499256830603-150x150.jpg","thumbnail-width":150,"thumbnail-height":150,"medium":"https:\/\/www.bymycar.fr\/webzine\/wp-content\/uploads\/2017\/06\/histoire-evolution-voiture-e1499256830603-300x194.jpg","medium-width":300,"medium-height":194,"medium_large":"https:\/\/www.bymycar.fr\/webzine\/wp-content\/uploads\/2017\/06\/histoire-evolution-voiture-e1499256830603-768x496.jpg","medium_large-width":768,"medium_large-height":496,"large":"https:\/\/www.bymycar.fr\/webzine\/wp-content\/uploads\/2017\/06\/histoire-evolution-voiture-e1499256830603-1024x662.jpg","large-width":1024,"large-height":662,"1536x1536":"https:\/\/www.bymycar.fr\/webzine\/wp-content\/uploads\/2017\/06\/histoire-evolution-voiture-e1499256830603.jpg","1536x1536-width":1536,"1536x1536-height":992,"2048x2048":"https:\/\/www.bymycar.fr\/webzine\/wp-content\/uploads\/2017\/06\/histoire-evolution-voiture-e1499256830603.jpg","2048x2048-width":2048,"2048x2048-height":1323}},"page_content":{"block_content":[{"acf_fc_layout":"text-simple","--nav":{"-withNav":false,"-ancre":""},"--group":{"-text":"<h2>L\u2019histoire de la voiture, \u00e7a ne date pas d\u2019hier !<\/h2>\n<p>Depuis le XVIIe si\u00e8cle, l\u2019automobile n\u2019a eu de cesse d\u2019\u00e9voluer pour s\u2019adapter \u00e0 nos modes de vie. <strong>\u00c0 travers les grandes dates de l\u2019histoire de l\u2019automobile, retra\u00e7ons ensemble l\u2019\u00e9volution de la voiture dans le temps<\/strong>. Un article digne de <i>Retour vers le futur<\/i> !<\/p>\n"}},{"acf_fc_layout":"timeline","--nav":{"-withNav":false,"-ancre":""},"--group":{"-listing":[{"--date":"1768","--image":false,"--title":"Un \u00e9trange cousin voit le jour","--texte":"Le math\u00e9maticien Ferdinand Verbiest invente une \u00e9trange machine, \u00e9quip\u00e9e d'une bouilloire et d'un four, qui marque les pr\u00e9mices de l'automobile. Il s\u2019agit alors davantage d\u2019un jouet que d\u2019un v\u00e9ritable moyen de locomotion."},{"--date":"1769","--image":false,"--title":"Le v\u00e9ritable anc\u00eatre de la voiture est invent\u00e9","--texte":"Baptis\u00e9e le fardier \u00e0 vapeur, l'invention de Joseph Cugnot est le v\u00e9ritable anc\u00eatre de la voiture. Son v\u00e9hicule, propuls\u00e9 gr\u00e2ce \u00e0 une chaudi\u00e8re \u00e0 vapeur, atteint alors 4km\/h.<br \/>\r\n"},{"--date":"1860","--image":false,"--title":"Invention du premier moteur \u00e0 combustion","--texte":"Les voitures \u00e0 vapeur posent plusieurs probl\u00e8mes \u00e0 l'\u00e9poque : leur fonctionnement est trop rigide et elles sont limit\u00e9es dans leur d\u00e9veloppement par certaines lois (en Angleterre, elles ne doivent pas d\u00e9passer 10 km\/h). Etienne Lenoir brev\u00e8te alors une nouvelle technologie : le moteur \u00e0 combustion"},{"--date":"1873","--image":false,"--title":"L'Ob\u00e9issante atteint 40 km\/h","--texte":"Am\u00e9d\u00e9e Boll\u00e9e invente L'Ob\u00e9issante, la premi\u00e8re voiture de 12 places capable d'atteindre une vitesse de 40 km\/h. Les ann\u00e9es suivantes, l'ing\u00e9nieur commercialisera La Mancelle et La Rapide notamment.<br \/>\r\n"},{"--date":"1884","--image":false,"--title":"Le p\u00e9trole est utilis\u00e9 comme combustible","--texte":"Bien que le premier forage de p\u00e9trole soit r\u00e9alis\u00e9 en 1850, il faudra attendre 1884 pour qu\u2019il soit utilis\u00e9 comme combustible. C'est \u00c9douard Delamare-Deboutteville qui invente cette automobile roulant au p\u00e9trole gr\u00e2ce \u00e0 un moteur \u00e0 combustion \u00e0 4 temps.<br \/>\r\n"},{"--date":"1888","--image":false,"--title":"Les pneus font (enfin) leur apparition","--texte":"Les routes n'ayant pas encore de rev\u00eatement, les roues sont soumises \u00e0 rudes \u00e9preuves. Pour rem\u00e9dier \u00e0 cela, John Boyd Dunlop invente le premier pneumatique automobile"},{"--date":"1894","--image":false,"--title":"Paris-Rouen, une premi\u00e8re !","--texte":"Bien qu\u2019elle soit toujours r\u00e9serv\u00e9e \u00e0 une \u00e9lite, la voiture devient un r\u00eave pour tous. En 1894, un concours reliant Paris \u00e0 Rouen est organis\u00e9 et attire de nombreux spectateurs. Aujourd'hui, on consid\u00e8re qu'il s'agit de la premi\u00e8re comp\u00e9tition automobile de l'histoire.<br \/>\r\n"},{"--date":"1901","--image":false,"--title":"La pompe \u00e0 essence r\u00e9sout un probl\u00e8me de taille","--texte":"Le brevet de la premi\u00e8re pompe \u00e0 essence est d\u00e9pos\u00e9 en 1901. Avant cela, le combustible est conserv\u00e9 tant bien que mal et les risques d'explosion sont nombreux. John Tokheim r\u00e9sout ce probl\u00e8me avec la pompe \u00e0 essence et permet m\u00eame de conna\u00eetre avec pr\u00e9cision la quantit\u00e9 d'essence prise par les automobilistes.<br \/>\r\n"},{"--date":"1908","--image":false,"--title":"La voiture pour tout le monde","--texte":"En industrialisant la production de la Ford T, Henry Ford invente la premi\u00e8re automobile accessible au plus grand nombre. Progressivement, la voiture ne deviendra plus seulement un objet de luxe.<br \/>\r\n"},{"--date":"1919","--image":false,"--title":"La production en s\u00e9rie d\u00e9barque en France","--texte":"S'inspirant du Fordisme, Citro\u00ebn introduit la production \u00e0 grande \u00e9chelle dans l'Hexagone \u00e0 travers la Citro\u00ebn Type A, et ce, pour r\u00e9pondre \u00e0 la demande grandissante des particuliers.<br \/>\r\n"},{"--date":"1922","--image":false,"--title":"La route devient plus s\u00fbre","--texte":"Alors que les r\u00e8gles et la signalisation sont marginales, le permis de conduire est invent\u00e9 afin de rem\u00e9dier aux dangers de la route.<br \/>\r\n"},{"--date":"1945","--image":false,"--title":"La production explose","--texte":"Durant 30 ann\u00e9es, les pays d\u00e9velopp\u00e9s vont conna\u00eetre une importante croissance \u00e9conomique. Cette augmentation du pouvoir d'achat va entra\u00eener une d\u00e9mocratisation de la voiture."},{"--date":"70","--image":false,"--title":"C'est le choc !","--texte":"\u00c0 partir de la fin des ann\u00e9es 1970, le march\u00e9 automobile n\u2019est pas au mieux, notamment \u00e0 cause des diff\u00e9rents chocs p\u00e9troliers. Pour se d\u00e9marquer en ces temps de crise, les constructeurs commencent \u00e0 se concentrer sur les \u00ab technologies de service \u00bb.<br \/>\r\n"},{"--date":"1990","--image":false,"--title":"Vous pouvez ranger vos cartes","--texte":"Le premier GPS embarqu\u00e9 est invent\u00e9 afin de r\u00e9pondre aux attentes des automobilistes.<br \/>\r\n"},{"--date":"2010","--image":false,"--title":"L\u2019usage de la voiture se digitalise","--texte":"Avec l\u2019\u00e9mergence des applications et Smartphone dans les ann\u00e9es 2010, l'usage de la voiture se digitalise. Les VTC connect\u00e9s commencent \u00e0 faire de l'ombre aux taxis traditionnels, le co-voiturage s'intensifie et l'auto-partage devient une nouvelle mode. Conducteurs et passagers n\u2019ont jamais \u00e9t\u00e9 aussi proches.<br \/>\r\n"},{"--date":"2015","--image":false,"--title":"La voiture se met au vert","--texte":"Les pr\u00e9occupations environnementales ne cessant de grandir, les constructeurs d\u00e9cident de se pencher pleinement sur la question \u00e9cologique. On voit alors fleurir des v\u00e9hicules hybrides et m\u00eames 100% \u00e9lectriques.<br \/>\r\n"},{"--date":"2020","--image":false,"--title":"L\u2019autonomie comme objectif","--texte":"En s\u2019appuyant sur la d\u00e9mocratisation des objets connect\u00e9s et des voitures intelligentes, les constructeurs visent \u00e0 commercialiser les premi\u00e8res voitures totalement autonomes d'ici 2020 \u00e0 2025."},{"--date":"2030","--image":false,"--title":"Et si la voiture devenait volante ?","--texte":"En 2017, les premiers prototypes de voitures volantes ont commenc\u00e9 \u00e0 appara\u00eetre. Le v\u00e9hicule capable de se d\u00e9placer dans les airs, c\u2019est la principale piste de d\u00e9veloppement de l\u2019automobile d\u2019ici 2030. Toutefois, la voiture volante devrait largement rester minoritaire par rapport \u00e0 la voiture autonome.  "}]}},{"acf_fc_layout":"text-simple","--nav":{"-withNav":false,"-ancre":""},"--group":{"-text":"<p>Retrouvez-nous sur le webzine auto BYmyCAR pour ne rien manquer de l\u2019actualit\u00e9 de vos marques pr\u00e9f\u00e9r\u00e9es.<\/p>\n"}}]},"add-to-bo":false,"add-carousel-to-footer":true},"yoast_head":"<!-- This site is optimized with the Yoast SEO Premium plugin v26.4 (Yoast SEO v26.4) - https:\/\/yoast.com\/wordpress\/plugins\/seo\/ -->\n<title>Les grandes dates de l&#039;histoire de l&#039;\u00e9volution de la voiture<\/title>\n<meta name=\"description\" content=\"Sur plus de 300 ans, revenons sur l&#039;\u00e9volution de la voiture \u00e0 travers le temps. Retrouvez les grandes dates de l\u2019histoire automobile.\" \/>\n<meta name=\"robots\" content=\"index, follow, max-snippet:-1, max-image-preview:large, max-video-preview:-1\" \/>\n<link rel=\"canonical\" href=\"https:\/\/www.bymycar.fr\/webzine\/grandes-dates-de-lhistoire-evolution-de-voiture\/\" \/>\n<meta property=\"og:locale\" content=\"fr_FR\" \/>\n<meta property=\"og:type\" content=\"article\" \/>\n<meta property=\"og:title\" content=\"Les grandes dates de l&#039;histoire de l&#039;\u00e9volution de la voiture\" \/>\n<meta property=\"og:description\" content=\"Sur plus de 300 ans, revenons sur l&#039;\u00e9volution de la voiture \u00e0 travers le temps. Retrouvez les grandes dates de l\u2019histoire automobile.\" \/>\n<meta property=\"og:url\" content=\"https:\/\/www.bymycar.fr\/webzine\/grandes-dates-de-lhistoire-evolution-de-voiture\/\" \/>\n<meta property=\"og:site_name\" content=\"Webzine auto BYmyCAR\" \/>\n<meta property=\"article:published_time\" content=\"2017-10-09T09:15:00+00:00\" \/>\n<meta property=\"article:modified_time\" content=\"2025-07-01T08:35:43+00:00\" \/>\n<meta property=\"og:image\" content=\"https:\/\/www.bymycar.fr\/webzine\/wp-content\/uploads\/2017\/06\/histoire-evolution-voiture-e1499256830603.jpg\" \/>\n\t<meta property=\"og:image:width\" content=\"3000\" \/>\n\t<meta property=\"og:image:height\" content=\"1938\" \/>\n\t<meta property=\"og:image:type\" content=\"image\/jpeg\" \/>\n<meta name=\"author\" content=\"William M.\" \/>\n<meta name=\"twitter:card\" content=\"summary_large_image\" \/>\n<meta name=\"twitter:label1\" content=\"\u00c9crit par\" \/>\n\t<meta name=\"twitter:data1\" content=\"William M.\" \/>\n\t<meta name=\"twitter:label2\" content=\"Dur\u00e9e de lecture estim\u00e9e\" \/>\n\t<meta name=\"twitter:data2\" content=\"1 minute\" \/>\n<script type=\"application\/ld+json\" class=\"yoast-schema-graph\">{\"@context\":\"https:\/\/schema.org\",\"@graph\":[{\"@type\":\"Article\",\"@id\":\"https:\/\/www.bymycar.fr\/webzine\/grandes-dates-de-lhistoire-evolution-de-voiture\/#article\",\"isPartOf\":{\"@id\":\"https:\/\/www.bymycar.fr\/webzine\/grandes-dates-de-lhistoire-evolution-de-voiture\/\"},\"author\":{\"name\":\"William M.\",\"@id\":\"https:\/\/www.bymycar.fr\/webzine\/#\/schema\/person\/605ad02925224befd4475d11e8378cdc\"},\"headline\":\"Les grandes dates de l&rsquo;histoire de l&rsquo;\u00e9volution de la voiture\",\"datePublished\":\"2017-10-09T09:15:00+00:00\",\"dateModified\":\"2025-07-01T08:35:43+00:00\",\"mainEntityOfPage\":{\"@id\":\"https:\/\/www.bymycar.fr\/webzine\/grandes-dates-de-lhistoire-evolution-de-voiture\/\"},\"wordCount\":12,\"publisher\":{\"@id\":\"https:\/\/www.bymycar.fr\/webzine\/#organization\"},\"image\":{\"@id\":\"https:\/\/www.bymycar.fr\/webzine\/grandes-dates-de-lhistoire-evolution-de-voiture\/#primaryimage\"},\"thumbnailUrl\":\"https:\/\/www.bymycar.fr\/webzine\/wp-content\/uploads\/2017\/06\/histoire-evolution-voiture-e1499256830603.jpg\",\"articleSection\":[\"Nos Marques\"],\"inLanguage\":\"fr-FR\"},{\"@type\":\"WebPage\",\"@id\":\"https:\/\/www.bymycar.fr\/webzine\/grandes-dates-de-lhistoire-evolution-de-voiture\/\",\"url\":\"https:\/\/www.bymycar.fr\/webzine\/grandes-dates-de-lhistoire-evolution-de-voiture\/\",\"name\":\"Les grandes dates de l'histoire de l'\u00e9volution de la voiture\",\"isPartOf\":{\"@id\":\"https:\/\/www.bymycar.fr\/webzine\/#website\"},\"primaryImageOfPage\":{\"@id\":\"https:\/\/www.bymycar.fr\/webzine\/grandes-dates-de-lhistoire-evolution-de-voiture\/#primaryimage\"},\"image\":{\"@id\":\"https:\/\/www.bymycar.fr\/webzine\/grandes-dates-de-lhistoire-evolution-de-voiture\/#primaryimage\"},\"thumbnailUrl\":\"https:\/\/www.bymycar.fr\/webzine\/wp-content\/uploads\/2017\/06\/histoire-evolution-voiture-e1499256830603.jpg\",\"datePublished\":\"2017-10-09T09:15:00+00:00\",\"dateModified\":\"2025-07-01T08:35:43+00:00\",\"description\":\"Sur plus de 300 ans, revenons sur l'\u00e9volution de la voiture \u00e0 travers le temps. Retrouvez les grandes dates de l\u2019histoire automobile.\",\"breadcrumb\":{\"@id\":\"https:\/\/www.bymycar.fr\/webzine\/grandes-dates-de-lhistoire-evolution-de-voiture\/#breadcrumb\"},\"inLanguage\":\"fr-FR\",\"potentialAction\":[{\"@type\":\"ReadAction\",\"target\":[\"https:\/\/www.bymycar.fr\/webzine\/grandes-dates-de-lhistoire-evolution-de-voiture\/\"]}]},{\"@type\":\"ImageObject\",\"inLanguage\":\"fr-FR\",\"@id\":\"https:\/\/www.bymycar.fr\/webzine\/grandes-dates-de-lhistoire-evolution-de-voiture\/#primaryimage\",\"url\":\"https:\/\/www.bymycar.fr\/webzine\/wp-content\/uploads\/2017\/06\/histoire-evolution-voiture-e1499256830603.jpg\",\"contentUrl\":\"https:\/\/www.bymycar.fr\/webzine\/wp-content\/uploads\/2017\/06\/histoire-evolution-voiture-e1499256830603.jpg\",\"width\":3000,\"height\":1938,\"caption\":\"Mod\u00e9lisation 3D d'une voiture ancienne\"},{\"@type\":\"BreadcrumbList\",\"@id\":\"https:\/\/www.bymycar.fr\/webzine\/grandes-dates-de-lhistoire-evolution-de-voiture\/#breadcrumb\",\"itemListElement\":[{\"@type\":\"ListItem\",\"position\":1,\"name\":\"Accueil\",\"item\":\"https:\/\/www.bymycar.fr\/webzine\/\"},{\"@type\":\"ListItem\",\"position\":2,\"name\":\"Les grandes dates de l&rsquo;histoire de l&rsquo;\u00e9volution de la voiture\"}]},{\"@type\":\"WebSite\",\"@id\":\"https:\/\/www.bymycar.fr\/webzine\/#website\",\"url\":\"https:\/\/www.bymycar.fr\/webzine\/\",\"name\":\"Webzine auto BYmyCAR\",\"description\":\"La magazine auto de BYmyCAR\",\"publisher\":{\"@id\":\"https:\/\/www.bymycar.fr\/webzine\/#organization\"},\"potentialAction\":[{\"@type\":\"SearchAction\",\"target\":{\"@type\":\"EntryPoint\",\"urlTemplate\":\"https:\/\/www.bymycar.fr\/webzine\/?s={search_term_string}\"},\"query-input\":{\"@type\":\"PropertyValueSpecification\",\"valueRequired\":true,\"valueName\":\"search_term_string\"}}],\"inLanguage\":\"fr-FR\"},{\"@type\":\"Organization\",\"@id\":\"https:\/\/www.bymycar.fr\/webzine\/#organization\",\"name\":\"BYmyCAR\",\"url\":\"https:\/\/www.bymycar.fr\/webzine\/\",\"logo\":{\"@type\":\"ImageObject\",\"inLanguage\":\"fr-FR\",\"@id\":\"https:\/\/www.bymycar.fr\/webzine\/#\/schema\/logo\/image\/\",\"url\":\"https:\/\/cdn.bymycar.eu\/fr-webzine\/wp-content\/uploads\/medias\/2017\/08\/logo_DEALER_00000406_001.png\",\"contentUrl\":\"https:\/\/cdn.bymycar.eu\/fr-webzine\/wp-content\/uploads\/medias\/2017\/08\/logo_DEALER_00000406_001.png\",\"width\":2132,\"height\":720,\"caption\":\"BYmyCAR\"},\"image\":{\"@id\":\"https:\/\/www.bymycar.fr\/webzine\/#\/schema\/logo\/image\/\"}},{\"@type\":\"Person\",\"@id\":\"https:\/\/www.bymycar.fr\/webzine\/#\/schema\/person\/605ad02925224befd4475d11e8378cdc\",\"name\":\"William M.\",\"image\":{\"@type\":\"ImageObject\",\"inLanguage\":\"fr-FR\",\"@id\":\"https:\/\/www.bymycar.fr\/webzine\/#\/schema\/person\/image\/\",\"url\":\"https:\/\/secure.gravatar.com\/avatar\/8a53bfa67adaa4c04e552efd6b3d29aa707d64c3b462f4596e91af5e74cda882?s=96&d=mm&r=g\",\"contentUrl\":\"https:\/\/secure.gravatar.com\/avatar\/8a53bfa67adaa4c04e552efd6b3d29aa707d64c3b462f4596e91af5e74cda882?s=96&d=mm&r=g\",\"caption\":\"William M.\"}}]}<\/script>\n<!-- \/ Yoast SEO Premium plugin. -->","yoast_head_json":{"title":"Les grandes dates de l'histoire de l'\u00e9volution de la voiture","description":"Sur plus de 300 ans, revenons sur l'\u00e9volution de la voiture \u00e0 travers le temps. Retrouvez les grandes dates de l\u2019histoire automobile.","robots":{"index":"index","follow":"follow","max-snippet":"max-snippet:-1","max-image-preview":"max-image-preview:large","max-video-preview":"max-video-preview:-1"},"canonical":"https:\/\/www.bymycar.fr\/webzine\/grandes-dates-de-lhistoire-evolution-de-voiture\/","og_locale":"fr_FR","og_type":"article","og_title":"Les grandes dates de l'histoire de l'\u00e9volution de la voiture","og_description":"Sur plus de 300 ans, revenons sur l'\u00e9volution de la voiture \u00e0 travers le temps. Retrouvez les grandes dates de l\u2019histoire automobile.","og_url":"https:\/\/www.bymycar.fr\/webzine\/grandes-dates-de-lhistoire-evolution-de-voiture\/","og_site_name":"Webzine auto BYmyCAR","article_published_time":"2017-10-09T09:15:00+00:00","article_modified_time":"2025-07-01T08:35:43+00:00","og_image":[{"width":3000,"height":1938,"url":"https:\/\/www.bymycar.fr\/webzine\/wp-content\/uploads\/2017\/06\/histoire-evolution-voiture-e1499256830603.jpg","type":"image\/jpeg"}],"author":"William M.","twitter_card":"summary_large_image","twitter_misc":{"\u00c9crit par":"William M.","Dur\u00e9e de lecture estim\u00e9e":"1 minute"},"schema":{"@context":"https:\/\/schema.org","@graph":[{"@type":"Article","@id":"https:\/\/www.bymycar.fr\/webzine\/grandes-dates-de-lhistoire-evolution-de-voiture\/#article","isPartOf":{"@id":"https:\/\/www.bymycar.fr\/webzine\/grandes-dates-de-lhistoire-evolution-de-voiture\/"},"author":{"name":"William M.","@id":"https:\/\/www.bymycar.fr\/webzine\/#\/schema\/person\/605ad02925224befd4475d11e8378cdc"},"headline":"Les grandes dates de l&rsquo;histoire de l&rsquo;\u00e9volution de la voiture","datePublished":"2017-10-09T09:15:00+00:00","dateModified":"2025-07-01T08:35:43+00:00","mainEntityOfPage":{"@id":"https:\/\/www.bymycar.fr\/webzine\/grandes-dates-de-lhistoire-evolution-de-voiture\/"},"wordCount":12,"publisher":{"@id":"https:\/\/www.bymycar.fr\/webzine\/#organization"},"image":{"@id":"https:\/\/www.bymycar.fr\/webzine\/grandes-dates-de-lhistoire-evolution-de-voiture\/#primaryimage"},"thumbnailUrl":"https:\/\/www.bymycar.fr\/webzine\/wp-content\/uploads\/2017\/06\/histoire-evolution-voiture-e1499256830603.jpg","articleSection":["Nos Marques"],"inLanguage":"fr-FR"},{"@type":"WebPage","@id":"https:\/\/www.bymycar.fr\/webzine\/grandes-dates-de-lhistoire-evolution-de-voiture\/","url":"https:\/\/www.bymycar.fr\/webzine\/grandes-dates-de-lhistoire-evolution-de-voiture\/","name":"Les grandes dates de l'histoire de l'\u00e9volution de la voiture","isPartOf":{"@id":"https:\/\/www.bymycar.fr\/webzine\/#website"},"primaryImageOfPage":{"@id":"https:\/\/www.bymycar.fr\/webzine\/grandes-dates-de-lhistoire-evolution-de-voiture\/#primaryimage"},"image":{"@id":"https:\/\/www.bymycar.fr\/webzine\/grandes-dates-de-lhistoire-evolution-de-voiture\/#primaryimage"},"thumbnailUrl":"https:\/\/www.bymycar.fr\/webzine\/wp-content\/uploads\/2017\/06\/histoire-evolution-voiture-e1499256830603.jpg","datePublished":"2017-10-09T09:15:00+00:00","dateModified":"2025-07-01T08:35:43+00:00","description":"Sur plus de 300 ans, revenons sur l'\u00e9volution de la voiture \u00e0 travers le temps. Retrouvez les grandes dates de l\u2019histoire automobile.","breadcrumb":{"@id":"https:\/\/www.bymycar.fr\/webzine\/grandes-dates-de-lhistoire-evolution-de-voiture\/#breadcrumb"},"inLanguage":"fr-FR","potentialAction":[{"@type":"ReadAction","target":["https:\/\/www.bymycar.fr\/webzine\/grandes-dates-de-lhistoire-evolution-de-voiture\/"]}]},{"@type":"ImageObject","inLanguage":"fr-FR","@id":"https:\/\/www.bymycar.fr\/webzine\/grandes-dates-de-lhistoire-evolution-de-voiture\/#primaryimage","url":"https:\/\/www.bymycar.fr\/webzine\/wp-content\/uploads\/2017\/06\/histoire-evolution-voiture-e1499256830603.jpg","contentUrl":"https:\/\/www.bymycar.fr\/webzine\/wp-content\/uploads\/2017\/06\/histoire-evolution-voiture-e1499256830603.jpg","width":3000,"height":1938,"caption":"Mod\u00e9lisation 3D d'une voiture ancienne"},{"@type":"BreadcrumbList","@id":"https:\/\/www.bymycar.fr\/webzine\/grandes-dates-de-lhistoire-evolution-de-voiture\/#breadcrumb","itemListElement":[{"@type":"ListItem","position":1,"name":"Accueil","item":"https:\/\/www.bymycar.fr\/webzine\/"},{"@type":"ListItem","position":2,"name":"Les grandes dates de l&rsquo;histoire de l&rsquo;\u00e9volution de la voiture"}]},{"@type":"WebSite","@id":"https:\/\/www.bymycar.fr\/webzine\/#website","url":"https:\/\/www.bymycar.fr\/webzine\/","name":"Webzine auto BYmyCAR","description":"La magazine auto de BYmyCAR","publisher":{"@id":"https:\/\/www.bymycar.fr\/webzine\/#organization"},"potentialAction":[{"@type":"SearchAction","target":{"@type":"EntryPoint","urlTemplate":"https:\/\/www.bymycar.fr\/webzine\/?s={search_term_string}"},"query-input":{"@type":"PropertyValueSpecification","valueRequired":true,"valueName":"search_term_string"}}],"inLanguage":"fr-FR"},{"@type":"Organization","@id":"https:\/\/www.bymycar.fr\/webzine\/#organization","name":"BYmyCAR","url":"https:\/\/www.bymycar.fr\/webzine\/","logo":{"@type":"ImageObject","inLanguage":"fr-FR","@id":"https:\/\/www.bymycar.fr\/webzine\/#\/schema\/logo\/image\/","url":"https:\/\/cdn.bymycar.eu\/fr-webzine\/wp-content\/uploads\/medias\/2017\/08\/logo_DEALER_00000406_001.png","contentUrl":"https:\/\/cdn.bymycar.eu\/fr-webzine\/wp-content\/uploads\/medias\/2017\/08\/logo_DEALER_00000406_001.png","width":2132,"height":720,"caption":"BYmyCAR"},"image":{"@id":"https:\/\/www.bymycar.fr\/webzine\/#\/schema\/logo\/image\/"}},{"@type":"Person","@id":"https:\/\/www.bymycar.fr\/webzine\/#\/schema\/person\/605ad02925224befd4475d11e8378cdc","name":"William M.","image":{"@type":"ImageObject","inLanguage":"fr-FR","@id":"https:\/\/www.bymycar.fr\/webzine\/#\/schema\/person\/image\/","url":"https:\/\/secure.gravatar.com\/avatar\/8a53bfa67adaa4c04e552efd6b3d29aa707d64c3b462f4596e91af5e74cda882?s=96&d=mm&r=g","contentUrl":"https:\/\/secure.gravatar.com\/avatar\/8a53bfa67adaa4c04e552efd6b3d29aa707d64c3b462f4596e91af5e74cda882?s=96&d=mm&r=g","caption":"William M."}}]}},"_links":{"self":[{"href":"https:\/\/www.bymycar.fr\/webzine\/wp-json\/wp\/v2\/posts\/565","targetHints":{"allow":["GET"]}}],"collection":[{"href":"https:\/\/www.bymycar.fr\/webzine\/wp-json\/wp\/v2\/posts"}],"about":[{"href":"https:\/\/www.bymycar.fr\/webzine\/wp-json\/wp\/v2\/types\/post"}],"author":[{"embeddable":true,"href":"https:\/\/www.bymycar.fr\/webzine\/wp-json\/wp\/v2\/users\/1"}],"replies":[{"embeddable":true,"href":"https:\/\/www.bymycar.fr\/webzine\/wp-json\/wp\/v2\/comments?post=565"}],"version-history":[{"count":12,"href":"https:\/\/www.bymycar.fr\/webzine\/wp-json\/wp\/v2\/posts\/565\/revisions"}],"predecessor-version":[{"id":58830,"href":"https:\/\/www.bymycar.fr\/webzine\/wp-json\/wp\/v2\/posts\/565\/revisions\/58830"}],"wp:featuredmedia":[{"embeddable":true,"href":"https:\/\/www.bymycar.fr\/webzine\/wp-json\/wp\/v2\/media\/919"}],"wp:attachment":[{"href":"https:\/\/www.bymycar.fr\/webzine\/wp-json\/wp\/v2\/media?parent=565"}],"wp:term":[{"taxonomy":"category","embeddable":true,"href":"https:\/\/www.bymycar.fr\/webzine\/wp-json\/wp\/v2\/categories?post=565"},{"taxonomy":"post_tag","embeddable":true,"href":"https:\/\/www.bymycar.fr\/webzine\/wp-json\/wp\/v2\/tags?post=565"}],"curies":[{"name":"wp","href":"https:\/\/api.w.org\/{rel}","templated":true}]}}