{"id":56362,"date":"2024-10-16T11:44:00","date_gmt":"2024-10-16T09:44:00","guid":{"rendered":"https:\/\/prod.bymycar.fr\/webzine\/?p=56362"},"modified":"2025-09-09T11:29:24","modified_gmt":"2025-09-09T09:29:24","slug":"tout-savoir-sur-la-vignette-critair-obligatoire-ou-pas","status":"publish","type":"post","link":"https:\/\/www.bymycar.fr\/webzine\/tout-savoir-sur-la-vignette-critair-obligatoire-ou-pas\/","title":{"rendered":"Tout savoir sur la vignette Crit&rsquo;Air : obligatoire ou pas ?"},"content":{"rendered":"","protected":false},"excerpt":{"rendered":"","protected":false},"author":88,"featured_media":56380,"comment_status":"closed","ping_status":"open","sticky":false,"template":"","format":"standard","meta":{"_acf_changed":false,"footnotes":""},"categories":[8],"tags":[],"class_list":["post-56362","post","type-post","status-publish","format-standard","has-post-thumbnail","hentry","category-lifestyle"],"acf":{"template":"classique","introduction":"<p>Vous vous posez des questions sur la vignette Crit&rsquo;Air ? Est-elle obligatoire ou pas ? Dans certaines villes comme Paris, Lyon ou Toulouse, et dans <a href=\"https:\/\/www.bymycar.fr\/webzine\/les-zones-a-faibles-emissions-zfe-evolution-des-mobilites-et-enjeux-en-2025\/\">les zones \u00e0 faibles \u00e9missions (ZFE)<\/a>, l&rsquo;apposition de cette vignette sur votre v\u00e9hicule est en effet une obligation. Classant votre v\u00e9hicule selon son niveau de pollution, elle est d&rsquo;ores et d\u00e9j\u00e0 requise dans 11 villes fran\u00e7aises. Nous allons vous aider \u00e0 comprendre les enjeux et les modalit\u00e9s d&rsquo;obtention de cette vignette.<\/p>\n<p>&nbsp;<\/p>\n<p>&nbsp;<\/p>\n<p style=\"text-align: center;\"><a href=\"https:\/\/www.bymycar.fr\/v\/liste-voiture-crit-air-1\" target=\"_blank\" class=\"css-button css-button--gold\" >\n                Nos v\u00e9hicules Crit'Air 1 en stock\n        <\/a><\/p>\n<p>&nbsp;<\/p>\n","strates":[{"type_strate":"texte-simple","ancre":"","contenu":"<h2 data-placeholder-blurred=\"R\u00e9digez un contenu\" data-placeholder-focused=\"Heading 2\">Comprendre le concept de la vignette Crit&rsquo;Air<\/h2>\n<p>La <strong>vignette Crit&rsquo;Air<\/strong>, aussi appel\u00e9e certificat qualit\u00e9 de l&rsquo;air, est une pastille color\u00e9e \u00e0 coller sur le pare-brise de votre v\u00e9hicule. Elle permet aux autorit\u00e9s de distinguer rapidement le niveau d&rsquo;\u00e9mission de polluants de chaque v\u00e9hicule.<\/p>\n<p>Six cat\u00e9gories, num\u00e9rot\u00e9es de 0 \u00e0 5, sont d\u00e9finies en fonction de ces \u00e9missions. Le num\u00e9ro 0 correspond aux v\u00e9hicules les moins polluants tandis que le 5 est attribu\u00e9 aux plus polluants.<\/p>\n<p>L&rsquo;objectif de cette vignette est de <strong>limiter la circulation des v\u00e9hicules les plus polluants<\/strong> lors des pics de pollution, ou de mani\u00e8re permanente dans les zones \u00e0 faibles \u00e9missions (ZFE). Ainsi, elle participe \u00e0 l&rsquo;am\u00e9lioration de la qualit\u00e9 de l&rsquo;air.<\/p>\n<p>&nbsp;<\/p>\n<h2>Quels sont les crit\u00e8res de classification des v\u00e9hicules ?<\/h2>\n<p>La <strong>classification<\/strong> des v\u00e9hicules se fait selon plusieurs crit\u00e8res.<\/p>\n<ul>\n<li>Le <strong>type de v\u00e9hicule<\/strong> est le premier \u00e9l\u00e9ment pris en compte. On distingue ainsi les voitures particuli\u00e8res, les deux-roues, tricycles et quadricycles \u00e0 moteur, les v\u00e9hicules utilitaires l\u00e9gers et les poids lourds comme les autobus et les autocars.<\/li>\n<li>Le <strong>type de motorisation<\/strong> intervient ensuite : diesel, essence, hybride, \u00e9lectrique ou hydrog\u00e8ne.<\/li>\n<li>La <strong>norme Euro<\/strong> du v\u00e9hicule, qui correspond \u00e0 la norme antipollution europ\u00e9enne respect\u00e9e par le v\u00e9hicule lors de sa fabrication, est aussi un crit\u00e8re d\u00e9terminant.<\/li>\n<li>Enfin, la <strong>date de premi\u00e8re mise en circulation<\/strong> du v\u00e9hicule peut \u00e9galement \u00eatre prise en compte dans certains cas.<\/li>\n<\/ul>\n<p>Ces crit\u00e8res d\u00e9terminent la cat\u00e9gorie Crit&rsquo;Air de chaque v\u00e9hicule, de 0 (les moins polluants) \u00e0 5 (les plus polluants).<\/p>\n<p>&nbsp;<\/p>\n<h2>Comment obtenir sa vignette Crit&rsquo;Air en ligne ?<\/h2>\n<p>Pour obtenir votre vignette Crit&rsquo;Air en ligne, rendez-vous sur le site officiel certificat-air.gouv.fr. \u00c9vitez les sites tiers qui peuvent facturer des frais suppl\u00e9mentaires. Munissez-vous de votre <strong>certificat d&rsquo;immatriculation<\/strong> (carte grise), car vous aurez besoin des informations qu&rsquo;il contient pour remplir le formulaire de demande.<\/p>\n<ul>\n<li>Entrez les d\u00e9tails de votre v\u00e9hicule, y compris l&rsquo;immatriculation et la date de premi\u00e8re mise en circulation.<\/li>\n<li>Vous serez ensuite invit\u00e9 \u00e0 payer les frais de <strong>3,77\u20ac<\/strong> (prix de la vignette + frais de port) par carte bancaire.<\/li>\n<li>Une fois le paiement effectu\u00e9, votre demande sera trait\u00e9e. Vous recevrez votre vignette par courrier \u00e0 l&rsquo;adresse indiqu\u00e9e lors de la demande.<\/li>\n<\/ul>\n<p>&nbsp;<\/p>\n<h2>Le co\u00fbt de la vignette Crit&rsquo;Air : combien \u00e7a co\u00fbte ?<\/h2>\n<p>La vignette Crit&rsquo;Air est vendue \u00e0 un prix unitaire. En France, depuis le 1er janvier 2024, elle est propos\u00e9e au tarif de <strong>3,77 euros<\/strong> (3,11 euros + 0,66 euro de frais de port). Il est \u00e0 noter que le co\u00fbt d&rsquo;une vignette pour un v\u00e9hicule immatricul\u00e9 \u00e0 l&rsquo;\u00e9tranger est l\u00e9g\u00e8rement plus \u00e9lev\u00e9, soit <strong>4,61 euros<\/strong> frais d&rsquo;envoi inclus. Ce tarif comprend les frais de fabrication, de gestion et d&rsquo;envoi de la vignette. Une fois acquis, le certificat est valable aussi longtemps qu&rsquo;il reste lisible.<\/p>\n<p>&nbsp;<\/p>\n<h2>Les zones \u00e0 faibles \u00e9missions mobilit\u00e9 (ZFE) en d\u00e9tail<\/h2>\n<p>Les <strong>zones \u00e0 faibles \u00e9missions mobilit\u00e9 (ZFE)<\/strong> sont des espaces d\u00e9limit\u00e9s o\u00f9 l&rsquo;acc\u00e8s et la circulation des v\u00e9hicules sont r\u00e9gul\u00e9s en fonction de leur niveau de pollution. Instaur\u00e9es par les collectivit\u00e9s territoriales, elles visent \u00e0 r\u00e9duire la pollution de l&rsquo;air, notamment dans les grandes agglom\u00e9rations.<\/p>\n<p>Pour circuler dans une ZFE, la <strong>vignette Crit&rsquo;Air<\/strong> est indispensable. Elle permet d&rsquo;identifier la classe environnementale du v\u00e9hicule et donc son niveau d&rsquo;\u00e9missions polluantes. Il existe six classes de vignettes, de 0 (v\u00e9hicules les moins polluants) \u00e0 5 (v\u00e9hicules les plus polluants).<\/p>\n<p>Les restrictions de circulation dans une ZFE peuvent varier : elles peuvent s&rsquo;appliquer en permanence ou uniquement lors de pics de pollution. Elles peuvent aussi concerner certaines classes de v\u00e9hicules uniquement. Les modalit\u00e9s pr\u00e9cises sont d\u00e9finies par un <strong>arr\u00eat\u00e9 pr\u00e9fectoral<\/strong>.<\/p>\n<p>Le p\u00e9rim\u00e8tre des ZFE est g\u00e9n\u00e9ralement affich\u00e9 \u00e0 l&rsquo;entr\u00e9e de la zone concern\u00e9e. Il peut \u00e9galement \u00eatre consult\u00e9 en ligne, par exemple sur le site du minist\u00e8re de la Transition \u00e9cologique. Dans certains cas, le p\u00e9rim\u00e8tre peut inclure l&rsquo;ensemble d&rsquo;une m\u00e9tropole, comme c&rsquo;est le cas dans la m\u00e9tropole du Grand Paris.<\/p>\n<p>En cas d&rsquo;absence de vignette ou de non-respect des restrictions en vigueur dans une ZFE, les conducteurs risquent une amende. Le montant des amendes varie en fonction de la gravit\u00e9 de l&rsquo;infraction.<\/p>\n<p>&nbsp;<\/p>\n<h2>Vignette Crit&rsquo;Air : le cas particulier des villes comme Paris et Lyon<\/h2>\n<p>Dans les m\u00e9tropoles de <strong>Paris<\/strong> et <strong>Lyon<\/strong>, l&rsquo;usage de la vignette Crit&rsquo;Air prend une dimension sp\u00e9cifique. \u00c0 Paris, les v\u00e9hicules \u00e9quip\u00e9s d&rsquo;une vignette Crit&rsquo;Air 0 \u00e0 3 peuvent circuler librement dans les arrondissements centraux. Les zones \u00e0 faibles \u00e9missions sont signal\u00e9es par des panneaux sp\u00e9cifiques.<\/p>\n<p>\u00c0 Lyon, la vignette Crit&rsquo;Air est obligatoire pour circuler dans la Zone \u00e0 faibles \u00e9missions (ZFE) de la M\u00e9tropole. Depuis le 1er janvier 2024, les v\u00e9hicules Crit\u2019Air 5 et non class\u00e9s sont interdits de circulation dans cette zone. Les v\u00e9hicules les moins polluants, comme les voitures \u00e9lectriques ou hybrides, peuvent circuler sans restriction de temps ou de jours.<\/p>\n<p>Dans ces deux villes, la r\u00e9glementation \u00e9volue progressivement pour restreindre la circulation des v\u00e9hicules les plus polluants et am\u00e9liorer la qualit\u00e9 de l&rsquo;air.<\/p>\n<p>&nbsp;<\/p>\n<p style=\"text-align: center;\"><a href=\"https:\/\/www.bymycar.fr\/webzine\/vignette-critair-les-regles-pour-circuler-en-voiture-a-paris\/\" target=\"_blank\" class=\"css-button css-button--gold\" >\n                Les r\u00e8gles Crit'Air pour circuler dans Paris\n        <\/a><\/p>\n<p>&nbsp;<\/p>\n<h2>L&rsquo;impact sur la qualit\u00e9 de l&rsquo;air et la r\u00e9duction de la pollution<\/h2>\n<p>La vignette Crit&rsquo;Air a un impact significatif sur la qualit\u00e9 de l&rsquo;air et la r\u00e9duction de la pollution. L&rsquo;objectif principal de cette mesure est de restreindre la circulation des v\u00e9hicules les plus polluants, en particulier lors des pics de pollution. Gr\u00e2ce \u00e0 cette r\u00e9gulation, les \u00e9missions de gaz \u00e0 effet de serre et de polluants atmosph\u00e9riques peuvent \u00eatre significativement r\u00e9duites.<\/p>\n<p>L&rsquo;utilisation de la vignette Crit&rsquo;Air permet \u00e9galement d&rsquo;inciter les conducteurs \u00e0 opter pour des v\u00e9hicules moins polluants. En effet, les v\u00e9hicules les plus respectueux de l&rsquo;environnement sont class\u00e9s en cat\u00e9gorie 0 et peuvent circuler sans restriction, m\u00eame lors des pics de pollution. \u00c0 l&rsquo;inverse, les v\u00e9hicules les plus polluants, class\u00e9s en cat\u00e9gorie 5, sont fortement restreints, voire interdits de circulation dans certaines zones.<\/p>\n<p>Gr\u00e2ce \u00e0 ces mesures, la vignette Crit&rsquo;Air contribue \u00e0 l&rsquo;am\u00e9lioration de la qualit\u00e9 de l&rsquo;air dans les zones urbaines.<\/p>\n<p>&nbsp;<\/p>\n<h2>Peut-on circuler sans vignette Crit&rsquo;Air ?<\/h2>\n<p>La circulation sans vignette Crit&rsquo;Air n&rsquo;est pas syst\u00e9matiquement interdite. Toutefois, elle est fortement d\u00e9conseill\u00e9e dans certaines zones sp\u00e9cifiques appel\u00e9es Zones \u00e0 Faibles \u00c9missions (ZFE) ou lors de pics de pollution. En dehors de ces zones, la vignette n&rsquo;est pas n\u00e9cessaire.<\/p>\n<p><strong>Attention<\/strong>, circuler sans vignette Crit&rsquo;Air dans une ZFE peut entra\u00eener une amende. Le montant de cette amende peut varier en fonction du contexte. Par exemple, circuler sans vignette Crit&rsquo;Air \u00e0 Paris entre 8h et 20h du lundi au vendredi peut \u00eatre sanctionn\u00e9 par une amende de 68 euros.<\/p>\n<p>L&rsquo;application de ces r\u00e8gles peut varier d&rsquo;une ville \u00e0 une autre. Il est donc recommand\u00e9 de se renseigner en amont avant de circuler sans vignette Crit&rsquo;Air.<\/p>\n<p>&nbsp;<\/p>\n<h2>Les sanctions en cas de non-respect des r\u00e8gles<\/h2>\n<p>En cas de non-respect des r\u00e8gles de circulation, les sanctions varient. Pour une voiture particuli\u00e8re, un deux-roues ou une camionnette de moins de 3,5 tonnes, l&rsquo;amende est de <strong>68 euros<\/strong> en cas d&rsquo;infraction comme la circulation sans vignette ou la non-conformit\u00e9 aux restrictions de circulation. Cette sanction s&rsquo;applique m\u00eame en dehors des p\u00e9riodes de pic de pollution.<\/p>\n<p>Pour les poids lourds, autocars et autobus circulant sans vignette ou en infraction aux restrictions, l&rsquo;amende est de <strong>135 euros<\/strong>. Les sanctions peuvent aussi s&rsquo;appliquer en cas de stationnement non autoris\u00e9. Ainsi, les montants des amendes d\u00e9pendent du type de v\u00e9hicule et de la nature de l&rsquo;infraction.<\/p>\n<p>Notez que les amendes peuvent \u00eatre minor\u00e9es \u00e0 <strong>45 euros<\/strong> en cas de paiement rapide, et major\u00e9es \u00e0 <strong>180 euros<\/strong> en cas de paiement tardif. Une contravention de classe 4 avec une amende de <strong>375 euros<\/strong> est appliqu\u00e9e en cas de r\u00e9cidive, pouvant atteindre <strong>750 euros<\/strong> en cas de non-paiement ou de contestation non suivie d&rsquo;effet.<\/p>\n<p>Dans les cas les plus graves, les sanctions peuvent aller jusqu&rsquo;\u00e0 l&rsquo;immobilisation du v\u00e9hicule et sa mise en fourri\u00e8re.<\/p>\n<p>&nbsp;<\/p>\n<h2>L&rsquo;\u00e9volution pr\u00e9vue de la vignette Crit&rsquo;Air dans les ann\u00e9es \u00e0 venir<\/h2>\n<p>Dans les ann\u00e9es \u00e0 venir, la r\u00e9glementation autour de la vignette Crit&rsquo;Air pr\u00e9voit de devenir de plus en plus stricte. <strong>\u00c0 partir de 2025<\/strong>, l&rsquo;interdiction de circulation s&rsquo;\u00e9tendra aux v\u00e9hicules arborant une <strong>vignette Crit&rsquo;Air 3<\/strong>, qui concerne principalement les moteurs diesel d&rsquo;avant 2011 et les moteurs essence d&rsquo;avant 2006. N&rsquo;h\u00e9sitez pas \u00e0 consulter notre article sur <a href=\"https:\/\/www.bymycar.fr\/webzine\/les-voitures-interdites-de-rouler-des-2025-guide-pratique\/\">les voitures qui seront interdites de rouler en 2025<\/a>.<\/p>\n<p>Des changements sont \u00e9galement attendus pour l&rsquo;ann\u00e9e 2024. Un projet d\u2019arr\u00eat\u00e9 vise \u00e0 faire \u00e9voluer la vignette Crit&rsquo;Air afin d\u2019identifier les v\u00e9hicules les moins \u00e9metteurs de CO2 dans chaque classe du certificat qualit\u00e9 de l\u2019air.<\/p>\n<p>Ces mesures visent \u00e0 exclure progressivement les v\u00e9hicules les plus polluants des grandes villes, dans le but d&rsquo;am\u00e9liorer la qualit\u00e9 de l&rsquo;air et de r\u00e9duire les \u00e9missions de gaz \u00e0 effet de serre.<\/p>\n","titre":"texte","image":false,"image_libre":false,"image_800x500":false,"legende":"","zoom":false,"texte":"","articles":false,"categorie_droite":false,"images":false,"elements_comparatif":false,"texte_1":"","texte_2":"","image_1":false,"image_1_563x400":false,"image_1_332x332":false,"image_2":false,"image_2_333x240":false,"image_2_563x400":false,"image_3":false,"image_3_333x240":false,"image_3_332x450":false,"image_4":false,"image_4_332x332":false,"image_4_563x400":false,"code_embed":"","legende_video":"","photo":false,"photo_100x100":false,"nom":"","fonction":"","elements_timeline":false,"entetes_colonnes":false,"entetes_lignes":false,"lignes":false,"introduction":"","formulaire":false,"question":"","reponse":"","libelle_bouton_lien":"","url_lien":"","questions":false,"conclusions":false,"pays":false,"region":false,"marque":false,"marqueConcessions":false,"modele":false,"ptvente":false,"typeV":false,"collection":false,"nombre_maximum_elements":10,"lien_fin_carousel":"","texte_lien_fin_carousel":"","trier_par":false},{"type_strate":"texte-simple","ancre":"","contenu":"<p style=\"text-align: center;\"><a href=\"https:\/\/www.bymycar.fr\/v\/voiture-crit-air-1-pas-cher\" target=\"_blank\" class=\"css-button css-button--gold\" >\n                Nos voitures Crit'Air 1 \u00e0 bas prix\n        <\/a><\/p>\n","titre":"cta","image":false,"image_libre":false,"image_800x500":false,"legende":"","zoom":false,"texte":"","articles":false,"categorie_droite":false,"images":false,"elements_comparatif":false,"texte_1":"","texte_2":"","image_1":false,"image_1_563x400":false,"image_1_332x332":false,"image_2":false,"image_2_333x240":false,"image_2_563x400":false,"image_3":false,"image_3_333x240":false,"image_3_332x450":false,"image_4":false,"image_4_332x332":false,"image_4_563x400":false,"code_embed":"","legende_video":"","photo":false,"photo_100x100":false,"nom":"","fonction":"","elements_timeline":false,"entetes_colonnes":false,"entetes_lignes":false,"lignes":false,"introduction":"","formulaire":false,"question":"","reponse":"","libelle_bouton_lien":"","url_lien":"","questions":false,"conclusions":false,"pays":false,"region":false,"marque":false,"marqueConcessions":false,"modele":false,"ptvente":false,"typeV":false,"collection":false,"nombre_maximum_elements":10,"lien_fin_carousel":"","texte_lien_fin_carousel":"","trier_par":false}],"is_old_post":false,"image":{"ID":56380,"id":56380,"title":"vignette-crit-air","filename":"vignette-crit-air.jpeg","filesize":580471,"url":"https:\/\/cdn.bymycar.eu\/fr-webzine\/wp-content\/uploads\/medias\/vignette-crit-air.jpeg","link":"https:\/\/www.bymycar.fr\/webzine\/tout-savoir-sur-la-vignette-critair-obligatoire-ou-pas\/vignette-crit-air-2\/","alt":"La vignette Crit'Air est indispensable pour rouler en ville","author":"9","description":"","caption":"","name":"vignette-crit-air-2","status":"inherit","uploaded_to":56362,"date":"2024-10-16 09:42:56","modified":"2025-06-19 14:11:16","menu_order":0,"mime_type":"image\/jpeg","type":"image","subtype":"jpeg","icon":"https:\/\/www.bymycar.fr\/webzine\/wp-includes\/images\/media\/default.png","width":2560,"height":1440,"sizes":{"thumbnail":"https:\/\/cdn.bymycar.eu\/fr-webzine\/wp-content\/uploads\/medias\/vignette-crit-air-150x150.jpeg","thumbnail-width":150,"thumbnail-height":150,"medium":"https:\/\/cdn.bymycar.eu\/fr-webzine\/wp-content\/uploads\/medias\/vignette-crit-air-300x169.jpeg","medium-width":300,"medium-height":169,"medium_large":"https:\/\/cdn.bymycar.eu\/fr-webzine\/wp-content\/uploads\/medias\/vignette-crit-air-768x432.jpeg","medium_large-width":768,"medium_large-height":432,"large":"https:\/\/cdn.bymycar.eu\/fr-webzine\/wp-content\/uploads\/medias\/vignette-crit-air-1024x576.jpeg","large-width":1024,"large-height":576,"1536x1536":"https:\/\/cdn.bymycar.eu\/fr-webzine\/wp-content\/uploads\/medias\/vignette-crit-air-1536x864.jpeg","1536x1536-width":1536,"1536x1536-height":864,"2048x2048":"https:\/\/cdn.bymycar.eu\/fr-webzine\/wp-content\/uploads\/medias\/vignette-crit-air-2048x1152.jpeg","2048x2048-width":2048,"2048x2048-height":1152}},"page_content":{"block_content":[{"acf_fc_layout":"text-simple","--nav":{"-withNav":false,"-ancre":""},"--group":{"-text":"<h2 data-placeholder-blurred=\"R\u00e9digez un contenu\" data-placeholder-focused=\"Heading 2\">Comprendre le concept de la vignette Crit&rsquo;Air<\/h2>\n<p>La <strong>vignette Crit&rsquo;Air<\/strong>, aussi appel\u00e9e certificat qualit\u00e9 de l&rsquo;air, est une pastille color\u00e9e \u00e0 coller sur le pare-brise de votre v\u00e9hicule. Elle permet aux autorit\u00e9s de distinguer rapidement le niveau d&rsquo;\u00e9mission de polluants de chaque v\u00e9hicule.<\/p>\n<p>Six cat\u00e9gories, num\u00e9rot\u00e9es de 0 \u00e0 5, sont d\u00e9finies en fonction de ces \u00e9missions. Le num\u00e9ro 0 correspond aux v\u00e9hicules les moins polluants tandis que le 5 est attribu\u00e9 aux plus polluants.<\/p>\n<p>L&rsquo;objectif de cette vignette est de <strong>limiter la circulation des v\u00e9hicules les plus polluants<\/strong> lors des pics de pollution, ou de mani\u00e8re permanente dans les zones \u00e0 faibles \u00e9missions (ZFE). Ainsi, elle participe \u00e0 l&rsquo;am\u00e9lioration de la qualit\u00e9 de l&rsquo;air.<\/p>\n<p>&nbsp;<\/p>\n<h2>Quels sont les crit\u00e8res de classification des v\u00e9hicules ?<\/h2>\n<p>La <strong>classification<\/strong> des v\u00e9hicules se fait selon plusieurs crit\u00e8res.<\/p>\n<ul>\n<li>Le <strong>type de v\u00e9hicule<\/strong> est le premier \u00e9l\u00e9ment pris en compte. On distingue ainsi les voitures particuli\u00e8res, les deux-roues, tricycles et quadricycles \u00e0 moteur, les v\u00e9hicules utilitaires l\u00e9gers et les poids lourds comme les autobus et les autocars.<\/li>\n<li>Le <strong>type de motorisation<\/strong> intervient ensuite : diesel, essence, hybride, \u00e9lectrique ou hydrog\u00e8ne.<\/li>\n<li>La <strong>norme Euro<\/strong> du v\u00e9hicule, qui correspond \u00e0 la norme antipollution europ\u00e9enne respect\u00e9e par le v\u00e9hicule lors de sa fabrication, est aussi un crit\u00e8re d\u00e9terminant.<\/li>\n<li>Enfin, la <strong>date de premi\u00e8re mise en circulation<\/strong> du v\u00e9hicule peut \u00e9galement \u00eatre prise en compte dans certains cas.<\/li>\n<\/ul>\n<p>Ces crit\u00e8res d\u00e9terminent la cat\u00e9gorie Crit&rsquo;Air de chaque v\u00e9hicule, de 0 (les moins polluants) \u00e0 5 (les plus polluants).<\/p>\n<p>&nbsp;<\/p>\n<h2>Comment obtenir sa vignette Crit&rsquo;Air en ligne ?<\/h2>\n<p>Pour obtenir votre vignette Crit&rsquo;Air en ligne, rendez-vous sur le site officiel certificat-air.gouv.fr. \u00c9vitez les sites tiers qui peuvent facturer des frais suppl\u00e9mentaires. Munissez-vous de votre <strong>certificat d&rsquo;immatriculation<\/strong> (carte grise), car vous aurez besoin des informations qu&rsquo;il contient pour remplir le formulaire de demande.<\/p>\n<ul>\n<li>Entrez les d\u00e9tails de votre v\u00e9hicule, y compris l&rsquo;immatriculation et la date de premi\u00e8re mise en circulation.<\/li>\n<li>Vous serez ensuite invit\u00e9 \u00e0 payer les frais de <strong>3,77\u20ac<\/strong> (prix de la vignette + frais de port) par carte bancaire.<\/li>\n<li>Une fois le paiement effectu\u00e9, votre demande sera trait\u00e9e. Vous recevrez votre vignette par courrier \u00e0 l&rsquo;adresse indiqu\u00e9e lors de la demande.<\/li>\n<\/ul>\n<p>&nbsp;<\/p>\n<h2>Le co\u00fbt de la vignette Crit&rsquo;Air : combien \u00e7a co\u00fbte ?<\/h2>\n<p>La vignette Crit&rsquo;Air est vendue \u00e0 un prix unitaire. En France, depuis le 1er janvier 2024, elle est propos\u00e9e au tarif de <strong>3,77 euros<\/strong> (3,11 euros + 0,66 euro de frais de port). Il est \u00e0 noter que le co\u00fbt d&rsquo;une vignette pour un v\u00e9hicule immatricul\u00e9 \u00e0 l&rsquo;\u00e9tranger est l\u00e9g\u00e8rement plus \u00e9lev\u00e9, soit <strong>4,61 euros<\/strong> frais d&rsquo;envoi inclus. Ce tarif comprend les frais de fabrication, de gestion et d&rsquo;envoi de la vignette. Une fois acquis, le certificat est valable aussi longtemps qu&rsquo;il reste lisible.<\/p>\n<p>&nbsp;<\/p>\n<h2>Les zones \u00e0 faibles \u00e9missions mobilit\u00e9 (ZFE) en d\u00e9tail<\/h2>\n<p>Les <strong>zones \u00e0 faibles \u00e9missions mobilit\u00e9 (ZFE)<\/strong> sont des espaces d\u00e9limit\u00e9s o\u00f9 l&rsquo;acc\u00e8s et la circulation des v\u00e9hicules sont r\u00e9gul\u00e9s en fonction de leur niveau de pollution. Instaur\u00e9es par les collectivit\u00e9s territoriales, elles visent \u00e0 r\u00e9duire la pollution de l&rsquo;air, notamment dans les grandes agglom\u00e9rations.<\/p>\n<p>Pour circuler dans une ZFE, la <strong>vignette Crit&rsquo;Air<\/strong> est indispensable. Elle permet d&rsquo;identifier la classe environnementale du v\u00e9hicule et donc son niveau d&rsquo;\u00e9missions polluantes. Il existe six classes de vignettes, de 0 (v\u00e9hicules les moins polluants) \u00e0 5 (v\u00e9hicules les plus polluants).<\/p>\n<p>Les restrictions de circulation dans une ZFE peuvent varier : elles peuvent s&rsquo;appliquer en permanence ou uniquement lors de pics de pollution. Elles peuvent aussi concerner certaines classes de v\u00e9hicules uniquement. Les modalit\u00e9s pr\u00e9cises sont d\u00e9finies par un <strong>arr\u00eat\u00e9 pr\u00e9fectoral<\/strong>.<\/p>\n<p>Le p\u00e9rim\u00e8tre des ZFE est g\u00e9n\u00e9ralement affich\u00e9 \u00e0 l&rsquo;entr\u00e9e de la zone concern\u00e9e. Il peut \u00e9galement \u00eatre consult\u00e9 en ligne, par exemple sur le site du minist\u00e8re de la Transition \u00e9cologique. Dans certains cas, le p\u00e9rim\u00e8tre peut inclure l&rsquo;ensemble d&rsquo;une m\u00e9tropole, comme c&rsquo;est le cas dans la m\u00e9tropole du Grand Paris.<\/p>\n<p>En cas d&rsquo;absence de vignette ou de non-respect des restrictions en vigueur dans une ZFE, les conducteurs risquent une amende. Le montant des amendes varie en fonction de la gravit\u00e9 de l&rsquo;infraction.<\/p>\n<p>&nbsp;<\/p>\n<h2>Vignette Crit&rsquo;Air : le cas particulier des villes comme Paris et Lyon<\/h2>\n<p>Dans les m\u00e9tropoles de <strong>Paris<\/strong> et <strong>Lyon<\/strong>, l&rsquo;usage de la vignette Crit&rsquo;Air prend une dimension sp\u00e9cifique. \u00c0 Paris, les v\u00e9hicules \u00e9quip\u00e9s d&rsquo;une vignette Crit&rsquo;Air 0 \u00e0 3 peuvent circuler librement dans les arrondissements centraux. Les zones \u00e0 faibles \u00e9missions sont signal\u00e9es par des panneaux sp\u00e9cifiques.<\/p>\n<p>\u00c0 Lyon, la vignette Crit&rsquo;Air est obligatoire pour circuler dans la Zone \u00e0 faibles \u00e9missions (ZFE) de la M\u00e9tropole. Depuis le 1er janvier 2024, les v\u00e9hicules Crit\u2019Air 5 et non class\u00e9s sont interdits de circulation dans cette zone. Les v\u00e9hicules les moins polluants, comme les voitures \u00e9lectriques ou hybrides, peuvent circuler sans restriction de temps ou de jours.<\/p>\n<p>Dans ces deux villes, la r\u00e9glementation \u00e9volue progressivement pour restreindre la circulation des v\u00e9hicules les plus polluants et am\u00e9liorer la qualit\u00e9 de l&rsquo;air.<\/p>\n<p>&nbsp;<\/p>\n<p style=\"text-align: center;\"><a href=\"https:\/\/www.bymycar.fr\/webzine\/vignette-critair-les-regles-pour-circuler-en-voiture-a-paris\/\" target=\"_blank\" class=\"css-button css-button--gold\" ><br \/>\n                Les r\u00e8gles Crit&rsquo;Air pour circuler dans Paris<br \/>\n        <\/a><\/p>\n<p>&nbsp;<\/p>\n<h2>L&rsquo;impact sur la qualit\u00e9 de l&rsquo;air et la r\u00e9duction de la pollution<\/h2>\n<p>La vignette Crit&rsquo;Air a un impact significatif sur la qualit\u00e9 de l&rsquo;air et la r\u00e9duction de la pollution. L&rsquo;objectif principal de cette mesure est de restreindre la circulation des v\u00e9hicules les plus polluants, en particulier lors des pics de pollution. Gr\u00e2ce \u00e0 cette r\u00e9gulation, les \u00e9missions de gaz \u00e0 effet de serre et de polluants atmosph\u00e9riques peuvent \u00eatre significativement r\u00e9duites.<\/p>\n<p>L&rsquo;utilisation de la vignette Crit&rsquo;Air permet \u00e9galement d&rsquo;inciter les conducteurs \u00e0 opter pour des v\u00e9hicules moins polluants. En effet, les v\u00e9hicules les plus respectueux de l&rsquo;environnement sont class\u00e9s en cat\u00e9gorie 0 et peuvent circuler sans restriction, m\u00eame lors des pics de pollution. \u00c0 l&rsquo;inverse, les v\u00e9hicules les plus polluants, class\u00e9s en cat\u00e9gorie 5, sont fortement restreints, voire interdits de circulation dans certaines zones.<\/p>\n<p>Gr\u00e2ce \u00e0 ces mesures, la vignette Crit&rsquo;Air contribue \u00e0 l&rsquo;am\u00e9lioration de la qualit\u00e9 de l&rsquo;air dans les zones urbaines.<\/p>\n<p>&nbsp;<\/p>\n<h2>Peut-on circuler sans vignette Crit&rsquo;Air ?<\/h2>\n<p>La circulation sans vignette Crit&rsquo;Air n&rsquo;est pas syst\u00e9matiquement interdite. Toutefois, elle est fortement d\u00e9conseill\u00e9e dans certaines zones sp\u00e9cifiques appel\u00e9es Zones \u00e0 Faibles \u00c9missions (ZFE) ou lors de pics de pollution. En dehors de ces zones, la vignette n&rsquo;est pas n\u00e9cessaire.<\/p>\n<p><strong>Attention<\/strong>, circuler sans vignette Crit&rsquo;Air dans une ZFE peut entra\u00eener une amende. Le montant de cette amende peut varier en fonction du contexte. Par exemple, circuler sans vignette Crit&rsquo;Air \u00e0 Paris entre 8h et 20h du lundi au vendredi peut \u00eatre sanctionn\u00e9 par une amende de 68 euros.<\/p>\n<p>L&rsquo;application de ces r\u00e8gles peut varier d&rsquo;une ville \u00e0 une autre. Il est donc recommand\u00e9 de se renseigner en amont avant de circuler sans vignette Crit&rsquo;Air.<\/p>\n<p>&nbsp;<\/p>\n<h2>Les sanctions en cas de non-respect des r\u00e8gles<\/h2>\n<p>En cas de non-respect des r\u00e8gles de circulation, les sanctions varient. Pour une voiture particuli\u00e8re, un deux-roues ou une camionnette de moins de 3,5 tonnes, l&rsquo;amende est de <strong>68 euros<\/strong> en cas d&rsquo;infraction comme la circulation sans vignette ou la non-conformit\u00e9 aux restrictions de circulation. Cette sanction s&rsquo;applique m\u00eame en dehors des p\u00e9riodes de pic de pollution.<\/p>\n<p>Pour les poids lourds, autocars et autobus circulant sans vignette ou en infraction aux restrictions, l&rsquo;amende est de <strong>135 euros<\/strong>. Les sanctions peuvent aussi s&rsquo;appliquer en cas de stationnement non autoris\u00e9. Ainsi, les montants des amendes d\u00e9pendent du type de v\u00e9hicule et de la nature de l&rsquo;infraction.<\/p>\n<p>Notez que les amendes peuvent \u00eatre minor\u00e9es \u00e0 <strong>45 euros<\/strong> en cas de paiement rapide, et major\u00e9es \u00e0 <strong>180 euros<\/strong> en cas de paiement tardif. Une contravention de classe 4 avec une amende de <strong>375 euros<\/strong> est appliqu\u00e9e en cas de r\u00e9cidive, pouvant atteindre <strong>750 euros<\/strong> en cas de non-paiement ou de contestation non suivie d&rsquo;effet.<\/p>\n<p>Dans les cas les plus graves, les sanctions peuvent aller jusqu&rsquo;\u00e0 l&rsquo;immobilisation du v\u00e9hicule et sa mise en fourri\u00e8re.<\/p>\n<p>&nbsp;<\/p>\n<h2>L&rsquo;\u00e9volution pr\u00e9vue de la vignette Crit&rsquo;Air dans les ann\u00e9es \u00e0 venir<\/h2>\n<p>Dans les ann\u00e9es \u00e0 venir, la r\u00e9glementation autour de la vignette Crit&rsquo;Air pr\u00e9voit de devenir de plus en plus stricte. <strong>\u00c0 partir de 2025<\/strong>, l&rsquo;interdiction de circulation s&rsquo;\u00e9tendra aux v\u00e9hicules arborant une <strong>vignette Crit&rsquo;Air 3<\/strong>, qui concerne principalement les moteurs diesel d&rsquo;avant 2011 et les moteurs essence d&rsquo;avant 2006. N&rsquo;h\u00e9sitez pas \u00e0 consulter notre article sur <a href=\"https:\/\/www.bymycar.fr\/webzine\/les-voitures-interdites-de-rouler-des-2025-guide-pratique\/\">les voitures qui seront interdites de rouler en 2025<\/a>.<\/p>\n<p>Des changements sont \u00e9galement attendus pour l&rsquo;ann\u00e9e 2024. Un projet d\u2019arr\u00eat\u00e9 vise \u00e0 faire \u00e9voluer la vignette Crit&rsquo;Air afin d\u2019identifier les v\u00e9hicules les moins \u00e9metteurs de CO2 dans chaque classe du certificat qualit\u00e9 de l\u2019air.<\/p>\n<p>Ces mesures visent \u00e0 exclure progressivement les v\u00e9hicules les plus polluants des grandes villes, dans le but d&rsquo;am\u00e9liorer la qualit\u00e9 de l&rsquo;air et de r\u00e9duire les \u00e9missions de gaz \u00e0 effet de serre.<\/p>\n"}},{"acf_fc_layout":"text-simple","--nav":{"-withNav":false,"-ancre":""},"--group":{"-text":"<p style=\"text-align: center;\"><a href=\"https:\/\/www.bymycar.fr\/v\/voiture-crit-air-1-pas-cher\" target=\"_blank\" class=\"css-button css-button--gold\" ><br \/>\n                Nos voitures Crit&rsquo;Air 1 \u00e0 bas prix<br \/>\n        <\/a><\/p>\n"}}]},"add-carousel-to-footer":true},"yoast_head":"<!-- This site is optimized with the Yoast SEO Premium plugin v26.4 (Yoast SEO v26.4) - https:\/\/yoast.com\/wordpress\/plugins\/seo\/ -->\n<title>Tout savoir sur la vignette Crit&#039;Air : obligatoire ou pas ?<\/title>\n<meta name=\"description\" content=\"Am\u00e9liorez la qualit\u00e9 de l&#039;air avec la vignette Crit&#039;Air. Consultez les zones concern\u00e9es et commandez votre vignette pour \u00e9viter les restrictions !\" \/>\n<meta name=\"robots\" content=\"index, follow, max-snippet:-1, max-image-preview:large, max-video-preview:-1\" \/>\n<link rel=\"canonical\" href=\"https:\/\/www.bymycar.fr\/webzine\/tout-savoir-sur-la-vignette-critair-obligatoire-ou-pas\/\" \/>\n<meta property=\"og:locale\" content=\"fr_FR\" \/>\n<meta property=\"og:type\" content=\"article\" \/>\n<meta property=\"og:title\" content=\"Tout savoir sur la vignette Crit&#039;Air : obligatoire ou pas ?\" \/>\n<meta property=\"og:description\" content=\"Am\u00e9liorez la qualit\u00e9 de l&#039;air avec la vignette Crit&#039;Air. Consultez les zones concern\u00e9es et commandez votre vignette pour \u00e9viter les restrictions !\" \/>\n<meta property=\"og:url\" content=\"https:\/\/www.bymycar.fr\/webzine\/tout-savoir-sur-la-vignette-critair-obligatoire-ou-pas\/\" \/>\n<meta property=\"og:site_name\" content=\"Webzine auto BYmyCAR\" \/>\n<meta property=\"article:published_time\" content=\"2024-10-16T09:44:00+00:00\" \/>\n<meta property=\"article:modified_time\" content=\"2025-09-09T09:29:24+00:00\" \/>\n<meta property=\"og:image\" content=\"https:\/\/cdn.bymycar.eu\/fr-webzine\/wp-content\/uploads\/medias\/vignette-crit-air.jpeg\" \/>\n\t<meta property=\"og:image:width\" content=\"2560\" \/>\n\t<meta property=\"og:image:height\" content=\"1440\" \/>\n\t<meta property=\"og:image:type\" content=\"image\/jpeg\" \/>\n<meta name=\"author\" content=\"La R\u00e9daction BYmyCAR\" \/>\n<meta name=\"twitter:card\" content=\"summary_large_image\" \/>\n<meta name=\"twitter:label1\" content=\"\u00c9crit par\" \/>\n\t<meta name=\"twitter:data1\" content=\"La R\u00e9daction BYmyCAR\" \/>\n<script type=\"application\/ld+json\" class=\"yoast-schema-graph\">{\"@context\":\"https:\/\/schema.org\",\"@graph\":[{\"@type\":\"Article\",\"@id\":\"https:\/\/www.bymycar.fr\/webzine\/tout-savoir-sur-la-vignette-critair-obligatoire-ou-pas\/#article\",\"isPartOf\":{\"@id\":\"https:\/\/www.bymycar.fr\/webzine\/tout-savoir-sur-la-vignette-critair-obligatoire-ou-pas\/\"},\"author\":{\"name\":\"La R\u00e9daction BYmyCAR\",\"@id\":\"https:\/\/www.bymycar.fr\/webzine\/#\/schema\/person\/8d570fe11eb8929f06c1e6d00f4d9689\"},\"headline\":\"Tout savoir sur la vignette Crit&rsquo;Air : obligatoire ou pas ?\",\"datePublished\":\"2024-10-16T09:44:00+00:00\",\"dateModified\":\"2025-09-09T09:29:24+00:00\",\"mainEntityOfPage\":{\"@id\":\"https:\/\/www.bymycar.fr\/webzine\/tout-savoir-sur-la-vignette-critair-obligatoire-ou-pas\/\"},\"wordCount\":10,\"publisher\":{\"@id\":\"https:\/\/www.bymycar.fr\/webzine\/#organization\"},\"image\":{\"@id\":\"https:\/\/www.bymycar.fr\/webzine\/tout-savoir-sur-la-vignette-critair-obligatoire-ou-pas\/#primaryimage\"},\"thumbnailUrl\":\"https:\/\/cdn.bymycar.eu\/fr-webzine\/wp-content\/uploads\/medias\/vignette-crit-air.jpeg\",\"articleSection\":[\"Lifestyle\"],\"inLanguage\":\"fr-FR\"},{\"@type\":\"WebPage\",\"@id\":\"https:\/\/www.bymycar.fr\/webzine\/tout-savoir-sur-la-vignette-critair-obligatoire-ou-pas\/\",\"url\":\"https:\/\/www.bymycar.fr\/webzine\/tout-savoir-sur-la-vignette-critair-obligatoire-ou-pas\/\",\"name\":\"Tout savoir sur la vignette Crit'Air : obligatoire ou pas ?\",\"isPartOf\":{\"@id\":\"https:\/\/www.bymycar.fr\/webzine\/#website\"},\"primaryImageOfPage\":{\"@id\":\"https:\/\/www.bymycar.fr\/webzine\/tout-savoir-sur-la-vignette-critair-obligatoire-ou-pas\/#primaryimage\"},\"image\":{\"@id\":\"https:\/\/www.bymycar.fr\/webzine\/tout-savoir-sur-la-vignette-critair-obligatoire-ou-pas\/#primaryimage\"},\"thumbnailUrl\":\"https:\/\/cdn.bymycar.eu\/fr-webzine\/wp-content\/uploads\/medias\/vignette-crit-air.jpeg\",\"datePublished\":\"2024-10-16T09:44:00+00:00\",\"dateModified\":\"2025-09-09T09:29:24+00:00\",\"description\":\"Am\u00e9liorez la qualit\u00e9 de l'air avec la vignette Crit'Air. Consultez les zones concern\u00e9es et commandez votre vignette pour \u00e9viter les restrictions !\",\"breadcrumb\":{\"@id\":\"https:\/\/www.bymycar.fr\/webzine\/tout-savoir-sur-la-vignette-critair-obligatoire-ou-pas\/#breadcrumb\"},\"inLanguage\":\"fr-FR\",\"potentialAction\":[{\"@type\":\"ReadAction\",\"target\":[\"https:\/\/www.bymycar.fr\/webzine\/tout-savoir-sur-la-vignette-critair-obligatoire-ou-pas\/\"]}]},{\"@type\":\"ImageObject\",\"inLanguage\":\"fr-FR\",\"@id\":\"https:\/\/www.bymycar.fr\/webzine\/tout-savoir-sur-la-vignette-critair-obligatoire-ou-pas\/#primaryimage\",\"url\":\"https:\/\/cdn.bymycar.eu\/fr-webzine\/wp-content\/uploads\/medias\/vignette-crit-air.jpeg\",\"contentUrl\":\"https:\/\/cdn.bymycar.eu\/fr-webzine\/wp-content\/uploads\/medias\/vignette-crit-air.jpeg\",\"width\":2560,\"height\":1440,\"caption\":\"La vignette Crit'Air est indispensable pour rouler en ville\"},{\"@type\":\"BreadcrumbList\",\"@id\":\"https:\/\/www.bymycar.fr\/webzine\/tout-savoir-sur-la-vignette-critair-obligatoire-ou-pas\/#breadcrumb\",\"itemListElement\":[{\"@type\":\"ListItem\",\"position\":1,\"name\":\"Accueil\",\"item\":\"https:\/\/www.bymycar.fr\/webzine\/\"},{\"@type\":\"ListItem\",\"position\":2,\"name\":\"Tout savoir sur la vignette Crit&rsquo;Air : obligatoire ou pas ?\"}]},{\"@type\":\"WebSite\",\"@id\":\"https:\/\/www.bymycar.fr\/webzine\/#website\",\"url\":\"https:\/\/www.bymycar.fr\/webzine\/\",\"name\":\"Webzine auto BYmyCAR\",\"description\":\"La magazine auto de BYmyCAR\",\"publisher\":{\"@id\":\"https:\/\/www.bymycar.fr\/webzine\/#organization\"},\"potentialAction\":[{\"@type\":\"SearchAction\",\"target\":{\"@type\":\"EntryPoint\",\"urlTemplate\":\"https:\/\/www.bymycar.fr\/webzine\/?s={search_term_string}\"},\"query-input\":{\"@type\":\"PropertyValueSpecification\",\"valueRequired\":true,\"valueName\":\"search_term_string\"}}],\"inLanguage\":\"fr-FR\"},{\"@type\":\"Organization\",\"@id\":\"https:\/\/www.bymycar.fr\/webzine\/#organization\",\"name\":\"BYmyCAR\",\"url\":\"https:\/\/www.bymycar.fr\/webzine\/\",\"logo\":{\"@type\":\"ImageObject\",\"inLanguage\":\"fr-FR\",\"@id\":\"https:\/\/www.bymycar.fr\/webzine\/#\/schema\/logo\/image\/\",\"url\":\"https:\/\/cdn.bymycar.eu\/fr-webzine\/wp-content\/uploads\/medias\/2017\/08\/logo_DEALER_00000406_001.png\",\"contentUrl\":\"https:\/\/cdn.bymycar.eu\/fr-webzine\/wp-content\/uploads\/medias\/2017\/08\/logo_DEALER_00000406_001.png\",\"width\":2132,\"height\":720,\"caption\":\"BYmyCAR\"},\"image\":{\"@id\":\"https:\/\/www.bymycar.fr\/webzine\/#\/schema\/logo\/image\/\"}},{\"@type\":\"Person\",\"@id\":\"https:\/\/www.bymycar.fr\/webzine\/#\/schema\/person\/8d570fe11eb8929f06c1e6d00f4d9689\",\"name\":\"La R\u00e9daction BYmyCAR\",\"image\":{\"@type\":\"ImageObject\",\"inLanguage\":\"fr-FR\",\"@id\":\"https:\/\/www.bymycar.fr\/webzine\/#\/schema\/person\/image\/\",\"url\":\"https:\/\/secure.gravatar.com\/avatar\/1aa6b039d0ce106989923af4e2d0f2a0c82bb070d5e449f1b9adf082a5863900?s=96&d=mm&r=g\",\"contentUrl\":\"https:\/\/secure.gravatar.com\/avatar\/1aa6b039d0ce106989923af4e2d0f2a0c82bb070d5e449f1b9adf082a5863900?s=96&d=mm&r=g\",\"caption\":\"La R\u00e9daction BYmyCAR\"},\"sameAs\":[\"https:\/\/www.bymycar.fr\/\"]}]}<\/script>\n<!-- \/ Yoast SEO Premium plugin. -->","yoast_head_json":{"title":"Tout savoir sur la vignette Crit'Air : obligatoire ou pas ?","description":"Am\u00e9liorez la qualit\u00e9 de l'air avec la vignette Crit'Air. Consultez les zones concern\u00e9es et commandez votre vignette pour \u00e9viter les restrictions !","robots":{"index":"index","follow":"follow","max-snippet":"max-snippet:-1","max-image-preview":"max-image-preview:large","max-video-preview":"max-video-preview:-1"},"canonical":"https:\/\/www.bymycar.fr\/webzine\/tout-savoir-sur-la-vignette-critair-obligatoire-ou-pas\/","og_locale":"fr_FR","og_type":"article","og_title":"Tout savoir sur la vignette Crit'Air : obligatoire ou pas ?","og_description":"Am\u00e9liorez la qualit\u00e9 de l'air avec la vignette Crit'Air. Consultez les zones concern\u00e9es et commandez votre vignette pour \u00e9viter les restrictions !","og_url":"https:\/\/www.bymycar.fr\/webzine\/tout-savoir-sur-la-vignette-critair-obligatoire-ou-pas\/","og_site_name":"Webzine auto BYmyCAR","article_published_time":"2024-10-16T09:44:00+00:00","article_modified_time":"2025-09-09T09:29:24+00:00","og_image":[{"width":2560,"height":1440,"url":"https:\/\/cdn.bymycar.eu\/fr-webzine\/wp-content\/uploads\/medias\/vignette-crit-air.jpeg","type":"image\/jpeg"}],"author":"La R\u00e9daction BYmyCAR","twitter_card":"summary_large_image","twitter_misc":{"\u00c9crit par":"La R\u00e9daction BYmyCAR"},"schema":{"@context":"https:\/\/schema.org","@graph":[{"@type":"Article","@id":"https:\/\/www.bymycar.fr\/webzine\/tout-savoir-sur-la-vignette-critair-obligatoire-ou-pas\/#article","isPartOf":{"@id":"https:\/\/www.bymycar.fr\/webzine\/tout-savoir-sur-la-vignette-critair-obligatoire-ou-pas\/"},"author":{"name":"La R\u00e9daction BYmyCAR","@id":"https:\/\/www.bymycar.fr\/webzine\/#\/schema\/person\/8d570fe11eb8929f06c1e6d00f4d9689"},"headline":"Tout savoir sur la vignette Crit&rsquo;Air : obligatoire ou pas ?","datePublished":"2024-10-16T09:44:00+00:00","dateModified":"2025-09-09T09:29:24+00:00","mainEntityOfPage":{"@id":"https:\/\/www.bymycar.fr\/webzine\/tout-savoir-sur-la-vignette-critair-obligatoire-ou-pas\/"},"wordCount":10,"publisher":{"@id":"https:\/\/www.bymycar.fr\/webzine\/#organization"},"image":{"@id":"https:\/\/www.bymycar.fr\/webzine\/tout-savoir-sur-la-vignette-critair-obligatoire-ou-pas\/#primaryimage"},"thumbnailUrl":"https:\/\/cdn.bymycar.eu\/fr-webzine\/wp-content\/uploads\/medias\/vignette-crit-air.jpeg","articleSection":["Lifestyle"],"inLanguage":"fr-FR"},{"@type":"WebPage","@id":"https:\/\/www.bymycar.fr\/webzine\/tout-savoir-sur-la-vignette-critair-obligatoire-ou-pas\/","url":"https:\/\/www.bymycar.fr\/webzine\/tout-savoir-sur-la-vignette-critair-obligatoire-ou-pas\/","name":"Tout savoir sur la vignette Crit'Air : obligatoire ou pas ?","isPartOf":{"@id":"https:\/\/www.bymycar.fr\/webzine\/#website"},"primaryImageOfPage":{"@id":"https:\/\/www.bymycar.fr\/webzine\/tout-savoir-sur-la-vignette-critair-obligatoire-ou-pas\/#primaryimage"},"image":{"@id":"https:\/\/www.bymycar.fr\/webzine\/tout-savoir-sur-la-vignette-critair-obligatoire-ou-pas\/#primaryimage"},"thumbnailUrl":"https:\/\/cdn.bymycar.eu\/fr-webzine\/wp-content\/uploads\/medias\/vignette-crit-air.jpeg","datePublished":"2024-10-16T09:44:00+00:00","dateModified":"2025-09-09T09:29:24+00:00","description":"Am\u00e9liorez la qualit\u00e9 de l'air avec la vignette Crit'Air. Consultez les zones concern\u00e9es et commandez votre vignette pour \u00e9viter les restrictions !","breadcrumb":{"@id":"https:\/\/www.bymycar.fr\/webzine\/tout-savoir-sur-la-vignette-critair-obligatoire-ou-pas\/#breadcrumb"},"inLanguage":"fr-FR","potentialAction":[{"@type":"ReadAction","target":["https:\/\/www.bymycar.fr\/webzine\/tout-savoir-sur-la-vignette-critair-obligatoire-ou-pas\/"]}]},{"@type":"ImageObject","inLanguage":"fr-FR","@id":"https:\/\/www.bymycar.fr\/webzine\/tout-savoir-sur-la-vignette-critair-obligatoire-ou-pas\/#primaryimage","url":"https:\/\/cdn.bymycar.eu\/fr-webzine\/wp-content\/uploads\/medias\/vignette-crit-air.jpeg","contentUrl":"https:\/\/cdn.bymycar.eu\/fr-webzine\/wp-content\/uploads\/medias\/vignette-crit-air.jpeg","width":2560,"height":1440,"caption":"La vignette Crit'Air est indispensable pour rouler en ville"},{"@type":"BreadcrumbList","@id":"https:\/\/www.bymycar.fr\/webzine\/tout-savoir-sur-la-vignette-critair-obligatoire-ou-pas\/#breadcrumb","itemListElement":[{"@type":"ListItem","position":1,"name":"Accueil","item":"https:\/\/www.bymycar.fr\/webzine\/"},{"@type":"ListItem","position":2,"name":"Tout savoir sur la vignette Crit&rsquo;Air : obligatoire ou pas ?"}]},{"@type":"WebSite","@id":"https:\/\/www.bymycar.fr\/webzine\/#website","url":"https:\/\/www.bymycar.fr\/webzine\/","name":"Webzine auto BYmyCAR","description":"La magazine auto de BYmyCAR","publisher":{"@id":"https:\/\/www.bymycar.fr\/webzine\/#organization"},"potentialAction":[{"@type":"SearchAction","target":{"@type":"EntryPoint","urlTemplate":"https:\/\/www.bymycar.fr\/webzine\/?s={search_term_string}"},"query-input":{"@type":"PropertyValueSpecification","valueRequired":true,"valueName":"search_term_string"}}],"inLanguage":"fr-FR"},{"@type":"Organization","@id":"https:\/\/www.bymycar.fr\/webzine\/#organization","name":"BYmyCAR","url":"https:\/\/www.bymycar.fr\/webzine\/","logo":{"@type":"ImageObject","inLanguage":"fr-FR","@id":"https:\/\/www.bymycar.fr\/webzine\/#\/schema\/logo\/image\/","url":"https:\/\/cdn.bymycar.eu\/fr-webzine\/wp-content\/uploads\/medias\/2017\/08\/logo_DEALER_00000406_001.png","contentUrl":"https:\/\/cdn.bymycar.eu\/fr-webzine\/wp-content\/uploads\/medias\/2017\/08\/logo_DEALER_00000406_001.png","width":2132,"height":720,"caption":"BYmyCAR"},"image":{"@id":"https:\/\/www.bymycar.fr\/webzine\/#\/schema\/logo\/image\/"}},{"@type":"Person","@id":"https:\/\/www.bymycar.fr\/webzine\/#\/schema\/person\/8d570fe11eb8929f06c1e6d00f4d9689","name":"La R\u00e9daction BYmyCAR","image":{"@type":"ImageObject","inLanguage":"fr-FR","@id":"https:\/\/www.bymycar.fr\/webzine\/#\/schema\/person\/image\/","url":"https:\/\/secure.gravatar.com\/avatar\/1aa6b039d0ce106989923af4e2d0f2a0c82bb070d5e449f1b9adf082a5863900?s=96&d=mm&r=g","contentUrl":"https:\/\/secure.gravatar.com\/avatar\/1aa6b039d0ce106989923af4e2d0f2a0c82bb070d5e449f1b9adf082a5863900?s=96&d=mm&r=g","caption":"La R\u00e9daction BYmyCAR"},"sameAs":["https:\/\/www.bymycar.fr\/"]}]}},"_links":{"self":[{"href":"https:\/\/www.bymycar.fr\/webzine\/wp-json\/wp\/v2\/posts\/56362","targetHints":{"allow":["GET"]}}],"collection":[{"href":"https:\/\/www.bymycar.fr\/webzine\/wp-json\/wp\/v2\/posts"}],"about":[{"href":"https:\/\/www.bymycar.fr\/webzine\/wp-json\/wp\/v2\/types\/post"}],"author":[{"embeddable":true,"href":"https:\/\/www.bymycar.fr\/webzine\/wp-json\/wp\/v2\/users\/88"}],"replies":[{"embeddable":true,"href":"https:\/\/www.bymycar.fr\/webzine\/wp-json\/wp\/v2\/comments?post=56362"}],"version-history":[{"count":4,"href":"https:\/\/www.bymycar.fr\/webzine\/wp-json\/wp\/v2\/posts\/56362\/revisions"}],"predecessor-version":[{"id":57615,"href":"https:\/\/www.bymycar.fr\/webzine\/wp-json\/wp\/v2\/posts\/56362\/revisions\/57615"}],"wp:featuredmedia":[{"embeddable":true,"href":"https:\/\/www.bymycar.fr\/webzine\/wp-json\/wp\/v2\/media\/56380"}],"wp:attachment":[{"href":"https:\/\/www.bymycar.fr\/webzine\/wp-json\/wp\/v2\/media?parent=56362"}],"wp:term":[{"taxonomy":"category","embeddable":true,"href":"https:\/\/www.bymycar.fr\/webzine\/wp-json\/wp\/v2\/categories?post=56362"},{"taxonomy":"post_tag","embeddable":true,"href":"https:\/\/www.bymycar.fr\/webzine\/wp-json\/wp\/v2\/tags?post=56362"}],"curies":[{"name":"wp","href":"https:\/\/api.w.org\/{rel}","templated":true}]}}