{"id":56267,"date":"2024-10-09T20:27:08","date_gmt":"2024-10-09T18:27:08","guid":{"rendered":"https:\/\/prod.bymycar.fr\/webzine\/?p=56267"},"modified":"2025-01-28T14:31:14","modified_gmt":"2025-01-28T13:31:14","slug":"les-salons-prives-mercedes-benz","status":"publish","type":"post","link":"https:\/\/www.bymycar.fr\/webzine\/les-salons-prives-mercedes-benz\/","title":{"rendered":"Les Salons Priv\u00e9s Mercedes-Benz"},"content":{"rendered":"","protected":false},"excerpt":{"rendered":"","protected":false},"author":26,"featured_media":56277,"comment_status":"closed","ping_status":"open","sticky":false,"template":"","format":"standard","meta":{"_acf_changed":false,"footnotes":""},"categories":[9014],"tags":[],"class_list":["post-56267","post","type-post","status-publish","format-standard","has-post-thumbnail","hentry","category-actualites-concessions-bymycar"],"acf":{"template":"classique","introduction":"<h2 class=\"owc-text-media-module-text-block__headline wb-grid-col-mq1-12\"><span style=\"font-family: helvetica, arial, sans-serif;\">D\u00e9couvrez les Salons Priv\u00e9s Mercedes-Benz.<\/span><\/h2>\n<p><span style=\"font-family: helvetica, arial, sans-serif;\">Du <strong><span style=\"font-size: 14pt;\">4 au 26 octobre,<\/span><\/strong> b\u00e9n\u00e9ficiez d&rsquo;un accueil privil\u00e9gi\u00e9 chez votre Distributeur et d\u00e9couvrez toutes nos derni\u00e8res technologies embarqu\u00e9es : HyperScreen, Dolby Atmos, Digital Light, etc.<\/span><\/p>\n<p><span style=\"font-family: helvetica, arial, sans-serif;\">Et profitez des offres Salons Priv\u00e9s sur une s\u00e9lection de v\u00e9hicules ci-dessous.<\/span><\/p>\n<p>&nbsp;<\/p>\n<p><span style=\"font-family: helvetica, arial, sans-serif;\">Plus rien ne vous retient de rouler dans la Mercedes de vos r\u00eaves.<\/span><\/p>\n","strates":[{"type_strate":"50-50-image-texte-full","ancre":"","contenu":"","titre":"","image":false,"image_libre":false,"image_800x500":{"ID":56278,"id":56278,"title":"4","filename":"4.png","filesize":1207171,"url":"https:\/\/cdn.bymycar.eu\/fr-webzine\/wp-content\/uploads\/medias\/4.png","link":"https:\/\/www.bymycar.fr\/webzine\/les-salons-prives-mercedes-benz\/4-13\/","alt":"","author":"26","description":"","caption":"","name":"4-13","status":"inherit","uploaded_to":56267,"date":"2024-10-09 18:18:53","modified":"2024-10-09 18:18:53","menu_order":0,"mime_type":"image\/png","type":"image","subtype":"png","icon":"https:\/\/www.bymycar.fr\/webzine\/wp-includes\/images\/media\/default.png","width":1200,"height":627,"sizes":{"thumbnail":"https:\/\/cdn.bymycar.eu\/fr-webzine\/wp-content\/uploads\/medias\/4-150x150.png","thumbnail-width":150,"thumbnail-height":150,"medium":"https:\/\/cdn.bymycar.eu\/fr-webzine\/wp-content\/uploads\/medias\/4-300x157.png","medium-width":300,"medium-height":157,"medium_large":"https:\/\/cdn.bymycar.eu\/fr-webzine\/wp-content\/uploads\/medias\/4-768x401.png","medium_large-width":768,"medium_large-height":401,"large":"https:\/\/cdn.bymycar.eu\/fr-webzine\/wp-content\/uploads\/medias\/4-1024x535.png","large-width":1024,"large-height":535,"1536x1536":"https:\/\/cdn.bymycar.eu\/fr-webzine\/wp-content\/uploads\/medias\/4.png","1536x1536-width":1200,"1536x1536-height":627,"2048x2048":"https:\/\/cdn.bymycar.eu\/fr-webzine\/wp-content\/uploads\/medias\/4.png","2048x2048-width":1200,"2048x2048-height":627}},"legende":"","zoom":false,"texte":"<h2 class=\"owc-simple-teaser-item__headline\"><span style=\"font-family: helvetica, arial, sans-serif;\">Classe A Compacte<\/span><\/h2>\n<div class=\"owc-simple-teaser-item__description owc-rte-stylings\">\n<p><span style=\"font-family: helvetica, arial, sans-serif;\">\u00c0 partir de\u00a0<b>430 \u20ac\/mois<\/b><sup>[1]<\/sup>\u00a0sans apport LLD 37 mois \/ 45000 km et\u00a0b\u00e9n\u00e9ficiez de 2 services offerts dans l&rsquo;offre ServiceCare**.<\/span><\/p>\n<\/div>\n","articles":false,"categorie_droite":false,"images":false,"elements_comparatif":false,"texte_1":"","texte_2":"","image_1":false,"image_1_563x400":false,"image_1_332x332":false,"image_2":false,"image_2_333x240":false,"image_2_563x400":false,"image_3":false,"image_3_333x240":false,"image_3_332x450":false,"image_4":false,"image_4_332x332":false,"image_4_563x400":false,"code_embed":"","legende_video":"","photo":false,"photo_100x100":false,"nom":"","fonction":"","elements_timeline":false,"entetes_colonnes":false,"entetes_lignes":false,"lignes":false,"introduction":"","formulaire":false,"question":"","reponse":"","libelle_bouton_lien":"","url_lien":"","questions":false,"conclusions":false,"pays":false,"region":false,"marque":false,"marqueConcessions":false,"modele":false,"ptvente":false,"typeV":false,"collection":false,"nombre_maximum_elements":10,"lien_fin_carousel":"","texte_lien_fin_carousel":"","trier_par":false},{"type_strate":"50-50-image-texte-full","ancre":"","contenu":"","titre":"","image":false,"image_libre":false,"image_800x500":{"ID":56279,"id":56279,"title":"1","filename":"1.png","filesize":1218594,"url":"https:\/\/cdn.bymycar.eu\/fr-webzine\/wp-content\/uploads\/medias\/1.png","link":"https:\/\/www.bymycar.fr\/webzine\/les-salons-prives-mercedes-benz\/1-33\/","alt":"","author":"26","description":"","caption":"","name":"1-33","status":"inherit","uploaded_to":56267,"date":"2024-10-09 18:19:00","modified":"2024-10-09 18:19:00","menu_order":0,"mime_type":"image\/png","type":"image","subtype":"png","icon":"https:\/\/www.bymycar.fr\/webzine\/wp-includes\/images\/media\/default.png","width":1200,"height":627,"sizes":{"thumbnail":"https:\/\/cdn.bymycar.eu\/fr-webzine\/wp-content\/uploads\/medias\/1-150x150.png","thumbnail-width":150,"thumbnail-height":150,"medium":"https:\/\/cdn.bymycar.eu\/fr-webzine\/wp-content\/uploads\/medias\/1-300x157.png","medium-width":300,"medium-height":157,"medium_large":"https:\/\/cdn.bymycar.eu\/fr-webzine\/wp-content\/uploads\/medias\/1-768x401.png","medium_large-width":768,"medium_large-height":401,"large":"https:\/\/cdn.bymycar.eu\/fr-webzine\/wp-content\/uploads\/medias\/1-1024x535.png","large-width":1024,"large-height":535,"1536x1536":"https:\/\/cdn.bymycar.eu\/fr-webzine\/wp-content\/uploads\/medias\/1.png","1536x1536-width":1200,"1536x1536-height":627,"2048x2048":"https:\/\/cdn.bymycar.eu\/fr-webzine\/wp-content\/uploads\/medias\/1.png","2048x2048-width":1200,"2048x2048-height":627}},"legende":"","zoom":false,"texte":"<h2 class=\"owc-simple-teaser-item__headline\"><span style=\"font-family: helvetica, arial, sans-serif;\">GLA<\/span><\/h2>\n<div class=\"owc-simple-teaser-item__description owc-rte-stylings\">\n<p><span style=\"font-family: helvetica, arial, sans-serif;\">\u00c0 partir de\u00a0<b>470 \u20ac\/mois<\/b><sup>[2]<\/sup>\u00a0sans apport LLD 37 mois \/ 45 000 km et\u00a0b\u00e9n\u00e9ficiez de 2 services offerts dans l&rsquo;offre ServiceCare**.<\/span><\/p>\n<\/div>\n","articles":false,"categorie_droite":false,"images":false,"elements_comparatif":false,"texte_1":"","texte_2":"","image_1":false,"image_1_563x400":false,"image_1_332x332":false,"image_2":false,"image_2_333x240":false,"image_2_563x400":false,"image_3":false,"image_3_333x240":false,"image_3_332x450":false,"image_4":false,"image_4_332x332":false,"image_4_563x400":false,"code_embed":"","legende_video":"","photo":false,"photo_100x100":false,"nom":"","fonction":"","elements_timeline":false,"entetes_colonnes":false,"entetes_lignes":false,"lignes":false,"introduction":"","formulaire":false,"question":"","reponse":"","libelle_bouton_lien":"","url_lien":"","questions":false,"conclusions":false,"pays":false,"region":false,"marque":false,"marqueConcessions":false,"modele":false,"ptvente":false,"typeV":false,"collection":false,"nombre_maximum_elements":10,"lien_fin_carousel":"","texte_lien_fin_carousel":"","trier_par":false},{"type_strate":"50-50-image-texte-full","ancre":"","contenu":"","titre":"","image":false,"image_libre":false,"image_800x500":{"ID":56280,"id":56280,"title":"2","filename":"2.png","filesize":1205794,"url":"https:\/\/cdn.bymycar.eu\/fr-webzine\/wp-content\/uploads\/medias\/2.png","link":"https:\/\/www.bymycar.fr\/webzine\/les-salons-prives-mercedes-benz\/2-31\/","alt":"","author":"26","description":"","caption":"","name":"2-31","status":"inherit","uploaded_to":56267,"date":"2024-10-09 18:19:07","modified":"2024-10-09 18:19:07","menu_order":0,"mime_type":"image\/png","type":"image","subtype":"png","icon":"https:\/\/www.bymycar.fr\/webzine\/wp-includes\/images\/media\/default.png","width":1200,"height":627,"sizes":{"thumbnail":"https:\/\/cdn.bymycar.eu\/fr-webzine\/wp-content\/uploads\/medias\/2-150x150.png","thumbnail-width":150,"thumbnail-height":150,"medium":"https:\/\/cdn.bymycar.eu\/fr-webzine\/wp-content\/uploads\/medias\/2-300x157.png","medium-width":300,"medium-height":157,"medium_large":"https:\/\/cdn.bymycar.eu\/fr-webzine\/wp-content\/uploads\/medias\/2-768x401.png","medium_large-width":768,"medium_large-height":401,"large":"https:\/\/cdn.bymycar.eu\/fr-webzine\/wp-content\/uploads\/medias\/2-1024x535.png","large-width":1024,"large-height":535,"1536x1536":"https:\/\/cdn.bymycar.eu\/fr-webzine\/wp-content\/uploads\/medias\/2.png","1536x1536-width":1200,"1536x1536-height":627,"2048x2048":"https:\/\/cdn.bymycar.eu\/fr-webzine\/wp-content\/uploads\/medias\/2.png","2048x2048-width":1200,"2048x2048-height":627}},"legende":"","zoom":false,"texte":"<h2 class=\"owc-simple-teaser-item__headline\"><span style=\"font-family: helvetica, arial, sans-serif;\">EQA<\/span><\/h2>\n<div class=\"owc-simple-teaser-item__description owc-rte-stylings\">\n<p><span style=\"font-family: helvetica, arial, sans-serif;\">\u00c0 partir de\u00a0<b>399 \u20ac\/mois<\/b><sup>[3]<\/sup>\u00a0&#8211; 1<sup>er<\/sup>\u00a0loyer major\u00e9 de 4 600 \u20ac &#8211; Bonus \u00e9cologique de 4 000 \u20ac d\u00e9duit***. LLD 37 mois \/ 45 000 km.<\/span><\/p>\n<\/div>\n","articles":false,"categorie_droite":false,"images":false,"elements_comparatif":false,"texte_1":"","texte_2":"","image_1":false,"image_1_563x400":false,"image_1_332x332":false,"image_2":false,"image_2_333x240":false,"image_2_563x400":false,"image_3":false,"image_3_333x240":false,"image_3_332x450":false,"image_4":false,"image_4_332x332":false,"image_4_563x400":false,"code_embed":"","legende_video":"","photo":false,"photo_100x100":false,"nom":"","fonction":"","elements_timeline":false,"entetes_colonnes":false,"entetes_lignes":false,"lignes":false,"introduction":"","formulaire":false,"question":"","reponse":"","libelle_bouton_lien":"","url_lien":"","questions":false,"conclusions":false,"pays":false,"region":false,"marque":false,"marqueConcessions":false,"modele":false,"ptvente":false,"typeV":false,"collection":false,"nombre_maximum_elements":10,"lien_fin_carousel":"","texte_lien_fin_carousel":"","trier_par":false},{"type_strate":"50-50-image-texte-full","ancre":"","contenu":"","titre":"","image":false,"image_libre":false,"image_800x500":{"ID":56281,"id":56281,"title":"3","filename":"3.png","filesize":1331868,"url":"https:\/\/cdn.bymycar.eu\/fr-webzine\/wp-content\/uploads\/medias\/3.png","link":"https:\/\/www.bymycar.fr\/webzine\/les-salons-prives-mercedes-benz\/3-17\/","alt":"","author":"26","description":"","caption":"","name":"3-17","status":"inherit","uploaded_to":56267,"date":"2024-10-09 18:19:14","modified":"2024-10-09 18:19:14","menu_order":0,"mime_type":"image\/png","type":"image","subtype":"png","icon":"https:\/\/www.bymycar.fr\/webzine\/wp-includes\/images\/media\/default.png","width":1200,"height":627,"sizes":{"thumbnail":"https:\/\/cdn.bymycar.eu\/fr-webzine\/wp-content\/uploads\/medias\/3-150x150.png","thumbnail-width":150,"thumbnail-height":150,"medium":"https:\/\/cdn.bymycar.eu\/fr-webzine\/wp-content\/uploads\/medias\/3-300x157.png","medium-width":300,"medium-height":157,"medium_large":"https:\/\/cdn.bymycar.eu\/fr-webzine\/wp-content\/uploads\/medias\/3-768x401.png","medium_large-width":768,"medium_large-height":401,"large":"https:\/\/cdn.bymycar.eu\/fr-webzine\/wp-content\/uploads\/medias\/3-1024x535.png","large-width":1024,"large-height":535,"1536x1536":"https:\/\/cdn.bymycar.eu\/fr-webzine\/wp-content\/uploads\/medias\/3.png","1536x1536-width":1200,"1536x1536-height":627,"2048x2048":"https:\/\/cdn.bymycar.eu\/fr-webzine\/wp-content\/uploads\/medias\/3.png","2048x2048-width":1200,"2048x2048-height":627}},"legende":"","zoom":false,"texte":"<h2 class=\"owc-simple-teaser-item__headline\"><span style=\"font-family: helvetica, arial, sans-serif;\">GLC SUV<\/span><\/h2>\n<div class=\"owc-simple-teaser-item__description owc-rte-stylings\">\n<p><span style=\"font-family: helvetica, arial, sans-serif;\">\u00c0 partir de\u00a0<b>750 \u20ac\/mois<\/b><sup>[4]<\/sup>\u00a0sans apport LLD 37 mois \/ 60 000 km et\u00a0b\u00e9n\u00e9ficiez de 2 services offerts dans l&rsquo;offre ServiceCare**.<\/span><\/p>\n<\/div>\n","articles":false,"categorie_droite":false,"images":false,"elements_comparatif":false,"texte_1":"","texte_2":"","image_1":false,"image_1_563x400":false,"image_1_332x332":false,"image_2":false,"image_2_333x240":false,"image_2_563x400":false,"image_3":false,"image_3_333x240":false,"image_3_332x450":false,"image_4":false,"image_4_332x332":false,"image_4_563x400":false,"code_embed":"","legende_video":"","photo":false,"photo_100x100":false,"nom":"","fonction":"","elements_timeline":false,"entetes_colonnes":false,"entetes_lignes":false,"lignes":false,"introduction":"","formulaire":false,"question":"","reponse":"","libelle_bouton_lien":"","url_lien":"","questions":false,"conclusions":false,"pays":false,"region":false,"marque":false,"marqueConcessions":false,"modele":false,"ptvente":false,"typeV":false,"collection":false,"nombre_maximum_elements":10,"lien_fin_carousel":"","texte_lien_fin_carousel":"","trier_par":false},{"type_strate":"texte-simple","ancre":"","contenu":"<p>Rendez-vous sans plus attendre chez Mercedes BYmyCAR Toulon, Roquebrune-sur-Argens, Cannes &amp; Villeneuve-Loubet.<\/p>\n","titre":"Mercedes-Benz","image":false,"image_libre":false,"image_800x500":false,"legende":"","zoom":false,"texte":"","articles":false,"categorie_droite":false,"images":false,"elements_comparatif":false,"texte_1":"","texte_2":"","image_1":false,"image_1_563x400":false,"image_1_332x332":false,"image_2":false,"image_2_333x240":false,"image_2_563x400":false,"image_3":false,"image_3_333x240":false,"image_3_332x450":false,"image_4":false,"image_4_332x332":false,"image_4_563x400":false,"code_embed":"","legende_video":"","photo":false,"photo_100x100":false,"nom":"","fonction":"","elements_timeline":false,"entetes_colonnes":false,"entetes_lignes":false,"lignes":false,"introduction":"","formulaire":false,"question":"","reponse":"","libelle_bouton_lien":"","url_lien":"","questions":false,"conclusions":false,"pays":false,"region":false,"marque":false,"marqueConcessions":false,"modele":false,"ptvente":false,"typeV":false,"collection":false,"nombre_maximum_elements":10,"lien_fin_carousel":"","texte_lien_fin_carousel":"","trier_par":false}],"is_old_post":false,"image":{"ID":56277,"id":56277,"title":"MB_CARS_VN_SALONS_PRIVE\u0301S_NATIVE","filename":"MB_CARS_VN_SALONS_PRIVES_NATIVE.png","filesize":927861,"url":"https:\/\/cdn.bymycar.eu\/fr-webzine\/wp-content\/uploads\/medias\/MB_CARS_VN_SALONS_PRIVES_NATIVE.png","link":"https:\/\/www.bymycar.fr\/webzine\/les-salons-prives-mercedes-benz\/mb_cars_vn_salons_prives_native\/","alt":"","author":"26","description":"","caption":"","name":"mb_cars_vn_salons_prives_native","status":"inherit","uploaded_to":56267,"date":"2024-10-09 18:13:42","modified":"2024-10-09 18:13:42","menu_order":0,"mime_type":"image\/png","type":"image","subtype":"png","icon":"https:\/\/www.bymycar.fr\/webzine\/wp-includes\/images\/media\/default.png","width":1200,"height":627,"sizes":{"thumbnail":"https:\/\/cdn.bymycar.eu\/fr-webzine\/wp-content\/uploads\/medias\/MB_CARS_VN_SALONS_PRIVES_NATIVE-150x150.png","thumbnail-width":150,"thumbnail-height":150,"medium":"https:\/\/cdn.bymycar.eu\/fr-webzine\/wp-content\/uploads\/medias\/MB_CARS_VN_SALONS_PRIVES_NATIVE-300x157.png","medium-width":300,"medium-height":157,"medium_large":"https:\/\/cdn.bymycar.eu\/fr-webzine\/wp-content\/uploads\/medias\/MB_CARS_VN_SALONS_PRIVES_NATIVE-768x401.png","medium_large-width":768,"medium_large-height":401,"large":"https:\/\/cdn.bymycar.eu\/fr-webzine\/wp-content\/uploads\/medias\/MB_CARS_VN_SALONS_PRIVES_NATIVE-1024x535.png","large-width":1024,"large-height":535,"1536x1536":"https:\/\/cdn.bymycar.eu\/fr-webzine\/wp-content\/uploads\/medias\/MB_CARS_VN_SALONS_PRIVES_NATIVE.png","1536x1536-width":1200,"1536x1536-height":627,"2048x2048":"https:\/\/cdn.bymycar.eu\/fr-webzine\/wp-content\/uploads\/medias\/MB_CARS_VN_SALONS_PRIVES_NATIVE.png","2048x2048-width":1200,"2048x2048-height":627}},"page_content":{"block_content":[{"acf_fc_layout":"text-image","--nav":{"-withNav":false,"-ancre":""},"--group":{"-image":{"ID":56278,"id":56278,"title":"4","filename":"4.png","filesize":1207171,"url":"https:\/\/cdn.bymycar.eu\/fr-webzine\/wp-content\/uploads\/medias\/4.png","link":"https:\/\/www.bymycar.fr\/webzine\/les-salons-prives-mercedes-benz\/4-13\/","alt":"","author":"26","description":"","caption":"","name":"4-13","status":"inherit","uploaded_to":56267,"date":"2024-10-09 18:18:53","modified":"2024-10-09 18:18:53","menu_order":0,"mime_type":"image\/png","type":"image","subtype":"png","icon":"https:\/\/www.bymycar.fr\/webzine\/wp-includes\/images\/media\/default.png","width":1200,"height":627,"sizes":{"thumbnail":"https:\/\/cdn.bymycar.eu\/fr-webzine\/wp-content\/uploads\/medias\/4-150x150.png","thumbnail-width":150,"thumbnail-height":150,"medium":"https:\/\/cdn.bymycar.eu\/fr-webzine\/wp-content\/uploads\/medias\/4-300x157.png","medium-width":300,"medium-height":157,"medium_large":"https:\/\/cdn.bymycar.eu\/fr-webzine\/wp-content\/uploads\/medias\/4-768x401.png","medium_large-width":768,"medium_large-height":401,"large":"https:\/\/cdn.bymycar.eu\/fr-webzine\/wp-content\/uploads\/medias\/4-1024x535.png","large-width":1024,"large-height":535,"1536x1536":"https:\/\/cdn.bymycar.eu\/fr-webzine\/wp-content\/uploads\/medias\/4.png","1536x1536-width":1200,"1536x1536-height":627,"2048x2048":"https:\/\/cdn.bymycar.eu\/fr-webzine\/wp-content\/uploads\/medias\/4.png","2048x2048-width":1200,"2048x2048-height":627}},"-title":"","-text":"<h2 class=\"owc-simple-teaser-item__headline\"><span style=\"font-family: helvetica, arial, sans-serif;\">Classe A Compacte<\/span><\/h2>\n<div class=\"owc-simple-teaser-item__description owc-rte-stylings\">\n<p><span style=\"font-family: helvetica, arial, sans-serif;\">\u00c0 partir de\u00a0<b>430 \u20ac\/mois<\/b><sup>[1]<\/sup>\u00a0sans apport LLD 37 mois \/ 45000 km et\u00a0b\u00e9n\u00e9ficiez de 2 services offerts dans l&rsquo;offre ServiceCare**.<\/span><\/p>\n<\/div>\n"}},{"acf_fc_layout":"text-image","--nav":{"-withNav":false,"-ancre":""},"--group":{"-image":{"ID":56279,"id":56279,"title":"1","filename":"1.png","filesize":1218594,"url":"https:\/\/cdn.bymycar.eu\/fr-webzine\/wp-content\/uploads\/medias\/1.png","link":"https:\/\/www.bymycar.fr\/webzine\/les-salons-prives-mercedes-benz\/1-33\/","alt":"","author":"26","description":"","caption":"","name":"1-33","status":"inherit","uploaded_to":56267,"date":"2024-10-09 18:19:00","modified":"2024-10-09 18:19:00","menu_order":0,"mime_type":"image\/png","type":"image","subtype":"png","icon":"https:\/\/www.bymycar.fr\/webzine\/wp-includes\/images\/media\/default.png","width":1200,"height":627,"sizes":{"thumbnail":"https:\/\/cdn.bymycar.eu\/fr-webzine\/wp-content\/uploads\/medias\/1-150x150.png","thumbnail-width":150,"thumbnail-height":150,"medium":"https:\/\/cdn.bymycar.eu\/fr-webzine\/wp-content\/uploads\/medias\/1-300x157.png","medium-width":300,"medium-height":157,"medium_large":"https:\/\/cdn.bymycar.eu\/fr-webzine\/wp-content\/uploads\/medias\/1-768x401.png","medium_large-width":768,"medium_large-height":401,"large":"https:\/\/cdn.bymycar.eu\/fr-webzine\/wp-content\/uploads\/medias\/1-1024x535.png","large-width":1024,"large-height":535,"1536x1536":"https:\/\/cdn.bymycar.eu\/fr-webzine\/wp-content\/uploads\/medias\/1.png","1536x1536-width":1200,"1536x1536-height":627,"2048x2048":"https:\/\/cdn.bymycar.eu\/fr-webzine\/wp-content\/uploads\/medias\/1.png","2048x2048-width":1200,"2048x2048-height":627}},"-title":"","-text":"<h2 class=\"owc-simple-teaser-item__headline\"><span style=\"font-family: helvetica, arial, sans-serif;\">GLA<\/span><\/h2>\n<div class=\"owc-simple-teaser-item__description owc-rte-stylings\">\n<p><span style=\"font-family: helvetica, arial, sans-serif;\">\u00c0 partir de\u00a0<b>470 \u20ac\/mois<\/b><sup>[2]<\/sup>\u00a0sans apport LLD 37 mois \/ 45 000 km et\u00a0b\u00e9n\u00e9ficiez de 2 services offerts dans l&rsquo;offre ServiceCare**.<\/span><\/p>\n<\/div>\n"}},{"acf_fc_layout":"text-image","--nav":{"-withNav":false,"-ancre":""},"--group":{"-image":{"ID":56280,"id":56280,"title":"2","filename":"2.png","filesize":1205794,"url":"https:\/\/cdn.bymycar.eu\/fr-webzine\/wp-content\/uploads\/medias\/2.png","link":"https:\/\/www.bymycar.fr\/webzine\/les-salons-prives-mercedes-benz\/2-31\/","alt":"","author":"26","description":"","caption":"","name":"2-31","status":"inherit","uploaded_to":56267,"date":"2024-10-09 18:19:07","modified":"2024-10-09 18:19:07","menu_order":0,"mime_type":"image\/png","type":"image","subtype":"png","icon":"https:\/\/www.bymycar.fr\/webzine\/wp-includes\/images\/media\/default.png","width":1200,"height":627,"sizes":{"thumbnail":"https:\/\/cdn.bymycar.eu\/fr-webzine\/wp-content\/uploads\/medias\/2-150x150.png","thumbnail-width":150,"thumbnail-height":150,"medium":"https:\/\/cdn.bymycar.eu\/fr-webzine\/wp-content\/uploads\/medias\/2-300x157.png","medium-width":300,"medium-height":157,"medium_large":"https:\/\/cdn.bymycar.eu\/fr-webzine\/wp-content\/uploads\/medias\/2-768x401.png","medium_large-width":768,"medium_large-height":401,"large":"https:\/\/cdn.bymycar.eu\/fr-webzine\/wp-content\/uploads\/medias\/2-1024x535.png","large-width":1024,"large-height":535,"1536x1536":"https:\/\/cdn.bymycar.eu\/fr-webzine\/wp-content\/uploads\/medias\/2.png","1536x1536-width":1200,"1536x1536-height":627,"2048x2048":"https:\/\/cdn.bymycar.eu\/fr-webzine\/wp-content\/uploads\/medias\/2.png","2048x2048-width":1200,"2048x2048-height":627}},"-title":"","-text":"<h2 class=\"owc-simple-teaser-item__headline\"><span style=\"font-family: helvetica, arial, sans-serif;\">EQA<\/span><\/h2>\n<div class=\"owc-simple-teaser-item__description owc-rte-stylings\">\n<p><span style=\"font-family: helvetica, arial, sans-serif;\">\u00c0 partir de\u00a0<b>399 \u20ac\/mois<\/b><sup>[3]<\/sup>\u00a0&#8211; 1<sup>er<\/sup>\u00a0loyer major\u00e9 de 4 600 \u20ac &#8211; Bonus \u00e9cologique de 4 000 \u20ac d\u00e9duit***. LLD 37 mois \/ 45 000 km.<\/span><\/p>\n<\/div>\n"}},{"acf_fc_layout":"text-image","--nav":{"-withNav":false,"-ancre":""},"--group":{"-image":{"ID":56281,"id":56281,"title":"3","filename":"3.png","filesize":1331868,"url":"https:\/\/cdn.bymycar.eu\/fr-webzine\/wp-content\/uploads\/medias\/3.png","link":"https:\/\/www.bymycar.fr\/webzine\/les-salons-prives-mercedes-benz\/3-17\/","alt":"","author":"26","description":"","caption":"","name":"3-17","status":"inherit","uploaded_to":56267,"date":"2024-10-09 18:19:14","modified":"2024-10-09 18:19:14","menu_order":0,"mime_type":"image\/png","type":"image","subtype":"png","icon":"https:\/\/www.bymycar.fr\/webzine\/wp-includes\/images\/media\/default.png","width":1200,"height":627,"sizes":{"thumbnail":"https:\/\/cdn.bymycar.eu\/fr-webzine\/wp-content\/uploads\/medias\/3-150x150.png","thumbnail-width":150,"thumbnail-height":150,"medium":"https:\/\/cdn.bymycar.eu\/fr-webzine\/wp-content\/uploads\/medias\/3-300x157.png","medium-width":300,"medium-height":157,"medium_large":"https:\/\/cdn.bymycar.eu\/fr-webzine\/wp-content\/uploads\/medias\/3-768x401.png","medium_large-width":768,"medium_large-height":401,"large":"https:\/\/cdn.bymycar.eu\/fr-webzine\/wp-content\/uploads\/medias\/3-1024x535.png","large-width":1024,"large-height":535,"1536x1536":"https:\/\/cdn.bymycar.eu\/fr-webzine\/wp-content\/uploads\/medias\/3.png","1536x1536-width":1200,"1536x1536-height":627,"2048x2048":"https:\/\/cdn.bymycar.eu\/fr-webzine\/wp-content\/uploads\/medias\/3.png","2048x2048-width":1200,"2048x2048-height":627}},"-title":"","-text":"<h2 class=\"owc-simple-teaser-item__headline\"><span style=\"font-family: helvetica, arial, sans-serif;\">GLC SUV<\/span><\/h2>\n<div class=\"owc-simple-teaser-item__description owc-rte-stylings\">\n<p><span style=\"font-family: helvetica, arial, sans-serif;\">\u00c0 partir de\u00a0<b>750 \u20ac\/mois<\/b><sup>[4]<\/sup>\u00a0sans apport LLD 37 mois \/ 60 000 km et\u00a0b\u00e9n\u00e9ficiez de 2 services offerts dans l&rsquo;offre ServiceCare**.<\/span><\/p>\n<\/div>\n"}},{"acf_fc_layout":"text-simple","--nav":{"-withNav":false,"-ancre":""},"--group":{"-text":"<p>Rendez-vous sans plus attendre chez Mercedes BYmyCAR Toulon, Roquebrune-sur-Argens, Cannes &amp; Villeneuve-Loubet.<\/p>\n"}}]},"add-carousel-to-footer":true},"yoast_head":"<!-- This site is optimized with the Yoast SEO Premium plugin v26.4 (Yoast SEO v26.4) - https:\/\/yoast.com\/wordpress\/plugins\/seo\/ -->\n<title>Les Salons Priv\u00e9s Mercedes-Benz<\/title>\n<meta name=\"robots\" content=\"index, follow, max-snippet:-1, max-image-preview:large, max-video-preview:-1\" \/>\n<link rel=\"canonical\" href=\"https:\/\/www.bymycar.fr\/webzine\/les-salons-prives-mercedes-benz\/\" \/>\n<meta property=\"og:locale\" content=\"fr_FR\" \/>\n<meta property=\"og:type\" content=\"article\" \/>\n<meta property=\"og:title\" content=\"Les Salons Priv\u00e9s Mercedes-Benz\" \/>\n<meta property=\"og:url\" content=\"https:\/\/www.bymycar.fr\/webzine\/les-salons-prives-mercedes-benz\/\" \/>\n<meta property=\"og:site_name\" content=\"Webzine auto BYmyCAR\" \/>\n<meta property=\"article:published_time\" content=\"2024-10-09T18:27:08+00:00\" \/>\n<meta property=\"article:modified_time\" content=\"2025-01-28T13:31:14+00:00\" \/>\n<meta property=\"og:image\" content=\"https:\/\/cdn.bymycar.eu\/fr-webzine\/wp-content\/uploads\/medias\/MB_CARS_VN_SALONS_PRIVES_NATIVE.png\" \/>\n\t<meta property=\"og:image:width\" content=\"1200\" \/>\n\t<meta property=\"og:image:height\" content=\"627\" \/>\n\t<meta property=\"og:image:type\" content=\"image\/png\" \/>\n<meta name=\"author\" content=\"Romane Bachi\" \/>\n<meta name=\"twitter:card\" content=\"summary_large_image\" \/>\n<meta name=\"twitter:label1\" content=\"\u00c9crit par\" \/>\n\t<meta name=\"twitter:data1\" content=\"Romane Bachi\" \/>\n<script type=\"application\/ld+json\" class=\"yoast-schema-graph\">{\"@context\":\"https:\/\/schema.org\",\"@graph\":[{\"@type\":\"Article\",\"@id\":\"https:\/\/www.bymycar.fr\/webzine\/les-salons-prives-mercedes-benz\/#article\",\"isPartOf\":{\"@id\":\"https:\/\/www.bymycar.fr\/webzine\/les-salons-prives-mercedes-benz\/\"},\"author\":{\"name\":\"Romane Bachi\",\"@id\":\"https:\/\/www.bymycar.fr\/webzine\/#\/schema\/person\/431493796d18cf15420e51b4412ad259\"},\"headline\":\"Les Salons Priv\u00e9s Mercedes-Benz\",\"datePublished\":\"2024-10-09T18:27:08+00:00\",\"dateModified\":\"2025-01-28T13:31:14+00:00\",\"mainEntityOfPage\":{\"@id\":\"https:\/\/www.bymycar.fr\/webzine\/les-salons-prives-mercedes-benz\/\"},\"wordCount\":5,\"publisher\":{\"@id\":\"https:\/\/www.bymycar.fr\/webzine\/#organization\"},\"image\":{\"@id\":\"https:\/\/www.bymycar.fr\/webzine\/les-salons-prives-mercedes-benz\/#primaryimage\"},\"thumbnailUrl\":\"https:\/\/cdn.bymycar.eu\/fr-webzine\/wp-content\/uploads\/medias\/MB_CARS_VN_SALONS_PRIVES_NATIVE.png\",\"articleSection\":[\"Actualit\u00e9s des concessions\"],\"inLanguage\":\"fr-FR\"},{\"@type\":\"WebPage\",\"@id\":\"https:\/\/www.bymycar.fr\/webzine\/les-salons-prives-mercedes-benz\/\",\"url\":\"https:\/\/www.bymycar.fr\/webzine\/les-salons-prives-mercedes-benz\/\",\"name\":\"Les Salons Priv\u00e9s Mercedes-Benz\",\"isPartOf\":{\"@id\":\"https:\/\/www.bymycar.fr\/webzine\/#website\"},\"primaryImageOfPage\":{\"@id\":\"https:\/\/www.bymycar.fr\/webzine\/les-salons-prives-mercedes-benz\/#primaryimage\"},\"image\":{\"@id\":\"https:\/\/www.bymycar.fr\/webzine\/les-salons-prives-mercedes-benz\/#primaryimage\"},\"thumbnailUrl\":\"https:\/\/cdn.bymycar.eu\/fr-webzine\/wp-content\/uploads\/medias\/MB_CARS_VN_SALONS_PRIVES_NATIVE.png\",\"datePublished\":\"2024-10-09T18:27:08+00:00\",\"dateModified\":\"2025-01-28T13:31:14+00:00\",\"breadcrumb\":{\"@id\":\"https:\/\/www.bymycar.fr\/webzine\/les-salons-prives-mercedes-benz\/#breadcrumb\"},\"inLanguage\":\"fr-FR\",\"potentialAction\":[{\"@type\":\"ReadAction\",\"target\":[\"https:\/\/www.bymycar.fr\/webzine\/les-salons-prives-mercedes-benz\/\"]}]},{\"@type\":\"ImageObject\",\"inLanguage\":\"fr-FR\",\"@id\":\"https:\/\/www.bymycar.fr\/webzine\/les-salons-prives-mercedes-benz\/#primaryimage\",\"url\":\"https:\/\/cdn.bymycar.eu\/fr-webzine\/wp-content\/uploads\/medias\/MB_CARS_VN_SALONS_PRIVES_NATIVE.png\",\"contentUrl\":\"https:\/\/cdn.bymycar.eu\/fr-webzine\/wp-content\/uploads\/medias\/MB_CARS_VN_SALONS_PRIVES_NATIVE.png\",\"width\":1200,\"height\":627},{\"@type\":\"BreadcrumbList\",\"@id\":\"https:\/\/www.bymycar.fr\/webzine\/les-salons-prives-mercedes-benz\/#breadcrumb\",\"itemListElement\":[{\"@type\":\"ListItem\",\"position\":1,\"name\":\"Accueil\",\"item\":\"https:\/\/www.bymycar.fr\/webzine\/\"},{\"@type\":\"ListItem\",\"position\":2,\"name\":\"Les Salons Priv\u00e9s Mercedes-Benz\"}]},{\"@type\":\"WebSite\",\"@id\":\"https:\/\/www.bymycar.fr\/webzine\/#website\",\"url\":\"https:\/\/www.bymycar.fr\/webzine\/\",\"name\":\"Webzine auto BYmyCAR\",\"description\":\"La magazine auto de BYmyCAR\",\"publisher\":{\"@id\":\"https:\/\/www.bymycar.fr\/webzine\/#organization\"},\"potentialAction\":[{\"@type\":\"SearchAction\",\"target\":{\"@type\":\"EntryPoint\",\"urlTemplate\":\"https:\/\/www.bymycar.fr\/webzine\/?s={search_term_string}\"},\"query-input\":{\"@type\":\"PropertyValueSpecification\",\"valueRequired\":true,\"valueName\":\"search_term_string\"}}],\"inLanguage\":\"fr-FR\"},{\"@type\":\"Organization\",\"@id\":\"https:\/\/www.bymycar.fr\/webzine\/#organization\",\"name\":\"BYmyCAR\",\"url\":\"https:\/\/www.bymycar.fr\/webzine\/\",\"logo\":{\"@type\":\"ImageObject\",\"inLanguage\":\"fr-FR\",\"@id\":\"https:\/\/www.bymycar.fr\/webzine\/#\/schema\/logo\/image\/\",\"url\":\"https:\/\/cdn.bymycar.eu\/fr-webzine\/wp-content\/uploads\/medias\/2017\/08\/logo_DEALER_00000406_001.png\",\"contentUrl\":\"https:\/\/cdn.bymycar.eu\/fr-webzine\/wp-content\/uploads\/medias\/2017\/08\/logo_DEALER_00000406_001.png\",\"width\":2132,\"height\":720,\"caption\":\"BYmyCAR\"},\"image\":{\"@id\":\"https:\/\/www.bymycar.fr\/webzine\/#\/schema\/logo\/image\/\"}},{\"@type\":\"Person\",\"@id\":\"https:\/\/www.bymycar.fr\/webzine\/#\/schema\/person\/431493796d18cf15420e51b4412ad259\",\"name\":\"Romane Bachi\",\"image\":{\"@type\":\"ImageObject\",\"inLanguage\":\"fr-FR\",\"@id\":\"https:\/\/www.bymycar.fr\/webzine\/#\/schema\/person\/image\/\",\"url\":\"https:\/\/secure.gravatar.com\/avatar\/e51d4400a8d88b09c857e48b529b085dd7d56a15328b4305e818ea03c1e3843a?s=96&d=mm&r=g\",\"contentUrl\":\"https:\/\/secure.gravatar.com\/avatar\/e51d4400a8d88b09c857e48b529b085dd7d56a15328b4305e818ea03c1e3843a?s=96&d=mm&r=g\",\"caption\":\"Romane Bachi\"}}]}<\/script>\n<!-- \/ Yoast SEO Premium plugin. -->","yoast_head_json":{"title":"Les Salons Priv\u00e9s Mercedes-Benz","robots":{"index":"index","follow":"follow","max-snippet":"max-snippet:-1","max-image-preview":"max-image-preview:large","max-video-preview":"max-video-preview:-1"},"canonical":"https:\/\/www.bymycar.fr\/webzine\/les-salons-prives-mercedes-benz\/","og_locale":"fr_FR","og_type":"article","og_title":"Les Salons Priv\u00e9s Mercedes-Benz","og_url":"https:\/\/www.bymycar.fr\/webzine\/les-salons-prives-mercedes-benz\/","og_site_name":"Webzine auto BYmyCAR","article_published_time":"2024-10-09T18:27:08+00:00","article_modified_time":"2025-01-28T13:31:14+00:00","og_image":[{"width":1200,"height":627,"url":"https:\/\/cdn.bymycar.eu\/fr-webzine\/wp-content\/uploads\/medias\/MB_CARS_VN_SALONS_PRIVES_NATIVE.png","type":"image\/png"}],"author":"Romane Bachi","twitter_card":"summary_large_image","twitter_misc":{"\u00c9crit par":"Romane Bachi"},"schema":{"@context":"https:\/\/schema.org","@graph":[{"@type":"Article","@id":"https:\/\/www.bymycar.fr\/webzine\/les-salons-prives-mercedes-benz\/#article","isPartOf":{"@id":"https:\/\/www.bymycar.fr\/webzine\/les-salons-prives-mercedes-benz\/"},"author":{"name":"Romane Bachi","@id":"https:\/\/www.bymycar.fr\/webzine\/#\/schema\/person\/431493796d18cf15420e51b4412ad259"},"headline":"Les Salons Priv\u00e9s Mercedes-Benz","datePublished":"2024-10-09T18:27:08+00:00","dateModified":"2025-01-28T13:31:14+00:00","mainEntityOfPage":{"@id":"https:\/\/www.bymycar.fr\/webzine\/les-salons-prives-mercedes-benz\/"},"wordCount":5,"publisher":{"@id":"https:\/\/www.bymycar.fr\/webzine\/#organization"},"image":{"@id":"https:\/\/www.bymycar.fr\/webzine\/les-salons-prives-mercedes-benz\/#primaryimage"},"thumbnailUrl":"https:\/\/cdn.bymycar.eu\/fr-webzine\/wp-content\/uploads\/medias\/MB_CARS_VN_SALONS_PRIVES_NATIVE.png","articleSection":["Actualit\u00e9s des concessions"],"inLanguage":"fr-FR"},{"@type":"WebPage","@id":"https:\/\/www.bymycar.fr\/webzine\/les-salons-prives-mercedes-benz\/","url":"https:\/\/www.bymycar.fr\/webzine\/les-salons-prives-mercedes-benz\/","name":"Les Salons Priv\u00e9s Mercedes-Benz","isPartOf":{"@id":"https:\/\/www.bymycar.fr\/webzine\/#website"},"primaryImageOfPage":{"@id":"https:\/\/www.bymycar.fr\/webzine\/les-salons-prives-mercedes-benz\/#primaryimage"},"image":{"@id":"https:\/\/www.bymycar.fr\/webzine\/les-salons-prives-mercedes-benz\/#primaryimage"},"thumbnailUrl":"https:\/\/cdn.bymycar.eu\/fr-webzine\/wp-content\/uploads\/medias\/MB_CARS_VN_SALONS_PRIVES_NATIVE.png","datePublished":"2024-10-09T18:27:08+00:00","dateModified":"2025-01-28T13:31:14+00:00","breadcrumb":{"@id":"https:\/\/www.bymycar.fr\/webzine\/les-salons-prives-mercedes-benz\/#breadcrumb"},"inLanguage":"fr-FR","potentialAction":[{"@type":"ReadAction","target":["https:\/\/www.bymycar.fr\/webzine\/les-salons-prives-mercedes-benz\/"]}]},{"@type":"ImageObject","inLanguage":"fr-FR","@id":"https:\/\/www.bymycar.fr\/webzine\/les-salons-prives-mercedes-benz\/#primaryimage","url":"https:\/\/cdn.bymycar.eu\/fr-webzine\/wp-content\/uploads\/medias\/MB_CARS_VN_SALONS_PRIVES_NATIVE.png","contentUrl":"https:\/\/cdn.bymycar.eu\/fr-webzine\/wp-content\/uploads\/medias\/MB_CARS_VN_SALONS_PRIVES_NATIVE.png","width":1200,"height":627},{"@type":"BreadcrumbList","@id":"https:\/\/www.bymycar.fr\/webzine\/les-salons-prives-mercedes-benz\/#breadcrumb","itemListElement":[{"@type":"ListItem","position":1,"name":"Accueil","item":"https:\/\/www.bymycar.fr\/webzine\/"},{"@type":"ListItem","position":2,"name":"Les Salons Priv\u00e9s Mercedes-Benz"}]},{"@type":"WebSite","@id":"https:\/\/www.bymycar.fr\/webzine\/#website","url":"https:\/\/www.bymycar.fr\/webzine\/","name":"Webzine auto BYmyCAR","description":"La magazine auto de BYmyCAR","publisher":{"@id":"https:\/\/www.bymycar.fr\/webzine\/#organization"},"potentialAction":[{"@type":"SearchAction","target":{"@type":"EntryPoint","urlTemplate":"https:\/\/www.bymycar.fr\/webzine\/?s={search_term_string}"},"query-input":{"@type":"PropertyValueSpecification","valueRequired":true,"valueName":"search_term_string"}}],"inLanguage":"fr-FR"},{"@type":"Organization","@id":"https:\/\/www.bymycar.fr\/webzine\/#organization","name":"BYmyCAR","url":"https:\/\/www.bymycar.fr\/webzine\/","logo":{"@type":"ImageObject","inLanguage":"fr-FR","@id":"https:\/\/www.bymycar.fr\/webzine\/#\/schema\/logo\/image\/","url":"https:\/\/cdn.bymycar.eu\/fr-webzine\/wp-content\/uploads\/medias\/2017\/08\/logo_DEALER_00000406_001.png","contentUrl":"https:\/\/cdn.bymycar.eu\/fr-webzine\/wp-content\/uploads\/medias\/2017\/08\/logo_DEALER_00000406_001.png","width":2132,"height":720,"caption":"BYmyCAR"},"image":{"@id":"https:\/\/www.bymycar.fr\/webzine\/#\/schema\/logo\/image\/"}},{"@type":"Person","@id":"https:\/\/www.bymycar.fr\/webzine\/#\/schema\/person\/431493796d18cf15420e51b4412ad259","name":"Romane Bachi","image":{"@type":"ImageObject","inLanguage":"fr-FR","@id":"https:\/\/www.bymycar.fr\/webzine\/#\/schema\/person\/image\/","url":"https:\/\/secure.gravatar.com\/avatar\/e51d4400a8d88b09c857e48b529b085dd7d56a15328b4305e818ea03c1e3843a?s=96&d=mm&r=g","contentUrl":"https:\/\/secure.gravatar.com\/avatar\/e51d4400a8d88b09c857e48b529b085dd7d56a15328b4305e818ea03c1e3843a?s=96&d=mm&r=g","caption":"Romane Bachi"}}]}},"_links":{"self":[{"href":"https:\/\/www.bymycar.fr\/webzine\/wp-json\/wp\/v2\/posts\/56267","targetHints":{"allow":["GET"]}}],"collection":[{"href":"https:\/\/www.bymycar.fr\/webzine\/wp-json\/wp\/v2\/posts"}],"about":[{"href":"https:\/\/www.bymycar.fr\/webzine\/wp-json\/wp\/v2\/types\/post"}],"author":[{"embeddable":true,"href":"https:\/\/www.bymycar.fr\/webzine\/wp-json\/wp\/v2\/users\/26"}],"replies":[{"embeddable":true,"href":"https:\/\/www.bymycar.fr\/webzine\/wp-json\/wp\/v2\/comments?post=56267"}],"version-history":[{"count":3,"href":"https:\/\/www.bymycar.fr\/webzine\/wp-json\/wp\/v2\/posts\/56267\/revisions"}],"predecessor-version":[{"id":56284,"href":"https:\/\/www.bymycar.fr\/webzine\/wp-json\/wp\/v2\/posts\/56267\/revisions\/56284"}],"wp:featuredmedia":[{"embeddable":true,"href":"https:\/\/www.bymycar.fr\/webzine\/wp-json\/wp\/v2\/media\/56277"}],"wp:attachment":[{"href":"https:\/\/www.bymycar.fr\/webzine\/wp-json\/wp\/v2\/media?parent=56267"}],"wp:term":[{"taxonomy":"category","embeddable":true,"href":"https:\/\/www.bymycar.fr\/webzine\/wp-json\/wp\/v2\/categories?post=56267"},{"taxonomy":"post_tag","embeddable":true,"href":"https:\/\/www.bymycar.fr\/webzine\/wp-json\/wp\/v2\/tags?post=56267"}],"curies":[{"name":"wp","href":"https:\/\/api.w.org\/{rel}","templated":true}]}}