{"id":53670,"date":"2024-08-14T13:51:55","date_gmt":"2024-08-14T11:51:55","guid":{"rendered":"https:\/\/prod.bymycar.fr\/webzine\/?p=53670"},"modified":"2025-09-09T11:47:59","modified_gmt":"2025-09-09T09:47:59","slug":"ou-placer-la-vignette-critair-sur-le-pare-brise","status":"publish","type":"post","link":"https:\/\/www.bymycar.fr\/webzine\/ou-placer-la-vignette-critair-sur-le-pare-brise\/","title":{"rendered":"O\u00f9 placer la vignette Crit&rsquo;Air sur le pare-brise ?"},"content":{"rendered":"","protected":false},"excerpt":{"rendered":"","protected":false},"author":88,"featured_media":0,"comment_status":"closed","ping_status":"open","sticky":false,"template":"","format":"standard","meta":{"_acf_changed":false,"footnotes":""},"categories":[8],"tags":[],"class_list":["post-53670","post","type-post","status-publish","format-standard","hentry","category-lifestyle"],"acf":{"template":"classique","introduction":"<p>La vignette Crit&rsquo;Air est un dispositif qui classe les v\u00e9hicules en fonction de leurs \u00e9missions polluantes. Il s&rsquo;agit d&rsquo;un autocollant obligatoire \u00e0 apposer sur le pare-brise de votre v\u00e9hicule, \u00e0 l&rsquo;int\u00e9rieur, en bas \u00e0 droite pour \u00eatre pr\u00e9cis. C&rsquo;est une mesure de la r\u00e9glementation fran\u00e7aise pour combattre la pollution, notamment dans les zones \u00e0 faibles \u00e9missions comme Paris. Si elle n&rsquo;est pas visible de l&rsquo;ext\u00e9rieur, vous risquez une amende. Alors, comment coller correctement cette pastille verte ? Suivez le guide.<\/p>\n<p>&nbsp;<\/p>\n<p>&nbsp;<\/p>\n<p style=\"text-align: center;\"><a href=\"https:\/\/www.bymycar.fr\/v\/liste-voiture-crit-air-1\" target=\"_blank\" class=\"css-button css-button--gold\" >\n                Nos v\u00e9hicules Crit'Air 1 en stock\n        <\/a><\/p>\n","strates":[{"type_strate":"texte-simple","ancre":"","contenu":"<h2 data-placeholder-blurred=\"R\u00e9digez un contenu\" data-placeholder-focused=\"Heading 2\">Comprendre la vignette Crit&rsquo;Air et son utilit\u00e9<\/h2>\n<p>La <strong>vignette Crit&rsquo;Air<\/strong> est bien plus qu&rsquo;un simple autocollant. Elle constitue un moyen efficace pour lutter contre la pollution et promouvoir l&rsquo;utilisation de v\u00e9hicules moins polluants. En fonction du niveau d&rsquo;\u00e9missions de votre v\u00e9hicule, vous recevez une vignette de couleur sp\u00e9cifique, qui d\u00e9termine votre acc\u00e8s \u00e0 certaines zones \u00e0 faible \u00e9mission. Ainsi, la vignette Crit&rsquo;Air n&rsquo;est pas seulement une obligation l\u00e9gale, mais elle joue un r\u00f4le crucial dans la protection de l&rsquo;environnement.<\/p>\n<ul>\n<li><strong>Lutte contre la pollution<\/strong> : En limitant l&rsquo;acc\u00e8s aux zones \u00e0 faible \u00e9mission aux v\u00e9hicules les moins polluants, la vignette contribue \u00e0 r\u00e9duire le niveau global de pollution.<\/li>\n<li><strong>Promotion des v\u00e9hicules propres<\/strong> : Les v\u00e9hicules \u00e9lectriques et hybrides, qui re\u00e7oivent la vignette verte (Crit&rsquo;Air 0), sont autoris\u00e9s \u00e0 circuler partout, y compris dans les zones \u00e0 faible \u00e9mission.<\/li>\n<li><strong>Contr\u00f4le facilit\u00e9<\/strong> : Pour les agents de contr\u00f4le, la vignette Crit&rsquo;Air rend plus facile l&rsquo;identification des v\u00e9hicules non conformes aux r\u00e9glementations en vigueur.<\/li>\n<\/ul>\n<h2>Qu&rsquo;est-ce que la vignette Crit&rsquo;Air ?<\/h2>\n<p>La <strong>vignette Crit&rsquo;Air<\/strong>, aussi connue sous le nom de certificat qualit\u00e9 de l&rsquo;air, est une certification qui \u00e9value le niveau de pollution \u00e9mis par un v\u00e9hicule. Elle se pr\u00e9sente sous forme de pastille autocollante \u00e0 positionner sur le pare-brise du v\u00e9hicule. Chaque vignette correspond \u00e0 une <strong>classe environnementale<\/strong> d\u00e9finie en fonction des \u00e9missions de polluants atmosph\u00e9riques du v\u00e9hicule. Ces classes vont de 1 \u00e0 5, et une classe sp\u00e9cifique est r\u00e9serv\u00e9e aux v\u00e9hicules \u00e9lectriques. Outre le fait de permettre une classification environnementale des v\u00e9hicules, la vignette Crit&rsquo;Air joue un r\u00f4le important dans le cadre de la <strong>circulation diff\u00e9renci\u00e9e<\/strong> lors des pics de pollution.<\/p>\n<h2>La r\u00e9glementation autour de la vignette Crit&rsquo;Air en 2024<\/h2>\n<h3>Est-ce obligatoire de coller la vignette Crit&rsquo;Air ?<\/h3>\n<p>La vignette Crit&rsquo;Air est soumise \u00e0 une r\u00e9glementation pr\u00e9cise. Elle est <strong>obligatoire<\/strong> pour circuler dans certaines zones, notamment les Zones \u00e0 Faibles Emissions (ZFE). Les v\u00e9hicules sans cette vignette sont passibles d&rsquo;une <strong>amende forfaitaire<\/strong>.<\/p>\n<p>L&rsquo;obligation de l&rsquo;apposition de cette vignette s&rsquo;\u00e9tend \u00e0 tous les v\u00e9hicules : voitures, utilitaires l\u00e9gers, poids lourds et deux-roues. Le placement varie selon le type de v\u00e9hicule. Pour les voitures et les utilitaires l\u00e9gers, elle doit \u00eatre plac\u00e9e sur l&rsquo;<strong>inf\u00e9rieure droite du pare-brise<\/strong>. Pour les deux-roues, le certificat se positionne sur leur fourche.<\/p>\n<p>En cas de <strong>changement de pare-brise<\/strong>, une <strong>nouvelle vignette Crit&rsquo;Air<\/strong> doit \u00eatre command\u00e9e.<\/p>\n<p>Il est crucial de se procurer la vignette via le <strong>service de d\u00e9livrance<\/strong> officiel pour \u00e9viter les sites frauduleux. La demande se fait g\u00e9n\u00e9ralement en ligne en remplissant un <strong>formulaire de demande<\/strong> et en fournissant des informations du <strong>certificat d&rsquo;immatriculation<\/strong> (carte grise) du v\u00e9hicule.<\/p>\n<h2>Les diff\u00e9rentes classes et couleurs de la vignette Crit&rsquo;Air<\/h2>\n<h3>Quelle vignette Crit&rsquo;Air pour mon v\u00e9hicule ?<\/h3>\n<p>La vignette Crit&rsquo;Air se d\u00e9cline en six classes, allant de 0 \u00e0 5. Chaque classe est associ\u00e9e \u00e0 une couleur sp\u00e9cifique.<\/p>\n<ul>\n<li><strong>Crit&rsquo;Air 0<\/strong> : La vignette est verte, elle concerne les v\u00e9hicules 100% \u00e9lectriques et \u00e0 hydrog\u00e8ne.<\/li>\n<li><strong>Crit&rsquo;Air 1<\/strong> : De couleur violette, elle est attribu\u00e9e aux v\u00e9hicules \u00e0 essence, gaz, et hybrides rechargeables r\u00e9pondant aux normes Euro5 et Euro6.<\/li>\n<li><strong>Crit&rsquo;Air 2<\/strong> : La vignette est jaune, elle concerne les v\u00e9hicules \u00e0 essence Euro4 et les v\u00e9hicules diesel Euro5 et Euro6.<\/li>\n<li><strong>Crit&rsquo;Air 3<\/strong> : De couleur orange, elle est destin\u00e9e aux v\u00e9hicules \u00e0 essence Euro2 et Euro3, ainsi qu&rsquo;aux v\u00e9hicules diesel Euro4.<\/li>\n<\/ul>\n<p>Les couleurs pour les classes Crit&rsquo;Air 4 et 5 seront d\u00e9taill\u00e9es dans la section suivante.<\/p>\n<h2>O\u00f9 placer votre autocollant Crit&rsquo;Air ?<\/h2>\n<p>L&#8217;emplacement de la vignette Crit&rsquo;Air est r\u00e9glement\u00e9. Pour les v\u00e9hicules avec pare-brise, l&rsquo;autocollant doit \u00eatre coll\u00e9 \u00e0 l&rsquo;int\u00e9rieur du v\u00e9hicule, en bas \u00e0 droite du pare-brise. Ce positionnement permet une visibilit\u00e9 optimale de l&rsquo;ext\u00e9rieur, sans pour autant entraver la visibilit\u00e9 du conducteur.<\/p>\n<p>Cependant, l&#8217;emplacement varie pour les v\u00e9hicules sans pare-brise comme les motos. Pour ces derniers, la vignette doit \u00eatre plac\u00e9e \u00e0 l&rsquo;avant du v\u00e9hicule, sur une surface tr\u00e8s visible comme la fourche, le garde-boue ou le car\u00e9nage avant droit.<\/p>\n<p>Ces directives d&#8217;emplacement sont importantes car elles garantissent que la vignette peut \u00eatre facilement vue et lue par les forces de l&rsquo;ordre en cas de contr\u00f4le.<\/p>\n<h2>Utiliser un porte-vignette Crit&rsquo;Air<\/h2>\n<p>Un <strong>porte vignette Crit&rsquo;Air<\/strong> peut \u00eatre utilis\u00e9 pour faciliter le positionnement de la pastille sur le pare-brise. Il s&rsquo;agit d&rsquo;une petite pochette transparente, g\u00e9n\u00e9ralement en plastique, qui permet de maintenir la vignette en place tout en la prot\u00e9geant. Il est important de noter que l&rsquo;utilisation d&rsquo;un porte vignette n&rsquo;est pas une obligation. Cependant, il peut simplifier le processus de pose et de d\u00e9pose de la vignette, surtout en cas de remplacement du pare-brise. Il est \u00e9galement utile pour \u00e9viter le contact direct de la vignette avec le pare-brise, ce qui peut r\u00e9duire les risques de dommages. Pour des raisons de visibilit\u00e9 et de conformit\u00e9 avec la r\u00e9glementation, le porte vignette doit \u00eatre positionn\u00e9 sur la partie inf\u00e9rieure droite du pare-brise, \u00e0 l&rsquo;int\u00e9rieur du v\u00e9hicule.<\/p>\n<h2>Comment et o\u00f9 commander sa vignette Crit&rsquo;Air ?<\/h2>\n<p>Pour commander votre vignette Crit&rsquo;Air, rendez-vous sur le site officiel du gouvernement d\u00e9di\u00e9 \u00e0 cette d\u00e9marche. Vous aurez besoin de votre certificat d&rsquo;immatriculation (ou carte grise) pour remplir le formulaire en ligne. Les frais de traitement, \u00e0 r\u00e9gler par carte bancaire, s&rsquo;\u00e9l\u00e8vent \u00e0 3,62\u20ac. Votre vignette vous sera ensuite envoy\u00e9e par courrier \u00e0 l&rsquo;adresse indiqu\u00e9e lors de votre commande. Attention, aucune d\u00e9marche sp\u00e9cifique n&rsquo;est requise en cas de changement de pare-brise, il suffit de commander une nouvelle vignette.<\/p>\n<h2>Les zones \u00e0 faible \u00e9mission et l&rsquo;importance de la vignette Crit&rsquo;Air<\/h2>\n<p>Les <strong>Zones \u00e0 Faibles Emissions mobilit\u00e9 (ZFE-m)<\/strong> sont des zones g\u00e9ographiques o\u00f9 la circulation des v\u00e9hicules les plus polluants est restreinte, voire interdite. Actuellement, 11 m\u00e9tropoles en France ont adopt\u00e9 ce statut. La vignette Crit&rsquo;Air est alors essentielle pour circuler dans ces zones. Elle permet en effet d&rsquo;identifier le niveau d&rsquo;\u00e9mission de polluants atmosph\u00e9riques de chaque v\u00e9hicule. <a href=\"https:\/\/www.bymycar.fr\/webzine\/les-zones-a-faibles-emissions-zfe-evolution-des-mobilites-et-enjeux-en-2025\/\">D\u00e9couvrez les enjeux des ZFE en 2025<\/a><\/p>\n<p>L&rsquo;importance de cette vignette r\u00e9side dans son r\u00f4le pour la qualit\u00e9 de l&rsquo;air et la sant\u00e9 publique. Les ZFE-m visent \u00e0 r\u00e9duire les \u00e9missions polluantes et ainsi am\u00e9liorer la qualit\u00e9 de l&rsquo;air. Les v\u00e9hicules sans vignette Crit&rsquo;Air ou avec une vignette de cat\u00e9gorie trop \u00e9lev\u00e9e ne peuvent pas circuler dans ces zones, sous peine de sanctions l\u00e9gales.<\/p>\n<h2>Comment coller correctement sa vignette Crit&rsquo;Air sur le pare-brise ?<\/h2>\n<p>Pour assurer une <strong>bonne adh\u00e9rence<\/strong> de votre vignette Crit&rsquo;Air, il est pr\u00e9f\u00e9rable de commencer par nettoyer l&rsquo;int\u00e9rieur du pare-brise en bas \u00e0 droite. Assurez-vous que la surface est totalement s\u00e8che avant d&rsquo;appliquer la vignette. Ensuite, vous pouvez d\u00e9coller l&rsquo;autocollant par l&rsquo;arri\u00e8re du document et le placer sur la zone pr\u00e9alablement nettoy\u00e9e. Il est recommand\u00e9 de le faire depuis l&rsquo;int\u00e9rieur du v\u00e9hicule pour \u00e9viter toute alt\u00e9ration due aux intemp\u00e9ries. Le recto de l&rsquo;autocollant doit \u00eatre clairement visible depuis l&rsquo;ext\u00e9rieur du v\u00e9hicule pour faciliter les contr\u00f4les.<\/p>\n<h2>Que faire en cas de pare-brise cass\u00e9 ?<\/h2>\n<p>Lorsque le pare-brise de votre v\u00e9hicule est endommag\u00e9, cela signifie in\u00e9vitablement que votre vignette Crit&rsquo;Air doit \u00eatre remplac\u00e9e. <strong>Ne tentez pas de d\u00e9coller la vignette de l&rsquo;ancien pare-brise<\/strong>, son retrait entra\u00eene sa destruction.<\/p>\n<p>Il ne faut pas non plus essayer de la transf\u00e9rer sur le nouveau pare-brise, car elle n&rsquo;est pas con\u00e7ue pour \u00eatre utilis\u00e9e plus d&rsquo;une fois.<\/p>\n<p>Voici la proc\u00e9dure \u00e0 suivre :<\/p>\n<ol>\n<li>Commandez une nouvelle vignette sur le site officiel de la Crit&rsquo;Air.<\/li>\n<li>Pr\u00e9parez votre certificat d&rsquo;immatriculation (carte grise) et une carte bancaire pour le r\u00e8glement.<\/li>\n<li>Une fois re\u00e7ue, appliquez la nouvelle vignette sur le pare-brise comme expliqu\u00e9 dans la section pr\u00e9c\u00e9dente.<\/li>\n<\/ol>\n<p>N&rsquo;oubliez pas que rouler sans vignette Crit&rsquo;Air dans les zones concern\u00e9es peut entra\u00eener une amende.<\/p>\n<h2>La vignette Crit&rsquo;Air est-elle obligatoire pour tous les v\u00e9hicules ?<\/h2>\n<p>La <strong>vignette Crit&rsquo;Air<\/strong> n&rsquo;est pas n\u00e9cessaire pour tous les types de v\u00e9hicules ou dans toutes les situations de circulation. Son obligation concerne principalement les <strong>zones \u00e0 faibles \u00e9missions mobilit\u00e9 (ZFE-m)<\/strong> et lors de la <strong>circulation diff\u00e9renci\u00e9e<\/strong> en cas de pic de pollution.<\/p>\n<p>La plupart des v\u00e9hicules routiers, incluant les <strong>voitures, v\u00e9hicules utilitaires, deux-roues, trois-roues, quadricycles, poids lourds, bus et autocars<\/strong> sont concern\u00e9s par cette obligation. Cependant, certaines exemptions existent, notamment pour certains v\u00e9hicules en fonction de leur niveau d&rsquo;\u00e9mission.<\/p>\n<p>Il est aussi \u00e0 noter que certaines villes n&rsquo;exigent la vignette Crit&rsquo;Air que durant certaines p\u00e9riodes de forte pollution, tandis que d&rsquo;autres la requi\u00e8rent de mani\u00e8re continue.<\/p>\n<h2>Possibles amendes li\u00e9es \u00e0 la vignette Crit&rsquo;Air<\/h2>\n<p>Ne pas respecter les r\u00e8gles d&rsquo;affichage de la vignette Crit&rsquo;Air ou circuler sans cette derni\u00e8re dans les zones concern\u00e9es peut entra\u00eener des sanctions financi\u00e8res. Les amendes varient en fonction du type de v\u00e9hicule et du lieu d&rsquo;infraction.<\/p>\n<ul>\n<li>Une amende de <strong>68 euros<\/strong> est g\u00e9n\u00e9ralement appliqu\u00e9e pour les v\u00e9hicules l\u00e9gers,<\/li>\n<li>Et de <strong>135 euros<\/strong> pour les poids lourds.<\/li>\n<\/ul>\n<p>Dans certains cas, les forces de l&rsquo;ordre peuvent m\u00eame immobiliser le v\u00e9hicule et le mettre en fourri\u00e8re. Lors d&rsquo;un contr\u00f4le, le policier ou le gendarme v\u00e9rifiera la pr\u00e9sence et la validit\u00e9 de la vignette Crit&rsquo;Air apr\u00e8s examen de la carte grise du v\u00e9hicule.<\/p>\n<p>Respecter les obligations li\u00e9es \u00e0 la vignette Crit&rsquo;Air permet d&rsquo;\u00e9viter ces sanctions mais \u00e9galement de contribuer \u00e0 r\u00e9duire la pollution de l&rsquo;air.<\/p>\n<h2>Zoom sur les restrictions de circulation li\u00e9es \u00e0 la vignette Crit&rsquo;Air<\/h2>\n<p>Les restrictions de circulation li\u00e9es \u00e0 la vignette Crit&rsquo;Air d\u00e9pendent en grande partie de la classification de votre v\u00e9hicule, indiqu\u00e9e sur la vignette. Chaque classe correspond \u00e0 un niveau d&rsquo;\u00e9missions polluantes, avec la classe 0 \u00e9tant la plus propre et la classe 5 la plus polluante.<\/p>\n<ul>\n<li>Les v\u00e9hicules de <strong>classe 0<\/strong> peuvent circuler librement, sans restriction.<\/li>\n<li>Les v\u00e9hicules de <strong>classe 1 \u00e0 3<\/strong> peuvent \u00eatre soumis \u00e0 des restrictions temporaires lors de pics de pollution.<\/li>\n<li>Les v\u00e9hicules de <strong>classe 4 et 5<\/strong> peuvent \u00eatre interdits de circulation dans certaines zones \u00e0 faibles \u00e9missions mobilit\u00e9 (ZFE-m).<\/li>\n<\/ul>\n<p>Il est donc essentiel de bien comprendre la classification de votre v\u00e9hicule pour vous conformer aux r\u00e8gles en vigueur dans votre zone de circulation.<\/p>\n","titre":"texte","image":false,"image_libre":false,"image_800x500":false,"legende":"","zoom":false,"texte":"","articles":false,"categorie_droite":false,"images":false,"elements_comparatif":false,"texte_1":"","texte_2":"","image_1":false,"image_1_563x400":false,"image_1_332x332":false,"image_2":false,"image_2_333x240":false,"image_2_563x400":false,"image_3":false,"image_3_333x240":false,"image_3_332x450":false,"image_4":false,"image_4_332x332":false,"image_4_563x400":false,"code_embed":"","legende_video":"","photo":false,"photo_100x100":false,"nom":"","fonction":"","elements_timeline":false,"entetes_colonnes":false,"entetes_lignes":false,"lignes":false,"introduction":"","formulaire":false,"question":"","reponse":"","libelle_bouton_lien":"","url_lien":"","questions":false,"conclusions":false,"pays":false,"region":false,"marque":false,"marqueConcessions":false,"modele":false,"ptvente":false,"typeV":false,"collection":false,"nombre_maximum_elements":10,"lien_fin_carousel":"","texte_lien_fin_carousel":"","trier_par":false}],"is_old_post":false,"page_content":{"block_content":[{"acf_fc_layout":"text-simple","--nav":{"-withNav":false,"-ancre":""},"--group":{"-text":"<h2 data-placeholder-blurred=\"R\u00e9digez un contenu\" data-placeholder-focused=\"Heading 2\">Comprendre la vignette Crit&rsquo;Air et son utilit\u00e9<\/h2>\n<p>La <strong>vignette Crit&rsquo;Air<\/strong> est bien plus qu&rsquo;un simple autocollant. Elle constitue un moyen efficace pour lutter contre la pollution et promouvoir l&rsquo;utilisation de v\u00e9hicules moins polluants. En fonction du niveau d&rsquo;\u00e9missions de votre v\u00e9hicule, vous recevez une vignette de couleur sp\u00e9cifique, qui d\u00e9termine votre acc\u00e8s \u00e0 certaines zones \u00e0 faible \u00e9mission. Ainsi, la vignette Crit&rsquo;Air n&rsquo;est pas seulement une obligation l\u00e9gale, mais elle joue un r\u00f4le crucial dans la protection de l&rsquo;environnement.<\/p>\n<ul>\n<li><strong>Lutte contre la pollution<\/strong> : En limitant l&rsquo;acc\u00e8s aux zones \u00e0 faible \u00e9mission aux v\u00e9hicules les moins polluants, la vignette contribue \u00e0 r\u00e9duire le niveau global de pollution.<\/li>\n<li><strong>Promotion des v\u00e9hicules propres<\/strong> : Les v\u00e9hicules \u00e9lectriques et hybrides, qui re\u00e7oivent la vignette verte (Crit&rsquo;Air 0), sont autoris\u00e9s \u00e0 circuler partout, y compris dans les zones \u00e0 faible \u00e9mission.<\/li>\n<li><strong>Contr\u00f4le facilit\u00e9<\/strong> : Pour les agents de contr\u00f4le, la vignette Crit&rsquo;Air rend plus facile l&rsquo;identification des v\u00e9hicules non conformes aux r\u00e9glementations en vigueur.<\/li>\n<\/ul>\n<h2>Qu&rsquo;est-ce que la vignette Crit&rsquo;Air ?<\/h2>\n<p>La <strong>vignette Crit&rsquo;Air<\/strong>, aussi connue sous le nom de certificat qualit\u00e9 de l&rsquo;air, est une certification qui \u00e9value le niveau de pollution \u00e9mis par un v\u00e9hicule. Elle se pr\u00e9sente sous forme de pastille autocollante \u00e0 positionner sur le pare-brise du v\u00e9hicule. Chaque vignette correspond \u00e0 une <strong>classe environnementale<\/strong> d\u00e9finie en fonction des \u00e9missions de polluants atmosph\u00e9riques du v\u00e9hicule. Ces classes vont de 1 \u00e0 5, et une classe sp\u00e9cifique est r\u00e9serv\u00e9e aux v\u00e9hicules \u00e9lectriques. Outre le fait de permettre une classification environnementale des v\u00e9hicules, la vignette Crit&rsquo;Air joue un r\u00f4le important dans le cadre de la <strong>circulation diff\u00e9renci\u00e9e<\/strong> lors des pics de pollution.<\/p>\n<h2>La r\u00e9glementation autour de la vignette Crit&rsquo;Air en 2024<\/h2>\n<h3>Est-ce obligatoire de coller la vignette Crit&rsquo;Air ?<\/h3>\n<p>La vignette Crit&rsquo;Air est soumise \u00e0 une r\u00e9glementation pr\u00e9cise. Elle est <strong>obligatoire<\/strong> pour circuler dans certaines zones, notamment les Zones \u00e0 Faibles Emissions (ZFE). Les v\u00e9hicules sans cette vignette sont passibles d&rsquo;une <strong>amende forfaitaire<\/strong>.<\/p>\n<p>L&rsquo;obligation de l&rsquo;apposition de cette vignette s&rsquo;\u00e9tend \u00e0 tous les v\u00e9hicules : voitures, utilitaires l\u00e9gers, poids lourds et deux-roues. Le placement varie selon le type de v\u00e9hicule. Pour les voitures et les utilitaires l\u00e9gers, elle doit \u00eatre plac\u00e9e sur l&rsquo;<strong>inf\u00e9rieure droite du pare-brise<\/strong>. Pour les deux-roues, le certificat se positionne sur leur fourche.<\/p>\n<p>En cas de <strong>changement de pare-brise<\/strong>, une <strong>nouvelle vignette Crit&rsquo;Air<\/strong> doit \u00eatre command\u00e9e.<\/p>\n<p>Il est crucial de se procurer la vignette via le <strong>service de d\u00e9livrance<\/strong> officiel pour \u00e9viter les sites frauduleux. La demande se fait g\u00e9n\u00e9ralement en ligne en remplissant un <strong>formulaire de demande<\/strong> et en fournissant des informations du <strong>certificat d&rsquo;immatriculation<\/strong> (carte grise) du v\u00e9hicule.<\/p>\n<h2>Les diff\u00e9rentes classes et couleurs de la vignette Crit&rsquo;Air<\/h2>\n<h3>Quelle vignette Crit&rsquo;Air pour mon v\u00e9hicule ?<\/h3>\n<p>La vignette Crit&rsquo;Air se d\u00e9cline en six classes, allant de 0 \u00e0 5. Chaque classe est associ\u00e9e \u00e0 une couleur sp\u00e9cifique.<\/p>\n<ul>\n<li><strong>Crit&rsquo;Air 0<\/strong> : La vignette est verte, elle concerne les v\u00e9hicules 100% \u00e9lectriques et \u00e0 hydrog\u00e8ne.<\/li>\n<li><strong>Crit&rsquo;Air 1<\/strong> : De couleur violette, elle est attribu\u00e9e aux v\u00e9hicules \u00e0 essence, gaz, et hybrides rechargeables r\u00e9pondant aux normes Euro5 et Euro6.<\/li>\n<li><strong>Crit&rsquo;Air 2<\/strong> : La vignette est jaune, elle concerne les v\u00e9hicules \u00e0 essence Euro4 et les v\u00e9hicules diesel Euro5 et Euro6.<\/li>\n<li><strong>Crit&rsquo;Air 3<\/strong> : De couleur orange, elle est destin\u00e9e aux v\u00e9hicules \u00e0 essence Euro2 et Euro3, ainsi qu&rsquo;aux v\u00e9hicules diesel Euro4.<\/li>\n<\/ul>\n<p>Les couleurs pour les classes Crit&rsquo;Air 4 et 5 seront d\u00e9taill\u00e9es dans la section suivante.<\/p>\n<h2>O\u00f9 placer votre autocollant Crit&rsquo;Air ?<\/h2>\n<p>L&#8217;emplacement de la vignette Crit&rsquo;Air est r\u00e9glement\u00e9. Pour les v\u00e9hicules avec pare-brise, l&rsquo;autocollant doit \u00eatre coll\u00e9 \u00e0 l&rsquo;int\u00e9rieur du v\u00e9hicule, en bas \u00e0 droite du pare-brise. Ce positionnement permet une visibilit\u00e9 optimale de l&rsquo;ext\u00e9rieur, sans pour autant entraver la visibilit\u00e9 du conducteur.<\/p>\n<p>Cependant, l&#8217;emplacement varie pour les v\u00e9hicules sans pare-brise comme les motos. Pour ces derniers, la vignette doit \u00eatre plac\u00e9e \u00e0 l&rsquo;avant du v\u00e9hicule, sur une surface tr\u00e8s visible comme la fourche, le garde-boue ou le car\u00e9nage avant droit.<\/p>\n<p>Ces directives d&#8217;emplacement sont importantes car elles garantissent que la vignette peut \u00eatre facilement vue et lue par les forces de l&rsquo;ordre en cas de contr\u00f4le.<\/p>\n<h2>Utiliser un porte-vignette Crit&rsquo;Air<\/h2>\n<p>Un <strong>porte vignette Crit&rsquo;Air<\/strong> peut \u00eatre utilis\u00e9 pour faciliter le positionnement de la pastille sur le pare-brise. Il s&rsquo;agit d&rsquo;une petite pochette transparente, g\u00e9n\u00e9ralement en plastique, qui permet de maintenir la vignette en place tout en la prot\u00e9geant. Il est important de noter que l&rsquo;utilisation d&rsquo;un porte vignette n&rsquo;est pas une obligation. Cependant, il peut simplifier le processus de pose et de d\u00e9pose de la vignette, surtout en cas de remplacement du pare-brise. Il est \u00e9galement utile pour \u00e9viter le contact direct de la vignette avec le pare-brise, ce qui peut r\u00e9duire les risques de dommages. Pour des raisons de visibilit\u00e9 et de conformit\u00e9 avec la r\u00e9glementation, le porte vignette doit \u00eatre positionn\u00e9 sur la partie inf\u00e9rieure droite du pare-brise, \u00e0 l&rsquo;int\u00e9rieur du v\u00e9hicule.<\/p>\n<h2>Comment et o\u00f9 commander sa vignette Crit&rsquo;Air ?<\/h2>\n<p>Pour commander votre vignette Crit&rsquo;Air, rendez-vous sur le site officiel du gouvernement d\u00e9di\u00e9 \u00e0 cette d\u00e9marche. Vous aurez besoin de votre certificat d&rsquo;immatriculation (ou carte grise) pour remplir le formulaire en ligne. Les frais de traitement, \u00e0 r\u00e9gler par carte bancaire, s&rsquo;\u00e9l\u00e8vent \u00e0 3,62\u20ac. Votre vignette vous sera ensuite envoy\u00e9e par courrier \u00e0 l&rsquo;adresse indiqu\u00e9e lors de votre commande. Attention, aucune d\u00e9marche sp\u00e9cifique n&rsquo;est requise en cas de changement de pare-brise, il suffit de commander une nouvelle vignette.<\/p>\n<h2>Les zones \u00e0 faible \u00e9mission et l&rsquo;importance de la vignette Crit&rsquo;Air<\/h2>\n<p>Les <strong>Zones \u00e0 Faibles Emissions mobilit\u00e9 (ZFE-m)<\/strong> sont des zones g\u00e9ographiques o\u00f9 la circulation des v\u00e9hicules les plus polluants est restreinte, voire interdite. Actuellement, 11 m\u00e9tropoles en France ont adopt\u00e9 ce statut. La vignette Crit&rsquo;Air est alors essentielle pour circuler dans ces zones. Elle permet en effet d&rsquo;identifier le niveau d&rsquo;\u00e9mission de polluants atmosph\u00e9riques de chaque v\u00e9hicule. <a href=\"https:\/\/www.bymycar.fr\/webzine\/les-zones-a-faibles-emissions-zfe-evolution-des-mobilites-et-enjeux-en-2025\/\">D\u00e9couvrez les enjeux des ZFE en 2025<\/a><\/p>\n<p>L&rsquo;importance de cette vignette r\u00e9side dans son r\u00f4le pour la qualit\u00e9 de l&rsquo;air et la sant\u00e9 publique. Les ZFE-m visent \u00e0 r\u00e9duire les \u00e9missions polluantes et ainsi am\u00e9liorer la qualit\u00e9 de l&rsquo;air. Les v\u00e9hicules sans vignette Crit&rsquo;Air ou avec une vignette de cat\u00e9gorie trop \u00e9lev\u00e9e ne peuvent pas circuler dans ces zones, sous peine de sanctions l\u00e9gales.<\/p>\n<h2>Comment coller correctement sa vignette Crit&rsquo;Air sur le pare-brise ?<\/h2>\n<p>Pour assurer une <strong>bonne adh\u00e9rence<\/strong> de votre vignette Crit&rsquo;Air, il est pr\u00e9f\u00e9rable de commencer par nettoyer l&rsquo;int\u00e9rieur du pare-brise en bas \u00e0 droite. Assurez-vous que la surface est totalement s\u00e8che avant d&rsquo;appliquer la vignette. Ensuite, vous pouvez d\u00e9coller l&rsquo;autocollant par l&rsquo;arri\u00e8re du document et le placer sur la zone pr\u00e9alablement nettoy\u00e9e. Il est recommand\u00e9 de le faire depuis l&rsquo;int\u00e9rieur du v\u00e9hicule pour \u00e9viter toute alt\u00e9ration due aux intemp\u00e9ries. Le recto de l&rsquo;autocollant doit \u00eatre clairement visible depuis l&rsquo;ext\u00e9rieur du v\u00e9hicule pour faciliter les contr\u00f4les.<\/p>\n<h2>Que faire en cas de pare-brise cass\u00e9 ?<\/h2>\n<p>Lorsque le pare-brise de votre v\u00e9hicule est endommag\u00e9, cela signifie in\u00e9vitablement que votre vignette Crit&rsquo;Air doit \u00eatre remplac\u00e9e. <strong>Ne tentez pas de d\u00e9coller la vignette de l&rsquo;ancien pare-brise<\/strong>, son retrait entra\u00eene sa destruction.<\/p>\n<p>Il ne faut pas non plus essayer de la transf\u00e9rer sur le nouveau pare-brise, car elle n&rsquo;est pas con\u00e7ue pour \u00eatre utilis\u00e9e plus d&rsquo;une fois.<\/p>\n<p>Voici la proc\u00e9dure \u00e0 suivre :<\/p>\n<ol>\n<li>Commandez une nouvelle vignette sur le site officiel de la Crit&rsquo;Air.<\/li>\n<li>Pr\u00e9parez votre certificat d&rsquo;immatriculation (carte grise) et une carte bancaire pour le r\u00e8glement.<\/li>\n<li>Une fois re\u00e7ue, appliquez la nouvelle vignette sur le pare-brise comme expliqu\u00e9 dans la section pr\u00e9c\u00e9dente.<\/li>\n<\/ol>\n<p>N&rsquo;oubliez pas que rouler sans vignette Crit&rsquo;Air dans les zones concern\u00e9es peut entra\u00eener une amende.<\/p>\n<h2>La vignette Crit&rsquo;Air est-elle obligatoire pour tous les v\u00e9hicules ?<\/h2>\n<p>La <strong>vignette Crit&rsquo;Air<\/strong> n&rsquo;est pas n\u00e9cessaire pour tous les types de v\u00e9hicules ou dans toutes les situations de circulation. Son obligation concerne principalement les <strong>zones \u00e0 faibles \u00e9missions mobilit\u00e9 (ZFE-m)<\/strong> et lors de la <strong>circulation diff\u00e9renci\u00e9e<\/strong> en cas de pic de pollution.<\/p>\n<p>La plupart des v\u00e9hicules routiers, incluant les <strong>voitures, v\u00e9hicules utilitaires, deux-roues, trois-roues, quadricycles, poids lourds, bus et autocars<\/strong> sont concern\u00e9s par cette obligation. Cependant, certaines exemptions existent, notamment pour certains v\u00e9hicules en fonction de leur niveau d&rsquo;\u00e9mission.<\/p>\n<p>Il est aussi \u00e0 noter que certaines villes n&rsquo;exigent la vignette Crit&rsquo;Air que durant certaines p\u00e9riodes de forte pollution, tandis que d&rsquo;autres la requi\u00e8rent de mani\u00e8re continue.<\/p>\n<h2>Possibles amendes li\u00e9es \u00e0 la vignette Crit&rsquo;Air<\/h2>\n<p>Ne pas respecter les r\u00e8gles d&rsquo;affichage de la vignette Crit&rsquo;Air ou circuler sans cette derni\u00e8re dans les zones concern\u00e9es peut entra\u00eener des sanctions financi\u00e8res. Les amendes varient en fonction du type de v\u00e9hicule et du lieu d&rsquo;infraction.<\/p>\n<ul>\n<li>Une amende de <strong>68 euros<\/strong> est g\u00e9n\u00e9ralement appliqu\u00e9e pour les v\u00e9hicules l\u00e9gers,<\/li>\n<li>Et de <strong>135 euros<\/strong> pour les poids lourds.<\/li>\n<\/ul>\n<p>Dans certains cas, les forces de l&rsquo;ordre peuvent m\u00eame immobiliser le v\u00e9hicule et le mettre en fourri\u00e8re. Lors d&rsquo;un contr\u00f4le, le policier ou le gendarme v\u00e9rifiera la pr\u00e9sence et la validit\u00e9 de la vignette Crit&rsquo;Air apr\u00e8s examen de la carte grise du v\u00e9hicule.<\/p>\n<p>Respecter les obligations li\u00e9es \u00e0 la vignette Crit&rsquo;Air permet d&rsquo;\u00e9viter ces sanctions mais \u00e9galement de contribuer \u00e0 r\u00e9duire la pollution de l&rsquo;air.<\/p>\n<h2>Zoom sur les restrictions de circulation li\u00e9es \u00e0 la vignette Crit&rsquo;Air<\/h2>\n<p>Les restrictions de circulation li\u00e9es \u00e0 la vignette Crit&rsquo;Air d\u00e9pendent en grande partie de la classification de votre v\u00e9hicule, indiqu\u00e9e sur la vignette. Chaque classe correspond \u00e0 un niveau d&rsquo;\u00e9missions polluantes, avec la classe 0 \u00e9tant la plus propre et la classe 5 la plus polluante.<\/p>\n<ul>\n<li>Les v\u00e9hicules de <strong>classe 0<\/strong> peuvent circuler librement, sans restriction.<\/li>\n<li>Les v\u00e9hicules de <strong>classe 1 \u00e0 3<\/strong> peuvent \u00eatre soumis \u00e0 des restrictions temporaires lors de pics de pollution.<\/li>\n<li>Les v\u00e9hicules de <strong>classe 4 et 5<\/strong> peuvent \u00eatre interdits de circulation dans certaines zones \u00e0 faibles \u00e9missions mobilit\u00e9 (ZFE-m).<\/li>\n<\/ul>\n<p>Il est donc essentiel de bien comprendre la classification de votre v\u00e9hicule pour vous conformer aux r\u00e8gles en vigueur dans votre zone de circulation.<\/p>\n"}}]},"add-carousel-to-footer":true},"yoast_head":"<!-- This site is optimized with the Yoast SEO Premium plugin v26.4 (Yoast SEO v26.4) - https:\/\/yoast.com\/wordpress\/plugins\/seo\/ -->\n<title>O\u00f9 placer la vignette Crit&#039;Air sur le pare-brise ?<\/title>\n<meta name=\"robots\" content=\"index, follow, max-snippet:-1, max-image-preview:large, max-video-preview:-1\" \/>\n<link rel=\"canonical\" href=\"https:\/\/www.bymycar.fr\/webzine\/ou-placer-la-vignette-critair-sur-le-pare-brise\/\" \/>\n<meta property=\"og:locale\" content=\"fr_FR\" \/>\n<meta property=\"og:type\" content=\"article\" \/>\n<meta property=\"og:title\" content=\"O\u00f9 placer la vignette Crit&#039;Air sur le pare-brise ?\" \/>\n<meta property=\"og:url\" content=\"https:\/\/www.bymycar.fr\/webzine\/ou-placer-la-vignette-critair-sur-le-pare-brise\/\" \/>\n<meta property=\"og:site_name\" content=\"Webzine auto BYmyCAR\" \/>\n<meta property=\"article:published_time\" content=\"2024-08-14T11:51:55+00:00\" \/>\n<meta property=\"article:modified_time\" content=\"2025-09-09T09:47:59+00:00\" \/>\n<meta name=\"author\" content=\"La R\u00e9daction BYmyCAR\" \/>\n<meta name=\"twitter:card\" content=\"summary_large_image\" \/>\n<meta name=\"twitter:label1\" content=\"\u00c9crit par\" \/>\n\t<meta name=\"twitter:data1\" content=\"La R\u00e9daction BYmyCAR\" \/>\n<script type=\"application\/ld+json\" class=\"yoast-schema-graph\">{\"@context\":\"https:\/\/schema.org\",\"@graph\":[{\"@type\":\"Article\",\"@id\":\"https:\/\/www.bymycar.fr\/webzine\/ou-placer-la-vignette-critair-sur-le-pare-brise\/#article\",\"isPartOf\":{\"@id\":\"https:\/\/www.bymycar.fr\/webzine\/ou-placer-la-vignette-critair-sur-le-pare-brise\/\"},\"author\":{\"name\":\"La R\u00e9daction BYmyCAR\",\"@id\":\"https:\/\/www.bymycar.fr\/webzine\/#\/schema\/person\/8d570fe11eb8929f06c1e6d00f4d9689\"},\"headline\":\"O\u00f9 placer la vignette Crit&rsquo;Air sur le pare-brise ?\",\"datePublished\":\"2024-08-14T11:51:55+00:00\",\"dateModified\":\"2025-09-09T09:47:59+00:00\",\"mainEntityOfPage\":{\"@id\":\"https:\/\/www.bymycar.fr\/webzine\/ou-placer-la-vignette-critair-sur-le-pare-brise\/\"},\"wordCount\":9,\"publisher\":{\"@id\":\"https:\/\/www.bymycar.fr\/webzine\/#organization\"},\"articleSection\":[\"Lifestyle\"],\"inLanguage\":\"fr-FR\"},{\"@type\":\"WebPage\",\"@id\":\"https:\/\/www.bymycar.fr\/webzine\/ou-placer-la-vignette-critair-sur-le-pare-brise\/\",\"url\":\"https:\/\/www.bymycar.fr\/webzine\/ou-placer-la-vignette-critair-sur-le-pare-brise\/\",\"name\":\"O\u00f9 placer la vignette Crit'Air sur le pare-brise ?\",\"isPartOf\":{\"@id\":\"https:\/\/www.bymycar.fr\/webzine\/#website\"},\"datePublished\":\"2024-08-14T11:51:55+00:00\",\"dateModified\":\"2025-09-09T09:47:59+00:00\",\"breadcrumb\":{\"@id\":\"https:\/\/www.bymycar.fr\/webzine\/ou-placer-la-vignette-critair-sur-le-pare-brise\/#breadcrumb\"},\"inLanguage\":\"fr-FR\",\"potentialAction\":[{\"@type\":\"ReadAction\",\"target\":[\"https:\/\/www.bymycar.fr\/webzine\/ou-placer-la-vignette-critair-sur-le-pare-brise\/\"]}]},{\"@type\":\"BreadcrumbList\",\"@id\":\"https:\/\/www.bymycar.fr\/webzine\/ou-placer-la-vignette-critair-sur-le-pare-brise\/#breadcrumb\",\"itemListElement\":[{\"@type\":\"ListItem\",\"position\":1,\"name\":\"Accueil\",\"item\":\"https:\/\/www.bymycar.fr\/webzine\/\"},{\"@type\":\"ListItem\",\"position\":2,\"name\":\"O\u00f9 placer la vignette Crit&rsquo;Air sur le pare-brise ?\"}]},{\"@type\":\"WebSite\",\"@id\":\"https:\/\/www.bymycar.fr\/webzine\/#website\",\"url\":\"https:\/\/www.bymycar.fr\/webzine\/\",\"name\":\"Webzine auto BYmyCAR\",\"description\":\"La magazine auto de BYmyCAR\",\"publisher\":{\"@id\":\"https:\/\/www.bymycar.fr\/webzine\/#organization\"},\"potentialAction\":[{\"@type\":\"SearchAction\",\"target\":{\"@type\":\"EntryPoint\",\"urlTemplate\":\"https:\/\/www.bymycar.fr\/webzine\/?s={search_term_string}\"},\"query-input\":{\"@type\":\"PropertyValueSpecification\",\"valueRequired\":true,\"valueName\":\"search_term_string\"}}],\"inLanguage\":\"fr-FR\"},{\"@type\":\"Organization\",\"@id\":\"https:\/\/www.bymycar.fr\/webzine\/#organization\",\"name\":\"BYmyCAR\",\"url\":\"https:\/\/www.bymycar.fr\/webzine\/\",\"logo\":{\"@type\":\"ImageObject\",\"inLanguage\":\"fr-FR\",\"@id\":\"https:\/\/www.bymycar.fr\/webzine\/#\/schema\/logo\/image\/\",\"url\":\"https:\/\/cdn.bymycar.eu\/fr-webzine\/wp-content\/uploads\/medias\/2017\/08\/logo_DEALER_00000406_001.png\",\"contentUrl\":\"https:\/\/cdn.bymycar.eu\/fr-webzine\/wp-content\/uploads\/medias\/2017\/08\/logo_DEALER_00000406_001.png\",\"width\":2132,\"height\":720,\"caption\":\"BYmyCAR\"},\"image\":{\"@id\":\"https:\/\/www.bymycar.fr\/webzine\/#\/schema\/logo\/image\/\"}},{\"@type\":\"Person\",\"@id\":\"https:\/\/www.bymycar.fr\/webzine\/#\/schema\/person\/8d570fe11eb8929f06c1e6d00f4d9689\",\"name\":\"La R\u00e9daction BYmyCAR\",\"image\":{\"@type\":\"ImageObject\",\"inLanguage\":\"fr-FR\",\"@id\":\"https:\/\/www.bymycar.fr\/webzine\/#\/schema\/person\/image\/\",\"url\":\"https:\/\/secure.gravatar.com\/avatar\/1aa6b039d0ce106989923af4e2d0f2a0c82bb070d5e449f1b9adf082a5863900?s=96&d=mm&r=g\",\"contentUrl\":\"https:\/\/secure.gravatar.com\/avatar\/1aa6b039d0ce106989923af4e2d0f2a0c82bb070d5e449f1b9adf082a5863900?s=96&d=mm&r=g\",\"caption\":\"La R\u00e9daction BYmyCAR\"},\"sameAs\":[\"https:\/\/www.bymycar.fr\/\"]}]}<\/script>\n<!-- \/ Yoast SEO Premium plugin. -->","yoast_head_json":{"title":"O\u00f9 placer la vignette Crit'Air sur le pare-brise ?","robots":{"index":"index","follow":"follow","max-snippet":"max-snippet:-1","max-image-preview":"max-image-preview:large","max-video-preview":"max-video-preview:-1"},"canonical":"https:\/\/www.bymycar.fr\/webzine\/ou-placer-la-vignette-critair-sur-le-pare-brise\/","og_locale":"fr_FR","og_type":"article","og_title":"O\u00f9 placer la vignette Crit'Air sur le pare-brise ?","og_url":"https:\/\/www.bymycar.fr\/webzine\/ou-placer-la-vignette-critair-sur-le-pare-brise\/","og_site_name":"Webzine auto BYmyCAR","article_published_time":"2024-08-14T11:51:55+00:00","article_modified_time":"2025-09-09T09:47:59+00:00","author":"La R\u00e9daction BYmyCAR","twitter_card":"summary_large_image","twitter_misc":{"\u00c9crit par":"La R\u00e9daction BYmyCAR"},"schema":{"@context":"https:\/\/schema.org","@graph":[{"@type":"Article","@id":"https:\/\/www.bymycar.fr\/webzine\/ou-placer-la-vignette-critair-sur-le-pare-brise\/#article","isPartOf":{"@id":"https:\/\/www.bymycar.fr\/webzine\/ou-placer-la-vignette-critair-sur-le-pare-brise\/"},"author":{"name":"La R\u00e9daction BYmyCAR","@id":"https:\/\/www.bymycar.fr\/webzine\/#\/schema\/person\/8d570fe11eb8929f06c1e6d00f4d9689"},"headline":"O\u00f9 placer la vignette Crit&rsquo;Air sur le pare-brise ?","datePublished":"2024-08-14T11:51:55+00:00","dateModified":"2025-09-09T09:47:59+00:00","mainEntityOfPage":{"@id":"https:\/\/www.bymycar.fr\/webzine\/ou-placer-la-vignette-critair-sur-le-pare-brise\/"},"wordCount":9,"publisher":{"@id":"https:\/\/www.bymycar.fr\/webzine\/#organization"},"articleSection":["Lifestyle"],"inLanguage":"fr-FR"},{"@type":"WebPage","@id":"https:\/\/www.bymycar.fr\/webzine\/ou-placer-la-vignette-critair-sur-le-pare-brise\/","url":"https:\/\/www.bymycar.fr\/webzine\/ou-placer-la-vignette-critair-sur-le-pare-brise\/","name":"O\u00f9 placer la vignette Crit'Air sur le pare-brise ?","isPartOf":{"@id":"https:\/\/www.bymycar.fr\/webzine\/#website"},"datePublished":"2024-08-14T11:51:55+00:00","dateModified":"2025-09-09T09:47:59+00:00","breadcrumb":{"@id":"https:\/\/www.bymycar.fr\/webzine\/ou-placer-la-vignette-critair-sur-le-pare-brise\/#breadcrumb"},"inLanguage":"fr-FR","potentialAction":[{"@type":"ReadAction","target":["https:\/\/www.bymycar.fr\/webzine\/ou-placer-la-vignette-critair-sur-le-pare-brise\/"]}]},{"@type":"BreadcrumbList","@id":"https:\/\/www.bymycar.fr\/webzine\/ou-placer-la-vignette-critair-sur-le-pare-brise\/#breadcrumb","itemListElement":[{"@type":"ListItem","position":1,"name":"Accueil","item":"https:\/\/www.bymycar.fr\/webzine\/"},{"@type":"ListItem","position":2,"name":"O\u00f9 placer la vignette Crit&rsquo;Air sur le pare-brise ?"}]},{"@type":"WebSite","@id":"https:\/\/www.bymycar.fr\/webzine\/#website","url":"https:\/\/www.bymycar.fr\/webzine\/","name":"Webzine auto BYmyCAR","description":"La magazine auto de BYmyCAR","publisher":{"@id":"https:\/\/www.bymycar.fr\/webzine\/#organization"},"potentialAction":[{"@type":"SearchAction","target":{"@type":"EntryPoint","urlTemplate":"https:\/\/www.bymycar.fr\/webzine\/?s={search_term_string}"},"query-input":{"@type":"PropertyValueSpecification","valueRequired":true,"valueName":"search_term_string"}}],"inLanguage":"fr-FR"},{"@type":"Organization","@id":"https:\/\/www.bymycar.fr\/webzine\/#organization","name":"BYmyCAR","url":"https:\/\/www.bymycar.fr\/webzine\/","logo":{"@type":"ImageObject","inLanguage":"fr-FR","@id":"https:\/\/www.bymycar.fr\/webzine\/#\/schema\/logo\/image\/","url":"https:\/\/cdn.bymycar.eu\/fr-webzine\/wp-content\/uploads\/medias\/2017\/08\/logo_DEALER_00000406_001.png","contentUrl":"https:\/\/cdn.bymycar.eu\/fr-webzine\/wp-content\/uploads\/medias\/2017\/08\/logo_DEALER_00000406_001.png","width":2132,"height":720,"caption":"BYmyCAR"},"image":{"@id":"https:\/\/www.bymycar.fr\/webzine\/#\/schema\/logo\/image\/"}},{"@type":"Person","@id":"https:\/\/www.bymycar.fr\/webzine\/#\/schema\/person\/8d570fe11eb8929f06c1e6d00f4d9689","name":"La R\u00e9daction BYmyCAR","image":{"@type":"ImageObject","inLanguage":"fr-FR","@id":"https:\/\/www.bymycar.fr\/webzine\/#\/schema\/person\/image\/","url":"https:\/\/secure.gravatar.com\/avatar\/1aa6b039d0ce106989923af4e2d0f2a0c82bb070d5e449f1b9adf082a5863900?s=96&d=mm&r=g","contentUrl":"https:\/\/secure.gravatar.com\/avatar\/1aa6b039d0ce106989923af4e2d0f2a0c82bb070d5e449f1b9adf082a5863900?s=96&d=mm&r=g","caption":"La R\u00e9daction BYmyCAR"},"sameAs":["https:\/\/www.bymycar.fr\/"]}]}},"_links":{"self":[{"href":"https:\/\/www.bymycar.fr\/webzine\/wp-json\/wp\/v2\/posts\/53670","targetHints":{"allow":["GET"]}}],"collection":[{"href":"https:\/\/www.bymycar.fr\/webzine\/wp-json\/wp\/v2\/posts"}],"about":[{"href":"https:\/\/www.bymycar.fr\/webzine\/wp-json\/wp\/v2\/types\/post"}],"author":[{"embeddable":true,"href":"https:\/\/www.bymycar.fr\/webzine\/wp-json\/wp\/v2\/users\/88"}],"replies":[{"embeddable":true,"href":"https:\/\/www.bymycar.fr\/webzine\/wp-json\/wp\/v2\/comments?post=53670"}],"version-history":[{"count":4,"href":"https:\/\/www.bymycar.fr\/webzine\/wp-json\/wp\/v2\/posts\/53670\/revisions"}],"predecessor-version":[{"id":57627,"href":"https:\/\/www.bymycar.fr\/webzine\/wp-json\/wp\/v2\/posts\/53670\/revisions\/57627"}],"wp:attachment":[{"href":"https:\/\/www.bymycar.fr\/webzine\/wp-json\/wp\/v2\/media?parent=53670"}],"wp:term":[{"taxonomy":"category","embeddable":true,"href":"https:\/\/www.bymycar.fr\/webzine\/wp-json\/wp\/v2\/categories?post=53670"},{"taxonomy":"post_tag","embeddable":true,"href":"https:\/\/www.bymycar.fr\/webzine\/wp-json\/wp\/v2\/tags?post=53670"}],"curies":[{"name":"wp","href":"https:\/\/api.w.org\/{rel}","templated":true}]}}