{"id":51072,"date":"2024-08-06T14:37:08","date_gmt":"2024-08-06T12:37:08","guid":{"rendered":"https:\/\/prod.bymycar.fr\/webzine\/?p=51072"},"modified":"2024-08-06T14:37:09","modified_gmt":"2024-08-06T12:37:09","slug":"la-legende-est-de-retour-nouveau-coupe-suv-ford-capri-bientot-chez-ford-bymycar-nice-cannes","status":"publish","type":"post","link":"https:\/\/www.bymycar.fr\/webzine\/la-legende-est-de-retour-nouveau-coupe-suv-ford-capri-bientot-chez-ford-bymycar-nice-cannes\/","title":{"rendered":"La L\u00e9gende est de retour ! Nouveau Coup\u00e9 SUV Ford Capri. Bient\u00f4t chez Ford BYmyCAR Nice &amp; Cannes."},"content":{"rendered":"","protected":false},"excerpt":{"rendered":"","protected":false},"author":26,"featured_media":51083,"comment_status":"closed","ping_status":"open","sticky":false,"template":"","format":"standard","meta":{"_acf_changed":false,"footnotes":""},"categories":[8149,131,3753,2,8150],"tags":[35,39,12831],"class_list":["post-51072","post","type-post","status-publish","format-standard","has-post-thumbnail","hentry","category-electrique-et-hybride","category-ford","category-ford-actualites","category-lactu-des-marques","category-voiture-electrique","tag-bymycar","tag-electrique","tag-nouveaute"],"acf":{"template":"classique","introduction":"<p><span style=\"font-size: 14pt\">La l\u00e9gende est de retour. La nouvelle Ford Capri, embl\u00e9matique et moderne, rena\u00eet sous la forme d&rsquo;un crossover 100% \u00e9lectrique. <\/span><\/p>\n<p><span style=\"font-size: 14pt\">Disponible \u00e0 l&rsquo;essai chez Ford BYmyCAR \u00e0 Cannes et Nice, ce SUV coup\u00e9 allie design sportif, technologie de pointe et praticit\u00e9, pour offrir une exp\u00e9rience de conduite in\u00e9gal\u00e9e. D\u00e9couvrez comment la nouvelle Capri r\u00e9invente l&rsquo;esprit de la classique Capri avec une touche de modernit\u00e9 \u00e9lectrique.<\/span><\/p>\n","strates":[{"type_strate":"50-50-image-texte-full","ancre":"","contenu":"","titre":"","image":false,"image_libre":false,"image_800x500":{"ID":51085,"id":51085,"title":"ford-cx740l-eu-CX740L_CHARGING_HERO_Talent_BANNER-16x9-1920x1080-side-view-of-blue-cx740l","filename":"ford-cx740l-eu-CX740L_CHARGING_HERO_Talent_BANNER-16x9-1920x1080-side-view-of-blue-cx740l.jpg","filesize":143808,"url":"https:\/\/cdn.bymycar.eu\/fr-webzine\/wp-content\/uploads\/medias\/ford-cx740l-eu-CX740L_CHARGING_HERO_Talent_BANNER-16x9-1920x1080-side-view-of-blue-cx740l.jpg","link":"https:\/\/www.bymycar.fr\/webzine\/la-legende-est-de-retour-nouveau-coupe-suv-ford-capri-bientot-chez-ford-bymycar-nice-cannes\/ford-cx740l-eu-cx740l_charging_hero_talent_banner-16x9-1920x1080-side-view-of-blue-cx740l\/","alt":"","author":"26","description":"","caption":"","name":"ford-cx740l-eu-cx740l_charging_hero_talent_banner-16x9-1920x1080-side-view-of-blue-cx740l","status":"inherit","uploaded_to":51072,"date":"2024-08-06 12:31:43","modified":"2024-08-06 12:31:43","menu_order":0,"mime_type":"image\/jpeg","type":"image","subtype":"jpeg","icon":"https:\/\/www.bymycar.fr\/webzine\/wp-includes\/images\/media\/default.png","width":1920,"height":1080,"sizes":{"thumbnail":"https:\/\/cdn.bymycar.eu\/fr-webzine\/wp-content\/uploads\/medias\/ford-cx740l-eu-CX740L_CHARGING_HERO_Talent_BANNER-16x9-1920x1080-side-view-of-blue-cx740l-150x150.jpg","thumbnail-width":150,"thumbnail-height":150,"medium":"https:\/\/cdn.bymycar.eu\/fr-webzine\/wp-content\/uploads\/medias\/ford-cx740l-eu-CX740L_CHARGING_HERO_Talent_BANNER-16x9-1920x1080-side-view-of-blue-cx740l-300x169.jpg","medium-width":300,"medium-height":169,"medium_large":"https:\/\/cdn.bymycar.eu\/fr-webzine\/wp-content\/uploads\/medias\/ford-cx740l-eu-CX740L_CHARGING_HERO_Talent_BANNER-16x9-1920x1080-side-view-of-blue-cx740l-768x432.jpg","medium_large-width":768,"medium_large-height":432,"large":"https:\/\/cdn.bymycar.eu\/fr-webzine\/wp-content\/uploads\/medias\/ford-cx740l-eu-CX740L_CHARGING_HERO_Talent_BANNER-16x9-1920x1080-side-view-of-blue-cx740l-1024x576.jpg","large-width":1024,"large-height":576,"1536x1536":"https:\/\/cdn.bymycar.eu\/fr-webzine\/wp-content\/uploads\/medias\/ford-cx740l-eu-CX740L_CHARGING_HERO_Talent_BANNER-16x9-1920x1080-side-view-of-blue-cx740l-1536x864.jpg","1536x1536-width":1536,"1536x1536-height":864,"2048x2048":"https:\/\/cdn.bymycar.eu\/fr-webzine\/wp-content\/uploads\/medias\/ford-cx740l-eu-CX740L_CHARGING_HERO_Talent_BANNER-16x9-1920x1080-side-view-of-blue-cx740l.jpg","2048x2048-width":1920,"2048x2048-height":1080}},"legende":"","zoom":false,"texte":"<h4><span style=\"font-size: 14pt\"><strong>Un Design \u00c9lectrisant<\/strong><\/span><\/h4>\n<p><span style=\"font-size: 14pt\">La nouvelle Ford Capri d\u00e9barque avec un design embl\u00e9matique et \u00e9lectrisant, disponible en deux finitions : Capri et Capri Pack Premium. Ce crossover aux lignes sportives capture l&rsquo;essence de la Capri classique tout en la revisitant avec une touche contemporaine. Les finitions haut de gamme, les mat\u00e9riaux de qualit\u00e9 et les d\u00e9tails soign\u00e9s font de chaque trajet une exp\u00e9rience visuelle et sensorielle unique.\u00a0<\/span><\/p>\n<h4><span style=\"font-size: 14pt\"><strong>Technologie et Confort : Connectivit\u00e9 et Exp\u00e9rience Sonore Immersive<\/strong><\/span><\/h4>\n<p><span style=\"font-size: 14pt\">\u00c0 l&rsquo;int\u00e9rieur, la nouvelle Capri est \u00e9quip\u00e9e des technologies les plus avanc\u00e9es pour vous offrir une exp\u00e9rience de conduite confortable et connect\u00e9e. Le syst\u00e8me Ford SYNC Move, dot\u00e9 d&rsquo;un planificateur d&rsquo;itin\u00e9raire pour v\u00e9hicule \u00e9lectrique et d&rsquo;une navigation par satellite connect\u00e9e au cloud, vous assure de toujours emprunter le meilleur itin\u00e9raire. Pour une ambiance sonore exceptionnelle, le syst\u00e8me audio immersif B&amp;O\u2122 avec 10 haut-parleurs, un caisson de basses et une barre de son int\u00e9gr\u00e9e vous accompagne \u00e0 chaque voyage.<\/span><\/p>\n","articles":false,"categorie_droite":false,"images":false,"elements_comparatif":false,"texte_1":"","texte_2":"","image_1":false,"image_1_563x400":false,"image_1_332x332":false,"image_2":false,"image_2_333x240":false,"image_2_563x400":false,"image_3":false,"image_3_333x240":false,"image_3_332x450":false,"image_4":false,"image_4_332x332":false,"image_4_563x400":false,"code_embed":"","legende_video":"","photo":false,"photo_100x100":false,"nom":"","fonction":"","elements_timeline":false,"entetes_colonnes":false,"entetes_lignes":false,"lignes":false,"introduction":"","formulaire":false,"question":"","reponse":"","libelle_bouton_lien":"","url_lien":"","questions":false,"conclusions":false,"pays":false,"region":false,"marque":false,"marqueConcessions":false,"modele":false,"ptvente":false,"typeV":false,"collection":false,"nombre_maximum_elements":10,"lien_fin_carousel":"","texte_lien_fin_carousel":"","trier_par":false},{"type_strate":"mosaique-2","ancre":"","contenu":"","titre":"","image":false,"image_libre":false,"image_800x500":false,"legende":"","zoom":false,"texte":"","articles":false,"categorie_droite":false,"images":false,"elements_comparatif":false,"texte_1":"","texte_2":"","image_1":false,"image_1_563x400":false,"image_1_332x332":{"ID":51087,"id":51087,"title":"ford-cx740l-eu-CX740L_INTERIOR_HERO_DSE_Talent_BANNER-16x9-1920x1080-cx740l-interior-view-outside","filename":"ford-cx740l-eu-CX740L_INTERIOR_HERO_DSE_Talent_BANNER-16x9-1920x1080-cx740l-interior-view-outside.jpg","filesize":183765,"url":"https:\/\/cdn.bymycar.eu\/fr-webzine\/wp-content\/uploads\/medias\/ford-cx740l-eu-CX740L_INTERIOR_HERO_DSE_Talent_BANNER-16x9-1920x1080-cx740l-interior-view-outside.jpg","link":"https:\/\/www.bymycar.fr\/webzine\/la-legende-est-de-retour-nouveau-coupe-suv-ford-capri-bientot-chez-ford-bymycar-nice-cannes\/ford-cx740l-eu-cx740l_interior_hero_dse_talent_banner-16x9-1920x1080-cx740l-interior-view-outside\/","alt":"","author":"26","description":"","caption":"","name":"ford-cx740l-eu-cx740l_interior_hero_dse_talent_banner-16x9-1920x1080-cx740l-interior-view-outside","status":"inherit","uploaded_to":51072,"date":"2024-08-06 12:31:47","modified":"2024-08-06 12:31:47","menu_order":0,"mime_type":"image\/jpeg","type":"image","subtype":"jpeg","icon":"https:\/\/www.bymycar.fr\/webzine\/wp-includes\/images\/media\/default.png","width":1920,"height":1080,"sizes":{"thumbnail":"https:\/\/cdn.bymycar.eu\/fr-webzine\/wp-content\/uploads\/medias\/ford-cx740l-eu-CX740L_INTERIOR_HERO_DSE_Talent_BANNER-16x9-1920x1080-cx740l-interior-view-outside-150x150.jpg","thumbnail-width":150,"thumbnail-height":150,"medium":"https:\/\/cdn.bymycar.eu\/fr-webzine\/wp-content\/uploads\/medias\/ford-cx740l-eu-CX740L_INTERIOR_HERO_DSE_Talent_BANNER-16x9-1920x1080-cx740l-interior-view-outside-300x169.jpg","medium-width":300,"medium-height":169,"medium_large":"https:\/\/cdn.bymycar.eu\/fr-webzine\/wp-content\/uploads\/medias\/ford-cx740l-eu-CX740L_INTERIOR_HERO_DSE_Talent_BANNER-16x9-1920x1080-cx740l-interior-view-outside-768x432.jpg","medium_large-width":768,"medium_large-height":432,"large":"https:\/\/cdn.bymycar.eu\/fr-webzine\/wp-content\/uploads\/medias\/ford-cx740l-eu-CX740L_INTERIOR_HERO_DSE_Talent_BANNER-16x9-1920x1080-cx740l-interior-view-outside-1024x576.jpg","large-width":1024,"large-height":576,"1536x1536":"https:\/\/cdn.bymycar.eu\/fr-webzine\/wp-content\/uploads\/medias\/ford-cx740l-eu-CX740L_INTERIOR_HERO_DSE_Talent_BANNER-16x9-1920x1080-cx740l-interior-view-outside-1536x864.jpg","1536x1536-width":1536,"1536x1536-height":864,"2048x2048":"https:\/\/cdn.bymycar.eu\/fr-webzine\/wp-content\/uploads\/medias\/ford-cx740l-eu-CX740L_INTERIOR_HERO_DSE_Talent_BANNER-16x9-1920x1080-cx740l-interior-view-outside.jpg","2048x2048-width":1920,"2048x2048-height":1080}},"image_2":false,"image_2_333x240":{"ID":51084,"id":51084,"title":"ford-cx740l-eu-B&amp;O_Small_Card-1x1-1000x1000-bang_olfussen_loudspeaker-detail","filename":"ford-cx740l-eu-BO_Small_Card-1x1-1000x1000-bang_olfussen_loudspeaker-detail.jpg","filesize":130200,"url":"https:\/\/cdn.bymycar.eu\/fr-webzine\/wp-content\/uploads\/medias\/ford-cx740l-eu-BO_Small_Card-1x1-1000x1000-bang_olfussen_loudspeaker-detail.jpg","link":"https:\/\/www.bymycar.fr\/webzine\/la-legende-est-de-retour-nouveau-coupe-suv-ford-capri-bientot-chez-ford-bymycar-nice-cannes\/ford-cx740l-eu-bo_small_card-1x1-1000x1000-bang_olfussen_loudspeaker-detail\/","alt":"","author":"26","description":"","caption":"","name":"ford-cx740l-eu-bo_small_card-1x1-1000x1000-bang_olfussen_loudspeaker-detail","status":"inherit","uploaded_to":51072,"date":"2024-08-06 12:31:41","modified":"2024-08-06 12:31:41","menu_order":0,"mime_type":"image\/jpeg","type":"image","subtype":"jpeg","icon":"https:\/\/www.bymycar.fr\/webzine\/wp-includes\/images\/media\/default.png","width":1000,"height":1000,"sizes":{"thumbnail":"https:\/\/cdn.bymycar.eu\/fr-webzine\/wp-content\/uploads\/medias\/ford-cx740l-eu-BO_Small_Card-1x1-1000x1000-bang_olfussen_loudspeaker-detail-150x150.jpg","thumbnail-width":150,"thumbnail-height":150,"medium":"https:\/\/cdn.bymycar.eu\/fr-webzine\/wp-content\/uploads\/medias\/ford-cx740l-eu-BO_Small_Card-1x1-1000x1000-bang_olfussen_loudspeaker-detail-300x300.jpg","medium-width":300,"medium-height":300,"medium_large":"https:\/\/cdn.bymycar.eu\/fr-webzine\/wp-content\/uploads\/medias\/ford-cx740l-eu-BO_Small_Card-1x1-1000x1000-bang_olfussen_loudspeaker-detail-768x768.jpg","medium_large-width":768,"medium_large-height":768,"large":"https:\/\/cdn.bymycar.eu\/fr-webzine\/wp-content\/uploads\/medias\/ford-cx740l-eu-BO_Small_Card-1x1-1000x1000-bang_olfussen_loudspeaker-detail.jpg","large-width":1000,"large-height":1000,"1536x1536":"https:\/\/cdn.bymycar.eu\/fr-webzine\/wp-content\/uploads\/medias\/ford-cx740l-eu-BO_Small_Card-1x1-1000x1000-bang_olfussen_loudspeaker-detail.jpg","1536x1536-width":1000,"1536x1536-height":1000,"2048x2048":"https:\/\/cdn.bymycar.eu\/fr-webzine\/wp-content\/uploads\/medias\/ford-cx740l-eu-BO_Small_Card-1x1-1000x1000-bang_olfussen_loudspeaker-detail.jpg","2048x2048-width":1000,"2048x2048-height":1000}},"image_2_563x400":false,"image_3":false,"image_3_333x240":{"ID":51093,"id":51093,"title":"ford-CX740L-eu-SPORT_SEATS_columncard-1000x667-1000x667-detail-on-sport-seats","filename":"ford-CX740L-eu-SPORT_SEATS_columncard-1000x667-1000x667-detail-on-sport-seats.jpg","filesize":150333,"url":"https:\/\/cdn.bymycar.eu\/fr-webzine\/wp-content\/uploads\/medias\/ford-CX740L-eu-SPORT_SEATS_columncard-1000x667-1000x667-detail-on-sport-seats.jpg","link":"https:\/\/www.bymycar.fr\/webzine\/la-legende-est-de-retour-nouveau-coupe-suv-ford-capri-bientot-chez-ford-bymycar-nice-cannes\/ford-cx740l-eu-sport_seats_columncard-1000x667-1000x667-detail-on-sport-seats\/","alt":"","author":"26","description":"","caption":"","name":"ford-cx740l-eu-sport_seats_columncard-1000x667-1000x667-detail-on-sport-seats","status":"inherit","uploaded_to":51072,"date":"2024-08-06 12:31:57","modified":"2024-08-06 12:31:57","menu_order":0,"mime_type":"image\/jpeg","type":"image","subtype":"jpeg","icon":"https:\/\/www.bymycar.fr\/webzine\/wp-includes\/images\/media\/default.png","width":1000,"height":667,"sizes":{"thumbnail":"https:\/\/cdn.bymycar.eu\/fr-webzine\/wp-content\/uploads\/medias\/ford-CX740L-eu-SPORT_SEATS_columncard-1000x667-1000x667-detail-on-sport-seats-150x150.jpg","thumbnail-width":150,"thumbnail-height":150,"medium":"https:\/\/cdn.bymycar.eu\/fr-webzine\/wp-content\/uploads\/medias\/ford-CX740L-eu-SPORT_SEATS_columncard-1000x667-1000x667-detail-on-sport-seats-300x200.jpg","medium-width":300,"medium-height":200,"medium_large":"https:\/\/cdn.bymycar.eu\/fr-webzine\/wp-content\/uploads\/medias\/ford-CX740L-eu-SPORT_SEATS_columncard-1000x667-1000x667-detail-on-sport-seats-768x512.jpg","medium_large-width":768,"medium_large-height":512,"large":"https:\/\/cdn.bymycar.eu\/fr-webzine\/wp-content\/uploads\/medias\/ford-CX740L-eu-SPORT_SEATS_columncard-1000x667-1000x667-detail-on-sport-seats.jpg","large-width":1000,"large-height":667,"1536x1536":"https:\/\/cdn.bymycar.eu\/fr-webzine\/wp-content\/uploads\/medias\/ford-CX740L-eu-SPORT_SEATS_columncard-1000x667-1000x667-detail-on-sport-seats.jpg","1536x1536-width":1000,"1536x1536-height":667,"2048x2048":"https:\/\/cdn.bymycar.eu\/fr-webzine\/wp-content\/uploads\/medias\/ford-CX740L-eu-SPORT_SEATS_columncard-1000x667-1000x667-detail-on-sport-seats.jpg","2048x2048-width":1000,"2048x2048-height":667}},"image_3_332x450":false,"image_4":false,"image_4_332x332":false,"image_4_563x400":{"ID":51094,"id":51094,"title":"ford-CX740L-eu-Technology_Hero_POV-16x9-1440x810-detail-on-centre-screen","filename":"ford-CX740L-eu-Technology_Hero_POV-16x9-1440x810-detail-on-centre-screen.jpg","filesize":144706,"url":"https:\/\/cdn.bymycar.eu\/fr-webzine\/wp-content\/uploads\/medias\/ford-CX740L-eu-Technology_Hero_POV-16x9-1440x810-detail-on-centre-screen.jpg","link":"https:\/\/www.bymycar.fr\/webzine\/la-legende-est-de-retour-nouveau-coupe-suv-ford-capri-bientot-chez-ford-bymycar-nice-cannes\/ford-cx740l-eu-technology_hero_pov-16x9-1440x810-detail-on-centre-screen\/","alt":"","author":"26","description":"","caption":"","name":"ford-cx740l-eu-technology_hero_pov-16x9-1440x810-detail-on-centre-screen","status":"inherit","uploaded_to":51072,"date":"2024-08-06 12:31:58","modified":"2024-08-06 12:31:58","menu_order":0,"mime_type":"image\/jpeg","type":"image","subtype":"jpeg","icon":"https:\/\/www.bymycar.fr\/webzine\/wp-includes\/images\/media\/default.png","width":1440,"height":810,"sizes":{"thumbnail":"https:\/\/cdn.bymycar.eu\/fr-webzine\/wp-content\/uploads\/medias\/ford-CX740L-eu-Technology_Hero_POV-16x9-1440x810-detail-on-centre-screen-150x150.jpg","thumbnail-width":150,"thumbnail-height":150,"medium":"https:\/\/cdn.bymycar.eu\/fr-webzine\/wp-content\/uploads\/medias\/ford-CX740L-eu-Technology_Hero_POV-16x9-1440x810-detail-on-centre-screen-300x169.jpg","medium-width":300,"medium-height":169,"medium_large":"https:\/\/cdn.bymycar.eu\/fr-webzine\/wp-content\/uploads\/medias\/ford-CX740L-eu-Technology_Hero_POV-16x9-1440x810-detail-on-centre-screen-768x432.jpg","medium_large-width":768,"medium_large-height":432,"large":"https:\/\/cdn.bymycar.eu\/fr-webzine\/wp-content\/uploads\/medias\/ford-CX740L-eu-Technology_Hero_POV-16x9-1440x810-detail-on-centre-screen-1024x576.jpg","large-width":1024,"large-height":576,"1536x1536":"https:\/\/cdn.bymycar.eu\/fr-webzine\/wp-content\/uploads\/medias\/ford-CX740L-eu-Technology_Hero_POV-16x9-1440x810-detail-on-centre-screen.jpg","1536x1536-width":1440,"1536x1536-height":810,"2048x2048":"https:\/\/cdn.bymycar.eu\/fr-webzine\/wp-content\/uploads\/medias\/ford-CX740L-eu-Technology_Hero_POV-16x9-1440x810-detail-on-centre-screen.jpg","2048x2048-width":1440,"2048x2048-height":810}},"code_embed":"","legende_video":"","photo":false,"photo_100x100":false,"nom":"","fonction":"","elements_timeline":false,"entetes_colonnes":false,"entetes_lignes":false,"lignes":false,"introduction":"","formulaire":false,"question":"","reponse":"","libelle_bouton_lien":"","url_lien":"","questions":false,"conclusions":false,"pays":false,"region":false,"marque":false,"marqueConcessions":false,"modele":false,"ptvente":false,"typeV":false,"collection":false,"nombre_maximum_elements":10,"lien_fin_carousel":"","texte_lien_fin_carousel":"","trier_par":false},{"type_strate":"50-50-image-texte-full","ancre":"","contenu":"","titre":"","image":false,"image_libre":false,"image_800x500":{"ID":51088,"id":51088,"title":"ford-cx740l-eu-Large_Card_3_CX740L_M_L_56126-16x7-1440x630-graphic-of-cx740l-assistants","filename":"ford-cx740l-eu-Large_Card_3_CX740L_M_L_56126-16x7-1440x630-graphic-of-cx740l-assistants.jpg","filesize":66996,"url":"https:\/\/cdn.bymycar.eu\/fr-webzine\/wp-content\/uploads\/medias\/ford-cx740l-eu-Large_Card_3_CX740L_M_L_56126-16x7-1440x630-graphic-of-cx740l-assistants.jpg","link":"https:\/\/www.bymycar.fr\/webzine\/la-legende-est-de-retour-nouveau-coupe-suv-ford-capri-bientot-chez-ford-bymycar-nice-cannes\/ford-cx740l-eu-large_card_3_cx740l_m_l_56126-16x7-1440x630-graphic-of-cx740l-assistants\/","alt":"","author":"26","description":"","caption":"","name":"ford-cx740l-eu-large_card_3_cx740l_m_l_56126-16x7-1440x630-graphic-of-cx740l-assistants","status":"inherit","uploaded_to":51072,"date":"2024-08-06 12:31:51","modified":"2024-08-06 12:31:51","menu_order":0,"mime_type":"image\/jpeg","type":"image","subtype":"jpeg","icon":"https:\/\/www.bymycar.fr\/webzine\/wp-includes\/images\/media\/default.png","width":1440,"height":630,"sizes":{"thumbnail":"https:\/\/cdn.bymycar.eu\/fr-webzine\/wp-content\/uploads\/medias\/ford-cx740l-eu-Large_Card_3_CX740L_M_L_56126-16x7-1440x630-graphic-of-cx740l-assistants-150x150.jpg","thumbnail-width":150,"thumbnail-height":150,"medium":"https:\/\/cdn.bymycar.eu\/fr-webzine\/wp-content\/uploads\/medias\/ford-cx740l-eu-Large_Card_3_CX740L_M_L_56126-16x7-1440x630-graphic-of-cx740l-assistants-300x131.jpg","medium-width":300,"medium-height":131,"medium_large":"https:\/\/cdn.bymycar.eu\/fr-webzine\/wp-content\/uploads\/medias\/ford-cx740l-eu-Large_Card_3_CX740L_M_L_56126-16x7-1440x630-graphic-of-cx740l-assistants-768x336.jpg","medium_large-width":768,"medium_large-height":336,"large":"https:\/\/cdn.bymycar.eu\/fr-webzine\/wp-content\/uploads\/medias\/ford-cx740l-eu-Large_Card_3_CX740L_M_L_56126-16x7-1440x630-graphic-of-cx740l-assistants-1024x448.jpg","large-width":1024,"large-height":448,"1536x1536":"https:\/\/cdn.bymycar.eu\/fr-webzine\/wp-content\/uploads\/medias\/ford-cx740l-eu-Large_Card_3_CX740L_M_L_56126-16x7-1440x630-graphic-of-cx740l-assistants.jpg","1536x1536-width":1440,"1536x1536-height":630,"2048x2048":"https:\/\/cdn.bymycar.eu\/fr-webzine\/wp-content\/uploads\/medias\/ford-cx740l-eu-Large_Card_3_CX740L_M_L_56126-16x7-1440x630-graphic-of-cx740l-assistants.jpg","2048x2048-width":1440,"2048x2048-height":630}},"legende":"","zoom":false,"texte":"<h4><span style=\"font-size: 14pt\">S\u00e9curit\u00e9 et Performance : La Conduite en Toute S\u00e9r\u00e9nit\u00e9<\/span><\/h4>\n<p><span style=\"font-size: 14pt\">La Ford Capri met la s\u00e9curit\u00e9 au c\u0153ur de ses priorit\u00e9s. Gr\u00e2ce \u00e0 une s\u00e9lection de fonctionnalit\u00e9s avanc\u00e9es d&rsquo;aide \u00e0 la conduite, comme le r\u00e9gulateur de vitesse adaptatif, les phares LED Matrix adaptatifs et la cam\u00e9ra 360\u00b0, chaque trajet devient plus s\u00fbr et plus agr\u00e9able. Le pack Aide \u00e0 la conduite optionnel comprend 12 capteurs ultrasons, cinq cam\u00e9ras et trois capteurs radar pour une s\u00e9curit\u00e9 maximale. En termes de performance, la Capri impressionne avec une acc\u00e9l\u00e9ration de 0 \u00e0 100 km\/h en seulement 5,3 secondes et une autonomie \u00e9lectrique pouvant atteindre jusqu&rsquo;\u00e0 627 km. De plus, la recharge rapide permet de r\u00e9cup\u00e9rer 80% de la batterie en seulement 26 minutes, garantissant des d\u00e9placements sans stress.<\/span><\/p>\n","articles":false,"categorie_droite":false,"images":false,"elements_comparatif":false,"texte_1":"","texte_2":"","image_1":false,"image_1_563x400":false,"image_1_332x332":false,"image_2":false,"image_2_333x240":false,"image_2_563x400":false,"image_3":false,"image_3_333x240":false,"image_3_332x450":false,"image_4":false,"image_4_332x332":false,"image_4_563x400":false,"code_embed":"","legende_video":"","photo":false,"photo_100x100":false,"nom":"","fonction":"","elements_timeline":false,"entetes_colonnes":false,"entetes_lignes":false,"lignes":false,"introduction":"","formulaire":false,"question":"","reponse":"","libelle_bouton_lien":"","url_lien":"","questions":false,"conclusions":false,"pays":false,"region":false,"marque":false,"marqueConcessions":false,"modele":false,"ptvente":false,"typeV":false,"collection":false,"nombre_maximum_elements":10,"lien_fin_carousel":"","texte_lien_fin_carousel":"","trier_par":false},{"type_strate":"texte-simple","ancre":"","contenu":"<h4><span style=\"font-size: 14pt\">Recharge et Autonomie : Toujours Pr\u00eate pour la Route<\/span><\/h4>\n<p><span style=\"font-size: 14pt\">La nouvelle Capri offre une autonomie \u00e9lectrique exceptionnelle de 627 km, id\u00e9ale pour les longs trajets. Gr\u00e2ce au R\u00e9seau de recharge BlueOval\u2122, vous avez acc\u00e8s \u00e0 plus de 100 000 points de recharge en France et plus de 600 000 en Europe, assurant que votre Capri est toujours pr\u00eate pour la route. Que ce soit pour un usage quotidien ou des aventures plus lointaines, la recharge rapide en 26 minutes rend chaque voyage fluide et sans interruption.<\/span><\/p>\n","titre":"Ford CAPRI","image":false,"image_libre":false,"image_800x500":false,"legende":"","zoom":false,"texte":"","articles":false,"categorie_droite":false,"images":false,"elements_comparatif":false,"texte_1":"","texte_2":"","image_1":false,"image_1_563x400":false,"image_1_332x332":false,"image_2":false,"image_2_333x240":false,"image_2_563x400":false,"image_3":false,"image_3_333x240":false,"image_3_332x450":false,"image_4":false,"image_4_332x332":false,"image_4_563x400":false,"code_embed":"","legende_video":"","photo":false,"photo_100x100":false,"nom":"","fonction":"","elements_timeline":false,"entetes_colonnes":false,"entetes_lignes":false,"lignes":false,"introduction":"","formulaire":false,"question":"","reponse":"","libelle_bouton_lien":"","url_lien":"","questions":false,"conclusions":false,"pays":false,"region":false,"marque":false,"marqueConcessions":false,"modele":false,"ptvente":false,"typeV":false,"collection":false,"nombre_maximum_elements":10,"lien_fin_carousel":"","texte_lien_fin_carousel":"","trier_par":false},{"type_strate":"50-50-image-texte-full","ancre":"","contenu":"","titre":"","image":false,"image_libre":false,"image_800x500":{"ID":51083,"id":51083,"title":"ford-cx740l-eu-24_CX740L_TWO_CAR_RANGE_BANNER-16x9-1920x1080-cx740l-yellow-blue-cars","filename":"ford-cx740l-eu-24_CX740L_TWO_CAR_RANGE_BANNER-16x9-1920x1080-cx740l-yellow-blue-cars.jpg","filesize":173828,"url":"https:\/\/cdn.bymycar.eu\/fr-webzine\/wp-content\/uploads\/medias\/ford-cx740l-eu-24_CX740L_TWO_CAR_RANGE_BANNER-16x9-1920x1080-cx740l-yellow-blue-cars.jpg","link":"https:\/\/www.bymycar.fr\/webzine\/la-legende-est-de-retour-nouveau-coupe-suv-ford-capri-bientot-chez-ford-bymycar-nice-cannes\/ford-cx740l-eu-24_cx740l_two_car_range_banner-16x9-1920x1080-cx740l-yellow-blue-cars\/","alt":"","author":"26","description":"","caption":"","name":"ford-cx740l-eu-24_cx740l_two_car_range_banner-16x9-1920x1080-cx740l-yellow-blue-cars","status":"inherit","uploaded_to":51072,"date":"2024-08-06 12:31:38","modified":"2024-08-06 12:31:38","menu_order":0,"mime_type":"image\/jpeg","type":"image","subtype":"jpeg","icon":"https:\/\/www.bymycar.fr\/webzine\/wp-includes\/images\/media\/default.png","width":1920,"height":1080,"sizes":{"thumbnail":"https:\/\/cdn.bymycar.eu\/fr-webzine\/wp-content\/uploads\/medias\/ford-cx740l-eu-24_CX740L_TWO_CAR_RANGE_BANNER-16x9-1920x1080-cx740l-yellow-blue-cars-150x150.jpg","thumbnail-width":150,"thumbnail-height":150,"medium":"https:\/\/cdn.bymycar.eu\/fr-webzine\/wp-content\/uploads\/medias\/ford-cx740l-eu-24_CX740L_TWO_CAR_RANGE_BANNER-16x9-1920x1080-cx740l-yellow-blue-cars-300x169.jpg","medium-width":300,"medium-height":169,"medium_large":"https:\/\/cdn.bymycar.eu\/fr-webzine\/wp-content\/uploads\/medias\/ford-cx740l-eu-24_CX740L_TWO_CAR_RANGE_BANNER-16x9-1920x1080-cx740l-yellow-blue-cars-768x432.jpg","medium_large-width":768,"medium_large-height":432,"large":"https:\/\/cdn.bymycar.eu\/fr-webzine\/wp-content\/uploads\/medias\/ford-cx740l-eu-24_CX740L_TWO_CAR_RANGE_BANNER-16x9-1920x1080-cx740l-yellow-blue-cars-1024x576.jpg","large-width":1024,"large-height":576,"1536x1536":"https:\/\/cdn.bymycar.eu\/fr-webzine\/wp-content\/uploads\/medias\/ford-cx740l-eu-24_CX740L_TWO_CAR_RANGE_BANNER-16x9-1920x1080-cx740l-yellow-blue-cars-1536x864.jpg","1536x1536-width":1536,"1536x1536-height":864,"2048x2048":"https:\/\/cdn.bymycar.eu\/fr-webzine\/wp-content\/uploads\/medias\/ford-cx740l-eu-24_CX740L_TWO_CAR_RANGE_BANNER-16x9-1920x1080-cx740l-yellow-blue-cars.jpg","2048x2048-width":1920,"2048x2048-height":1080}},"legende":"","zoom":false,"texte":"<p><span style=\"font-size: 14pt\">La nouvelle Ford Capri 100% \u00e9lectrique est bien plus qu&rsquo;un simple v\u00e9hicule. C&rsquo;est le retour d&rsquo;une l\u00e9gende, modernis\u00e9e pour r\u00e9pondre aux exigences contemporaines de mobilit\u00e9 durable et de haute performance. <\/span><\/p>\n<p><span style=\"font-size: 14pt\">Pour d\u00e9couvrir cette r\u00e9volution et transformer votre exp\u00e9rience de conduite, visitez notre site web ou rendez-vous chez votre concessionnaire Ford BYmyCAR \u00e0 Cannes ou Nice pour r\u00e9server votre essai. Faites l&rsquo;exp\u00e9rience de l&rsquo;innovation et de l&rsquo;h\u00e9ritage avec la nouvelle Ford Capri 100% \u00e9lectrique.<\/span><\/p>\n","articles":false,"categorie_droite":false,"images":false,"elements_comparatif":false,"texte_1":"","texte_2":"","image_1":false,"image_1_563x400":false,"image_1_332x332":false,"image_2":false,"image_2_333x240":false,"image_2_563x400":false,"image_3":false,"image_3_333x240":false,"image_3_332x450":false,"image_4":false,"image_4_332x332":false,"image_4_563x400":false,"code_embed":"","legende_video":"","photo":false,"photo_100x100":false,"nom":"","fonction":"","elements_timeline":false,"entetes_colonnes":false,"entetes_lignes":false,"lignes":false,"introduction":"","formulaire":false,"question":"","reponse":"","libelle_bouton_lien":"","url_lien":"","questions":false,"conclusions":false,"pays":false,"region":false,"marque":false,"marqueConcessions":false,"modele":false,"ptvente":false,"typeV":false,"collection":false,"nombre_maximum_elements":10,"lien_fin_carousel":"","texte_lien_fin_carousel":"","trier_par":false}],"is_old_post":false,"image":{"ID":51083,"id":51083,"title":"ford-cx740l-eu-24_CX740L_TWO_CAR_RANGE_BANNER-16x9-1920x1080-cx740l-yellow-blue-cars","filename":"ford-cx740l-eu-24_CX740L_TWO_CAR_RANGE_BANNER-16x9-1920x1080-cx740l-yellow-blue-cars.jpg","filesize":173828,"url":"https:\/\/cdn.bymycar.eu\/fr-webzine\/wp-content\/uploads\/medias\/ford-cx740l-eu-24_CX740L_TWO_CAR_RANGE_BANNER-16x9-1920x1080-cx740l-yellow-blue-cars.jpg","link":"https:\/\/www.bymycar.fr\/webzine\/la-legende-est-de-retour-nouveau-coupe-suv-ford-capri-bientot-chez-ford-bymycar-nice-cannes\/ford-cx740l-eu-24_cx740l_two_car_range_banner-16x9-1920x1080-cx740l-yellow-blue-cars\/","alt":"","author":"26","description":"","caption":"","name":"ford-cx740l-eu-24_cx740l_two_car_range_banner-16x9-1920x1080-cx740l-yellow-blue-cars","status":"inherit","uploaded_to":51072,"date":"2024-08-06 12:31:38","modified":"2024-08-06 12:31:38","menu_order":0,"mime_type":"image\/jpeg","type":"image","subtype":"jpeg","icon":"https:\/\/www.bymycar.fr\/webzine\/wp-includes\/images\/media\/default.png","width":1920,"height":1080,"sizes":{"thumbnail":"https:\/\/cdn.bymycar.eu\/fr-webzine\/wp-content\/uploads\/medias\/ford-cx740l-eu-24_CX740L_TWO_CAR_RANGE_BANNER-16x9-1920x1080-cx740l-yellow-blue-cars-150x150.jpg","thumbnail-width":150,"thumbnail-height":150,"medium":"https:\/\/cdn.bymycar.eu\/fr-webzine\/wp-content\/uploads\/medias\/ford-cx740l-eu-24_CX740L_TWO_CAR_RANGE_BANNER-16x9-1920x1080-cx740l-yellow-blue-cars-300x169.jpg","medium-width":300,"medium-height":169,"medium_large":"https:\/\/cdn.bymycar.eu\/fr-webzine\/wp-content\/uploads\/medias\/ford-cx740l-eu-24_CX740L_TWO_CAR_RANGE_BANNER-16x9-1920x1080-cx740l-yellow-blue-cars-768x432.jpg","medium_large-width":768,"medium_large-height":432,"large":"https:\/\/cdn.bymycar.eu\/fr-webzine\/wp-content\/uploads\/medias\/ford-cx740l-eu-24_CX740L_TWO_CAR_RANGE_BANNER-16x9-1920x1080-cx740l-yellow-blue-cars-1024x576.jpg","large-width":1024,"large-height":576,"1536x1536":"https:\/\/cdn.bymycar.eu\/fr-webzine\/wp-content\/uploads\/medias\/ford-cx740l-eu-24_CX740L_TWO_CAR_RANGE_BANNER-16x9-1920x1080-cx740l-yellow-blue-cars-1536x864.jpg","1536x1536-width":1536,"1536x1536-height":864,"2048x2048":"https:\/\/cdn.bymycar.eu\/fr-webzine\/wp-content\/uploads\/medias\/ford-cx740l-eu-24_CX740L_TWO_CAR_RANGE_BANNER-16x9-1920x1080-cx740l-yellow-blue-cars.jpg","2048x2048-width":1920,"2048x2048-height":1080}},"page_content":{"block_content":[{"acf_fc_layout":"text-image","--nav":{"-withNav":false,"-ancre":""},"--group":{"-image":{"ID":51085,"id":51085,"title":"ford-cx740l-eu-CX740L_CHARGING_HERO_Talent_BANNER-16x9-1920x1080-side-view-of-blue-cx740l","filename":"ford-cx740l-eu-CX740L_CHARGING_HERO_Talent_BANNER-16x9-1920x1080-side-view-of-blue-cx740l.jpg","filesize":143808,"url":"https:\/\/cdn.bymycar.eu\/fr-webzine\/wp-content\/uploads\/medias\/ford-cx740l-eu-CX740L_CHARGING_HERO_Talent_BANNER-16x9-1920x1080-side-view-of-blue-cx740l.jpg","link":"https:\/\/www.bymycar.fr\/webzine\/la-legende-est-de-retour-nouveau-coupe-suv-ford-capri-bientot-chez-ford-bymycar-nice-cannes\/ford-cx740l-eu-cx740l_charging_hero_talent_banner-16x9-1920x1080-side-view-of-blue-cx740l\/","alt":"","author":"26","description":"","caption":"","name":"ford-cx740l-eu-cx740l_charging_hero_talent_banner-16x9-1920x1080-side-view-of-blue-cx740l","status":"inherit","uploaded_to":51072,"date":"2024-08-06 12:31:43","modified":"2024-08-06 12:31:43","menu_order":0,"mime_type":"image\/jpeg","type":"image","subtype":"jpeg","icon":"https:\/\/www.bymycar.fr\/webzine\/wp-includes\/images\/media\/default.png","width":1920,"height":1080,"sizes":{"thumbnail":"https:\/\/cdn.bymycar.eu\/fr-webzine\/wp-content\/uploads\/medias\/ford-cx740l-eu-CX740L_CHARGING_HERO_Talent_BANNER-16x9-1920x1080-side-view-of-blue-cx740l-150x150.jpg","thumbnail-width":150,"thumbnail-height":150,"medium":"https:\/\/cdn.bymycar.eu\/fr-webzine\/wp-content\/uploads\/medias\/ford-cx740l-eu-CX740L_CHARGING_HERO_Talent_BANNER-16x9-1920x1080-side-view-of-blue-cx740l-300x169.jpg","medium-width":300,"medium-height":169,"medium_large":"https:\/\/cdn.bymycar.eu\/fr-webzine\/wp-content\/uploads\/medias\/ford-cx740l-eu-CX740L_CHARGING_HERO_Talent_BANNER-16x9-1920x1080-side-view-of-blue-cx740l-768x432.jpg","medium_large-width":768,"medium_large-height":432,"large":"https:\/\/cdn.bymycar.eu\/fr-webzine\/wp-content\/uploads\/medias\/ford-cx740l-eu-CX740L_CHARGING_HERO_Talent_BANNER-16x9-1920x1080-side-view-of-blue-cx740l-1024x576.jpg","large-width":1024,"large-height":576,"1536x1536":"https:\/\/cdn.bymycar.eu\/fr-webzine\/wp-content\/uploads\/medias\/ford-cx740l-eu-CX740L_CHARGING_HERO_Talent_BANNER-16x9-1920x1080-side-view-of-blue-cx740l-1536x864.jpg","1536x1536-width":1536,"1536x1536-height":864,"2048x2048":"https:\/\/cdn.bymycar.eu\/fr-webzine\/wp-content\/uploads\/medias\/ford-cx740l-eu-CX740L_CHARGING_HERO_Talent_BANNER-16x9-1920x1080-side-view-of-blue-cx740l.jpg","2048x2048-width":1920,"2048x2048-height":1080}},"-title":"","-text":"<h4><span style=\"font-size: 14pt\"><strong>Un Design \u00c9lectrisant<\/strong><\/span><\/h4>\n<p><span style=\"font-size: 14pt\">La nouvelle Ford Capri d\u00e9barque avec un design embl\u00e9matique et \u00e9lectrisant, disponible en deux finitions : Capri et Capri Pack Premium. Ce crossover aux lignes sportives capture l&rsquo;essence de la Capri classique tout en la revisitant avec une touche contemporaine. Les finitions haut de gamme, les mat\u00e9riaux de qualit\u00e9 et les d\u00e9tails soign\u00e9s font de chaque trajet une exp\u00e9rience visuelle et sensorielle unique.\u00a0<\/span><\/p>\n<h4><span style=\"font-size: 14pt\"><strong>Technologie et Confort : Connectivit\u00e9 et Exp\u00e9rience Sonore Immersive<\/strong><\/span><\/h4>\n<p><span style=\"font-size: 14pt\">\u00c0 l&rsquo;int\u00e9rieur, la nouvelle Capri est \u00e9quip\u00e9e des technologies les plus avanc\u00e9es pour vous offrir une exp\u00e9rience de conduite confortable et connect\u00e9e. Le syst\u00e8me Ford SYNC Move, dot\u00e9 d&rsquo;un planificateur d&rsquo;itin\u00e9raire pour v\u00e9hicule \u00e9lectrique et d&rsquo;une navigation par satellite connect\u00e9e au cloud, vous assure de toujours emprunter le meilleur itin\u00e9raire. Pour une ambiance sonore exceptionnelle, le syst\u00e8me audio immersif B&amp;O\u2122 avec 10 haut-parleurs, un caisson de basses et une barre de son int\u00e9gr\u00e9e vous accompagne \u00e0 chaque voyage.<\/span><\/p>\n"}},{"acf_fc_layout":"images-mosaique-x4-2","--nav":{"-withNav":false,"-ancre":""},"--group":{"-title":"","-images":[{"ID":51087,"id":51087,"title":"ford-cx740l-eu-CX740L_INTERIOR_HERO_DSE_Talent_BANNER-16x9-1920x1080-cx740l-interior-view-outside","filename":"ford-cx740l-eu-CX740L_INTERIOR_HERO_DSE_Talent_BANNER-16x9-1920x1080-cx740l-interior-view-outside.jpg","filesize":183765,"url":"https:\/\/cdn.bymycar.eu\/fr-webzine\/wp-content\/uploads\/medias\/ford-cx740l-eu-CX740L_INTERIOR_HERO_DSE_Talent_BANNER-16x9-1920x1080-cx740l-interior-view-outside.jpg","link":"https:\/\/www.bymycar.fr\/webzine\/la-legende-est-de-retour-nouveau-coupe-suv-ford-capri-bientot-chez-ford-bymycar-nice-cannes\/ford-cx740l-eu-cx740l_interior_hero_dse_talent_banner-16x9-1920x1080-cx740l-interior-view-outside\/","alt":"","author":"26","description":"","caption":"","name":"ford-cx740l-eu-cx740l_interior_hero_dse_talent_banner-16x9-1920x1080-cx740l-interior-view-outside","status":"inherit","uploaded_to":51072,"date":"2024-08-06 12:31:47","modified":"2024-08-06 12:31:47","menu_order":0,"mime_type":"image\/jpeg","type":"image","subtype":"jpeg","icon":"https:\/\/www.bymycar.fr\/webzine\/wp-includes\/images\/media\/default.png","width":1920,"height":1080,"sizes":{"thumbnail":"https:\/\/cdn.bymycar.eu\/fr-webzine\/wp-content\/uploads\/medias\/ford-cx740l-eu-CX740L_INTERIOR_HERO_DSE_Talent_BANNER-16x9-1920x1080-cx740l-interior-view-outside-150x150.jpg","thumbnail-width":150,"thumbnail-height":150,"medium":"https:\/\/cdn.bymycar.eu\/fr-webzine\/wp-content\/uploads\/medias\/ford-cx740l-eu-CX740L_INTERIOR_HERO_DSE_Talent_BANNER-16x9-1920x1080-cx740l-interior-view-outside-300x169.jpg","medium-width":300,"medium-height":169,"medium_large":"https:\/\/cdn.bymycar.eu\/fr-webzine\/wp-content\/uploads\/medias\/ford-cx740l-eu-CX740L_INTERIOR_HERO_DSE_Talent_BANNER-16x9-1920x1080-cx740l-interior-view-outside-768x432.jpg","medium_large-width":768,"medium_large-height":432,"large":"https:\/\/cdn.bymycar.eu\/fr-webzine\/wp-content\/uploads\/medias\/ford-cx740l-eu-CX740L_INTERIOR_HERO_DSE_Talent_BANNER-16x9-1920x1080-cx740l-interior-view-outside-1024x576.jpg","large-width":1024,"large-height":576,"1536x1536":"https:\/\/cdn.bymycar.eu\/fr-webzine\/wp-content\/uploads\/medias\/ford-cx740l-eu-CX740L_INTERIOR_HERO_DSE_Talent_BANNER-16x9-1920x1080-cx740l-interior-view-outside-1536x864.jpg","1536x1536-width":1536,"1536x1536-height":864,"2048x2048":"https:\/\/cdn.bymycar.eu\/fr-webzine\/wp-content\/uploads\/medias\/ford-cx740l-eu-CX740L_INTERIOR_HERO_DSE_Talent_BANNER-16x9-1920x1080-cx740l-interior-view-outside.jpg","2048x2048-width":1920,"2048x2048-height":1080}},{"ID":51084,"id":51084,"title":"ford-cx740l-eu-B&amp;O_Small_Card-1x1-1000x1000-bang_olfussen_loudspeaker-detail","filename":"ford-cx740l-eu-BO_Small_Card-1x1-1000x1000-bang_olfussen_loudspeaker-detail.jpg","filesize":130200,"url":"https:\/\/cdn.bymycar.eu\/fr-webzine\/wp-content\/uploads\/medias\/ford-cx740l-eu-BO_Small_Card-1x1-1000x1000-bang_olfussen_loudspeaker-detail.jpg","link":"https:\/\/www.bymycar.fr\/webzine\/la-legende-est-de-retour-nouveau-coupe-suv-ford-capri-bientot-chez-ford-bymycar-nice-cannes\/ford-cx740l-eu-bo_small_card-1x1-1000x1000-bang_olfussen_loudspeaker-detail\/","alt":"","author":"26","description":"","caption":"","name":"ford-cx740l-eu-bo_small_card-1x1-1000x1000-bang_olfussen_loudspeaker-detail","status":"inherit","uploaded_to":51072,"date":"2024-08-06 12:31:41","modified":"2024-08-06 12:31:41","menu_order":0,"mime_type":"image\/jpeg","type":"image","subtype":"jpeg","icon":"https:\/\/www.bymycar.fr\/webzine\/wp-includes\/images\/media\/default.png","width":1000,"height":1000,"sizes":{"thumbnail":"https:\/\/cdn.bymycar.eu\/fr-webzine\/wp-content\/uploads\/medias\/ford-cx740l-eu-BO_Small_Card-1x1-1000x1000-bang_olfussen_loudspeaker-detail-150x150.jpg","thumbnail-width":150,"thumbnail-height":150,"medium":"https:\/\/cdn.bymycar.eu\/fr-webzine\/wp-content\/uploads\/medias\/ford-cx740l-eu-BO_Small_Card-1x1-1000x1000-bang_olfussen_loudspeaker-detail-300x300.jpg","medium-width":300,"medium-height":300,"medium_large":"https:\/\/cdn.bymycar.eu\/fr-webzine\/wp-content\/uploads\/medias\/ford-cx740l-eu-BO_Small_Card-1x1-1000x1000-bang_olfussen_loudspeaker-detail-768x768.jpg","medium_large-width":768,"medium_large-height":768,"large":"https:\/\/cdn.bymycar.eu\/fr-webzine\/wp-content\/uploads\/medias\/ford-cx740l-eu-BO_Small_Card-1x1-1000x1000-bang_olfussen_loudspeaker-detail.jpg","large-width":1000,"large-height":1000,"1536x1536":"https:\/\/cdn.bymycar.eu\/fr-webzine\/wp-content\/uploads\/medias\/ford-cx740l-eu-BO_Small_Card-1x1-1000x1000-bang_olfussen_loudspeaker-detail.jpg","1536x1536-width":1000,"1536x1536-height":1000,"2048x2048":"https:\/\/cdn.bymycar.eu\/fr-webzine\/wp-content\/uploads\/medias\/ford-cx740l-eu-BO_Small_Card-1x1-1000x1000-bang_olfussen_loudspeaker-detail.jpg","2048x2048-width":1000,"2048x2048-height":1000}},{"ID":51093,"id":51093,"title":"ford-CX740L-eu-SPORT_SEATS_columncard-1000x667-1000x667-detail-on-sport-seats","filename":"ford-CX740L-eu-SPORT_SEATS_columncard-1000x667-1000x667-detail-on-sport-seats.jpg","filesize":150333,"url":"https:\/\/cdn.bymycar.eu\/fr-webzine\/wp-content\/uploads\/medias\/ford-CX740L-eu-SPORT_SEATS_columncard-1000x667-1000x667-detail-on-sport-seats.jpg","link":"https:\/\/www.bymycar.fr\/webzine\/la-legende-est-de-retour-nouveau-coupe-suv-ford-capri-bientot-chez-ford-bymycar-nice-cannes\/ford-cx740l-eu-sport_seats_columncard-1000x667-1000x667-detail-on-sport-seats\/","alt":"","author":"26","description":"","caption":"","name":"ford-cx740l-eu-sport_seats_columncard-1000x667-1000x667-detail-on-sport-seats","status":"inherit","uploaded_to":51072,"date":"2024-08-06 12:31:57","modified":"2024-08-06 12:31:57","menu_order":0,"mime_type":"image\/jpeg","type":"image","subtype":"jpeg","icon":"https:\/\/www.bymycar.fr\/webzine\/wp-includes\/images\/media\/default.png","width":1000,"height":667,"sizes":{"thumbnail":"https:\/\/cdn.bymycar.eu\/fr-webzine\/wp-content\/uploads\/medias\/ford-CX740L-eu-SPORT_SEATS_columncard-1000x667-1000x667-detail-on-sport-seats-150x150.jpg","thumbnail-width":150,"thumbnail-height":150,"medium":"https:\/\/cdn.bymycar.eu\/fr-webzine\/wp-content\/uploads\/medias\/ford-CX740L-eu-SPORT_SEATS_columncard-1000x667-1000x667-detail-on-sport-seats-300x200.jpg","medium-width":300,"medium-height":200,"medium_large":"https:\/\/cdn.bymycar.eu\/fr-webzine\/wp-content\/uploads\/medias\/ford-CX740L-eu-SPORT_SEATS_columncard-1000x667-1000x667-detail-on-sport-seats-768x512.jpg","medium_large-width":768,"medium_large-height":512,"large":"https:\/\/cdn.bymycar.eu\/fr-webzine\/wp-content\/uploads\/medias\/ford-CX740L-eu-SPORT_SEATS_columncard-1000x667-1000x667-detail-on-sport-seats.jpg","large-width":1000,"large-height":667,"1536x1536":"https:\/\/cdn.bymycar.eu\/fr-webzine\/wp-content\/uploads\/medias\/ford-CX740L-eu-SPORT_SEATS_columncard-1000x667-1000x667-detail-on-sport-seats.jpg","1536x1536-width":1000,"1536x1536-height":667,"2048x2048":"https:\/\/cdn.bymycar.eu\/fr-webzine\/wp-content\/uploads\/medias\/ford-CX740L-eu-SPORT_SEATS_columncard-1000x667-1000x667-detail-on-sport-seats.jpg","2048x2048-width":1000,"2048x2048-height":667}},{"ID":51094,"id":51094,"title":"ford-CX740L-eu-Technology_Hero_POV-16x9-1440x810-detail-on-centre-screen","filename":"ford-CX740L-eu-Technology_Hero_POV-16x9-1440x810-detail-on-centre-screen.jpg","filesize":144706,"url":"https:\/\/cdn.bymycar.eu\/fr-webzine\/wp-content\/uploads\/medias\/ford-CX740L-eu-Technology_Hero_POV-16x9-1440x810-detail-on-centre-screen.jpg","link":"https:\/\/www.bymycar.fr\/webzine\/la-legende-est-de-retour-nouveau-coupe-suv-ford-capri-bientot-chez-ford-bymycar-nice-cannes\/ford-cx740l-eu-technology_hero_pov-16x9-1440x810-detail-on-centre-screen\/","alt":"","author":"26","description":"","caption":"","name":"ford-cx740l-eu-technology_hero_pov-16x9-1440x810-detail-on-centre-screen","status":"inherit","uploaded_to":51072,"date":"2024-08-06 12:31:58","modified":"2024-08-06 12:31:58","menu_order":0,"mime_type":"image\/jpeg","type":"image","subtype":"jpeg","icon":"https:\/\/www.bymycar.fr\/webzine\/wp-includes\/images\/media\/default.png","width":1440,"height":810,"sizes":{"thumbnail":"https:\/\/cdn.bymycar.eu\/fr-webzine\/wp-content\/uploads\/medias\/ford-CX740L-eu-Technology_Hero_POV-16x9-1440x810-detail-on-centre-screen-150x150.jpg","thumbnail-width":150,"thumbnail-height":150,"medium":"https:\/\/cdn.bymycar.eu\/fr-webzine\/wp-content\/uploads\/medias\/ford-CX740L-eu-Technology_Hero_POV-16x9-1440x810-detail-on-centre-screen-300x169.jpg","medium-width":300,"medium-height":169,"medium_large":"https:\/\/cdn.bymycar.eu\/fr-webzine\/wp-content\/uploads\/medias\/ford-CX740L-eu-Technology_Hero_POV-16x9-1440x810-detail-on-centre-screen-768x432.jpg","medium_large-width":768,"medium_large-height":432,"large":"https:\/\/cdn.bymycar.eu\/fr-webzine\/wp-content\/uploads\/medias\/ford-CX740L-eu-Technology_Hero_POV-16x9-1440x810-detail-on-centre-screen-1024x576.jpg","large-width":1024,"large-height":576,"1536x1536":"https:\/\/cdn.bymycar.eu\/fr-webzine\/wp-content\/uploads\/medias\/ford-CX740L-eu-Technology_Hero_POV-16x9-1440x810-detail-on-centre-screen.jpg","1536x1536-width":1440,"1536x1536-height":810,"2048x2048":"https:\/\/cdn.bymycar.eu\/fr-webzine\/wp-content\/uploads\/medias\/ford-CX740L-eu-Technology_Hero_POV-16x9-1440x810-detail-on-centre-screen.jpg","2048x2048-width":1440,"2048x2048-height":810}}],"-title-2":""}},{"acf_fc_layout":"text-image","--nav":{"-withNav":false,"-ancre":""},"--group":{"-image":{"ID":51088,"id":51088,"title":"ford-cx740l-eu-Large_Card_3_CX740L_M_L_56126-16x7-1440x630-graphic-of-cx740l-assistants","filename":"ford-cx740l-eu-Large_Card_3_CX740L_M_L_56126-16x7-1440x630-graphic-of-cx740l-assistants.jpg","filesize":66996,"url":"https:\/\/cdn.bymycar.eu\/fr-webzine\/wp-content\/uploads\/medias\/ford-cx740l-eu-Large_Card_3_CX740L_M_L_56126-16x7-1440x630-graphic-of-cx740l-assistants.jpg","link":"https:\/\/www.bymycar.fr\/webzine\/la-legende-est-de-retour-nouveau-coupe-suv-ford-capri-bientot-chez-ford-bymycar-nice-cannes\/ford-cx740l-eu-large_card_3_cx740l_m_l_56126-16x7-1440x630-graphic-of-cx740l-assistants\/","alt":"","author":"26","description":"","caption":"","name":"ford-cx740l-eu-large_card_3_cx740l_m_l_56126-16x7-1440x630-graphic-of-cx740l-assistants","status":"inherit","uploaded_to":51072,"date":"2024-08-06 12:31:51","modified":"2024-08-06 12:31:51","menu_order":0,"mime_type":"image\/jpeg","type":"image","subtype":"jpeg","icon":"https:\/\/www.bymycar.fr\/webzine\/wp-includes\/images\/media\/default.png","width":1440,"height":630,"sizes":{"thumbnail":"https:\/\/cdn.bymycar.eu\/fr-webzine\/wp-content\/uploads\/medias\/ford-cx740l-eu-Large_Card_3_CX740L_M_L_56126-16x7-1440x630-graphic-of-cx740l-assistants-150x150.jpg","thumbnail-width":150,"thumbnail-height":150,"medium":"https:\/\/cdn.bymycar.eu\/fr-webzine\/wp-content\/uploads\/medias\/ford-cx740l-eu-Large_Card_3_CX740L_M_L_56126-16x7-1440x630-graphic-of-cx740l-assistants-300x131.jpg","medium-width":300,"medium-height":131,"medium_large":"https:\/\/cdn.bymycar.eu\/fr-webzine\/wp-content\/uploads\/medias\/ford-cx740l-eu-Large_Card_3_CX740L_M_L_56126-16x7-1440x630-graphic-of-cx740l-assistants-768x336.jpg","medium_large-width":768,"medium_large-height":336,"large":"https:\/\/cdn.bymycar.eu\/fr-webzine\/wp-content\/uploads\/medias\/ford-cx740l-eu-Large_Card_3_CX740L_M_L_56126-16x7-1440x630-graphic-of-cx740l-assistants-1024x448.jpg","large-width":1024,"large-height":448,"1536x1536":"https:\/\/cdn.bymycar.eu\/fr-webzine\/wp-content\/uploads\/medias\/ford-cx740l-eu-Large_Card_3_CX740L_M_L_56126-16x7-1440x630-graphic-of-cx740l-assistants.jpg","1536x1536-width":1440,"1536x1536-height":630,"2048x2048":"https:\/\/cdn.bymycar.eu\/fr-webzine\/wp-content\/uploads\/medias\/ford-cx740l-eu-Large_Card_3_CX740L_M_L_56126-16x7-1440x630-graphic-of-cx740l-assistants.jpg","2048x2048-width":1440,"2048x2048-height":630}},"-title":"","-text":"<h4><span style=\"font-size: 14pt\">S\u00e9curit\u00e9 et Performance : La Conduite en Toute S\u00e9r\u00e9nit\u00e9<\/span><\/h4>\n<p><span style=\"font-size: 14pt\">La Ford Capri met la s\u00e9curit\u00e9 au c\u0153ur de ses priorit\u00e9s. Gr\u00e2ce \u00e0 une s\u00e9lection de fonctionnalit\u00e9s avanc\u00e9es d&rsquo;aide \u00e0 la conduite, comme le r\u00e9gulateur de vitesse adaptatif, les phares LED Matrix adaptatifs et la cam\u00e9ra 360\u00b0, chaque trajet devient plus s\u00fbr et plus agr\u00e9able. Le pack Aide \u00e0 la conduite optionnel comprend 12 capteurs ultrasons, cinq cam\u00e9ras et trois capteurs radar pour une s\u00e9curit\u00e9 maximale. En termes de performance, la Capri impressionne avec une acc\u00e9l\u00e9ration de 0 \u00e0 100 km\/h en seulement 5,3 secondes et une autonomie \u00e9lectrique pouvant atteindre jusqu&rsquo;\u00e0 627 km. De plus, la recharge rapide permet de r\u00e9cup\u00e9rer 80% de la batterie en seulement 26 minutes, garantissant des d\u00e9placements sans stress.<\/span><\/p>\n"}},{"acf_fc_layout":"text-simple","--nav":{"-withNav":false,"-ancre":""},"--group":{"-text":"<h4><span style=\"font-size: 14pt\">Recharge et Autonomie : Toujours Pr\u00eate pour la Route<\/span><\/h4>\n<p><span style=\"font-size: 14pt\">La nouvelle Capri offre une autonomie \u00e9lectrique exceptionnelle de 627 km, id\u00e9ale pour les longs trajets. Gr\u00e2ce au R\u00e9seau de recharge BlueOval\u2122, vous avez acc\u00e8s \u00e0 plus de 100 000 points de recharge en France et plus de 600 000 en Europe, assurant que votre Capri est toujours pr\u00eate pour la route. Que ce soit pour un usage quotidien ou des aventures plus lointaines, la recharge rapide en 26 minutes rend chaque voyage fluide et sans interruption.<\/span><\/p>\n"}},{"acf_fc_layout":"text-image","--nav":{"-withNav":false,"-ancre":""},"--group":{"-image":{"ID":51083,"id":51083,"title":"ford-cx740l-eu-24_CX740L_TWO_CAR_RANGE_BANNER-16x9-1920x1080-cx740l-yellow-blue-cars","filename":"ford-cx740l-eu-24_CX740L_TWO_CAR_RANGE_BANNER-16x9-1920x1080-cx740l-yellow-blue-cars.jpg","filesize":173828,"url":"https:\/\/cdn.bymycar.eu\/fr-webzine\/wp-content\/uploads\/medias\/ford-cx740l-eu-24_CX740L_TWO_CAR_RANGE_BANNER-16x9-1920x1080-cx740l-yellow-blue-cars.jpg","link":"https:\/\/www.bymycar.fr\/webzine\/la-legende-est-de-retour-nouveau-coupe-suv-ford-capri-bientot-chez-ford-bymycar-nice-cannes\/ford-cx740l-eu-24_cx740l_two_car_range_banner-16x9-1920x1080-cx740l-yellow-blue-cars\/","alt":"","author":"26","description":"","caption":"","name":"ford-cx740l-eu-24_cx740l_two_car_range_banner-16x9-1920x1080-cx740l-yellow-blue-cars","status":"inherit","uploaded_to":51072,"date":"2024-08-06 12:31:38","modified":"2024-08-06 12:31:38","menu_order":0,"mime_type":"image\/jpeg","type":"image","subtype":"jpeg","icon":"https:\/\/www.bymycar.fr\/webzine\/wp-includes\/images\/media\/default.png","width":1920,"height":1080,"sizes":{"thumbnail":"https:\/\/cdn.bymycar.eu\/fr-webzine\/wp-content\/uploads\/medias\/ford-cx740l-eu-24_CX740L_TWO_CAR_RANGE_BANNER-16x9-1920x1080-cx740l-yellow-blue-cars-150x150.jpg","thumbnail-width":150,"thumbnail-height":150,"medium":"https:\/\/cdn.bymycar.eu\/fr-webzine\/wp-content\/uploads\/medias\/ford-cx740l-eu-24_CX740L_TWO_CAR_RANGE_BANNER-16x9-1920x1080-cx740l-yellow-blue-cars-300x169.jpg","medium-width":300,"medium-height":169,"medium_large":"https:\/\/cdn.bymycar.eu\/fr-webzine\/wp-content\/uploads\/medias\/ford-cx740l-eu-24_CX740L_TWO_CAR_RANGE_BANNER-16x9-1920x1080-cx740l-yellow-blue-cars-768x432.jpg","medium_large-width":768,"medium_large-height":432,"large":"https:\/\/cdn.bymycar.eu\/fr-webzine\/wp-content\/uploads\/medias\/ford-cx740l-eu-24_CX740L_TWO_CAR_RANGE_BANNER-16x9-1920x1080-cx740l-yellow-blue-cars-1024x576.jpg","large-width":1024,"large-height":576,"1536x1536":"https:\/\/cdn.bymycar.eu\/fr-webzine\/wp-content\/uploads\/medias\/ford-cx740l-eu-24_CX740L_TWO_CAR_RANGE_BANNER-16x9-1920x1080-cx740l-yellow-blue-cars-1536x864.jpg","1536x1536-width":1536,"1536x1536-height":864,"2048x2048":"https:\/\/cdn.bymycar.eu\/fr-webzine\/wp-content\/uploads\/medias\/ford-cx740l-eu-24_CX740L_TWO_CAR_RANGE_BANNER-16x9-1920x1080-cx740l-yellow-blue-cars.jpg","2048x2048-width":1920,"2048x2048-height":1080}},"-title":"","-text":"<p><span style=\"font-size: 14pt\">La nouvelle Ford Capri 100% \u00e9lectrique est bien plus qu&rsquo;un simple v\u00e9hicule. C&rsquo;est le retour d&rsquo;une l\u00e9gende, modernis\u00e9e pour r\u00e9pondre aux exigences contemporaines de mobilit\u00e9 durable et de haute performance. <\/span><\/p>\n<p><span style=\"font-size: 14pt\">Pour d\u00e9couvrir cette r\u00e9volution et transformer votre exp\u00e9rience de conduite, visitez notre site web ou rendez-vous chez votre concessionnaire Ford BYmyCAR \u00e0 Cannes ou Nice pour r\u00e9server votre essai. Faites l&rsquo;exp\u00e9rience de l&rsquo;innovation et de l&rsquo;h\u00e9ritage avec la nouvelle Ford Capri 100% \u00e9lectrique.<\/span><\/p>\n"}}]},"add-carousel-to-footer":true},"yoast_head":"<!-- This site is optimized with the Yoast SEO Premium plugin v26.4 (Yoast SEO v26.4) - https:\/\/yoast.com\/wordpress\/plugins\/seo\/ -->\n<title>La L\u00e9gende est de retour ! Nouveau Coup\u00e9 SUV Ford Capri. Bient\u00f4t chez Ford BYmyCAR Nice &amp; Cannes.<\/title>\n<meta name=\"robots\" content=\"index, follow, max-snippet:-1, max-image-preview:large, max-video-preview:-1\" \/>\n<link rel=\"canonical\" href=\"https:\/\/www.bymycar.fr\/webzine\/la-legende-est-de-retour-nouveau-coupe-suv-ford-capri-bientot-chez-ford-bymycar-nice-cannes\/\" \/>\n<meta property=\"og:locale\" content=\"fr_FR\" \/>\n<meta property=\"og:type\" content=\"article\" \/>\n<meta property=\"og:title\" content=\"La L\u00e9gende est de retour ! Nouveau Coup\u00e9 SUV Ford Capri. Bient\u00f4t chez Ford BYmyCAR Nice &amp; Cannes.\" \/>\n<meta property=\"og:url\" content=\"https:\/\/www.bymycar.fr\/webzine\/la-legende-est-de-retour-nouveau-coupe-suv-ford-capri-bientot-chez-ford-bymycar-nice-cannes\/\" \/>\n<meta property=\"og:site_name\" content=\"Webzine auto BYmyCAR\" \/>\n<meta property=\"article:published_time\" content=\"2024-08-06T12:37:08+00:00\" \/>\n<meta property=\"article:modified_time\" content=\"2024-08-06T12:37:09+00:00\" \/>\n<meta property=\"og:image\" content=\"https:\/\/cdn.bymycar.eu\/fr-webzine\/wp-content\/uploads\/medias\/ford-cx740l-eu-24_CX740L_TWO_CAR_RANGE_BANNER-16x9-1920x1080-cx740l-yellow-blue-cars.jpg\" \/>\n\t<meta property=\"og:image:width\" content=\"1920\" \/>\n\t<meta property=\"og:image:height\" content=\"1080\" \/>\n\t<meta property=\"og:image:type\" content=\"image\/jpeg\" \/>\n<meta name=\"author\" content=\"Romane Bachi\" \/>\n<meta name=\"twitter:card\" content=\"summary_large_image\" \/>\n<meta name=\"twitter:label1\" content=\"\u00c9crit par\" \/>\n\t<meta name=\"twitter:data1\" content=\"Romane Bachi\" \/>\n<script type=\"application\/ld+json\" class=\"yoast-schema-graph\">{\"@context\":\"https:\/\/schema.org\",\"@graph\":[{\"@type\":\"Article\",\"@id\":\"https:\/\/www.bymycar.fr\/webzine\/la-legende-est-de-retour-nouveau-coupe-suv-ford-capri-bientot-chez-ford-bymycar-nice-cannes\/#article\",\"isPartOf\":{\"@id\":\"https:\/\/www.bymycar.fr\/webzine\/la-legende-est-de-retour-nouveau-coupe-suv-ford-capri-bientot-chez-ford-bymycar-nice-cannes\/\"},\"author\":{\"name\":\"Romane Bachi\",\"@id\":\"https:\/\/www.bymycar.fr\/webzine\/#\/schema\/person\/431493796d18cf15420e51b4412ad259\"},\"headline\":\"La L\u00e9gende est de retour ! Nouveau Coup\u00e9 SUV Ford Capri. Bient\u00f4t chez Ford BYmyCAR Nice &amp; Cannes.\",\"datePublished\":\"2024-08-06T12:37:08+00:00\",\"dateModified\":\"2024-08-06T12:37:09+00:00\",\"mainEntityOfPage\":{\"@id\":\"https:\/\/www.bymycar.fr\/webzine\/la-legende-est-de-retour-nouveau-coupe-suv-ford-capri-bientot-chez-ford-bymycar-nice-cannes\/\"},\"wordCount\":19,\"publisher\":{\"@id\":\"https:\/\/www.bymycar.fr\/webzine\/#organization\"},\"image\":{\"@id\":\"https:\/\/www.bymycar.fr\/webzine\/la-legende-est-de-retour-nouveau-coupe-suv-ford-capri-bientot-chez-ford-bymycar-nice-cannes\/#primaryimage\"},\"thumbnailUrl\":\"https:\/\/cdn.bymycar.eu\/fr-webzine\/wp-content\/uploads\/medias\/ford-cx740l-eu-24_CX740L_TWO_CAR_RANGE_BANNER-16x9-1920x1080-cx740l-yellow-blue-cars.jpg\",\"keywords\":[\"BYmyCAR\",\"\u00e9lectrique\",\"nouveaut\u00e9\"],\"articleSection\":[\"Electrique et hybride\",\"FORD\",\"Ford\",\"L'actu des marques\",\"Voiture \u00e9lectrique\"],\"inLanguage\":\"fr-FR\"},{\"@type\":\"WebPage\",\"@id\":\"https:\/\/www.bymycar.fr\/webzine\/la-legende-est-de-retour-nouveau-coupe-suv-ford-capri-bientot-chez-ford-bymycar-nice-cannes\/\",\"url\":\"https:\/\/www.bymycar.fr\/webzine\/la-legende-est-de-retour-nouveau-coupe-suv-ford-capri-bientot-chez-ford-bymycar-nice-cannes\/\",\"name\":\"La L\u00e9gende est de retour ! Nouveau Coup\u00e9 SUV Ford Capri. Bient\u00f4t chez Ford BYmyCAR Nice &amp; Cannes.\",\"isPartOf\":{\"@id\":\"https:\/\/www.bymycar.fr\/webzine\/#website\"},\"primaryImageOfPage\":{\"@id\":\"https:\/\/www.bymycar.fr\/webzine\/la-legende-est-de-retour-nouveau-coupe-suv-ford-capri-bientot-chez-ford-bymycar-nice-cannes\/#primaryimage\"},\"image\":{\"@id\":\"https:\/\/www.bymycar.fr\/webzine\/la-legende-est-de-retour-nouveau-coupe-suv-ford-capri-bientot-chez-ford-bymycar-nice-cannes\/#primaryimage\"},\"thumbnailUrl\":\"https:\/\/cdn.bymycar.eu\/fr-webzine\/wp-content\/uploads\/medias\/ford-cx740l-eu-24_CX740L_TWO_CAR_RANGE_BANNER-16x9-1920x1080-cx740l-yellow-blue-cars.jpg\",\"datePublished\":\"2024-08-06T12:37:08+00:00\",\"dateModified\":\"2024-08-06T12:37:09+00:00\",\"breadcrumb\":{\"@id\":\"https:\/\/www.bymycar.fr\/webzine\/la-legende-est-de-retour-nouveau-coupe-suv-ford-capri-bientot-chez-ford-bymycar-nice-cannes\/#breadcrumb\"},\"inLanguage\":\"fr-FR\",\"potentialAction\":[{\"@type\":\"ReadAction\",\"target\":[\"https:\/\/www.bymycar.fr\/webzine\/la-legende-est-de-retour-nouveau-coupe-suv-ford-capri-bientot-chez-ford-bymycar-nice-cannes\/\"]}]},{\"@type\":\"ImageObject\",\"inLanguage\":\"fr-FR\",\"@id\":\"https:\/\/www.bymycar.fr\/webzine\/la-legende-est-de-retour-nouveau-coupe-suv-ford-capri-bientot-chez-ford-bymycar-nice-cannes\/#primaryimage\",\"url\":\"https:\/\/cdn.bymycar.eu\/fr-webzine\/wp-content\/uploads\/medias\/ford-cx740l-eu-24_CX740L_TWO_CAR_RANGE_BANNER-16x9-1920x1080-cx740l-yellow-blue-cars.jpg\",\"contentUrl\":\"https:\/\/cdn.bymycar.eu\/fr-webzine\/wp-content\/uploads\/medias\/ford-cx740l-eu-24_CX740L_TWO_CAR_RANGE_BANNER-16x9-1920x1080-cx740l-yellow-blue-cars.jpg\",\"width\":1920,\"height\":1080},{\"@type\":\"BreadcrumbList\",\"@id\":\"https:\/\/www.bymycar.fr\/webzine\/la-legende-est-de-retour-nouveau-coupe-suv-ford-capri-bientot-chez-ford-bymycar-nice-cannes\/#breadcrumb\",\"itemListElement\":[{\"@type\":\"ListItem\",\"position\":1,\"name\":\"Accueil\",\"item\":\"https:\/\/www.bymycar.fr\/webzine\/\"},{\"@type\":\"ListItem\",\"position\":2,\"name\":\"La L\u00e9gende est de retour ! Nouveau Coup\u00e9 SUV Ford Capri. Bient\u00f4t chez Ford BYmyCAR Nice &amp; Cannes.\"}]},{\"@type\":\"WebSite\",\"@id\":\"https:\/\/www.bymycar.fr\/webzine\/#website\",\"url\":\"https:\/\/www.bymycar.fr\/webzine\/\",\"name\":\"Webzine auto BYmyCAR\",\"description\":\"La magazine auto de BYmyCAR\",\"publisher\":{\"@id\":\"https:\/\/www.bymycar.fr\/webzine\/#organization\"},\"potentialAction\":[{\"@type\":\"SearchAction\",\"target\":{\"@type\":\"EntryPoint\",\"urlTemplate\":\"https:\/\/www.bymycar.fr\/webzine\/?s={search_term_string}\"},\"query-input\":{\"@type\":\"PropertyValueSpecification\",\"valueRequired\":true,\"valueName\":\"search_term_string\"}}],\"inLanguage\":\"fr-FR\"},{\"@type\":\"Organization\",\"@id\":\"https:\/\/www.bymycar.fr\/webzine\/#organization\",\"name\":\"BYmyCAR\",\"url\":\"https:\/\/www.bymycar.fr\/webzine\/\",\"logo\":{\"@type\":\"ImageObject\",\"inLanguage\":\"fr-FR\",\"@id\":\"https:\/\/www.bymycar.fr\/webzine\/#\/schema\/logo\/image\/\",\"url\":\"https:\/\/cdn.bymycar.eu\/fr-webzine\/wp-content\/uploads\/medias\/2017\/08\/logo_DEALER_00000406_001.png\",\"contentUrl\":\"https:\/\/cdn.bymycar.eu\/fr-webzine\/wp-content\/uploads\/medias\/2017\/08\/logo_DEALER_00000406_001.png\",\"width\":2132,\"height\":720,\"caption\":\"BYmyCAR\"},\"image\":{\"@id\":\"https:\/\/www.bymycar.fr\/webzine\/#\/schema\/logo\/image\/\"}},{\"@type\":\"Person\",\"@id\":\"https:\/\/www.bymycar.fr\/webzine\/#\/schema\/person\/431493796d18cf15420e51b4412ad259\",\"name\":\"Romane Bachi\",\"image\":{\"@type\":\"ImageObject\",\"inLanguage\":\"fr-FR\",\"@id\":\"https:\/\/www.bymycar.fr\/webzine\/#\/schema\/person\/image\/\",\"url\":\"https:\/\/secure.gravatar.com\/avatar\/e51d4400a8d88b09c857e48b529b085dd7d56a15328b4305e818ea03c1e3843a?s=96&d=mm&r=g\",\"contentUrl\":\"https:\/\/secure.gravatar.com\/avatar\/e51d4400a8d88b09c857e48b529b085dd7d56a15328b4305e818ea03c1e3843a?s=96&d=mm&r=g\",\"caption\":\"Romane Bachi\"}}]}<\/script>\n<!-- \/ Yoast SEO Premium plugin. -->","yoast_head_json":{"title":"La L\u00e9gende est de retour ! Nouveau Coup\u00e9 SUV Ford Capri. Bient\u00f4t chez Ford BYmyCAR Nice &amp; Cannes.","robots":{"index":"index","follow":"follow","max-snippet":"max-snippet:-1","max-image-preview":"max-image-preview:large","max-video-preview":"max-video-preview:-1"},"canonical":"https:\/\/www.bymycar.fr\/webzine\/la-legende-est-de-retour-nouveau-coupe-suv-ford-capri-bientot-chez-ford-bymycar-nice-cannes\/","og_locale":"fr_FR","og_type":"article","og_title":"La L\u00e9gende est de retour ! Nouveau Coup\u00e9 SUV Ford Capri. Bient\u00f4t chez Ford BYmyCAR Nice &amp; Cannes.","og_url":"https:\/\/www.bymycar.fr\/webzine\/la-legende-est-de-retour-nouveau-coupe-suv-ford-capri-bientot-chez-ford-bymycar-nice-cannes\/","og_site_name":"Webzine auto BYmyCAR","article_published_time":"2024-08-06T12:37:08+00:00","article_modified_time":"2024-08-06T12:37:09+00:00","og_image":[{"width":1920,"height":1080,"url":"https:\/\/cdn.bymycar.eu\/fr-webzine\/wp-content\/uploads\/medias\/ford-cx740l-eu-24_CX740L_TWO_CAR_RANGE_BANNER-16x9-1920x1080-cx740l-yellow-blue-cars.jpg","type":"image\/jpeg"}],"author":"Romane Bachi","twitter_card":"summary_large_image","twitter_misc":{"\u00c9crit par":"Romane Bachi"},"schema":{"@context":"https:\/\/schema.org","@graph":[{"@type":"Article","@id":"https:\/\/www.bymycar.fr\/webzine\/la-legende-est-de-retour-nouveau-coupe-suv-ford-capri-bientot-chez-ford-bymycar-nice-cannes\/#article","isPartOf":{"@id":"https:\/\/www.bymycar.fr\/webzine\/la-legende-est-de-retour-nouveau-coupe-suv-ford-capri-bientot-chez-ford-bymycar-nice-cannes\/"},"author":{"name":"Romane Bachi","@id":"https:\/\/www.bymycar.fr\/webzine\/#\/schema\/person\/431493796d18cf15420e51b4412ad259"},"headline":"La L\u00e9gende est de retour ! Nouveau Coup\u00e9 SUV Ford Capri. Bient\u00f4t chez Ford BYmyCAR Nice &amp; Cannes.","datePublished":"2024-08-06T12:37:08+00:00","dateModified":"2024-08-06T12:37:09+00:00","mainEntityOfPage":{"@id":"https:\/\/www.bymycar.fr\/webzine\/la-legende-est-de-retour-nouveau-coupe-suv-ford-capri-bientot-chez-ford-bymycar-nice-cannes\/"},"wordCount":19,"publisher":{"@id":"https:\/\/www.bymycar.fr\/webzine\/#organization"},"image":{"@id":"https:\/\/www.bymycar.fr\/webzine\/la-legende-est-de-retour-nouveau-coupe-suv-ford-capri-bientot-chez-ford-bymycar-nice-cannes\/#primaryimage"},"thumbnailUrl":"https:\/\/cdn.bymycar.eu\/fr-webzine\/wp-content\/uploads\/medias\/ford-cx740l-eu-24_CX740L_TWO_CAR_RANGE_BANNER-16x9-1920x1080-cx740l-yellow-blue-cars.jpg","keywords":["BYmyCAR","\u00e9lectrique","nouveaut\u00e9"],"articleSection":["Electrique et hybride","FORD","Ford","L'actu des marques","Voiture \u00e9lectrique"],"inLanguage":"fr-FR"},{"@type":"WebPage","@id":"https:\/\/www.bymycar.fr\/webzine\/la-legende-est-de-retour-nouveau-coupe-suv-ford-capri-bientot-chez-ford-bymycar-nice-cannes\/","url":"https:\/\/www.bymycar.fr\/webzine\/la-legende-est-de-retour-nouveau-coupe-suv-ford-capri-bientot-chez-ford-bymycar-nice-cannes\/","name":"La L\u00e9gende est de retour ! Nouveau Coup\u00e9 SUV Ford Capri. Bient\u00f4t chez Ford BYmyCAR Nice &amp; Cannes.","isPartOf":{"@id":"https:\/\/www.bymycar.fr\/webzine\/#website"},"primaryImageOfPage":{"@id":"https:\/\/www.bymycar.fr\/webzine\/la-legende-est-de-retour-nouveau-coupe-suv-ford-capri-bientot-chez-ford-bymycar-nice-cannes\/#primaryimage"},"image":{"@id":"https:\/\/www.bymycar.fr\/webzine\/la-legende-est-de-retour-nouveau-coupe-suv-ford-capri-bientot-chez-ford-bymycar-nice-cannes\/#primaryimage"},"thumbnailUrl":"https:\/\/cdn.bymycar.eu\/fr-webzine\/wp-content\/uploads\/medias\/ford-cx740l-eu-24_CX740L_TWO_CAR_RANGE_BANNER-16x9-1920x1080-cx740l-yellow-blue-cars.jpg","datePublished":"2024-08-06T12:37:08+00:00","dateModified":"2024-08-06T12:37:09+00:00","breadcrumb":{"@id":"https:\/\/www.bymycar.fr\/webzine\/la-legende-est-de-retour-nouveau-coupe-suv-ford-capri-bientot-chez-ford-bymycar-nice-cannes\/#breadcrumb"},"inLanguage":"fr-FR","potentialAction":[{"@type":"ReadAction","target":["https:\/\/www.bymycar.fr\/webzine\/la-legende-est-de-retour-nouveau-coupe-suv-ford-capri-bientot-chez-ford-bymycar-nice-cannes\/"]}]},{"@type":"ImageObject","inLanguage":"fr-FR","@id":"https:\/\/www.bymycar.fr\/webzine\/la-legende-est-de-retour-nouveau-coupe-suv-ford-capri-bientot-chez-ford-bymycar-nice-cannes\/#primaryimage","url":"https:\/\/cdn.bymycar.eu\/fr-webzine\/wp-content\/uploads\/medias\/ford-cx740l-eu-24_CX740L_TWO_CAR_RANGE_BANNER-16x9-1920x1080-cx740l-yellow-blue-cars.jpg","contentUrl":"https:\/\/cdn.bymycar.eu\/fr-webzine\/wp-content\/uploads\/medias\/ford-cx740l-eu-24_CX740L_TWO_CAR_RANGE_BANNER-16x9-1920x1080-cx740l-yellow-blue-cars.jpg","width":1920,"height":1080},{"@type":"BreadcrumbList","@id":"https:\/\/www.bymycar.fr\/webzine\/la-legende-est-de-retour-nouveau-coupe-suv-ford-capri-bientot-chez-ford-bymycar-nice-cannes\/#breadcrumb","itemListElement":[{"@type":"ListItem","position":1,"name":"Accueil","item":"https:\/\/www.bymycar.fr\/webzine\/"},{"@type":"ListItem","position":2,"name":"La L\u00e9gende est de retour ! Nouveau Coup\u00e9 SUV Ford Capri. Bient\u00f4t chez Ford BYmyCAR Nice &amp; Cannes."}]},{"@type":"WebSite","@id":"https:\/\/www.bymycar.fr\/webzine\/#website","url":"https:\/\/www.bymycar.fr\/webzine\/","name":"Webzine auto BYmyCAR","description":"La magazine auto de BYmyCAR","publisher":{"@id":"https:\/\/www.bymycar.fr\/webzine\/#organization"},"potentialAction":[{"@type":"SearchAction","target":{"@type":"EntryPoint","urlTemplate":"https:\/\/www.bymycar.fr\/webzine\/?s={search_term_string}"},"query-input":{"@type":"PropertyValueSpecification","valueRequired":true,"valueName":"search_term_string"}}],"inLanguage":"fr-FR"},{"@type":"Organization","@id":"https:\/\/www.bymycar.fr\/webzine\/#organization","name":"BYmyCAR","url":"https:\/\/www.bymycar.fr\/webzine\/","logo":{"@type":"ImageObject","inLanguage":"fr-FR","@id":"https:\/\/www.bymycar.fr\/webzine\/#\/schema\/logo\/image\/","url":"https:\/\/cdn.bymycar.eu\/fr-webzine\/wp-content\/uploads\/medias\/2017\/08\/logo_DEALER_00000406_001.png","contentUrl":"https:\/\/cdn.bymycar.eu\/fr-webzine\/wp-content\/uploads\/medias\/2017\/08\/logo_DEALER_00000406_001.png","width":2132,"height":720,"caption":"BYmyCAR"},"image":{"@id":"https:\/\/www.bymycar.fr\/webzine\/#\/schema\/logo\/image\/"}},{"@type":"Person","@id":"https:\/\/www.bymycar.fr\/webzine\/#\/schema\/person\/431493796d18cf15420e51b4412ad259","name":"Romane Bachi","image":{"@type":"ImageObject","inLanguage":"fr-FR","@id":"https:\/\/www.bymycar.fr\/webzine\/#\/schema\/person\/image\/","url":"https:\/\/secure.gravatar.com\/avatar\/e51d4400a8d88b09c857e48b529b085dd7d56a15328b4305e818ea03c1e3843a?s=96&d=mm&r=g","contentUrl":"https:\/\/secure.gravatar.com\/avatar\/e51d4400a8d88b09c857e48b529b085dd7d56a15328b4305e818ea03c1e3843a?s=96&d=mm&r=g","caption":"Romane Bachi"}}]}},"_links":{"self":[{"href":"https:\/\/www.bymycar.fr\/webzine\/wp-json\/wp\/v2\/posts\/51072","targetHints":{"allow":["GET"]}}],"collection":[{"href":"https:\/\/www.bymycar.fr\/webzine\/wp-json\/wp\/v2\/posts"}],"about":[{"href":"https:\/\/www.bymycar.fr\/webzine\/wp-json\/wp\/v2\/types\/post"}],"author":[{"embeddable":true,"href":"https:\/\/www.bymycar.fr\/webzine\/wp-json\/wp\/v2\/users\/26"}],"replies":[{"embeddable":true,"href":"https:\/\/www.bymycar.fr\/webzine\/wp-json\/wp\/v2\/comments?post=51072"}],"version-history":[{"count":3,"href":"https:\/\/www.bymycar.fr\/webzine\/wp-json\/wp\/v2\/posts\/51072\/revisions"}],"predecessor-version":[{"id":51108,"href":"https:\/\/www.bymycar.fr\/webzine\/wp-json\/wp\/v2\/posts\/51072\/revisions\/51108"}],"wp:featuredmedia":[{"embeddable":true,"href":"https:\/\/www.bymycar.fr\/webzine\/wp-json\/wp\/v2\/media\/51083"}],"wp:attachment":[{"href":"https:\/\/www.bymycar.fr\/webzine\/wp-json\/wp\/v2\/media?parent=51072"}],"wp:term":[{"taxonomy":"category","embeddable":true,"href":"https:\/\/www.bymycar.fr\/webzine\/wp-json\/wp\/v2\/categories?post=51072"},{"taxonomy":"post_tag","embeddable":true,"href":"https:\/\/www.bymycar.fr\/webzine\/wp-json\/wp\/v2\/tags?post=51072"}],"curies":[{"name":"wp","href":"https:\/\/api.w.org\/{rel}","templated":true}]}}