{"id":5035,"date":"2018-08-10T15:30:44","date_gmt":"2018-08-10T13:30:44","guid":{"rendered":"https:\/\/prod.bymycar.fr\/webzine\/?p=5035"},"modified":"2018-12-31T16:00:39","modified_gmt":"2018-12-31T15:00:39","slug":"tiguan-allspace-suv-7-places","status":"publish","type":"post","link":"https:\/\/www.bymycar.fr\/webzine\/tiguan-allspace-suv-7-places\/","title":{"rendered":"Tiguan Allspace : le SUV 7 places de vos envies"},"content":{"rendered":"","protected":false},"excerpt":{"rendered":"","protected":false},"author":9,"featured_media":5036,"comment_status":"closed","ping_status":"open","sticky":false,"template":"","format":"standard","meta":{"_acf_changed":false,"footnotes":""},"categories":[2702],"tags":[],"class_list":["post-5035","post","type-post","status-publish","format-standard","has-post-thumbnail","hentry","category-tiguan"],"acf":{"template":"classique","introduction":"<p>Un v\u00e9hicule 7 places\u00a0? Quoi de mieux pour partir en famille ou entre ami\u00a0en vacances\u00a0!<a href=\"https:\/\/www.bymycar.fr\/marques\/volkswagen-bymycar-5\"><strong> Volkswagen BYmyCAR<\/strong><\/a> vous propose le <strong>Tiguan Allspace<\/strong>.<\/p>\n<p>Tout aussi polyvalent que styl\u00e9 ce <strong>SUV<\/strong> offre de nombreuses possibilit\u00e9s\u00a0tout en permettant aux passagers de se sentir comme \u00e0 la maison gr\u00e2ce \u00e0 son int\u00e9rieur spacieux.<\/p>\n","strates":[{"type_strate":"50-50-image-texte-full","ancre":"","contenu":"","titre":"","image":false,"image_libre":false,"image_800x500":{"ID":5036,"id":5036,"title":"2018-08-10_09h46_01","filename":"2018-08-10_09h46_01.png","filesize":1,"url":"https:\/\/cdn.bymycar.eu\/fr-webzine\/wp-content\/uploads\/medias\/2018\/08\/2018-08-10_09h46_01.png","link":"https:\/\/www.bymycar.fr\/webzine\/tiguan-allspace-suv-7-places\/2018-08-10_09h46_01\/","alt":"Tiguan Allspace SUV 7 places","author":"9","description":"","caption":"","name":"2018-08-10_09h46_01","status":"inherit","uploaded_to":5035,"date":"2018-08-10 12:57:40","modified":"2018-08-10 12:58:11","menu_order":0,"mime_type":"image\/png","type":"image","subtype":"png","icon":"https:\/\/www.bymycar.fr\/webzine\/wp-includes\/images\/media\/default.png","width":1273,"height":718,"sizes":{"thumbnail":"https:\/\/cdn.bymycar.eu\/fr-webzine\/wp-content\/uploads\/medias\/2018\/08\/2018-08-10_09h46_01-150x150.png","thumbnail-width":150,"thumbnail-height":150,"medium":"https:\/\/cdn.bymycar.eu\/fr-webzine\/wp-content\/uploads\/medias\/2018\/08\/2018-08-10_09h46_01-300x169.png","medium-width":300,"medium-height":169,"medium_large":"https:\/\/cdn.bymycar.eu\/fr-webzine\/wp-content\/uploads\/medias\/2018\/08\/2018-08-10_09h46_01-768x433.png","medium_large-width":768,"medium_large-height":433,"large":"https:\/\/cdn.bymycar.eu\/fr-webzine\/wp-content\/uploads\/medias\/2018\/08\/2018-08-10_09h46_01-1024x578.png","large-width":1024,"large-height":578,"1536x1536":"https:\/\/cdn.bymycar.eu\/fr-webzine\/wp-content\/uploads\/medias\/2018\/08\/2018-08-10_09h46_01.png","1536x1536-width":1273,"1536x1536-height":718,"2048x2048":"https:\/\/cdn.bymycar.eu\/fr-webzine\/wp-content\/uploads\/medias\/2018\/08\/2018-08-10_09h46_01.png","2048x2048-width":1273,"2048x2048-height":718}},"legende":"","zoom":false,"texte":"<h2>Un design ext\u00e9rieur de caract\u00e8re<\/h2>\n<p>Les \u00e9quipements de s\u00e9ries du <strong>Tiguan Allspace<\/strong> permettent \u00e0 ce SUV de se d\u00e9marquer de ses concurrents et lui octroient un v\u00e9ritable caract\u00e8re. Ses feux diurnes \u00e0 LED et les <strong>feux arri\u00e8re \u00e0 LED<\/strong> lui conf\u00e8re une assurance \u00e0 tout \u00e9preuve. Esth\u00e9tique mais aussi <strong>\u00e9conomique<\/strong> puisque les diodes lumineuses sont moins gourmandes en \u00e9nergie et sont plus r\u00e9sistantes.<\/p>\n","articles":false,"categorie_droite":false,"images":false,"elements_comparatif":false,"texte_1":"","texte_2":"","image_1":false,"image_1_563x400":false,"image_1_332x332":false,"image_2":false,"image_2_333x240":false,"image_2_563x400":false,"image_3":false,"image_3_333x240":false,"image_3_332x450":false,"image_4":false,"image_4_332x332":false,"image_4_563x400":false,"code_embed":"","legende_video":"","photo":false,"photo_100x100":false,"nom":"","fonction":"","elements_timeline":false,"entetes_colonnes":false,"entetes_lignes":false,"lignes":false,"introduction":"","formulaire":false,"question":"","reponse":"","libelle_bouton_lien":"","url_lien":"","questions":false,"conclusions":false,"pays":false,"region":false,"marque":false,"marqueConcessions":false,"modele":false,"ptvente":false,"typeV":false,"collection":false,"nombre_maximum_elements":10,"lien_fin_carousel":"","texte_lien_fin_carousel":"","trier_par":false},{"type_strate":"texte-simple","ancre":"","contenu":"<p>Les <strong>barres de toit<\/strong> qui s\u2019adaptent facilement quoi de plus pratique\u00a0? Il ne manque assur\u00e9ment pas de place dans ce v\u00e9hicule, toutefois il est toujours int\u00e9ressant d\u2019augmenter la volum\u00e9trie de rangement lors de voyage \u00e0 l\u2019aide d\u2019une galerie, d\u2019un porte ski, un porte-v\u00e9los\u2026 Ces barres de toit sont propos\u00e9es en argent anodis\u00e9 \u00e0 partir de la <strong>version Confortline<\/strong>.<\/p>\n<p>&nbsp;<\/p>\n<h2>Un confort in\u00e9gal\u00e9 et un int\u00e9rieur spacieux<\/h2>\n<p>Parce que beaucoup de passagers dans un v\u00e9hicule n\u2019est pas forc\u00e9ment \u00e9gal \u00e0 voyage d\u00e9sagr\u00e9able, cette voiture vous conf\u00e8re toute la place n\u00e9cessaire pour vivre votre trajet en toute s\u00e9r\u00e9nit\u00e9. La <strong>seconde rang\u00e9e de si\u00e8ges<\/strong> vous permettra d\u2019\u00eatre agr\u00e9ablement install\u00e9 dans ce SUV. Profitez d&rsquo;un large coffre de 230 litres en configuration 7 places, qui offrira jusqu&rsquo;\u00e0 <strong>700 litres<\/strong> une fois les si\u00e8ges rabattus !<\/p>\n<p>Il est toujours appr\u00e9ciable de contempler le paysage lors d\u2019un long voyage, de ne pas se sentir enferm\u00e9. Le <strong>toit coulissant\/inclinable<\/strong> vous permettra de ressentir ce sentiment de libert\u00e9 tant attendue. Ce dernier se compose de deux \u00e9l\u00e9ments vitr\u00e9s dont la partie avant dispose d\u2019une fonction d\u2019inclinaison et de glissement \u00e9lectrique.<\/p>\n<p>Les trois finitions du Tiguan Allspace vous proposeront un design de si\u00e8ges s\u00e9duisants\u00a0: Rhombus sur la <strong>version Trendline<\/strong>, Lasano pour la <strong>version Confortline<\/strong> et ArtVelours pour la <strong>fintion Carat<\/strong>. Ces derni\u00e8res sont toutes plus s\u00e9duisantes les unes que les autres, il vous suffit de trouver celle qui est faite pour vous.<\/p>\n<p>&nbsp;<\/p>\n","titre":"","image":false,"image_libre":false,"image_800x500":false,"legende":"","zoom":false,"texte":"","articles":false,"categorie_droite":false,"images":false,"elements_comparatif":false,"texte_1":"","texte_2":"","image_1":false,"image_1_563x400":false,"image_1_332x332":false,"image_2":false,"image_2_333x240":false,"image_2_563x400":false,"image_3":false,"image_3_333x240":false,"image_3_332x450":false,"image_4":false,"image_4_332x332":false,"image_4_563x400":false,"code_embed":"","legende_video":"","photo":false,"photo_100x100":false,"nom":"","fonction":"","elements_timeline":false,"entetes_colonnes":false,"entetes_lignes":false,"lignes":false,"introduction":"","formulaire":false,"question":"","reponse":"","libelle_bouton_lien":"","url_lien":"","questions":false,"conclusions":false,"pays":false,"region":false,"marque":false,"marqueConcessions":false,"modele":false,"ptvente":false,"typeV":false,"collection":false,"nombre_maximum_elements":10,"lien_fin_carousel":"","texte_lien_fin_carousel":"","trier_par":false},{"type_strate":"mosaique-3","ancre":"","contenu":"","titre":"","image":false,"image_libre":false,"image_800x500":false,"legende":"","zoom":false,"texte":"","articles":false,"categorie_droite":false,"images":false,"elements_comparatif":false,"texte_1":"","texte_2":"","image_1":false,"image_1_563x400":false,"image_1_332x332":{"ID":5041,"id":5041,"title":"img (1)","filename":"img-1.jpg","filesize":1,"url":"https:\/\/cdn.bymycar.eu\/fr-webzine\/wp-content\/uploads\/medias\/2018\/08\/img-1.jpg","link":"https:\/\/www.bymycar.fr\/webzine\/tiguan-allspace-suv-7-places\/img-1\/","alt":"","author":"9","description":"","caption":"","name":"img-1","status":"inherit","uploaded_to":5035,"date":"2018-08-10 13:09:35","modified":"2018-08-10 13:13:03","menu_order":0,"mime_type":"image\/jpeg","type":"image","subtype":"jpeg","icon":"https:\/\/www.bymycar.fr\/webzine\/wp-includes\/images\/media\/default.png","width":960,"height":540,"sizes":{"thumbnail":"https:\/\/cdn.bymycar.eu\/fr-webzine\/wp-content\/uploads\/medias\/2018\/08\/img-1-150x150.jpg","thumbnail-width":150,"thumbnail-height":150,"medium":"https:\/\/cdn.bymycar.eu\/fr-webzine\/wp-content\/uploads\/medias\/2018\/08\/img-1-300x169.jpg","medium-width":300,"medium-height":169,"medium_large":"https:\/\/cdn.bymycar.eu\/fr-webzine\/wp-content\/uploads\/medias\/2018\/08\/img-1-768x432.jpg","medium_large-width":768,"medium_large-height":432,"large":"https:\/\/cdn.bymycar.eu\/fr-webzine\/wp-content\/uploads\/medias\/2018\/08\/img-1.jpg","large-width":960,"large-height":540,"1536x1536":"https:\/\/cdn.bymycar.eu\/fr-webzine\/wp-content\/uploads\/medias\/2018\/08\/img-1.jpg","1536x1536-width":960,"1536x1536-height":540,"2048x2048":"https:\/\/cdn.bymycar.eu\/fr-webzine\/wp-content\/uploads\/medias\/2018\/08\/img-1.jpg","2048x2048-width":960,"2048x2048-height":540}},"image_2":false,"image_2_333x240":false,"image_2_563x400":{"ID":5044,"id":5044,"title":"img","filename":"img-2.jpg","filesize":1,"url":"https:\/\/cdn.bymycar.eu\/fr-webzine\/wp-content\/uploads\/medias\/2018\/08\/img-2.jpg","link":"https:\/\/www.bymycar.fr\/webzine\/tiguan-allspace-suv-7-places\/img-4\/","alt":"Coffre Tiguan Allspace","author":"9","description":"","caption":"","name":"img-4","status":"inherit","uploaded_to":5035,"date":"2018-08-10 13:11:32","modified":"2018-08-10 13:14:03","menu_order":0,"mime_type":"image\/jpeg","type":"image","subtype":"jpeg","icon":"https:\/\/www.bymycar.fr\/webzine\/wp-includes\/images\/media\/default.png","width":960,"height":540,"sizes":{"thumbnail":"https:\/\/cdn.bymycar.eu\/fr-webzine\/wp-content\/uploads\/medias\/2018\/08\/img-2-150x150.jpg","thumbnail-width":150,"thumbnail-height":150,"medium":"https:\/\/cdn.bymycar.eu\/fr-webzine\/wp-content\/uploads\/medias\/2018\/08\/img-2-300x169.jpg","medium-width":300,"medium-height":169,"medium_large":"https:\/\/cdn.bymycar.eu\/fr-webzine\/wp-content\/uploads\/medias\/2018\/08\/img-2-768x432.jpg","medium_large-width":768,"medium_large-height":432,"large":"https:\/\/cdn.bymycar.eu\/fr-webzine\/wp-content\/uploads\/medias\/2018\/08\/img-2.jpg","large-width":960,"large-height":540,"1536x1536":"https:\/\/cdn.bymycar.eu\/fr-webzine\/wp-content\/uploads\/medias\/2018\/08\/img-2.jpg","1536x1536-width":960,"1536x1536-height":540,"2048x2048":"https:\/\/cdn.bymycar.eu\/fr-webzine\/wp-content\/uploads\/medias\/2018\/08\/img-2.jpg","2048x2048-width":960,"2048x2048-height":540}},"image_3":false,"image_3_333x240":false,"image_3_332x450":{"ID":5042,"id":5042,"title":"img (3)","filename":"img-3.jpg","filesize":1,"url":"https:\/\/cdn.bymycar.eu\/fr-webzine\/wp-content\/uploads\/medias\/2018\/08\/img-3.jpg","link":"https:\/\/www.bymycar.fr\/webzine\/tiguan-allspace-suv-7-places\/img-3\/","alt":"Habitacle Tiguan Allspace","author":"9","description":"","caption":"","name":"img-3","status":"inherit","uploaded_to":5035,"date":"2018-08-10 13:09:38","modified":"2018-08-10 13:14:10","menu_order":0,"mime_type":"image\/jpeg","type":"image","subtype":"jpeg","icon":"https:\/\/www.bymycar.fr\/webzine\/wp-includes\/images\/media\/default.png","width":960,"height":540,"sizes":{"thumbnail":"https:\/\/cdn.bymycar.eu\/fr-webzine\/wp-content\/uploads\/medias\/2018\/08\/img-3-150x150.jpg","thumbnail-width":150,"thumbnail-height":150,"medium":"https:\/\/cdn.bymycar.eu\/fr-webzine\/wp-content\/uploads\/medias\/2018\/08\/img-3-300x169.jpg","medium-width":300,"medium-height":169,"medium_large":"https:\/\/cdn.bymycar.eu\/fr-webzine\/wp-content\/uploads\/medias\/2018\/08\/img-3-768x432.jpg","medium_large-width":768,"medium_large-height":432,"large":"https:\/\/cdn.bymycar.eu\/fr-webzine\/wp-content\/uploads\/medias\/2018\/08\/img-3.jpg","large-width":960,"large-height":540,"1536x1536":"https:\/\/cdn.bymycar.eu\/fr-webzine\/wp-content\/uploads\/medias\/2018\/08\/img-3.jpg","1536x1536-width":960,"1536x1536-height":540,"2048x2048":"https:\/\/cdn.bymycar.eu\/fr-webzine\/wp-content\/uploads\/medias\/2018\/08\/img-3.jpg","2048x2048-width":960,"2048x2048-height":540}},"image_4":false,"image_4_332x332":false,"image_4_563x400":false,"code_embed":"","legende_video":"","photo":false,"photo_100x100":false,"nom":"","fonction":"","elements_timeline":false,"entetes_colonnes":false,"entetes_lignes":false,"lignes":false,"introduction":"","formulaire":false,"question":"","reponse":"","libelle_bouton_lien":"","url_lien":"","questions":false,"conclusions":false,"pays":false,"region":false,"marque":false,"marqueConcessions":false,"modele":false,"ptvente":false,"typeV":false,"collection":false,"nombre_maximum_elements":10,"lien_fin_carousel":"","texte_lien_fin_carousel":"","trier_par":false},{"type_strate":"texte-simple","ancre":"","contenu":"<h2>Tiguan Allspace : praticit\u00e9 et connectivit\u00e9<\/h2>\n<p>Chercher ses cl\u00e9s dans son sac, dans ses poches est un geste quotidien de beaucoup d\u2019entre nous, mais si je vous dis qu\u2019avec ce Tiguan Allspace tout cela est derri\u00e8re vous\u00a0? En effet, la <strong>technologie \u00ab\u00a0EASY OPEN\u00a0\u00bb<\/strong> vous permet d\u2019ouvrir votre coffre d\u2019un l\u00e9ger mouvement du pied sous l\u2019arri\u00e8re du v\u00e9hicule. Pratique n\u2019est-ce pas\u00a0? Pour le fermer c\u2019est tout aussi simple, la porte du coffre se ferme lorsque vous vous \u00e9loignez de l\u2019arri\u00e8re du v\u00e9hicule avec votre cl\u00e9 ou une fois pass\u00e9 20 secondes.<\/p>\n<p>De plus, le <strong>syst\u00e8me audio \u00ab\u00a0DYNAUDIO Excite Surround\u00a0\u00bb<\/strong> vous permet de vivre vos musiques comme si vous \u00e9tiez au concert de votre artiste pr\u00e9f\u00e9r\u00e9. Ce syst\u00e8me sp\u00e9cialement adapt\u00e9 au Tiguan Allspace vous enchantera lors de vos karaok\u00e9s endiabl\u00e9s avec vos 6 passagers.<\/p>\n<p><img loading=\"lazy\" decoding=\"async\" class=\"aligncenter wp-image-5039 size-full\" src=\"https:\/\/cdn.bymycar.eu\/fr-webzine\/wp-content\/uploads\/medias\/2018\/08\/2018-08-10_09h44_48.png\" alt=\"SUV Tiguan Allspace BYmyCAR\" width=\"960\" height=\"535\" srcset=\"https:\/\/cdn.bymycar.eu\/fr-webzine\/wp-content\/uploads\/medias\/2018\/08\/2018-08-10_09h44_48.png 960w, https:\/\/cdn.bymycar.eu\/fr-webzine\/wp-content\/uploads\/medias\/2018\/08\/2018-08-10_09h44_48.png 300w, https:\/\/cdn.bymycar.eu\/fr-webzine\/wp-content\/uploads\/medias\/2018\/08\/2018-08-10_09h44_48.png 768w, https:\/\/cdn.bymycar.eu\/fr-webzine\/wp-content\/uploads\/medias\/2018\/08\/2018-08-10_09h44_48.png 320w\" sizes=\"(max-width: 960px) 100vw, 960px\" \/><\/p>\n","titre":"","image":false,"image_libre":false,"image_800x500":false,"legende":"","zoom":false,"texte":"","articles":false,"categorie_droite":false,"images":false,"elements_comparatif":false,"texte_1":"","texte_2":"","image_1":false,"image_1_563x400":false,"image_1_332x332":false,"image_2":false,"image_2_333x240":false,"image_2_563x400":false,"image_3":false,"image_3_333x240":false,"image_3_332x450":false,"image_4":false,"image_4_332x332":false,"image_4_563x400":false,"code_embed":"","legende_video":"","photo":false,"photo_100x100":false,"nom":"","fonction":"","elements_timeline":false,"entetes_colonnes":false,"entetes_lignes":false,"lignes":false,"introduction":"","formulaire":false,"question":"","reponse":"","libelle_bouton_lien":"","url_lien":"","questions":false,"conclusions":false,"pays":false,"region":false,"marque":false,"marqueConcessions":false,"modele":false,"ptvente":false,"typeV":false,"collection":false,"nombre_maximum_elements":10,"lien_fin_carousel":"","texte_lien_fin_carousel":"","trier_par":false},{"type_strate":"formulaire","ancre":"Contactez-Nous","contenu":"","titre":"Demande d'informations","image":false,"image_libre":false,"image_800x500":false,"legende":"","zoom":false,"texte":"","articles":false,"categorie_droite":false,"images":false,"elements_comparatif":false,"texte_1":"","texte_2":"","image_1":false,"image_1_563x400":false,"image_1_332x332":false,"image_2":false,"image_2_333x240":false,"image_2_563x400":false,"image_3":false,"image_3_333x240":false,"image_3_332x450":false,"image_4":false,"image_4_332x332":false,"image_4_563x400":false,"code_embed":"","legende_video":"","photo":false,"photo_100x100":false,"nom":"","fonction":"","elements_timeline":false,"entetes_colonnes":false,"entetes_lignes":false,"lignes":false,"introduction":"<p>sur le Tiguan Allspace 7 places<\/p>\n","formulaire":5034,"question":"","reponse":"","libelle_bouton_lien":"","url_lien":"","questions":false,"conclusions":false,"pays":false,"region":false,"marque":false,"marqueConcessions":false,"modele":false,"ptvente":false,"typeV":false,"collection":false,"nombre_maximum_elements":10,"lien_fin_carousel":"","texte_lien_fin_carousel":"","trier_par":false},{"type_strate":"carousel-produits","ancre":"","contenu":"","titre":"D\u00e9couvrez les Tiguan d'occasion chez BYmyCAR","image":false,"image_libre":false,"image_800x500":false,"legende":"","zoom":false,"texte":"","articles":false,"categorie_droite":false,"images":false,"elements_comparatif":false,"texte_1":"","texte_2":"","image_1":false,"image_1_563x400":false,"image_1_332x332":false,"image_2":false,"image_2_333x240":false,"image_2_563x400":false,"image_3":false,"image_3_333x240":false,"image_3_332x450":false,"image_4":false,"image_4_332x332":false,"image_4_563x400":false,"code_embed":"","legende_video":"","photo":false,"photo_100x100":false,"nom":"","fonction":"","elements_timeline":false,"entetes_colonnes":false,"entetes_lignes":false,"lignes":false,"introduction":"","formulaire":false,"question":"","reponse":"","libelle_bouton_lien":"","url_lien":"","questions":false,"conclusions":false,"pays":"1","region":"","marque":"5","marqueConcessions":false,"modele":"Tiguan","ptvente":"","typeV":"","collection":"","nombre_maximum_elements":"6","lien_fin_carousel":"https:\/\/www.bymycar.fr\/rechercher-un-vehicule?modele=tiguan&nb-places=6+plus+et+%2B&trier-par=prix&page=1","texte_lien_fin_carousel":"Voir tous les Tiguan Allspace d'occasion >","trier_par":"nouveaute"}],"is_old_post":false,"image":{"ID":5036,"id":5036,"title":"2018-08-10_09h46_01","filename":"2018-08-10_09h46_01.png","filesize":1,"url":"https:\/\/cdn.bymycar.eu\/fr-webzine\/wp-content\/uploads\/medias\/2018\/08\/2018-08-10_09h46_01.png","link":"https:\/\/www.bymycar.fr\/webzine\/tiguan-allspace-suv-7-places\/2018-08-10_09h46_01\/","alt":"Tiguan Allspace SUV 7 places","author":"9","description":"","caption":"","name":"2018-08-10_09h46_01","status":"inherit","uploaded_to":5035,"date":"2018-08-10 12:57:40","modified":"2018-08-10 12:58:11","menu_order":0,"mime_type":"image\/png","type":"image","subtype":"png","icon":"https:\/\/www.bymycar.fr\/webzine\/wp-includes\/images\/media\/default.png","width":1273,"height":718,"sizes":{"thumbnail":"https:\/\/cdn.bymycar.eu\/fr-webzine\/wp-content\/uploads\/medias\/2018\/08\/2018-08-10_09h46_01-150x150.png","thumbnail-width":150,"thumbnail-height":150,"medium":"https:\/\/cdn.bymycar.eu\/fr-webzine\/wp-content\/uploads\/medias\/2018\/08\/2018-08-10_09h46_01-300x169.png","medium-width":300,"medium-height":169,"medium_large":"https:\/\/cdn.bymycar.eu\/fr-webzine\/wp-content\/uploads\/medias\/2018\/08\/2018-08-10_09h46_01-768x433.png","medium_large-width":768,"medium_large-height":433,"large":"https:\/\/cdn.bymycar.eu\/fr-webzine\/wp-content\/uploads\/medias\/2018\/08\/2018-08-10_09h46_01-1024x578.png","large-width":1024,"large-height":578,"1536x1536":"https:\/\/cdn.bymycar.eu\/fr-webzine\/wp-content\/uploads\/medias\/2018\/08\/2018-08-10_09h46_01.png","1536x1536-width":1273,"1536x1536-height":718,"2048x2048":"https:\/\/cdn.bymycar.eu\/fr-webzine\/wp-content\/uploads\/medias\/2018\/08\/2018-08-10_09h46_01.png","2048x2048-width":1273,"2048x2048-height":718}},"page_content":{"block_content":[{"acf_fc_layout":"text-image","--nav":{"-withNav":false,"-ancre":""},"--group":{"-image":{"ID":5036,"id":5036,"title":"2018-08-10_09h46_01","filename":"2018-08-10_09h46_01.png","filesize":1,"url":"https:\/\/cdn.bymycar.eu\/fr-webzine\/wp-content\/uploads\/medias\/2018\/08\/2018-08-10_09h46_01.png","link":"https:\/\/www.bymycar.fr\/webzine\/tiguan-allspace-suv-7-places\/2018-08-10_09h46_01\/","alt":"Tiguan Allspace SUV 7 places","author":"9","description":"","caption":"","name":"2018-08-10_09h46_01","status":"inherit","uploaded_to":5035,"date":"2018-08-10 12:57:40","modified":"2018-08-10 12:58:11","menu_order":0,"mime_type":"image\/png","type":"image","subtype":"png","icon":"https:\/\/www.bymycar.fr\/webzine\/wp-includes\/images\/media\/default.png","width":1273,"height":718,"sizes":{"thumbnail":"https:\/\/cdn.bymycar.eu\/fr-webzine\/wp-content\/uploads\/medias\/2018\/08\/2018-08-10_09h46_01-150x150.png","thumbnail-width":150,"thumbnail-height":150,"medium":"https:\/\/cdn.bymycar.eu\/fr-webzine\/wp-content\/uploads\/medias\/2018\/08\/2018-08-10_09h46_01-300x169.png","medium-width":300,"medium-height":169,"medium_large":"https:\/\/cdn.bymycar.eu\/fr-webzine\/wp-content\/uploads\/medias\/2018\/08\/2018-08-10_09h46_01-768x433.png","medium_large-width":768,"medium_large-height":433,"large":"https:\/\/cdn.bymycar.eu\/fr-webzine\/wp-content\/uploads\/medias\/2018\/08\/2018-08-10_09h46_01-1024x578.png","large-width":1024,"large-height":578,"1536x1536":"https:\/\/cdn.bymycar.eu\/fr-webzine\/wp-content\/uploads\/medias\/2018\/08\/2018-08-10_09h46_01.png","1536x1536-width":1273,"1536x1536-height":718,"2048x2048":"https:\/\/cdn.bymycar.eu\/fr-webzine\/wp-content\/uploads\/medias\/2018\/08\/2018-08-10_09h46_01.png","2048x2048-width":1273,"2048x2048-height":718}},"-title":"","-text":"<h2>Un design ext\u00e9rieur de caract\u00e8re<\/h2>\n<p>Les \u00e9quipements de s\u00e9ries du <strong>Tiguan Allspace<\/strong> permettent \u00e0 ce SUV de se d\u00e9marquer de ses concurrents et lui octroient un v\u00e9ritable caract\u00e8re. Ses feux diurnes \u00e0 LED et les <strong>feux arri\u00e8re \u00e0 LED<\/strong> lui conf\u00e8re une assurance \u00e0 tout \u00e9preuve. Esth\u00e9tique mais aussi <strong>\u00e9conomique<\/strong> puisque les diodes lumineuses sont moins gourmandes en \u00e9nergie et sont plus r\u00e9sistantes.<\/p>\n"}},{"acf_fc_layout":"text-simple","--nav":{"-withNav":false,"-ancre":""},"--group":{"-text":"<p>Les <strong>barres de toit<\/strong> qui s\u2019adaptent facilement quoi de plus pratique\u00a0? Il ne manque assur\u00e9ment pas de place dans ce v\u00e9hicule, toutefois il est toujours int\u00e9ressant d\u2019augmenter la volum\u00e9trie de rangement lors de voyage \u00e0 l\u2019aide d\u2019une galerie, d\u2019un porte ski, un porte-v\u00e9los\u2026 Ces barres de toit sont propos\u00e9es en argent anodis\u00e9 \u00e0 partir de la <strong>version Confortline<\/strong>.<\/p>\n<p>&nbsp;<\/p>\n<h2>Un confort in\u00e9gal\u00e9 et un int\u00e9rieur spacieux<\/h2>\n<p>Parce que beaucoup de passagers dans un v\u00e9hicule n\u2019est pas forc\u00e9ment \u00e9gal \u00e0 voyage d\u00e9sagr\u00e9able, cette voiture vous conf\u00e8re toute la place n\u00e9cessaire pour vivre votre trajet en toute s\u00e9r\u00e9nit\u00e9. La <strong>seconde rang\u00e9e de si\u00e8ges<\/strong> vous permettra d\u2019\u00eatre agr\u00e9ablement install\u00e9 dans ce SUV. Profitez d&rsquo;un large coffre de 230 litres en configuration 7 places, qui offrira jusqu&rsquo;\u00e0 <strong>700 litres<\/strong> une fois les si\u00e8ges rabattus !<\/p>\n<p>Il est toujours appr\u00e9ciable de contempler le paysage lors d\u2019un long voyage, de ne pas se sentir enferm\u00e9. Le <strong>toit coulissant\/inclinable<\/strong> vous permettra de ressentir ce sentiment de libert\u00e9 tant attendue. Ce dernier se compose de deux \u00e9l\u00e9ments vitr\u00e9s dont la partie avant dispose d\u2019une fonction d\u2019inclinaison et de glissement \u00e9lectrique.<\/p>\n<p>Les trois finitions du Tiguan Allspace vous proposeront un design de si\u00e8ges s\u00e9duisants\u00a0: Rhombus sur la <strong>version Trendline<\/strong>, Lasano pour la <strong>version Confortline<\/strong> et ArtVelours pour la <strong>fintion Carat<\/strong>. Ces derni\u00e8res sont toutes plus s\u00e9duisantes les unes que les autres, il vous suffit de trouver celle qui est faite pour vous.<\/p>\n<p>&nbsp;<\/p>\n"}},{"acf_fc_layout":"images-mosaique-x3","--nav":{"-withNav":false,"-ancre":""},"--group":{"-title":"","-images":[{"ID":5041,"id":5041,"title":"img (1)","filename":"img-1.jpg","filesize":1,"url":"https:\/\/cdn.bymycar.eu\/fr-webzine\/wp-content\/uploads\/medias\/2018\/08\/img-1.jpg","link":"https:\/\/www.bymycar.fr\/webzine\/tiguan-allspace-suv-7-places\/img-1\/","alt":"","author":"9","description":"","caption":"","name":"img-1","status":"inherit","uploaded_to":5035,"date":"2018-08-10 13:09:35","modified":"2018-08-10 13:13:03","menu_order":0,"mime_type":"image\/jpeg","type":"image","subtype":"jpeg","icon":"https:\/\/www.bymycar.fr\/webzine\/wp-includes\/images\/media\/default.png","width":960,"height":540,"sizes":{"thumbnail":"https:\/\/cdn.bymycar.eu\/fr-webzine\/wp-content\/uploads\/medias\/2018\/08\/img-1-150x150.jpg","thumbnail-width":150,"thumbnail-height":150,"medium":"https:\/\/cdn.bymycar.eu\/fr-webzine\/wp-content\/uploads\/medias\/2018\/08\/img-1-300x169.jpg","medium-width":300,"medium-height":169,"medium_large":"https:\/\/cdn.bymycar.eu\/fr-webzine\/wp-content\/uploads\/medias\/2018\/08\/img-1-768x432.jpg","medium_large-width":768,"medium_large-height":432,"large":"https:\/\/cdn.bymycar.eu\/fr-webzine\/wp-content\/uploads\/medias\/2018\/08\/img-1.jpg","large-width":960,"large-height":540,"1536x1536":"https:\/\/cdn.bymycar.eu\/fr-webzine\/wp-content\/uploads\/medias\/2018\/08\/img-1.jpg","1536x1536-width":960,"1536x1536-height":540,"2048x2048":"https:\/\/cdn.bymycar.eu\/fr-webzine\/wp-content\/uploads\/medias\/2018\/08\/img-1.jpg","2048x2048-width":960,"2048x2048-height":540}},{"ID":5044,"id":5044,"title":"img","filename":"img-2.jpg","filesize":1,"url":"https:\/\/cdn.bymycar.eu\/fr-webzine\/wp-content\/uploads\/medias\/2018\/08\/img-2.jpg","link":"https:\/\/www.bymycar.fr\/webzine\/tiguan-allspace-suv-7-places\/img-4\/","alt":"Coffre Tiguan Allspace","author":"9","description":"","caption":"","name":"img-4","status":"inherit","uploaded_to":5035,"date":"2018-08-10 13:11:32","modified":"2018-08-10 13:14:03","menu_order":0,"mime_type":"image\/jpeg","type":"image","subtype":"jpeg","icon":"https:\/\/www.bymycar.fr\/webzine\/wp-includes\/images\/media\/default.png","width":960,"height":540,"sizes":{"thumbnail":"https:\/\/cdn.bymycar.eu\/fr-webzine\/wp-content\/uploads\/medias\/2018\/08\/img-2-150x150.jpg","thumbnail-width":150,"thumbnail-height":150,"medium":"https:\/\/cdn.bymycar.eu\/fr-webzine\/wp-content\/uploads\/medias\/2018\/08\/img-2-300x169.jpg","medium-width":300,"medium-height":169,"medium_large":"https:\/\/cdn.bymycar.eu\/fr-webzine\/wp-content\/uploads\/medias\/2018\/08\/img-2-768x432.jpg","medium_large-width":768,"medium_large-height":432,"large":"https:\/\/cdn.bymycar.eu\/fr-webzine\/wp-content\/uploads\/medias\/2018\/08\/img-2.jpg","large-width":960,"large-height":540,"1536x1536":"https:\/\/cdn.bymycar.eu\/fr-webzine\/wp-content\/uploads\/medias\/2018\/08\/img-2.jpg","1536x1536-width":960,"1536x1536-height":540,"2048x2048":"https:\/\/cdn.bymycar.eu\/fr-webzine\/wp-content\/uploads\/medias\/2018\/08\/img-2.jpg","2048x2048-width":960,"2048x2048-height":540}},{"ID":5042,"id":5042,"title":"img (3)","filename":"img-3.jpg","filesize":1,"url":"https:\/\/cdn.bymycar.eu\/fr-webzine\/wp-content\/uploads\/medias\/2018\/08\/img-3.jpg","link":"https:\/\/www.bymycar.fr\/webzine\/tiguan-allspace-suv-7-places\/img-3\/","alt":"Habitacle Tiguan Allspace","author":"9","description":"","caption":"","name":"img-3","status":"inherit","uploaded_to":5035,"date":"2018-08-10 13:09:38","modified":"2018-08-10 13:14:10","menu_order":0,"mime_type":"image\/jpeg","type":"image","subtype":"jpeg","icon":"https:\/\/www.bymycar.fr\/webzine\/wp-includes\/images\/media\/default.png","width":960,"height":540,"sizes":{"thumbnail":"https:\/\/cdn.bymycar.eu\/fr-webzine\/wp-content\/uploads\/medias\/2018\/08\/img-3-150x150.jpg","thumbnail-width":150,"thumbnail-height":150,"medium":"https:\/\/cdn.bymycar.eu\/fr-webzine\/wp-content\/uploads\/medias\/2018\/08\/img-3-300x169.jpg","medium-width":300,"medium-height":169,"medium_large":"https:\/\/cdn.bymycar.eu\/fr-webzine\/wp-content\/uploads\/medias\/2018\/08\/img-3-768x432.jpg","medium_large-width":768,"medium_large-height":432,"large":"https:\/\/cdn.bymycar.eu\/fr-webzine\/wp-content\/uploads\/medias\/2018\/08\/img-3.jpg","large-width":960,"large-height":540,"1536x1536":"https:\/\/cdn.bymycar.eu\/fr-webzine\/wp-content\/uploads\/medias\/2018\/08\/img-3.jpg","1536x1536-width":960,"1536x1536-height":540,"2048x2048":"https:\/\/cdn.bymycar.eu\/fr-webzine\/wp-content\/uploads\/medias\/2018\/08\/img-3.jpg","2048x2048-width":960,"2048x2048-height":540}}],"-title-2":""}},{"acf_fc_layout":"text-simple","--nav":{"-withNav":false,"-ancre":""},"--group":{"-text":"<h2>Tiguan Allspace : praticit\u00e9 et connectivit\u00e9<\/h2>\n<p>Chercher ses cl\u00e9s dans son sac, dans ses poches est un geste quotidien de beaucoup d\u2019entre nous, mais si je vous dis qu\u2019avec ce Tiguan Allspace tout cela est derri\u00e8re vous\u00a0? En effet, la <strong>technologie \u00ab\u00a0EASY OPEN\u00a0\u00bb<\/strong> vous permet d\u2019ouvrir votre coffre d\u2019un l\u00e9ger mouvement du pied sous l\u2019arri\u00e8re du v\u00e9hicule. Pratique n\u2019est-ce pas\u00a0? Pour le fermer c\u2019est tout aussi simple, la porte du coffre se ferme lorsque vous vous \u00e9loignez de l\u2019arri\u00e8re du v\u00e9hicule avec votre cl\u00e9 ou une fois pass\u00e9 20 secondes.<\/p>\n<p>De plus, le <strong>syst\u00e8me audio \u00ab\u00a0DYNAUDIO Excite Surround\u00a0\u00bb<\/strong> vous permet de vivre vos musiques comme si vous \u00e9tiez au concert de votre artiste pr\u00e9f\u00e9r\u00e9. Ce syst\u00e8me sp\u00e9cialement adapt\u00e9 au Tiguan Allspace vous enchantera lors de vos karaok\u00e9s endiabl\u00e9s avec vos 6 passagers.<\/p>\n<p><img loading=\"lazy\" decoding=\"async\" class=\"aligncenter wp-image-5039 size-full\" src=\"https:\/\/cdn.bymycar.eu\/fr-webzine\/wp-content\/uploads\/medias\/2018\/08\/2018-08-10_09h44_48.png\" alt=\"SUV Tiguan Allspace BYmyCAR\" width=\"960\" height=\"535\" srcset=\"https:\/\/cdn.bymycar.eu\/fr-webzine\/wp-content\/uploads\/medias\/2018\/08\/2018-08-10_09h44_48.png 960w, https:\/\/www.bymycar.fr\/webzine\/wp-content\/uploads\/2018\/08\/2018-08-10_09h44_48-300x167.png 300w, https:\/\/www.bymycar.fr\/webzine\/wp-content\/uploads\/2018\/08\/2018-08-10_09h44_48-768x428.png 768w, https:\/\/www.bymycar.fr\/webzine\/wp-content\/uploads\/2018\/08\/2018-08-10_09h44_48-320x178.png 320w\" sizes=\"(max-width: 960px) 100vw, 960px\" \/><\/p>\n"}},{"acf_fc_layout":"formulaire","--nav":{"-withNav":true,"-ancre":"Contactez-Nous"},"--group":{"--title":"Demande d'informations","--text":"sur le Tiguan Allspace 7 places<br \/><br \/>\n","--formContact":"5034"}},{"acf_fc_layout":"carousel-produits"}]},"add-carousel-to-footer":true},"yoast_head":"<!-- This site is optimized with the Yoast SEO Premium plugin v26.4 (Yoast SEO v26.4) - https:\/\/yoast.com\/wordpress\/plugins\/seo\/ -->\n<title>Tiguan Allspace : le SUV 7 places de vos envies<\/title>\n<meta name=\"robots\" content=\"index, follow, max-snippet:-1, max-image-preview:large, max-video-preview:-1\" \/>\n<link rel=\"canonical\" href=\"https:\/\/www.bymycar.fr\/webzine\/tiguan-allspace-suv-7-places\/\" \/>\n<meta property=\"og:locale\" content=\"fr_FR\" \/>\n<meta property=\"og:type\" content=\"article\" \/>\n<meta property=\"og:title\" content=\"Tiguan Allspace : le SUV 7 places de vos envies\" \/>\n<meta property=\"og:url\" content=\"https:\/\/www.bymycar.fr\/webzine\/tiguan-allspace-suv-7-places\/\" \/>\n<meta property=\"og:site_name\" content=\"Webzine auto BYmyCAR\" \/>\n<meta property=\"article:published_time\" content=\"2018-08-10T13:30:44+00:00\" \/>\n<meta property=\"article:modified_time\" content=\"2018-12-31T15:00:39+00:00\" \/>\n<meta property=\"og:image\" content=\"https:\/\/cdn.bymycar.eu\/fr-webzine\/wp-content\/uploads\/medias\/2018\/08\/2018-08-10_09h46_01.png\" \/>\n\t<meta property=\"og:image:width\" content=\"1273\" \/>\n\t<meta property=\"og:image:height\" content=\"718\" \/>\n\t<meta property=\"og:image:type\" content=\"image\/png\" \/>\n<meta name=\"author\" content=\"Gregoire LE BIHAN\" \/>\n<meta name=\"twitter:card\" content=\"summary_large_image\" \/>\n<meta name=\"twitter:label1\" content=\"\u00c9crit par\" \/>\n\t<meta name=\"twitter:data1\" content=\"Gregoire LE BIHAN\" \/>\n<script type=\"application\/ld+json\" class=\"yoast-schema-graph\">{\"@context\":\"https:\/\/schema.org\",\"@graph\":[{\"@type\":\"Article\",\"@id\":\"https:\/\/www.bymycar.fr\/webzine\/tiguan-allspace-suv-7-places\/#article\",\"isPartOf\":{\"@id\":\"https:\/\/www.bymycar.fr\/webzine\/tiguan-allspace-suv-7-places\/\"},\"author\":{\"name\":\"Gregoire LE BIHAN\",\"@id\":\"https:\/\/www.bymycar.fr\/webzine\/#\/schema\/person\/8c56906440ec126868bd40232b3445f0\"},\"headline\":\"Tiguan Allspace : le SUV 7 places de vos envies\",\"datePublished\":\"2018-08-10T13:30:44+00:00\",\"dateModified\":\"2018-12-31T15:00:39+00:00\",\"mainEntityOfPage\":{\"@id\":\"https:\/\/www.bymycar.fr\/webzine\/tiguan-allspace-suv-7-places\/\"},\"wordCount\":8,\"publisher\":{\"@id\":\"https:\/\/www.bymycar.fr\/webzine\/#organization\"},\"image\":{\"@id\":\"https:\/\/www.bymycar.fr\/webzine\/tiguan-allspace-suv-7-places\/#primaryimage\"},\"thumbnailUrl\":\"https:\/\/cdn.bymycar.eu\/fr-webzine\/wp-content\/uploads\/medias\/2018\/08\/2018-08-10_09h46_01.png\",\"articleSection\":[\"Tiguan\"],\"inLanguage\":\"fr-FR\"},{\"@type\":\"WebPage\",\"@id\":\"https:\/\/www.bymycar.fr\/webzine\/tiguan-allspace-suv-7-places\/\",\"url\":\"https:\/\/www.bymycar.fr\/webzine\/tiguan-allspace-suv-7-places\/\",\"name\":\"Tiguan Allspace : le SUV 7 places de vos envies\",\"isPartOf\":{\"@id\":\"https:\/\/www.bymycar.fr\/webzine\/#website\"},\"primaryImageOfPage\":{\"@id\":\"https:\/\/www.bymycar.fr\/webzine\/tiguan-allspace-suv-7-places\/#primaryimage\"},\"image\":{\"@id\":\"https:\/\/www.bymycar.fr\/webzine\/tiguan-allspace-suv-7-places\/#primaryimage\"},\"thumbnailUrl\":\"https:\/\/cdn.bymycar.eu\/fr-webzine\/wp-content\/uploads\/medias\/2018\/08\/2018-08-10_09h46_01.png\",\"datePublished\":\"2018-08-10T13:30:44+00:00\",\"dateModified\":\"2018-12-31T15:00:39+00:00\",\"breadcrumb\":{\"@id\":\"https:\/\/www.bymycar.fr\/webzine\/tiguan-allspace-suv-7-places\/#breadcrumb\"},\"inLanguage\":\"fr-FR\",\"potentialAction\":[{\"@type\":\"ReadAction\",\"target\":[\"https:\/\/www.bymycar.fr\/webzine\/tiguan-allspace-suv-7-places\/\"]}]},{\"@type\":\"ImageObject\",\"inLanguage\":\"fr-FR\",\"@id\":\"https:\/\/www.bymycar.fr\/webzine\/tiguan-allspace-suv-7-places\/#primaryimage\",\"url\":\"https:\/\/cdn.bymycar.eu\/fr-webzine\/wp-content\/uploads\/medias\/2018\/08\/2018-08-10_09h46_01.png\",\"contentUrl\":\"https:\/\/cdn.bymycar.eu\/fr-webzine\/wp-content\/uploads\/medias\/2018\/08\/2018-08-10_09h46_01.png\",\"width\":1273,\"height\":718,\"caption\":\"Tiguan Allspace SUV 7 places\"},{\"@type\":\"BreadcrumbList\",\"@id\":\"https:\/\/www.bymycar.fr\/webzine\/tiguan-allspace-suv-7-places\/#breadcrumb\",\"itemListElement\":[{\"@type\":\"ListItem\",\"position\":1,\"name\":\"Accueil\",\"item\":\"https:\/\/www.bymycar.fr\/webzine\/\"},{\"@type\":\"ListItem\",\"position\":2,\"name\":\"Tiguan Allspace : le SUV 7 places de vos envies\"}]},{\"@type\":\"WebSite\",\"@id\":\"https:\/\/www.bymycar.fr\/webzine\/#website\",\"url\":\"https:\/\/www.bymycar.fr\/webzine\/\",\"name\":\"Webzine auto BYmyCAR\",\"description\":\"La magazine auto de BYmyCAR\",\"publisher\":{\"@id\":\"https:\/\/www.bymycar.fr\/webzine\/#organization\"},\"potentialAction\":[{\"@type\":\"SearchAction\",\"target\":{\"@type\":\"EntryPoint\",\"urlTemplate\":\"https:\/\/www.bymycar.fr\/webzine\/?s={search_term_string}\"},\"query-input\":{\"@type\":\"PropertyValueSpecification\",\"valueRequired\":true,\"valueName\":\"search_term_string\"}}],\"inLanguage\":\"fr-FR\"},{\"@type\":\"Organization\",\"@id\":\"https:\/\/www.bymycar.fr\/webzine\/#organization\",\"name\":\"BYmyCAR\",\"url\":\"https:\/\/www.bymycar.fr\/webzine\/\",\"logo\":{\"@type\":\"ImageObject\",\"inLanguage\":\"fr-FR\",\"@id\":\"https:\/\/www.bymycar.fr\/webzine\/#\/schema\/logo\/image\/\",\"url\":\"https:\/\/cdn.bymycar.eu\/fr-webzine\/wp-content\/uploads\/medias\/2017\/08\/logo_DEALER_00000406_001.png\",\"contentUrl\":\"https:\/\/cdn.bymycar.eu\/fr-webzine\/wp-content\/uploads\/medias\/2017\/08\/logo_DEALER_00000406_001.png\",\"width\":2132,\"height\":720,\"caption\":\"BYmyCAR\"},\"image\":{\"@id\":\"https:\/\/www.bymycar.fr\/webzine\/#\/schema\/logo\/image\/\"}},{\"@type\":\"Person\",\"@id\":\"https:\/\/www.bymycar.fr\/webzine\/#\/schema\/person\/8c56906440ec126868bd40232b3445f0\",\"name\":\"Gregoire LE BIHAN\",\"image\":{\"@type\":\"ImageObject\",\"inLanguage\":\"fr-FR\",\"@id\":\"https:\/\/www.bymycar.fr\/webzine\/#\/schema\/person\/image\/\",\"url\":\"https:\/\/secure.gravatar.com\/avatar\/1356d71f3c6eed50de358ba425c9944b742a0d35f88e0d5f8afe88fdac525492?s=96&d=mm&r=g\",\"contentUrl\":\"https:\/\/secure.gravatar.com\/avatar\/1356d71f3c6eed50de358ba425c9944b742a0d35f88e0d5f8afe88fdac525492?s=96&d=mm&r=g\",\"caption\":\"Gregoire LE BIHAN\"}}]}<\/script>\n<!-- \/ Yoast SEO Premium plugin. -->","yoast_head_json":{"title":"Tiguan Allspace : le SUV 7 places de vos envies","robots":{"index":"index","follow":"follow","max-snippet":"max-snippet:-1","max-image-preview":"max-image-preview:large","max-video-preview":"max-video-preview:-1"},"canonical":"https:\/\/www.bymycar.fr\/webzine\/tiguan-allspace-suv-7-places\/","og_locale":"fr_FR","og_type":"article","og_title":"Tiguan Allspace : le SUV 7 places de vos envies","og_url":"https:\/\/www.bymycar.fr\/webzine\/tiguan-allspace-suv-7-places\/","og_site_name":"Webzine auto BYmyCAR","article_published_time":"2018-08-10T13:30:44+00:00","article_modified_time":"2018-12-31T15:00:39+00:00","og_image":[{"width":1273,"height":718,"url":"https:\/\/cdn.bymycar.eu\/fr-webzine\/wp-content\/uploads\/medias\/2018\/08\/2018-08-10_09h46_01.png","type":"image\/png"}],"author":"Gregoire LE BIHAN","twitter_card":"summary_large_image","twitter_misc":{"\u00c9crit par":"Gregoire LE BIHAN"},"schema":{"@context":"https:\/\/schema.org","@graph":[{"@type":"Article","@id":"https:\/\/www.bymycar.fr\/webzine\/tiguan-allspace-suv-7-places\/#article","isPartOf":{"@id":"https:\/\/www.bymycar.fr\/webzine\/tiguan-allspace-suv-7-places\/"},"author":{"name":"Gregoire LE BIHAN","@id":"https:\/\/www.bymycar.fr\/webzine\/#\/schema\/person\/8c56906440ec126868bd40232b3445f0"},"headline":"Tiguan Allspace : le SUV 7 places de vos envies","datePublished":"2018-08-10T13:30:44+00:00","dateModified":"2018-12-31T15:00:39+00:00","mainEntityOfPage":{"@id":"https:\/\/www.bymycar.fr\/webzine\/tiguan-allspace-suv-7-places\/"},"wordCount":8,"publisher":{"@id":"https:\/\/www.bymycar.fr\/webzine\/#organization"},"image":{"@id":"https:\/\/www.bymycar.fr\/webzine\/tiguan-allspace-suv-7-places\/#primaryimage"},"thumbnailUrl":"https:\/\/cdn.bymycar.eu\/fr-webzine\/wp-content\/uploads\/medias\/2018\/08\/2018-08-10_09h46_01.png","articleSection":["Tiguan"],"inLanguage":"fr-FR"},{"@type":"WebPage","@id":"https:\/\/www.bymycar.fr\/webzine\/tiguan-allspace-suv-7-places\/","url":"https:\/\/www.bymycar.fr\/webzine\/tiguan-allspace-suv-7-places\/","name":"Tiguan Allspace : le SUV 7 places de vos envies","isPartOf":{"@id":"https:\/\/www.bymycar.fr\/webzine\/#website"},"primaryImageOfPage":{"@id":"https:\/\/www.bymycar.fr\/webzine\/tiguan-allspace-suv-7-places\/#primaryimage"},"image":{"@id":"https:\/\/www.bymycar.fr\/webzine\/tiguan-allspace-suv-7-places\/#primaryimage"},"thumbnailUrl":"https:\/\/cdn.bymycar.eu\/fr-webzine\/wp-content\/uploads\/medias\/2018\/08\/2018-08-10_09h46_01.png","datePublished":"2018-08-10T13:30:44+00:00","dateModified":"2018-12-31T15:00:39+00:00","breadcrumb":{"@id":"https:\/\/www.bymycar.fr\/webzine\/tiguan-allspace-suv-7-places\/#breadcrumb"},"inLanguage":"fr-FR","potentialAction":[{"@type":"ReadAction","target":["https:\/\/www.bymycar.fr\/webzine\/tiguan-allspace-suv-7-places\/"]}]},{"@type":"ImageObject","inLanguage":"fr-FR","@id":"https:\/\/www.bymycar.fr\/webzine\/tiguan-allspace-suv-7-places\/#primaryimage","url":"https:\/\/cdn.bymycar.eu\/fr-webzine\/wp-content\/uploads\/medias\/2018\/08\/2018-08-10_09h46_01.png","contentUrl":"https:\/\/cdn.bymycar.eu\/fr-webzine\/wp-content\/uploads\/medias\/2018\/08\/2018-08-10_09h46_01.png","width":1273,"height":718,"caption":"Tiguan Allspace SUV 7 places"},{"@type":"BreadcrumbList","@id":"https:\/\/www.bymycar.fr\/webzine\/tiguan-allspace-suv-7-places\/#breadcrumb","itemListElement":[{"@type":"ListItem","position":1,"name":"Accueil","item":"https:\/\/www.bymycar.fr\/webzine\/"},{"@type":"ListItem","position":2,"name":"Tiguan Allspace : le SUV 7 places de vos envies"}]},{"@type":"WebSite","@id":"https:\/\/www.bymycar.fr\/webzine\/#website","url":"https:\/\/www.bymycar.fr\/webzine\/","name":"Webzine auto BYmyCAR","description":"La magazine auto de BYmyCAR","publisher":{"@id":"https:\/\/www.bymycar.fr\/webzine\/#organization"},"potentialAction":[{"@type":"SearchAction","target":{"@type":"EntryPoint","urlTemplate":"https:\/\/www.bymycar.fr\/webzine\/?s={search_term_string}"},"query-input":{"@type":"PropertyValueSpecification","valueRequired":true,"valueName":"search_term_string"}}],"inLanguage":"fr-FR"},{"@type":"Organization","@id":"https:\/\/www.bymycar.fr\/webzine\/#organization","name":"BYmyCAR","url":"https:\/\/www.bymycar.fr\/webzine\/","logo":{"@type":"ImageObject","inLanguage":"fr-FR","@id":"https:\/\/www.bymycar.fr\/webzine\/#\/schema\/logo\/image\/","url":"https:\/\/cdn.bymycar.eu\/fr-webzine\/wp-content\/uploads\/medias\/2017\/08\/logo_DEALER_00000406_001.png","contentUrl":"https:\/\/cdn.bymycar.eu\/fr-webzine\/wp-content\/uploads\/medias\/2017\/08\/logo_DEALER_00000406_001.png","width":2132,"height":720,"caption":"BYmyCAR"},"image":{"@id":"https:\/\/www.bymycar.fr\/webzine\/#\/schema\/logo\/image\/"}},{"@type":"Person","@id":"https:\/\/www.bymycar.fr\/webzine\/#\/schema\/person\/8c56906440ec126868bd40232b3445f0","name":"Gregoire LE BIHAN","image":{"@type":"ImageObject","inLanguage":"fr-FR","@id":"https:\/\/www.bymycar.fr\/webzine\/#\/schema\/person\/image\/","url":"https:\/\/secure.gravatar.com\/avatar\/1356d71f3c6eed50de358ba425c9944b742a0d35f88e0d5f8afe88fdac525492?s=96&d=mm&r=g","contentUrl":"https:\/\/secure.gravatar.com\/avatar\/1356d71f3c6eed50de358ba425c9944b742a0d35f88e0d5f8afe88fdac525492?s=96&d=mm&r=g","caption":"Gregoire LE BIHAN"}}]}},"_links":{"self":[{"href":"https:\/\/www.bymycar.fr\/webzine\/wp-json\/wp\/v2\/posts\/5035","targetHints":{"allow":["GET"]}}],"collection":[{"href":"https:\/\/www.bymycar.fr\/webzine\/wp-json\/wp\/v2\/posts"}],"about":[{"href":"https:\/\/www.bymycar.fr\/webzine\/wp-json\/wp\/v2\/types\/post"}],"author":[{"embeddable":true,"href":"https:\/\/www.bymycar.fr\/webzine\/wp-json\/wp\/v2\/users\/9"}],"replies":[{"embeddable":true,"href":"https:\/\/www.bymycar.fr\/webzine\/wp-json\/wp\/v2\/comments?post=5035"}],"version-history":[{"count":7,"href":"https:\/\/www.bymycar.fr\/webzine\/wp-json\/wp\/v2\/posts\/5035\/revisions"}],"predecessor-version":[{"id":6150,"href":"https:\/\/www.bymycar.fr\/webzine\/wp-json\/wp\/v2\/posts\/5035\/revisions\/6150"}],"wp:featuredmedia":[{"embeddable":true,"href":"https:\/\/www.bymycar.fr\/webzine\/wp-json\/wp\/v2\/media\/5036"}],"wp:attachment":[{"href":"https:\/\/www.bymycar.fr\/webzine\/wp-json\/wp\/v2\/media?parent=5035"}],"wp:term":[{"taxonomy":"category","embeddable":true,"href":"https:\/\/www.bymycar.fr\/webzine\/wp-json\/wp\/v2\/categories?post=5035"},{"taxonomy":"post_tag","embeddable":true,"href":"https:\/\/www.bymycar.fr\/webzine\/wp-json\/wp\/v2\/tags?post=5035"}],"curies":[{"name":"wp","href":"https:\/\/api.w.org\/{rel}","templated":true}]}}