{"id":49966,"date":"2024-07-30T15:00:03","date_gmt":"2024-07-30T13:00:03","guid":{"rendered":"https:\/\/prod.bymycar.fr\/webzine\/?p=49966"},"modified":"2025-09-09T11:33:28","modified_gmt":"2025-09-09T09:33:28","slug":"quel-est-le-prix-dune-voiture-mercedes-vito-doccasion","status":"publish","type":"post","link":"https:\/\/www.bymycar.fr\/webzine\/quel-est-le-prix-dune-voiture-mercedes-vito-doccasion\/","title":{"rendered":"Quel est le prix d&rsquo;une voiture Mercedes Vito d&rsquo;occasion ?"},"content":{"rendered":"","protected":false},"excerpt":{"rendered":"","protected":false},"author":88,"featured_media":49967,"comment_status":"closed","ping_status":"open","sticky":false,"template":"","format":"standard","meta":{"_acf_changed":false,"footnotes":""},"categories":[13068],"tags":[],"class_list":["post-49966","post","type-post","status-publish","format-standard","has-post-thumbnail","hentry","category-guide-dachat-mercedes-vito-occasion"],"acf":{"template":"classique","introduction":"<p style=\"text-align: justify;\">Vous recherchez une <a href=\"https:\/\/www.bymycar.fr\/v\/mercedes-vito-occasion\" target=\"_blank\" rel=\"noopener\">Mercedes Vito d&rsquo;occasion<\/a> ? Vous \u00eates au bon endroit. Le march\u00e9 propose une vari\u00e9t\u00e9 de mod\u00e8les utilitaires, allant des versions plus fiables aux options hybrides. Que ce soit pour un usage professionnel ou personnel, il est essentiel de bien choisir sa motorisation. De plus, comprendre la diff\u00e9rence entre Viano et Vito peut s&rsquo;av\u00e9rer utile. D\u00e9couvrons ensemble les diverses offres et leur prix.<\/p>\n","strates":[{"type_strate":"carousel-produits","ancre":"","contenu":"","titre":"Voir nos Mercedes Vito disponibles","image":false,"image_libre":false,"image_800x500":false,"legende":"","zoom":false,"texte":"","articles":false,"categorie_droite":false,"images":false,"elements_comparatif":false,"texte_1":"","texte_2":"","image_1":false,"image_1_563x400":false,"image_1_332x332":false,"image_2":false,"image_2_333x240":false,"image_2_563x400":false,"image_3":false,"image_3_333x240":false,"image_3_332x450":false,"image_4":false,"image_4_332x332":false,"image_4_563x400":false,"code_embed":"","legende_video":"","photo":false,"photo_100x100":false,"nom":"","fonction":"","elements_timeline":false,"entetes_colonnes":false,"entetes_lignes":false,"lignes":false,"introduction":"","formulaire":false,"question":"","reponse":"","libelle_bouton_lien":"","url_lien":"","questions":false,"conclusions":false,"pays":"1","region":"","marque":"16","marqueConcessions":false,"modele":"VITO (30)","ptvente":"","typeV":"","collection":"","nombre_maximum_elements":"5","lien_fin_carousel":"https:\/\/www.bymycar.fr\/rechercher-un-vehicule?prod_VEHICLES%5BrefinementList%5D%5BvehType%5D%5B0%5D=Occasion&prod_VEHICLES%5BrefinementList%5D%5BvehType%5D%5B1%5D=V%C3%A9hicule%20de%20direction&prod_VEHICLES%5BrefinementList%5D%5BvehType%5D%5B2%5D=Faible%20km&prod_VEHICLES%5BrefinementList%5D%5Bbrand%5D%5B0%5D=MERCEDES&prod_VEHICLES%5BrefinementList%5D%5BmodelGroup1%5D%5B0%5D=VITO%20%2830%29","texte_lien_fin_carousel":"Voir plus","trier_par":"prix"},{"type_strate":"texte-simple","ancre":"","contenu":"<h2 style=\"text-align: justify;\" data-placeholder-blurred=\"R\u00e9digez un contenu\" data-placeholder-focused=\"Heading 2\">Les facteurs influen\u00e7ant le prix d&rsquo;un Mercedes Benz Vito d&rsquo;occasion<\/h2>\n<p style=\"text-align: justify;\">Le prix d&rsquo;un Mercedes Vito d&rsquo;occasion peut varier en fonction de nombreux facteurs. <strong>L&rsquo;\u00e2ge<\/strong> du v\u00e9hicule et son <strong>kilom\u00e9trage<\/strong> sont deux facteurs cl\u00e9s. Un v\u00e9hicule plus r\u00e9cent ou avec moins de kilom\u00e8tres sera g\u00e9n\u00e9ralement plus cher. De m\u00eame, <strong>l&rsquo;\u00e9tat g\u00e9n\u00e9ral<\/strong> du v\u00e9hicule, incluant l&rsquo;usure des pi\u00e8ces et l&rsquo;\u00e9tat de la carrosserie, aura un impact significatif sur son prix.<\/p>\n<p style=\"text-align: justify;\">Un autre facteur important est la <strong>marque et le mod\u00e8le<\/strong> du v\u00e9hicule. Mercedes est une marque de prestige, ce qui peut aider \u00e0 maintenir une valeur \u00e9lev\u00e9e pour ses v\u00e9hicules d&rsquo;occasion.<\/p>\n<p style=\"text-align: justify;\">La <strong>localisation<\/strong> du v\u00e9hicule peut \u00e9galement influencer le prix, avec des variations de prix possibles entre diff\u00e9rentes r\u00e9gions.<\/p>\n<p style=\"text-align: justify;\">Il est aussi essentiel de noter que le <strong>type de vendeur<\/strong> peut influer sur le prix. Les v\u00e9hicules vendus par des professionnels peuvent \u00eatre plus chers que ceux vendus par des particuliers, car ils incluent souvent une garantie et un contr\u00f4le technique \u00e0 jour.<\/p>\n<p style=\"text-align: justify;\">Enfin, la <strong>livraison<\/strong> du v\u00e9hicule peut repr\u00e9senter un co\u00fbt suppl\u00e9mentaire \u00e0 prendre en compte si vous l&rsquo;achetez sur un site web.<\/p>\n<h2 style=\"text-align: justify;\">Quelle est la diff\u00e9rence entre le Vito et le Viano ?<\/h2>\n<p style=\"text-align: justify;\">Le <strong>Vito<\/strong> et le <strong>Viano<\/strong> sont deux mod\u00e8les populaires de la marque Mercedes. Bien qu&rsquo;ils partagent plusieurs caract\u00e9ristiques, ils ont des diff\u00e9rences significatives. Le Vito est connu comme un fourgon utilitaire robuste, principalement utilis\u00e9 pour le transport de marchandises. Il est souvent choisi par les professionnels pour sa capacit\u00e9 de charge et sa fiabilit\u00e9. D&rsquo;un autre c\u00f4t\u00e9, le Viano, plus orient\u00e9 vers le transport de personnes, est appr\u00e9ci\u00e9 pour son confort et son espace int\u00e9rieur. Il peut accueillir jusqu&rsquo;\u00e0 huit passagers, ce qui le rend id\u00e9al pour les familles nombreuses ou les navettes professionnelles. Concernant les prix, un Vito d&rsquo;occasion peut \u00eatre trouv\u00e9 \u00e0 partir de 5000\u20ac, tandis qu&rsquo;un Viano d&rsquo;occasion se situe g\u00e9n\u00e9ralement entre 8000 \u00e0 10000\u20ac.<\/p>\n<h2 style=\"text-align: justify;\">Quelle motorisation choisir pour un Mercedes Vito d&rsquo;occasion ?<\/h2>\n<p style=\"text-align: justify;\">Lorsque vous recherchez un Mercedes Vito d&rsquo;occasion, plusieurs options de motorisation s&rsquo;offrent \u00e0 vous. Les options les plus courantes sont le diesel, l&rsquo;essence et parfois l&rsquo;hybride, selon le mod\u00e8le et l&rsquo;ann\u00e9e de production.<\/p>\n<p style=\"text-align: justify;\"><strong>Diesel<\/strong> : Les mod\u00e8les diesel sont souvent privil\u00e9gi\u00e9s pour leur consommation \u00e9conomique, surtout pour un usage professionnel intensif. Par exemple, le Vito 114 CDI long FWD offre une puissance de 136 cv.<\/p>\n<p style=\"text-align: justify;\"><strong>Essence<\/strong> : Moins courants sur le march\u00e9 de l&rsquo;occasion, les mod\u00e8les essence peuvent toutefois \u00eatre une alternative int\u00e9ressante pour un usage urbain ou si vous roulez peu.<\/p>\n<p style=\"text-align: justify;\"><strong>Hybride<\/strong> : Encore rares, ces mod\u00e8les sont une option \u00e0 envisager pour une conduite plus respectueuse de l&rsquo;environnement.<\/p>\n<p style=\"text-align: justify;\">Il convient de souligner que le choix de la motorisation peut influencer le co\u00fbt d&rsquo;entretien et l&rsquo;autonomie du v\u00e9hicule.<\/p>\n<h2 style=\"text-align: justify;\">Mercedes Vito : est-ce le choix le plus fiable pour un utilitaire ?<\/h2>\n<p style=\"text-align: justify;\">Le Mercedes Vito est largement reconnu pour sa <strong>fiabilit\u00e9<\/strong>, en particulier pour une utilisation professionnelle. Plusieurs mod\u00e8les ont prouv\u00e9 leur robustesse \u00e0 travers des kilom\u00e9trages importants.<\/p>\n<ul style=\"text-align: justify;\">\n<li>Les moteurs sont souvent d\u00e9crits comme <strong>increvables<\/strong>, avec de nombreux Vito ayant d\u00e9pass\u00e9 les 300 000 km sans probl\u00e8mes majeurs.<\/li>\n<li>Le taux de pannes est \u00e9galement tr\u00e8s bas, ce qui contribue \u00e0 sa r\u00e9putation de v\u00e9hicule <strong>durable et fiable<\/strong>.<\/li>\n<\/ul>\n<p style=\"text-align: justify;\">Cependant, comme pour tout v\u00e9hicule d&rsquo;occasion, il est recommand\u00e9 de v\u00e9rifier l&rsquo;\u00e9tat g\u00e9n\u00e9ral du v\u00e9hicule avant l&rsquo;achat. Des exemplaires de certains mod\u00e8les peuvent \u00eatre trouv\u00e9s \u00e0 des prix abordables, mais n\u00e9cessitent parfois des r\u00e9parations mineures.<\/p>\n<p style=\"text-align: justify;\">Quelle que soit votre utilisation, le Mercedes Vito s&rsquo;av\u00e8re \u00eatre un choix solide pour un v\u00e9hicule utilitaire.<\/p>\n<h2 style=\"text-align: justify;\">La tendance des prix pour les v\u00e9hicules hybrides Mercedes<\/h2>\n<p style=\"text-align: justify;\">Dans le domaine des v\u00e9hicules hybrides, la tendance des prix pour les Mercedes Vito d&rsquo;occasion r\u00e9v\u00e8le quelques sp\u00e9cificit\u00e9s. \u00c0 l&rsquo;instar des v\u00e9hicules thermiques, le prix est influenc\u00e9 par des facteurs tels que l&rsquo;\u00e2ge du v\u00e9hicule, le kilom\u00e9trage, l&rsquo;\u00e9tat g\u00e9n\u00e9ral et les options disponibles.<\/p>\n<p style=\"text-align: justify;\">Cependant, la technologie hybride ajoute une dimension suppl\u00e9mentaire \u00e0 l&rsquo;\u00e9quation. Les mod\u00e8les hybrides ont tendance \u00e0 \u00eatre plus chers que leurs homologues thermiques, en raison du co\u00fbt suppl\u00e9mentaire de la technologie hybride.<\/p>\n<p style=\"text-align: justify;\">Mais il faut noter que cette tendance peut varier en fonction de l&rsquo;\u00e9volution du march\u00e9 des v\u00e9hicules d&rsquo;occasion, des incitations gouvernementales pour les v\u00e9hicules \u00e0 faibles \u00e9missions et du co\u00fbt des batteries de rechange.<\/p>\n<p style=\"text-align: justify;\"><strong>Exemple de prix :<\/strong><\/p>\n<ul style=\"text-align: justify;\">\n<li>Un Vito hybride 2020 avec environ 70 000 km est affich\u00e9 \u00e0 23 399 \u20ac sur une plateforme de vente.<\/li>\n<\/ul>\n<p style=\"text-align: justify;\">Il est recommand\u00e9 de comparer plusieurs offres pour obtenir le v\u00e9hicule le mieux adapt\u00e9 \u00e0 vos besoins et \u00e0 votre budget.<\/p>\n","titre":"t1","image":false,"image_libre":false,"image_800x500":false,"legende":"","zoom":false,"texte":"","articles":false,"categorie_droite":false,"images":false,"elements_comparatif":false,"texte_1":"","texte_2":"","image_1":false,"image_1_563x400":false,"image_1_332x332":false,"image_2":false,"image_2_333x240":false,"image_2_563x400":false,"image_3":false,"image_3_333x240":false,"image_3_332x450":false,"image_4":false,"image_4_332x332":false,"image_4_563x400":false,"code_embed":"","legende_video":"","photo":false,"photo_100x100":false,"nom":"","fonction":"","elements_timeline":false,"entetes_colonnes":false,"entetes_lignes":false,"lignes":false,"introduction":"","formulaire":false,"question":"","reponse":"","libelle_bouton_lien":"","url_lien":"","questions":false,"conclusions":false,"pays":false,"region":false,"marque":false,"marqueConcessions":false,"modele":false,"ptvente":false,"typeV":false,"collection":false,"nombre_maximum_elements":10,"lien_fin_carousel":"","texte_lien_fin_carousel":"","trier_par":false}],"is_old_post":false,"image":{"ID":49967,"id":49967,"title":"500_evito9","filename":"500_evito9.jpg","filesize":57730,"url":"https:\/\/cdn.bymycar.eu\/fr-webzine\/wp-content\/uploads\/medias\/500_evito9.jpg","link":"https:\/\/www.bymycar.fr\/webzine\/quel-est-le-prix-dune-voiture-mercedes-vito-doccasion\/500_evito9\/","alt":"Mercedes Vito gris","author":"88","description":"","caption":"","name":"500_evito9","status":"inherit","uploaded_to":49966,"date":"2024-07-30 12:59:22","modified":"2024-07-30 12:59:33","menu_order":0,"mime_type":"image\/jpeg","type":"image","subtype":"jpeg","icon":"https:\/\/www.bymycar.fr\/webzine\/wp-includes\/images\/media\/default.png","width":500,"height":333,"sizes":{"thumbnail":"https:\/\/cdn.bymycar.eu\/fr-webzine\/wp-content\/uploads\/medias\/500_evito9-150x150.jpg","thumbnail-width":150,"thumbnail-height":150,"medium":"https:\/\/cdn.bymycar.eu\/fr-webzine\/wp-content\/uploads\/medias\/500_evito9-300x200.jpg","medium-width":300,"medium-height":200,"medium_large":"https:\/\/cdn.bymycar.eu\/fr-webzine\/wp-content\/uploads\/medias\/500_evito9.jpg","medium_large-width":500,"medium_large-height":333,"large":"https:\/\/cdn.bymycar.eu\/fr-webzine\/wp-content\/uploads\/medias\/500_evito9.jpg","large-width":500,"large-height":333,"1536x1536":"https:\/\/cdn.bymycar.eu\/fr-webzine\/wp-content\/uploads\/medias\/500_evito9.jpg","1536x1536-width":500,"1536x1536-height":333,"2048x2048":"https:\/\/cdn.bymycar.eu\/fr-webzine\/wp-content\/uploads\/medias\/500_evito9.jpg","2048x2048-width":500,"2048x2048-height":333}},"page_content":{"block_content":[{"acf_fc_layout":"carousel-produits"},{"acf_fc_layout":"text-simple","--nav":{"-withNav":false,"-ancre":""},"--group":{"-text":"<h2 style=\"text-align: justify;\" data-placeholder-blurred=\"R\u00e9digez un contenu\" data-placeholder-focused=\"Heading 2\">Les facteurs influen\u00e7ant le prix d&rsquo;un Mercedes Benz Vito d&rsquo;occasion<\/h2>\n<p style=\"text-align: justify;\">Le prix d&rsquo;un Mercedes Vito d&rsquo;occasion peut varier en fonction de nombreux facteurs. <strong>L&rsquo;\u00e2ge<\/strong> du v\u00e9hicule et son <strong>kilom\u00e9trage<\/strong> sont deux facteurs cl\u00e9s. Un v\u00e9hicule plus r\u00e9cent ou avec moins de kilom\u00e8tres sera g\u00e9n\u00e9ralement plus cher. De m\u00eame, <strong>l&rsquo;\u00e9tat g\u00e9n\u00e9ral<\/strong> du v\u00e9hicule, incluant l&rsquo;usure des pi\u00e8ces et l&rsquo;\u00e9tat de la carrosserie, aura un impact significatif sur son prix.<\/p>\n<p style=\"text-align: justify;\">Un autre facteur important est la <strong>marque et le mod\u00e8le<\/strong> du v\u00e9hicule. Mercedes est une marque de prestige, ce qui peut aider \u00e0 maintenir une valeur \u00e9lev\u00e9e pour ses v\u00e9hicules d&rsquo;occasion.<\/p>\n<p style=\"text-align: justify;\">La <strong>localisation<\/strong> du v\u00e9hicule peut \u00e9galement influencer le prix, avec des variations de prix possibles entre diff\u00e9rentes r\u00e9gions.<\/p>\n<p style=\"text-align: justify;\">Il est aussi essentiel de noter que le <strong>type de vendeur<\/strong> peut influer sur le prix. Les v\u00e9hicules vendus par des professionnels peuvent \u00eatre plus chers que ceux vendus par des particuliers, car ils incluent souvent une garantie et un contr\u00f4le technique \u00e0 jour.<\/p>\n<p style=\"text-align: justify;\">Enfin, la <strong>livraison<\/strong> du v\u00e9hicule peut repr\u00e9senter un co\u00fbt suppl\u00e9mentaire \u00e0 prendre en compte si vous l&rsquo;achetez sur un site web.<\/p>\n<h2 style=\"text-align: justify;\">Quelle est la diff\u00e9rence entre le Vito et le Viano ?<\/h2>\n<p style=\"text-align: justify;\">Le <strong>Vito<\/strong> et le <strong>Viano<\/strong> sont deux mod\u00e8les populaires de la marque Mercedes. Bien qu&rsquo;ils partagent plusieurs caract\u00e9ristiques, ils ont des diff\u00e9rences significatives. Le Vito est connu comme un fourgon utilitaire robuste, principalement utilis\u00e9 pour le transport de marchandises. Il est souvent choisi par les professionnels pour sa capacit\u00e9 de charge et sa fiabilit\u00e9. D&rsquo;un autre c\u00f4t\u00e9, le Viano, plus orient\u00e9 vers le transport de personnes, est appr\u00e9ci\u00e9 pour son confort et son espace int\u00e9rieur. Il peut accueillir jusqu&rsquo;\u00e0 huit passagers, ce qui le rend id\u00e9al pour les familles nombreuses ou les navettes professionnelles. Concernant les prix, un Vito d&rsquo;occasion peut \u00eatre trouv\u00e9 \u00e0 partir de 5000\u20ac, tandis qu&rsquo;un Viano d&rsquo;occasion se situe g\u00e9n\u00e9ralement entre 8000 \u00e0 10000\u20ac.<\/p>\n<h2 style=\"text-align: justify;\">Quelle motorisation choisir pour un Mercedes Vito d&rsquo;occasion ?<\/h2>\n<p style=\"text-align: justify;\">Lorsque vous recherchez un Mercedes Vito d&rsquo;occasion, plusieurs options de motorisation s&rsquo;offrent \u00e0 vous. Les options les plus courantes sont le diesel, l&rsquo;essence et parfois l&rsquo;hybride, selon le mod\u00e8le et l&rsquo;ann\u00e9e de production.<\/p>\n<p style=\"text-align: justify;\"><strong>Diesel<\/strong> : Les mod\u00e8les diesel sont souvent privil\u00e9gi\u00e9s pour leur consommation \u00e9conomique, surtout pour un usage professionnel intensif. Par exemple, le Vito 114 CDI long FWD offre une puissance de 136 cv.<\/p>\n<p style=\"text-align: justify;\"><strong>Essence<\/strong> : Moins courants sur le march\u00e9 de l&rsquo;occasion, les mod\u00e8les essence peuvent toutefois \u00eatre une alternative int\u00e9ressante pour un usage urbain ou si vous roulez peu.<\/p>\n<p style=\"text-align: justify;\"><strong>Hybride<\/strong> : Encore rares, ces mod\u00e8les sont une option \u00e0 envisager pour une conduite plus respectueuse de l&rsquo;environnement.<\/p>\n<p style=\"text-align: justify;\">Il convient de souligner que le choix de la motorisation peut influencer le co\u00fbt d&rsquo;entretien et l&rsquo;autonomie du v\u00e9hicule.<\/p>\n<h2 style=\"text-align: justify;\">Mercedes Vito : est-ce le choix le plus fiable pour un utilitaire ?<\/h2>\n<p style=\"text-align: justify;\">Le Mercedes Vito est largement reconnu pour sa <strong>fiabilit\u00e9<\/strong>, en particulier pour une utilisation professionnelle. Plusieurs mod\u00e8les ont prouv\u00e9 leur robustesse \u00e0 travers des kilom\u00e9trages importants.<\/p>\n<ul style=\"text-align: justify;\">\n<li>Les moteurs sont souvent d\u00e9crits comme <strong>increvables<\/strong>, avec de nombreux Vito ayant d\u00e9pass\u00e9 les 300 000 km sans probl\u00e8mes majeurs.<\/li>\n<li>Le taux de pannes est \u00e9galement tr\u00e8s bas, ce qui contribue \u00e0 sa r\u00e9putation de v\u00e9hicule <strong>durable et fiable<\/strong>.<\/li>\n<\/ul>\n<p style=\"text-align: justify;\">Cependant, comme pour tout v\u00e9hicule d&rsquo;occasion, il est recommand\u00e9 de v\u00e9rifier l&rsquo;\u00e9tat g\u00e9n\u00e9ral du v\u00e9hicule avant l&rsquo;achat. Des exemplaires de certains mod\u00e8les peuvent \u00eatre trouv\u00e9s \u00e0 des prix abordables, mais n\u00e9cessitent parfois des r\u00e9parations mineures.<\/p>\n<p style=\"text-align: justify;\">Quelle que soit votre utilisation, le Mercedes Vito s&rsquo;av\u00e8re \u00eatre un choix solide pour un v\u00e9hicule utilitaire.<\/p>\n<h2 style=\"text-align: justify;\">La tendance des prix pour les v\u00e9hicules hybrides Mercedes<\/h2>\n<p style=\"text-align: justify;\">Dans le domaine des v\u00e9hicules hybrides, la tendance des prix pour les Mercedes Vito d&rsquo;occasion r\u00e9v\u00e8le quelques sp\u00e9cificit\u00e9s. \u00c0 l&rsquo;instar des v\u00e9hicules thermiques, le prix est influenc\u00e9 par des facteurs tels que l&rsquo;\u00e2ge du v\u00e9hicule, le kilom\u00e9trage, l&rsquo;\u00e9tat g\u00e9n\u00e9ral et les options disponibles.<\/p>\n<p style=\"text-align: justify;\">Cependant, la technologie hybride ajoute une dimension suppl\u00e9mentaire \u00e0 l&rsquo;\u00e9quation. Les mod\u00e8les hybrides ont tendance \u00e0 \u00eatre plus chers que leurs homologues thermiques, en raison du co\u00fbt suppl\u00e9mentaire de la technologie hybride.<\/p>\n<p style=\"text-align: justify;\">Mais il faut noter que cette tendance peut varier en fonction de l&rsquo;\u00e9volution du march\u00e9 des v\u00e9hicules d&rsquo;occasion, des incitations gouvernementales pour les v\u00e9hicules \u00e0 faibles \u00e9missions et du co\u00fbt des batteries de rechange.<\/p>\n<p style=\"text-align: justify;\"><strong>Exemple de prix :<\/strong><\/p>\n<ul style=\"text-align: justify;\">\n<li>Un Vito hybride 2020 avec environ 70 000 km est affich\u00e9 \u00e0 23 399 \u20ac sur une plateforme de vente.<\/li>\n<\/ul>\n<p style=\"text-align: justify;\">Il est recommand\u00e9 de comparer plusieurs offres pour obtenir le v\u00e9hicule le mieux adapt\u00e9 \u00e0 vos besoins et \u00e0 votre budget.<\/p>\n"}}]},"add-carousel-to-footer":true},"yoast_head":"<!-- This site is optimized with the Yoast SEO Premium plugin v26.4 (Yoast SEO v26.4) - https:\/\/yoast.com\/wordpress\/plugins\/seo\/ -->\n<title>Quel est le prix d&#039;une voiture Mercedes Vito d&#039;occasion ?<\/title>\n<meta name=\"robots\" content=\"index, follow, max-snippet:-1, max-image-preview:large, max-video-preview:-1\" \/>\n<link rel=\"canonical\" href=\"https:\/\/www.bymycar.fr\/webzine\/quel-est-le-prix-dune-voiture-mercedes-vito-doccasion\/\" \/>\n<meta property=\"og:locale\" content=\"fr_FR\" \/>\n<meta property=\"og:type\" content=\"article\" \/>\n<meta property=\"og:title\" content=\"Quel est le prix d&#039;une voiture Mercedes Vito d&#039;occasion ?\" \/>\n<meta property=\"og:url\" content=\"https:\/\/www.bymycar.fr\/webzine\/quel-est-le-prix-dune-voiture-mercedes-vito-doccasion\/\" \/>\n<meta property=\"og:site_name\" content=\"Webzine auto BYmyCAR\" \/>\n<meta property=\"article:published_time\" content=\"2024-07-30T13:00:03+00:00\" \/>\n<meta property=\"article:modified_time\" content=\"2025-09-09T09:33:28+00:00\" \/>\n<meta property=\"og:image\" content=\"https:\/\/cdn.bymycar.eu\/fr-webzine\/wp-content\/uploads\/medias\/500_evito9.jpg\" \/>\n\t<meta property=\"og:image:width\" content=\"500\" \/>\n\t<meta property=\"og:image:height\" content=\"333\" \/>\n\t<meta property=\"og:image:type\" content=\"image\/jpeg\" \/>\n<meta name=\"author\" content=\"La R\u00e9daction BYmyCAR\" \/>\n<meta name=\"twitter:card\" content=\"summary_large_image\" \/>\n<meta name=\"twitter:label1\" content=\"\u00c9crit par\" \/>\n\t<meta name=\"twitter:data1\" content=\"La R\u00e9daction BYmyCAR\" \/>\n<script type=\"application\/ld+json\" class=\"yoast-schema-graph\">{\"@context\":\"https:\/\/schema.org\",\"@graph\":[{\"@type\":\"Article\",\"@id\":\"https:\/\/www.bymycar.fr\/webzine\/quel-est-le-prix-dune-voiture-mercedes-vito-doccasion\/#article\",\"isPartOf\":{\"@id\":\"https:\/\/www.bymycar.fr\/webzine\/quel-est-le-prix-dune-voiture-mercedes-vito-doccasion\/\"},\"author\":{\"name\":\"La R\u00e9daction BYmyCAR\",\"@id\":\"https:\/\/www.bymycar.fr\/webzine\/#\/schema\/person\/8d570fe11eb8929f06c1e6d00f4d9689\"},\"headline\":\"Quel est le prix d&rsquo;une voiture Mercedes Vito d&rsquo;occasion ?\",\"datePublished\":\"2024-07-30T13:00:03+00:00\",\"dateModified\":\"2025-09-09T09:33:28+00:00\",\"mainEntityOfPage\":{\"@id\":\"https:\/\/www.bymycar.fr\/webzine\/quel-est-le-prix-dune-voiture-mercedes-vito-doccasion\/\"},\"wordCount\":11,\"publisher\":{\"@id\":\"https:\/\/www.bymycar.fr\/webzine\/#organization\"},\"image\":{\"@id\":\"https:\/\/www.bymycar.fr\/webzine\/quel-est-le-prix-dune-voiture-mercedes-vito-doccasion\/#primaryimage\"},\"thumbnailUrl\":\"https:\/\/cdn.bymycar.eu\/fr-webzine\/wp-content\/uploads\/medias\/500_evito9.jpg\",\"articleSection\":[\"Guide d'achat Mercedes Vito occasion\"],\"inLanguage\":\"fr-FR\"},{\"@type\":\"WebPage\",\"@id\":\"https:\/\/www.bymycar.fr\/webzine\/quel-est-le-prix-dune-voiture-mercedes-vito-doccasion\/\",\"url\":\"https:\/\/www.bymycar.fr\/webzine\/quel-est-le-prix-dune-voiture-mercedes-vito-doccasion\/\",\"name\":\"Quel est le prix d'une voiture Mercedes Vito d'occasion ?\",\"isPartOf\":{\"@id\":\"https:\/\/www.bymycar.fr\/webzine\/#website\"},\"primaryImageOfPage\":{\"@id\":\"https:\/\/www.bymycar.fr\/webzine\/quel-est-le-prix-dune-voiture-mercedes-vito-doccasion\/#primaryimage\"},\"image\":{\"@id\":\"https:\/\/www.bymycar.fr\/webzine\/quel-est-le-prix-dune-voiture-mercedes-vito-doccasion\/#primaryimage\"},\"thumbnailUrl\":\"https:\/\/cdn.bymycar.eu\/fr-webzine\/wp-content\/uploads\/medias\/500_evito9.jpg\",\"datePublished\":\"2024-07-30T13:00:03+00:00\",\"dateModified\":\"2025-09-09T09:33:28+00:00\",\"breadcrumb\":{\"@id\":\"https:\/\/www.bymycar.fr\/webzine\/quel-est-le-prix-dune-voiture-mercedes-vito-doccasion\/#breadcrumb\"},\"inLanguage\":\"fr-FR\",\"potentialAction\":[{\"@type\":\"ReadAction\",\"target\":[\"https:\/\/www.bymycar.fr\/webzine\/quel-est-le-prix-dune-voiture-mercedes-vito-doccasion\/\"]}]},{\"@type\":\"ImageObject\",\"inLanguage\":\"fr-FR\",\"@id\":\"https:\/\/www.bymycar.fr\/webzine\/quel-est-le-prix-dune-voiture-mercedes-vito-doccasion\/#primaryimage\",\"url\":\"https:\/\/cdn.bymycar.eu\/fr-webzine\/wp-content\/uploads\/medias\/500_evito9.jpg\",\"contentUrl\":\"https:\/\/cdn.bymycar.eu\/fr-webzine\/wp-content\/uploads\/medias\/500_evito9.jpg\",\"width\":500,\"height\":333,\"caption\":\"Mercedes Vito gris\"},{\"@type\":\"BreadcrumbList\",\"@id\":\"https:\/\/www.bymycar.fr\/webzine\/quel-est-le-prix-dune-voiture-mercedes-vito-doccasion\/#breadcrumb\",\"itemListElement\":[{\"@type\":\"ListItem\",\"position\":1,\"name\":\"Accueil\",\"item\":\"https:\/\/www.bymycar.fr\/webzine\/\"},{\"@type\":\"ListItem\",\"position\":2,\"name\":\"Quel est le prix d&rsquo;une voiture Mercedes Vito d&rsquo;occasion ?\"}]},{\"@type\":\"WebSite\",\"@id\":\"https:\/\/www.bymycar.fr\/webzine\/#website\",\"url\":\"https:\/\/www.bymycar.fr\/webzine\/\",\"name\":\"Webzine auto BYmyCAR\",\"description\":\"La magazine auto de BYmyCAR\",\"publisher\":{\"@id\":\"https:\/\/www.bymycar.fr\/webzine\/#organization\"},\"potentialAction\":[{\"@type\":\"SearchAction\",\"target\":{\"@type\":\"EntryPoint\",\"urlTemplate\":\"https:\/\/www.bymycar.fr\/webzine\/?s={search_term_string}\"},\"query-input\":{\"@type\":\"PropertyValueSpecification\",\"valueRequired\":true,\"valueName\":\"search_term_string\"}}],\"inLanguage\":\"fr-FR\"},{\"@type\":\"Organization\",\"@id\":\"https:\/\/www.bymycar.fr\/webzine\/#organization\",\"name\":\"BYmyCAR\",\"url\":\"https:\/\/www.bymycar.fr\/webzine\/\",\"logo\":{\"@type\":\"ImageObject\",\"inLanguage\":\"fr-FR\",\"@id\":\"https:\/\/www.bymycar.fr\/webzine\/#\/schema\/logo\/image\/\",\"url\":\"https:\/\/cdn.bymycar.eu\/fr-webzine\/wp-content\/uploads\/medias\/2017\/08\/logo_DEALER_00000406_001.png\",\"contentUrl\":\"https:\/\/cdn.bymycar.eu\/fr-webzine\/wp-content\/uploads\/medias\/2017\/08\/logo_DEALER_00000406_001.png\",\"width\":2132,\"height\":720,\"caption\":\"BYmyCAR\"},\"image\":{\"@id\":\"https:\/\/www.bymycar.fr\/webzine\/#\/schema\/logo\/image\/\"}},{\"@type\":\"Person\",\"@id\":\"https:\/\/www.bymycar.fr\/webzine\/#\/schema\/person\/8d570fe11eb8929f06c1e6d00f4d9689\",\"name\":\"La R\u00e9daction BYmyCAR\",\"image\":{\"@type\":\"ImageObject\",\"inLanguage\":\"fr-FR\",\"@id\":\"https:\/\/www.bymycar.fr\/webzine\/#\/schema\/person\/image\/\",\"url\":\"https:\/\/secure.gravatar.com\/avatar\/1aa6b039d0ce106989923af4e2d0f2a0c82bb070d5e449f1b9adf082a5863900?s=96&d=mm&r=g\",\"contentUrl\":\"https:\/\/secure.gravatar.com\/avatar\/1aa6b039d0ce106989923af4e2d0f2a0c82bb070d5e449f1b9adf082a5863900?s=96&d=mm&r=g\",\"caption\":\"La R\u00e9daction BYmyCAR\"},\"sameAs\":[\"https:\/\/www.bymycar.fr\/\"]}]}<\/script>\n<!-- \/ Yoast SEO Premium plugin. -->","yoast_head_json":{"title":"Quel est le prix d'une voiture Mercedes Vito d'occasion ?","robots":{"index":"index","follow":"follow","max-snippet":"max-snippet:-1","max-image-preview":"max-image-preview:large","max-video-preview":"max-video-preview:-1"},"canonical":"https:\/\/www.bymycar.fr\/webzine\/quel-est-le-prix-dune-voiture-mercedes-vito-doccasion\/","og_locale":"fr_FR","og_type":"article","og_title":"Quel est le prix d'une voiture Mercedes Vito d'occasion ?","og_url":"https:\/\/www.bymycar.fr\/webzine\/quel-est-le-prix-dune-voiture-mercedes-vito-doccasion\/","og_site_name":"Webzine auto BYmyCAR","article_published_time":"2024-07-30T13:00:03+00:00","article_modified_time":"2025-09-09T09:33:28+00:00","og_image":[{"width":500,"height":333,"url":"https:\/\/cdn.bymycar.eu\/fr-webzine\/wp-content\/uploads\/medias\/500_evito9.jpg","type":"image\/jpeg"}],"author":"La R\u00e9daction BYmyCAR","twitter_card":"summary_large_image","twitter_misc":{"\u00c9crit par":"La R\u00e9daction BYmyCAR"},"schema":{"@context":"https:\/\/schema.org","@graph":[{"@type":"Article","@id":"https:\/\/www.bymycar.fr\/webzine\/quel-est-le-prix-dune-voiture-mercedes-vito-doccasion\/#article","isPartOf":{"@id":"https:\/\/www.bymycar.fr\/webzine\/quel-est-le-prix-dune-voiture-mercedes-vito-doccasion\/"},"author":{"name":"La R\u00e9daction BYmyCAR","@id":"https:\/\/www.bymycar.fr\/webzine\/#\/schema\/person\/8d570fe11eb8929f06c1e6d00f4d9689"},"headline":"Quel est le prix d&rsquo;une voiture Mercedes Vito d&rsquo;occasion ?","datePublished":"2024-07-30T13:00:03+00:00","dateModified":"2025-09-09T09:33:28+00:00","mainEntityOfPage":{"@id":"https:\/\/www.bymycar.fr\/webzine\/quel-est-le-prix-dune-voiture-mercedes-vito-doccasion\/"},"wordCount":11,"publisher":{"@id":"https:\/\/www.bymycar.fr\/webzine\/#organization"},"image":{"@id":"https:\/\/www.bymycar.fr\/webzine\/quel-est-le-prix-dune-voiture-mercedes-vito-doccasion\/#primaryimage"},"thumbnailUrl":"https:\/\/cdn.bymycar.eu\/fr-webzine\/wp-content\/uploads\/medias\/500_evito9.jpg","articleSection":["Guide d'achat Mercedes Vito occasion"],"inLanguage":"fr-FR"},{"@type":"WebPage","@id":"https:\/\/www.bymycar.fr\/webzine\/quel-est-le-prix-dune-voiture-mercedes-vito-doccasion\/","url":"https:\/\/www.bymycar.fr\/webzine\/quel-est-le-prix-dune-voiture-mercedes-vito-doccasion\/","name":"Quel est le prix d'une voiture Mercedes Vito d'occasion ?","isPartOf":{"@id":"https:\/\/www.bymycar.fr\/webzine\/#website"},"primaryImageOfPage":{"@id":"https:\/\/www.bymycar.fr\/webzine\/quel-est-le-prix-dune-voiture-mercedes-vito-doccasion\/#primaryimage"},"image":{"@id":"https:\/\/www.bymycar.fr\/webzine\/quel-est-le-prix-dune-voiture-mercedes-vito-doccasion\/#primaryimage"},"thumbnailUrl":"https:\/\/cdn.bymycar.eu\/fr-webzine\/wp-content\/uploads\/medias\/500_evito9.jpg","datePublished":"2024-07-30T13:00:03+00:00","dateModified":"2025-09-09T09:33:28+00:00","breadcrumb":{"@id":"https:\/\/www.bymycar.fr\/webzine\/quel-est-le-prix-dune-voiture-mercedes-vito-doccasion\/#breadcrumb"},"inLanguage":"fr-FR","potentialAction":[{"@type":"ReadAction","target":["https:\/\/www.bymycar.fr\/webzine\/quel-est-le-prix-dune-voiture-mercedes-vito-doccasion\/"]}]},{"@type":"ImageObject","inLanguage":"fr-FR","@id":"https:\/\/www.bymycar.fr\/webzine\/quel-est-le-prix-dune-voiture-mercedes-vito-doccasion\/#primaryimage","url":"https:\/\/cdn.bymycar.eu\/fr-webzine\/wp-content\/uploads\/medias\/500_evito9.jpg","contentUrl":"https:\/\/cdn.bymycar.eu\/fr-webzine\/wp-content\/uploads\/medias\/500_evito9.jpg","width":500,"height":333,"caption":"Mercedes Vito gris"},{"@type":"BreadcrumbList","@id":"https:\/\/www.bymycar.fr\/webzine\/quel-est-le-prix-dune-voiture-mercedes-vito-doccasion\/#breadcrumb","itemListElement":[{"@type":"ListItem","position":1,"name":"Accueil","item":"https:\/\/www.bymycar.fr\/webzine\/"},{"@type":"ListItem","position":2,"name":"Quel est le prix d&rsquo;une voiture Mercedes Vito d&rsquo;occasion ?"}]},{"@type":"WebSite","@id":"https:\/\/www.bymycar.fr\/webzine\/#website","url":"https:\/\/www.bymycar.fr\/webzine\/","name":"Webzine auto BYmyCAR","description":"La magazine auto de BYmyCAR","publisher":{"@id":"https:\/\/www.bymycar.fr\/webzine\/#organization"},"potentialAction":[{"@type":"SearchAction","target":{"@type":"EntryPoint","urlTemplate":"https:\/\/www.bymycar.fr\/webzine\/?s={search_term_string}"},"query-input":{"@type":"PropertyValueSpecification","valueRequired":true,"valueName":"search_term_string"}}],"inLanguage":"fr-FR"},{"@type":"Organization","@id":"https:\/\/www.bymycar.fr\/webzine\/#organization","name":"BYmyCAR","url":"https:\/\/www.bymycar.fr\/webzine\/","logo":{"@type":"ImageObject","inLanguage":"fr-FR","@id":"https:\/\/www.bymycar.fr\/webzine\/#\/schema\/logo\/image\/","url":"https:\/\/cdn.bymycar.eu\/fr-webzine\/wp-content\/uploads\/medias\/2017\/08\/logo_DEALER_00000406_001.png","contentUrl":"https:\/\/cdn.bymycar.eu\/fr-webzine\/wp-content\/uploads\/medias\/2017\/08\/logo_DEALER_00000406_001.png","width":2132,"height":720,"caption":"BYmyCAR"},"image":{"@id":"https:\/\/www.bymycar.fr\/webzine\/#\/schema\/logo\/image\/"}},{"@type":"Person","@id":"https:\/\/www.bymycar.fr\/webzine\/#\/schema\/person\/8d570fe11eb8929f06c1e6d00f4d9689","name":"La R\u00e9daction BYmyCAR","image":{"@type":"ImageObject","inLanguage":"fr-FR","@id":"https:\/\/www.bymycar.fr\/webzine\/#\/schema\/person\/image\/","url":"https:\/\/secure.gravatar.com\/avatar\/1aa6b039d0ce106989923af4e2d0f2a0c82bb070d5e449f1b9adf082a5863900?s=96&d=mm&r=g","contentUrl":"https:\/\/secure.gravatar.com\/avatar\/1aa6b039d0ce106989923af4e2d0f2a0c82bb070d5e449f1b9adf082a5863900?s=96&d=mm&r=g","caption":"La R\u00e9daction BYmyCAR"},"sameAs":["https:\/\/www.bymycar.fr\/"]}]}},"_links":{"self":[{"href":"https:\/\/www.bymycar.fr\/webzine\/wp-json\/wp\/v2\/posts\/49966","targetHints":{"allow":["GET"]}}],"collection":[{"href":"https:\/\/www.bymycar.fr\/webzine\/wp-json\/wp\/v2\/posts"}],"about":[{"href":"https:\/\/www.bymycar.fr\/webzine\/wp-json\/wp\/v2\/types\/post"}],"author":[{"embeddable":true,"href":"https:\/\/www.bymycar.fr\/webzine\/wp-json\/wp\/v2\/users\/88"}],"replies":[{"embeddable":true,"href":"https:\/\/www.bymycar.fr\/webzine\/wp-json\/wp\/v2\/comments?post=49966"}],"version-history":[{"count":2,"href":"https:\/\/www.bymycar.fr\/webzine\/wp-json\/wp\/v2\/posts\/49966\/revisions"}],"predecessor-version":[{"id":49969,"href":"https:\/\/www.bymycar.fr\/webzine\/wp-json\/wp\/v2\/posts\/49966\/revisions\/49969"}],"wp:featuredmedia":[{"embeddable":true,"href":"https:\/\/www.bymycar.fr\/webzine\/wp-json\/wp\/v2\/media\/49967"}],"wp:attachment":[{"href":"https:\/\/www.bymycar.fr\/webzine\/wp-json\/wp\/v2\/media?parent=49966"}],"wp:term":[{"taxonomy":"category","embeddable":true,"href":"https:\/\/www.bymycar.fr\/webzine\/wp-json\/wp\/v2\/categories?post=49966"},{"taxonomy":"post_tag","embeddable":true,"href":"https:\/\/www.bymycar.fr\/webzine\/wp-json\/wp\/v2\/tags?post=49966"}],"curies":[{"name":"wp","href":"https:\/\/api.w.org\/{rel}","templated":true}]}}