{"id":49543,"date":"2024-07-04T10:02:56","date_gmt":"2024-07-04T08:02:56","guid":{"rendered":"https:\/\/prod.bymycar.fr\/webzine\/?p=49543"},"modified":"2024-07-04T10:02:56","modified_gmt":"2024-07-04T08:02:56","slug":"kids-concess-une-journee-unique-pour-les-enfants-des-collaborateurs","status":"publish","type":"post","link":"https:\/\/www.bymycar.fr\/webzine\/kids-concess-une-journee-unique-pour-les-enfants-des-collaborateurs\/","title":{"rendered":"Kids Concess, une journ\u00e9e unique pour les enfants des collaborateurs\u00a0!"},"content":{"rendered":"","protected":false},"excerpt":{"rendered":"","protected":false},"author":10,"featured_media":49645,"comment_status":"closed","ping_status":"open","sticky":false,"template":"","format":"standard","meta":{"_acf_changed":false,"footnotes":""},"categories":[2852],"tags":[],"class_list":["post-49543","post","type-post","status-publish","format-standard","has-post-thumbnail","hentry","category-actus-rh"],"acf":{"template":"classique","introduction":"<h2 style=\"text-align: center;\">Chez Ford V\u00e9nissieux (69), les enfants invit\u00e9s \u00e0 d\u00e9couvrir les m\u00e9tiers de la concession<\/h2>\n<p><img loading=\"lazy\" decoding=\"async\" class=\"size-medium wp-image-49644 aligncenter\" src=\"https:\/\/obs-webzine-prod.oss.eu-west-0.prod-cloud-ocb.orange-business.com\/medias\/1714055640641-300x200.jpg\" alt=\"\" width=\"300\" height=\"200\" srcset=\"https:\/\/cdn.bymycar.eu\/fr-webzine\/wp-content\/uploads\/medias\/1714055640641.jpg 300w, https:\/\/cdn.bymycar.eu\/fr-webzine\/wp-content\/uploads\/medias\/1714055640641.jpg 1024w, https:\/\/cdn.bymycar.eu\/fr-webzine\/wp-content\/uploads\/medias\/1714055640641.jpg 768w, https:\/\/cdn.bymycar.eu\/fr-webzine\/wp-content\/uploads\/medias\/1714055640641.jpg 270w, https:\/\/cdn.bymycar.eu\/fr-webzine\/wp-content\/uploads\/medias\/1714055640641.jpg 1280w\" sizes=\"(max-width: 300px) 100vw, 300px\" \/><\/p>\n","strates":[{"type_strate":"texte-simple","ancre":"","contenu":"<p style=\"text-align: justify;\"><span style=\"font-family: arial, helvetica, sans-serif;\"><span style=\"font-size: 12pt;\">Invit\u00e9s par Ludovic Lacagnina, Directeur de Ford V\u00e9nissieux, de petits visiteurs ont eu l&rsquo;opportunit\u00e9 de venir d\u00e9couvrir les coulisses de la concession o\u00f9 parents, grands-parents travaillent. Au-del\u00e0 d&rsquo;une simple visite, les 12 enfants se sont essay\u00e9s \u00e0 diff\u00e9rents ateliers au travers d&rsquo;un parcours ludique : \u00e0<\/span><span style=\"font-size: 12pt;\"> la m\u00e9canique, au magasin, \u00e0 la carrosserie, mais aussi, en sas de pr\u00e9paration et dans le hall d&rsquo;exposition. Au magasin, les enfants avaient pour mission de retrouver les pi\u00e8ces \u00e0 l&rsquo;aide d&rsquo;une r\u00e9f\u00e9rence, \u00e0 la m\u00e9canique ils ont gonfl\u00e9 des pneus, \u00e0 la pr\u00e9paration nettoy\u00e9 une porti\u00e8re, et \u00e0 la carrosserie ils ont test\u00e9 le redressage de t\u00f4le au marteau. <\/span><\/span><span style=\"font-family: arial, helvetica, sans-serif;\">Cette premi\u00e8re \u00e9dition de Kids Concess a aussi permis aux 4 groupes d&rsquo;enfants de r\u00e9aliser une magnifique \u0153uvre collective avec l&rsquo;aide et la supervision de l&rsquo;artiste\u00a0<\/span><a id=\"ember45\" class=\"ember-view\" style=\"font-family: arial, helvetica, sans-serif;\" href=\"https:\/\/www.linkedin.com\/in\/perrot-nicolas-39425a296\/\">Perrot Nicolas<\/a><span style=\"font-family: arial, helvetica, sans-serif;\">.<\/span><\/p>\n<p style=\"text-align: justify;\"><span style=\"font-family: arial, helvetica, sans-serif;\"><span style=\"font-size: 12pt;\">Des stands encadr\u00e9s par des collaborateurs enthousiastes \u00e0 l\u2019id\u00e9e de faire d\u00e9couvrir leur m\u00e9tier.<\/span><\/span><\/p>\n<p><span style=\"font-size: 12pt; font-family: arial, helvetica, sans-serif;\">Les \u00e9quipes RH et marketing ont pr\u00e9par\u00e9 puis anim\u00e9 avec passion et p\u00e9dagogie cet \u00e9v\u00e9nement.\u00a0 <span style=\"font-family: arial, helvetica, sans-serif;\"><span style=\"font-size: 12pt;\"> Les enfants ont termin\u00e9 cette belle journ\u00e9e autour d&rsquo;un go\u00fbter apr\u00e8s une chasse au tr\u00e9sor dans le show-room, et sont repartis avec quelques cadeaux !<\/span><\/span><\/span><\/p>\n<p><span style=\"font-size: 12pt; font-family: arial, helvetica, sans-serif;\">Qui sait, peut-\u00eatre avons-nous inspir\u00e9 quelques futurs m\u00e9caniciens, carrossiers ou ing\u00e9nieurs automobiles en herbe ? \u2728<\/span><\/p>\n","titre":"D\u00e9couverte des m\u00e9tiers","image":false,"image_libre":false,"image_800x500":false,"legende":"","zoom":false,"texte":"","articles":false,"categorie_droite":false,"images":false,"elements_comparatif":false,"texte_1":"","texte_2":"","image_1":false,"image_1_563x400":false,"image_1_332x332":false,"image_2":false,"image_2_333x240":false,"image_2_563x400":false,"image_3":false,"image_3_333x240":false,"image_3_332x450":false,"image_4":false,"image_4_332x332":false,"image_4_563x400":false,"code_embed":"","legende_video":"","photo":false,"photo_100x100":false,"nom":"","fonction":"","elements_timeline":false,"entetes_colonnes":false,"entetes_lignes":false,"lignes":false,"introduction":"","formulaire":false,"question":"","reponse":"","libelle_bouton_lien":"","url_lien":"","questions":false,"conclusions":false,"pays":false,"region":false,"marque":false,"marqueConcessions":false,"modele":false,"ptvente":false,"typeV":false,"collection":false,"nombre_maximum_elements":10,"lien_fin_carousel":"","texte_lien_fin_carousel":"","trier_par":false},{"type_strate":"mosaique-1","ancre":"","contenu":"","titre":"","image":false,"image_libre":false,"image_800x500":false,"legende":"","zoom":false,"texte":"","articles":false,"categorie_droite":false,"images":false,"elements_comparatif":false,"texte_1":"","texte_2":"","image_1":false,"image_1_563x400":{"ID":49649,"id":49649,"title":"1714055673346","filename":"1714055673346.jpg","filesize":204241,"url":"https:\/\/cdn.bymycar.eu\/fr-webzine\/wp-content\/uploads\/medias\/1714055673346.jpg","link":"https:\/\/www.bymycar.fr\/webzine\/kids-concess-une-journee-unique-pour-les-enfants-des-collaborateurs\/attachment\/1714055673346\/","alt":"","author":"10","description":"","caption":"","name":"1714055673346","status":"inherit","uploaded_to":49543,"date":"2024-07-04 06:58:29","modified":"2024-07-04 06:58:29","menu_order":0,"mime_type":"image\/jpeg","type":"image","subtype":"jpeg","icon":"https:\/\/www.bymycar.fr\/webzine\/wp-includes\/images\/media\/default.png","width":1280,"height":960,"sizes":{"thumbnail":"https:\/\/cdn.bymycar.eu\/fr-webzine\/wp-content\/uploads\/medias\/1714055673346-150x150.jpg","thumbnail-width":150,"thumbnail-height":150,"medium":"https:\/\/cdn.bymycar.eu\/fr-webzine\/wp-content\/uploads\/medias\/1714055673346-300x225.jpg","medium-width":300,"medium-height":225,"medium_large":"https:\/\/cdn.bymycar.eu\/fr-webzine\/wp-content\/uploads\/medias\/1714055673346-768x576.jpg","medium_large-width":768,"medium_large-height":576,"large":"https:\/\/cdn.bymycar.eu\/fr-webzine\/wp-content\/uploads\/medias\/1714055673346-1024x768.jpg","large-width":1024,"large-height":768,"1536x1536":"https:\/\/cdn.bymycar.eu\/fr-webzine\/wp-content\/uploads\/medias\/1714055673346.jpg","1536x1536-width":1280,"1536x1536-height":960,"2048x2048":"https:\/\/cdn.bymycar.eu\/fr-webzine\/wp-content\/uploads\/medias\/1714055673346.jpg","2048x2048-width":1280,"2048x2048-height":960}},"image_1_332x332":false,"image_2":false,"image_2_333x240":{"ID":49648,"id":49648,"title":"1714055672032","filename":"1714055672032.jpg","filesize":221959,"url":"https:\/\/cdn.bymycar.eu\/fr-webzine\/wp-content\/uploads\/medias\/1714055672032.jpg","link":"https:\/\/www.bymycar.fr\/webzine\/kids-concess-une-journee-unique-pour-les-enfants-des-collaborateurs\/attachment\/1714055672032\/","alt":"","author":"10","description":"","caption":"","name":"1714055672032","status":"inherit","uploaded_to":49543,"date":"2024-07-04 06:58:27","modified":"2024-07-04 06:58:27","menu_order":0,"mime_type":"image\/jpeg","type":"image","subtype":"jpeg","icon":"https:\/\/www.bymycar.fr\/webzine\/wp-includes\/images\/media\/default.png","width":1280,"height":853,"sizes":{"thumbnail":"https:\/\/cdn.bymycar.eu\/fr-webzine\/wp-content\/uploads\/medias\/1714055672032-150x150.jpg","thumbnail-width":150,"thumbnail-height":150,"medium":"https:\/\/cdn.bymycar.eu\/fr-webzine\/wp-content\/uploads\/medias\/1714055672032-300x200.jpg","medium-width":300,"medium-height":200,"medium_large":"https:\/\/cdn.bymycar.eu\/fr-webzine\/wp-content\/uploads\/medias\/1714055672032-768x512.jpg","medium_large-width":768,"medium_large-height":512,"large":"https:\/\/cdn.bymycar.eu\/fr-webzine\/wp-content\/uploads\/medias\/1714055672032-1024x682.jpg","large-width":1024,"large-height":682,"1536x1536":"https:\/\/cdn.bymycar.eu\/fr-webzine\/wp-content\/uploads\/medias\/1714055672032.jpg","1536x1536-width":1280,"1536x1536-height":853,"2048x2048":"https:\/\/cdn.bymycar.eu\/fr-webzine\/wp-content\/uploads\/medias\/1714055672032.jpg","2048x2048-width":1280,"2048x2048-height":853}},"image_2_563x400":false,"image_3":false,"image_3_333x240":{"ID":49647,"id":49647,"title":"1714055660573","filename":"1714055660573.jpg","filesize":510815,"url":"https:\/\/cdn.bymycar.eu\/fr-webzine\/wp-content\/uploads\/medias\/1714055660573.jpg","link":"https:\/\/www.bymycar.fr\/webzine\/kids-concess-une-journee-unique-pour-les-enfants-des-collaborateurs\/attachment\/1714055660573\/","alt":"","author":"10","description":"","caption":"","name":"1714055660573","status":"inherit","uploaded_to":49543,"date":"2024-07-04 06:58:24","modified":"2024-07-04 06:58:24","menu_order":0,"mime_type":"image\/jpeg","type":"image","subtype":"jpeg","icon":"https:\/\/www.bymycar.fr\/webzine\/wp-includes\/images\/media\/default.png","width":1280,"height":1706,"sizes":{"thumbnail":"https:\/\/cdn.bymycar.eu\/fr-webzine\/wp-content\/uploads\/medias\/1714055660573-150x150.jpg","thumbnail-width":150,"thumbnail-height":150,"medium":"https:\/\/cdn.bymycar.eu\/fr-webzine\/wp-content\/uploads\/medias\/1714055660573-225x300.jpg","medium-width":225,"medium-height":300,"medium_large":"https:\/\/cdn.bymycar.eu\/fr-webzine\/wp-content\/uploads\/medias\/1714055660573-768x1024.jpg","medium_large-width":768,"medium_large-height":1024,"large":"https:\/\/cdn.bymycar.eu\/fr-webzine\/wp-content\/uploads\/medias\/1714055660573-768x1024.jpg","large-width":768,"large-height":1024,"1536x1536":"https:\/\/cdn.bymycar.eu\/fr-webzine\/wp-content\/uploads\/medias\/1714055660573-1152x1536.jpg","1536x1536-width":1152,"1536x1536-height":1536,"2048x2048":"https:\/\/cdn.bymycar.eu\/fr-webzine\/wp-content\/uploads\/medias\/1714055660573.jpg","2048x2048-width":1280,"2048x2048-height":1706}},"image_3_332x450":false,"image_4":false,"image_4_332x332":{"ID":49646,"id":49646,"title":"1714055657959","filename":"1714055657959.jpg","filesize":143303,"url":"https:\/\/cdn.bymycar.eu\/fr-webzine\/wp-content\/uploads\/medias\/1714055657959.jpg","link":"https:\/\/www.bymycar.fr\/webzine\/kids-concess-une-journee-unique-pour-les-enfants-des-collaborateurs\/attachment\/1714055657959\/","alt":"","author":"10","description":"","caption":"","name":"1714055657959","status":"inherit","uploaded_to":49543,"date":"2024-07-04 06:58:21","modified":"2024-07-04 06:58:21","menu_order":0,"mime_type":"image\/jpeg","type":"image","subtype":"jpeg","icon":"https:\/\/www.bymycar.fr\/webzine\/wp-includes\/images\/media\/default.png","width":1280,"height":853,"sizes":{"thumbnail":"https:\/\/cdn.bymycar.eu\/fr-webzine\/wp-content\/uploads\/medias\/1714055657959-150x150.jpg","thumbnail-width":150,"thumbnail-height":150,"medium":"https:\/\/cdn.bymycar.eu\/fr-webzine\/wp-content\/uploads\/medias\/1714055657959-300x200.jpg","medium-width":300,"medium-height":200,"medium_large":"https:\/\/cdn.bymycar.eu\/fr-webzine\/wp-content\/uploads\/medias\/1714055657959-768x512.jpg","medium_large-width":768,"medium_large-height":512,"large":"https:\/\/cdn.bymycar.eu\/fr-webzine\/wp-content\/uploads\/medias\/1714055657959-1024x682.jpg","large-width":1024,"large-height":682,"1536x1536":"https:\/\/cdn.bymycar.eu\/fr-webzine\/wp-content\/uploads\/medias\/1714055657959.jpg","1536x1536-width":1280,"1536x1536-height":853,"2048x2048":"https:\/\/cdn.bymycar.eu\/fr-webzine\/wp-content\/uploads\/medias\/1714055657959.jpg","2048x2048-width":1280,"2048x2048-height":853}},"image_4_563x400":false,"code_embed":"","legende_video":"","photo":false,"photo_100x100":false,"nom":"","fonction":"","elements_timeline":false,"entetes_colonnes":false,"entetes_lignes":false,"lignes":false,"introduction":"","formulaire":false,"question":"","reponse":"","libelle_bouton_lien":"","url_lien":"","questions":false,"conclusions":false,"pays":false,"region":false,"marque":false,"marqueConcessions":false,"modele":false,"ptvente":false,"typeV":false,"collection":false,"nombre_maximum_elements":10,"lien_fin_carousel":"","texte_lien_fin_carousel":"","trier_par":false}],"is_old_post":false,"image":{"ID":49645,"id":49645,"title":"1714055643024","filename":"1714055643024.jpg","filesize":326812,"url":"https:\/\/cdn.bymycar.eu\/fr-webzine\/wp-content\/uploads\/medias\/1714055643024.jpg","link":"https:\/\/www.bymycar.fr\/webzine\/kids-concess-une-journee-unique-pour-les-enfants-des-collaborateurs\/attachment\/1714055643024\/","alt":"","author":"10","description":"","caption":"","name":"1714055643024","status":"inherit","uploaded_to":49543,"date":"2024-07-04 06:58:15","modified":"2024-07-04 06:58:15","menu_order":0,"mime_type":"image\/jpeg","type":"image","subtype":"jpeg","icon":"https:\/\/www.bymycar.fr\/webzine\/wp-includes\/images\/media\/default.png","width":1200,"height":1600,"sizes":{"thumbnail":"https:\/\/cdn.bymycar.eu\/fr-webzine\/wp-content\/uploads\/medias\/1714055643024-150x150.jpg","thumbnail-width":150,"thumbnail-height":150,"medium":"https:\/\/cdn.bymycar.eu\/fr-webzine\/wp-content\/uploads\/medias\/1714055643024-225x300.jpg","medium-width":225,"medium-height":300,"medium_large":"https:\/\/cdn.bymycar.eu\/fr-webzine\/wp-content\/uploads\/medias\/1714055643024-768x1024.jpg","medium_large-width":768,"medium_large-height":1024,"large":"https:\/\/cdn.bymycar.eu\/fr-webzine\/wp-content\/uploads\/medias\/1714055643024-768x1024.jpg","large-width":768,"large-height":1024,"1536x1536":"https:\/\/cdn.bymycar.eu\/fr-webzine\/wp-content\/uploads\/medias\/1714055643024-1152x1536.jpg","1536x1536-width":1152,"1536x1536-height":1536,"2048x2048":"https:\/\/cdn.bymycar.eu\/fr-webzine\/wp-content\/uploads\/medias\/1714055643024.jpg","2048x2048-width":1200,"2048x2048-height":1600}},"page_content":{"block_content":[{"acf_fc_layout":"text-simple","--nav":{"-withNav":false,"-ancre":""},"--group":{"-text":"<p style=\"text-align: justify;\"><span style=\"font-family: arial, helvetica, sans-serif;\"><span style=\"font-size: 12pt;\">Invit\u00e9s par Ludovic Lacagnina, Directeur de Ford V\u00e9nissieux, de petits visiteurs ont eu l&rsquo;opportunit\u00e9 de venir d\u00e9couvrir les coulisses de la concession o\u00f9 parents, grands-parents travaillent. Au-del\u00e0 d&rsquo;une simple visite, les 12 enfants se sont essay\u00e9s \u00e0 diff\u00e9rents ateliers au travers d&rsquo;un parcours ludique : \u00e0<\/span><span style=\"font-size: 12pt;\"> la m\u00e9canique, au magasin, \u00e0 la carrosserie, mais aussi, en sas de pr\u00e9paration et dans le hall d&rsquo;exposition. Au magasin, les enfants avaient pour mission de retrouver les pi\u00e8ces \u00e0 l&rsquo;aide d&rsquo;une r\u00e9f\u00e9rence, \u00e0 la m\u00e9canique ils ont gonfl\u00e9 des pneus, \u00e0 la pr\u00e9paration nettoy\u00e9 une porti\u00e8re, et \u00e0 la carrosserie ils ont test\u00e9 le redressage de t\u00f4le au marteau. <\/span><\/span><span style=\"font-family: arial, helvetica, sans-serif;\">Cette premi\u00e8re \u00e9dition de Kids Concess a aussi permis aux 4 groupes d&rsquo;enfants de r\u00e9aliser une magnifique \u0153uvre collective avec l&rsquo;aide et la supervision de l&rsquo;artiste\u00a0<\/span><a id=\"ember45\" class=\"ember-view\" style=\"font-family: arial, helvetica, sans-serif;\" href=\"https:\/\/www.linkedin.com\/in\/perrot-nicolas-39425a296\/\">Perrot Nicolas<\/a><span style=\"font-family: arial, helvetica, sans-serif;\">.<\/span><\/p>\n<p style=\"text-align: justify;\"><span style=\"font-family: arial, helvetica, sans-serif;\"><span style=\"font-size: 12pt;\">Des stands encadr\u00e9s par des collaborateurs enthousiastes \u00e0 l\u2019id\u00e9e de faire d\u00e9couvrir leur m\u00e9tier.<\/span><\/span><\/p>\n<p><span style=\"font-size: 12pt; font-family: arial, helvetica, sans-serif;\">Les \u00e9quipes RH et marketing ont pr\u00e9par\u00e9 puis anim\u00e9 avec passion et p\u00e9dagogie cet \u00e9v\u00e9nement.\u00a0 <span style=\"font-family: arial, helvetica, sans-serif;\"><span style=\"font-size: 12pt;\"> Les enfants ont termin\u00e9 cette belle journ\u00e9e autour d&rsquo;un go\u00fbter apr\u00e8s une chasse au tr\u00e9sor dans le show-room, et sont repartis avec quelques cadeaux !<\/span><\/span><\/span><\/p>\n<p><span style=\"font-size: 12pt; font-family: arial, helvetica, sans-serif;\">Qui sait, peut-\u00eatre avons-nous inspir\u00e9 quelques futurs m\u00e9caniciens, carrossiers ou ing\u00e9nieurs automobiles en herbe ? \u2728<\/span><\/p>\n"}},{"acf_fc_layout":"images-mosaique-x4","--nav":{"-withNav":false,"-ancre":""},"--group":{"-title":"","-images":[{"ID":49649,"id":49649,"title":"1714055673346","filename":"1714055673346.jpg","filesize":204241,"url":"https:\/\/cdn.bymycar.eu\/fr-webzine\/wp-content\/uploads\/medias\/1714055673346.jpg","link":"https:\/\/www.bymycar.fr\/webzine\/kids-concess-une-journee-unique-pour-les-enfants-des-collaborateurs\/attachment\/1714055673346\/","alt":"","author":"10","description":"","caption":"","name":"1714055673346","status":"inherit","uploaded_to":49543,"date":"2024-07-04 06:58:29","modified":"2024-07-04 06:58:29","menu_order":0,"mime_type":"image\/jpeg","type":"image","subtype":"jpeg","icon":"https:\/\/www.bymycar.fr\/webzine\/wp-includes\/images\/media\/default.png","width":1280,"height":960,"sizes":{"thumbnail":"https:\/\/cdn.bymycar.eu\/fr-webzine\/wp-content\/uploads\/medias\/1714055673346-150x150.jpg","thumbnail-width":150,"thumbnail-height":150,"medium":"https:\/\/cdn.bymycar.eu\/fr-webzine\/wp-content\/uploads\/medias\/1714055673346-300x225.jpg","medium-width":300,"medium-height":225,"medium_large":"https:\/\/cdn.bymycar.eu\/fr-webzine\/wp-content\/uploads\/medias\/1714055673346-768x576.jpg","medium_large-width":768,"medium_large-height":576,"large":"https:\/\/cdn.bymycar.eu\/fr-webzine\/wp-content\/uploads\/medias\/1714055673346-1024x768.jpg","large-width":1024,"large-height":768,"1536x1536":"https:\/\/cdn.bymycar.eu\/fr-webzine\/wp-content\/uploads\/medias\/1714055673346.jpg","1536x1536-width":1280,"1536x1536-height":960,"2048x2048":"https:\/\/cdn.bymycar.eu\/fr-webzine\/wp-content\/uploads\/medias\/1714055673346.jpg","2048x2048-width":1280,"2048x2048-height":960}},{"ID":49648,"id":49648,"title":"1714055672032","filename":"1714055672032.jpg","filesize":221959,"url":"https:\/\/cdn.bymycar.eu\/fr-webzine\/wp-content\/uploads\/medias\/1714055672032.jpg","link":"https:\/\/www.bymycar.fr\/webzine\/kids-concess-une-journee-unique-pour-les-enfants-des-collaborateurs\/attachment\/1714055672032\/","alt":"","author":"10","description":"","caption":"","name":"1714055672032","status":"inherit","uploaded_to":49543,"date":"2024-07-04 06:58:27","modified":"2024-07-04 06:58:27","menu_order":0,"mime_type":"image\/jpeg","type":"image","subtype":"jpeg","icon":"https:\/\/www.bymycar.fr\/webzine\/wp-includes\/images\/media\/default.png","width":1280,"height":853,"sizes":{"thumbnail":"https:\/\/cdn.bymycar.eu\/fr-webzine\/wp-content\/uploads\/medias\/1714055672032-150x150.jpg","thumbnail-width":150,"thumbnail-height":150,"medium":"https:\/\/cdn.bymycar.eu\/fr-webzine\/wp-content\/uploads\/medias\/1714055672032-300x200.jpg","medium-width":300,"medium-height":200,"medium_large":"https:\/\/cdn.bymycar.eu\/fr-webzine\/wp-content\/uploads\/medias\/1714055672032-768x512.jpg","medium_large-width":768,"medium_large-height":512,"large":"https:\/\/cdn.bymycar.eu\/fr-webzine\/wp-content\/uploads\/medias\/1714055672032-1024x682.jpg","large-width":1024,"large-height":682,"1536x1536":"https:\/\/cdn.bymycar.eu\/fr-webzine\/wp-content\/uploads\/medias\/1714055672032.jpg","1536x1536-width":1280,"1536x1536-height":853,"2048x2048":"https:\/\/cdn.bymycar.eu\/fr-webzine\/wp-content\/uploads\/medias\/1714055672032.jpg","2048x2048-width":1280,"2048x2048-height":853}},{"ID":49647,"id":49647,"title":"1714055660573","filename":"1714055660573.jpg","filesize":510815,"url":"https:\/\/cdn.bymycar.eu\/fr-webzine\/wp-content\/uploads\/medias\/1714055660573.jpg","link":"https:\/\/www.bymycar.fr\/webzine\/kids-concess-une-journee-unique-pour-les-enfants-des-collaborateurs\/attachment\/1714055660573\/","alt":"","author":"10","description":"","caption":"","name":"1714055660573","status":"inherit","uploaded_to":49543,"date":"2024-07-04 06:58:24","modified":"2024-07-04 06:58:24","menu_order":0,"mime_type":"image\/jpeg","type":"image","subtype":"jpeg","icon":"https:\/\/www.bymycar.fr\/webzine\/wp-includes\/images\/media\/default.png","width":1280,"height":1706,"sizes":{"thumbnail":"https:\/\/cdn.bymycar.eu\/fr-webzine\/wp-content\/uploads\/medias\/1714055660573-150x150.jpg","thumbnail-width":150,"thumbnail-height":150,"medium":"https:\/\/cdn.bymycar.eu\/fr-webzine\/wp-content\/uploads\/medias\/1714055660573-225x300.jpg","medium-width":225,"medium-height":300,"medium_large":"https:\/\/cdn.bymycar.eu\/fr-webzine\/wp-content\/uploads\/medias\/1714055660573-768x1024.jpg","medium_large-width":768,"medium_large-height":1024,"large":"https:\/\/cdn.bymycar.eu\/fr-webzine\/wp-content\/uploads\/medias\/1714055660573-768x1024.jpg","large-width":768,"large-height":1024,"1536x1536":"https:\/\/cdn.bymycar.eu\/fr-webzine\/wp-content\/uploads\/medias\/1714055660573-1152x1536.jpg","1536x1536-width":1152,"1536x1536-height":1536,"2048x2048":"https:\/\/cdn.bymycar.eu\/fr-webzine\/wp-content\/uploads\/medias\/1714055660573.jpg","2048x2048-width":1280,"2048x2048-height":1706}},{"ID":49646,"id":49646,"title":"1714055657959","filename":"1714055657959.jpg","filesize":143303,"url":"https:\/\/cdn.bymycar.eu\/fr-webzine\/wp-content\/uploads\/medias\/1714055657959.jpg","link":"https:\/\/www.bymycar.fr\/webzine\/kids-concess-une-journee-unique-pour-les-enfants-des-collaborateurs\/attachment\/1714055657959\/","alt":"","author":"10","description":"","caption":"","name":"1714055657959","status":"inherit","uploaded_to":49543,"date":"2024-07-04 06:58:21","modified":"2024-07-04 06:58:21","menu_order":0,"mime_type":"image\/jpeg","type":"image","subtype":"jpeg","icon":"https:\/\/www.bymycar.fr\/webzine\/wp-includes\/images\/media\/default.png","width":1280,"height":853,"sizes":{"thumbnail":"https:\/\/cdn.bymycar.eu\/fr-webzine\/wp-content\/uploads\/medias\/1714055657959-150x150.jpg","thumbnail-width":150,"thumbnail-height":150,"medium":"https:\/\/cdn.bymycar.eu\/fr-webzine\/wp-content\/uploads\/medias\/1714055657959-300x200.jpg","medium-width":300,"medium-height":200,"medium_large":"https:\/\/cdn.bymycar.eu\/fr-webzine\/wp-content\/uploads\/medias\/1714055657959-768x512.jpg","medium_large-width":768,"medium_large-height":512,"large":"https:\/\/cdn.bymycar.eu\/fr-webzine\/wp-content\/uploads\/medias\/1714055657959-1024x682.jpg","large-width":1024,"large-height":682,"1536x1536":"https:\/\/cdn.bymycar.eu\/fr-webzine\/wp-content\/uploads\/medias\/1714055657959.jpg","1536x1536-width":1280,"1536x1536-height":853,"2048x2048":"https:\/\/cdn.bymycar.eu\/fr-webzine\/wp-content\/uploads\/medias\/1714055657959.jpg","2048x2048-width":1280,"2048x2048-height":853}}],"-title-2":""}}]},"add-carousel-to-footer":true},"yoast_head":"<!-- This site is optimized with the Yoast SEO Premium plugin v26.4 (Yoast SEO v26.4) - https:\/\/yoast.com\/wordpress\/plugins\/seo\/ -->\n<title>Kids Concess, une journ\u00e9e unique pour les enfants des collaborateurs\u00a0!<\/title>\n<meta name=\"robots\" content=\"noindex, nofollow\" \/>\n<meta property=\"og:locale\" content=\"fr_FR\" \/>\n<meta property=\"og:type\" content=\"article\" \/>\n<meta property=\"og:title\" content=\"Kids Concess, une journ\u00e9e unique pour les enfants des collaborateurs\u00a0!\" \/>\n<meta property=\"og:url\" content=\"https:\/\/www.bymycar.fr\/webzine\/kids-concess-une-journee-unique-pour-les-enfants-des-collaborateurs\/\" \/>\n<meta property=\"og:site_name\" content=\"Webzine auto BYmyCAR\" \/>\n<meta property=\"article:published_time\" content=\"2024-07-04T08:02:56+00:00\" \/>\n<meta property=\"og:image\" content=\"https:\/\/cdn.bymycar.eu\/fr-webzine\/wp-content\/uploads\/medias\/1714055643024.jpg\" \/>\n\t<meta property=\"og:image:width\" content=\"1200\" \/>\n\t<meta property=\"og:image:height\" content=\"1600\" \/>\n\t<meta property=\"og:image:type\" content=\"image\/jpeg\" \/>\n<meta name=\"author\" content=\"Claire Cochet\" \/>\n<meta name=\"twitter:card\" content=\"summary_large_image\" \/>\n<meta name=\"twitter:label1\" content=\"\u00c9crit par\" \/>\n\t<meta name=\"twitter:data1\" content=\"Claire Cochet\" \/>\n<script type=\"application\/ld+json\" class=\"yoast-schema-graph\">{\"@context\":\"https:\/\/schema.org\",\"@graph\":[{\"@type\":\"Article\",\"@id\":\"https:\/\/www.bymycar.fr\/webzine\/kids-concess-une-journee-unique-pour-les-enfants-des-collaborateurs\/#article\",\"isPartOf\":{\"@id\":\"https:\/\/www.bymycar.fr\/webzine\/kids-concess-une-journee-unique-pour-les-enfants-des-collaborateurs\/\"},\"author\":{\"name\":\"Claire Cochet\",\"@id\":\"https:\/\/www.bymycar.fr\/webzine\/#\/schema\/person\/5274ad00489219f4c5a692c833c37936\"},\"headline\":\"Kids Concess, une journ\u00e9e unique pour les enfants des collaborateurs\u00a0!\",\"datePublished\":\"2024-07-04T08:02:56+00:00\",\"mainEntityOfPage\":{\"@id\":\"https:\/\/www.bymycar.fr\/webzine\/kids-concess-une-journee-unique-pour-les-enfants-des-collaborateurs\/\"},\"wordCount\":11,\"publisher\":{\"@id\":\"https:\/\/www.bymycar.fr\/webzine\/#organization\"},\"image\":{\"@id\":\"https:\/\/www.bymycar.fr\/webzine\/kids-concess-une-journee-unique-pour-les-enfants-des-collaborateurs\/#primaryimage\"},\"thumbnailUrl\":\"https:\/\/cdn.bymycar.eu\/fr-webzine\/wp-content\/uploads\/medias\/1714055643024.jpg\",\"articleSection\":[\"Actus RH BYmyCAR\"],\"inLanguage\":\"fr-FR\"},{\"@type\":\"WebPage\",\"@id\":\"https:\/\/www.bymycar.fr\/webzine\/kids-concess-une-journee-unique-pour-les-enfants-des-collaborateurs\/\",\"url\":\"https:\/\/www.bymycar.fr\/webzine\/kids-concess-une-journee-unique-pour-les-enfants-des-collaborateurs\/\",\"name\":\"Kids Concess, une journ\u00e9e unique pour les enfants des collaborateurs\u00a0!\",\"isPartOf\":{\"@id\":\"https:\/\/www.bymycar.fr\/webzine\/#website\"},\"primaryImageOfPage\":{\"@id\":\"https:\/\/www.bymycar.fr\/webzine\/kids-concess-une-journee-unique-pour-les-enfants-des-collaborateurs\/#primaryimage\"},\"image\":{\"@id\":\"https:\/\/www.bymycar.fr\/webzine\/kids-concess-une-journee-unique-pour-les-enfants-des-collaborateurs\/#primaryimage\"},\"thumbnailUrl\":\"https:\/\/cdn.bymycar.eu\/fr-webzine\/wp-content\/uploads\/medias\/1714055643024.jpg\",\"datePublished\":\"2024-07-04T08:02:56+00:00\",\"breadcrumb\":{\"@id\":\"https:\/\/www.bymycar.fr\/webzine\/kids-concess-une-journee-unique-pour-les-enfants-des-collaborateurs\/#breadcrumb\"},\"inLanguage\":\"fr-FR\",\"potentialAction\":[{\"@type\":\"ReadAction\",\"target\":[\"https:\/\/www.bymycar.fr\/webzine\/kids-concess-une-journee-unique-pour-les-enfants-des-collaborateurs\/\"]}]},{\"@type\":\"ImageObject\",\"inLanguage\":\"fr-FR\",\"@id\":\"https:\/\/www.bymycar.fr\/webzine\/kids-concess-une-journee-unique-pour-les-enfants-des-collaborateurs\/#primaryimage\",\"url\":\"https:\/\/cdn.bymycar.eu\/fr-webzine\/wp-content\/uploads\/medias\/1714055643024.jpg\",\"contentUrl\":\"https:\/\/cdn.bymycar.eu\/fr-webzine\/wp-content\/uploads\/medias\/1714055643024.jpg\",\"width\":1200,\"height\":1600},{\"@type\":\"BreadcrumbList\",\"@id\":\"https:\/\/www.bymycar.fr\/webzine\/kids-concess-une-journee-unique-pour-les-enfants-des-collaborateurs\/#breadcrumb\",\"itemListElement\":[{\"@type\":\"ListItem\",\"position\":1,\"name\":\"Accueil\",\"item\":\"https:\/\/www.bymycar.fr\/webzine\/\"},{\"@type\":\"ListItem\",\"position\":2,\"name\":\"Kids Concess, une journ\u00e9e unique pour les enfants des collaborateurs\u00a0!\"}]},{\"@type\":\"WebSite\",\"@id\":\"https:\/\/www.bymycar.fr\/webzine\/#website\",\"url\":\"https:\/\/www.bymycar.fr\/webzine\/\",\"name\":\"Webzine auto BYmyCAR\",\"description\":\"La magazine auto de BYmyCAR\",\"publisher\":{\"@id\":\"https:\/\/www.bymycar.fr\/webzine\/#organization\"},\"potentialAction\":[{\"@type\":\"SearchAction\",\"target\":{\"@type\":\"EntryPoint\",\"urlTemplate\":\"https:\/\/www.bymycar.fr\/webzine\/?s={search_term_string}\"},\"query-input\":{\"@type\":\"PropertyValueSpecification\",\"valueRequired\":true,\"valueName\":\"search_term_string\"}}],\"inLanguage\":\"fr-FR\"},{\"@type\":\"Organization\",\"@id\":\"https:\/\/www.bymycar.fr\/webzine\/#organization\",\"name\":\"BYmyCAR\",\"url\":\"https:\/\/www.bymycar.fr\/webzine\/\",\"logo\":{\"@type\":\"ImageObject\",\"inLanguage\":\"fr-FR\",\"@id\":\"https:\/\/www.bymycar.fr\/webzine\/#\/schema\/logo\/image\/\",\"url\":\"https:\/\/cdn.bymycar.eu\/fr-webzine\/wp-content\/uploads\/medias\/2017\/08\/logo_DEALER_00000406_001.png\",\"contentUrl\":\"https:\/\/cdn.bymycar.eu\/fr-webzine\/wp-content\/uploads\/medias\/2017\/08\/logo_DEALER_00000406_001.png\",\"width\":2132,\"height\":720,\"caption\":\"BYmyCAR\"},\"image\":{\"@id\":\"https:\/\/www.bymycar.fr\/webzine\/#\/schema\/logo\/image\/\"}},{\"@type\":\"Person\",\"@id\":\"https:\/\/www.bymycar.fr\/webzine\/#\/schema\/person\/5274ad00489219f4c5a692c833c37936\",\"name\":\"Claire Cochet\",\"image\":{\"@type\":\"ImageObject\",\"inLanguage\":\"fr-FR\",\"@id\":\"https:\/\/www.bymycar.fr\/webzine\/#\/schema\/person\/image\/\",\"url\":\"https:\/\/secure.gravatar.com\/avatar\/d08d570ca82c109a3edf6608751c07285ef441eb4b59327093a06ecf2cd554dd?s=96&d=mm&r=g\",\"contentUrl\":\"https:\/\/secure.gravatar.com\/avatar\/d08d570ca82c109a3edf6608751c07285ef441eb4b59327093a06ecf2cd554dd?s=96&d=mm&r=g\",\"caption\":\"Claire Cochet\"}}]}<\/script>\n<!-- \/ Yoast SEO Premium plugin. -->","yoast_head_json":{"title":"Kids Concess, une journ\u00e9e unique pour les enfants des collaborateurs\u00a0!","robots":{"index":"noindex","follow":"nofollow"},"og_locale":"fr_FR","og_type":"article","og_title":"Kids Concess, une journ\u00e9e unique pour les enfants des collaborateurs\u00a0!","og_url":"https:\/\/www.bymycar.fr\/webzine\/kids-concess-une-journee-unique-pour-les-enfants-des-collaborateurs\/","og_site_name":"Webzine auto BYmyCAR","article_published_time":"2024-07-04T08:02:56+00:00","og_image":[{"width":1200,"height":1600,"url":"https:\/\/cdn.bymycar.eu\/fr-webzine\/wp-content\/uploads\/medias\/1714055643024.jpg","type":"image\/jpeg"}],"author":"Claire Cochet","twitter_card":"summary_large_image","twitter_misc":{"\u00c9crit par":"Claire Cochet"},"schema":{"@context":"https:\/\/schema.org","@graph":[{"@type":"Article","@id":"https:\/\/www.bymycar.fr\/webzine\/kids-concess-une-journee-unique-pour-les-enfants-des-collaborateurs\/#article","isPartOf":{"@id":"https:\/\/www.bymycar.fr\/webzine\/kids-concess-une-journee-unique-pour-les-enfants-des-collaborateurs\/"},"author":{"name":"Claire Cochet","@id":"https:\/\/www.bymycar.fr\/webzine\/#\/schema\/person\/5274ad00489219f4c5a692c833c37936"},"headline":"Kids Concess, une journ\u00e9e unique pour les enfants des collaborateurs\u00a0!","datePublished":"2024-07-04T08:02:56+00:00","mainEntityOfPage":{"@id":"https:\/\/www.bymycar.fr\/webzine\/kids-concess-une-journee-unique-pour-les-enfants-des-collaborateurs\/"},"wordCount":11,"publisher":{"@id":"https:\/\/www.bymycar.fr\/webzine\/#organization"},"image":{"@id":"https:\/\/www.bymycar.fr\/webzine\/kids-concess-une-journee-unique-pour-les-enfants-des-collaborateurs\/#primaryimage"},"thumbnailUrl":"https:\/\/cdn.bymycar.eu\/fr-webzine\/wp-content\/uploads\/medias\/1714055643024.jpg","articleSection":["Actus RH BYmyCAR"],"inLanguage":"fr-FR"},{"@type":"WebPage","@id":"https:\/\/www.bymycar.fr\/webzine\/kids-concess-une-journee-unique-pour-les-enfants-des-collaborateurs\/","url":"https:\/\/www.bymycar.fr\/webzine\/kids-concess-une-journee-unique-pour-les-enfants-des-collaborateurs\/","name":"Kids Concess, une journ\u00e9e unique pour les enfants des collaborateurs\u00a0!","isPartOf":{"@id":"https:\/\/www.bymycar.fr\/webzine\/#website"},"primaryImageOfPage":{"@id":"https:\/\/www.bymycar.fr\/webzine\/kids-concess-une-journee-unique-pour-les-enfants-des-collaborateurs\/#primaryimage"},"image":{"@id":"https:\/\/www.bymycar.fr\/webzine\/kids-concess-une-journee-unique-pour-les-enfants-des-collaborateurs\/#primaryimage"},"thumbnailUrl":"https:\/\/cdn.bymycar.eu\/fr-webzine\/wp-content\/uploads\/medias\/1714055643024.jpg","datePublished":"2024-07-04T08:02:56+00:00","breadcrumb":{"@id":"https:\/\/www.bymycar.fr\/webzine\/kids-concess-une-journee-unique-pour-les-enfants-des-collaborateurs\/#breadcrumb"},"inLanguage":"fr-FR","potentialAction":[{"@type":"ReadAction","target":["https:\/\/www.bymycar.fr\/webzine\/kids-concess-une-journee-unique-pour-les-enfants-des-collaborateurs\/"]}]},{"@type":"ImageObject","inLanguage":"fr-FR","@id":"https:\/\/www.bymycar.fr\/webzine\/kids-concess-une-journee-unique-pour-les-enfants-des-collaborateurs\/#primaryimage","url":"https:\/\/cdn.bymycar.eu\/fr-webzine\/wp-content\/uploads\/medias\/1714055643024.jpg","contentUrl":"https:\/\/cdn.bymycar.eu\/fr-webzine\/wp-content\/uploads\/medias\/1714055643024.jpg","width":1200,"height":1600},{"@type":"BreadcrumbList","@id":"https:\/\/www.bymycar.fr\/webzine\/kids-concess-une-journee-unique-pour-les-enfants-des-collaborateurs\/#breadcrumb","itemListElement":[{"@type":"ListItem","position":1,"name":"Accueil","item":"https:\/\/www.bymycar.fr\/webzine\/"},{"@type":"ListItem","position":2,"name":"Kids Concess, une journ\u00e9e unique pour les enfants des collaborateurs\u00a0!"}]},{"@type":"WebSite","@id":"https:\/\/www.bymycar.fr\/webzine\/#website","url":"https:\/\/www.bymycar.fr\/webzine\/","name":"Webzine auto BYmyCAR","description":"La magazine auto de BYmyCAR","publisher":{"@id":"https:\/\/www.bymycar.fr\/webzine\/#organization"},"potentialAction":[{"@type":"SearchAction","target":{"@type":"EntryPoint","urlTemplate":"https:\/\/www.bymycar.fr\/webzine\/?s={search_term_string}"},"query-input":{"@type":"PropertyValueSpecification","valueRequired":true,"valueName":"search_term_string"}}],"inLanguage":"fr-FR"},{"@type":"Organization","@id":"https:\/\/www.bymycar.fr\/webzine\/#organization","name":"BYmyCAR","url":"https:\/\/www.bymycar.fr\/webzine\/","logo":{"@type":"ImageObject","inLanguage":"fr-FR","@id":"https:\/\/www.bymycar.fr\/webzine\/#\/schema\/logo\/image\/","url":"https:\/\/cdn.bymycar.eu\/fr-webzine\/wp-content\/uploads\/medias\/2017\/08\/logo_DEALER_00000406_001.png","contentUrl":"https:\/\/cdn.bymycar.eu\/fr-webzine\/wp-content\/uploads\/medias\/2017\/08\/logo_DEALER_00000406_001.png","width":2132,"height":720,"caption":"BYmyCAR"},"image":{"@id":"https:\/\/www.bymycar.fr\/webzine\/#\/schema\/logo\/image\/"}},{"@type":"Person","@id":"https:\/\/www.bymycar.fr\/webzine\/#\/schema\/person\/5274ad00489219f4c5a692c833c37936","name":"Claire Cochet","image":{"@type":"ImageObject","inLanguage":"fr-FR","@id":"https:\/\/www.bymycar.fr\/webzine\/#\/schema\/person\/image\/","url":"https:\/\/secure.gravatar.com\/avatar\/d08d570ca82c109a3edf6608751c07285ef441eb4b59327093a06ecf2cd554dd?s=96&d=mm&r=g","contentUrl":"https:\/\/secure.gravatar.com\/avatar\/d08d570ca82c109a3edf6608751c07285ef441eb4b59327093a06ecf2cd554dd?s=96&d=mm&r=g","caption":"Claire Cochet"}}]}},"_links":{"self":[{"href":"https:\/\/www.bymycar.fr\/webzine\/wp-json\/wp\/v2\/posts\/49543","targetHints":{"allow":["GET"]}}],"collection":[{"href":"https:\/\/www.bymycar.fr\/webzine\/wp-json\/wp\/v2\/posts"}],"about":[{"href":"https:\/\/www.bymycar.fr\/webzine\/wp-json\/wp\/v2\/types\/post"}],"author":[{"embeddable":true,"href":"https:\/\/www.bymycar.fr\/webzine\/wp-json\/wp\/v2\/users\/10"}],"replies":[{"embeddable":true,"href":"https:\/\/www.bymycar.fr\/webzine\/wp-json\/wp\/v2\/comments?post=49543"}],"version-history":[{"count":11,"href":"https:\/\/www.bymycar.fr\/webzine\/wp-json\/wp\/v2\/posts\/49543\/revisions"}],"predecessor-version":[{"id":49657,"href":"https:\/\/www.bymycar.fr\/webzine\/wp-json\/wp\/v2\/posts\/49543\/revisions\/49657"}],"wp:featuredmedia":[{"embeddable":true,"href":"https:\/\/www.bymycar.fr\/webzine\/wp-json\/wp\/v2\/media\/49645"}],"wp:attachment":[{"href":"https:\/\/www.bymycar.fr\/webzine\/wp-json\/wp\/v2\/media?parent=49543"}],"wp:term":[{"taxonomy":"category","embeddable":true,"href":"https:\/\/www.bymycar.fr\/webzine\/wp-json\/wp\/v2\/categories?post=49543"},{"taxonomy":"post_tag","embeddable":true,"href":"https:\/\/www.bymycar.fr\/webzine\/wp-json\/wp\/v2\/tags?post=49543"}],"curies":[{"name":"wp","href":"https:\/\/api.w.org\/{rel}","templated":true}]}}