{"id":49302,"date":"2024-06-19T15:11:17","date_gmt":"2024-06-19T13:11:17","guid":{"rendered":"https:\/\/prod.bymycar.fr\/webzine\/?p=49302"},"modified":"2024-07-03T12:08:18","modified_gmt":"2024-07-03T10:08:18","slug":"nouveau-cle-cabriolet-chez-mercedes-bymycar","status":"publish","type":"post","link":"https:\/\/www.bymycar.fr\/webzine\/nouveau-cle-cabriolet-chez-mercedes-bymycar\/","title":{"rendered":"Nouveau CLE Cabriolet chez Mercedes BYmyCAR !"},"content":{"rendered":"","protected":false},"excerpt":{"rendered":"","protected":false},"author":26,"featured_media":49309,"comment_status":"closed","ping_status":"open","sticky":false,"template":"","format":"standard","meta":{"_acf_changed":false,"footnotes":""},"categories":[9014,135],"tags":[],"class_list":["post-49302","post","type-post","status-publish","format-standard","has-post-thumbnail","hentry","category-actualites-concessions-bymycar","category-mercedes"],"acf":{"template":"classique","introduction":"<p><strong><span style=\"font-size: 14pt;\">D\u00e9couvrez le chez Mercedes BYmyCAR Toulon, Roquebrune-sur-Argens, Cannes &amp; Villeneuve-Loubet !<\/span><\/strong><\/p>\n<p>&nbsp;<\/p>\n<p><span style=\"font-size: 14pt;\">Le design du Nouveau CLE Cabriolet allie un style intemporel \u00e0 un luxe moderne et une sportivit\u00e9 raffin\u00e9e.<\/span><\/p>\n<p><span style=\"font-size: 14pt;\">Sa silhouette \u00e9lanc\u00e9e et ses technologies intelligentes lui conf\u00e8rent un caract\u00e8re rac\u00e9 et affirm\u00e9.<\/span><\/p>\n<p>&nbsp;<\/p>\n<p>D\u00e9couvrez le niveau de confort maximal et la technologie novatrice du <em class=\"TNT2l AStapd\">Nouveau CLE Cabriolet<\/em>\u00a0: un design exceptionnel et un plaisir de conduite dynamique.<\/p>\n<p>Profitez de l&rsquo;habitacle luxueux et du design \u00e9l\u00e9gant du\u00a0<em class=\"TNT2l AStapd\">Nouveau CLE Cabriolet<\/em>. Luxe et modernit\u00e9 in\u00e9dite. Design dynamique. Confort de conduite. Design futuriste.<\/p>\n","strates":[{"type_strate":"50-50-image-texte-full","ancre":"","contenu":"","titre":"","image":false,"image_libre":false,"image_800x500":{"ID":49305,"id":49305,"title":"MB_CARS_VN_CLE_CABRIOLET_VISUEL_17 (1)","filename":"MB_CARS_VN_CLE_CABRIOLET_VISUEL_17-1.jpg","filesize":766443,"url":"https:\/\/cdn.bymycar.eu\/fr-webzine\/wp-content\/uploads\/medias\/MB_CARS_VN_CLE_CABRIOLET_VISUEL_17-1.jpg","link":"https:\/\/www.bymycar.fr\/webzine\/nouveau-cle-cabriolet-chez-mercedes-bymycar\/mb_cars_vn_cle_cabriolet_visuel_17-1\/","alt":"","author":"26","description":"","caption":"","name":"mb_cars_vn_cle_cabriolet_visuel_17-1","status":"inherit","uploaded_to":49302,"date":"2024-06-19 12:56:50","modified":"2024-06-19 12:56:50","menu_order":0,"mime_type":"image\/jpeg","type":"image","subtype":"jpeg","icon":"https:\/\/www.bymycar.fr\/webzine\/wp-includes\/images\/media\/default.png","width":1080,"height":1080,"sizes":{"thumbnail":"https:\/\/cdn.bymycar.eu\/fr-webzine\/wp-content\/uploads\/medias\/MB_CARS_VN_CLE_CABRIOLET_VISUEL_17-1-150x150.jpg","thumbnail-width":150,"thumbnail-height":150,"medium":"https:\/\/cdn.bymycar.eu\/fr-webzine\/wp-content\/uploads\/medias\/MB_CARS_VN_CLE_CABRIOLET_VISUEL_17-1-300x300.jpg","medium-width":300,"medium-height":300,"medium_large":"https:\/\/cdn.bymycar.eu\/fr-webzine\/wp-content\/uploads\/medias\/MB_CARS_VN_CLE_CABRIOLET_VISUEL_17-1-768x768.jpg","medium_large-width":768,"medium_large-height":768,"large":"https:\/\/cdn.bymycar.eu\/fr-webzine\/wp-content\/uploads\/medias\/MB_CARS_VN_CLE_CABRIOLET_VISUEL_17-1-1024x1024.jpg","large-width":1024,"large-height":1024,"1536x1536":"https:\/\/cdn.bymycar.eu\/fr-webzine\/wp-content\/uploads\/medias\/MB_CARS_VN_CLE_CABRIOLET_VISUEL_17-1.jpg","1536x1536-width":1080,"1536x1536-height":1080,"2048x2048":"https:\/\/cdn.bymycar.eu\/fr-webzine\/wp-content\/uploads\/medias\/MB_CARS_VN_CLE_CABRIOLET_VISUEL_17-1.jpg","2048x2048-width":1080,"2048x2048-height":1080}},"legende":"","zoom":false,"texte":"<p><span style=\"font-size: 14pt;\"><strong>Le cabriolet intelligent.<\/strong><\/span><\/p>\n<p>Avec son syst\u00e8me d&rsquo;info divertissement de derni\u00e8re g\u00e9n\u00e9ration, ses si\u00e8ges multi-contours uniques et son syst\u00e8me audio immersif.<\/p>\n<p>Une mosa\u00efque d\u2019\u00e9l\u00e9ments luxueux dans l&rsquo;habitacle conf\u00e8re au Nouveau CLE Cabriolet une image d&rsquo;ensemble haut de gamme au plus haut niveau. Des d\u00e9tails impressionnants, tels que le tableau de bord et les lignes de ceinture en imitation de cuir ARTICO \u00e0 l&rsquo;aspect nappa, les si\u00e8ges multicontour confortables ainsi que les univers sonores haut de gamme du syst\u00e8me de sonorisation surround Burmester 3D, garantissent une sensation de conduite tout \u00e0 fait unique, que la capote soit ouverte ou ferm\u00e9e.<\/p>\n<p>&nbsp;<\/p>\n<p>\u2666 Syst\u00e8me MBUX derni\u00e8re g\u00e9n\u00e9ration<\/p>\n<p>\u2666 Ecran central 11,9&Prime;<\/p>\n<p>\u2666 Syst\u00e8me de sonorisation Burnmester 3D<\/p>\n<p>&nbsp;<\/p>\n<p>Le Nouveau CLE Cabriolet saura vous s\u00e9duire dans les moindre d\u00e9tail.<\/p>\n","articles":false,"categorie_droite":false,"images":false,"elements_comparatif":false,"texte_1":"","texte_2":"","image_1":false,"image_1_563x400":false,"image_1_332x332":false,"image_2":false,"image_2_333x240":false,"image_2_563x400":false,"image_3":false,"image_3_333x240":false,"image_3_332x450":false,"image_4":false,"image_4_332x332":false,"image_4_563x400":false,"code_embed":"","legende_video":"","photo":false,"photo_100x100":false,"nom":"","fonction":"","elements_timeline":false,"entetes_colonnes":false,"entetes_lignes":false,"lignes":false,"introduction":"","formulaire":false,"question":"","reponse":"","libelle_bouton_lien":"","url_lien":"","questions":false,"conclusions":false,"pays":false,"region":false,"marque":false,"marqueConcessions":false,"modele":false,"ptvente":false,"typeV":false,"collection":false,"nombre_maximum_elements":10,"lien_fin_carousel":"","texte_lien_fin_carousel":"","trier_par":false},{"type_strate":"50-50-image-texte-full","ancre":"","contenu":"","titre":"","image":false,"image_libre":false,"image_800x500":{"ID":49310,"id":49310,"title":"MB_CARS_VN_CLE_CABRIOLET_VISUEL_9","filename":"MB_CARS_VN_CLE_CABRIOLET_VISUEL_9.jpg","filesize":537705,"url":"https:\/\/cdn.bymycar.eu\/fr-webzine\/wp-content\/uploads\/medias\/MB_CARS_VN_CLE_CABRIOLET_VISUEL_9.jpg","link":"https:\/\/www.bymycar.fr\/webzine\/nouveau-cle-cabriolet-chez-mercedes-bymycar\/mb_cars_vn_cle_cabriolet_visuel_9\/","alt":"","author":"26","description":"","caption":"","name":"mb_cars_vn_cle_cabriolet_visuel_9","status":"inherit","uploaded_to":49302,"date":"2024-06-19 12:57:10","modified":"2024-06-19 12:57:10","menu_order":0,"mime_type":"image\/jpeg","type":"image","subtype":"jpeg","icon":"https:\/\/www.bymycar.fr\/webzine\/wp-includes\/images\/media\/default.png","width":1080,"height":1080,"sizes":{"thumbnail":"https:\/\/cdn.bymycar.eu\/fr-webzine\/wp-content\/uploads\/medias\/MB_CARS_VN_CLE_CABRIOLET_VISUEL_9-150x150.jpg","thumbnail-width":150,"thumbnail-height":150,"medium":"https:\/\/cdn.bymycar.eu\/fr-webzine\/wp-content\/uploads\/medias\/MB_CARS_VN_CLE_CABRIOLET_VISUEL_9-300x300.jpg","medium-width":300,"medium-height":300,"medium_large":"https:\/\/cdn.bymycar.eu\/fr-webzine\/wp-content\/uploads\/medias\/MB_CARS_VN_CLE_CABRIOLET_VISUEL_9-768x768.jpg","medium_large-width":768,"medium_large-height":768,"large":"https:\/\/cdn.bymycar.eu\/fr-webzine\/wp-content\/uploads\/medias\/MB_CARS_VN_CLE_CABRIOLET_VISUEL_9-1024x1024.jpg","large-width":1024,"large-height":1024,"1536x1536":"https:\/\/cdn.bymycar.eu\/fr-webzine\/wp-content\/uploads\/medias\/MB_CARS_VN_CLE_CABRIOLET_VISUEL_9.jpg","1536x1536-width":1080,"1536x1536-height":1080,"2048x2048":"https:\/\/cdn.bymycar.eu\/fr-webzine\/wp-content\/uploads\/medias\/MB_CARS_VN_CLE_CABRIOLET_VISUEL_9.jpg","2048x2048-width":1080,"2048x2048-height":1080}},"legende":"","zoom":false,"texte":"<p><strong><span style=\"font-size: 14pt;\">Conduite \u00e0 ciel ouvert.<\/span><\/strong><\/p>\n<p>&nbsp;<\/p>\n<p>Le Nouveau CLE Cabriolet a \u00e9t\u00e9 pens\u00e9 pour ceux qui recherchent un sentiment de libert\u00e9. Avec ses \u00e9quipements haut de gamme, son nouvel \u00e9cran central au format port\u00e9 et son espace g\u00e9n\u00e9reux.<\/p>\n<p>D\u00e9couvrez une capote acoustique en tissu \u00e9l\u00e9gante. Le Nouveau CLE Cabriolet allie un design exclusif \u00e0 une conduite \u00e0 ciel ouvert.<\/p>\n<p>&nbsp;<\/p>\n<p>D\u00e9couvrez ce cabriolet d&rsquo;exception lors d&rsquo;un essai personnalis\u00e9.<\/p>\n<p>&nbsp;<\/p>\n<p>&nbsp;<\/p>\n<p>&nbsp;<\/p>\n<p>&nbsp;<\/p>\n","articles":false,"categorie_droite":false,"images":false,"elements_comparatif":false,"texte_1":"","texte_2":"","image_1":false,"image_1_563x400":false,"image_1_332x332":false,"image_2":false,"image_2_333x240":false,"image_2_563x400":false,"image_3":false,"image_3_333x240":false,"image_3_332x450":false,"image_4":false,"image_4_332x332":false,"image_4_563x400":false,"code_embed":"","legende_video":"","photo":false,"photo_100x100":false,"nom":"","fonction":"","elements_timeline":false,"entetes_colonnes":false,"entetes_lignes":false,"lignes":false,"introduction":"","formulaire":false,"question":"","reponse":"","libelle_bouton_lien":"","url_lien":"","questions":false,"conclusions":false,"pays":false,"region":false,"marque":false,"marqueConcessions":false,"modele":false,"ptvente":false,"typeV":false,"collection":false,"nombre_maximum_elements":10,"lien_fin_carousel":"","texte_lien_fin_carousel":"","trier_par":false},{"type_strate":"texte-simple","ancre":"","contenu":"<p>R\u00e9servez votre essai chez Mercedes BYmyCAR via le formulaire.<\/p>\n\n<div class=\"wpcf7 no-js\" id=\"wpcf7-f49639-o1\" lang=\"fr-FR\" dir=\"ltr\" data-wpcf7-id=\"49639\">\n<div class=\"screen-reader-response\"><p role=\"status\" aria-live=\"polite\" aria-atomic=\"true\"><\/p> <ul><\/ul><\/div>\n<form action=\"\/webzine\/wp-json\/wp\/v2\/posts\/49302#wpcf7-f49639-o1\" method=\"post\" class=\"wpcf7-form init\" aria-label=\"Formulaire de contact\" novalidate=\"novalidate\" data-status=\"init\">\n<fieldset class=\"hidden-fields-container\"><input type=\"hidden\" name=\"_wpcf7\" value=\"49639\" \/><input type=\"hidden\" name=\"_wpcf7_version\" value=\"6.1.3\" \/><input type=\"hidden\" name=\"_wpcf7_locale\" value=\"fr_FR\" \/><input type=\"hidden\" name=\"_wpcf7_unit_tag\" value=\"wpcf7-f49639-o1\" \/><input type=\"hidden\" name=\"_wpcf7_container_post\" value=\"0\" \/><input type=\"hidden\" name=\"_wpcf7_posted_data_hash\" value=\"\" \/><input type=\"hidden\" name=\"_wpcf7_recaptcha_response\" value=\"\" \/>\n<\/fieldset>\n<div class=\"flex flex-row flex-wrap -mx-4\"><div class=\"w-1\/2 flex flex-col gap-4 align-top px-4\">\n\n<label> Nom* <\/label>\n<span class=\"wpcf7-form-control-wrap\" data-name=\"Nom\"><input size=\"40\" maxlength=\"400\" class=\"wpcf7-form-control wpcf7-text wpcf7-validates-as-required\" aria-required=\"true\" aria-invalid=\"false\" value=\"\" type=\"text\" name=\"Nom\" \/><\/span>\n\n<label> Pr\u00e9nom* <\/label>\n<span class=\"wpcf7-form-control-wrap\" data-name=\"prenom\"><input size=\"40\" maxlength=\"400\" class=\"wpcf7-form-control wpcf7-text wpcf7-validates-as-required\" aria-required=\"true\" aria-invalid=\"false\" value=\"\" type=\"text\" name=\"prenom\" \/><\/span>\n\n<label> Email* <\/label>\n<span class=\"wpcf7-form-control-wrap\" data-name=\"email\"><input size=\"40\" maxlength=\"400\" class=\"wpcf7-form-control wpcf7-email wpcf7-validates-as-required wpcf7-text wpcf7-validates-as-email\" aria-required=\"true\" aria-invalid=\"false\" value=\"\" type=\"email\" name=\"email\" \/><\/span>\n\n<label> T\u00e9l\u00e9phone* <\/label>\n<span class=\"wpcf7-form-control-wrap\" data-name=\"telephone\"><input size=\"40\" maxlength=\"400\" class=\"wpcf7-form-control wpcf7-tel wpcf7-validates-as-required wpcf7-text wpcf7-validates-as-tel\" aria-required=\"true\" aria-invalid=\"false\" value=\"\" type=\"tel\" name=\"telephone\" \/><\/span>\n\n<\/div>\n\n<div class=\"w-1\/2 flex flex-col gap-4 align-top px-4\">\n\n<label> Choix de l'offre* <\/label>\n<span class=\"wpcf7-form-control-wrap\" data-name=\"offre\"><select class=\"wpcf7-form-control wpcf7-select wpcf7-validates-as-required\" aria-required=\"true\" aria-invalid=\"false\" name=\"offre\"><option value=\"Nouveau CLE Cabriolet\">Nouveau CLE Cabriolet<\/option><option value=\"Autre mod\u00e8le Mercedes\">Autre mod\u00e8le Mercedes<\/option><\/select><\/span>\n\n<label> Choix de la concession* <\/label>\n<span class=\"wpcf7-form-control-wrap\" data-name=\"concession\"><select class=\"wpcf7-form-control wpcf7-select wpcf7-validates-as-required\" aria-required=\"true\" aria-invalid=\"false\" name=\"concession\"><option value=\"MERCEDES BYmyCAR Cannes\">MERCEDES BYmyCAR Cannes<\/option><option value=\"MERCEDES BYmyCAR Villeneuve Loubet\">MERCEDES BYmyCAR Villeneuve Loubet<\/option><option value=\"MERCEDES BYmyCAR Roquebrune S\/Argens\">MERCEDES BYmyCAR Roquebrune S\/Argens<\/option><option value=\"MERCEDES BYmyCAR Toulon - La Garde\">MERCEDES BYmyCAR Toulon - La Garde<\/option><\/select><\/span> \n\n<label> Votre message <\/label>\n<span class=\"wpcf7-form-control-wrap\" data-name=\"Commentaireclient\"><textarea cols=\"40\" rows=\"5\" maxlength=\"2000\" class=\"wpcf7-form-control wpcf7-textarea\" aria-invalid=\"false\" name=\"Commentaireclient\"><\/textarea><\/span>\n\n<\/div>\n\n<span class=\"wpcf7-form-control-wrap\" data-name=\"optinemail\"><span class=\"wpcf7-form-control wpcf7-checkbox\"><span class=\"wpcf7-list-item first last\"><input type=\"checkbox\" name=\"optinemail[]\" value=\"J&#039;accepte de recevoir la lettre d&#039;information li\u00e9e au Groupe BYmyCAR\" \/><span class=\"wpcf7-list-item-label\">J&#039;accepte de recevoir la lettre d&#039;information li\u00e9e au Groupe BYmyCAR<\/span><\/span><\/span><\/span>\n\n<span class=\"wpcf7-form-control-wrap\" data-name=\"optinsms\"><span class=\"wpcf7-form-control wpcf7-checkbox\"><span class=\"wpcf7-list-item first last\"><input type=\"checkbox\" name=\"optinsms[]\" value=\"J&#039;accepte de recevoir des informations li\u00e9es au Groupe BYmyCAR par sms\" \/><span class=\"wpcf7-list-item-label\">J&#039;accepte de recevoir des informations li\u00e9es au Groupe BYmyCAR par sms<\/span><\/span><\/span><\/span>\n\n<span class=\"wpcf7-form-control-wrap\" data-name=\"optinappel\"><span class=\"wpcf7-form-control wpcf7-checkbox\"><span class=\"wpcf7-list-item first last\"><input type=\"checkbox\" name=\"optinappel[]\" value=\"J&#039;accepte de recevoir des informations li\u00e9es au Groupe BYmyCAR par appel\" \/><span class=\"wpcf7-list-item-label\">J&#039;accepte de recevoir des informations li\u00e9es au Groupe BYmyCAR par appel<\/span><\/span><\/span><\/span>\n\n<div class=\"w-full flex flex-col items-center gap-y-2 text-center mt-4\"><input class=\"wpcf7-form-control wpcf7-submit has-spinner\" type=\"submit\" value=\"Envoyer\" \/><\/div><\/div><div class=\"wpcf7-response-output\" aria-hidden=\"true\"><\/div>\n<\/form>\n<\/div>\n\n<p>&nbsp;<\/p>\n<p>&nbsp;<\/p>\n<p><b>Pour les trajets courts, privil\u00e9giez la marche ou le v\u00e9lo. Au quotidien, prenez les transports en commun. Pensez \u00e0 covoiturer.<br \/>\n#SeD\u00e9placerMoinsPollue<\/b><\/p>\n","titre":"CLE CABRIOLET","image":false,"image_libre":false,"image_800x500":false,"legende":"","zoom":false,"texte":"","articles":false,"categorie_droite":false,"images":false,"elements_comparatif":false,"texte_1":"","texte_2":"","image_1":false,"image_1_563x400":false,"image_1_332x332":false,"image_2":false,"image_2_333x240":false,"image_2_563x400":false,"image_3":false,"image_3_333x240":false,"image_3_332x450":false,"image_4":false,"image_4_332x332":false,"image_4_563x400":false,"code_embed":"","legende_video":"","photo":false,"photo_100x100":false,"nom":"","fonction":"","elements_timeline":false,"entetes_colonnes":false,"entetes_lignes":false,"lignes":false,"introduction":"","formulaire":false,"question":"","reponse":"","libelle_bouton_lien":"","url_lien":"","questions":false,"conclusions":false,"pays":false,"region":false,"marque":false,"marqueConcessions":false,"modele":false,"ptvente":false,"typeV":false,"collection":false,"nombre_maximum_elements":10,"lien_fin_carousel":"","texte_lien_fin_carousel":"","trier_par":false}],"is_old_post":false,"image":{"ID":49309,"id":49309,"title":"MB_CARS_VN_CLE_CABRIOLET_VISUEL_2","filename":"MB_CARS_VN_CLE_CABRIOLET_VISUEL_2.jpg","filesize":892166,"url":"https:\/\/cdn.bymycar.eu\/fr-webzine\/wp-content\/uploads\/medias\/MB_CARS_VN_CLE_CABRIOLET_VISUEL_2.jpg","link":"https:\/\/www.bymycar.fr\/webzine\/nouveau-cle-cabriolet-chez-mercedes-bymycar\/mb_cars_vn_cle_cabriolet_visuel_2\/","alt":"","author":"26","description":"","caption":"","name":"mb_cars_vn_cle_cabriolet_visuel_2","status":"inherit","uploaded_to":49302,"date":"2024-06-19 12:57:01","modified":"2024-06-19 12:57:01","menu_order":0,"mime_type":"image\/jpeg","type":"image","subtype":"jpeg","icon":"https:\/\/www.bymycar.fr\/webzine\/wp-includes\/images\/media\/default.png","width":1080,"height":1080,"sizes":{"thumbnail":"https:\/\/cdn.bymycar.eu\/fr-webzine\/wp-content\/uploads\/medias\/MB_CARS_VN_CLE_CABRIOLET_VISUEL_2-150x150.jpg","thumbnail-width":150,"thumbnail-height":150,"medium":"https:\/\/cdn.bymycar.eu\/fr-webzine\/wp-content\/uploads\/medias\/MB_CARS_VN_CLE_CABRIOLET_VISUEL_2-300x300.jpg","medium-width":300,"medium-height":300,"medium_large":"https:\/\/cdn.bymycar.eu\/fr-webzine\/wp-content\/uploads\/medias\/MB_CARS_VN_CLE_CABRIOLET_VISUEL_2-768x768.jpg","medium_large-width":768,"medium_large-height":768,"large":"https:\/\/cdn.bymycar.eu\/fr-webzine\/wp-content\/uploads\/medias\/MB_CARS_VN_CLE_CABRIOLET_VISUEL_2-1024x1024.jpg","large-width":1024,"large-height":1024,"1536x1536":"https:\/\/cdn.bymycar.eu\/fr-webzine\/wp-content\/uploads\/medias\/MB_CARS_VN_CLE_CABRIOLET_VISUEL_2.jpg","1536x1536-width":1080,"1536x1536-height":1080,"2048x2048":"https:\/\/cdn.bymycar.eu\/fr-webzine\/wp-content\/uploads\/medias\/MB_CARS_VN_CLE_CABRIOLET_VISUEL_2.jpg","2048x2048-width":1080,"2048x2048-height":1080}},"page_content":{"block_content":[{"acf_fc_layout":"text-image","--nav":{"-withNav":false,"-ancre":""},"--group":{"-image":{"ID":49305,"id":49305,"title":"MB_CARS_VN_CLE_CABRIOLET_VISUEL_17 (1)","filename":"MB_CARS_VN_CLE_CABRIOLET_VISUEL_17-1.jpg","filesize":766443,"url":"https:\/\/cdn.bymycar.eu\/fr-webzine\/wp-content\/uploads\/medias\/MB_CARS_VN_CLE_CABRIOLET_VISUEL_17-1.jpg","link":"https:\/\/www.bymycar.fr\/webzine\/nouveau-cle-cabriolet-chez-mercedes-bymycar\/mb_cars_vn_cle_cabriolet_visuel_17-1\/","alt":"","author":"26","description":"","caption":"","name":"mb_cars_vn_cle_cabriolet_visuel_17-1","status":"inherit","uploaded_to":49302,"date":"2024-06-19 12:56:50","modified":"2024-06-19 12:56:50","menu_order":0,"mime_type":"image\/jpeg","type":"image","subtype":"jpeg","icon":"https:\/\/www.bymycar.fr\/webzine\/wp-includes\/images\/media\/default.png","width":1080,"height":1080,"sizes":{"thumbnail":"https:\/\/cdn.bymycar.eu\/fr-webzine\/wp-content\/uploads\/medias\/MB_CARS_VN_CLE_CABRIOLET_VISUEL_17-1-150x150.jpg","thumbnail-width":150,"thumbnail-height":150,"medium":"https:\/\/cdn.bymycar.eu\/fr-webzine\/wp-content\/uploads\/medias\/MB_CARS_VN_CLE_CABRIOLET_VISUEL_17-1-300x300.jpg","medium-width":300,"medium-height":300,"medium_large":"https:\/\/cdn.bymycar.eu\/fr-webzine\/wp-content\/uploads\/medias\/MB_CARS_VN_CLE_CABRIOLET_VISUEL_17-1-768x768.jpg","medium_large-width":768,"medium_large-height":768,"large":"https:\/\/cdn.bymycar.eu\/fr-webzine\/wp-content\/uploads\/medias\/MB_CARS_VN_CLE_CABRIOLET_VISUEL_17-1-1024x1024.jpg","large-width":1024,"large-height":1024,"1536x1536":"https:\/\/cdn.bymycar.eu\/fr-webzine\/wp-content\/uploads\/medias\/MB_CARS_VN_CLE_CABRIOLET_VISUEL_17-1.jpg","1536x1536-width":1080,"1536x1536-height":1080,"2048x2048":"https:\/\/cdn.bymycar.eu\/fr-webzine\/wp-content\/uploads\/medias\/MB_CARS_VN_CLE_CABRIOLET_VISUEL_17-1.jpg","2048x2048-width":1080,"2048x2048-height":1080}},"-title":"","-text":"<p><span style=\"font-size: 14pt;\"><strong>Le cabriolet intelligent.<\/strong><\/span><\/p>\n<p>Avec son syst\u00e8me d&rsquo;info divertissement de derni\u00e8re g\u00e9n\u00e9ration, ses si\u00e8ges multi-contours uniques et son syst\u00e8me audio immersif.<\/p>\n<p>Une mosa\u00efque d\u2019\u00e9l\u00e9ments luxueux dans l&rsquo;habitacle conf\u00e8re au Nouveau CLE Cabriolet une image d&rsquo;ensemble haut de gamme au plus haut niveau. Des d\u00e9tails impressionnants, tels que le tableau de bord et les lignes de ceinture en imitation de cuir ARTICO \u00e0 l&rsquo;aspect nappa, les si\u00e8ges multicontour confortables ainsi que les univers sonores haut de gamme du syst\u00e8me de sonorisation surround Burmester 3D, garantissent une sensation de conduite tout \u00e0 fait unique, que la capote soit ouverte ou ferm\u00e9e.<\/p>\n<p>&nbsp;<\/p>\n<p>\u2666 Syst\u00e8me MBUX derni\u00e8re g\u00e9n\u00e9ration<\/p>\n<p>\u2666 Ecran central 11,9&Prime;<\/p>\n<p>\u2666 Syst\u00e8me de sonorisation Burnmester 3D<\/p>\n<p>&nbsp;<\/p>\n<p>Le Nouveau CLE Cabriolet saura vous s\u00e9duire dans les moindre d\u00e9tail.<\/p>\n"}},{"acf_fc_layout":"text-image","--nav":{"-withNav":false,"-ancre":""},"--group":{"-image":{"ID":49310,"id":49310,"title":"MB_CARS_VN_CLE_CABRIOLET_VISUEL_9","filename":"MB_CARS_VN_CLE_CABRIOLET_VISUEL_9.jpg","filesize":537705,"url":"https:\/\/cdn.bymycar.eu\/fr-webzine\/wp-content\/uploads\/medias\/MB_CARS_VN_CLE_CABRIOLET_VISUEL_9.jpg","link":"https:\/\/www.bymycar.fr\/webzine\/nouveau-cle-cabriolet-chez-mercedes-bymycar\/mb_cars_vn_cle_cabriolet_visuel_9\/","alt":"","author":"26","description":"","caption":"","name":"mb_cars_vn_cle_cabriolet_visuel_9","status":"inherit","uploaded_to":49302,"date":"2024-06-19 12:57:10","modified":"2024-06-19 12:57:10","menu_order":0,"mime_type":"image\/jpeg","type":"image","subtype":"jpeg","icon":"https:\/\/www.bymycar.fr\/webzine\/wp-includes\/images\/media\/default.png","width":1080,"height":1080,"sizes":{"thumbnail":"https:\/\/cdn.bymycar.eu\/fr-webzine\/wp-content\/uploads\/medias\/MB_CARS_VN_CLE_CABRIOLET_VISUEL_9-150x150.jpg","thumbnail-width":150,"thumbnail-height":150,"medium":"https:\/\/cdn.bymycar.eu\/fr-webzine\/wp-content\/uploads\/medias\/MB_CARS_VN_CLE_CABRIOLET_VISUEL_9-300x300.jpg","medium-width":300,"medium-height":300,"medium_large":"https:\/\/cdn.bymycar.eu\/fr-webzine\/wp-content\/uploads\/medias\/MB_CARS_VN_CLE_CABRIOLET_VISUEL_9-768x768.jpg","medium_large-width":768,"medium_large-height":768,"large":"https:\/\/cdn.bymycar.eu\/fr-webzine\/wp-content\/uploads\/medias\/MB_CARS_VN_CLE_CABRIOLET_VISUEL_9-1024x1024.jpg","large-width":1024,"large-height":1024,"1536x1536":"https:\/\/cdn.bymycar.eu\/fr-webzine\/wp-content\/uploads\/medias\/MB_CARS_VN_CLE_CABRIOLET_VISUEL_9.jpg","1536x1536-width":1080,"1536x1536-height":1080,"2048x2048":"https:\/\/cdn.bymycar.eu\/fr-webzine\/wp-content\/uploads\/medias\/MB_CARS_VN_CLE_CABRIOLET_VISUEL_9.jpg","2048x2048-width":1080,"2048x2048-height":1080}},"-title":"","-text":"<p><strong><span style=\"font-size: 14pt;\">Conduite \u00e0 ciel ouvert.<\/span><\/strong><\/p>\n<p>&nbsp;<\/p>\n<p>Le Nouveau CLE Cabriolet a \u00e9t\u00e9 pens\u00e9 pour ceux qui recherchent un sentiment de libert\u00e9. Avec ses \u00e9quipements haut de gamme, son nouvel \u00e9cran central au format port\u00e9 et son espace g\u00e9n\u00e9reux.<\/p>\n<p>D\u00e9couvrez une capote acoustique en tissu \u00e9l\u00e9gante. Le Nouveau CLE Cabriolet allie un design exclusif \u00e0 une conduite \u00e0 ciel ouvert.<\/p>\n<p>&nbsp;<\/p>\n<p>D\u00e9couvrez ce cabriolet d&rsquo;exception lors d&rsquo;un essai personnalis\u00e9.<\/p>\n<p>&nbsp;<\/p>\n<p>&nbsp;<\/p>\n<p>&nbsp;<\/p>\n<p>&nbsp;<\/p>\n"}},{"acf_fc_layout":"text-simple","--nav":{"-withNav":false,"-ancre":""},"--group":{"-text":"<p>R\u00e9servez votre essai chez Mercedes BYmyCAR via le formulaire.<\/p>\n<div class=\"wpcf7 no-js\" id=\"wpcf7-f49639-p49302-o3\" lang=\"fr-FR\" dir=\"ltr\" data-wpcf7-id=\"49639\">\n<div class=\"screen-reader-response\">\n<p role=\"status\" aria-live=\"polite\" aria-atomic=\"true\">\n<ul><\/ul>\n<\/div>\n<form action=\"\/webzine\/wp-admin\/index.php?page=transfert-data-post#wpcf7-f49639-p49302-o3\" method=\"post\" class=\"wpcf7-form init\" aria-label=\"Formulaire de contact\" novalidate=\"novalidate\" data-status=\"init\">\n<div style=\"display: none;\">\n<input type=\"hidden\" name=\"_wpcf7\" value=\"49639\" \/><br \/>\n<input type=\"hidden\" name=\"_wpcf7_version\" value=\"6.0.6\" \/><br \/>\n<input type=\"hidden\" name=\"_wpcf7_locale\" value=\"fr_FR\" \/><br \/>\n<input type=\"hidden\" name=\"_wpcf7_unit_tag\" value=\"wpcf7-f49639-p49302-o3\" \/><br \/>\n<input type=\"hidden\" name=\"_wpcf7_container_post\" value=\"49302\" \/><br \/>\n<input type=\"hidden\" name=\"_wpcf7_posted_data_hash\" value=\"\" \/><br \/>\n<input type=\"hidden\" name=\"_wpcf7_recaptcha_response\" value=\"\" \/>\n<\/div>\n<div class=\"flex flex-row flex-wrap -mx-4\">\n<div class=\"w-1\/2 flex flex-col gap-4 align-top px-4\">\n<p><label> Nom* <\/label><br \/>\n<span class=\"wpcf7-form-control-wrap\" data-name=\"Nom\"><input size=\"40\" maxlength=\"400\" class=\"wpcf7-form-control wpcf7-text wpcf7-validates-as-required\" aria-required=\"true\" aria-invalid=\"false\" value=\"\" type=\"text\" name=\"Nom\" \/><\/span><\/p>\n<p><label> Pr\u00e9nom* <\/label><br \/>\n<span class=\"wpcf7-form-control-wrap\" data-name=\"prenom\"><input size=\"40\" maxlength=\"400\" class=\"wpcf7-form-control wpcf7-text wpcf7-validates-as-required\" aria-required=\"true\" aria-invalid=\"false\" value=\"\" type=\"text\" name=\"prenom\" \/><\/span><\/p>\n<p><label> Email* <\/label><br \/>\n<span class=\"wpcf7-form-control-wrap\" data-name=\"email\"><input size=\"40\" maxlength=\"400\" class=\"wpcf7-form-control wpcf7-email wpcf7-validates-as-required wpcf7-text wpcf7-validates-as-email\" aria-required=\"true\" aria-invalid=\"false\" value=\"\" type=\"email\" name=\"email\" \/><\/span><\/p>\n<p><label> T\u00e9l\u00e9phone* <\/label><br \/>\n<span class=\"wpcf7-form-control-wrap\" data-name=\"telephone\"><input size=\"40\" maxlength=\"400\" class=\"wpcf7-form-control wpcf7-tel wpcf7-validates-as-required wpcf7-text wpcf7-validates-as-tel\" aria-required=\"true\" aria-invalid=\"false\" value=\"\" type=\"tel\" name=\"telephone\" \/><\/span><\/p>\n<\/div>\n<div class=\"w-1\/2 flex flex-col gap-4 align-top px-4\">\n<p><label> Choix de l&rsquo;offre* <\/label><br \/>\n<span class=\"wpcf7-form-control-wrap\" data-name=\"offre\"><select class=\"wpcf7-form-control wpcf7-select wpcf7-validates-as-required\" aria-required=\"true\" aria-invalid=\"false\" name=\"offre\"><option value=\"Nouveau CLE Cabriolet\">Nouveau CLE Cabriolet<\/option><option value=\"Autre mod\u00e8le Mercedes\">Autre mod\u00e8le Mercedes<\/option><\/select><\/span><\/p>\n<p><label> Choix de la concession* <\/label><br \/>\n<span class=\"wpcf7-form-control-wrap\" data-name=\"concession\"><select class=\"wpcf7-form-control wpcf7-select wpcf7-validates-as-required\" aria-required=\"true\" aria-invalid=\"false\" name=\"concession\"><option value=\"MERCEDES BYmyCAR Cannes\">MERCEDES BYmyCAR Cannes<\/option><option value=\"MERCEDES BYmyCAR Villeneuve Loubet\">MERCEDES BYmyCAR Villeneuve Loubet<\/option><option value=\"MERCEDES BYmyCAR Roquebrune S\/Argens\">MERCEDES BYmyCAR Roquebrune S\/Argens<\/option><option value=\"MERCEDES BYmyCAR Toulon - La Garde\">MERCEDES BYmyCAR Toulon &#8211; La Garde<\/option><\/select><\/span> <\/p>\n<p><label> Votre message <\/label><br \/>\n<span class=\"wpcf7-form-control-wrap\" data-name=\"Commentaireclient\"><textarea cols=\"40\" rows=\"5\" maxlength=\"2000\" class=\"wpcf7-form-control wpcf7-textarea\" aria-invalid=\"false\" name=\"Commentaireclient\"><\/textarea><\/span><\/p>\n<\/div>\n<p><span class=\"wpcf7-form-control-wrap\" data-name=\"optinemail\"><span class=\"wpcf7-form-control wpcf7-checkbox\"><span class=\"wpcf7-list-item first last\"><input type=\"checkbox\" name=\"optinemail[]\" value=\"J&#039;accepte de recevoir la lettre d&#039;information li\u00e9e au Groupe BYmyCAR\" \/><span class=\"wpcf7-list-item-label\">J&#039;accepte de recevoir la lettre d&#039;information li\u00e9e au Groupe BYmyCAR<\/span><\/span><\/span><\/span><\/p>\n<p><span class=\"wpcf7-form-control-wrap\" data-name=\"optinsms\"><span class=\"wpcf7-form-control wpcf7-checkbox\"><span class=\"wpcf7-list-item first last\"><input type=\"checkbox\" name=\"optinsms[]\" value=\"J&#039;accepte de recevoir des informations li\u00e9es au Groupe BYmyCAR par sms\" \/><span class=\"wpcf7-list-item-label\">J&#039;accepte de recevoir des informations li\u00e9es au Groupe BYmyCAR par sms<\/span><\/span><\/span><\/span><\/p>\n<p><span class=\"wpcf7-form-control-wrap\" data-name=\"optinappel\"><span class=\"wpcf7-form-control wpcf7-checkbox\"><span class=\"wpcf7-list-item first last\"><input type=\"checkbox\" name=\"optinappel[]\" value=\"J&#039;accepte de recevoir des informations li\u00e9es au Groupe BYmyCAR par appel\" \/><span class=\"wpcf7-list-item-label\">J&#039;accepte de recevoir des informations li\u00e9es au Groupe BYmyCAR par appel<\/span><\/span><\/span><\/span><\/p>\n<div class=\"w-full flex flex-col items-center gap-y-2 text-center mt-4\"><input class=\"wpcf7-form-control wpcf7-submit has-spinner\" type=\"submit\" value=\"Envoyer\" \/><\/div>\n<\/div>\n<div class=\"wpcf7-response-output\" aria-hidden=\"true\"><\/div>\n<\/form>\n<\/div>\n<p>&nbsp;<\/p>\n<p>&nbsp;<\/p>\n<p><b>Pour les trajets courts, privil\u00e9giez la marche ou le v\u00e9lo. Au quotidien, prenez les transports en commun. Pensez \u00e0 covoiturer.<br \/>\n#SeD\u00e9placerMoinsPollue<\/b><\/p>\n"}}]},"add-carousel-to-footer":true},"yoast_head":"<!-- This site is optimized with the Yoast SEO Premium plugin v26.4 (Yoast SEO v26.4) - https:\/\/yoast.com\/wordpress\/plugins\/seo\/ -->\n<title>Nouveau CLE Cabriolet chez Mercedes BYmyCAR !<\/title>\n<meta name=\"robots\" content=\"index, follow, max-snippet:-1, max-image-preview:large, max-video-preview:-1\" \/>\n<link rel=\"canonical\" href=\"https:\/\/www.bymycar.fr\/webzine\/nouveau-cle-cabriolet-chez-mercedes-bymycar\/\" \/>\n<meta property=\"og:locale\" content=\"fr_FR\" \/>\n<meta property=\"og:type\" content=\"article\" \/>\n<meta property=\"og:title\" content=\"Nouveau CLE Cabriolet chez Mercedes BYmyCAR !\" \/>\n<meta property=\"og:url\" content=\"https:\/\/www.bymycar.fr\/webzine\/nouveau-cle-cabriolet-chez-mercedes-bymycar\/\" \/>\n<meta property=\"og:site_name\" content=\"Webzine auto BYmyCAR\" \/>\n<meta property=\"article:published_time\" content=\"2024-06-19T13:11:17+00:00\" \/>\n<meta property=\"article:modified_time\" content=\"2024-07-03T10:08:18+00:00\" \/>\n<meta property=\"og:image\" content=\"https:\/\/cdn.bymycar.eu\/fr-webzine\/wp-content\/uploads\/medias\/MB_CARS_VN_CLE_CABRIOLET_VISUEL_2.jpg\" \/>\n\t<meta property=\"og:image:width\" content=\"1080\" \/>\n\t<meta property=\"og:image:height\" content=\"1080\" \/>\n\t<meta property=\"og:image:type\" content=\"image\/jpeg\" \/>\n<meta name=\"author\" content=\"Romane Bachi\" \/>\n<meta name=\"twitter:card\" content=\"summary_large_image\" \/>\n<meta name=\"twitter:label1\" content=\"\u00c9crit par\" \/>\n\t<meta name=\"twitter:data1\" content=\"Romane Bachi\" \/>\n<script type=\"application\/ld+json\" class=\"yoast-schema-graph\">{\"@context\":\"https:\/\/schema.org\",\"@graph\":[{\"@type\":\"Article\",\"@id\":\"https:\/\/www.bymycar.fr\/webzine\/nouveau-cle-cabriolet-chez-mercedes-bymycar\/#article\",\"isPartOf\":{\"@id\":\"https:\/\/www.bymycar.fr\/webzine\/nouveau-cle-cabriolet-chez-mercedes-bymycar\/\"},\"author\":{\"name\":\"Romane Bachi\",\"@id\":\"https:\/\/www.bymycar.fr\/webzine\/#\/schema\/person\/431493796d18cf15420e51b4412ad259\"},\"headline\":\"Nouveau CLE Cabriolet chez Mercedes BYmyCAR !\",\"datePublished\":\"2024-06-19T13:11:17+00:00\",\"dateModified\":\"2024-07-03T10:08:18+00:00\",\"mainEntityOfPage\":{\"@id\":\"https:\/\/www.bymycar.fr\/webzine\/nouveau-cle-cabriolet-chez-mercedes-bymycar\/\"},\"wordCount\":6,\"publisher\":{\"@id\":\"https:\/\/www.bymycar.fr\/webzine\/#organization\"},\"image\":{\"@id\":\"https:\/\/www.bymycar.fr\/webzine\/nouveau-cle-cabriolet-chez-mercedes-bymycar\/#primaryimage\"},\"thumbnailUrl\":\"https:\/\/cdn.bymycar.eu\/fr-webzine\/wp-content\/uploads\/medias\/MB_CARS_VN_CLE_CABRIOLET_VISUEL_2.jpg\",\"articleSection\":[\"Actualit\u00e9s des concessions\",\"Mercedes\"],\"inLanguage\":\"fr-FR\"},{\"@type\":\"WebPage\",\"@id\":\"https:\/\/www.bymycar.fr\/webzine\/nouveau-cle-cabriolet-chez-mercedes-bymycar\/\",\"url\":\"https:\/\/www.bymycar.fr\/webzine\/nouveau-cle-cabriolet-chez-mercedes-bymycar\/\",\"name\":\"Nouveau CLE Cabriolet chez Mercedes BYmyCAR !\",\"isPartOf\":{\"@id\":\"https:\/\/www.bymycar.fr\/webzine\/#website\"},\"primaryImageOfPage\":{\"@id\":\"https:\/\/www.bymycar.fr\/webzine\/nouveau-cle-cabriolet-chez-mercedes-bymycar\/#primaryimage\"},\"image\":{\"@id\":\"https:\/\/www.bymycar.fr\/webzine\/nouveau-cle-cabriolet-chez-mercedes-bymycar\/#primaryimage\"},\"thumbnailUrl\":\"https:\/\/cdn.bymycar.eu\/fr-webzine\/wp-content\/uploads\/medias\/MB_CARS_VN_CLE_CABRIOLET_VISUEL_2.jpg\",\"datePublished\":\"2024-06-19T13:11:17+00:00\",\"dateModified\":\"2024-07-03T10:08:18+00:00\",\"breadcrumb\":{\"@id\":\"https:\/\/www.bymycar.fr\/webzine\/nouveau-cle-cabriolet-chez-mercedes-bymycar\/#breadcrumb\"},\"inLanguage\":\"fr-FR\",\"potentialAction\":[{\"@type\":\"ReadAction\",\"target\":[\"https:\/\/www.bymycar.fr\/webzine\/nouveau-cle-cabriolet-chez-mercedes-bymycar\/\"]}]},{\"@type\":\"ImageObject\",\"inLanguage\":\"fr-FR\",\"@id\":\"https:\/\/www.bymycar.fr\/webzine\/nouveau-cle-cabriolet-chez-mercedes-bymycar\/#primaryimage\",\"url\":\"https:\/\/cdn.bymycar.eu\/fr-webzine\/wp-content\/uploads\/medias\/MB_CARS_VN_CLE_CABRIOLET_VISUEL_2.jpg\",\"contentUrl\":\"https:\/\/cdn.bymycar.eu\/fr-webzine\/wp-content\/uploads\/medias\/MB_CARS_VN_CLE_CABRIOLET_VISUEL_2.jpg\",\"width\":1080,\"height\":1080},{\"@type\":\"BreadcrumbList\",\"@id\":\"https:\/\/www.bymycar.fr\/webzine\/nouveau-cle-cabriolet-chez-mercedes-bymycar\/#breadcrumb\",\"itemListElement\":[{\"@type\":\"ListItem\",\"position\":1,\"name\":\"Accueil\",\"item\":\"https:\/\/www.bymycar.fr\/webzine\/\"},{\"@type\":\"ListItem\",\"position\":2,\"name\":\"Nouveau CLE Cabriolet chez Mercedes BYmyCAR !\"}]},{\"@type\":\"WebSite\",\"@id\":\"https:\/\/www.bymycar.fr\/webzine\/#website\",\"url\":\"https:\/\/www.bymycar.fr\/webzine\/\",\"name\":\"Webzine auto BYmyCAR\",\"description\":\"La magazine auto de BYmyCAR\",\"publisher\":{\"@id\":\"https:\/\/www.bymycar.fr\/webzine\/#organization\"},\"potentialAction\":[{\"@type\":\"SearchAction\",\"target\":{\"@type\":\"EntryPoint\",\"urlTemplate\":\"https:\/\/www.bymycar.fr\/webzine\/?s={search_term_string}\"},\"query-input\":{\"@type\":\"PropertyValueSpecification\",\"valueRequired\":true,\"valueName\":\"search_term_string\"}}],\"inLanguage\":\"fr-FR\"},{\"@type\":\"Organization\",\"@id\":\"https:\/\/www.bymycar.fr\/webzine\/#organization\",\"name\":\"BYmyCAR\",\"url\":\"https:\/\/www.bymycar.fr\/webzine\/\",\"logo\":{\"@type\":\"ImageObject\",\"inLanguage\":\"fr-FR\",\"@id\":\"https:\/\/www.bymycar.fr\/webzine\/#\/schema\/logo\/image\/\",\"url\":\"https:\/\/cdn.bymycar.eu\/fr-webzine\/wp-content\/uploads\/medias\/2017\/08\/logo_DEALER_00000406_001.png\",\"contentUrl\":\"https:\/\/cdn.bymycar.eu\/fr-webzine\/wp-content\/uploads\/medias\/2017\/08\/logo_DEALER_00000406_001.png\",\"width\":2132,\"height\":720,\"caption\":\"BYmyCAR\"},\"image\":{\"@id\":\"https:\/\/www.bymycar.fr\/webzine\/#\/schema\/logo\/image\/\"}},{\"@type\":\"Person\",\"@id\":\"https:\/\/www.bymycar.fr\/webzine\/#\/schema\/person\/431493796d18cf15420e51b4412ad259\",\"name\":\"Romane Bachi\",\"image\":{\"@type\":\"ImageObject\",\"inLanguage\":\"fr-FR\",\"@id\":\"https:\/\/www.bymycar.fr\/webzine\/#\/schema\/person\/image\/\",\"url\":\"https:\/\/secure.gravatar.com\/avatar\/e51d4400a8d88b09c857e48b529b085dd7d56a15328b4305e818ea03c1e3843a?s=96&d=mm&r=g\",\"contentUrl\":\"https:\/\/secure.gravatar.com\/avatar\/e51d4400a8d88b09c857e48b529b085dd7d56a15328b4305e818ea03c1e3843a?s=96&d=mm&r=g\",\"caption\":\"Romane Bachi\"}}]}<\/script>\n<!-- \/ Yoast SEO Premium plugin. -->","yoast_head_json":{"title":"Nouveau CLE Cabriolet chez Mercedes BYmyCAR !","robots":{"index":"index","follow":"follow","max-snippet":"max-snippet:-1","max-image-preview":"max-image-preview:large","max-video-preview":"max-video-preview:-1"},"canonical":"https:\/\/www.bymycar.fr\/webzine\/nouveau-cle-cabriolet-chez-mercedes-bymycar\/","og_locale":"fr_FR","og_type":"article","og_title":"Nouveau CLE Cabriolet chez Mercedes BYmyCAR !","og_url":"https:\/\/www.bymycar.fr\/webzine\/nouveau-cle-cabriolet-chez-mercedes-bymycar\/","og_site_name":"Webzine auto BYmyCAR","article_published_time":"2024-06-19T13:11:17+00:00","article_modified_time":"2024-07-03T10:08:18+00:00","og_image":[{"width":1080,"height":1080,"url":"https:\/\/cdn.bymycar.eu\/fr-webzine\/wp-content\/uploads\/medias\/MB_CARS_VN_CLE_CABRIOLET_VISUEL_2.jpg","type":"image\/jpeg"}],"author":"Romane Bachi","twitter_card":"summary_large_image","twitter_misc":{"\u00c9crit par":"Romane Bachi"},"schema":{"@context":"https:\/\/schema.org","@graph":[{"@type":"Article","@id":"https:\/\/www.bymycar.fr\/webzine\/nouveau-cle-cabriolet-chez-mercedes-bymycar\/#article","isPartOf":{"@id":"https:\/\/www.bymycar.fr\/webzine\/nouveau-cle-cabriolet-chez-mercedes-bymycar\/"},"author":{"name":"Romane Bachi","@id":"https:\/\/www.bymycar.fr\/webzine\/#\/schema\/person\/431493796d18cf15420e51b4412ad259"},"headline":"Nouveau CLE Cabriolet chez Mercedes BYmyCAR !","datePublished":"2024-06-19T13:11:17+00:00","dateModified":"2024-07-03T10:08:18+00:00","mainEntityOfPage":{"@id":"https:\/\/www.bymycar.fr\/webzine\/nouveau-cle-cabriolet-chez-mercedes-bymycar\/"},"wordCount":6,"publisher":{"@id":"https:\/\/www.bymycar.fr\/webzine\/#organization"},"image":{"@id":"https:\/\/www.bymycar.fr\/webzine\/nouveau-cle-cabriolet-chez-mercedes-bymycar\/#primaryimage"},"thumbnailUrl":"https:\/\/cdn.bymycar.eu\/fr-webzine\/wp-content\/uploads\/medias\/MB_CARS_VN_CLE_CABRIOLET_VISUEL_2.jpg","articleSection":["Actualit\u00e9s des concessions","Mercedes"],"inLanguage":"fr-FR"},{"@type":"WebPage","@id":"https:\/\/www.bymycar.fr\/webzine\/nouveau-cle-cabriolet-chez-mercedes-bymycar\/","url":"https:\/\/www.bymycar.fr\/webzine\/nouveau-cle-cabriolet-chez-mercedes-bymycar\/","name":"Nouveau CLE Cabriolet chez Mercedes BYmyCAR !","isPartOf":{"@id":"https:\/\/www.bymycar.fr\/webzine\/#website"},"primaryImageOfPage":{"@id":"https:\/\/www.bymycar.fr\/webzine\/nouveau-cle-cabriolet-chez-mercedes-bymycar\/#primaryimage"},"image":{"@id":"https:\/\/www.bymycar.fr\/webzine\/nouveau-cle-cabriolet-chez-mercedes-bymycar\/#primaryimage"},"thumbnailUrl":"https:\/\/cdn.bymycar.eu\/fr-webzine\/wp-content\/uploads\/medias\/MB_CARS_VN_CLE_CABRIOLET_VISUEL_2.jpg","datePublished":"2024-06-19T13:11:17+00:00","dateModified":"2024-07-03T10:08:18+00:00","breadcrumb":{"@id":"https:\/\/www.bymycar.fr\/webzine\/nouveau-cle-cabriolet-chez-mercedes-bymycar\/#breadcrumb"},"inLanguage":"fr-FR","potentialAction":[{"@type":"ReadAction","target":["https:\/\/www.bymycar.fr\/webzine\/nouveau-cle-cabriolet-chez-mercedes-bymycar\/"]}]},{"@type":"ImageObject","inLanguage":"fr-FR","@id":"https:\/\/www.bymycar.fr\/webzine\/nouveau-cle-cabriolet-chez-mercedes-bymycar\/#primaryimage","url":"https:\/\/cdn.bymycar.eu\/fr-webzine\/wp-content\/uploads\/medias\/MB_CARS_VN_CLE_CABRIOLET_VISUEL_2.jpg","contentUrl":"https:\/\/cdn.bymycar.eu\/fr-webzine\/wp-content\/uploads\/medias\/MB_CARS_VN_CLE_CABRIOLET_VISUEL_2.jpg","width":1080,"height":1080},{"@type":"BreadcrumbList","@id":"https:\/\/www.bymycar.fr\/webzine\/nouveau-cle-cabriolet-chez-mercedes-bymycar\/#breadcrumb","itemListElement":[{"@type":"ListItem","position":1,"name":"Accueil","item":"https:\/\/www.bymycar.fr\/webzine\/"},{"@type":"ListItem","position":2,"name":"Nouveau CLE Cabriolet chez Mercedes BYmyCAR !"}]},{"@type":"WebSite","@id":"https:\/\/www.bymycar.fr\/webzine\/#website","url":"https:\/\/www.bymycar.fr\/webzine\/","name":"Webzine auto BYmyCAR","description":"La magazine auto de BYmyCAR","publisher":{"@id":"https:\/\/www.bymycar.fr\/webzine\/#organization"},"potentialAction":[{"@type":"SearchAction","target":{"@type":"EntryPoint","urlTemplate":"https:\/\/www.bymycar.fr\/webzine\/?s={search_term_string}"},"query-input":{"@type":"PropertyValueSpecification","valueRequired":true,"valueName":"search_term_string"}}],"inLanguage":"fr-FR"},{"@type":"Organization","@id":"https:\/\/www.bymycar.fr\/webzine\/#organization","name":"BYmyCAR","url":"https:\/\/www.bymycar.fr\/webzine\/","logo":{"@type":"ImageObject","inLanguage":"fr-FR","@id":"https:\/\/www.bymycar.fr\/webzine\/#\/schema\/logo\/image\/","url":"https:\/\/cdn.bymycar.eu\/fr-webzine\/wp-content\/uploads\/medias\/2017\/08\/logo_DEALER_00000406_001.png","contentUrl":"https:\/\/cdn.bymycar.eu\/fr-webzine\/wp-content\/uploads\/medias\/2017\/08\/logo_DEALER_00000406_001.png","width":2132,"height":720,"caption":"BYmyCAR"},"image":{"@id":"https:\/\/www.bymycar.fr\/webzine\/#\/schema\/logo\/image\/"}},{"@type":"Person","@id":"https:\/\/www.bymycar.fr\/webzine\/#\/schema\/person\/431493796d18cf15420e51b4412ad259","name":"Romane Bachi","image":{"@type":"ImageObject","inLanguage":"fr-FR","@id":"https:\/\/www.bymycar.fr\/webzine\/#\/schema\/person\/image\/","url":"https:\/\/secure.gravatar.com\/avatar\/e51d4400a8d88b09c857e48b529b085dd7d56a15328b4305e818ea03c1e3843a?s=96&d=mm&r=g","contentUrl":"https:\/\/secure.gravatar.com\/avatar\/e51d4400a8d88b09c857e48b529b085dd7d56a15328b4305e818ea03c1e3843a?s=96&d=mm&r=g","caption":"Romane Bachi"}}]}},"_links":{"self":[{"href":"https:\/\/www.bymycar.fr\/webzine\/wp-json\/wp\/v2\/posts\/49302","targetHints":{"allow":["GET"]}}],"collection":[{"href":"https:\/\/www.bymycar.fr\/webzine\/wp-json\/wp\/v2\/posts"}],"about":[{"href":"https:\/\/www.bymycar.fr\/webzine\/wp-json\/wp\/v2\/types\/post"}],"author":[{"embeddable":true,"href":"https:\/\/www.bymycar.fr\/webzine\/wp-json\/wp\/v2\/users\/26"}],"replies":[{"embeddable":true,"href":"https:\/\/www.bymycar.fr\/webzine\/wp-json\/wp\/v2\/comments?post=49302"}],"version-history":[{"count":5,"href":"https:\/\/www.bymycar.fr\/webzine\/wp-json\/wp\/v2\/posts\/49302\/revisions"}],"predecessor-version":[{"id":49641,"href":"https:\/\/www.bymycar.fr\/webzine\/wp-json\/wp\/v2\/posts\/49302\/revisions\/49641"}],"wp:featuredmedia":[{"embeddable":true,"href":"https:\/\/www.bymycar.fr\/webzine\/wp-json\/wp\/v2\/media\/49309"}],"wp:attachment":[{"href":"https:\/\/www.bymycar.fr\/webzine\/wp-json\/wp\/v2\/media?parent=49302"}],"wp:term":[{"taxonomy":"category","embeddable":true,"href":"https:\/\/www.bymycar.fr\/webzine\/wp-json\/wp\/v2\/categories?post=49302"},{"taxonomy":"post_tag","embeddable":true,"href":"https:\/\/www.bymycar.fr\/webzine\/wp-json\/wp\/v2\/tags?post=49302"}],"curies":[{"name":"wp","href":"https:\/\/api.w.org\/{rel}","templated":true}]}}