{"id":44978,"date":"2024-02-09T16:46:58","date_gmt":"2024-02-09T15:46:58","guid":{"rendered":"https:\/\/prod.bymycar.fr\/webzine\/?p=44978"},"modified":"2026-04-13T17:47:39","modified_gmt":"2026-04-13T15:47:39","slug":"ou-est-fabrique-le-fiat-talento","status":"publish","type":"post","link":"https:\/\/www.bymycar.fr\/webzine\/ou-est-fabrique-le-fiat-talento\/","title":{"rendered":"O\u00f9 est fabriqu\u00e9 le Fiat Talento ?"},"content":{"rendered":"","protected":false},"excerpt":{"rendered":"","protected":false},"author":88,"featured_media":43273,"comment_status":"closed","ping_status":"open","sticky":false,"template":"","format":"standard","meta":{"_acf_changed":false,"footnotes":""},"categories":[13013],"tags":[],"class_list":["post-44978","post","type-post","status-publish","format-standard","has-post-thumbnail","hentry","category-guide-dachat-fiat-talento"],"acf":{"template":"classique","introduction":"<p style=\"text-align: justify;\"><strong>Fabriqu\u00e9 de 1989 \u00e0 1994 pour la 1\u02b3\u1d49 g\u00e9n\u00e9ration, puis de 2016 \u00e0 2020, pour la 2de, le <a href=\"https:\/\/www.bymycar.fr\/marques\/fiat\/talento\">Fiat Talento <\/a>est d&rsquo;abord destin\u00e9 \u00e0 succ\u00e9der au Fiat Ducato, puis \u00e0 remplacer le Scudo.<\/strong><\/p>\n<p>&nbsp;<\/p>\n<p style=\"text-align: center;\"><a href=\"https:\/\/www.bymycar.fr\/v\/fiat-talento\"  class=\"css-button css-button--gold\" >\n                Voir notre mod\u00e8le\n        <\/a><\/p>\n","strates":[{"type_strate":"texte-simple","ancre":"","contenu":"<h2 style=\"text-align: justify;\"><strong>Fiat Talento : avis et fiche technique<br \/>\n<\/strong><\/h2>\n<p style=\"text-align: justify;\"><strong>\u00a0<\/strong><\/p>\n<h3 style=\"text-align: justify;\"><strong>Quelques caract\u00e9ristiques techniques du successeur du Scudo<br \/>\n<\/strong><\/h3>\n<p style=\"text-align: justify;\"><strong>\u00a0<\/strong><\/p>\n<p style=\"text-align: justify;\">Qu&rsquo;il s&rsquo;agisse du mod\u00e8le camionnette ou fourgonnette, le Fiat Talento dispose d&rsquo;une capacit\u00e9 de chargement de 4,2 m\u00b3 et peut supporter jusqu\u2019\u00e0 1200 kg.<\/p>\n<p style=\"text-align: justify;\">B\u00e9n\u00e9ficiant d&rsquo;une puissance fiscale comprise entre 5 CV et 7 CV, en fonction du mod\u00e8le, l&rsquo;utilitaire peut \u00eatre \u00e9quip\u00e9 d&rsquo;une transmission manuelle ou d&rsquo;une bo\u00eete automatique. Dot\u00e9 d&rsquo;un design moderne et de finitions de qualit\u00e9, le Fiat Talento dispose \u00e9galement de nombreux \u00e9quipements de s\u00e9curit\u00e9 et de confort favorisant une conduite agr\u00e9able.<\/p>\n<p>&nbsp;<\/p>\n<p style=\"text-align: justify;\">\n<h3 style=\"text-align: justify;\"><strong>Quel moteur dans le Fiat Talento ?<\/strong><\/h3>\n<p>&nbsp;<\/p>\n<p style=\"text-align: justify;\">\n<p style=\"text-align: justify;\">Le fourgon Fiat Talento peut \u00eatre \u00e9quip\u00e9\u00a0 :<\/p>\n<ul style=\"text-align: justify;\">\n<li>d&rsquo;un moteur Multijet de 95 ch (70 kW) \u00e0 3500 t\/min<\/li>\n<li>d&rsquo;un moteur Multijet de 120 ch (89 kW) \u00e0 3500 t\/min<\/li>\n<li>d&rsquo;un moteur Ecojet de 145 ch DCT (107 kW) \u00e0 3500 t\/min<\/li>\n<li>d&rsquo;un moteur 170 ch DCT (125 KW) \u00e0 3500 t\/min<\/li>\n<\/ul>\n<p style=\"text-align: justify;\">\n<p>&nbsp;<\/p>\n<h2 style=\"text-align: justify;\"><strong>Un utilitaire performant r\u00e9pondant aux besoins des particuliers et professionnels<br \/>\n<\/strong><\/h2>\n<p style=\"text-align: justify;\"><strong>\u00a0<\/strong><\/p>\n<h3 style=\"text-align: justify;\"><strong>Un fourgon italien fabriqu\u00e9 en France pendant 4 ans<br \/>\n<\/strong><\/h3>\n<p style=\"text-align: justify;\"><strong>\u00a0<\/strong><\/p>\n<p style=\"text-align: justify;\">Le\u00a0<strong><a href=\"https:\/\/www.bymycar.fr\/marques\/fiat\/talento\">Fiat Talento<\/a> est un v\u00e9hicule utilitaire<\/strong> con\u00e7u par le constructeur italien <a href=\"https:\/\/www.bymycar.fr\/marques\/fiat\">Fiat<\/a>. Il a \u00e9t\u00e9 fabriqu\u00e9 en France d\u00e8s 2016, dans l&rsquo;usine Renault de Sandouville, \u00e0 partir de la<strong> plateforme du Trafic<\/strong>.<em><br \/>\n<\/em><\/p>\n<p style=\"text-align: justify;\">Sp\u00e9cialement con\u00e7u pour les professionnels et les particuliers transportant r\u00e9guli\u00e8rement des objets lourds ou volumineux, l&rsquo;utilitaire se d\u00e9cline en<strong> diff\u00e9rents mod\u00e8les<\/strong> essence et diesel, et propose aussi une version \u00e9lectrique (Talento Electric).<\/p>\n<p style=\"text-align: justify;\">\n<p>&nbsp;<\/p>\n<h3 style=\"text-align: justify;\"><strong>Un arr\u00eat de la production pr\u00e9matur\u00e9<\/strong><\/h3>\n<p style=\"text-align: justify;\"><strong>\u00a0<\/strong><\/p>\n<p style=\"text-align: justify;\">Apr\u00e8s avoir sorti plus de 26 000 mod\u00e8les de cette Fiat, l&rsquo;usine Renault a cess\u00e9 la production en octobre 2020, suite \u00e0 l&rsquo;annonce de\u00a0<strong>Clotilde Delbo <\/strong>concernant l&rsquo;arr\u00eat de la collaboration avec le site de production. La <strong>directrice financi\u00e8re du groupe Renault <\/strong>a, par ailleurs, pr\u00e9cis\u00e9 que le constructeur automobile fran\u00e7ais souhaitait mettre un terme \u00e0 son\u00a0<strong>contrat de production avec Fiat<\/strong> pour se concentrer sur de <strong>nouveaux contrats<\/strong>.<\/p>\n<p style=\"text-align: justify;\">\n<p>&nbsp;<\/p>\n<h2 style=\"text-align: justify;\">Fiat Talento 2023<\/h2>\n<p style=\"text-align: justify;\">\n<p>&nbsp;<\/p>\n<h3 style=\"text-align: justify;\"><strong>De nombreux mod\u00e8les sur le march\u00e9 de l&rsquo;occasion<\/strong><\/h3>\n<p style=\"text-align: justify;\">\n<p>&nbsp;<\/p>\n<p style=\"text-align: justify;\">Bien que l&rsquo;arr\u00eat de la production du Fiat Talento soit d\u00e9finitif, il reste beaucoup de mod\u00e8les en circulation sur le march\u00e9 de l&rsquo;occasion. Il faut dire que la deuxi\u00e8me g\u00e9n\u00e9ration de l&rsquo;utilitaire dispose d&rsquo;\u00e9quipements r\u00e9pondant aux normes \u00e9cologiques en vigueur en mati\u00e8re d&rsquo;\u00e9mission de CO\u2082 et que ses \u00e9quipements int\u00e9rieurs et sa technologie (Radio Bluetooth<sup>\u00ae<\/sup> New Generation,\u00a0 Touch Radio-NAV avec \u00e9cran tactile, par exemple) s\u00e9duisent toujours autant les amateurs du genre.<\/p>\n<p style=\"text-align: justify;\">\n<p>&nbsp;<\/p>\n<h3 style=\"text-align: justify;\"><strong>Prix du Fiat Talento en 2023<\/strong><\/h3>\n<p style=\"text-align: justify;\">\n<p>&nbsp;<\/p>\n<p style=\"text-align: justify;\">Les prix du<strong> Fiat Talento<\/strong> en 2023 varient en fonction de l&rsquo;\u00e9tat g\u00e9n\u00e9ral du v\u00e9hicule, du nombre de kilom\u00e8tres au compteur, du nombre de places, du type de moteur (essence ou diesel) du type de bo\u00eete de vitesses et de la configuration du v\u00e9hicule. \u00c0 titre d&rsquo;exemple, une Fiat Talento bo\u00eete manuelle, moteur diesel, affichant aux alentours de 40 000 kilom\u00e8tres, se vend un peu moins de 20 000 \u20ac.<\/p>\n<p style=\"text-align: justify;\">Notez \u00e9galement que le prix de vente sera l\u00e9g\u00e8rement plus \u00e9lev\u00e9 si le v\u00e9hicule dispose de certaines options avanc\u00e9es telles qu&rsquo;une peinture originale, une cl\u00e9 sans contact, un limiteur de vitesse 110 km\/h et 130 km\/h, ou encore des airbags rideaux et lat\u00e9raux.<\/p>\n<p>&nbsp;<\/p>\n<p style=\"text-align: center;\"><a href=\"https:\/\/www.bymycar.fr\/v\/fiat-talento\"  class=\"css-button css-button--gold\" >\n                Voir notre mod\u00e8le\n        <\/a><\/p>\n","titre":"Fiat Talento","image":false,"image_libre":false,"image_800x500":false,"legende":"","zoom":false,"texte":"","articles":false,"categorie_droite":false,"images":false,"elements_comparatif":false,"texte_1":"","texte_2":"","image_1":false,"image_1_563x400":false,"image_1_332x332":false,"image_2":false,"image_2_333x240":false,"image_2_563x400":false,"image_3":false,"image_3_333x240":false,"image_3_332x450":false,"image_4":false,"image_4_332x332":false,"image_4_563x400":false,"code_embed":"","legende_video":"","photo":false,"photo_100x100":false,"nom":"","fonction":"","elements_timeline":false,"entetes_colonnes":false,"entetes_lignes":false,"lignes":false,"introduction":"","formulaire":false,"question":"","reponse":"","libelle_bouton_lien":"","url_lien":"","questions":false,"conclusions":false,"pays":false,"region":false,"marque":false,"marqueConcessions":false,"modele":false,"ptvente":false,"typeV":false,"collection":false,"nombre_maximum_elements":10,"lien_fin_carousel":"","texte_lien_fin_carousel":"","trier_par":false}],"is_old_post":false,"image":{"ID":43273,"id":43273,"title":"d923eaf832a418ef6b89b28b0c39ee60c56cc934","filename":"d923eaf832a418ef6b89b28b0c39ee60c56cc934.jpeg","filesize":96283,"url":"https:\/\/cdn.bymycar.eu\/fr-webzine\/wp-content\/uploads\/medias\/d923eaf832a418ef6b89b28b0c39ee60c56cc934.jpeg","link":"https:\/\/www.bymycar.fr\/webzine\/quel-est-le-prix-dun-fiat-doblo\/d923eaf832a418ef6b89b28b0c39ee60c56cc934\/","alt":"Fiat Talento","author":"88","description":"","caption":"","name":"d923eaf832a418ef6b89b28b0c39ee60c56cc934","status":"inherit","uploaded_to":43272,"date":"2023-10-25 15:11:28","modified":"2024-02-09 15:42:51","menu_order":0,"mime_type":"image\/jpeg","type":"image","subtype":"jpeg","icon":"https:\/\/www.bymycar.fr\/webzine\/wp-includes\/images\/media\/default.png","width":1170,"height":740,"sizes":{"thumbnail":"https:\/\/cdn.bymycar.eu\/fr-webzine\/wp-content\/uploads\/medias\/d923eaf832a418ef6b89b28b0c39ee60c56cc934-150x150.jpeg","thumbnail-width":150,"thumbnail-height":150,"medium":"https:\/\/cdn.bymycar.eu\/fr-webzine\/wp-content\/uploads\/medias\/d923eaf832a418ef6b89b28b0c39ee60c56cc934-300x190.jpeg","medium-width":300,"medium-height":190,"medium_large":"https:\/\/cdn.bymycar.eu\/fr-webzine\/wp-content\/uploads\/medias\/d923eaf832a418ef6b89b28b0c39ee60c56cc934-768x486.jpeg","medium_large-width":768,"medium_large-height":486,"large":"https:\/\/cdn.bymycar.eu\/fr-webzine\/wp-content\/uploads\/medias\/d923eaf832a418ef6b89b28b0c39ee60c56cc934-1024x648.jpeg","large-width":1024,"large-height":648,"1536x1536":"https:\/\/cdn.bymycar.eu\/fr-webzine\/wp-content\/uploads\/medias\/d923eaf832a418ef6b89b28b0c39ee60c56cc934.jpeg","1536x1536-width":1170,"1536x1536-height":740,"2048x2048":"https:\/\/cdn.bymycar.eu\/fr-webzine\/wp-content\/uploads\/medias\/d923eaf832a418ef6b89b28b0c39ee60c56cc934.jpeg","2048x2048-width":1170,"2048x2048-height":740}},"page_content":{"block_content":[{"acf_fc_layout":"text-simple","--nav":{"-withNav":false,"-ancre":""},"--group":{"-text":"<h2 style=\"text-align: justify;\"><strong>Fiat Talento : avis et fiche technique<br \/>\n<\/strong><\/h2>\n<p style=\"text-align: justify;\"><strong>\u00a0<\/strong><\/p>\n<h3 style=\"text-align: justify;\"><strong>Quelques caract\u00e9ristiques techniques du successeur du Scudo<br \/>\n<\/strong><\/h3>\n<p style=\"text-align: justify;\"><strong>\u00a0<\/strong><\/p>\n<p style=\"text-align: justify;\">Qu&rsquo;il s&rsquo;agisse du mod\u00e8le camionnette ou fourgonnette, le Fiat Talento dispose d&rsquo;une capacit\u00e9 de chargement de 4,2 m\u00b3 et peut supporter jusqu\u2019\u00e0 1200 kg.<\/p>\n<p style=\"text-align: justify;\">B\u00e9n\u00e9ficiant d&rsquo;une puissance fiscale comprise entre 5 CV et 7 CV, en fonction du mod\u00e8le, l&rsquo;utilitaire peut \u00eatre \u00e9quip\u00e9 d&rsquo;une transmission manuelle ou d&rsquo;une bo\u00eete automatique. Dot\u00e9 d&rsquo;un design moderne et de finitions de qualit\u00e9, le Fiat Talento dispose \u00e9galement de nombreux \u00e9quipements de s\u00e9curit\u00e9 et de confort favorisant une conduite agr\u00e9able.<\/p>\n<p>&nbsp;<\/p>\n<p style=\"text-align: justify;\">\n<h3 style=\"text-align: justify;\"><strong>Quel moteur dans le Fiat Talento ?<\/strong><\/h3>\n<p>&nbsp;<\/p>\n<p style=\"text-align: justify;\">\n<p style=\"text-align: justify;\">Le fourgon Fiat Talento peut \u00eatre \u00e9quip\u00e9\u00a0 :<\/p>\n<ul style=\"text-align: justify;\">\n<li>d&rsquo;un moteur Multijet de 95 ch (70 kW) \u00e0 3500 t\/min<\/li>\n<li>d&rsquo;un moteur Multijet de 120 ch (89 kW) \u00e0 3500 t\/min<\/li>\n<li>d&rsquo;un moteur Ecojet de 145 ch DCT (107 kW) \u00e0 3500 t\/min<\/li>\n<li>d&rsquo;un moteur 170 ch DCT (125 KW) \u00e0 3500 t\/min<\/li>\n<\/ul>\n<p style=\"text-align: justify;\">\n<p>&nbsp;<\/p>\n<h2 style=\"text-align: justify;\"><strong>Un utilitaire performant r\u00e9pondant aux besoins des particuliers et professionnels<br \/>\n<\/strong><\/h2>\n<p style=\"text-align: justify;\"><strong>\u00a0<\/strong><\/p>\n<h3 style=\"text-align: justify;\"><strong>Un fourgon italien fabriqu\u00e9 en France pendant 4 ans<br \/>\n<\/strong><\/h3>\n<p style=\"text-align: justify;\"><strong>\u00a0<\/strong><\/p>\n<p style=\"text-align: justify;\">Le\u00a0<strong><a href=\"https:\/\/www.bymycar.fr\/marques\/fiat\/talento\">Fiat Talento<\/a> est un v\u00e9hicule utilitaire<\/strong> con\u00e7u par le constructeur italien <a href=\"https:\/\/www.bymycar.fr\/marques\/fiat\">Fiat<\/a>. Il a \u00e9t\u00e9 fabriqu\u00e9 en France d\u00e8s 2016, dans l&rsquo;usine Renault de Sandouville, \u00e0 partir de la<strong> plateforme du Trafic<\/strong>.<em><br \/>\n<\/em><\/p>\n<p style=\"text-align: justify;\">Sp\u00e9cialement con\u00e7u pour les professionnels et les particuliers transportant r\u00e9guli\u00e8rement des objets lourds ou volumineux, l&rsquo;utilitaire se d\u00e9cline en<strong> diff\u00e9rents mod\u00e8les<\/strong> essence et diesel, et propose aussi une version \u00e9lectrique (Talento Electric).<\/p>\n<p style=\"text-align: justify;\">\n<p>&nbsp;<\/p>\n<h3 style=\"text-align: justify;\"><strong>Un arr\u00eat de la production pr\u00e9matur\u00e9<\/strong><\/h3>\n<p style=\"text-align: justify;\"><strong>\u00a0<\/strong><\/p>\n<p style=\"text-align: justify;\">Apr\u00e8s avoir sorti plus de 26 000 mod\u00e8les de cette Fiat, l&rsquo;usine Renault a cess\u00e9 la production en octobre 2020, suite \u00e0 l&rsquo;annonce de\u00a0<strong>Clotilde Delbo <\/strong>concernant l&rsquo;arr\u00eat de la collaboration avec le site de production. La <strong>directrice financi\u00e8re du groupe Renault <\/strong>a, par ailleurs, pr\u00e9cis\u00e9 que le constructeur automobile fran\u00e7ais souhaitait mettre un terme \u00e0 son\u00a0<strong>contrat de production avec Fiat<\/strong> pour se concentrer sur de <strong>nouveaux contrats<\/strong>.<\/p>\n<p style=\"text-align: justify;\">\n<p>&nbsp;<\/p>\n<h2 style=\"text-align: justify;\">Fiat Talento 2023<\/h2>\n<p style=\"text-align: justify;\">\n<p>&nbsp;<\/p>\n<h3 style=\"text-align: justify;\"><strong>De nombreux mod\u00e8les sur le march\u00e9 de l&rsquo;occasion<\/strong><\/h3>\n<p style=\"text-align: justify;\">\n<p>&nbsp;<\/p>\n<p style=\"text-align: justify;\">Bien que l&rsquo;arr\u00eat de la production du Fiat Talento soit d\u00e9finitif, il reste beaucoup de mod\u00e8les en circulation sur le march\u00e9 de l&rsquo;occasion. Il faut dire que la deuxi\u00e8me g\u00e9n\u00e9ration de l&rsquo;utilitaire dispose d&rsquo;\u00e9quipements r\u00e9pondant aux normes \u00e9cologiques en vigueur en mati\u00e8re d&rsquo;\u00e9mission de CO\u2082 et que ses \u00e9quipements int\u00e9rieurs et sa technologie (Radio Bluetooth<sup>\u00ae<\/sup> New Generation,\u00a0 Touch Radio-NAV avec \u00e9cran tactile, par exemple) s\u00e9duisent toujours autant les amateurs du genre.<\/p>\n<p style=\"text-align: justify;\">\n<p>&nbsp;<\/p>\n<h3 style=\"text-align: justify;\"><strong>Prix du Fiat Talento en 2023<\/strong><\/h3>\n<p style=\"text-align: justify;\">\n<p>&nbsp;<\/p>\n<p style=\"text-align: justify;\">Les prix du<strong> Fiat Talento<\/strong> en 2023 varient en fonction de l&rsquo;\u00e9tat g\u00e9n\u00e9ral du v\u00e9hicule, du nombre de kilom\u00e8tres au compteur, du nombre de places, du type de moteur (essence ou diesel) du type de bo\u00eete de vitesses et de la configuration du v\u00e9hicule. \u00c0 titre d&rsquo;exemple, une Fiat Talento bo\u00eete manuelle, moteur diesel, affichant aux alentours de 40 000 kilom\u00e8tres, se vend un peu moins de 20 000 \u20ac.<\/p>\n<p style=\"text-align: justify;\">Notez \u00e9galement que le prix de vente sera l\u00e9g\u00e8rement plus \u00e9lev\u00e9 si le v\u00e9hicule dispose de certaines options avanc\u00e9es telles qu&rsquo;une peinture originale, une cl\u00e9 sans contact, un limiteur de vitesse 110 km\/h et 130 km\/h, ou encore des airbags rideaux et lat\u00e9raux.<\/p>\n<p>&nbsp;<\/p>\n<p style=\"text-align: center;\"><a href=\"https:\/\/www.bymycar.fr\/v\/fiat-talento\"  class=\"css-button css-button--gold\" ><br \/>\n                Voir notre mod\u00e8le<br \/>\n        <\/a><\/p>\n"}}]},"add-carousel-to-footer":true},"yoast_head":"<!-- This site is optimized with the Yoast SEO Premium plugin v26.4 (Yoast SEO v26.4) - https:\/\/yoast.com\/wordpress\/plugins\/seo\/ -->\n<title>O\u00f9 est fabriqu\u00e9 le Fiat Talento ?<\/title>\n<meta name=\"robots\" content=\"index, follow, max-snippet:-1, max-image-preview:large, max-video-preview:-1\" \/>\n<link rel=\"canonical\" href=\"https:\/\/www.bymycar.fr\/webzine\/ou-est-fabrique-le-fiat-talento\/\" \/>\n<meta property=\"og:locale\" content=\"fr_FR\" \/>\n<meta property=\"og:type\" content=\"article\" \/>\n<meta property=\"og:title\" content=\"O\u00f9 est fabriqu\u00e9 le Fiat Talento ?\" \/>\n<meta property=\"og:url\" content=\"https:\/\/www.bymycar.fr\/webzine\/ou-est-fabrique-le-fiat-talento\/\" \/>\n<meta property=\"og:site_name\" content=\"Webzine auto BYmyCAR\" \/>\n<meta property=\"article:published_time\" content=\"2024-02-09T15:46:58+00:00\" \/>\n<meta property=\"article:modified_time\" content=\"2026-04-13T15:47:39+00:00\" \/>\n<meta property=\"og:image\" content=\"https:\/\/cdn.bymycar.eu\/fr-webzine\/wp-content\/uploads\/medias\/d923eaf832a418ef6b89b28b0c39ee60c56cc934.jpeg\" \/>\n\t<meta property=\"og:image:width\" content=\"1170\" \/>\n\t<meta property=\"og:image:height\" content=\"740\" \/>\n\t<meta property=\"og:image:type\" content=\"image\/jpeg\" \/>\n<meta name=\"author\" content=\"La R\u00e9daction BYmyCAR\" \/>\n<meta name=\"twitter:card\" content=\"summary_large_image\" \/>\n<meta name=\"twitter:label1\" content=\"\u00c9crit par\" \/>\n\t<meta name=\"twitter:data1\" content=\"La R\u00e9daction BYmyCAR\" \/>\n<script type=\"application\/ld+json\" class=\"yoast-schema-graph\">{\"@context\":\"https:\/\/schema.org\",\"@graph\":[{\"@type\":\"Article\",\"@id\":\"https:\/\/www.bymycar.fr\/webzine\/ou-est-fabrique-le-fiat-talento\/#article\",\"isPartOf\":{\"@id\":\"https:\/\/www.bymycar.fr\/webzine\/ou-est-fabrique-le-fiat-talento\/\"},\"author\":{\"name\":\"La R\u00e9daction BYmyCAR\",\"@id\":\"https:\/\/www.bymycar.fr\/webzine\/#\/schema\/person\/8d570fe11eb8929f06c1e6d00f4d9689\"},\"headline\":\"O\u00f9 est fabriqu\u00e9 le Fiat Talento ?\",\"datePublished\":\"2024-02-09T15:46:58+00:00\",\"dateModified\":\"2026-04-13T15:47:39+00:00\",\"mainEntityOfPage\":{\"@id\":\"https:\/\/www.bymycar.fr\/webzine\/ou-est-fabrique-le-fiat-talento\/\"},\"wordCount\":6,\"publisher\":{\"@id\":\"https:\/\/www.bymycar.fr\/webzine\/#organization\"},\"image\":{\"@id\":\"https:\/\/www.bymycar.fr\/webzine\/ou-est-fabrique-le-fiat-talento\/#primaryimage\"},\"thumbnailUrl\":\"https:\/\/cdn.bymycar.eu\/fr-webzine\/wp-content\/uploads\/medias\/d923eaf832a418ef6b89b28b0c39ee60c56cc934.jpeg\",\"articleSection\":[\"Guide d'achat Fiat Talento\"],\"inLanguage\":\"fr-FR\"},{\"@type\":\"WebPage\",\"@id\":\"https:\/\/www.bymycar.fr\/webzine\/ou-est-fabrique-le-fiat-talento\/\",\"url\":\"https:\/\/www.bymycar.fr\/webzine\/ou-est-fabrique-le-fiat-talento\/\",\"name\":\"O\u00f9 est fabriqu\u00e9 le Fiat Talento ?\",\"isPartOf\":{\"@id\":\"https:\/\/www.bymycar.fr\/webzine\/#website\"},\"primaryImageOfPage\":{\"@id\":\"https:\/\/www.bymycar.fr\/webzine\/ou-est-fabrique-le-fiat-talento\/#primaryimage\"},\"image\":{\"@id\":\"https:\/\/www.bymycar.fr\/webzine\/ou-est-fabrique-le-fiat-talento\/#primaryimage\"},\"thumbnailUrl\":\"https:\/\/cdn.bymycar.eu\/fr-webzine\/wp-content\/uploads\/medias\/d923eaf832a418ef6b89b28b0c39ee60c56cc934.jpeg\",\"datePublished\":\"2024-02-09T15:46:58+00:00\",\"dateModified\":\"2026-04-13T15:47:39+00:00\",\"breadcrumb\":{\"@id\":\"https:\/\/www.bymycar.fr\/webzine\/ou-est-fabrique-le-fiat-talento\/#breadcrumb\"},\"inLanguage\":\"fr-FR\",\"potentialAction\":[{\"@type\":\"ReadAction\",\"target\":[\"https:\/\/www.bymycar.fr\/webzine\/ou-est-fabrique-le-fiat-talento\/\"]}]},{\"@type\":\"ImageObject\",\"inLanguage\":\"fr-FR\",\"@id\":\"https:\/\/www.bymycar.fr\/webzine\/ou-est-fabrique-le-fiat-talento\/#primaryimage\",\"url\":\"https:\/\/cdn.bymycar.eu\/fr-webzine\/wp-content\/uploads\/medias\/d923eaf832a418ef6b89b28b0c39ee60c56cc934.jpeg\",\"contentUrl\":\"https:\/\/cdn.bymycar.eu\/fr-webzine\/wp-content\/uploads\/medias\/d923eaf832a418ef6b89b28b0c39ee60c56cc934.jpeg\",\"width\":1170,\"height\":740,\"caption\":\"Fiat Talento\"},{\"@type\":\"BreadcrumbList\",\"@id\":\"https:\/\/www.bymycar.fr\/webzine\/ou-est-fabrique-le-fiat-talento\/#breadcrumb\",\"itemListElement\":[{\"@type\":\"ListItem\",\"position\":1,\"name\":\"Accueil\",\"item\":\"https:\/\/www.bymycar.fr\/webzine\/\"},{\"@type\":\"ListItem\",\"position\":2,\"name\":\"O\u00f9 est fabriqu\u00e9 le Fiat Talento ?\"}]},{\"@type\":\"WebSite\",\"@id\":\"https:\/\/www.bymycar.fr\/webzine\/#website\",\"url\":\"https:\/\/www.bymycar.fr\/webzine\/\",\"name\":\"Webzine auto BYmyCAR\",\"description\":\"La magazine auto de BYmyCAR\",\"publisher\":{\"@id\":\"https:\/\/www.bymycar.fr\/webzine\/#organization\"},\"potentialAction\":[{\"@type\":\"SearchAction\",\"target\":{\"@type\":\"EntryPoint\",\"urlTemplate\":\"https:\/\/www.bymycar.fr\/webzine\/?s={search_term_string}\"},\"query-input\":{\"@type\":\"PropertyValueSpecification\",\"valueRequired\":true,\"valueName\":\"search_term_string\"}}],\"inLanguage\":\"fr-FR\"},{\"@type\":\"Organization\",\"@id\":\"https:\/\/www.bymycar.fr\/webzine\/#organization\",\"name\":\"BYmyCAR\",\"url\":\"https:\/\/www.bymycar.fr\/webzine\/\",\"logo\":{\"@type\":\"ImageObject\",\"inLanguage\":\"fr-FR\",\"@id\":\"https:\/\/www.bymycar.fr\/webzine\/#\/schema\/logo\/image\/\",\"url\":\"https:\/\/cdn.bymycar.eu\/fr-webzine\/wp-content\/uploads\/medias\/2017\/08\/logo_DEALER_00000406_001.png\",\"contentUrl\":\"https:\/\/cdn.bymycar.eu\/fr-webzine\/wp-content\/uploads\/medias\/2017\/08\/logo_DEALER_00000406_001.png\",\"width\":2132,\"height\":720,\"caption\":\"BYmyCAR\"},\"image\":{\"@id\":\"https:\/\/www.bymycar.fr\/webzine\/#\/schema\/logo\/image\/\"}},{\"@type\":\"Person\",\"@id\":\"https:\/\/www.bymycar.fr\/webzine\/#\/schema\/person\/8d570fe11eb8929f06c1e6d00f4d9689\",\"name\":\"La R\u00e9daction BYmyCAR\",\"image\":{\"@type\":\"ImageObject\",\"inLanguage\":\"fr-FR\",\"@id\":\"https:\/\/www.bymycar.fr\/webzine\/#\/schema\/person\/image\/\",\"url\":\"https:\/\/secure.gravatar.com\/avatar\/1aa6b039d0ce106989923af4e2d0f2a0c82bb070d5e449f1b9adf082a5863900?s=96&d=mm&r=g\",\"contentUrl\":\"https:\/\/secure.gravatar.com\/avatar\/1aa6b039d0ce106989923af4e2d0f2a0c82bb070d5e449f1b9adf082a5863900?s=96&d=mm&r=g\",\"caption\":\"La R\u00e9daction BYmyCAR\"},\"sameAs\":[\"https:\/\/www.bymycar.fr\/\"]}]}<\/script>\n<!-- \/ Yoast SEO Premium plugin. -->","yoast_head_json":{"title":"O\u00f9 est fabriqu\u00e9 le Fiat Talento ?","robots":{"index":"index","follow":"follow","max-snippet":"max-snippet:-1","max-image-preview":"max-image-preview:large","max-video-preview":"max-video-preview:-1"},"canonical":"https:\/\/www.bymycar.fr\/webzine\/ou-est-fabrique-le-fiat-talento\/","og_locale":"fr_FR","og_type":"article","og_title":"O\u00f9 est fabriqu\u00e9 le Fiat Talento ?","og_url":"https:\/\/www.bymycar.fr\/webzine\/ou-est-fabrique-le-fiat-talento\/","og_site_name":"Webzine auto BYmyCAR","article_published_time":"2024-02-09T15:46:58+00:00","article_modified_time":"2026-04-13T15:47:39+00:00","og_image":[{"width":1170,"height":740,"url":"https:\/\/cdn.bymycar.eu\/fr-webzine\/wp-content\/uploads\/medias\/d923eaf832a418ef6b89b28b0c39ee60c56cc934.jpeg","type":"image\/jpeg"}],"author":"La R\u00e9daction BYmyCAR","twitter_card":"summary_large_image","twitter_misc":{"\u00c9crit par":"La R\u00e9daction BYmyCAR"},"schema":{"@context":"https:\/\/schema.org","@graph":[{"@type":"Article","@id":"https:\/\/www.bymycar.fr\/webzine\/ou-est-fabrique-le-fiat-talento\/#article","isPartOf":{"@id":"https:\/\/www.bymycar.fr\/webzine\/ou-est-fabrique-le-fiat-talento\/"},"author":{"name":"La R\u00e9daction BYmyCAR","@id":"https:\/\/www.bymycar.fr\/webzine\/#\/schema\/person\/8d570fe11eb8929f06c1e6d00f4d9689"},"headline":"O\u00f9 est fabriqu\u00e9 le Fiat Talento ?","datePublished":"2024-02-09T15:46:58+00:00","dateModified":"2026-04-13T15:47:39+00:00","mainEntityOfPage":{"@id":"https:\/\/www.bymycar.fr\/webzine\/ou-est-fabrique-le-fiat-talento\/"},"wordCount":6,"publisher":{"@id":"https:\/\/www.bymycar.fr\/webzine\/#organization"},"image":{"@id":"https:\/\/www.bymycar.fr\/webzine\/ou-est-fabrique-le-fiat-talento\/#primaryimage"},"thumbnailUrl":"https:\/\/cdn.bymycar.eu\/fr-webzine\/wp-content\/uploads\/medias\/d923eaf832a418ef6b89b28b0c39ee60c56cc934.jpeg","articleSection":["Guide d'achat Fiat Talento"],"inLanguage":"fr-FR"},{"@type":"WebPage","@id":"https:\/\/www.bymycar.fr\/webzine\/ou-est-fabrique-le-fiat-talento\/","url":"https:\/\/www.bymycar.fr\/webzine\/ou-est-fabrique-le-fiat-talento\/","name":"O\u00f9 est fabriqu\u00e9 le Fiat Talento ?","isPartOf":{"@id":"https:\/\/www.bymycar.fr\/webzine\/#website"},"primaryImageOfPage":{"@id":"https:\/\/www.bymycar.fr\/webzine\/ou-est-fabrique-le-fiat-talento\/#primaryimage"},"image":{"@id":"https:\/\/www.bymycar.fr\/webzine\/ou-est-fabrique-le-fiat-talento\/#primaryimage"},"thumbnailUrl":"https:\/\/cdn.bymycar.eu\/fr-webzine\/wp-content\/uploads\/medias\/d923eaf832a418ef6b89b28b0c39ee60c56cc934.jpeg","datePublished":"2024-02-09T15:46:58+00:00","dateModified":"2026-04-13T15:47:39+00:00","breadcrumb":{"@id":"https:\/\/www.bymycar.fr\/webzine\/ou-est-fabrique-le-fiat-talento\/#breadcrumb"},"inLanguage":"fr-FR","potentialAction":[{"@type":"ReadAction","target":["https:\/\/www.bymycar.fr\/webzine\/ou-est-fabrique-le-fiat-talento\/"]}]},{"@type":"ImageObject","inLanguage":"fr-FR","@id":"https:\/\/www.bymycar.fr\/webzine\/ou-est-fabrique-le-fiat-talento\/#primaryimage","url":"https:\/\/cdn.bymycar.eu\/fr-webzine\/wp-content\/uploads\/medias\/d923eaf832a418ef6b89b28b0c39ee60c56cc934.jpeg","contentUrl":"https:\/\/cdn.bymycar.eu\/fr-webzine\/wp-content\/uploads\/medias\/d923eaf832a418ef6b89b28b0c39ee60c56cc934.jpeg","width":1170,"height":740,"caption":"Fiat Talento"},{"@type":"BreadcrumbList","@id":"https:\/\/www.bymycar.fr\/webzine\/ou-est-fabrique-le-fiat-talento\/#breadcrumb","itemListElement":[{"@type":"ListItem","position":1,"name":"Accueil","item":"https:\/\/www.bymycar.fr\/webzine\/"},{"@type":"ListItem","position":2,"name":"O\u00f9 est fabriqu\u00e9 le Fiat Talento ?"}]},{"@type":"WebSite","@id":"https:\/\/www.bymycar.fr\/webzine\/#website","url":"https:\/\/www.bymycar.fr\/webzine\/","name":"Webzine auto BYmyCAR","description":"La magazine auto de BYmyCAR","publisher":{"@id":"https:\/\/www.bymycar.fr\/webzine\/#organization"},"potentialAction":[{"@type":"SearchAction","target":{"@type":"EntryPoint","urlTemplate":"https:\/\/www.bymycar.fr\/webzine\/?s={search_term_string}"},"query-input":{"@type":"PropertyValueSpecification","valueRequired":true,"valueName":"search_term_string"}}],"inLanguage":"fr-FR"},{"@type":"Organization","@id":"https:\/\/www.bymycar.fr\/webzine\/#organization","name":"BYmyCAR","url":"https:\/\/www.bymycar.fr\/webzine\/","logo":{"@type":"ImageObject","inLanguage":"fr-FR","@id":"https:\/\/www.bymycar.fr\/webzine\/#\/schema\/logo\/image\/","url":"https:\/\/cdn.bymycar.eu\/fr-webzine\/wp-content\/uploads\/medias\/2017\/08\/logo_DEALER_00000406_001.png","contentUrl":"https:\/\/cdn.bymycar.eu\/fr-webzine\/wp-content\/uploads\/medias\/2017\/08\/logo_DEALER_00000406_001.png","width":2132,"height":720,"caption":"BYmyCAR"},"image":{"@id":"https:\/\/www.bymycar.fr\/webzine\/#\/schema\/logo\/image\/"}},{"@type":"Person","@id":"https:\/\/www.bymycar.fr\/webzine\/#\/schema\/person\/8d570fe11eb8929f06c1e6d00f4d9689","name":"La R\u00e9daction BYmyCAR","image":{"@type":"ImageObject","inLanguage":"fr-FR","@id":"https:\/\/www.bymycar.fr\/webzine\/#\/schema\/person\/image\/","url":"https:\/\/secure.gravatar.com\/avatar\/1aa6b039d0ce106989923af4e2d0f2a0c82bb070d5e449f1b9adf082a5863900?s=96&d=mm&r=g","contentUrl":"https:\/\/secure.gravatar.com\/avatar\/1aa6b039d0ce106989923af4e2d0f2a0c82bb070d5e449f1b9adf082a5863900?s=96&d=mm&r=g","caption":"La R\u00e9daction BYmyCAR"},"sameAs":["https:\/\/www.bymycar.fr\/"]}]}},"_links":{"self":[{"href":"https:\/\/www.bymycar.fr\/webzine\/wp-json\/wp\/v2\/posts\/44978","targetHints":{"allow":["GET"]}}],"collection":[{"href":"https:\/\/www.bymycar.fr\/webzine\/wp-json\/wp\/v2\/posts"}],"about":[{"href":"https:\/\/www.bymycar.fr\/webzine\/wp-json\/wp\/v2\/types\/post"}],"author":[{"embeddable":true,"href":"https:\/\/www.bymycar.fr\/webzine\/wp-json\/wp\/v2\/users\/88"}],"replies":[{"embeddable":true,"href":"https:\/\/www.bymycar.fr\/webzine\/wp-json\/wp\/v2\/comments?post=44978"}],"version-history":[{"count":8,"href":"https:\/\/www.bymycar.fr\/webzine\/wp-json\/wp\/v2\/posts\/44978\/revisions"}],"predecessor-version":[{"id":44990,"href":"https:\/\/www.bymycar.fr\/webzine\/wp-json\/wp\/v2\/posts\/44978\/revisions\/44990"}],"wp:featuredmedia":[{"embeddable":true,"href":"https:\/\/www.bymycar.fr\/webzine\/wp-json\/wp\/v2\/media\/43273"}],"wp:attachment":[{"href":"https:\/\/www.bymycar.fr\/webzine\/wp-json\/wp\/v2\/media?parent=44978"}],"wp:term":[{"taxonomy":"category","embeddable":true,"href":"https:\/\/www.bymycar.fr\/webzine\/wp-json\/wp\/v2\/categories?post=44978"},{"taxonomy":"post_tag","embeddable":true,"href":"https:\/\/www.bymycar.fr\/webzine\/wp-json\/wp\/v2\/tags?post=44978"}],"curies":[{"name":"wp","href":"https:\/\/api.w.org\/{rel}","templated":true}]}}