{"id":44569,"date":"2024-01-29T14:28:41","date_gmt":"2024-01-29T13:28:41","guid":{"rendered":"https:\/\/prod.bymycar.fr\/webzine\/?p=44569"},"modified":"2025-11-25T10:20:08","modified_gmt":"2025-11-25T09:20:08","slug":"quelle-bmw-doccasion-choisir","status":"publish","type":"post","link":"https:\/\/www.bymycar.fr\/webzine\/quelle-bmw-doccasion-choisir\/","title":{"rendered":"Quelle BMW d\u2019occasion choisir ?"},"content":{"rendered":"","protected":false},"excerpt":{"rendered":"","protected":false},"author":88,"featured_media":44579,"comment_status":"closed","ping_status":"closed","sticky":false,"template":"","format":"standard","meta":{"_acf_changed":false,"footnotes":""},"categories":[13006],"tags":[],"class_list":["post-44569","post","type-post","status-publish","format-standard","has-post-thumbnail","hentry","category-guide-dachat-bmw-occasion"],"acf":{"template":"classique","introduction":"<p>Chez BYmyCAR, notre expertise dans le march\u00e9 de l&rsquo;occasion <a href=\"https:\/\/www.bymycar.fr\/v\/bmw-occasion\">BMW<\/a> vous garantit un accompagnement personnalis\u00e9 pour trouver le v\u00e9hicule qui correspond parfaitement \u00e0 vos attentes. Choisir une BMW d&rsquo;occasion requiert d&rsquo;allier passion, raison et expertise technique. Entre fiabilit\u00e9 m\u00e9canique, co\u00fbt d&rsquo;entretien, innovations embarqu\u00e9es et l&rsquo;incomparable plaisir de conduite propre \u00e0 la marque bavaroise, certains mod\u00e8les se d\u00e9marquent particuli\u00e8rement sur le march\u00e9 de la seconde main. Ce guide complet vous pr\u00e9sente les crit\u00e8res essentiels pour orienter votre choix et vous sugg\u00e8re les s\u00e9ries et motorisations les plus recommand\u00e9es selon diff\u00e9rents profils d&rsquo;utilisateurs.<\/p>\n<p><strong>Ce qu&rsquo;il faut retenir<\/strong><\/p>\n<p>Choisir une BMW d&rsquo;occasion n\u00e9cessite de prendre en compte plusieurs \u00e9l\u00e9ments essentiels pour faire le bon investissement :<\/p>\n<ul>\n<li><strong>Privil\u00e9giez les mod\u00e8les fiables<\/strong> : La <a href=\"https:\/\/www.bymycar.fr\/v\/bmw-serie-3-occasion\">BMW S\u00e9rie 3<\/a> et la <a href=\"https:\/\/www.bymycar.fr\/v\/bmw-serie-5-occasion\">BMW S\u00e9rie 5<\/a> offrent la meilleure fiabilit\u00e9, tandis que la BMW X3 constitue le SUV de r\u00e9f\u00e9rence et la BMW S\u00e9rie 1 repr\u00e9sente l&rsquo;entr\u00e9e id\u00e9ale dans l&rsquo;univers premium ;<\/li>\n<li><strong>V\u00e9rifiez l&rsquo;entretien et l&rsquo;historique<\/strong> : Un carnet d&rsquo;entretien complet, le respect des intervalles de r\u00e9vision et un contr\u00f4le m\u00e9canique rigoureux garantissent la long\u00e9vit\u00e9 de votre v\u00e9hicule ;<\/li>\n<li><strong>B\u00e9n\u00e9ficiez de l&rsquo;accompagnement BYmyCAR<\/strong> : Nos conseillers vous proposent des BMW d&rsquo;occasion certifi\u00e9es Premium Selection avec garantie 24 mois, assistance 24\/7 et solutions de financement personnalis\u00e9es.<\/li>\n<\/ul>\n<p>Quel que soit votre profil d&rsquo;usage, nos experts BYmyCAR vous accompagnent pour trouver la BMW d&rsquo;occasion qui correspond parfaitement \u00e0 vos besoins et \u00e0 votre budget.<\/p>\n","strates":[{"type_strate":"carousel-produits","ancre":"","contenu":"","titre":"Nos BMW d'occasion ","image":false,"image_libre":false,"image_800x500":false,"legende":"","zoom":false,"texte":"","articles":false,"categorie_droite":false,"images":false,"elements_comparatif":false,"texte_1":"","texte_2":"","image_1":false,"image_1_563x400":false,"image_1_332x332":false,"image_2":false,"image_2_333x240":false,"image_2_563x400":false,"image_3":false,"image_3_333x240":false,"image_3_332x450":false,"image_4":false,"image_4_332x332":false,"image_4_563x400":false,"code_embed":"","legende_video":"","photo":false,"photo_100x100":false,"nom":"","fonction":"","elements_timeline":false,"entetes_colonnes":false,"entetes_lignes":false,"lignes":false,"introduction":"","formulaire":false,"question":"","reponse":"","libelle_bouton_lien":"","url_lien":"","questions":false,"conclusions":false,"pays":"1","region":"","marque":"7","marqueConcessions":false,"modele":"","ptvente":"","typeV":"VO","collection":"","nombre_maximum_elements":"4","lien_fin_carousel":"https:\/\/www.bymycar.fr\/v\/bmw-occasion","texte_lien_fin_carousel":"Voir tous les v\u00e9hicules > ","trier_par":"prix"},{"type_strate":"texte-simple","ancre":"","contenu":"<h2 style=\"text-align: justify;\">Quel est le meilleur mod\u00e8le de BMW d\u2019occasion ?<\/h2>\n<p>&nbsp;<\/p>\n<p style=\"text-align: justify;\">Figurant parmi les plus grands constructeurs automobiles, <a href=\"https:\/\/www.bymycar.fr\/marques\/bmw\">BMW<\/a> commercialise des voitures premium \u00e0 la conduite sportive. La marque allemande est pr\u00e9sente sur le march\u00e9 de l\u2019occasion. Ses voitures puissantes au superbe design disposent d\u2019<strong>\u00e9quipements haut de gamme<\/strong>. De bonne r\u00e9putation, elles sont pris\u00e9es des automobilistes. Parmi les mod\u00e8les les plus recherch\u00e9s, on trouve :<\/p>\n<ul style=\"text-align: justify;\">\n<li><a href=\"https:\/\/www.bymycar.fr\/marques\/bmw\/serie-1\">les BMW s\u00e9rie 1<\/a><\/li>\n<li><a href=\"https:\/\/www.bymycar.fr\/marques\/bmw\/serie-3-berline\">les BMW s\u00e9rie 3<\/a><\/li>\n<li><a href=\"https:\/\/www.bymycar.fr\/marques\/bmw\/x3\">les BMW X3<\/a><\/li>\n<\/ul>\n<p>&nbsp;<\/p>\n<h3>Quelle BMW s\u00e9rie 1 d\u2019occasion choisir ?<\/h3>\n<p>&nbsp;<\/p>\n<p style=\"text-align: justify;\">Les <strong>voitures BMW <\/strong>de la s\u00e9rie 1 sont des berlines compactes, parfaites pour des d\u00e9placements en milieu urbain. Elles sont peu gourmandes en carburant et offrent de superbes lignes sportives. Les mod\u00e8les des deux premi\u00e8res g\u00e9n\u00e9rations de la s\u00e9rie 1 (E87 et F20) sont \u00e0 propulsion. Ils sont disponibles en 4 ou 6 cylindres en ligne.<\/p>\n<p style=\"text-align: justify;\">La troisi\u00e8me g\u00e9n\u00e9ration de\u00a0<strong>BMW s\u00e9rie 1<\/strong> (F40) comprend des voitures qui utilisent la traction avant et qui disposent de 3 ou 4 cylindres. Toutes les g\u00e9n\u00e9rations de BMW s\u00e9rie 1 offrent, soit une motorisation \u00e0 essence soit une motorisation diesel.<\/p>\n<p>&nbsp;<\/p>\n<h3 style=\"text-align: justify;\">Quelle BMW s\u00e9rie 3 d\u2019occasion choisir ?<\/h3>\n<p>&nbsp;<\/p>\n<p style=\"text-align: justify;\">Les automobiles BMW s\u00e9rie 3 font partie des berlines les plus appr\u00e9ci\u00e9es par les amateurs de voitures sportives. Les premi\u00e8res g\u00e9n\u00e9rations regroupent des mod\u00e8les disposant de 4 \u00e0 8 cylindres.<\/p>\n<p style=\"text-align: justify;\">Sur le\u00a0<strong>secteur de l\u2019occasion<\/strong>, ces mod\u00e8les sont convoit\u00e9s car leur prix est comp\u00e9titif. La fiabilit\u00e9 et le confort de ces voitures ne sont plus \u00e0 prouver. Les nouvelles g\u00e9n\u00e9rations (F30 et G20) offrent des lignes plus sportives et plus modernes. Ces mod\u00e8les plus r\u00e9cents sont disponibles en motorisation hybride ou <strong>hybride rechargeable<\/strong>.<\/p>\n<p>&nbsp;<\/p>\n<h3 style=\"text-align: justify;\">Fiabilit\u00e9 BMW : quelle BMW X3 d\u2019occasion choisir ?<\/h3>\n<p>&nbsp;<\/p>\n<p style=\"text-align: justify;\">La <strong>BMW X3<\/strong> est le mod\u00e8le de <strong>SUV familial <\/strong>de r\u00e9f\u00e9rence. Le v\u00e9hicule dispose de belles finitions. Le confort du conducteur est de haut niveau, autant lors de petits que de longs trajets. Outre la conduite agr\u00e9able et puissante que b\u00e9n\u00e9ficie le chauffeur, le SUV offre aussi un maximum d\u2019espace aux passagers.<\/p>\n<p style=\"text-align: justify;\">Les deux premi\u00e8res g\u00e9n\u00e9rations (E83 et F25) sont \u00e9quip\u00e9es de moteur \u00e0 essence ou diesel et disposent de 4 \u00e0 6 cylindres en ligne. La nouvelle g\u00e9n\u00e9ration (G01) propose des\u00a0<strong>mod\u00e8les hybrides<\/strong> rechargeables \u00e0 la pointe de la technologie \u00e0 l\u2019instar de la xDrive30e. Avec plus de 500 ch, la voiture la plus puissante de la gamme BMW X3 est sans aucun doute le X3 M Competition.<\/p>\n<p>&nbsp;<\/p>\n<h2 style=\"text-align: justify;\">Quelle voiture BMW d\u2019occasion s\u2019offrir pour 10 000 euros ?<\/h2>\n<p>&nbsp;<\/p>\n<p style=\"text-align: justify;\">Sur le <strong>march\u00e9 de l\u2019occasion<\/strong>, un large choix de BMW s\u2019offre \u00e0 vous. Si vous souhaitez acheter une voiture BMW de moins de 10 ans, les mod\u00e8les les plus accessibles restent les s\u00e9rie 1, 2 et 3 ou la s\u00e9rie X3. La plupart des mod\u00e8les propos\u00e9s aux alentours des 10 000 euros sont \u00e9quip\u00e9s de moteurs diesel. Ces mod\u00e8les offrent un bon compromis entre puissance et \u00e9conomie de carburant.<\/p>\n<p style=\"text-align: justify;\">Dans cette gamme de prix, les v\u00e9hicules affichent pour la plupart plus de 100 000 km au compteur. Si l\u2019entretien a \u00e9t\u00e9 fait correctement et r\u00e9guli\u00e8rement, cela ne pose aucun probl\u00e8me. Exigez de voir le carnet d\u2019entretien pour vous assurer que tout est \u00e0 jour de ce c\u00f4t\u00e9-l\u00e0. Quel que soit le mod\u00e8le qui vous int\u00e9resse, prenez toujours le temps de bien inspecter le v\u00e9hicule pour rep\u00e9rer d\u2019\u00e9ventuels d\u00e9fauts non signal\u00e9s par le vendeur. N\u2019h\u00e9sitez pas \u00e0 essayer la voiture et soyez particuli\u00e8rement vigilant \u00e0 certains d\u00e9tails comme le bruit du moteur ou le passage des vitesses par exemple. Essayez aussi les diff\u00e9rents \u00e9quipements de la voiture (climatisation, chauffage, vitres \u00e9lectriques\u2026) pour vous assurer de leur bon fonctionnement.<\/p>\n<p>&nbsp;<\/p>\n<h2 style=\"text-align: justify;\">Quelle BMW choisir lorsqu\u2019on est jeune conducteur ?<\/h2>\n<p>&nbsp;<\/p>\n<p style=\"text-align: justify;\">Si vous \u00eates un jeune conducteur, vous n\u2019avez pas forc\u00e9ment le budget pour acheter une voiture neuve, mais vous avez tout de m\u00eame envie de vous offrir un mod\u00e8le solide, fiable et esth\u00e9tique.<\/p>\n<p style=\"text-align: justify;\">En achetant une\u00a0<strong>voiture BMW d\u2019occasion<\/strong>, vous pouvez vous offrir une voiture haut de gamme \u00e0 un tarif plus avantageux. Optez pour un mod\u00e8le peu gourmand en carburant, si vous devez respecter un budget serr\u00e9 au mois le mois.<\/p>\n<p style=\"text-align: justify;\">Les\u00a0<strong>BMW s\u00e9rie 3 d\u2019occasion<\/strong> sont des mod\u00e8les fonctionnels et fiables, disponibles \u00e0 des tarifs abordables. Ils offrent une bonne tenue de route et se conduisent facilement. Gr\u00e2ce \u00e0 la grande popularit\u00e9 de ces mod\u00e8les, il est facile de trouver des pi\u00e8ces de rechanges.<\/p>\n<p>&nbsp;<\/p>\n<h2 style=\"text-align: justify;\">Quelle BMW d\u2019occasion continue \u00e0 prendre de la valeur ?<\/h2>\n<p>&nbsp;<\/p>\n<p style=\"text-align: justify;\">Les berlines de BMW conservent une valeur correcte apr\u00e8s 3 ans. Par exemple, les s\u00e9ries 3 et 5 poss\u00e8dent une valeur r\u00e9siduelle de 50% apr\u00e8s 3 ans. Apr\u00e8s 10 ans, cette derni\u00e8re chute aux alentours des 18 ou 19%. On remarque que la <strong>BMW s\u00e9rie 6<\/strong> garde une valeur r\u00e9siduelle \u00e9lev\u00e9e apr\u00e8s 3 ans (pr\u00e8s de 91%). Apr\u00e8s 5 ans, sa valeur r\u00e9siduelle est autour de 56%.<\/p>\n<p style=\"text-align: justify;\">La gamme des SUV de BMW profitent d\u2019une belle cote m\u00eame apr\u00e8s 3 ans, mais leur valeur d\u00e9croit rapidement apr\u00e8s 5 ans. Par exemple, la\u00a0<strong>BMW X6<\/strong> profite d\u2019une valeur r\u00e9siduelle de plus de 73% apr\u00e8s 3 ans, mais ce taux descend \u00e0 moins de 22% apr\u00e8s 10 ans. Si vous souhaitez acheter une BMW qui garde une cote \u00e9lev\u00e9e m\u00eame apr\u00e8s plusieurs ann\u00e9es, optez pour un mod\u00e8le de la gamme M. Certaines voitures de la gamme M, comme celles dot\u00e9es du pack M Sport, se vendent plus cher apr\u00e8s 10 ou 20 ans d\u2019utilisation qu\u2019apr\u00e8s leur sortie d\u2019usine. Tout d\u00e9pend de la raret\u00e9 du mod\u00e8le et de son niveau de prestige.<\/p>\n<p style=\"text-align: justify;\">Si vous souhaitez vous offrir une <strong>voiture fiable et solide <\/strong>\u00e0 la conduite sportive, choisissez le mod\u00e8le de <a href=\"https:\/\/www.bymycar.fr\/v\/bmw-occasion\">BMW d\u2019occasion<\/a> qui vous ressemble !<\/p>\n<p>&nbsp;<\/p>\n<p style=\"text-align: center;\"><a href=\"https:\/\/www.bymycar.fr\/v\/bmw-occasion\"  class=\"css-button css-button--gold\" >\n                Voir nos BMW d'occasion\n        <\/a><\/p>\n","titre":"Quelle BMW d\u2019occasion choisir ?","image":false,"image_libre":false,"image_800x500":false,"legende":"","zoom":false,"texte":"","articles":false,"categorie_droite":false,"images":false,"elements_comparatif":false,"texte_1":"","texte_2":"","image_1":false,"image_1_563x400":false,"image_1_332x332":false,"image_2":false,"image_2_333x240":false,"image_2_563x400":false,"image_3":false,"image_3_333x240":false,"image_3_332x450":false,"image_4":false,"image_4_332x332":false,"image_4_563x400":false,"code_embed":"","legende_video":"","photo":false,"photo_100x100":false,"nom":"","fonction":"","elements_timeline":false,"entetes_colonnes":false,"entetes_lignes":false,"lignes":false,"introduction":"","formulaire":false,"question":"","reponse":"","libelle_bouton_lien":"","url_lien":"","questions":false,"conclusions":false,"pays":false,"region":false,"marque":false,"marqueConcessions":false,"modele":false,"ptvente":false,"typeV":false,"collection":false,"nombre_maximum_elements":10,"lien_fin_carousel":"","texte_lien_fin_carousel":"","trier_par":false}],"is_old_post":false,"image":{"ID":44579,"id":44579,"title":"BMW X2","filename":"P90525201_highRes_the-first-ever-bmw-i.jpg","filesize":396107,"url":"https:\/\/cdn.bymycar.eu\/fr-webzine\/wp-content\/uploads\/medias\/P90525201_highRes_the-first-ever-bmw-i.jpg","link":"https:\/\/www.bymycar.fr\/webzine\/quelle-bmw-doccasion-choisir\/fabian-kirchbauer-photography-4\/","alt":"BMW X2, rouge, de face","author":"65","description":"BMW X2, rouge, de face","caption":"","name":"fabian-kirchbauer-photography-4","status":"inherit","uploaded_to":44569,"date":"2024-01-29 11:11:26","modified":"2024-01-29 11:12:48","menu_order":0,"mime_type":"image\/jpeg","type":"image","subtype":"jpeg","icon":"https:\/\/www.bymycar.fr\/webzine\/wp-includes\/images\/media\/default.png","width":2560,"height":1706,"sizes":{"thumbnail":"https:\/\/cdn.bymycar.eu\/fr-webzine\/wp-content\/uploads\/medias\/P90525201_highRes_the-first-ever-bmw-i-150x150.jpg","thumbnail-width":150,"thumbnail-height":150,"medium":"https:\/\/cdn.bymycar.eu\/fr-webzine\/wp-content\/uploads\/medias\/P90525201_highRes_the-first-ever-bmw-i-300x200.jpg","medium-width":300,"medium-height":200,"medium_large":"https:\/\/cdn.bymycar.eu\/fr-webzine\/wp-content\/uploads\/medias\/P90525201_highRes_the-first-ever-bmw-i-768x512.jpg","medium_large-width":768,"medium_large-height":512,"large":"https:\/\/cdn.bymycar.eu\/fr-webzine\/wp-content\/uploads\/medias\/P90525201_highRes_the-first-ever-bmw-i-1024x683.jpg","large-width":1024,"large-height":683,"1536x1536":"https:\/\/cdn.bymycar.eu\/fr-webzine\/wp-content\/uploads\/medias\/P90525201_highRes_the-first-ever-bmw-i-1536x1024.jpg","1536x1536-width":1536,"1536x1536-height":1024,"2048x2048":"https:\/\/cdn.bymycar.eu\/fr-webzine\/wp-content\/uploads\/medias\/P90525201_highRes_the-first-ever-bmw-i-2048x1365.jpg","2048x2048-width":2048,"2048x2048-height":1365}},"page_content":{"block_content":[{"acf_fc_layout":"carousel-produits"},{"acf_fc_layout":"text-simple","--nav":{"-withNav":false,"-ancre":""},"--group":{"-text":"<h2>Crit\u00e8res cl\u00e9s d&rsquo;une BMW d&rsquo;occasion fiable<\/h2>\n<h3>Fiabilit\u00e9 m\u00e9canique<\/h3>\n<p>La fiabilit\u00e9 constitue l&rsquo;\u00e9l\u00e9ment fondamental \u00e0 consid\u00e9rer lors de l&rsquo;achat d&rsquo;une BMW d&rsquo;occasion. Les mod\u00e8les r\u00e9cents b\u00e9n\u00e9ficient d&rsquo;importantes am\u00e9liorations techniques, avec la g\u00e9n\u00e9ration G20 de la S\u00e9rie 3 affichant un excellent taux de fiabilit\u00e9 de 97,3 %, nettement sup\u00e9rieur aux 92,6 % de l&rsquo;ancienne g\u00e9n\u00e9ration F30. Les moteurs les plus recommand\u00e9s sont les r\u00e9put\u00e9s cylindres en ligne, notamment le B48 (essence turbo) \u00e9quipant les mod\u00e8les r\u00e9cents comme la S\u00e9rie 1 et la S\u00e9rie 3, ainsi que le B47\/B57 (diesel) reconnu pour sa robustesse exceptionnelle. Le moteur B58, six cylindres essence turbo, se distingue \u00e9galement par sa long\u00e9vit\u00e9 remarquable et sa fiabilit\u00e9 \u00e9prouv\u00e9e.<\/p>\n<h3>Entretien r\u00e9gulier<\/h3>\n<p>Le respect des intervalles d&rsquo;entretien est crucial pour pr\u00e9server les performances et la long\u00e9vit\u00e9 de votre BMW. Gr\u00e2ce au syst\u00e8me Condition Based Service (CBS), l&rsquo;entretien est d\u00e9sormais adapt\u00e9 \u00e0 l&rsquo;utilisation r\u00e9elle du v\u00e9hicule. Les recommandations actuelles pr\u00e9conisent un remplacement d&rsquo;huile et des filtres tous les 2 ans ou 30 000 km pour les v\u00e9hicules r\u00e9cents, mais cet intervalle devrait \u00eatre r\u00e9duit \u00e0 15 000-20 000 km pour les mod\u00e8les d\u00e9passant les 100 000 km.<\/p>\n<p>Pour les v\u00e9hicules \u00e0 kilom\u00e9trage \u00e9lev\u00e9, un remplacement complet des filtres, bougies et huile moteur est recommand\u00e9 tous les 8 ans ou 120 000 km, avec une attention particuli\u00e8re au syst\u00e8me VANOS d\u00e8s 160 000 km. Un entretien rigoureux garantit la p\u00e9rennit\u00e9 de votre investissement et optimise les performances de votre v\u00e9hicule sur le long terme.<\/p>\n<h3>Technologies embarqu\u00e9es<\/h3>\n<p>Les BMW modernes se distinguent par leurs \u00e9quipements technologiques de pointe. Le syst\u00e8me BMW ConnectedDrive, pr\u00e9curseur de la voiture connect\u00e9e, offre une exp\u00e9rience utilisateur intuitive avec une commande vocale parmi les plus avanc\u00e9es du march\u00e9. L&rsquo;\u00e9quipement technologique varie selon les mod\u00e8les et mill\u00e9simes, mais constitue un crit\u00e8re essentiel dans le choix d&rsquo;une BMW d&rsquo;occasion. Les syst\u00e8mes d&rsquo;aide \u00e0 la conduite, de navigation et de connectivit\u00e9 \u00e9voluent rapidement et peuvent influencer significativement la valeur de revente du v\u00e9hicule.<\/p>\n<p>Les points d&rsquo;inspection majeurs \u00e0 v\u00e9rifier avant l&rsquo;achat sont :<\/p>\n<ul>\n<li>Le carnet d&rsquo;entretien complet avec l&rsquo;historique des r\u00e9visions et r\u00e9parations ;<\/li>\n<li>L&rsquo;\u00e9tat du moteur et la v\u00e9rification de son fonctionnement optimal ;<\/li>\n<li>Le fonctionnement de la bo\u00eete de vitesses manuelle ou automatique ;<\/li>\n<li>L&rsquo;\u00e9tat des trains roulants, suspensions et freins ;<\/li>\n<li>Le bon fonctionnement de tous les \u00e9quipements \u00e9lectroniques et technologies embarqu\u00e9es.<\/li>\n<\/ul>\n<p>Pour vous assurer de faire le bon choix, n&rsquo;h\u00e9sitez pas \u00e0 contacter nos conseillers BYmyCAR qui pourront r\u00e9aliser un contr\u00f4le personnalis\u00e9 et vous guider vers la BMW d&rsquo;occasion correspondant parfaitement \u00e0 vos attentes et \u00e0 votre budget.<\/p>\n<h2>Meilleures BMW d&rsquo;occasion : notre s\u00e9lection<\/h2>\n<h3>BMW S\u00e9rie 1 compacte<\/h3>\n<p>La BMW S\u00e9rie 1 repr\u00e9sente l&rsquo;entr\u00e9e dans l&rsquo;univers premium de la marque bavaroise avec un format compact id\u00e9al pour la ville. Disponible en plusieurs g\u00e9n\u00e9rations (E87, F20, F40), cette berline citadine s\u00e9duit par son comportement routier dynamique et sa maniabilit\u00e9 exceptionnelle. Les motorisations essence offrent un excellent agr\u00e9ment de conduite, tandis que les versions diesel se distinguent par leur sobri\u00e9t\u00e9. La <a href=\"https:\/\/www.bymycar.fr\/v\/bmw-serie-1-occasion\">BMW S\u00e9rie 1 d&rsquo;occasion<\/a> constitue un choix judicieux pour qui recherche une compacte premium dot\u00e9e d&rsquo;une direction pr\u00e9cise et d&rsquo;un comportement routier exemplaire.<\/p>\n<h3>BMW S\u00e9rie 3 la plus fiable<\/h3>\n<p>Reconnue comme la plus fiable de la gamme BMW, la S\u00e9rie 3 (F30\/G20) s&rsquo;impose comme une r\u00e9f\u00e9rence incontournable sur le march\u00e9 de l&rsquo;occasion. Cette berline polyvalente combine \u00e0 merveille dynamisme et confort au quotidien. Les moteurs essence 2.0 litres B48 turbo offrent un \u00e9quilibre parfait entre performances et consommation, tandis que les blocs diesel B47 se distinguent par leur robustesse et leur endurance l\u00e9gendaire. La S\u00e9rie 3 b\u00e9n\u00e9ficie \u00e9galement d&rsquo;une transmission int\u00e9grale xDrive disponible sur certaines versions, garantissant une motricit\u00e9 optimale en toutes circonstances. Sa fiabilit\u00e9 m\u00e9canique exceptionnelle en fait un choix s\u00fbr pour les utilisateurs exigeants.<\/p>\n<h3>BMW S\u00e9rie 5 routi\u00e8re premium<\/h3>\n<p>V\u00e9ritable vitrine technologique de la marque, la BMW S\u00e9rie 5 (F10\/G30) s&rsquo;illustre par son raffinement et son confort de haut niveau. Cette grande routi\u00e8re premium combine \u00e9l\u00e9gance et prestations de premier ordre. Les motorisations diesel six cylindres (B57, M57) se r\u00e9v\u00e8lent particuli\u00e8rement adapt\u00e9es aux longs trajets gr\u00e2ce \u00e0 leur souplesse et leur sobri\u00e9t\u00e9. Les versions essence ne sont pas en reste avec le six cylindres B58, reconnu pour sa fiabilit\u00e9 et ses performances. La transmission int\u00e9grale xDrive, disponible sur de nombreuses variantes, apporte une s\u00e9curit\u00e9 suppl\u00e9mentaire, notamment sur chauss\u00e9e glissante. La S\u00e9rie 5 s\u00e9duira les conducteurs en qu\u00eate d&rsquo;une berline statutaire alliant confort, technologie et plaisir de conduite.<\/p>\n<h3>BMW X3 SUV polyvalent<\/h3>\n<p>Le <a href=\"https:\/\/www.bymycar.fr\/v\/bmw-x3-occasion\">BMW X3<\/a> repr\u00e9sente le SUV compact par excellence dans la gamme du constructeur munichois. Ce mod\u00e8le conjugue avec brio habitabilit\u00e9 g\u00e9n\u00e9reuse, position de conduite sur\u00e9lev\u00e9e et comportement dynamique. Les derni\u00e8res g\u00e9n\u00e9rations proposent une large palette de motorisations, des diesels \u00e9conomiques aux versions hybrides rechargeables offrant jusqu&rsquo;\u00e0 88 km d&rsquo;autonomie en mode \u00e9lectrique. Le X3 se distingue \u00e9galement par sa transmission int\u00e9grale xDrive de s\u00e9rie, garantissant une excellente motricit\u00e9 sur tous types de terrains. Ce SUV polyvalent s&rsquo;adapte parfaitement \u00e0 un usage familial tout en conservant le plaisir de conduite caract\u00e9ristique de la marque.<\/p>\n<h3>BMW i3 100 % \u00e9lectrique<\/h3>\n<p>Pionni\u00e8re de la mobilit\u00e9 \u00e9lectrique chez BMW, <a href=\"https:\/\/www.bymycar.fr\/v\/bmw-i3-occasion\">le mod\u00e8le BMW i3<\/a> se d\u00e9marque par son design avant-gardiste et sa conception innovante. Ce mod\u00e8le 100 % \u00e9lectrique offre une autonomie allant de 190 \u00e0 305 km selon les versions et les batteries (de 22 kWh \u00e0 42 kWh). Parfaitement adapt\u00e9e \u00e0 un usage urbain et p\u00e9riurbain, la BMW i3 s\u00e9duit par sa maniabilit\u00e9, son silence de fonctionnement et ses acc\u00e9l\u00e9rations franches. Son entretien limit\u00e9 et ses co\u00fbts d&rsquo;usage r\u00e9duits en font une option \u00e9conomique sur le long terme. Avec sa structure en fibre de carbone et son habitacle aux mat\u00e9riaux recycl\u00e9s, l&rsquo;i3 incarne l&rsquo;engagement \u00e9cologique de BMW tout en conservant l&rsquo;ADN dynamique de la marque.<\/p>\n<table>\n<thead>\n<tr>\n<th>Mod\u00e8le<\/th>\n<th>Atout majeur<\/th>\n<th>Type de motorisations<\/th>\n<th>Usage id\u00e9al<\/th>\n<\/tr>\n<\/thead>\n<tbody>\n<tr>\n<td>BMW S\u00e9rie 1<\/td>\n<td>Maniabilit\u00e9<\/td>\n<td>Essence, Diesel<\/td>\n<td>Urbain et p\u00e9riurbain<\/td>\n<\/tr>\n<tr>\n<td>BMW S\u00e9rie 3<\/td>\n<td>Fiabilit\u00e9<\/td>\n<td>Essence, Diesel<\/td>\n<td>Polyvalent<\/td>\n<\/tr>\n<tr>\n<td>BMW S\u00e9rie 5<\/td>\n<td>Confort<\/td>\n<td>Essence, Diesel, Hybride<\/td>\n<td>Grands trajets<\/td>\n<\/tr>\n<tr>\n<td>BMW X3<\/td>\n<td>Polyvalence<\/td>\n<td>Essence, Diesel, Hybride rechargeable<\/td>\n<td>Familial<\/td>\n<\/tr>\n<tr>\n<td>BMW i3<\/td>\n<td>\u00c9conomie d&rsquo;usage<\/td>\n<td>100 % \u00e9lectrique<\/td>\n<td>Citadin<\/td>\n<\/tr>\n<\/tbody>\n<\/table>\n<p>Quelle que soit la BMW d&rsquo;occasion que vous choisirez parmi notre s\u00e9lection, vous b\u00e9n\u00e9ficierez de la direction pr\u00e9cise et de la bonne tenue de route qui font la r\u00e9putation de la marque bavaroise.<\/p>\n<h2>Conseils BYmyCAR avant l&rsquo;achat d&rsquo;une BMW d&rsquo;occasion garantie<\/h2>\n<p>Acqu\u00e9rir une BMW d&rsquo;occasion est une d\u00e9cision importante qui m\u00e9rite une pr\u00e9paration minutieuse. Nos experts BYmyCAR vous proposent une m\u00e9thodologie en trois \u00e9tapes pour vous assurer d&rsquo;obtenir un v\u00e9hicule parfaitement fiable et conforme \u00e0 vos attentes.<\/p>\n<h3>Inspection m\u00e9canique<\/h3>\n<p>Une inspection approfondie du v\u00e9hicule constitue la premi\u00e8re \u00e9tape indispensable. Portez une attention particuli\u00e8re au groupe motopropulseur pour d\u00e9tecter d&rsquo;\u00e9ventuelles anomalies.<\/p>\n<p>Examinez notamment :<\/p>\n<ul>\n<li>La pompe \u00e0 eau, composant dont le remplacement pr\u00e9ventif est souvent recommand\u00e9 ;<\/li>\n<li>L&rsquo;\u00e9tat des grandes jantes et des pneumatiques, qui peuvent r\u00e9v\u00e9ler des informations sur l&rsquo;entretien du v\u00e9hicule ;<\/li>\n<li>Le bon fonctionnement du syst\u00e8me de refroidissement ;<\/li>\n<li>Le fonctionnement de tous les \u00e9quipements \u00e9lectroniques et de confort.<\/li>\n<\/ul>\n<p>Un contr\u00f4le m\u00e9canique et esth\u00e9tique \u00e0 360\u00b0 r\u00e9alis\u00e9 par nos techniciens BYmyCAR vous garantit une tranquillit\u00e9 d&rsquo;esprit totale.<\/p>\n<h3>Historique d&rsquo;entretien<\/h3>\n<p>Le carnet d&rsquo;entretien est la carte d&rsquo;identit\u00e9 de votre future BMW.<\/p>\n<p>V\u00e9rifiez syst\u00e9matiquement :<\/p>\n<ul>\n<li>La date de mise en circulation et l&rsquo;historique complet des propri\u00e9taires pr\u00e9c\u00e9dents ;<\/li>\n<li>Le respect des intervalles d&rsquo;entretien pr\u00e9conis\u00e9s par BMW (vidanges, filtres, courroies) ;<\/li>\n<li>Le niveau de finition exact du mod\u00e8le et les \u00e9quipements d&rsquo;origine ;<\/li>\n<li>Les factures d&rsquo;interventions attestant du suivi r\u00e9gulier en concession ou centre agr\u00e9\u00e9.<\/li>\n<\/ul>\n<p>Les documents essentiels \u00e0 v\u00e9rifier sont :<\/p>\n<ul>\n<li>Le certificat d&rsquo;immatriculation (carte grise) ;<\/li>\n<li>Le carnet d&rsquo;entretien BMW complet ;<\/li>\n<li>Les factures des r\u00e9visions et r\u00e9parations ;<\/li>\n<li>Le dernier rapport de contr\u00f4le technique.<\/li>\n<\/ul>\n<p>Ces \u00e9l\u00e9ments vous permettront de confirmer l&rsquo;authenticit\u00e9 du kilom\u00e9trage et l&rsquo;entretien rigoureux du v\u00e9hicule.<\/p>\n<h3>Essai routier accompagn\u00e9<\/h3>\n<p>Un essai routier avec l&rsquo;un de nos conseillers BYmyCAR vous permettra d&rsquo;\u00e9valuer le comportement dynamique de la BMW dans diff\u00e9rentes conditions.<\/p>\n<p>Nous vous recommandons de :<\/p>\n<ul>\n<li>Tester le v\u00e9hicule sur diff\u00e9rents types de routes pour appr\u00e9cier sa tenue de route ;<\/li>\n<li>\u00c9valuer les performances de la transmission int\u00e9grale xDrive, particuli\u00e8rement sur routes glissantes o\u00f9 ce syst\u00e8me r\u00e9v\u00e8le tout son potentiel ;<\/li>\n<li>V\u00e9rifier le fonctionnement de tous les modes de conduite (Eco Pro, Comfort, Sport) ;<\/li>\n<li>Porter attention au comportement g\u00e9n\u00e9ral du v\u00e9hicule et \u00e0 votre niveau de confort au volant.<\/li>\n<\/ul>\n<p>Le syst\u00e8me xDrive offre une adh\u00e9rence exceptionnelle et une s\u00e9curit\u00e9 optimale dans toutes les conditions m\u00e9t\u00e9orologiques, un atout majeur pour votre s\u00e9curit\u00e9 au quotidien.<\/p>\n<p>Pour plus d&rsquo;informations sur les crit\u00e8res de choix sp\u00e9cifiques \u00e0 certains mod\u00e8les, consultez notre guide d\u00e9taill\u00e9 sur les <a href=\"https:\/\/www.bymycar.fr\/v\/bmw-x5-occasion\">BMW X5 d&rsquo;occasion<\/a>.<\/p>\n<h2>Pourquoi choisir une BMW d&rsquo;occasion premium ?<\/h2>\n<p>Opter pour une BMW d&rsquo;occasion, c&rsquo;est faire le choix d&rsquo;une marque allemande reconnue pour son excellence technique et son prestige. Les v\u00e9hicules de la gamme BMW, qu&rsquo;il s&rsquo;agisse de berlines \u00e9l\u00e9gantes ou de SUV haut de gamme, offrent une exp\u00e9rience de conduite unique que vous pouvez d\u00e9sormais vous offrir \u00e0 un tarif plus accessible sur le march\u00e9 de l&rsquo;occasion.<\/p>\n<h3>Valeur de revente et budget ma\u00eetris\u00e9<\/h3>\n<p>Les BMW conservent g\u00e9n\u00e9ralement une excellente valeur r\u00e9siduelle par rapport \u00e0 d&rsquo;autres marques, ce qui en fait un investissement judicieux. Les SUV de la marque comme le X1, le X3 ou le X5 se distinguent particuli\u00e8rement avec des valeurs r\u00e9siduelles remarquables : jusqu&rsquo;\u00e0 62,4 % pour le X1 et 66,6 % pour le X5 apr\u00e8s trois ans d&rsquo;utilisation. Cette d\u00e9cote ma\u00eetris\u00e9e vous permet d&rsquo;acqu\u00e9rir un v\u00e9hicule premium tout en pr\u00e9servant votre budget.<\/p>\n<p>Les motorisations vari\u00e9es propos\u00e9es par BMW vous permettent \u00e9galement d&rsquo;optimiser vos co\u00fbts d&rsquo;usage selon vos besoins : des moteurs diesel \u00e9conomiques pour les grands rouleurs aux versions essence plus dynamiques pour les amateurs de sensations, sans oublier les mod\u00e8les hybrides rechargeables qui combinent performances et sobri\u00e9t\u00e9. Un avantage consid\u00e9rable sur le march\u00e9 de l&rsquo;occasion o\u00f9 le choix est vaste.<\/p>\n<h3>Design \u00e9l\u00e9gant et technologies innovantes<\/h3>\n<p>Le design BMW, reconnaissable entre tous avec sa calandre caract\u00e9ristique, incarne l&rsquo;\u00e9l\u00e9gance sportive allemande. Les lignes fluides et dynamiques des v\u00e9hicules de la marque bavaroise traversent les ann\u00e9es sans prendre une ride, ce qui explique leur attrait persistant sur le march\u00e9 de l&rsquo;occasion.<\/p>\n<p>Au-del\u00e0 de l&rsquo;esth\u00e9tique, les BMW d&rsquo;occasion r\u00e9centes vous donnent acc\u00e8s \u00e0 des technologies innovantes qui \u00e9taient r\u00e9serv\u00e9es au haut de gamme il y a quelques ann\u00e9es. Le syst\u00e8me iDrive, r\u00e9f\u00e9rence en mati\u00e8re d&rsquo;interface homme-machine, l&rsquo;affichage t\u00eate haute (HUD) qui projette les informations essentielles sur le pare-brise, ou encore les syst\u00e8mes d&rsquo;aide \u00e0 la conduite avanc\u00e9s \u00e9quipent d\u00e9sormais de nombreux mod\u00e8les d&rsquo;occasion. Les derni\u00e8res g\u00e9n\u00e9rations b\u00e9n\u00e9ficient m\u00eame d&rsquo;innovations comme les cellules de batterie optimis\u00e9es pour les mod\u00e8les \u00e9lectrifi\u00e9s, offrant une autonomie et une vitesse de charge am\u00e9lior\u00e9es.<\/p>\n<h2>Quelle BMW choisir selon vos besoins : famille, sport ou ville<\/h2>\n<h3>Meilleure BMW sportive<\/h3>\n<p>Vous \u00eates \u00e0 la recherche de sensations fortes et d&rsquo;un v\u00e9hicule \u00e0 la hauteur de vos ambitions sportives ? La <a href=\"https:\/\/www.bymycar.fr\/v\/bmw-m4-competition-occasion\">BMW M4<\/a> s&rsquo;impose comme la r\u00e9f\u00e9rence incontournable. Ce coup\u00e9 d&rsquo;exception d\u00e9livre une puissance remarquable de 530 ch gr\u00e2ce \u00e0 son moteur 6 cylindres en ligne M TwinPower Turbo. Sa transmission int\u00e9grale M xDrive garantit une tenue de route exceptionnelle, tandis que son design muscl\u00e9 ne laisse personne indiff\u00e9rent.<\/p>\n<p>Pour ceux qui recherchent une berline sportive alliant performances et praticit\u00e9 au quotidien, la <a href=\"https:\/\/www.bymycar.fr\/v\/bmw-m3-occasion\">BMW M3<\/a> repr\u00e9sente le parfait compromis. Avec le m\u00eame bloc moteur que sa s\u0153ur M4, elle offre une exp\u00e9rience de conduite tout aussi grisante tout en conservant l&rsquo;aspect pratique d&rsquo;une berline \u00e0 quatre portes. Ces v\u00e9hicules sportifs BMW incarnent l&rsquo;ADN de la marque : dynamisme, pr\u00e9cision et plaisir de conduite sans compromis.<\/p>\n<h3>BMW pour citadines compactes<\/h3>\n<p>La S\u00e9rie 1 d&rsquo;occasion repr\u00e9sente une excellente option pour qui recherche une compacte premium. Cette berline compacte offre un comportement routier dynamique, une qualit\u00e9 de fabrication irr\u00e9prochable et des motorisations efficientes. Id\u00e9ale pour la ville, elle se faufile ais\u00e9ment dans la circulation tout en offrant un confort digne de la marque bavaroise.<\/p>\n<p>La BMW S\u00e9rie 2 Active Tourer constitue \u00e9galement un choix judicieux dans cette cat\u00e9gorie. Ce mod\u00e8le polyvalent, \u00e0 mi-chemin entre monospace et SUV compact, s&rsquo;adapte \u00e0 toutes les situations. Parfaitement dimensionn\u00e9e pour les trajets urbains comme pour les escapades du week-end, elle offre un espace g\u00e9n\u00e9reux et une modularit\u00e9 appr\u00e9ciable. Compagnon id\u00e9al de votre quotidien, l&rsquo;Active Tourer s\u00e9duit par son habitacle premium et ses technologies embarqu\u00e9es. Pour plus de d\u00e9tails sur les options disponibles dans votre budget, n&rsquo;h\u00e9sitez pas \u00e0 consulter nos conseillers BYmyCAR.<\/p>\n<h3>SUV haut de gamme pour longs trajets<\/h3>\n<p>Pour les longs trajets en famille ou les voyages d&rsquo;affaires, le BMW X5 s&rsquo;impose comme la r\u00e9f\u00e9rence absolue. Ce SUV haut de gamme combine confort exceptionnel, technologies de pointe et performances remarquables. Son habitacle spacieux et raffin\u00e9 accueille confortablement jusqu&rsquo;\u00e0 cinq passagers, tandis que son coffre g\u00e9n\u00e9reux absorbe tous les bagages n\u00e9cessaires \u00e0 vos d\u00e9placements. Disponible en version hybride rechargeable xDrive50e, il offre une autonomie \u00e9lectrique appr\u00e9ciable pour une empreinte \u00e9cologique r\u00e9duite.<\/p>\n<p>Amateur d&rsquo;innovation et de conduite \u00e9lectrique ? Le BMW iX3 repr\u00e9sente une alternative s\u00e9duisante. Ce SUV 100 % \u00e9lectrique offre une autonomie pouvant atteindre 800 km et une puissance de recharge de 400 kW. Son int\u00e9rieur high-tech et son confort de conduite en font un compagnon id\u00e9al pour les longs trajets sans \u00e9missions.<\/p>\n<p>Pour affronter toutes les conditions routi\u00e8res en toute s\u00e9r\u00e9nit\u00e9, n&rsquo;h\u00e9sitez pas \u00e0 opter pour la transmission int\u00e9grale xDrive disponible sur la plupart des mod\u00e8les BMW. Ce syst\u00e8me intelligent r\u00e9partit automatiquement la puissance entre les quatre roues pour une adh\u00e9rence et une stabilit\u00e9 optimales, quelles que soient les conditions m\u00e9t\u00e9orologiques.<\/p>\n<h2>Programme BMW Premium Selection : la garantie BYmyCAR<\/h2>\n<p>Choisir un SUV haut de gamme BMW d&rsquo;occasion ne doit pas \u00eatre synonyme de compromis. Le programme BMW Premium Selection propos\u00e9 par BYmyCAR vous offre une exp\u00e9rience d&rsquo;achat privil\u00e9gi\u00e9e avec des garanties exclusives pour votre v\u00e9hicule de seconde main. Chaque BMW labellis\u00e9e Premium Selection b\u00e9n\u00e9ficie d&rsquo;un contr\u00f4le rigoureux et d&rsquo;une certification qui vous assurent une tranquillit\u00e9 d&rsquo;esprit totale.<\/p>\n<h3>Contr\u00f4le 360\u00b0 et assistance 24\/7<\/h3>\n<p>Votre BMW d&rsquo;occasion fait l&rsquo;objet d&rsquo;une inspection compl\u00e8te par nos experts BYmyCAR avant d&rsquo;obtenir le label Premium Selection. Chaque v\u00e9hicule subit des contr\u00f4les m\u00e9caniques et esth\u00e9tiques exhaustifs pour garantir une qualit\u00e9 irr\u00e9prochable. L&rsquo;historique complet et le kilom\u00e9trage sont minutieusement v\u00e9rifi\u00e9s pour vous assurer une transparence totale. Vous b\u00e9n\u00e9ficiez \u00e9galement d&rsquo;une assistance disponible 24 heures sur 24 et 7 jours sur 7, avec un service de d\u00e9pannage et de remorquage sans limitation kilom\u00e9trique pendant toute la dur\u00e9e de votre garantie de 24 mois.<\/p>\n<h3>Services exclusifs et LOA<\/h3>\n<p>Le programme BMW Premium Selection vous donne acc\u00e8s \u00e0 des solutions de financement personnalis\u00e9es, notamment la formule LOA (Location avec Option d&rsquo;Achat) qui s&rsquo;adapte parfaitement \u00e0 vos besoins. Vous profitez \u00e9galement d&rsquo;une protection financi\u00e8re en cas de sinistre avec une indemnit\u00e9 pouvant atteindre 10 % de la valeur d&rsquo;achat de votre v\u00e9hicule. Pour d\u00e9couvrir l&rsquo;ensemble des avantages du programme et explorer notre s\u00e9lection de SUV et berlines BMW Premium Selection, prenez rendez-vous avec nos conseillers BYmyCAR qui vous accompagneront dans le choix du mod\u00e8le correspondant \u00e0 vos attentes.<\/p>\n<h2>FAQ \u2013 tout savoir avant d&rsquo;acheter votre BMW d&rsquo;occasion<\/h2>\n<h3>Quel kilom\u00e9trage pour une BMW d&rsquo;occasion ?<\/h3>\n<p>Entre 90 000 et 150 000 km repr\u00e9sente un excellent compromis sur le march\u00e9 de l&rsquo;occasion. Les moteurs BMW sont con\u00e7us pour durer, surtout avec un entretien rigoureux.<\/p>\n<h3>Quelle BMW S\u00e9rie 1 d&rsquo;occasion est la plus fiable ?<\/h3>\n<p>Les mod\u00e8les produits \u00e0 partir de 2015, \u00e9quip\u00e9s des moteurs B48 (essence) ou B47 (diesel), offrent une fiabilit\u00e9 accrue et constituent un atout majeur pour un achat serein.<\/p>\n<h3>Quelle s\u00e9rie BMW est la plus fiable ?<\/h3>\n<p>La S\u00e9rie 3 (F30) et la S\u00e9rie 5 (G30) sont reconnues pour leur excellente fiabilit\u00e9. Les SUV X3 avec leurs grandes jantes compl\u00e8tent ce trio d&rsquo;excellence.<\/p>\n<h3>Quelle est la meilleure BMW ?<\/h3>\n<p>La S\u00e9rie 5 offre le meilleur \u00e9quilibre entre confort, technologie et performances. Chaque conducteur trouvera son bonheur selon ses priorit\u00e9s et usages.<\/p>\n<h3>Que couvre la garantie Premium BMW ?<\/h3>\n<p>La garantie BMW Premium Selection offre une protection m\u00e9canique compl\u00e8te pendant 24 mois \u00e0 kilom\u00e9trage illimit\u00e9, avec assistance europ\u00e9enne et protection financi\u00e8re en cas de sinistre.<\/p>\n<h2>Informations compl\u00e9mentaires<\/h2>\n<h3>\u00c0 lire \u00e9galement :<\/h3>\n<ul>\n<li><a href=\"https:\/\/www.bymycar.fr\/webzine\/comment-installer-carplay-sur-bmw\/\">Comment installer Carplay sur BMW ?<\/a><\/li>\n<\/ul>\n<h3>Sources :<\/h3>\n<ul>\n<li><a href=\"https:\/\/www.bmwsteagathe.com\/fr\/blogue\/article\/54\/vehicules-doccasion-bmw-un-choix-fiable-pour-durer-des-annees\" target=\"_blank\" rel=\"noopener\">V\u00e9hicules d&rsquo;occasion BMW : un choix fiable pour durer des &#8230;<\/a><\/li>\n<li><a href=\"https:\/\/votreprojetauto.fr\/blog\/meilleur-bmw\/\" target=\"_blank\" rel=\"noopener\">Meilleure BMW : Quel mod\u00e8le choisir en 2025 ?<\/a><\/li>\n<li><a href=\"https:\/\/www.bmw.fr\/fr\/topics\/offres-et-services\/bmw-voitures-d-occasion.html\" target=\"_blank\" rel=\"noopener\">S\u00e9rie 1, X1, X3\u2026 nos voitures d&rsquo;occasion certifi\u00e9es<\/a><\/li>\n<li><a href=\"https:\/\/www.groupe-altitude.com\/intervalles-entretien-bmw\/\" target=\"_blank\" rel=\"noopener\">Le guide complet des intervalles d&rsquo;entretien BMW<\/a><\/li>\n<li><a href=\"https:\/\/usedcars.bmw.co.uk\/\" target=\"_blank\" rel=\"noopener\">BMW Approved Used Cars | BMW UK<\/a><\/li>\n<li><a href=\"https:\/\/www.stratstone.com\/bmw\/approved-used\/\" target=\"_blank\" rel=\"noopener\">BMW Approved Used Cars (Stratstone)<\/a><\/li>\n<li><a href=\"https:\/\/www.hotcars.com\/most-reliable-bmw-engines-ever-built\/\" target=\"_blank\" rel=\"noopener\">10 Most Reliable BMW Engines Ever Built<\/a><\/li>\n<li><a href=\"https:\/\/quarrymotors.co.uk\/the-20-most-reliable-bmw-engines-of-all-time-a-guide-for-enthusiasts\/\" target=\"_blank\" rel=\"noopener\">The 20 Most Reliable BMW Engines: A Guide for Enthusiasts<\/a><\/li>\n<li><a href=\"https:\/\/www.forumbmw.net\/topic-134-bmw-occasion-le-guide-pour-bien-choisir.html\" target=\"_blank\" rel=\"noopener\">BMW occasion, le guide pour bien choisir<\/a><\/li>\n<\/ul>\n"}}]},"add-to-bo":false,"add-carousel-to-footer":true},"yoast_head":"<!-- This site is optimized with the Yoast SEO Premium plugin v26.4 (Yoast SEO v26.4) - https:\/\/yoast.com\/wordpress\/plugins\/seo\/ -->\n<title>Quelle BMW d\u2019occasion choisir ?<\/title>\n<meta name=\"robots\" content=\"index, follow, max-snippet:-1, max-image-preview:large, max-video-preview:-1\" \/>\n<link rel=\"canonical\" href=\"https:\/\/www.bymycar.fr\/webzine\/quelle-bmw-doccasion-choisir\/\" \/>\n<meta property=\"og:locale\" content=\"fr_FR\" \/>\n<meta property=\"og:type\" content=\"article\" \/>\n<meta property=\"og:title\" content=\"Quelle BMW d\u2019occasion choisir ?\" \/>\n<meta property=\"og:url\" content=\"https:\/\/www.bymycar.fr\/webzine\/quelle-bmw-doccasion-choisir\/\" \/>\n<meta property=\"og:site_name\" content=\"Webzine auto BYmyCAR\" \/>\n<meta property=\"article:published_time\" content=\"2024-01-29T13:28:41+00:00\" \/>\n<meta property=\"article:modified_time\" content=\"2025-11-25T09:20:08+00:00\" \/>\n<meta property=\"og:image\" content=\"https:\/\/cdn.bymycar.eu\/fr-webzine\/wp-content\/uploads\/medias\/P90525201_highRes_the-first-ever-bmw-i.jpg\" \/>\n\t<meta property=\"og:image:width\" content=\"2560\" \/>\n\t<meta property=\"og:image:height\" content=\"1706\" \/>\n\t<meta property=\"og:image:type\" content=\"image\/jpeg\" \/>\n<meta name=\"author\" content=\"La R\u00e9daction BYmyCAR\" \/>\n<meta name=\"twitter:card\" content=\"summary_large_image\" \/>\n<meta name=\"twitter:label1\" content=\"\u00c9crit par\" \/>\n\t<meta name=\"twitter:data1\" content=\"La R\u00e9daction BYmyCAR\" \/>\n\t<meta name=\"twitter:label2\" content=\"Dur\u00e9e de lecture estim\u00e9e\" \/>\n\t<meta name=\"twitter:data2\" content=\"1 minute\" \/>\n<script type=\"application\/ld+json\" class=\"yoast-schema-graph\">{\"@context\":\"https:\/\/schema.org\",\"@graph\":[{\"@type\":\"Article\",\"@id\":\"https:\/\/www.bymycar.fr\/webzine\/quelle-bmw-doccasion-choisir\/#article\",\"isPartOf\":{\"@id\":\"https:\/\/www.bymycar.fr\/webzine\/quelle-bmw-doccasion-choisir\/\"},\"author\":{\"name\":\"La R\u00e9daction BYmyCAR\",\"@id\":\"https:\/\/www.bymycar.fr\/webzine\/#\/schema\/person\/8d570fe11eb8929f06c1e6d00f4d9689\"},\"headline\":\"Quelle BMW d\u2019occasion choisir ?\",\"datePublished\":\"2024-01-29T13:28:41+00:00\",\"dateModified\":\"2025-11-25T09:20:08+00:00\",\"mainEntityOfPage\":{\"@id\":\"https:\/\/www.bymycar.fr\/webzine\/quelle-bmw-doccasion-choisir\/\"},\"wordCount\":5,\"publisher\":{\"@id\":\"https:\/\/www.bymycar.fr\/webzine\/#organization\"},\"image\":{\"@id\":\"https:\/\/www.bymycar.fr\/webzine\/quelle-bmw-doccasion-choisir\/#primaryimage\"},\"thumbnailUrl\":\"https:\/\/cdn.bymycar.eu\/fr-webzine\/wp-content\/uploads\/medias\/P90525201_highRes_the-first-ever-bmw-i.jpg\",\"articleSection\":[\"Guide d'achat BMW occasion\"],\"inLanguage\":\"fr-FR\"},{\"@type\":\"WebPage\",\"@id\":\"https:\/\/www.bymycar.fr\/webzine\/quelle-bmw-doccasion-choisir\/\",\"url\":\"https:\/\/www.bymycar.fr\/webzine\/quelle-bmw-doccasion-choisir\/\",\"name\":\"Quelle BMW d\u2019occasion choisir ?\",\"isPartOf\":{\"@id\":\"https:\/\/www.bymycar.fr\/webzine\/#website\"},\"primaryImageOfPage\":{\"@id\":\"https:\/\/www.bymycar.fr\/webzine\/quelle-bmw-doccasion-choisir\/#primaryimage\"},\"image\":{\"@id\":\"https:\/\/www.bymycar.fr\/webzine\/quelle-bmw-doccasion-choisir\/#primaryimage\"},\"thumbnailUrl\":\"https:\/\/cdn.bymycar.eu\/fr-webzine\/wp-content\/uploads\/medias\/P90525201_highRes_the-first-ever-bmw-i.jpg\",\"datePublished\":\"2024-01-29T13:28:41+00:00\",\"dateModified\":\"2025-11-25T09:20:08+00:00\",\"breadcrumb\":{\"@id\":\"https:\/\/www.bymycar.fr\/webzine\/quelle-bmw-doccasion-choisir\/#breadcrumb\"},\"inLanguage\":\"fr-FR\",\"potentialAction\":[{\"@type\":\"ReadAction\",\"target\":[\"https:\/\/www.bymycar.fr\/webzine\/quelle-bmw-doccasion-choisir\/\"]}]},{\"@type\":\"ImageObject\",\"inLanguage\":\"fr-FR\",\"@id\":\"https:\/\/www.bymycar.fr\/webzine\/quelle-bmw-doccasion-choisir\/#primaryimage\",\"url\":\"https:\/\/cdn.bymycar.eu\/fr-webzine\/wp-content\/uploads\/medias\/P90525201_highRes_the-first-ever-bmw-i.jpg\",\"contentUrl\":\"https:\/\/cdn.bymycar.eu\/fr-webzine\/wp-content\/uploads\/medias\/P90525201_highRes_the-first-ever-bmw-i.jpg\",\"width\":2560,\"height\":1706,\"caption\":\"BMW X2, rouge, de face\"},{\"@type\":\"BreadcrumbList\",\"@id\":\"https:\/\/www.bymycar.fr\/webzine\/quelle-bmw-doccasion-choisir\/#breadcrumb\",\"itemListElement\":[{\"@type\":\"ListItem\",\"position\":1,\"name\":\"Accueil\",\"item\":\"https:\/\/www.bymycar.fr\/webzine\/\"},{\"@type\":\"ListItem\",\"position\":2,\"name\":\"Quelle BMW d\u2019occasion choisir ?\"}]},{\"@type\":\"WebSite\",\"@id\":\"https:\/\/www.bymycar.fr\/webzine\/#website\",\"url\":\"https:\/\/www.bymycar.fr\/webzine\/\",\"name\":\"Webzine auto BYmyCAR\",\"description\":\"La magazine auto de BYmyCAR\",\"publisher\":{\"@id\":\"https:\/\/www.bymycar.fr\/webzine\/#organization\"},\"potentialAction\":[{\"@type\":\"SearchAction\",\"target\":{\"@type\":\"EntryPoint\",\"urlTemplate\":\"https:\/\/www.bymycar.fr\/webzine\/?s={search_term_string}\"},\"query-input\":{\"@type\":\"PropertyValueSpecification\",\"valueRequired\":true,\"valueName\":\"search_term_string\"}}],\"inLanguage\":\"fr-FR\"},{\"@type\":\"Organization\",\"@id\":\"https:\/\/www.bymycar.fr\/webzine\/#organization\",\"name\":\"BYmyCAR\",\"url\":\"https:\/\/www.bymycar.fr\/webzine\/\",\"logo\":{\"@type\":\"ImageObject\",\"inLanguage\":\"fr-FR\",\"@id\":\"https:\/\/www.bymycar.fr\/webzine\/#\/schema\/logo\/image\/\",\"url\":\"https:\/\/cdn.bymycar.eu\/fr-webzine\/wp-content\/uploads\/medias\/2017\/08\/logo_DEALER_00000406_001.png\",\"contentUrl\":\"https:\/\/cdn.bymycar.eu\/fr-webzine\/wp-content\/uploads\/medias\/2017\/08\/logo_DEALER_00000406_001.png\",\"width\":2132,\"height\":720,\"caption\":\"BYmyCAR\"},\"image\":{\"@id\":\"https:\/\/www.bymycar.fr\/webzine\/#\/schema\/logo\/image\/\"}},{\"@type\":\"Person\",\"@id\":\"https:\/\/www.bymycar.fr\/webzine\/#\/schema\/person\/8d570fe11eb8929f06c1e6d00f4d9689\",\"name\":\"La R\u00e9daction BYmyCAR\",\"image\":{\"@type\":\"ImageObject\",\"inLanguage\":\"fr-FR\",\"@id\":\"https:\/\/www.bymycar.fr\/webzine\/#\/schema\/person\/image\/\",\"url\":\"https:\/\/secure.gravatar.com\/avatar\/1aa6b039d0ce106989923af4e2d0f2a0c82bb070d5e449f1b9adf082a5863900?s=96&d=mm&r=g\",\"contentUrl\":\"https:\/\/secure.gravatar.com\/avatar\/1aa6b039d0ce106989923af4e2d0f2a0c82bb070d5e449f1b9adf082a5863900?s=96&d=mm&r=g\",\"caption\":\"La R\u00e9daction BYmyCAR\"},\"sameAs\":[\"https:\/\/www.bymycar.fr\/\"]}]}<\/script>\n<!-- \/ Yoast SEO Premium plugin. -->","yoast_head_json":{"title":"Quelle BMW d\u2019occasion choisir ?","robots":{"index":"index","follow":"follow","max-snippet":"max-snippet:-1","max-image-preview":"max-image-preview:large","max-video-preview":"max-video-preview:-1"},"canonical":"https:\/\/www.bymycar.fr\/webzine\/quelle-bmw-doccasion-choisir\/","og_locale":"fr_FR","og_type":"article","og_title":"Quelle BMW d\u2019occasion choisir ?","og_url":"https:\/\/www.bymycar.fr\/webzine\/quelle-bmw-doccasion-choisir\/","og_site_name":"Webzine auto BYmyCAR","article_published_time":"2024-01-29T13:28:41+00:00","article_modified_time":"2025-11-25T09:20:08+00:00","og_image":[{"width":2560,"height":1706,"url":"https:\/\/cdn.bymycar.eu\/fr-webzine\/wp-content\/uploads\/medias\/P90525201_highRes_the-first-ever-bmw-i.jpg","type":"image\/jpeg"}],"author":"La R\u00e9daction BYmyCAR","twitter_card":"summary_large_image","twitter_misc":{"\u00c9crit par":"La R\u00e9daction BYmyCAR","Dur\u00e9e de lecture estim\u00e9e":"1 minute"},"schema":{"@context":"https:\/\/schema.org","@graph":[{"@type":"Article","@id":"https:\/\/www.bymycar.fr\/webzine\/quelle-bmw-doccasion-choisir\/#article","isPartOf":{"@id":"https:\/\/www.bymycar.fr\/webzine\/quelle-bmw-doccasion-choisir\/"},"author":{"name":"La R\u00e9daction BYmyCAR","@id":"https:\/\/www.bymycar.fr\/webzine\/#\/schema\/person\/8d570fe11eb8929f06c1e6d00f4d9689"},"headline":"Quelle BMW d\u2019occasion choisir ?","datePublished":"2024-01-29T13:28:41+00:00","dateModified":"2025-11-25T09:20:08+00:00","mainEntityOfPage":{"@id":"https:\/\/www.bymycar.fr\/webzine\/quelle-bmw-doccasion-choisir\/"},"wordCount":5,"publisher":{"@id":"https:\/\/www.bymycar.fr\/webzine\/#organization"},"image":{"@id":"https:\/\/www.bymycar.fr\/webzine\/quelle-bmw-doccasion-choisir\/#primaryimage"},"thumbnailUrl":"https:\/\/cdn.bymycar.eu\/fr-webzine\/wp-content\/uploads\/medias\/P90525201_highRes_the-first-ever-bmw-i.jpg","articleSection":["Guide d'achat BMW occasion"],"inLanguage":"fr-FR"},{"@type":"WebPage","@id":"https:\/\/www.bymycar.fr\/webzine\/quelle-bmw-doccasion-choisir\/","url":"https:\/\/www.bymycar.fr\/webzine\/quelle-bmw-doccasion-choisir\/","name":"Quelle BMW d\u2019occasion choisir ?","isPartOf":{"@id":"https:\/\/www.bymycar.fr\/webzine\/#website"},"primaryImageOfPage":{"@id":"https:\/\/www.bymycar.fr\/webzine\/quelle-bmw-doccasion-choisir\/#primaryimage"},"image":{"@id":"https:\/\/www.bymycar.fr\/webzine\/quelle-bmw-doccasion-choisir\/#primaryimage"},"thumbnailUrl":"https:\/\/cdn.bymycar.eu\/fr-webzine\/wp-content\/uploads\/medias\/P90525201_highRes_the-first-ever-bmw-i.jpg","datePublished":"2024-01-29T13:28:41+00:00","dateModified":"2025-11-25T09:20:08+00:00","breadcrumb":{"@id":"https:\/\/www.bymycar.fr\/webzine\/quelle-bmw-doccasion-choisir\/#breadcrumb"},"inLanguage":"fr-FR","potentialAction":[{"@type":"ReadAction","target":["https:\/\/www.bymycar.fr\/webzine\/quelle-bmw-doccasion-choisir\/"]}]},{"@type":"ImageObject","inLanguage":"fr-FR","@id":"https:\/\/www.bymycar.fr\/webzine\/quelle-bmw-doccasion-choisir\/#primaryimage","url":"https:\/\/cdn.bymycar.eu\/fr-webzine\/wp-content\/uploads\/medias\/P90525201_highRes_the-first-ever-bmw-i.jpg","contentUrl":"https:\/\/cdn.bymycar.eu\/fr-webzine\/wp-content\/uploads\/medias\/P90525201_highRes_the-first-ever-bmw-i.jpg","width":2560,"height":1706,"caption":"BMW X2, rouge, de face"},{"@type":"BreadcrumbList","@id":"https:\/\/www.bymycar.fr\/webzine\/quelle-bmw-doccasion-choisir\/#breadcrumb","itemListElement":[{"@type":"ListItem","position":1,"name":"Accueil","item":"https:\/\/www.bymycar.fr\/webzine\/"},{"@type":"ListItem","position":2,"name":"Quelle BMW d\u2019occasion choisir ?"}]},{"@type":"WebSite","@id":"https:\/\/www.bymycar.fr\/webzine\/#website","url":"https:\/\/www.bymycar.fr\/webzine\/","name":"Webzine auto BYmyCAR","description":"La magazine auto de BYmyCAR","publisher":{"@id":"https:\/\/www.bymycar.fr\/webzine\/#organization"},"potentialAction":[{"@type":"SearchAction","target":{"@type":"EntryPoint","urlTemplate":"https:\/\/www.bymycar.fr\/webzine\/?s={search_term_string}"},"query-input":{"@type":"PropertyValueSpecification","valueRequired":true,"valueName":"search_term_string"}}],"inLanguage":"fr-FR"},{"@type":"Organization","@id":"https:\/\/www.bymycar.fr\/webzine\/#organization","name":"BYmyCAR","url":"https:\/\/www.bymycar.fr\/webzine\/","logo":{"@type":"ImageObject","inLanguage":"fr-FR","@id":"https:\/\/www.bymycar.fr\/webzine\/#\/schema\/logo\/image\/","url":"https:\/\/cdn.bymycar.eu\/fr-webzine\/wp-content\/uploads\/medias\/2017\/08\/logo_DEALER_00000406_001.png","contentUrl":"https:\/\/cdn.bymycar.eu\/fr-webzine\/wp-content\/uploads\/medias\/2017\/08\/logo_DEALER_00000406_001.png","width":2132,"height":720,"caption":"BYmyCAR"},"image":{"@id":"https:\/\/www.bymycar.fr\/webzine\/#\/schema\/logo\/image\/"}},{"@type":"Person","@id":"https:\/\/www.bymycar.fr\/webzine\/#\/schema\/person\/8d570fe11eb8929f06c1e6d00f4d9689","name":"La R\u00e9daction BYmyCAR","image":{"@type":"ImageObject","inLanguage":"fr-FR","@id":"https:\/\/www.bymycar.fr\/webzine\/#\/schema\/person\/image\/","url":"https:\/\/secure.gravatar.com\/avatar\/1aa6b039d0ce106989923af4e2d0f2a0c82bb070d5e449f1b9adf082a5863900?s=96&d=mm&r=g","contentUrl":"https:\/\/secure.gravatar.com\/avatar\/1aa6b039d0ce106989923af4e2d0f2a0c82bb070d5e449f1b9adf082a5863900?s=96&d=mm&r=g","caption":"La R\u00e9daction BYmyCAR"},"sameAs":["https:\/\/www.bymycar.fr\/"]}]}},"_links":{"self":[{"href":"https:\/\/www.bymycar.fr\/webzine\/wp-json\/wp\/v2\/posts\/44569","targetHints":{"allow":["GET"]}}],"collection":[{"href":"https:\/\/www.bymycar.fr\/webzine\/wp-json\/wp\/v2\/posts"}],"about":[{"href":"https:\/\/www.bymycar.fr\/webzine\/wp-json\/wp\/v2\/types\/post"}],"author":[{"embeddable":true,"href":"https:\/\/www.bymycar.fr\/webzine\/wp-json\/wp\/v2\/users\/88"}],"replies":[{"embeddable":true,"href":"https:\/\/www.bymycar.fr\/webzine\/wp-json\/wp\/v2\/comments?post=44569"}],"version-history":[{"count":12,"href":"https:\/\/www.bymycar.fr\/webzine\/wp-json\/wp\/v2\/posts\/44569\/revisions"}],"predecessor-version":[{"id":62233,"href":"https:\/\/www.bymycar.fr\/webzine\/wp-json\/wp\/v2\/posts\/44569\/revisions\/62233"}],"wp:featuredmedia":[{"embeddable":true,"href":"https:\/\/www.bymycar.fr\/webzine\/wp-json\/wp\/v2\/media\/44579"}],"wp:attachment":[{"href":"https:\/\/www.bymycar.fr\/webzine\/wp-json\/wp\/v2\/media?parent=44569"}],"wp:term":[{"taxonomy":"category","embeddable":true,"href":"https:\/\/www.bymycar.fr\/webzine\/wp-json\/wp\/v2\/categories?post=44569"},{"taxonomy":"post_tag","embeddable":true,"href":"https:\/\/www.bymycar.fr\/webzine\/wp-json\/wp\/v2\/tags?post=44569"}],"curies":[{"name":"wp","href":"https:\/\/api.w.org\/{rel}","templated":true}]}}