{"id":43819,"date":"2023-12-27T11:59:07","date_gmt":"2023-12-27T10:59:07","guid":{"rendered":"https:\/\/prod.bymycar.fr\/webzine\/?p=43819"},"modified":"2025-09-09T11:33:55","modified_gmt":"2025-09-09T09:33:55","slug":"quelle-finition-pour-la-volkswagen-up","status":"publish","type":"post","link":"https:\/\/www.bymycar.fr\/webzine\/quelle-finition-pour-la-volkswagen-up\/","title":{"rendered":"Quelle finition pour la Volkswagen Up! ?"},"content":{"rendered":"","protected":false},"excerpt":{"rendered":"","protected":false},"author":88,"featured_media":43820,"comment_status":"closed","ping_status":"open","sticky":false,"template":"","format":"standard","meta":{"_acf_changed":false,"footnotes":""},"categories":[13001],"tags":[],"class_list":["post-43819","post","type-post","status-publish","format-standard","has-post-thumbnail","hentry","category-guide-dachat-volkswagen-up"],"acf":{"template":"classique","introduction":"<p style=\"text-align: justify;\">Vous \u00eates convaincu par la maniabilit\u00e9 et l\u2019habitabilit\u00e9 de la <a href=\"https:\/\/www.bymycar.fr\/marques\/volkswagen\/up\" target=\"_blank\" rel=\"noopener\">Volkswagen Up!<\/a> ? D\u00e9couvrez les caract\u00e9ristiques, les finitions et les \u00e9quipements de la petite citadine allemande.<\/p>\n","strates":[{"type_strate":"carousel-produits","ancre":"","contenu":"","titre":"Voir les v\u00e9hicules Volkswagen Up! disponibles","image":false,"image_libre":false,"image_800x500":false,"legende":"","zoom":false,"texte":"","articles":false,"categorie_droite":false,"images":false,"elements_comparatif":false,"texte_1":"","texte_2":"","image_1":false,"image_1_563x400":false,"image_1_332x332":false,"image_2":false,"image_2_333x240":false,"image_2_563x400":false,"image_3":false,"image_3_333x240":false,"image_3_332x450":false,"image_4":false,"image_4_332x332":false,"image_4_563x400":false,"code_embed":"","legende_video":"","photo":false,"photo_100x100":false,"nom":"","fonction":"","elements_timeline":false,"entetes_colonnes":false,"entetes_lignes":false,"lignes":false,"introduction":"","formulaire":false,"question":"","reponse":"","libelle_bouton_lien":"","url_lien":"","questions":false,"conclusions":false,"pays":"1","region":"","marque":"5","marqueConcessions":false,"modele":"UP","ptvente":"","typeV":"","collection":"","nombre_maximum_elements":"5","lien_fin_carousel":"https:\/\/www.bymycar.fr\/rechercher-un-vehicule?prod_VEHICLES%5BrefinementList%5D%5Bbrand%5D%5B0%5D=VOLKSWAGEN&prod_VEHICLES%5BrefinementList%5D%5BmodelGroup1%5D%5B0%5D=UP","texte_lien_fin_carousel":"Voir plus","trier_par":"prix"},{"type_strate":"texte-simple","ancre":"","contenu":"<h2 style=\"text-align: justify;\">Quelle est la meilleure finition chez Volkswagen pour la Up! ?<\/h2>\n<h3 style=\"text-align: justify;\">C&rsquo;est quoi la finition R-Line ?<\/h3>\n<p style=\"text-align: justify;\">En septembre 2018, Volkswagen pr\u00e9sente la\u00a0<strong>finition R-Line pour la Up!<\/strong>. Elle modifie principalement l\u2019ext\u00e9rieur du v\u00e9hicule. Les r\u00e9troviseurs sont noirs, les boucliers sont plus grands. Des baguettes lat\u00e9rales de la m\u00eame couleur que la carrosserie sont ajout\u00e9es, comme de petites touches de chrome. Les jantes sont agrandies : 16 pouces en standard et 17 pouces en option.<\/p>\n<h3 style=\"text-align: justify;\">Quelles sont les finitions 2023 de la Up! ?<\/h3>\n<p style=\"text-align: justify;\">La finition d\u2019entr\u00e9e de gamme pour la <a href=\"https:\/\/www.bymycar.fr\/marques\/volkswagen\/up\" target=\"_blank\" rel=\"noopener\">Up!<\/a> de <a href=\"https:\/\/www.bymycar.fr\/marques\/volkswagen\" target=\"_blank\" rel=\"noopener\">Volkswagen<\/a> est la\u00a0<strong>Beats Audio<\/strong>. Elle se caract\u00e9rise par une sellerie en tissu, un syst\u00e8me audio et une planche de bord sp\u00e9cifiques \u00ab Beats Audio \u00bb. Des notes rouges parent la carrosserie, notamment au niveau des r\u00e9troviseurs ext\u00e9rieurs, des jantes et des porti\u00e8res.<\/p>\n<p style=\"text-align: justify;\">Dans la\u00a0<strong>finition GTI<\/strong>, le confort est am\u00e9lior\u00e9 gr\u00e2ce aux si\u00e8ges chauffants \u00e0 l\u2019avant et \u00e0 la climatisation automatique Climatronic. C\u00f4t\u00e9 ext\u00e9rieur, les r\u00e9troviseurs sont d\u00e9givrants. Ils sont r\u00e9glables \u00e9lectriquement.<\/p>\n<p style=\"text-align: justify;\">La\u00a0<strong>finition GNV<\/strong> poss\u00e8de des si\u00e8ges en tissu de type \u00ab Fusion \u00bb. Le si\u00e8ge du conducteur est r\u00e9glable en hauteur.<\/p>\n<h3 style=\"text-align: justify;\">Comment reconna\u00eetre la finition Move Up! ?<\/h3>\n<p style=\"text-align: justify;\">Commercialis\u00e9e jusqu\u2019en 2018, la finition\u00a0<strong>Move Up!<\/strong>\u00a0ajoute des modifications ext\u00e9rieures \u00e0 la voiture comme le Pack couleur et des enjoliveurs sp\u00e9cifiques. L\u2019esth\u00e9tique de l\u2019habitacle de la Volkswagen Up! est am\u00e9lior\u00e9e avec le\u00a0<strong>Pack chrome int\u00e9rieur<\/strong>. Le coffre b\u00e9n\u00e9ficie d\u2019un double plancher.<\/p>\n<h2 style=\"text-align: justify;\">Quelles sont les caract\u00e9ristiques de la citadine Up! ?<\/h2>\n<h3 style=\"text-align: justify;\">O\u00f9 est fabriqu\u00e9e la voiture VW Up! ?<\/h3>\n<p style=\"text-align: justify;\">La Volkswagen Up! est fabriqu\u00e9e en\u00a0<strong>Slovaquie, dans l\u2019usine de Bratislava<\/strong>. Le site de production slovaque construit les Vw Up! pour le march\u00e9 europ\u00e9en et japonais.<\/p>\n<h3 style=\"text-align: justify;\">Comment est l\u2019int\u00e9rieur de la Volkswagen Up! ?<\/h3>\n<p style=\"text-align: justify;\">Le design du rev\u00eatement des si\u00e8ges varie avec chaque finition, mais ils ont tous la m\u00eame caract\u00e9ristique : mod\u00e8les avec appuie-t\u00eate int\u00e9gr\u00e9. Sinon, l\u2019int\u00e9rieur est diff\u00e9rent selon les finitions. Dans la <strong>Up! Beats<\/strong>, la collaboration avec la marque BeatsAudio\u2122 est visible. Son logo et ses couleurs se trouvent au niveau des baguettes de seuil, des si\u00e8ges et du tableau de bord. Dans la <strong>Up! GTI<\/strong>, c\u2019est le rouge qui domine. Il se d\u00e9cline en rayures sur les si\u00e8ges et en coutures d\u00e9coratives sur le levier de vitesses et le volant en cuir. La planche de bord est \u00e9galement rouge, tout comme l\u2019\u00e9clairage d\u2019ambiance. Au sein de l\u2019habitacle de la\u00a0<strong>Up! GNV<\/strong>, ce sont les teintes noires et grises qui sont omnipr\u00e9sentes.<\/p>\n<h3 style=\"text-align: justify;\">Quels sont les \u00e9quipements de Volkswagen Up! ?<\/h3>\n<p style=\"text-align: justify;\">La climatisation manuelle est fournie de s\u00e9rie. Disponible en option, la cam\u00e9ra de recul \u00ab Rear View \u00bb vous aide \u00e0 regarder \u00e0 l\u2019arri\u00e8re. Vous pouvez visualiser la zone couverte par cette cam\u00e9ra sur l\u2019\u00e9cran du syst\u00e8me d\u2019infodivertissement. Des \u00e9quipements d\u2019aide \u00e0 la conduite sont install\u00e9s : un avertisseur de franchissement des lignes d\u00e9limitant la chauss\u00e9e et une aide au stationnement.<\/p>\n<h3 style=\"text-align: justify;\">Quelles sont les motorisations des Vw Up! ?<\/h3>\n<p style=\"text-align: justify;\">Le moteur diff\u00e8re selon les mod\u00e8les :<\/p>\n<ul style=\"text-align: justify;\">\n<li>Beats Audio : essence, 3 cylindres, 12 soupapes, 65 ch, couple 91 Nm \u00e0 2 960 tr\/min, consommation de 5,10 \u00e0 5,30 L aux 100 km, bo\u00eete m\u00e9canique \u00e0 5 rapports<\/li>\n<li>GNV : bicarburation essence GNV, 3 cylindres, 12 soupapes, 68 ch, couple 90 Nm \u00e0 3 000 tr\/min, consommation de 3,80 \u00e0 4,00 L aux 100 km, bo\u00eete m\u00e9canique \u00e0 5 rapports<\/li>\n<li>GTI : essence, 3 cylindres, 12 soupapes, 115 ch, couple 200 Nm \u00e0 2 000 tr\/min, consommation de 5,50 \u00e0 5,70 L aux 100 km, bo\u00eete m\u00e9canique \u00e0 6 rapports<\/li>\n<\/ul>\n<h3 style=\"text-align: justify;\">Quel est le prix de la petite Volkswagen Up! ?<\/h3>\n<p style=\"text-align: justify;\">La voiture Up! de Volkswagen co\u00fbte\u00a0<strong>\u00e0 partir de 19 400 \u20ac* TTC neuve<\/strong> pour la Beats Audio. La Up! GNV se vend \u00e0 partir de 19 820 \u20ac* TTC et la Up! GTI d\u00e8s 23 400 \u20ac* TTC. Si vous souhaitez changer de voiture r\u00e9guli\u00e8rement et b\u00e9n\u00e9ficier d\u2019un service tout compris, optez pour une location longue dur\u00e9e. Avec un apport de 2 000 \u20ac, en d\u00e9duisant 1 500 \u20ac de la prime \u00e0 la conversion, la Up! est accessible \u00e0 partir de 169 \u20ac\/mois. Ce loyer mensuel inclut 3 ans d\u2019entretien, la garantie et l\u2019assistance.<\/p>\n<h3 style=\"text-align: justify;\">Quel est volume du coffre d\u2019une Volkswagen Up! ?<\/h3>\n<p style=\"text-align: justify;\">Le volume du coffre d\u2019une Vw Up! est de\u00a0<strong>251 litres<\/strong>. Les si\u00e8ges rabattables de la banquette arri\u00e8re permettent d\u2019augmenter le volume du coffre. Comme le si\u00e8ge passager avant est totalement rabattable, il vous est possible de transporter des objets longs ou volumineux.<\/p>\n<h3 style=\"text-align: justify;\">Existe-t-il des Volkswagen Up! de couleur noire et \u00e0 5 portes ?<\/h3>\n<p style=\"text-align: justify;\">Dans une Vw Up!, vous profitez de\u00a0<strong>4 places assises et 5 portes<\/strong>. De nombreux coloris existent pour la Up! Le\u00a0<strong>noir intense<\/strong> est la seule teinte nacr\u00e9e qui reste dans le catalogue. Les autres coloris sont m\u00e9tallis\u00e9s : gris tungst\u00e8ne, rouge tornado, bleu adriatique, etc.<\/p>\n<h3 style=\"text-align: justify;\">Quels sont les avis sur la Volkswagen Up! ?<\/h3>\n<p style=\"text-align: justify;\">La Vw Up! est appr\u00e9ci\u00e9e pour ses motorisations vari\u00e9es. Cette petite voiture, adapt\u00e9e \u00e0 la conduite en ville, est \u00e0 la fois \u00e9conomique et propre. Elle existe aussi en version \u00e9lectrique. La Up! GTI apporte un plus \u00e0 l&rsquo;automobiliste gr\u00e2ce aux bo\u00eetiers des r\u00e9troviseurs ext\u00e9rieurs \u00e0 r\u00e9glage \u00e9lectrique.<\/p>\n<p style=\"text-align: justify;\">Retrouvez la <a href=\"https:\/\/www.bymycar.fr\/rechercher-un-vehicule?prod_VEHICLES%5BrefinementList%5D%5Bbrand%5D%5B0%5D=VOLKSWAGEN&amp;prod_VEHICLES%5BrefinementList%5D%5BmodelGroup1%5D%5B0%5D=UP\" target=\"_blank\" rel=\"noopener\">Volkswagen Up!<\/a> et les autres mod\u00e8les de la marque dans nos <a href=\"https:\/\/www.bymycar.fr\/concessions\/volkswagen\" target=\"_blank\" rel=\"noopener\">concessions Volkswagen BYmyCAR<\/a>.<\/p>\n<p style=\"text-align: justify;\">*voir conditions en concession<\/p>\n","titre":"t1","image":false,"image_libre":false,"image_800x500":false,"legende":"","zoom":false,"texte":"","articles":false,"categorie_droite":false,"images":false,"elements_comparatif":false,"texte_1":"","texte_2":"","image_1":false,"image_1_563x400":false,"image_1_332x332":false,"image_2":false,"image_2_333x240":false,"image_2_563x400":false,"image_3":false,"image_3_333x240":false,"image_3_332x450":false,"image_4":false,"image_4_332x332":false,"image_4_563x400":false,"code_embed":"","legende_video":"","photo":false,"photo_100x100":false,"nom":"","fonction":"","elements_timeline":false,"entetes_colonnes":false,"entetes_lignes":false,"lignes":false,"introduction":"","formulaire":false,"question":"","reponse":"","libelle_bouton_lien":"","url_lien":"","questions":false,"conclusions":false,"pays":false,"region":false,"marque":false,"marqueConcessions":false,"modele":false,"ptvente":false,"typeV":false,"collection":false,"nombre_maximum_elements":10,"lien_fin_carousel":"","texte_lien_fin_carousel":"","trier_par":false},{"type_strate":"carousel-produits","ancre":"","contenu":"","titre":"D\u00e9couvrir une s\u00e9lection de Volkswagen Up! ","image":false,"image_libre":false,"image_800x500":false,"legende":"","zoom":false,"texte":"","articles":false,"categorie_droite":false,"images":false,"elements_comparatif":false,"texte_1":"","texte_2":"","image_1":false,"image_1_563x400":false,"image_1_332x332":false,"image_2":false,"image_2_333x240":false,"image_2_563x400":false,"image_3":false,"image_3_333x240":false,"image_3_332x450":false,"image_4":false,"image_4_332x332":false,"image_4_563x400":false,"code_embed":"","legende_video":"","photo":false,"photo_100x100":false,"nom":"","fonction":"","elements_timeline":false,"entetes_colonnes":false,"entetes_lignes":false,"lignes":false,"introduction":"","formulaire":false,"question":"","reponse":"","libelle_bouton_lien":"","url_lien":"","questions":false,"conclusions":false,"pays":"1","region":"","marque":"5","marqueConcessions":false,"modele":"UP","ptvente":"","typeV":"","collection":"","nombre_maximum_elements":"5","lien_fin_carousel":"https:\/\/www.bymycar.fr\/rechercher-un-vehicule?prod_VEHICLES%5BrefinementList%5D%5Bbrand%5D%5B0%5D=VOLKSWAGEN&prod_VEHICLES%5BrefinementList%5D%5BmodelGroup1%5D%5B0%5D=UP","texte_lien_fin_carousel":"Voir plus","trier_par":"nouveaute"}],"is_old_post":false,"image":{"ID":43820,"id":43820,"title":"Der neue Volkswagen up! GTI","filename":"up_GTI-4.jpg","filesize":438880,"url":"https:\/\/cdn.bymycar.eu\/fr-webzine\/wp-content\/uploads\/medias\/up_GTI-4.jpg","link":"https:\/\/www.bymycar.fr\/webzine\/quelle-finition-pour-la-volkswagen-up\/der-neue-volkswagen-up-gti\/","alt":"Volkswagen up rouge en circulation","author":"88","description":"","caption":"","name":"der-neue-volkswagen-up-gti","status":"inherit","uploaded_to":43819,"date":"2023-12-27 10:57:31","modified":"2023-12-27 10:58:38","menu_order":0,"mime_type":"image\/jpeg","type":"image","subtype":"jpeg","icon":"https:\/\/www.bymycar.fr\/webzine\/wp-includes\/images\/media\/default.png","width":2560,"height":1707,"sizes":{"thumbnail":"https:\/\/cdn.bymycar.eu\/fr-webzine\/wp-content\/uploads\/medias\/up_GTI-4-150x150.jpg","thumbnail-width":150,"thumbnail-height":150,"medium":"https:\/\/cdn.bymycar.eu\/fr-webzine\/wp-content\/uploads\/medias\/up_GTI-4-300x200.jpg","medium-width":300,"medium-height":200,"medium_large":"https:\/\/cdn.bymycar.eu\/fr-webzine\/wp-content\/uploads\/medias\/up_GTI-4-768x512.jpg","medium_large-width":768,"medium_large-height":512,"large":"https:\/\/cdn.bymycar.eu\/fr-webzine\/wp-content\/uploads\/medias\/up_GTI-4-1024x683.jpg","large-width":1024,"large-height":683,"1536x1536":"https:\/\/cdn.bymycar.eu\/fr-webzine\/wp-content\/uploads\/medias\/up_GTI-4-1536x1024.jpg","1536x1536-width":1536,"1536x1536-height":1024,"2048x2048":"https:\/\/cdn.bymycar.eu\/fr-webzine\/wp-content\/uploads\/medias\/up_GTI-4-2048x1366.jpg","2048x2048-width":2048,"2048x2048-height":1366}},"page_content":{"block_content":[{"acf_fc_layout":"carousel-produits"},{"acf_fc_layout":"text-simple","--nav":{"-withNav":false,"-ancre":""},"--group":{"-text":"<h2 style=\"text-align: justify;\">Quelle est la meilleure finition chez Volkswagen pour la Up! ?<\/h2>\n<h3 style=\"text-align: justify;\">C&rsquo;est quoi la finition R-Line ?<\/h3>\n<p style=\"text-align: justify;\">En septembre 2018, Volkswagen pr\u00e9sente la\u00a0<strong>finition R-Line pour la Up!<\/strong>. Elle modifie principalement l\u2019ext\u00e9rieur du v\u00e9hicule. Les r\u00e9troviseurs sont noirs, les boucliers sont plus grands. Des baguettes lat\u00e9rales de la m\u00eame couleur que la carrosserie sont ajout\u00e9es, comme de petites touches de chrome. Les jantes sont agrandies : 16 pouces en standard et 17 pouces en option.<\/p>\n<h3 style=\"text-align: justify;\">Quelles sont les finitions 2023 de la Up! ?<\/h3>\n<p style=\"text-align: justify;\">La finition d\u2019entr\u00e9e de gamme pour la <a href=\"https:\/\/www.bymycar.fr\/marques\/volkswagen\/up\" target=\"_blank\" rel=\"noopener\">Up!<\/a> de <a href=\"https:\/\/www.bymycar.fr\/marques\/volkswagen\" target=\"_blank\" rel=\"noopener\">Volkswagen<\/a> est la\u00a0<strong>Beats Audio<\/strong>. Elle se caract\u00e9rise par une sellerie en tissu, un syst\u00e8me audio et une planche de bord sp\u00e9cifiques \u00ab Beats Audio \u00bb. Des notes rouges parent la carrosserie, notamment au niveau des r\u00e9troviseurs ext\u00e9rieurs, des jantes et des porti\u00e8res.<\/p>\n<p style=\"text-align: justify;\">Dans la\u00a0<strong>finition GTI<\/strong>, le confort est am\u00e9lior\u00e9 gr\u00e2ce aux si\u00e8ges chauffants \u00e0 l\u2019avant et \u00e0 la climatisation automatique Climatronic. C\u00f4t\u00e9 ext\u00e9rieur, les r\u00e9troviseurs sont d\u00e9givrants. Ils sont r\u00e9glables \u00e9lectriquement.<\/p>\n<p style=\"text-align: justify;\">La\u00a0<strong>finition GNV<\/strong> poss\u00e8de des si\u00e8ges en tissu de type \u00ab Fusion \u00bb. Le si\u00e8ge du conducteur est r\u00e9glable en hauteur.<\/p>\n<h3 style=\"text-align: justify;\">Comment reconna\u00eetre la finition Move Up! ?<\/h3>\n<p style=\"text-align: justify;\">Commercialis\u00e9e jusqu\u2019en 2018, la finition\u00a0<strong>Move Up!<\/strong>\u00a0ajoute des modifications ext\u00e9rieures \u00e0 la voiture comme le Pack couleur et des enjoliveurs sp\u00e9cifiques. L\u2019esth\u00e9tique de l\u2019habitacle de la Volkswagen Up! est am\u00e9lior\u00e9e avec le\u00a0<strong>Pack chrome int\u00e9rieur<\/strong>. Le coffre b\u00e9n\u00e9ficie d\u2019un double plancher.<\/p>\n<h2 style=\"text-align: justify;\">Quelles sont les caract\u00e9ristiques de la citadine Up! ?<\/h2>\n<h3 style=\"text-align: justify;\">O\u00f9 est fabriqu\u00e9e la voiture VW Up! ?<\/h3>\n<p style=\"text-align: justify;\">La Volkswagen Up! est fabriqu\u00e9e en\u00a0<strong>Slovaquie, dans l\u2019usine de Bratislava<\/strong>. Le site de production slovaque construit les Vw Up! pour le march\u00e9 europ\u00e9en et japonais.<\/p>\n<h3 style=\"text-align: justify;\">Comment est l\u2019int\u00e9rieur de la Volkswagen Up! ?<\/h3>\n<p style=\"text-align: justify;\">Le design du rev\u00eatement des si\u00e8ges varie avec chaque finition, mais ils ont tous la m\u00eame caract\u00e9ristique : mod\u00e8les avec appuie-t\u00eate int\u00e9gr\u00e9. Sinon, l\u2019int\u00e9rieur est diff\u00e9rent selon les finitions. Dans la <strong>Up! Beats<\/strong>, la collaboration avec la marque BeatsAudio\u2122 est visible. Son logo et ses couleurs se trouvent au niveau des baguettes de seuil, des si\u00e8ges et du tableau de bord. Dans la <strong>Up! GTI<\/strong>, c\u2019est le rouge qui domine. Il se d\u00e9cline en rayures sur les si\u00e8ges et en coutures d\u00e9coratives sur le levier de vitesses et le volant en cuir. La planche de bord est \u00e9galement rouge, tout comme l\u2019\u00e9clairage d\u2019ambiance. Au sein de l\u2019habitacle de la\u00a0<strong>Up! GNV<\/strong>, ce sont les teintes noires et grises qui sont omnipr\u00e9sentes.<\/p>\n<h3 style=\"text-align: justify;\">Quels sont les \u00e9quipements de Volkswagen Up! ?<\/h3>\n<p style=\"text-align: justify;\">La climatisation manuelle est fournie de s\u00e9rie. Disponible en option, la cam\u00e9ra de recul \u00ab Rear View \u00bb vous aide \u00e0 regarder \u00e0 l\u2019arri\u00e8re. Vous pouvez visualiser la zone couverte par cette cam\u00e9ra sur l\u2019\u00e9cran du syst\u00e8me d\u2019infodivertissement. Des \u00e9quipements d\u2019aide \u00e0 la conduite sont install\u00e9s : un avertisseur de franchissement des lignes d\u00e9limitant la chauss\u00e9e et une aide au stationnement.<\/p>\n<h3 style=\"text-align: justify;\">Quelles sont les motorisations des Vw Up! ?<\/h3>\n<p style=\"text-align: justify;\">Le moteur diff\u00e8re selon les mod\u00e8les :<\/p>\n<ul style=\"text-align: justify;\">\n<li>Beats Audio : essence, 3 cylindres, 12 soupapes, 65 ch, couple 91 Nm \u00e0 2 960 tr\/min, consommation de 5,10 \u00e0 5,30 L aux 100 km, bo\u00eete m\u00e9canique \u00e0 5 rapports<\/li>\n<li>GNV : bicarburation essence GNV, 3 cylindres, 12 soupapes, 68 ch, couple 90 Nm \u00e0 3 000 tr\/min, consommation de 3,80 \u00e0 4,00 L aux 100 km, bo\u00eete m\u00e9canique \u00e0 5 rapports<\/li>\n<li>GTI : essence, 3 cylindres, 12 soupapes, 115 ch, couple 200 Nm \u00e0 2 000 tr\/min, consommation de 5,50 \u00e0 5,70 L aux 100 km, bo\u00eete m\u00e9canique \u00e0 6 rapports<\/li>\n<\/ul>\n<h3 style=\"text-align: justify;\">Quel est le prix de la petite Volkswagen Up! ?<\/h3>\n<p style=\"text-align: justify;\">La voiture Up! de Volkswagen co\u00fbte\u00a0<strong>\u00e0 partir de 19 400 \u20ac* TTC neuve<\/strong> pour la Beats Audio. La Up! GNV se vend \u00e0 partir de 19 820 \u20ac* TTC et la Up! GTI d\u00e8s 23 400 \u20ac* TTC. Si vous souhaitez changer de voiture r\u00e9guli\u00e8rement et b\u00e9n\u00e9ficier d\u2019un service tout compris, optez pour une location longue dur\u00e9e. Avec un apport de 2 000 \u20ac, en d\u00e9duisant 1 500 \u20ac de la prime \u00e0 la conversion, la Up! est accessible \u00e0 partir de 169 \u20ac\/mois. Ce loyer mensuel inclut 3 ans d\u2019entretien, la garantie et l\u2019assistance.<\/p>\n<h3 style=\"text-align: justify;\">Quel est volume du coffre d\u2019une Volkswagen Up! ?<\/h3>\n<p style=\"text-align: justify;\">Le volume du coffre d\u2019une Vw Up! est de\u00a0<strong>251 litres<\/strong>. Les si\u00e8ges rabattables de la banquette arri\u00e8re permettent d\u2019augmenter le volume du coffre. Comme le si\u00e8ge passager avant est totalement rabattable, il vous est possible de transporter des objets longs ou volumineux.<\/p>\n<h3 style=\"text-align: justify;\">Existe-t-il des Volkswagen Up! de couleur noire et \u00e0 5 portes ?<\/h3>\n<p style=\"text-align: justify;\">Dans une Vw Up!, vous profitez de\u00a0<strong>4 places assises et 5 portes<\/strong>. De nombreux coloris existent pour la Up! Le\u00a0<strong>noir intense<\/strong> est la seule teinte nacr\u00e9e qui reste dans le catalogue. Les autres coloris sont m\u00e9tallis\u00e9s : gris tungst\u00e8ne, rouge tornado, bleu adriatique, etc.<\/p>\n<h3 style=\"text-align: justify;\">Quels sont les avis sur la Volkswagen Up! ?<\/h3>\n<p style=\"text-align: justify;\">La Vw Up! est appr\u00e9ci\u00e9e pour ses motorisations vari\u00e9es. Cette petite voiture, adapt\u00e9e \u00e0 la conduite en ville, est \u00e0 la fois \u00e9conomique et propre. Elle existe aussi en version \u00e9lectrique. La Up! GTI apporte un plus \u00e0 l&rsquo;automobiliste gr\u00e2ce aux bo\u00eetiers des r\u00e9troviseurs ext\u00e9rieurs \u00e0 r\u00e9glage \u00e9lectrique.<\/p>\n<p style=\"text-align: justify;\">Retrouvez la <a href=\"https:\/\/www.bymycar.fr\/rechercher-un-vehicule?prod_VEHICLES%5BrefinementList%5D%5Bbrand%5D%5B0%5D=VOLKSWAGEN&amp;prod_VEHICLES%5BrefinementList%5D%5BmodelGroup1%5D%5B0%5D=UP\" target=\"_blank\" rel=\"noopener\">Volkswagen Up!<\/a> et les autres mod\u00e8les de la marque dans nos <a href=\"https:\/\/www.bymycar.fr\/concessions\/volkswagen\" target=\"_blank\" rel=\"noopener\">concessions Volkswagen BYmyCAR<\/a>.<\/p>\n<p style=\"text-align: justify;\">*voir conditions en concession<\/p>\n"}},{"acf_fc_layout":"carousel-produits"}]},"add-carousel-to-footer":true},"yoast_head":"<!-- This site is optimized with the Yoast SEO Premium plugin v26.4 (Yoast SEO v26.4) - https:\/\/yoast.com\/wordpress\/plugins\/seo\/ -->\n<title>Quelle finition pour la Volkswagen Up! ?<\/title>\n<meta name=\"robots\" content=\"index, follow, max-snippet:-1, max-image-preview:large, max-video-preview:-1\" \/>\n<link rel=\"canonical\" href=\"https:\/\/www.bymycar.fr\/webzine\/quelle-finition-pour-la-volkswagen-up\/\" \/>\n<meta property=\"og:locale\" content=\"fr_FR\" \/>\n<meta property=\"og:type\" content=\"article\" \/>\n<meta property=\"og:title\" content=\"Quelle finition pour la Volkswagen Up! ?\" \/>\n<meta property=\"og:url\" content=\"https:\/\/www.bymycar.fr\/webzine\/quelle-finition-pour-la-volkswagen-up\/\" \/>\n<meta property=\"og:site_name\" content=\"Webzine auto BYmyCAR\" \/>\n<meta property=\"article:published_time\" content=\"2023-12-27T10:59:07+00:00\" \/>\n<meta property=\"article:modified_time\" content=\"2025-09-09T09:33:55+00:00\" \/>\n<meta property=\"og:image\" content=\"https:\/\/cdn.bymycar.eu\/fr-webzine\/wp-content\/uploads\/medias\/up_GTI-4.jpg\" \/>\n\t<meta property=\"og:image:width\" content=\"2560\" \/>\n\t<meta property=\"og:image:height\" content=\"1707\" \/>\n\t<meta property=\"og:image:type\" content=\"image\/jpeg\" \/>\n<meta name=\"author\" content=\"La R\u00e9daction BYmyCAR\" \/>\n<meta name=\"twitter:card\" content=\"summary_large_image\" \/>\n<meta name=\"twitter:label1\" content=\"\u00c9crit par\" \/>\n\t<meta name=\"twitter:data1\" content=\"La R\u00e9daction BYmyCAR\" \/>\n<script type=\"application\/ld+json\" class=\"yoast-schema-graph\">{\"@context\":\"https:\/\/schema.org\",\"@graph\":[{\"@type\":\"Article\",\"@id\":\"https:\/\/www.bymycar.fr\/webzine\/quelle-finition-pour-la-volkswagen-up\/#article\",\"isPartOf\":{\"@id\":\"https:\/\/www.bymycar.fr\/webzine\/quelle-finition-pour-la-volkswagen-up\/\"},\"author\":{\"name\":\"La R\u00e9daction BYmyCAR\",\"@id\":\"https:\/\/www.bymycar.fr\/webzine\/#\/schema\/person\/8d570fe11eb8929f06c1e6d00f4d9689\"},\"headline\":\"Quelle finition pour la Volkswagen Up! ?\",\"datePublished\":\"2023-12-27T10:59:07+00:00\",\"dateModified\":\"2025-09-09T09:33:55+00:00\",\"mainEntityOfPage\":{\"@id\":\"https:\/\/www.bymycar.fr\/webzine\/quelle-finition-pour-la-volkswagen-up\/\"},\"wordCount\":6,\"publisher\":{\"@id\":\"https:\/\/www.bymycar.fr\/webzine\/#organization\"},\"image\":{\"@id\":\"https:\/\/www.bymycar.fr\/webzine\/quelle-finition-pour-la-volkswagen-up\/#primaryimage\"},\"thumbnailUrl\":\"https:\/\/cdn.bymycar.eu\/fr-webzine\/wp-content\/uploads\/medias\/up_GTI-4.jpg\",\"articleSection\":[\"Guide d'achat Volkswagen up!\"],\"inLanguage\":\"fr-FR\"},{\"@type\":\"WebPage\",\"@id\":\"https:\/\/www.bymycar.fr\/webzine\/quelle-finition-pour-la-volkswagen-up\/\",\"url\":\"https:\/\/www.bymycar.fr\/webzine\/quelle-finition-pour-la-volkswagen-up\/\",\"name\":\"Quelle finition pour la Volkswagen Up! ?\",\"isPartOf\":{\"@id\":\"https:\/\/www.bymycar.fr\/webzine\/#website\"},\"primaryImageOfPage\":{\"@id\":\"https:\/\/www.bymycar.fr\/webzine\/quelle-finition-pour-la-volkswagen-up\/#primaryimage\"},\"image\":{\"@id\":\"https:\/\/www.bymycar.fr\/webzine\/quelle-finition-pour-la-volkswagen-up\/#primaryimage\"},\"thumbnailUrl\":\"https:\/\/cdn.bymycar.eu\/fr-webzine\/wp-content\/uploads\/medias\/up_GTI-4.jpg\",\"datePublished\":\"2023-12-27T10:59:07+00:00\",\"dateModified\":\"2025-09-09T09:33:55+00:00\",\"breadcrumb\":{\"@id\":\"https:\/\/www.bymycar.fr\/webzine\/quelle-finition-pour-la-volkswagen-up\/#breadcrumb\"},\"inLanguage\":\"fr-FR\",\"potentialAction\":[{\"@type\":\"ReadAction\",\"target\":[\"https:\/\/www.bymycar.fr\/webzine\/quelle-finition-pour-la-volkswagen-up\/\"]}]},{\"@type\":\"ImageObject\",\"inLanguage\":\"fr-FR\",\"@id\":\"https:\/\/www.bymycar.fr\/webzine\/quelle-finition-pour-la-volkswagen-up\/#primaryimage\",\"url\":\"https:\/\/cdn.bymycar.eu\/fr-webzine\/wp-content\/uploads\/medias\/up_GTI-4.jpg\",\"contentUrl\":\"https:\/\/cdn.bymycar.eu\/fr-webzine\/wp-content\/uploads\/medias\/up_GTI-4.jpg\",\"width\":2560,\"height\":1707,\"caption\":\"Volkswagen up rouge en circulation\"},{\"@type\":\"BreadcrumbList\",\"@id\":\"https:\/\/www.bymycar.fr\/webzine\/quelle-finition-pour-la-volkswagen-up\/#breadcrumb\",\"itemListElement\":[{\"@type\":\"ListItem\",\"position\":1,\"name\":\"Accueil\",\"item\":\"https:\/\/www.bymycar.fr\/webzine\/\"},{\"@type\":\"ListItem\",\"position\":2,\"name\":\"Quelle finition pour la Volkswagen Up! ?\"}]},{\"@type\":\"WebSite\",\"@id\":\"https:\/\/www.bymycar.fr\/webzine\/#website\",\"url\":\"https:\/\/www.bymycar.fr\/webzine\/\",\"name\":\"Webzine auto BYmyCAR\",\"description\":\"La magazine auto de BYmyCAR\",\"publisher\":{\"@id\":\"https:\/\/www.bymycar.fr\/webzine\/#organization\"},\"potentialAction\":[{\"@type\":\"SearchAction\",\"target\":{\"@type\":\"EntryPoint\",\"urlTemplate\":\"https:\/\/www.bymycar.fr\/webzine\/?s={search_term_string}\"},\"query-input\":{\"@type\":\"PropertyValueSpecification\",\"valueRequired\":true,\"valueName\":\"search_term_string\"}}],\"inLanguage\":\"fr-FR\"},{\"@type\":\"Organization\",\"@id\":\"https:\/\/www.bymycar.fr\/webzine\/#organization\",\"name\":\"BYmyCAR\",\"url\":\"https:\/\/www.bymycar.fr\/webzine\/\",\"logo\":{\"@type\":\"ImageObject\",\"inLanguage\":\"fr-FR\",\"@id\":\"https:\/\/www.bymycar.fr\/webzine\/#\/schema\/logo\/image\/\",\"url\":\"https:\/\/cdn.bymycar.eu\/fr-webzine\/wp-content\/uploads\/medias\/2017\/08\/logo_DEALER_00000406_001.png\",\"contentUrl\":\"https:\/\/cdn.bymycar.eu\/fr-webzine\/wp-content\/uploads\/medias\/2017\/08\/logo_DEALER_00000406_001.png\",\"width\":2132,\"height\":720,\"caption\":\"BYmyCAR\"},\"image\":{\"@id\":\"https:\/\/www.bymycar.fr\/webzine\/#\/schema\/logo\/image\/\"}},{\"@type\":\"Person\",\"@id\":\"https:\/\/www.bymycar.fr\/webzine\/#\/schema\/person\/8d570fe11eb8929f06c1e6d00f4d9689\",\"name\":\"La R\u00e9daction BYmyCAR\",\"image\":{\"@type\":\"ImageObject\",\"inLanguage\":\"fr-FR\",\"@id\":\"https:\/\/www.bymycar.fr\/webzine\/#\/schema\/person\/image\/\",\"url\":\"https:\/\/secure.gravatar.com\/avatar\/1aa6b039d0ce106989923af4e2d0f2a0c82bb070d5e449f1b9adf082a5863900?s=96&d=mm&r=g\",\"contentUrl\":\"https:\/\/secure.gravatar.com\/avatar\/1aa6b039d0ce106989923af4e2d0f2a0c82bb070d5e449f1b9adf082a5863900?s=96&d=mm&r=g\",\"caption\":\"La R\u00e9daction BYmyCAR\"},\"sameAs\":[\"https:\/\/www.bymycar.fr\/\"]}]}<\/script>\n<!-- \/ Yoast SEO Premium plugin. -->","yoast_head_json":{"title":"Quelle finition pour la Volkswagen Up! ?","robots":{"index":"index","follow":"follow","max-snippet":"max-snippet:-1","max-image-preview":"max-image-preview:large","max-video-preview":"max-video-preview:-1"},"canonical":"https:\/\/www.bymycar.fr\/webzine\/quelle-finition-pour-la-volkswagen-up\/","og_locale":"fr_FR","og_type":"article","og_title":"Quelle finition pour la Volkswagen Up! ?","og_url":"https:\/\/www.bymycar.fr\/webzine\/quelle-finition-pour-la-volkswagen-up\/","og_site_name":"Webzine auto BYmyCAR","article_published_time":"2023-12-27T10:59:07+00:00","article_modified_time":"2025-09-09T09:33:55+00:00","og_image":[{"width":2560,"height":1707,"url":"https:\/\/cdn.bymycar.eu\/fr-webzine\/wp-content\/uploads\/medias\/up_GTI-4.jpg","type":"image\/jpeg"}],"author":"La R\u00e9daction BYmyCAR","twitter_card":"summary_large_image","twitter_misc":{"\u00c9crit par":"La R\u00e9daction BYmyCAR"},"schema":{"@context":"https:\/\/schema.org","@graph":[{"@type":"Article","@id":"https:\/\/www.bymycar.fr\/webzine\/quelle-finition-pour-la-volkswagen-up\/#article","isPartOf":{"@id":"https:\/\/www.bymycar.fr\/webzine\/quelle-finition-pour-la-volkswagen-up\/"},"author":{"name":"La R\u00e9daction BYmyCAR","@id":"https:\/\/www.bymycar.fr\/webzine\/#\/schema\/person\/8d570fe11eb8929f06c1e6d00f4d9689"},"headline":"Quelle finition pour la Volkswagen Up! ?","datePublished":"2023-12-27T10:59:07+00:00","dateModified":"2025-09-09T09:33:55+00:00","mainEntityOfPage":{"@id":"https:\/\/www.bymycar.fr\/webzine\/quelle-finition-pour-la-volkswagen-up\/"},"wordCount":6,"publisher":{"@id":"https:\/\/www.bymycar.fr\/webzine\/#organization"},"image":{"@id":"https:\/\/www.bymycar.fr\/webzine\/quelle-finition-pour-la-volkswagen-up\/#primaryimage"},"thumbnailUrl":"https:\/\/cdn.bymycar.eu\/fr-webzine\/wp-content\/uploads\/medias\/up_GTI-4.jpg","articleSection":["Guide d'achat Volkswagen up!"],"inLanguage":"fr-FR"},{"@type":"WebPage","@id":"https:\/\/www.bymycar.fr\/webzine\/quelle-finition-pour-la-volkswagen-up\/","url":"https:\/\/www.bymycar.fr\/webzine\/quelle-finition-pour-la-volkswagen-up\/","name":"Quelle finition pour la Volkswagen Up! ?","isPartOf":{"@id":"https:\/\/www.bymycar.fr\/webzine\/#website"},"primaryImageOfPage":{"@id":"https:\/\/www.bymycar.fr\/webzine\/quelle-finition-pour-la-volkswagen-up\/#primaryimage"},"image":{"@id":"https:\/\/www.bymycar.fr\/webzine\/quelle-finition-pour-la-volkswagen-up\/#primaryimage"},"thumbnailUrl":"https:\/\/cdn.bymycar.eu\/fr-webzine\/wp-content\/uploads\/medias\/up_GTI-4.jpg","datePublished":"2023-12-27T10:59:07+00:00","dateModified":"2025-09-09T09:33:55+00:00","breadcrumb":{"@id":"https:\/\/www.bymycar.fr\/webzine\/quelle-finition-pour-la-volkswagen-up\/#breadcrumb"},"inLanguage":"fr-FR","potentialAction":[{"@type":"ReadAction","target":["https:\/\/www.bymycar.fr\/webzine\/quelle-finition-pour-la-volkswagen-up\/"]}]},{"@type":"ImageObject","inLanguage":"fr-FR","@id":"https:\/\/www.bymycar.fr\/webzine\/quelle-finition-pour-la-volkswagen-up\/#primaryimage","url":"https:\/\/cdn.bymycar.eu\/fr-webzine\/wp-content\/uploads\/medias\/up_GTI-4.jpg","contentUrl":"https:\/\/cdn.bymycar.eu\/fr-webzine\/wp-content\/uploads\/medias\/up_GTI-4.jpg","width":2560,"height":1707,"caption":"Volkswagen up rouge en circulation"},{"@type":"BreadcrumbList","@id":"https:\/\/www.bymycar.fr\/webzine\/quelle-finition-pour-la-volkswagen-up\/#breadcrumb","itemListElement":[{"@type":"ListItem","position":1,"name":"Accueil","item":"https:\/\/www.bymycar.fr\/webzine\/"},{"@type":"ListItem","position":2,"name":"Quelle finition pour la Volkswagen Up! ?"}]},{"@type":"WebSite","@id":"https:\/\/www.bymycar.fr\/webzine\/#website","url":"https:\/\/www.bymycar.fr\/webzine\/","name":"Webzine auto BYmyCAR","description":"La magazine auto de BYmyCAR","publisher":{"@id":"https:\/\/www.bymycar.fr\/webzine\/#organization"},"potentialAction":[{"@type":"SearchAction","target":{"@type":"EntryPoint","urlTemplate":"https:\/\/www.bymycar.fr\/webzine\/?s={search_term_string}"},"query-input":{"@type":"PropertyValueSpecification","valueRequired":true,"valueName":"search_term_string"}}],"inLanguage":"fr-FR"},{"@type":"Organization","@id":"https:\/\/www.bymycar.fr\/webzine\/#organization","name":"BYmyCAR","url":"https:\/\/www.bymycar.fr\/webzine\/","logo":{"@type":"ImageObject","inLanguage":"fr-FR","@id":"https:\/\/www.bymycar.fr\/webzine\/#\/schema\/logo\/image\/","url":"https:\/\/cdn.bymycar.eu\/fr-webzine\/wp-content\/uploads\/medias\/2017\/08\/logo_DEALER_00000406_001.png","contentUrl":"https:\/\/cdn.bymycar.eu\/fr-webzine\/wp-content\/uploads\/medias\/2017\/08\/logo_DEALER_00000406_001.png","width":2132,"height":720,"caption":"BYmyCAR"},"image":{"@id":"https:\/\/www.bymycar.fr\/webzine\/#\/schema\/logo\/image\/"}},{"@type":"Person","@id":"https:\/\/www.bymycar.fr\/webzine\/#\/schema\/person\/8d570fe11eb8929f06c1e6d00f4d9689","name":"La R\u00e9daction BYmyCAR","image":{"@type":"ImageObject","inLanguage":"fr-FR","@id":"https:\/\/www.bymycar.fr\/webzine\/#\/schema\/person\/image\/","url":"https:\/\/secure.gravatar.com\/avatar\/1aa6b039d0ce106989923af4e2d0f2a0c82bb070d5e449f1b9adf082a5863900?s=96&d=mm&r=g","contentUrl":"https:\/\/secure.gravatar.com\/avatar\/1aa6b039d0ce106989923af4e2d0f2a0c82bb070d5e449f1b9adf082a5863900?s=96&d=mm&r=g","caption":"La R\u00e9daction BYmyCAR"},"sameAs":["https:\/\/www.bymycar.fr\/"]}]}},"_links":{"self":[{"href":"https:\/\/www.bymycar.fr\/webzine\/wp-json\/wp\/v2\/posts\/43819","targetHints":{"allow":["GET"]}}],"collection":[{"href":"https:\/\/www.bymycar.fr\/webzine\/wp-json\/wp\/v2\/posts"}],"about":[{"href":"https:\/\/www.bymycar.fr\/webzine\/wp-json\/wp\/v2\/types\/post"}],"author":[{"embeddable":true,"href":"https:\/\/www.bymycar.fr\/webzine\/wp-json\/wp\/v2\/users\/88"}],"replies":[{"embeddable":true,"href":"https:\/\/www.bymycar.fr\/webzine\/wp-json\/wp\/v2\/comments?post=43819"}],"version-history":[{"count":2,"href":"https:\/\/www.bymycar.fr\/webzine\/wp-json\/wp\/v2\/posts\/43819\/revisions"}],"predecessor-version":[{"id":43822,"href":"https:\/\/www.bymycar.fr\/webzine\/wp-json\/wp\/v2\/posts\/43819\/revisions\/43822"}],"wp:featuredmedia":[{"embeddable":true,"href":"https:\/\/www.bymycar.fr\/webzine\/wp-json\/wp\/v2\/media\/43820"}],"wp:attachment":[{"href":"https:\/\/www.bymycar.fr\/webzine\/wp-json\/wp\/v2\/media?parent=43819"}],"wp:term":[{"taxonomy":"category","embeddable":true,"href":"https:\/\/www.bymycar.fr\/webzine\/wp-json\/wp\/v2\/categories?post=43819"},{"taxonomy":"post_tag","embeddable":true,"href":"https:\/\/www.bymycar.fr\/webzine\/wp-json\/wp\/v2\/tags?post=43819"}],"curies":[{"name":"wp","href":"https:\/\/api.w.org\/{rel}","templated":true}]}}