{"id":43811,"date":"2023-12-27T10:18:11","date_gmt":"2023-12-27T09:18:11","guid":{"rendered":"https:\/\/prod.bymycar.fr\/webzine\/?p=43811"},"modified":"2025-09-09T11:33:56","modified_gmt":"2025-09-09T09:33:56","slug":"comment-demonter-des-feux-arriere-de-fiat-doblo","status":"publish","type":"post","link":"https:\/\/www.bymycar.fr\/webzine\/comment-demonter-des-feux-arriere-de-fiat-doblo\/","title":{"rendered":"Comment d\u00e9monter des feux arri\u00e8re de Fiat Doblo ?"},"content":{"rendered":"","protected":false},"excerpt":{"rendered":"","protected":false},"author":88,"featured_media":43812,"comment_status":"closed","ping_status":"open","sticky":false,"template":"","format":"standard","meta":{"_acf_changed":false,"footnotes":""},"categories":[12999],"tags":[],"class_list":["post-43811","post","type-post","status-publish","format-standard","has-post-thumbnail","hentry","category-guide-dachat-fiat-doblo"],"acf":{"template":"classique","introduction":"<p style=\"text-align: justify;\">Vos phares ne fonctionnent plus ? Vous avez besoin de changer une ampoule sur votre v\u00e9hicule ? On vous explique comment d\u00e9monter des feux arri\u00e8re de <a href=\"https:\/\/www.bymycar.fr\/marques\/fiat\/doblo\" target=\"_blank\" rel=\"noopener\">Fiat Doblo<\/a> rapidement et efficacement.<\/p>\n","strates":[{"type_strate":"carousel-produits","ancre":"","contenu":"","titre":"Voir les v\u00e9hicules Fiat Doblo disponibles","image":false,"image_libre":false,"image_800x500":false,"legende":"","zoom":false,"texte":"","articles":false,"categorie_droite":false,"images":false,"elements_comparatif":false,"texte_1":"","texte_2":"","image_1":false,"image_1_563x400":false,"image_1_332x332":false,"image_2":false,"image_2_333x240":false,"image_2_563x400":false,"image_3":false,"image_3_333x240":false,"image_3_332x450":false,"image_4":false,"image_4_332x332":false,"image_4_563x400":false,"code_embed":"","legende_video":"","photo":false,"photo_100x100":false,"nom":"","fonction":"","elements_timeline":false,"entetes_colonnes":false,"entetes_lignes":false,"lignes":false,"introduction":"","formulaire":false,"question":"","reponse":"","libelle_bouton_lien":"","url_lien":"","questions":false,"conclusions":false,"pays":"1","region":"","marque":"9","marqueConcessions":false,"modele":"DOBLO","ptvente":"","typeV":"","collection":"","nombre_maximum_elements":"5","lien_fin_carousel":"https:\/\/www.bymycar.fr\/rechercher-un-vehicule?prod_VEHICLES%5BrefinementList%5D%5Bbrand%5D%5B0%5D=FIAT&prod_VEHICLES%5BrefinementList%5D%5BmodelGroup1%5D%5B0%5D=DOBLO","texte_lien_fin_carousel":"Voir plus","trier_par":"prix"},{"type_strate":"texte-simple","ancre":"","contenu":"<h2 style=\"text-align: justify;\">Pourquoi changer des feux arri\u00e8re de Fiat Doblo ?<\/h2>\n<p style=\"text-align: justify;\"><strong>D\u00e9monter les feux arri\u00e8re de votre <a href=\"https:\/\/www.bymycar.fr\/marques\/fiat\/doblo\" target=\"_blank\" rel=\"noopener\">Fiat Doblo<\/a> <\/strong>peut \u00eatre n\u00e9cessaire dans diverses situations.<\/p>\n<p style=\"text-align: justify;\">Si une ou plusieurs ampoules des feux arri\u00e8re sont grill\u00e9es, vous devez retirer le feu arri\u00e8re pour acc\u00e9der aux ampoules et les remplacer.<\/p>\n<p style=\"text-align: justify;\">En cas de probl\u00e8mes \u00e9lectriques, comme des c\u00e2bles endommag\u00e9s ou d\u00e9connect\u00e9s, le d\u00e9montage peut \u00eatre n\u00e9cessaire pour inspecter et tout r\u00e9parer.<\/p>\n<p style=\"text-align: justify;\">Si vous souhaitez personnaliser votre Fiat Doblo, rien ne vous emp\u00eache de remplacer les feux arri\u00e8re d&rsquo;origine par des feux de style diff\u00e9rent.<\/p>\n<p style=\"text-align: justify;\"><strong>D\u00e9monter un feu arri\u00e8re <\/strong>peut \u00e9galement \u00eatre n\u00e9cessaire pour r\u00e9parer le bo\u00eetier de feu ou le remplacer s&rsquo;il est endommag\u00e9.<\/p>\n<p style=\"text-align: justify;\">Enfin, lorsque vous effectuez des r\u00e9parations de carrosserie sur votre Fiat Doblo, vous allez peut-\u00eatre avoir besoin de d\u00e9monter les feux arri\u00e8re pour avoir un meilleur acc\u00e8s \u00e0 certaines zones.<\/p>\n<p style=\"text-align: justify;\">\n<h3 style=\"text-align: justify;\"><strong>Pourquoi<\/strong> les feux arri\u00e8re ne\u00a0<strong>fonctionnent plus<\/strong> sur mon Fiat Doblo ?<\/h3>\n<p style=\"text-align: justify;\"><strong>Les feux arri\u00e8re de votre Fiat Doblo ne fonctionnent plus <\/strong>? Voici quelques causes potentielles \u00e0 examiner :<\/p>\n<ul style=\"text-align: justify;\">\n<li>Des ampoules grill\u00e9es ou qui ne fonctionnent plus.<\/li>\n<li>Des fusibles d\u00e9fectueux.<\/li>\n<li>Des probl\u00e8mes de c\u00e2blage.<\/li>\n<li>Un interrupteur de feu arri\u00e8re d\u00e9fectueux.<\/li>\n<li>Des probl\u00e8mes de relais \u00e9lectrique.<\/li>\n<li>Un dysfonctionnement du bo\u00eetier de commande \u00e9lectronique.<\/li>\n<li>Des d\u00e9fauts dans le syst\u00e8me de freinage.<\/li>\n<\/ul>\n<p style=\"text-align: justify;\">Bien s\u00fbr, il peut y avoir d&rsquo;autres causes \u00e0 vos probl\u00e8mes de feux arri\u00e8re. Si vous souhaitez un avis plus pr\u00e9cis, faites appel \u00e0 un m\u00e9canicien professionnel.<\/p>\n<p style=\"text-align: justify;\">Il existe plusieurs raisons pour lesquelles les feux arri\u00e8re de votre Fiat Doblo peuvent cesser de fonctionner. L&rsquo;une des causes les plus courantes est un <strong>fusible grill\u00e9<\/strong> qui coupe le circuit \u00e9lectrique et emp\u00eache les feux de s&rsquo;allumer. Il est donc recommand\u00e9 de v\u00e9rifier les fusibles correspondant aux feux arri\u00e8re en premier lieu.<\/p>\n<p style=\"text-align: justify;\">Une autre cause possible est une <strong>platine des feux corrod\u00e9e<\/strong>. Lorsque de l\u2019eau s\u2019infiltre dans les prises de masse ou \u00e0 la platine des feux, ces \u00e9l\u00e9ments subissent une corrosion qui peut conduire \u00e0 un dysfonctionnement.<\/p>\n<p style=\"text-align: justify;\">Enfin, un <strong>connecteur grill\u00e9<\/strong> suite \u00e0 un changement d&rsquo;ampoules pourrait \u00e9galement \u00eatre \u00e0 l&rsquo;origine du probl\u00e8me. Dans ce cas, il serait n\u00e9cessaire de d\u00e9monter le connecteur pour en v\u00e9rifier l&rsquo;\u00e9tat.<\/p>\n<h2 style=\"text-align: justify;\"><strong>Changer une ampoule<\/strong> de Fiat Doblo : le tuto complet<\/h2>\n<p style=\"text-align: justify;\"><strong>D\u00e9monter les feux arri\u00e8re de votre Fiat Doblo <\/strong>et changer l&rsquo;ampoule est relativement simple. Suivez les instructions suivantes :<\/p>\n<ol style=\"text-align: justify;\">\n<li>Ouvrez le hayon arri\u00e8re de votre Fiat Doblo pour acc\u00e9der aux feux arri\u00e8re.<\/li>\n<li>Localisez la zone entre le joint en caoutchouc et le feu arri\u00e8re pour rep\u00e9rer les deux boulons de fixation.<\/li>\n<li>Avec une cl\u00e9 appropri\u00e9e, d\u00e9vissez les deux boulons de fixation et conservez-les pour remonter les feux arri\u00e8re plus tard.<\/li>\n<li>Localisez la plaque sup\u00e9rieure du haut-parleur situ\u00e9e \u00e0 proximit\u00e9 du feu arri\u00e8re et avec un tournevis plat retirez les inserts en plastique, puis la plaque.<\/li>\n<li>Localisez le boulon de fixation arri\u00e8re et utilisez \u00e0 nouveau votre cl\u00e9 pour le d\u00e9visser.<\/li>\n<li>Retirez le feu arri\u00e8re de son emplacement en le tirant doucement vers vous.<\/li>\n<li>D\u00e9brancher le connecteur qui alimente les ampoules en appliquant une pression sur la languette de verrouillage.<\/li>\n<li>Tournez l&rsquo;ampoule pour la retirer et la remplacer par une ampoule neuve.<\/li>\n<li>Remontez l&rsquo;ensemble des \u00e9l\u00e9ments et le tour est jou\u00e9 !<\/li>\n<\/ol>\n<p style=\"text-align: justify;\">Vous savez maintenant tout pour r\u00e9ussir \u00e0 <strong>d\u00e9monter (et remonter) les feux arri\u00e8re de votre Fiat Doblo<\/strong>.<\/p>\n<p style=\"text-align: justify;\">Retrouvez la Fiat Doblo ainsi que tous les autres mod\u00e8les de la marque dans nos <a href=\"https:\/\/www.bymycar.fr\/concessions\/fiat\" target=\"_blank\" rel=\"noopener\">concessions Fiat BYmyCAR<\/a>.<\/p>\n","titre":"t1","image":false,"image_libre":false,"image_800x500":false,"legende":"","zoom":false,"texte":"","articles":false,"categorie_droite":false,"images":false,"elements_comparatif":false,"texte_1":"","texte_2":"","image_1":false,"image_1_563x400":false,"image_1_332x332":false,"image_2":false,"image_2_333x240":false,"image_2_563x400":false,"image_3":false,"image_3_333x240":false,"image_3_332x450":false,"image_4":false,"image_4_332x332":false,"image_4_563x400":false,"code_embed":"","legende_video":"","photo":false,"photo_100x100":false,"nom":"","fonction":"","elements_timeline":false,"entetes_colonnes":false,"entetes_lignes":false,"lignes":false,"introduction":"","formulaire":false,"question":"","reponse":"","libelle_bouton_lien":"","url_lien":"","questions":false,"conclusions":false,"pays":false,"region":false,"marque":false,"marqueConcessions":false,"modele":false,"ptvente":false,"typeV":false,"collection":false,"nombre_maximum_elements":10,"lien_fin_carousel":"","texte_lien_fin_carousel":"","trier_par":false},{"type_strate":"carousel-produits","ancre":"","contenu":"","titre":"D\u00e9couvrir une s\u00e9lection de v\u00e9hicules Fiat Doblo ","image":false,"image_libre":false,"image_800x500":false,"legende":"","zoom":false,"texte":"","articles":false,"categorie_droite":false,"images":false,"elements_comparatif":false,"texte_1":"","texte_2":"","image_1":false,"image_1_563x400":false,"image_1_332x332":false,"image_2":false,"image_2_333x240":false,"image_2_563x400":false,"image_3":false,"image_3_333x240":false,"image_3_332x450":false,"image_4":false,"image_4_332x332":false,"image_4_563x400":false,"code_embed":"","legende_video":"","photo":false,"photo_100x100":false,"nom":"","fonction":"","elements_timeline":false,"entetes_colonnes":false,"entetes_lignes":false,"lignes":false,"introduction":"","formulaire":false,"question":"","reponse":"","libelle_bouton_lien":"","url_lien":"","questions":false,"conclusions":false,"pays":"1","region":"","marque":"9","marqueConcessions":false,"modele":"DOBLO","ptvente":"","typeV":"","collection":"","nombre_maximum_elements":"5","lien_fin_carousel":"https:\/\/www.bymycar.fr\/rechercher-un-vehicule?prod_VEHICLES%5BrefinementList%5D%5Bbrand%5D%5B0%5D=FIAT&prod_VEHICLES%5BrefinementList%5D%5BmodelGroup1%5D%5B0%5D=DOBLO","texte_lien_fin_carousel":"Voir plus","trier_par":"nouveaute"}],"is_old_post":false,"image":{"ID":43812,"id":43812,"title":"FIATProfessionalDobl (1)","filename":"FIATProfessionalDobl-1.jpg","filesize":476044,"url":"https:\/\/cdn.bymycar.eu\/fr-webzine\/wp-content\/uploads\/medias\/FIATProfessionalDobl-1.jpg","link":"https:\/\/www.bymycar.fr\/webzine\/comment-demonter-des-feux-arriere-de-fiat-doblo\/fiatprofessionaldobl-1\/","alt":"Fiat doblo blanc","author":"88","description":"","caption":"","name":"fiatprofessionaldobl-1","status":"inherit","uploaded_to":43811,"date":"2023-12-27 09:16:34","modified":"2023-12-27 09:17:03","menu_order":0,"mime_type":"image\/jpeg","type":"image","subtype":"jpeg","icon":"https:\/\/www.bymycar.fr\/webzine\/wp-includes\/images\/media\/default.png","width":2560,"height":1707,"sizes":{"thumbnail":"https:\/\/cdn.bymycar.eu\/fr-webzine\/wp-content\/uploads\/medias\/FIATProfessionalDobl-1-150x150.jpg","thumbnail-width":150,"thumbnail-height":150,"medium":"https:\/\/cdn.bymycar.eu\/fr-webzine\/wp-content\/uploads\/medias\/FIATProfessionalDobl-1-300x200.jpg","medium-width":300,"medium-height":200,"medium_large":"https:\/\/cdn.bymycar.eu\/fr-webzine\/wp-content\/uploads\/medias\/FIATProfessionalDobl-1-768x512.jpg","medium_large-width":768,"medium_large-height":512,"large":"https:\/\/cdn.bymycar.eu\/fr-webzine\/wp-content\/uploads\/medias\/FIATProfessionalDobl-1-1024x683.jpg","large-width":1024,"large-height":683,"1536x1536":"https:\/\/cdn.bymycar.eu\/fr-webzine\/wp-content\/uploads\/medias\/FIATProfessionalDobl-1-1536x1024.jpg","1536x1536-width":1536,"1536x1536-height":1024,"2048x2048":"https:\/\/cdn.bymycar.eu\/fr-webzine\/wp-content\/uploads\/medias\/FIATProfessionalDobl-1-2048x1365.jpg","2048x2048-width":2048,"2048x2048-height":1365}},"page_content":{"block_content":[{"acf_fc_layout":"carousel-produits"},{"acf_fc_layout":"text-simple","--nav":{"-withNav":false,"-ancre":""},"--group":{"-text":"<h2 style=\"text-align: justify;\">Pourquoi changer des feux arri\u00e8re de Fiat Doblo ?<\/h2>\n<p style=\"text-align: justify;\"><strong>D\u00e9monter les feux arri\u00e8re de votre <a href=\"https:\/\/www.bymycar.fr\/marques\/fiat\/doblo\" target=\"_blank\" rel=\"noopener\">Fiat Doblo<\/a> <\/strong>peut \u00eatre n\u00e9cessaire dans diverses situations.<\/p>\n<p style=\"text-align: justify;\">Si une ou plusieurs ampoules des feux arri\u00e8re sont grill\u00e9es, vous devez retirer le feu arri\u00e8re pour acc\u00e9der aux ampoules et les remplacer.<\/p>\n<p style=\"text-align: justify;\">En cas de probl\u00e8mes \u00e9lectriques, comme des c\u00e2bles endommag\u00e9s ou d\u00e9connect\u00e9s, le d\u00e9montage peut \u00eatre n\u00e9cessaire pour inspecter et tout r\u00e9parer.<\/p>\n<p style=\"text-align: justify;\">Si vous souhaitez personnaliser votre Fiat Doblo, rien ne vous emp\u00eache de remplacer les feux arri\u00e8re d&rsquo;origine par des feux de style diff\u00e9rent.<\/p>\n<p style=\"text-align: justify;\"><strong>D\u00e9monter un feu arri\u00e8re <\/strong>peut \u00e9galement \u00eatre n\u00e9cessaire pour r\u00e9parer le bo\u00eetier de feu ou le remplacer s&rsquo;il est endommag\u00e9.<\/p>\n<p style=\"text-align: justify;\">Enfin, lorsque vous effectuez des r\u00e9parations de carrosserie sur votre Fiat Doblo, vous allez peut-\u00eatre avoir besoin de d\u00e9monter les feux arri\u00e8re pour avoir un meilleur acc\u00e8s \u00e0 certaines zones.<\/p>\n<p style=\"text-align: justify;\">\n<h3 style=\"text-align: justify;\"><strong>Pourquoi<\/strong> les feux arri\u00e8re ne\u00a0<strong>fonctionnent plus<\/strong> sur mon Fiat Doblo ?<\/h3>\n<p style=\"text-align: justify;\"><strong>Les feux arri\u00e8re de votre Fiat Doblo ne fonctionnent plus <\/strong>? Voici quelques causes potentielles \u00e0 examiner :<\/p>\n<ul style=\"text-align: justify;\">\n<li>Des ampoules grill\u00e9es ou qui ne fonctionnent plus.<\/li>\n<li>Des fusibles d\u00e9fectueux.<\/li>\n<li>Des probl\u00e8mes de c\u00e2blage.<\/li>\n<li>Un interrupteur de feu arri\u00e8re d\u00e9fectueux.<\/li>\n<li>Des probl\u00e8mes de relais \u00e9lectrique.<\/li>\n<li>Un dysfonctionnement du bo\u00eetier de commande \u00e9lectronique.<\/li>\n<li>Des d\u00e9fauts dans le syst\u00e8me de freinage.<\/li>\n<\/ul>\n<p style=\"text-align: justify;\">Bien s\u00fbr, il peut y avoir d&rsquo;autres causes \u00e0 vos probl\u00e8mes de feux arri\u00e8re. Si vous souhaitez un avis plus pr\u00e9cis, faites appel \u00e0 un m\u00e9canicien professionnel.<\/p>\n<p style=\"text-align: justify;\">Il existe plusieurs raisons pour lesquelles les feux arri\u00e8re de votre Fiat Doblo peuvent cesser de fonctionner. L&rsquo;une des causes les plus courantes est un <strong>fusible grill\u00e9<\/strong> qui coupe le circuit \u00e9lectrique et emp\u00eache les feux de s&rsquo;allumer. Il est donc recommand\u00e9 de v\u00e9rifier les fusibles correspondant aux feux arri\u00e8re en premier lieu.<\/p>\n<p style=\"text-align: justify;\">Une autre cause possible est une <strong>platine des feux corrod\u00e9e<\/strong>. Lorsque de l\u2019eau s\u2019infiltre dans les prises de masse ou \u00e0 la platine des feux, ces \u00e9l\u00e9ments subissent une corrosion qui peut conduire \u00e0 un dysfonctionnement.<\/p>\n<p style=\"text-align: justify;\">Enfin, un <strong>connecteur grill\u00e9<\/strong> suite \u00e0 un changement d&rsquo;ampoules pourrait \u00e9galement \u00eatre \u00e0 l&rsquo;origine du probl\u00e8me. Dans ce cas, il serait n\u00e9cessaire de d\u00e9monter le connecteur pour en v\u00e9rifier l&rsquo;\u00e9tat.<\/p>\n<h2 style=\"text-align: justify;\"><strong>Changer une ampoule<\/strong> de Fiat Doblo : le tuto complet<\/h2>\n<p style=\"text-align: justify;\"><strong>D\u00e9monter les feux arri\u00e8re de votre Fiat Doblo <\/strong>et changer l&rsquo;ampoule est relativement simple. Suivez les instructions suivantes :<\/p>\n<ol style=\"text-align: justify;\">\n<li>Ouvrez le hayon arri\u00e8re de votre Fiat Doblo pour acc\u00e9der aux feux arri\u00e8re.<\/li>\n<li>Localisez la zone entre le joint en caoutchouc et le feu arri\u00e8re pour rep\u00e9rer les deux boulons de fixation.<\/li>\n<li>Avec une cl\u00e9 appropri\u00e9e, d\u00e9vissez les deux boulons de fixation et conservez-les pour remonter les feux arri\u00e8re plus tard.<\/li>\n<li>Localisez la plaque sup\u00e9rieure du haut-parleur situ\u00e9e \u00e0 proximit\u00e9 du feu arri\u00e8re et avec un tournevis plat retirez les inserts en plastique, puis la plaque.<\/li>\n<li>Localisez le boulon de fixation arri\u00e8re et utilisez \u00e0 nouveau votre cl\u00e9 pour le d\u00e9visser.<\/li>\n<li>Retirez le feu arri\u00e8re de son emplacement en le tirant doucement vers vous.<\/li>\n<li>D\u00e9brancher le connecteur qui alimente les ampoules en appliquant une pression sur la languette de verrouillage.<\/li>\n<li>Tournez l&rsquo;ampoule pour la retirer et la remplacer par une ampoule neuve.<\/li>\n<li>Remontez l&rsquo;ensemble des \u00e9l\u00e9ments et le tour est jou\u00e9 !<\/li>\n<\/ol>\n<p style=\"text-align: justify;\">Vous savez maintenant tout pour r\u00e9ussir \u00e0 <strong>d\u00e9monter (et remonter) les feux arri\u00e8re de votre Fiat Doblo<\/strong>.<\/p>\n<p style=\"text-align: justify;\">Retrouvez la Fiat Doblo ainsi que tous les autres mod\u00e8les de la marque dans nos <a href=\"https:\/\/www.bymycar.fr\/concessions\/fiat\" target=\"_blank\" rel=\"noopener\">concessions Fiat BYmyCAR<\/a>.<\/p>\n"}},{"acf_fc_layout":"carousel-produits"}]},"add-carousel-to-footer":true},"yoast_head":"<!-- This site is optimized with the Yoast SEO Premium plugin v26.4 (Yoast SEO v26.4) - https:\/\/yoast.com\/wordpress\/plugins\/seo\/ -->\n<title>Comment d\u00e9monter des feux arri\u00e8re de Fiat Doblo ?<\/title>\n<meta name=\"robots\" content=\"index, follow, max-snippet:-1, max-image-preview:large, max-video-preview:-1\" \/>\n<link rel=\"canonical\" href=\"https:\/\/www.bymycar.fr\/webzine\/comment-demonter-des-feux-arriere-de-fiat-doblo\/\" \/>\n<meta property=\"og:locale\" content=\"fr_FR\" \/>\n<meta property=\"og:type\" content=\"article\" \/>\n<meta property=\"og:title\" content=\"Comment d\u00e9monter des feux arri\u00e8re de Fiat Doblo ?\" \/>\n<meta property=\"og:url\" content=\"https:\/\/www.bymycar.fr\/webzine\/comment-demonter-des-feux-arriere-de-fiat-doblo\/\" \/>\n<meta property=\"og:site_name\" content=\"Webzine auto BYmyCAR\" \/>\n<meta property=\"article:published_time\" content=\"2023-12-27T09:18:11+00:00\" \/>\n<meta property=\"article:modified_time\" content=\"2025-09-09T09:33:56+00:00\" \/>\n<meta property=\"og:image\" content=\"https:\/\/cdn.bymycar.eu\/fr-webzine\/wp-content\/uploads\/medias\/FIATProfessionalDobl-1.jpg\" \/>\n\t<meta property=\"og:image:width\" content=\"2560\" \/>\n\t<meta property=\"og:image:height\" content=\"1707\" \/>\n\t<meta property=\"og:image:type\" content=\"image\/jpeg\" \/>\n<meta name=\"author\" content=\"La R\u00e9daction BYmyCAR\" \/>\n<meta name=\"twitter:card\" content=\"summary_large_image\" \/>\n<meta name=\"twitter:label1\" content=\"\u00c9crit par\" \/>\n\t<meta name=\"twitter:data1\" content=\"La R\u00e9daction BYmyCAR\" \/>\n<script type=\"application\/ld+json\" class=\"yoast-schema-graph\">{\"@context\":\"https:\/\/schema.org\",\"@graph\":[{\"@type\":\"Article\",\"@id\":\"https:\/\/www.bymycar.fr\/webzine\/comment-demonter-des-feux-arriere-de-fiat-doblo\/#article\",\"isPartOf\":{\"@id\":\"https:\/\/www.bymycar.fr\/webzine\/comment-demonter-des-feux-arriere-de-fiat-doblo\/\"},\"author\":{\"name\":\"La R\u00e9daction BYmyCAR\",\"@id\":\"https:\/\/www.bymycar.fr\/webzine\/#\/schema\/person\/8d570fe11eb8929f06c1e6d00f4d9689\"},\"headline\":\"Comment d\u00e9monter des feux arri\u00e8re de Fiat Doblo ?\",\"datePublished\":\"2023-12-27T09:18:11+00:00\",\"dateModified\":\"2025-09-09T09:33:56+00:00\",\"mainEntityOfPage\":{\"@id\":\"https:\/\/www.bymycar.fr\/webzine\/comment-demonter-des-feux-arriere-de-fiat-doblo\/\"},\"wordCount\":10,\"publisher\":{\"@id\":\"https:\/\/www.bymycar.fr\/webzine\/#organization\"},\"image\":{\"@id\":\"https:\/\/www.bymycar.fr\/webzine\/comment-demonter-des-feux-arriere-de-fiat-doblo\/#primaryimage\"},\"thumbnailUrl\":\"https:\/\/cdn.bymycar.eu\/fr-webzine\/wp-content\/uploads\/medias\/FIATProfessionalDobl-1.jpg\",\"articleSection\":[\"Guide d'achat Fiat Doblo\"],\"inLanguage\":\"fr-FR\"},{\"@type\":\"WebPage\",\"@id\":\"https:\/\/www.bymycar.fr\/webzine\/comment-demonter-des-feux-arriere-de-fiat-doblo\/\",\"url\":\"https:\/\/www.bymycar.fr\/webzine\/comment-demonter-des-feux-arriere-de-fiat-doblo\/\",\"name\":\"Comment d\u00e9monter des feux arri\u00e8re de Fiat Doblo ?\",\"isPartOf\":{\"@id\":\"https:\/\/www.bymycar.fr\/webzine\/#website\"},\"primaryImageOfPage\":{\"@id\":\"https:\/\/www.bymycar.fr\/webzine\/comment-demonter-des-feux-arriere-de-fiat-doblo\/#primaryimage\"},\"image\":{\"@id\":\"https:\/\/www.bymycar.fr\/webzine\/comment-demonter-des-feux-arriere-de-fiat-doblo\/#primaryimage\"},\"thumbnailUrl\":\"https:\/\/cdn.bymycar.eu\/fr-webzine\/wp-content\/uploads\/medias\/FIATProfessionalDobl-1.jpg\",\"datePublished\":\"2023-12-27T09:18:11+00:00\",\"dateModified\":\"2025-09-09T09:33:56+00:00\",\"breadcrumb\":{\"@id\":\"https:\/\/www.bymycar.fr\/webzine\/comment-demonter-des-feux-arriere-de-fiat-doblo\/#breadcrumb\"},\"inLanguage\":\"fr-FR\",\"potentialAction\":[{\"@type\":\"ReadAction\",\"target\":[\"https:\/\/www.bymycar.fr\/webzine\/comment-demonter-des-feux-arriere-de-fiat-doblo\/\"]}]},{\"@type\":\"ImageObject\",\"inLanguage\":\"fr-FR\",\"@id\":\"https:\/\/www.bymycar.fr\/webzine\/comment-demonter-des-feux-arriere-de-fiat-doblo\/#primaryimage\",\"url\":\"https:\/\/cdn.bymycar.eu\/fr-webzine\/wp-content\/uploads\/medias\/FIATProfessionalDobl-1.jpg\",\"contentUrl\":\"https:\/\/cdn.bymycar.eu\/fr-webzine\/wp-content\/uploads\/medias\/FIATProfessionalDobl-1.jpg\",\"width\":2560,\"height\":1707,\"caption\":\"Fiat doblo blanc\"},{\"@type\":\"BreadcrumbList\",\"@id\":\"https:\/\/www.bymycar.fr\/webzine\/comment-demonter-des-feux-arriere-de-fiat-doblo\/#breadcrumb\",\"itemListElement\":[{\"@type\":\"ListItem\",\"position\":1,\"name\":\"Accueil\",\"item\":\"https:\/\/www.bymycar.fr\/webzine\/\"},{\"@type\":\"ListItem\",\"position\":2,\"name\":\"Comment d\u00e9monter des feux arri\u00e8re de Fiat Doblo ?\"}]},{\"@type\":\"WebSite\",\"@id\":\"https:\/\/www.bymycar.fr\/webzine\/#website\",\"url\":\"https:\/\/www.bymycar.fr\/webzine\/\",\"name\":\"Webzine auto BYmyCAR\",\"description\":\"La magazine auto de BYmyCAR\",\"publisher\":{\"@id\":\"https:\/\/www.bymycar.fr\/webzine\/#organization\"},\"potentialAction\":[{\"@type\":\"SearchAction\",\"target\":{\"@type\":\"EntryPoint\",\"urlTemplate\":\"https:\/\/www.bymycar.fr\/webzine\/?s={search_term_string}\"},\"query-input\":{\"@type\":\"PropertyValueSpecification\",\"valueRequired\":true,\"valueName\":\"search_term_string\"}}],\"inLanguage\":\"fr-FR\"},{\"@type\":\"Organization\",\"@id\":\"https:\/\/www.bymycar.fr\/webzine\/#organization\",\"name\":\"BYmyCAR\",\"url\":\"https:\/\/www.bymycar.fr\/webzine\/\",\"logo\":{\"@type\":\"ImageObject\",\"inLanguage\":\"fr-FR\",\"@id\":\"https:\/\/www.bymycar.fr\/webzine\/#\/schema\/logo\/image\/\",\"url\":\"https:\/\/cdn.bymycar.eu\/fr-webzine\/wp-content\/uploads\/medias\/2017\/08\/logo_DEALER_00000406_001.png\",\"contentUrl\":\"https:\/\/cdn.bymycar.eu\/fr-webzine\/wp-content\/uploads\/medias\/2017\/08\/logo_DEALER_00000406_001.png\",\"width\":2132,\"height\":720,\"caption\":\"BYmyCAR\"},\"image\":{\"@id\":\"https:\/\/www.bymycar.fr\/webzine\/#\/schema\/logo\/image\/\"}},{\"@type\":\"Person\",\"@id\":\"https:\/\/www.bymycar.fr\/webzine\/#\/schema\/person\/8d570fe11eb8929f06c1e6d00f4d9689\",\"name\":\"La R\u00e9daction BYmyCAR\",\"image\":{\"@type\":\"ImageObject\",\"inLanguage\":\"fr-FR\",\"@id\":\"https:\/\/www.bymycar.fr\/webzine\/#\/schema\/person\/image\/\",\"url\":\"https:\/\/secure.gravatar.com\/avatar\/1aa6b039d0ce106989923af4e2d0f2a0c82bb070d5e449f1b9adf082a5863900?s=96&d=mm&r=g\",\"contentUrl\":\"https:\/\/secure.gravatar.com\/avatar\/1aa6b039d0ce106989923af4e2d0f2a0c82bb070d5e449f1b9adf082a5863900?s=96&d=mm&r=g\",\"caption\":\"La R\u00e9daction BYmyCAR\"},\"sameAs\":[\"https:\/\/www.bymycar.fr\/\"]}]}<\/script>\n<!-- \/ Yoast SEO Premium plugin. -->","yoast_head_json":{"title":"Comment d\u00e9monter des feux arri\u00e8re de Fiat Doblo ?","robots":{"index":"index","follow":"follow","max-snippet":"max-snippet:-1","max-image-preview":"max-image-preview:large","max-video-preview":"max-video-preview:-1"},"canonical":"https:\/\/www.bymycar.fr\/webzine\/comment-demonter-des-feux-arriere-de-fiat-doblo\/","og_locale":"fr_FR","og_type":"article","og_title":"Comment d\u00e9monter des feux arri\u00e8re de Fiat Doblo ?","og_url":"https:\/\/www.bymycar.fr\/webzine\/comment-demonter-des-feux-arriere-de-fiat-doblo\/","og_site_name":"Webzine auto BYmyCAR","article_published_time":"2023-12-27T09:18:11+00:00","article_modified_time":"2025-09-09T09:33:56+00:00","og_image":[{"width":2560,"height":1707,"url":"https:\/\/cdn.bymycar.eu\/fr-webzine\/wp-content\/uploads\/medias\/FIATProfessionalDobl-1.jpg","type":"image\/jpeg"}],"author":"La R\u00e9daction BYmyCAR","twitter_card":"summary_large_image","twitter_misc":{"\u00c9crit par":"La R\u00e9daction BYmyCAR"},"schema":{"@context":"https:\/\/schema.org","@graph":[{"@type":"Article","@id":"https:\/\/www.bymycar.fr\/webzine\/comment-demonter-des-feux-arriere-de-fiat-doblo\/#article","isPartOf":{"@id":"https:\/\/www.bymycar.fr\/webzine\/comment-demonter-des-feux-arriere-de-fiat-doblo\/"},"author":{"name":"La R\u00e9daction BYmyCAR","@id":"https:\/\/www.bymycar.fr\/webzine\/#\/schema\/person\/8d570fe11eb8929f06c1e6d00f4d9689"},"headline":"Comment d\u00e9monter des feux arri\u00e8re de Fiat Doblo ?","datePublished":"2023-12-27T09:18:11+00:00","dateModified":"2025-09-09T09:33:56+00:00","mainEntityOfPage":{"@id":"https:\/\/www.bymycar.fr\/webzine\/comment-demonter-des-feux-arriere-de-fiat-doblo\/"},"wordCount":10,"publisher":{"@id":"https:\/\/www.bymycar.fr\/webzine\/#organization"},"image":{"@id":"https:\/\/www.bymycar.fr\/webzine\/comment-demonter-des-feux-arriere-de-fiat-doblo\/#primaryimage"},"thumbnailUrl":"https:\/\/cdn.bymycar.eu\/fr-webzine\/wp-content\/uploads\/medias\/FIATProfessionalDobl-1.jpg","articleSection":["Guide d'achat Fiat Doblo"],"inLanguage":"fr-FR"},{"@type":"WebPage","@id":"https:\/\/www.bymycar.fr\/webzine\/comment-demonter-des-feux-arriere-de-fiat-doblo\/","url":"https:\/\/www.bymycar.fr\/webzine\/comment-demonter-des-feux-arriere-de-fiat-doblo\/","name":"Comment d\u00e9monter des feux arri\u00e8re de Fiat Doblo ?","isPartOf":{"@id":"https:\/\/www.bymycar.fr\/webzine\/#website"},"primaryImageOfPage":{"@id":"https:\/\/www.bymycar.fr\/webzine\/comment-demonter-des-feux-arriere-de-fiat-doblo\/#primaryimage"},"image":{"@id":"https:\/\/www.bymycar.fr\/webzine\/comment-demonter-des-feux-arriere-de-fiat-doblo\/#primaryimage"},"thumbnailUrl":"https:\/\/cdn.bymycar.eu\/fr-webzine\/wp-content\/uploads\/medias\/FIATProfessionalDobl-1.jpg","datePublished":"2023-12-27T09:18:11+00:00","dateModified":"2025-09-09T09:33:56+00:00","breadcrumb":{"@id":"https:\/\/www.bymycar.fr\/webzine\/comment-demonter-des-feux-arriere-de-fiat-doblo\/#breadcrumb"},"inLanguage":"fr-FR","potentialAction":[{"@type":"ReadAction","target":["https:\/\/www.bymycar.fr\/webzine\/comment-demonter-des-feux-arriere-de-fiat-doblo\/"]}]},{"@type":"ImageObject","inLanguage":"fr-FR","@id":"https:\/\/www.bymycar.fr\/webzine\/comment-demonter-des-feux-arriere-de-fiat-doblo\/#primaryimage","url":"https:\/\/cdn.bymycar.eu\/fr-webzine\/wp-content\/uploads\/medias\/FIATProfessionalDobl-1.jpg","contentUrl":"https:\/\/cdn.bymycar.eu\/fr-webzine\/wp-content\/uploads\/medias\/FIATProfessionalDobl-1.jpg","width":2560,"height":1707,"caption":"Fiat doblo blanc"},{"@type":"BreadcrumbList","@id":"https:\/\/www.bymycar.fr\/webzine\/comment-demonter-des-feux-arriere-de-fiat-doblo\/#breadcrumb","itemListElement":[{"@type":"ListItem","position":1,"name":"Accueil","item":"https:\/\/www.bymycar.fr\/webzine\/"},{"@type":"ListItem","position":2,"name":"Comment d\u00e9monter des feux arri\u00e8re de Fiat Doblo ?"}]},{"@type":"WebSite","@id":"https:\/\/www.bymycar.fr\/webzine\/#website","url":"https:\/\/www.bymycar.fr\/webzine\/","name":"Webzine auto BYmyCAR","description":"La magazine auto de BYmyCAR","publisher":{"@id":"https:\/\/www.bymycar.fr\/webzine\/#organization"},"potentialAction":[{"@type":"SearchAction","target":{"@type":"EntryPoint","urlTemplate":"https:\/\/www.bymycar.fr\/webzine\/?s={search_term_string}"},"query-input":{"@type":"PropertyValueSpecification","valueRequired":true,"valueName":"search_term_string"}}],"inLanguage":"fr-FR"},{"@type":"Organization","@id":"https:\/\/www.bymycar.fr\/webzine\/#organization","name":"BYmyCAR","url":"https:\/\/www.bymycar.fr\/webzine\/","logo":{"@type":"ImageObject","inLanguage":"fr-FR","@id":"https:\/\/www.bymycar.fr\/webzine\/#\/schema\/logo\/image\/","url":"https:\/\/cdn.bymycar.eu\/fr-webzine\/wp-content\/uploads\/medias\/2017\/08\/logo_DEALER_00000406_001.png","contentUrl":"https:\/\/cdn.bymycar.eu\/fr-webzine\/wp-content\/uploads\/medias\/2017\/08\/logo_DEALER_00000406_001.png","width":2132,"height":720,"caption":"BYmyCAR"},"image":{"@id":"https:\/\/www.bymycar.fr\/webzine\/#\/schema\/logo\/image\/"}},{"@type":"Person","@id":"https:\/\/www.bymycar.fr\/webzine\/#\/schema\/person\/8d570fe11eb8929f06c1e6d00f4d9689","name":"La R\u00e9daction BYmyCAR","image":{"@type":"ImageObject","inLanguage":"fr-FR","@id":"https:\/\/www.bymycar.fr\/webzine\/#\/schema\/person\/image\/","url":"https:\/\/secure.gravatar.com\/avatar\/1aa6b039d0ce106989923af4e2d0f2a0c82bb070d5e449f1b9adf082a5863900?s=96&d=mm&r=g","contentUrl":"https:\/\/secure.gravatar.com\/avatar\/1aa6b039d0ce106989923af4e2d0f2a0c82bb070d5e449f1b9adf082a5863900?s=96&d=mm&r=g","caption":"La R\u00e9daction BYmyCAR"},"sameAs":["https:\/\/www.bymycar.fr\/"]}]}},"_links":{"self":[{"href":"https:\/\/www.bymycar.fr\/webzine\/wp-json\/wp\/v2\/posts\/43811","targetHints":{"allow":["GET"]}}],"collection":[{"href":"https:\/\/www.bymycar.fr\/webzine\/wp-json\/wp\/v2\/posts"}],"about":[{"href":"https:\/\/www.bymycar.fr\/webzine\/wp-json\/wp\/v2\/types\/post"}],"author":[{"embeddable":true,"href":"https:\/\/www.bymycar.fr\/webzine\/wp-json\/wp\/v2\/users\/88"}],"replies":[{"embeddable":true,"href":"https:\/\/www.bymycar.fr\/webzine\/wp-json\/wp\/v2\/comments?post=43811"}],"version-history":[{"count":2,"href":"https:\/\/www.bymycar.fr\/webzine\/wp-json\/wp\/v2\/posts\/43811\/revisions"}],"predecessor-version":[{"id":43814,"href":"https:\/\/www.bymycar.fr\/webzine\/wp-json\/wp\/v2\/posts\/43811\/revisions\/43814"}],"wp:featuredmedia":[{"embeddable":true,"href":"https:\/\/www.bymycar.fr\/webzine\/wp-json\/wp\/v2\/media\/43812"}],"wp:attachment":[{"href":"https:\/\/www.bymycar.fr\/webzine\/wp-json\/wp\/v2\/media?parent=43811"}],"wp:term":[{"taxonomy":"category","embeddable":true,"href":"https:\/\/www.bymycar.fr\/webzine\/wp-json\/wp\/v2\/categories?post=43811"},{"taxonomy":"post_tag","embeddable":true,"href":"https:\/\/www.bymycar.fr\/webzine\/wp-json\/wp\/v2\/tags?post=43811"}],"curies":[{"name":"wp","href":"https:\/\/api.w.org\/{rel}","templated":true}]}}