{"id":43595,"date":"2023-12-05T14:00:40","date_gmt":"2023-12-05T13:00:40","guid":{"rendered":"https:\/\/prod.bymycar.fr\/webzine\/?p=43595"},"modified":"2025-04-09T09:32:58","modified_gmt":"2025-04-09T07:32:58","slug":"18-eme-du-classement-des-distributeurs-europeen-des-talent-vous-disent-pourquoi","status":"publish","type":"post","link":"https:\/\/www.bymycar.fr\/webzine\/18-eme-du-classement-des-distributeurs-europeen-des-talent-vous-disent-pourquoi\/","title":{"rendered":"14 \u00e8me du classement des distributeurs europ\u00e9ens, nos collaborateurs vous disent pourquoi !"},"content":{"rendered":"","protected":false},"excerpt":{"rendered":"","protected":false},"author":88,"featured_media":43651,"comment_status":"closed","ping_status":"open","sticky":false,"template":"","format":"standard","meta":{"_acf_changed":false,"footnotes":""},"categories":[2852,1643],"tags":[],"class_list":["post-43595","post","type-post","status-publish","format-standard","has-post-thumbnail","hentry","category-actus-rh","category-ressources-humaines"],"acf":{"template":"classique","introduction":"","strates":[{"type_strate":"texte-simple","ancre":"","contenu":"<p>Mi-Novembre, le classement europ\u00e9en des distributeurs automobiles a plac\u00e9 Bymycar, pour la premi\u00e8re fois, \u00e0 la 14\u00e8me place. Une progression de 7 places qui en en fait le premier groupe Fran\u00e7ais. Nous en sommes tr\u00e8s fiers !<\/p>\n<p>Ce classement refl\u00e8te la force strat\u00e9gique et le d\u00e9veloppement de notre r\u00e9seau en France et \u00e0 l\u2019international.<\/p>\n<blockquote><p>\u00ab\u00a0<em>Cette progression \u00e0 l\u2019international, qui repr\u00e9sente d\u00e9j\u00e0 plus de 700 millions d\u2019euros et plus de 20% de notre chiffre d\u2019affaires BYmyCAR, prouve la capacit\u00e9 de la fili\u00e8re et des groupes fran\u00e7ais \u00e0 r\u00e9ussir en Europe : nous sommes fiers d\u2019avoir ouvert la voie<\/em>.\u00a0\u00bb &#8211; Carlos GOMES, Directeur G\u00e9n\u00e9ral Cosmobilis<\/p><\/blockquote>\n<p>Mais aussi, l\u2019engagement quotidien de tous les corps de m\u00e9tiers pr\u00e9sents sur nos sites.<\/p>\n<blockquote><p>\u00ab\u00a0<em>[&#8230;] cette ascension traduit l&rsquo;engagement quotidien de nos \u00e9quipes, de leurs patrons et de nos collaborateurs. Merci \u00e0 chacun d&rsquo;entre eux : cette belle victoire, c&rsquo;est la leur. On continue donc sur cette lanc\u00e9e avec un ma\u00eetre-mot\u00a0: acc\u00e9l\u00e9rer !<\/em>\u00a0\u00bb poursuit Carlos GOMES.<\/p><\/blockquote>\n<p><strong>Pour en savoir plus, nous avons interrog\u00e9 4 collaborateurs qui ont \u00e9volu\u00e9 et grandi dans le Groupe :<\/strong><\/p>\n","titre":"intro","image":false,"image_libre":false,"image_800x500":false,"legende":"","zoom":false,"texte":"","articles":false,"categorie_droite":false,"images":false,"elements_comparatif":false,"texte_1":"","texte_2":"","image_1":false,"image_1_563x400":false,"image_1_332x332":false,"image_2":false,"image_2_333x240":false,"image_2_563x400":false,"image_3":false,"image_3_333x240":false,"image_3_332x450":false,"image_4":false,"image_4_332x332":false,"image_4_563x400":false,"code_embed":"","legende_video":"","photo":false,"photo_100x100":false,"nom":"","fonction":"","elements_timeline":false,"entetes_colonnes":false,"entetes_lignes":false,"lignes":false,"introduction":"","formulaire":false,"question":"","reponse":"","libelle_bouton_lien":"","url_lien":"","questions":false,"conclusions":false,"pays":false,"region":false,"marque":false,"marqueConcessions":false,"modele":false,"ptvente":false,"typeV":false,"collection":false,"nombre_maximum_elements":10,"lien_fin_carousel":"","texte_lien_fin_carousel":"","trier_par":false},{"type_strate":"50-50-image-texte-full","ancre":"","contenu":"<p>Pour en savoir plus, nous avons interrog\u00e9s 4 collaborateurs Talent du Groupe pour connaitre leur raison de cette victoire :<\/p>\n","titre":"","image":false,"image_libre":false,"image_800x500":{"ID":43637,"id":43637,"title":"1","filename":"1.png","filesize":81081,"url":"https:\/\/cdn.bymycar.eu\/fr-webzine\/wp-content\/uploads\/medias\/1.png","link":"https:\/\/www.bymycar.fr\/webzine\/18-eme-du-classement-des-distributeurs-europeen-des-talent-vous-disent-pourquoi\/1-27\/","alt":"","author":"88","description":"","caption":"","name":"1-27","status":"inherit","uploaded_to":43595,"date":"2023-12-07 14:00:48","modified":"2023-12-07 14:00:48","menu_order":0,"mime_type":"image\/png","type":"image","subtype":"png","icon":"https:\/\/www.bymycar.fr\/webzine\/wp-includes\/images\/media\/default.png","width":800,"height":500,"sizes":{"thumbnail":"https:\/\/cdn.bymycar.eu\/fr-webzine\/wp-content\/uploads\/medias\/1-150x150.png","thumbnail-width":150,"thumbnail-height":150,"medium":"https:\/\/cdn.bymycar.eu\/fr-webzine\/wp-content\/uploads\/medias\/1-300x188.png","medium-width":300,"medium-height":188,"medium_large":"https:\/\/cdn.bymycar.eu\/fr-webzine\/wp-content\/uploads\/medias\/1-768x480.png","medium_large-width":768,"medium_large-height":480,"large":"https:\/\/cdn.bymycar.eu\/fr-webzine\/wp-content\/uploads\/medias\/1.png","large-width":800,"large-height":500,"1536x1536":"https:\/\/cdn.bymycar.eu\/fr-webzine\/wp-content\/uploads\/medias\/1.png","1536x1536-width":800,"1536x1536-height":500,"2048x2048":"https:\/\/cdn.bymycar.eu\/fr-webzine\/wp-content\/uploads\/medias\/1.png","2048x2048-width":800,"2048x2048-height":500}},"legende":"","zoom":false,"texte":"<p>\u00ab\u00a0<em>Les \u00e9quipes sont amen\u00e9es au d\u00e9part par des id\u00e9es, des impulsions et des process clairs, puis ces \u00e9quipes s\u2019approprient les sujets avec \u00e9nergie et savoir-faire . Cette m\u00e9canique fonctionne avec chaque collaborateur qui rejoint le groupe. C\u2019est de mon point de vue le succ\u00e8s de cette croissance \u00e0 la fois interne et externe. Chacun participe \u00e0 cette dynamique !<\/em><\/p>\n<p><em>Le monde s\u2019acc\u00e9l\u00e8re naturellement , son expansion aussi, c\u2019est ce que l\u2019on ressent lorsque l\u2019on int\u00e8gre le groupe : COSMOBILIS.\u00a0\u00bb<\/em><\/p>\n<p>Jean-Marc MALLET, Responsable des Apr\u00e8s-Ventes C\u00f4te d&rsquo;Azur<\/p>\n","articles":false,"categorie_droite":false,"images":[{"image":false,"image_1600x700":false,"image_920x500":{"ID":43596,"id":43596,"title":"bmc cp","filename":"bmc-cp.png","filesize":289974,"url":"https:\/\/cdn.bymycar.eu\/fr-webzine\/wp-content\/uploads\/medias\/bmc-cp.png","link":"https:\/\/www.bymycar.fr\/webzine\/18-eme-du-classement-des-distributeurs-europeen-des-talent-vous-disent-pourquoi\/bmc-cp\/","alt":"","author":"88","description":"","caption":"","name":"bmc-cp","status":"inherit","uploaded_to":43595,"date":"2023-12-05 11:19:55","modified":"2023-12-05 11:19:55","menu_order":0,"mime_type":"image\/png","type":"image","subtype":"png","icon":"https:\/\/www.bymycar.fr\/webzine\/wp-includes\/images\/media\/default.png","width":509,"height":284,"sizes":{"thumbnail":"https:\/\/cdn.bymycar.eu\/fr-webzine\/wp-content\/uploads\/medias\/bmc-cp-150x150.png","thumbnail-width":150,"thumbnail-height":150,"medium":"https:\/\/cdn.bymycar.eu\/fr-webzine\/wp-content\/uploads\/medias\/bmc-cp-300x167.png","medium-width":300,"medium-height":167,"medium_large":"https:\/\/cdn.bymycar.eu\/fr-webzine\/wp-content\/uploads\/medias\/bmc-cp.png","medium_large-width":509,"medium_large-height":284,"large":"https:\/\/cdn.bymycar.eu\/fr-webzine\/wp-content\/uploads\/medias\/bmc-cp.png","large-width":509,"large-height":284,"1536x1536":"https:\/\/cdn.bymycar.eu\/fr-webzine\/wp-content\/uploads\/medias\/bmc-cp.png","1536x1536-width":509,"1536x1536-height":284,"2048x2048":"https:\/\/cdn.bymycar.eu\/fr-webzine\/wp-content\/uploads\/medias\/bmc-cp.png","2048x2048-width":509,"2048x2048-height":284}},"legende":""}],"elements_comparatif":false,"texte_1":"","texte_2":"","image_1":false,"image_1_563x400":false,"image_1_332x332":false,"image_2":false,"image_2_333x240":false,"image_2_563x400":false,"image_3":false,"image_3_333x240":false,"image_3_332x450":false,"image_4":false,"image_4_332x332":false,"image_4_563x400":false,"code_embed":"","legende_video":"","photo":false,"photo_100x100":false,"nom":"","fonction":"","elements_timeline":false,"entetes_colonnes":false,"entetes_lignes":false,"lignes":false,"introduction":"","formulaire":false,"question":"","reponse":"","libelle_bouton_lien":"","url_lien":"","questions":false,"conclusions":false,"pays":false,"region":false,"marque":false,"marqueConcessions":false,"modele":false,"ptvente":false,"typeV":false,"collection":false,"nombre_maximum_elements":10,"lien_fin_carousel":"","texte_lien_fin_carousel":"","trier_par":false},{"type_strate":"50-50-image-texte-full","ancre":"","contenu":"","titre":"","image":false,"image_libre":false,"image_800x500":{"ID":43647,"id":43647,"title":"Design sans titre (27)","filename":"Design-sans-titre-27.png","filesize":76089,"url":"https:\/\/cdn.bymycar.eu\/fr-webzine\/wp-content\/uploads\/medias\/Design-sans-titre-27.png","link":"https:\/\/www.bymycar.fr\/webzine\/18-eme-du-classement-des-distributeurs-europeen-des-talent-vous-disent-pourquoi\/design-sans-titre-27\/","alt":"","author":"88","description":"","caption":"","name":"design-sans-titre-27","status":"inherit","uploaded_to":43595,"date":"2023-12-07 14:10:55","modified":"2023-12-07 14:10:55","menu_order":0,"mime_type":"image\/png","type":"image","subtype":"png","icon":"https:\/\/www.bymycar.fr\/webzine\/wp-includes\/images\/media\/default.png","width":800,"height":500,"sizes":{"thumbnail":"https:\/\/cdn.bymycar.eu\/fr-webzine\/wp-content\/uploads\/medias\/Design-sans-titre-27-150x150.png","thumbnail-width":150,"thumbnail-height":150,"medium":"https:\/\/cdn.bymycar.eu\/fr-webzine\/wp-content\/uploads\/medias\/Design-sans-titre-27-300x188.png","medium-width":300,"medium-height":188,"medium_large":"https:\/\/cdn.bymycar.eu\/fr-webzine\/wp-content\/uploads\/medias\/Design-sans-titre-27-768x480.png","medium_large-width":768,"medium_large-height":480,"large":"https:\/\/cdn.bymycar.eu\/fr-webzine\/wp-content\/uploads\/medias\/Design-sans-titre-27.png","large-width":800,"large-height":500,"1536x1536":"https:\/\/cdn.bymycar.eu\/fr-webzine\/wp-content\/uploads\/medias\/Design-sans-titre-27.png","1536x1536-width":800,"1536x1536-height":500,"2048x2048":"https:\/\/cdn.bymycar.eu\/fr-webzine\/wp-content\/uploads\/medias\/Design-sans-titre-27.png","2048x2048-width":800,"2048x2048-height":500}},"legende":"","zoom":false,"texte":"<p>&nbsp;<\/p>\n<p>\u00ab\u00a0<em>Notre mod\u00e8le plug-and-play, qui a fait ses preuves en France, nous permet de connecter nos concessions europ\u00e9ennes et d&rsquo;\u00eatre imm\u00e9diatement op\u00e9rationnels et efficaces.\u00a0\u00bb<\/em><\/p>\n<p>Rajai DAJANI en charge du service Marketing Digital<\/p>\n","articles":false,"categorie_droite":false,"images":false,"elements_comparatif":false,"texte_1":"","texte_2":"","image_1":false,"image_1_563x400":false,"image_1_332x332":false,"image_2":false,"image_2_333x240":false,"image_2_563x400":false,"image_3":false,"image_3_333x240":false,"image_3_332x450":false,"image_4":false,"image_4_332x332":false,"image_4_563x400":false,"code_embed":"","legende_video":"","photo":false,"photo_100x100":false,"nom":"","fonction":"","elements_timeline":false,"entetes_colonnes":false,"entetes_lignes":false,"lignes":false,"introduction":"","formulaire":false,"question":"","reponse":"","libelle_bouton_lien":"","url_lien":"","questions":false,"conclusions":false,"pays":false,"region":false,"marque":false,"marqueConcessions":false,"modele":false,"ptvente":false,"typeV":false,"collection":false,"nombre_maximum_elements":10,"lien_fin_carousel":"","texte_lien_fin_carousel":"","trier_par":false},{"type_strate":"50-50-image-texte-full","ancre":"","contenu":"","titre":"","image":false,"image_libre":false,"image_800x500":{"ID":43639,"id":43639,"title":"2","filename":"2.png","filesize":91164,"url":"https:\/\/cdn.bymycar.eu\/fr-webzine\/wp-content\/uploads\/medias\/2.png","link":"https:\/\/www.bymycar.fr\/webzine\/18-eme-du-classement-des-distributeurs-europeen-des-talent-vous-disent-pourquoi\/2-27\/","alt":"","author":"88","description":"","caption":"","name":"2-27","status":"inherit","uploaded_to":43595,"date":"2023-12-07 14:01:30","modified":"2023-12-07 14:01:30","menu_order":0,"mime_type":"image\/png","type":"image","subtype":"png","icon":"https:\/\/www.bymycar.fr\/webzine\/wp-includes\/images\/media\/default.png","width":800,"height":500,"sizes":{"thumbnail":"https:\/\/cdn.bymycar.eu\/fr-webzine\/wp-content\/uploads\/medias\/2-150x150.png","thumbnail-width":150,"thumbnail-height":150,"medium":"https:\/\/cdn.bymycar.eu\/fr-webzine\/wp-content\/uploads\/medias\/2-300x188.png","medium-width":300,"medium-height":188,"medium_large":"https:\/\/cdn.bymycar.eu\/fr-webzine\/wp-content\/uploads\/medias\/2-768x480.png","medium_large-width":768,"medium_large-height":480,"large":"https:\/\/cdn.bymycar.eu\/fr-webzine\/wp-content\/uploads\/medias\/2.png","large-width":800,"large-height":500,"1536x1536":"https:\/\/cdn.bymycar.eu\/fr-webzine\/wp-content\/uploads\/medias\/2.png","1536x1536-width":800,"1536x1536-height":500,"2048x2048":"https:\/\/cdn.bymycar.eu\/fr-webzine\/wp-content\/uploads\/medias\/2.png","2048x2048-width":800,"2048x2048-height":500}},"legende":"","zoom":false,"texte":"<p><em>\u00ab\u00a0Fort de ses valeurs d\u2019Entreprise, le groupe BYmyCAR a su faire preuve de r\u00e9silience, d\u2019agilit\u00e9, mais aussi de diversit\u00e9 dans ce virage de l\u2019automobile, en s\u2019adaptant \u00e0 ses clients et aux nouvelles demandes d\u2019automobilit\u00e9 par une offre unique\u00a0! <\/em><\/p>\n<p><em>Le groupe COSMOBILIS, avec ses diff\u00e9rentes marques, a su accompagner BYmyCAR vers une croissance avec des partenariats solides. \u00bb<\/em><\/p>\n<p>Julie BISSIERE, Responsable de la Strat\u00e9gie Qualit\u00e9 en Ile de France &amp; Assistante de direction<\/p>\n","articles":false,"categorie_droite":false,"images":false,"elements_comparatif":false,"texte_1":"","texte_2":"","image_1":false,"image_1_563x400":false,"image_1_332x332":false,"image_2":false,"image_2_333x240":false,"image_2_563x400":false,"image_3":false,"image_3_333x240":false,"image_3_332x450":false,"image_4":false,"image_4_332x332":false,"image_4_563x400":false,"code_embed":"","legende_video":"","photo":false,"photo_100x100":false,"nom":"","fonction":"","elements_timeline":false,"entetes_colonnes":false,"entetes_lignes":false,"lignes":false,"introduction":"","formulaire":false,"question":"","reponse":"","libelle_bouton_lien":"","url_lien":"","questions":false,"conclusions":false,"pays":false,"region":false,"marque":false,"marqueConcessions":false,"modele":false,"ptvente":false,"typeV":false,"collection":false,"nombre_maximum_elements":10,"lien_fin_carousel":"","texte_lien_fin_carousel":"","trier_par":false},{"type_strate":"50-50-image-texte-full","ancre":"","contenu":"","titre":"","image":false,"image_libre":false,"image_800x500":{"ID":43638,"id":43638,"title":"4","filename":"4.png","filesize":113399,"url":"https:\/\/cdn.bymycar.eu\/fr-webzine\/wp-content\/uploads\/medias\/4.png","link":"https:\/\/www.bymycar.fr\/webzine\/18-eme-du-classement-des-distributeurs-europeen-des-talent-vous-disent-pourquoi\/4-11\/","alt":"","author":"88","description":"","caption":"","name":"4-11","status":"inherit","uploaded_to":43595,"date":"2023-12-07 14:01:06","modified":"2023-12-07 14:01:06","menu_order":0,"mime_type":"image\/png","type":"image","subtype":"png","icon":"https:\/\/www.bymycar.fr\/webzine\/wp-includes\/images\/media\/default.png","width":800,"height":500,"sizes":{"thumbnail":"https:\/\/cdn.bymycar.eu\/fr-webzine\/wp-content\/uploads\/medias\/4-150x150.png","thumbnail-width":150,"thumbnail-height":150,"medium":"https:\/\/cdn.bymycar.eu\/fr-webzine\/wp-content\/uploads\/medias\/4-300x188.png","medium-width":300,"medium-height":188,"medium_large":"https:\/\/cdn.bymycar.eu\/fr-webzine\/wp-content\/uploads\/medias\/4-768x480.png","medium_large-width":768,"medium_large-height":480,"large":"https:\/\/cdn.bymycar.eu\/fr-webzine\/wp-content\/uploads\/medias\/4.png","large-width":800,"large-height":500,"1536x1536":"https:\/\/cdn.bymycar.eu\/fr-webzine\/wp-content\/uploads\/medias\/4.png","1536x1536-width":800,"1536x1536-height":500,"2048x2048":"https:\/\/cdn.bymycar.eu\/fr-webzine\/wp-content\/uploads\/medias\/4.png","2048x2048-width":800,"2048x2048-height":500}},"legende":"","zoom":false,"texte":"<p>\u00ab\u00a0<em>Nous mettons en \u0153uvre et appliquons une politique qualit\u00e9 s\u00e9rieuse et exigeante, que ce soit pour et\/ou avec nos clients internes ou externes.<\/em><\/p>\n<p><em>Les \u00e9quipes sont soud\u00e9es avec un esprit de proximit\u00e9 autour d\u2019une culture d\u2019entreprise forte et valorisante\u00a0\u00bb<\/em><\/p>\n<p>J\u00e9r\u00e9mie TROUSLARD, Directeur Grands Comptes Multimarques<\/p>\n","articles":false,"categorie_droite":false,"images":false,"elements_comparatif":false,"texte_1":"","texte_2":"","image_1":false,"image_1_563x400":false,"image_1_332x332":false,"image_2":false,"image_2_333x240":false,"image_2_563x400":false,"image_3":false,"image_3_333x240":false,"image_3_332x450":false,"image_4":false,"image_4_332x332":false,"image_4_563x400":false,"code_embed":"","legende_video":"","photo":false,"photo_100x100":false,"nom":"","fonction":"","elements_timeline":false,"entetes_colonnes":false,"entetes_lignes":false,"lignes":false,"introduction":"","formulaire":false,"question":"","reponse":"","libelle_bouton_lien":"","url_lien":"","questions":false,"conclusions":false,"pays":false,"region":false,"marque":false,"marqueConcessions":false,"modele":false,"ptvente":false,"typeV":false,"collection":false,"nombre_maximum_elements":10,"lien_fin_carousel":"","texte_lien_fin_carousel":"","trier_par":false},{"type_strate":"texte-simple","ancre":"","contenu":"<p>De la technique, \u00e0 la strat\u00e9gique en passant par les valeurs, Bymycar c&rsquo;est aussi l&rsquo;Envie ! Alors, merci \u00e0 nos \u00e9quipes pour leur engagement de tous les jours.<\/p>\n","titre":"conclu","image":false,"image_libre":false,"image_800x500":false,"legende":"","zoom":false,"texte":"","articles":false,"categorie_droite":false,"images":false,"elements_comparatif":false,"texte_1":"","texte_2":"","image_1":false,"image_1_563x400":false,"image_1_332x332":false,"image_2":false,"image_2_333x240":false,"image_2_563x400":false,"image_3":false,"image_3_333x240":false,"image_3_332x450":false,"image_4":false,"image_4_332x332":false,"image_4_563x400":false,"code_embed":"","legende_video":"","photo":false,"photo_100x100":false,"nom":"","fonction":"","elements_timeline":false,"entetes_colonnes":false,"entetes_lignes":false,"lignes":false,"introduction":"","formulaire":false,"question":"","reponse":"","libelle_bouton_lien":"","url_lien":"","questions":false,"conclusions":false,"pays":false,"region":false,"marque":false,"marqueConcessions":false,"modele":false,"ptvente":false,"typeV":false,"collection":false,"nombre_maximum_elements":10,"lien_fin_carousel":"","texte_lien_fin_carousel":"","trier_par":false}],"is_old_post":false,"image":{"ID":43651,"id":43651,"title":"thank you so much (2)","filename":"thank-you-so-much-2.png","filesize":7116882,"url":"https:\/\/cdn.bymycar.eu\/fr-webzine\/wp-content\/uploads\/medias\/thank-you-so-much-2.png","link":"https:\/\/www.bymycar.fr\/webzine\/18-eme-du-classement-des-distributeurs-europeen-des-talent-vous-disent-pourquoi\/thank-you-so-much-2\/","alt":"","author":"88","description":"","caption":"","name":"thank-you-so-much-2","status":"inherit","uploaded_to":43595,"date":"2023-12-07 14:15:32","modified":"2023-12-07 14:15:32","menu_order":0,"mime_type":"image\/png","type":"image","subtype":"png","icon":"https:\/\/www.bymycar.fr\/webzine\/wp-includes\/images\/media\/default.png","width":6912,"height":3456,"sizes":{"thumbnail":"https:\/\/cdn.bymycar.eu\/fr-webzine\/wp-content\/uploads\/medias\/thank-you-so-much-2-150x150.png","thumbnail-width":150,"thumbnail-height":150,"medium":"https:\/\/cdn.bymycar.eu\/fr-webzine\/wp-content\/uploads\/medias\/thank-you-so-much-2-300x150.png","medium-width":300,"medium-height":150,"medium_large":"https:\/\/cdn.bymycar.eu\/fr-webzine\/wp-content\/uploads\/medias\/thank-you-so-much-2-768x384.png","medium_large-width":768,"medium_large-height":384,"large":"https:\/\/cdn.bymycar.eu\/fr-webzine\/wp-content\/uploads\/medias\/thank-you-so-much-2-1024x512.png","large-width":1024,"large-height":512,"1536x1536":"https:\/\/cdn.bymycar.eu\/fr-webzine\/wp-content\/uploads\/medias\/thank-you-so-much-2-1536x768.png","1536x1536-width":1536,"1536x1536-height":768,"2048x2048":"https:\/\/cdn.bymycar.eu\/fr-webzine\/wp-content\/uploads\/medias\/thank-you-so-much-2-2048x1024.png","2048x2048-width":2048,"2048x2048-height":1024}},"page_content":{"block_content":[{"acf_fc_layout":"text-simple","--nav":{"-withNav":false,"-ancre":""},"--group":{"-text":"<p>Mi-Novembre, le classement europ\u00e9en des distributeurs automobiles a plac\u00e9 Bymycar, pour la premi\u00e8re fois, \u00e0 la 14\u00e8me place. Une progression de 7 places qui en en fait le premier groupe Fran\u00e7ais. Nous en sommes tr\u00e8s fiers !<\/p>\n<p>Ce classement refl\u00e8te la force strat\u00e9gique et le d\u00e9veloppement de notre r\u00e9seau en France et \u00e0 l\u2019international.<\/p>\n<blockquote>\n<p>\u00ab\u00a0<em>Cette progression \u00e0 l\u2019international, qui repr\u00e9sente d\u00e9j\u00e0 plus de 700 millions d\u2019euros et plus de 20% de notre chiffre d\u2019affaires BYmyCAR, prouve la capacit\u00e9 de la fili\u00e8re et des groupes fran\u00e7ais \u00e0 r\u00e9ussir en Europe : nous sommes fiers d\u2019avoir ouvert la voie<\/em>.\u00a0\u00bb &#8211; Carlos GOMES, Directeur G\u00e9n\u00e9ral Cosmobilis<\/p>\n<\/blockquote>\n<p>Mais aussi, l\u2019engagement quotidien de tous les corps de m\u00e9tiers pr\u00e9sents sur nos sites.<\/p>\n<blockquote>\n<p>\u00ab\u00a0<em>[&#8230;] cette ascension traduit l&rsquo;engagement quotidien de nos \u00e9quipes, de leurs patrons et de nos collaborateurs. Merci \u00e0 chacun d&rsquo;entre eux : cette belle victoire, c&rsquo;est la leur. On continue donc sur cette lanc\u00e9e avec un ma\u00eetre-mot\u00a0: acc\u00e9l\u00e9rer !<\/em>\u00a0\u00bb poursuit Carlos GOMES.<\/p>\n<\/blockquote>\n<p><strong>Pour en savoir plus, nous avons interrog\u00e9 4 collaborateurs qui ont \u00e9volu\u00e9 et grandi dans le Groupe :<\/strong><\/p>\n"}},{"acf_fc_layout":"text-image","--nav":{"-withNav":false,"-ancre":""},"--group":{"-image":{"ID":43637,"id":43637,"title":"1","filename":"1.png","filesize":81081,"url":"https:\/\/cdn.bymycar.eu\/fr-webzine\/wp-content\/uploads\/medias\/1.png","link":"https:\/\/www.bymycar.fr\/webzine\/18-eme-du-classement-des-distributeurs-europeen-des-talent-vous-disent-pourquoi\/1-27\/","alt":"","author":"88","description":"","caption":"","name":"1-27","status":"inherit","uploaded_to":43595,"date":"2023-12-07 14:00:48","modified":"2023-12-07 14:00:48","menu_order":0,"mime_type":"image\/png","type":"image","subtype":"png","icon":"https:\/\/www.bymycar.fr\/webzine\/wp-includes\/images\/media\/default.png","width":800,"height":500,"sizes":{"thumbnail":"https:\/\/cdn.bymycar.eu\/fr-webzine\/wp-content\/uploads\/medias\/1-150x150.png","thumbnail-width":150,"thumbnail-height":150,"medium":"https:\/\/cdn.bymycar.eu\/fr-webzine\/wp-content\/uploads\/medias\/1-300x188.png","medium-width":300,"medium-height":188,"medium_large":"https:\/\/cdn.bymycar.eu\/fr-webzine\/wp-content\/uploads\/medias\/1-768x480.png","medium_large-width":768,"medium_large-height":480,"large":"https:\/\/cdn.bymycar.eu\/fr-webzine\/wp-content\/uploads\/medias\/1.png","large-width":800,"large-height":500,"1536x1536":"https:\/\/cdn.bymycar.eu\/fr-webzine\/wp-content\/uploads\/medias\/1.png","1536x1536-width":800,"1536x1536-height":500,"2048x2048":"https:\/\/cdn.bymycar.eu\/fr-webzine\/wp-content\/uploads\/medias\/1.png","2048x2048-width":800,"2048x2048-height":500}},"-title":"","-text":"<p>\u00ab\u00a0<em>Les \u00e9quipes sont amen\u00e9es au d\u00e9part par des id\u00e9es, des impulsions et des process clairs, puis ces \u00e9quipes s\u2019approprient les sujets avec \u00e9nergie et savoir-faire . Cette m\u00e9canique fonctionne avec chaque collaborateur qui rejoint le groupe. C\u2019est de mon point de vue le succ\u00e8s de cette croissance \u00e0 la fois interne et externe. Chacun participe \u00e0 cette dynamique !<\/em><\/p>\n<p><em>Le monde s\u2019acc\u00e9l\u00e8re naturellement , son expansion aussi, c\u2019est ce que l\u2019on ressent lorsque l\u2019on int\u00e8gre le groupe : COSMOBILIS.\u00a0\u00bb<\/em><\/p>\n<p>Jean-Marc MALLET, Responsable des Apr\u00e8s-Ventes C\u00f4te d&rsquo;Azur<\/p>\n"}},{"acf_fc_layout":"text-image","--nav":{"-withNav":false,"-ancre":""},"--group":{"-image":{"ID":43647,"id":43647,"title":"Design sans titre (27)","filename":"Design-sans-titre-27.png","filesize":76089,"url":"https:\/\/cdn.bymycar.eu\/fr-webzine\/wp-content\/uploads\/medias\/Design-sans-titre-27.png","link":"https:\/\/www.bymycar.fr\/webzine\/18-eme-du-classement-des-distributeurs-europeen-des-talent-vous-disent-pourquoi\/design-sans-titre-27\/","alt":"","author":"88","description":"","caption":"","name":"design-sans-titre-27","status":"inherit","uploaded_to":43595,"date":"2023-12-07 14:10:55","modified":"2023-12-07 14:10:55","menu_order":0,"mime_type":"image\/png","type":"image","subtype":"png","icon":"https:\/\/www.bymycar.fr\/webzine\/wp-includes\/images\/media\/default.png","width":800,"height":500,"sizes":{"thumbnail":"https:\/\/cdn.bymycar.eu\/fr-webzine\/wp-content\/uploads\/medias\/Design-sans-titre-27-150x150.png","thumbnail-width":150,"thumbnail-height":150,"medium":"https:\/\/cdn.bymycar.eu\/fr-webzine\/wp-content\/uploads\/medias\/Design-sans-titre-27-300x188.png","medium-width":300,"medium-height":188,"medium_large":"https:\/\/cdn.bymycar.eu\/fr-webzine\/wp-content\/uploads\/medias\/Design-sans-titre-27-768x480.png","medium_large-width":768,"medium_large-height":480,"large":"https:\/\/cdn.bymycar.eu\/fr-webzine\/wp-content\/uploads\/medias\/Design-sans-titre-27.png","large-width":800,"large-height":500,"1536x1536":"https:\/\/cdn.bymycar.eu\/fr-webzine\/wp-content\/uploads\/medias\/Design-sans-titre-27.png","1536x1536-width":800,"1536x1536-height":500,"2048x2048":"https:\/\/cdn.bymycar.eu\/fr-webzine\/wp-content\/uploads\/medias\/Design-sans-titre-27.png","2048x2048-width":800,"2048x2048-height":500}},"-title":"","-text":"<p>&nbsp;<\/p>\n<p>\u00ab\u00a0<em>Notre mod\u00e8le plug-and-play, qui a fait ses preuves en France, nous permet de connecter nos concessions europ\u00e9ennes et d&rsquo;\u00eatre imm\u00e9diatement op\u00e9rationnels et efficaces.\u00a0\u00bb<\/em><\/p>\n<p>Rajai DAJANI en charge du service Marketing Digital<\/p>\n"}},{"acf_fc_layout":"text-image","--nav":{"-withNav":false,"-ancre":""},"--group":{"-image":{"ID":43639,"id":43639,"title":"2","filename":"2.png","filesize":91164,"url":"https:\/\/cdn.bymycar.eu\/fr-webzine\/wp-content\/uploads\/medias\/2.png","link":"https:\/\/www.bymycar.fr\/webzine\/18-eme-du-classement-des-distributeurs-europeen-des-talent-vous-disent-pourquoi\/2-27\/","alt":"","author":"88","description":"","caption":"","name":"2-27","status":"inherit","uploaded_to":43595,"date":"2023-12-07 14:01:30","modified":"2023-12-07 14:01:30","menu_order":0,"mime_type":"image\/png","type":"image","subtype":"png","icon":"https:\/\/www.bymycar.fr\/webzine\/wp-includes\/images\/media\/default.png","width":800,"height":500,"sizes":{"thumbnail":"https:\/\/cdn.bymycar.eu\/fr-webzine\/wp-content\/uploads\/medias\/2-150x150.png","thumbnail-width":150,"thumbnail-height":150,"medium":"https:\/\/cdn.bymycar.eu\/fr-webzine\/wp-content\/uploads\/medias\/2-300x188.png","medium-width":300,"medium-height":188,"medium_large":"https:\/\/cdn.bymycar.eu\/fr-webzine\/wp-content\/uploads\/medias\/2-768x480.png","medium_large-width":768,"medium_large-height":480,"large":"https:\/\/cdn.bymycar.eu\/fr-webzine\/wp-content\/uploads\/medias\/2.png","large-width":800,"large-height":500,"1536x1536":"https:\/\/cdn.bymycar.eu\/fr-webzine\/wp-content\/uploads\/medias\/2.png","1536x1536-width":800,"1536x1536-height":500,"2048x2048":"https:\/\/cdn.bymycar.eu\/fr-webzine\/wp-content\/uploads\/medias\/2.png","2048x2048-width":800,"2048x2048-height":500}},"-title":"","-text":"<p><em>\u00ab\u00a0Fort de ses valeurs d\u2019Entreprise, le groupe BYmyCAR a su faire preuve de r\u00e9silience, d\u2019agilit\u00e9, mais aussi de diversit\u00e9 dans ce virage de l\u2019automobile, en s\u2019adaptant \u00e0 ses clients et aux nouvelles demandes d\u2019automobilit\u00e9 par une offre unique\u00a0! <\/em><\/p>\n<p><em>Le groupe COSMOBILIS, avec ses diff\u00e9rentes marques, a su accompagner BYmyCAR vers une croissance avec des partenariats solides. \u00bb<\/em><\/p>\n<p>Julie BISSIERE, Responsable de la Strat\u00e9gie Qualit\u00e9 en Ile de France &amp; Assistante de direction<\/p>\n"}},{"acf_fc_layout":"text-image","--nav":{"-withNav":false,"-ancre":""},"--group":{"-image":{"ID":43638,"id":43638,"title":"4","filename":"4.png","filesize":113399,"url":"https:\/\/cdn.bymycar.eu\/fr-webzine\/wp-content\/uploads\/medias\/4.png","link":"https:\/\/www.bymycar.fr\/webzine\/18-eme-du-classement-des-distributeurs-europeen-des-talent-vous-disent-pourquoi\/4-11\/","alt":"","author":"88","description":"","caption":"","name":"4-11","status":"inherit","uploaded_to":43595,"date":"2023-12-07 14:01:06","modified":"2023-12-07 14:01:06","menu_order":0,"mime_type":"image\/png","type":"image","subtype":"png","icon":"https:\/\/www.bymycar.fr\/webzine\/wp-includes\/images\/media\/default.png","width":800,"height":500,"sizes":{"thumbnail":"https:\/\/cdn.bymycar.eu\/fr-webzine\/wp-content\/uploads\/medias\/4-150x150.png","thumbnail-width":150,"thumbnail-height":150,"medium":"https:\/\/cdn.bymycar.eu\/fr-webzine\/wp-content\/uploads\/medias\/4-300x188.png","medium-width":300,"medium-height":188,"medium_large":"https:\/\/cdn.bymycar.eu\/fr-webzine\/wp-content\/uploads\/medias\/4-768x480.png","medium_large-width":768,"medium_large-height":480,"large":"https:\/\/cdn.bymycar.eu\/fr-webzine\/wp-content\/uploads\/medias\/4.png","large-width":800,"large-height":500,"1536x1536":"https:\/\/cdn.bymycar.eu\/fr-webzine\/wp-content\/uploads\/medias\/4.png","1536x1536-width":800,"1536x1536-height":500,"2048x2048":"https:\/\/cdn.bymycar.eu\/fr-webzine\/wp-content\/uploads\/medias\/4.png","2048x2048-width":800,"2048x2048-height":500}},"-title":"","-text":"<p>\u00ab\u00a0<em>Nous mettons en \u0153uvre et appliquons une politique qualit\u00e9 s\u00e9rieuse et exigeante, que ce soit pour et\/ou avec nos clients internes ou externes.<\/em><\/p>\n<p><em>Les \u00e9quipes sont soud\u00e9es avec un esprit de proximit\u00e9 autour d\u2019une culture d\u2019entreprise forte et valorisante\u00a0\u00bb<\/em><\/p>\n<p>J\u00e9r\u00e9mie TROUSLARD, Directeur Grands Comptes Multimarques<\/p>\n"}},{"acf_fc_layout":"text-simple","--nav":{"-withNav":false,"-ancre":""},"--group":{"-text":"<p>De la technique, \u00e0 la strat\u00e9gique en passant par les valeurs, Bymycar c&rsquo;est aussi l&rsquo;Envie ! Alors, merci \u00e0 nos \u00e9quipes pour leur engagement de tous les jours.<\/p>\n"}}]},"add-carousel-to-footer":true},"yoast_head":"<!-- This site is optimized with the Yoast SEO Premium plugin v26.4 (Yoast SEO v26.4) - https:\/\/yoast.com\/wordpress\/plugins\/seo\/ -->\n<title>14 \u00e8me du classement des distributeurs europ\u00e9ens, nos collaborateurs vous disent pourquoi !<\/title>\n<meta name=\"robots\" content=\"index, follow, max-snippet:-1, max-image-preview:large, max-video-preview:-1\" \/>\n<link rel=\"canonical\" href=\"https:\/\/www.bymycar.fr\/webzine\/18-eme-du-classement-des-distributeurs-europeen-des-talent-vous-disent-pourquoi\/\" \/>\n<meta property=\"og:locale\" content=\"fr_FR\" \/>\n<meta property=\"og:type\" content=\"article\" \/>\n<meta property=\"og:title\" content=\"14 \u00e8me du classement des distributeurs europ\u00e9ens, nos collaborateurs vous disent pourquoi !\" \/>\n<meta property=\"og:url\" content=\"https:\/\/www.bymycar.fr\/webzine\/18-eme-du-classement-des-distributeurs-europeen-des-talent-vous-disent-pourquoi\/\" \/>\n<meta property=\"og:site_name\" content=\"Webzine auto BYmyCAR\" \/>\n<meta property=\"article:published_time\" content=\"2023-12-05T13:00:40+00:00\" \/>\n<meta property=\"article:modified_time\" content=\"2025-04-09T07:32:58+00:00\" \/>\n<meta property=\"og:image\" content=\"https:\/\/cdn.bymycar.eu\/fr-webzine\/wp-content\/uploads\/medias\/thank-you-so-much-2-1024x512.png\" \/>\n\t<meta property=\"og:image:width\" content=\"1024\" \/>\n\t<meta property=\"og:image:height\" content=\"512\" \/>\n\t<meta property=\"og:image:type\" content=\"image\/png\" \/>\n<meta name=\"author\" content=\"La R\u00e9daction BYmyCAR\" \/>\n<meta name=\"twitter:card\" content=\"summary_large_image\" \/>\n<meta name=\"twitter:label1\" content=\"\u00c9crit par\" \/>\n\t<meta name=\"twitter:data1\" content=\"La R\u00e9daction BYmyCAR\" \/>\n<script type=\"application\/ld+json\" class=\"yoast-schema-graph\">{\"@context\":\"https:\/\/schema.org\",\"@graph\":[{\"@type\":\"Article\",\"@id\":\"https:\/\/www.bymycar.fr\/webzine\/18-eme-du-classement-des-distributeurs-europeen-des-talent-vous-disent-pourquoi\/#article\",\"isPartOf\":{\"@id\":\"https:\/\/www.bymycar.fr\/webzine\/18-eme-du-classement-des-distributeurs-europeen-des-talent-vous-disent-pourquoi\/\"},\"author\":{\"name\":\"La R\u00e9daction BYmyCAR\",\"@id\":\"https:\/\/www.bymycar.fr\/webzine\/#\/schema\/person\/8d570fe11eb8929f06c1e6d00f4d9689\"},\"headline\":\"14 \u00e8me du classement des distributeurs europ\u00e9ens, nos collaborateurs vous disent pourquoi !\",\"datePublished\":\"2023-12-05T13:00:40+00:00\",\"dateModified\":\"2025-04-09T07:32:58+00:00\",\"mainEntityOfPage\":{\"@id\":\"https:\/\/www.bymycar.fr\/webzine\/18-eme-du-classement-des-distributeurs-europeen-des-talent-vous-disent-pourquoi\/\"},\"wordCount\":12,\"publisher\":{\"@id\":\"https:\/\/www.bymycar.fr\/webzine\/#organization\"},\"image\":{\"@id\":\"https:\/\/www.bymycar.fr\/webzine\/18-eme-du-classement-des-distributeurs-europeen-des-talent-vous-disent-pourquoi\/#primaryimage\"},\"thumbnailUrl\":\"https:\/\/cdn.bymycar.eu\/fr-webzine\/wp-content\/uploads\/medias\/thank-you-so-much-2.png\",\"articleSection\":[\"Actus RH BYmyCAR\",\"Ressources humaines\"],\"inLanguage\":\"fr-FR\"},{\"@type\":\"WebPage\",\"@id\":\"https:\/\/www.bymycar.fr\/webzine\/18-eme-du-classement-des-distributeurs-europeen-des-talent-vous-disent-pourquoi\/\",\"url\":\"https:\/\/www.bymycar.fr\/webzine\/18-eme-du-classement-des-distributeurs-europeen-des-talent-vous-disent-pourquoi\/\",\"name\":\"14 \u00e8me du classement des distributeurs europ\u00e9ens, nos collaborateurs vous disent pourquoi !\",\"isPartOf\":{\"@id\":\"https:\/\/www.bymycar.fr\/webzine\/#website\"},\"primaryImageOfPage\":{\"@id\":\"https:\/\/www.bymycar.fr\/webzine\/18-eme-du-classement-des-distributeurs-europeen-des-talent-vous-disent-pourquoi\/#primaryimage\"},\"image\":{\"@id\":\"https:\/\/www.bymycar.fr\/webzine\/18-eme-du-classement-des-distributeurs-europeen-des-talent-vous-disent-pourquoi\/#primaryimage\"},\"thumbnailUrl\":\"https:\/\/cdn.bymycar.eu\/fr-webzine\/wp-content\/uploads\/medias\/thank-you-so-much-2.png\",\"datePublished\":\"2023-12-05T13:00:40+00:00\",\"dateModified\":\"2025-04-09T07:32:58+00:00\",\"breadcrumb\":{\"@id\":\"https:\/\/www.bymycar.fr\/webzine\/18-eme-du-classement-des-distributeurs-europeen-des-talent-vous-disent-pourquoi\/#breadcrumb\"},\"inLanguage\":\"fr-FR\",\"potentialAction\":[{\"@type\":\"ReadAction\",\"target\":[\"https:\/\/www.bymycar.fr\/webzine\/18-eme-du-classement-des-distributeurs-europeen-des-talent-vous-disent-pourquoi\/\"]}]},{\"@type\":\"ImageObject\",\"inLanguage\":\"fr-FR\",\"@id\":\"https:\/\/www.bymycar.fr\/webzine\/18-eme-du-classement-des-distributeurs-europeen-des-talent-vous-disent-pourquoi\/#primaryimage\",\"url\":\"https:\/\/cdn.bymycar.eu\/fr-webzine\/wp-content\/uploads\/medias\/thank-you-so-much-2.png\",\"contentUrl\":\"https:\/\/cdn.bymycar.eu\/fr-webzine\/wp-content\/uploads\/medias\/thank-you-so-much-2.png\",\"width\":6912,\"height\":3456},{\"@type\":\"BreadcrumbList\",\"@id\":\"https:\/\/www.bymycar.fr\/webzine\/18-eme-du-classement-des-distributeurs-europeen-des-talent-vous-disent-pourquoi\/#breadcrumb\",\"itemListElement\":[{\"@type\":\"ListItem\",\"position\":1,\"name\":\"Accueil\",\"item\":\"https:\/\/www.bymycar.fr\/webzine\/\"},{\"@type\":\"ListItem\",\"position\":2,\"name\":\"14 \u00e8me du classement des distributeurs europ\u00e9ens, nos collaborateurs vous disent pourquoi !\"}]},{\"@type\":\"WebSite\",\"@id\":\"https:\/\/www.bymycar.fr\/webzine\/#website\",\"url\":\"https:\/\/www.bymycar.fr\/webzine\/\",\"name\":\"Webzine auto BYmyCAR\",\"description\":\"La magazine auto de BYmyCAR\",\"publisher\":{\"@id\":\"https:\/\/www.bymycar.fr\/webzine\/#organization\"},\"potentialAction\":[{\"@type\":\"SearchAction\",\"target\":{\"@type\":\"EntryPoint\",\"urlTemplate\":\"https:\/\/www.bymycar.fr\/webzine\/?s={search_term_string}\"},\"query-input\":{\"@type\":\"PropertyValueSpecification\",\"valueRequired\":true,\"valueName\":\"search_term_string\"}}],\"inLanguage\":\"fr-FR\"},{\"@type\":\"Organization\",\"@id\":\"https:\/\/www.bymycar.fr\/webzine\/#organization\",\"name\":\"BYmyCAR\",\"url\":\"https:\/\/www.bymycar.fr\/webzine\/\",\"logo\":{\"@type\":\"ImageObject\",\"inLanguage\":\"fr-FR\",\"@id\":\"https:\/\/www.bymycar.fr\/webzine\/#\/schema\/logo\/image\/\",\"url\":\"https:\/\/cdn.bymycar.eu\/fr-webzine\/wp-content\/uploads\/medias\/2017\/08\/logo_DEALER_00000406_001.png\",\"contentUrl\":\"https:\/\/cdn.bymycar.eu\/fr-webzine\/wp-content\/uploads\/medias\/2017\/08\/logo_DEALER_00000406_001.png\",\"width\":2132,\"height\":720,\"caption\":\"BYmyCAR\"},\"image\":{\"@id\":\"https:\/\/www.bymycar.fr\/webzine\/#\/schema\/logo\/image\/\"}},{\"@type\":\"Person\",\"@id\":\"https:\/\/www.bymycar.fr\/webzine\/#\/schema\/person\/8d570fe11eb8929f06c1e6d00f4d9689\",\"name\":\"La R\u00e9daction BYmyCAR\",\"image\":{\"@type\":\"ImageObject\",\"inLanguage\":\"fr-FR\",\"@id\":\"https:\/\/www.bymycar.fr\/webzine\/#\/schema\/person\/image\/\",\"url\":\"https:\/\/secure.gravatar.com\/avatar\/1aa6b039d0ce106989923af4e2d0f2a0c82bb070d5e449f1b9adf082a5863900?s=96&d=mm&r=g\",\"contentUrl\":\"https:\/\/secure.gravatar.com\/avatar\/1aa6b039d0ce106989923af4e2d0f2a0c82bb070d5e449f1b9adf082a5863900?s=96&d=mm&r=g\",\"caption\":\"La R\u00e9daction BYmyCAR\"},\"sameAs\":[\"https:\/\/www.bymycar.fr\/\"]}]}<\/script>\n<!-- \/ Yoast SEO Premium plugin. -->","yoast_head_json":{"title":"14 \u00e8me du classement des distributeurs europ\u00e9ens, nos collaborateurs vous disent pourquoi !","robots":{"index":"index","follow":"follow","max-snippet":"max-snippet:-1","max-image-preview":"max-image-preview:large","max-video-preview":"max-video-preview:-1"},"canonical":"https:\/\/www.bymycar.fr\/webzine\/18-eme-du-classement-des-distributeurs-europeen-des-talent-vous-disent-pourquoi\/","og_locale":"fr_FR","og_type":"article","og_title":"14 \u00e8me du classement des distributeurs europ\u00e9ens, nos collaborateurs vous disent pourquoi !","og_url":"https:\/\/www.bymycar.fr\/webzine\/18-eme-du-classement-des-distributeurs-europeen-des-talent-vous-disent-pourquoi\/","og_site_name":"Webzine auto BYmyCAR","article_published_time":"2023-12-05T13:00:40+00:00","article_modified_time":"2025-04-09T07:32:58+00:00","og_image":[{"width":1024,"height":512,"url":"https:\/\/cdn.bymycar.eu\/fr-webzine\/wp-content\/uploads\/medias\/thank-you-so-much-2-1024x512.png","type":"image\/png"}],"author":"La R\u00e9daction BYmyCAR","twitter_card":"summary_large_image","twitter_misc":{"\u00c9crit par":"La R\u00e9daction BYmyCAR"},"schema":{"@context":"https:\/\/schema.org","@graph":[{"@type":"Article","@id":"https:\/\/www.bymycar.fr\/webzine\/18-eme-du-classement-des-distributeurs-europeen-des-talent-vous-disent-pourquoi\/#article","isPartOf":{"@id":"https:\/\/www.bymycar.fr\/webzine\/18-eme-du-classement-des-distributeurs-europeen-des-talent-vous-disent-pourquoi\/"},"author":{"name":"La R\u00e9daction BYmyCAR","@id":"https:\/\/www.bymycar.fr\/webzine\/#\/schema\/person\/8d570fe11eb8929f06c1e6d00f4d9689"},"headline":"14 \u00e8me du classement des distributeurs europ\u00e9ens, nos collaborateurs vous disent pourquoi !","datePublished":"2023-12-05T13:00:40+00:00","dateModified":"2025-04-09T07:32:58+00:00","mainEntityOfPage":{"@id":"https:\/\/www.bymycar.fr\/webzine\/18-eme-du-classement-des-distributeurs-europeen-des-talent-vous-disent-pourquoi\/"},"wordCount":12,"publisher":{"@id":"https:\/\/www.bymycar.fr\/webzine\/#organization"},"image":{"@id":"https:\/\/www.bymycar.fr\/webzine\/18-eme-du-classement-des-distributeurs-europeen-des-talent-vous-disent-pourquoi\/#primaryimage"},"thumbnailUrl":"https:\/\/cdn.bymycar.eu\/fr-webzine\/wp-content\/uploads\/medias\/thank-you-so-much-2.png","articleSection":["Actus RH BYmyCAR","Ressources humaines"],"inLanguage":"fr-FR"},{"@type":"WebPage","@id":"https:\/\/www.bymycar.fr\/webzine\/18-eme-du-classement-des-distributeurs-europeen-des-talent-vous-disent-pourquoi\/","url":"https:\/\/www.bymycar.fr\/webzine\/18-eme-du-classement-des-distributeurs-europeen-des-talent-vous-disent-pourquoi\/","name":"14 \u00e8me du classement des distributeurs europ\u00e9ens, nos collaborateurs vous disent pourquoi !","isPartOf":{"@id":"https:\/\/www.bymycar.fr\/webzine\/#website"},"primaryImageOfPage":{"@id":"https:\/\/www.bymycar.fr\/webzine\/18-eme-du-classement-des-distributeurs-europeen-des-talent-vous-disent-pourquoi\/#primaryimage"},"image":{"@id":"https:\/\/www.bymycar.fr\/webzine\/18-eme-du-classement-des-distributeurs-europeen-des-talent-vous-disent-pourquoi\/#primaryimage"},"thumbnailUrl":"https:\/\/cdn.bymycar.eu\/fr-webzine\/wp-content\/uploads\/medias\/thank-you-so-much-2.png","datePublished":"2023-12-05T13:00:40+00:00","dateModified":"2025-04-09T07:32:58+00:00","breadcrumb":{"@id":"https:\/\/www.bymycar.fr\/webzine\/18-eme-du-classement-des-distributeurs-europeen-des-talent-vous-disent-pourquoi\/#breadcrumb"},"inLanguage":"fr-FR","potentialAction":[{"@type":"ReadAction","target":["https:\/\/www.bymycar.fr\/webzine\/18-eme-du-classement-des-distributeurs-europeen-des-talent-vous-disent-pourquoi\/"]}]},{"@type":"ImageObject","inLanguage":"fr-FR","@id":"https:\/\/www.bymycar.fr\/webzine\/18-eme-du-classement-des-distributeurs-europeen-des-talent-vous-disent-pourquoi\/#primaryimage","url":"https:\/\/cdn.bymycar.eu\/fr-webzine\/wp-content\/uploads\/medias\/thank-you-so-much-2.png","contentUrl":"https:\/\/cdn.bymycar.eu\/fr-webzine\/wp-content\/uploads\/medias\/thank-you-so-much-2.png","width":6912,"height":3456},{"@type":"BreadcrumbList","@id":"https:\/\/www.bymycar.fr\/webzine\/18-eme-du-classement-des-distributeurs-europeen-des-talent-vous-disent-pourquoi\/#breadcrumb","itemListElement":[{"@type":"ListItem","position":1,"name":"Accueil","item":"https:\/\/www.bymycar.fr\/webzine\/"},{"@type":"ListItem","position":2,"name":"14 \u00e8me du classement des distributeurs europ\u00e9ens, nos collaborateurs vous disent pourquoi !"}]},{"@type":"WebSite","@id":"https:\/\/www.bymycar.fr\/webzine\/#website","url":"https:\/\/www.bymycar.fr\/webzine\/","name":"Webzine auto BYmyCAR","description":"La magazine auto de BYmyCAR","publisher":{"@id":"https:\/\/www.bymycar.fr\/webzine\/#organization"},"potentialAction":[{"@type":"SearchAction","target":{"@type":"EntryPoint","urlTemplate":"https:\/\/www.bymycar.fr\/webzine\/?s={search_term_string}"},"query-input":{"@type":"PropertyValueSpecification","valueRequired":true,"valueName":"search_term_string"}}],"inLanguage":"fr-FR"},{"@type":"Organization","@id":"https:\/\/www.bymycar.fr\/webzine\/#organization","name":"BYmyCAR","url":"https:\/\/www.bymycar.fr\/webzine\/","logo":{"@type":"ImageObject","inLanguage":"fr-FR","@id":"https:\/\/www.bymycar.fr\/webzine\/#\/schema\/logo\/image\/","url":"https:\/\/cdn.bymycar.eu\/fr-webzine\/wp-content\/uploads\/medias\/2017\/08\/logo_DEALER_00000406_001.png","contentUrl":"https:\/\/cdn.bymycar.eu\/fr-webzine\/wp-content\/uploads\/medias\/2017\/08\/logo_DEALER_00000406_001.png","width":2132,"height":720,"caption":"BYmyCAR"},"image":{"@id":"https:\/\/www.bymycar.fr\/webzine\/#\/schema\/logo\/image\/"}},{"@type":"Person","@id":"https:\/\/www.bymycar.fr\/webzine\/#\/schema\/person\/8d570fe11eb8929f06c1e6d00f4d9689","name":"La R\u00e9daction BYmyCAR","image":{"@type":"ImageObject","inLanguage":"fr-FR","@id":"https:\/\/www.bymycar.fr\/webzine\/#\/schema\/person\/image\/","url":"https:\/\/secure.gravatar.com\/avatar\/1aa6b039d0ce106989923af4e2d0f2a0c82bb070d5e449f1b9adf082a5863900?s=96&d=mm&r=g","contentUrl":"https:\/\/secure.gravatar.com\/avatar\/1aa6b039d0ce106989923af4e2d0f2a0c82bb070d5e449f1b9adf082a5863900?s=96&d=mm&r=g","caption":"La R\u00e9daction BYmyCAR"},"sameAs":["https:\/\/www.bymycar.fr\/"]}]}},"_links":{"self":[{"href":"https:\/\/www.bymycar.fr\/webzine\/wp-json\/wp\/v2\/posts\/43595","targetHints":{"allow":["GET"]}}],"collection":[{"href":"https:\/\/www.bymycar.fr\/webzine\/wp-json\/wp\/v2\/posts"}],"about":[{"href":"https:\/\/www.bymycar.fr\/webzine\/wp-json\/wp\/v2\/types\/post"}],"author":[{"embeddable":true,"href":"https:\/\/www.bymycar.fr\/webzine\/wp-json\/wp\/v2\/users\/88"}],"replies":[{"embeddable":true,"href":"https:\/\/www.bymycar.fr\/webzine\/wp-json\/wp\/v2\/comments?post=43595"}],"version-history":[{"count":39,"href":"https:\/\/www.bymycar.fr\/webzine\/wp-json\/wp\/v2\/posts\/43595\/revisions"}],"predecessor-version":[{"id":57687,"href":"https:\/\/www.bymycar.fr\/webzine\/wp-json\/wp\/v2\/posts\/43595\/revisions\/57687"}],"wp:featuredmedia":[{"embeddable":true,"href":"https:\/\/www.bymycar.fr\/webzine\/wp-json\/wp\/v2\/media\/43651"}],"wp:attachment":[{"href":"https:\/\/www.bymycar.fr\/webzine\/wp-json\/wp\/v2\/media?parent=43595"}],"wp:term":[{"taxonomy":"category","embeddable":true,"href":"https:\/\/www.bymycar.fr\/webzine\/wp-json\/wp\/v2\/categories?post=43595"},{"taxonomy":"post_tag","embeddable":true,"href":"https:\/\/www.bymycar.fr\/webzine\/wp-json\/wp\/v2\/tags?post=43595"}],"curies":[{"name":"wp","href":"https:\/\/api.w.org\/{rel}","templated":true}]}}