{"id":43256,"date":"2023-10-24T17:43:29","date_gmt":"2023-10-24T15:43:29","guid":{"rendered":"https:\/\/prod.bymycar.fr\/webzine\/?p=43256"},"modified":"2025-09-09T11:34:15","modified_gmt":"2025-09-09T09:34:15","slug":"quel-est-le-cout-de-la-reparation-dune-vitre-avant-de-fiat-doblo","status":"publish","type":"post","link":"https:\/\/www.bymycar.fr\/webzine\/quel-est-le-cout-de-la-reparation-dune-vitre-avant-de-fiat-doblo\/","title":{"rendered":"Quel est le co\u00fbt de la r\u00e9paration d\u2019une vitre avant de Fiat Doblo ?"},"content":{"rendered":"","protected":false},"excerpt":{"rendered":"","protected":false},"author":88,"featured_media":43259,"comment_status":"closed","ping_status":"open","sticky":false,"template":"","format":"standard","meta":{"_acf_changed":false,"footnotes":""},"categories":[12999],"tags":[],"class_list":["post-43256","post","type-post","status-publish","format-standard","has-post-thumbnail","hentry","category-guide-dachat-fiat-doblo"],"acf":{"template":"classique","introduction":"<p style=\"text-align: justify;\">Une des vitres avant de votre Fiat Doblo ne remonte plus ou reste bloqu\u00e9e ? D\u00e9couvrez les principales raisons justifiant une r\u00e9paration de l\u00e8ve-vitre et quel est le co\u00fbt moyen de cette op\u00e9ration.<\/p>\n","strates":[{"type_strate":"carousel-produits","ancre":"","contenu":"","titre":"Voir nos v\u00e9hicules Fiat Doblo disponibles","image":false,"image_libre":false,"image_800x500":false,"legende":"","zoom":false,"texte":"","articles":false,"categorie_droite":false,"images":false,"elements_comparatif":false,"texte_1":"","texte_2":"","image_1":false,"image_1_563x400":false,"image_1_332x332":false,"image_2":false,"image_2_333x240":false,"image_2_563x400":false,"image_3":false,"image_3_333x240":false,"image_3_332x450":false,"image_4":false,"image_4_332x332":false,"image_4_563x400":false,"code_embed":"","legende_video":"","photo":false,"photo_100x100":false,"nom":"","fonction":"","elements_timeline":false,"entetes_colonnes":false,"entetes_lignes":false,"lignes":false,"introduction":"","formulaire":false,"question":"","reponse":"","libelle_bouton_lien":"","url_lien":"","questions":false,"conclusions":false,"pays":"1","region":"","marque":"9","marqueConcessions":false,"modele":"DOBLO","ptvente":"","typeV":"","collection":"","nombre_maximum_elements":"5","lien_fin_carousel":"https:\/\/www.bymycar.fr\/rechercher-un-vehicule?prod_VEHICLES[refinementList][brand][0]=FIAT&prod_VEHICLES[refinementList][modelGroup1][0]=DOBLO","texte_lien_fin_carousel":"voir plus","trier_par":"prix"},{"type_strate":"texte-simple","ancre":"","contenu":"<h2 style=\"text-align: justify;\">Guide des vitres avant de Fiat Doblo<\/h2>\n<h3 style=\"text-align: justify;\">Comment fonctionne un l\u00e8ve-vitre de voiture ?<\/h3>\n<p style=\"text-align: justify;\">Un l\u00e8ve-vitre fonctionne avec des c\u00e2bles ou des ciseaux. G\u00e9n\u00e9ralement, les <a href=\"https:\/\/www.bymycar.fr\/marques\/fiat\/doblo\" target=\"_blank\" rel=\"noopener\">Fiat Doblo<\/a> utilisent le syst\u00e8me avec c\u00e2bles. La vitre est lev\u00e9e et baiss\u00e9e gr\u00e2ce \u00e0 un c\u00e2ble vertical, une poulie et un \u00e9l\u00e9ment en acier. Pour\u00a0<strong>actionner le l\u00e8ve-vitre<\/strong>, deux sortes de commandes existent. La premi\u00e8re est la commande continue : un appui prolong\u00e9 est n\u00e9cessaire pour fermer ou ouvrir la vitre. La seconde m\u00e9thode est la commande s\u00e9quentielle. Une seule pression suffit pour faire monter ou descendre le vitrage.<\/p>\n<h3 style=\"text-align: justify;\">Comment savoir si le moteur de la vitre est HS ?<\/h3>\n<p style=\"text-align: justify;\">Avant de v\u00e9rifier le\u00a0<strong>fonctionnement du l\u00e8ve-vitre<\/strong>, vous avez int\u00e9r\u00eat \u00e0 vous assurer qu\u2019il est correctement aliment\u00e9 en \u00e9lectricit\u00e9. Les v\u00e9rifications suivantes sont recommand\u00e9es :<\/p>\n<ul style=\"text-align: justify;\">\n<li>la batterie de votre voiture est charg\u00e9e<\/li>\n<li>le fusible du l\u00e8ve-vitre fonctionne<\/li>\n<li>les c\u00e2bles \u00e9lectriques alimentant le l\u00e8ve-vitre sont en bon \u00e9tat et correctement branch\u00e9s<\/li>\n<\/ul>\n<p style=\"text-align: justify;\">Toutes les \u00e9tapes pr\u00e9c\u00e9dentes sont positives ? Il est probable que le\u00a0<strong>moteur du l\u00e8ve-vitre<\/strong> soit d\u00e9fectueux.<\/p>\n<h3 style=\"text-align: justify;\">Pourquoi la vitre \u00e9lectrique ne fonctionne plus ?<\/h3>\n<p style=\"text-align: justify;\">Les principales raisons expliquant pourquoi la vitre avant de votre voiture Fiat Doblo est bloqu\u00e9e sont :<\/p>\n<ul style=\"text-align: justify;\">\n<li><strong>le dysfonctionnement du moteur du l\u00e8ve-vitre<\/strong><\/li>\n<li>le probl\u00e8me de passage du courant \u00e9lectrique caus\u00e9 par un c\u00e2ble cass\u00e9<\/li>\n<li>les joints ou guides de la vitre d\u00e9t\u00e9rior\u00e9s<\/li>\n<li>un fusible d\u00e9fectueux<\/li>\n<li>un interrupteur endommag\u00e9<\/li>\n<li>une accumulation de poussi\u00e8re ou de salet\u00e9<\/li>\n<\/ul>\n<h2 style=\"text-align: justify;\">Comment r\u00e9parer une vitre de Fiat Doblo ?<\/h2>\n<h3 style=\"text-align: justify;\">Comment remettre une vitre de voiture dans son rail ?<\/h3>\n<p style=\"text-align: justify;\">Commencez par enlever le garnissage de la porte. Si la rotule de la pi\u00e8ce qui coulisse dans le rail est sortie de son logement, remettez-la en place.<\/p>\n<h3 style=\"text-align: justify;\">Comment remonter une vitre \u00e9lectrique \u00e0 la main ?<\/h3>\n<p style=\"text-align: justify;\">S\u00e9curisez la porti\u00e8re afin qu\u2019elle reste bien ouverte pendant l\u2019op\u00e9ration. Plaquez vos paumes de main de part et d\u2019autre de la vitre, \u00e0 condition qu\u2019une hauteur minimale soit disponible. Essayez de d\u00e9placer vos mains vers le haut en tenant le plus fermement possible la vitre. Elle va certainement glisser plusieurs fois entre vos paumes mais recommencez jusqu\u2019\u00e0 ce qu\u2019elle finisse par remonter, petit \u00e0 petit.<\/p>\n<h3 style=\"text-align: justify;\">Que contient un kit de r\u00e9paration pour l\u00e8ve-vitre de Fiat Doblo ?<\/h3>\n<p style=\"text-align: justify;\">Il est important de v\u00e9rifier que le\u00a0<strong>kit de r\u00e9paration pour l\u00e8ve-vitre<\/strong> s\u00e9lectionn\u00e9 correspond bien au mod\u00e8le de Fiat Doblo que vous poss\u00e9dez. Il existe des kits sp\u00e9cifiques pour les vitres avant gauches et droites. Selon les fabricants, ce kit contient diff\u00e9rents accessoires : deux c\u00e2bles, une poulie, des clips, etc.<\/p>\n<h3 style=\"text-align: justify;\">Combien co\u00fbte une r\u00e9paration de vitre chez un garagiste ?<\/h3>\n<p style=\"text-align: justify;\">Le prix moyen pour r\u00e9parer un l\u00e8ve-vitre \u00e9lectrique varie entre 80 \u20ac et 150 \u20ac. Si le m\u00e9canisme entier doit \u00eatre remplac\u00e9, la facture est plus importante : entre 100 \u20ac et 200 \u20ac*.<\/p>\n<p style=\"text-align: justify;\">Retrouvez le Fiat Doblo dans nos <a href=\"https:\/\/www.bymycar.fr\/concessions\/fiat\" target=\"_blank\" rel=\"noopener\">concessions BYmyCAR<\/a> !<\/p>\n<p style=\"text-align: justify;\">*voir conditions en concession<\/p>\n","titre":"t1","image":false,"image_libre":false,"image_800x500":false,"legende":"","zoom":false,"texte":"","articles":false,"categorie_droite":false,"images":false,"elements_comparatif":false,"texte_1":"","texte_2":"","image_1":false,"image_1_563x400":false,"image_1_332x332":false,"image_2":false,"image_2_333x240":false,"image_2_563x400":false,"image_3":false,"image_3_333x240":false,"image_3_332x450":false,"image_4":false,"image_4_332x332":false,"image_4_563x400":false,"code_embed":"","legende_video":"","photo":false,"photo_100x100":false,"nom":"","fonction":"","elements_timeline":false,"entetes_colonnes":false,"entetes_lignes":false,"lignes":false,"introduction":"","formulaire":false,"question":"","reponse":"","libelle_bouton_lien":"","url_lien":"","questions":false,"conclusions":false,"pays":false,"region":false,"marque":false,"marqueConcessions":false,"modele":false,"ptvente":false,"typeV":false,"collection":false,"nombre_maximum_elements":10,"lien_fin_carousel":"","texte_lien_fin_carousel":"","trier_par":false},{"type_strate":"carousel-produits","ancre":"","contenu":"","titre":"D\u00e9couvrir notre s\u00e9lection de Fiat Doblo disponibles","image":false,"image_libre":false,"image_800x500":false,"legende":"","zoom":false,"texte":"","articles":false,"categorie_droite":false,"images":false,"elements_comparatif":false,"texte_1":"","texte_2":"","image_1":false,"image_1_563x400":false,"image_1_332x332":false,"image_2":false,"image_2_333x240":false,"image_2_563x400":false,"image_3":false,"image_3_333x240":false,"image_3_332x450":false,"image_4":false,"image_4_332x332":false,"image_4_563x400":false,"code_embed":"","legende_video":"","photo":false,"photo_100x100":false,"nom":"","fonction":"","elements_timeline":false,"entetes_colonnes":false,"entetes_lignes":false,"lignes":false,"introduction":"","formulaire":false,"question":"","reponse":"","libelle_bouton_lien":"","url_lien":"","questions":false,"conclusions":false,"pays":"1","region":"","marque":"9","marqueConcessions":false,"modele":"DOBLO","ptvente":"","typeV":"","collection":"","nombre_maximum_elements":"5","lien_fin_carousel":"https:\/\/www.bymycar.fr\/rechercher-un-vehicule?prod_VEHICLES[refinementList][brand][0]=FIAT&prod_VEHICLES[refinementList][modelGroup1][0]=DOBLO","texte_lien_fin_carousel":"voir plus","trier_par":"nouveaute"}],"is_old_post":false,"image":{"ID":43259,"id":43259,"title":"187a101bd2065759e2413b9c9c0a67bee8ac9280","filename":"187a101bd2065759e2413b9c9c0a67bee8ac9280.jpeg","filesize":190996,"url":"https:\/\/cdn.bymycar.eu\/fr-webzine\/wp-content\/uploads\/medias\/187a101bd2065759e2413b9c9c0a67bee8ac9280.jpeg","link":"https:\/\/www.bymycar.fr\/webzine\/quel-est-le-cout-de-la-reparation-dune-vitre-avant-de-fiat-doblo\/187a101bd2065759e2413b9c9c0a67bee8ac9280\/","alt":"Fiat doblo gris","author":"88","description":"","caption":"","name":"187a101bd2065759e2413b9c9c0a67bee8ac9280","status":"inherit","uploaded_to":43256,"date":"2023-10-24 15:42:25","modified":"2023-10-24 15:42:40","menu_order":0,"mime_type":"image\/jpeg","type":"image","subtype":"jpeg","icon":"https:\/\/www.bymycar.fr\/webzine\/wp-includes\/images\/media\/default.png","width":1170,"height":740,"sizes":{"thumbnail":"https:\/\/cdn.bymycar.eu\/fr-webzine\/wp-content\/uploads\/medias\/187a101bd2065759e2413b9c9c0a67bee8ac9280-150x150.jpeg","thumbnail-width":150,"thumbnail-height":150,"medium":"https:\/\/cdn.bymycar.eu\/fr-webzine\/wp-content\/uploads\/medias\/187a101bd2065759e2413b9c9c0a67bee8ac9280-300x190.jpeg","medium-width":300,"medium-height":190,"medium_large":"https:\/\/cdn.bymycar.eu\/fr-webzine\/wp-content\/uploads\/medias\/187a101bd2065759e2413b9c9c0a67bee8ac9280-768x486.jpeg","medium_large-width":768,"medium_large-height":486,"large":"https:\/\/cdn.bymycar.eu\/fr-webzine\/wp-content\/uploads\/medias\/187a101bd2065759e2413b9c9c0a67bee8ac9280-1024x648.jpeg","large-width":1024,"large-height":648,"1536x1536":"https:\/\/cdn.bymycar.eu\/fr-webzine\/wp-content\/uploads\/medias\/187a101bd2065759e2413b9c9c0a67bee8ac9280.jpeg","1536x1536-width":1170,"1536x1536-height":740,"2048x2048":"https:\/\/cdn.bymycar.eu\/fr-webzine\/wp-content\/uploads\/medias\/187a101bd2065759e2413b9c9c0a67bee8ac9280.jpeg","2048x2048-width":1170,"2048x2048-height":740}},"page_content":{"block_content":[{"acf_fc_layout":"carousel-produits"},{"acf_fc_layout":"text-simple","--nav":{"-withNav":false,"-ancre":""},"--group":{"-text":"<h2 style=\"text-align: justify;\">Guide des vitres avant de Fiat Doblo<\/h2>\n<h3 style=\"text-align: justify;\">Comment fonctionne un l\u00e8ve-vitre de voiture ?<\/h3>\n<p style=\"text-align: justify;\">Un l\u00e8ve-vitre fonctionne avec des c\u00e2bles ou des ciseaux. G\u00e9n\u00e9ralement, les <a href=\"https:\/\/www.bymycar.fr\/marques\/fiat\/doblo\" target=\"_blank\" rel=\"noopener\">Fiat Doblo<\/a> utilisent le syst\u00e8me avec c\u00e2bles. La vitre est lev\u00e9e et baiss\u00e9e gr\u00e2ce \u00e0 un c\u00e2ble vertical, une poulie et un \u00e9l\u00e9ment en acier. Pour\u00a0<strong>actionner le l\u00e8ve-vitre<\/strong>, deux sortes de commandes existent. La premi\u00e8re est la commande continue : un appui prolong\u00e9 est n\u00e9cessaire pour fermer ou ouvrir la vitre. La seconde m\u00e9thode est la commande s\u00e9quentielle. Une seule pression suffit pour faire monter ou descendre le vitrage.<\/p>\n<h3 style=\"text-align: justify;\">Comment savoir si le moteur de la vitre est HS ?<\/h3>\n<p style=\"text-align: justify;\">Avant de v\u00e9rifier le\u00a0<strong>fonctionnement du l\u00e8ve-vitre<\/strong>, vous avez int\u00e9r\u00eat \u00e0 vous assurer qu\u2019il est correctement aliment\u00e9 en \u00e9lectricit\u00e9. Les v\u00e9rifications suivantes sont recommand\u00e9es :<\/p>\n<ul style=\"text-align: justify;\">\n<li>la batterie de votre voiture est charg\u00e9e<\/li>\n<li>le fusible du l\u00e8ve-vitre fonctionne<\/li>\n<li>les c\u00e2bles \u00e9lectriques alimentant le l\u00e8ve-vitre sont en bon \u00e9tat et correctement branch\u00e9s<\/li>\n<\/ul>\n<p style=\"text-align: justify;\">Toutes les \u00e9tapes pr\u00e9c\u00e9dentes sont positives ? Il est probable que le\u00a0<strong>moteur du l\u00e8ve-vitre<\/strong> soit d\u00e9fectueux.<\/p>\n<h3 style=\"text-align: justify;\">Pourquoi la vitre \u00e9lectrique ne fonctionne plus ?<\/h3>\n<p style=\"text-align: justify;\">Les principales raisons expliquant pourquoi la vitre avant de votre voiture Fiat Doblo est bloqu\u00e9e sont :<\/p>\n<ul style=\"text-align: justify;\">\n<li><strong>le dysfonctionnement du moteur du l\u00e8ve-vitre<\/strong><\/li>\n<li>le probl\u00e8me de passage du courant \u00e9lectrique caus\u00e9 par un c\u00e2ble cass\u00e9<\/li>\n<li>les joints ou guides de la vitre d\u00e9t\u00e9rior\u00e9s<\/li>\n<li>un fusible d\u00e9fectueux<\/li>\n<li>un interrupteur endommag\u00e9<\/li>\n<li>une accumulation de poussi\u00e8re ou de salet\u00e9<\/li>\n<\/ul>\n<h2 style=\"text-align: justify;\">Comment r\u00e9parer une vitre de Fiat Doblo ?<\/h2>\n<h3 style=\"text-align: justify;\">Comment remettre une vitre de voiture dans son rail ?<\/h3>\n<p style=\"text-align: justify;\">Commencez par enlever le garnissage de la porte. Si la rotule de la pi\u00e8ce qui coulisse dans le rail est sortie de son logement, remettez-la en place.<\/p>\n<h3 style=\"text-align: justify;\">Comment remonter une vitre \u00e9lectrique \u00e0 la main ?<\/h3>\n<p style=\"text-align: justify;\">S\u00e9curisez la porti\u00e8re afin qu\u2019elle reste bien ouverte pendant l\u2019op\u00e9ration. Plaquez vos paumes de main de part et d\u2019autre de la vitre, \u00e0 condition qu\u2019une hauteur minimale soit disponible. Essayez de d\u00e9placer vos mains vers le haut en tenant le plus fermement possible la vitre. Elle va certainement glisser plusieurs fois entre vos paumes mais recommencez jusqu\u2019\u00e0 ce qu\u2019elle finisse par remonter, petit \u00e0 petit.<\/p>\n<h3 style=\"text-align: justify;\">Que contient un kit de r\u00e9paration pour l\u00e8ve-vitre de Fiat Doblo ?<\/h3>\n<p style=\"text-align: justify;\">Il est important de v\u00e9rifier que le\u00a0<strong>kit de r\u00e9paration pour l\u00e8ve-vitre<\/strong> s\u00e9lectionn\u00e9 correspond bien au mod\u00e8le de Fiat Doblo que vous poss\u00e9dez. Il existe des kits sp\u00e9cifiques pour les vitres avant gauches et droites. Selon les fabricants, ce kit contient diff\u00e9rents accessoires : deux c\u00e2bles, une poulie, des clips, etc.<\/p>\n<h3 style=\"text-align: justify;\">Combien co\u00fbte une r\u00e9paration de vitre chez un garagiste ?<\/h3>\n<p style=\"text-align: justify;\">Le prix moyen pour r\u00e9parer un l\u00e8ve-vitre \u00e9lectrique varie entre 80 \u20ac et 150 \u20ac. Si le m\u00e9canisme entier doit \u00eatre remplac\u00e9, la facture est plus importante : entre 100 \u20ac et 200 \u20ac*.<\/p>\n<p style=\"text-align: justify;\">Retrouvez le Fiat Doblo dans nos <a href=\"https:\/\/www.bymycar.fr\/concessions\/fiat\" target=\"_blank\" rel=\"noopener\">concessions BYmyCAR<\/a> !<\/p>\n<p style=\"text-align: justify;\">*voir conditions en concession<\/p>\n"}},{"acf_fc_layout":"carousel-produits"}]},"add-carousel-to-footer":true},"yoast_head":"<!-- This site is optimized with the Yoast SEO Premium plugin v26.4 (Yoast SEO v26.4) - https:\/\/yoast.com\/wordpress\/plugins\/seo\/ -->\n<title>Quel est le co\u00fbt de la r\u00e9paration d\u2019une vitre avant de Fiat Doblo ?<\/title>\n<meta name=\"robots\" content=\"index, follow, max-snippet:-1, max-image-preview:large, max-video-preview:-1\" \/>\n<link rel=\"canonical\" href=\"https:\/\/www.bymycar.fr\/webzine\/quel-est-le-cout-de-la-reparation-dune-vitre-avant-de-fiat-doblo\/\" \/>\n<meta property=\"og:locale\" content=\"fr_FR\" \/>\n<meta property=\"og:type\" content=\"article\" \/>\n<meta property=\"og:title\" content=\"Quel est le co\u00fbt de la r\u00e9paration d\u2019une vitre avant de Fiat Doblo ?\" \/>\n<meta property=\"og:url\" content=\"https:\/\/www.bymycar.fr\/webzine\/quel-est-le-cout-de-la-reparation-dune-vitre-avant-de-fiat-doblo\/\" \/>\n<meta property=\"og:site_name\" content=\"Webzine auto BYmyCAR\" \/>\n<meta property=\"article:published_time\" content=\"2023-10-24T15:43:29+00:00\" \/>\n<meta property=\"article:modified_time\" content=\"2025-09-09T09:34:15+00:00\" \/>\n<meta property=\"og:image\" content=\"https:\/\/cdn.bymycar.eu\/fr-webzine\/wp-content\/uploads\/medias\/187a101bd2065759e2413b9c9c0a67bee8ac9280.jpeg\" \/>\n\t<meta property=\"og:image:width\" content=\"1170\" \/>\n\t<meta property=\"og:image:height\" content=\"740\" \/>\n\t<meta property=\"og:image:type\" content=\"image\/jpeg\" \/>\n<meta name=\"author\" content=\"La R\u00e9daction BYmyCAR\" \/>\n<meta name=\"twitter:card\" content=\"summary_large_image\" \/>\n<meta name=\"twitter:label1\" content=\"\u00c9crit par\" \/>\n\t<meta name=\"twitter:data1\" content=\"La R\u00e9daction BYmyCAR\" \/>\n<script type=\"application\/ld+json\" class=\"yoast-schema-graph\">{\"@context\":\"https:\/\/schema.org\",\"@graph\":[{\"@type\":\"Article\",\"@id\":\"https:\/\/www.bymycar.fr\/webzine\/quel-est-le-cout-de-la-reparation-dune-vitre-avant-de-fiat-doblo\/#article\",\"isPartOf\":{\"@id\":\"https:\/\/www.bymycar.fr\/webzine\/quel-est-le-cout-de-la-reparation-dune-vitre-avant-de-fiat-doblo\/\"},\"author\":{\"name\":\"La R\u00e9daction BYmyCAR\",\"@id\":\"https:\/\/www.bymycar.fr\/webzine\/#\/schema\/person\/8d570fe11eb8929f06c1e6d00f4d9689\"},\"headline\":\"Quel est le co\u00fbt de la r\u00e9paration d\u2019une vitre avant de Fiat Doblo ?\",\"datePublished\":\"2023-10-24T15:43:29+00:00\",\"dateModified\":\"2025-09-09T09:34:15+00:00\",\"mainEntityOfPage\":{\"@id\":\"https:\/\/www.bymycar.fr\/webzine\/quel-est-le-cout-de-la-reparation-dune-vitre-avant-de-fiat-doblo\/\"},\"wordCount\":16,\"publisher\":{\"@id\":\"https:\/\/www.bymycar.fr\/webzine\/#organization\"},\"image\":{\"@id\":\"https:\/\/www.bymycar.fr\/webzine\/quel-est-le-cout-de-la-reparation-dune-vitre-avant-de-fiat-doblo\/#primaryimage\"},\"thumbnailUrl\":\"https:\/\/cdn.bymycar.eu\/fr-webzine\/wp-content\/uploads\/medias\/187a101bd2065759e2413b9c9c0a67bee8ac9280.jpeg\",\"articleSection\":[\"Guide d'achat Fiat Doblo\"],\"inLanguage\":\"fr-FR\"},{\"@type\":\"WebPage\",\"@id\":\"https:\/\/www.bymycar.fr\/webzine\/quel-est-le-cout-de-la-reparation-dune-vitre-avant-de-fiat-doblo\/\",\"url\":\"https:\/\/www.bymycar.fr\/webzine\/quel-est-le-cout-de-la-reparation-dune-vitre-avant-de-fiat-doblo\/\",\"name\":\"Quel est le co\u00fbt de la r\u00e9paration d\u2019une vitre avant de Fiat Doblo ?\",\"isPartOf\":{\"@id\":\"https:\/\/www.bymycar.fr\/webzine\/#website\"},\"primaryImageOfPage\":{\"@id\":\"https:\/\/www.bymycar.fr\/webzine\/quel-est-le-cout-de-la-reparation-dune-vitre-avant-de-fiat-doblo\/#primaryimage\"},\"image\":{\"@id\":\"https:\/\/www.bymycar.fr\/webzine\/quel-est-le-cout-de-la-reparation-dune-vitre-avant-de-fiat-doblo\/#primaryimage\"},\"thumbnailUrl\":\"https:\/\/cdn.bymycar.eu\/fr-webzine\/wp-content\/uploads\/medias\/187a101bd2065759e2413b9c9c0a67bee8ac9280.jpeg\",\"datePublished\":\"2023-10-24T15:43:29+00:00\",\"dateModified\":\"2025-09-09T09:34:15+00:00\",\"breadcrumb\":{\"@id\":\"https:\/\/www.bymycar.fr\/webzine\/quel-est-le-cout-de-la-reparation-dune-vitre-avant-de-fiat-doblo\/#breadcrumb\"},\"inLanguage\":\"fr-FR\",\"potentialAction\":[{\"@type\":\"ReadAction\",\"target\":[\"https:\/\/www.bymycar.fr\/webzine\/quel-est-le-cout-de-la-reparation-dune-vitre-avant-de-fiat-doblo\/\"]}]},{\"@type\":\"ImageObject\",\"inLanguage\":\"fr-FR\",\"@id\":\"https:\/\/www.bymycar.fr\/webzine\/quel-est-le-cout-de-la-reparation-dune-vitre-avant-de-fiat-doblo\/#primaryimage\",\"url\":\"https:\/\/cdn.bymycar.eu\/fr-webzine\/wp-content\/uploads\/medias\/187a101bd2065759e2413b9c9c0a67bee8ac9280.jpeg\",\"contentUrl\":\"https:\/\/cdn.bymycar.eu\/fr-webzine\/wp-content\/uploads\/medias\/187a101bd2065759e2413b9c9c0a67bee8ac9280.jpeg\",\"width\":1170,\"height\":740,\"caption\":\"Fiat doblo gris\"},{\"@type\":\"BreadcrumbList\",\"@id\":\"https:\/\/www.bymycar.fr\/webzine\/quel-est-le-cout-de-la-reparation-dune-vitre-avant-de-fiat-doblo\/#breadcrumb\",\"itemListElement\":[{\"@type\":\"ListItem\",\"position\":1,\"name\":\"Accueil\",\"item\":\"https:\/\/www.bymycar.fr\/webzine\/\"},{\"@type\":\"ListItem\",\"position\":2,\"name\":\"Quel est le co\u00fbt de la r\u00e9paration d\u2019une vitre avant de Fiat Doblo ?\"}]},{\"@type\":\"WebSite\",\"@id\":\"https:\/\/www.bymycar.fr\/webzine\/#website\",\"url\":\"https:\/\/www.bymycar.fr\/webzine\/\",\"name\":\"Webzine auto BYmyCAR\",\"description\":\"La magazine auto de BYmyCAR\",\"publisher\":{\"@id\":\"https:\/\/www.bymycar.fr\/webzine\/#organization\"},\"potentialAction\":[{\"@type\":\"SearchAction\",\"target\":{\"@type\":\"EntryPoint\",\"urlTemplate\":\"https:\/\/www.bymycar.fr\/webzine\/?s={search_term_string}\"},\"query-input\":{\"@type\":\"PropertyValueSpecification\",\"valueRequired\":true,\"valueName\":\"search_term_string\"}}],\"inLanguage\":\"fr-FR\"},{\"@type\":\"Organization\",\"@id\":\"https:\/\/www.bymycar.fr\/webzine\/#organization\",\"name\":\"BYmyCAR\",\"url\":\"https:\/\/www.bymycar.fr\/webzine\/\",\"logo\":{\"@type\":\"ImageObject\",\"inLanguage\":\"fr-FR\",\"@id\":\"https:\/\/www.bymycar.fr\/webzine\/#\/schema\/logo\/image\/\",\"url\":\"https:\/\/cdn.bymycar.eu\/fr-webzine\/wp-content\/uploads\/medias\/2017\/08\/logo_DEALER_00000406_001.png\",\"contentUrl\":\"https:\/\/cdn.bymycar.eu\/fr-webzine\/wp-content\/uploads\/medias\/2017\/08\/logo_DEALER_00000406_001.png\",\"width\":2132,\"height\":720,\"caption\":\"BYmyCAR\"},\"image\":{\"@id\":\"https:\/\/www.bymycar.fr\/webzine\/#\/schema\/logo\/image\/\"}},{\"@type\":\"Person\",\"@id\":\"https:\/\/www.bymycar.fr\/webzine\/#\/schema\/person\/8d570fe11eb8929f06c1e6d00f4d9689\",\"name\":\"La R\u00e9daction BYmyCAR\",\"image\":{\"@type\":\"ImageObject\",\"inLanguage\":\"fr-FR\",\"@id\":\"https:\/\/www.bymycar.fr\/webzine\/#\/schema\/person\/image\/\",\"url\":\"https:\/\/secure.gravatar.com\/avatar\/1aa6b039d0ce106989923af4e2d0f2a0c82bb070d5e449f1b9adf082a5863900?s=96&d=mm&r=g\",\"contentUrl\":\"https:\/\/secure.gravatar.com\/avatar\/1aa6b039d0ce106989923af4e2d0f2a0c82bb070d5e449f1b9adf082a5863900?s=96&d=mm&r=g\",\"caption\":\"La R\u00e9daction BYmyCAR\"},\"sameAs\":[\"https:\/\/www.bymycar.fr\/\"]}]}<\/script>\n<!-- \/ Yoast SEO Premium plugin. -->","yoast_head_json":{"title":"Quel est le co\u00fbt de la r\u00e9paration d\u2019une vitre avant de Fiat Doblo ?","robots":{"index":"index","follow":"follow","max-snippet":"max-snippet:-1","max-image-preview":"max-image-preview:large","max-video-preview":"max-video-preview:-1"},"canonical":"https:\/\/www.bymycar.fr\/webzine\/quel-est-le-cout-de-la-reparation-dune-vitre-avant-de-fiat-doblo\/","og_locale":"fr_FR","og_type":"article","og_title":"Quel est le co\u00fbt de la r\u00e9paration d\u2019une vitre avant de Fiat Doblo ?","og_url":"https:\/\/www.bymycar.fr\/webzine\/quel-est-le-cout-de-la-reparation-dune-vitre-avant-de-fiat-doblo\/","og_site_name":"Webzine auto BYmyCAR","article_published_time":"2023-10-24T15:43:29+00:00","article_modified_time":"2025-09-09T09:34:15+00:00","og_image":[{"width":1170,"height":740,"url":"https:\/\/cdn.bymycar.eu\/fr-webzine\/wp-content\/uploads\/medias\/187a101bd2065759e2413b9c9c0a67bee8ac9280.jpeg","type":"image\/jpeg"}],"author":"La R\u00e9daction BYmyCAR","twitter_card":"summary_large_image","twitter_misc":{"\u00c9crit par":"La R\u00e9daction BYmyCAR"},"schema":{"@context":"https:\/\/schema.org","@graph":[{"@type":"Article","@id":"https:\/\/www.bymycar.fr\/webzine\/quel-est-le-cout-de-la-reparation-dune-vitre-avant-de-fiat-doblo\/#article","isPartOf":{"@id":"https:\/\/www.bymycar.fr\/webzine\/quel-est-le-cout-de-la-reparation-dune-vitre-avant-de-fiat-doblo\/"},"author":{"name":"La R\u00e9daction BYmyCAR","@id":"https:\/\/www.bymycar.fr\/webzine\/#\/schema\/person\/8d570fe11eb8929f06c1e6d00f4d9689"},"headline":"Quel est le co\u00fbt de la r\u00e9paration d\u2019une vitre avant de Fiat Doblo ?","datePublished":"2023-10-24T15:43:29+00:00","dateModified":"2025-09-09T09:34:15+00:00","mainEntityOfPage":{"@id":"https:\/\/www.bymycar.fr\/webzine\/quel-est-le-cout-de-la-reparation-dune-vitre-avant-de-fiat-doblo\/"},"wordCount":16,"publisher":{"@id":"https:\/\/www.bymycar.fr\/webzine\/#organization"},"image":{"@id":"https:\/\/www.bymycar.fr\/webzine\/quel-est-le-cout-de-la-reparation-dune-vitre-avant-de-fiat-doblo\/#primaryimage"},"thumbnailUrl":"https:\/\/cdn.bymycar.eu\/fr-webzine\/wp-content\/uploads\/medias\/187a101bd2065759e2413b9c9c0a67bee8ac9280.jpeg","articleSection":["Guide d'achat Fiat Doblo"],"inLanguage":"fr-FR"},{"@type":"WebPage","@id":"https:\/\/www.bymycar.fr\/webzine\/quel-est-le-cout-de-la-reparation-dune-vitre-avant-de-fiat-doblo\/","url":"https:\/\/www.bymycar.fr\/webzine\/quel-est-le-cout-de-la-reparation-dune-vitre-avant-de-fiat-doblo\/","name":"Quel est le co\u00fbt de la r\u00e9paration d\u2019une vitre avant de Fiat Doblo ?","isPartOf":{"@id":"https:\/\/www.bymycar.fr\/webzine\/#website"},"primaryImageOfPage":{"@id":"https:\/\/www.bymycar.fr\/webzine\/quel-est-le-cout-de-la-reparation-dune-vitre-avant-de-fiat-doblo\/#primaryimage"},"image":{"@id":"https:\/\/www.bymycar.fr\/webzine\/quel-est-le-cout-de-la-reparation-dune-vitre-avant-de-fiat-doblo\/#primaryimage"},"thumbnailUrl":"https:\/\/cdn.bymycar.eu\/fr-webzine\/wp-content\/uploads\/medias\/187a101bd2065759e2413b9c9c0a67bee8ac9280.jpeg","datePublished":"2023-10-24T15:43:29+00:00","dateModified":"2025-09-09T09:34:15+00:00","breadcrumb":{"@id":"https:\/\/www.bymycar.fr\/webzine\/quel-est-le-cout-de-la-reparation-dune-vitre-avant-de-fiat-doblo\/#breadcrumb"},"inLanguage":"fr-FR","potentialAction":[{"@type":"ReadAction","target":["https:\/\/www.bymycar.fr\/webzine\/quel-est-le-cout-de-la-reparation-dune-vitre-avant-de-fiat-doblo\/"]}]},{"@type":"ImageObject","inLanguage":"fr-FR","@id":"https:\/\/www.bymycar.fr\/webzine\/quel-est-le-cout-de-la-reparation-dune-vitre-avant-de-fiat-doblo\/#primaryimage","url":"https:\/\/cdn.bymycar.eu\/fr-webzine\/wp-content\/uploads\/medias\/187a101bd2065759e2413b9c9c0a67bee8ac9280.jpeg","contentUrl":"https:\/\/cdn.bymycar.eu\/fr-webzine\/wp-content\/uploads\/medias\/187a101bd2065759e2413b9c9c0a67bee8ac9280.jpeg","width":1170,"height":740,"caption":"Fiat doblo gris"},{"@type":"BreadcrumbList","@id":"https:\/\/www.bymycar.fr\/webzine\/quel-est-le-cout-de-la-reparation-dune-vitre-avant-de-fiat-doblo\/#breadcrumb","itemListElement":[{"@type":"ListItem","position":1,"name":"Accueil","item":"https:\/\/www.bymycar.fr\/webzine\/"},{"@type":"ListItem","position":2,"name":"Quel est le co\u00fbt de la r\u00e9paration d\u2019une vitre avant de Fiat Doblo ?"}]},{"@type":"WebSite","@id":"https:\/\/www.bymycar.fr\/webzine\/#website","url":"https:\/\/www.bymycar.fr\/webzine\/","name":"Webzine auto BYmyCAR","description":"La magazine auto de BYmyCAR","publisher":{"@id":"https:\/\/www.bymycar.fr\/webzine\/#organization"},"potentialAction":[{"@type":"SearchAction","target":{"@type":"EntryPoint","urlTemplate":"https:\/\/www.bymycar.fr\/webzine\/?s={search_term_string}"},"query-input":{"@type":"PropertyValueSpecification","valueRequired":true,"valueName":"search_term_string"}}],"inLanguage":"fr-FR"},{"@type":"Organization","@id":"https:\/\/www.bymycar.fr\/webzine\/#organization","name":"BYmyCAR","url":"https:\/\/www.bymycar.fr\/webzine\/","logo":{"@type":"ImageObject","inLanguage":"fr-FR","@id":"https:\/\/www.bymycar.fr\/webzine\/#\/schema\/logo\/image\/","url":"https:\/\/cdn.bymycar.eu\/fr-webzine\/wp-content\/uploads\/medias\/2017\/08\/logo_DEALER_00000406_001.png","contentUrl":"https:\/\/cdn.bymycar.eu\/fr-webzine\/wp-content\/uploads\/medias\/2017\/08\/logo_DEALER_00000406_001.png","width":2132,"height":720,"caption":"BYmyCAR"},"image":{"@id":"https:\/\/www.bymycar.fr\/webzine\/#\/schema\/logo\/image\/"}},{"@type":"Person","@id":"https:\/\/www.bymycar.fr\/webzine\/#\/schema\/person\/8d570fe11eb8929f06c1e6d00f4d9689","name":"La R\u00e9daction BYmyCAR","image":{"@type":"ImageObject","inLanguage":"fr-FR","@id":"https:\/\/www.bymycar.fr\/webzine\/#\/schema\/person\/image\/","url":"https:\/\/secure.gravatar.com\/avatar\/1aa6b039d0ce106989923af4e2d0f2a0c82bb070d5e449f1b9adf082a5863900?s=96&d=mm&r=g","contentUrl":"https:\/\/secure.gravatar.com\/avatar\/1aa6b039d0ce106989923af4e2d0f2a0c82bb070d5e449f1b9adf082a5863900?s=96&d=mm&r=g","caption":"La R\u00e9daction BYmyCAR"},"sameAs":["https:\/\/www.bymycar.fr\/"]}]}},"_links":{"self":[{"href":"https:\/\/www.bymycar.fr\/webzine\/wp-json\/wp\/v2\/posts\/43256","targetHints":{"allow":["GET"]}}],"collection":[{"href":"https:\/\/www.bymycar.fr\/webzine\/wp-json\/wp\/v2\/posts"}],"about":[{"href":"https:\/\/www.bymycar.fr\/webzine\/wp-json\/wp\/v2\/types\/post"}],"author":[{"embeddable":true,"href":"https:\/\/www.bymycar.fr\/webzine\/wp-json\/wp\/v2\/users\/88"}],"replies":[{"embeddable":true,"href":"https:\/\/www.bymycar.fr\/webzine\/wp-json\/wp\/v2\/comments?post=43256"}],"version-history":[{"count":4,"href":"https:\/\/www.bymycar.fr\/webzine\/wp-json\/wp\/v2\/posts\/43256\/revisions"}],"predecessor-version":[{"id":43262,"href":"https:\/\/www.bymycar.fr\/webzine\/wp-json\/wp\/v2\/posts\/43256\/revisions\/43262"}],"wp:featuredmedia":[{"embeddable":true,"href":"https:\/\/www.bymycar.fr\/webzine\/wp-json\/wp\/v2\/media\/43259"}],"wp:attachment":[{"href":"https:\/\/www.bymycar.fr\/webzine\/wp-json\/wp\/v2\/media?parent=43256"}],"wp:term":[{"taxonomy":"category","embeddable":true,"href":"https:\/\/www.bymycar.fr\/webzine\/wp-json\/wp\/v2\/categories?post=43256"},{"taxonomy":"post_tag","embeddable":true,"href":"https:\/\/www.bymycar.fr\/webzine\/wp-json\/wp\/v2\/tags?post=43256"}],"curies":[{"name":"wp","href":"https:\/\/api.w.org\/{rel}","templated":true}]}}