{"id":43241,"date":"2023-10-23T11:34:25","date_gmt":"2023-10-23T09:34:25","guid":{"rendered":"https:\/\/prod.bymycar.fr\/webzine\/?p=43241"},"modified":"2025-12-10T11:14:54","modified_gmt":"2025-12-10T10:14:54","slug":"combien-coute-un-opel-vivaro-neuf","status":"publish","type":"post","link":"https:\/\/www.bymycar.fr\/webzine\/combien-coute-un-opel-vivaro-neuf\/","title":{"rendered":"Combien co\u00fbte un Opel Vivaro neuf ?"},"content":{"rendered":"","protected":false},"excerpt":{"rendered":"","protected":false},"author":88,"featured_media":43242,"comment_status":"closed","ping_status":"closed","sticky":false,"template":"","format":"standard","meta":{"_acf_changed":false,"footnotes":""},"categories":[12990],"tags":[],"class_list":["post-43241","post","type-post","status-publish","format-standard","has-post-thumbnail","hentry","category-guide-dachat-opel-vivaro"],"acf":{"template":"classique","introduction":"<p>Le co\u00fbt d&rsquo;achat d&rsquo;un nouvel Opel Vivaro varie selon les versions et \u00e9quipements choisis. D\u00e9couvrez dans ce guide toutes les cl\u00e9s pour faire le bon choix et b\u00e9n\u00e9ficier des meilleurs tarifs pour ce v\u00e9hicule utilitaire polyvalent et performant.<\/p>\n<p><strong>\u00c0 retenir :<\/strong><\/p>\n<p>L&rsquo;Opel Vivaro se distingue par ses nombreux avantages qui en font un utilitaire de r\u00e9f\u00e9rence pour les professionnels :<\/p>\n<ul>\n<li>Fourgon polyvalent avec une charge utile maximale de 1384 kg et un volume de chargement jusqu&rsquo;\u00e0 6,6 m\u00b3 pour r\u00e9pondre \u00e0 tous vos besoins professionnels.<\/li>\n<li>Technologie connect\u00e9e de pointe avec \u00e9cran tactile 10&Prime; HD, navigation 3D, reconnaissance vocale et compatibilit\u00e9 Apple CarPlay\/Android Auto sans fil.<\/li>\n<li>Motorisations performantes au choix : diesel BlueHDi efficace ou 100 % \u00e9lectrique Vivaro-e offrant jusqu&rsquo;\u00e0 330 km d&rsquo;autonomie pour r\u00e9duire vos co\u00fbts d&rsquo;exploitation.<\/li>\n<\/ul>\n<p>Le Vivaro combine ainsi praticit\u00e9, connectivit\u00e9 et \u00e9conomies, faisant de lui un partenaire id\u00e9al pour votre activit\u00e9 professionnelle.<\/p>\n","strates":[{"type_strate":"carousel-produits","ancre":"","contenu":"","titre":"Voir nos v\u00e9hicules Opel Vivaro disponibles","image":false,"image_libre":false,"image_800x500":false,"legende":"","zoom":false,"texte":"","articles":false,"categorie_droite":false,"images":false,"elements_comparatif":false,"texte_1":"","texte_2":"","image_1":false,"image_1_563x400":false,"image_1_332x332":false,"image_2":false,"image_2_333x240":false,"image_2_563x400":false,"image_3":false,"image_3_333x240":false,"image_3_332x450":false,"image_4":false,"image_4_332x332":false,"image_4_563x400":false,"code_embed":"","legende_video":"","photo":false,"photo_100x100":false,"nom":"","fonction":"","elements_timeline":false,"entetes_colonnes":false,"entetes_lignes":false,"lignes":false,"introduction":"","formulaire":false,"question":"","reponse":"","libelle_bouton_lien":"","url_lien":"","questions":false,"conclusions":false,"pays":"1","region":"","marque":"4","marqueConcessions":false,"modele":"VIVARO FOURGON","ptvente":"","typeV":"","collection":"","nombre_maximum_elements":"5","lien_fin_carousel":"https:\/\/www.bymycar.fr\/rechercher-un-vehicule?prod_VEHICLES%5BrefinementList%5D%5BvehType%5D%5B0%5D=Occasion&prod_VEHICLES%5BrefinementList%5D%5Bbrand%5D%5B0%5D=OPEL&prod_VEHICLES%5BrefinementList%5D%5BmodelGroup1%5D%5B0%5D=VIVARO%20FOURGON","texte_lien_fin_carousel":"Voir plus","trier_par":"prix"},{"type_strate":"texte-simple","ancre":"","contenu":"<h2 style=\"text-align: justify;\">Quelle est la diff\u00e9rence entre l&rsquo;Opel Vivaro et le Zafira ?<\/h2>\n<p style=\"text-align: justify;\">L&rsquo;<a href=\"https:\/\/www.bymycar.fr\/marques\/opel\/vivaro\" target=\"_blank\" rel=\"noopener\"><strong>Opel Vivaro<\/strong><\/a> est un utilitaire, qui existe en version fourgon ou cabine approfondie avec banquette arri\u00e8re. Le Zafira, quant \u00e0 lui, est destin\u00e9 au transport de passagers. Il reprend d&rsquo;ailleurs le nom de l&rsquo;ancien monospace d&rsquo;<a href=\"https:\/\/www.bymycar.fr\/marques\/opel\" target=\"_blank\" rel=\"noopener\">Opel<\/a>. Le Vivaro et le Zafira reposent sur la m\u00eame base technique et proposent tous les deux une version 100% \u00e9lectrique, Vivaro-e ou Zafira-e.<\/p>\n<h2 style=\"text-align: justify;\">Quelles sont les m\u00eames versions que le mod\u00e8le Opel Vivaro chez d&rsquo;autres constructeurs ?<\/h2>\n<p style=\"text-align: justify;\">L&rsquo;Opel\/Vauxhall Vivaro de troisi\u00e8me g\u00e9n\u00e9ration a \u00e9t\u00e9 d\u00e9velopp\u00e9 sur la m\u00eame base que des mod\u00e8les d&rsquo;autres <strong>constructeurs<\/strong> automobiles. Ainsi, il est le fr\u00e8re jumeau des Citro\u00ebn SpaceTourer et Jumpy III,\u00a0Peugeot Traveller et Expert III, Toyota ProAce Verso et ProAce II et\u00a0Fiat Ulysse III\/Scudo III.<\/p>\n<h2 style=\"text-align: justify;\">Quelle est la hauteur d&rsquo;un fourgon Opel Vivaro ?<\/h2>\n<p style=\"text-align: justify;\">L&rsquo;Opel Vivaro mesure 1,971 m de haut en versions L1H1 et L2H1 (hauteur hors tout). Les carrosseries plus hautes L1H2 et L2H2 mesurent quant \u00e0 elles 2,495 m de <strong>hauteur<\/strong>. La largeur du Vivaro est de 1,955 m hors r\u00e9troviseurs et sa longueur atteint 4,999 m ou 5,3999 m pour la version longue.<\/p>\n<h2 style=\"text-align: justify;\">Quelle motorisation choisir pour l&rsquo;Opel Vivaro ?<\/h2>\n<p style=\"text-align: justify;\">L&rsquo;Opel Vivaro propose des moteurs quatre cylindres en ligne <strong>diesel BlueHDi de 100 \u00e0 180 ch<\/strong>. Selon les versions, il peut \u00eatre \u00e9quip\u00e9 d&rsquo;une bo\u00eete manuelle \u00e0 six vitesses, ou de la transmission automatique EAT8 \u00e0 huit rapports. Il s&rsquo;agit d&rsquo;une bo\u00eete \u00e0 convertisseur de couple douce et rapide, qui permet de gagner en confort de conduite. Enfin, la version 100% \u00e9lectrique\u00a0<strong>Vivaro-e<\/strong> est \u00e9quip\u00e9e d&rsquo;un moteur de 136 ch et d&rsquo;une batterie de 50 ou 75 kWh de capacit\u00e9.<\/p>\n<h2 style=\"text-align: justify;\">Quels sont les prix d&rsquo;un Opel Vivaro utilitaire en stock ?<\/h2>\n<p style=\"text-align: justify;\"><strong>L&rsquo;utilitaire Opel Vivaro<\/strong> est vendu \u00e0 partir de 34 320 \u20ac* TTC, en version L1H1 BlueHDi 100 S&amp;S BVM6. Le Vivaro-e \u00e9lectrique d\u00e9marre quant \u00e0 lui \u00e0 partir de 47 160 \u20ac* TTC avec sa batterie de 50 kWh. Il faut compter un minimum de 53 160 \u20ac* TTC pour le pack de 75 kWh \u00e0 l&rsquo;autonomie sup\u00e9rieure.<\/p>\n<h2 style=\"text-align: justify;\">Quels sont les tarifs de l&rsquo;Opel Vivaro Combi \u00e0 cabine approfondie 5 places ?<\/h2>\n<p style=\"text-align: justify;\">La version <strong>cabine approfondie<\/strong> du Vivaro Combi permet de b\u00e9n\u00e9ficier d&rsquo;une banquette arri\u00e8re capable d&rsquo;accueillir trois passagers suppl\u00e9mentaires. Elle est vendue l\u00e9g\u00e8rement plus cher que la version fourgon, avec un ticket d&rsquo;entr\u00e9e fix\u00e9 \u00e0 41 280 \u20ac* TTC en version diesel Taille M BlueHDi 145 S&amp;S BVM6. Il faut compter \u00e0 partir de 43 080 \u20ac* TTC pour la version XL. La version \u00e0 cabine approfondie fixe Vivaro Taille XL au moteur de 100 kW (136 ch) et \u00e0 la batterie de 75 kWh est la plus ch\u00e8re du catalogue. Elle s&rsquo;affiche \u00e0 partir de 61 140 \u20ac* TTC hors options.<\/p>\n<p style=\"text-align: justify;\">Retrouvez l&rsquo;Opel Vivaro et les autres mod\u00e8les de la marque dans nos <a href=\"https:\/\/www.bymycar.fr\/concessions\/opel\" target=\"_blank\" rel=\"noopener\">concessions Opel BYmyCAR<\/a>.<\/p>\n<p style=\"text-align: justify;\">*voir conditions en concession<\/p>\n","titre":"t1","image":false,"image_libre":false,"image_800x500":false,"legende":"","zoom":false,"texte":"","articles":false,"categorie_droite":false,"images":false,"elements_comparatif":false,"texte_1":"","texte_2":"","image_1":false,"image_1_563x400":false,"image_1_332x332":false,"image_2":false,"image_2_333x240":false,"image_2_563x400":false,"image_3":false,"image_3_333x240":false,"image_3_332x450":false,"image_4":false,"image_4_332x332":false,"image_4_563x400":false,"code_embed":"","legende_video":"","photo":false,"photo_100x100":false,"nom":"","fonction":"","elements_timeline":false,"entetes_colonnes":false,"entetes_lignes":false,"lignes":false,"introduction":"","formulaire":false,"question":"","reponse":"","libelle_bouton_lien":"","url_lien":"","questions":false,"conclusions":false,"pays":false,"region":false,"marque":false,"marqueConcessions":false,"modele":false,"ptvente":false,"typeV":false,"collection":false,"nombre_maximum_elements":10,"lien_fin_carousel":"","texte_lien_fin_carousel":"","trier_par":false},{"type_strate":"carousel-produits","ancre":"","contenu":"","titre":"D\u00e9couvrir une s\u00e9lection de v\u00e9hicules Opel Vivaro","image":false,"image_libre":false,"image_800x500":false,"legende":"","zoom":false,"texte":"","articles":false,"categorie_droite":false,"images":false,"elements_comparatif":false,"texte_1":"","texte_2":"","image_1":false,"image_1_563x400":false,"image_1_332x332":false,"image_2":false,"image_2_333x240":false,"image_2_563x400":false,"image_3":false,"image_3_333x240":false,"image_3_332x450":false,"image_4":false,"image_4_332x332":false,"image_4_563x400":false,"code_embed":"","legende_video":"","photo":false,"photo_100x100":false,"nom":"","fonction":"","elements_timeline":false,"entetes_colonnes":false,"entetes_lignes":false,"lignes":false,"introduction":"","formulaire":false,"question":"","reponse":"","libelle_bouton_lien":"","url_lien":"","questions":false,"conclusions":false,"pays":"1","region":"","marque":"4","marqueConcessions":false,"modele":"VIVARO FOURGON","ptvente":"","typeV":"","collection":"","nombre_maximum_elements":"5","lien_fin_carousel":"https:\/\/www.bymycar.fr\/rechercher-un-vehicule?prod_VEHICLES%5BrefinementList%5D%5BvehType%5D%5B0%5D=Occasion&prod_VEHICLES%5BrefinementList%5D%5Bbrand%5D%5B0%5D=OPEL&prod_VEHICLES%5BrefinementList%5D%5BmodelGroup1%5D%5B0%5D=VIVARO%20FOURGON","texte_lien_fin_carousel":"voir plus","trier_par":"nouveaute"}],"is_old_post":false,"image":{"ID":43242,"id":43242,"title":"2019 Opel Zafira Panel Van","filename":"Opel-Vivaro-505760.jpg.jpg","filesize":354811,"url":"https:\/\/cdn.bymycar.eu\/fr-webzine\/wp-content\/uploads\/medias\/Opel-Vivaro-505760.jpg.jpg","link":"https:\/\/www.bymycar.fr\/webzine\/combien-coute-un-opel-vivaro-neuf\/2019-opel-zafira-panel-van\/","alt":"Opel Vivaro rouge","author":"88","description":"","caption":"2019 Opel Zafira Panel Van","name":"2019-opel-zafira-panel-van","status":"inherit","uploaded_to":43241,"date":"2023-10-23 09:33:23","modified":"2023-10-23 09:33:51","menu_order":0,"mime_type":"image\/jpeg","type":"image","subtype":"jpeg","icon":"https:\/\/www.bymycar.fr\/webzine\/wp-includes\/images\/media\/default.png","width":2560,"height":1707,"sizes":{"thumbnail":"https:\/\/cdn.bymycar.eu\/fr-webzine\/wp-content\/uploads\/medias\/Opel-Vivaro-505760.jpg-150x150.jpg","thumbnail-width":150,"thumbnail-height":150,"medium":"https:\/\/cdn.bymycar.eu\/fr-webzine\/wp-content\/uploads\/medias\/Opel-Vivaro-505760.jpg-300x200.jpg","medium-width":300,"medium-height":200,"medium_large":"https:\/\/cdn.bymycar.eu\/fr-webzine\/wp-content\/uploads\/medias\/Opel-Vivaro-505760.jpg-768x512.jpg","medium_large-width":768,"medium_large-height":512,"large":"https:\/\/cdn.bymycar.eu\/fr-webzine\/wp-content\/uploads\/medias\/Opel-Vivaro-505760.jpg-1024x683.jpg","large-width":1024,"large-height":683,"1536x1536":"https:\/\/cdn.bymycar.eu\/fr-webzine\/wp-content\/uploads\/medias\/Opel-Vivaro-505760.jpg-1536x1024.jpg","1536x1536-width":1536,"1536x1536-height":1024,"2048x2048":"https:\/\/cdn.bymycar.eu\/fr-webzine\/wp-content\/uploads\/medias\/Opel-Vivaro-505760.jpg-2048x1365.jpg","2048x2048-width":2048,"2048x2048-height":1365}},"page_content":{"block_content":[{"acf_fc_layout":"carousel-produits"},{"acf_fc_layout":"text-simple","--nav":{"-withNav":false,"-ancre":""},"--group":{"-text":"<h2>Quels sont les prix d&rsquo;un Opel Vivaro utilitaire en stock ?<\/h2>\n<h3>Tarifs du Vivaro Fourgon neuf<\/h3>\n<p>L&rsquo;<a href=\"https:\/\/www.bymycar.fr\/v\/opel-utilitaire\">Opel utilitaire<\/a> Vivaro est propos\u00e9 \u00e0 partir de 34 320 \u20ac* TTC en version L1H1 BlueHDi 100 S&amp;S BVM6. Ce mod\u00e8le polyvalent offre un excellent rapport qualit\u00e9-prix pour les professionnels. Pour ceux qui recherchent une solution plus \u00e9cologique, le nouvel Opel Vivaro-e \u00e9lectrique est disponible \u00e0 partir de 47 160 \u20ac* TTC avec sa batterie de 50 kWh. La version avec batterie de 75 kWh, offrant une autonomie sup\u00e9rieure, est propos\u00e9e \u00e0 partir de 53 160 \u20ac* TTC.<\/p>\n<h3>Prix de l&rsquo;Opel Vivaro Combi \u00e0 cabine approfondie<\/h3>\n<p>La version Combi \u00e0 cabine approfondie du Vivaro permet d&rsquo;accueillir jusqu&rsquo;\u00e0 cinq personnes gr\u00e2ce \u00e0 sa banquette arri\u00e8re trois places. Le prix de l&rsquo;Opel Vivaro Combi d\u00e9bute \u00e0 41 280 \u20ac* TTC pour la version diesel Taille M BlueHDi 145 S&amp;S BVM6, tandis que la version XL est disponible \u00e0 partir de 43 080 \u20ac* TTC. La version \u00e9lectrique Taille XL avec batterie de 75 kWh repr\u00e9sente le haut de gamme \u00e0 partir de 61 140 \u20ac* TTC.<\/p>\n<p>Retrouvez l&rsquo;Opel Vivaro et les autres mod\u00e8les de la marque dans nos <a href=\"https:\/\/www.bymycar.fr\/concessions\/opel\">concessions Opel BYmyCAR<\/a>.<\/p>\n<h2>Quelle est la diff\u00e9rence entre l&rsquo;Opel Vivaro et le Zafira ?<\/h2>\n<p>L&rsquo;<a href=\"https:\/\/www.bymycar.fr\/v\/opel-vivaro\">Opel Vivaro<\/a> est un utilitaire polyvalent disponible en version fourgon ou cabine approfondie avec banquette arri\u00e8re, tandis que le Zafira est d\u00e9di\u00e9 au transport de passagers. Ces deux vans partagent la m\u00eame base technique et proposent chacun une version 100 % \u00e9lectrique : le Vivaro-e et le Zafira-e. Le nouvel Opel Vivaro s&rsquo;adapte parfaitement aux besoins professionnels gr\u00e2ce \u00e0 ses multiples configurations, tandis que le Zafira privil\u00e9gie le confort des familles.<\/p>\n<h2>Quelles sont les versions \u00e9quivalentes du mod\u00e8le Opel Vivaro chez d&rsquo;autres constructeurs ?<\/h2>\n<p>L&rsquo;Opel Vivaro de troisi\u00e8me g\u00e9n\u00e9ration partage sa base technique avec plusieurs mod\u00e8les de camionnette. Vous retrouvez ainsi les m\u00eames caract\u00e9ristiques chez les Citro\u00ebn Jumpy et SpaceTourer, les Peugeot Expert et Traveller, le Toyota ProAce et les Fiat Scudo et Ulysse, tous d\u00e9velopp\u00e9s sur la plateforme commune du groupe Stellantis.<\/p>\n<h2>Quelles sont les dimensions de l&rsquo;Opel Vivaro L2H1 ?<\/h2>\n<p>L&rsquo;Opel Vivaro L2H1 mesure 1,971 m de hauteur, 1,955 m de largeur (hors r\u00e9troviseurs) et 5,399 m de longueur. Ces dimensions permettent d&rsquo;offrir un volume de chargement g\u00e9n\u00e9reux pouvant atteindre 6 m\u00b3, r\u00e9pondant ainsi efficacement \u00e0 vos besoins professionnels tout en conservant une excellente maniabilit\u00e9 en milieu urbain.<\/p>\n<h2>Quelle motorisation choisir pour l&rsquo;Opel Vivaro ?<\/h2>\n<p>L&rsquo;Opel Vivaro propose une gamme compl\u00e8te de motorisations pour r\u00e9pondre \u00e0 tous vos besoins professionnels. Les versions diesel BlueHDi de 100 \u00e0 180 ch offrent puissance et \u00e9conomie, disponibles avec bo\u00eete manuelle \u00e0 six vitesses ou automatique EAT8 \u00e0 huit rapports. Cette derni\u00e8re procure un confort de conduite optimal gr\u00e2ce \u00e0 sa douceur et sa r\u00e9activit\u00e9.<\/p>\n<p>La version \u00e9lectrique Vivaro-e de 136 ch avec batterie de 75 kWh assure jusqu&rsquo;\u00e0 330 km d&rsquo;autonomie, id\u00e9ale pour vos trajets quotidiens sans \u00e9missions. Pour ceux qui recherchent un look plus dynamique, la finition Sportive apporte une touche d&rsquo;\u00e9l\u00e9gance suppl\u00e9mentaire. Tous les mod\u00e8les sont compatibles Apple CarPlay et Android Auto pour rester connect\u00e9 en d\u00e9placement.<\/p>\n<h2>FAQ Opel Vivaro neuf<\/h2>\n<h3>Est-ce que l&rsquo;Opel Vivaro est fiable ?<\/h3>\n<p>L&rsquo;Opel Vivaro est reconnu pour sa grande fiabilit\u00e9 m\u00e9canique, notamment gr\u00e2ce \u00e0 ses motorisations robustes et son excellente tenue dans le temps, m\u00eame apr\u00e8s des kilom\u00e9trages \u00e9lev\u00e9s.<\/p>\n<h3>Lequel est le meilleur, Vivaro ou Trafic ?<\/h3>\n<p>L&rsquo;Opel Vivaro se distingue par son excellent confort de conduite, son habitacle ergonomique et ses \u00e9quipements technologiques de derni\u00e8re g\u00e9n\u00e9ration qui en font un choix particuli\u00e8rement avantageux pour les professionnels exigeants.<\/p>\n<h3>Opel Vivaro 9 places : quel tarif neuf ?<\/h3>\n<p>Pour d\u00e9couvrir les <a href=\"https:\/\/www.bymycar.fr\/v\/opel-vivaro-9-places\">Opel Vivaro 9 places<\/a> aux meilleurs tarifs, rendez-vous dans votre concession BYmyCAR qui vous proposera des offres adapt\u00e9es \u00e0 vos besoins professionnels ou familiaux.<\/p>\n<h3>Comment configurer votre nouvel Opel Vivaro ?<\/h3>\n<p>Pour configurer votre Opel Vivaro neuf selon vos besoins sp\u00e9cifiques (motorisation, \u00e9quipements, options), prenez rendez-vous avec un conseiller BYmyCAR qui vous accompagnera personnellement dans le choix de la configuration id\u00e9ale.<\/p>\n<p><em>Les prix mentionn\u00e9s sont donn\u00e9s \u00e0 titre indicatif et ont \u00e9t\u00e9 constat\u00e9s au moment de la r\u00e9daction. Ils sont susceptibles d&rsquo;\u00e9voluer. Pour obtenir une information exacte et \u00e0 jour, nous vous recommandons de contacter directement votre concession BYmyCAR.<\/em><\/p>\n"}},{"acf_fc_layout":"carousel-produits"}]},"add-to-bo":false,"add-carousel-to-footer":true},"yoast_head":"<!-- This site is optimized with the Yoast SEO Premium plugin v26.4 (Yoast SEO v26.4) - https:\/\/yoast.com\/wordpress\/plugins\/seo\/ -->\n<title>Combien co\u00fbte un Opel Vivaro neuf ?<\/title>\n<meta name=\"robots\" content=\"index, follow, max-snippet:-1, max-image-preview:large, max-video-preview:-1\" \/>\n<link rel=\"canonical\" href=\"https:\/\/www.bymycar.fr\/webzine\/combien-coute-un-opel-vivaro-neuf\/\" \/>\n<meta property=\"og:locale\" content=\"fr_FR\" \/>\n<meta property=\"og:type\" content=\"article\" \/>\n<meta property=\"og:title\" content=\"Combien co\u00fbte un Opel Vivaro neuf ?\" \/>\n<meta property=\"og:url\" content=\"https:\/\/www.bymycar.fr\/webzine\/combien-coute-un-opel-vivaro-neuf\/\" \/>\n<meta property=\"og:site_name\" content=\"Webzine auto BYmyCAR\" \/>\n<meta property=\"article:published_time\" content=\"2023-10-23T09:34:25+00:00\" \/>\n<meta property=\"article:modified_time\" content=\"2025-12-10T10:14:54+00:00\" \/>\n<meta property=\"og:image\" content=\"https:\/\/cdn.bymycar.eu\/fr-webzine\/wp-content\/uploads\/medias\/Opel-Vivaro-505760.jpg.jpg\" \/>\n\t<meta property=\"og:image:width\" content=\"2560\" \/>\n\t<meta property=\"og:image:height\" content=\"1707\" \/>\n\t<meta property=\"og:image:type\" content=\"image\/jpeg\" \/>\n<meta name=\"author\" content=\"La R\u00e9daction BYmyCAR\" \/>\n<meta name=\"twitter:card\" content=\"summary_large_image\" \/>\n<meta name=\"twitter:label1\" content=\"\u00c9crit par\" \/>\n\t<meta name=\"twitter:data1\" content=\"La R\u00e9daction BYmyCAR\" \/>\n\t<meta name=\"twitter:label2\" content=\"Dur\u00e9e de lecture estim\u00e9e\" \/>\n\t<meta name=\"twitter:data2\" content=\"1 minute\" \/>\n<script type=\"application\/ld+json\" class=\"yoast-schema-graph\">{\"@context\":\"https:\/\/schema.org\",\"@graph\":[{\"@type\":\"Article\",\"@id\":\"https:\/\/www.bymycar.fr\/webzine\/combien-coute-un-opel-vivaro-neuf\/#article\",\"isPartOf\":{\"@id\":\"https:\/\/www.bymycar.fr\/webzine\/combien-coute-un-opel-vivaro-neuf\/\"},\"author\":{\"name\":\"La R\u00e9daction BYmyCAR\",\"@id\":\"https:\/\/www.bymycar.fr\/webzine\/#\/schema\/person\/8d570fe11eb8929f06c1e6d00f4d9689\"},\"headline\":\"Combien co\u00fbte un Opel Vivaro neuf ?\",\"datePublished\":\"2023-10-23T09:34:25+00:00\",\"dateModified\":\"2025-12-10T10:14:54+00:00\",\"mainEntityOfPage\":{\"@id\":\"https:\/\/www.bymycar.fr\/webzine\/combien-coute-un-opel-vivaro-neuf\/\"},\"wordCount\":7,\"publisher\":{\"@id\":\"https:\/\/www.bymycar.fr\/webzine\/#organization\"},\"image\":{\"@id\":\"https:\/\/www.bymycar.fr\/webzine\/combien-coute-un-opel-vivaro-neuf\/#primaryimage\"},\"thumbnailUrl\":\"https:\/\/cdn.bymycar.eu\/fr-webzine\/wp-content\/uploads\/medias\/Opel-Vivaro-505760.jpg.jpg\",\"articleSection\":[\"Guide d'achat Opel Vivaro\"],\"inLanguage\":\"fr-FR\"},{\"@type\":\"WebPage\",\"@id\":\"https:\/\/www.bymycar.fr\/webzine\/combien-coute-un-opel-vivaro-neuf\/\",\"url\":\"https:\/\/www.bymycar.fr\/webzine\/combien-coute-un-opel-vivaro-neuf\/\",\"name\":\"Combien co\u00fbte un Opel Vivaro neuf ?\",\"isPartOf\":{\"@id\":\"https:\/\/www.bymycar.fr\/webzine\/#website\"},\"primaryImageOfPage\":{\"@id\":\"https:\/\/www.bymycar.fr\/webzine\/combien-coute-un-opel-vivaro-neuf\/#primaryimage\"},\"image\":{\"@id\":\"https:\/\/www.bymycar.fr\/webzine\/combien-coute-un-opel-vivaro-neuf\/#primaryimage\"},\"thumbnailUrl\":\"https:\/\/cdn.bymycar.eu\/fr-webzine\/wp-content\/uploads\/medias\/Opel-Vivaro-505760.jpg.jpg\",\"datePublished\":\"2023-10-23T09:34:25+00:00\",\"dateModified\":\"2025-12-10T10:14:54+00:00\",\"breadcrumb\":{\"@id\":\"https:\/\/www.bymycar.fr\/webzine\/combien-coute-un-opel-vivaro-neuf\/#breadcrumb\"},\"inLanguage\":\"fr-FR\",\"potentialAction\":[{\"@type\":\"ReadAction\",\"target\":[\"https:\/\/www.bymycar.fr\/webzine\/combien-coute-un-opel-vivaro-neuf\/\"]}]},{\"@type\":\"ImageObject\",\"inLanguage\":\"fr-FR\",\"@id\":\"https:\/\/www.bymycar.fr\/webzine\/combien-coute-un-opel-vivaro-neuf\/#primaryimage\",\"url\":\"https:\/\/cdn.bymycar.eu\/fr-webzine\/wp-content\/uploads\/medias\/Opel-Vivaro-505760.jpg.jpg\",\"contentUrl\":\"https:\/\/cdn.bymycar.eu\/fr-webzine\/wp-content\/uploads\/medias\/Opel-Vivaro-505760.jpg.jpg\",\"width\":2560,\"height\":1707,\"caption\":\"2019 Opel Zafira Panel Van\"},{\"@type\":\"BreadcrumbList\",\"@id\":\"https:\/\/www.bymycar.fr\/webzine\/combien-coute-un-opel-vivaro-neuf\/#breadcrumb\",\"itemListElement\":[{\"@type\":\"ListItem\",\"position\":1,\"name\":\"Accueil\",\"item\":\"https:\/\/www.bymycar.fr\/webzine\/\"},{\"@type\":\"ListItem\",\"position\":2,\"name\":\"Combien co\u00fbte un Opel Vivaro neuf ?\"}]},{\"@type\":\"WebSite\",\"@id\":\"https:\/\/www.bymycar.fr\/webzine\/#website\",\"url\":\"https:\/\/www.bymycar.fr\/webzine\/\",\"name\":\"Webzine auto BYmyCAR\",\"description\":\"La magazine auto de BYmyCAR\",\"publisher\":{\"@id\":\"https:\/\/www.bymycar.fr\/webzine\/#organization\"},\"potentialAction\":[{\"@type\":\"SearchAction\",\"target\":{\"@type\":\"EntryPoint\",\"urlTemplate\":\"https:\/\/www.bymycar.fr\/webzine\/?s={search_term_string}\"},\"query-input\":{\"@type\":\"PropertyValueSpecification\",\"valueRequired\":true,\"valueName\":\"search_term_string\"}}],\"inLanguage\":\"fr-FR\"},{\"@type\":\"Organization\",\"@id\":\"https:\/\/www.bymycar.fr\/webzine\/#organization\",\"name\":\"BYmyCAR\",\"url\":\"https:\/\/www.bymycar.fr\/webzine\/\",\"logo\":{\"@type\":\"ImageObject\",\"inLanguage\":\"fr-FR\",\"@id\":\"https:\/\/www.bymycar.fr\/webzine\/#\/schema\/logo\/image\/\",\"url\":\"https:\/\/cdn.bymycar.eu\/fr-webzine\/wp-content\/uploads\/medias\/2017\/08\/logo_DEALER_00000406_001.png\",\"contentUrl\":\"https:\/\/cdn.bymycar.eu\/fr-webzine\/wp-content\/uploads\/medias\/2017\/08\/logo_DEALER_00000406_001.png\",\"width\":2132,\"height\":720,\"caption\":\"BYmyCAR\"},\"image\":{\"@id\":\"https:\/\/www.bymycar.fr\/webzine\/#\/schema\/logo\/image\/\"}},{\"@type\":\"Person\",\"@id\":\"https:\/\/www.bymycar.fr\/webzine\/#\/schema\/person\/8d570fe11eb8929f06c1e6d00f4d9689\",\"name\":\"La R\u00e9daction BYmyCAR\",\"image\":{\"@type\":\"ImageObject\",\"inLanguage\":\"fr-FR\",\"@id\":\"https:\/\/www.bymycar.fr\/webzine\/#\/schema\/person\/image\/\",\"url\":\"https:\/\/secure.gravatar.com\/avatar\/1aa6b039d0ce106989923af4e2d0f2a0c82bb070d5e449f1b9adf082a5863900?s=96&d=mm&r=g\",\"contentUrl\":\"https:\/\/secure.gravatar.com\/avatar\/1aa6b039d0ce106989923af4e2d0f2a0c82bb070d5e449f1b9adf082a5863900?s=96&d=mm&r=g\",\"caption\":\"La R\u00e9daction BYmyCAR\"},\"sameAs\":[\"https:\/\/www.bymycar.fr\/\"]}]}<\/script>\n<!-- \/ Yoast SEO Premium plugin. -->","yoast_head_json":{"title":"Combien co\u00fbte un Opel Vivaro neuf ?","robots":{"index":"index","follow":"follow","max-snippet":"max-snippet:-1","max-image-preview":"max-image-preview:large","max-video-preview":"max-video-preview:-1"},"canonical":"https:\/\/www.bymycar.fr\/webzine\/combien-coute-un-opel-vivaro-neuf\/","og_locale":"fr_FR","og_type":"article","og_title":"Combien co\u00fbte un Opel Vivaro neuf ?","og_url":"https:\/\/www.bymycar.fr\/webzine\/combien-coute-un-opel-vivaro-neuf\/","og_site_name":"Webzine auto BYmyCAR","article_published_time":"2023-10-23T09:34:25+00:00","article_modified_time":"2025-12-10T10:14:54+00:00","og_image":[{"width":2560,"height":1707,"url":"https:\/\/cdn.bymycar.eu\/fr-webzine\/wp-content\/uploads\/medias\/Opel-Vivaro-505760.jpg.jpg","type":"image\/jpeg"}],"author":"La R\u00e9daction BYmyCAR","twitter_card":"summary_large_image","twitter_misc":{"\u00c9crit par":"La R\u00e9daction BYmyCAR","Dur\u00e9e de lecture estim\u00e9e":"1 minute"},"schema":{"@context":"https:\/\/schema.org","@graph":[{"@type":"Article","@id":"https:\/\/www.bymycar.fr\/webzine\/combien-coute-un-opel-vivaro-neuf\/#article","isPartOf":{"@id":"https:\/\/www.bymycar.fr\/webzine\/combien-coute-un-opel-vivaro-neuf\/"},"author":{"name":"La R\u00e9daction BYmyCAR","@id":"https:\/\/www.bymycar.fr\/webzine\/#\/schema\/person\/8d570fe11eb8929f06c1e6d00f4d9689"},"headline":"Combien co\u00fbte un Opel Vivaro neuf ?","datePublished":"2023-10-23T09:34:25+00:00","dateModified":"2025-12-10T10:14:54+00:00","mainEntityOfPage":{"@id":"https:\/\/www.bymycar.fr\/webzine\/combien-coute-un-opel-vivaro-neuf\/"},"wordCount":7,"publisher":{"@id":"https:\/\/www.bymycar.fr\/webzine\/#organization"},"image":{"@id":"https:\/\/www.bymycar.fr\/webzine\/combien-coute-un-opel-vivaro-neuf\/#primaryimage"},"thumbnailUrl":"https:\/\/cdn.bymycar.eu\/fr-webzine\/wp-content\/uploads\/medias\/Opel-Vivaro-505760.jpg.jpg","articleSection":["Guide d'achat Opel Vivaro"],"inLanguage":"fr-FR"},{"@type":"WebPage","@id":"https:\/\/www.bymycar.fr\/webzine\/combien-coute-un-opel-vivaro-neuf\/","url":"https:\/\/www.bymycar.fr\/webzine\/combien-coute-un-opel-vivaro-neuf\/","name":"Combien co\u00fbte un Opel Vivaro neuf ?","isPartOf":{"@id":"https:\/\/www.bymycar.fr\/webzine\/#website"},"primaryImageOfPage":{"@id":"https:\/\/www.bymycar.fr\/webzine\/combien-coute-un-opel-vivaro-neuf\/#primaryimage"},"image":{"@id":"https:\/\/www.bymycar.fr\/webzine\/combien-coute-un-opel-vivaro-neuf\/#primaryimage"},"thumbnailUrl":"https:\/\/cdn.bymycar.eu\/fr-webzine\/wp-content\/uploads\/medias\/Opel-Vivaro-505760.jpg.jpg","datePublished":"2023-10-23T09:34:25+00:00","dateModified":"2025-12-10T10:14:54+00:00","breadcrumb":{"@id":"https:\/\/www.bymycar.fr\/webzine\/combien-coute-un-opel-vivaro-neuf\/#breadcrumb"},"inLanguage":"fr-FR","potentialAction":[{"@type":"ReadAction","target":["https:\/\/www.bymycar.fr\/webzine\/combien-coute-un-opel-vivaro-neuf\/"]}]},{"@type":"ImageObject","inLanguage":"fr-FR","@id":"https:\/\/www.bymycar.fr\/webzine\/combien-coute-un-opel-vivaro-neuf\/#primaryimage","url":"https:\/\/cdn.bymycar.eu\/fr-webzine\/wp-content\/uploads\/medias\/Opel-Vivaro-505760.jpg.jpg","contentUrl":"https:\/\/cdn.bymycar.eu\/fr-webzine\/wp-content\/uploads\/medias\/Opel-Vivaro-505760.jpg.jpg","width":2560,"height":1707,"caption":"2019 Opel Zafira Panel Van"},{"@type":"BreadcrumbList","@id":"https:\/\/www.bymycar.fr\/webzine\/combien-coute-un-opel-vivaro-neuf\/#breadcrumb","itemListElement":[{"@type":"ListItem","position":1,"name":"Accueil","item":"https:\/\/www.bymycar.fr\/webzine\/"},{"@type":"ListItem","position":2,"name":"Combien co\u00fbte un Opel Vivaro neuf ?"}]},{"@type":"WebSite","@id":"https:\/\/www.bymycar.fr\/webzine\/#website","url":"https:\/\/www.bymycar.fr\/webzine\/","name":"Webzine auto BYmyCAR","description":"La magazine auto de BYmyCAR","publisher":{"@id":"https:\/\/www.bymycar.fr\/webzine\/#organization"},"potentialAction":[{"@type":"SearchAction","target":{"@type":"EntryPoint","urlTemplate":"https:\/\/www.bymycar.fr\/webzine\/?s={search_term_string}"},"query-input":{"@type":"PropertyValueSpecification","valueRequired":true,"valueName":"search_term_string"}}],"inLanguage":"fr-FR"},{"@type":"Organization","@id":"https:\/\/www.bymycar.fr\/webzine\/#organization","name":"BYmyCAR","url":"https:\/\/www.bymycar.fr\/webzine\/","logo":{"@type":"ImageObject","inLanguage":"fr-FR","@id":"https:\/\/www.bymycar.fr\/webzine\/#\/schema\/logo\/image\/","url":"https:\/\/cdn.bymycar.eu\/fr-webzine\/wp-content\/uploads\/medias\/2017\/08\/logo_DEALER_00000406_001.png","contentUrl":"https:\/\/cdn.bymycar.eu\/fr-webzine\/wp-content\/uploads\/medias\/2017\/08\/logo_DEALER_00000406_001.png","width":2132,"height":720,"caption":"BYmyCAR"},"image":{"@id":"https:\/\/www.bymycar.fr\/webzine\/#\/schema\/logo\/image\/"}},{"@type":"Person","@id":"https:\/\/www.bymycar.fr\/webzine\/#\/schema\/person\/8d570fe11eb8929f06c1e6d00f4d9689","name":"La R\u00e9daction BYmyCAR","image":{"@type":"ImageObject","inLanguage":"fr-FR","@id":"https:\/\/www.bymycar.fr\/webzine\/#\/schema\/person\/image\/","url":"https:\/\/secure.gravatar.com\/avatar\/1aa6b039d0ce106989923af4e2d0f2a0c82bb070d5e449f1b9adf082a5863900?s=96&d=mm&r=g","contentUrl":"https:\/\/secure.gravatar.com\/avatar\/1aa6b039d0ce106989923af4e2d0f2a0c82bb070d5e449f1b9adf082a5863900?s=96&d=mm&r=g","caption":"La R\u00e9daction BYmyCAR"},"sameAs":["https:\/\/www.bymycar.fr\/"]}]}},"_links":{"self":[{"href":"https:\/\/www.bymycar.fr\/webzine\/wp-json\/wp\/v2\/posts\/43241","targetHints":{"allow":["GET"]}}],"collection":[{"href":"https:\/\/www.bymycar.fr\/webzine\/wp-json\/wp\/v2\/posts"}],"about":[{"href":"https:\/\/www.bymycar.fr\/webzine\/wp-json\/wp\/v2\/types\/post"}],"author":[{"embeddable":true,"href":"https:\/\/www.bymycar.fr\/webzine\/wp-json\/wp\/v2\/users\/88"}],"replies":[{"embeddable":true,"href":"https:\/\/www.bymycar.fr\/webzine\/wp-json\/wp\/v2\/comments?post=43241"}],"version-history":[{"count":3,"href":"https:\/\/www.bymycar.fr\/webzine\/wp-json\/wp\/v2\/posts\/43241\/revisions"}],"predecessor-version":[{"id":62671,"href":"https:\/\/www.bymycar.fr\/webzine\/wp-json\/wp\/v2\/posts\/43241\/revisions\/62671"}],"wp:featuredmedia":[{"embeddable":true,"href":"https:\/\/www.bymycar.fr\/webzine\/wp-json\/wp\/v2\/media\/43242"}],"wp:attachment":[{"href":"https:\/\/www.bymycar.fr\/webzine\/wp-json\/wp\/v2\/media?parent=43241"}],"wp:term":[{"taxonomy":"category","embeddable":true,"href":"https:\/\/www.bymycar.fr\/webzine\/wp-json\/wp\/v2\/categories?post=43241"},{"taxonomy":"post_tag","embeddable":true,"href":"https:\/\/www.bymycar.fr\/webzine\/wp-json\/wp\/v2\/tags?post=43241"}],"curies":[{"name":"wp","href":"https:\/\/api.w.org\/{rel}","templated":true}]}}