{"id":43196,"date":"2023-10-19T11:11:26","date_gmt":"2023-10-19T09:11:26","guid":{"rendered":"https:\/\/prod.bymycar.fr\/webzine\/?p=43196"},"modified":"2026-04-13T17:47:44","modified_gmt":"2026-04-13T15:47:44","slug":"ventes-privees-mini-bymycar","status":"publish","type":"post","link":"https:\/\/www.bymycar.fr\/webzine\/ventes-privees-mini-bymycar\/","title":{"rendered":"VENTES PRIVEES MINI BYMYCAR"},"content":{"rendered":"","protected":false},"excerpt":{"rendered":"","protected":false},"author":88,"featured_media":43197,"comment_status":"closed","ping_status":"open","sticky":false,"template":"","format":"standard","meta":{"_acf_changed":false,"footnotes":""},"categories":[9014,134],"tags":[],"class_list":["post-43196","post","type-post","status-publish","format-standard","has-post-thumbnail","hentry","category-actualites-concessions-bymycar","category-mini"],"acf":{"template":"classique","introduction":"<p>72 HEURES* EXCEPTIONNELLES DANS VOS CONCESSIONS MINI BYmyCAR !<\/p>\n<p><strong>VENTES PRIVEES MINI\u00a0<\/strong><\/p>\n<p><strong>VENDREDI 13, SAMEDI 14 ET DIMANCHE 15 OCTOBRE 2023<\/strong><\/p>\n<p>&nbsp;<\/p>\n<p>Prix exceptionnels, MINI neuves et d&rsquo;occasion en stock, conditions de financement sp\u00e9cifiques, reprise de votre v\u00e9hicule actuel optimis\u00e9e&#8230; Le tout dans une ambiance festive et conviviale avec les \u00e9quipes MINI BYmyCAR IDF.<\/p>\n<p>Nos prochaines ventes priv\u00e9es auront lieu le 2 D\u00e9cembre pour les concessions de BYmyCAR BAC et BYmyCAR MARNE<\/p>\n<p><span style=\"font-size: 8pt\">*Le vendredi 13 et Samedi 14 pour les concessions de BYmyCAR PARIS et IVRY<\/span><\/p>\n","strates":[{"type_strate":"image","ancre":"VENTES PRIVEES MINI","contenu":"","titre":"","image":false,"image_libre":false,"image_800x500":false,"legende":"","zoom":false,"texte":"","articles":false,"categorie_droite":false,"images":[{"image":false,"image_1600x700":false,"image_920x500":{"ID":43197,"id":43197,"title":"VISUELS VP MINI SANS DATE 1","filename":"VISUELS-VP-MINI-SANS-DATE-1.jpg","filesize":709200,"url":"https:\/\/cdn.bymycar.eu\/fr-webzine\/wp-content\/uploads\/medias\/VISUELS-VP-MINI-SANS-DATE-1.jpg","link":"https:\/\/www.bymycar.fr\/webzine\/ventes-privees-mini-bymycar\/visuels-vp-mini-sans-date-1\/","alt":"","author":"9","description":"","caption":"","name":"visuels-vp-mini-sans-date-1","status":"inherit","uploaded_to":43196,"date":"2023-10-19 09:07:03","modified":"2023-10-19 09:07:03","menu_order":0,"mime_type":"image\/jpeg","type":"image","subtype":"jpeg","icon":"https:\/\/www.bymycar.fr\/webzine\/wp-includes\/images\/media\/default.png","width":2287,"height":1292,"sizes":{"thumbnail":"https:\/\/cdn.bymycar.eu\/fr-webzine\/wp-content\/uploads\/medias\/VISUELS-VP-MINI-SANS-DATE-1-150x150.jpg","thumbnail-width":150,"thumbnail-height":150,"medium":"https:\/\/cdn.bymycar.eu\/fr-webzine\/wp-content\/uploads\/medias\/VISUELS-VP-MINI-SANS-DATE-1-300x169.jpg","medium-width":300,"medium-height":169,"medium_large":"https:\/\/cdn.bymycar.eu\/fr-webzine\/wp-content\/uploads\/medias\/VISUELS-VP-MINI-SANS-DATE-1-768x434.jpg","medium_large-width":768,"medium_large-height":434,"large":"https:\/\/cdn.bymycar.eu\/fr-webzine\/wp-content\/uploads\/medias\/VISUELS-VP-MINI-SANS-DATE-1-1024x578.jpg","large-width":1024,"large-height":578,"1536x1536":"https:\/\/cdn.bymycar.eu\/fr-webzine\/wp-content\/uploads\/medias\/VISUELS-VP-MINI-SANS-DATE-1-1536x868.jpg","1536x1536-width":1536,"1536x1536-height":868,"2048x2048":"https:\/\/cdn.bymycar.eu\/fr-webzine\/wp-content\/uploads\/medias\/VISUELS-VP-MINI-SANS-DATE-1-2048x1157.jpg","2048x2048-width":2048,"2048x2048-height":1157}},"legende":""}],"elements_comparatif":false,"texte_1":"","texte_2":"","image_1":false,"image_1_563x400":false,"image_1_332x332":false,"image_2":false,"image_2_333x240":false,"image_2_563x400":false,"image_3":false,"image_3_333x240":false,"image_3_332x450":false,"image_4":false,"image_4_332x332":false,"image_4_563x400":false,"code_embed":"","legende_video":"","photo":false,"photo_100x100":false,"nom":"","fonction":"","elements_timeline":false,"entetes_colonnes":false,"entetes_lignes":false,"lignes":false,"introduction":"","formulaire":false,"question":"","reponse":"","libelle_bouton_lien":"","url_lien":"","questions":false,"conclusions":false,"pays":false,"region":false,"marque":false,"marqueConcessions":false,"modele":false,"ptvente":false,"typeV":false,"collection":false,"nombre_maximum_elements":10,"lien_fin_carousel":"","texte_lien_fin_carousel":"","trier_par":false}],"is_old_post":false,"image":{"ID":43197,"id":43197,"title":"VISUELS VP MINI SANS DATE 1","filename":"VISUELS-VP-MINI-SANS-DATE-1.jpg","filesize":709200,"url":"https:\/\/cdn.bymycar.eu\/fr-webzine\/wp-content\/uploads\/medias\/VISUELS-VP-MINI-SANS-DATE-1.jpg","link":"https:\/\/www.bymycar.fr\/webzine\/ventes-privees-mini-bymycar\/visuels-vp-mini-sans-date-1\/","alt":"","author":"9","description":"","caption":"","name":"visuels-vp-mini-sans-date-1","status":"inherit","uploaded_to":43196,"date":"2023-10-19 09:07:03","modified":"2023-10-19 09:07:03","menu_order":0,"mime_type":"image\/jpeg","type":"image","subtype":"jpeg","icon":"https:\/\/www.bymycar.fr\/webzine\/wp-includes\/images\/media\/default.png","width":2287,"height":1292,"sizes":{"thumbnail":"https:\/\/cdn.bymycar.eu\/fr-webzine\/wp-content\/uploads\/medias\/VISUELS-VP-MINI-SANS-DATE-1-150x150.jpg","thumbnail-width":150,"thumbnail-height":150,"medium":"https:\/\/cdn.bymycar.eu\/fr-webzine\/wp-content\/uploads\/medias\/VISUELS-VP-MINI-SANS-DATE-1-300x169.jpg","medium-width":300,"medium-height":169,"medium_large":"https:\/\/cdn.bymycar.eu\/fr-webzine\/wp-content\/uploads\/medias\/VISUELS-VP-MINI-SANS-DATE-1-768x434.jpg","medium_large-width":768,"medium_large-height":434,"large":"https:\/\/cdn.bymycar.eu\/fr-webzine\/wp-content\/uploads\/medias\/VISUELS-VP-MINI-SANS-DATE-1-1024x578.jpg","large-width":1024,"large-height":578,"1536x1536":"https:\/\/cdn.bymycar.eu\/fr-webzine\/wp-content\/uploads\/medias\/VISUELS-VP-MINI-SANS-DATE-1-1536x868.jpg","1536x1536-width":1536,"1536x1536-height":868,"2048x2048":"https:\/\/cdn.bymycar.eu\/fr-webzine\/wp-content\/uploads\/medias\/VISUELS-VP-MINI-SANS-DATE-1-2048x1157.jpg","2048x2048-width":2048,"2048x2048-height":1157}},"page_content":{"block_content":[{"acf_fc_layout":"images-slider","--nav":{"-withNav":true,"-ancre":"VENTES PRIVEES MINI"},"--group":{"-listibg":[{"--image":{"ID":43197,"id":43197,"title":"VISUELS VP MINI SANS DATE 1","filename":"VISUELS-VP-MINI-SANS-DATE-1.jpg","filesize":709200,"url":"https:\/\/cdn.bymycar.eu\/fr-webzine\/wp-content\/uploads\/medias\/VISUELS-VP-MINI-SANS-DATE-1.jpg","link":"https:\/\/www.bymycar.fr\/webzine\/ventes-privees-mini-bymycar\/visuels-vp-mini-sans-date-1\/","alt":"","author":"9","description":"","caption":"","name":"visuels-vp-mini-sans-date-1","status":"inherit","uploaded_to":43196,"date":"2023-10-19 09:07:03","modified":"2023-10-19 09:07:03","menu_order":0,"mime_type":"image\/jpeg","type":"image","subtype":"jpeg","icon":"https:\/\/www.bymycar.fr\/webzine\/wp-includes\/images\/media\/default.png","width":2287,"height":1292,"sizes":{"thumbnail":"https:\/\/cdn.bymycar.eu\/fr-webzine\/wp-content\/uploads\/medias\/VISUELS-VP-MINI-SANS-DATE-1-150x150.jpg","thumbnail-width":150,"thumbnail-height":150,"medium":"https:\/\/cdn.bymycar.eu\/fr-webzine\/wp-content\/uploads\/medias\/VISUELS-VP-MINI-SANS-DATE-1-300x169.jpg","medium-width":300,"medium-height":169,"medium_large":"https:\/\/cdn.bymycar.eu\/fr-webzine\/wp-content\/uploads\/medias\/VISUELS-VP-MINI-SANS-DATE-1-768x434.jpg","medium_large-width":768,"medium_large-height":434,"large":"https:\/\/cdn.bymycar.eu\/fr-webzine\/wp-content\/uploads\/medias\/VISUELS-VP-MINI-SANS-DATE-1-1024x578.jpg","large-width":1024,"large-height":578,"1536x1536":"https:\/\/cdn.bymycar.eu\/fr-webzine\/wp-content\/uploads\/medias\/VISUELS-VP-MINI-SANS-DATE-1-1536x868.jpg","1536x1536-width":1536,"1536x1536-height":868,"2048x2048":"https:\/\/cdn.bymycar.eu\/fr-webzine\/wp-content\/uploads\/medias\/VISUELS-VP-MINI-SANS-DATE-1-2048x1157.jpg","2048x2048-width":2048,"2048x2048-height":1157}},"--legend":""}]}}]},"add-carousel-to-footer":true},"yoast_head":"<!-- This site is optimized with the Yoast SEO Premium plugin v26.4 (Yoast SEO v26.4) - https:\/\/yoast.com\/wordpress\/plugins\/seo\/ -->\n<title>VENTES PRIVEES MINI BYMYCAR<\/title>\n<meta name=\"robots\" content=\"index, follow, max-snippet:-1, max-image-preview:large, max-video-preview:-1\" \/>\n<link rel=\"canonical\" href=\"https:\/\/www.bymycar.fr\/webzine\/ventes-privees-mini-bymycar\/\" \/>\n<meta property=\"og:locale\" content=\"fr_FR\" \/>\n<meta property=\"og:type\" content=\"article\" \/>\n<meta property=\"og:title\" content=\"VENTES PRIVEES MINI BYMYCAR\" \/>\n<meta property=\"og:url\" content=\"https:\/\/www.bymycar.fr\/webzine\/ventes-privees-mini-bymycar\/\" \/>\n<meta property=\"og:site_name\" content=\"Webzine auto BYmyCAR\" \/>\n<meta property=\"article:published_time\" content=\"2023-10-19T09:11:26+00:00\" \/>\n<meta property=\"article:modified_time\" content=\"2026-04-13T15:47:44+00:00\" \/>\n<meta property=\"og:image\" content=\"https:\/\/cdn.bymycar.eu\/fr-webzine\/wp-content\/uploads\/medias\/VISUELS-VP-MINI-SANS-DATE-1.jpg\" \/>\n\t<meta property=\"og:image:width\" content=\"2287\" \/>\n\t<meta property=\"og:image:height\" content=\"1292\" \/>\n\t<meta property=\"og:image:type\" content=\"image\/jpeg\" \/>\n<meta name=\"author\" content=\"La R\u00e9daction BYmyCAR\" \/>\n<meta name=\"twitter:card\" content=\"summary_large_image\" \/>\n<meta name=\"twitter:label1\" content=\"\u00c9crit par\" \/>\n\t<meta name=\"twitter:data1\" content=\"La R\u00e9daction BYmyCAR\" \/>\n<script type=\"application\/ld+json\" class=\"yoast-schema-graph\">{\"@context\":\"https:\/\/schema.org\",\"@graph\":[{\"@type\":\"Article\",\"@id\":\"https:\/\/www.bymycar.fr\/webzine\/ventes-privees-mini-bymycar\/#article\",\"isPartOf\":{\"@id\":\"https:\/\/www.bymycar.fr\/webzine\/ventes-privees-mini-bymycar\/\"},\"author\":{\"name\":\"La R\u00e9daction BYmyCAR\",\"@id\":\"https:\/\/www.bymycar.fr\/webzine\/#\/schema\/person\/8d570fe11eb8929f06c1e6d00f4d9689\"},\"headline\":\"VENTES PRIVEES MINI BYMYCAR\",\"datePublished\":\"2023-10-19T09:11:26+00:00\",\"dateModified\":\"2026-04-13T15:47:44+00:00\",\"mainEntityOfPage\":{\"@id\":\"https:\/\/www.bymycar.fr\/webzine\/ventes-privees-mini-bymycar\/\"},\"wordCount\":4,\"publisher\":{\"@id\":\"https:\/\/www.bymycar.fr\/webzine\/#organization\"},\"image\":{\"@id\":\"https:\/\/www.bymycar.fr\/webzine\/ventes-privees-mini-bymycar\/#primaryimage\"},\"thumbnailUrl\":\"https:\/\/cdn.bymycar.eu\/fr-webzine\/wp-content\/uploads\/medias\/VISUELS-VP-MINI-SANS-DATE-1.jpg\",\"articleSection\":[\"Actualit\u00e9s des concessions\",\"MINI\"],\"inLanguage\":\"fr-FR\"},{\"@type\":\"WebPage\",\"@id\":\"https:\/\/www.bymycar.fr\/webzine\/ventes-privees-mini-bymycar\/\",\"url\":\"https:\/\/www.bymycar.fr\/webzine\/ventes-privees-mini-bymycar\/\",\"name\":\"VENTES PRIVEES MINI BYMYCAR\",\"isPartOf\":{\"@id\":\"https:\/\/www.bymycar.fr\/webzine\/#website\"},\"primaryImageOfPage\":{\"@id\":\"https:\/\/www.bymycar.fr\/webzine\/ventes-privees-mini-bymycar\/#primaryimage\"},\"image\":{\"@id\":\"https:\/\/www.bymycar.fr\/webzine\/ventes-privees-mini-bymycar\/#primaryimage\"},\"thumbnailUrl\":\"https:\/\/cdn.bymycar.eu\/fr-webzine\/wp-content\/uploads\/medias\/VISUELS-VP-MINI-SANS-DATE-1.jpg\",\"datePublished\":\"2023-10-19T09:11:26+00:00\",\"dateModified\":\"2026-04-13T15:47:44+00:00\",\"breadcrumb\":{\"@id\":\"https:\/\/www.bymycar.fr\/webzine\/ventes-privees-mini-bymycar\/#breadcrumb\"},\"inLanguage\":\"fr-FR\",\"potentialAction\":[{\"@type\":\"ReadAction\",\"target\":[\"https:\/\/www.bymycar.fr\/webzine\/ventes-privees-mini-bymycar\/\"]}]},{\"@type\":\"ImageObject\",\"inLanguage\":\"fr-FR\",\"@id\":\"https:\/\/www.bymycar.fr\/webzine\/ventes-privees-mini-bymycar\/#primaryimage\",\"url\":\"https:\/\/cdn.bymycar.eu\/fr-webzine\/wp-content\/uploads\/medias\/VISUELS-VP-MINI-SANS-DATE-1.jpg\",\"contentUrl\":\"https:\/\/cdn.bymycar.eu\/fr-webzine\/wp-content\/uploads\/medias\/VISUELS-VP-MINI-SANS-DATE-1.jpg\",\"width\":2287,\"height\":1292},{\"@type\":\"BreadcrumbList\",\"@id\":\"https:\/\/www.bymycar.fr\/webzine\/ventes-privees-mini-bymycar\/#breadcrumb\",\"itemListElement\":[{\"@type\":\"ListItem\",\"position\":1,\"name\":\"Accueil\",\"item\":\"https:\/\/www.bymycar.fr\/webzine\/\"},{\"@type\":\"ListItem\",\"position\":2,\"name\":\"VENTES PRIVEES MINI BYMYCAR\"}]},{\"@type\":\"WebSite\",\"@id\":\"https:\/\/www.bymycar.fr\/webzine\/#website\",\"url\":\"https:\/\/www.bymycar.fr\/webzine\/\",\"name\":\"Webzine auto BYmyCAR\",\"description\":\"La magazine auto de BYmyCAR\",\"publisher\":{\"@id\":\"https:\/\/www.bymycar.fr\/webzine\/#organization\"},\"potentialAction\":[{\"@type\":\"SearchAction\",\"target\":{\"@type\":\"EntryPoint\",\"urlTemplate\":\"https:\/\/www.bymycar.fr\/webzine\/?s={search_term_string}\"},\"query-input\":{\"@type\":\"PropertyValueSpecification\",\"valueRequired\":true,\"valueName\":\"search_term_string\"}}],\"inLanguage\":\"fr-FR\"},{\"@type\":\"Organization\",\"@id\":\"https:\/\/www.bymycar.fr\/webzine\/#organization\",\"name\":\"BYmyCAR\",\"url\":\"https:\/\/www.bymycar.fr\/webzine\/\",\"logo\":{\"@type\":\"ImageObject\",\"inLanguage\":\"fr-FR\",\"@id\":\"https:\/\/www.bymycar.fr\/webzine\/#\/schema\/logo\/image\/\",\"url\":\"https:\/\/cdn.bymycar.eu\/fr-webzine\/wp-content\/uploads\/medias\/2017\/08\/logo_DEALER_00000406_001.png\",\"contentUrl\":\"https:\/\/cdn.bymycar.eu\/fr-webzine\/wp-content\/uploads\/medias\/2017\/08\/logo_DEALER_00000406_001.png\",\"width\":2132,\"height\":720,\"caption\":\"BYmyCAR\"},\"image\":{\"@id\":\"https:\/\/www.bymycar.fr\/webzine\/#\/schema\/logo\/image\/\"}},{\"@type\":\"Person\",\"@id\":\"https:\/\/www.bymycar.fr\/webzine\/#\/schema\/person\/8d570fe11eb8929f06c1e6d00f4d9689\",\"name\":\"La R\u00e9daction BYmyCAR\",\"image\":{\"@type\":\"ImageObject\",\"inLanguage\":\"fr-FR\",\"@id\":\"https:\/\/www.bymycar.fr\/webzine\/#\/schema\/person\/image\/\",\"url\":\"https:\/\/secure.gravatar.com\/avatar\/1aa6b039d0ce106989923af4e2d0f2a0c82bb070d5e449f1b9adf082a5863900?s=96&d=mm&r=g\",\"contentUrl\":\"https:\/\/secure.gravatar.com\/avatar\/1aa6b039d0ce106989923af4e2d0f2a0c82bb070d5e449f1b9adf082a5863900?s=96&d=mm&r=g\",\"caption\":\"La R\u00e9daction BYmyCAR\"},\"sameAs\":[\"https:\/\/www.bymycar.fr\/\"]}]}<\/script>\n<!-- \/ Yoast SEO Premium plugin. -->","yoast_head_json":{"title":"VENTES PRIVEES MINI BYMYCAR","robots":{"index":"index","follow":"follow","max-snippet":"max-snippet:-1","max-image-preview":"max-image-preview:large","max-video-preview":"max-video-preview:-1"},"canonical":"https:\/\/www.bymycar.fr\/webzine\/ventes-privees-mini-bymycar\/","og_locale":"fr_FR","og_type":"article","og_title":"VENTES PRIVEES MINI BYMYCAR","og_url":"https:\/\/www.bymycar.fr\/webzine\/ventes-privees-mini-bymycar\/","og_site_name":"Webzine auto BYmyCAR","article_published_time":"2023-10-19T09:11:26+00:00","article_modified_time":"2026-04-13T15:47:44+00:00","og_image":[{"width":2287,"height":1292,"url":"https:\/\/cdn.bymycar.eu\/fr-webzine\/wp-content\/uploads\/medias\/VISUELS-VP-MINI-SANS-DATE-1.jpg","type":"image\/jpeg"}],"author":"La R\u00e9daction BYmyCAR","twitter_card":"summary_large_image","twitter_misc":{"\u00c9crit par":"La R\u00e9daction BYmyCAR"},"schema":{"@context":"https:\/\/schema.org","@graph":[{"@type":"Article","@id":"https:\/\/www.bymycar.fr\/webzine\/ventes-privees-mini-bymycar\/#article","isPartOf":{"@id":"https:\/\/www.bymycar.fr\/webzine\/ventes-privees-mini-bymycar\/"},"author":{"name":"La R\u00e9daction BYmyCAR","@id":"https:\/\/www.bymycar.fr\/webzine\/#\/schema\/person\/8d570fe11eb8929f06c1e6d00f4d9689"},"headline":"VENTES PRIVEES MINI BYMYCAR","datePublished":"2023-10-19T09:11:26+00:00","dateModified":"2026-04-13T15:47:44+00:00","mainEntityOfPage":{"@id":"https:\/\/www.bymycar.fr\/webzine\/ventes-privees-mini-bymycar\/"},"wordCount":4,"publisher":{"@id":"https:\/\/www.bymycar.fr\/webzine\/#organization"},"image":{"@id":"https:\/\/www.bymycar.fr\/webzine\/ventes-privees-mini-bymycar\/#primaryimage"},"thumbnailUrl":"https:\/\/cdn.bymycar.eu\/fr-webzine\/wp-content\/uploads\/medias\/VISUELS-VP-MINI-SANS-DATE-1.jpg","articleSection":["Actualit\u00e9s des concessions","MINI"],"inLanguage":"fr-FR"},{"@type":"WebPage","@id":"https:\/\/www.bymycar.fr\/webzine\/ventes-privees-mini-bymycar\/","url":"https:\/\/www.bymycar.fr\/webzine\/ventes-privees-mini-bymycar\/","name":"VENTES PRIVEES MINI BYMYCAR","isPartOf":{"@id":"https:\/\/www.bymycar.fr\/webzine\/#website"},"primaryImageOfPage":{"@id":"https:\/\/www.bymycar.fr\/webzine\/ventes-privees-mini-bymycar\/#primaryimage"},"image":{"@id":"https:\/\/www.bymycar.fr\/webzine\/ventes-privees-mini-bymycar\/#primaryimage"},"thumbnailUrl":"https:\/\/cdn.bymycar.eu\/fr-webzine\/wp-content\/uploads\/medias\/VISUELS-VP-MINI-SANS-DATE-1.jpg","datePublished":"2023-10-19T09:11:26+00:00","dateModified":"2026-04-13T15:47:44+00:00","breadcrumb":{"@id":"https:\/\/www.bymycar.fr\/webzine\/ventes-privees-mini-bymycar\/#breadcrumb"},"inLanguage":"fr-FR","potentialAction":[{"@type":"ReadAction","target":["https:\/\/www.bymycar.fr\/webzine\/ventes-privees-mini-bymycar\/"]}]},{"@type":"ImageObject","inLanguage":"fr-FR","@id":"https:\/\/www.bymycar.fr\/webzine\/ventes-privees-mini-bymycar\/#primaryimage","url":"https:\/\/cdn.bymycar.eu\/fr-webzine\/wp-content\/uploads\/medias\/VISUELS-VP-MINI-SANS-DATE-1.jpg","contentUrl":"https:\/\/cdn.bymycar.eu\/fr-webzine\/wp-content\/uploads\/medias\/VISUELS-VP-MINI-SANS-DATE-1.jpg","width":2287,"height":1292},{"@type":"BreadcrumbList","@id":"https:\/\/www.bymycar.fr\/webzine\/ventes-privees-mini-bymycar\/#breadcrumb","itemListElement":[{"@type":"ListItem","position":1,"name":"Accueil","item":"https:\/\/www.bymycar.fr\/webzine\/"},{"@type":"ListItem","position":2,"name":"VENTES PRIVEES MINI BYMYCAR"}]},{"@type":"WebSite","@id":"https:\/\/www.bymycar.fr\/webzine\/#website","url":"https:\/\/www.bymycar.fr\/webzine\/","name":"Webzine auto BYmyCAR","description":"La magazine auto de BYmyCAR","publisher":{"@id":"https:\/\/www.bymycar.fr\/webzine\/#organization"},"potentialAction":[{"@type":"SearchAction","target":{"@type":"EntryPoint","urlTemplate":"https:\/\/www.bymycar.fr\/webzine\/?s={search_term_string}"},"query-input":{"@type":"PropertyValueSpecification","valueRequired":true,"valueName":"search_term_string"}}],"inLanguage":"fr-FR"},{"@type":"Organization","@id":"https:\/\/www.bymycar.fr\/webzine\/#organization","name":"BYmyCAR","url":"https:\/\/www.bymycar.fr\/webzine\/","logo":{"@type":"ImageObject","inLanguage":"fr-FR","@id":"https:\/\/www.bymycar.fr\/webzine\/#\/schema\/logo\/image\/","url":"https:\/\/cdn.bymycar.eu\/fr-webzine\/wp-content\/uploads\/medias\/2017\/08\/logo_DEALER_00000406_001.png","contentUrl":"https:\/\/cdn.bymycar.eu\/fr-webzine\/wp-content\/uploads\/medias\/2017\/08\/logo_DEALER_00000406_001.png","width":2132,"height":720,"caption":"BYmyCAR"},"image":{"@id":"https:\/\/www.bymycar.fr\/webzine\/#\/schema\/logo\/image\/"}},{"@type":"Person","@id":"https:\/\/www.bymycar.fr\/webzine\/#\/schema\/person\/8d570fe11eb8929f06c1e6d00f4d9689","name":"La R\u00e9daction BYmyCAR","image":{"@type":"ImageObject","inLanguage":"fr-FR","@id":"https:\/\/www.bymycar.fr\/webzine\/#\/schema\/person\/image\/","url":"https:\/\/secure.gravatar.com\/avatar\/1aa6b039d0ce106989923af4e2d0f2a0c82bb070d5e449f1b9adf082a5863900?s=96&d=mm&r=g","contentUrl":"https:\/\/secure.gravatar.com\/avatar\/1aa6b039d0ce106989923af4e2d0f2a0c82bb070d5e449f1b9adf082a5863900?s=96&d=mm&r=g","caption":"La R\u00e9daction BYmyCAR"},"sameAs":["https:\/\/www.bymycar.fr\/"]}]}},"_links":{"self":[{"href":"https:\/\/www.bymycar.fr\/webzine\/wp-json\/wp\/v2\/posts\/43196","targetHints":{"allow":["GET"]}}],"collection":[{"href":"https:\/\/www.bymycar.fr\/webzine\/wp-json\/wp\/v2\/posts"}],"about":[{"href":"https:\/\/www.bymycar.fr\/webzine\/wp-json\/wp\/v2\/types\/post"}],"author":[{"embeddable":true,"href":"https:\/\/www.bymycar.fr\/webzine\/wp-json\/wp\/v2\/users\/88"}],"replies":[{"embeddable":true,"href":"https:\/\/www.bymycar.fr\/webzine\/wp-json\/wp\/v2\/comments?post=43196"}],"version-history":[{"count":2,"href":"https:\/\/www.bymycar.fr\/webzine\/wp-json\/wp\/v2\/posts\/43196\/revisions"}],"predecessor-version":[{"id":43199,"href":"https:\/\/www.bymycar.fr\/webzine\/wp-json\/wp\/v2\/posts\/43196\/revisions\/43199"}],"wp:featuredmedia":[{"embeddable":true,"href":"https:\/\/www.bymycar.fr\/webzine\/wp-json\/wp\/v2\/media\/43197"}],"wp:attachment":[{"href":"https:\/\/www.bymycar.fr\/webzine\/wp-json\/wp\/v2\/media?parent=43196"}],"wp:term":[{"taxonomy":"category","embeddable":true,"href":"https:\/\/www.bymycar.fr\/webzine\/wp-json\/wp\/v2\/categories?post=43196"},{"taxonomy":"post_tag","embeddable":true,"href":"https:\/\/www.bymycar.fr\/webzine\/wp-json\/wp\/v2\/tags?post=43196"}],"curies":[{"name":"wp","href":"https:\/\/api.w.org\/{rel}","templated":true}]}}