{"id":4317,"date":"2018-06-01T17:16:41","date_gmt":"2018-06-01T15:16:41","guid":{"rendered":"https:\/\/prod.bymycar.fr\/webzine\/?p=4317"},"modified":"2018-07-03T22:12:03","modified_gmt":"2018-07-03T20:12:03","slug":"mini-edition-heddon-street","status":"publish","type":"post","link":"https:\/\/www.bymycar.fr\/webzine\/mini-edition-heddon-street\/","title":{"rendered":"MINI ONE 3 PORTES EDITION HEDDON STREET"},"content":{"rendered":"<p>&nbsp;<\/p>\n","protected":false},"excerpt":{"rendered":"<p>&nbsp;<\/p>\n","protected":false},"author":9,"featured_media":4319,"comment_status":"closed","ping_status":"open","sticky":false,"template":"","format":"standard","meta":{"_acf_changed":false,"footnotes":""},"categories":[134],"tags":[],"class_list":["post-4317","post","type-post","status-publish","format-standard","has-post-thumbnail","hentry","category-mini"],"acf":{"template":"classique","introduction":"<p>Inspir\u00e9e par une rue mythique de Londres, la nouvelle \u00e9dition sp\u00e9ciale <strong>MINI Heddon Street<\/strong> est arriv\u00e9e dans nos concessions BYmyCAR.<\/p>\n<p>Des bandes de capot et de coffre grises \u00e0 motifs \u00ab\u00a0chevrons\u00a0\u00bb. Une inscription \u00ab\u00a0Heddon Street\u00a0\u00bb au niveau des ou\u00efes lat\u00e9rales, toit ouvrant panoramique, jantes en alliage l\u00e9ger 16 design \u00ab\u00a0Victory Spoke Black\u00a0\u00bb, radar de stationnement arri\u00e8re et disponible en plusieurs motorisations, l\u2019\u00e9dition sp\u00e9ciale MINI Heddon Street offre de nombreux \u00e9quipements pour un loyer \u00e0 partir de 295\u20ac par mois*.<\/p>\n<p>Et comme toujours chez MINI, une palette de personnalisation presque sans limite pour que votre MINI Heddon Street vous ressemble et soit comme vous, unique\u00a0!<\/p>\n","strates":[{"type_strate":"50-50-image-texte-full","ancre":"","contenu":"","titre":"D\u00e9couvrez les MINI d'occasion sur BYmyCAR","image":false,"image_libre":false,"image_800x500":{"ID":4319,"id":4319,"title":"HEDDON 4","filename":"HEDDON-4.jpg","filesize":1,"url":"https:\/\/cdn.bymycar.eu\/fr-webzine\/wp-content\/uploads\/medias\/2018\/06\/HEDDON-4.jpg","link":"https:\/\/www.bymycar.fr\/webzine\/mini-edition-heddon-street\/heddon-4\/","alt":"MINI \u00e9diton Heddon Street","author":"9","description":"","caption":"","name":"heddon-4","status":"inherit","uploaded_to":4317,"date":"2018-06-01 14:52:15","modified":"2018-06-01 14:53:58","menu_order":0,"mime_type":"image\/jpeg","type":"image","subtype":"jpeg","icon":"https:\/\/www.bymycar.fr\/webzine\/wp-includes\/images\/media\/default.png","width":620,"height":620,"sizes":{"thumbnail":"https:\/\/cdn.bymycar.eu\/fr-webzine\/wp-content\/uploads\/medias\/2018\/06\/HEDDON-4-150x150.jpg","thumbnail-width":150,"thumbnail-height":150,"medium":"https:\/\/cdn.bymycar.eu\/fr-webzine\/wp-content\/uploads\/medias\/2018\/06\/HEDDON-4-300x300.jpg","medium-width":300,"medium-height":300,"medium_large":"https:\/\/cdn.bymycar.eu\/fr-webzine\/wp-content\/uploads\/medias\/2018\/06\/HEDDON-4.jpg","medium_large-width":620,"medium_large-height":620,"large":"https:\/\/cdn.bymycar.eu\/fr-webzine\/wp-content\/uploads\/medias\/2018\/06\/HEDDON-4.jpg","large-width":620,"large-height":620,"1536x1536":"https:\/\/cdn.bymycar.eu\/fr-webzine\/wp-content\/uploads\/medias\/2018\/06\/HEDDON-4.jpg","1536x1536-width":620,"1536x1536-height":620,"2048x2048":"https:\/\/cdn.bymycar.eu\/fr-webzine\/wp-content\/uploads\/medias\/2018\/06\/HEDDON-4.jpg","2048x2048-width":620,"2048x2048-height":620}},"legende":"","zoom":false,"texte":"<h2>Nouvelle MINI. Edition Heddon Street<\/h2>\n<p>Feux LED : ils conf\u00e8rent \u00e0 la MINI Hatch une allure lumineuse de jour comme de nuit.<br \/>\nPack Connected avec \u00e9cran de navigation 6,5&Prime; : contr\u00f4lez tout au doigt et \u00e0 l&rsquo;oeil gr\u00e2ce \u00e0 son \u00e9cran tactile grand format.<br \/>\nClimatisation automatique : pour rester frais en toutes conditions.<br \/>\nSellerie tissu &amp; cuir : pour un confort tout en \u00e9l\u00e9gance.<br \/>\nToit ouvrant panoramique.<\/p>\n<p>&nbsp;<\/p>\n","articles":false,"categorie_droite":false,"images":false,"elements_comparatif":false,"texte_1":"","texte_2":"","image_1":false,"image_1_563x400":false,"image_1_332x332":false,"image_2":false,"image_2_333x240":false,"image_2_563x400":false,"image_3":false,"image_3_333x240":false,"image_3_332x450":false,"image_4":false,"image_4_332x332":false,"image_4_563x400":false,"code_embed":"","legende_video":"","photo":false,"photo_100x100":false,"nom":"","fonction":"","elements_timeline":false,"entetes_colonnes":false,"entetes_lignes":false,"lignes":false,"introduction":"","formulaire":false,"question":"","reponse":"","libelle_bouton_lien":"","url_lien":"","questions":false,"conclusions":false,"pays":"1","region":"","marque":"8","marqueConcessions":false,"modele":"MINI","ptvente":"","typeV":"","collection":"","nombre_maximum_elements":"6","lien_fin_carousel":"https:\/\/www.bymycar.fr\/rechercher-un-vehicule?modele=mini&trier-par=prix&page=1","texte_lien_fin_carousel":"Voir tous les mod\u00e8les MINI d'occasion >","trier_par":""},{"type_strate":"mosaique-3","ancre":"","contenu":"","titre":"D\u00e9couvrez les MINI d'occasion sur BYmyCAR","image":false,"image_libre":false,"image_800x500":false,"legende":"","zoom":false,"texte":"","articles":false,"categorie_droite":false,"images":false,"elements_comparatif":false,"texte_1":"","texte_2":"","image_1":false,"image_1_563x400":false,"image_1_332x332":{"ID":4321,"id":4321,"title":"HEDDON 1","filename":"HEDDON-1.jpg","filesize":1,"url":"https:\/\/cdn.bymycar.eu\/fr-webzine\/wp-content\/uploads\/medias\/2018\/06\/HEDDON-1.jpg","link":"https:\/\/www.bymycar.fr\/webzine\/mini-edition-heddon-street\/heddon-1\/","alt":"","author":"9","description":"","caption":"","name":"heddon-1","status":"inherit","uploaded_to":4317,"date":"2018-06-01 15:06:28","modified":"2018-06-01 15:06:50","menu_order":0,"mime_type":"image\/jpeg","type":"image","subtype":"jpeg","icon":"https:\/\/www.bymycar.fr\/webzine\/wp-includes\/images\/media\/default.png","width":960,"height":540,"sizes":{"thumbnail":"https:\/\/cdn.bymycar.eu\/fr-webzine\/wp-content\/uploads\/medias\/2018\/06\/HEDDON-1-150x150.jpg","thumbnail-width":150,"thumbnail-height":150,"medium":"https:\/\/cdn.bymycar.eu\/fr-webzine\/wp-content\/uploads\/medias\/2018\/06\/HEDDON-1-300x169.jpg","medium-width":300,"medium-height":169,"medium_large":"https:\/\/cdn.bymycar.eu\/fr-webzine\/wp-content\/uploads\/medias\/2018\/06\/HEDDON-1-768x432.jpg","medium_large-width":768,"medium_large-height":432,"large":"https:\/\/cdn.bymycar.eu\/fr-webzine\/wp-content\/uploads\/medias\/2018\/06\/HEDDON-1.jpg","large-width":960,"large-height":540,"1536x1536":"https:\/\/cdn.bymycar.eu\/fr-webzine\/wp-content\/uploads\/medias\/2018\/06\/HEDDON-1.jpg","1536x1536-width":960,"1536x1536-height":540,"2048x2048":"https:\/\/cdn.bymycar.eu\/fr-webzine\/wp-content\/uploads\/medias\/2018\/06\/HEDDON-1.jpg","2048x2048-width":960,"2048x2048-height":540}},"image_2":false,"image_2_333x240":false,"image_2_563x400":{"ID":4322,"id":4322,"title":"HEDDON 2","filename":"HEDDON-2.jpg","filesize":1,"url":"https:\/\/cdn.bymycar.eu\/fr-webzine\/wp-content\/uploads\/medias\/2018\/06\/HEDDON-2.jpg","link":"https:\/\/www.bymycar.fr\/webzine\/mini-edition-heddon-street\/heddon-2\/","alt":"MINI \u00e9dition Heddon Street","author":"9","description":"","caption":"","name":"heddon-2","status":"inherit","uploaded_to":4317,"date":"2018-06-01 15:06:58","modified":"2018-06-01 15:08:32","menu_order":0,"mime_type":"image\/jpeg","type":"image","subtype":"jpeg","icon":"https:\/\/www.bymycar.fr\/webzine\/wp-includes\/images\/media\/default.png","width":960,"height":540,"sizes":{"thumbnail":"https:\/\/cdn.bymycar.eu\/fr-webzine\/wp-content\/uploads\/medias\/2018\/06\/HEDDON-2-150x150.jpg","thumbnail-width":150,"thumbnail-height":150,"medium":"https:\/\/cdn.bymycar.eu\/fr-webzine\/wp-content\/uploads\/medias\/2018\/06\/HEDDON-2-300x169.jpg","medium-width":300,"medium-height":169,"medium_large":"https:\/\/cdn.bymycar.eu\/fr-webzine\/wp-content\/uploads\/medias\/2018\/06\/HEDDON-2-768x432.jpg","medium_large-width":768,"medium_large-height":432,"large":"https:\/\/cdn.bymycar.eu\/fr-webzine\/wp-content\/uploads\/medias\/2018\/06\/HEDDON-2.jpg","large-width":960,"large-height":540,"1536x1536":"https:\/\/cdn.bymycar.eu\/fr-webzine\/wp-content\/uploads\/medias\/2018\/06\/HEDDON-2.jpg","1536x1536-width":960,"1536x1536-height":540,"2048x2048":"https:\/\/cdn.bymycar.eu\/fr-webzine\/wp-content\/uploads\/medias\/2018\/06\/HEDDON-2.jpg","2048x2048-width":960,"2048x2048-height":540}},"image_3":false,"image_3_333x240":false,"image_3_332x450":{"ID":4323,"id":4323,"title":"HEDDON 3","filename":"HEDDON-3.jpg","filesize":1,"url":"https:\/\/cdn.bymycar.eu\/fr-webzine\/wp-content\/uploads\/medias\/2018\/06\/HEDDON-3.jpg","link":"https:\/\/www.bymycar.fr\/webzine\/mini-edition-heddon-street\/heddon-3\/","alt":"Habitacle MINI Heddon Street","author":"9","description":"","caption":"","name":"heddon-3","status":"inherit","uploaded_to":4317,"date":"2018-06-01 15:07:09","modified":"2018-06-01 15:08:37","menu_order":0,"mime_type":"image\/jpeg","type":"image","subtype":"jpeg","icon":"https:\/\/www.bymycar.fr\/webzine\/wp-includes\/images\/media\/default.png","width":960,"height":540,"sizes":{"thumbnail":"https:\/\/cdn.bymycar.eu\/fr-webzine\/wp-content\/uploads\/medias\/2018\/06\/HEDDON-3-150x150.jpg","thumbnail-width":150,"thumbnail-height":150,"medium":"https:\/\/cdn.bymycar.eu\/fr-webzine\/wp-content\/uploads\/medias\/2018\/06\/HEDDON-3-300x169.jpg","medium-width":300,"medium-height":169,"medium_large":"https:\/\/cdn.bymycar.eu\/fr-webzine\/wp-content\/uploads\/medias\/2018\/06\/HEDDON-3-768x432.jpg","medium_large-width":768,"medium_large-height":432,"large":"https:\/\/cdn.bymycar.eu\/fr-webzine\/wp-content\/uploads\/medias\/2018\/06\/HEDDON-3.jpg","large-width":960,"large-height":540,"1536x1536":"https:\/\/cdn.bymycar.eu\/fr-webzine\/wp-content\/uploads\/medias\/2018\/06\/HEDDON-3.jpg","1536x1536-width":960,"1536x1536-height":540,"2048x2048":"https:\/\/cdn.bymycar.eu\/fr-webzine\/wp-content\/uploads\/medias\/2018\/06\/HEDDON-3.jpg","2048x2048-width":960,"2048x2048-height":540}},"image_4":false,"image_4_332x332":false,"image_4_563x400":false,"code_embed":"","legende_video":"","photo":false,"photo_100x100":false,"nom":"","fonction":"","elements_timeline":false,"entetes_colonnes":false,"entetes_lignes":false,"lignes":false,"introduction":"<p>sur la MINI \u00e9dition Heddon Street<\/p>\n","formulaire":4316,"question":"","reponse":"","libelle_bouton_lien":"","url_lien":"","questions":false,"conclusions":false,"pays":"1","region":"","marque":"8","marqueConcessions":false,"modele":"MINI","ptvente":"","typeV":"","collection":"","nombre_maximum_elements":"6","lien_fin_carousel":"https:\/\/www.bymycar.fr\/rechercher-un-vehicule?modele=mini&trier-par=prix&page=1","texte_lien_fin_carousel":"Voir tous les mod\u00e8les MINI d'occasion >","trier_par":""},{"type_strate":"carousel-produits","ancre":"MINI occasion","contenu":"","titre":"D\u00e9couvrez les MINI d'occasion sur BYmyCAR","image":false,"image_libre":false,"image_800x500":false,"legende":"","zoom":false,"texte":"","articles":false,"categorie_droite":false,"images":false,"elements_comparatif":false,"texte_1":"","texte_2":"","image_1":false,"image_1_563x400":false,"image_1_332x332":false,"image_2":false,"image_2_333x240":false,"image_2_563x400":false,"image_3":false,"image_3_333x240":false,"image_3_332x450":false,"image_4":false,"image_4_332x332":false,"image_4_563x400":false,"code_embed":"","legende_video":"","photo":false,"photo_100x100":false,"nom":"","fonction":"","elements_timeline":false,"entetes_colonnes":false,"entetes_lignes":false,"lignes":false,"introduction":"<p>sur la MINI \u00e9dition Heddon Street<\/p>\n","formulaire":4316,"question":"","reponse":"","libelle_bouton_lien":"","url_lien":"","questions":false,"conclusions":false,"pays":"1","region":"","marque":"8","marqueConcessions":false,"modele":"MINI","ptvente":"","typeV":"","collection":"","nombre_maximum_elements":"6","lien_fin_carousel":"https:\/\/www.bymycar.fr\/rechercher-un-vehicule?modele=mini&trier-par=prix&page=1","texte_lien_fin_carousel":"Voir tous les mod\u00e8les MINI d'occasion >","trier_par":""},{"type_strate":"formulaire","ancre":"contactez nous","contenu":"<p><span style=\"font-size: 8pt;\">* Exemple pour une MINI ONE 102 CH 3 portes \u00c9dition Heddon Street. Location Longue Dur\u00e9e sur 36 mois et pour 30 000 km int\u00e9grant l\u2019entretien et l\u2019extension de garantie. 36 loyers lin\u00e9aires<\/span><\/p>\n<p><span style=\"font-size: 8pt;\">: 294,23 \u20ac \/mois. Offre valable pour toute commande d\u2019une MINI ONE 102 CH 3 portes \u00c9dition Heddon Street jusqu\u2019au 30\/06\/2018, dans nos concessions BYmyCAR MINI. Sous r\u00e9serve d\u2019acceptation par MINI Financial Services &#8211; D\u00e9partement de BMW Finance &#8211; SNC au capital de 87 000 000 \u20ac RCS Versailles B 343 606 448 TVA FR 65 343 606 448. Courtier en Assurances immatricul\u00e9 \u00e0 l\u2019ORIAS n\u00b007 008 883 (www.orias.fr). Consommation en cycle mixte : 4,8 l\/100 km. CO2 : 114 g\/km selon la norme europ\u00e9enne NEDC. L\u2019ext\u00e9rieur de ce v\u00e9hicule comporte des \u00e9quipements de s\u00e9rie ou en option en fonction de la finition. Hors pi\u00e8ces d\u2019usures.<\/span><\/p>\n","titre":"Demande d'information","image":false,"image_libre":false,"image_800x500":false,"legende":"","zoom":false,"texte":"","articles":false,"categorie_droite":false,"images":false,"elements_comparatif":false,"texte_1":"","texte_2":"","image_1":false,"image_1_563x400":false,"image_1_332x332":false,"image_2":false,"image_2_333x240":false,"image_2_563x400":false,"image_3":false,"image_3_333x240":false,"image_3_332x450":false,"image_4":false,"image_4_332x332":false,"image_4_563x400":false,"code_embed":"","legende_video":"","photo":false,"photo_100x100":false,"nom":"","fonction":"","elements_timeline":false,"entetes_colonnes":false,"entetes_lignes":false,"lignes":false,"introduction":"<p>sur la MINI \u00e9dition Heddon Street<\/p>\n","formulaire":4316,"question":"","reponse":"","libelle_bouton_lien":"","url_lien":"","questions":false,"conclusions":false,"pays":false,"region":false,"marque":false,"marqueConcessions":false,"modele":false,"ptvente":false,"typeV":false,"collection":false,"nombre_maximum_elements":10,"lien_fin_carousel":"","texte_lien_fin_carousel":"","trier_par":false},{"type_strate":"texte-simple","ancre":"","contenu":"<p><span style=\"font-size: 8pt;\">* Exemple pour une MINI ONE 102 CH 3 portes \u00c9dition Heddon Street. Location Longue Dur\u00e9e sur 36 mois et pour 30 000 km int\u00e9grant l\u2019entretien et l\u2019extension de garantie. 36 loyers lin\u00e9aires<\/span><\/p>\n<p><span style=\"font-size: 8pt;\">: 294,23 \u20ac \/mois. Offre valable pour toute commande d\u2019une MINI ONE 102 CH 3 portes \u00c9dition Heddon Street jusqu\u2019au 30\/06\/2018, dans nos concessions BYmyCAR MINI. Sous r\u00e9serve d\u2019acceptation par MINI Financial Services &#8211; D\u00e9partement de BMW Finance &#8211; SNC au capital de 87 000 000 \u20ac RCS Versailles B 343 606 448 TVA FR 65 343 606 448. Courtier en Assurances immatricul\u00e9 \u00e0 l\u2019ORIAS n\u00b007 008 883 (www.orias.fr). Consommation en cycle mixte : 4,8 l\/100 km. CO2 : 114 g\/km selon la norme europ\u00e9enne NEDC. L\u2019ext\u00e9rieur de ce v\u00e9hicule comporte des \u00e9quipements de s\u00e9rie ou en option en fonction de la finition. Hors pi\u00e8ces d\u2019usures.<\/span><\/p>\n","titre":"","image":false,"image_libre":false,"image_800x500":false,"legende":"","zoom":false,"texte":"","articles":false,"categorie_droite":false,"images":false,"elements_comparatif":false,"texte_1":"","texte_2":"","image_1":false,"image_1_563x400":false,"image_1_332x332":false,"image_2":false,"image_2_333x240":false,"image_2_563x400":false,"image_3":false,"image_3_333x240":false,"image_3_332x450":false,"image_4":false,"image_4_332x332":false,"image_4_563x400":false,"code_embed":"","legende_video":"","photo":false,"photo_100x100":false,"nom":"","fonction":"","elements_timeline":false,"entetes_colonnes":false,"entetes_lignes":false,"lignes":false,"introduction":"","formulaire":false,"question":"","reponse":"","libelle_bouton_lien":"","url_lien":"","questions":false,"conclusions":false,"pays":false,"region":false,"marque":false,"marqueConcessions":false,"modele":false,"ptvente":false,"typeV":false,"collection":false,"nombre_maximum_elements":10,"lien_fin_carousel":"","texte_lien_fin_carousel":"","trier_par":false}],"is_old_post":false,"image":{"ID":4319,"id":4319,"title":"HEDDON 4","filename":"HEDDON-4.jpg","filesize":1,"url":"https:\/\/cdn.bymycar.eu\/fr-webzine\/wp-content\/uploads\/medias\/2018\/06\/HEDDON-4.jpg","link":"https:\/\/www.bymycar.fr\/webzine\/mini-edition-heddon-street\/heddon-4\/","alt":"MINI \u00e9diton Heddon Street","author":"9","description":"","caption":"","name":"heddon-4","status":"inherit","uploaded_to":4317,"date":"2018-06-01 14:52:15","modified":"2018-06-01 14:53:58","menu_order":0,"mime_type":"image\/jpeg","type":"image","subtype":"jpeg","icon":"https:\/\/www.bymycar.fr\/webzine\/wp-includes\/images\/media\/default.png","width":620,"height":620,"sizes":{"thumbnail":"https:\/\/cdn.bymycar.eu\/fr-webzine\/wp-content\/uploads\/medias\/2018\/06\/HEDDON-4-150x150.jpg","thumbnail-width":150,"thumbnail-height":150,"medium":"https:\/\/cdn.bymycar.eu\/fr-webzine\/wp-content\/uploads\/medias\/2018\/06\/HEDDON-4-300x300.jpg","medium-width":300,"medium-height":300,"medium_large":"https:\/\/cdn.bymycar.eu\/fr-webzine\/wp-content\/uploads\/medias\/2018\/06\/HEDDON-4.jpg","medium_large-width":620,"medium_large-height":620,"large":"https:\/\/cdn.bymycar.eu\/fr-webzine\/wp-content\/uploads\/medias\/2018\/06\/HEDDON-4.jpg","large-width":620,"large-height":620,"1536x1536":"https:\/\/cdn.bymycar.eu\/fr-webzine\/wp-content\/uploads\/medias\/2018\/06\/HEDDON-4.jpg","1536x1536-width":620,"1536x1536-height":620,"2048x2048":"https:\/\/cdn.bymycar.eu\/fr-webzine\/wp-content\/uploads\/medias\/2018\/06\/HEDDON-4.jpg","2048x2048-width":620,"2048x2048-height":620}},"page_content":{"block_content":[{"acf_fc_layout":"carousel-produits"},{"acf_fc_layout":"carousel-produits"},{"acf_fc_layout":"carousel-produits"},{"acf_fc_layout":"text-image","--nav":{"-withNav":false,"-ancre":""},"--group":{"-image":{"ID":4319,"id":4319,"title":"HEDDON 4","filename":"HEDDON-4.jpg","filesize":1,"url":"https:\/\/cdn.bymycar.eu\/fr-webzine\/wp-content\/uploads\/medias\/2018\/06\/HEDDON-4.jpg","link":"https:\/\/www.bymycar.fr\/webzine\/mini-edition-heddon-street\/heddon-4\/","alt":"MINI \u00e9diton Heddon Street","author":"9","description":"","caption":"","name":"heddon-4","status":"inherit","uploaded_to":4317,"date":"2018-06-01 14:52:15","modified":"2018-06-01 14:53:58","menu_order":0,"mime_type":"image\/jpeg","type":"image","subtype":"jpeg","icon":"https:\/\/www.bymycar.fr\/webzine\/wp-includes\/images\/media\/default.png","width":620,"height":620,"sizes":{"thumbnail":"https:\/\/cdn.bymycar.eu\/fr-webzine\/wp-content\/uploads\/medias\/2018\/06\/HEDDON-4-150x150.jpg","thumbnail-width":150,"thumbnail-height":150,"medium":"https:\/\/cdn.bymycar.eu\/fr-webzine\/wp-content\/uploads\/medias\/2018\/06\/HEDDON-4-300x300.jpg","medium-width":300,"medium-height":300,"medium_large":"https:\/\/cdn.bymycar.eu\/fr-webzine\/wp-content\/uploads\/medias\/2018\/06\/HEDDON-4.jpg","medium_large-width":620,"medium_large-height":620,"large":"https:\/\/cdn.bymycar.eu\/fr-webzine\/wp-content\/uploads\/medias\/2018\/06\/HEDDON-4.jpg","large-width":620,"large-height":620,"1536x1536":"https:\/\/cdn.bymycar.eu\/fr-webzine\/wp-content\/uploads\/medias\/2018\/06\/HEDDON-4.jpg","1536x1536-width":620,"1536x1536-height":620,"2048x2048":"https:\/\/cdn.bymycar.eu\/fr-webzine\/wp-content\/uploads\/medias\/2018\/06\/HEDDON-4.jpg","2048x2048-width":620,"2048x2048-height":620}},"-title":"","-text":"<h2>Nouvelle MINI. Edition Heddon Street<\/h2>\n<p>Feux LED : ils conf\u00e8rent \u00e0 la MINI Hatch une allure lumineuse de jour comme de nuit.<br \/>\nPack Connected avec \u00e9cran de navigation 6,5&Prime; : contr\u00f4lez tout au doigt et \u00e0 l&rsquo;oeil gr\u00e2ce \u00e0 son \u00e9cran tactile grand format.<br \/>\nClimatisation automatique : pour rester frais en toutes conditions.<br \/>\nSellerie tissu &amp; cuir : pour un confort tout en \u00e9l\u00e9gance.<br \/>\nToit ouvrant panoramique.<\/p>\n<p>&nbsp;<\/p>\n"}},{"acf_fc_layout":"images-mosaique-x3","--nav":{"-withNav":false,"-ancre":""},"--group":{"-title":"","-images":[{"ID":4321,"id":4321,"title":"HEDDON 1","filename":"HEDDON-1.jpg","filesize":1,"url":"https:\/\/cdn.bymycar.eu\/fr-webzine\/wp-content\/uploads\/medias\/2018\/06\/HEDDON-1.jpg","link":"https:\/\/www.bymycar.fr\/webzine\/mini-edition-heddon-street\/heddon-1\/","alt":"","author":"9","description":"","caption":"","name":"heddon-1","status":"inherit","uploaded_to":4317,"date":"2018-06-01 15:06:28","modified":"2018-06-01 15:06:50","menu_order":0,"mime_type":"image\/jpeg","type":"image","subtype":"jpeg","icon":"https:\/\/www.bymycar.fr\/webzine\/wp-includes\/images\/media\/default.png","width":960,"height":540,"sizes":{"thumbnail":"https:\/\/cdn.bymycar.eu\/fr-webzine\/wp-content\/uploads\/medias\/2018\/06\/HEDDON-1-150x150.jpg","thumbnail-width":150,"thumbnail-height":150,"medium":"https:\/\/cdn.bymycar.eu\/fr-webzine\/wp-content\/uploads\/medias\/2018\/06\/HEDDON-1-300x169.jpg","medium-width":300,"medium-height":169,"medium_large":"https:\/\/cdn.bymycar.eu\/fr-webzine\/wp-content\/uploads\/medias\/2018\/06\/HEDDON-1-768x432.jpg","medium_large-width":768,"medium_large-height":432,"large":"https:\/\/cdn.bymycar.eu\/fr-webzine\/wp-content\/uploads\/medias\/2018\/06\/HEDDON-1.jpg","large-width":960,"large-height":540,"1536x1536":"https:\/\/cdn.bymycar.eu\/fr-webzine\/wp-content\/uploads\/medias\/2018\/06\/HEDDON-1.jpg","1536x1536-width":960,"1536x1536-height":540,"2048x2048":"https:\/\/cdn.bymycar.eu\/fr-webzine\/wp-content\/uploads\/medias\/2018\/06\/HEDDON-1.jpg","2048x2048-width":960,"2048x2048-height":540}},{"ID":4322,"id":4322,"title":"HEDDON 2","filename":"HEDDON-2.jpg","filesize":1,"url":"https:\/\/cdn.bymycar.eu\/fr-webzine\/wp-content\/uploads\/medias\/2018\/06\/HEDDON-2.jpg","link":"https:\/\/www.bymycar.fr\/webzine\/mini-edition-heddon-street\/heddon-2\/","alt":"MINI \u00e9dition Heddon Street","author":"9","description":"","caption":"","name":"heddon-2","status":"inherit","uploaded_to":4317,"date":"2018-06-01 15:06:58","modified":"2018-06-01 15:08:32","menu_order":0,"mime_type":"image\/jpeg","type":"image","subtype":"jpeg","icon":"https:\/\/www.bymycar.fr\/webzine\/wp-includes\/images\/media\/default.png","width":960,"height":540,"sizes":{"thumbnail":"https:\/\/cdn.bymycar.eu\/fr-webzine\/wp-content\/uploads\/medias\/2018\/06\/HEDDON-2-150x150.jpg","thumbnail-width":150,"thumbnail-height":150,"medium":"https:\/\/cdn.bymycar.eu\/fr-webzine\/wp-content\/uploads\/medias\/2018\/06\/HEDDON-2-300x169.jpg","medium-width":300,"medium-height":169,"medium_large":"https:\/\/cdn.bymycar.eu\/fr-webzine\/wp-content\/uploads\/medias\/2018\/06\/HEDDON-2-768x432.jpg","medium_large-width":768,"medium_large-height":432,"large":"https:\/\/cdn.bymycar.eu\/fr-webzine\/wp-content\/uploads\/medias\/2018\/06\/HEDDON-2.jpg","large-width":960,"large-height":540,"1536x1536":"https:\/\/cdn.bymycar.eu\/fr-webzine\/wp-content\/uploads\/medias\/2018\/06\/HEDDON-2.jpg","1536x1536-width":960,"1536x1536-height":540,"2048x2048":"https:\/\/cdn.bymycar.eu\/fr-webzine\/wp-content\/uploads\/medias\/2018\/06\/HEDDON-2.jpg","2048x2048-width":960,"2048x2048-height":540}},{"ID":4323,"id":4323,"title":"HEDDON 3","filename":"HEDDON-3.jpg","filesize":1,"url":"https:\/\/cdn.bymycar.eu\/fr-webzine\/wp-content\/uploads\/medias\/2018\/06\/HEDDON-3.jpg","link":"https:\/\/www.bymycar.fr\/webzine\/mini-edition-heddon-street\/heddon-3\/","alt":"Habitacle MINI Heddon Street","author":"9","description":"","caption":"","name":"heddon-3","status":"inherit","uploaded_to":4317,"date":"2018-06-01 15:07:09","modified":"2018-06-01 15:08:37","menu_order":0,"mime_type":"image\/jpeg","type":"image","subtype":"jpeg","icon":"https:\/\/www.bymycar.fr\/webzine\/wp-includes\/images\/media\/default.png","width":960,"height":540,"sizes":{"thumbnail":"https:\/\/cdn.bymycar.eu\/fr-webzine\/wp-content\/uploads\/medias\/2018\/06\/HEDDON-3-150x150.jpg","thumbnail-width":150,"thumbnail-height":150,"medium":"https:\/\/cdn.bymycar.eu\/fr-webzine\/wp-content\/uploads\/medias\/2018\/06\/HEDDON-3-300x169.jpg","medium-width":300,"medium-height":169,"medium_large":"https:\/\/cdn.bymycar.eu\/fr-webzine\/wp-content\/uploads\/medias\/2018\/06\/HEDDON-3-768x432.jpg","medium_large-width":768,"medium_large-height":432,"large":"https:\/\/cdn.bymycar.eu\/fr-webzine\/wp-content\/uploads\/medias\/2018\/06\/HEDDON-3.jpg","large-width":960,"large-height":540,"1536x1536":"https:\/\/cdn.bymycar.eu\/fr-webzine\/wp-content\/uploads\/medias\/2018\/06\/HEDDON-3.jpg","1536x1536-width":960,"1536x1536-height":540,"2048x2048":"https:\/\/cdn.bymycar.eu\/fr-webzine\/wp-content\/uploads\/medias\/2018\/06\/HEDDON-3.jpg","2048x2048-width":960,"2048x2048-height":540}}],"-title-2":""}},{"acf_fc_layout":"formulaire","--nav":{"-withNav":true,"-ancre":"contactez nous"},"--group":{"--title":"Demande d'information","--text":"sur la MINI \u00e9dition Heddon Street<br \/><br \/>\n","--formContact":"4316"}},{"acf_fc_layout":"text-simple","--nav":{"-withNav":false,"-ancre":""},"--group":{"-text":"<p><span style=\"font-size: 8pt;\">* Exemple pour une MINI ONE 102 CH 3 portes \u00c9dition Heddon Street. Location Longue Dur\u00e9e sur 36 mois et pour 30 000 km int\u00e9grant l\u2019entretien et l\u2019extension de garantie. 36 loyers lin\u00e9aires<\/span><\/p>\n<p><span style=\"font-size: 8pt;\">: 294,23 \u20ac \/mois. Offre valable pour toute commande d\u2019une MINI ONE 102 CH 3 portes \u00c9dition Heddon Street jusqu\u2019au 30\/06\/2018, dans nos concessions BYmyCAR MINI. Sous r\u00e9serve d\u2019acceptation par MINI Financial Services &#8211; D\u00e9partement de BMW Finance &#8211; SNC au capital de 87 000 000 \u20ac RCS Versailles B 343 606 448 TVA FR 65 343 606 448. Courtier en Assurances immatricul\u00e9 \u00e0 l\u2019ORIAS n\u00b007 008 883 (www.orias.fr). Consommation en cycle mixte : 4,8 l\/100 km. CO2 : 114 g\/km selon la norme europ\u00e9enne NEDC. L\u2019ext\u00e9rieur de ce v\u00e9hicule comporte des \u00e9quipements de s\u00e9rie ou en option en fonction de la finition. Hors pi\u00e8ces d\u2019usures.<\/span><\/p>\n"}}]},"add-carousel-to-footer":true},"yoast_head":"<!-- This site is optimized with the Yoast SEO Premium plugin v26.4 (Yoast SEO v26.4) - https:\/\/yoast.com\/wordpress\/plugins\/seo\/ -->\n<title>MINI ONE 3 PORTES EDITION HEDDON STREET<\/title>\n<meta name=\"robots\" content=\"index, follow, max-snippet:-1, max-image-preview:large, max-video-preview:-1\" \/>\n<link rel=\"canonical\" href=\"https:\/\/www.bymycar.fr\/webzine\/mini-edition-heddon-street\/\" \/>\n<meta property=\"og:locale\" content=\"fr_FR\" \/>\n<meta property=\"og:type\" content=\"article\" \/>\n<meta property=\"og:title\" content=\"MINI ONE 3 PORTES EDITION HEDDON STREET\" \/>\n<meta property=\"og:description\" content=\"&nbsp;\" \/>\n<meta property=\"og:url\" content=\"https:\/\/www.bymycar.fr\/webzine\/mini-edition-heddon-street\/\" \/>\n<meta property=\"og:site_name\" content=\"Webzine auto BYmyCAR\" \/>\n<meta property=\"article:published_time\" content=\"2018-06-01T15:16:41+00:00\" \/>\n<meta property=\"article:modified_time\" content=\"2018-07-03T20:12:03+00:00\" \/>\n<meta property=\"og:image\" content=\"https:\/\/cdn.bymycar.eu\/fr-webzine\/wp-content\/uploads\/medias\/2018\/06\/HEDDON-4.jpg\" \/>\n\t<meta property=\"og:image:width\" content=\"620\" \/>\n\t<meta property=\"og:image:height\" content=\"620\" \/>\n\t<meta property=\"og:image:type\" content=\"image\/jpeg\" \/>\n<meta name=\"author\" content=\"Gregoire LE BIHAN\" \/>\n<meta name=\"twitter:card\" content=\"summary_large_image\" \/>\n<meta name=\"twitter:label1\" content=\"\u00c9crit par\" \/>\n\t<meta name=\"twitter:data1\" content=\"Gregoire LE BIHAN\" \/>\n<script type=\"application\/ld+json\" class=\"yoast-schema-graph\">{\"@context\":\"https:\/\/schema.org\",\"@graph\":[{\"@type\":\"Article\",\"@id\":\"https:\/\/www.bymycar.fr\/webzine\/mini-edition-heddon-street\/#article\",\"isPartOf\":{\"@id\":\"https:\/\/www.bymycar.fr\/webzine\/mini-edition-heddon-street\/\"},\"author\":{\"name\":\"Gregoire LE BIHAN\",\"@id\":\"https:\/\/www.bymycar.fr\/webzine\/#\/schema\/person\/8c56906440ec126868bd40232b3445f0\"},\"headline\":\"MINI ONE 3 PORTES EDITION HEDDON STREET\",\"datePublished\":\"2018-06-01T15:16:41+00:00\",\"dateModified\":\"2018-07-03T20:12:03+00:00\",\"mainEntityOfPage\":{\"@id\":\"https:\/\/www.bymycar.fr\/webzine\/mini-edition-heddon-street\/\"},\"wordCount\":7,\"publisher\":{\"@id\":\"https:\/\/www.bymycar.fr\/webzine\/#organization\"},\"image\":{\"@id\":\"https:\/\/www.bymycar.fr\/webzine\/mini-edition-heddon-street\/#primaryimage\"},\"thumbnailUrl\":\"https:\/\/cdn.bymycar.eu\/fr-webzine\/wp-content\/uploads\/medias\/2018\/06\/HEDDON-4.jpg\",\"articleSection\":[\"MINI\"],\"inLanguage\":\"fr-FR\"},{\"@type\":\"WebPage\",\"@id\":\"https:\/\/www.bymycar.fr\/webzine\/mini-edition-heddon-street\/\",\"url\":\"https:\/\/www.bymycar.fr\/webzine\/mini-edition-heddon-street\/\",\"name\":\"MINI ONE 3 PORTES EDITION HEDDON STREET\",\"isPartOf\":{\"@id\":\"https:\/\/www.bymycar.fr\/webzine\/#website\"},\"primaryImageOfPage\":{\"@id\":\"https:\/\/www.bymycar.fr\/webzine\/mini-edition-heddon-street\/#primaryimage\"},\"image\":{\"@id\":\"https:\/\/www.bymycar.fr\/webzine\/mini-edition-heddon-street\/#primaryimage\"},\"thumbnailUrl\":\"https:\/\/cdn.bymycar.eu\/fr-webzine\/wp-content\/uploads\/medias\/2018\/06\/HEDDON-4.jpg\",\"datePublished\":\"2018-06-01T15:16:41+00:00\",\"dateModified\":\"2018-07-03T20:12:03+00:00\",\"breadcrumb\":{\"@id\":\"https:\/\/www.bymycar.fr\/webzine\/mini-edition-heddon-street\/#breadcrumb\"},\"inLanguage\":\"fr-FR\",\"potentialAction\":[{\"@type\":\"ReadAction\",\"target\":[\"https:\/\/www.bymycar.fr\/webzine\/mini-edition-heddon-street\/\"]}]},{\"@type\":\"ImageObject\",\"inLanguage\":\"fr-FR\",\"@id\":\"https:\/\/www.bymycar.fr\/webzine\/mini-edition-heddon-street\/#primaryimage\",\"url\":\"https:\/\/cdn.bymycar.eu\/fr-webzine\/wp-content\/uploads\/medias\/2018\/06\/HEDDON-4.jpg\",\"contentUrl\":\"https:\/\/cdn.bymycar.eu\/fr-webzine\/wp-content\/uploads\/medias\/2018\/06\/HEDDON-4.jpg\",\"width\":620,\"height\":620,\"caption\":\"MINI \u00e9diton Heddon Street\"},{\"@type\":\"BreadcrumbList\",\"@id\":\"https:\/\/www.bymycar.fr\/webzine\/mini-edition-heddon-street\/#breadcrumb\",\"itemListElement\":[{\"@type\":\"ListItem\",\"position\":1,\"name\":\"Accueil\",\"item\":\"https:\/\/www.bymycar.fr\/webzine\/\"},{\"@type\":\"ListItem\",\"position\":2,\"name\":\"MINI ONE 3 PORTES EDITION HEDDON STREET\"}]},{\"@type\":\"WebSite\",\"@id\":\"https:\/\/www.bymycar.fr\/webzine\/#website\",\"url\":\"https:\/\/www.bymycar.fr\/webzine\/\",\"name\":\"Webzine auto BYmyCAR\",\"description\":\"La magazine auto de BYmyCAR\",\"publisher\":{\"@id\":\"https:\/\/www.bymycar.fr\/webzine\/#organization\"},\"potentialAction\":[{\"@type\":\"SearchAction\",\"target\":{\"@type\":\"EntryPoint\",\"urlTemplate\":\"https:\/\/www.bymycar.fr\/webzine\/?s={search_term_string}\"},\"query-input\":{\"@type\":\"PropertyValueSpecification\",\"valueRequired\":true,\"valueName\":\"search_term_string\"}}],\"inLanguage\":\"fr-FR\"},{\"@type\":\"Organization\",\"@id\":\"https:\/\/www.bymycar.fr\/webzine\/#organization\",\"name\":\"BYmyCAR\",\"url\":\"https:\/\/www.bymycar.fr\/webzine\/\",\"logo\":{\"@type\":\"ImageObject\",\"inLanguage\":\"fr-FR\",\"@id\":\"https:\/\/www.bymycar.fr\/webzine\/#\/schema\/logo\/image\/\",\"url\":\"https:\/\/cdn.bymycar.eu\/fr-webzine\/wp-content\/uploads\/medias\/2017\/08\/logo_DEALER_00000406_001.png\",\"contentUrl\":\"https:\/\/cdn.bymycar.eu\/fr-webzine\/wp-content\/uploads\/medias\/2017\/08\/logo_DEALER_00000406_001.png\",\"width\":2132,\"height\":720,\"caption\":\"BYmyCAR\"},\"image\":{\"@id\":\"https:\/\/www.bymycar.fr\/webzine\/#\/schema\/logo\/image\/\"}},{\"@type\":\"Person\",\"@id\":\"https:\/\/www.bymycar.fr\/webzine\/#\/schema\/person\/8c56906440ec126868bd40232b3445f0\",\"name\":\"Gregoire LE BIHAN\",\"image\":{\"@type\":\"ImageObject\",\"inLanguage\":\"fr-FR\",\"@id\":\"https:\/\/www.bymycar.fr\/webzine\/#\/schema\/person\/image\/\",\"url\":\"https:\/\/secure.gravatar.com\/avatar\/1356d71f3c6eed50de358ba425c9944b742a0d35f88e0d5f8afe88fdac525492?s=96&d=mm&r=g\",\"contentUrl\":\"https:\/\/secure.gravatar.com\/avatar\/1356d71f3c6eed50de358ba425c9944b742a0d35f88e0d5f8afe88fdac525492?s=96&d=mm&r=g\",\"caption\":\"Gregoire LE BIHAN\"}}]}<\/script>\n<!-- \/ Yoast SEO Premium plugin. -->","yoast_head_json":{"title":"MINI ONE 3 PORTES EDITION HEDDON STREET","robots":{"index":"index","follow":"follow","max-snippet":"max-snippet:-1","max-image-preview":"max-image-preview:large","max-video-preview":"max-video-preview:-1"},"canonical":"https:\/\/www.bymycar.fr\/webzine\/mini-edition-heddon-street\/","og_locale":"fr_FR","og_type":"article","og_title":"MINI ONE 3 PORTES EDITION HEDDON STREET","og_description":"&nbsp;","og_url":"https:\/\/www.bymycar.fr\/webzine\/mini-edition-heddon-street\/","og_site_name":"Webzine auto BYmyCAR","article_published_time":"2018-06-01T15:16:41+00:00","article_modified_time":"2018-07-03T20:12:03+00:00","og_image":[{"width":620,"height":620,"url":"https:\/\/cdn.bymycar.eu\/fr-webzine\/wp-content\/uploads\/medias\/2018\/06\/HEDDON-4.jpg","type":"image\/jpeg"}],"author":"Gregoire LE BIHAN","twitter_card":"summary_large_image","twitter_misc":{"\u00c9crit par":"Gregoire LE BIHAN"},"schema":{"@context":"https:\/\/schema.org","@graph":[{"@type":"Article","@id":"https:\/\/www.bymycar.fr\/webzine\/mini-edition-heddon-street\/#article","isPartOf":{"@id":"https:\/\/www.bymycar.fr\/webzine\/mini-edition-heddon-street\/"},"author":{"name":"Gregoire LE BIHAN","@id":"https:\/\/www.bymycar.fr\/webzine\/#\/schema\/person\/8c56906440ec126868bd40232b3445f0"},"headline":"MINI ONE 3 PORTES EDITION HEDDON STREET","datePublished":"2018-06-01T15:16:41+00:00","dateModified":"2018-07-03T20:12:03+00:00","mainEntityOfPage":{"@id":"https:\/\/www.bymycar.fr\/webzine\/mini-edition-heddon-street\/"},"wordCount":7,"publisher":{"@id":"https:\/\/www.bymycar.fr\/webzine\/#organization"},"image":{"@id":"https:\/\/www.bymycar.fr\/webzine\/mini-edition-heddon-street\/#primaryimage"},"thumbnailUrl":"https:\/\/cdn.bymycar.eu\/fr-webzine\/wp-content\/uploads\/medias\/2018\/06\/HEDDON-4.jpg","articleSection":["MINI"],"inLanguage":"fr-FR"},{"@type":"WebPage","@id":"https:\/\/www.bymycar.fr\/webzine\/mini-edition-heddon-street\/","url":"https:\/\/www.bymycar.fr\/webzine\/mini-edition-heddon-street\/","name":"MINI ONE 3 PORTES EDITION HEDDON STREET","isPartOf":{"@id":"https:\/\/www.bymycar.fr\/webzine\/#website"},"primaryImageOfPage":{"@id":"https:\/\/www.bymycar.fr\/webzine\/mini-edition-heddon-street\/#primaryimage"},"image":{"@id":"https:\/\/www.bymycar.fr\/webzine\/mini-edition-heddon-street\/#primaryimage"},"thumbnailUrl":"https:\/\/cdn.bymycar.eu\/fr-webzine\/wp-content\/uploads\/medias\/2018\/06\/HEDDON-4.jpg","datePublished":"2018-06-01T15:16:41+00:00","dateModified":"2018-07-03T20:12:03+00:00","breadcrumb":{"@id":"https:\/\/www.bymycar.fr\/webzine\/mini-edition-heddon-street\/#breadcrumb"},"inLanguage":"fr-FR","potentialAction":[{"@type":"ReadAction","target":["https:\/\/www.bymycar.fr\/webzine\/mini-edition-heddon-street\/"]}]},{"@type":"ImageObject","inLanguage":"fr-FR","@id":"https:\/\/www.bymycar.fr\/webzine\/mini-edition-heddon-street\/#primaryimage","url":"https:\/\/cdn.bymycar.eu\/fr-webzine\/wp-content\/uploads\/medias\/2018\/06\/HEDDON-4.jpg","contentUrl":"https:\/\/cdn.bymycar.eu\/fr-webzine\/wp-content\/uploads\/medias\/2018\/06\/HEDDON-4.jpg","width":620,"height":620,"caption":"MINI \u00e9diton Heddon Street"},{"@type":"BreadcrumbList","@id":"https:\/\/www.bymycar.fr\/webzine\/mini-edition-heddon-street\/#breadcrumb","itemListElement":[{"@type":"ListItem","position":1,"name":"Accueil","item":"https:\/\/www.bymycar.fr\/webzine\/"},{"@type":"ListItem","position":2,"name":"MINI ONE 3 PORTES EDITION HEDDON STREET"}]},{"@type":"WebSite","@id":"https:\/\/www.bymycar.fr\/webzine\/#website","url":"https:\/\/www.bymycar.fr\/webzine\/","name":"Webzine auto BYmyCAR","description":"La magazine auto de BYmyCAR","publisher":{"@id":"https:\/\/www.bymycar.fr\/webzine\/#organization"},"potentialAction":[{"@type":"SearchAction","target":{"@type":"EntryPoint","urlTemplate":"https:\/\/www.bymycar.fr\/webzine\/?s={search_term_string}"},"query-input":{"@type":"PropertyValueSpecification","valueRequired":true,"valueName":"search_term_string"}}],"inLanguage":"fr-FR"},{"@type":"Organization","@id":"https:\/\/www.bymycar.fr\/webzine\/#organization","name":"BYmyCAR","url":"https:\/\/www.bymycar.fr\/webzine\/","logo":{"@type":"ImageObject","inLanguage":"fr-FR","@id":"https:\/\/www.bymycar.fr\/webzine\/#\/schema\/logo\/image\/","url":"https:\/\/cdn.bymycar.eu\/fr-webzine\/wp-content\/uploads\/medias\/2017\/08\/logo_DEALER_00000406_001.png","contentUrl":"https:\/\/cdn.bymycar.eu\/fr-webzine\/wp-content\/uploads\/medias\/2017\/08\/logo_DEALER_00000406_001.png","width":2132,"height":720,"caption":"BYmyCAR"},"image":{"@id":"https:\/\/www.bymycar.fr\/webzine\/#\/schema\/logo\/image\/"}},{"@type":"Person","@id":"https:\/\/www.bymycar.fr\/webzine\/#\/schema\/person\/8c56906440ec126868bd40232b3445f0","name":"Gregoire LE BIHAN","image":{"@type":"ImageObject","inLanguage":"fr-FR","@id":"https:\/\/www.bymycar.fr\/webzine\/#\/schema\/person\/image\/","url":"https:\/\/secure.gravatar.com\/avatar\/1356d71f3c6eed50de358ba425c9944b742a0d35f88e0d5f8afe88fdac525492?s=96&d=mm&r=g","contentUrl":"https:\/\/secure.gravatar.com\/avatar\/1356d71f3c6eed50de358ba425c9944b742a0d35f88e0d5f8afe88fdac525492?s=96&d=mm&r=g","caption":"Gregoire LE BIHAN"}}]}},"_links":{"self":[{"href":"https:\/\/www.bymycar.fr\/webzine\/wp-json\/wp\/v2\/posts\/4317","targetHints":{"allow":["GET"]}}],"collection":[{"href":"https:\/\/www.bymycar.fr\/webzine\/wp-json\/wp\/v2\/posts"}],"about":[{"href":"https:\/\/www.bymycar.fr\/webzine\/wp-json\/wp\/v2\/types\/post"}],"author":[{"embeddable":true,"href":"https:\/\/www.bymycar.fr\/webzine\/wp-json\/wp\/v2\/users\/9"}],"replies":[{"embeddable":true,"href":"https:\/\/www.bymycar.fr\/webzine\/wp-json\/wp\/v2\/comments?post=4317"}],"version-history":[{"count":5,"href":"https:\/\/www.bymycar.fr\/webzine\/wp-json\/wp\/v2\/posts\/4317\/revisions"}],"predecessor-version":[{"id":4340,"href":"https:\/\/www.bymycar.fr\/webzine\/wp-json\/wp\/v2\/posts\/4317\/revisions\/4340"}],"wp:featuredmedia":[{"embeddable":true,"href":"https:\/\/www.bymycar.fr\/webzine\/wp-json\/wp\/v2\/media\/4319"}],"wp:attachment":[{"href":"https:\/\/www.bymycar.fr\/webzine\/wp-json\/wp\/v2\/media?parent=4317"}],"wp:term":[{"taxonomy":"category","embeddable":true,"href":"https:\/\/www.bymycar.fr\/webzine\/wp-json\/wp\/v2\/categories?post=4317"},{"taxonomy":"post_tag","embeddable":true,"href":"https:\/\/www.bymycar.fr\/webzine\/wp-json\/wp\/v2\/tags?post=4317"}],"curies":[{"name":"wp","href":"https:\/\/api.w.org\/{rel}","templated":true}]}}