{"id":42859,"date":"2024-06-19T15:13:24","date_gmt":"2024-06-19T13:13:24","guid":{"rendered":"https:\/\/prod.bymycar.fr\/webzine\/?p=42859"},"modified":"2024-07-03T12:05:40","modified_gmt":"2024-07-03T10:05:40","slug":"nouveau-ford-bronco-chez-ford-bymycar-nice-cannes","status":"publish","type":"post","link":"https:\/\/www.bymycar.fr\/webzine\/nouveau-ford-bronco-chez-ford-bymycar-nice-cannes\/","title":{"rendered":"Nouveau Ford Bronco chez Ford BYmyCAR Nice et Cannes"},"content":{"rendered":"","protected":false},"excerpt":{"rendered":"","protected":false},"author":26,"featured_media":49316,"comment_status":"closed","ping_status":"open","sticky":false,"template":"","format":"standard","meta":{"_acf_changed":false,"footnotes":""},"categories":[9014],"tags":[],"class_list":["post-42859","post","type-post","status-publish","format-standard","has-post-thumbnail","hentry","category-actualites-concessions-bymycar"],"acf":{"template":"classique","introduction":"<p>Le Nouveau Ford Bronco : Une Ic\u00f4ne Tout-Terrain Am\u00e9ricaine D\u00e9barque en Europe.<\/p>\n<p>Et plus pr\u00e9cisement dans vos \u00e9tablissements Ford BYmyCAR Nice &amp; Cannes !<\/p>\n<p>Le Ford Bronco, une ic\u00f4ne tout-terrain am\u00e9ricaine, fait enfin son entr\u00e9e en Europe !<\/p>\n<p>Apr\u00e8s avoir conquis le c\u0153ur des amateurs d&rsquo;aventure aux \u00c9tats-Unis depuis 1966, cette l\u00e9gende tout-terrain s&rsquo;appr\u00eate \u00e0 faire vibrer les routes europ\u00e9ennes avec ses g\u00e9n\u00e9rations embl\u00e9matiques.<\/p>\n<p>&nbsp;<\/p>\n","strates":[{"type_strate":"50-50-image-texte-full","ancre":"","contenu":"","titre":"","image":false,"image_libre":false,"image_800x500":{"ID":42860,"id":42860,"title":"06_U725_Bronco_Ext_Rear_3_4_HPRed_Static_Fr_1","filename":"06_U725_Bronco_Ext_Rear_3_4_HPRed_Static_Fr_1.jpg","filesize":833841,"url":"https:\/\/cdn.bymycar.eu\/fr-webzine\/wp-content\/uploads\/medias\/06_U725_Bronco_Ext_Rear_3_4_HPRed_Static_Fr_1.jpg","link":"https:\/\/www.bymycar.fr\/webzine\/nouveau-ford-bronco-chez-ford-bymycar-nice-cannes\/06_u725_bronco_ext_rear_3_4_hpred_static_fr_1\/","alt":"","author":"26","description":"","caption":"","name":"06_u725_bronco_ext_rear_3_4_hpred_static_fr_1","status":"inherit","uploaded_to":42859,"date":"2023-10-05 08:13:43","modified":"2023-10-05 08:13:43","menu_order":0,"mime_type":"image\/jpeg","type":"image","subtype":"jpeg","icon":"https:\/\/www.bymycar.fr\/webzine\/wp-includes\/images\/media\/default.png","width":2560,"height":1707,"sizes":{"thumbnail":"https:\/\/cdn.bymycar.eu\/fr-webzine\/wp-content\/uploads\/medias\/06_U725_Bronco_Ext_Rear_3_4_HPRed_Static_Fr_1-150x150.jpg","thumbnail-width":150,"thumbnail-height":150,"medium":"https:\/\/cdn.bymycar.eu\/fr-webzine\/wp-content\/uploads\/medias\/06_U725_Bronco_Ext_Rear_3_4_HPRed_Static_Fr_1-300x200.jpg","medium-width":300,"medium-height":200,"medium_large":"https:\/\/cdn.bymycar.eu\/fr-webzine\/wp-content\/uploads\/medias\/06_U725_Bronco_Ext_Rear_3_4_HPRed_Static_Fr_1-768x512.jpg","medium_large-width":768,"medium_large-height":512,"large":"https:\/\/cdn.bymycar.eu\/fr-webzine\/wp-content\/uploads\/medias\/06_U725_Bronco_Ext_Rear_3_4_HPRed_Static_Fr_1-1024x683.jpg","large-width":1024,"large-height":683,"1536x1536":"https:\/\/cdn.bymycar.eu\/fr-webzine\/wp-content\/uploads\/medias\/06_U725_Bronco_Ext_Rear_3_4_HPRed_Static_Fr_1-1536x1024.jpg","1536x1536-width":1536,"1536x1536-height":1024,"2048x2048":"https:\/\/cdn.bymycar.eu\/fr-webzine\/wp-content\/uploads\/medias\/06_U725_Bronco_Ext_Rear_3_4_HPRed_Static_Fr_1-2048x1366.jpg","2048x2048-width":2048,"2048x2048-height":1366}},"legende":"","zoom":false,"texte":"<p>Riche d&rsquo;une histoire riche en exploits tout-terrain, le Ford Bronco d\u00e9barque chez votre distributeur Ford local, pr\u00eat \u00e0 red\u00e9finir vos aventures hors des sentiers battus. D\u00e9couvrez les premi\u00e8res unit\u00e9s disponibles en stock, disponibles en deux finitions de premier choix : la \u00ab\u00a0First Edition Outer Banks\u00a0\u00bb et la \u00ab\u00a0First Edition Badlands.\u00a0\u00bb<\/p>\n<p><strong>First Edition Outer Banks<\/strong> &#8211; Con\u00e7u pour les explorateurs intr\u00e9pides<\/p>\n<p>Le Ford Bronco First Edition Outer Banks est le choix parfait pour ceux qui cherchent \u00e0 se d\u00e9marquer sur les routes difficiles. Dot\u00e9 d&rsquo;une puissance in\u00e9gal\u00e9e et de capacit\u00e9s tout-terrain de premier ordre, ce mod\u00e8le est pr\u00eat \u00e0 affronter n&rsquo;importe quel d\u00e9fi. Avec son design ext\u00e9rieur robuste et ses caract\u00e9ristiques haut de gamme, l&rsquo;Outer Banks est synonyme de style et de performance.<\/p>\n<p><strong>First Edition Badlands<\/strong> &#8211; L&rsquo;aventure sans compromis<\/p>\n<p>Le Ford Bronco First Edition Badlands incarne l&rsquo;aventure sans compromis. Con\u00e7u pour les vrais amateurs d&rsquo;off-road, il est \u00e9quip\u00e9 de caract\u00e9ristiques de pointe, telles que des suspensions avanc\u00e9es, une transmission tout-terrain et une multitude de technologies pour vous offrir une exp\u00e9rience de conduite hors route exceptionnelle. Si vous recherchez l&rsquo;excitation pure et dure, le Badlands est fait pour vous.<\/p>\n<p>Ne manquez pas cette opportunit\u00e9 de d\u00e9couvrir le l\u00e9gendaire Ford Bronco, un v\u00e9hicule tout-terrain qui incarne l&rsquo;esprit de l&rsquo;exploration et de la libert\u00e9. Visitez votre distributeur Ford local d\u00e8s aujourd&rsquo;hui pour en savoir plus sur ces mod\u00e8les First Edition Outer Banks et First Edition Badlands, et pr\u00e9parez-vous \u00e0 vivre des aventures tout-terrain inoubliables sur le sol europ\u00e9en avec l&rsquo;ic\u00f4ne am\u00e9ricaine tout-terrain, le Ford Bronco.<\/p>\n","articles":false,"categorie_droite":false,"images":false,"elements_comparatif":false,"texte_1":"","texte_2":"","image_1":false,"image_1_563x400":false,"image_1_332x332":false,"image_2":false,"image_2_333x240":false,"image_2_563x400":false,"image_3":false,"image_3_333x240":false,"image_3_332x450":false,"image_4":false,"image_4_332x332":false,"image_4_563x400":false,"code_embed":"","legende_video":"","photo":false,"photo_100x100":false,"nom":"","fonction":"","elements_timeline":false,"entetes_colonnes":false,"entetes_lignes":false,"lignes":false,"introduction":"","formulaire":false,"question":"","reponse":"","libelle_bouton_lien":"","url_lien":"","questions":false,"conclusions":false,"pays":false,"region":false,"marque":false,"marqueConcessions":false,"modele":false,"ptvente":false,"typeV":false,"collection":false,"nombre_maximum_elements":10,"lien_fin_carousel":"","texte_lien_fin_carousel":"","trier_par":false},{"type_strate":"50-50-image-texte-full","ancre":"","contenu":"","titre":"","image":false,"image_libre":false,"image_800x500":{"ID":42861,"id":42861,"title":"13_U725_Ext_Front_34_CGrey_Static_Fr_2","filename":"13_U725_Ext_Front_34_CGrey_Static_Fr_2.jpg","filesize":484464,"url":"https:\/\/cdn.bymycar.eu\/fr-webzine\/wp-content\/uploads\/medias\/13_U725_Ext_Front_34_CGrey_Static_Fr_2.jpg","link":"https:\/\/www.bymycar.fr\/webzine\/nouveau-ford-bronco-chez-ford-bymycar-nice-cannes\/13_u725_ext_front_34_cgrey_static_fr_2\/","alt":"","author":"26","description":"","caption":"","name":"13_u725_ext_front_34_cgrey_static_fr_2","status":"inherit","uploaded_to":42859,"date":"2023-10-05 08:14:00","modified":"2023-10-05 08:14:00","menu_order":0,"mime_type":"image\/jpeg","type":"image","subtype":"jpeg","icon":"https:\/\/www.bymycar.fr\/webzine\/wp-includes\/images\/media\/default.png","width":2560,"height":1707,"sizes":{"thumbnail":"https:\/\/cdn.bymycar.eu\/fr-webzine\/wp-content\/uploads\/medias\/13_U725_Ext_Front_34_CGrey_Static_Fr_2-150x150.jpg","thumbnail-width":150,"thumbnail-height":150,"medium":"https:\/\/cdn.bymycar.eu\/fr-webzine\/wp-content\/uploads\/medias\/13_U725_Ext_Front_34_CGrey_Static_Fr_2-300x200.jpg","medium-width":300,"medium-height":200,"medium_large":"https:\/\/cdn.bymycar.eu\/fr-webzine\/wp-content\/uploads\/medias\/13_U725_Ext_Front_34_CGrey_Static_Fr_2-768x512.jpg","medium_large-width":768,"medium_large-height":512,"large":"https:\/\/cdn.bymycar.eu\/fr-webzine\/wp-content\/uploads\/medias\/13_U725_Ext_Front_34_CGrey_Static_Fr_2-1024x683.jpg","large-width":1024,"large-height":683,"1536x1536":"https:\/\/cdn.bymycar.eu\/fr-webzine\/wp-content\/uploads\/medias\/13_U725_Ext_Front_34_CGrey_Static_Fr_2-1536x1024.jpg","1536x1536-width":1536,"1536x1536-height":1024,"2048x2048":"https:\/\/cdn.bymycar.eu\/fr-webzine\/wp-content\/uploads\/medias\/13_U725_Ext_Front_34_CGrey_Static_Fr_2-2048x1365.jpg","2048x2048-width":2048,"2048x2048-height":1365}},"legende":"","zoom":false,"texte":"<div class=\"flex-1 overflow-hidden\">\n<div class=\"react-scroll-to-bottom--css-iyowt-79elbk h-full dark:bg-gray-800\">\n<div class=\"react-scroll-to-bottom--css-iyowt-1n7m0yu\">\n<div class=\"flex flex-col text-sm dark:bg-gray-800\">\n<div class=\"group w-full text-token-text-primary border-b border-black\/10 gizmo:border-0 dark:border-gray-900\/50 gizmo:dark:border-0 bg-gray-50 gizmo:bg-transparent dark:bg-[#444654] gizmo:dark:bg-transparent\" data-testid=\"conversation-turn-5\">\n<div class=\"p-4 justify-center text-base md:gap-6 md:py-6 m-auto\">\n<div class=\"flex flex-1 gap-4 text-base mx-auto md:gap-6 gizmo:gap-3 gizmo:md:px-5 gizmo:lg:px-1 gizmo:xl:px-5 md:max-w-2xl lg:max-w-[38rem] gizmo:md:max-w-3xl gizmo:lg:max-w-[40rem] gizmo:xl:max-w-[48rem] xl:max-w-3xl }\">\n<div class=\"relative flex w-[calc(100%-50px)] flex-col gap-1 gizmo:w-full md:gap-3 lg:w-[calc(100%-115px)] agent-turn\">\n<div class=\"flex flex-grow flex-col gap-3 max-w-full\">\n<div class=\"min-h-[20px] flex flex-col items-start gap-3 whitespace-pre-wrap break-words overflow-x-auto\">\n<div class=\"markdown prose w-full break-words dark:prose-invert light\">\n<p>Le Ford Bronco est bien plus qu&rsquo;un simple v\u00e9hicule tout-terrain. Avec une garde au sol impressionnante allant jusqu&rsquo;\u00e0 261 millim\u00e8tres, il vous permettra de vous aventurer l\u00e0 o\u00f9 peu de v\u00e9hicules osent aller. Que vous traversiez des terrains accident\u00e9s, des sentiers boueux ou des routes escarp\u00e9es, le Bronco vous offre la hauteur n\u00e9cessaire pour surmonter les obstacles avec facilit\u00e9.<\/p>\n<p>Lorsque nous parlons de capacit\u00e9s tout-terrain, le Ford Bronco brille \u00e9galement lorsqu&rsquo;il s&rsquo;agit de franchir des cours d&rsquo;eau. Avec un passage \u00e0 gu\u00e9 pouvant atteindre 800 millim\u00e8tres, il n&rsquo;y a pratiquement pas de limite \u00e0 l&rsquo;endroit o\u00f9 vous pouvez explorer. Vous pourrez traverser des rivi\u00e8res, des ruisseaux et des flaques d&rsquo;eau en toute confiance, en sachant que votre Bronco est con\u00e7u pour r\u00e9sister aux \u00e9l\u00e9ments.<\/p>\n<p>Avec sa garde au sol g\u00e9n\u00e9reuse et sa capacit\u00e9 de passage \u00e0 gu\u00e9 exceptionnelle, le Ford Bronco est le choix id\u00e9al pour ceux qui recherchent des aventures tout-terrain v\u00e9ritablement \u00e9piques. Peu importe les d\u00e9fis qui se dressent sur votre chemin, le Bronco est pr\u00eat \u00e0 les relever avec brio, vous permettant de vivre des exp\u00e9riences tout-terrain inoubliables. Alors, pr\u00e9parez-vous \u00e0 repousser les limites de l&rsquo;exploration avec le Ford Bronco et \u00e0 d\u00e9couvrir des territoires encore inexplor\u00e9s.<\/p>\n<\/div>\n<\/div>\n<\/div>\n<\/div>\n<\/div>\n<\/div>\n<\/div>\n<div class=\"group w-full text-token-text-primary border-b border-black\/10 gizmo:border-0 dark:border-gray-900\/50 gizmo:dark:border-0 bg-gray-50 gizmo:bg-transparent dark:bg-[#444654] gizmo:dark:bg-transparent\" data-testid=\"conversation-turn-7\">\n<div class=\"p-4 justify-center text-base md:gap-6 md:py-6 m-auto\">\n<div class=\"flex flex-1 gap-4 text-base mx-auto md:gap-6 gizmo:gap-3 gizmo:md:px-5 gizmo:lg:px-1 gizmo:xl:px-5 md:max-w-2xl lg:max-w-[38rem] gizmo:md:max-w-3xl gizmo:lg:max-w-[40rem] gizmo:xl:max-w-[48rem] xl:max-w-3xl }\">\n<div class=\"relative flex w-[calc(100%-50px)] flex-col gap-1 gizmo:w-full md:gap-3 lg:w-[calc(100%-115px)] agent-turn\">\n<div class=\"flex justify-between empty:hidden lg:block\">\n<div class=\"text-gray-400 flex self-end lg:self-center justify-center gizmo:lg:justify-start mt-2 gizmo:mt-0 visible lg:gap-1 lg:absolute lg:top-0 lg:translate-x-full lg:right-0 lg:mt-0 lg:pl-2 gap-2 md:gap-3\"><\/div>\n<\/div>\n<\/div>\n<\/div>\n<\/div>\n<\/div>\n<\/div>\n<\/div>\n<\/div>\n<\/div>\n","articles":false,"categorie_droite":false,"images":false,"elements_comparatif":false,"texte_1":"","texte_2":"","image_1":false,"image_1_563x400":false,"image_1_332x332":false,"image_2":false,"image_2_333x240":false,"image_2_563x400":false,"image_3":false,"image_3_333x240":false,"image_3_332x450":false,"image_4":false,"image_4_332x332":false,"image_4_563x400":false,"code_embed":"","legende_video":"","photo":false,"photo_100x100":false,"nom":"","fonction":"","elements_timeline":false,"entetes_colonnes":false,"entetes_lignes":false,"lignes":false,"introduction":"","formulaire":false,"question":"","reponse":"","libelle_bouton_lien":"","url_lien":"","questions":false,"conclusions":false,"pays":false,"region":false,"marque":false,"marqueConcessions":false,"modele":false,"ptvente":false,"typeV":false,"collection":false,"nombre_maximum_elements":10,"lien_fin_carousel":"","texte_lien_fin_carousel":"","trier_par":false},{"type_strate":"texte-simple","ancre":"","contenu":"<p>Le Ford Bronco est bien plus qu&rsquo;un simple v\u00e9hicule tout-terrain ; il est le symbole vivant de l&rsquo;aventure am\u00e9ricaine. Que ce soit pour des escapades en pleine nature, des excursions en montagne ou des voyages \u00e0 travers des paysages d\u00e9sertiques, le Bronco vous emm\u00e8nera l\u00e0 o\u00f9 votre esprit d&rsquo;aventurier vous conduira. Avec sa garde au sol g\u00e9n\u00e9reuse et sa capacit\u00e9 de passage \u00e0 gu\u00e9 exceptionnelle, le Ford Bronco est le choix absolu pour ceux qui recherchent des aventures tout-terrain authentiques, dans la plus pure tradition de l&rsquo;ic\u00f4ne am\u00e9ricaine. Alors, pr\u00e9parez-vous \u00e0 repousser les limites de l&rsquo;exploration avec le Ford Bronco et \u00e0 d\u00e9couvrir des territoires encore inexplor\u00e9s<\/p>\n<p>&nbsp;<\/p>\n<p>Venez le d\u00e9couvrir dans les \u00e9tablissements Ford BYmyCAR Nice &amp; Cannes. Pour plus d&rsquo;informations, contactez les \u00e9quipes en remplissant le formulaire.<\/p>\n\n<div class=\"wpcf7 no-js\" id=\"wpcf7-f49634-o1\" lang=\"fr-FR\" dir=\"ltr\" data-wpcf7-id=\"49634\">\n<div class=\"screen-reader-response\"><p role=\"status\" aria-live=\"polite\" aria-atomic=\"true\"><\/p> <ul><\/ul><\/div>\n<form action=\"\/webzine\/wp-json\/wp\/v2\/posts\/42859#wpcf7-f49634-o1\" method=\"post\" class=\"wpcf7-form init\" aria-label=\"Formulaire de contact\" novalidate=\"novalidate\" data-status=\"init\">\n<fieldset class=\"hidden-fields-container\"><input type=\"hidden\" name=\"_wpcf7\" value=\"49634\" \/><input type=\"hidden\" name=\"_wpcf7_version\" value=\"6.1.3\" \/><input type=\"hidden\" name=\"_wpcf7_locale\" value=\"fr_FR\" \/><input type=\"hidden\" name=\"_wpcf7_unit_tag\" value=\"wpcf7-f49634-o1\" \/><input type=\"hidden\" name=\"_wpcf7_container_post\" value=\"0\" \/><input type=\"hidden\" name=\"_wpcf7_posted_data_hash\" value=\"\" \/><input type=\"hidden\" name=\"_wpcf7_recaptcha_response\" value=\"\" \/>\n<\/fieldset>\n<div class=\"flex flex-row flex-wrap -mx-4\"><div class=\"w-1\/2 flex flex-col gap-4 align-top px-4\">\n\n<label> Nom* <\/label>\n<span class=\"wpcf7-form-control-wrap\" data-name=\"Nom\"><input size=\"40\" maxlength=\"400\" class=\"wpcf7-form-control wpcf7-text wpcf7-validates-as-required\" aria-required=\"true\" aria-invalid=\"false\" value=\"\" type=\"text\" name=\"Nom\" \/><\/span>\n\n<label> Pr\u00e9nom* <\/label>\n<span class=\"wpcf7-form-control-wrap\" data-name=\"prenom\"><input size=\"40\" maxlength=\"400\" class=\"wpcf7-form-control wpcf7-text wpcf7-validates-as-required\" aria-required=\"true\" aria-invalid=\"false\" value=\"\" type=\"text\" name=\"prenom\" \/><\/span>\n\n<label> Email* <\/label>\n<span class=\"wpcf7-form-control-wrap\" data-name=\"email\"><input size=\"40\" maxlength=\"400\" class=\"wpcf7-form-control wpcf7-email wpcf7-validates-as-required wpcf7-text wpcf7-validates-as-email\" aria-required=\"true\" aria-invalid=\"false\" value=\"\" type=\"email\" name=\"email\" \/><\/span>\n\n<label> T\u00e9l\u00e9phone* <\/label>\n<span class=\"wpcf7-form-control-wrap\" data-name=\"telephone\"><input size=\"40\" maxlength=\"400\" class=\"wpcf7-form-control wpcf7-tel wpcf7-validates-as-required wpcf7-text wpcf7-validates-as-tel\" aria-required=\"true\" aria-invalid=\"false\" value=\"\" type=\"tel\" name=\"telephone\" \/><\/span>\n\n<\/div>\n\n<div class=\"w-1\/2 flex flex-col gap-4 align-top px-4\">\n\n<label> Choix de l'offre* <\/label>\n<span class=\"wpcf7-form-control-wrap\" data-name=\"offre\"><select class=\"wpcf7-form-control wpcf7-select wpcf7-validates-as-required\" aria-required=\"true\" aria-invalid=\"false\" name=\"offre\"><option value=\"Bronco\">Bronco<\/option><option value=\"Autre mod\u00e8le Ford\">Autre mod\u00e8le Ford<\/option><\/select><\/span>\n\n<label> Choix de la concession* <\/label>\n<span class=\"wpcf7-form-control-wrap\" data-name=\"concession\"><select class=\"wpcf7-form-control wpcf7-select wpcf7-validates-as-required\" aria-required=\"true\" aria-invalid=\"false\" name=\"concession\"><option value=\"FORD BYmyCAR Cannes\">FORD BYmyCAR Cannes<\/option><option value=\"FORD BYmyCAR Nice\">FORD BYmyCAR Nice<\/option><\/select><\/span> \n\n<label> Votre message <\/label>\n<span class=\"wpcf7-form-control-wrap\" data-name=\"Commentaireclient\"><textarea cols=\"40\" rows=\"5\" maxlength=\"2000\" class=\"wpcf7-form-control wpcf7-textarea\" aria-invalid=\"false\" name=\"Commentaireclient\"><\/textarea><\/span>\n\n<\/div>\n\n<span class=\"wpcf7-form-control-wrap\" data-name=\"optinemail\"><span class=\"wpcf7-form-control wpcf7-checkbox\"><span class=\"wpcf7-list-item first last\"><input type=\"checkbox\" name=\"optinemail[]\" value=\"J&#039;accepte de recevoir la lettre d&#039;information li\u00e9e au Groupe BYmyCAR\" \/><span class=\"wpcf7-list-item-label\">J&#039;accepte de recevoir la lettre d&#039;information li\u00e9e au Groupe BYmyCAR<\/span><\/span><\/span><\/span>\n\n<span class=\"wpcf7-form-control-wrap\" data-name=\"optinsms\"><span class=\"wpcf7-form-control wpcf7-checkbox\"><span class=\"wpcf7-list-item first last\"><input type=\"checkbox\" name=\"optinsms[]\" value=\"J&#039;accepte de recevoir des informations li\u00e9es au Groupe BYmyCAR par sms\" \/><span class=\"wpcf7-list-item-label\">J&#039;accepte de recevoir des informations li\u00e9es au Groupe BYmyCAR par sms<\/span><\/span><\/span><\/span>\n\n<span class=\"wpcf7-form-control-wrap\" data-name=\"optinappel\"><span class=\"wpcf7-form-control wpcf7-checkbox\"><span class=\"wpcf7-list-item first last\"><input type=\"checkbox\" name=\"optinappel[]\" value=\"J&#039;accepte de recevoir des informations li\u00e9es au Groupe BYmyCAR par appel\" \/><span class=\"wpcf7-list-item-label\">J&#039;accepte de recevoir des informations li\u00e9es au Groupe BYmyCAR par appel<\/span><\/span><\/span><\/span>\n\n<div class=\"w-full flex flex-col items-center gap-y-2 text-center mt-4\"><input class=\"wpcf7-form-control wpcf7-submit has-spinner\" type=\"submit\" value=\"Envoyer\" \/><\/div><\/div><div class=\"wpcf7-response-output\" aria-hidden=\"true\"><\/div>\n<\/form>\n<\/div>\n\n","titre":"BRONCO","image":false,"image_libre":false,"image_800x500":false,"legende":"","zoom":false,"texte":"","articles":false,"categorie_droite":false,"images":false,"elements_comparatif":false,"texte_1":"","texte_2":"","image_1":false,"image_1_563x400":false,"image_1_332x332":false,"image_2":false,"image_2_333x240":false,"image_2_563x400":false,"image_3":false,"image_3_333x240":false,"image_3_332x450":false,"image_4":false,"image_4_332x332":false,"image_4_563x400":false,"code_embed":"","legende_video":"","photo":false,"photo_100x100":false,"nom":"","fonction":"","elements_timeline":false,"entetes_colonnes":false,"entetes_lignes":false,"lignes":false,"introduction":"","formulaire":false,"question":"","reponse":"","libelle_bouton_lien":"","url_lien":"","questions":false,"conclusions":false,"pays":false,"region":false,"marque":false,"marqueConcessions":false,"modele":false,"ptvente":false,"typeV":false,"collection":false,"nombre_maximum_elements":10,"lien_fin_carousel":"","texte_lien_fin_carousel":"","trier_par":false}],"is_old_post":false,"image":{"ID":49316,"id":49316,"title":"Facts-about-Ford-Bronco-cover-250920231212","filename":"Facts-about-Ford-Bronco-cover-250920231212.jpg","filesize":252068,"url":"https:\/\/cdn.bymycar.eu\/fr-webzine\/wp-content\/uploads\/medias\/Facts-about-Ford-Bronco-cover-250920231212.jpg","link":"https:\/\/www.bymycar.fr\/webzine\/nouveau-ford-bronco-chez-ford-bymycar-nice-cannes\/facts-about-ford-bronco-cover-250920231212\/","alt":"","author":"26","description":"","caption":"","name":"facts-about-ford-bronco-cover-250920231212","status":"inherit","uploaded_to":42859,"date":"2024-06-19 13:16:12","modified":"2024-06-19 13:16:12","menu_order":0,"mime_type":"image\/jpeg","type":"image","subtype":"jpeg","icon":"https:\/\/www.bymycar.fr\/webzine\/wp-includes\/images\/media\/default.png","width":1440,"height":625,"sizes":{"thumbnail":"https:\/\/cdn.bymycar.eu\/fr-webzine\/wp-content\/uploads\/medias\/Facts-about-Ford-Bronco-cover-250920231212-150x150.jpg","thumbnail-width":150,"thumbnail-height":150,"medium":"https:\/\/cdn.bymycar.eu\/fr-webzine\/wp-content\/uploads\/medias\/Facts-about-Ford-Bronco-cover-250920231212-300x130.jpg","medium-width":300,"medium-height":130,"medium_large":"https:\/\/cdn.bymycar.eu\/fr-webzine\/wp-content\/uploads\/medias\/Facts-about-Ford-Bronco-cover-250920231212-768x333.jpg","medium_large-width":768,"medium_large-height":333,"large":"https:\/\/cdn.bymycar.eu\/fr-webzine\/wp-content\/uploads\/medias\/Facts-about-Ford-Bronco-cover-250920231212-1024x444.jpg","large-width":1024,"large-height":444,"1536x1536":"https:\/\/cdn.bymycar.eu\/fr-webzine\/wp-content\/uploads\/medias\/Facts-about-Ford-Bronco-cover-250920231212.jpg","1536x1536-width":1440,"1536x1536-height":625,"2048x2048":"https:\/\/cdn.bymycar.eu\/fr-webzine\/wp-content\/uploads\/medias\/Facts-about-Ford-Bronco-cover-250920231212.jpg","2048x2048-width":1440,"2048x2048-height":625}},"page_content":{"block_content":[{"acf_fc_layout":"text-image","--nav":{"-withNav":false,"-ancre":""},"--group":{"-image":{"ID":42860,"id":42860,"title":"06_U725_Bronco_Ext_Rear_3_4_HPRed_Static_Fr_1","filename":"06_U725_Bronco_Ext_Rear_3_4_HPRed_Static_Fr_1.jpg","filesize":833841,"url":"https:\/\/cdn.bymycar.eu\/fr-webzine\/wp-content\/uploads\/medias\/06_U725_Bronco_Ext_Rear_3_4_HPRed_Static_Fr_1.jpg","link":"https:\/\/www.bymycar.fr\/webzine\/nouveau-ford-bronco-chez-ford-bymycar-nice-cannes\/06_u725_bronco_ext_rear_3_4_hpred_static_fr_1\/","alt":"","author":"26","description":"","caption":"","name":"06_u725_bronco_ext_rear_3_4_hpred_static_fr_1","status":"inherit","uploaded_to":42859,"date":"2023-10-05 08:13:43","modified":"2023-10-05 08:13:43","menu_order":0,"mime_type":"image\/jpeg","type":"image","subtype":"jpeg","icon":"https:\/\/www.bymycar.fr\/webzine\/wp-includes\/images\/media\/default.png","width":2560,"height":1707,"sizes":{"thumbnail":"https:\/\/cdn.bymycar.eu\/fr-webzine\/wp-content\/uploads\/medias\/06_U725_Bronco_Ext_Rear_3_4_HPRed_Static_Fr_1-150x150.jpg","thumbnail-width":150,"thumbnail-height":150,"medium":"https:\/\/cdn.bymycar.eu\/fr-webzine\/wp-content\/uploads\/medias\/06_U725_Bronco_Ext_Rear_3_4_HPRed_Static_Fr_1-300x200.jpg","medium-width":300,"medium-height":200,"medium_large":"https:\/\/cdn.bymycar.eu\/fr-webzine\/wp-content\/uploads\/medias\/06_U725_Bronco_Ext_Rear_3_4_HPRed_Static_Fr_1-768x512.jpg","medium_large-width":768,"medium_large-height":512,"large":"https:\/\/cdn.bymycar.eu\/fr-webzine\/wp-content\/uploads\/medias\/06_U725_Bronco_Ext_Rear_3_4_HPRed_Static_Fr_1-1024x683.jpg","large-width":1024,"large-height":683,"1536x1536":"https:\/\/cdn.bymycar.eu\/fr-webzine\/wp-content\/uploads\/medias\/06_U725_Bronco_Ext_Rear_3_4_HPRed_Static_Fr_1-1536x1024.jpg","1536x1536-width":1536,"1536x1536-height":1024,"2048x2048":"https:\/\/cdn.bymycar.eu\/fr-webzine\/wp-content\/uploads\/medias\/06_U725_Bronco_Ext_Rear_3_4_HPRed_Static_Fr_1-2048x1366.jpg","2048x2048-width":2048,"2048x2048-height":1366}},"-title":"","-text":"<p>Riche d&rsquo;une histoire riche en exploits tout-terrain, le Ford Bronco d\u00e9barque chez votre distributeur Ford local, pr\u00eat \u00e0 red\u00e9finir vos aventures hors des sentiers battus. D\u00e9couvrez les premi\u00e8res unit\u00e9s disponibles en stock, disponibles en deux finitions de premier choix : la \u00ab\u00a0First Edition Outer Banks\u00a0\u00bb et la \u00ab\u00a0First Edition Badlands.\u00a0\u00bb<\/p>\n<p><strong>First Edition Outer Banks<\/strong> &#8211; Con\u00e7u pour les explorateurs intr\u00e9pides<\/p>\n<p>Le Ford Bronco First Edition Outer Banks est le choix parfait pour ceux qui cherchent \u00e0 se d\u00e9marquer sur les routes difficiles. Dot\u00e9 d&rsquo;une puissance in\u00e9gal\u00e9e et de capacit\u00e9s tout-terrain de premier ordre, ce mod\u00e8le est pr\u00eat \u00e0 affronter n&rsquo;importe quel d\u00e9fi. Avec son design ext\u00e9rieur robuste et ses caract\u00e9ristiques haut de gamme, l&rsquo;Outer Banks est synonyme de style et de performance.<\/p>\n<p><strong>First Edition Badlands<\/strong> &#8211; L&rsquo;aventure sans compromis<\/p>\n<p>Le Ford Bronco First Edition Badlands incarne l&rsquo;aventure sans compromis. Con\u00e7u pour les vrais amateurs d&rsquo;off-road, il est \u00e9quip\u00e9 de caract\u00e9ristiques de pointe, telles que des suspensions avanc\u00e9es, une transmission tout-terrain et une multitude de technologies pour vous offrir une exp\u00e9rience de conduite hors route exceptionnelle. Si vous recherchez l&rsquo;excitation pure et dure, le Badlands est fait pour vous.<\/p>\n<p>Ne manquez pas cette opportunit\u00e9 de d\u00e9couvrir le l\u00e9gendaire Ford Bronco, un v\u00e9hicule tout-terrain qui incarne l&rsquo;esprit de l&rsquo;exploration et de la libert\u00e9. Visitez votre distributeur Ford local d\u00e8s aujourd&rsquo;hui pour en savoir plus sur ces mod\u00e8les First Edition Outer Banks et First Edition Badlands, et pr\u00e9parez-vous \u00e0 vivre des aventures tout-terrain inoubliables sur le sol europ\u00e9en avec l&rsquo;ic\u00f4ne am\u00e9ricaine tout-terrain, le Ford Bronco.<\/p>\n"}},{"acf_fc_layout":"text-image","--nav":{"-withNav":false,"-ancre":""},"--group":{"-image":{"ID":42861,"id":42861,"title":"13_U725_Ext_Front_34_CGrey_Static_Fr_2","filename":"13_U725_Ext_Front_34_CGrey_Static_Fr_2.jpg","filesize":484464,"url":"https:\/\/cdn.bymycar.eu\/fr-webzine\/wp-content\/uploads\/medias\/13_U725_Ext_Front_34_CGrey_Static_Fr_2.jpg","link":"https:\/\/www.bymycar.fr\/webzine\/nouveau-ford-bronco-chez-ford-bymycar-nice-cannes\/13_u725_ext_front_34_cgrey_static_fr_2\/","alt":"","author":"26","description":"","caption":"","name":"13_u725_ext_front_34_cgrey_static_fr_2","status":"inherit","uploaded_to":42859,"date":"2023-10-05 08:14:00","modified":"2023-10-05 08:14:00","menu_order":0,"mime_type":"image\/jpeg","type":"image","subtype":"jpeg","icon":"https:\/\/www.bymycar.fr\/webzine\/wp-includes\/images\/media\/default.png","width":2560,"height":1707,"sizes":{"thumbnail":"https:\/\/cdn.bymycar.eu\/fr-webzine\/wp-content\/uploads\/medias\/13_U725_Ext_Front_34_CGrey_Static_Fr_2-150x150.jpg","thumbnail-width":150,"thumbnail-height":150,"medium":"https:\/\/cdn.bymycar.eu\/fr-webzine\/wp-content\/uploads\/medias\/13_U725_Ext_Front_34_CGrey_Static_Fr_2-300x200.jpg","medium-width":300,"medium-height":200,"medium_large":"https:\/\/cdn.bymycar.eu\/fr-webzine\/wp-content\/uploads\/medias\/13_U725_Ext_Front_34_CGrey_Static_Fr_2-768x512.jpg","medium_large-width":768,"medium_large-height":512,"large":"https:\/\/cdn.bymycar.eu\/fr-webzine\/wp-content\/uploads\/medias\/13_U725_Ext_Front_34_CGrey_Static_Fr_2-1024x683.jpg","large-width":1024,"large-height":683,"1536x1536":"https:\/\/cdn.bymycar.eu\/fr-webzine\/wp-content\/uploads\/medias\/13_U725_Ext_Front_34_CGrey_Static_Fr_2-1536x1024.jpg","1536x1536-width":1536,"1536x1536-height":1024,"2048x2048":"https:\/\/cdn.bymycar.eu\/fr-webzine\/wp-content\/uploads\/medias\/13_U725_Ext_Front_34_CGrey_Static_Fr_2-2048x1365.jpg","2048x2048-width":2048,"2048x2048-height":1365}},"-title":"","-text":"<div class=\"flex-1 overflow-hidden\">\n<div class=\"react-scroll-to-bottom--css-iyowt-79elbk h-full dark:bg-gray-800\">\n<div class=\"react-scroll-to-bottom--css-iyowt-1n7m0yu\">\n<div class=\"flex flex-col text-sm dark:bg-gray-800\">\n<div class=\"group w-full text-token-text-primary border-b border-black\/10 gizmo:border-0 dark:border-gray-900\/50 gizmo:dark:border-0 bg-gray-50 gizmo:bg-transparent dark:bg-[#444654] gizmo:dark:bg-transparent\" data-testid=\"conversation-turn-5\">\n<div class=\"p-4 justify-center text-base md:gap-6 md:py-6 m-auto\">\n<div class=\"flex flex-1 gap-4 text-base mx-auto md:gap-6 gizmo:gap-3 gizmo:md:px-5 gizmo:lg:px-1 gizmo:xl:px-5 md:max-w-2xl lg:max-w-[38rem] gizmo:md:max-w-3xl gizmo:lg:max-w-[40rem] gizmo:xl:max-w-[48rem] xl:max-w-3xl }\">\n<div class=\"relative flex w-[calc(100%-50px)] flex-col gap-1 gizmo:w-full md:gap-3 lg:w-[calc(100%-115px)] agent-turn\">\n<div class=\"flex flex-grow flex-col gap-3 max-w-full\">\n<div class=\"min-h-[20px] flex flex-col items-start gap-3 whitespace-pre-wrap break-words overflow-x-auto\">\n<div class=\"markdown prose w-full break-words dark:prose-invert light\">\n<p>Le Ford Bronco est bien plus qu&rsquo;un simple v\u00e9hicule tout-terrain. Avec une garde au sol impressionnante allant jusqu&rsquo;\u00e0 261 millim\u00e8tres, il vous permettra de vous aventurer l\u00e0 o\u00f9 peu de v\u00e9hicules osent aller. Que vous traversiez des terrains accident\u00e9s, des sentiers boueux ou des routes escarp\u00e9es, le Bronco vous offre la hauteur n\u00e9cessaire pour surmonter les obstacles avec facilit\u00e9.<\/p>\n<p>Lorsque nous parlons de capacit\u00e9s tout-terrain, le Ford Bronco brille \u00e9galement lorsqu&rsquo;il s&rsquo;agit de franchir des cours d&rsquo;eau. Avec un passage \u00e0 gu\u00e9 pouvant atteindre 800 millim\u00e8tres, il n&rsquo;y a pratiquement pas de limite \u00e0 l&rsquo;endroit o\u00f9 vous pouvez explorer. Vous pourrez traverser des rivi\u00e8res, des ruisseaux et des flaques d&rsquo;eau en toute confiance, en sachant que votre Bronco est con\u00e7u pour r\u00e9sister aux \u00e9l\u00e9ments.<\/p>\n<p>Avec sa garde au sol g\u00e9n\u00e9reuse et sa capacit\u00e9 de passage \u00e0 gu\u00e9 exceptionnelle, le Ford Bronco est le choix id\u00e9al pour ceux qui recherchent des aventures tout-terrain v\u00e9ritablement \u00e9piques. Peu importe les d\u00e9fis qui se dressent sur votre chemin, le Bronco est pr\u00eat \u00e0 les relever avec brio, vous permettant de vivre des exp\u00e9riences tout-terrain inoubliables. Alors, pr\u00e9parez-vous \u00e0 repousser les limites de l&rsquo;exploration avec le Ford Bronco et \u00e0 d\u00e9couvrir des territoires encore inexplor\u00e9s.<\/p>\n<\/div>\n<\/div>\n<\/div>\n<\/div>\n<\/div>\n<\/div>\n<\/div>\n<div class=\"group w-full text-token-text-primary border-b border-black\/10 gizmo:border-0 dark:border-gray-900\/50 gizmo:dark:border-0 bg-gray-50 gizmo:bg-transparent dark:bg-[#444654] gizmo:dark:bg-transparent\" data-testid=\"conversation-turn-7\">\n<div class=\"p-4 justify-center text-base md:gap-6 md:py-6 m-auto\">\n<div class=\"flex flex-1 gap-4 text-base mx-auto md:gap-6 gizmo:gap-3 gizmo:md:px-5 gizmo:lg:px-1 gizmo:xl:px-5 md:max-w-2xl lg:max-w-[38rem] gizmo:md:max-w-3xl gizmo:lg:max-w-[40rem] gizmo:xl:max-w-[48rem] xl:max-w-3xl }\">\n<div class=\"relative flex w-[calc(100%-50px)] flex-col gap-1 gizmo:w-full md:gap-3 lg:w-[calc(100%-115px)] agent-turn\">\n<div class=\"flex justify-between empty:hidden lg:block\">\n<div class=\"text-gray-400 flex self-end lg:self-center justify-center gizmo:lg:justify-start mt-2 gizmo:mt-0 visible lg:gap-1 lg:absolute lg:top-0 lg:translate-x-full lg:right-0 lg:mt-0 lg:pl-2 gap-2 md:gap-3\"><\/div>\n<\/div>\n<\/div>\n<\/div>\n<\/div>\n<\/div>\n<\/div>\n<\/div>\n<\/div>\n<\/div>\n"}},{"acf_fc_layout":"text-simple","--nav":{"-withNav":false,"-ancre":""},"--group":{"-text":"<p>Le Ford Bronco est bien plus qu&rsquo;un simple v\u00e9hicule tout-terrain ; il est le symbole vivant de l&rsquo;aventure am\u00e9ricaine. Que ce soit pour des escapades en pleine nature, des excursions en montagne ou des voyages \u00e0 travers des paysages d\u00e9sertiques, le Bronco vous emm\u00e8nera l\u00e0 o\u00f9 votre esprit d&rsquo;aventurier vous conduira. Avec sa garde au sol g\u00e9n\u00e9reuse et sa capacit\u00e9 de passage \u00e0 gu\u00e9 exceptionnelle, le Ford Bronco est le choix absolu pour ceux qui recherchent des aventures tout-terrain authentiques, dans la plus pure tradition de l&rsquo;ic\u00f4ne am\u00e9ricaine. Alors, pr\u00e9parez-vous \u00e0 repousser les limites de l&rsquo;exploration avec le Ford Bronco et \u00e0 d\u00e9couvrir des territoires encore inexplor\u00e9s<\/p>\n<p>&nbsp;<\/p>\n<p>Venez le d\u00e9couvrir dans les \u00e9tablissements Ford BYmyCAR Nice &amp; Cannes. Pour plus d&rsquo;informations, contactez les \u00e9quipes en remplissant le formulaire.<\/p>\n<div class=\"wpcf7 no-js\" id=\"wpcf7-f49634-p42859-o2\" lang=\"fr-FR\" dir=\"ltr\" data-wpcf7-id=\"49634\">\n<div class=\"screen-reader-response\">\n<p role=\"status\" aria-live=\"polite\" aria-atomic=\"true\">\n<ul><\/ul>\n<\/div>\n<form action=\"\/webzine\/wp-admin\/index.php?page=transfert-data-post#wpcf7-f49634-p42859-o2\" method=\"post\" class=\"wpcf7-form init\" aria-label=\"Formulaire de contact\" novalidate=\"novalidate\" data-status=\"init\">\n<div style=\"display: none;\">\n<input type=\"hidden\" name=\"_wpcf7\" value=\"49634\" \/><br \/>\n<input type=\"hidden\" name=\"_wpcf7_version\" value=\"6.0.6\" \/><br \/>\n<input type=\"hidden\" name=\"_wpcf7_locale\" value=\"fr_FR\" \/><br \/>\n<input type=\"hidden\" name=\"_wpcf7_unit_tag\" value=\"wpcf7-f49634-p42859-o2\" \/><br \/>\n<input type=\"hidden\" name=\"_wpcf7_container_post\" value=\"42859\" \/><br \/>\n<input type=\"hidden\" name=\"_wpcf7_posted_data_hash\" value=\"\" \/><br \/>\n<input type=\"hidden\" name=\"_wpcf7_recaptcha_response\" value=\"\" \/>\n<\/div>\n<div class=\"flex flex-row flex-wrap -mx-4\">\n<div class=\"w-1\/2 flex flex-col gap-4 align-top px-4\">\n<p><label> Nom* <\/label><br \/>\n<span class=\"wpcf7-form-control-wrap\" data-name=\"Nom\"><input size=\"40\" maxlength=\"400\" class=\"wpcf7-form-control wpcf7-text wpcf7-validates-as-required\" aria-required=\"true\" aria-invalid=\"false\" value=\"\" type=\"text\" name=\"Nom\" \/><\/span><\/p>\n<p><label> Pr\u00e9nom* <\/label><br \/>\n<span class=\"wpcf7-form-control-wrap\" data-name=\"prenom\"><input size=\"40\" maxlength=\"400\" class=\"wpcf7-form-control wpcf7-text wpcf7-validates-as-required\" aria-required=\"true\" aria-invalid=\"false\" value=\"\" type=\"text\" name=\"prenom\" \/><\/span><\/p>\n<p><label> Email* <\/label><br \/>\n<span class=\"wpcf7-form-control-wrap\" data-name=\"email\"><input size=\"40\" maxlength=\"400\" class=\"wpcf7-form-control wpcf7-email wpcf7-validates-as-required wpcf7-text wpcf7-validates-as-email\" aria-required=\"true\" aria-invalid=\"false\" value=\"\" type=\"email\" name=\"email\" \/><\/span><\/p>\n<p><label> T\u00e9l\u00e9phone* <\/label><br \/>\n<span class=\"wpcf7-form-control-wrap\" data-name=\"telephone\"><input size=\"40\" maxlength=\"400\" class=\"wpcf7-form-control wpcf7-tel wpcf7-validates-as-required wpcf7-text wpcf7-validates-as-tel\" aria-required=\"true\" aria-invalid=\"false\" value=\"\" type=\"tel\" name=\"telephone\" \/><\/span><\/p>\n<\/div>\n<div class=\"w-1\/2 flex flex-col gap-4 align-top px-4\">\n<p><label> Choix de l&rsquo;offre* <\/label><br \/>\n<span class=\"wpcf7-form-control-wrap\" data-name=\"offre\"><select class=\"wpcf7-form-control wpcf7-select wpcf7-validates-as-required\" aria-required=\"true\" aria-invalid=\"false\" name=\"offre\"><option value=\"Bronco\">Bronco<\/option><option value=\"Autre mod\u00e8le Ford\">Autre mod\u00e8le Ford<\/option><\/select><\/span><\/p>\n<p><label> Choix de la concession* <\/label><br \/>\n<span class=\"wpcf7-form-control-wrap\" data-name=\"concession\"><select class=\"wpcf7-form-control wpcf7-select wpcf7-validates-as-required\" aria-required=\"true\" aria-invalid=\"false\" name=\"concession\"><option value=\"FORD BYmyCAR Cannes\">FORD BYmyCAR Cannes<\/option><option value=\"FORD BYmyCAR Nice\">FORD BYmyCAR Nice<\/option><\/select><\/span> <\/p>\n<p><label> Votre message <\/label><br \/>\n<span class=\"wpcf7-form-control-wrap\" data-name=\"Commentaireclient\"><textarea cols=\"40\" rows=\"5\" maxlength=\"2000\" class=\"wpcf7-form-control wpcf7-textarea\" aria-invalid=\"false\" name=\"Commentaireclient\"><\/textarea><\/span><\/p>\n<\/div>\n<p><span class=\"wpcf7-form-control-wrap\" data-name=\"optinemail\"><span class=\"wpcf7-form-control wpcf7-checkbox\"><span class=\"wpcf7-list-item first last\"><input type=\"checkbox\" name=\"optinemail[]\" value=\"J&#039;accepte de recevoir la lettre d&#039;information li\u00e9e au Groupe BYmyCAR\" \/><span class=\"wpcf7-list-item-label\">J&#039;accepte de recevoir la lettre d&#039;information li\u00e9e au Groupe BYmyCAR<\/span><\/span><\/span><\/span><\/p>\n<p><span class=\"wpcf7-form-control-wrap\" data-name=\"optinsms\"><span class=\"wpcf7-form-control wpcf7-checkbox\"><span class=\"wpcf7-list-item first last\"><input type=\"checkbox\" name=\"optinsms[]\" value=\"J&#039;accepte de recevoir des informations li\u00e9es au Groupe BYmyCAR par sms\" \/><span class=\"wpcf7-list-item-label\">J&#039;accepte de recevoir des informations li\u00e9es au Groupe BYmyCAR par sms<\/span><\/span><\/span><\/span><\/p>\n<p><span class=\"wpcf7-form-control-wrap\" data-name=\"optinappel\"><span class=\"wpcf7-form-control wpcf7-checkbox\"><span class=\"wpcf7-list-item first last\"><input type=\"checkbox\" name=\"optinappel[]\" value=\"J&#039;accepte de recevoir des informations li\u00e9es au Groupe BYmyCAR par appel\" \/><span class=\"wpcf7-list-item-label\">J&#039;accepte de recevoir des informations li\u00e9es au Groupe BYmyCAR par appel<\/span><\/span><\/span><\/span><\/p>\n<div class=\"w-full flex flex-col items-center gap-y-2 text-center mt-4\"><input class=\"wpcf7-form-control wpcf7-submit has-spinner\" type=\"submit\" value=\"Envoyer\" \/><\/div>\n<\/div>\n<div class=\"wpcf7-response-output\" aria-hidden=\"true\"><\/div>\n<\/form>\n<\/div>\n"}}]},"add-carousel-to-footer":true},"yoast_head":"<!-- This site is optimized with the Yoast SEO Premium plugin v26.4 (Yoast SEO v26.4) - https:\/\/yoast.com\/wordpress\/plugins\/seo\/ -->\n<title>Nouveau Ford Bronco chez Ford BYmyCAR Nice et Cannes<\/title>\n<meta name=\"robots\" content=\"index, follow, max-snippet:-1, max-image-preview:large, max-video-preview:-1\" \/>\n<link rel=\"canonical\" href=\"https:\/\/www.bymycar.fr\/webzine\/nouveau-ford-bronco-chez-ford-bymycar-nice-cannes\/\" \/>\n<meta property=\"og:locale\" content=\"fr_FR\" \/>\n<meta property=\"og:type\" content=\"article\" \/>\n<meta property=\"og:title\" content=\"Nouveau Ford Bronco chez Ford BYmyCAR Nice et Cannes\" \/>\n<meta property=\"og:url\" content=\"https:\/\/www.bymycar.fr\/webzine\/nouveau-ford-bronco-chez-ford-bymycar-nice-cannes\/\" \/>\n<meta property=\"og:site_name\" content=\"Webzine auto BYmyCAR\" \/>\n<meta property=\"article:published_time\" content=\"2024-06-19T13:13:24+00:00\" \/>\n<meta property=\"article:modified_time\" content=\"2024-07-03T10:05:40+00:00\" \/>\n<meta property=\"og:image\" content=\"https:\/\/cdn.bymycar.eu\/fr-webzine\/wp-content\/uploads\/medias\/Facts-about-Ford-Bronco-cover-250920231212.jpg\" \/>\n\t<meta property=\"og:image:width\" content=\"1440\" \/>\n\t<meta property=\"og:image:height\" content=\"625\" \/>\n\t<meta property=\"og:image:type\" content=\"image\/jpeg\" \/>\n<meta name=\"author\" content=\"Romane Bachi\" \/>\n<meta name=\"twitter:card\" content=\"summary_large_image\" \/>\n<meta name=\"twitter:label1\" content=\"\u00c9crit par\" \/>\n\t<meta name=\"twitter:data1\" content=\"Romane Bachi\" \/>\n<script type=\"application\/ld+json\" class=\"yoast-schema-graph\">{\"@context\":\"https:\/\/schema.org\",\"@graph\":[{\"@type\":\"Article\",\"@id\":\"https:\/\/www.bymycar.fr\/webzine\/nouveau-ford-bronco-chez-ford-bymycar-nice-cannes\/#article\",\"isPartOf\":{\"@id\":\"https:\/\/www.bymycar.fr\/webzine\/nouveau-ford-bronco-chez-ford-bymycar-nice-cannes\/\"},\"author\":{\"name\":\"Romane Bachi\",\"@id\":\"https:\/\/www.bymycar.fr\/webzine\/#\/schema\/person\/431493796d18cf15420e51b4412ad259\"},\"headline\":\"Nouveau Ford Bronco chez Ford BYmyCAR Nice et Cannes\",\"datePublished\":\"2024-06-19T13:13:24+00:00\",\"dateModified\":\"2024-07-03T10:05:40+00:00\",\"mainEntityOfPage\":{\"@id\":\"https:\/\/www.bymycar.fr\/webzine\/nouveau-ford-bronco-chez-ford-bymycar-nice-cannes\/\"},\"wordCount\":9,\"publisher\":{\"@id\":\"https:\/\/www.bymycar.fr\/webzine\/#organization\"},\"image\":{\"@id\":\"https:\/\/www.bymycar.fr\/webzine\/nouveau-ford-bronco-chez-ford-bymycar-nice-cannes\/#primaryimage\"},\"thumbnailUrl\":\"https:\/\/cdn.bymycar.eu\/fr-webzine\/wp-content\/uploads\/medias\/Facts-about-Ford-Bronco-cover-250920231212.jpg\",\"articleSection\":[\"Actualit\u00e9s des concessions\"],\"inLanguage\":\"fr-FR\"},{\"@type\":\"WebPage\",\"@id\":\"https:\/\/www.bymycar.fr\/webzine\/nouveau-ford-bronco-chez-ford-bymycar-nice-cannes\/\",\"url\":\"https:\/\/www.bymycar.fr\/webzine\/nouveau-ford-bronco-chez-ford-bymycar-nice-cannes\/\",\"name\":\"Nouveau Ford Bronco chez Ford BYmyCAR Nice et Cannes\",\"isPartOf\":{\"@id\":\"https:\/\/www.bymycar.fr\/webzine\/#website\"},\"primaryImageOfPage\":{\"@id\":\"https:\/\/www.bymycar.fr\/webzine\/nouveau-ford-bronco-chez-ford-bymycar-nice-cannes\/#primaryimage\"},\"image\":{\"@id\":\"https:\/\/www.bymycar.fr\/webzine\/nouveau-ford-bronco-chez-ford-bymycar-nice-cannes\/#primaryimage\"},\"thumbnailUrl\":\"https:\/\/cdn.bymycar.eu\/fr-webzine\/wp-content\/uploads\/medias\/Facts-about-Ford-Bronco-cover-250920231212.jpg\",\"datePublished\":\"2024-06-19T13:13:24+00:00\",\"dateModified\":\"2024-07-03T10:05:40+00:00\",\"breadcrumb\":{\"@id\":\"https:\/\/www.bymycar.fr\/webzine\/nouveau-ford-bronco-chez-ford-bymycar-nice-cannes\/#breadcrumb\"},\"inLanguage\":\"fr-FR\",\"potentialAction\":[{\"@type\":\"ReadAction\",\"target\":[\"https:\/\/www.bymycar.fr\/webzine\/nouveau-ford-bronco-chez-ford-bymycar-nice-cannes\/\"]}]},{\"@type\":\"ImageObject\",\"inLanguage\":\"fr-FR\",\"@id\":\"https:\/\/www.bymycar.fr\/webzine\/nouveau-ford-bronco-chez-ford-bymycar-nice-cannes\/#primaryimage\",\"url\":\"https:\/\/cdn.bymycar.eu\/fr-webzine\/wp-content\/uploads\/medias\/Facts-about-Ford-Bronco-cover-250920231212.jpg\",\"contentUrl\":\"https:\/\/cdn.bymycar.eu\/fr-webzine\/wp-content\/uploads\/medias\/Facts-about-Ford-Bronco-cover-250920231212.jpg\",\"width\":1440,\"height\":625},{\"@type\":\"BreadcrumbList\",\"@id\":\"https:\/\/www.bymycar.fr\/webzine\/nouveau-ford-bronco-chez-ford-bymycar-nice-cannes\/#breadcrumb\",\"itemListElement\":[{\"@type\":\"ListItem\",\"position\":1,\"name\":\"Accueil\",\"item\":\"https:\/\/www.bymycar.fr\/webzine\/\"},{\"@type\":\"ListItem\",\"position\":2,\"name\":\"Nouveau Ford Bronco chez Ford BYmyCAR Nice et Cannes\"}]},{\"@type\":\"WebSite\",\"@id\":\"https:\/\/www.bymycar.fr\/webzine\/#website\",\"url\":\"https:\/\/www.bymycar.fr\/webzine\/\",\"name\":\"Webzine auto BYmyCAR\",\"description\":\"La magazine auto de BYmyCAR\",\"publisher\":{\"@id\":\"https:\/\/www.bymycar.fr\/webzine\/#organization\"},\"potentialAction\":[{\"@type\":\"SearchAction\",\"target\":{\"@type\":\"EntryPoint\",\"urlTemplate\":\"https:\/\/www.bymycar.fr\/webzine\/?s={search_term_string}\"},\"query-input\":{\"@type\":\"PropertyValueSpecification\",\"valueRequired\":true,\"valueName\":\"search_term_string\"}}],\"inLanguage\":\"fr-FR\"},{\"@type\":\"Organization\",\"@id\":\"https:\/\/www.bymycar.fr\/webzine\/#organization\",\"name\":\"BYmyCAR\",\"url\":\"https:\/\/www.bymycar.fr\/webzine\/\",\"logo\":{\"@type\":\"ImageObject\",\"inLanguage\":\"fr-FR\",\"@id\":\"https:\/\/www.bymycar.fr\/webzine\/#\/schema\/logo\/image\/\",\"url\":\"https:\/\/cdn.bymycar.eu\/fr-webzine\/wp-content\/uploads\/medias\/2017\/08\/logo_DEALER_00000406_001.png\",\"contentUrl\":\"https:\/\/cdn.bymycar.eu\/fr-webzine\/wp-content\/uploads\/medias\/2017\/08\/logo_DEALER_00000406_001.png\",\"width\":2132,\"height\":720,\"caption\":\"BYmyCAR\"},\"image\":{\"@id\":\"https:\/\/www.bymycar.fr\/webzine\/#\/schema\/logo\/image\/\"}},{\"@type\":\"Person\",\"@id\":\"https:\/\/www.bymycar.fr\/webzine\/#\/schema\/person\/431493796d18cf15420e51b4412ad259\",\"name\":\"Romane Bachi\",\"image\":{\"@type\":\"ImageObject\",\"inLanguage\":\"fr-FR\",\"@id\":\"https:\/\/www.bymycar.fr\/webzine\/#\/schema\/person\/image\/\",\"url\":\"https:\/\/secure.gravatar.com\/avatar\/e51d4400a8d88b09c857e48b529b085dd7d56a15328b4305e818ea03c1e3843a?s=96&d=mm&r=g\",\"contentUrl\":\"https:\/\/secure.gravatar.com\/avatar\/e51d4400a8d88b09c857e48b529b085dd7d56a15328b4305e818ea03c1e3843a?s=96&d=mm&r=g\",\"caption\":\"Romane Bachi\"}}]}<\/script>\n<!-- \/ Yoast SEO Premium plugin. -->","yoast_head_json":{"title":"Nouveau Ford Bronco chez Ford BYmyCAR Nice et Cannes","robots":{"index":"index","follow":"follow","max-snippet":"max-snippet:-1","max-image-preview":"max-image-preview:large","max-video-preview":"max-video-preview:-1"},"canonical":"https:\/\/www.bymycar.fr\/webzine\/nouveau-ford-bronco-chez-ford-bymycar-nice-cannes\/","og_locale":"fr_FR","og_type":"article","og_title":"Nouveau Ford Bronco chez Ford BYmyCAR Nice et Cannes","og_url":"https:\/\/www.bymycar.fr\/webzine\/nouveau-ford-bronco-chez-ford-bymycar-nice-cannes\/","og_site_name":"Webzine auto BYmyCAR","article_published_time":"2024-06-19T13:13:24+00:00","article_modified_time":"2024-07-03T10:05:40+00:00","og_image":[{"width":1440,"height":625,"url":"https:\/\/cdn.bymycar.eu\/fr-webzine\/wp-content\/uploads\/medias\/Facts-about-Ford-Bronco-cover-250920231212.jpg","type":"image\/jpeg"}],"author":"Romane Bachi","twitter_card":"summary_large_image","twitter_misc":{"\u00c9crit par":"Romane Bachi"},"schema":{"@context":"https:\/\/schema.org","@graph":[{"@type":"Article","@id":"https:\/\/www.bymycar.fr\/webzine\/nouveau-ford-bronco-chez-ford-bymycar-nice-cannes\/#article","isPartOf":{"@id":"https:\/\/www.bymycar.fr\/webzine\/nouveau-ford-bronco-chez-ford-bymycar-nice-cannes\/"},"author":{"name":"Romane Bachi","@id":"https:\/\/www.bymycar.fr\/webzine\/#\/schema\/person\/431493796d18cf15420e51b4412ad259"},"headline":"Nouveau Ford Bronco chez Ford BYmyCAR Nice et Cannes","datePublished":"2024-06-19T13:13:24+00:00","dateModified":"2024-07-03T10:05:40+00:00","mainEntityOfPage":{"@id":"https:\/\/www.bymycar.fr\/webzine\/nouveau-ford-bronco-chez-ford-bymycar-nice-cannes\/"},"wordCount":9,"publisher":{"@id":"https:\/\/www.bymycar.fr\/webzine\/#organization"},"image":{"@id":"https:\/\/www.bymycar.fr\/webzine\/nouveau-ford-bronco-chez-ford-bymycar-nice-cannes\/#primaryimage"},"thumbnailUrl":"https:\/\/cdn.bymycar.eu\/fr-webzine\/wp-content\/uploads\/medias\/Facts-about-Ford-Bronco-cover-250920231212.jpg","articleSection":["Actualit\u00e9s des concessions"],"inLanguage":"fr-FR"},{"@type":"WebPage","@id":"https:\/\/www.bymycar.fr\/webzine\/nouveau-ford-bronco-chez-ford-bymycar-nice-cannes\/","url":"https:\/\/www.bymycar.fr\/webzine\/nouveau-ford-bronco-chez-ford-bymycar-nice-cannes\/","name":"Nouveau Ford Bronco chez Ford BYmyCAR Nice et Cannes","isPartOf":{"@id":"https:\/\/www.bymycar.fr\/webzine\/#website"},"primaryImageOfPage":{"@id":"https:\/\/www.bymycar.fr\/webzine\/nouveau-ford-bronco-chez-ford-bymycar-nice-cannes\/#primaryimage"},"image":{"@id":"https:\/\/www.bymycar.fr\/webzine\/nouveau-ford-bronco-chez-ford-bymycar-nice-cannes\/#primaryimage"},"thumbnailUrl":"https:\/\/cdn.bymycar.eu\/fr-webzine\/wp-content\/uploads\/medias\/Facts-about-Ford-Bronco-cover-250920231212.jpg","datePublished":"2024-06-19T13:13:24+00:00","dateModified":"2024-07-03T10:05:40+00:00","breadcrumb":{"@id":"https:\/\/www.bymycar.fr\/webzine\/nouveau-ford-bronco-chez-ford-bymycar-nice-cannes\/#breadcrumb"},"inLanguage":"fr-FR","potentialAction":[{"@type":"ReadAction","target":["https:\/\/www.bymycar.fr\/webzine\/nouveau-ford-bronco-chez-ford-bymycar-nice-cannes\/"]}]},{"@type":"ImageObject","inLanguage":"fr-FR","@id":"https:\/\/www.bymycar.fr\/webzine\/nouveau-ford-bronco-chez-ford-bymycar-nice-cannes\/#primaryimage","url":"https:\/\/cdn.bymycar.eu\/fr-webzine\/wp-content\/uploads\/medias\/Facts-about-Ford-Bronco-cover-250920231212.jpg","contentUrl":"https:\/\/cdn.bymycar.eu\/fr-webzine\/wp-content\/uploads\/medias\/Facts-about-Ford-Bronco-cover-250920231212.jpg","width":1440,"height":625},{"@type":"BreadcrumbList","@id":"https:\/\/www.bymycar.fr\/webzine\/nouveau-ford-bronco-chez-ford-bymycar-nice-cannes\/#breadcrumb","itemListElement":[{"@type":"ListItem","position":1,"name":"Accueil","item":"https:\/\/www.bymycar.fr\/webzine\/"},{"@type":"ListItem","position":2,"name":"Nouveau Ford Bronco chez Ford BYmyCAR Nice et Cannes"}]},{"@type":"WebSite","@id":"https:\/\/www.bymycar.fr\/webzine\/#website","url":"https:\/\/www.bymycar.fr\/webzine\/","name":"Webzine auto BYmyCAR","description":"La magazine auto de BYmyCAR","publisher":{"@id":"https:\/\/www.bymycar.fr\/webzine\/#organization"},"potentialAction":[{"@type":"SearchAction","target":{"@type":"EntryPoint","urlTemplate":"https:\/\/www.bymycar.fr\/webzine\/?s={search_term_string}"},"query-input":{"@type":"PropertyValueSpecification","valueRequired":true,"valueName":"search_term_string"}}],"inLanguage":"fr-FR"},{"@type":"Organization","@id":"https:\/\/www.bymycar.fr\/webzine\/#organization","name":"BYmyCAR","url":"https:\/\/www.bymycar.fr\/webzine\/","logo":{"@type":"ImageObject","inLanguage":"fr-FR","@id":"https:\/\/www.bymycar.fr\/webzine\/#\/schema\/logo\/image\/","url":"https:\/\/cdn.bymycar.eu\/fr-webzine\/wp-content\/uploads\/medias\/2017\/08\/logo_DEALER_00000406_001.png","contentUrl":"https:\/\/cdn.bymycar.eu\/fr-webzine\/wp-content\/uploads\/medias\/2017\/08\/logo_DEALER_00000406_001.png","width":2132,"height":720,"caption":"BYmyCAR"},"image":{"@id":"https:\/\/www.bymycar.fr\/webzine\/#\/schema\/logo\/image\/"}},{"@type":"Person","@id":"https:\/\/www.bymycar.fr\/webzine\/#\/schema\/person\/431493796d18cf15420e51b4412ad259","name":"Romane Bachi","image":{"@type":"ImageObject","inLanguage":"fr-FR","@id":"https:\/\/www.bymycar.fr\/webzine\/#\/schema\/person\/image\/","url":"https:\/\/secure.gravatar.com\/avatar\/e51d4400a8d88b09c857e48b529b085dd7d56a15328b4305e818ea03c1e3843a?s=96&d=mm&r=g","contentUrl":"https:\/\/secure.gravatar.com\/avatar\/e51d4400a8d88b09c857e48b529b085dd7d56a15328b4305e818ea03c1e3843a?s=96&d=mm&r=g","caption":"Romane Bachi"}}]}},"_links":{"self":[{"href":"https:\/\/www.bymycar.fr\/webzine\/wp-json\/wp\/v2\/posts\/42859","targetHints":{"allow":["GET"]}}],"collection":[{"href":"https:\/\/www.bymycar.fr\/webzine\/wp-json\/wp\/v2\/posts"}],"about":[{"href":"https:\/\/www.bymycar.fr\/webzine\/wp-json\/wp\/v2\/types\/post"}],"author":[{"embeddable":true,"href":"https:\/\/www.bymycar.fr\/webzine\/wp-json\/wp\/v2\/users\/26"}],"replies":[{"embeddable":true,"href":"https:\/\/www.bymycar.fr\/webzine\/wp-json\/wp\/v2\/comments?post=42859"}],"version-history":[{"count":9,"href":"https:\/\/www.bymycar.fr\/webzine\/wp-json\/wp\/v2\/posts\/42859\/revisions"}],"predecessor-version":[{"id":49638,"href":"https:\/\/www.bymycar.fr\/webzine\/wp-json\/wp\/v2\/posts\/42859\/revisions\/49638"}],"wp:featuredmedia":[{"embeddable":true,"href":"https:\/\/www.bymycar.fr\/webzine\/wp-json\/wp\/v2\/media\/49316"}],"wp:attachment":[{"href":"https:\/\/www.bymycar.fr\/webzine\/wp-json\/wp\/v2\/media?parent=42859"}],"wp:term":[{"taxonomy":"category","embeddable":true,"href":"https:\/\/www.bymycar.fr\/webzine\/wp-json\/wp\/v2\/categories?post=42859"},{"taxonomy":"post_tag","embeddable":true,"href":"https:\/\/www.bymycar.fr\/webzine\/wp-json\/wp\/v2\/tags?post=42859"}],"curies":[{"name":"wp","href":"https:\/\/api.w.org\/{rel}","templated":true}]}}