{"id":42846,"date":"2023-10-04T16:40:15","date_gmt":"2023-10-04T14:40:15","guid":{"rendered":"https:\/\/prod.bymycar.fr\/webzine\/?p=42846"},"modified":"2025-09-09T11:34:36","modified_gmt":"2025-09-09T09:34:36","slug":"combien-coute-lassurance-dun-opel-vivaro","status":"publish","type":"post","link":"https:\/\/www.bymycar.fr\/webzine\/combien-coute-lassurance-dun-opel-vivaro\/","title":{"rendered":"Combien co\u00fbte l&rsquo;assurance d&rsquo;un Opel Vivaro ?"},"content":{"rendered":"","protected":false},"excerpt":{"rendered":"","protected":false},"author":88,"featured_media":42847,"comment_status":"closed","ping_status":"open","sticky":false,"template":"","format":"standard","meta":{"_acf_changed":false,"footnotes":""},"categories":[12990],"tags":[],"class_list":["post-42846","post","type-post","status-publish","format-standard","has-post-thumbnail","hentry","category-guide-dachat-opel-vivaro"],"acf":{"template":"classique","introduction":"<p style=\"text-align: justify;\">Le prix de l&rsquo;assurance d&rsquo;une voiture d\u00e9pend \u00e0 la fois du mod\u00e8le, de sa motorisation, des garanties incluses dans le contrat et du profil du conducteur. D\u00e9couvrez dans ce guide le co\u00fbt de l&rsquo;assurance d&rsquo;un <a href=\"https:\/\/www.bymycar.fr\/marques\/opel\/vivaro\" target=\"_blank\" rel=\"noopener\">Opel Vivaro<\/a>.<\/p>\n","strates":[{"type_strate":"carousel-produits","ancre":"","contenu":"","titre":"Voir nos v\u00e9hicules Opel Vivaro disponibles en concession","image":false,"image_libre":false,"image_800x500":false,"legende":"","zoom":false,"texte":"","articles":false,"categorie_droite":false,"images":false,"elements_comparatif":false,"texte_1":"","texte_2":"","image_1":false,"image_1_563x400":false,"image_1_332x332":false,"image_2":false,"image_2_333x240":false,"image_2_563x400":false,"image_3":false,"image_3_333x240":false,"image_3_332x450":false,"image_4":false,"image_4_332x332":false,"image_4_563x400":false,"code_embed":"","legende_video":"","photo":false,"photo_100x100":false,"nom":"","fonction":"","elements_timeline":false,"entetes_colonnes":false,"entetes_lignes":false,"lignes":false,"introduction":"","formulaire":false,"question":"","reponse":"","libelle_bouton_lien":"","url_lien":"","questions":false,"conclusions":false,"pays":"1","region":"","marque":"4","marqueConcessions":false,"modele":"VIVARO FOURGON","ptvente":"","typeV":"","collection":"","nombre_maximum_elements":"5","lien_fin_carousel":"https:\/\/www.bymycar.fr\/rechercher-un-vehicule?prod_VEHICLES%5BrefinementList%5D%5BvehType%5D%5B0%5D=Occasion&prod_VEHICLES%5BrefinementList%5D%5Bbrand%5D%5B0%5D=OPEL&prod_VEHICLES%5BrefinementList%5D%5BmodelGroup1%5D%5B0%5D=VIVARO%20FOURGON","texte_lien_fin_carousel":"Voir plus","trier_par":"prix"},{"type_strate":"texte-simple","ancre":"","contenu":"<h2 style=\"text-align: justify;\">Quel type de contrat d&rsquo;assurance auto choisir ?<\/h2>\n<p style=\"text-align: justify;\">Les <strong>assureurs<\/strong> laissent g\u00e9n\u00e9ralement le choix entre plusieurs types de contrats. L&rsquo;assurance dite au tiers constitue le minimum l\u00e9gal et couvre les dommages que le v\u00e9hicule peut occasionner aux autres usagers et \u00e0 leur v\u00e9hicule, par exemple. Parfois, les assureurs proposent aussi une <strong>formule interm\u00e9diaire<\/strong> tiers \u00e9tendu. Elle comprend les m\u00eames garanties avec en plus une assurance contre le vol et l&rsquo;incendie de son v\u00e9hicule, ou encore des assistances de d\u00e9pannage plus compl\u00e8tes. Enfin, les <strong>contrats d&rsquo;assurance tous risques<\/strong> sont les plus complets, mais aussi les plus chers. Ils ajoutent ainsi l&rsquo;assurance contre les dommages subis par votre v\u00e9hicule. Les garanties exactes peuvent varier d&rsquo;un assureur \u00e0 l&rsquo;autre. Il est donc important de lire son contrat d&rsquo;assurance scrupuleusement.<\/p>\n<h2 style=\"text-align: justify;\">Quelle est la marque de voiture la moins ch\u00e8re en assurance ?<\/h2>\n<p style=\"text-align: justify;\">Le <strong>co\u00fbt de l&rsquo;assurance<\/strong> d\u00e9pend de nombreux facteurs. G\u00e9n\u00e9ralement, une voiture puissante et ch\u00e8re est plus co\u00fbteuse \u00e0 assurer, en particulier aupr\u00e8s des\u00a0<strong>jeunes conducteurs<\/strong>. Les marques premium telles que BMW, Mercedes et Audi ont donc un co\u00fbt en assurance plus \u00e9lev\u00e9 en moyenne que des constructeurs comme Renault, Dacia ou Opel. Bien entendu, cela d\u00e9pend toutefois du mod\u00e8le. C&rsquo;est pourquoi il est important d&rsquo;effectuer des <strong>devis en ligne via des comparateurs d&rsquo;assurance<\/strong> en amont d&rsquo;un achat.<\/p>\n<h2 style=\"text-align: justify;\">Quelles sont les Opel les moins ch\u00e8res en assurance pour un jeune conducteur ?<\/h2>\n<p style=\"text-align: justify;\">Les <a href=\"https:\/\/www.bymycar.fr\/marques\/opel\" target=\"_blank\" rel=\"noopener\">Opel<\/a> les moins ch\u00e8res pour un jeune permis sont les mod\u00e8les citadins, tels que l&rsquo;Adam et la Corsa, ou encore les SUV Mokka et Crossland. Les tarifs d&rsquo;assurance sont aussi habituellement plus bas pour les mod\u00e8les plus anciens. Les <strong>Opel Meriva<\/strong>, Karl et Agila sont ainsi des choix int\u00e9ressants. Elles profitent d&rsquo;un co\u00fbt d&rsquo;assurance plus faible, d&rsquo;une bonne fiabilit\u00e9 et d&rsquo;une <strong>exp\u00e9rience agr\u00e9able au volant<\/strong>.<\/p>\n<h2 style=\"text-align: justify;\">Quel est le prix d&rsquo;une assurance auto tous risques pour Opel Vivaro ?<\/h2>\n<p style=\"text-align: justify;\">Pour profiter des <strong>garanties d&rsquo;assurance maximales<\/strong> sur son Opel Vivaro, il est n\u00e9cessaire d&rsquo;opter pour un contrat tous risques. Il s&rsquo;agit de la formule la plus co\u00fbteuse. Le van d&rsquo;Opel a connu trois g\u00e9n\u00e9rations et les mod\u00e8les les plus r\u00e9cents sont les plus chers \u00e0 assurer. La puissance du mod\u00e8le actuel varie de 95 \u00e0 178 ch en diesel. Les versions les plus puissantes co\u00fbtent l\u00e9g\u00e8rement plus cher \u00e0 assurer. Il existe \u00e9galement une d\u00e9clinaison \u00e9lectrique Vivaro-e de 136 ch. \u00c0 noter que l&rsquo;Opel Vivaro existe aussi en version d\u00e9di\u00e9e au transport de passager. Il se nomme Zafira et Zafira-e en \u00e9lectrique, comme l&rsquo;ancien monospace d&rsquo;Opel.<\/p>\n<h2 style=\"text-align: justify;\">Quel est le prix d&rsquo;une assurance auto pour une voiture de 75 000 \u20ac ?<\/h2>\n<p style=\"text-align: justify;\">Le <strong>prix de l&rsquo;assurance<\/strong> d&rsquo;une voiture de 75 000 \u20ac* est souvent \u00e9lev\u00e9, en particulier en tous risques. En effet, plus une voiture est ch\u00e8re, plus elle co\u00fbte cher \u00e0 r\u00e9parer en cas d&rsquo;accident. En contrat au tiers, le tarif peut \u00eatre plus accessible, mais les garanties sont alors aussi moins importantes. De plus, les voitures de 75 000 \u20ac sont g\u00e9n\u00e9ralement des mod\u00e8les puissants, ce qui a aussi un impact sur le prix de l&rsquo;assurance, m\u00eame avec un contrat au tiers.<\/p>\n<h2 style=\"text-align: justify;\">Quelle Opel choisir en occasion ?<\/h2>\n<p style=\"text-align: justify;\"><strong>Opel<\/strong> dispose d&rsquo;une large gamme de mod\u00e8les citadins et familiaux, essence, diesel, hybrides rechargeables et m\u00eame 100% \u00e9lectriques. Il existe donc des Opel pour tous les besoins, en neuf comme en occasion.<\/p>\n<h3 style=\"text-align: justify;\">Est-ce que l&rsquo;Opel Corsa est une bonne voiture ?<\/h3>\n<p style=\"text-align: justify;\">La Corsa est la citadine polyvalente d&rsquo;Opel depuis 1982. La g\u00e9n\u00e9ration actuelle, connue sous le nom de Corsa F, a \u00e9t\u00e9 d\u00e9velopp\u00e9e sur la m\u00eame plateforme que la Peugeot 208 de seconde g\u00e9n\u00e9ration, par exemple. Opel a \u00e9t\u00e9 rachet\u00e9 par PSA et fait d\u00e9sormais partie du groupe Stellantis. La Corsa existe aussi en\u00a0<strong>version 100% \u00e9lectrique Corsa-e<\/strong>, en alternative aux versions essence et diesel classiques.<\/p>\n<h3 style=\"text-align: justify;\">Est-ce que l&rsquo;Opel Mokka est une bonne voiture ?<\/h3>\n<p style=\"text-align: justify;\">L&rsquo;<strong>Opel Mokka<\/strong> est au Peugeot 2008 ce que la Corsa est \u00e0 la 208. Ainsi, il s&rsquo;agit du SUV citadin de la marque allemande, d\u00e9velopp\u00e9 sous l&rsquo;\u00e8re PSA. Le Mokka est agr\u00e9able \u00e0 conduire et propose jusqu&rsquo;\u00e0\u00a0<strong>136 ch en version \u00e9lectrique Mokka-e<\/strong>. L&rsquo;accent est mis sur la personnalisation, avec la possibilit\u00e9 d&rsquo;opter pour une peinture bicolore.<\/p>\n<h3 style=\"text-align: justify;\">Est-ce que l&rsquo;Opel Crossland est une bonne voiture ?<\/h3>\n<p style=\"text-align: justify;\">L&rsquo;<strong>Opel Crossland X<\/strong>, depuis renomm\u00e9 Crossland, est l&rsquo;autre SUV citadin d&rsquo;Opel. Il se montre l\u00e9g\u00e8rement plus familial que le Mokka, gr\u00e2ce notamment \u00e0 sa banquette coulissante sur 15 cm. Elle permet de faire varier l&rsquo;espace des passagers arri\u00e8re et celui du coffre, afin de privil\u00e9gier l&rsquo;un ou l&rsquo;autre en fonction des besoins.<\/p>\n<h3 style=\"text-align: justify;\">Est-ce que l&rsquo;Opel Astra est une bonne voiture ?<\/h3>\n<p style=\"text-align: justify;\">L&rsquo;<strong>Astra<\/strong> est la berline compacte d&rsquo;Opel. Sa nouvelle g\u00e9n\u00e9ration, apparue en 2021, existe \u00e0 la fois en versions essence, diesel et hybrides rechargeables. C&rsquo;est d&rsquo;ailleurs avec une motorisation essence\/\u00e9lectrique qu&rsquo;elle fait rena\u00eetre le blason GSe, signe de sportivit\u00e9 chez Opel. Cette version d\u00e9veloppe 225 ch et permet de passer de 0 \u00e0 100 km\/h en seulement 7,5 s.<\/p>\n<h3 style=\"text-align: justify;\">Est-ce que l&rsquo;Opel Grandland est une bonne voiture ?<\/h3>\n<p style=\"text-align: justify;\">L&rsquo;<strong>Opel Grandland<\/strong> est l&rsquo;alli\u00e9 id\u00e9al des familles. Il s&rsquo;agit du SUV compact de la marque, auparavant connu sous le nom de Grandland X. Il est le cousin technique des Peugeot 3008 de deuxi\u00e8me g\u00e9n\u00e9ration et Citro\u00ebn C5 Aircross. Comme eux, il propose des versions essence, diesel et hybrides rechargeables, afin de r\u00e9pondre aux besoins d&rsquo;un maximum de conducteurs.<\/p>\n<h3 style=\"text-align: justify;\">Est-ce que l&rsquo;Opel Combo est une bonne voiture ?<\/h3>\n<p style=\"text-align: justify;\">Le <strong>Combo<\/strong> est le ludospace d&rsquo;Opel. La g\u00e9n\u00e9ration actuelle est d\u00e9riv\u00e9e des Peugeot Rifter et Partner,\u00a0Citro\u00ebn Berlingo,\u00a0Toyota ProAce City et Fiat Dobl\u00f2. Elle est disponible en version utilitaire ou particulier et en essence, diesel et \u00e9lectrique.<\/p>\n<h3 style=\"text-align: justify;\">Est-ce que l&rsquo;Opel Vivaro est une bonne voiture ?<\/h3>\n<p style=\"text-align: justify;\">L&rsquo;<strong>Opel Vivaro<\/strong> est le grand fr\u00e8re du Combo. Il est, lui aussi, propos\u00e9 en version utilitaire ou particulier, et prend alors le nom de Zafira. Enfin, une version \u00e9lectrique est propos\u00e9e, appel\u00e9e Vivaro-e ou Zafira-e.<\/p>\n<p style=\"text-align: justify;\">Retrouvez tous les mod\u00e8les Opel dans nos <a href=\"https:\/\/www.bymycar.fr\/concessions\/opel\" target=\"_blank\" rel=\"noopener\">concessions BYmyCAR<\/a>.<\/p>\n<p style=\"text-align: justify;\">*voir conditions en concession<\/p>\n","titre":"t1","image":false,"image_libre":false,"image_800x500":false,"legende":"","zoom":false,"texte":"","articles":false,"categorie_droite":false,"images":false,"elements_comparatif":false,"texte_1":"","texte_2":"","image_1":false,"image_1_563x400":false,"image_1_332x332":false,"image_2":false,"image_2_333x240":false,"image_2_563x400":false,"image_3":false,"image_3_333x240":false,"image_3_332x450":false,"image_4":false,"image_4_332x332":false,"image_4_563x400":false,"code_embed":"","legende_video":"","photo":false,"photo_100x100":false,"nom":"","fonction":"","elements_timeline":false,"entetes_colonnes":false,"entetes_lignes":false,"lignes":false,"introduction":"","formulaire":false,"question":"","reponse":"","libelle_bouton_lien":"","url_lien":"","questions":false,"conclusions":false,"pays":false,"region":false,"marque":false,"marqueConcessions":false,"modele":false,"ptvente":false,"typeV":false,"collection":false,"nombre_maximum_elements":10,"lien_fin_carousel":"","texte_lien_fin_carousel":"","trier_par":false},{"type_strate":"carousel-produits","ancre":"","contenu":"","titre":"Voir une s\u00e9lection de v\u00e9hicules Opel Vivaro disponibles","image":false,"image_libre":false,"image_800x500":false,"legende":"","zoom":false,"texte":"","articles":false,"categorie_droite":false,"images":false,"elements_comparatif":false,"texte_1":"","texte_2":"","image_1":false,"image_1_563x400":false,"image_1_332x332":false,"image_2":false,"image_2_333x240":false,"image_2_563x400":false,"image_3":false,"image_3_333x240":false,"image_3_332x450":false,"image_4":false,"image_4_332x332":false,"image_4_563x400":false,"code_embed":"","legende_video":"","photo":false,"photo_100x100":false,"nom":"","fonction":"","elements_timeline":false,"entetes_colonnes":false,"entetes_lignes":false,"lignes":false,"introduction":"","formulaire":false,"question":"","reponse":"","libelle_bouton_lien":"","url_lien":"","questions":false,"conclusions":false,"pays":"1","region":"","marque":"4","marqueConcessions":false,"modele":"VIVARO FOURGON","ptvente":"","typeV":"","collection":"","nombre_maximum_elements":"5","lien_fin_carousel":"https:\/\/www.bymycar.fr\/rechercher-un-vehicule?prod_VEHICLES%5BrefinementList%5D%5BvehType%5D%5B0%5D=Occasion&prod_VEHICLES%5BrefinementList%5D%5Bbrand%5D%5B0%5D=OPEL&prod_VEHICLES%5BrefinementList%5D%5BmodelGroup1%5D%5B0%5D=VIVARO%20FOURGON","texte_lien_fin_carousel":"Voir plus","trier_par":"nouveaute"}],"is_old_post":false,"image":{"ID":42847,"id":42847,"title":"Opel Vivaro-e","filename":"OpelVivaro-e_511870.jpg","filesize":545666,"url":"https:\/\/cdn.bymycar.eu\/fr-webzine\/wp-content\/uploads\/medias\/OpelVivaro-e_511870.jpg","link":"https:\/\/www.bymycar.fr\/webzine\/combien-coute-lassurance-dun-opel-vivaro\/opel-vivaro-e-3\/","alt":"Fourgon Opel Vivaro jaune ouvert","author":"88","description":"","caption":"Opel Vivaro-e","name":"opel-vivaro-e-3","status":"inherit","uploaded_to":42846,"date":"2023-10-04 14:39:26","modified":"2023-10-04 14:39:54","menu_order":0,"mime_type":"image\/jpeg","type":"image","subtype":"jpeg","icon":"https:\/\/www.bymycar.fr\/webzine\/wp-includes\/images\/media\/default.png","width":2560,"height":1631,"sizes":{"thumbnail":"https:\/\/cdn.bymycar.eu\/fr-webzine\/wp-content\/uploads\/medias\/OpelVivaro-e_511870-150x150.jpg","thumbnail-width":150,"thumbnail-height":150,"medium":"https:\/\/cdn.bymycar.eu\/fr-webzine\/wp-content\/uploads\/medias\/OpelVivaro-e_511870-300x191.jpg","medium-width":300,"medium-height":191,"medium_large":"https:\/\/cdn.bymycar.eu\/fr-webzine\/wp-content\/uploads\/medias\/OpelVivaro-e_511870-768x489.jpg","medium_large-width":768,"medium_large-height":489,"large":"https:\/\/cdn.bymycar.eu\/fr-webzine\/wp-content\/uploads\/medias\/OpelVivaro-e_511870-1024x653.jpg","large-width":1024,"large-height":653,"1536x1536":"https:\/\/cdn.bymycar.eu\/fr-webzine\/wp-content\/uploads\/medias\/OpelVivaro-e_511870-1536x979.jpg","1536x1536-width":1536,"1536x1536-height":979,"2048x2048":"https:\/\/cdn.bymycar.eu\/fr-webzine\/wp-content\/uploads\/medias\/OpelVivaro-e_511870-2048x1305.jpg","2048x2048-width":2048,"2048x2048-height":1305}},"page_content":{"block_content":[{"acf_fc_layout":"carousel-produits"},{"acf_fc_layout":"text-simple","--nav":{"-withNav":false,"-ancre":""},"--group":{"-text":"<h2 style=\"text-align: justify;\">Quel type de contrat d&rsquo;assurance auto choisir ?<\/h2>\n<p style=\"text-align: justify;\">Les <strong>assureurs<\/strong> laissent g\u00e9n\u00e9ralement le choix entre plusieurs types de contrats. L&rsquo;assurance dite au tiers constitue le minimum l\u00e9gal et couvre les dommages que le v\u00e9hicule peut occasionner aux autres usagers et \u00e0 leur v\u00e9hicule, par exemple. Parfois, les assureurs proposent aussi une <strong>formule interm\u00e9diaire<\/strong> tiers \u00e9tendu. Elle comprend les m\u00eames garanties avec en plus une assurance contre le vol et l&rsquo;incendie de son v\u00e9hicule, ou encore des assistances de d\u00e9pannage plus compl\u00e8tes. Enfin, les <strong>contrats d&rsquo;assurance tous risques<\/strong> sont les plus complets, mais aussi les plus chers. Ils ajoutent ainsi l&rsquo;assurance contre les dommages subis par votre v\u00e9hicule. Les garanties exactes peuvent varier d&rsquo;un assureur \u00e0 l&rsquo;autre. Il est donc important de lire son contrat d&rsquo;assurance scrupuleusement.<\/p>\n<h2 style=\"text-align: justify;\">Quelle est la marque de voiture la moins ch\u00e8re en assurance ?<\/h2>\n<p style=\"text-align: justify;\">Le <strong>co\u00fbt de l&rsquo;assurance<\/strong> d\u00e9pend de nombreux facteurs. G\u00e9n\u00e9ralement, une voiture puissante et ch\u00e8re est plus co\u00fbteuse \u00e0 assurer, en particulier aupr\u00e8s des\u00a0<strong>jeunes conducteurs<\/strong>. Les marques premium telles que BMW, Mercedes et Audi ont donc un co\u00fbt en assurance plus \u00e9lev\u00e9 en moyenne que des constructeurs comme Renault, Dacia ou Opel. Bien entendu, cela d\u00e9pend toutefois du mod\u00e8le. C&rsquo;est pourquoi il est important d&rsquo;effectuer des <strong>devis en ligne via des comparateurs d&rsquo;assurance<\/strong> en amont d&rsquo;un achat.<\/p>\n<h2 style=\"text-align: justify;\">Quelles sont les Opel les moins ch\u00e8res en assurance pour un jeune conducteur ?<\/h2>\n<p style=\"text-align: justify;\">Les <a href=\"https:\/\/www.bymycar.fr\/marques\/opel\" target=\"_blank\" rel=\"noopener\">Opel<\/a> les moins ch\u00e8res pour un jeune permis sont les mod\u00e8les citadins, tels que l&rsquo;Adam et la Corsa, ou encore les SUV Mokka et Crossland. Les tarifs d&rsquo;assurance sont aussi habituellement plus bas pour les mod\u00e8les plus anciens. Les <strong>Opel Meriva<\/strong>, Karl et Agila sont ainsi des choix int\u00e9ressants. Elles profitent d&rsquo;un co\u00fbt d&rsquo;assurance plus faible, d&rsquo;une bonne fiabilit\u00e9 et d&rsquo;une <strong>exp\u00e9rience agr\u00e9able au volant<\/strong>.<\/p>\n<h2 style=\"text-align: justify;\">Quel est le prix d&rsquo;une assurance auto tous risques pour Opel Vivaro ?<\/h2>\n<p style=\"text-align: justify;\">Pour profiter des <strong>garanties d&rsquo;assurance maximales<\/strong> sur son Opel Vivaro, il est n\u00e9cessaire d&rsquo;opter pour un contrat tous risques. Il s&rsquo;agit de la formule la plus co\u00fbteuse. Le van d&rsquo;Opel a connu trois g\u00e9n\u00e9rations et les mod\u00e8les les plus r\u00e9cents sont les plus chers \u00e0 assurer. La puissance du mod\u00e8le actuel varie de 95 \u00e0 178 ch en diesel. Les versions les plus puissantes co\u00fbtent l\u00e9g\u00e8rement plus cher \u00e0 assurer. Il existe \u00e9galement une d\u00e9clinaison \u00e9lectrique Vivaro-e de 136 ch. \u00c0 noter que l&rsquo;Opel Vivaro existe aussi en version d\u00e9di\u00e9e au transport de passager. Il se nomme Zafira et Zafira-e en \u00e9lectrique, comme l&rsquo;ancien monospace d&rsquo;Opel.<\/p>\n<h2 style=\"text-align: justify;\">Quel est le prix d&rsquo;une assurance auto pour une voiture de 75 000 \u20ac ?<\/h2>\n<p style=\"text-align: justify;\">Le <strong>prix de l&rsquo;assurance<\/strong> d&rsquo;une voiture de 75 000 \u20ac* est souvent \u00e9lev\u00e9, en particulier en tous risques. En effet, plus une voiture est ch\u00e8re, plus elle co\u00fbte cher \u00e0 r\u00e9parer en cas d&rsquo;accident. En contrat au tiers, le tarif peut \u00eatre plus accessible, mais les garanties sont alors aussi moins importantes. De plus, les voitures de 75 000 \u20ac sont g\u00e9n\u00e9ralement des mod\u00e8les puissants, ce qui a aussi un impact sur le prix de l&rsquo;assurance, m\u00eame avec un contrat au tiers.<\/p>\n<h2 style=\"text-align: justify;\">Quelle Opel choisir en occasion ?<\/h2>\n<p style=\"text-align: justify;\"><strong>Opel<\/strong> dispose d&rsquo;une large gamme de mod\u00e8les citadins et familiaux, essence, diesel, hybrides rechargeables et m\u00eame 100% \u00e9lectriques. Il existe donc des Opel pour tous les besoins, en neuf comme en occasion.<\/p>\n<h3 style=\"text-align: justify;\">Est-ce que l&rsquo;Opel Corsa est une bonne voiture ?<\/h3>\n<p style=\"text-align: justify;\">La Corsa est la citadine polyvalente d&rsquo;Opel depuis 1982. La g\u00e9n\u00e9ration actuelle, connue sous le nom de Corsa F, a \u00e9t\u00e9 d\u00e9velopp\u00e9e sur la m\u00eame plateforme que la Peugeot 208 de seconde g\u00e9n\u00e9ration, par exemple. Opel a \u00e9t\u00e9 rachet\u00e9 par PSA et fait d\u00e9sormais partie du groupe Stellantis. La Corsa existe aussi en\u00a0<strong>version 100% \u00e9lectrique Corsa-e<\/strong>, en alternative aux versions essence et diesel classiques.<\/p>\n<h3 style=\"text-align: justify;\">Est-ce que l&rsquo;Opel Mokka est une bonne voiture ?<\/h3>\n<p style=\"text-align: justify;\">L&rsquo;<strong>Opel Mokka<\/strong> est au Peugeot 2008 ce que la Corsa est \u00e0 la 208. Ainsi, il s&rsquo;agit du SUV citadin de la marque allemande, d\u00e9velopp\u00e9 sous l&rsquo;\u00e8re PSA. Le Mokka est agr\u00e9able \u00e0 conduire et propose jusqu&rsquo;\u00e0\u00a0<strong>136 ch en version \u00e9lectrique Mokka-e<\/strong>. L&rsquo;accent est mis sur la personnalisation, avec la possibilit\u00e9 d&rsquo;opter pour une peinture bicolore.<\/p>\n<h3 style=\"text-align: justify;\">Est-ce que l&rsquo;Opel Crossland est une bonne voiture ?<\/h3>\n<p style=\"text-align: justify;\">L&rsquo;<strong>Opel Crossland X<\/strong>, depuis renomm\u00e9 Crossland, est l&rsquo;autre SUV citadin d&rsquo;Opel. Il se montre l\u00e9g\u00e8rement plus familial que le Mokka, gr\u00e2ce notamment \u00e0 sa banquette coulissante sur 15 cm. Elle permet de faire varier l&rsquo;espace des passagers arri\u00e8re et celui du coffre, afin de privil\u00e9gier l&rsquo;un ou l&rsquo;autre en fonction des besoins.<\/p>\n<h3 style=\"text-align: justify;\">Est-ce que l&rsquo;Opel Astra est une bonne voiture ?<\/h3>\n<p style=\"text-align: justify;\">L&rsquo;<strong>Astra<\/strong> est la berline compacte d&rsquo;Opel. Sa nouvelle g\u00e9n\u00e9ration, apparue en 2021, existe \u00e0 la fois en versions essence, diesel et hybrides rechargeables. C&rsquo;est d&rsquo;ailleurs avec une motorisation essence\/\u00e9lectrique qu&rsquo;elle fait rena\u00eetre le blason GSe, signe de sportivit\u00e9 chez Opel. Cette version d\u00e9veloppe 225 ch et permet de passer de 0 \u00e0 100 km\/h en seulement 7,5 s.<\/p>\n<h3 style=\"text-align: justify;\">Est-ce que l&rsquo;Opel Grandland est une bonne voiture ?<\/h3>\n<p style=\"text-align: justify;\">L&rsquo;<strong>Opel Grandland<\/strong> est l&rsquo;alli\u00e9 id\u00e9al des familles. Il s&rsquo;agit du SUV compact de la marque, auparavant connu sous le nom de Grandland X. Il est le cousin technique des Peugeot 3008 de deuxi\u00e8me g\u00e9n\u00e9ration et Citro\u00ebn C5 Aircross. Comme eux, il propose des versions essence, diesel et hybrides rechargeables, afin de r\u00e9pondre aux besoins d&rsquo;un maximum de conducteurs.<\/p>\n<h3 style=\"text-align: justify;\">Est-ce que l&rsquo;Opel Combo est une bonne voiture ?<\/h3>\n<p style=\"text-align: justify;\">Le <strong>Combo<\/strong> est le ludospace d&rsquo;Opel. La g\u00e9n\u00e9ration actuelle est d\u00e9riv\u00e9e des Peugeot Rifter et Partner,\u00a0Citro\u00ebn Berlingo,\u00a0Toyota ProAce City et Fiat Dobl\u00f2. Elle est disponible en version utilitaire ou particulier et en essence, diesel et \u00e9lectrique.<\/p>\n<h3 style=\"text-align: justify;\">Est-ce que l&rsquo;Opel Vivaro est une bonne voiture ?<\/h3>\n<p style=\"text-align: justify;\">L&rsquo;<strong>Opel Vivaro<\/strong> est le grand fr\u00e8re du Combo. Il est, lui aussi, propos\u00e9 en version utilitaire ou particulier, et prend alors le nom de Zafira. Enfin, une version \u00e9lectrique est propos\u00e9e, appel\u00e9e Vivaro-e ou Zafira-e.<\/p>\n<p style=\"text-align: justify;\">Retrouvez tous les mod\u00e8les Opel dans nos <a href=\"https:\/\/www.bymycar.fr\/concessions\/opel\" target=\"_blank\" rel=\"noopener\">concessions BYmyCAR<\/a>.<\/p>\n<p style=\"text-align: justify;\">*voir conditions en concession<\/p>\n"}},{"acf_fc_layout":"carousel-produits"}]},"add-carousel-to-footer":true},"yoast_head":"<!-- This site is optimized with the Yoast SEO Premium plugin v26.4 (Yoast SEO v26.4) - https:\/\/yoast.com\/wordpress\/plugins\/seo\/ -->\n<title>Combien co\u00fbte l&#039;assurance d&#039;un Opel Vivaro ?<\/title>\n<meta name=\"robots\" content=\"index, follow, max-snippet:-1, max-image-preview:large, max-video-preview:-1\" \/>\n<link rel=\"canonical\" href=\"https:\/\/www.bymycar.fr\/webzine\/combien-coute-lassurance-dun-opel-vivaro\/\" \/>\n<meta property=\"og:locale\" content=\"fr_FR\" \/>\n<meta property=\"og:type\" content=\"article\" \/>\n<meta property=\"og:title\" content=\"Combien co\u00fbte l&#039;assurance d&#039;un Opel Vivaro ?\" \/>\n<meta property=\"og:url\" content=\"https:\/\/www.bymycar.fr\/webzine\/combien-coute-lassurance-dun-opel-vivaro\/\" \/>\n<meta property=\"og:site_name\" content=\"Webzine auto BYmyCAR\" \/>\n<meta property=\"article:published_time\" content=\"2023-10-04T14:40:15+00:00\" \/>\n<meta property=\"article:modified_time\" content=\"2025-09-09T09:34:36+00:00\" \/>\n<meta property=\"og:image\" content=\"https:\/\/cdn.bymycar.eu\/fr-webzine\/wp-content\/uploads\/medias\/OpelVivaro-e_511870.jpg\" \/>\n\t<meta property=\"og:image:width\" content=\"2560\" \/>\n\t<meta property=\"og:image:height\" content=\"1631\" \/>\n\t<meta property=\"og:image:type\" content=\"image\/jpeg\" \/>\n<meta name=\"author\" content=\"La R\u00e9daction BYmyCAR\" \/>\n<meta name=\"twitter:card\" content=\"summary_large_image\" \/>\n<meta name=\"twitter:label1\" content=\"\u00c9crit par\" \/>\n\t<meta name=\"twitter:data1\" content=\"La R\u00e9daction BYmyCAR\" \/>\n<script type=\"application\/ld+json\" class=\"yoast-schema-graph\">{\"@context\":\"https:\/\/schema.org\",\"@graph\":[{\"@type\":\"Article\",\"@id\":\"https:\/\/www.bymycar.fr\/webzine\/combien-coute-lassurance-dun-opel-vivaro\/#article\",\"isPartOf\":{\"@id\":\"https:\/\/www.bymycar.fr\/webzine\/combien-coute-lassurance-dun-opel-vivaro\/\"},\"author\":{\"name\":\"La R\u00e9daction BYmyCAR\",\"@id\":\"https:\/\/www.bymycar.fr\/webzine\/#\/schema\/person\/8d570fe11eb8929f06c1e6d00f4d9689\"},\"headline\":\"Combien co\u00fbte l&rsquo;assurance d&rsquo;un Opel Vivaro ?\",\"datePublished\":\"2023-10-04T14:40:15+00:00\",\"dateModified\":\"2025-09-09T09:34:36+00:00\",\"mainEntityOfPage\":{\"@id\":\"https:\/\/www.bymycar.fr\/webzine\/combien-coute-lassurance-dun-opel-vivaro\/\"},\"wordCount\":9,\"publisher\":{\"@id\":\"https:\/\/www.bymycar.fr\/webzine\/#organization\"},\"image\":{\"@id\":\"https:\/\/www.bymycar.fr\/webzine\/combien-coute-lassurance-dun-opel-vivaro\/#primaryimage\"},\"thumbnailUrl\":\"https:\/\/cdn.bymycar.eu\/fr-webzine\/wp-content\/uploads\/medias\/OpelVivaro-e_511870.jpg\",\"articleSection\":[\"Guide d'achat Opel Vivaro\"],\"inLanguage\":\"fr-FR\"},{\"@type\":\"WebPage\",\"@id\":\"https:\/\/www.bymycar.fr\/webzine\/combien-coute-lassurance-dun-opel-vivaro\/\",\"url\":\"https:\/\/www.bymycar.fr\/webzine\/combien-coute-lassurance-dun-opel-vivaro\/\",\"name\":\"Combien co\u00fbte l'assurance d'un Opel Vivaro ?\",\"isPartOf\":{\"@id\":\"https:\/\/www.bymycar.fr\/webzine\/#website\"},\"primaryImageOfPage\":{\"@id\":\"https:\/\/www.bymycar.fr\/webzine\/combien-coute-lassurance-dun-opel-vivaro\/#primaryimage\"},\"image\":{\"@id\":\"https:\/\/www.bymycar.fr\/webzine\/combien-coute-lassurance-dun-opel-vivaro\/#primaryimage\"},\"thumbnailUrl\":\"https:\/\/cdn.bymycar.eu\/fr-webzine\/wp-content\/uploads\/medias\/OpelVivaro-e_511870.jpg\",\"datePublished\":\"2023-10-04T14:40:15+00:00\",\"dateModified\":\"2025-09-09T09:34:36+00:00\",\"breadcrumb\":{\"@id\":\"https:\/\/www.bymycar.fr\/webzine\/combien-coute-lassurance-dun-opel-vivaro\/#breadcrumb\"},\"inLanguage\":\"fr-FR\",\"potentialAction\":[{\"@type\":\"ReadAction\",\"target\":[\"https:\/\/www.bymycar.fr\/webzine\/combien-coute-lassurance-dun-opel-vivaro\/\"]}]},{\"@type\":\"ImageObject\",\"inLanguage\":\"fr-FR\",\"@id\":\"https:\/\/www.bymycar.fr\/webzine\/combien-coute-lassurance-dun-opel-vivaro\/#primaryimage\",\"url\":\"https:\/\/cdn.bymycar.eu\/fr-webzine\/wp-content\/uploads\/medias\/OpelVivaro-e_511870.jpg\",\"contentUrl\":\"https:\/\/cdn.bymycar.eu\/fr-webzine\/wp-content\/uploads\/medias\/OpelVivaro-e_511870.jpg\",\"width\":2560,\"height\":1631,\"caption\":\"Opel Vivaro-e\"},{\"@type\":\"BreadcrumbList\",\"@id\":\"https:\/\/www.bymycar.fr\/webzine\/combien-coute-lassurance-dun-opel-vivaro\/#breadcrumb\",\"itemListElement\":[{\"@type\":\"ListItem\",\"position\":1,\"name\":\"Accueil\",\"item\":\"https:\/\/www.bymycar.fr\/webzine\/\"},{\"@type\":\"ListItem\",\"position\":2,\"name\":\"Combien co\u00fbte l&rsquo;assurance d&rsquo;un Opel Vivaro ?\"}]},{\"@type\":\"WebSite\",\"@id\":\"https:\/\/www.bymycar.fr\/webzine\/#website\",\"url\":\"https:\/\/www.bymycar.fr\/webzine\/\",\"name\":\"Webzine auto BYmyCAR\",\"description\":\"La magazine auto de BYmyCAR\",\"publisher\":{\"@id\":\"https:\/\/www.bymycar.fr\/webzine\/#organization\"},\"potentialAction\":[{\"@type\":\"SearchAction\",\"target\":{\"@type\":\"EntryPoint\",\"urlTemplate\":\"https:\/\/www.bymycar.fr\/webzine\/?s={search_term_string}\"},\"query-input\":{\"@type\":\"PropertyValueSpecification\",\"valueRequired\":true,\"valueName\":\"search_term_string\"}}],\"inLanguage\":\"fr-FR\"},{\"@type\":\"Organization\",\"@id\":\"https:\/\/www.bymycar.fr\/webzine\/#organization\",\"name\":\"BYmyCAR\",\"url\":\"https:\/\/www.bymycar.fr\/webzine\/\",\"logo\":{\"@type\":\"ImageObject\",\"inLanguage\":\"fr-FR\",\"@id\":\"https:\/\/www.bymycar.fr\/webzine\/#\/schema\/logo\/image\/\",\"url\":\"https:\/\/cdn.bymycar.eu\/fr-webzine\/wp-content\/uploads\/medias\/2017\/08\/logo_DEALER_00000406_001.png\",\"contentUrl\":\"https:\/\/cdn.bymycar.eu\/fr-webzine\/wp-content\/uploads\/medias\/2017\/08\/logo_DEALER_00000406_001.png\",\"width\":2132,\"height\":720,\"caption\":\"BYmyCAR\"},\"image\":{\"@id\":\"https:\/\/www.bymycar.fr\/webzine\/#\/schema\/logo\/image\/\"}},{\"@type\":\"Person\",\"@id\":\"https:\/\/www.bymycar.fr\/webzine\/#\/schema\/person\/8d570fe11eb8929f06c1e6d00f4d9689\",\"name\":\"La R\u00e9daction BYmyCAR\",\"image\":{\"@type\":\"ImageObject\",\"inLanguage\":\"fr-FR\",\"@id\":\"https:\/\/www.bymycar.fr\/webzine\/#\/schema\/person\/image\/\",\"url\":\"https:\/\/secure.gravatar.com\/avatar\/1aa6b039d0ce106989923af4e2d0f2a0c82bb070d5e449f1b9adf082a5863900?s=96&d=mm&r=g\",\"contentUrl\":\"https:\/\/secure.gravatar.com\/avatar\/1aa6b039d0ce106989923af4e2d0f2a0c82bb070d5e449f1b9adf082a5863900?s=96&d=mm&r=g\",\"caption\":\"La R\u00e9daction BYmyCAR\"},\"sameAs\":[\"https:\/\/www.bymycar.fr\/\"]}]}<\/script>\n<!-- \/ Yoast SEO Premium plugin. -->","yoast_head_json":{"title":"Combien co\u00fbte l'assurance d'un Opel Vivaro ?","robots":{"index":"index","follow":"follow","max-snippet":"max-snippet:-1","max-image-preview":"max-image-preview:large","max-video-preview":"max-video-preview:-1"},"canonical":"https:\/\/www.bymycar.fr\/webzine\/combien-coute-lassurance-dun-opel-vivaro\/","og_locale":"fr_FR","og_type":"article","og_title":"Combien co\u00fbte l'assurance d'un Opel Vivaro ?","og_url":"https:\/\/www.bymycar.fr\/webzine\/combien-coute-lassurance-dun-opel-vivaro\/","og_site_name":"Webzine auto BYmyCAR","article_published_time":"2023-10-04T14:40:15+00:00","article_modified_time":"2025-09-09T09:34:36+00:00","og_image":[{"width":2560,"height":1631,"url":"https:\/\/cdn.bymycar.eu\/fr-webzine\/wp-content\/uploads\/medias\/OpelVivaro-e_511870.jpg","type":"image\/jpeg"}],"author":"La R\u00e9daction BYmyCAR","twitter_card":"summary_large_image","twitter_misc":{"\u00c9crit par":"La R\u00e9daction BYmyCAR"},"schema":{"@context":"https:\/\/schema.org","@graph":[{"@type":"Article","@id":"https:\/\/www.bymycar.fr\/webzine\/combien-coute-lassurance-dun-opel-vivaro\/#article","isPartOf":{"@id":"https:\/\/www.bymycar.fr\/webzine\/combien-coute-lassurance-dun-opel-vivaro\/"},"author":{"name":"La R\u00e9daction BYmyCAR","@id":"https:\/\/www.bymycar.fr\/webzine\/#\/schema\/person\/8d570fe11eb8929f06c1e6d00f4d9689"},"headline":"Combien co\u00fbte l&rsquo;assurance d&rsquo;un Opel Vivaro ?","datePublished":"2023-10-04T14:40:15+00:00","dateModified":"2025-09-09T09:34:36+00:00","mainEntityOfPage":{"@id":"https:\/\/www.bymycar.fr\/webzine\/combien-coute-lassurance-dun-opel-vivaro\/"},"wordCount":9,"publisher":{"@id":"https:\/\/www.bymycar.fr\/webzine\/#organization"},"image":{"@id":"https:\/\/www.bymycar.fr\/webzine\/combien-coute-lassurance-dun-opel-vivaro\/#primaryimage"},"thumbnailUrl":"https:\/\/cdn.bymycar.eu\/fr-webzine\/wp-content\/uploads\/medias\/OpelVivaro-e_511870.jpg","articleSection":["Guide d'achat Opel Vivaro"],"inLanguage":"fr-FR"},{"@type":"WebPage","@id":"https:\/\/www.bymycar.fr\/webzine\/combien-coute-lassurance-dun-opel-vivaro\/","url":"https:\/\/www.bymycar.fr\/webzine\/combien-coute-lassurance-dun-opel-vivaro\/","name":"Combien co\u00fbte l'assurance d'un Opel Vivaro ?","isPartOf":{"@id":"https:\/\/www.bymycar.fr\/webzine\/#website"},"primaryImageOfPage":{"@id":"https:\/\/www.bymycar.fr\/webzine\/combien-coute-lassurance-dun-opel-vivaro\/#primaryimage"},"image":{"@id":"https:\/\/www.bymycar.fr\/webzine\/combien-coute-lassurance-dun-opel-vivaro\/#primaryimage"},"thumbnailUrl":"https:\/\/cdn.bymycar.eu\/fr-webzine\/wp-content\/uploads\/medias\/OpelVivaro-e_511870.jpg","datePublished":"2023-10-04T14:40:15+00:00","dateModified":"2025-09-09T09:34:36+00:00","breadcrumb":{"@id":"https:\/\/www.bymycar.fr\/webzine\/combien-coute-lassurance-dun-opel-vivaro\/#breadcrumb"},"inLanguage":"fr-FR","potentialAction":[{"@type":"ReadAction","target":["https:\/\/www.bymycar.fr\/webzine\/combien-coute-lassurance-dun-opel-vivaro\/"]}]},{"@type":"ImageObject","inLanguage":"fr-FR","@id":"https:\/\/www.bymycar.fr\/webzine\/combien-coute-lassurance-dun-opel-vivaro\/#primaryimage","url":"https:\/\/cdn.bymycar.eu\/fr-webzine\/wp-content\/uploads\/medias\/OpelVivaro-e_511870.jpg","contentUrl":"https:\/\/cdn.bymycar.eu\/fr-webzine\/wp-content\/uploads\/medias\/OpelVivaro-e_511870.jpg","width":2560,"height":1631,"caption":"Opel Vivaro-e"},{"@type":"BreadcrumbList","@id":"https:\/\/www.bymycar.fr\/webzine\/combien-coute-lassurance-dun-opel-vivaro\/#breadcrumb","itemListElement":[{"@type":"ListItem","position":1,"name":"Accueil","item":"https:\/\/www.bymycar.fr\/webzine\/"},{"@type":"ListItem","position":2,"name":"Combien co\u00fbte l&rsquo;assurance d&rsquo;un Opel Vivaro ?"}]},{"@type":"WebSite","@id":"https:\/\/www.bymycar.fr\/webzine\/#website","url":"https:\/\/www.bymycar.fr\/webzine\/","name":"Webzine auto BYmyCAR","description":"La magazine auto de BYmyCAR","publisher":{"@id":"https:\/\/www.bymycar.fr\/webzine\/#organization"},"potentialAction":[{"@type":"SearchAction","target":{"@type":"EntryPoint","urlTemplate":"https:\/\/www.bymycar.fr\/webzine\/?s={search_term_string}"},"query-input":{"@type":"PropertyValueSpecification","valueRequired":true,"valueName":"search_term_string"}}],"inLanguage":"fr-FR"},{"@type":"Organization","@id":"https:\/\/www.bymycar.fr\/webzine\/#organization","name":"BYmyCAR","url":"https:\/\/www.bymycar.fr\/webzine\/","logo":{"@type":"ImageObject","inLanguage":"fr-FR","@id":"https:\/\/www.bymycar.fr\/webzine\/#\/schema\/logo\/image\/","url":"https:\/\/cdn.bymycar.eu\/fr-webzine\/wp-content\/uploads\/medias\/2017\/08\/logo_DEALER_00000406_001.png","contentUrl":"https:\/\/cdn.bymycar.eu\/fr-webzine\/wp-content\/uploads\/medias\/2017\/08\/logo_DEALER_00000406_001.png","width":2132,"height":720,"caption":"BYmyCAR"},"image":{"@id":"https:\/\/www.bymycar.fr\/webzine\/#\/schema\/logo\/image\/"}},{"@type":"Person","@id":"https:\/\/www.bymycar.fr\/webzine\/#\/schema\/person\/8d570fe11eb8929f06c1e6d00f4d9689","name":"La R\u00e9daction BYmyCAR","image":{"@type":"ImageObject","inLanguage":"fr-FR","@id":"https:\/\/www.bymycar.fr\/webzine\/#\/schema\/person\/image\/","url":"https:\/\/secure.gravatar.com\/avatar\/1aa6b039d0ce106989923af4e2d0f2a0c82bb070d5e449f1b9adf082a5863900?s=96&d=mm&r=g","contentUrl":"https:\/\/secure.gravatar.com\/avatar\/1aa6b039d0ce106989923af4e2d0f2a0c82bb070d5e449f1b9adf082a5863900?s=96&d=mm&r=g","caption":"La R\u00e9daction BYmyCAR"},"sameAs":["https:\/\/www.bymycar.fr\/"]}]}},"_links":{"self":[{"href":"https:\/\/www.bymycar.fr\/webzine\/wp-json\/wp\/v2\/posts\/42846","targetHints":{"allow":["GET"]}}],"collection":[{"href":"https:\/\/www.bymycar.fr\/webzine\/wp-json\/wp\/v2\/posts"}],"about":[{"href":"https:\/\/www.bymycar.fr\/webzine\/wp-json\/wp\/v2\/types\/post"}],"author":[{"embeddable":true,"href":"https:\/\/www.bymycar.fr\/webzine\/wp-json\/wp\/v2\/users\/88"}],"replies":[{"embeddable":true,"href":"https:\/\/www.bymycar.fr\/webzine\/wp-json\/wp\/v2\/comments?post=42846"}],"version-history":[{"count":2,"href":"https:\/\/www.bymycar.fr\/webzine\/wp-json\/wp\/v2\/posts\/42846\/revisions"}],"predecessor-version":[{"id":42849,"href":"https:\/\/www.bymycar.fr\/webzine\/wp-json\/wp\/v2\/posts\/42846\/revisions\/42849"}],"wp:featuredmedia":[{"embeddable":true,"href":"https:\/\/www.bymycar.fr\/webzine\/wp-json\/wp\/v2\/media\/42847"}],"wp:attachment":[{"href":"https:\/\/www.bymycar.fr\/webzine\/wp-json\/wp\/v2\/media?parent=42846"}],"wp:term":[{"taxonomy":"category","embeddable":true,"href":"https:\/\/www.bymycar.fr\/webzine\/wp-json\/wp\/v2\/categories?post=42846"},{"taxonomy":"post_tag","embeddable":true,"href":"https:\/\/www.bymycar.fr\/webzine\/wp-json\/wp\/v2\/tags?post=42846"}],"curies":[{"name":"wp","href":"https:\/\/api.w.org\/{rel}","templated":true}]}}