{"id":42674,"date":"2023-09-22T09:58:39","date_gmt":"2023-09-22T07:58:39","guid":{"rendered":"https:\/\/prod.bymycar.fr\/webzine\/?p=42674"},"modified":"2026-04-13T17:47:47","modified_gmt":"2026-04-13T15:47:47","slug":"top-10-des-voitures-electriques-les-moins-cheres-en-2023","status":"publish","type":"post","link":"https:\/\/www.bymycar.fr\/webzine\/top-10-des-voitures-electriques-les-moins-cheres-en-2023\/","title":{"rendered":"Top 10 des voitures \u00e9lectriques les moins ch\u00e8res en 2023\u00a0"},"content":{"rendered":"","protected":false},"excerpt":{"rendered":"","protected":false},"author":88,"featured_media":39491,"comment_status":"closed","ping_status":"open","sticky":false,"template":"","format":"standard","meta":{"_acf_changed":false,"footnotes":""},"categories":[8150],"tags":[],"class_list":["post-42674","post","type-post","status-publish","format-standard","has-post-thumbnail","hentry","category-voiture-electrique"],"acf":{"template":"classique","introduction":"<p><strong>Auparavant, acheter une voiture \u00e9lectrique \u00e9tait r\u00e9serv\u00e9 \u00e0 une client\u00e8le plut\u00f4t fortun\u00e9e : les voitures \u00e9lectriques \u00e9taient tr\u00e8s on\u00e9reuses. Ce n\u2019est plus le cas aujourd\u2019hui ! Beaucoup de mod\u00e8les sont abordables et permettent de rouler de mani\u00e8re \u00e9cologique pour un prix accessible. La Dacia Spring est la voiture \u00e9lectrique la moins ch\u00e8re du march\u00e9 ! Vous voulez conna\u00eetre le top 10 des voitures \u00e9lectriques les moins ch\u00e8res en 2023 ? Alors nous vous invitons \u00e0 poursuivre votre lecture.<\/strong><\/p>\n<p><strong>Sommaire<\/strong><\/p>\n<ul>\n<li style=\"font-weight: 400;\" aria-level=\"1\"><strong>Pourquoi se tourner vers une voiture \u00e9lectrique ?<\/strong><\/li>\n<li style=\"font-weight: 400;\" aria-level=\"1\"><strong>Le d\u00e9ploiement des bornes de recharge se poursuit en France<\/strong><\/li>\n<li style=\"font-weight: 400;\" aria-level=\"1\"><strong>Quelles sont les voitures \u00e9lectriques les moins ch\u00e8res du moment ?<\/strong><\/li>\n<li style=\"font-weight: 400;\" aria-level=\"1\"><strong>Acheter une voiture \u00e9lectrique \u00e0 prix tr\u00e8s comp\u00e9titif\u00a0<\/strong><\/li>\n<\/ul>\n<p>&nbsp;<\/p>\n<p style=\"text-align: center;\"><span style=\"font-weight: 400;\"><a href=\"https:\/\/www.bymycar.fr\/electrique\" target=\"_blank\" class=\"css-button css-button--gold\" >\n                D\u00e9couvrez nos voitures \u00e9lectriques en stock &gt;\n        <\/a><\/span><\/p>\n","strates":[{"type_strate":"texte-simple","ancre":"","contenu":"<h2><b>Pourquoi se tourner vers une\u00a0voiture \u00e9lectrique ?\u00a0<\/b><\/h2>\n<p>Vous h\u00e9sitez \u00e0 acheter une voiture \u00e9lectrique ? Voici quelques arguments qui devraient vous aider \u00e0 franchir le pas. Acheter une voiture \u00e9lectrique, c\u2019est avant tout \u00eatre certain de rouler de mani\u00e8re plus verte ! En vous tournant vers un moteur \u00e9lectrique, vous aidez \u00e0 sauvegarder la plan\u00e8te. En plus, vous r\u00e9duisez votre budget carburant ! En effet, un plein d\u2019essence ou de diesel co\u00fbte bien plus cher qu\u2019une recharge pleine en \u00e9lectricit\u00e9. Rouler avec une voiture \u00e9lectrique est bien plus silencieux qu\u2019une voiture thermique (essence ou diesel). Au niveau de l\u2019entretien, qui a l&rsquo;avantage entre l\u2019\u00e9lectrique et le thermique ? Encore ici, c\u2019est l\u2019\u00e9lectrique qui remporte la partie ! Une voiture \u00e9lectrique co\u00fbte moins cher en entretien qu\u2019un mod\u00e8le thermique dont la motorisation est plus complexe.<\/p>\n<p>Les batteries de voitures \u00e9lectriques sont plus r\u00e9sistantes et ont une dur\u00e9e de vie moyenne de 10 ans alors que les batteries de voitures thermiques ont une dur\u00e9e de vie moyenne de 5 ans maximum. Autant de bonnes raisons qui peuvent vous pousser \u00e0 vous tourner vers un\u00a0mod\u00e8le \u00e9lectrique.<\/p>\n<p><span style=\"font-weight: 400;\">\u00a0<\/span><\/p>\n<h2><b>Le d\u00e9ploiement des bornes de\u00a0recharge se poursuit en France<\/b><\/h2>\n<p><span style=\"font-weight: 400;\">Quel est l\u2019\u00e9tat du <\/span><b>march\u00e9<\/b><span style=\"font-weight: 400;\"> des bornes \u00e9lectriques en France en 2023 ? Comment se passe le <\/span><a href=\"https:\/\/www.bymycar.fr\/webzine\/deploiement-des-bornes-de-recharge-bymycar\/\"><span style=\"font-weight: 400;\">d\u00e9ploiement des bornes de <\/span><b>recharge<\/b><\/a><span style=\"font-weight: 400;\"> sur notre territoire ? Il faut savoir que la France compte d\u00e9sormais 100 000 <\/span><a href=\"https:\/\/www.bymycar.fr\/webzine\/ou-recharger-sa-voiture-electrique\/\"><span style=\"font-weight: 400;\">bornes de\u00a0<\/span><b>recharge<\/b><\/a><span style=\"font-weight: 400;\"> sur son territoire. Un chiffre qui aurait d\u00fb \u00eatre atteint fin 2021, mais qui a finalement \u00e9t\u00e9 d\u00e9pass\u00e9 cette ann\u00e9e. Le gouvernement fran\u00e7ais est donc l\u00e9g\u00e8rement en retard par rapport \u00e0 ses objectifs, mais poursuit ses efforts. \u00c0 noter que la France figure parmi les bons \u00e9l\u00e8ves de l\u2019Europe dans ce domaine et reste l\u2019un des meilleurs pays europ\u00e9ens.\u00a0<\/span><\/p>\n<p><span style=\"font-weight: 400;\">\u00a0<\/span><\/p>\n<h2><b>Quelles sont les\u00a0voitures \u00e9lectriques les moins ch\u00e8res du moment ?<\/b><\/h2>\n<p>Vous voulez acheter une voiture \u00e9lectrique et vous souhaitez faire des \u00e9conomies ? Vous devez donc savoir quelles sont les voitures \u00e9lectriques les moins ch\u00e8res du moment ! BYmyCAR vous fait d\u00e9couvrir maintenant le top 10 des voitures \u00e9lectriques les moins ch\u00e8res en 2023.<\/p>\n<table style=\"width: 54.6506%;\">\n<tbody>\n<tr>\n<td style=\"width: 34.7023%;\"><b>Mod\u00e8le<\/b><\/td>\n<td style=\"width: 45.5852%;\"><b>Autonomie<\/b><span style=\"font-weight: 400;\"> (cycle <\/span><b>WLTP<\/b><span style=\"font-weight: 400;\">)<\/span><\/td>\n<td style=\"width: 30.4901%;\"><b>Prix en neuf<\/b><\/td>\n<\/tr>\n<tr>\n<td style=\"width: 34.7023%;\"><b>Dacia<\/b><span style=\"font-weight: 400;\"> Spring\u00a0<\/span><\/td>\n<td style=\"width: 45.5852%;\"><span style=\"font-weight: 400;\">230 km\u00a0<\/span><\/td>\n<td style=\"width: 30.4901%;\"><span style=\"font-weight: 400;\">21 300 \u20ac*<\/span><\/td>\n<\/tr>\n<tr>\n<td style=\"width: 34.7023%;\"><span style=\"font-weight: 400;\">Renault Twingo e-Tech<\/span><\/td>\n<td style=\"width: 45.5852%;\"><span style=\"font-weight: 400;\">190 km<\/span><\/td>\n<td style=\"width: 30.4901%;\"><span style=\"font-weight: 400;\">26 350 \u20ac*<\/span><\/td>\n<\/tr>\n<tr>\n<td style=\"width: 34.7023%;\"><span style=\"font-weight: 400;\">Leapmotor T03\u00a0<\/span><\/td>\n<td style=\"width: 45.5852%;\"><span style=\"font-weight: 400;\">280 km<\/span><\/td>\n<td style=\"width: 30.4901%;\"><span style=\"font-weight: 400;\">26 490 \u20ac*<\/span><\/td>\n<\/tr>\n<tr>\n<td style=\"width: 34.7023%;\"><span style=\"font-weight: 400;\">Volkswagen e-Up<\/span><\/td>\n<td style=\"width: 45.5852%;\"><span style=\"font-weight: 400;\">258 km<\/span><\/td>\n<td style=\"width: 30.4901%;\"><span style=\"font-weight: 400;\">28 030 \u20ac*<\/span><\/td>\n<\/tr>\n<tr>\n<td style=\"width: 34.7023%;\"><span style=\"font-weight: 400;\">Smart EQ Fortwo<\/span><\/td>\n<td style=\"width: 45.5852%;\"><span style=\"font-weight: 400;\">130 km<\/span><\/td>\n<td style=\"width: 30.4901%;\"><span style=\"font-weight: 400;\">28 350 \u20ac*<\/span><\/td>\n<\/tr>\n<tr>\n<td style=\"width: 34.7023%;\"><span style=\"font-weight: 400;\">MG 4<\/span><\/td>\n<td style=\"width: 45.5852%;\"><span style=\"font-weight: 400;\">350 km<\/span><\/td>\n<td style=\"width: 30.4901%;\"><span style=\"font-weight: 400;\">29 990 \u20ac*<\/span><\/td>\n<\/tr>\n<tr>\n<td style=\"width: 34.7023%;\"><b>Fiat<\/b><span style=\"font-weight: 400;\"> 500e\u00a0<\/span><\/td>\n<td style=\"width: 45.5852%;\"><span style=\"font-weight: 400;\">190 km<\/span><\/td>\n<td style=\"width: 30.4901%;\"><span style=\"font-weight: 400;\">32 330 \u20ac*<\/span><\/td>\n<\/tr>\n<tr>\n<td style=\"width: 34.7023%;\"><span style=\"font-weight: 400;\">MG 5<\/span><\/td>\n<td style=\"width: 45.5852%;\"><span style=\"font-weight: 400;\">320 km<\/span><\/td>\n<td style=\"width: 30.4901%;\"><span style=\"font-weight: 400;\">37 490 \u20ac*<\/span><\/td>\n<\/tr>\n<tr>\n<td style=\"width: 34.7023%;\"><span style=\"font-weight: 400;\">MG ZS EV<\/span><\/td>\n<td style=\"width: 45.5852%;\"><span style=\"font-weight: 400;\">320 km\u00a0<\/span><\/td>\n<td style=\"width: 30.4901%;\"><span style=\"font-weight: 400;\">33 990 \u20ac*<\/span><\/td>\n<\/tr>\n<tr>\n<td style=\"width: 34.7023%;\"><span style=\"font-weight: 400;\">Renault Zoe e-Tech<\/span><\/td>\n<td style=\"width: 45.5852%;\"><span style=\"font-weight: 400;\">395 km<\/span><\/td>\n<td style=\"width: 30.4901%;\"><span style=\"font-weight: 400;\">30 100 \u20ac*<\/span><\/td>\n<\/tr>\n<\/tbody>\n<\/table>\n<p><span style=\"font-weight: 400;\">* Voir les tarifs en vigueur dans les concessions BYmyCAR<\/span><span style=\"font-weight: 400;\"><br \/>\n<\/span><span style=\"font-weight: 400;\"><br \/>\n<\/span><\/p>\n<p>Vous connaissez maintenant les voitures \u00e9lectriques les moins ch\u00e8res en 2023 ! \u00c0 noter dans ce classement la pr\u00e9sence de nombreuses citadines compactes, ainsi que de quelques SUV. Les voitures \u00e9lectriques fran\u00e7aises sont loin d&rsquo;\u00eatre en reste. Parmi les meilleurs mod\u00e8les se trouvent : la petite Renault Zo\u00e9, la Peugeot e-208, la Renault Twingo E-Tech, autant de\u00a0voitures \u00e9lectriques performantes et fiables. Pour un usage quotidien, surtout en environnement urbain, la voiture \u00e9lectrique reste un choix de premier ordre. Pour rappel, le gouvernement fran\u00e7ais a mis en\u00a0place un bonus \u00e9cologique pour l\u2019achat d\u2019un v\u00e9hicule propre. Ce qui vous permet d\u2019obtenir une aide financi\u00e8re pour pouvoir acheter plus facilement une voiture \u00e9lectrique.<\/p>\n<p><span style=\"font-weight: 400;\">\u00a0<\/span><\/p>\n<h2><b>Acheter une voiture \u00e9lectrique \u00e0 prix tr\u00e8s comp\u00e9titif\u00a0<\/b><\/h2>\n<p>Vous souhaitez acheter une voiture \u00e9lectrique \u00e0 prix tr\u00e8s comp\u00e9titif ? D\u00e9couvrez notre large gamme de voitures \u00e9lectriques neuves ou d\u2019occasion et achetez le mod\u00e8le de votre choix \u00e0 un tarif tr\u00e8s int\u00e9ressant. Votre achat se fait au choix en ligne sur notre site ou dans l\u2019une de nos nombreuses concessions. BYmyCAR vous propose les nouvelles voitures derni\u00e8res g\u00e9n\u00e9rations ! Vous ne savez pas quelle\u00a0version choisir ? Il existe beaucoup de mod\u00e8les diff\u00e9rents, n\u2019h\u00e9sitez pas \u00e0 poser vos questions \u00e0 notre \u00e9quipe d\u2019experts. Elle est disponible pour vous aider \u00e0 trouver la voiture qui correspond exactement \u00e0 vos attentes.\u00a0Voici les avantages que vous obtenez en choisissant l\u2019offre BYmyCAR :<\/p>\n<ul>\n<li style=\"font-weight: 400;\" aria-level=\"1\">Livraison \u00e0 domicile sur toute la France<\/li>\n<li style=\"font-weight: 400;\" aria-level=\"1\">Achat en ligne satisfait ou rembours\u00e9<\/li>\n<li style=\"font-weight: 400;\" aria-level=\"1\">Nos v\u00e9hicules neufs et d\u2019occasions sont garantis : chaque v\u00e9hicule disponible \u00e0 la vente est contr\u00f4l\u00e9 et garanti<\/li>\n<li style=\"font-weight: 400;\" aria-level=\"1\">Large choix de v\u00e9hicules disponibles en stock : plus de 8000 v\u00e9hicules neufs et d\u2019occasion sont garantis en stock<\/li>\n<\/ul>\n<p>Vous avez besoin d\u2019une solution de financement ? Vous ne pouvez pas acheter au comptant ce v\u00e9hicule qui vous pla\u00eet tant ? Pourquoi vous priver alors que vous pouvez b\u00e9n\u00e9ficier d&rsquo;un cr\u00e9dit auto, d\u2019un service de Location avec Option d\u2019Achat (LOA) ou d&rsquo;un service de Location Longue Dur\u00e9e (LLD).\u00a0BYmyCAR vous accompagne dans votre projet\u00a0auto et trouve la solution de financement la plus adapt\u00e9e \u00e0 votre besoin et \u00e0 votre budget.<\/p>\n<p>&nbsp;<\/p>\n<p style=\"text-align: center;\"><span style=\"font-weight: 400;\"><a href=\"https:\/\/www.bymycar.fr\/electrique\" target=\"_blank\" class=\"css-button css-button--gold\" >\n                D\u00e9couvrez nos voitures \u00e9lectriques en stock &gt;\n        <\/a><\/span><\/p>\n<p>&nbsp;<\/p>\n<p><strong><em>D\u00e9couvrez d\u2019autres articles sur le m\u00eame sujet :\u00a0<\/em><\/strong><\/p>\n<ul>\n<li><a href=\"https:\/\/www.bymycar.fr\/webzine\/infrastructure-de-charge\/\"><span style=\"font-weight: 400;\">Les infrastructures de recharge pour v\u00e9hicules \u00e9lectriques<\/span><\/a><\/li>\n<li><a href=\"https:\/\/www.bymycar.fr\/webzine\/reseau-de-bornes-de-recharge-bymycar\/\"><span style=\"font-weight: 400;\">R\u00e9seau de bornes de recharge BYmyCAR<\/span><\/a><\/li>\n<li><a href=\"https:\/\/www.bymycar.fr\/webzine\/comment-choisir-sa-borne-de-recharge-electrique\/\"><span style=\"font-weight: 400;\">Comment choisir sa borne de recharge \u00e9lectrique ?<\/span><\/a><\/li>\n<li><a href=\"https:\/\/www.bymycar.fr\/webzine\/vehicule-hybride-bymycar\/\">V\u00e9hicule hybride BYmyCAR<\/a><\/li>\n<li><a href=\"https:\/\/www.bymycar.fr\/electrique\">Voitures \u00e9lectriques : une alternative rentable et \u00e9cologique<\/a><\/li>\n<li><a href=\"https:\/\/www.bymycar.fr\/webzine\/quest-ce-qui-caracterise-une-voiture-propre\/\">Qu\u2019est-ce qui caract\u00e9rise une voiture propre ?<\/a><\/li>\n<li><a href=\"https:\/\/www.bymycar.fr\/webzine\/acheter-une-voiture-essence-doccasion\/\">Acheter une voiture essence d\u2019occasion<\/a><\/li>\n<li><a href=\"https:\/\/www.bymycar.fr\/webzine\/quelles-sont-les-meilleures-voitures-electriques-de-2023\/\">Quelles sont les meilleures voitures \u00e9lectriques de 2023 ?<\/a><\/li>\n<li><a href=\"https:\/\/www.bymycar.fr\/webzine\/quest-ce-quun-vehicule-thermique\/\">Qu\u2019est-ce qu\u2019un v\u00e9hicule thermique ?<\/a><\/li>\n<li><a href=\"https:\/\/www.bymycar.fr\/webzine\/guide-pour-acheter-une-nouvelle-voiture-quel-vehicule-choisir\/\">Guide pour acheter une nouvelle voiture : quel v\u00e9hicule choisir ?<\/a><\/li>\n<li><a href=\"https:\/\/www.bymycar.fr\/webzine\/quelle-est-la-voiture-electrique-la-moins-chere\/\">Les voitures \u00e9lectriques les moins ch\u00e8res en 2023<\/a><\/li>\n<li><a href=\"https:\/\/www.bymycar.fr\/webzine\/million-de-bornes\/\">Million de bornes<\/a><\/li>\n<li><a href=\"https:\/\/www.bymycar.fr\/webzine\/infrastructure-de-charge-2\/\">Infrastructure de charge<\/a><\/li>\n<li><a href=\"https:\/\/www.bymycar.fr\/webzine\/le-service-de-recharge-pour-les-vehicules-electriques-ou-hybrides-rechargeables-et-les-autres-services-bymycar\/\">Le service de recharge pour les v\u00e9hicules \u00e9lectriques ou hybrides rechargeables et les autres services-BYmyCAR<\/a><\/li>\n<li><a href=\"https:\/\/www.bymycar.fr\/webzine\/comment-preparer-votre-trajet-en-voiture\/\">Comment pr\u00e9parer votre trajet en voiture ?<\/a><\/li>\n<\/ul>\n","titre":"Top 10 des voitures \u00e9lectriques les moins ch\u00e8res en 2023","image":false,"image_libre":false,"image_800x500":false,"legende":"","zoom":false,"texte":"","articles":false,"categorie_droite":false,"images":false,"elements_comparatif":false,"texte_1":"","texte_2":"","image_1":false,"image_1_563x400":false,"image_1_332x332":false,"image_2":false,"image_2_333x240":false,"image_2_563x400":false,"image_3":false,"image_3_333x240":false,"image_3_332x450":false,"image_4":false,"image_4_332x332":false,"image_4_563x400":false,"code_embed":"","legende_video":"","photo":false,"photo_100x100":false,"nom":"","fonction":"","elements_timeline":false,"entetes_colonnes":false,"entetes_lignes":false,"lignes":false,"introduction":"","formulaire":false,"question":"","reponse":"","libelle_bouton_lien":"","url_lien":"","questions":false,"conclusions":false,"pays":false,"region":false,"marque":false,"marqueConcessions":false,"modele":false,"ptvente":false,"typeV":false,"collection":false,"nombre_maximum_elements":10,"lien_fin_carousel":"","texte_lien_fin_carousel":"","trier_par":false}],"is_old_post":false,"image":{"ID":39491,"id":39491,"title":"New 500 (10)","filename":"New-500-10.jpg","filesize":1,"url":"https:\/\/cdn.bymycar.eu\/fr-webzine\/wp-content\/uploads\/medias\/New-500-10.jpg","link":"https:\/\/www.bymycar.fr\/webzine\/la-nouvelle-fiat-500-a-lhonneur-lors-des-journees-portes-ouvertes\/new-500-10\/","alt":"","author":"88","description":"","caption":"","name":"new-500-10","status":"inherit","uploaded_to":35078,"date":"2023-01-30 13:56:18","modified":"2023-01-30 13:56:18","menu_order":0,"mime_type":"image\/jpeg","type":"image","subtype":"jpeg","icon":"https:\/\/www.bymycar.fr\/webzine\/wp-includes\/images\/media\/default.png","width":2560,"height":1707,"sizes":{"thumbnail":"https:\/\/cdn.bymycar.eu\/fr-webzine\/wp-content\/uploads\/medias\/New-500-10-150x150.jpg","thumbnail-width":150,"thumbnail-height":150,"medium":"https:\/\/cdn.bymycar.eu\/fr-webzine\/wp-content\/uploads\/medias\/New-500-10-300x200.jpg","medium-width":300,"medium-height":200,"medium_large":"https:\/\/cdn.bymycar.eu\/fr-webzine\/wp-content\/uploads\/medias\/New-500-10-768x512.jpg","medium_large-width":768,"medium_large-height":512,"large":"https:\/\/cdn.bymycar.eu\/fr-webzine\/wp-content\/uploads\/medias\/New-500-10-1024x683.jpg","large-width":1024,"large-height":683,"1536x1536":"https:\/\/cdn.bymycar.eu\/fr-webzine\/wp-content\/uploads\/medias\/New-500-10-1536x1024.jpg","1536x1536-width":1536,"1536x1536-height":1024,"2048x2048":"https:\/\/cdn.bymycar.eu\/fr-webzine\/wp-content\/uploads\/medias\/New-500-10-2048x1366.jpg","2048x2048-width":2048,"2048x2048-height":1366}},"page_content":{"block_content":[{"acf_fc_layout":"text-simple","--nav":{"-withNav":false,"-ancre":""},"--group":{"-text":"<h2><b>Pourquoi se tourner vers une\u00a0voiture \u00e9lectrique ?\u00a0<\/b><\/h2>\n<p>Vous h\u00e9sitez \u00e0 acheter une voiture \u00e9lectrique ? Voici quelques arguments qui devraient vous aider \u00e0 franchir le pas. Acheter une voiture \u00e9lectrique, c\u2019est avant tout \u00eatre certain de rouler de mani\u00e8re plus verte ! En vous tournant vers un moteur \u00e9lectrique, vous aidez \u00e0 sauvegarder la plan\u00e8te. En plus, vous r\u00e9duisez votre budget carburant ! En effet, un plein d\u2019essence ou de diesel co\u00fbte bien plus cher qu\u2019une recharge pleine en \u00e9lectricit\u00e9. Rouler avec une voiture \u00e9lectrique est bien plus silencieux qu\u2019une voiture thermique (essence ou diesel). Au niveau de l\u2019entretien, qui a l&rsquo;avantage entre l\u2019\u00e9lectrique et le thermique ? Encore ici, c\u2019est l\u2019\u00e9lectrique qui remporte la partie ! Une voiture \u00e9lectrique co\u00fbte moins cher en entretien qu\u2019un mod\u00e8le thermique dont la motorisation est plus complexe.<\/p>\n<p>Les batteries de voitures \u00e9lectriques sont plus r\u00e9sistantes et ont une dur\u00e9e de vie moyenne de 10 ans alors que les batteries de voitures thermiques ont une dur\u00e9e de vie moyenne de 5 ans maximum. Autant de bonnes raisons qui peuvent vous pousser \u00e0 vous tourner vers un\u00a0mod\u00e8le \u00e9lectrique.<\/p>\n<p><span style=\"font-weight: 400;\">\u00a0<\/span><\/p>\n<h2><b>Le d\u00e9ploiement des bornes de\u00a0recharge se poursuit en France<\/b><\/h2>\n<p><span style=\"font-weight: 400;\">Quel est l\u2019\u00e9tat du <\/span><b>march\u00e9<\/b><span style=\"font-weight: 400;\"> des bornes \u00e9lectriques en France en 2023 ? Comment se passe le <\/span><a href=\"https:\/\/www.bymycar.fr\/webzine\/deploiement-des-bornes-de-recharge-bymycar\/\"><span style=\"font-weight: 400;\">d\u00e9ploiement des bornes de <\/span><b>recharge<\/b><\/a><span style=\"font-weight: 400;\"> sur notre territoire ? Il faut savoir que la France compte d\u00e9sormais 100 000 <\/span><a href=\"https:\/\/www.bymycar.fr\/webzine\/ou-recharger-sa-voiture-electrique\/\"><span style=\"font-weight: 400;\">bornes de\u00a0<\/span><b>recharge<\/b><\/a><span style=\"font-weight: 400;\"> sur son territoire. Un chiffre qui aurait d\u00fb \u00eatre atteint fin 2021, mais qui a finalement \u00e9t\u00e9 d\u00e9pass\u00e9 cette ann\u00e9e. Le gouvernement fran\u00e7ais est donc l\u00e9g\u00e8rement en retard par rapport \u00e0 ses objectifs, mais poursuit ses efforts. \u00c0 noter que la France figure parmi les bons \u00e9l\u00e8ves de l\u2019Europe dans ce domaine et reste l\u2019un des meilleurs pays europ\u00e9ens.\u00a0<\/span><\/p>\n<p><span style=\"font-weight: 400;\">\u00a0<\/span><\/p>\n<h2><b>Quelles sont les\u00a0voitures \u00e9lectriques les moins ch\u00e8res du moment ?<\/b><\/h2>\n<p>Vous voulez acheter une voiture \u00e9lectrique et vous souhaitez faire des \u00e9conomies ? Vous devez donc savoir quelles sont les voitures \u00e9lectriques les moins ch\u00e8res du moment ! BYmyCAR vous fait d\u00e9couvrir maintenant le top 10 des voitures \u00e9lectriques les moins ch\u00e8res en 2023.<\/p>\n<table style=\"width: 54.6506%;\">\n<tbody>\n<tr>\n<td style=\"width: 34.7023%;\"><b>Mod\u00e8le<\/b><\/td>\n<td style=\"width: 45.5852%;\"><b>Autonomie<\/b><span style=\"font-weight: 400;\"> (cycle <\/span><b>WLTP<\/b><span style=\"font-weight: 400;\">)<\/span><\/td>\n<td style=\"width: 30.4901%;\"><b>Prix en neuf<\/b><\/td>\n<\/tr>\n<tr>\n<td style=\"width: 34.7023%;\"><b>Dacia<\/b><span style=\"font-weight: 400;\"> Spring\u00a0<\/span><\/td>\n<td style=\"width: 45.5852%;\"><span style=\"font-weight: 400;\">230 km\u00a0<\/span><\/td>\n<td style=\"width: 30.4901%;\"><span style=\"font-weight: 400;\">21 300 \u20ac*<\/span><\/td>\n<\/tr>\n<tr>\n<td style=\"width: 34.7023%;\"><span style=\"font-weight: 400;\">Renault Twingo e-Tech<\/span><\/td>\n<td style=\"width: 45.5852%;\"><span style=\"font-weight: 400;\">190 km<\/span><\/td>\n<td style=\"width: 30.4901%;\"><span style=\"font-weight: 400;\">26 350 \u20ac*<\/span><\/td>\n<\/tr>\n<tr>\n<td style=\"width: 34.7023%;\"><span style=\"font-weight: 400;\">Leapmotor T03\u00a0<\/span><\/td>\n<td style=\"width: 45.5852%;\"><span style=\"font-weight: 400;\">280 km<\/span><\/td>\n<td style=\"width: 30.4901%;\"><span style=\"font-weight: 400;\">26 490 \u20ac*<\/span><\/td>\n<\/tr>\n<tr>\n<td style=\"width: 34.7023%;\"><span style=\"font-weight: 400;\">Volkswagen e-Up<\/span><\/td>\n<td style=\"width: 45.5852%;\"><span style=\"font-weight: 400;\">258 km<\/span><\/td>\n<td style=\"width: 30.4901%;\"><span style=\"font-weight: 400;\">28 030 \u20ac*<\/span><\/td>\n<\/tr>\n<tr>\n<td style=\"width: 34.7023%;\"><span style=\"font-weight: 400;\">Smart EQ Fortwo<\/span><\/td>\n<td style=\"width: 45.5852%;\"><span style=\"font-weight: 400;\">130 km<\/span><\/td>\n<td style=\"width: 30.4901%;\"><span style=\"font-weight: 400;\">28 350 \u20ac*<\/span><\/td>\n<\/tr>\n<tr>\n<td style=\"width: 34.7023%;\"><span style=\"font-weight: 400;\">MG 4<\/span><\/td>\n<td style=\"width: 45.5852%;\"><span style=\"font-weight: 400;\">350 km<\/span><\/td>\n<td style=\"width: 30.4901%;\"><span style=\"font-weight: 400;\">29 990 \u20ac*<\/span><\/td>\n<\/tr>\n<tr>\n<td style=\"width: 34.7023%;\"><b>Fiat<\/b><span style=\"font-weight: 400;\"> 500e\u00a0<\/span><\/td>\n<td style=\"width: 45.5852%;\"><span style=\"font-weight: 400;\">190 km<\/span><\/td>\n<td style=\"width: 30.4901%;\"><span style=\"font-weight: 400;\">32 330 \u20ac*<\/span><\/td>\n<\/tr>\n<tr>\n<td style=\"width: 34.7023%;\"><span style=\"font-weight: 400;\">MG 5<\/span><\/td>\n<td style=\"width: 45.5852%;\"><span style=\"font-weight: 400;\">320 km<\/span><\/td>\n<td style=\"width: 30.4901%;\"><span style=\"font-weight: 400;\">37 490 \u20ac*<\/span><\/td>\n<\/tr>\n<tr>\n<td style=\"width: 34.7023%;\"><span style=\"font-weight: 400;\">MG ZS EV<\/span><\/td>\n<td style=\"width: 45.5852%;\"><span style=\"font-weight: 400;\">320 km\u00a0<\/span><\/td>\n<td style=\"width: 30.4901%;\"><span style=\"font-weight: 400;\">33 990 \u20ac*<\/span><\/td>\n<\/tr>\n<tr>\n<td style=\"width: 34.7023%;\"><span style=\"font-weight: 400;\">Renault Zoe e-Tech<\/span><\/td>\n<td style=\"width: 45.5852%;\"><span style=\"font-weight: 400;\">395 km<\/span><\/td>\n<td style=\"width: 30.4901%;\"><span style=\"font-weight: 400;\">30 100 \u20ac*<\/span><\/td>\n<\/tr>\n<\/tbody>\n<\/table>\n<p><span style=\"font-weight: 400;\">* Voir les tarifs en vigueur dans les concessions BYmyCAR<\/span><span style=\"font-weight: 400;\"><br \/>\n<\/span><span style=\"font-weight: 400;\"><br \/>\n<\/span><\/p>\n<p>Vous connaissez maintenant les voitures \u00e9lectriques les moins ch\u00e8res en 2023 ! \u00c0 noter dans ce classement la pr\u00e9sence de nombreuses citadines compactes, ainsi que de quelques SUV. Les voitures \u00e9lectriques fran\u00e7aises sont loin d&rsquo;\u00eatre en reste. Parmi les meilleurs mod\u00e8les se trouvent : la petite Renault Zo\u00e9, la Peugeot e-208, la Renault Twingo E-Tech, autant de\u00a0voitures \u00e9lectriques performantes et fiables. Pour un usage quotidien, surtout en environnement urbain, la voiture \u00e9lectrique reste un choix de premier ordre. Pour rappel, le gouvernement fran\u00e7ais a mis en\u00a0place un bonus \u00e9cologique pour l\u2019achat d\u2019un v\u00e9hicule propre. Ce qui vous permet d\u2019obtenir une aide financi\u00e8re pour pouvoir acheter plus facilement une voiture \u00e9lectrique.<\/p>\n<p><span style=\"font-weight: 400;\">\u00a0<\/span><\/p>\n<h2><b>Acheter une voiture \u00e9lectrique \u00e0 prix tr\u00e8s comp\u00e9titif\u00a0<\/b><\/h2>\n<p>Vous souhaitez acheter une voiture \u00e9lectrique \u00e0 prix tr\u00e8s comp\u00e9titif ? D\u00e9couvrez notre large gamme de voitures \u00e9lectriques neuves ou d\u2019occasion et achetez le mod\u00e8le de votre choix \u00e0 un tarif tr\u00e8s int\u00e9ressant. Votre achat se fait au choix en ligne sur notre site ou dans l\u2019une de nos nombreuses concessions. BYmyCAR vous propose les nouvelles voitures derni\u00e8res g\u00e9n\u00e9rations ! Vous ne savez pas quelle\u00a0version choisir ? Il existe beaucoup de mod\u00e8les diff\u00e9rents, n\u2019h\u00e9sitez pas \u00e0 poser vos questions \u00e0 notre \u00e9quipe d\u2019experts. Elle est disponible pour vous aider \u00e0 trouver la voiture qui correspond exactement \u00e0 vos attentes.\u00a0Voici les avantages que vous obtenez en choisissant l\u2019offre BYmyCAR :<\/p>\n<ul>\n<li style=\"font-weight: 400;\" aria-level=\"1\">Livraison \u00e0 domicile sur toute la France<\/li>\n<li style=\"font-weight: 400;\" aria-level=\"1\">Achat en ligne satisfait ou rembours\u00e9<\/li>\n<li style=\"font-weight: 400;\" aria-level=\"1\">Nos v\u00e9hicules neufs et d\u2019occasions sont garantis : chaque v\u00e9hicule disponible \u00e0 la vente est contr\u00f4l\u00e9 et garanti<\/li>\n<li style=\"font-weight: 400;\" aria-level=\"1\">Large choix de v\u00e9hicules disponibles en stock : plus de 8000 v\u00e9hicules neufs et d\u2019occasion sont garantis en stock<\/li>\n<\/ul>\n<p>Vous avez besoin d\u2019une solution de financement ? Vous ne pouvez pas acheter au comptant ce v\u00e9hicule qui vous pla\u00eet tant ? Pourquoi vous priver alors que vous pouvez b\u00e9n\u00e9ficier d&rsquo;un cr\u00e9dit auto, d\u2019un service de Location avec Option d\u2019Achat (LOA) ou d&rsquo;un service de Location Longue Dur\u00e9e (LLD).\u00a0BYmyCAR vous accompagne dans votre projet\u00a0auto et trouve la solution de financement la plus adapt\u00e9e \u00e0 votre besoin et \u00e0 votre budget.<\/p>\n<p>&nbsp;<\/p>\n<p style=\"text-align: center;\"><span style=\"font-weight: 400;\"><a href=\"https:\/\/www.bymycar.fr\/electrique\" target=\"_blank\" class=\"css-button css-button--gold\" ><br \/>\n                D\u00e9couvrez nos voitures \u00e9lectriques en stock &gt;<br \/>\n        <\/a><\/span><\/p>\n<p>&nbsp;<\/p>\n<p><strong><em>D\u00e9couvrez d\u2019autres articles sur le m\u00eame sujet :\u00a0<\/em><\/strong><\/p>\n<ul>\n<li><a href=\"https:\/\/www.bymycar.fr\/webzine\/infrastructure-de-charge\/\"><span style=\"font-weight: 400;\">Les infrastructures de recharge pour v\u00e9hicules \u00e9lectriques<\/span><\/a><\/li>\n<li><a href=\"https:\/\/www.bymycar.fr\/webzine\/reseau-de-bornes-de-recharge-bymycar\/\"><span style=\"font-weight: 400;\">R\u00e9seau de bornes de recharge BYmyCAR<\/span><\/a><\/li>\n<li><a href=\"https:\/\/www.bymycar.fr\/webzine\/comment-choisir-sa-borne-de-recharge-electrique\/\"><span style=\"font-weight: 400;\">Comment choisir sa borne de recharge \u00e9lectrique ?<\/span><\/a><\/li>\n<li><a href=\"https:\/\/www.bymycar.fr\/webzine\/vehicule-hybride-bymycar\/\">V\u00e9hicule hybride BYmyCAR<\/a><\/li>\n<li><a href=\"https:\/\/www.bymycar.fr\/electrique\">Voitures \u00e9lectriques : une alternative rentable et \u00e9cologique<\/a><\/li>\n<li><a href=\"https:\/\/www.bymycar.fr\/webzine\/quest-ce-qui-caracterise-une-voiture-propre\/\">Qu\u2019est-ce qui caract\u00e9rise une voiture propre ?<\/a><\/li>\n<li><a href=\"https:\/\/www.bymycar.fr\/webzine\/acheter-une-voiture-essence-doccasion\/\">Acheter une voiture essence d\u2019occasion<\/a><\/li>\n<li><a href=\"https:\/\/www.bymycar.fr\/webzine\/quelles-sont-les-meilleures-voitures-electriques-de-2023\/\">Quelles sont les meilleures voitures \u00e9lectriques de 2023 ?<\/a><\/li>\n<li><a href=\"https:\/\/www.bymycar.fr\/webzine\/quest-ce-quun-vehicule-thermique\/\">Qu\u2019est-ce qu\u2019un v\u00e9hicule thermique ?<\/a><\/li>\n<li><a href=\"https:\/\/www.bymycar.fr\/webzine\/guide-pour-acheter-une-nouvelle-voiture-quel-vehicule-choisir\/\">Guide pour acheter une nouvelle voiture : quel v\u00e9hicule choisir ?<\/a><\/li>\n<li><a href=\"https:\/\/www.bymycar.fr\/webzine\/quelle-est-la-voiture-electrique-la-moins-chere\/\">Les voitures \u00e9lectriques les moins ch\u00e8res en 2023<\/a><\/li>\n<li><a href=\"https:\/\/www.bymycar.fr\/webzine\/million-de-bornes\/\">Million de bornes<\/a><\/li>\n<li><a href=\"https:\/\/www.bymycar.fr\/webzine\/infrastructure-de-charge-2\/\">Infrastructure de charge<\/a><\/li>\n<li><a href=\"https:\/\/www.bymycar.fr\/webzine\/le-service-de-recharge-pour-les-vehicules-electriques-ou-hybrides-rechargeables-et-les-autres-services-bymycar\/\">Le service de recharge pour les v\u00e9hicules \u00e9lectriques ou hybrides rechargeables et les autres services-BYmyCAR<\/a><\/li>\n<li><a href=\"https:\/\/www.bymycar.fr\/webzine\/comment-preparer-votre-trajet-en-voiture\/\">Comment pr\u00e9parer votre trajet en voiture ?<\/a><\/li>\n<\/ul>\n"}}]},"add-carousel-to-footer":true},"yoast_head":"<!-- This site is optimized with the Yoast SEO Premium plugin v26.4 (Yoast SEO v26.4) - https:\/\/yoast.com\/wordpress\/plugins\/seo\/ -->\n<title>Top 10 des voitures \u00e9lectriques les moins ch\u00e8res en 2023 - BYmyCAR<\/title>\n<meta name=\"description\" content=\"D\u00e9couvrez le top 10 des voitures \u00e9lectriques les moins ch\u00e8res en 2023. Achetez la voiture \u00e9lectrique de votre choix au meilleur prix\" \/>\n<meta name=\"robots\" content=\"index, follow, max-snippet:-1, max-image-preview:large, max-video-preview:-1\" \/>\n<link rel=\"canonical\" href=\"https:\/\/www.bymycar.fr\/webzine\/top-10-des-voitures-electriques-les-moins-cheres-en-2023\/\" \/>\n<meta property=\"og:locale\" content=\"fr_FR\" \/>\n<meta property=\"og:type\" content=\"article\" \/>\n<meta property=\"og:title\" content=\"Top 10 des voitures \u00e9lectriques les moins ch\u00e8res en 2023\u00a0\" \/>\n<meta property=\"og:description\" content=\"D\u00e9couvrez le top 10 des voitures \u00e9lectriques les moins ch\u00e8res en 2023. Achetez la voiture \u00e9lectrique de votre choix au meilleur prix\" \/>\n<meta property=\"og:url\" content=\"https:\/\/www.bymycar.fr\/webzine\/top-10-des-voitures-electriques-les-moins-cheres-en-2023\/\" \/>\n<meta property=\"og:site_name\" content=\"Webzine auto BYmyCAR\" \/>\n<meta property=\"article:published_time\" content=\"2023-09-22T07:58:39+00:00\" \/>\n<meta property=\"article:modified_time\" content=\"2026-04-13T15:47:47+00:00\" \/>\n<meta property=\"og:image\" content=\"https:\/\/cdn.bymycar.eu\/fr-webzine\/wp-content\/uploads\/medias\/New-500-10.jpg\" \/>\n\t<meta property=\"og:image:width\" content=\"2560\" \/>\n\t<meta property=\"og:image:height\" content=\"1707\" \/>\n\t<meta property=\"og:image:type\" content=\"image\/jpeg\" \/>\n<meta name=\"author\" content=\"La R\u00e9daction BYmyCAR\" \/>\n<meta name=\"twitter:card\" content=\"summary_large_image\" \/>\n<meta name=\"twitter:label1\" content=\"\u00c9crit par\" \/>\n\t<meta name=\"twitter:data1\" content=\"La R\u00e9daction BYmyCAR\" \/>\n<script type=\"application\/ld+json\" class=\"yoast-schema-graph\">{\"@context\":\"https:\/\/schema.org\",\"@graph\":[{\"@type\":\"Article\",\"@id\":\"https:\/\/www.bymycar.fr\/webzine\/top-10-des-voitures-electriques-les-moins-cheres-en-2023\/#article\",\"isPartOf\":{\"@id\":\"https:\/\/www.bymycar.fr\/webzine\/top-10-des-voitures-electriques-les-moins-cheres-en-2023\/\"},\"author\":{\"name\":\"La R\u00e9daction BYmyCAR\",\"@id\":\"https:\/\/www.bymycar.fr\/webzine\/#\/schema\/person\/8d570fe11eb8929f06c1e6d00f4d9689\"},\"headline\":\"Top 10 des voitures \u00e9lectriques les moins ch\u00e8res en 2023\u00a0\",\"datePublished\":\"2023-09-22T07:58:39+00:00\",\"dateModified\":\"2026-04-13T15:47:47+00:00\",\"mainEntityOfPage\":{\"@id\":\"https:\/\/www.bymycar.fr\/webzine\/top-10-des-voitures-electriques-les-moins-cheres-en-2023\/\"},\"wordCount\":9,\"publisher\":{\"@id\":\"https:\/\/www.bymycar.fr\/webzine\/#organization\"},\"image\":{\"@id\":\"https:\/\/www.bymycar.fr\/webzine\/top-10-des-voitures-electriques-les-moins-cheres-en-2023\/#primaryimage\"},\"thumbnailUrl\":\"https:\/\/cdn.bymycar.eu\/fr-webzine\/wp-content\/uploads\/medias\/New-500-10.jpg\",\"articleSection\":[\"Voiture \u00e9lectrique\"],\"inLanguage\":\"fr-FR\"},{\"@type\":\"WebPage\",\"@id\":\"https:\/\/www.bymycar.fr\/webzine\/top-10-des-voitures-electriques-les-moins-cheres-en-2023\/\",\"url\":\"https:\/\/www.bymycar.fr\/webzine\/top-10-des-voitures-electriques-les-moins-cheres-en-2023\/\",\"name\":\"Top 10 des voitures \u00e9lectriques les moins ch\u00e8res en 2023 - BYmyCAR\",\"isPartOf\":{\"@id\":\"https:\/\/www.bymycar.fr\/webzine\/#website\"},\"primaryImageOfPage\":{\"@id\":\"https:\/\/www.bymycar.fr\/webzine\/top-10-des-voitures-electriques-les-moins-cheres-en-2023\/#primaryimage\"},\"image\":{\"@id\":\"https:\/\/www.bymycar.fr\/webzine\/top-10-des-voitures-electriques-les-moins-cheres-en-2023\/#primaryimage\"},\"thumbnailUrl\":\"https:\/\/cdn.bymycar.eu\/fr-webzine\/wp-content\/uploads\/medias\/New-500-10.jpg\",\"datePublished\":\"2023-09-22T07:58:39+00:00\",\"dateModified\":\"2026-04-13T15:47:47+00:00\",\"description\":\"D\u00e9couvrez le top 10 des voitures \u00e9lectriques les moins ch\u00e8res en 2023. Achetez la voiture \u00e9lectrique de votre choix au meilleur prix\",\"breadcrumb\":{\"@id\":\"https:\/\/www.bymycar.fr\/webzine\/top-10-des-voitures-electriques-les-moins-cheres-en-2023\/#breadcrumb\"},\"inLanguage\":\"fr-FR\",\"potentialAction\":[{\"@type\":\"ReadAction\",\"target\":[\"https:\/\/www.bymycar.fr\/webzine\/top-10-des-voitures-electriques-les-moins-cheres-en-2023\/\"]}]},{\"@type\":\"ImageObject\",\"inLanguage\":\"fr-FR\",\"@id\":\"https:\/\/www.bymycar.fr\/webzine\/top-10-des-voitures-electriques-les-moins-cheres-en-2023\/#primaryimage\",\"url\":\"https:\/\/cdn.bymycar.eu\/fr-webzine\/wp-content\/uploads\/medias\/New-500-10.jpg\",\"contentUrl\":\"https:\/\/cdn.bymycar.eu\/fr-webzine\/wp-content\/uploads\/medias\/New-500-10.jpg\",\"width\":2560,\"height\":1707},{\"@type\":\"BreadcrumbList\",\"@id\":\"https:\/\/www.bymycar.fr\/webzine\/top-10-des-voitures-electriques-les-moins-cheres-en-2023\/#breadcrumb\",\"itemListElement\":[{\"@type\":\"ListItem\",\"position\":1,\"name\":\"Accueil\",\"item\":\"https:\/\/www.bymycar.fr\/webzine\/\"},{\"@type\":\"ListItem\",\"position\":2,\"name\":\"Top 10 des voitures \u00e9lectriques les moins ch\u00e8res en 2023\u00a0\"}]},{\"@type\":\"WebSite\",\"@id\":\"https:\/\/www.bymycar.fr\/webzine\/#website\",\"url\":\"https:\/\/www.bymycar.fr\/webzine\/\",\"name\":\"Webzine auto BYmyCAR\",\"description\":\"La magazine auto de BYmyCAR\",\"publisher\":{\"@id\":\"https:\/\/www.bymycar.fr\/webzine\/#organization\"},\"potentialAction\":[{\"@type\":\"SearchAction\",\"target\":{\"@type\":\"EntryPoint\",\"urlTemplate\":\"https:\/\/www.bymycar.fr\/webzine\/?s={search_term_string}\"},\"query-input\":{\"@type\":\"PropertyValueSpecification\",\"valueRequired\":true,\"valueName\":\"search_term_string\"}}],\"inLanguage\":\"fr-FR\"},{\"@type\":\"Organization\",\"@id\":\"https:\/\/www.bymycar.fr\/webzine\/#organization\",\"name\":\"BYmyCAR\",\"url\":\"https:\/\/www.bymycar.fr\/webzine\/\",\"logo\":{\"@type\":\"ImageObject\",\"inLanguage\":\"fr-FR\",\"@id\":\"https:\/\/www.bymycar.fr\/webzine\/#\/schema\/logo\/image\/\",\"url\":\"https:\/\/cdn.bymycar.eu\/fr-webzine\/wp-content\/uploads\/medias\/2017\/08\/logo_DEALER_00000406_001.png\",\"contentUrl\":\"https:\/\/cdn.bymycar.eu\/fr-webzine\/wp-content\/uploads\/medias\/2017\/08\/logo_DEALER_00000406_001.png\",\"width\":2132,\"height\":720,\"caption\":\"BYmyCAR\"},\"image\":{\"@id\":\"https:\/\/www.bymycar.fr\/webzine\/#\/schema\/logo\/image\/\"}},{\"@type\":\"Person\",\"@id\":\"https:\/\/www.bymycar.fr\/webzine\/#\/schema\/person\/8d570fe11eb8929f06c1e6d00f4d9689\",\"name\":\"La R\u00e9daction BYmyCAR\",\"image\":{\"@type\":\"ImageObject\",\"inLanguage\":\"fr-FR\",\"@id\":\"https:\/\/www.bymycar.fr\/webzine\/#\/schema\/person\/image\/\",\"url\":\"https:\/\/secure.gravatar.com\/avatar\/1aa6b039d0ce106989923af4e2d0f2a0c82bb070d5e449f1b9adf082a5863900?s=96&d=mm&r=g\",\"contentUrl\":\"https:\/\/secure.gravatar.com\/avatar\/1aa6b039d0ce106989923af4e2d0f2a0c82bb070d5e449f1b9adf082a5863900?s=96&d=mm&r=g\",\"caption\":\"La R\u00e9daction BYmyCAR\"},\"sameAs\":[\"https:\/\/www.bymycar.fr\/\"]}]}<\/script>\n<!-- \/ Yoast SEO Premium plugin. -->","yoast_head_json":{"title":"Top 10 des voitures \u00e9lectriques les moins ch\u00e8res en 2023 - BYmyCAR","description":"D\u00e9couvrez le top 10 des voitures \u00e9lectriques les moins ch\u00e8res en 2023. Achetez la voiture \u00e9lectrique de votre choix au meilleur prix","robots":{"index":"index","follow":"follow","max-snippet":"max-snippet:-1","max-image-preview":"max-image-preview:large","max-video-preview":"max-video-preview:-1"},"canonical":"https:\/\/www.bymycar.fr\/webzine\/top-10-des-voitures-electriques-les-moins-cheres-en-2023\/","og_locale":"fr_FR","og_type":"article","og_title":"Top 10 des voitures \u00e9lectriques les moins ch\u00e8res en 2023\u00a0","og_description":"D\u00e9couvrez le top 10 des voitures \u00e9lectriques les moins ch\u00e8res en 2023. Achetez la voiture \u00e9lectrique de votre choix au meilleur prix","og_url":"https:\/\/www.bymycar.fr\/webzine\/top-10-des-voitures-electriques-les-moins-cheres-en-2023\/","og_site_name":"Webzine auto BYmyCAR","article_published_time":"2023-09-22T07:58:39+00:00","article_modified_time":"2026-04-13T15:47:47+00:00","og_image":[{"width":2560,"height":1707,"url":"https:\/\/cdn.bymycar.eu\/fr-webzine\/wp-content\/uploads\/medias\/New-500-10.jpg","type":"image\/jpeg"}],"author":"La R\u00e9daction BYmyCAR","twitter_card":"summary_large_image","twitter_misc":{"\u00c9crit par":"La R\u00e9daction BYmyCAR"},"schema":{"@context":"https:\/\/schema.org","@graph":[{"@type":"Article","@id":"https:\/\/www.bymycar.fr\/webzine\/top-10-des-voitures-electriques-les-moins-cheres-en-2023\/#article","isPartOf":{"@id":"https:\/\/www.bymycar.fr\/webzine\/top-10-des-voitures-electriques-les-moins-cheres-en-2023\/"},"author":{"name":"La R\u00e9daction BYmyCAR","@id":"https:\/\/www.bymycar.fr\/webzine\/#\/schema\/person\/8d570fe11eb8929f06c1e6d00f4d9689"},"headline":"Top 10 des voitures \u00e9lectriques les moins ch\u00e8res en 2023\u00a0","datePublished":"2023-09-22T07:58:39+00:00","dateModified":"2026-04-13T15:47:47+00:00","mainEntityOfPage":{"@id":"https:\/\/www.bymycar.fr\/webzine\/top-10-des-voitures-electriques-les-moins-cheres-en-2023\/"},"wordCount":9,"publisher":{"@id":"https:\/\/www.bymycar.fr\/webzine\/#organization"},"image":{"@id":"https:\/\/www.bymycar.fr\/webzine\/top-10-des-voitures-electriques-les-moins-cheres-en-2023\/#primaryimage"},"thumbnailUrl":"https:\/\/cdn.bymycar.eu\/fr-webzine\/wp-content\/uploads\/medias\/New-500-10.jpg","articleSection":["Voiture \u00e9lectrique"],"inLanguage":"fr-FR"},{"@type":"WebPage","@id":"https:\/\/www.bymycar.fr\/webzine\/top-10-des-voitures-electriques-les-moins-cheres-en-2023\/","url":"https:\/\/www.bymycar.fr\/webzine\/top-10-des-voitures-electriques-les-moins-cheres-en-2023\/","name":"Top 10 des voitures \u00e9lectriques les moins ch\u00e8res en 2023 - BYmyCAR","isPartOf":{"@id":"https:\/\/www.bymycar.fr\/webzine\/#website"},"primaryImageOfPage":{"@id":"https:\/\/www.bymycar.fr\/webzine\/top-10-des-voitures-electriques-les-moins-cheres-en-2023\/#primaryimage"},"image":{"@id":"https:\/\/www.bymycar.fr\/webzine\/top-10-des-voitures-electriques-les-moins-cheres-en-2023\/#primaryimage"},"thumbnailUrl":"https:\/\/cdn.bymycar.eu\/fr-webzine\/wp-content\/uploads\/medias\/New-500-10.jpg","datePublished":"2023-09-22T07:58:39+00:00","dateModified":"2026-04-13T15:47:47+00:00","description":"D\u00e9couvrez le top 10 des voitures \u00e9lectriques les moins ch\u00e8res en 2023. Achetez la voiture \u00e9lectrique de votre choix au meilleur prix","breadcrumb":{"@id":"https:\/\/www.bymycar.fr\/webzine\/top-10-des-voitures-electriques-les-moins-cheres-en-2023\/#breadcrumb"},"inLanguage":"fr-FR","potentialAction":[{"@type":"ReadAction","target":["https:\/\/www.bymycar.fr\/webzine\/top-10-des-voitures-electriques-les-moins-cheres-en-2023\/"]}]},{"@type":"ImageObject","inLanguage":"fr-FR","@id":"https:\/\/www.bymycar.fr\/webzine\/top-10-des-voitures-electriques-les-moins-cheres-en-2023\/#primaryimage","url":"https:\/\/cdn.bymycar.eu\/fr-webzine\/wp-content\/uploads\/medias\/New-500-10.jpg","contentUrl":"https:\/\/cdn.bymycar.eu\/fr-webzine\/wp-content\/uploads\/medias\/New-500-10.jpg","width":2560,"height":1707},{"@type":"BreadcrumbList","@id":"https:\/\/www.bymycar.fr\/webzine\/top-10-des-voitures-electriques-les-moins-cheres-en-2023\/#breadcrumb","itemListElement":[{"@type":"ListItem","position":1,"name":"Accueil","item":"https:\/\/www.bymycar.fr\/webzine\/"},{"@type":"ListItem","position":2,"name":"Top 10 des voitures \u00e9lectriques les moins ch\u00e8res en 2023\u00a0"}]},{"@type":"WebSite","@id":"https:\/\/www.bymycar.fr\/webzine\/#website","url":"https:\/\/www.bymycar.fr\/webzine\/","name":"Webzine auto BYmyCAR","description":"La magazine auto de BYmyCAR","publisher":{"@id":"https:\/\/www.bymycar.fr\/webzine\/#organization"},"potentialAction":[{"@type":"SearchAction","target":{"@type":"EntryPoint","urlTemplate":"https:\/\/www.bymycar.fr\/webzine\/?s={search_term_string}"},"query-input":{"@type":"PropertyValueSpecification","valueRequired":true,"valueName":"search_term_string"}}],"inLanguage":"fr-FR"},{"@type":"Organization","@id":"https:\/\/www.bymycar.fr\/webzine\/#organization","name":"BYmyCAR","url":"https:\/\/www.bymycar.fr\/webzine\/","logo":{"@type":"ImageObject","inLanguage":"fr-FR","@id":"https:\/\/www.bymycar.fr\/webzine\/#\/schema\/logo\/image\/","url":"https:\/\/cdn.bymycar.eu\/fr-webzine\/wp-content\/uploads\/medias\/2017\/08\/logo_DEALER_00000406_001.png","contentUrl":"https:\/\/cdn.bymycar.eu\/fr-webzine\/wp-content\/uploads\/medias\/2017\/08\/logo_DEALER_00000406_001.png","width":2132,"height":720,"caption":"BYmyCAR"},"image":{"@id":"https:\/\/www.bymycar.fr\/webzine\/#\/schema\/logo\/image\/"}},{"@type":"Person","@id":"https:\/\/www.bymycar.fr\/webzine\/#\/schema\/person\/8d570fe11eb8929f06c1e6d00f4d9689","name":"La R\u00e9daction BYmyCAR","image":{"@type":"ImageObject","inLanguage":"fr-FR","@id":"https:\/\/www.bymycar.fr\/webzine\/#\/schema\/person\/image\/","url":"https:\/\/secure.gravatar.com\/avatar\/1aa6b039d0ce106989923af4e2d0f2a0c82bb070d5e449f1b9adf082a5863900?s=96&d=mm&r=g","contentUrl":"https:\/\/secure.gravatar.com\/avatar\/1aa6b039d0ce106989923af4e2d0f2a0c82bb070d5e449f1b9adf082a5863900?s=96&d=mm&r=g","caption":"La R\u00e9daction BYmyCAR"},"sameAs":["https:\/\/www.bymycar.fr\/"]}]}},"_links":{"self":[{"href":"https:\/\/www.bymycar.fr\/webzine\/wp-json\/wp\/v2\/posts\/42674","targetHints":{"allow":["GET"]}}],"collection":[{"href":"https:\/\/www.bymycar.fr\/webzine\/wp-json\/wp\/v2\/posts"}],"about":[{"href":"https:\/\/www.bymycar.fr\/webzine\/wp-json\/wp\/v2\/types\/post"}],"author":[{"embeddable":true,"href":"https:\/\/www.bymycar.fr\/webzine\/wp-json\/wp\/v2\/users\/88"}],"replies":[{"embeddable":true,"href":"https:\/\/www.bymycar.fr\/webzine\/wp-json\/wp\/v2\/comments?post=42674"}],"version-history":[{"count":6,"href":"https:\/\/www.bymycar.fr\/webzine\/wp-json\/wp\/v2\/posts\/42674\/revisions"}],"predecessor-version":[{"id":44425,"href":"https:\/\/www.bymycar.fr\/webzine\/wp-json\/wp\/v2\/posts\/42674\/revisions\/44425"}],"wp:featuredmedia":[{"embeddable":true,"href":"https:\/\/www.bymycar.fr\/webzine\/wp-json\/wp\/v2\/media\/39491"}],"wp:attachment":[{"href":"https:\/\/www.bymycar.fr\/webzine\/wp-json\/wp\/v2\/media?parent=42674"}],"wp:term":[{"taxonomy":"category","embeddable":true,"href":"https:\/\/www.bymycar.fr\/webzine\/wp-json\/wp\/v2\/categories?post=42674"},{"taxonomy":"post_tag","embeddable":true,"href":"https:\/\/www.bymycar.fr\/webzine\/wp-json\/wp\/v2\/tags?post=42674"}],"curies":[{"name":"wp","href":"https:\/\/api.w.org\/{rel}","templated":true}]}}