{"id":42649,"date":"2023-09-18T16:16:04","date_gmt":"2023-09-18T14:16:04","guid":{"rendered":"https:\/\/prod.bymycar.fr\/webzine\/?p=42649"},"modified":"2025-09-09T11:36:22","modified_gmt":"2025-09-09T09:36:22","slug":"comment-chercher-des-pieces-doccasion-pour-bmw-serie-1-e87","status":"publish","type":"post","link":"https:\/\/www.bymycar.fr\/webzine\/comment-chercher-des-pieces-doccasion-pour-bmw-serie-1-e87\/","title":{"rendered":"Comment chercher des pi\u00e8ces d&rsquo;occasion pour BMW S\u00e9rie 1 E87 ?"},"content":{"rendered":"","protected":false},"excerpt":{"rendered":"","protected":false},"author":88,"featured_media":42650,"comment_status":"closed","ping_status":"open","sticky":false,"template":"","format":"standard","meta":{"_acf_changed":false,"footnotes":""},"categories":[12979],"tags":[],"class_list":["post-42649","post","type-post","status-publish","format-standard","has-post-thumbnail","hentry","category-guide-dachat-bmw-serie-1-occasion"],"acf":{"template":"classique","introduction":"<p style=\"text-align: justify;\">La <a href=\"https:\/\/www.bymycar.fr\/marques\/bmw\/serie-1\" target=\"_blank\" rel=\"noopener\">BMW E87<\/a> est la premi\u00e8re g\u00e9n\u00e9ration de S\u00e9rie 1, la berline compacte du constructeur <a href=\"https:\/\/www.bymycar.fr\/marques\/bmw\" target=\"_blank\" rel=\"noopener\">BMW<\/a>. Il est possible de trouver des pi\u00e8ces de rechange neuves et d&rsquo;occasion en ligne pour ce mod\u00e8le.<\/p>\n","strates":[{"type_strate":"carousel-produits","ancre":"","contenu":"","titre":"Voir nos v\u00e9hicules BMW S\u00e9rie 1 disponibles","image":false,"image_libre":false,"image_800x500":false,"legende":"","zoom":false,"texte":"","articles":false,"categorie_droite":false,"images":false,"elements_comparatif":false,"texte_1":"","texte_2":"","image_1":false,"image_1_563x400":false,"image_1_332x332":false,"image_2":false,"image_2_333x240":false,"image_2_563x400":false,"image_3":false,"image_3_333x240":false,"image_3_332x450":false,"image_4":false,"image_4_332x332":false,"image_4_563x400":false,"code_embed":"","legende_video":"","photo":false,"photo_100x100":false,"nom":"","fonction":"","elements_timeline":false,"entetes_colonnes":false,"entetes_lignes":false,"lignes":false,"introduction":"","formulaire":false,"question":"","reponse":"","libelle_bouton_lien":"","url_lien":"","questions":false,"conclusions":false,"pays":"1","region":"","marque":"7","marqueConcessions":false,"modele":"SERIE 1","ptvente":"","typeV":"","collection":"","nombre_maximum_elements":"5","lien_fin_carousel":"https:\/\/www.bymycar.fr\/rechercher-un-vehicule?prod_VEHICLES%5BrefinementList%5D%5BvehType%5D%5B0%5D=Occasion&prod_VEHICLES%5BrefinementList%5D%5Bbrand%5D%5B0%5D=BMW&prod_VEHICLES%5BrefinementList%5D%5BmodelGroup1%5D%5B0%5D=SERIE%201","texte_lien_fin_carousel":"Voir plus","trier_par":"prix"},{"type_strate":"texte-simple","ancre":"","contenu":"<h2 style=\"text-align: justify;\">BMW S\u00e9rie 1 E87, E81, E82 et E88 : quelles diff\u00e9rences ?<\/h2>\n<p style=\"text-align: justify;\">La <strong>BMW S\u00e9rie 1<\/strong> de premi\u00e8re g\u00e9n\u00e9ration a d&rsquo;abord \u00e9t\u00e9 lanc\u00e9e en version berline cinq portes appel\u00e9e par les connaisseurs de la marque E87. Une version trois portes est apparue plus tard sous le nom de code E81, ainsi que des d\u00e9clinaisons coup\u00e9 E82 et cabriolet E88. Certaines <strong>pi\u00e8ces <\/strong>sont sp\u00e9cifiques \u00e0 un mod\u00e8le pr\u00e9cis, mais d&rsquo;autres sont partag\u00e9es entre ces diff\u00e9rentes versions. Il est important de v\u00e9rifier la r\u00e9f\u00e9rence exacte de la pi\u00e8ce de rechange dont on a besoin avant de se lancer dans un achat.<\/p>\n<h2 style=\"text-align: justify;\">Les pi\u00e8ces d&rsquo;un BMW X1 peuvent-elles \u00eatre mont\u00e9es sur une S\u00e9rie 1 ?<\/h2>\n<p style=\"text-align: justify;\">Le BMW X1 E84 partage de nombreuses <strong>pi\u00e8ces <\/strong>avec la <strong>S\u00e9rie 1 E87<\/strong>. Certaines sont compatibles avec les deux mod\u00e8les. Il vaut mieux toutefois s&rsquo;en assurer en amont, en comparant les r\u00e9f\u00e9rences des pi\u00e8ces afin de s&rsquo;assurer qu&rsquo;elles sont bien identiques.<\/p>\n<h2 style=\"text-align: justify;\">O\u00f9 trouver des pi\u00e8ces de rechange neuves pour une BMW S\u00e9rie 1 ?<\/h2>\n<p style=\"text-align: justify;\">De nombreuses <strong>boutiques en ligne <\/strong>permettent de rechercher des <strong>pi\u00e8ces de rechange <\/strong>pour BMW S\u00e9rie 1 E87. Il est possible de rechercher directement les pi\u00e8ces compatibles avec sa voiture, simplement en entrant l&rsquo;immatriculation de son v\u00e9hicule sur le site. Il est par exemple possible de trouver des\u00a0<strong>filtres d&rsquo;habitacle pour BMW S\u00e9rie 1<\/strong>, ou encore des kits de distribution compatibles. Les pi\u00e8ces sont g\u00e9n\u00e9ralement vendues \u00e0 des tarifs inf\u00e9rieurs \u00e0 ceux pratiqu\u00e9s par le constructeur.<\/p>\n<h2 style=\"text-align: justify;\">O\u00f9 trouver des pi\u00e8ces de rechange d&rsquo;occasion pour une BMW S\u00e9rie 1 ?<\/h2>\n<p style=\"text-align: justify;\">Il est possible de r\u00e9parer sa voiture avec des <strong>pi\u00e8ces automobiles d&rsquo;occasion<\/strong>. Il n&rsquo;est pas n\u00e9cessaire de se rendre dans une casse, puisque de nombreux sites permettent d\u00e9sormais de commander des\u00a0<strong>pi\u00e8ces d&rsquo;occasion en ligne<\/strong>. Les pi\u00e8ces de seconde main pr\u00e9sentent l&rsquo;avantage d&rsquo;\u00eatre vendues moins cher que les pi\u00e8ces neuves. Elles procurent \u00e9galement un avantage environnemental, ne n\u00e9cessitant pas d&rsquo;\u00eatre produites de nouveau.<\/p>\n<h2 style=\"text-align: justify;\">Quel est le moteur de la version diesel 118d ?<\/h2>\n<p style=\"text-align: justify;\">La <strong>version 118d<\/strong> est l&rsquo;une des plus populaires. Attention toutefois, son moteur a \u00e9volu\u00e9 au cours de la carri\u00e8re de la S\u00e9rie 1 E87. Les mod\u00e8les de 2004 \u00e0 2007 sont \u00e9quip\u00e9s du moteur quatre cylindres 2.0 turbo diesel M47TU2D20 de 122 ch. Courant 2007, il a laiss\u00e9 sa place \u00e0 une nouvelle version N47D20 de 143 ch. Il est donc important de v\u00e9rifier de quel <strong>moteur <\/strong>sa voiture est \u00e9quip\u00e9e avant de commander des <strong>pi\u00e8ces<\/strong>. Les versions 118d trois portes E81, coup\u00e9 E82 et cabriolet E88 existent uniquement avec le moteur N47D20 de 143 ch.<\/p>\n<p style=\"text-align: justify;\">Retrouvez nos v\u00e9hicules BMW disponibles dans nos <a href=\"https:\/\/www.bymycar.fr\/concessions\/bmw\" target=\"_blank\" rel=\"noopener\">concessions BMW BYmyCAR<\/a>.<\/p>\n","titre":"t1","image":false,"image_libre":false,"image_800x500":false,"legende":"","zoom":false,"texte":"","articles":false,"categorie_droite":false,"images":false,"elements_comparatif":false,"texte_1":"","texte_2":"","image_1":false,"image_1_563x400":false,"image_1_332x332":false,"image_2":false,"image_2_333x240":false,"image_2_563x400":false,"image_3":false,"image_3_333x240":false,"image_3_332x450":false,"image_4":false,"image_4_332x332":false,"image_4_563x400":false,"code_embed":"","legende_video":"","photo":false,"photo_100x100":false,"nom":"","fonction":"","elements_timeline":false,"entetes_colonnes":false,"entetes_lignes":false,"lignes":false,"introduction":"","formulaire":false,"question":"","reponse":"","libelle_bouton_lien":"","url_lien":"","questions":false,"conclusions":false,"pays":false,"region":false,"marque":false,"marqueConcessions":false,"modele":false,"ptvente":false,"typeV":false,"collection":false,"nombre_maximum_elements":10,"lien_fin_carousel":"","texte_lien_fin_carousel":"","trier_par":false},{"type_strate":"carousel-produits","ancre":"","contenu":"","titre":"Voir une s\u00e9lection de v\u00e9hicules BMW S\u00e9rie 1 disponibles","image":false,"image_libre":false,"image_800x500":false,"legende":"","zoom":false,"texte":"","articles":false,"categorie_droite":false,"images":false,"elements_comparatif":false,"texte_1":"","texte_2":"","image_1":false,"image_1_563x400":false,"image_1_332x332":false,"image_2":false,"image_2_333x240":false,"image_2_563x400":false,"image_3":false,"image_3_333x240":false,"image_3_332x450":false,"image_4":false,"image_4_332x332":false,"image_4_563x400":false,"code_embed":"","legende_video":"","photo":false,"photo_100x100":false,"nom":"","fonction":"","elements_timeline":false,"entetes_colonnes":false,"entetes_lignes":false,"lignes":false,"introduction":"","formulaire":false,"question":"","reponse":"","libelle_bouton_lien":"","url_lien":"","questions":false,"conclusions":false,"pays":"1","region":"","marque":"7","marqueConcessions":false,"modele":"SERIE 1","ptvente":"","typeV":"","collection":"","nombre_maximum_elements":"5","lien_fin_carousel":"https:\/\/www.bymycar.fr\/rechercher-un-vehicule?prod_VEHICLES%5BrefinementList%5D%5BvehType%5D%5B0%5D=Occasion&prod_VEHICLES%5BrefinementList%5D%5Bbrand%5D%5B0%5D=BMW&prod_VEHICLES%5BrefinementList%5D%5BmodelGroup1%5D%5B0%5D=SERIE%201","texte_lien_fin_carousel":"Voir plus","trier_par":"nouveaute"},{"type_strate":"texte-simple","ancre":"","contenu":"<p><a href=\"https:\/\/www.bymycar.fr\/webzine\/quelle-bmw-serie-1-doccasion-choisir\/\">Quelle BMW S\u00e9rie 1 d&rsquo;occasion choisir ?<\/a><\/p>\n<p><a href=\"https:\/\/www.bymycar.fr\/webzine\/que-faut-il-verifier-lors-de-lachat-dune-bmw-serie-1-doccasion\/\">Que faut-il v\u00e9rifier lors de l&rsquo;achat d&rsquo;une BMW S\u00e9rie 1 d&rsquo;occasion ?<\/a><\/p>\n<p><a href=\"https:\/\/www.bymycar.fr\/webzine\/pourquoi-devriez-vous-acheter-une-bmw-serie-1-doccasion\/\">Pourquoi devriez-vous acheter une BMW S\u00e9rie 1 d&rsquo;occasion ?<\/a><\/p>\n<p><a href=\"https:\/\/www.bymycar.fr\/webzine\/quels-sont-les-prix-des-bmw-serie-1-doccasion\/\">Quels sont les prix des BMW S\u00e9rie 1 d&rsquo;occasion ?<\/a><\/p>\n","titre":"t2","image":false,"image_libre":false,"image_800x500":false,"legende":"","zoom":false,"texte":"","articles":false,"categorie_droite":false,"images":false,"elements_comparatif":false,"texte_1":"","texte_2":"","image_1":false,"image_1_563x400":false,"image_1_332x332":false,"image_2":false,"image_2_333x240":false,"image_2_563x400":false,"image_3":false,"image_3_333x240":false,"image_3_332x450":false,"image_4":false,"image_4_332x332":false,"image_4_563x400":false,"code_embed":"","legende_video":"","photo":false,"photo_100x100":false,"nom":"","fonction":"","elements_timeline":false,"entetes_colonnes":false,"entetes_lignes":false,"lignes":false,"introduction":"","formulaire":false,"question":"","reponse":"","libelle_bouton_lien":"","url_lien":"","questions":false,"conclusions":false,"pays":false,"region":false,"marque":false,"marqueConcessions":false,"modele":false,"ptvente":false,"typeV":false,"collection":false,"nombre_maximum_elements":10,"lien_fin_carousel":"","texte_lien_fin_carousel":"","trier_par":false}],"is_old_post":false,"image":{"ID":42650,"id":42650,"title":"P90462950_highRes_the-bmw-1-series-and","filename":"P90462950_highRes_the-bmw-1-series-and.jpg","filesize":2988041,"url":"https:\/\/cdn.bymycar.eu\/fr-webzine\/wp-content\/uploads\/medias\/P90462950_highRes_the-bmw-1-series-and.jpg","link":"https:\/\/www.bymycar.fr\/webzine\/comment-chercher-des-pieces-doccasion-pour-bmw-serie-1-e87\/p90462950_highres_the-bmw-1-series-and\/","alt":"BMW s\u00e9rie 1 grise","author":"88","description":"","caption":"","name":"p90462950_highres_the-bmw-1-series-and","status":"inherit","uploaded_to":42649,"date":"2023-09-18 14:15:10","modified":"2023-09-18 14:15:31","menu_order":0,"mime_type":"image\/jpeg","type":"image","subtype":"jpeg","icon":"https:\/\/www.bymycar.fr\/webzine\/wp-includes\/images\/media\/default.png","width":2126,"height":1660,"sizes":{"thumbnail":"https:\/\/cdn.bymycar.eu\/fr-webzine\/wp-content\/uploads\/medias\/P90462950_highRes_the-bmw-1-series-and-150x150.jpg","thumbnail-width":150,"thumbnail-height":150,"medium":"https:\/\/cdn.bymycar.eu\/fr-webzine\/wp-content\/uploads\/medias\/P90462950_highRes_the-bmw-1-series-and-300x234.jpg","medium-width":300,"medium-height":234,"medium_large":"https:\/\/cdn.bymycar.eu\/fr-webzine\/wp-content\/uploads\/medias\/P90462950_highRes_the-bmw-1-series-and-768x600.jpg","medium_large-width":768,"medium_large-height":600,"large":"https:\/\/cdn.bymycar.eu\/fr-webzine\/wp-content\/uploads\/medias\/P90462950_highRes_the-bmw-1-series-and-1024x800.jpg","large-width":1024,"large-height":800,"1536x1536":"https:\/\/cdn.bymycar.eu\/fr-webzine\/wp-content\/uploads\/medias\/P90462950_highRes_the-bmw-1-series-and-1536x1199.jpg","1536x1536-width":1536,"1536x1536-height":1199,"2048x2048":"https:\/\/cdn.bymycar.eu\/fr-webzine\/wp-content\/uploads\/medias\/P90462950_highRes_the-bmw-1-series-and-2048x1599.jpg","2048x2048-width":2048,"2048x2048-height":1599}},"page_content":{"block_content":[{"acf_fc_layout":"carousel-produits"},{"acf_fc_layout":"text-simple","--nav":{"-withNav":false,"-ancre":""},"--group":{"-text":"<h2 style=\"text-align: justify;\">BMW S\u00e9rie 1 E87, E81, E82 et E88 : quelles diff\u00e9rences ?<\/h2>\n<p style=\"text-align: justify;\">La <strong>BMW S\u00e9rie 1<\/strong> de premi\u00e8re g\u00e9n\u00e9ration a d&rsquo;abord \u00e9t\u00e9 lanc\u00e9e en version berline cinq portes appel\u00e9e par les connaisseurs de la marque E87. Une version trois portes est apparue plus tard sous le nom de code E81, ainsi que des d\u00e9clinaisons coup\u00e9 E82 et cabriolet E88. Certaines <strong>pi\u00e8ces <\/strong>sont sp\u00e9cifiques \u00e0 un mod\u00e8le pr\u00e9cis, mais d&rsquo;autres sont partag\u00e9es entre ces diff\u00e9rentes versions. Il est important de v\u00e9rifier la r\u00e9f\u00e9rence exacte de la pi\u00e8ce de rechange dont on a besoin avant de se lancer dans un achat.<\/p>\n<h2 style=\"text-align: justify;\">Les pi\u00e8ces d&rsquo;un BMW X1 peuvent-elles \u00eatre mont\u00e9es sur une S\u00e9rie 1 ?<\/h2>\n<p style=\"text-align: justify;\">Le BMW X1 E84 partage de nombreuses <strong>pi\u00e8ces <\/strong>avec la <strong>S\u00e9rie 1 E87<\/strong>. Certaines sont compatibles avec les deux mod\u00e8les. Il vaut mieux toutefois s&rsquo;en assurer en amont, en comparant les r\u00e9f\u00e9rences des pi\u00e8ces afin de s&rsquo;assurer qu&rsquo;elles sont bien identiques.<\/p>\n<h2 style=\"text-align: justify;\">O\u00f9 trouver des pi\u00e8ces de rechange neuves pour une BMW S\u00e9rie 1 ?<\/h2>\n<p style=\"text-align: justify;\">De nombreuses <strong>boutiques en ligne <\/strong>permettent de rechercher des <strong>pi\u00e8ces de rechange <\/strong>pour BMW S\u00e9rie 1 E87. Il est possible de rechercher directement les pi\u00e8ces compatibles avec sa voiture, simplement en entrant l&rsquo;immatriculation de son v\u00e9hicule sur le site. Il est par exemple possible de trouver des\u00a0<strong>filtres d&rsquo;habitacle pour BMW S\u00e9rie 1<\/strong>, ou encore des kits de distribution compatibles. Les pi\u00e8ces sont g\u00e9n\u00e9ralement vendues \u00e0 des tarifs inf\u00e9rieurs \u00e0 ceux pratiqu\u00e9s par le constructeur.<\/p>\n<h2 style=\"text-align: justify;\">O\u00f9 trouver des pi\u00e8ces de rechange d&rsquo;occasion pour une BMW S\u00e9rie 1 ?<\/h2>\n<p style=\"text-align: justify;\">Il est possible de r\u00e9parer sa voiture avec des <strong>pi\u00e8ces automobiles d&rsquo;occasion<\/strong>. Il n&rsquo;est pas n\u00e9cessaire de se rendre dans une casse, puisque de nombreux sites permettent d\u00e9sormais de commander des\u00a0<strong>pi\u00e8ces d&rsquo;occasion en ligne<\/strong>. Les pi\u00e8ces de seconde main pr\u00e9sentent l&rsquo;avantage d&rsquo;\u00eatre vendues moins cher que les pi\u00e8ces neuves. Elles procurent \u00e9galement un avantage environnemental, ne n\u00e9cessitant pas d&rsquo;\u00eatre produites de nouveau.<\/p>\n<h2 style=\"text-align: justify;\">Quel est le moteur de la version diesel 118d ?<\/h2>\n<p style=\"text-align: justify;\">La <strong>version 118d<\/strong> est l&rsquo;une des plus populaires. Attention toutefois, son moteur a \u00e9volu\u00e9 au cours de la carri\u00e8re de la S\u00e9rie 1 E87. Les mod\u00e8les de 2004 \u00e0 2007 sont \u00e9quip\u00e9s du moteur quatre cylindres 2.0 turbo diesel M47TU2D20 de 122 ch. Courant 2007, il a laiss\u00e9 sa place \u00e0 une nouvelle version N47D20 de 143 ch. Il est donc important de v\u00e9rifier de quel <strong>moteur <\/strong>sa voiture est \u00e9quip\u00e9e avant de commander des <strong>pi\u00e8ces<\/strong>. Les versions 118d trois portes E81, coup\u00e9 E82 et cabriolet E88 existent uniquement avec le moteur N47D20 de 143 ch.<\/p>\n<p style=\"text-align: justify;\">Retrouvez nos v\u00e9hicules BMW disponibles dans nos <a href=\"https:\/\/www.bymycar.fr\/concessions\/bmw\" target=\"_blank\" rel=\"noopener\">concessions BMW BYmyCAR<\/a>.<\/p>\n"}},{"acf_fc_layout":"carousel-produits"},{"acf_fc_layout":"text-simple","--nav":{"-withNav":false,"-ancre":""},"--group":{"-text":"<p><a href=\"https:\/\/www.bymycar.fr\/webzine\/quelle-bmw-serie-1-doccasion-choisir\/\">Quelle BMW S\u00e9rie 1 d&rsquo;occasion choisir ?<\/a><\/p>\n<p><a href=\"https:\/\/www.bymycar.fr\/webzine\/que-faut-il-verifier-lors-de-lachat-dune-bmw-serie-1-doccasion\/\">Que faut-il v\u00e9rifier lors de l&rsquo;achat d&rsquo;une BMW S\u00e9rie 1 d&rsquo;occasion ?<\/a><\/p>\n<p><a href=\"https:\/\/www.bymycar.fr\/webzine\/pourquoi-devriez-vous-acheter-une-bmw-serie-1-doccasion\/\">Pourquoi devriez-vous acheter une BMW S\u00e9rie 1 d&rsquo;occasion ?<\/a><\/p>\n<p><a href=\"https:\/\/www.bymycar.fr\/webzine\/quels-sont-les-prix-des-bmw-serie-1-doccasion\/\">Quels sont les prix des BMW S\u00e9rie 1 d&rsquo;occasion ?<\/a><\/p>\n"}}]},"add-carousel-to-footer":true},"yoast_head":"<!-- This site is optimized with the Yoast SEO Premium plugin v26.4 (Yoast SEO v26.4) - https:\/\/yoast.com\/wordpress\/plugins\/seo\/ -->\n<title>Comment chercher des pi\u00e8ces d&#039;occasion pour BMW S\u00e9rie 1 E87 ?<\/title>\n<meta name=\"robots\" content=\"index, follow, max-snippet:-1, max-image-preview:large, max-video-preview:-1\" \/>\n<link rel=\"canonical\" href=\"https:\/\/www.bymycar.fr\/webzine\/comment-chercher-des-pieces-doccasion-pour-bmw-serie-1-e87\/\" \/>\n<meta property=\"og:locale\" content=\"fr_FR\" \/>\n<meta property=\"og:type\" content=\"article\" \/>\n<meta property=\"og:title\" content=\"Comment chercher des pi\u00e8ces d&#039;occasion pour BMW S\u00e9rie 1 E87 ?\" \/>\n<meta property=\"og:url\" content=\"https:\/\/www.bymycar.fr\/webzine\/comment-chercher-des-pieces-doccasion-pour-bmw-serie-1-e87\/\" \/>\n<meta property=\"og:site_name\" content=\"Webzine auto BYmyCAR\" \/>\n<meta property=\"article:published_time\" content=\"2023-09-18T14:16:04+00:00\" \/>\n<meta property=\"article:modified_time\" content=\"2025-09-09T09:36:22+00:00\" \/>\n<meta property=\"og:image\" content=\"https:\/\/cdn.bymycar.eu\/fr-webzine\/wp-content\/uploads\/medias\/P90462950_highRes_the-bmw-1-series-and-1024x800.jpg\" \/>\n\t<meta property=\"og:image:width\" content=\"1024\" \/>\n\t<meta property=\"og:image:height\" content=\"800\" \/>\n\t<meta property=\"og:image:type\" content=\"image\/jpeg\" \/>\n<meta name=\"author\" content=\"La R\u00e9daction BYmyCAR\" \/>\n<meta name=\"twitter:card\" content=\"summary_large_image\" \/>\n<meta name=\"twitter:label1\" content=\"\u00c9crit par\" \/>\n\t<meta name=\"twitter:data1\" content=\"La R\u00e9daction BYmyCAR\" \/>\n<script type=\"application\/ld+json\" class=\"yoast-schema-graph\">{\"@context\":\"https:\/\/schema.org\",\"@graph\":[{\"@type\":\"Article\",\"@id\":\"https:\/\/www.bymycar.fr\/webzine\/comment-chercher-des-pieces-doccasion-pour-bmw-serie-1-e87\/#article\",\"isPartOf\":{\"@id\":\"https:\/\/www.bymycar.fr\/webzine\/comment-chercher-des-pieces-doccasion-pour-bmw-serie-1-e87\/\"},\"author\":{\"name\":\"La R\u00e9daction BYmyCAR\",\"@id\":\"https:\/\/www.bymycar.fr\/webzine\/#\/schema\/person\/8d570fe11eb8929f06c1e6d00f4d9689\"},\"headline\":\"Comment chercher des pi\u00e8ces d&rsquo;occasion pour BMW S\u00e9rie 1 E87 ?\",\"datePublished\":\"2023-09-18T14:16:04+00:00\",\"dateModified\":\"2025-09-09T09:36:22+00:00\",\"mainEntityOfPage\":{\"@id\":\"https:\/\/www.bymycar.fr\/webzine\/comment-chercher-des-pieces-doccasion-pour-bmw-serie-1-e87\/\"},\"wordCount\":12,\"publisher\":{\"@id\":\"https:\/\/www.bymycar.fr\/webzine\/#organization\"},\"image\":{\"@id\":\"https:\/\/www.bymycar.fr\/webzine\/comment-chercher-des-pieces-doccasion-pour-bmw-serie-1-e87\/#primaryimage\"},\"thumbnailUrl\":\"https:\/\/cdn.bymycar.eu\/fr-webzine\/wp-content\/uploads\/medias\/P90462950_highRes_the-bmw-1-series-and.jpg\",\"articleSection\":[\"Guide d'achat BMW Serie 1 occasion\"],\"inLanguage\":\"fr-FR\"},{\"@type\":\"WebPage\",\"@id\":\"https:\/\/www.bymycar.fr\/webzine\/comment-chercher-des-pieces-doccasion-pour-bmw-serie-1-e87\/\",\"url\":\"https:\/\/www.bymycar.fr\/webzine\/comment-chercher-des-pieces-doccasion-pour-bmw-serie-1-e87\/\",\"name\":\"Comment chercher des pi\u00e8ces d'occasion pour BMW S\u00e9rie 1 E87 ?\",\"isPartOf\":{\"@id\":\"https:\/\/www.bymycar.fr\/webzine\/#website\"},\"primaryImageOfPage\":{\"@id\":\"https:\/\/www.bymycar.fr\/webzine\/comment-chercher-des-pieces-doccasion-pour-bmw-serie-1-e87\/#primaryimage\"},\"image\":{\"@id\":\"https:\/\/www.bymycar.fr\/webzine\/comment-chercher-des-pieces-doccasion-pour-bmw-serie-1-e87\/#primaryimage\"},\"thumbnailUrl\":\"https:\/\/cdn.bymycar.eu\/fr-webzine\/wp-content\/uploads\/medias\/P90462950_highRes_the-bmw-1-series-and.jpg\",\"datePublished\":\"2023-09-18T14:16:04+00:00\",\"dateModified\":\"2025-09-09T09:36:22+00:00\",\"breadcrumb\":{\"@id\":\"https:\/\/www.bymycar.fr\/webzine\/comment-chercher-des-pieces-doccasion-pour-bmw-serie-1-e87\/#breadcrumb\"},\"inLanguage\":\"fr-FR\",\"potentialAction\":[{\"@type\":\"ReadAction\",\"target\":[\"https:\/\/www.bymycar.fr\/webzine\/comment-chercher-des-pieces-doccasion-pour-bmw-serie-1-e87\/\"]}]},{\"@type\":\"ImageObject\",\"inLanguage\":\"fr-FR\",\"@id\":\"https:\/\/www.bymycar.fr\/webzine\/comment-chercher-des-pieces-doccasion-pour-bmw-serie-1-e87\/#primaryimage\",\"url\":\"https:\/\/cdn.bymycar.eu\/fr-webzine\/wp-content\/uploads\/medias\/P90462950_highRes_the-bmw-1-series-and.jpg\",\"contentUrl\":\"https:\/\/cdn.bymycar.eu\/fr-webzine\/wp-content\/uploads\/medias\/P90462950_highRes_the-bmw-1-series-and.jpg\",\"width\":2126,\"height\":1660,\"caption\":\"BMW s\u00e9rie 1 grise\"},{\"@type\":\"BreadcrumbList\",\"@id\":\"https:\/\/www.bymycar.fr\/webzine\/comment-chercher-des-pieces-doccasion-pour-bmw-serie-1-e87\/#breadcrumb\",\"itemListElement\":[{\"@type\":\"ListItem\",\"position\":1,\"name\":\"Accueil\",\"item\":\"https:\/\/www.bymycar.fr\/webzine\/\"},{\"@type\":\"ListItem\",\"position\":2,\"name\":\"Comment chercher des pi\u00e8ces d&rsquo;occasion pour BMW S\u00e9rie 1 E87 ?\"}]},{\"@type\":\"WebSite\",\"@id\":\"https:\/\/www.bymycar.fr\/webzine\/#website\",\"url\":\"https:\/\/www.bymycar.fr\/webzine\/\",\"name\":\"Webzine auto BYmyCAR\",\"description\":\"La magazine auto de BYmyCAR\",\"publisher\":{\"@id\":\"https:\/\/www.bymycar.fr\/webzine\/#organization\"},\"potentialAction\":[{\"@type\":\"SearchAction\",\"target\":{\"@type\":\"EntryPoint\",\"urlTemplate\":\"https:\/\/www.bymycar.fr\/webzine\/?s={search_term_string}\"},\"query-input\":{\"@type\":\"PropertyValueSpecification\",\"valueRequired\":true,\"valueName\":\"search_term_string\"}}],\"inLanguage\":\"fr-FR\"},{\"@type\":\"Organization\",\"@id\":\"https:\/\/www.bymycar.fr\/webzine\/#organization\",\"name\":\"BYmyCAR\",\"url\":\"https:\/\/www.bymycar.fr\/webzine\/\",\"logo\":{\"@type\":\"ImageObject\",\"inLanguage\":\"fr-FR\",\"@id\":\"https:\/\/www.bymycar.fr\/webzine\/#\/schema\/logo\/image\/\",\"url\":\"https:\/\/cdn.bymycar.eu\/fr-webzine\/wp-content\/uploads\/medias\/2017\/08\/logo_DEALER_00000406_001.png\",\"contentUrl\":\"https:\/\/cdn.bymycar.eu\/fr-webzine\/wp-content\/uploads\/medias\/2017\/08\/logo_DEALER_00000406_001.png\",\"width\":2132,\"height\":720,\"caption\":\"BYmyCAR\"},\"image\":{\"@id\":\"https:\/\/www.bymycar.fr\/webzine\/#\/schema\/logo\/image\/\"}},{\"@type\":\"Person\",\"@id\":\"https:\/\/www.bymycar.fr\/webzine\/#\/schema\/person\/8d570fe11eb8929f06c1e6d00f4d9689\",\"name\":\"La R\u00e9daction BYmyCAR\",\"image\":{\"@type\":\"ImageObject\",\"inLanguage\":\"fr-FR\",\"@id\":\"https:\/\/www.bymycar.fr\/webzine\/#\/schema\/person\/image\/\",\"url\":\"https:\/\/secure.gravatar.com\/avatar\/1aa6b039d0ce106989923af4e2d0f2a0c82bb070d5e449f1b9adf082a5863900?s=96&d=mm&r=g\",\"contentUrl\":\"https:\/\/secure.gravatar.com\/avatar\/1aa6b039d0ce106989923af4e2d0f2a0c82bb070d5e449f1b9adf082a5863900?s=96&d=mm&r=g\",\"caption\":\"La R\u00e9daction BYmyCAR\"},\"sameAs\":[\"https:\/\/www.bymycar.fr\/\"]}]}<\/script>\n<!-- \/ Yoast SEO Premium plugin. -->","yoast_head_json":{"title":"Comment chercher des pi\u00e8ces d'occasion pour BMW S\u00e9rie 1 E87 ?","robots":{"index":"index","follow":"follow","max-snippet":"max-snippet:-1","max-image-preview":"max-image-preview:large","max-video-preview":"max-video-preview:-1"},"canonical":"https:\/\/www.bymycar.fr\/webzine\/comment-chercher-des-pieces-doccasion-pour-bmw-serie-1-e87\/","og_locale":"fr_FR","og_type":"article","og_title":"Comment chercher des pi\u00e8ces d'occasion pour BMW S\u00e9rie 1 E87 ?","og_url":"https:\/\/www.bymycar.fr\/webzine\/comment-chercher-des-pieces-doccasion-pour-bmw-serie-1-e87\/","og_site_name":"Webzine auto BYmyCAR","article_published_time":"2023-09-18T14:16:04+00:00","article_modified_time":"2025-09-09T09:36:22+00:00","og_image":[{"width":1024,"height":800,"url":"https:\/\/cdn.bymycar.eu\/fr-webzine\/wp-content\/uploads\/medias\/P90462950_highRes_the-bmw-1-series-and-1024x800.jpg","type":"image\/jpeg"}],"author":"La R\u00e9daction BYmyCAR","twitter_card":"summary_large_image","twitter_misc":{"\u00c9crit par":"La R\u00e9daction BYmyCAR"},"schema":{"@context":"https:\/\/schema.org","@graph":[{"@type":"Article","@id":"https:\/\/www.bymycar.fr\/webzine\/comment-chercher-des-pieces-doccasion-pour-bmw-serie-1-e87\/#article","isPartOf":{"@id":"https:\/\/www.bymycar.fr\/webzine\/comment-chercher-des-pieces-doccasion-pour-bmw-serie-1-e87\/"},"author":{"name":"La R\u00e9daction BYmyCAR","@id":"https:\/\/www.bymycar.fr\/webzine\/#\/schema\/person\/8d570fe11eb8929f06c1e6d00f4d9689"},"headline":"Comment chercher des pi\u00e8ces d&rsquo;occasion pour BMW S\u00e9rie 1 E87 ?","datePublished":"2023-09-18T14:16:04+00:00","dateModified":"2025-09-09T09:36:22+00:00","mainEntityOfPage":{"@id":"https:\/\/www.bymycar.fr\/webzine\/comment-chercher-des-pieces-doccasion-pour-bmw-serie-1-e87\/"},"wordCount":12,"publisher":{"@id":"https:\/\/www.bymycar.fr\/webzine\/#organization"},"image":{"@id":"https:\/\/www.bymycar.fr\/webzine\/comment-chercher-des-pieces-doccasion-pour-bmw-serie-1-e87\/#primaryimage"},"thumbnailUrl":"https:\/\/cdn.bymycar.eu\/fr-webzine\/wp-content\/uploads\/medias\/P90462950_highRes_the-bmw-1-series-and.jpg","articleSection":["Guide d'achat BMW Serie 1 occasion"],"inLanguage":"fr-FR"},{"@type":"WebPage","@id":"https:\/\/www.bymycar.fr\/webzine\/comment-chercher-des-pieces-doccasion-pour-bmw-serie-1-e87\/","url":"https:\/\/www.bymycar.fr\/webzine\/comment-chercher-des-pieces-doccasion-pour-bmw-serie-1-e87\/","name":"Comment chercher des pi\u00e8ces d'occasion pour BMW S\u00e9rie 1 E87 ?","isPartOf":{"@id":"https:\/\/www.bymycar.fr\/webzine\/#website"},"primaryImageOfPage":{"@id":"https:\/\/www.bymycar.fr\/webzine\/comment-chercher-des-pieces-doccasion-pour-bmw-serie-1-e87\/#primaryimage"},"image":{"@id":"https:\/\/www.bymycar.fr\/webzine\/comment-chercher-des-pieces-doccasion-pour-bmw-serie-1-e87\/#primaryimage"},"thumbnailUrl":"https:\/\/cdn.bymycar.eu\/fr-webzine\/wp-content\/uploads\/medias\/P90462950_highRes_the-bmw-1-series-and.jpg","datePublished":"2023-09-18T14:16:04+00:00","dateModified":"2025-09-09T09:36:22+00:00","breadcrumb":{"@id":"https:\/\/www.bymycar.fr\/webzine\/comment-chercher-des-pieces-doccasion-pour-bmw-serie-1-e87\/#breadcrumb"},"inLanguage":"fr-FR","potentialAction":[{"@type":"ReadAction","target":["https:\/\/www.bymycar.fr\/webzine\/comment-chercher-des-pieces-doccasion-pour-bmw-serie-1-e87\/"]}]},{"@type":"ImageObject","inLanguage":"fr-FR","@id":"https:\/\/www.bymycar.fr\/webzine\/comment-chercher-des-pieces-doccasion-pour-bmw-serie-1-e87\/#primaryimage","url":"https:\/\/cdn.bymycar.eu\/fr-webzine\/wp-content\/uploads\/medias\/P90462950_highRes_the-bmw-1-series-and.jpg","contentUrl":"https:\/\/cdn.bymycar.eu\/fr-webzine\/wp-content\/uploads\/medias\/P90462950_highRes_the-bmw-1-series-and.jpg","width":2126,"height":1660,"caption":"BMW s\u00e9rie 1 grise"},{"@type":"BreadcrumbList","@id":"https:\/\/www.bymycar.fr\/webzine\/comment-chercher-des-pieces-doccasion-pour-bmw-serie-1-e87\/#breadcrumb","itemListElement":[{"@type":"ListItem","position":1,"name":"Accueil","item":"https:\/\/www.bymycar.fr\/webzine\/"},{"@type":"ListItem","position":2,"name":"Comment chercher des pi\u00e8ces d&rsquo;occasion pour BMW S\u00e9rie 1 E87 ?"}]},{"@type":"WebSite","@id":"https:\/\/www.bymycar.fr\/webzine\/#website","url":"https:\/\/www.bymycar.fr\/webzine\/","name":"Webzine auto BYmyCAR","description":"La magazine auto de BYmyCAR","publisher":{"@id":"https:\/\/www.bymycar.fr\/webzine\/#organization"},"potentialAction":[{"@type":"SearchAction","target":{"@type":"EntryPoint","urlTemplate":"https:\/\/www.bymycar.fr\/webzine\/?s={search_term_string}"},"query-input":{"@type":"PropertyValueSpecification","valueRequired":true,"valueName":"search_term_string"}}],"inLanguage":"fr-FR"},{"@type":"Organization","@id":"https:\/\/www.bymycar.fr\/webzine\/#organization","name":"BYmyCAR","url":"https:\/\/www.bymycar.fr\/webzine\/","logo":{"@type":"ImageObject","inLanguage":"fr-FR","@id":"https:\/\/www.bymycar.fr\/webzine\/#\/schema\/logo\/image\/","url":"https:\/\/cdn.bymycar.eu\/fr-webzine\/wp-content\/uploads\/medias\/2017\/08\/logo_DEALER_00000406_001.png","contentUrl":"https:\/\/cdn.bymycar.eu\/fr-webzine\/wp-content\/uploads\/medias\/2017\/08\/logo_DEALER_00000406_001.png","width":2132,"height":720,"caption":"BYmyCAR"},"image":{"@id":"https:\/\/www.bymycar.fr\/webzine\/#\/schema\/logo\/image\/"}},{"@type":"Person","@id":"https:\/\/www.bymycar.fr\/webzine\/#\/schema\/person\/8d570fe11eb8929f06c1e6d00f4d9689","name":"La R\u00e9daction BYmyCAR","image":{"@type":"ImageObject","inLanguage":"fr-FR","@id":"https:\/\/www.bymycar.fr\/webzine\/#\/schema\/person\/image\/","url":"https:\/\/secure.gravatar.com\/avatar\/1aa6b039d0ce106989923af4e2d0f2a0c82bb070d5e449f1b9adf082a5863900?s=96&d=mm&r=g","contentUrl":"https:\/\/secure.gravatar.com\/avatar\/1aa6b039d0ce106989923af4e2d0f2a0c82bb070d5e449f1b9adf082a5863900?s=96&d=mm&r=g","caption":"La R\u00e9daction BYmyCAR"},"sameAs":["https:\/\/www.bymycar.fr\/"]}]}},"_links":{"self":[{"href":"https:\/\/www.bymycar.fr\/webzine\/wp-json\/wp\/v2\/posts\/42649","targetHints":{"allow":["GET"]}}],"collection":[{"href":"https:\/\/www.bymycar.fr\/webzine\/wp-json\/wp\/v2\/posts"}],"about":[{"href":"https:\/\/www.bymycar.fr\/webzine\/wp-json\/wp\/v2\/types\/post"}],"author":[{"embeddable":true,"href":"https:\/\/www.bymycar.fr\/webzine\/wp-json\/wp\/v2\/users\/88"}],"replies":[{"embeddable":true,"href":"https:\/\/www.bymycar.fr\/webzine\/wp-json\/wp\/v2\/comments?post=42649"}],"version-history":[{"count":3,"href":"https:\/\/www.bymycar.fr\/webzine\/wp-json\/wp\/v2\/posts\/42649\/revisions"}],"predecessor-version":[{"id":42654,"href":"https:\/\/www.bymycar.fr\/webzine\/wp-json\/wp\/v2\/posts\/42649\/revisions\/42654"}],"wp:featuredmedia":[{"embeddable":true,"href":"https:\/\/www.bymycar.fr\/webzine\/wp-json\/wp\/v2\/media\/42650"}],"wp:attachment":[{"href":"https:\/\/www.bymycar.fr\/webzine\/wp-json\/wp\/v2\/media?parent=42649"}],"wp:term":[{"taxonomy":"category","embeddable":true,"href":"https:\/\/www.bymycar.fr\/webzine\/wp-json\/wp\/v2\/categories?post=42649"},{"taxonomy":"post_tag","embeddable":true,"href":"https:\/\/www.bymycar.fr\/webzine\/wp-json\/wp\/v2\/tags?post=42649"}],"curies":[{"name":"wp","href":"https:\/\/api.w.org\/{rel}","templated":true}]}}