{"id":42629,"date":"2023-09-12T18:02:55","date_gmt":"2023-09-12T16:02:55","guid":{"rendered":"https:\/\/prod.bymycar.fr\/webzine\/?p=42629"},"modified":"2025-09-09T11:36:22","modified_gmt":"2025-09-09T09:36:22","slug":"que-faut-il-verifier-lors-de-lachat-dune-bmw-serie-1-doccasion","status":"publish","type":"post","link":"https:\/\/www.bymycar.fr\/webzine\/que-faut-il-verifier-lors-de-lachat-dune-bmw-serie-1-doccasion\/","title":{"rendered":"Que faut-il v\u00e9rifier lors de l&rsquo;achat d&rsquo;une BMW S\u00e9rie 1 d&rsquo;occasion"},"content":{"rendered":"","protected":false},"excerpt":{"rendered":"","protected":false},"author":88,"featured_media":42630,"comment_status":"closed","ping_status":"open","sticky":false,"template":"","format":"standard","meta":{"_acf_changed":false,"footnotes":""},"categories":[12979],"tags":[],"class_list":["post-42629","post","type-post","status-publish","format-standard","has-post-thumbnail","hentry","category-guide-dachat-bmw-serie-1-occasion"],"acf":{"template":"classique","introduction":"<p>La <a href=\"https:\/\/www.bymycar.fr\/v\/bmw-serie-1-occasion\" target=\"_blank\" rel=\"noopener\">BMW S\u00e9rie 1<\/a> est la plus petite voiture de la gamme du constructeur allemand, mais elle est loin d&rsquo;\u00eatre la moins populaire sur le march\u00e9 de l&rsquo;occasion.<\/p>\n","strates":[{"type_strate":"carousel-produits","ancre":"","contenu":"","titre":"Voir nos v\u00e9hicules BMW S\u00e9rie 1 disponibles","image":false,"image_libre":false,"image_800x500":false,"legende":"","zoom":false,"texte":"","articles":false,"categorie_droite":false,"images":false,"elements_comparatif":false,"texte_1":"","texte_2":"","image_1":false,"image_1_563x400":false,"image_1_332x332":false,"image_2":false,"image_2_333x240":false,"image_2_563x400":false,"image_3":false,"image_3_333x240":false,"image_3_332x450":false,"image_4":false,"image_4_332x332":false,"image_4_563x400":false,"code_embed":"","legende_video":"","photo":false,"photo_100x100":false,"nom":"","fonction":"","elements_timeline":false,"entetes_colonnes":false,"entetes_lignes":false,"lignes":false,"introduction":"","formulaire":false,"question":"","reponse":"","libelle_bouton_lien":"","url_lien":"","questions":false,"conclusions":false,"pays":"1","region":"","marque":"7","marqueConcessions":false,"modele":"SERIE 1","ptvente":"","typeV":"","collection":"","nombre_maximum_elements":"5","lien_fin_carousel":"https:\/\/www.bymycar.fr\/rechercher-un-vehicule?prod_VEHICLES%5BrefinementList%5D%5BvehType%5D%5B0%5D=Occasion&prod_VEHICLES%5BrefinementList%5D%5Bbrand%5D%5B0%5D=BMW&prod_VEHICLES%5BrefinementList%5D%5BmodelGroup1%5D%5B0%5D=SERIE%203","texte_lien_fin_carousel":"Voir plus","trier_par":"prix"},{"type_strate":"texte-simple","ancre":"","contenu":"<h2 style=\"text-align: justify;\">Comment v\u00e9rifier une BMW d&rsquo;occasion avant un achat ?<\/h2>\n<p style=\"text-align: justify;\">Lors de l&rsquo;achat d&rsquo;un <a href=\"https:\/\/www.bymycar.fr\/v\/voiture-occasion\" target=\"_blank\" rel=\"noopener\"><strong>v\u00e9hicule d&rsquo;occasion<\/strong><\/a> aupr\u00e8s d&rsquo;un <strong>vendeur particulier<\/strong>, il est important d&rsquo;inspecter scrupuleusement le v\u00e9hicule. Plus que \u00e7a, son carnet d&rsquo;entretien et son certificat HistoVec permettent d&rsquo;en apprendre plus sur le pass\u00e9 de la voiture et l&rsquo;entretien qu&rsquo;elle a re\u00e7u. De la fum\u00e9e \u00e0 l&rsquo;\u00e9chappement, une odeur particuli\u00e8re ou une r\u00e9action anormale de la voiture peuvent \u00e9galement alerter sur une potentielle panne et font partie des \u00e9l\u00e9ments \u00e0 v\u00e9rifier pour \u00e9viter les\u00a0<strong>mauvaises surprises<\/strong>.<\/p>\n<h2 style=\"text-align: justify;\">Quel entretien pour une BMW S\u00e9rie 1 ?<\/h2>\n<p style=\"text-align: justify;\">La p\u00e9riodicit\u00e9 d&rsquo;entretien d&rsquo;une <strong><a href=\"https:\/\/www.bymycar.fr\/marques\/bmw\/serie-1\" target=\"_blank\" rel=\"noopener\">BMW S\u00e9rie 1<\/a> <\/strong>d\u00e9pend notamment de sa motorisation. Pour certaines versions, <a href=\"https:\/\/www.bymycar.fr\/marques\/bmw\" target=\"_blank\" rel=\"noopener\">BMW<\/a> peut pr\u00e9coniser une r\u00e9vision plus ou moins fr\u00e9quente, bas\u00e9e sur l&rsquo;\u00e2ge de la voiture et son kilom\u00e9trage. Avant d&rsquo;acheter un mod\u00e8le d&rsquo;occasion, il est important de retracer son <strong>historique complet<\/strong>, afin de v\u00e9rifier qu&rsquo;une op\u00e9ration d&rsquo;entretien recommand\u00e9e par BMW n&rsquo;a pas \u00e9t\u00e9 oubli\u00e9e par les pr\u00e9c\u00e9dents propri\u00e9taires.<\/p>\n<h2 style=\"text-align: justify;\">La BMW S\u00e9rie 1 est-elle une bonne voiture ?<\/h2>\n<p style=\"text-align: justify;\">La <strong>BMW S\u00e9rie 1 <\/strong>est une berline compacte premium, qui rivalise entre autres avec les Mercedes Classe A, Audi A3 et DS 4. Elle mise avant tout sur son plaisir de conduite, gr\u00e2ce \u00e0 une excellente position de conduite, une <strong>direction <\/strong>et des <strong>r\u00e9glages de trains roulants<\/strong> pr\u00e9cis et des moteurs puissants. Gr\u00e2ce \u00e0 une qualit\u00e9 de fabrication digne des standards BMW, elle sait \u00e9galement se montrer accueillante envers ses passagers.<\/p>\n<h2 style=\"text-align: justify;\">Quelle est la BMW S\u00e9rie 1 la plus fiable (avis fiabilit\u00e9) ?<\/h2>\n<p style=\"text-align: justify;\">La BMW S\u00e9rie 1 est une voiture fiable. En\u00a0<strong>essence <\/strong>comme en <strong>diesel<\/strong>, ses moteurs et bo\u00eetes de vitesses profitent d&rsquo;une <strong>longue dur\u00e9e de vie<\/strong>. Toutes les versions sont donc recommandables pour un achat en seconde main, \u00e0 condition bien s\u00fbr d&rsquo;avoir \u00e9t\u00e9 entretenues en temps et en heure.<\/p>\n<h2 style=\"text-align: justify;\">Quelle est la meilleure BMW S\u00e9rie 1 ?<\/h2>\n<p style=\"text-align: justify;\">La S\u00e9rie 1 en est d\u00e9j\u00e0 \u00e0 sa troisi\u00e8me g\u00e9n\u00e9ration. On trouve des mod\u00e8les d&rsquo;occasion pour tous les\u00a0<strong>budgets<\/strong>, avec des moteurs essence et diesel. Avant de se lancer dans les recherches, il est toutefois important de se poser quelques questions pour s&rsquo;assurer de faire le bon choix.<\/p>\n<h2 style=\"text-align: justify;\">Avis sur la BMW S\u00e9rie 1 E87 phase 1 et phase 2<\/h2>\n<p style=\"text-align: justify;\">La premi\u00e8re g\u00e9n\u00e9ration de <strong>BMW S\u00e9rie 1<\/strong> a \u00e9t\u00e9 produite de 2004 \u00e0 2011. Il s&rsquo;agit d&rsquo;un mod\u00e8le que l&rsquo;on trouve aujourd&rsquo;hui \u00e0 des <strong>tarifs\u00a0<\/strong>attractifs en occasion, avec des <strong>bonnes affaires<\/strong> parfois sous la barre des 5 000 \u20ac. \u00c0 ce prix, les mod\u00e8les avoisinent n\u00e9anmoins les 200 000 km au compteur, mais des exemplaires moins kilom\u00e9tr\u00e9s sont aussi propos\u00e9s. La premi\u00e8re g\u00e9n\u00e9ration de S\u00e9rie 1 est une propulsion \u00e0 moteur longitudinal, contrairement \u00e0 ses rivales qui sont des tractions.<\/p>\n<h3 style=\"text-align: justify;\">Avis sur la BMW S\u00e9rie 1 F20 phase 1, phase 2 et phase 3<\/h3>\n<p style=\"text-align: justify;\">La deuxi\u00e8me g\u00e9n\u00e9ration de <strong>BMW S\u00e9rie 1<\/strong> conserve l&rsquo;architecture de propulsion du premier mod\u00e8le, mais propose \u00e9galement des versions \u00e0 transmission int\u00e9grale xDrive en option. Elle est toujours propos\u00e9e en versions trois ou cinq portes, essence ou diesel et en <strong>bo\u00eete de vitesses<\/strong> manuelle ou automatique. Son style \u00e9volue toutefois et se montre plus sportif. L&rsquo;int\u00e9rieur est quant \u00e0 lui modernis\u00e9 et centr\u00e9 autour du conducteur.<\/p>\n<h3 style=\"text-align: justify;\">Avis sur la BMW S\u00e9rie 1 F40 phase 1 et phase 2<\/h3>\n<p style=\"text-align: justify;\">Derni\u00e8re g\u00e9n\u00e9ration de <strong>S\u00e9rie 1<\/strong> en date, la BMW F40 marque le passage \u00e0 la traction pour la compacte allemande. Ce changement d&rsquo;architecture impacte le style de la voiture. Le capot a pu \u00eatre raccourci puisque les moteurs sont d\u00e9sormais plac\u00e9s en position transversale. Le comportement routier de la S\u00e9rie 1 reste cependant parmi les meilleurs de la cat\u00e9gorie. Elle propose toujours des motorisations\u00a0<strong>essence <\/strong>et <strong>diesel<\/strong>, \u00e0 trois ou quatre cylindres. La S\u00e9rie 1 abandonne par ailleurs sa version trois portes.<\/p>\n<h2 style=\"text-align: justify;\">Quel moteur choisir pour la BMW S\u00e9rie 1 ?<\/h2>\n<p style=\"text-align: justify;\">Les diff\u00e9rentes g\u00e9n\u00e9rations de <strong>BMW S\u00e9rie 1<\/strong> laissent le choix entre des moteurs essence et diesel allant du petit trois cylindres au gros six cylindres de la version M135i xDrive. Il existe donc des S\u00e9rie 1 pour tous les besoins, \u00e0 la fois sobres et performantes.<\/p>\n<h3 style=\"text-align: justify;\">Quelle BMW S\u00e9rie 1 consomme le moins ?<\/h3>\n<p style=\"text-align: justify;\">La BMW S\u00e9rie 1 la plus sobre est la version diesel <strong>116d<\/strong> de 116 ch. Elle consomme seulement entre 4,6 l et 5,2 l\/100 km selon la configuration. En essence, la\u00a0<strong>116i <\/strong>et la <strong>118i <\/strong>font aussi bien l&rsquo;une que l&rsquo;autre, avec entre 5,7 l et 6,4 l\/100 km de consommation. Dans tous les cas, la BMW S\u00e9rie 1 est une voiture sobre gr\u00e2ce \u00e0 ses motorisations modernes.<\/p>\n<h3 style=\"text-align: justify;\">Quelle BMW S\u00e9rie 1 est la plus puissante ?<\/h3>\n<p style=\"text-align: justify;\">La plus puissante des BMW S\u00e9rie 1 est la version M coup\u00e9, dont le six cylindres en ligne M TwinPower Turbo d\u00e9veloppe 340 ch. Il s&rsquo;agit de la version la plus sportive de la premi\u00e8re g\u00e9n\u00e9ration, qui a par la suite \u00e9t\u00e9 remplac\u00e9e par la M2, encore plus puissante. Du c\u00f4t\u00e9 de la S\u00e9rie 1 F40, c&rsquo;est la version\u00a0<strong>M135i <\/strong>qui coiffe la gamme avec les 306 ch de son quatre cylindres turbo. Elle est d&rsquo;office \u00e9quip\u00e9e d&rsquo;une <strong>bo\u00eete automatique<\/strong> \u00e0 huit rapports et d&rsquo;une <strong>transmission int\u00e9grale xDrive<\/strong>.<\/p>\n<h3 style=\"text-align: justify;\">Quelles BMW S\u00e9rie 1 sont \u00e9quip\u00e9es d&rsquo;un moteur 6 cylindres ?<\/h3>\n<p style=\"text-align: justify;\">La BMW S\u00e9rie 1 de premi\u00e8re g\u00e9n\u00e9ration est la seule \u00e0 proposer un moteur <strong>six cylindres en ligne<\/strong> atmosph\u00e9rique avec la version 130i. Les versions 135i, 135is et 1M coup\u00e9 sont, quant \u00e0 elles, \u00e9quip\u00e9es de blocs six cylindres en ligne <strong>turbo<\/strong>. La deuxi\u00e8me g\u00e9n\u00e9ration de S\u00e9rie 1 propose \u00e9galement des six cylindres, avec la M135i et sa rempla\u00e7ante la M140i, mais la derni\u00e8re g\u00e9n\u00e9ration se contente de moteurs trois et quatre cylindres.<\/p>\n<p style=\"text-align: justify;\">Retrouvez nos v\u00e9hicules BMW dans nos <a href=\"https:\/\/www.bymycar.fr\/concessions\/bmw\" target=\"_blank\" rel=\"noopener\">concessions BMW BYmyCAR<\/a>.<\/p>\n","titre":"t1","image":false,"image_libre":false,"image_800x500":false,"legende":"","zoom":false,"texte":"","articles":false,"categorie_droite":false,"images":false,"elements_comparatif":false,"texte_1":"","texte_2":"","image_1":false,"image_1_563x400":false,"image_1_332x332":false,"image_2":false,"image_2_333x240":false,"image_2_563x400":false,"image_3":false,"image_3_333x240":false,"image_3_332x450":false,"image_4":false,"image_4_332x332":false,"image_4_563x400":false,"code_embed":"","legende_video":"","photo":false,"photo_100x100":false,"nom":"","fonction":"","elements_timeline":false,"entetes_colonnes":false,"entetes_lignes":false,"lignes":false,"introduction":"","formulaire":false,"question":"","reponse":"","libelle_bouton_lien":"","url_lien":"","questions":false,"conclusions":false,"pays":false,"region":false,"marque":false,"marqueConcessions":false,"modele":false,"ptvente":false,"typeV":false,"collection":false,"nombre_maximum_elements":10,"lien_fin_carousel":"","texte_lien_fin_carousel":"","trier_par":false},{"type_strate":"carousel-produits","ancre":"","contenu":"","titre":"Voir une s\u00e9lection de v\u00e9hicules BMW S\u00e9rie 1 ","image":false,"image_libre":false,"image_800x500":false,"legende":"","zoom":false,"texte":"","articles":false,"categorie_droite":false,"images":false,"elements_comparatif":false,"texte_1":"","texte_2":"","image_1":false,"image_1_563x400":false,"image_1_332x332":false,"image_2":false,"image_2_333x240":false,"image_2_563x400":false,"image_3":false,"image_3_333x240":false,"image_3_332x450":false,"image_4":false,"image_4_332x332":false,"image_4_563x400":false,"code_embed":"","legende_video":"","photo":false,"photo_100x100":false,"nom":"","fonction":"","elements_timeline":false,"entetes_colonnes":false,"entetes_lignes":false,"lignes":false,"introduction":"","formulaire":false,"question":"","reponse":"","libelle_bouton_lien":"","url_lien":"","questions":false,"conclusions":false,"pays":"1","region":"","marque":"7","marqueConcessions":false,"modele":"SERIE 1","ptvente":"","typeV":"","collection":"","nombre_maximum_elements":"5","lien_fin_carousel":"https:\/\/www.bymycar.fr\/rechercher-un-vehicule?prod_VEHICLES%5BrefinementList%5D%5BvehType%5D%5B0%5D=Occasion&prod_VEHICLES%5BrefinementList%5D%5Bbrand%5D%5B0%5D=BMW&prod_VEHICLES%5BrefinementList%5D%5BmodelGroup1%5D%5B0%5D=SERIE%203","texte_lien_fin_carousel":"Voir plus","trier_par":"nouveaute"},{"type_strate":"texte-simple","ancre":"","contenu":"<p><a href=\"https:\/\/www.bymycar.fr\/webzine\/quelle-bmw-serie-1-doccasion-choisir\/\">Quelle BMW S\u00e9rie 1 d&rsquo;occasion choisir ?<\/a><\/p>\n<p><a href=\"https:\/\/www.bymycar.fr\/webzine\/comment-chercher-des-pieces-doccasion-pour-bmw-serie-1-e87\/\">Comment chercher des pi\u00e8ces d&rsquo;occasion pour BMW S\u00e9rie 1 E87 ?<\/a><\/p>\n<p><a href=\"https:\/\/www.bymycar.fr\/webzine\/pourquoi-devriez-vous-acheter-une-bmw-serie-1-doccasion\/\">Pourquoi devriez-vous acheter une BMW S\u00e9rie 1 d&rsquo;occasion ?<\/a><\/p>\n<p><a href=\"https:\/\/www.bymycar.fr\/webzine\/quels-sont-les-prix-des-bmw-serie-1-doccasion\/\">Quels sont les prix des BMW S\u00e9rie 1 d&rsquo;occasion ?<\/a><\/p>\n","titre":"t2","image":false,"image_libre":false,"image_800x500":false,"legende":"","zoom":false,"texte":"","articles":false,"categorie_droite":false,"images":false,"elements_comparatif":false,"texte_1":"","texte_2":"","image_1":false,"image_1_563x400":false,"image_1_332x332":false,"image_2":false,"image_2_333x240":false,"image_2_563x400":false,"image_3":false,"image_3_333x240":false,"image_3_332x450":false,"image_4":false,"image_4_332x332":false,"image_4_563x400":false,"code_embed":"","legende_video":"","photo":false,"photo_100x100":false,"nom":"","fonction":"","elements_timeline":false,"entetes_colonnes":false,"entetes_lignes":false,"lignes":false,"introduction":"","formulaire":false,"question":"","reponse":"","libelle_bouton_lien":"","url_lien":"","questions":false,"conclusions":false,"pays":false,"region":false,"marque":false,"marqueConcessions":false,"modele":false,"ptvente":false,"typeV":false,"collection":false,"nombre_maximum_elements":10,"lien_fin_carousel":"","texte_lien_fin_carousel":"","trier_par":false}],"is_old_post":false,"image":{"ID":42630,"id":42630,"title":"P90369420_highRes_the-new-bmw-1-series","filename":"P90369420_highRes_the-new-bmw-1-series.jpg","filesize":516576,"url":"https:\/\/cdn.bymycar.eu\/fr-webzine\/wp-content\/uploads\/medias\/P90369420_highRes_the-new-bmw-1-series.jpg","link":"https:\/\/www.bymycar.fr\/webzine\/que-faut-il-verifier-lors-de-lachat-dune-bmw-serie-1-doccasion\/p90369420_highres_the-new-bmw-1-series\/","alt":"Bmw s\u00e9rie 1 bleu","author":"88","description":"","caption":"","name":"p90369420_highres_the-new-bmw-1-series","status":"inherit","uploaded_to":42629,"date":"2023-09-12 16:01:07","modified":"2023-09-12 16:01:29","menu_order":0,"mime_type":"image\/jpeg","type":"image","subtype":"jpeg","icon":"https:\/\/www.bymycar.fr\/webzine\/wp-includes\/images\/media\/default.png","width":2560,"height":1707,"sizes":{"thumbnail":"https:\/\/cdn.bymycar.eu\/fr-webzine\/wp-content\/uploads\/medias\/P90369420_highRes_the-new-bmw-1-series-150x150.jpg","thumbnail-width":150,"thumbnail-height":150,"medium":"https:\/\/cdn.bymycar.eu\/fr-webzine\/wp-content\/uploads\/medias\/P90369420_highRes_the-new-bmw-1-series-300x200.jpg","medium-width":300,"medium-height":200,"medium_large":"https:\/\/cdn.bymycar.eu\/fr-webzine\/wp-content\/uploads\/medias\/P90369420_highRes_the-new-bmw-1-series-768x512.jpg","medium_large-width":768,"medium_large-height":512,"large":"https:\/\/cdn.bymycar.eu\/fr-webzine\/wp-content\/uploads\/medias\/P90369420_highRes_the-new-bmw-1-series-1024x683.jpg","large-width":1024,"large-height":683,"1536x1536":"https:\/\/cdn.bymycar.eu\/fr-webzine\/wp-content\/uploads\/medias\/P90369420_highRes_the-new-bmw-1-series-1536x1024.jpg","1536x1536-width":1536,"1536x1536-height":1024,"2048x2048":"https:\/\/cdn.bymycar.eu\/fr-webzine\/wp-content\/uploads\/medias\/P90369420_highRes_the-new-bmw-1-series-2048x1365.jpg","2048x2048-width":2048,"2048x2048-height":1365}},"page_content":{"block_content":[{"acf_fc_layout":"carousel-produits"},{"acf_fc_layout":"text-simple","--nav":{"-withNav":false,"-ancre":""},"--group":{"-text":"<h2 style=\"text-align: justify;\">Comment v\u00e9rifier une BMW d&rsquo;occasion avant un achat ?<\/h2>\n<p style=\"text-align: justify;\">Lors de l&rsquo;achat d&rsquo;un <a href=\"https:\/\/www.bymycar.fr\/v\/voiture-occasion\" target=\"_blank\" rel=\"noopener\"><strong>v\u00e9hicule d&rsquo;occasion<\/strong><\/a> aupr\u00e8s d&rsquo;un <strong>vendeur particulier<\/strong>, il est important d&rsquo;inspecter scrupuleusement le v\u00e9hicule. Plus que \u00e7a, son carnet d&rsquo;entretien et son certificat HistoVec permettent d&rsquo;en apprendre plus sur le pass\u00e9 de la voiture et l&rsquo;entretien qu&rsquo;elle a re\u00e7u. De la fum\u00e9e \u00e0 l&rsquo;\u00e9chappement, une odeur particuli\u00e8re ou une r\u00e9action anormale de la voiture peuvent \u00e9galement alerter sur une potentielle panne et font partie des \u00e9l\u00e9ments \u00e0 v\u00e9rifier pour \u00e9viter les\u00a0<strong>mauvaises surprises<\/strong>.<\/p>\n<h2 style=\"text-align: justify;\">Quel entretien pour une BMW S\u00e9rie 1 ?<\/h2>\n<p style=\"text-align: justify;\">La p\u00e9riodicit\u00e9 d&rsquo;entretien d&rsquo;une <strong><a href=\"https:\/\/www.bymycar.fr\/marques\/bmw\/serie-1\" target=\"_blank\" rel=\"noopener\">BMW S\u00e9rie 1<\/a> <\/strong>d\u00e9pend notamment de sa motorisation. Pour certaines versions, <a href=\"https:\/\/www.bymycar.fr\/marques\/bmw\" target=\"_blank\" rel=\"noopener\">BMW<\/a> peut pr\u00e9coniser une r\u00e9vision plus ou moins fr\u00e9quente, bas\u00e9e sur l&rsquo;\u00e2ge de la voiture et son kilom\u00e9trage. Avant d&rsquo;acheter un mod\u00e8le d&rsquo;occasion, il est important de retracer son <strong>historique complet<\/strong>, afin de v\u00e9rifier qu&rsquo;une op\u00e9ration d&rsquo;entretien recommand\u00e9e par BMW n&rsquo;a pas \u00e9t\u00e9 oubli\u00e9e par les pr\u00e9c\u00e9dents propri\u00e9taires.<\/p>\n<h2 style=\"text-align: justify;\">La BMW S\u00e9rie 1 est-elle une bonne voiture ?<\/h2>\n<p style=\"text-align: justify;\">La <strong>BMW S\u00e9rie 1 <\/strong>est une berline compacte premium, qui rivalise entre autres avec les Mercedes Classe A, Audi A3 et DS 4. Elle mise avant tout sur son plaisir de conduite, gr\u00e2ce \u00e0 une excellente position de conduite, une <strong>direction <\/strong>et des <strong>r\u00e9glages de trains roulants<\/strong> pr\u00e9cis et des moteurs puissants. Gr\u00e2ce \u00e0 une qualit\u00e9 de fabrication digne des standards BMW, elle sait \u00e9galement se montrer accueillante envers ses passagers.<\/p>\n<h2 style=\"text-align: justify;\">Quelle est la BMW S\u00e9rie 1 la plus fiable (avis fiabilit\u00e9) ?<\/h2>\n<p style=\"text-align: justify;\">La BMW S\u00e9rie 1 est une voiture fiable. En\u00a0<strong>essence <\/strong>comme en <strong>diesel<\/strong>, ses moteurs et bo\u00eetes de vitesses profitent d&rsquo;une <strong>longue dur\u00e9e de vie<\/strong>. Toutes les versions sont donc recommandables pour un achat en seconde main, \u00e0 condition bien s\u00fbr d&rsquo;avoir \u00e9t\u00e9 entretenues en temps et en heure.<\/p>\n<h2 style=\"text-align: justify;\">Quelle est la meilleure BMW S\u00e9rie 1 ?<\/h2>\n<p style=\"text-align: justify;\">La S\u00e9rie 1 en est d\u00e9j\u00e0 \u00e0 sa troisi\u00e8me g\u00e9n\u00e9ration. On trouve des mod\u00e8les d&rsquo;occasion pour tous les\u00a0<strong>budgets<\/strong>, avec des moteurs essence et diesel. Avant de se lancer dans les recherches, il est toutefois important de se poser quelques questions pour s&rsquo;assurer de faire le bon choix.<\/p>\n<h2 style=\"text-align: justify;\">Avis sur la BMW S\u00e9rie 1 E87 phase 1 et phase 2<\/h2>\n<p style=\"text-align: justify;\">La premi\u00e8re g\u00e9n\u00e9ration de <strong>BMW S\u00e9rie 1<\/strong> a \u00e9t\u00e9 produite de 2004 \u00e0 2011. Il s&rsquo;agit d&rsquo;un mod\u00e8le que l&rsquo;on trouve aujourd&rsquo;hui \u00e0 des <strong>tarifs\u00a0<\/strong>attractifs en occasion, avec des <strong>bonnes affaires<\/strong> parfois sous la barre des 5 000 \u20ac. \u00c0 ce prix, les mod\u00e8les avoisinent n\u00e9anmoins les 200 000 km au compteur, mais des exemplaires moins kilom\u00e9tr\u00e9s sont aussi propos\u00e9s. La premi\u00e8re g\u00e9n\u00e9ration de S\u00e9rie 1 est une propulsion \u00e0 moteur longitudinal, contrairement \u00e0 ses rivales qui sont des tractions.<\/p>\n<h3 style=\"text-align: justify;\">Avis sur la BMW S\u00e9rie 1 F20 phase 1, phase 2 et phase 3<\/h3>\n<p style=\"text-align: justify;\">La deuxi\u00e8me g\u00e9n\u00e9ration de <strong>BMW S\u00e9rie 1<\/strong> conserve l&rsquo;architecture de propulsion du premier mod\u00e8le, mais propose \u00e9galement des versions \u00e0 transmission int\u00e9grale xDrive en option. Elle est toujours propos\u00e9e en versions trois ou cinq portes, essence ou diesel et en <strong>bo\u00eete de vitesses<\/strong> manuelle ou automatique. Son style \u00e9volue toutefois et se montre plus sportif. L&rsquo;int\u00e9rieur est quant \u00e0 lui modernis\u00e9 et centr\u00e9 autour du conducteur.<\/p>\n<h3 style=\"text-align: justify;\">Avis sur la BMW S\u00e9rie 1 F40 phase 1 et phase 2<\/h3>\n<p style=\"text-align: justify;\">Derni\u00e8re g\u00e9n\u00e9ration de <strong>S\u00e9rie 1<\/strong> en date, la BMW F40 marque le passage \u00e0 la traction pour la compacte allemande. Ce changement d&rsquo;architecture impacte le style de la voiture. Le capot a pu \u00eatre raccourci puisque les moteurs sont d\u00e9sormais plac\u00e9s en position transversale. Le comportement routier de la S\u00e9rie 1 reste cependant parmi les meilleurs de la cat\u00e9gorie. Elle propose toujours des motorisations\u00a0<strong>essence <\/strong>et <strong>diesel<\/strong>, \u00e0 trois ou quatre cylindres. La S\u00e9rie 1 abandonne par ailleurs sa version trois portes.<\/p>\n<h2 style=\"text-align: justify;\">Quel moteur choisir pour la BMW S\u00e9rie 1 ?<\/h2>\n<p style=\"text-align: justify;\">Les diff\u00e9rentes g\u00e9n\u00e9rations de <strong>BMW S\u00e9rie 1<\/strong> laissent le choix entre des moteurs essence et diesel allant du petit trois cylindres au gros six cylindres de la version M135i xDrive. Il existe donc des S\u00e9rie 1 pour tous les besoins, \u00e0 la fois sobres et performantes.<\/p>\n<h3 style=\"text-align: justify;\">Quelle BMW S\u00e9rie 1 consomme le moins ?<\/h3>\n<p style=\"text-align: justify;\">La BMW S\u00e9rie 1 la plus sobre est la version diesel <strong>116d<\/strong> de 116 ch. Elle consomme seulement entre 4,6 l et 5,2 l\/100 km selon la configuration. En essence, la\u00a0<strong>116i <\/strong>et la <strong>118i <\/strong>font aussi bien l&rsquo;une que l&rsquo;autre, avec entre 5,7 l et 6,4 l\/100 km de consommation. Dans tous les cas, la BMW S\u00e9rie 1 est une voiture sobre gr\u00e2ce \u00e0 ses motorisations modernes.<\/p>\n<h3 style=\"text-align: justify;\">Quelle BMW S\u00e9rie 1 est la plus puissante ?<\/h3>\n<p style=\"text-align: justify;\">La plus puissante des BMW S\u00e9rie 1 est la version M coup\u00e9, dont le six cylindres en ligne M TwinPower Turbo d\u00e9veloppe 340 ch. Il s&rsquo;agit de la version la plus sportive de la premi\u00e8re g\u00e9n\u00e9ration, qui a par la suite \u00e9t\u00e9 remplac\u00e9e par la M2, encore plus puissante. Du c\u00f4t\u00e9 de la S\u00e9rie 1 F40, c&rsquo;est la version\u00a0<strong>M135i <\/strong>qui coiffe la gamme avec les 306 ch de son quatre cylindres turbo. Elle est d&rsquo;office \u00e9quip\u00e9e d&rsquo;une <strong>bo\u00eete automatique<\/strong> \u00e0 huit rapports et d&rsquo;une <strong>transmission int\u00e9grale xDrive<\/strong>.<\/p>\n<h3 style=\"text-align: justify;\">Quelles BMW S\u00e9rie 1 sont \u00e9quip\u00e9es d&rsquo;un moteur 6 cylindres ?<\/h3>\n<p style=\"text-align: justify;\">La BMW S\u00e9rie 1 de premi\u00e8re g\u00e9n\u00e9ration est la seule \u00e0 proposer un moteur <strong>six cylindres en ligne<\/strong> atmosph\u00e9rique avec la version 130i. Les versions 135i, 135is et 1M coup\u00e9 sont, quant \u00e0 elles, \u00e9quip\u00e9es de blocs six cylindres en ligne <strong>turbo<\/strong>. La deuxi\u00e8me g\u00e9n\u00e9ration de S\u00e9rie 1 propose \u00e9galement des six cylindres, avec la M135i et sa rempla\u00e7ante la M140i, mais la derni\u00e8re g\u00e9n\u00e9ration se contente de moteurs trois et quatre cylindres.<\/p>\n<p style=\"text-align: justify;\">Retrouvez nos v\u00e9hicules BMW dans nos <a href=\"https:\/\/www.bymycar.fr\/concessions\/bmw\" target=\"_blank\" rel=\"noopener\">concessions BMW BYmyCAR<\/a>.<\/p>\n"}},{"acf_fc_layout":"carousel-produits"},{"acf_fc_layout":"text-simple","--nav":{"-withNav":false,"-ancre":""},"--group":{"-text":"<p><a href=\"https:\/\/www.bymycar.fr\/webzine\/quelle-bmw-serie-1-doccasion-choisir\/\">Quelle BMW S\u00e9rie 1 d&rsquo;occasion choisir ?<\/a><\/p>\n<p><a href=\"https:\/\/www.bymycar.fr\/webzine\/comment-chercher-des-pieces-doccasion-pour-bmw-serie-1-e87\/\">Comment chercher des pi\u00e8ces d&rsquo;occasion pour BMW S\u00e9rie 1 E87 ?<\/a><\/p>\n<p><a href=\"https:\/\/www.bymycar.fr\/webzine\/pourquoi-devriez-vous-acheter-une-bmw-serie-1-doccasion\/\">Pourquoi devriez-vous acheter une BMW S\u00e9rie 1 d&rsquo;occasion ?<\/a><\/p>\n<p><a href=\"https:\/\/www.bymycar.fr\/webzine\/quels-sont-les-prix-des-bmw-serie-1-doccasion\/\">Quels sont les prix des BMW S\u00e9rie 1 d&rsquo;occasion ?<\/a><\/p>\n"}}]},"add-carousel-to-footer":true},"yoast_head":"<!-- This site is optimized with the Yoast SEO Premium plugin v26.4 (Yoast SEO v26.4) - https:\/\/yoast.com\/wordpress\/plugins\/seo\/ -->\n<title>Que faut-il v\u00e9rifier lors de l&#039;achat d&#039;une BMW S\u00e9rie 1 d&#039;occasion<\/title>\n<meta name=\"robots\" content=\"index, follow, max-snippet:-1, max-image-preview:large, max-video-preview:-1\" \/>\n<link rel=\"canonical\" href=\"https:\/\/www.bymycar.fr\/webzine\/que-faut-il-verifier-lors-de-lachat-dune-bmw-serie-1-doccasion\/\" \/>\n<meta property=\"og:locale\" content=\"fr_FR\" \/>\n<meta property=\"og:type\" content=\"article\" \/>\n<meta property=\"og:title\" content=\"Que faut-il v\u00e9rifier lors de l&#039;achat d&#039;une BMW S\u00e9rie 1 d&#039;occasion\" \/>\n<meta property=\"og:url\" content=\"https:\/\/www.bymycar.fr\/webzine\/que-faut-il-verifier-lors-de-lachat-dune-bmw-serie-1-doccasion\/\" \/>\n<meta property=\"og:site_name\" content=\"Webzine auto BYmyCAR\" \/>\n<meta property=\"article:published_time\" content=\"2023-09-12T16:02:55+00:00\" \/>\n<meta property=\"article:modified_time\" content=\"2025-09-09T09:36:22+00:00\" \/>\n<meta property=\"og:image\" content=\"https:\/\/cdn.bymycar.eu\/fr-webzine\/wp-content\/uploads\/medias\/P90369420_highRes_the-new-bmw-1-series.jpg\" \/>\n\t<meta property=\"og:image:width\" content=\"2560\" \/>\n\t<meta property=\"og:image:height\" content=\"1707\" \/>\n\t<meta property=\"og:image:type\" content=\"image\/jpeg\" \/>\n<meta name=\"author\" content=\"La R\u00e9daction BYmyCAR\" \/>\n<meta name=\"twitter:card\" content=\"summary_large_image\" \/>\n<meta name=\"twitter:label1\" content=\"\u00c9crit par\" \/>\n\t<meta name=\"twitter:data1\" content=\"La R\u00e9daction BYmyCAR\" \/>\n<script type=\"application\/ld+json\" class=\"yoast-schema-graph\">{\"@context\":\"https:\/\/schema.org\",\"@graph\":[{\"@type\":\"Article\",\"@id\":\"https:\/\/www.bymycar.fr\/webzine\/que-faut-il-verifier-lors-de-lachat-dune-bmw-serie-1-doccasion\/#article\",\"isPartOf\":{\"@id\":\"https:\/\/www.bymycar.fr\/webzine\/que-faut-il-verifier-lors-de-lachat-dune-bmw-serie-1-doccasion\/\"},\"author\":{\"name\":\"La R\u00e9daction BYmyCAR\",\"@id\":\"https:\/\/www.bymycar.fr\/webzine\/#\/schema\/person\/8d570fe11eb8929f06c1e6d00f4d9689\"},\"headline\":\"Que faut-il v\u00e9rifier lors de l&rsquo;achat d&rsquo;une BMW S\u00e9rie 1 d&rsquo;occasion\",\"datePublished\":\"2023-09-12T16:02:55+00:00\",\"dateModified\":\"2025-09-09T09:36:22+00:00\",\"mainEntityOfPage\":{\"@id\":\"https:\/\/www.bymycar.fr\/webzine\/que-faut-il-verifier-lors-de-lachat-dune-bmw-serie-1-doccasion\/\"},\"wordCount\":15,\"publisher\":{\"@id\":\"https:\/\/www.bymycar.fr\/webzine\/#organization\"},\"image\":{\"@id\":\"https:\/\/www.bymycar.fr\/webzine\/que-faut-il-verifier-lors-de-lachat-dune-bmw-serie-1-doccasion\/#primaryimage\"},\"thumbnailUrl\":\"https:\/\/cdn.bymycar.eu\/fr-webzine\/wp-content\/uploads\/medias\/P90369420_highRes_the-new-bmw-1-series.jpg\",\"articleSection\":[\"Guide d'achat BMW Serie 1 occasion\"],\"inLanguage\":\"fr-FR\"},{\"@type\":\"WebPage\",\"@id\":\"https:\/\/www.bymycar.fr\/webzine\/que-faut-il-verifier-lors-de-lachat-dune-bmw-serie-1-doccasion\/\",\"url\":\"https:\/\/www.bymycar.fr\/webzine\/que-faut-il-verifier-lors-de-lachat-dune-bmw-serie-1-doccasion\/\",\"name\":\"Que faut-il v\u00e9rifier lors de l'achat d'une BMW S\u00e9rie 1 d'occasion\",\"isPartOf\":{\"@id\":\"https:\/\/www.bymycar.fr\/webzine\/#website\"},\"primaryImageOfPage\":{\"@id\":\"https:\/\/www.bymycar.fr\/webzine\/que-faut-il-verifier-lors-de-lachat-dune-bmw-serie-1-doccasion\/#primaryimage\"},\"image\":{\"@id\":\"https:\/\/www.bymycar.fr\/webzine\/que-faut-il-verifier-lors-de-lachat-dune-bmw-serie-1-doccasion\/#primaryimage\"},\"thumbnailUrl\":\"https:\/\/cdn.bymycar.eu\/fr-webzine\/wp-content\/uploads\/medias\/P90369420_highRes_the-new-bmw-1-series.jpg\",\"datePublished\":\"2023-09-12T16:02:55+00:00\",\"dateModified\":\"2025-09-09T09:36:22+00:00\",\"breadcrumb\":{\"@id\":\"https:\/\/www.bymycar.fr\/webzine\/que-faut-il-verifier-lors-de-lachat-dune-bmw-serie-1-doccasion\/#breadcrumb\"},\"inLanguage\":\"fr-FR\",\"potentialAction\":[{\"@type\":\"ReadAction\",\"target\":[\"https:\/\/www.bymycar.fr\/webzine\/que-faut-il-verifier-lors-de-lachat-dune-bmw-serie-1-doccasion\/\"]}]},{\"@type\":\"ImageObject\",\"inLanguage\":\"fr-FR\",\"@id\":\"https:\/\/www.bymycar.fr\/webzine\/que-faut-il-verifier-lors-de-lachat-dune-bmw-serie-1-doccasion\/#primaryimage\",\"url\":\"https:\/\/cdn.bymycar.eu\/fr-webzine\/wp-content\/uploads\/medias\/P90369420_highRes_the-new-bmw-1-series.jpg\",\"contentUrl\":\"https:\/\/cdn.bymycar.eu\/fr-webzine\/wp-content\/uploads\/medias\/P90369420_highRes_the-new-bmw-1-series.jpg\",\"width\":2560,\"height\":1707,\"caption\":\"Bmw s\u00e9rie 1 bleu\"},{\"@type\":\"BreadcrumbList\",\"@id\":\"https:\/\/www.bymycar.fr\/webzine\/que-faut-il-verifier-lors-de-lachat-dune-bmw-serie-1-doccasion\/#breadcrumb\",\"itemListElement\":[{\"@type\":\"ListItem\",\"position\":1,\"name\":\"Accueil\",\"item\":\"https:\/\/www.bymycar.fr\/webzine\/\"},{\"@type\":\"ListItem\",\"position\":2,\"name\":\"Que faut-il v\u00e9rifier lors de l&rsquo;achat d&rsquo;une BMW S\u00e9rie 1 d&rsquo;occasion\"}]},{\"@type\":\"WebSite\",\"@id\":\"https:\/\/www.bymycar.fr\/webzine\/#website\",\"url\":\"https:\/\/www.bymycar.fr\/webzine\/\",\"name\":\"Webzine auto BYmyCAR\",\"description\":\"La magazine auto de BYmyCAR\",\"publisher\":{\"@id\":\"https:\/\/www.bymycar.fr\/webzine\/#organization\"},\"potentialAction\":[{\"@type\":\"SearchAction\",\"target\":{\"@type\":\"EntryPoint\",\"urlTemplate\":\"https:\/\/www.bymycar.fr\/webzine\/?s={search_term_string}\"},\"query-input\":{\"@type\":\"PropertyValueSpecification\",\"valueRequired\":true,\"valueName\":\"search_term_string\"}}],\"inLanguage\":\"fr-FR\"},{\"@type\":\"Organization\",\"@id\":\"https:\/\/www.bymycar.fr\/webzine\/#organization\",\"name\":\"BYmyCAR\",\"url\":\"https:\/\/www.bymycar.fr\/webzine\/\",\"logo\":{\"@type\":\"ImageObject\",\"inLanguage\":\"fr-FR\",\"@id\":\"https:\/\/www.bymycar.fr\/webzine\/#\/schema\/logo\/image\/\",\"url\":\"https:\/\/cdn.bymycar.eu\/fr-webzine\/wp-content\/uploads\/medias\/2017\/08\/logo_DEALER_00000406_001.png\",\"contentUrl\":\"https:\/\/cdn.bymycar.eu\/fr-webzine\/wp-content\/uploads\/medias\/2017\/08\/logo_DEALER_00000406_001.png\",\"width\":2132,\"height\":720,\"caption\":\"BYmyCAR\"},\"image\":{\"@id\":\"https:\/\/www.bymycar.fr\/webzine\/#\/schema\/logo\/image\/\"}},{\"@type\":\"Person\",\"@id\":\"https:\/\/www.bymycar.fr\/webzine\/#\/schema\/person\/8d570fe11eb8929f06c1e6d00f4d9689\",\"name\":\"La R\u00e9daction BYmyCAR\",\"image\":{\"@type\":\"ImageObject\",\"inLanguage\":\"fr-FR\",\"@id\":\"https:\/\/www.bymycar.fr\/webzine\/#\/schema\/person\/image\/\",\"url\":\"https:\/\/secure.gravatar.com\/avatar\/1aa6b039d0ce106989923af4e2d0f2a0c82bb070d5e449f1b9adf082a5863900?s=96&d=mm&r=g\",\"contentUrl\":\"https:\/\/secure.gravatar.com\/avatar\/1aa6b039d0ce106989923af4e2d0f2a0c82bb070d5e449f1b9adf082a5863900?s=96&d=mm&r=g\",\"caption\":\"La R\u00e9daction BYmyCAR\"},\"sameAs\":[\"https:\/\/www.bymycar.fr\/\"]}]}<\/script>\n<!-- \/ Yoast SEO Premium plugin. -->","yoast_head_json":{"title":"Que faut-il v\u00e9rifier lors de l'achat d'une BMW S\u00e9rie 1 d'occasion","robots":{"index":"index","follow":"follow","max-snippet":"max-snippet:-1","max-image-preview":"max-image-preview:large","max-video-preview":"max-video-preview:-1"},"canonical":"https:\/\/www.bymycar.fr\/webzine\/que-faut-il-verifier-lors-de-lachat-dune-bmw-serie-1-doccasion\/","og_locale":"fr_FR","og_type":"article","og_title":"Que faut-il v\u00e9rifier lors de l'achat d'une BMW S\u00e9rie 1 d'occasion","og_url":"https:\/\/www.bymycar.fr\/webzine\/que-faut-il-verifier-lors-de-lachat-dune-bmw-serie-1-doccasion\/","og_site_name":"Webzine auto BYmyCAR","article_published_time":"2023-09-12T16:02:55+00:00","article_modified_time":"2025-09-09T09:36:22+00:00","og_image":[{"width":2560,"height":1707,"url":"https:\/\/cdn.bymycar.eu\/fr-webzine\/wp-content\/uploads\/medias\/P90369420_highRes_the-new-bmw-1-series.jpg","type":"image\/jpeg"}],"author":"La R\u00e9daction BYmyCAR","twitter_card":"summary_large_image","twitter_misc":{"\u00c9crit par":"La R\u00e9daction BYmyCAR"},"schema":{"@context":"https:\/\/schema.org","@graph":[{"@type":"Article","@id":"https:\/\/www.bymycar.fr\/webzine\/que-faut-il-verifier-lors-de-lachat-dune-bmw-serie-1-doccasion\/#article","isPartOf":{"@id":"https:\/\/www.bymycar.fr\/webzine\/que-faut-il-verifier-lors-de-lachat-dune-bmw-serie-1-doccasion\/"},"author":{"name":"La R\u00e9daction BYmyCAR","@id":"https:\/\/www.bymycar.fr\/webzine\/#\/schema\/person\/8d570fe11eb8929f06c1e6d00f4d9689"},"headline":"Que faut-il v\u00e9rifier lors de l&rsquo;achat d&rsquo;une BMW S\u00e9rie 1 d&rsquo;occasion","datePublished":"2023-09-12T16:02:55+00:00","dateModified":"2025-09-09T09:36:22+00:00","mainEntityOfPage":{"@id":"https:\/\/www.bymycar.fr\/webzine\/que-faut-il-verifier-lors-de-lachat-dune-bmw-serie-1-doccasion\/"},"wordCount":15,"publisher":{"@id":"https:\/\/www.bymycar.fr\/webzine\/#organization"},"image":{"@id":"https:\/\/www.bymycar.fr\/webzine\/que-faut-il-verifier-lors-de-lachat-dune-bmw-serie-1-doccasion\/#primaryimage"},"thumbnailUrl":"https:\/\/cdn.bymycar.eu\/fr-webzine\/wp-content\/uploads\/medias\/P90369420_highRes_the-new-bmw-1-series.jpg","articleSection":["Guide d'achat BMW Serie 1 occasion"],"inLanguage":"fr-FR"},{"@type":"WebPage","@id":"https:\/\/www.bymycar.fr\/webzine\/que-faut-il-verifier-lors-de-lachat-dune-bmw-serie-1-doccasion\/","url":"https:\/\/www.bymycar.fr\/webzine\/que-faut-il-verifier-lors-de-lachat-dune-bmw-serie-1-doccasion\/","name":"Que faut-il v\u00e9rifier lors de l'achat d'une BMW S\u00e9rie 1 d'occasion","isPartOf":{"@id":"https:\/\/www.bymycar.fr\/webzine\/#website"},"primaryImageOfPage":{"@id":"https:\/\/www.bymycar.fr\/webzine\/que-faut-il-verifier-lors-de-lachat-dune-bmw-serie-1-doccasion\/#primaryimage"},"image":{"@id":"https:\/\/www.bymycar.fr\/webzine\/que-faut-il-verifier-lors-de-lachat-dune-bmw-serie-1-doccasion\/#primaryimage"},"thumbnailUrl":"https:\/\/cdn.bymycar.eu\/fr-webzine\/wp-content\/uploads\/medias\/P90369420_highRes_the-new-bmw-1-series.jpg","datePublished":"2023-09-12T16:02:55+00:00","dateModified":"2025-09-09T09:36:22+00:00","breadcrumb":{"@id":"https:\/\/www.bymycar.fr\/webzine\/que-faut-il-verifier-lors-de-lachat-dune-bmw-serie-1-doccasion\/#breadcrumb"},"inLanguage":"fr-FR","potentialAction":[{"@type":"ReadAction","target":["https:\/\/www.bymycar.fr\/webzine\/que-faut-il-verifier-lors-de-lachat-dune-bmw-serie-1-doccasion\/"]}]},{"@type":"ImageObject","inLanguage":"fr-FR","@id":"https:\/\/www.bymycar.fr\/webzine\/que-faut-il-verifier-lors-de-lachat-dune-bmw-serie-1-doccasion\/#primaryimage","url":"https:\/\/cdn.bymycar.eu\/fr-webzine\/wp-content\/uploads\/medias\/P90369420_highRes_the-new-bmw-1-series.jpg","contentUrl":"https:\/\/cdn.bymycar.eu\/fr-webzine\/wp-content\/uploads\/medias\/P90369420_highRes_the-new-bmw-1-series.jpg","width":2560,"height":1707,"caption":"Bmw s\u00e9rie 1 bleu"},{"@type":"BreadcrumbList","@id":"https:\/\/www.bymycar.fr\/webzine\/que-faut-il-verifier-lors-de-lachat-dune-bmw-serie-1-doccasion\/#breadcrumb","itemListElement":[{"@type":"ListItem","position":1,"name":"Accueil","item":"https:\/\/www.bymycar.fr\/webzine\/"},{"@type":"ListItem","position":2,"name":"Que faut-il v\u00e9rifier lors de l&rsquo;achat d&rsquo;une BMW S\u00e9rie 1 d&rsquo;occasion"}]},{"@type":"WebSite","@id":"https:\/\/www.bymycar.fr\/webzine\/#website","url":"https:\/\/www.bymycar.fr\/webzine\/","name":"Webzine auto BYmyCAR","description":"La magazine auto de BYmyCAR","publisher":{"@id":"https:\/\/www.bymycar.fr\/webzine\/#organization"},"potentialAction":[{"@type":"SearchAction","target":{"@type":"EntryPoint","urlTemplate":"https:\/\/www.bymycar.fr\/webzine\/?s={search_term_string}"},"query-input":{"@type":"PropertyValueSpecification","valueRequired":true,"valueName":"search_term_string"}}],"inLanguage":"fr-FR"},{"@type":"Organization","@id":"https:\/\/www.bymycar.fr\/webzine\/#organization","name":"BYmyCAR","url":"https:\/\/www.bymycar.fr\/webzine\/","logo":{"@type":"ImageObject","inLanguage":"fr-FR","@id":"https:\/\/www.bymycar.fr\/webzine\/#\/schema\/logo\/image\/","url":"https:\/\/cdn.bymycar.eu\/fr-webzine\/wp-content\/uploads\/medias\/2017\/08\/logo_DEALER_00000406_001.png","contentUrl":"https:\/\/cdn.bymycar.eu\/fr-webzine\/wp-content\/uploads\/medias\/2017\/08\/logo_DEALER_00000406_001.png","width":2132,"height":720,"caption":"BYmyCAR"},"image":{"@id":"https:\/\/www.bymycar.fr\/webzine\/#\/schema\/logo\/image\/"}},{"@type":"Person","@id":"https:\/\/www.bymycar.fr\/webzine\/#\/schema\/person\/8d570fe11eb8929f06c1e6d00f4d9689","name":"La R\u00e9daction BYmyCAR","image":{"@type":"ImageObject","inLanguage":"fr-FR","@id":"https:\/\/www.bymycar.fr\/webzine\/#\/schema\/person\/image\/","url":"https:\/\/secure.gravatar.com\/avatar\/1aa6b039d0ce106989923af4e2d0f2a0c82bb070d5e449f1b9adf082a5863900?s=96&d=mm&r=g","contentUrl":"https:\/\/secure.gravatar.com\/avatar\/1aa6b039d0ce106989923af4e2d0f2a0c82bb070d5e449f1b9adf082a5863900?s=96&d=mm&r=g","caption":"La R\u00e9daction BYmyCAR"},"sameAs":["https:\/\/www.bymycar.fr\/"]}]}},"_links":{"self":[{"href":"https:\/\/www.bymycar.fr\/webzine\/wp-json\/wp\/v2\/posts\/42629","targetHints":{"allow":["GET"]}}],"collection":[{"href":"https:\/\/www.bymycar.fr\/webzine\/wp-json\/wp\/v2\/posts"}],"about":[{"href":"https:\/\/www.bymycar.fr\/webzine\/wp-json\/wp\/v2\/types\/post"}],"author":[{"embeddable":true,"href":"https:\/\/www.bymycar.fr\/webzine\/wp-json\/wp\/v2\/users\/88"}],"replies":[{"embeddable":true,"href":"https:\/\/www.bymycar.fr\/webzine\/wp-json\/wp\/v2\/comments?post=42629"}],"version-history":[{"count":4,"href":"https:\/\/www.bymycar.fr\/webzine\/wp-json\/wp\/v2\/posts\/42629\/revisions"}],"predecessor-version":[{"id":42655,"href":"https:\/\/www.bymycar.fr\/webzine\/wp-json\/wp\/v2\/posts\/42629\/revisions\/42655"}],"wp:featuredmedia":[{"embeddable":true,"href":"https:\/\/www.bymycar.fr\/webzine\/wp-json\/wp\/v2\/media\/42630"}],"wp:attachment":[{"href":"https:\/\/www.bymycar.fr\/webzine\/wp-json\/wp\/v2\/media?parent=42629"}],"wp:term":[{"taxonomy":"category","embeddable":true,"href":"https:\/\/www.bymycar.fr\/webzine\/wp-json\/wp\/v2\/categories?post=42629"},{"taxonomy":"post_tag","embeddable":true,"href":"https:\/\/www.bymycar.fr\/webzine\/wp-json\/wp\/v2\/tags?post=42629"}],"curies":[{"name":"wp","href":"https:\/\/api.w.org\/{rel}","templated":true}]}}