{"id":42603,"date":"2023-09-12T12:01:23","date_gmt":"2023-09-12T10:01:23","guid":{"rendered":"https:\/\/prod.bymycar.fr\/webzine\/?p=42603"},"modified":"2025-09-09T11:36:22","modified_gmt":"2025-09-09T09:36:22","slug":"bmw-serie-3-occasion-comment-trouver-le-meilleur-prix","status":"publish","type":"post","link":"https:\/\/www.bymycar.fr\/webzine\/bmw-serie-3-occasion-comment-trouver-le-meilleur-prix\/","title":{"rendered":"BMW S\u00e9rie 3 occasion : Comment trouver le meilleur prix ?"},"content":{"rendered":"","protected":false},"excerpt":{"rendered":"","protected":false},"author":88,"featured_media":42604,"comment_status":"closed","ping_status":"open","sticky":false,"template":"","format":"standard","meta":{"_acf_changed":false,"footnotes":""},"categories":[12978],"tags":[],"class_list":["post-42603","post","type-post","status-publish","format-standard","has-post-thumbnail","hentry","category-guide-dachat-bmw-serie-3-occasion"],"acf":{"template":"classique","introduction":"<p style=\"text-align: justify;\">Votre concessionnaire BYmyCAR vous accompagne et vous facilite l&rsquo;achat de votre <a href=\"https:\/\/www.bymycar.fr\/v\/bmw-serie-3-occasion\" target=\"_blank\" rel=\"noopener\">BMW s\u00e9rie 3 d&rsquo;occasion<\/a>. Voici un guide d&rsquo;achat qui vous explique comment acqu\u00e9rir une s\u00e9rie 3 au prix juste.<\/p>\n","strates":[{"type_strate":"carousel-produits","ancre":"","contenu":"","titre":"Voir nos v\u00e9hicules BMW S\u00e9rie 3 disponibles","image":false,"image_libre":false,"image_800x500":false,"legende":"","zoom":false,"texte":"","articles":false,"categorie_droite":false,"images":false,"elements_comparatif":false,"texte_1":"","texte_2":"","image_1":false,"image_1_563x400":false,"image_1_332x332":false,"image_2":false,"image_2_333x240":false,"image_2_563x400":false,"image_3":false,"image_3_333x240":false,"image_3_332x450":false,"image_4":false,"image_4_332x332":false,"image_4_563x400":false,"code_embed":"","legende_video":"","photo":false,"photo_100x100":false,"nom":"","fonction":"","elements_timeline":false,"entetes_colonnes":false,"entetes_lignes":false,"lignes":false,"introduction":"","formulaire":false,"question":"","reponse":"","libelle_bouton_lien":"","url_lien":"","questions":false,"conclusions":false,"pays":"1","region":"","marque":"7","marqueConcessions":false,"modele":"SERIE 3","ptvente":"","typeV":"","collection":"","nombre_maximum_elements":"5","lien_fin_carousel":"https:\/\/www.bymycar.fr\/rechercher-un-vehicule?prod_VEHICLES%5BrefinementList%5D%5BvehType%5D%5B0%5D=Occasion&prod_VEHICLES%5BrefinementList%5D%5Bbrand%5D%5B0%5D=BMW&prod_VEHICLES%5BrefinementList%5D%5BmodelGroup1%5D%5B0%5D=SERIE%203","texte_lien_fin_carousel":"Voir plus","trier_par":"prix"},{"type_strate":"texte-simple","ancre":"","contenu":"<h2 style=\"text-align: justify;\">Quelle est la meilleure s\u00e9rie BMW ?<\/h2>\n<p style=\"text-align: justify;\">Parmi les diff\u00e9rents mod\u00e8les de voitures que la marque <a href=\"https:\/\/www.bymycar.fr\/marques\/bmw\" target=\"_blank\" rel=\"noopener\">BMW<\/a> a produits, la s\u00e9rie 3 est une gamme appr\u00e9ci\u00e9e des conducteurs. Cette <strong>berline familiale premium<\/strong>, sportive et ergonomique, r\u00e9put\u00e9e pour sa <strong>faible consommation de carburant<\/strong> dispose de tous les crit\u00e8res pour s&rsquo;adapter aux besoins de ses passagers.<\/p>\n<h2 style=\"text-align: justify;\">O\u00f9 sont fabriqu\u00e9es les BMW s\u00e9rie 3 ?<\/h2>\n<p style=\"text-align: justify;\">La <a href=\"https:\/\/www.bymycar.fr\/marques\/bmw\/serie-3-berline\" target=\"_blank\" rel=\"noopener\">BMW s\u00e9rie 3<\/a> est produite \u00e0 l&rsquo;usine de Munich sur le site historique de la firme bavaroise. Pour ce qui est des moteurs de la gamme, c&rsquo;est \u00e0 Chennai en Inde qu&rsquo;ils sont fabriqu\u00e9s, sur le site de Force Motors.<\/p>\n<h2 style=\"text-align: justify;\">Quelle est la s\u00e9rie 3 la plus fiable ?<\/h2>\n<p style=\"text-align: justify;\">Pour choisir votre s\u00e9rie 3, voici un descriptif des diff\u00e9rents mod\u00e8les propos\u00e9s :<\/p>\n<h3 style=\"text-align: justify;\">BMW berline s\u00e9rie 3 d&rsquo;occasion<\/h3>\n<p style=\"text-align: justify;\">La berline affiche 7 g\u00e9n\u00e9rations de modifications et d&rsquo;avancements. La sixi\u00e8me et la septi\u00e8me g\u00e9n\u00e9ration sont les plus technologiques. Elles disposent de syst\u00e8mes d&rsquo;assistance \u00e0 la conduite, tels que :<\/p>\n<ul style=\"text-align: justify;\">\n<li>driving assistant plus : assistant de maintien de voie, de r\u00e9gulation de vitesse et des distances<\/li>\n<li>assistance au freinage d&rsquo;urgence<\/li>\n<li>aide au stationnement<\/li>\n<li>syst\u00e8me de d\u00e9tection des panneaux de signalisation<\/li>\n<\/ul>\n<h3 style=\"text-align: justify;\">BMW s\u00e9rie 3 pack M<\/h3>\n<p style=\"text-align: justify;\">Le pack M est un pack optionnel qui garantit un confort optimal. Parmi ses \u00e9quipements : le volant multifonction M en cuir, des inserts en aluminium Hexagon soulign\u00e9s de bleu, une sellerie en cuir ou en tissu avec surpiq\u00fbres. C&rsquo;est l&rsquo;un des niveaux de finitions haut de gamme de la marque.<\/p>\n<h3 style=\"text-align: justify;\">BMW s\u00e9rie 3 Touring 320 : prix d&rsquo;occasion<\/h3>\n<p style=\"text-align: justify;\">La version Touring de la BMW s\u00e9rie 3 est un mod\u00e8le familial. Son coffre affiche un volume de 500 litres pouvant \u00eatre augment\u00e9 \u00e0 1 510 litres. Le v\u00e9hicule dispose d&rsquo;un syst\u00e8me de motorisation \u00e0 micro hybridation qui lui permet de r\u00e9duire le <strong>taux d&rsquo;\u00e9mission de CO2<\/strong>. Sa faible consommation de carburant est id\u00e9ale lors des longs trajets. Le prix du Touring d&rsquo;occasion varie entre 12 000 euros et 45 000 euros selon la version et l&rsquo;ann\u00e9e de production.<\/p>\n<h2 style=\"text-align: justify;\">Quel moteur pour la BMW s\u00e9rie 3 ?<\/h2>\n<p style=\"text-align: justify;\">Voici un bref descriptif des diff\u00e9rents moteurs de la s\u00e9rie 3 BMW :<\/p>\n<h3 style=\"text-align: justify;\">BMW s\u00e9rie 3 essence<\/h3>\n<p style=\"text-align: justify;\">La BMW s\u00e9rie 3 est propos\u00e9e en mod\u00e8le essence 4 et 6 cylindres en ligne d&rsquo;une puissance allant de 150 \u00e0 374 chevaux. Sa bo\u00eete de vitesses est disponible en version manuelle \u00e0 6 rapports ou en automatique \u00e0 8 rapports. Le 2.0 turbo affiche une consommation de carburant moyenne de 6,4 litres\/100 km.<\/p>\n<h3 style=\"text-align: justify;\">BMW 330d d&rsquo;occasion chez le concessionnaire et pas cher<\/h3>\n<p style=\"text-align: justify;\">Cette motorisation diesel est propos\u00e9e en version 6 cylindres sur la derni\u00e8re g\u00e9n\u00e9ration. Vous pouvez facilement trouver des mod\u00e8les d&rsquo;occasion propos\u00e9s en version diesel.<\/p>\n<p style=\"text-align: justify;\">Pour acqu\u00e9rir une <a href=\"https:\/\/www.bymycar.fr\/v\/bmw-serie-3-occasion\" target=\"_blank\" rel=\"noopener\">BMW s\u00e9rie 3<\/a> \u00e0 prix r\u00e9duit sur le march\u00e9 de l&rsquo;<a href=\"https:\/\/www.bymycar.fr\/v\/voiture-occasion\" target=\"_blank\" rel=\"noopener\">occasion<\/a>, vous pouvez b\u00e9n\u00e9ficier des offres propos\u00e9es par votre <a href=\"https:\/\/www.bymycar.fr\/concessions\/bmw\" target=\"_blank\" rel=\"noopener\">concessionnaire BYmyCAR<\/a>. Vous avez la possibilit\u00e9 d&rsquo;acqu\u00e9rir votre s\u00e9rie 3 neuve ou d&rsquo;occasion en LOA, LLD ou par cr\u00e9dit.<\/p>\n","titre":"t1","image":false,"image_libre":false,"image_800x500":false,"legende":"","zoom":false,"texte":"","articles":false,"categorie_droite":false,"images":false,"elements_comparatif":false,"texte_1":"","texte_2":"","image_1":false,"image_1_563x400":false,"image_1_332x332":false,"image_2":false,"image_2_333x240":false,"image_2_563x400":false,"image_3":false,"image_3_333x240":false,"image_3_332x450":false,"image_4":false,"image_4_332x332":false,"image_4_563x400":false,"code_embed":"","legende_video":"","photo":false,"photo_100x100":false,"nom":"","fonction":"","elements_timeline":false,"entetes_colonnes":false,"entetes_lignes":false,"lignes":false,"introduction":"","formulaire":false,"question":"","reponse":"","libelle_bouton_lien":"","url_lien":"","questions":false,"conclusions":false,"pays":false,"region":false,"marque":false,"marqueConcessions":false,"modele":false,"ptvente":false,"typeV":false,"collection":false,"nombre_maximum_elements":10,"lien_fin_carousel":"","texte_lien_fin_carousel":"","trier_par":false},{"type_strate":"carousel-produits","ancre":"","contenu":"","titre":"Voir une s\u00e9lection de v\u00e9hicules BMW S\u00e9rie 3 :","image":false,"image_libre":false,"image_800x500":false,"legende":"","zoom":false,"texte":"","articles":false,"categorie_droite":false,"images":false,"elements_comparatif":false,"texte_1":"","texte_2":"","image_1":false,"image_1_563x400":false,"image_1_332x332":false,"image_2":false,"image_2_333x240":false,"image_2_563x400":false,"image_3":false,"image_3_333x240":false,"image_3_332x450":false,"image_4":false,"image_4_332x332":false,"image_4_563x400":false,"code_embed":"","legende_video":"","photo":false,"photo_100x100":false,"nom":"","fonction":"","elements_timeline":false,"entetes_colonnes":false,"entetes_lignes":false,"lignes":false,"introduction":"","formulaire":false,"question":"","reponse":"","libelle_bouton_lien":"","url_lien":"","questions":false,"conclusions":false,"pays":"1","region":"","marque":"7","marqueConcessions":false,"modele":"SERIE 3","ptvente":"","typeV":"","collection":"","nombre_maximum_elements":"5","lien_fin_carousel":"https:\/\/www.bymycar.fr\/rechercher-un-vehicule?prod_VEHICLES%5BrefinementList%5D%5BvehType%5D%5B0%5D=Occasion&prod_VEHICLES%5BrefinementList%5D%5Bbrand%5D%5B0%5D=BMW&prod_VEHICLES%5BrefinementList%5D%5BmodelGroup1%5D%5B0%5D=SERIE%203","texte_lien_fin_carousel":"Voir plus","trier_par":"nouveaute"},{"type_strate":"texte-simple","ancre":"","contenu":"<p><a href=\"https:\/\/www.bymycar.fr\/webzine\/ou-trouver-une-bmw-serie-3-doccasion\/\">O\u00f9 trouver une BMW s\u00e9rie 3 d&rsquo;occasion ?<\/a><\/p>\n<p><a href=\"https:\/\/www.bymycar.fr\/webzine\/quelle-bmw-serie-3-doccasion-est-fiable\/\">Quelle BMW S\u00e9rie 3 d&rsquo;occasion est fiable ?<\/a><\/p>\n<p><a href=\"https:\/\/www.bymycar.fr\/webzine\/ou-trouver-une-bmw-serie-3-doccasion-pour-pas-cher\/\">O\u00f9 trouver une BMW s\u00e9rie 3 d&rsquo;occasion et pas cher ?<\/a><\/p>\n<p><a href=\"https:\/\/www.bymycar.fr\/webzine\/ou-trouver-une-bmw-serie-3-doccasion-a-essence\/\">O\u00f9 trouver une BMW s\u00e9rie 3 d&rsquo;occasion \u00e0 essence ?<\/a><\/p>\n","titre":"t2","image":false,"image_libre":false,"image_800x500":false,"legende":"","zoom":false,"texte":"","articles":false,"categorie_droite":false,"images":false,"elements_comparatif":false,"texte_1":"","texte_2":"","image_1":false,"image_1_563x400":false,"image_1_332x332":false,"image_2":false,"image_2_333x240":false,"image_2_563x400":false,"image_3":false,"image_3_333x240":false,"image_3_332x450":false,"image_4":false,"image_4_332x332":false,"image_4_563x400":false,"code_embed":"","legende_video":"","photo":false,"photo_100x100":false,"nom":"","fonction":"","elements_timeline":false,"entetes_colonnes":false,"entetes_lignes":false,"lignes":false,"introduction":"","formulaire":false,"question":"","reponse":"","libelle_bouton_lien":"","url_lien":"","questions":false,"conclusions":false,"pays":false,"region":false,"marque":false,"marqueConcessions":false,"modele":false,"ptvente":false,"typeV":false,"collection":false,"nombre_maximum_elements":10,"lien_fin_carousel":"","texte_lien_fin_carousel":"","trier_par":false}],"is_old_post":false,"image":{"ID":42604,"id":42604,"title":"Fabian Kirchbauer Photography","filename":"P90462506_highRes_the-new-bmw-3-series.jpg","filesize":478724,"url":"https:\/\/cdn.bymycar.eu\/fr-webzine\/wp-content\/uploads\/medias\/P90462506_highRes_the-new-bmw-3-series.jpg","link":"https:\/\/www.bymycar.fr\/webzine\/bmw-serie-3-occasion-comment-trouver-le-meilleur-prix\/fabian-kirchbauer-photography-3\/","alt":"","author":"88","description":"","caption":"","name":"fabian-kirchbauer-photography-3","status":"inherit","uploaded_to":42603,"date":"2023-09-12 09:57:43","modified":"2023-09-12 09:57:43","menu_order":0,"mime_type":"image\/jpeg","type":"image","subtype":"jpeg","icon":"https:\/\/www.bymycar.fr\/webzine\/wp-includes\/images\/media\/default.png","width":2560,"height":1706,"sizes":{"thumbnail":"https:\/\/cdn.bymycar.eu\/fr-webzine\/wp-content\/uploads\/medias\/P90462506_highRes_the-new-bmw-3-series-150x150.jpg","thumbnail-width":150,"thumbnail-height":150,"medium":"https:\/\/cdn.bymycar.eu\/fr-webzine\/wp-content\/uploads\/medias\/P90462506_highRes_the-new-bmw-3-series-300x200.jpg","medium-width":300,"medium-height":200,"medium_large":"https:\/\/cdn.bymycar.eu\/fr-webzine\/wp-content\/uploads\/medias\/P90462506_highRes_the-new-bmw-3-series-768x512.jpg","medium_large-width":768,"medium_large-height":512,"large":"https:\/\/cdn.bymycar.eu\/fr-webzine\/wp-content\/uploads\/medias\/P90462506_highRes_the-new-bmw-3-series-1024x683.jpg","large-width":1024,"large-height":683,"1536x1536":"https:\/\/cdn.bymycar.eu\/fr-webzine\/wp-content\/uploads\/medias\/P90462506_highRes_the-new-bmw-3-series-1536x1024.jpg","1536x1536-width":1536,"1536x1536-height":1024,"2048x2048":"https:\/\/cdn.bymycar.eu\/fr-webzine\/wp-content\/uploads\/medias\/P90462506_highRes_the-new-bmw-3-series-2048x1365.jpg","2048x2048-width":2048,"2048x2048-height":1365}},"page_content":{"block_content":[{"acf_fc_layout":"carousel-produits"},{"acf_fc_layout":"text-simple","--nav":{"-withNav":false,"-ancre":""},"--group":{"-text":"<h2 style=\"text-align: justify;\">Quelle est la meilleure s\u00e9rie BMW ?<\/h2>\n<p style=\"text-align: justify;\">Parmi les diff\u00e9rents mod\u00e8les de voitures que la marque <a href=\"https:\/\/www.bymycar.fr\/marques\/bmw\" target=\"_blank\" rel=\"noopener\">BMW<\/a> a produits, la s\u00e9rie 3 est une gamme appr\u00e9ci\u00e9e des conducteurs. Cette <strong>berline familiale premium<\/strong>, sportive et ergonomique, r\u00e9put\u00e9e pour sa <strong>faible consommation de carburant<\/strong> dispose de tous les crit\u00e8res pour s&rsquo;adapter aux besoins de ses passagers.<\/p>\n<h2 style=\"text-align: justify;\">O\u00f9 sont fabriqu\u00e9es les BMW s\u00e9rie 3 ?<\/h2>\n<p style=\"text-align: justify;\">La <a href=\"https:\/\/www.bymycar.fr\/marques\/bmw\/serie-3-berline\" target=\"_blank\" rel=\"noopener\">BMW s\u00e9rie 3<\/a> est produite \u00e0 l&rsquo;usine de Munich sur le site historique de la firme bavaroise. Pour ce qui est des moteurs de la gamme, c&rsquo;est \u00e0 Chennai en Inde qu&rsquo;ils sont fabriqu\u00e9s, sur le site de Force Motors.<\/p>\n<h2 style=\"text-align: justify;\">Quelle est la s\u00e9rie 3 la plus fiable ?<\/h2>\n<p style=\"text-align: justify;\">Pour choisir votre s\u00e9rie 3, voici un descriptif des diff\u00e9rents mod\u00e8les propos\u00e9s :<\/p>\n<h3 style=\"text-align: justify;\">BMW berline s\u00e9rie 3 d&rsquo;occasion<\/h3>\n<p style=\"text-align: justify;\">La berline affiche 7 g\u00e9n\u00e9rations de modifications et d&rsquo;avancements. La sixi\u00e8me et la septi\u00e8me g\u00e9n\u00e9ration sont les plus technologiques. Elles disposent de syst\u00e8mes d&rsquo;assistance \u00e0 la conduite, tels que :<\/p>\n<ul style=\"text-align: justify;\">\n<li>driving assistant plus : assistant de maintien de voie, de r\u00e9gulation de vitesse et des distances<\/li>\n<li>assistance au freinage d&rsquo;urgence<\/li>\n<li>aide au stationnement<\/li>\n<li>syst\u00e8me de d\u00e9tection des panneaux de signalisation<\/li>\n<\/ul>\n<h3 style=\"text-align: justify;\">BMW s\u00e9rie 3 pack M<\/h3>\n<p style=\"text-align: justify;\">Le pack M est un pack optionnel qui garantit un confort optimal. Parmi ses \u00e9quipements : le volant multifonction M en cuir, des inserts en aluminium Hexagon soulign\u00e9s de bleu, une sellerie en cuir ou en tissu avec surpiq\u00fbres. C&rsquo;est l&rsquo;un des niveaux de finitions haut de gamme de la marque.<\/p>\n<h3 style=\"text-align: justify;\">BMW s\u00e9rie 3 Touring 320 : prix d&rsquo;occasion<\/h3>\n<p style=\"text-align: justify;\">La version Touring de la BMW s\u00e9rie 3 est un mod\u00e8le familial. Son coffre affiche un volume de 500 litres pouvant \u00eatre augment\u00e9 \u00e0 1 510 litres. Le v\u00e9hicule dispose d&rsquo;un syst\u00e8me de motorisation \u00e0 micro hybridation qui lui permet de r\u00e9duire le <strong>taux d&rsquo;\u00e9mission de CO2<\/strong>. Sa faible consommation de carburant est id\u00e9ale lors des longs trajets. Le prix du Touring d&rsquo;occasion varie entre 12 000 euros et 45 000 euros selon la version et l&rsquo;ann\u00e9e de production.<\/p>\n<h2 style=\"text-align: justify;\">Quel moteur pour la BMW s\u00e9rie 3 ?<\/h2>\n<p style=\"text-align: justify;\">Voici un bref descriptif des diff\u00e9rents moteurs de la s\u00e9rie 3 BMW :<\/p>\n<h3 style=\"text-align: justify;\">BMW s\u00e9rie 3 essence<\/h3>\n<p style=\"text-align: justify;\">La BMW s\u00e9rie 3 est propos\u00e9e en mod\u00e8le essence 4 et 6 cylindres en ligne d&rsquo;une puissance allant de 150 \u00e0 374 chevaux. Sa bo\u00eete de vitesses est disponible en version manuelle \u00e0 6 rapports ou en automatique \u00e0 8 rapports. Le 2.0 turbo affiche une consommation de carburant moyenne de 6,4 litres\/100 km.<\/p>\n<h3 style=\"text-align: justify;\">BMW 330d d&rsquo;occasion chez le concessionnaire et pas cher<\/h3>\n<p style=\"text-align: justify;\">Cette motorisation diesel est propos\u00e9e en version 6 cylindres sur la derni\u00e8re g\u00e9n\u00e9ration. Vous pouvez facilement trouver des mod\u00e8les d&rsquo;occasion propos\u00e9s en version diesel.<\/p>\n<p style=\"text-align: justify;\">Pour acqu\u00e9rir une <a href=\"https:\/\/www.bymycar.fr\/v\/bmw-serie-3-occasion\" target=\"_blank\" rel=\"noopener\">BMW s\u00e9rie 3<\/a> \u00e0 prix r\u00e9duit sur le march\u00e9 de l&rsquo;<a href=\"https:\/\/www.bymycar.fr\/v\/voiture-occasion\" target=\"_blank\" rel=\"noopener\">occasion<\/a>, vous pouvez b\u00e9n\u00e9ficier des offres propos\u00e9es par votre <a href=\"https:\/\/www.bymycar.fr\/concessions\/bmw\" target=\"_blank\" rel=\"noopener\">concessionnaire BYmyCAR<\/a>. Vous avez la possibilit\u00e9 d&rsquo;acqu\u00e9rir votre s\u00e9rie 3 neuve ou d&rsquo;occasion en LOA, LLD ou par cr\u00e9dit.<\/p>\n"}},{"acf_fc_layout":"carousel-produits"},{"acf_fc_layout":"text-simple","--nav":{"-withNav":false,"-ancre":""},"--group":{"-text":"<p><a href=\"https:\/\/www.bymycar.fr\/webzine\/ou-trouver-une-bmw-serie-3-doccasion\/\">O\u00f9 trouver une BMW s\u00e9rie 3 d&rsquo;occasion ?<\/a><\/p>\n<p><a href=\"https:\/\/www.bymycar.fr\/webzine\/quelle-bmw-serie-3-doccasion-est-fiable\/\">Quelle BMW S\u00e9rie 3 d&rsquo;occasion est fiable ?<\/a><\/p>\n<p><a href=\"https:\/\/www.bymycar.fr\/webzine\/ou-trouver-une-bmw-serie-3-doccasion-pour-pas-cher\/\">O\u00f9 trouver une BMW s\u00e9rie 3 d&rsquo;occasion et pas cher ?<\/a><\/p>\n<p><a href=\"https:\/\/www.bymycar.fr\/webzine\/ou-trouver-une-bmw-serie-3-doccasion-a-essence\/\">O\u00f9 trouver une BMW s\u00e9rie 3 d&rsquo;occasion \u00e0 essence ?<\/a><\/p>\n"}}]},"add-carousel-to-footer":true},"yoast_head":"<!-- This site is optimized with the Yoast SEO Premium plugin v26.4 (Yoast SEO v26.4) - https:\/\/yoast.com\/wordpress\/plugins\/seo\/ -->\n<title>BMW S\u00e9rie 3 occasion : Comment trouver le meilleur prix ?<\/title>\n<meta name=\"robots\" content=\"index, follow, max-snippet:-1, max-image-preview:large, max-video-preview:-1\" \/>\n<link rel=\"canonical\" href=\"https:\/\/www.bymycar.fr\/webzine\/bmw-serie-3-occasion-comment-trouver-le-meilleur-prix\/\" \/>\n<meta property=\"og:locale\" content=\"fr_FR\" \/>\n<meta property=\"og:type\" content=\"article\" \/>\n<meta property=\"og:title\" content=\"BMW S\u00e9rie 3 occasion : Comment trouver le meilleur prix ?\" \/>\n<meta property=\"og:url\" content=\"https:\/\/www.bymycar.fr\/webzine\/bmw-serie-3-occasion-comment-trouver-le-meilleur-prix\/\" \/>\n<meta property=\"og:site_name\" content=\"Webzine auto BYmyCAR\" \/>\n<meta property=\"article:published_time\" content=\"2023-09-12T10:01:23+00:00\" \/>\n<meta property=\"article:modified_time\" content=\"2025-09-09T09:36:22+00:00\" \/>\n<meta property=\"og:image\" content=\"https:\/\/cdn.bymycar.eu\/fr-webzine\/wp-content\/uploads\/medias\/P90462506_highRes_the-new-bmw-3-series.jpg\" \/>\n\t<meta property=\"og:image:width\" content=\"2560\" \/>\n\t<meta property=\"og:image:height\" content=\"1706\" \/>\n\t<meta property=\"og:image:type\" content=\"image\/jpeg\" \/>\n<meta name=\"author\" content=\"La R\u00e9daction BYmyCAR\" \/>\n<meta name=\"twitter:card\" content=\"summary_large_image\" \/>\n<meta name=\"twitter:label1\" content=\"\u00c9crit par\" \/>\n\t<meta name=\"twitter:data1\" content=\"La R\u00e9daction BYmyCAR\" \/>\n<script type=\"application\/ld+json\" class=\"yoast-schema-graph\">{\"@context\":\"https:\/\/schema.org\",\"@graph\":[{\"@type\":\"Article\",\"@id\":\"https:\/\/www.bymycar.fr\/webzine\/bmw-serie-3-occasion-comment-trouver-le-meilleur-prix\/#article\",\"isPartOf\":{\"@id\":\"https:\/\/www.bymycar.fr\/webzine\/bmw-serie-3-occasion-comment-trouver-le-meilleur-prix\/\"},\"author\":{\"name\":\"La R\u00e9daction BYmyCAR\",\"@id\":\"https:\/\/www.bymycar.fr\/webzine\/#\/schema\/person\/8d570fe11eb8929f06c1e6d00f4d9689\"},\"headline\":\"BMW S\u00e9rie 3 occasion : Comment trouver le meilleur prix ?\",\"datePublished\":\"2023-09-12T10:01:23+00:00\",\"dateModified\":\"2025-09-09T09:36:22+00:00\",\"mainEntityOfPage\":{\"@id\":\"https:\/\/www.bymycar.fr\/webzine\/bmw-serie-3-occasion-comment-trouver-le-meilleur-prix\/\"},\"wordCount\":9,\"publisher\":{\"@id\":\"https:\/\/www.bymycar.fr\/webzine\/#organization\"},\"image\":{\"@id\":\"https:\/\/www.bymycar.fr\/webzine\/bmw-serie-3-occasion-comment-trouver-le-meilleur-prix\/#primaryimage\"},\"thumbnailUrl\":\"https:\/\/cdn.bymycar.eu\/fr-webzine\/wp-content\/uploads\/medias\/P90462506_highRes_the-new-bmw-3-series.jpg\",\"articleSection\":[\"Guide d'achat BMW Serie 3 occasion\"],\"inLanguage\":\"fr-FR\"},{\"@type\":\"WebPage\",\"@id\":\"https:\/\/www.bymycar.fr\/webzine\/bmw-serie-3-occasion-comment-trouver-le-meilleur-prix\/\",\"url\":\"https:\/\/www.bymycar.fr\/webzine\/bmw-serie-3-occasion-comment-trouver-le-meilleur-prix\/\",\"name\":\"BMW S\u00e9rie 3 occasion : Comment trouver le meilleur prix ?\",\"isPartOf\":{\"@id\":\"https:\/\/www.bymycar.fr\/webzine\/#website\"},\"primaryImageOfPage\":{\"@id\":\"https:\/\/www.bymycar.fr\/webzine\/bmw-serie-3-occasion-comment-trouver-le-meilleur-prix\/#primaryimage\"},\"image\":{\"@id\":\"https:\/\/www.bymycar.fr\/webzine\/bmw-serie-3-occasion-comment-trouver-le-meilleur-prix\/#primaryimage\"},\"thumbnailUrl\":\"https:\/\/cdn.bymycar.eu\/fr-webzine\/wp-content\/uploads\/medias\/P90462506_highRes_the-new-bmw-3-series.jpg\",\"datePublished\":\"2023-09-12T10:01:23+00:00\",\"dateModified\":\"2025-09-09T09:36:22+00:00\",\"breadcrumb\":{\"@id\":\"https:\/\/www.bymycar.fr\/webzine\/bmw-serie-3-occasion-comment-trouver-le-meilleur-prix\/#breadcrumb\"},\"inLanguage\":\"fr-FR\",\"potentialAction\":[{\"@type\":\"ReadAction\",\"target\":[\"https:\/\/www.bymycar.fr\/webzine\/bmw-serie-3-occasion-comment-trouver-le-meilleur-prix\/\"]}]},{\"@type\":\"ImageObject\",\"inLanguage\":\"fr-FR\",\"@id\":\"https:\/\/www.bymycar.fr\/webzine\/bmw-serie-3-occasion-comment-trouver-le-meilleur-prix\/#primaryimage\",\"url\":\"https:\/\/cdn.bymycar.eu\/fr-webzine\/wp-content\/uploads\/medias\/P90462506_highRes_the-new-bmw-3-series.jpg\",\"contentUrl\":\"https:\/\/cdn.bymycar.eu\/fr-webzine\/wp-content\/uploads\/medias\/P90462506_highRes_the-new-bmw-3-series.jpg\",\"width\":2560,\"height\":1706},{\"@type\":\"BreadcrumbList\",\"@id\":\"https:\/\/www.bymycar.fr\/webzine\/bmw-serie-3-occasion-comment-trouver-le-meilleur-prix\/#breadcrumb\",\"itemListElement\":[{\"@type\":\"ListItem\",\"position\":1,\"name\":\"Accueil\",\"item\":\"https:\/\/www.bymycar.fr\/webzine\/\"},{\"@type\":\"ListItem\",\"position\":2,\"name\":\"BMW S\u00e9rie 3 occasion : Comment trouver le meilleur prix ?\"}]},{\"@type\":\"WebSite\",\"@id\":\"https:\/\/www.bymycar.fr\/webzine\/#website\",\"url\":\"https:\/\/www.bymycar.fr\/webzine\/\",\"name\":\"Webzine auto BYmyCAR\",\"description\":\"La magazine auto de BYmyCAR\",\"publisher\":{\"@id\":\"https:\/\/www.bymycar.fr\/webzine\/#organization\"},\"potentialAction\":[{\"@type\":\"SearchAction\",\"target\":{\"@type\":\"EntryPoint\",\"urlTemplate\":\"https:\/\/www.bymycar.fr\/webzine\/?s={search_term_string}\"},\"query-input\":{\"@type\":\"PropertyValueSpecification\",\"valueRequired\":true,\"valueName\":\"search_term_string\"}}],\"inLanguage\":\"fr-FR\"},{\"@type\":\"Organization\",\"@id\":\"https:\/\/www.bymycar.fr\/webzine\/#organization\",\"name\":\"BYmyCAR\",\"url\":\"https:\/\/www.bymycar.fr\/webzine\/\",\"logo\":{\"@type\":\"ImageObject\",\"inLanguage\":\"fr-FR\",\"@id\":\"https:\/\/www.bymycar.fr\/webzine\/#\/schema\/logo\/image\/\",\"url\":\"https:\/\/cdn.bymycar.eu\/fr-webzine\/wp-content\/uploads\/medias\/2017\/08\/logo_DEALER_00000406_001.png\",\"contentUrl\":\"https:\/\/cdn.bymycar.eu\/fr-webzine\/wp-content\/uploads\/medias\/2017\/08\/logo_DEALER_00000406_001.png\",\"width\":2132,\"height\":720,\"caption\":\"BYmyCAR\"},\"image\":{\"@id\":\"https:\/\/www.bymycar.fr\/webzine\/#\/schema\/logo\/image\/\"}},{\"@type\":\"Person\",\"@id\":\"https:\/\/www.bymycar.fr\/webzine\/#\/schema\/person\/8d570fe11eb8929f06c1e6d00f4d9689\",\"name\":\"La R\u00e9daction BYmyCAR\",\"image\":{\"@type\":\"ImageObject\",\"inLanguage\":\"fr-FR\",\"@id\":\"https:\/\/www.bymycar.fr\/webzine\/#\/schema\/person\/image\/\",\"url\":\"https:\/\/secure.gravatar.com\/avatar\/1aa6b039d0ce106989923af4e2d0f2a0c82bb070d5e449f1b9adf082a5863900?s=96&d=mm&r=g\",\"contentUrl\":\"https:\/\/secure.gravatar.com\/avatar\/1aa6b039d0ce106989923af4e2d0f2a0c82bb070d5e449f1b9adf082a5863900?s=96&d=mm&r=g\",\"caption\":\"La R\u00e9daction BYmyCAR\"},\"sameAs\":[\"https:\/\/www.bymycar.fr\/\"]}]}<\/script>\n<!-- \/ Yoast SEO Premium plugin. -->","yoast_head_json":{"title":"BMW S\u00e9rie 3 occasion : Comment trouver le meilleur prix ?","robots":{"index":"index","follow":"follow","max-snippet":"max-snippet:-1","max-image-preview":"max-image-preview:large","max-video-preview":"max-video-preview:-1"},"canonical":"https:\/\/www.bymycar.fr\/webzine\/bmw-serie-3-occasion-comment-trouver-le-meilleur-prix\/","og_locale":"fr_FR","og_type":"article","og_title":"BMW S\u00e9rie 3 occasion : Comment trouver le meilleur prix ?","og_url":"https:\/\/www.bymycar.fr\/webzine\/bmw-serie-3-occasion-comment-trouver-le-meilleur-prix\/","og_site_name":"Webzine auto BYmyCAR","article_published_time":"2023-09-12T10:01:23+00:00","article_modified_time":"2025-09-09T09:36:22+00:00","og_image":[{"width":2560,"height":1706,"url":"https:\/\/cdn.bymycar.eu\/fr-webzine\/wp-content\/uploads\/medias\/P90462506_highRes_the-new-bmw-3-series.jpg","type":"image\/jpeg"}],"author":"La R\u00e9daction BYmyCAR","twitter_card":"summary_large_image","twitter_misc":{"\u00c9crit par":"La R\u00e9daction BYmyCAR"},"schema":{"@context":"https:\/\/schema.org","@graph":[{"@type":"Article","@id":"https:\/\/www.bymycar.fr\/webzine\/bmw-serie-3-occasion-comment-trouver-le-meilleur-prix\/#article","isPartOf":{"@id":"https:\/\/www.bymycar.fr\/webzine\/bmw-serie-3-occasion-comment-trouver-le-meilleur-prix\/"},"author":{"name":"La R\u00e9daction BYmyCAR","@id":"https:\/\/www.bymycar.fr\/webzine\/#\/schema\/person\/8d570fe11eb8929f06c1e6d00f4d9689"},"headline":"BMW S\u00e9rie 3 occasion : Comment trouver le meilleur prix ?","datePublished":"2023-09-12T10:01:23+00:00","dateModified":"2025-09-09T09:36:22+00:00","mainEntityOfPage":{"@id":"https:\/\/www.bymycar.fr\/webzine\/bmw-serie-3-occasion-comment-trouver-le-meilleur-prix\/"},"wordCount":9,"publisher":{"@id":"https:\/\/www.bymycar.fr\/webzine\/#organization"},"image":{"@id":"https:\/\/www.bymycar.fr\/webzine\/bmw-serie-3-occasion-comment-trouver-le-meilleur-prix\/#primaryimage"},"thumbnailUrl":"https:\/\/cdn.bymycar.eu\/fr-webzine\/wp-content\/uploads\/medias\/P90462506_highRes_the-new-bmw-3-series.jpg","articleSection":["Guide d'achat BMW Serie 3 occasion"],"inLanguage":"fr-FR"},{"@type":"WebPage","@id":"https:\/\/www.bymycar.fr\/webzine\/bmw-serie-3-occasion-comment-trouver-le-meilleur-prix\/","url":"https:\/\/www.bymycar.fr\/webzine\/bmw-serie-3-occasion-comment-trouver-le-meilleur-prix\/","name":"BMW S\u00e9rie 3 occasion : Comment trouver le meilleur prix ?","isPartOf":{"@id":"https:\/\/www.bymycar.fr\/webzine\/#website"},"primaryImageOfPage":{"@id":"https:\/\/www.bymycar.fr\/webzine\/bmw-serie-3-occasion-comment-trouver-le-meilleur-prix\/#primaryimage"},"image":{"@id":"https:\/\/www.bymycar.fr\/webzine\/bmw-serie-3-occasion-comment-trouver-le-meilleur-prix\/#primaryimage"},"thumbnailUrl":"https:\/\/cdn.bymycar.eu\/fr-webzine\/wp-content\/uploads\/medias\/P90462506_highRes_the-new-bmw-3-series.jpg","datePublished":"2023-09-12T10:01:23+00:00","dateModified":"2025-09-09T09:36:22+00:00","breadcrumb":{"@id":"https:\/\/www.bymycar.fr\/webzine\/bmw-serie-3-occasion-comment-trouver-le-meilleur-prix\/#breadcrumb"},"inLanguage":"fr-FR","potentialAction":[{"@type":"ReadAction","target":["https:\/\/www.bymycar.fr\/webzine\/bmw-serie-3-occasion-comment-trouver-le-meilleur-prix\/"]}]},{"@type":"ImageObject","inLanguage":"fr-FR","@id":"https:\/\/www.bymycar.fr\/webzine\/bmw-serie-3-occasion-comment-trouver-le-meilleur-prix\/#primaryimage","url":"https:\/\/cdn.bymycar.eu\/fr-webzine\/wp-content\/uploads\/medias\/P90462506_highRes_the-new-bmw-3-series.jpg","contentUrl":"https:\/\/cdn.bymycar.eu\/fr-webzine\/wp-content\/uploads\/medias\/P90462506_highRes_the-new-bmw-3-series.jpg","width":2560,"height":1706},{"@type":"BreadcrumbList","@id":"https:\/\/www.bymycar.fr\/webzine\/bmw-serie-3-occasion-comment-trouver-le-meilleur-prix\/#breadcrumb","itemListElement":[{"@type":"ListItem","position":1,"name":"Accueil","item":"https:\/\/www.bymycar.fr\/webzine\/"},{"@type":"ListItem","position":2,"name":"BMW S\u00e9rie 3 occasion : Comment trouver le meilleur prix ?"}]},{"@type":"WebSite","@id":"https:\/\/www.bymycar.fr\/webzine\/#website","url":"https:\/\/www.bymycar.fr\/webzine\/","name":"Webzine auto BYmyCAR","description":"La magazine auto de BYmyCAR","publisher":{"@id":"https:\/\/www.bymycar.fr\/webzine\/#organization"},"potentialAction":[{"@type":"SearchAction","target":{"@type":"EntryPoint","urlTemplate":"https:\/\/www.bymycar.fr\/webzine\/?s={search_term_string}"},"query-input":{"@type":"PropertyValueSpecification","valueRequired":true,"valueName":"search_term_string"}}],"inLanguage":"fr-FR"},{"@type":"Organization","@id":"https:\/\/www.bymycar.fr\/webzine\/#organization","name":"BYmyCAR","url":"https:\/\/www.bymycar.fr\/webzine\/","logo":{"@type":"ImageObject","inLanguage":"fr-FR","@id":"https:\/\/www.bymycar.fr\/webzine\/#\/schema\/logo\/image\/","url":"https:\/\/cdn.bymycar.eu\/fr-webzine\/wp-content\/uploads\/medias\/2017\/08\/logo_DEALER_00000406_001.png","contentUrl":"https:\/\/cdn.bymycar.eu\/fr-webzine\/wp-content\/uploads\/medias\/2017\/08\/logo_DEALER_00000406_001.png","width":2132,"height":720,"caption":"BYmyCAR"},"image":{"@id":"https:\/\/www.bymycar.fr\/webzine\/#\/schema\/logo\/image\/"}},{"@type":"Person","@id":"https:\/\/www.bymycar.fr\/webzine\/#\/schema\/person\/8d570fe11eb8929f06c1e6d00f4d9689","name":"La R\u00e9daction BYmyCAR","image":{"@type":"ImageObject","inLanguage":"fr-FR","@id":"https:\/\/www.bymycar.fr\/webzine\/#\/schema\/person\/image\/","url":"https:\/\/secure.gravatar.com\/avatar\/1aa6b039d0ce106989923af4e2d0f2a0c82bb070d5e449f1b9adf082a5863900?s=96&d=mm&r=g","contentUrl":"https:\/\/secure.gravatar.com\/avatar\/1aa6b039d0ce106989923af4e2d0f2a0c82bb070d5e449f1b9adf082a5863900?s=96&d=mm&r=g","caption":"La R\u00e9daction BYmyCAR"},"sameAs":["https:\/\/www.bymycar.fr\/"]}]}},"_links":{"self":[{"href":"https:\/\/www.bymycar.fr\/webzine\/wp-json\/wp\/v2\/posts\/42603","targetHints":{"allow":["GET"]}}],"collection":[{"href":"https:\/\/www.bymycar.fr\/webzine\/wp-json\/wp\/v2\/posts"}],"about":[{"href":"https:\/\/www.bymycar.fr\/webzine\/wp-json\/wp\/v2\/types\/post"}],"author":[{"embeddable":true,"href":"https:\/\/www.bymycar.fr\/webzine\/wp-json\/wp\/v2\/users\/88"}],"replies":[{"embeddable":true,"href":"https:\/\/www.bymycar.fr\/webzine\/wp-json\/wp\/v2\/comments?post=42603"}],"version-history":[{"count":5,"href":"https:\/\/www.bymycar.fr\/webzine\/wp-json\/wp\/v2\/posts\/42603\/revisions"}],"predecessor-version":[{"id":42628,"href":"https:\/\/www.bymycar.fr\/webzine\/wp-json\/wp\/v2\/posts\/42603\/revisions\/42628"}],"wp:featuredmedia":[{"embeddable":true,"href":"https:\/\/www.bymycar.fr\/webzine\/wp-json\/wp\/v2\/media\/42604"}],"wp:attachment":[{"href":"https:\/\/www.bymycar.fr\/webzine\/wp-json\/wp\/v2\/media?parent=42603"}],"wp:term":[{"taxonomy":"category","embeddable":true,"href":"https:\/\/www.bymycar.fr\/webzine\/wp-json\/wp\/v2\/categories?post=42603"},{"taxonomy":"post_tag","embeddable":true,"href":"https:\/\/www.bymycar.fr\/webzine\/wp-json\/wp\/v2\/tags?post=42603"}],"curies":[{"name":"wp","href":"https:\/\/api.w.org\/{rel}","templated":true}]}}