{"id":42598,"date":"2023-09-12T11:33:51","date_gmt":"2023-09-12T09:33:51","guid":{"rendered":"https:\/\/prod.bymycar.fr\/webzine\/?p=42598"},"modified":"2025-11-25T10:44:07","modified_gmt":"2025-11-25T09:44:07","slug":"quelle-bmw-serie-3-doccasion-est-fiable","status":"publish","type":"post","link":"https:\/\/www.bymycar.fr\/webzine\/quelle-bmw-serie-3-doccasion-est-fiable\/","title":{"rendered":"Quelle BMW S\u00e9rie 3 d&rsquo;occasion est fiable ?"},"content":{"rendered":"","protected":false},"excerpt":{"rendered":"","protected":false},"author":88,"featured_media":42599,"comment_status":"closed","ping_status":"closed","sticky":false,"template":"","format":"standard","meta":{"_acf_changed":false,"footnotes":""},"categories":[12978],"tags":[],"class_list":["post-42598","post","type-post","status-publish","format-standard","has-post-thumbnail","hentry","category-guide-dachat-bmw-serie-3-occasion"],"acf":{"template":"classique","introduction":"<p>La <a href=\"https:\/\/www.bymycar.fr\/v\/bmw-serie-3-occasion\">BMW S\u00e9rie 3 d&rsquo;occasion<\/a> repr\u00e9sente un excellent choix sur le march\u00e9 des <a href=\"https:\/\/www.bymycar.fr\/v\/berline-occasion\">berlines<\/a> premium, combinant plaisir de conduite dynamique et fiabilit\u00e9 reconnue. Chez BYmyCAR, nous vous proposons de d\u00e9couvrir les g\u00e9n\u00e9rations les plus endurantes de cette r\u00e9f\u00e9rence allemande, des E90 aux r\u00e9centes G20, toutes appr\u00e9ci\u00e9es pour leur robustesse m\u00e9canique. Cet article pr\u00e9sente une analyse d\u00e9taill\u00e9e des motorisations recommand\u00e9es et des conseils pratiques pour vous orienter vers la BMW d&rsquo;occasion qui r\u00e9pondra parfaitement \u00e0 vos attentes.<\/p>\n<p><strong>Ce qu&rsquo;il faut retenir<\/strong><\/p>\n<p>Voici les points essentiels pour choisir une BMW S\u00e9rie 3 d&rsquo;occasion fiable :<\/p>\n<ul>\n<li><strong>G\u00e9n\u00e9rations recommand\u00e9es<\/strong> : privil\u00e9giez la F30 (2012-2019) produite apr\u00e8s 2014 et la G20 (depuis 2019) qui b\u00e9n\u00e9ficient des derni\u00e8res am\u00e9liorations techniques et d&rsquo;une fiabilit\u00e9 optimis\u00e9e ;<\/li>\n<li><strong>Motorisations de choix<\/strong> : optez pour les moteurs essence 6 cylindres (N52, B58), les diesel B47\/B57 ou les versions hybrides rechargeables 320e\/330e selon votre profil d&rsquo;utilisation ;<\/li>\n<li><strong>Accompagnement BYmyCAR<\/strong> : nos conseillers vous guident dans la s\u00e9lection d&rsquo;exemplaires soigneusement contr\u00f4l\u00e9s avec historique d&rsquo;entretien certifi\u00e9 pour un achat en toute s\u00e9r\u00e9nit\u00e9.<\/li>\n<\/ul>\n<p>Ces crit\u00e8res vous garantissent l&rsquo;acquisition d&rsquo;une BMW S\u00e9rie 3 d&rsquo;occasion alliant plaisir de conduite et endurance m\u00e9canique exceptionnelle.<\/p>\n","strates":[{"type_strate":"carousel-produits","ancre":"","contenu":"","titre":"Voir nos v\u00e9hicules BMW s\u00e9rie 3 disponibles","image":false,"image_libre":false,"image_800x500":false,"legende":"","zoom":false,"texte":"","articles":false,"categorie_droite":false,"images":false,"elements_comparatif":false,"texte_1":"","texte_2":"","image_1":false,"image_1_563x400":false,"image_1_332x332":false,"image_2":false,"image_2_333x240":false,"image_2_563x400":false,"image_3":false,"image_3_333x240":false,"image_3_332x450":false,"image_4":false,"image_4_332x332":false,"image_4_563x400":false,"code_embed":"","legende_video":"","photo":false,"photo_100x100":false,"nom":"","fonction":"","elements_timeline":false,"entetes_colonnes":false,"entetes_lignes":false,"lignes":false,"introduction":"","formulaire":false,"question":"","reponse":"","libelle_bouton_lien":"","url_lien":"","questions":false,"conclusions":false,"pays":"1","region":"","marque":"7","marqueConcessions":false,"modele":"SERIE 3","ptvente":"","typeV":"","collection":"","nombre_maximum_elements":"4","lien_fin_carousel":"https:\/\/www.bymycar.fr\/rechercher-un-vehicule?prod_VEHICLES%5BrefinementList%5D%5BvehType%5D%5B0%5D=Occasion&prod_VEHICLES%5BrefinementList%5D%5Bbrand%5D%5B0%5D=BMW&prod_VEHICLES%5BrefinementList%5D%5BmodelGroup1%5D%5B0%5D=SERIE%203","texte_lien_fin_carousel":"Voir plus ","trier_par":"prix"},{"type_strate":"texte-simple","ancre":"","contenu":"<h2 style=\"text-align: justify;\">Quelles sont les BMW les plus fiables ?<\/h2>\n<p style=\"text-align: justify;\">Toutes les <a href=\"https:\/\/www.bymycar.fr\/marques\/bmw\">BMW<\/a> profitent d&rsquo;une qualit\u00e9 de fabrication et d&rsquo;une <strong>fiabilit\u00e9 <\/strong>remarquable. Le constructeur allemand est r\u00e9put\u00e9 pour la durabilit\u00e9 de ses mod\u00e8les et en particulier de leurs <strong>moteurs<\/strong>. Les voitures \u00e9lectriques de BMW sont \u00e9galement fiables, gr\u00e2ce \u00e0 un plus faible nombre de pi\u00e8ces en mouvement. L&rsquo;entretien de ces mod\u00e8les est donc plus simple que celui d&rsquo;un\u00a0<strong>moteur essence ou diesel<\/strong>. Dans tous les cas, il est important de s&rsquo;assurer qu&rsquo;une voiture a \u00e9t\u00e9 correctement entretenue avant de se lancer dans un achat d&rsquo;occasion, encore plus aupr\u00e8s d&rsquo;un particulier. Le carnet d&rsquo;entretien de la voiture est suppos\u00e9 \u00eatre rempli \u00e0 chaque passage \u00e0 l&rsquo;atelier, pour une r\u00e9vision ou une r\u00e9paration.<\/p>\n<h2 style=\"text-align: justify;\">Quel est le meilleur mod\u00e8le de BMW S\u00e9rie 3 ?<\/h2>\n<p style=\"text-align: justify;\">Au fil des ann\u00e9es, la <a href=\"https:\/\/www.bymycar.fr\/marques\/bmw\/serie-3-berline\">BMW S\u00e9rie 3<\/a> a beaucoup \u00e9volu\u00e9 pour atteindre aujourd&rsquo;hui sa septi\u00e8me g\u00e9n\u00e9ration. Ses rivales de toujours sont les Mercedes Classe C et Audi A4, mais aussi les Volvo S60, Alfa Romeo Giulia et autres Jaguar XE. Pour rester dans la course, la S\u00e9rie 3 propose d\u00e9sormais des <strong>versions essence et diesel<\/strong>, mais \u00e9galement <strong>hybrides rechargeables<\/strong>. Toutes font honneur \u00e0 la r\u00e9putation de la marque en mati\u00e8re de plaisir de conduire, avec une <strong>direction <\/strong>et un ch\u00e2ssis aiguis\u00e9s.<\/p>\n<h3 style=\"text-align: justify;\">Avis sur la BMW S\u00e9rie 3 E90<\/h3>\n<p style=\"text-align: justify;\">La <strong>BMW S\u00e9rie 3 E90<\/strong> a \u00e9t\u00e9 produite de 2005 \u00e0 2012. Il s&rsquo;agit de l&rsquo;une des BMW d&rsquo;occasion les plus populaires sur le march\u00e9, qui profite d&rsquo;une large gamme de moteurs essence et diesel de quatre \u00e0 huit cylindres. Son style est encore d&rsquo;actualit\u00e9 et parvient \u00e0 faire preuve de sportivit\u00e9 tout en restant \u00e9l\u00e9gant. La g\u00e9n\u00e9ration E90 de la S\u00e9rie 3 est aujourd&rsquo;hui vendue \u00e0 des <strong>prix raisonnables<\/strong> sur le march\u00e9 des <a href=\"https:\/\/www.bymycar.fr\/v\/voiture-occasion\" target=\"_blank\" rel=\"noopener\"><strong>v\u00e9hicules d&rsquo;occasion<\/strong><\/a>. Sa fiabilit\u00e9 n&rsquo;est plus \u00e0 prouver.<\/p>\n<h3 style=\"text-align: justify;\">Avis sur la BMW S\u00e9rie 3 F30 et la S\u00e9rie 3 GT F34<\/h3>\n<p style=\"text-align: justify;\">Apparue en 2012 avant d&rsquo;\u00eatre remplac\u00e9e en 2019, la <strong>S\u00e9rie 3 F30<\/strong> adopte des lignes plus tendues que la g\u00e9n\u00e9ration pr\u00e9c\u00e9dente. En plus d&rsquo;une berline et d&rsquo;un break Touring, elle se d\u00e9cline en version GT. Cette carrosserie se place entre la <strong>S\u00e9rie 3 berline<\/strong> et la <strong>S\u00e9rie 3 Touring<\/strong>, avec un coffre \u00e0 ouverture \u00e0 hayon. Il s&rsquo;agit d&rsquo;un mod\u00e8le assez rare, mais plus pratique que la berline, et dont certains clients pr\u00e9f\u00e8rent le style \u00e0 celui du break Touring. \u00c0 noter qu&rsquo;\u00e0 partir de la g\u00e9n\u00e9ration F30, les versions coup\u00e9 et cabriolet de la S\u00e9rie 3 se nomment d\u00e9sormais S\u00e9rie 4. La S\u00e9rie 3 F30 propose des versions hybrides et hybrides rechargeables, pour la premi\u00e8re fois sous le capot de la berline allemande.<\/p>\n<h3 style=\"text-align: justify;\">Avis sur la nouvelle BMW S\u00e9rie 3 G20<\/h3>\n<p style=\"text-align: justify;\">La <strong>nouvelle S\u00e9rie 3 G20<\/strong> a \u00e9t\u00e9 lanc\u00e9e en 2019, avec un style proche de celui de la g\u00e9n\u00e9ration pr\u00e9c\u00e9dente. Son habitacle gagne cependant en modernit\u00e9, en particulier depuis son restylage en 2022. Le <strong>nouveau mod\u00e8le BMW<\/strong> propose dor\u00e9navant deux <strong>versions hybrides rechargeables 320e et 330e<\/strong>, en plus de traditionnels moteurs essence et diesel. La version GT est par ailleurs abandonn\u00e9e, avec uniquement une berline et un break au catalogue de la S\u00e9rie 3.<\/p>\n<h2 style=\"text-align: justify;\">Quel moteur choisir pour une BMW S\u00e9rie 3 d&rsquo;occasion ?<\/h2>\n<p style=\"text-align: justify;\">L&rsquo;achat d&rsquo;un <strong>v\u00e9hicule d&rsquo;occasion<\/strong> n&rsquo;est jamais simple, d&rsquo;autant plus lorsque ce dernier est disponible avec de nombreuses motorisations et options diff\u00e9rentes. Heureusement, chaque <strong>moteur <\/strong>r\u00e9pond \u00e0 un besoin sp\u00e9cifique et il est possible d&rsquo;affiner sa recherche aux versions qui conviennent le mieux \u00e0 son usage.<\/p>\n<h3 style=\"text-align: justify;\">Quelle BMW S\u00e9rie 3 E90 consomme le moins ?<\/h3>\n<p style=\"text-align: justify;\">La <a href=\"https:\/\/www.bymycar.fr\/v\/bmw-serie-3-occasion\">BMW S\u00e9rie 3<\/a> E90 la plus sobre est la version diesel<strong> 316d<\/strong>. La version 318d est \u00e9galement sobre en carburant et davantage de v\u00e9hicules d&rsquo;occasion sont disponibles avec ce moteur. En essence, ce sont cette fois les quatre cylindres atmosph\u00e9riques des versions\u00a0<strong>316i<\/strong> et 318i qui consomment le moins.<\/p>\n<h3 style=\"text-align: justify;\">Quelle BMW S\u00e9rie 3 F30 consomme le moins ?<\/h3>\n<p style=\"text-align: justify;\">Ces m\u00eames versions 316d, 318d, 316i et 318i ont \u00e9t\u00e9 revues avec la S\u00e9rie 3 F30, afin de consommer toujours moins de carburant. Cette g\u00e9n\u00e9ration marque la g\u00e9n\u00e9ralisation des <strong>moteurs turbo<\/strong> en essence, permettant d&rsquo;avoir de meilleures performances et une consommation plus faible. Les <strong>bo\u00eetes automatiques<\/strong> sont par ailleurs plus modernes et limitent leur surconsommation par rapport aux versions en bo\u00eete manuelle. Enfin, pour la premi\u00e8re fois sous le capot de la S\u00e9rie 3, on note l&rsquo;apparition de mod\u00e8les hybrides. La version ActiveHybrid 3 est \u00e9quip\u00e9e d&rsquo;un moteur essence six cylindres en ligne et d&rsquo;un moteur \u00e9lectrique. Sa batterie se recharge uniquement en roulant, contrairement \u00e0 la version hybride rechargeable 330e iPerformance qui lui a succ\u00e9d\u00e9. Cette derni\u00e8re est \u00e9quip\u00e9e d&rsquo;un quatre cylindres en ligne et sa <strong>batterie haute tension<\/strong> peut \u00eatre recharg\u00e9e sur une prise \u00e9lectrique.<\/p>\n<h3 style=\"text-align: justify;\">Quelle BMW S\u00e9rie 3 G20 consomme le moins ?<\/h3>\n<p style=\"text-align: justify;\">La <strong>nouvelle S\u00e9rie 3 <\/strong>d\u00e9double l&rsquo;offre hybride rechargeable de la g\u00e9n\u00e9ration pr\u00e9c\u00e9dente, avec une version 320e et une autre plus puissante 330e. La version <strong>318d <\/strong>est quant \u00e0 elle la S\u00e9rie 3 diesel la plus sobre. Du c\u00f4t\u00e9 du sans-plomb, c&rsquo;est la version <strong>318i <\/strong>qui consomme le moins. \u00c9tant donn\u00e9 que la S\u00e9rie 3 G20 est encore r\u00e9cente, les mod\u00e8les d&rsquo;occasion se vendent \u00e0 des tarifs sup\u00e9rieurs \u00e0 ceux des g\u00e9n\u00e9rations pr\u00e9c\u00e9dentes. On trouve sur le march\u00e9 aussi bien des versions essence et diesel que des hybrides rechargeables.<\/p>\n<h3 style=\"text-align: justify;\">Quelle est la BMW S\u00e9rie 3 la plus puissante ?<\/h3>\n<p style=\"text-align: justify;\">La version la plus puissante de la S\u00e9rie 3 est la <strong>variante sportive M3<\/strong>. La derni\u00e8re g\u00e9n\u00e9ration G80, bas\u00e9e sur la nouvelle s\u00e9rie 3 G20, atteint jusqu&rsquo;\u00e0 550 ch en version M3 CS. Elle est \u00e9quip\u00e9e d&rsquo;un moteur <strong>six cylindres en ligne<\/strong> twin turbo de 3.0 l de cylindr\u00e9e. Pour la premi\u00e8re fois, elle est aussi disponible en version break Touring, exclusivement en bo\u00eete automatique \u00e0 huit vitesses et avec la transmission int\u00e9grale xDrive.<\/p>\n<p style=\"text-align: justify;\">Retrouvez nos v\u00e9hicules d&rsquo;<a href=\"https:\/\/www.bymycar.fr\/v\/bmw-occasion\" target=\"_blank\" rel=\"noopener\">occasions BMW<\/a> dans nos <a href=\"https:\/\/www.bymycar.fr\/concessions\/bmw\" target=\"_blank\" rel=\"noopener\">concessions BYmyCAR BMW<\/a>.<\/p>\n","titre":"t1","image":false,"image_libre":false,"image_800x500":false,"legende":"","zoom":false,"texte":"","articles":false,"categorie_droite":false,"images":false,"elements_comparatif":false,"texte_1":"","texte_2":"","image_1":false,"image_1_563x400":false,"image_1_332x332":false,"image_2":false,"image_2_333x240":false,"image_2_563x400":false,"image_3":false,"image_3_333x240":false,"image_3_332x450":false,"image_4":false,"image_4_332x332":false,"image_4_563x400":false,"code_embed":"","legende_video":"","photo":false,"photo_100x100":false,"nom":"","fonction":"","elements_timeline":false,"entetes_colonnes":false,"entetes_lignes":false,"lignes":false,"introduction":"","formulaire":false,"question":"","reponse":"","libelle_bouton_lien":"","url_lien":"","questions":false,"conclusions":false,"pays":false,"region":false,"marque":false,"marqueConcessions":false,"modele":false,"ptvente":false,"typeV":false,"collection":false,"nombre_maximum_elements":10,"lien_fin_carousel":"","texte_lien_fin_carousel":"","trier_par":false},{"type_strate":"carousel-produits","ancre":"","contenu":"","titre":"Voir une s\u00e9lection de v\u00e9hicules BMW S\u00e9rie 3","image":false,"image_libre":false,"image_800x500":false,"legende":"","zoom":false,"texte":"","articles":false,"categorie_droite":false,"images":false,"elements_comparatif":false,"texte_1":"","texte_2":"","image_1":false,"image_1_563x400":false,"image_1_332x332":false,"image_2":false,"image_2_333x240":false,"image_2_563x400":false,"image_3":false,"image_3_333x240":false,"image_3_332x450":false,"image_4":false,"image_4_332x332":false,"image_4_563x400":false,"code_embed":"","legende_video":"","photo":false,"photo_100x100":false,"nom":"","fonction":"","elements_timeline":false,"entetes_colonnes":false,"entetes_lignes":false,"lignes":false,"introduction":"","formulaire":false,"question":"","reponse":"","libelle_bouton_lien":"","url_lien":"","questions":false,"conclusions":false,"pays":"1","region":"","marque":"7","marqueConcessions":false,"modele":"SERIE 3","ptvente":"","typeV":"","collection":"","nombre_maximum_elements":"5","lien_fin_carousel":"https:\/\/www.bymycar.fr\/rechercher-un-vehicule?prod_VEHICLES%5BrefinementList%5D%5BvehType%5D%5B0%5D=Occasion&prod_VEHICLES%5BrefinementList%5D%5Bbrand%5D%5B0%5D=BMW&prod_VEHICLES%5BrefinementList%5D%5BmodelGroup1%5D%5B0%5D=SERIE%203","texte_lien_fin_carousel":"Voir plus","trier_par":"nouveaute"},{"type_strate":"texte-simple","ancre":"","contenu":"<p><a href=\"https:\/\/www.bymycar.fr\/webzine\/ou-trouver-une-bmw-serie-3-doccasion\/\">O\u00f9 trouver une BMW s\u00e9rie 3 d&rsquo;occasion ?<\/a><\/p>\n<p><a href=\"https:\/\/www.bymycar.fr\/webzine\/ou-trouver-une-bmw-serie-3-doccasion-pour-pas-cher\/\">O\u00f9 trouver une BMW s\u00e9rie 3 d&rsquo;occasion et pas cher ?<\/a><\/p>\n<p><a href=\"https:\/\/www.bymycar.fr\/webzine\/ou-trouver-une-bmw-serie-3-doccasion-a-essence\/\">O\u00f9 trouver une BMW s\u00e9rie 3 d&rsquo;occasion \u00e0 essence ?<\/a><\/p>\n<p><a href=\"https:\/\/www.bymycar.fr\/webzine\/bmw-serie-3-occasion-comment-trouver-le-meilleur-prix\/\">BMW S\u00e9rie 3 occasion : Comment trouver le meilleur prix ?<\/a><\/p>\n","titre":"t2","image":false,"image_libre":false,"image_800x500":false,"legende":"","zoom":false,"texte":"","articles":false,"categorie_droite":false,"images":false,"elements_comparatif":false,"texte_1":"","texte_2":"","image_1":false,"image_1_563x400":false,"image_1_332x332":false,"image_2":false,"image_2_333x240":false,"image_2_563x400":false,"image_3":false,"image_3_333x240":false,"image_3_332x450":false,"image_4":false,"image_4_332x332":false,"image_4_563x400":false,"code_embed":"","legende_video":"","photo":false,"photo_100x100":false,"nom":"","fonction":"","elements_timeline":false,"entetes_colonnes":false,"entetes_lignes":false,"lignes":false,"introduction":"","formulaire":false,"question":"","reponse":"","libelle_bouton_lien":"","url_lien":"","questions":false,"conclusions":false,"pays":false,"region":false,"marque":false,"marqueConcessions":false,"modele":false,"ptvente":false,"typeV":false,"collection":false,"nombre_maximum_elements":10,"lien_fin_carousel":"","texte_lien_fin_carousel":"","trier_par":false}],"is_old_post":false,"image":{"ID":42599,"id":42599,"title":"Fabian Kirchbauer Photography","filename":"P90479495_highRes_the-new-bmw-3-series.jpg","filesize":518323,"url":"https:\/\/cdn.bymycar.eu\/fr-webzine\/wp-content\/uploads\/medias\/P90479495_highRes_the-new-bmw-3-series.jpg","link":"https:\/\/www.bymycar.fr\/webzine\/quelle-bmw-serie-3-doccasion-est-fiable\/fabian-kirchbauer-photography-2\/","alt":"","author":"88","description":"","caption":"","name":"fabian-kirchbauer-photography-2","status":"inherit","uploaded_to":42598,"date":"2023-09-12 09:26:56","modified":"2023-09-12 09:26:56","menu_order":0,"mime_type":"image\/jpeg","type":"image","subtype":"jpeg","icon":"https:\/\/www.bymycar.fr\/webzine\/wp-includes\/images\/media\/default.png","width":2560,"height":1708,"sizes":{"thumbnail":"https:\/\/cdn.bymycar.eu\/fr-webzine\/wp-content\/uploads\/medias\/P90479495_highRes_the-new-bmw-3-series-150x150.jpg","thumbnail-width":150,"thumbnail-height":150,"medium":"https:\/\/cdn.bymycar.eu\/fr-webzine\/wp-content\/uploads\/medias\/P90479495_highRes_the-new-bmw-3-series-300x200.jpg","medium-width":300,"medium-height":200,"medium_large":"https:\/\/cdn.bymycar.eu\/fr-webzine\/wp-content\/uploads\/medias\/P90479495_highRes_the-new-bmw-3-series-768x512.jpg","medium_large-width":768,"medium_large-height":512,"large":"https:\/\/cdn.bymycar.eu\/fr-webzine\/wp-content\/uploads\/medias\/P90479495_highRes_the-new-bmw-3-series-1024x683.jpg","large-width":1024,"large-height":683,"1536x1536":"https:\/\/cdn.bymycar.eu\/fr-webzine\/wp-content\/uploads\/medias\/P90479495_highRes_the-new-bmw-3-series-1536x1025.jpg","1536x1536-width":1536,"1536x1536-height":1025,"2048x2048":"https:\/\/cdn.bymycar.eu\/fr-webzine\/wp-content\/uploads\/medias\/P90479495_highRes_the-new-bmw-3-series-2048x1366.jpg","2048x2048-width":2048,"2048x2048-height":1366}},"page_content":{"block_content":[{"acf_fc_layout":"carousel-produits"},{"acf_fc_layout":"carousel-produits"},{"acf_fc_layout":"text-simple","--nav":{"-withNav":false,"-ancre":""},"--group":{"-text":"<h2>Pourquoi la BMW S\u00e9rie 3 est-elle si fiable ?<\/h2>\n<p>La BMW S\u00e9rie 3 s&rsquo;est impos\u00e9e comme une r\u00e9f\u00e9rence incontournable sur le march\u00e9 de l&rsquo;occasion gr\u00e2ce \u00e0 sa r\u00e9putation de fiabilit\u00e9 exceptionnelle. Ce mod\u00e8le embl\u00e9matique <a href=\"https:\/\/www.bymycar.fr\/v\/bmw-occasion\">du constructeur allemand BMW<\/a> b\u00e9n\u00e9ficie d&rsquo;une conception rigoureuse et d&rsquo;un savoir-faire \u00e9\u00a0prouv\u00e9 au fil des d\u00e9cennies.<\/p>\n<p>Ce qui distingue particuli\u00e8rement cette berline, c&rsquo;est son parfait \u00e9quilibre entre performances dynamiques et endurance m\u00e9canique. Sa bonne tenue de route l\u00e9gendaire, h\u00e9rit\u00e9e du savoir-faire BMW en mati\u00e8re de ch\u00e2ssis, offre un comportement routier pr\u00e9cis et s\u00e9curisant. Les motorisations, qu&rsquo;elles soient essence ou diesel, sont con\u00e7ues pour durer avec des blocs capables d&rsquo;atteindre des kilom\u00e9trages impressionnants sans d\u00e9faillance majeure.<\/p>\n<p>L&rsquo;autre atout majeur de la S\u00e9rie 3 r\u00e9side dans ses co\u00fbts d&rsquo;entretien ma\u00eetris\u00e9s, particuli\u00e8rement sur les versions produites apr\u00e8s 2014. Les probl\u00e8mes de cha\u00eene de distribution qui affectaient certains mod\u00e8les diesel ont \u00e9t\u00e9 corrig\u00e9s, tandis que les moteurs essence se distinguent par leur endurance exceptionnelle et leur fiabilit\u00e9 \u00e0 toute \u00e9preuve. Cette \u00e9volution constante vers l&rsquo;am\u00e9lioration fait de la S\u00e9rie 3 un investissement s\u00fbr et valorisant sur le march\u00e9 des berlines premium d&rsquo;occasion.<\/p>\n<h2>Quelle g\u00e9n\u00e9ration de BMW S\u00e9rie 3 choisir pour une fiabilit\u00e9 maximale ?<\/h2>\n<h3>BMW S\u00e9rie 3 E90 : l&rsquo;\u00e9quilibre classique<\/h3>\n<p>La BMW S\u00e9rie 3 E90 repr\u00e9sente un choix solide en seconde main pour les amateurs de conduite dynamique. Produite entre 2005 et 2013, cette g\u00e9n\u00e9ration se distingue par ses motorisations robustes, particuli\u00e8rement les versions essence qui affichent une endurance remarquable. Les 320d diesel, capables d&rsquo;atteindre de tr\u00e8s forts kilom\u00e9trages, constituent \u00e9galement une valeur s\u00fbre \u00e0 condition de privil\u00e9gier les mod\u00e8les restyl\u00e9s avec une cha\u00eene de distribution am\u00e9lior\u00e9e.<\/p>\n<p>C\u00f4t\u00e9 plaisir de conduite, l&rsquo;E90 reste fid\u00e8le \u00e0 l&rsquo;ADN BMW avec sa direction incisive et son ch\u00e2ssis \u00e9quilibr\u00e9. Son break Touring offre par ailleurs une polyvalence appr\u00e9ciable pour les familles, combinant le dynamisme propre \u00e0 la marque avec un volume de chargement g\u00e9n\u00e9reux.<\/p>\n<h3>BMW S\u00e9rie 3 F30 : la fiabilit\u00e9 modernis\u00e9e<\/h3>\n<p>La g\u00e9n\u00e9ration F30 (2012-2019) marque un tournant d\u00e9cisif dans l&rsquo;histoire de la S\u00e9rie 3. Cette sixi\u00e8me g\u00e9n\u00e9ration se r\u00e9v\u00e8le nettement plus fiable que sa devanci\u00e8re, notamment sur les mod\u00e8les produits \u00e0 partir de 2014. Les principaux soucis de cha\u00eene de distribution du diesel N47 ont \u00e9t\u00e9 efficacement corrig\u00e9s d\u00e8s fin 2013, gr\u00e2ce \u00e0 des ajustements techniques progressifs et une meilleure qualit\u00e9 des guides et tendeurs.<\/p>\n<p>La F30 propose \u00e9galement un \u00e9quilibre id\u00e9al entre confort et sportivit\u00e9, avec un habitacle plus spacieux et des technologies embarqu\u00e9es plus modernes. Les motorisations essence, particuli\u00e8rement les B48 turbo et B58 six cylindres, sont reconnues pour leur endurance exceptionnelle et l&rsquo;absence quasi totale de probl\u00e8mes structurels dans la dur\u00e9e.<\/p>\n<h3>BMW S\u00e9rie 3 G20 : la nouvelle r\u00e9f\u00e9rence<\/h3>\n<p>Lanc\u00e9e en 2019, la G20 repr\u00e9sente l&rsquo;aboutissement de toutes les \u00e9volutions pr\u00e9c\u00e9dentes. Cette derni\u00e8re g\u00e9n\u00e9ration b\u00e9n\u00e9ficie des avanc\u00e9es les plus r\u00e9centes de BMW en mati\u00e8re de technologie, s\u00e9curit\u00e9 et hybridation l\u00e9g\u00e8re. Les blocs essence et diesel profitent d&rsquo;une ing\u00e9nierie moderne et de retours d&rsquo;exp\u00e9rience tr\u00e8s positifs concernant leur durabilit\u00e9 m\u00e9canique.<\/p>\n<p>La G20 se d\u00e9marque \u00e9galement par ses versions hybrides rechargeables (320e\/330e) qui offrent un \u00e9quilibre parfait entre performances et \u00e9conomies de carburant pour une utilisation quotidienne. L&rsquo;habitacle gagne en raffinement et en technologies connect\u00e9es, faisant de cette g\u00e9n\u00e9ration la plus aboutie \u00e0 ce jour.<\/p>\n<p><strong>Tableau comparatif des g\u00e9n\u00e9rations :<\/strong><\/p>\n<table>\n<thead>\n<tr>\n<th>G\u00e9n\u00e9ration<\/th>\n<th>Motorisations phares<\/th>\n<th>Points forts fiabilit\u00e9<\/th>\n<th>Atout BYmyCAR<\/th>\n<\/tr>\n<\/thead>\n<tbody>\n<tr>\n<td>E90 (2005-2013)<\/td>\n<td>320d, 330d, 325i<\/td>\n<td>Moteurs robustes sur les versions restyl\u00e9es<\/td>\n<td>Historique d&rsquo;entretien certifi\u00e9<\/td>\n<\/tr>\n<tr>\n<td>F30 (2012-2019)<\/td>\n<td>B48\/B58 essence, N47 diesel (post-2014)<\/td>\n<td>Fiabilit\u00e9 am\u00e9lior\u00e9e sur la distribution<\/td>\n<td>S\u00e9lection rigoureuse des meilleurs exemplaires<\/td>\n<\/tr>\n<tr>\n<td>G20 (depuis 2019)<\/td>\n<td>330e hybride, B47\/B57 diesel<\/td>\n<td>Technologie moderne, hybridation efficiente<\/td>\n<td>Garantie \u00e9tendue disponible<\/td>\n<\/tr>\n<\/tbody>\n<\/table>\n<p>Pour un achat serein, nos conseillers BYmyCAR vous accompagnent dans le choix de la BMW S\u00e9rie 3 qui correspondra parfaitement \u00e0 vos besoins, qu&rsquo;il s&rsquo;agisse d&rsquo;une version r\u00e9cente ou d&rsquo;un mod\u00e8le plus ancien soigneusement s\u00e9lectionn\u00e9.<\/p>\n<h2>Quel est le meilleur moteur BMW S\u00e9rie 3 d&rsquo;occasion ?<\/h2>\n<p>La BMW S\u00e9rie 3 s&rsquo;est impos\u00e9e comme une r\u00e9f\u00e9rence parmi les berlines premium gr\u00e2ce notamment \u00e0 ses motorisations alliant performances et fiabilit\u00e9. Voici un tour d&rsquo;horizon des blocs les plus recommand\u00e9s pour un achat d&rsquo;occasion.<\/p>\n<h3>Diesels endurants (M57, B47\/B57)<\/h3>\n<p>Les motorisations diesel de BMW se distinguent par leur robustesse et leur couple g\u00e9n\u00e9reux. Le M57, six cylindres en ligne, est souvent cit\u00e9 comme l&rsquo;un des moteurs les plus fiables de la marque, capable d&rsquo;atteindre des kilom\u00e9trages impressionnants. Les versions plus r\u00e9centes comme le B47 (4 cylindres) et le B57 (6 cylindres) offrent un excellent compromis entre performances et consommation. Le B57D30O0, avec son turbo unique, d\u00e9veloppe 261 ch pour un couple imposant de 620 Nm, tandis que la version biturbo B57D30T0 monte \u00e0 315 ch et 680 Nm. Ces blocs conviennent parfaitement aux gros rouleurs recherchant endurance et \u00e9conomie au quotidien.<\/p>\n<h3>Essences et 6 cylindres performants (N52, B58)<\/h3>\n<p>Les moteurs essence BMW, particuli\u00e8rement les six cylindres en ligne, sont reconnus pour leur douceur et leurs performances. Le N52, dernier bloc atmosph\u00e9rique de la marque, reste une r\u00e9f\u00e9rence en mati\u00e8re de fiabilit\u00e9 gr\u00e2ce \u00e0 sa conception robuste et son absence de turbo. Le B58, son successeur spirituel turbocompress\u00e9, repr\u00e9sente le meilleur de la technologie moderne avec des performances sup\u00e9rieures et une efficacit\u00e9 \u00e9nerg\u00e9tique optimis\u00e9e. Ces cylindres en ligne offrent une sonorit\u00e9 distinctive et un agr\u00e9ment de conduite incomparable, faisant d&rsquo;eux le choix id\u00e9al pour les amateurs de sensations.<\/p>\n<h3>Hybrides rechargeables pour la ville<\/h3>\n<p>La BMW S\u00e9rie 3 se d\u00e9cline \u00e9galement en versions hybrides rechargeables (320e et 330e) depuis la g\u00e9n\u00e9ration G20. La 330e combine un moteur essence 2.0 litres de 184 ch avec un moteur \u00e9lectrique, permettant d&rsquo;acc\u00e9l\u00e9rer de 0 \u00e0 100 km\/h en seulement 5,9 secondes. Avec une autonomie \u00e9lectrique pouvant atteindre 60 km en conditions r\u00e9elles, ces versions sont id\u00e9ales pour une utilisation urbaine et p\u00e9riurbaine. Elles offrent une consommation mixte remarquablement basse lorsque la batterie est r\u00e9guli\u00e8rement recharg\u00e9e.<\/p>\n<p><strong>Comparatif des motorisations :<\/strong><\/p>\n<table>\n<thead>\n<tr>\n<th>Moteur<\/th>\n<th>Puissance<\/th>\n<th>Couple<\/th>\n<th>Avantage fiabilit\u00e9<\/th>\n<\/tr>\n<\/thead>\n<tbody>\n<tr>\n<td>M57 (diesel)<\/td>\n<td>231 ch<\/td>\n<td>500 Nm<\/td>\n<td>Extr\u00eamement robuste, distribution fiable<\/td>\n<\/tr>\n<tr>\n<td>B57 (diesel)<\/td>\n<td>261-394 ch<\/td>\n<td>620-760 Nm<\/td>\n<td>Technologie moderne, couple impressionnant<\/td>\n<\/tr>\n<tr>\n<td>N52 (essence)<\/td>\n<td>218-272 ch<\/td>\n<td>270-320 Nm<\/td>\n<td>Conception atmosph\u00e9rique durable<\/td>\n<\/tr>\n<tr>\n<td>B58 (essence)<\/td>\n<td>340-374 ch<\/td>\n<td>450-500 Nm<\/td>\n<td>Performance et fiabilit\u00e9 reconnue<\/td>\n<\/tr>\n<tr>\n<td>330e (hybride)<\/td>\n<td>292 ch (cumul\u00e9s)<\/td>\n<td>420 Nm<\/td>\n<td>\u00c9conomie en usage urbain<\/td>\n<\/tr>\n<\/tbody>\n<\/table>\n<h2>Les moteurs diesel BMW : alli\u00e9s des longs trajets<\/h2>\n<h3>BMW 318d : sobri\u00e9t\u00e9 et fiabilit\u00e9<\/h3>\n<p>Le BMW 318d repr\u00e9sente l&rsquo;entr\u00e9e de gamme des moteurs diesel de la marque \u00e0 l&rsquo;h\u00e9lice. Ce bloc se distingue par sa remarquable sobri\u00e9t\u00e9 avec une consommation mixte oscillant entre 5,3 et 6 litres aux 100 km en utilisation r\u00e9elle. Sa conception privil\u00e9gie l&rsquo;\u00e9conomie de carburant sans sacrifier l&rsquo;agr\u00e9ment de conduite, typique de la marque. Les derni\u00e8res g\u00e9n\u00e9rations du BMW moteur diesel 318d b\u00e9n\u00e9ficient d&rsquo;une fiabilit\u00e9 confirm\u00e9e gr\u00e2ce aux am\u00e9liorations apport\u00e9es au fil des ann\u00e9es, notamment au niveau de la cha\u00eene de distribution, d\u00e9sormais plus r\u00e9sistante sur le long terme.<\/p>\n<h3>BMW 320d : le compromis parfait<\/h3>\n<p>V\u00e9ritable best-seller de la gamme, le 320d offre un \u00e9quilibre id\u00e9al entre performances et consommation contenue. Avec ses 143 \u00e0 190 ch selon les g\u00e9n\u00e9rations, il d\u00e9livre un couple g\u00e9n\u00e9reux permettant des d\u00e9passements s\u00e9curisants et une conduite d\u00e9tendue sur autoroute. Les mod\u00e8les produits apr\u00e8s 2014 sont particuli\u00e8rement recommand\u00e9s, BMW ayant r\u00e9solu les probl\u00e8mes de cha\u00eene de distribution qui affectaient les premi\u00e8res versions du bloc N47. Le constructeur a d&rsquo;ailleurs pris en charge de nombreuses r\u00e9parations, d\u00e9montrant sa volont\u00e9 d&rsquo;assurer la p\u00e9rennit\u00e9 de ses motorisations sur la dur\u00e9e.<\/p>\n<h3>M57 : la r\u00e9f\u00e9rence historique<\/h3>\n<p>Le l\u00e9gendaire 6 cylindres en ligne M57 reste une r\u00e9f\u00e9rence incontournable dans l&rsquo;histoire des diesels BMW. D\u00e9clin\u00e9 en versions 2,5L et 3,0L, ce moteur conjugue onctuosit\u00e9 de fonctionnement et robustesse exceptionnelle. Sa conception avec bloc en fonte sur les premi\u00e8res versions lui conf\u00e8re une solidit\u00e9 \u00e0 toute \u00e9preuve, capable de d\u00e9passer all\u00e8grement les 300 000 km sans intervention majeure. Particuli\u00e8rement appr\u00e9ci\u00e9 pour son couple g\u00e9n\u00e9reux (jusqu&rsquo;\u00e0 400 Nm) et son silence de fonctionnement, le M57 incarne la quintessence du savoir-faire BMW en mati\u00e8re de motorisations diesel pour les voyages au long cours.<\/p>\n<h2>Moteurs essence et hybrides : le choix du plaisir de conduire<\/h2>\n<h3>BMW 320i\/330i B48 : modernit\u00e9 au quotidien<\/h3>\n<p>Le moteur essence B48 qui \u00e9quipe les BMW 320i et 330i repr\u00e9sente une avanc\u00e9e majeure dans l&rsquo;ing\u00e9nierie automobile moderne. Ce 4 cylindres turbo de 2.0 litres offre un \u00e9quilibre remarquable entre puissance et efficacit\u00e9. Sur une BMW S\u00e9rie 3, la version 330i permet d&rsquo;abattre le 0 \u00e0 100 km\/h en moins de 6 secondes. L&rsquo;agr\u00e9ment de conduite est exceptionnel avec une souplesse impressionnante \u00e0 tous les r\u00e9gimes et une absence totale de vibrations, m\u00eame \u00e0 froid. Sa fiabilit\u00e9 est \u00e9galement reconnue gr\u00e2ce \u00e0 une architecture partag\u00e9e avec les moteurs 3 et 6 cylindres de la marque.<\/p>\n<h3>BMW 328i : sportivit\u00e9 embl\u00e9matique<\/h3>\n<p>La BMW 328i incarne parfaitement l&rsquo;esprit sportif de la marque bavaroise. \u00c9quip\u00e9e d&rsquo;un moteur 6 cylindres en ligne d\u00e9veloppant 193 chevaux dans sa version classique, elle offre une sonorit\u00e9 envo\u00fbtante et des acc\u00e9l\u00e9rations franches. Les propri\u00e9taires t\u00e9moignent unanimement de son caract\u00e8re : souplesse, puissance disponible \u00e0 tous les r\u00e9gimes et plaisir de conduite incomparable. Cette motorisation embl\u00e9matique s\u00e9duit par sa douceur de fonctionnement et l&rsquo;absence de vibrations, tout en conservant un temp\u00e9rament sportif qui fait la r\u00e9putation de BMW.<\/p>\n<h3>320e\/330e : efficience et silence<\/h3>\n<p>Les versions hybrides rechargeables 320e et 330e combinent le meilleur des deux mondes. Reposant sur le moteur essence 4 cylindres 2,0 litres d\u00e9veloppant 163 ch (320e) ou 184 ch (330e), associ\u00e9 \u00e0 un moteur \u00e9lectrique de 113 ch, ces mod\u00e8les offrent une autonomie \u00e9lectrique jusqu&rsquo;\u00e0 61 km en cycle WLTP. Le silence de fonctionnement en mode \u00e9lectrique est bluffant, tandis que les performances restent au rendez-vous avec une puissance cumul\u00e9e de 204 ch pour la 320e et 292 ch pour la 330e. Ces hybrides rechargeables s\u00e9duisent par leur douceur de conduite et leur efficience \u00e9nerg\u00e9tique exceptionnelle.<\/p>\n<h2>Conseils BYmyCAR pour un achat de BMW S\u00e9rie 3 en toute s\u00e9r\u00e9nit\u00e9<\/h2>\n<p>Voici les gestes d&rsquo;entretien et v\u00e9rifications \u00e0 privil\u00e9gier :<\/p>\n<ul>\n<li><strong>Un carnet d&rsquo;entretien complet<\/strong> : privil\u00e9giez les v\u00e9hicules avec un historique d&rsquo;entretien d\u00e9taill\u00e9, id\u00e9alement r\u00e9alis\u00e9 en r\u00e9seau BMW ou chez nos conseillers BYmyCAR ;<\/li>\n<li><strong>Des options et \u00e9quipements v\u00e9rifiables<\/strong> : assurez-vous que toutes les options fonctionnent correctement, notamment les syst\u00e8mes \u00e9lectroniques et les \u00e9quipements de confort ;<\/li>\n<li><strong>Des bo\u00eetes automatiques<\/strong> : les transmissions automatiques BMW sont reconnues pour leur fiabilit\u00e9, v\u00e9rifiez simplement l&rsquo;entretien r\u00e9gulier de l&rsquo;huile de bo\u00eete ;<\/li>\n<li><strong>Une transmission int\u00e9grale xDrive<\/strong> : sur les versions \u00e9quip\u00e9es, cette technologie apporte s\u00e9curit\u00e9 et motricit\u00e9 optimale sans compromettre la fiabilit\u00e9 ;<\/li>\n<li><strong>Un contr\u00f4le technique r\u00e9cent<\/strong> : un contr\u00f4le technique \u00e0 jour t\u00e9moigne du s\u00e9rieux de l&rsquo;entretien et vous permet d&rsquo;aborder votre achat sereinement ;<\/li>\n<li><strong>Un budget d&rsquo;entretien pr\u00e9visionnel<\/strong> : nos conseillers BYmyCAR peuvent vous accompagner dans l&rsquo;estimation des co\u00fbts d&rsquo;entretien selon votre usage.<\/li>\n<\/ul>\n<p>Chez BYmyCAR, chaque v\u00e9hicule est soigneusement s\u00e9lectionn\u00e9 et contr\u00f4l\u00e9 pour vous offrir une exp\u00e9rience d&rsquo;achat sans surprise. Nos conseillers restent \u00e0 votre disposition pour r\u00e9pondre \u00e0 toutes vos questions et vous guider vers la BMW S\u00e9rie 3 qui correspondra parfaitement \u00e0 vos attentes.<\/p>\n<h2>FAQ sur la fiabilit\u00e9 de la BMW S\u00e9rie 3 d&rsquo;occasion<\/h2>\n<h3>Quelle BMW S\u00e9rie 3 d&rsquo;occasion est la plus fiable ?<\/h3>\n<p>La g\u00e9n\u00e9ration F30 (2012-2019) se distingue particuli\u00e8rement par sa fiabilit\u00e9, surtout les mod\u00e8les produits apr\u00e8s 2014. Chez BYmyCAR, nous vous conseillons \u00e9galement la G20 (depuis 2019) qui b\u00e9n\u00e9ficie des derni\u00e8res avanc\u00e9es technologiques de BMW.<\/p>\n<h3>Quel moteur est \u00e0 privil\u00e9gier pour une BMW S\u00e9rie 3 ?<\/h3>\n<p>Les moteurs essence six cylindres en ligne comme le N52 offrent une fiabilit\u00e9 remarquable avec peu de faiblesses m\u00e9caniques. Pour l&rsquo;achat d&rsquo;un v\u00e9hicule plus r\u00e9cent, nos conseillers BYmyCAR vous orienteront vers les B48\/B58 essence ou B47 diesel selon votre profil d&rsquo;utilisation.<\/p>\n<h3>Un moteur 6 cylindres BMW est-il plus fiable ?<\/h3>\n<p>Absolument ! Les 6 cylindres en ligne BMW constituent une r\u00e9f\u00e9rence en mati\u00e8re de robustesse et long\u00e9vit\u00e9. Leur architecture \u00e9quilibr\u00e9e leur permet d&rsquo;atteindre facilement 300 000 \u00e0 350 000 km en essence et jusqu&rsquo;\u00e0 500 000 km en diesel avec un entretien r\u00e9gulier chez BYmyCAR.<\/p>\n<h3>Les moteurs diesel BMW sont-ils fiables ?<\/h3>\n<p>Les moteurs diesel BMW, particuli\u00e8rement les B47\/B57 sur G20 et N47 post-2014, affichent une excellente fiabilit\u00e9 avec une usure ma\u00eetris\u00e9e. Ils conviennent parfaitement aux gros rouleurs cherchant un bon \u00e9quilibre entre \u00e9conomie et performance. Nos conseillers BYmyCAR peuvent vous aider \u00e0 choisir la motorisation id\u00e9ale.<\/p>\n<h3>Quelle est la meilleure g\u00e9n\u00e9ration de BMW S\u00e9rie 3 d&rsquo;occasion ?<\/h3>\n<p>La g\u00e9n\u00e9ration F30 (2012-2019) est consid\u00e9r\u00e9e comme l&rsquo;une des plus fiables, notamment les mod\u00e8les produits apr\u00e8s 2014. La G20 (depuis 2019) est \u00e9galement excellente avec ses technologies modernes et son hybridation l\u00e9g\u00e8re. Chez BYmyCAR, nous v\u00e9rifions minutieusement l&rsquo;historique d&rsquo;entretien de chaque v\u00e9hicule.<\/p>\n<h3>Quel mod\u00e8le de BMW est le plus fiable ?<\/h3>\n<p>La BMW S\u00e9rie 3, particuli\u00e8rement en version 320d et 330i, figure parmi les mod\u00e8les les plus fiables de la marque avec un kilom\u00e9trage moyen impressionnant. Pour vous accompagner dans votre projet d&rsquo;achat d&rsquo;un v\u00e9hicule BMW, nos conseillers BYmyCAR sont \u00e0 votre disposition pour vous pr\u00e9senter les meilleures options selon vos besoins.<\/p>\n<h2>Pour aller plus loin<\/h2>\n<h3>\u00c0 lire \u00e9galement :<\/h3>\n<ul>\n<li><a href=\"https:\/\/www.bymycar.fr\/webzine\/acheter-une-bmw-serie-3-doccasion-en-2025\/\">Acheter une BMW S\u00e9rie 3 d\u2019occasion en 2025<\/a><\/li>\n<li><a href=\"https:\/\/www.bymycar.fr\/webzine\/ou-trouver-une-bmw-serie-3-doccasion\/\">O\u00f9 trouver une BMW s\u00e9rie 3 d\u2019occasion ?<\/a><\/li>\n<li><a href=\"https:\/\/www.bymycar.fr\/webzine\/bmw-serie-3-occasion-comment-trouver-le-meilleur-prix\/\">BMW S\u00e9rie 3 occasion : Comment trouver le meilleur prix ?<\/a><\/li>\n<li><a href=\"https:\/\/www.bymycar.fr\/webzine\/ou-trouver-une-bmw-serie-3-doccasion-a-essence\/\">O\u00f9 trouver une BMW s\u00e9rie 3 d\u2019occasion \u00e0 essence ?<\/a><\/li>\n<li><a href=\"https:\/\/www.bymycar.fr\/webzine\/ou-trouver-une-bmw-serie-3-doccasion-pour-pas-cher\/\">O\u00f9 trouver une BMW s\u00e9rie 3 d\u2019occasion pour pas cher ?<\/a><\/li>\n<\/ul>\n<h3>Sources :<\/h3>\n<ul>\n<li><a href=\"https:\/\/www.fiches-auto.fr\/fiabilite-bmw\/fiabilite-348-pannes-bmw-serie-3.php\" target=\"_blank\" rel=\"noopener\">Fiabilit\u00e9 Bmw Serie 3 (2012-2018) (280 t\u00e9moignages)<\/a><\/li>\n<li><a href=\"https:\/\/www.euroracingparts.fr\/blogs\/guide-dachat\/guide-dachat-bmw-serie-3-f30-modeles-a-eviter-et-a-privilegier\" target=\"_blank\" rel=\"noopener\">(GUIDE D&rsquo;ACHAT) BMW S\u00e9rie 3 F30 et F31 en occasion<\/a><\/li>\n<li><a href=\"https:\/\/www.automobile-magazine.fr\/occasions-fiabilite\/article\/36666-bmw-serie-3-doccasion-sa-fiabilite-et-tout-ce-quil-faut-savoir-sur-les-moteurs-avant-dacheter\" target=\"_blank\" rel=\"noopener\">BMW S\u00e9rie 3 d&rsquo;occasion : sa fiabilit\u00e9 et tout ce qu&rsquo;il faut savoir sur les moteurs avant d&rsquo;acheter<\/a><\/li>\n<li><a href=\"https:\/\/carverif.fr\/blogs\/fiabilite-voitures\/bmw-serie3-e90-diesel-320d\" target=\"_blank\" rel=\"noopener\">BMW S\u00e9rie 3 (E90) Diesel 320d: Performance et Design<\/a><\/li>\n<li><a href=\"https:\/\/www.bmw.fr\/fr\/tous-les-modeles\/3-series\/bmw-serie-3-touring\/bmw-serie-3-touring-caracteristiques-techniques.html\" target=\"_blank\" rel=\"noopener\">BMW S\u00e9rie 3 Touring (G21) : Caract\u00e9ristiques techniques &#8230;<\/a><\/li>\n<li><a href=\"https:\/\/www.bmw.fr\/fr\/tous-les-modeles\/m-series\/bmw-serie-3-modeles-m\/bmw-m3-berline-caracteristiques-techniques.html\" target=\"_blank\" rel=\"noopener\">Mod\u00e8les M de la BMW S\u00e9rie 3 Berline : Caract\u00e9ristiques &#8230;<\/a><\/li>\n<li><a href=\"https:\/\/www.bmw.fr\/fr\/tous-les-modeles\/3-series\/bmw-serie-3-berline\/bmw-serie-3-berline-caracteristiques-techniques.html\" target=\"_blank\" rel=\"noopener\">BMW S\u00e9rie 3 Berline (G20) : Caract\u00e9ristiques techniques &#8230;<\/a><\/li>\n<li><a href=\"https:\/\/www.lookers.co.uk\/bmw\/used-cars\/3-series\" target=\"_blank\" rel=\"noopener\">Approved Used BMW 3 Series For Sale<\/a><\/li>\n<\/ul>\n"}}]},"add-to-bo":false,"add-carousel-to-footer":true},"yoast_head":"<!-- This site is optimized with the Yoast SEO Premium plugin v26.4 (Yoast SEO v26.4) - https:\/\/yoast.com\/wordpress\/plugins\/seo\/ -->\n<title>Quelle BMW S\u00e9rie 3 d&#039;occasion est fiable ?<\/title>\n<meta name=\"robots\" content=\"index, follow, max-snippet:-1, max-image-preview:large, max-video-preview:-1\" \/>\n<link rel=\"canonical\" href=\"https:\/\/www.bymycar.fr\/webzine\/quelle-bmw-serie-3-doccasion-est-fiable\/\" \/>\n<meta property=\"og:locale\" content=\"fr_FR\" \/>\n<meta property=\"og:type\" content=\"article\" \/>\n<meta property=\"og:title\" content=\"Quelle BMW S\u00e9rie 3 d&#039;occasion est fiable ?\" \/>\n<meta property=\"og:url\" content=\"https:\/\/www.bymycar.fr\/webzine\/quelle-bmw-serie-3-doccasion-est-fiable\/\" \/>\n<meta property=\"og:site_name\" content=\"Webzine auto BYmyCAR\" \/>\n<meta property=\"article:published_time\" content=\"2023-09-12T09:33:51+00:00\" \/>\n<meta property=\"article:modified_time\" content=\"2025-11-25T09:44:07+00:00\" \/>\n<meta property=\"og:image\" content=\"https:\/\/cdn.bymycar.eu\/fr-webzine\/wp-content\/uploads\/medias\/P90479495_highRes_the-new-bmw-3-series.jpg\" \/>\n\t<meta property=\"og:image:width\" content=\"2560\" \/>\n\t<meta property=\"og:image:height\" content=\"1708\" \/>\n\t<meta property=\"og:image:type\" content=\"image\/jpeg\" \/>\n<meta name=\"author\" content=\"La R\u00e9daction BYmyCAR\" \/>\n<meta name=\"twitter:card\" content=\"summary_large_image\" \/>\n<meta name=\"twitter:label1\" content=\"\u00c9crit par\" \/>\n\t<meta name=\"twitter:data1\" content=\"La R\u00e9daction BYmyCAR\" \/>\n\t<meta name=\"twitter:label2\" content=\"Dur\u00e9e de lecture estim\u00e9e\" \/>\n\t<meta name=\"twitter:data2\" content=\"1 minute\" \/>\n<script type=\"application\/ld+json\" class=\"yoast-schema-graph\">{\"@context\":\"https:\/\/schema.org\",\"@graph\":[{\"@type\":\"Article\",\"@id\":\"https:\/\/www.bymycar.fr\/webzine\/quelle-bmw-serie-3-doccasion-est-fiable\/#article\",\"isPartOf\":{\"@id\":\"https:\/\/www.bymycar.fr\/webzine\/quelle-bmw-serie-3-doccasion-est-fiable\/\"},\"author\":{\"name\":\"La R\u00e9daction BYmyCAR\",\"@id\":\"https:\/\/www.bymycar.fr\/webzine\/#\/schema\/person\/8d570fe11eb8929f06c1e6d00f4d9689\"},\"headline\":\"Quelle BMW S\u00e9rie 3 d&rsquo;occasion est fiable ?\",\"datePublished\":\"2023-09-12T09:33:51+00:00\",\"dateModified\":\"2025-11-25T09:44:07+00:00\",\"mainEntityOfPage\":{\"@id\":\"https:\/\/www.bymycar.fr\/webzine\/quelle-bmw-serie-3-doccasion-est-fiable\/\"},\"wordCount\":8,\"publisher\":{\"@id\":\"https:\/\/www.bymycar.fr\/webzine\/#organization\"},\"image\":{\"@id\":\"https:\/\/www.bymycar.fr\/webzine\/quelle-bmw-serie-3-doccasion-est-fiable\/#primaryimage\"},\"thumbnailUrl\":\"https:\/\/cdn.bymycar.eu\/fr-webzine\/wp-content\/uploads\/medias\/P90479495_highRes_the-new-bmw-3-series.jpg\",\"articleSection\":[\"Guide d'achat BMW Serie 3 occasion\"],\"inLanguage\":\"fr-FR\"},{\"@type\":\"WebPage\",\"@id\":\"https:\/\/www.bymycar.fr\/webzine\/quelle-bmw-serie-3-doccasion-est-fiable\/\",\"url\":\"https:\/\/www.bymycar.fr\/webzine\/quelle-bmw-serie-3-doccasion-est-fiable\/\",\"name\":\"Quelle BMW S\u00e9rie 3 d'occasion est fiable ?\",\"isPartOf\":{\"@id\":\"https:\/\/www.bymycar.fr\/webzine\/#website\"},\"primaryImageOfPage\":{\"@id\":\"https:\/\/www.bymycar.fr\/webzine\/quelle-bmw-serie-3-doccasion-est-fiable\/#primaryimage\"},\"image\":{\"@id\":\"https:\/\/www.bymycar.fr\/webzine\/quelle-bmw-serie-3-doccasion-est-fiable\/#primaryimage\"},\"thumbnailUrl\":\"https:\/\/cdn.bymycar.eu\/fr-webzine\/wp-content\/uploads\/medias\/P90479495_highRes_the-new-bmw-3-series.jpg\",\"datePublished\":\"2023-09-12T09:33:51+00:00\",\"dateModified\":\"2025-11-25T09:44:07+00:00\",\"breadcrumb\":{\"@id\":\"https:\/\/www.bymycar.fr\/webzine\/quelle-bmw-serie-3-doccasion-est-fiable\/#breadcrumb\"},\"inLanguage\":\"fr-FR\",\"potentialAction\":[{\"@type\":\"ReadAction\",\"target\":[\"https:\/\/www.bymycar.fr\/webzine\/quelle-bmw-serie-3-doccasion-est-fiable\/\"]}]},{\"@type\":\"ImageObject\",\"inLanguage\":\"fr-FR\",\"@id\":\"https:\/\/www.bymycar.fr\/webzine\/quelle-bmw-serie-3-doccasion-est-fiable\/#primaryimage\",\"url\":\"https:\/\/cdn.bymycar.eu\/fr-webzine\/wp-content\/uploads\/medias\/P90479495_highRes_the-new-bmw-3-series.jpg\",\"contentUrl\":\"https:\/\/cdn.bymycar.eu\/fr-webzine\/wp-content\/uploads\/medias\/P90479495_highRes_the-new-bmw-3-series.jpg\",\"width\":2560,\"height\":1708},{\"@type\":\"BreadcrumbList\",\"@id\":\"https:\/\/www.bymycar.fr\/webzine\/quelle-bmw-serie-3-doccasion-est-fiable\/#breadcrumb\",\"itemListElement\":[{\"@type\":\"ListItem\",\"position\":1,\"name\":\"Accueil\",\"item\":\"https:\/\/www.bymycar.fr\/webzine\/\"},{\"@type\":\"ListItem\",\"position\":2,\"name\":\"Quelle BMW S\u00e9rie 3 d&rsquo;occasion est fiable ?\"}]},{\"@type\":\"WebSite\",\"@id\":\"https:\/\/www.bymycar.fr\/webzine\/#website\",\"url\":\"https:\/\/www.bymycar.fr\/webzine\/\",\"name\":\"Webzine auto BYmyCAR\",\"description\":\"La magazine auto de BYmyCAR\",\"publisher\":{\"@id\":\"https:\/\/www.bymycar.fr\/webzine\/#organization\"},\"potentialAction\":[{\"@type\":\"SearchAction\",\"target\":{\"@type\":\"EntryPoint\",\"urlTemplate\":\"https:\/\/www.bymycar.fr\/webzine\/?s={search_term_string}\"},\"query-input\":{\"@type\":\"PropertyValueSpecification\",\"valueRequired\":true,\"valueName\":\"search_term_string\"}}],\"inLanguage\":\"fr-FR\"},{\"@type\":\"Organization\",\"@id\":\"https:\/\/www.bymycar.fr\/webzine\/#organization\",\"name\":\"BYmyCAR\",\"url\":\"https:\/\/www.bymycar.fr\/webzine\/\",\"logo\":{\"@type\":\"ImageObject\",\"inLanguage\":\"fr-FR\",\"@id\":\"https:\/\/www.bymycar.fr\/webzine\/#\/schema\/logo\/image\/\",\"url\":\"https:\/\/cdn.bymycar.eu\/fr-webzine\/wp-content\/uploads\/medias\/2017\/08\/logo_DEALER_00000406_001.png\",\"contentUrl\":\"https:\/\/cdn.bymycar.eu\/fr-webzine\/wp-content\/uploads\/medias\/2017\/08\/logo_DEALER_00000406_001.png\",\"width\":2132,\"height\":720,\"caption\":\"BYmyCAR\"},\"image\":{\"@id\":\"https:\/\/www.bymycar.fr\/webzine\/#\/schema\/logo\/image\/\"}},{\"@type\":\"Person\",\"@id\":\"https:\/\/www.bymycar.fr\/webzine\/#\/schema\/person\/8d570fe11eb8929f06c1e6d00f4d9689\",\"name\":\"La R\u00e9daction BYmyCAR\",\"image\":{\"@type\":\"ImageObject\",\"inLanguage\":\"fr-FR\",\"@id\":\"https:\/\/www.bymycar.fr\/webzine\/#\/schema\/person\/image\/\",\"url\":\"https:\/\/secure.gravatar.com\/avatar\/1aa6b039d0ce106989923af4e2d0f2a0c82bb070d5e449f1b9adf082a5863900?s=96&d=mm&r=g\",\"contentUrl\":\"https:\/\/secure.gravatar.com\/avatar\/1aa6b039d0ce106989923af4e2d0f2a0c82bb070d5e449f1b9adf082a5863900?s=96&d=mm&r=g\",\"caption\":\"La R\u00e9daction BYmyCAR\"},\"sameAs\":[\"https:\/\/www.bymycar.fr\/\"]}]}<\/script>\n<!-- \/ Yoast SEO Premium plugin. -->","yoast_head_json":{"title":"Quelle BMW S\u00e9rie 3 d'occasion est fiable ?","robots":{"index":"index","follow":"follow","max-snippet":"max-snippet:-1","max-image-preview":"max-image-preview:large","max-video-preview":"max-video-preview:-1"},"canonical":"https:\/\/www.bymycar.fr\/webzine\/quelle-bmw-serie-3-doccasion-est-fiable\/","og_locale":"fr_FR","og_type":"article","og_title":"Quelle BMW S\u00e9rie 3 d'occasion est fiable ?","og_url":"https:\/\/www.bymycar.fr\/webzine\/quelle-bmw-serie-3-doccasion-est-fiable\/","og_site_name":"Webzine auto BYmyCAR","article_published_time":"2023-09-12T09:33:51+00:00","article_modified_time":"2025-11-25T09:44:07+00:00","og_image":[{"width":2560,"height":1708,"url":"https:\/\/cdn.bymycar.eu\/fr-webzine\/wp-content\/uploads\/medias\/P90479495_highRes_the-new-bmw-3-series.jpg","type":"image\/jpeg"}],"author":"La R\u00e9daction BYmyCAR","twitter_card":"summary_large_image","twitter_misc":{"\u00c9crit par":"La R\u00e9daction BYmyCAR","Dur\u00e9e de lecture estim\u00e9e":"1 minute"},"schema":{"@context":"https:\/\/schema.org","@graph":[{"@type":"Article","@id":"https:\/\/www.bymycar.fr\/webzine\/quelle-bmw-serie-3-doccasion-est-fiable\/#article","isPartOf":{"@id":"https:\/\/www.bymycar.fr\/webzine\/quelle-bmw-serie-3-doccasion-est-fiable\/"},"author":{"name":"La R\u00e9daction BYmyCAR","@id":"https:\/\/www.bymycar.fr\/webzine\/#\/schema\/person\/8d570fe11eb8929f06c1e6d00f4d9689"},"headline":"Quelle BMW S\u00e9rie 3 d&rsquo;occasion est fiable ?","datePublished":"2023-09-12T09:33:51+00:00","dateModified":"2025-11-25T09:44:07+00:00","mainEntityOfPage":{"@id":"https:\/\/www.bymycar.fr\/webzine\/quelle-bmw-serie-3-doccasion-est-fiable\/"},"wordCount":8,"publisher":{"@id":"https:\/\/www.bymycar.fr\/webzine\/#organization"},"image":{"@id":"https:\/\/www.bymycar.fr\/webzine\/quelle-bmw-serie-3-doccasion-est-fiable\/#primaryimage"},"thumbnailUrl":"https:\/\/cdn.bymycar.eu\/fr-webzine\/wp-content\/uploads\/medias\/P90479495_highRes_the-new-bmw-3-series.jpg","articleSection":["Guide d'achat BMW Serie 3 occasion"],"inLanguage":"fr-FR"},{"@type":"WebPage","@id":"https:\/\/www.bymycar.fr\/webzine\/quelle-bmw-serie-3-doccasion-est-fiable\/","url":"https:\/\/www.bymycar.fr\/webzine\/quelle-bmw-serie-3-doccasion-est-fiable\/","name":"Quelle BMW S\u00e9rie 3 d'occasion est fiable ?","isPartOf":{"@id":"https:\/\/www.bymycar.fr\/webzine\/#website"},"primaryImageOfPage":{"@id":"https:\/\/www.bymycar.fr\/webzine\/quelle-bmw-serie-3-doccasion-est-fiable\/#primaryimage"},"image":{"@id":"https:\/\/www.bymycar.fr\/webzine\/quelle-bmw-serie-3-doccasion-est-fiable\/#primaryimage"},"thumbnailUrl":"https:\/\/cdn.bymycar.eu\/fr-webzine\/wp-content\/uploads\/medias\/P90479495_highRes_the-new-bmw-3-series.jpg","datePublished":"2023-09-12T09:33:51+00:00","dateModified":"2025-11-25T09:44:07+00:00","breadcrumb":{"@id":"https:\/\/www.bymycar.fr\/webzine\/quelle-bmw-serie-3-doccasion-est-fiable\/#breadcrumb"},"inLanguage":"fr-FR","potentialAction":[{"@type":"ReadAction","target":["https:\/\/www.bymycar.fr\/webzine\/quelle-bmw-serie-3-doccasion-est-fiable\/"]}]},{"@type":"ImageObject","inLanguage":"fr-FR","@id":"https:\/\/www.bymycar.fr\/webzine\/quelle-bmw-serie-3-doccasion-est-fiable\/#primaryimage","url":"https:\/\/cdn.bymycar.eu\/fr-webzine\/wp-content\/uploads\/medias\/P90479495_highRes_the-new-bmw-3-series.jpg","contentUrl":"https:\/\/cdn.bymycar.eu\/fr-webzine\/wp-content\/uploads\/medias\/P90479495_highRes_the-new-bmw-3-series.jpg","width":2560,"height":1708},{"@type":"BreadcrumbList","@id":"https:\/\/www.bymycar.fr\/webzine\/quelle-bmw-serie-3-doccasion-est-fiable\/#breadcrumb","itemListElement":[{"@type":"ListItem","position":1,"name":"Accueil","item":"https:\/\/www.bymycar.fr\/webzine\/"},{"@type":"ListItem","position":2,"name":"Quelle BMW S\u00e9rie 3 d&rsquo;occasion est fiable ?"}]},{"@type":"WebSite","@id":"https:\/\/www.bymycar.fr\/webzine\/#website","url":"https:\/\/www.bymycar.fr\/webzine\/","name":"Webzine auto BYmyCAR","description":"La magazine auto de BYmyCAR","publisher":{"@id":"https:\/\/www.bymycar.fr\/webzine\/#organization"},"potentialAction":[{"@type":"SearchAction","target":{"@type":"EntryPoint","urlTemplate":"https:\/\/www.bymycar.fr\/webzine\/?s={search_term_string}"},"query-input":{"@type":"PropertyValueSpecification","valueRequired":true,"valueName":"search_term_string"}}],"inLanguage":"fr-FR"},{"@type":"Organization","@id":"https:\/\/www.bymycar.fr\/webzine\/#organization","name":"BYmyCAR","url":"https:\/\/www.bymycar.fr\/webzine\/","logo":{"@type":"ImageObject","inLanguage":"fr-FR","@id":"https:\/\/www.bymycar.fr\/webzine\/#\/schema\/logo\/image\/","url":"https:\/\/cdn.bymycar.eu\/fr-webzine\/wp-content\/uploads\/medias\/2017\/08\/logo_DEALER_00000406_001.png","contentUrl":"https:\/\/cdn.bymycar.eu\/fr-webzine\/wp-content\/uploads\/medias\/2017\/08\/logo_DEALER_00000406_001.png","width":2132,"height":720,"caption":"BYmyCAR"},"image":{"@id":"https:\/\/www.bymycar.fr\/webzine\/#\/schema\/logo\/image\/"}},{"@type":"Person","@id":"https:\/\/www.bymycar.fr\/webzine\/#\/schema\/person\/8d570fe11eb8929f06c1e6d00f4d9689","name":"La R\u00e9daction BYmyCAR","image":{"@type":"ImageObject","inLanguage":"fr-FR","@id":"https:\/\/www.bymycar.fr\/webzine\/#\/schema\/person\/image\/","url":"https:\/\/secure.gravatar.com\/avatar\/1aa6b039d0ce106989923af4e2d0f2a0c82bb070d5e449f1b9adf082a5863900?s=96&d=mm&r=g","contentUrl":"https:\/\/secure.gravatar.com\/avatar\/1aa6b039d0ce106989923af4e2d0f2a0c82bb070d5e449f1b9adf082a5863900?s=96&d=mm&r=g","caption":"La R\u00e9daction BYmyCAR"},"sameAs":["https:\/\/www.bymycar.fr\/"]}]}},"_links":{"self":[{"href":"https:\/\/www.bymycar.fr\/webzine\/wp-json\/wp\/v2\/posts\/42598","targetHints":{"allow":["GET"]}}],"collection":[{"href":"https:\/\/www.bymycar.fr\/webzine\/wp-json\/wp\/v2\/posts"}],"about":[{"href":"https:\/\/www.bymycar.fr\/webzine\/wp-json\/wp\/v2\/types\/post"}],"author":[{"embeddable":true,"href":"https:\/\/www.bymycar.fr\/webzine\/wp-json\/wp\/v2\/users\/88"}],"replies":[{"embeddable":true,"href":"https:\/\/www.bymycar.fr\/webzine\/wp-json\/wp\/v2\/comments?post=42598"}],"version-history":[{"count":5,"href":"https:\/\/www.bymycar.fr\/webzine\/wp-json\/wp\/v2\/posts\/42598\/revisions"}],"predecessor-version":[{"id":62240,"href":"https:\/\/www.bymycar.fr\/webzine\/wp-json\/wp\/v2\/posts\/42598\/revisions\/62240"}],"wp:featuredmedia":[{"embeddable":true,"href":"https:\/\/www.bymycar.fr\/webzine\/wp-json\/wp\/v2\/media\/42599"}],"wp:attachment":[{"href":"https:\/\/www.bymycar.fr\/webzine\/wp-json\/wp\/v2\/media?parent=42598"}],"wp:term":[{"taxonomy":"category","embeddable":true,"href":"https:\/\/www.bymycar.fr\/webzine\/wp-json\/wp\/v2\/categories?post=42598"},{"taxonomy":"post_tag","embeddable":true,"href":"https:\/\/www.bymycar.fr\/webzine\/wp-json\/wp\/v2\/tags?post=42598"}],"curies":[{"name":"wp","href":"https:\/\/api.w.org\/{rel}","templated":true}]}}