{"id":42445,"date":"2023-09-05T09:45:10","date_gmt":"2023-09-05T07:45:10","guid":{"rendered":"https:\/\/prod.bymycar.fr\/webzine\/?p=42445"},"modified":"2026-04-13T17:47:49","modified_gmt":"2026-04-13T15:47:49","slug":"tout-savoir-sur-le-marche-des-bornes-electriques","status":"publish","type":"post","link":"https:\/\/www.bymycar.fr\/webzine\/tout-savoir-sur-le-marche-des-bornes-electriques\/","title":{"rendered":"Tout savoir sur le march\u00e9 des bornes \u00e9lectriques"},"content":{"rendered":"","protected":false},"excerpt":{"rendered":"","protected":false},"author":88,"featured_media":41899,"comment_status":"closed","ping_status":"open","sticky":false,"template":"","format":"standard","meta":{"_acf_changed":false,"footnotes":""},"categories":[8150],"tags":[],"class_list":["post-42445","post","type-post","status-publish","format-standard","has-post-thumbnail","hentry","category-voiture-electrique"],"acf":{"template":"classique","introduction":"<p><strong>En 2022, il a \u00e9t\u00e9 observ\u00e9 une augmentation de 53 % des points de recharge publique pour les voitures \u00e9lectriques. Les bornes \u00e9lectriques se d\u00e9mocratisent de plus en plus pour r\u00e9pondre au besoin et \u00e0 la volont\u00e9 des consommateurs de se d\u00e9placer de mani\u00e8re plus \u00e9cologique. Chaque ann\u00e9e, on observe une croissance des ventes de voitures \u00e9lectriques et du nombre de bornes de recharge. Vous voulez tout savoir sur le march\u00e9 des bornes \u00e9lectriques en France ? Alors nous vous invitons \u00e0 poursuivre votre lecture.<\/strong><\/p>\n<p><strong>Sommaire<\/strong><\/p>\n<ul>\n<li style=\"font-weight: 400;\" aria-level=\"1\"><strong>Qu&rsquo;est-ce qu&rsquo;une borne \u00e9lectrique ?<\/strong><\/li>\n<li style=\"font-weight: 400;\" aria-level=\"1\"><strong>Dans quel \u00e9tat est le march\u00e9 de borne \u00e9lectrique et de la recharge de v\u00e9hicules \u00e9lectriques en France ?<\/strong><\/li>\n<li style=\"font-weight: 400;\" aria-level=\"1\"><strong>March\u00e9 des bornes \u00e9lectriques : la recharge \u00e0 domicile<\/strong><\/li>\n<li style=\"font-weight: 400;\" aria-level=\"1\"><strong>March\u00e9 des bornes \u00e9lectriques : la recharge en voirie<\/strong><\/li>\n<li style=\"font-weight: 400;\" aria-level=\"1\"><strong>March\u00e9 des bornes \u00e9lectriques : la recharge sur autoroute et sur route<\/strong><\/li>\n<li style=\"font-weight: 400;\" aria-level=\"1\"><strong>March\u00e9 des bornes \u00e9lectriques : la recharge en entreprise<\/strong><\/li>\n<li style=\"font-weight: 400;\" aria-level=\"1\"><strong>March\u00e9 des bornes \u00e9lectriques : la recharge \u00e0 destination<\/strong><\/li>\n<\/ul>\n<p>&nbsp;<\/p>\n<p style=\"text-align: center;\"><span style=\"font-weight: 400;\"><a href=\"https:\/\/www.bymycar.fr\/electrique\" target=\"_blank\" class=\"css-button css-button--gold\" >\n                D\u00e9couvrez nos voitures \u00e9lectriques en stock &gt;\n        <\/a><\/span><\/p>\n","strates":[{"type_strate":"texte-simple","ancre":"","contenu":"<h2><b>Qu&rsquo;est-ce qu&rsquo;une\u00a0borne \u00e9lectrique ?<\/b><\/h2>\n<p>Une borne \u00e9lectrique est le terme que l\u2019on utilise le plus fr\u00e9quemment pour d\u00e9signer une station de recharge \u00e9lectrique. Il s\u2019agit d\u2019un \u00e9quipement qui permet de recharger la batterie de sa voiture \u00e9lectrique en la branchant directement sur le courant. Les bornes de recharge sont des \u00e9quipements publics et sont accessibles \u00e0 tous. En France, il existe plusieurs fa\u00e7ons de recharger votre voiture \u00e9lectrique :<\/p>\n<ul>\n<li style=\"font-weight: 400;\" aria-level=\"1\">Via une borne de recharge publique<\/li>\n<li style=\"font-weight: 400;\" aria-level=\"1\">Via une prise domestique ou prise murale adapt\u00e9e<\/li>\n<li style=\"font-weight: 400;\" aria-level=\"1\">Via un chargeur embarqu\u00e9<\/li>\n<\/ul>\n<p>Quel est l&rsquo;\u00e9tat du march\u00e9 des bornes \u00e9lectriques en France ? Le d\u00e9ploiement de nouveaux points de recharge est-il pr\u00e9vu dans le futur ? Les acteurs de ce secteur, que proposent-ils ? Quelle est la meilleure solution de charge ? C&rsquo;est ce que nous allons voir maintenant.<\/p>\n<h2><b>Dans quel \u00e9tat est le\u00a0march\u00e9 des bornes \u00e9lectriques et de la recharge de v\u00e9hicules \u00e9lectriques en France ?<\/b><\/h2>\n<p>En France, le march\u00e9 des bornes \u00e9lectriques et de la recharge de v\u00e9hicules \u00e9lectriques se porte tr\u00e8s bien ! Les fabricants proposent de plus en plus de mod\u00e8les hybrides et \u00e9lectriques dans leur catalogue. C&rsquo;est pr\u00e8s de 100 000\u00a0bornes de recharge \u00e9lectriques qui sont accessibles au public en France. Selon les chiffres du gouvernement, la France compte pr\u00e8s de 14 500 bornes haute puissance, dont 7000 en ultra haute puissance (donc la puissance est sup\u00e9rieure \u00e0 150 kW). Ces bornes permettent une recharge en seulement 20 minutes et leur nombre ne fait qu\u2019augmenter. Preuve en est, leur nombre a \u00e9t\u00e9 multipli\u00e9 par 2 depuis le d\u00e9but de l\u2019ann\u00e9e 2023.<\/p>\n<p>Au total, la France compte plus de 1 400 000 points de recharge sur le territoire, en comptant les bornes priv\u00e9es d\u2019entreprises et celles des particuliers. Un nombre en pleine croissance d\u2019ann\u00e9e en ann\u00e9e.\u00a0Qu\u2019en est-il de la recharge \u00e0 domicile ? La recharge \u00e0 domicile est aujourd&rsquo;hui tr\u00e8s simple \u00e0 mettre en place, et les prix comp\u00e9titifs propos\u00e9s par les fournisseurs d\u2019\u00e9nergie permettent de faire des \u00e9conomies consid\u00e9rables. Installer une prise domestique se fait facilement et n\u2019est pas tr\u00e8s on\u00e9reux.<\/p>\n<p>Aujourd&rsquo;hui, avoir une voiture \u00e9lectrique et rouler de mani\u00e8re \u00e9cologique n\u2019est plus un luxe ! Avoir une mobilit\u00e9 verte est de nos jours bien plus accessible qu&rsquo;avant !\u00a0Le gouvernement fran\u00e7ais a pour objectif d&rsquo;acc\u00e9l\u00e9rer la cadence et de\u00a0proposer 400 000 points de recharge publique d\u2019ici \u00e0 2030. Il doit pour cela r\u00e9unir et coordonner les diff\u00e9rents acteurs de la recharge et de l&rsquo;\u00e9lectromobilit\u00e9. Des millions d\u2019euros sont pr\u00e9vus pour soutenir cette expansion du r\u00e9seau :<\/p>\n<ul>\n<li style=\"font-weight: 400;\" aria-level=\"1\">100 millions d\u2019euros du Plan de relance<\/li>\n<li style=\"font-weight: 400;\" aria-level=\"1\">300 millions d\u2019euros de France 2030 sont d\u00e9di\u00e9s aux stations de recharge rapide dans les m\u00e9tropoles et sur le territoire pour soutenir le d\u00e9veloppement de l&rsquo;activit\u00e9 des v\u00e9hicules \u00e9lectriques.<\/li>\n<\/ul>\n<p>Le r\u00e9seau fran\u00e7ais de bornes de recharge va continuer son d\u00e9ploiement dans les ann\u00e9es \u00e0 venir.<span style=\"font-weight: 400;\"><br \/>\n<\/span><\/p>\n<h2><b>March\u00e9 des bornes \u00e9lectriques : la recharge \u00e0 domicile<\/b><\/h2>\n<p>Comment recharger une voiture \u00e9lectrique \u00e0 domicile ? Est-ce possible ?\u00a0Bien s\u00fbr que oui ! Vous pouvez de nos jours recharger votre voiture \u00e9lectrique \u00e0 la maison, gr\u00e2ce \u00e0 une borne de recharge appel\u00e9e Wallbox. C\u2019est la meilleure solution pour recharger sa voiture \u00e9lectrique chez soi. Une prise murale renforc\u00e9e et adapt\u00e9e est \u00e9galement une possibilit\u00e9 : c\u2019est une solution interm\u00e9diaire entre une borne de recharge et une prise classique. Mais ce n\u2019est pas la solution la plus efficace, le temps de recharge est en g\u00e9n\u00e9ral assez long.<\/p>\n<p>Peut- on utiliser une prise de courant classique ? Non, il est fortement d\u00e9conseill\u00e9 de le faire, ce n\u2019est vraiment pas fait pour cela : le courant d\u00e9livr\u00e9 est trop faible sur une prise classique pour recharger une voiture \u00e9lectrique. Et surtout, ce n\u2019est pas du tout s\u00e9curis\u00e9 ! La prise pourrait surchauffer.<\/p>\n<h2><b>March\u00e9 des bornes \u00e9lectriques : la recharge en voirie<\/b><\/h2>\n<p>Il existe beaucoup de bornes \u00e9lectriques accessibles sur la voirie. Le gouvernement a rendu connue leur localisation pour faciliter la recharge des voitures \u00e9lectriques. Les\u00a0bornes de recharge<span style=\"font-weight: 400;\"> publique sont d\u2019une puissance de 3,7 kW \u00e0 22 kW.<\/span><\/p>\n<h2><b>March\u00e9 des bornes \u00e9lectriques : la recharge sur autoroute et sur route<\/b><\/h2>\n<p>Beaucoup de stations autorouti\u00e8res proposent des bornes de recharge \u00e9lectriques accessibles au public. Depuis mai 2021, Vinci Autoroute \u00e0 install\u00e9\u00a0plus de 220 points de recharge d\u2019une puissance comprise entre 150 et 350 kW. Des bornes qui permettent\u00a0la recharge rapide.<\/p>\n<h2><b>March\u00e9 des bornes \u00e9lectriques : la recharge en entreprise<\/b><\/h2>\n<p>Tout d\u00e9pend de la politique interne de l\u2019entreprise, si celle-ci souhaite s\u2019\u00e9quiper de\u00a0bornes de recharge, rien ne l&rsquo;en emp\u00eache. Certaines entreprises payent par exemple \u00e0 leurs employ\u00e9s le\u00a0co\u00fbt de la recharge.<\/p>\n<h2><b>March\u00e9 des bornes \u00e9lectriques : la recharge \u00e0 destination<\/b><\/h2>\n<p>La recharge \u00e0 destination est une solution propos\u00e9e par le constructeur am\u00e9ricain de voitures \u00e9lectriques Tesla. La marque propose pour l\u2019instant 40 000 Wall Connectors. Il est m\u00eame possible de recharger gratuitement sa Tesla hors des p\u00e9riodes de forte affluence (heures creuses). Ces bornes \u00e0 destination sont accessibles sur les parkings des h\u00f4tels ou sur votre prochain lieu de voyage qui sait ! Vous savez maintenant tout ce qu\u2019il faut savoir sur le\u00a0march\u00e9 des bornes \u00e9lectriques en France. Il faut souligner que les infrastructures pour recharger les voitures \u00e9lectriques sont de plus en plus nombreuses. Lisez notre article pour en savoir plus sur <a href=\"https:\/\/www.bymycar.fr\/webzine\/quelle-est-lautonomie-dune-voiture-electrique\/\">l\u2019autonomie d\u2019une\u00a0voiture \u00e9lectrique<\/a>.<\/p>\n<p>Besoin d\u2019une solution de financement pour acheter un nouveau v\u00e9hicule ? Pour acheter une <a href=\"https:\/\/www.bymycar.fr\/v\/voiture-occasion\">voiture d\u2019occasion<\/a> ou une\u00a0voiture neuve ? BYmyCAR vous propose au choix plusieurs cr\u00e9dits, un service de Location avec Option d\u2019Achat (LOA) ou un service de Location Longue Dur\u00e9e (LLD). Profitez de notre grande s\u00e9lection de v\u00e9hicules et achetez le mod\u00e8le de votre choix au meilleur prix. Consultez r\u00e9guli\u00e8rement notre site pour vous tenir au courant des derni\u00e8res\u00a0nouveaut\u00e9s du monde automobile !<\/p>\n<p>&nbsp;<\/p>\n<p style=\"text-align: center;\"><a href=\"https:\/\/www.bymycar.fr\/electrique\" target=\"_blank\" class=\"css-button css-button--gold\" >\n                D\u00e9couvrez nos voitures \u00e9lectriques en stock &gt;\n        <\/a><\/p>\n<p>&nbsp;<\/p>\n<p><strong><em>D\u00e9couvrez aussi :\u00a0<\/em><\/strong><\/p>\n<ul>\n<li style=\"font-weight: 400;\" aria-level=\"1\"><a href=\"https:\/\/www.bymycar.fr\/webzine\/nouveaux-vehicules\/\"><span style=\"font-weight: 400;\">Nouveaux v\u00e9hicules en 2023<\/span><\/a><\/li>\n<li style=\"font-weight: 400;\" aria-level=\"1\"><a href=\"https:\/\/www.bymycar.fr\/webzine\/voiture-occasion\/\"><span style=\"font-weight: 400;\">Achat d\u2019une voiture d\u2019occasion : le choix BYmyCAR<\/span><\/a><\/li>\n<li style=\"font-weight: 400;\" aria-level=\"1\"><a href=\"https:\/\/www.bymycar.fr\/webzine\/la-technologie-electrique\/\"><span style=\"font-weight: 400;\">La technologie \u00e9lectrique<\/span><\/a><\/li>\n<li style=\"font-weight: 400;\" aria-level=\"1\"><a href=\"https:\/\/www.bymycar.fr\/webzine\/quelle-est-la-voiture-electrique-la-moins-chere\/\"><span style=\"font-weight: 400;\">Les voitures \u00e9lectriques les moins ch\u00e8res en 2023<\/span><\/a><\/li>\n<li style=\"font-weight: 400;\" aria-level=\"1\"><a href=\"https:\/\/www.bymycar.fr\/webzine\/voitures-electriques-testees\/\"><span style=\"font-weight: 400;\">Voitures \u00e9lectriques test\u00e9es\u00a0<\/span><\/a><\/li>\n<li style=\"font-weight: 400;\" aria-level=\"1\"><a href=\"https:\/\/www.bymycar.fr\/webzine\/la-tesla-model-x-grande-autonomie\/\"><span style=\"font-weight: 400;\">La Tesla Model X Grande autonomie<\/span><\/a><\/li>\n<li style=\"font-weight: 400;\" aria-level=\"1\"><a href=\"https:\/\/www.bymycar.fr\/webzine\/comment-eviter-les-pannes-de-batterie\/\"><span style=\"font-weight: 400;\">Comment \u00e9viter les pannes de batterie ?<\/span><\/a><\/li>\n<li style=\"font-weight: 400;\" aria-level=\"1\"><a href=\"https:\/\/www.bymycar.fr\/webzine\/niveaux-dautonomie\/\"><span style=\"font-weight: 400;\">Quels sont les diff\u00e9rents niveaux d\u2019autonomie d\u2019un v\u00e9hicule automobile ?<\/span><\/a><\/li>\n<li style=\"font-weight: 400;\" aria-level=\"1\"><a href=\"https:\/\/www.bymycar.fr\/webzine\/les-niveaux-de-conduites-autonomes\/\"><span style=\"font-weight: 400;\">Tout savoir sur les diff\u00e9rents niveaux de conduite autonome<\/span><\/a><\/li>\n<li style=\"font-weight: 400;\" aria-level=\"1\"><a href=\"https:\/\/www.bymycar.fr\/webzine\/conduite-de-vehicule\/\"><span style=\"font-weight: 400;\">Conduite de v\u00e9hicule : ma\u00eetriser ses fondamentaux<\/span><\/a><\/li>\n<li style=\"font-weight: 400;\" aria-level=\"1\"><a href=\"https:\/\/www.bymycar.fr\/v\/voiture-hybride-occasion\"><span style=\"font-weight: 400;\">Voiture hybride occasion<\/span><\/a><\/li>\n<li style=\"font-weight: 400;\" aria-level=\"1\"><a href=\"https:\/\/www.bymycar.fr\/webzine\/moteur-electrique-bymycar\/\"><span style=\"font-weight: 400;\">Comment fonctionne un moteur \u00e9lectrique de voiture ?<\/span><\/a><\/li>\n<\/ul>\n<p>&nbsp;<\/p>\n<p><strong><em>Voir aussi :\u00a0<\/em><\/strong><\/p>\n<ul>\n<li style=\"font-weight: 400;\" aria-level=\"1\"><a href=\"https:\/\/www.bymycar.fr\/webzine\/les-meilleures-voitures-hybrides-rechargeables-en-2023\/\"><span style=\"font-weight: 400;\">Top 10 des meilleures voitures hybrides rechargeables<\/span><\/a><\/li>\n<li aria-level=\"1\"><a href=\"https:\/\/www.bymycar.fr\/electrique\">Voitures \u00e9lectriques : une alternative rentable et \u00e9cologique<\/a><\/li>\n<li aria-level=\"1\"><a href=\"https:\/\/www.bymycar.fr\/webzine\/quest-ce-qui-caracterise-une-voiture-propre\/\">Qu\u2019est-ce qui caract\u00e9rise une voiture propre ?<\/a><\/li>\n<li aria-level=\"1\"><a href=\"https:\/\/www.bymycar.fr\/webzine\/acheter-une-voiture-essence-doccasion\/\">Acheter une voiture essence d\u2019occasion<\/a><\/li>\n<li aria-level=\"1\"><a href=\"https:\/\/www.bymycar.fr\/webzine\/quest-ce-quun-vehicule-thermique\/\">Qu\u2019est-ce qu\u2019un v\u00e9hicule thermique ?<\/a><\/li>\n<li aria-level=\"1\"><a href=\"https:\/\/www.bymycar.fr\/webzine\/ou-recharger-sa-voiture-electrique-4\/\">O\u00f9 recharger sa voiture \u00e9lectrique \u2013 BYmyCAR<\/a><\/li>\n<li aria-level=\"1\"><a href=\"https:\/\/www.bymycar.fr\/webzine\/batterie-auto-lesperance-de-vie-des-batteries-de-voitures-electriques\/\">Batterie auto : l\u2019esp\u00e9rance de vie des batteries de voitures \u00e9lectriques<\/a><\/li>\n<li aria-level=\"1\"><a href=\"https:\/\/www.bymycar.fr\/webzine\/offre-controle-technique\/\">Offre Contr\u00f4le Technique BYmyCAR<\/a><\/li>\n<li aria-level=\"1\"><a href=\"https:\/\/www.bymycar.fr\/webzine\/le-premier-niveau-dassistance-a-la-conduite\/\"><span>Le premier niveau d\u2019assistance \u00e0 la conduite<\/span><\/a><\/li>\n<li aria-level=\"1\"><a href=\"https:\/\/www.bymycar.fr\/webzine\/quelle-voiture-electrique-a-la-meilleure-autonomie\/\"><span>Quelle voiture \u00e9lectrique a la meilleure autonomie ?<\/span><\/a><\/li>\n<li aria-level=\"1\"><a href=\"https:\/\/www.bymycar.fr\/webzine\/electrique-ou-hybride\/\"><span>Voiture \u00e9lectrique ou hybride : quel v\u00e9hicule choisir ?<\/span><\/a><\/li>\n<li aria-level=\"1\"><a href=\"https:\/\/www.bymycar.fr\/v\/tesla-electrique-occasion\"><span>Tesla \u00e9lectrique occasion<\/span><\/a><\/li>\n<\/ul>\n","titre":"Tout savoir sur le march\u00e9 des bornes \u00e9lectriques","image":false,"image_libre":false,"image_800x500":false,"legende":"","zoom":false,"texte":"","articles":false,"categorie_droite":false,"images":false,"elements_comparatif":false,"texte_1":"","texte_2":"","image_1":false,"image_1_563x400":false,"image_1_332x332":false,"image_2":false,"image_2_333x240":false,"image_2_563x400":false,"image_3":false,"image_3_333x240":false,"image_3_332x450":false,"image_4":false,"image_4_332x332":false,"image_4_563x400":false,"code_embed":"","legende_video":"","photo":false,"photo_100x100":false,"nom":"","fonction":"","elements_timeline":false,"entetes_colonnes":false,"entetes_lignes":false,"lignes":false,"introduction":"","formulaire":false,"question":"","reponse":"","libelle_bouton_lien":"","url_lien":"","questions":false,"conclusions":false,"pays":false,"region":false,"marque":false,"marqueConcessions":false,"modele":false,"ptvente":false,"typeV":false,"collection":false,"nombre_maximum_elements":10,"lien_fin_carousel":"","texte_lien_fin_carousel":"","trier_par":false}],"is_old_post":false,"image":{"ID":41899,"id":41899,"title":"Audi A4 Avant","filename":"A195690_medium.jpg","filesize":300173,"url":"https:\/\/cdn.bymycar.eu\/fr-webzine\/wp-content\/uploads\/medias\/A195690_medium.jpg","link":"https:\/\/www.bymycar.fr\/webzine\/quelle-audi-a4-choisir-en-occasion\/audi-a4-avant-5\/","alt":"Audi A4 grise vue de profil","author":"88","description":"","caption":"Static photo,\nColor:Terra gray","name":"audi-a4-avant-5","status":"inherit","uploaded_to":41898,"date":"2023-07-25 13:35:21","modified":"2023-07-25 13:35:51","menu_order":0,"mime_type":"image\/jpeg","type":"image","subtype":"jpeg","icon":"https:\/\/www.bymycar.fr\/webzine\/wp-includes\/images\/media\/default.png","width":2560,"height":1441,"sizes":{"thumbnail":"https:\/\/cdn.bymycar.eu\/fr-webzine\/wp-content\/uploads\/medias\/A195690_medium-150x150.jpg","thumbnail-width":150,"thumbnail-height":150,"medium":"https:\/\/cdn.bymycar.eu\/fr-webzine\/wp-content\/uploads\/medias\/A195690_medium-300x169.jpg","medium-width":300,"medium-height":169,"medium_large":"https:\/\/cdn.bymycar.eu\/fr-webzine\/wp-content\/uploads\/medias\/A195690_medium-768x432.jpg","medium_large-width":768,"medium_large-height":432,"large":"https:\/\/cdn.bymycar.eu\/fr-webzine\/wp-content\/uploads\/medias\/A195690_medium-1024x576.jpg","large-width":1024,"large-height":576,"1536x1536":"https:\/\/cdn.bymycar.eu\/fr-webzine\/wp-content\/uploads\/medias\/A195690_medium-1536x864.jpg","1536x1536-width":1536,"1536x1536-height":864,"2048x2048":"https:\/\/cdn.bymycar.eu\/fr-webzine\/wp-content\/uploads\/medias\/A195690_medium-2048x1152.jpg","2048x2048-width":2048,"2048x2048-height":1152}},"page_content":{"block_content":[{"acf_fc_layout":"text-simple","--nav":{"-withNav":false,"-ancre":""},"--group":{"-text":"<h2><b>Qu&rsquo;est-ce qu&rsquo;une\u00a0borne \u00e9lectrique ?<\/b><\/h2>\n<p>Une borne \u00e9lectrique est le terme que l\u2019on utilise le plus fr\u00e9quemment pour d\u00e9signer une station de recharge \u00e9lectrique. Il s\u2019agit d\u2019un \u00e9quipement qui permet de recharger la batterie de sa voiture \u00e9lectrique en la branchant directement sur le courant. Les bornes de recharge sont des \u00e9quipements publics et sont accessibles \u00e0 tous. En France, il existe plusieurs fa\u00e7ons de recharger votre voiture \u00e9lectrique :<\/p>\n<ul>\n<li style=\"font-weight: 400;\" aria-level=\"1\">Via une borne de recharge publique<\/li>\n<li style=\"font-weight: 400;\" aria-level=\"1\">Via une prise domestique ou prise murale adapt\u00e9e<\/li>\n<li style=\"font-weight: 400;\" aria-level=\"1\">Via un chargeur embarqu\u00e9<\/li>\n<\/ul>\n<p>Quel est l&rsquo;\u00e9tat du march\u00e9 des bornes \u00e9lectriques en France ? Le d\u00e9ploiement de nouveaux points de recharge est-il pr\u00e9vu dans le futur ? Les acteurs de ce secteur, que proposent-ils ? Quelle est la meilleure solution de charge ? C&rsquo;est ce que nous allons voir maintenant.<\/p>\n<h2><b>Dans quel \u00e9tat est le\u00a0march\u00e9 des bornes \u00e9lectriques et de la recharge de v\u00e9hicules \u00e9lectriques en France ?<\/b><\/h2>\n<p>En France, le march\u00e9 des bornes \u00e9lectriques et de la recharge de v\u00e9hicules \u00e9lectriques se porte tr\u00e8s bien ! Les fabricants proposent de plus en plus de mod\u00e8les hybrides et \u00e9lectriques dans leur catalogue. C&rsquo;est pr\u00e8s de 100 000\u00a0bornes de recharge \u00e9lectriques qui sont accessibles au public en France. Selon les chiffres du gouvernement, la France compte pr\u00e8s de 14 500 bornes haute puissance, dont 7000 en ultra haute puissance (donc la puissance est sup\u00e9rieure \u00e0 150 kW). Ces bornes permettent une recharge en seulement 20 minutes et leur nombre ne fait qu\u2019augmenter. Preuve en est, leur nombre a \u00e9t\u00e9 multipli\u00e9 par 2 depuis le d\u00e9but de l\u2019ann\u00e9e 2023.<\/p>\n<p>Au total, la France compte plus de 1 400 000 points de recharge sur le territoire, en comptant les bornes priv\u00e9es d\u2019entreprises et celles des particuliers. Un nombre en pleine croissance d\u2019ann\u00e9e en ann\u00e9e.\u00a0Qu\u2019en est-il de la recharge \u00e0 domicile ? La recharge \u00e0 domicile est aujourd&rsquo;hui tr\u00e8s simple \u00e0 mettre en place, et les prix comp\u00e9titifs propos\u00e9s par les fournisseurs d\u2019\u00e9nergie permettent de faire des \u00e9conomies consid\u00e9rables. Installer une prise domestique se fait facilement et n\u2019est pas tr\u00e8s on\u00e9reux.<\/p>\n<p>Aujourd&rsquo;hui, avoir une voiture \u00e9lectrique et rouler de mani\u00e8re \u00e9cologique n\u2019est plus un luxe ! Avoir une mobilit\u00e9 verte est de nos jours bien plus accessible qu&rsquo;avant !\u00a0Le gouvernement fran\u00e7ais a pour objectif d&rsquo;acc\u00e9l\u00e9rer la cadence et de\u00a0proposer 400 000 points de recharge publique d\u2019ici \u00e0 2030. Il doit pour cela r\u00e9unir et coordonner les diff\u00e9rents acteurs de la recharge et de l&rsquo;\u00e9lectromobilit\u00e9. Des millions d\u2019euros sont pr\u00e9vus pour soutenir cette expansion du r\u00e9seau :<\/p>\n<ul>\n<li style=\"font-weight: 400;\" aria-level=\"1\">100 millions d\u2019euros du Plan de relance<\/li>\n<li style=\"font-weight: 400;\" aria-level=\"1\">300 millions d\u2019euros de France 2030 sont d\u00e9di\u00e9s aux stations de recharge rapide dans les m\u00e9tropoles et sur le territoire pour soutenir le d\u00e9veloppement de l&rsquo;activit\u00e9 des v\u00e9hicules \u00e9lectriques.<\/li>\n<\/ul>\n<p>Le r\u00e9seau fran\u00e7ais de bornes de recharge va continuer son d\u00e9ploiement dans les ann\u00e9es \u00e0 venir.<span style=\"font-weight: 400;\"><br \/>\n<\/span><\/p>\n<h2><b>March\u00e9 des bornes \u00e9lectriques : la recharge \u00e0 domicile<\/b><\/h2>\n<p>Comment recharger une voiture \u00e9lectrique \u00e0 domicile ? Est-ce possible ?\u00a0Bien s\u00fbr que oui ! Vous pouvez de nos jours recharger votre voiture \u00e9lectrique \u00e0 la maison, gr\u00e2ce \u00e0 une borne de recharge appel\u00e9e Wallbox. C\u2019est la meilleure solution pour recharger sa voiture \u00e9lectrique chez soi. Une prise murale renforc\u00e9e et adapt\u00e9e est \u00e9galement une possibilit\u00e9 : c\u2019est une solution interm\u00e9diaire entre une borne de recharge et une prise classique. Mais ce n\u2019est pas la solution la plus efficace, le temps de recharge est en g\u00e9n\u00e9ral assez long.<\/p>\n<p>Peut- on utiliser une prise de courant classique ? Non, il est fortement d\u00e9conseill\u00e9 de le faire, ce n\u2019est vraiment pas fait pour cela : le courant d\u00e9livr\u00e9 est trop faible sur une prise classique pour recharger une voiture \u00e9lectrique. Et surtout, ce n\u2019est pas du tout s\u00e9curis\u00e9 ! La prise pourrait surchauffer.<\/p>\n<h2><b>March\u00e9 des bornes \u00e9lectriques : la recharge en voirie<\/b><\/h2>\n<p>Il existe beaucoup de bornes \u00e9lectriques accessibles sur la voirie. Le gouvernement a rendu connue leur localisation pour faciliter la recharge des voitures \u00e9lectriques. Les\u00a0bornes de recharge<span style=\"font-weight: 400;\"> publique sont d\u2019une puissance de 3,7 kW \u00e0 22 kW.<\/span><\/p>\n<h2><b>March\u00e9 des bornes \u00e9lectriques : la recharge sur autoroute et sur route<\/b><\/h2>\n<p>Beaucoup de stations autorouti\u00e8res proposent des bornes de recharge \u00e9lectriques accessibles au public. Depuis mai 2021, Vinci Autoroute \u00e0 install\u00e9\u00a0plus de 220 points de recharge d\u2019une puissance comprise entre 150 et 350 kW. Des bornes qui permettent\u00a0la recharge rapide.<\/p>\n<h2><b>March\u00e9 des bornes \u00e9lectriques : la recharge en entreprise<\/b><\/h2>\n<p>Tout d\u00e9pend de la politique interne de l\u2019entreprise, si celle-ci souhaite s\u2019\u00e9quiper de\u00a0bornes de recharge, rien ne l&rsquo;en emp\u00eache. Certaines entreprises payent par exemple \u00e0 leurs employ\u00e9s le\u00a0co\u00fbt de la recharge.<\/p>\n<h2><b>March\u00e9 des bornes \u00e9lectriques : la recharge \u00e0 destination<\/b><\/h2>\n<p>La recharge \u00e0 destination est une solution propos\u00e9e par le constructeur am\u00e9ricain de voitures \u00e9lectriques Tesla. La marque propose pour l\u2019instant 40 000 Wall Connectors. Il est m\u00eame possible de recharger gratuitement sa Tesla hors des p\u00e9riodes de forte affluence (heures creuses). Ces bornes \u00e0 destination sont accessibles sur les parkings des h\u00f4tels ou sur votre prochain lieu de voyage qui sait ! Vous savez maintenant tout ce qu\u2019il faut savoir sur le\u00a0march\u00e9 des bornes \u00e9lectriques en France. Il faut souligner que les infrastructures pour recharger les voitures \u00e9lectriques sont de plus en plus nombreuses. Lisez notre article pour en savoir plus sur <a href=\"https:\/\/www.bymycar.fr\/webzine\/quelle-est-lautonomie-dune-voiture-electrique\/\">l\u2019autonomie d\u2019une\u00a0voiture \u00e9lectrique<\/a>.<\/p>\n<p>Besoin d\u2019une solution de financement pour acheter un nouveau v\u00e9hicule ? Pour acheter une <a href=\"https:\/\/www.bymycar.fr\/v\/voiture-occasion\">voiture d\u2019occasion<\/a> ou une\u00a0voiture neuve ? BYmyCAR vous propose au choix plusieurs cr\u00e9dits, un service de Location avec Option d\u2019Achat (LOA) ou un service de Location Longue Dur\u00e9e (LLD). Profitez de notre grande s\u00e9lection de v\u00e9hicules et achetez le mod\u00e8le de votre choix au meilleur prix. Consultez r\u00e9guli\u00e8rement notre site pour vous tenir au courant des derni\u00e8res\u00a0nouveaut\u00e9s du monde automobile !<\/p>\n<p>&nbsp;<\/p>\n<p style=\"text-align: center;\"><a href=\"https:\/\/www.bymycar.fr\/electrique\" target=\"_blank\" class=\"css-button css-button--gold\" ><br \/>\n                D\u00e9couvrez nos voitures \u00e9lectriques en stock &gt;<br \/>\n        <\/a><\/p>\n<p>&nbsp;<\/p>\n<p><strong><em>D\u00e9couvrez aussi :\u00a0<\/em><\/strong><\/p>\n<ul>\n<li style=\"font-weight: 400;\" aria-level=\"1\"><a href=\"https:\/\/www.bymycar.fr\/webzine\/nouveaux-vehicules\/\"><span style=\"font-weight: 400;\">Nouveaux v\u00e9hicules en 2023<\/span><\/a><\/li>\n<li style=\"font-weight: 400;\" aria-level=\"1\"><a href=\"https:\/\/www.bymycar.fr\/webzine\/voiture-occasion\/\"><span style=\"font-weight: 400;\">Achat d\u2019une voiture d\u2019occasion : le choix BYmyCAR<\/span><\/a><\/li>\n<li style=\"font-weight: 400;\" aria-level=\"1\"><a href=\"https:\/\/www.bymycar.fr\/webzine\/la-technologie-electrique\/\"><span style=\"font-weight: 400;\">La technologie \u00e9lectrique<\/span><\/a><\/li>\n<li style=\"font-weight: 400;\" aria-level=\"1\"><a href=\"https:\/\/www.bymycar.fr\/webzine\/quelle-est-la-voiture-electrique-la-moins-chere\/\"><span style=\"font-weight: 400;\">Les voitures \u00e9lectriques les moins ch\u00e8res en 2023<\/span><\/a><\/li>\n<li style=\"font-weight: 400;\" aria-level=\"1\"><a href=\"https:\/\/www.bymycar.fr\/webzine\/voitures-electriques-testees\/\"><span style=\"font-weight: 400;\">Voitures \u00e9lectriques test\u00e9es\u00a0<\/span><\/a><\/li>\n<li style=\"font-weight: 400;\" aria-level=\"1\"><a href=\"https:\/\/www.bymycar.fr\/webzine\/la-tesla-model-x-grande-autonomie\/\"><span style=\"font-weight: 400;\">La Tesla Model X Grande autonomie<\/span><\/a><\/li>\n<li style=\"font-weight: 400;\" aria-level=\"1\"><a href=\"https:\/\/www.bymycar.fr\/webzine\/comment-eviter-les-pannes-de-batterie\/\"><span style=\"font-weight: 400;\">Comment \u00e9viter les pannes de batterie ?<\/span><\/a><\/li>\n<li style=\"font-weight: 400;\" aria-level=\"1\"><a href=\"https:\/\/www.bymycar.fr\/webzine\/niveaux-dautonomie\/\"><span style=\"font-weight: 400;\">Quels sont les diff\u00e9rents niveaux d\u2019autonomie d\u2019un v\u00e9hicule automobile ?<\/span><\/a><\/li>\n<li style=\"font-weight: 400;\" aria-level=\"1\"><a href=\"https:\/\/www.bymycar.fr\/webzine\/les-niveaux-de-conduites-autonomes\/\"><span style=\"font-weight: 400;\">Tout savoir sur les diff\u00e9rents niveaux de conduite autonome<\/span><\/a><\/li>\n<li style=\"font-weight: 400;\" aria-level=\"1\"><a href=\"https:\/\/www.bymycar.fr\/webzine\/conduite-de-vehicule\/\"><span style=\"font-weight: 400;\">Conduite de v\u00e9hicule : ma\u00eetriser ses fondamentaux<\/span><\/a><\/li>\n<li style=\"font-weight: 400;\" aria-level=\"1\"><a href=\"https:\/\/www.bymycar.fr\/v\/voiture-hybride-occasion\"><span style=\"font-weight: 400;\">Voiture hybride occasion<\/span><\/a><\/li>\n<li style=\"font-weight: 400;\" aria-level=\"1\"><a href=\"https:\/\/www.bymycar.fr\/webzine\/moteur-electrique-bymycar\/\"><span style=\"font-weight: 400;\">Comment fonctionne un moteur \u00e9lectrique de voiture ?<\/span><\/a><\/li>\n<\/ul>\n<p>&nbsp;<\/p>\n<p><strong><em>Voir aussi :\u00a0<\/em><\/strong><\/p>\n<ul>\n<li style=\"font-weight: 400;\" aria-level=\"1\"><a href=\"https:\/\/www.bymycar.fr\/webzine\/les-meilleures-voitures-hybrides-rechargeables-en-2023\/\"><span style=\"font-weight: 400;\">Top 10 des meilleures voitures hybrides rechargeables<\/span><\/a><\/li>\n<li aria-level=\"1\"><a href=\"https:\/\/www.bymycar.fr\/electrique\">Voitures \u00e9lectriques : une alternative rentable et \u00e9cologique<\/a><\/li>\n<li aria-level=\"1\"><a href=\"https:\/\/www.bymycar.fr\/webzine\/quest-ce-qui-caracterise-une-voiture-propre\/\">Qu\u2019est-ce qui caract\u00e9rise une voiture propre ?<\/a><\/li>\n<li aria-level=\"1\"><a href=\"https:\/\/www.bymycar.fr\/webzine\/acheter-une-voiture-essence-doccasion\/\">Acheter une voiture essence d\u2019occasion<\/a><\/li>\n<li aria-level=\"1\"><a href=\"https:\/\/www.bymycar.fr\/webzine\/quest-ce-quun-vehicule-thermique\/\">Qu\u2019est-ce qu\u2019un v\u00e9hicule thermique ?<\/a><\/li>\n<li aria-level=\"1\"><a href=\"https:\/\/www.bymycar.fr\/webzine\/ou-recharger-sa-voiture-electrique-4\/\">O\u00f9 recharger sa voiture \u00e9lectrique \u2013 BYmyCAR<\/a><\/li>\n<li aria-level=\"1\"><a href=\"https:\/\/www.bymycar.fr\/webzine\/batterie-auto-lesperance-de-vie-des-batteries-de-voitures-electriques\/\">Batterie auto : l\u2019esp\u00e9rance de vie des batteries de voitures \u00e9lectriques<\/a><\/li>\n<li aria-level=\"1\"><a href=\"https:\/\/www.bymycar.fr\/webzine\/offre-controle-technique\/\">Offre Contr\u00f4le Technique BYmyCAR<\/a><\/li>\n<li aria-level=\"1\"><a href=\"https:\/\/www.bymycar.fr\/webzine\/le-premier-niveau-dassistance-a-la-conduite\/\"><span>Le premier niveau d\u2019assistance \u00e0 la conduite<\/span><\/a><\/li>\n<li aria-level=\"1\"><a href=\"https:\/\/www.bymycar.fr\/webzine\/quelle-voiture-electrique-a-la-meilleure-autonomie\/\"><span>Quelle voiture \u00e9lectrique a la meilleure autonomie ?<\/span><\/a><\/li>\n<li aria-level=\"1\"><a href=\"https:\/\/www.bymycar.fr\/webzine\/electrique-ou-hybride\/\"><span>Voiture \u00e9lectrique ou hybride : quel v\u00e9hicule choisir ?<\/span><\/a><\/li>\n<li aria-level=\"1\"><a href=\"https:\/\/www.bymycar.fr\/v\/tesla-electrique-occasion\"><span>Tesla \u00e9lectrique occasion<\/span><\/a><\/li>\n<\/ul>\n"}}]},"add-carousel-to-footer":true},"yoast_head":"<!-- This site is optimized with the Yoast SEO Premium plugin v26.4 (Yoast SEO v26.4) - https:\/\/yoast.com\/wordpress\/plugins\/seo\/ -->\n<title>Tout savoir sur le march\u00e9 des bornes \u00e9lectriques - BYmyCAR<\/title>\n<meta name=\"description\" content=\"Lisez notre article pour tout savoir sur le march\u00e9 des bornes \u00e9lectriques en France. D\u00e9couvrez les meilleures solutions pour recharger votre voiture \u00e9lectrique\" \/>\n<meta name=\"robots\" content=\"index, follow, max-snippet:-1, max-image-preview:large, max-video-preview:-1\" \/>\n<link rel=\"canonical\" href=\"https:\/\/www.bymycar.fr\/webzine\/tout-savoir-sur-le-marche-des-bornes-electriques\/\" \/>\n<meta property=\"og:locale\" content=\"fr_FR\" \/>\n<meta property=\"og:type\" content=\"article\" \/>\n<meta property=\"og:title\" content=\"Tout savoir sur le march\u00e9 des bornes \u00e9lectriques\" \/>\n<meta property=\"og:description\" content=\"Lisez notre article pour tout savoir sur le march\u00e9 des bornes \u00e9lectriques en France. D\u00e9couvrez les meilleures solutions pour recharger votre voiture \u00e9lectrique\" \/>\n<meta property=\"og:url\" content=\"https:\/\/www.bymycar.fr\/webzine\/tout-savoir-sur-le-marche-des-bornes-electriques\/\" \/>\n<meta property=\"og:site_name\" content=\"Webzine auto BYmyCAR\" \/>\n<meta property=\"article:published_time\" content=\"2023-09-05T07:45:10+00:00\" \/>\n<meta property=\"article:modified_time\" content=\"2026-04-13T15:47:49+00:00\" \/>\n<meta property=\"og:image\" content=\"https:\/\/cdn.bymycar.eu\/fr-webzine\/wp-content\/uploads\/medias\/A195690_medium.jpg\" \/>\n\t<meta property=\"og:image:width\" content=\"2560\" \/>\n\t<meta property=\"og:image:height\" content=\"1441\" \/>\n\t<meta property=\"og:image:type\" content=\"image\/jpeg\" \/>\n<meta name=\"author\" content=\"La R\u00e9daction BYmyCAR\" \/>\n<meta name=\"twitter:card\" content=\"summary_large_image\" \/>\n<meta name=\"twitter:label1\" content=\"\u00c9crit par\" \/>\n\t<meta name=\"twitter:data1\" content=\"La R\u00e9daction BYmyCAR\" \/>\n<script type=\"application\/ld+json\" class=\"yoast-schema-graph\">{\"@context\":\"https:\/\/schema.org\",\"@graph\":[{\"@type\":\"Article\",\"@id\":\"https:\/\/www.bymycar.fr\/webzine\/tout-savoir-sur-le-marche-des-bornes-electriques\/#article\",\"isPartOf\":{\"@id\":\"https:\/\/www.bymycar.fr\/webzine\/tout-savoir-sur-le-marche-des-bornes-electriques\/\"},\"author\":{\"name\":\"La R\u00e9daction BYmyCAR\",\"@id\":\"https:\/\/www.bymycar.fr\/webzine\/#\/schema\/person\/8d570fe11eb8929f06c1e6d00f4d9689\"},\"headline\":\"Tout savoir sur le march\u00e9 des bornes \u00e9lectriques\",\"datePublished\":\"2023-09-05T07:45:10+00:00\",\"dateModified\":\"2026-04-13T15:47:49+00:00\",\"mainEntityOfPage\":{\"@id\":\"https:\/\/www.bymycar.fr\/webzine\/tout-savoir-sur-le-marche-des-bornes-electriques\/\"},\"wordCount\":8,\"publisher\":{\"@id\":\"https:\/\/www.bymycar.fr\/webzine\/#organization\"},\"image\":{\"@id\":\"https:\/\/www.bymycar.fr\/webzine\/tout-savoir-sur-le-marche-des-bornes-electriques\/#primaryimage\"},\"thumbnailUrl\":\"https:\/\/cdn.bymycar.eu\/fr-webzine\/wp-content\/uploads\/medias\/A195690_medium.jpg\",\"articleSection\":[\"Voiture \u00e9lectrique\"],\"inLanguage\":\"fr-FR\"},{\"@type\":\"WebPage\",\"@id\":\"https:\/\/www.bymycar.fr\/webzine\/tout-savoir-sur-le-marche-des-bornes-electriques\/\",\"url\":\"https:\/\/www.bymycar.fr\/webzine\/tout-savoir-sur-le-marche-des-bornes-electriques\/\",\"name\":\"Tout savoir sur le march\u00e9 des bornes \u00e9lectriques - BYmyCAR\",\"isPartOf\":{\"@id\":\"https:\/\/www.bymycar.fr\/webzine\/#website\"},\"primaryImageOfPage\":{\"@id\":\"https:\/\/www.bymycar.fr\/webzine\/tout-savoir-sur-le-marche-des-bornes-electriques\/#primaryimage\"},\"image\":{\"@id\":\"https:\/\/www.bymycar.fr\/webzine\/tout-savoir-sur-le-marche-des-bornes-electriques\/#primaryimage\"},\"thumbnailUrl\":\"https:\/\/cdn.bymycar.eu\/fr-webzine\/wp-content\/uploads\/medias\/A195690_medium.jpg\",\"datePublished\":\"2023-09-05T07:45:10+00:00\",\"dateModified\":\"2026-04-13T15:47:49+00:00\",\"description\":\"Lisez notre article pour tout savoir sur le march\u00e9 des bornes \u00e9lectriques en France. D\u00e9couvrez les meilleures solutions pour recharger votre voiture \u00e9lectrique\",\"breadcrumb\":{\"@id\":\"https:\/\/www.bymycar.fr\/webzine\/tout-savoir-sur-le-marche-des-bornes-electriques\/#breadcrumb\"},\"inLanguage\":\"fr-FR\",\"potentialAction\":[{\"@type\":\"ReadAction\",\"target\":[\"https:\/\/www.bymycar.fr\/webzine\/tout-savoir-sur-le-marche-des-bornes-electriques\/\"]}]},{\"@type\":\"ImageObject\",\"inLanguage\":\"fr-FR\",\"@id\":\"https:\/\/www.bymycar.fr\/webzine\/tout-savoir-sur-le-marche-des-bornes-electriques\/#primaryimage\",\"url\":\"https:\/\/cdn.bymycar.eu\/fr-webzine\/wp-content\/uploads\/medias\/A195690_medium.jpg\",\"contentUrl\":\"https:\/\/cdn.bymycar.eu\/fr-webzine\/wp-content\/uploads\/medias\/A195690_medium.jpg\",\"width\":2560,\"height\":1441,\"caption\":\"Static photo, Color:Terra gray\"},{\"@type\":\"BreadcrumbList\",\"@id\":\"https:\/\/www.bymycar.fr\/webzine\/tout-savoir-sur-le-marche-des-bornes-electriques\/#breadcrumb\",\"itemListElement\":[{\"@type\":\"ListItem\",\"position\":1,\"name\":\"Accueil\",\"item\":\"https:\/\/www.bymycar.fr\/webzine\/\"},{\"@type\":\"ListItem\",\"position\":2,\"name\":\"Tout savoir sur le march\u00e9 des bornes \u00e9lectriques\"}]},{\"@type\":\"WebSite\",\"@id\":\"https:\/\/www.bymycar.fr\/webzine\/#website\",\"url\":\"https:\/\/www.bymycar.fr\/webzine\/\",\"name\":\"Webzine auto BYmyCAR\",\"description\":\"La magazine auto de BYmyCAR\",\"publisher\":{\"@id\":\"https:\/\/www.bymycar.fr\/webzine\/#organization\"},\"potentialAction\":[{\"@type\":\"SearchAction\",\"target\":{\"@type\":\"EntryPoint\",\"urlTemplate\":\"https:\/\/www.bymycar.fr\/webzine\/?s={search_term_string}\"},\"query-input\":{\"@type\":\"PropertyValueSpecification\",\"valueRequired\":true,\"valueName\":\"search_term_string\"}}],\"inLanguage\":\"fr-FR\"},{\"@type\":\"Organization\",\"@id\":\"https:\/\/www.bymycar.fr\/webzine\/#organization\",\"name\":\"BYmyCAR\",\"url\":\"https:\/\/www.bymycar.fr\/webzine\/\",\"logo\":{\"@type\":\"ImageObject\",\"inLanguage\":\"fr-FR\",\"@id\":\"https:\/\/www.bymycar.fr\/webzine\/#\/schema\/logo\/image\/\",\"url\":\"https:\/\/cdn.bymycar.eu\/fr-webzine\/wp-content\/uploads\/medias\/2017\/08\/logo_DEALER_00000406_001.png\",\"contentUrl\":\"https:\/\/cdn.bymycar.eu\/fr-webzine\/wp-content\/uploads\/medias\/2017\/08\/logo_DEALER_00000406_001.png\",\"width\":2132,\"height\":720,\"caption\":\"BYmyCAR\"},\"image\":{\"@id\":\"https:\/\/www.bymycar.fr\/webzine\/#\/schema\/logo\/image\/\"}},{\"@type\":\"Person\",\"@id\":\"https:\/\/www.bymycar.fr\/webzine\/#\/schema\/person\/8d570fe11eb8929f06c1e6d00f4d9689\",\"name\":\"La R\u00e9daction BYmyCAR\",\"image\":{\"@type\":\"ImageObject\",\"inLanguage\":\"fr-FR\",\"@id\":\"https:\/\/www.bymycar.fr\/webzine\/#\/schema\/person\/image\/\",\"url\":\"https:\/\/secure.gravatar.com\/avatar\/1aa6b039d0ce106989923af4e2d0f2a0c82bb070d5e449f1b9adf082a5863900?s=96&d=mm&r=g\",\"contentUrl\":\"https:\/\/secure.gravatar.com\/avatar\/1aa6b039d0ce106989923af4e2d0f2a0c82bb070d5e449f1b9adf082a5863900?s=96&d=mm&r=g\",\"caption\":\"La R\u00e9daction BYmyCAR\"},\"sameAs\":[\"https:\/\/www.bymycar.fr\/\"]}]}<\/script>\n<!-- \/ Yoast SEO Premium plugin. -->","yoast_head_json":{"title":"Tout savoir sur le march\u00e9 des bornes \u00e9lectriques - BYmyCAR","description":"Lisez notre article pour tout savoir sur le march\u00e9 des bornes \u00e9lectriques en France. D\u00e9couvrez les meilleures solutions pour recharger votre voiture \u00e9lectrique","robots":{"index":"index","follow":"follow","max-snippet":"max-snippet:-1","max-image-preview":"max-image-preview:large","max-video-preview":"max-video-preview:-1"},"canonical":"https:\/\/www.bymycar.fr\/webzine\/tout-savoir-sur-le-marche-des-bornes-electriques\/","og_locale":"fr_FR","og_type":"article","og_title":"Tout savoir sur le march\u00e9 des bornes \u00e9lectriques","og_description":"Lisez notre article pour tout savoir sur le march\u00e9 des bornes \u00e9lectriques en France. D\u00e9couvrez les meilleures solutions pour recharger votre voiture \u00e9lectrique","og_url":"https:\/\/www.bymycar.fr\/webzine\/tout-savoir-sur-le-marche-des-bornes-electriques\/","og_site_name":"Webzine auto BYmyCAR","article_published_time":"2023-09-05T07:45:10+00:00","article_modified_time":"2026-04-13T15:47:49+00:00","og_image":[{"width":2560,"height":1441,"url":"https:\/\/cdn.bymycar.eu\/fr-webzine\/wp-content\/uploads\/medias\/A195690_medium.jpg","type":"image\/jpeg"}],"author":"La R\u00e9daction BYmyCAR","twitter_card":"summary_large_image","twitter_misc":{"\u00c9crit par":"La R\u00e9daction BYmyCAR"},"schema":{"@context":"https:\/\/schema.org","@graph":[{"@type":"Article","@id":"https:\/\/www.bymycar.fr\/webzine\/tout-savoir-sur-le-marche-des-bornes-electriques\/#article","isPartOf":{"@id":"https:\/\/www.bymycar.fr\/webzine\/tout-savoir-sur-le-marche-des-bornes-electriques\/"},"author":{"name":"La R\u00e9daction BYmyCAR","@id":"https:\/\/www.bymycar.fr\/webzine\/#\/schema\/person\/8d570fe11eb8929f06c1e6d00f4d9689"},"headline":"Tout savoir sur le march\u00e9 des bornes \u00e9lectriques","datePublished":"2023-09-05T07:45:10+00:00","dateModified":"2026-04-13T15:47:49+00:00","mainEntityOfPage":{"@id":"https:\/\/www.bymycar.fr\/webzine\/tout-savoir-sur-le-marche-des-bornes-electriques\/"},"wordCount":8,"publisher":{"@id":"https:\/\/www.bymycar.fr\/webzine\/#organization"},"image":{"@id":"https:\/\/www.bymycar.fr\/webzine\/tout-savoir-sur-le-marche-des-bornes-electriques\/#primaryimage"},"thumbnailUrl":"https:\/\/cdn.bymycar.eu\/fr-webzine\/wp-content\/uploads\/medias\/A195690_medium.jpg","articleSection":["Voiture \u00e9lectrique"],"inLanguage":"fr-FR"},{"@type":"WebPage","@id":"https:\/\/www.bymycar.fr\/webzine\/tout-savoir-sur-le-marche-des-bornes-electriques\/","url":"https:\/\/www.bymycar.fr\/webzine\/tout-savoir-sur-le-marche-des-bornes-electriques\/","name":"Tout savoir sur le march\u00e9 des bornes \u00e9lectriques - BYmyCAR","isPartOf":{"@id":"https:\/\/www.bymycar.fr\/webzine\/#website"},"primaryImageOfPage":{"@id":"https:\/\/www.bymycar.fr\/webzine\/tout-savoir-sur-le-marche-des-bornes-electriques\/#primaryimage"},"image":{"@id":"https:\/\/www.bymycar.fr\/webzine\/tout-savoir-sur-le-marche-des-bornes-electriques\/#primaryimage"},"thumbnailUrl":"https:\/\/cdn.bymycar.eu\/fr-webzine\/wp-content\/uploads\/medias\/A195690_medium.jpg","datePublished":"2023-09-05T07:45:10+00:00","dateModified":"2026-04-13T15:47:49+00:00","description":"Lisez notre article pour tout savoir sur le march\u00e9 des bornes \u00e9lectriques en France. D\u00e9couvrez les meilleures solutions pour recharger votre voiture \u00e9lectrique","breadcrumb":{"@id":"https:\/\/www.bymycar.fr\/webzine\/tout-savoir-sur-le-marche-des-bornes-electriques\/#breadcrumb"},"inLanguage":"fr-FR","potentialAction":[{"@type":"ReadAction","target":["https:\/\/www.bymycar.fr\/webzine\/tout-savoir-sur-le-marche-des-bornes-electriques\/"]}]},{"@type":"ImageObject","inLanguage":"fr-FR","@id":"https:\/\/www.bymycar.fr\/webzine\/tout-savoir-sur-le-marche-des-bornes-electriques\/#primaryimage","url":"https:\/\/cdn.bymycar.eu\/fr-webzine\/wp-content\/uploads\/medias\/A195690_medium.jpg","contentUrl":"https:\/\/cdn.bymycar.eu\/fr-webzine\/wp-content\/uploads\/medias\/A195690_medium.jpg","width":2560,"height":1441,"caption":"Static photo, Color:Terra gray"},{"@type":"BreadcrumbList","@id":"https:\/\/www.bymycar.fr\/webzine\/tout-savoir-sur-le-marche-des-bornes-electriques\/#breadcrumb","itemListElement":[{"@type":"ListItem","position":1,"name":"Accueil","item":"https:\/\/www.bymycar.fr\/webzine\/"},{"@type":"ListItem","position":2,"name":"Tout savoir sur le march\u00e9 des bornes \u00e9lectriques"}]},{"@type":"WebSite","@id":"https:\/\/www.bymycar.fr\/webzine\/#website","url":"https:\/\/www.bymycar.fr\/webzine\/","name":"Webzine auto BYmyCAR","description":"La magazine auto de BYmyCAR","publisher":{"@id":"https:\/\/www.bymycar.fr\/webzine\/#organization"},"potentialAction":[{"@type":"SearchAction","target":{"@type":"EntryPoint","urlTemplate":"https:\/\/www.bymycar.fr\/webzine\/?s={search_term_string}"},"query-input":{"@type":"PropertyValueSpecification","valueRequired":true,"valueName":"search_term_string"}}],"inLanguage":"fr-FR"},{"@type":"Organization","@id":"https:\/\/www.bymycar.fr\/webzine\/#organization","name":"BYmyCAR","url":"https:\/\/www.bymycar.fr\/webzine\/","logo":{"@type":"ImageObject","inLanguage":"fr-FR","@id":"https:\/\/www.bymycar.fr\/webzine\/#\/schema\/logo\/image\/","url":"https:\/\/cdn.bymycar.eu\/fr-webzine\/wp-content\/uploads\/medias\/2017\/08\/logo_DEALER_00000406_001.png","contentUrl":"https:\/\/cdn.bymycar.eu\/fr-webzine\/wp-content\/uploads\/medias\/2017\/08\/logo_DEALER_00000406_001.png","width":2132,"height":720,"caption":"BYmyCAR"},"image":{"@id":"https:\/\/www.bymycar.fr\/webzine\/#\/schema\/logo\/image\/"}},{"@type":"Person","@id":"https:\/\/www.bymycar.fr\/webzine\/#\/schema\/person\/8d570fe11eb8929f06c1e6d00f4d9689","name":"La R\u00e9daction BYmyCAR","image":{"@type":"ImageObject","inLanguage":"fr-FR","@id":"https:\/\/www.bymycar.fr\/webzine\/#\/schema\/person\/image\/","url":"https:\/\/secure.gravatar.com\/avatar\/1aa6b039d0ce106989923af4e2d0f2a0c82bb070d5e449f1b9adf082a5863900?s=96&d=mm&r=g","contentUrl":"https:\/\/secure.gravatar.com\/avatar\/1aa6b039d0ce106989923af4e2d0f2a0c82bb070d5e449f1b9adf082a5863900?s=96&d=mm&r=g","caption":"La R\u00e9daction BYmyCAR"},"sameAs":["https:\/\/www.bymycar.fr\/"]}]}},"_links":{"self":[{"href":"https:\/\/www.bymycar.fr\/webzine\/wp-json\/wp\/v2\/posts\/42445","targetHints":{"allow":["GET"]}}],"collection":[{"href":"https:\/\/www.bymycar.fr\/webzine\/wp-json\/wp\/v2\/posts"}],"about":[{"href":"https:\/\/www.bymycar.fr\/webzine\/wp-json\/wp\/v2\/types\/post"}],"author":[{"embeddable":true,"href":"https:\/\/www.bymycar.fr\/webzine\/wp-json\/wp\/v2\/users\/88"}],"replies":[{"embeddable":true,"href":"https:\/\/www.bymycar.fr\/webzine\/wp-json\/wp\/v2\/comments?post=42445"}],"version-history":[{"count":9,"href":"https:\/\/www.bymycar.fr\/webzine\/wp-json\/wp\/v2\/posts\/42445\/revisions"}],"predecessor-version":[{"id":44470,"href":"https:\/\/www.bymycar.fr\/webzine\/wp-json\/wp\/v2\/posts\/42445\/revisions\/44470"}],"wp:featuredmedia":[{"embeddable":true,"href":"https:\/\/www.bymycar.fr\/webzine\/wp-json\/wp\/v2\/media\/41899"}],"wp:attachment":[{"href":"https:\/\/www.bymycar.fr\/webzine\/wp-json\/wp\/v2\/media?parent=42445"}],"wp:term":[{"taxonomy":"category","embeddable":true,"href":"https:\/\/www.bymycar.fr\/webzine\/wp-json\/wp\/v2\/categories?post=42445"},{"taxonomy":"post_tag","embeddable":true,"href":"https:\/\/www.bymycar.fr\/webzine\/wp-json\/wp\/v2\/tags?post=42445"}],"curies":[{"name":"wp","href":"https:\/\/api.w.org\/{rel}","templated":true}]}}