{"id":42004,"date":"2023-07-31T17:51:07","date_gmt":"2023-07-31T15:51:07","guid":{"rendered":"https:\/\/prod.bymycar.fr\/webzine\/?p=42004"},"modified":"2025-09-09T11:36:23","modified_gmt":"2025-09-09T09:36:23","slug":"faut-il-acheter-une-bmw-x5-doccasion","status":"publish","type":"post","link":"https:\/\/www.bymycar.fr\/webzine\/faut-il-acheter-une-bmw-x5-doccasion\/","title":{"rendered":"Faut-il acheter une BMW X5 d&rsquo;occasion ?"},"content":{"rendered":"","protected":false},"excerpt":{"rendered":"","protected":false},"author":88,"featured_media":42007,"comment_status":"closed","ping_status":"open","sticky":false,"template":"","format":"standard","meta":{"_acf_changed":false,"footnotes":""},"categories":[12984],"tags":[],"class_list":["post-42004","post","type-post","status-publish","format-standard","has-post-thumbnail","hentry","category-guide-dachat-bmw-x5-occasion"],"acf":{"template":"classique","introduction":"<p style=\"text-align: justify;\">La <a href=\"https:\/\/www.bymycar.fr\/marques\/bmw\/x5\" target=\"_blank\" rel=\"noopener\">BMW X5<\/a> est une voiture allemande tr\u00e8s populaire. Dans ce guide d&rsquo;achat, nous allons vous aider \u00e0 choisir le bon mod\u00e8le et vous donner des conseils pour bien acheter un BMW X5 d&rsquo;occasion.<\/p>\n","strates":[{"type_strate":"carousel-produits","ancre":"","contenu":"","titre":"Voir les v\u00e9hicules BMW X5 disponibles","image":false,"image_libre":false,"image_800x500":false,"legende":"","zoom":false,"texte":"","articles":false,"categorie_droite":false,"images":false,"elements_comparatif":false,"texte_1":"","texte_2":"","image_1":false,"image_1_563x400":false,"image_1_332x332":false,"image_2":false,"image_2_333x240":false,"image_2_563x400":false,"image_3":false,"image_3_333x240":false,"image_3_332x450":false,"image_4":false,"image_4_332x332":false,"image_4_563x400":false,"code_embed":"","legende_video":"","photo":false,"photo_100x100":false,"nom":"","fonction":"","elements_timeline":false,"entetes_colonnes":false,"entetes_lignes":false,"lignes":false,"introduction":"","formulaire":false,"question":"","reponse":"","libelle_bouton_lien":"","url_lien":"","questions":false,"conclusions":false,"pays":"1","region":"","marque":"7","marqueConcessions":false,"modele":"X-SERIES","ptvente":"","typeV":"","collection":"","nombre_maximum_elements":"4","lien_fin_carousel":"https:\/\/www.bymycar.fr\/v\/bmw-x5-occasion","texte_lien_fin_carousel":"voir plus ","trier_par":"prix"},{"type_strate":"texte-simple","ancre":"","contenu":"<h2 style=\"text-align: justify;\">La BMW X5 est-elle une bonne voiture ?<\/h2>\n<p style=\"text-align: justify;\">La <a href=\"https:\/\/www.bymycar.fr\/marques\/bmw\/x5\">BMW X5<\/a> est un grand<strong> SUV haut de gamme<\/strong>. Il profite d&rsquo;un excellent comportement routier, ce qui en fait un mod\u00e8le tr\u00e8s populaire aupr\u00e8s des gros rouleurs. Le <strong>X5<\/strong> est en effet capable d&rsquo;avaler les kilom\u00e8tres sur autoroute, gr\u00e2ce \u00e0 ses moteurs essence et diesel puissants.<\/p>\n<h3 style=\"text-align: justify;\">O\u00f9 est fabriqu\u00e9 le BMW X5 ?<\/h3>\n<p style=\"text-align: justify;\">Depuis le d\u00e9but de sa carri\u00e8re, le <a href=\"https:\/\/www.bymycar.fr\/v\/bmw-x5-occasion\">BMW X5<\/a> est assembl\u00e9 dans l&rsquo;usine <a href=\"https:\/\/www.bymycar.fr\/marques\/bmw\">BMW<\/a> de Spartanburg, en Caroline du Sud. Le X5 est produit aux \u00c9tats-Unis, aux c\u00f4t\u00e9s d&rsquo;autres SUV de la marque allemande, tels que les X3, <a href=\"https:\/\/www.bymycar.fr\/marques\/bmw\/x6\">X6<\/a> et X7. Des <strong>BMW X5<\/strong> destin\u00e9s \u00e0 d&rsquo;autres march\u00e9s sont aussi produits dans diff\u00e9rentes usines autour du monde, mais tous les X5 vendus en France ont \u00e9t\u00e9 produits en Am\u00e9rique du Nord.<\/p>\n<h3 style=\"text-align: justify;\">Le BMW X5 est-il un mod\u00e8le 7 places ?<\/h3>\n<p style=\"text-align: justify;\">Le <strong>BMW X5<\/strong> profite d&rsquo;une tr\u00e8s <strong>bonne habitabilit\u00e9 <\/strong>et d&rsquo;un large volume de coffre, si bien que la marque allemande a \u00e9t\u00e9 pouss\u00e9e \u00e0 en proposer une version sept places \u00e0 partir de la deuxi\u00e8me g\u00e9n\u00e9ration du SUV. La troisi\u00e8me rang\u00e9e de deux si\u00e8ges optionnelle est install\u00e9e dans le compartiment du coffre et se replie ais\u00e9ment pour charger des objets volumineux au besoin. Par ailleurs, <strong>BMW <\/strong>propose depuis peu un mod\u00e8le encore plus grand que le X5. Il s&rsquo;agit du SUV <a href=\"https:\/\/www.bymycar.fr\/marques\/bmw\/x7\">X7<\/a>, dont l&rsquo;habitabilit\u00e9 est immense.<\/p>\n<h3 style=\"text-align: justify;\">Le BMW X5 est-il un 4&#215;4 ?<\/h3>\n<p style=\"text-align: justify;\">La majorit\u00e9 des versions du <strong>BMW X5<\/strong> sont \u00e9quip\u00e9es de la <strong>transmission int\u00e9grale xDrive<\/strong>, faisant du mod\u00e8le un 4&#215;4. En fonction des g\u00e9n\u00e9rations, les motorisations d&rsquo;entr\u00e9e de gamme peuvent toutefois \u00eatre associ\u00e9es \u00e0 la transmission \u00e0 deux roues motrices sDrive. Ces mod\u00e8les sont alors des propulsions.<\/p>\n<h2 style=\"text-align: justify;\">Quel BMW X5 choisir ?<\/h2>\n<p style=\"text-align: justify;\">Le <strong>BMW X5<\/strong> est pr\u00e9sent depuis bient\u00f4t 25 ans sur le march\u00e9. Quatre g\u00e9n\u00e9rations ont \u00e9t\u00e9 produites et regroupent donc de tr\u00e8s nombreuses <strong>finitions <\/strong>et <strong>motorisations<\/strong>. On retrouve ainsi une multitude de versions du BMW X5, permettant \u00e0 tous les acheteurs de trouver le v\u00e9hicule d&rsquo;occasion de leurs r\u00eaves.<\/p>\n<h3 style=\"text-align: justify;\">Quel moteur choisir pour le BMW X5 E53 de 1999 ?<\/h3>\n<p style=\"text-align: justify;\">La <strong>premi\u00e8re g\u00e9n\u00e9ration de BMW X5<\/strong>, apparue en 1999, est connue sous le nom E53 par les passionn\u00e9s de la marque et les connaisseurs du mod\u00e8le. Elle est exclusivement disponible avec une transmission int\u00e9grale et des motorisations essence et diesel \u00e0 six cylindres en ligne ou V8.<\/p>\n<p style=\"text-align: justify;\">La tr\u00e8s grande majorit\u00e9 des mod\u00e8les sont \u00e9quip\u00e9s d&rsquo;une\u00a0<strong>bo\u00eete automatique<\/strong>, permettant d&rsquo;am\u00e9liorer le confort de conduite. Son moteur essence d&rsquo;entr\u00e9e de gamme est le bloc six cylindres en ligne atmosph\u00e9rique 3.0i de 231 ch. En diesel, l&rsquo;offre d\u00e9marre avec le six cylindres turbo 3.0d de 184 ch. La version la plus puissante du X5 E53 est la motorisation essence V8 atmosph\u00e9rique 4.8iS, forte de 360 ch tout de m\u00eame.<\/p>\n<h3 style=\"text-align: justify;\">Quel moteur choisir pour le BMW E70 de 2006 ?<\/h3>\n<p style=\"text-align: justify;\">La <strong>deuxi\u00e8me g\u00e9n\u00e9ration de BMW X3<\/strong>, nomm\u00e9e E70, am\u00e9liore encore le <strong>comportement routier<\/strong> du mod\u00e8le. Pour exploiter au mieux ce nouveau ch\u00e2ssis, elle re\u00e7oit des moteurs essence et diesel plus puissants. Les blocs essence comptent toujours six \u00e0 huit cylindres. Cependant, certains adoptent une suralimentation pour atteindre jusqu&rsquo;\u00e0 555 ch en version sportive X5 M, \u00e9quip\u00e9e d&rsquo;un V8 4,4 l biturbo. Le <strong>freinage<\/strong> est revu pour suivre les performances en hausse du X5.<\/p>\n<h3 style=\"text-align: justify;\">Quel moteur choisir pour le BMW F15 de 2013 ?<\/h3>\n<p style=\"text-align: justify;\">La <strong>troisi\u00e8me g\u00e9n\u00e9ration de BMW X5<\/strong>, appel\u00e9e F15, propose de nouveaux moteurs quatre cylindres, permettant de r\u00e9duire la <strong>consommation de carburant<\/strong> du mod\u00e8le. Ainsi, une version diesel d&rsquo;entr\u00e9e de gamme sDrive25d \u00e0 quatre cylindres voit le jour. Le X5 se d\u00e9cline \u00e9galement pour la premi\u00e8re fois en <strong>version hybride rechargeable<\/strong>. La motorisation xDrive40e iPerformance, c&rsquo;est son nom, est \u00e9quip\u00e9e d&rsquo;un bloc quatre cylindres turbo essence de 245 ch, associ\u00e9 \u00e0 un moteur \u00e9lectrique de 113 ch. L&rsquo;ensemble d\u00e9veloppe une puissance maximale cumul\u00e9e de 313 ch.<\/p>\n<h3 style=\"text-align: justify;\">Quel moteur choisir pour le BMW X5 G05 de 2018 ?<\/h3>\n<p style=\"text-align: justify;\">La derni\u00e8re mouture de <strong>BMW X5<\/strong>, connue sous le nom de code G05, abandonne les moteurs quatre cylindres de la g\u00e9n\u00e9ration pr\u00e9c\u00e9dente. Toutes les versions sont donc \u00e9quip\u00e9es de moteurs six cylindres en ligne ou V8. Son <strong>comportement routier<\/strong> et sa tenue de route sont encore perfectionn\u00e9s et sa <strong>direction <\/strong>est toujours plus pr\u00e9cise. Le X5 G05 propose encore des motorisations essence, diesel et hybride rechargeable, allant jusqu&rsquo;\u00e0 625 ch et 750 Nm de couple pour la version sportive X5 M Comp\u00e9tition.<\/p>\n<h3 style=\"text-align: justify;\">Quel est le BMW X5 le plus fiable ?<\/h3>\n<p style=\"text-align: justify;\">Tous les BMW X5 profitent d&rsquo;une <strong>excellente qualit\u00e9 de fabrication<\/strong>, participant \u00e0 leur offrir une longue dur\u00e9e de vie. Les <strong>moteurs essence et diesel<\/strong> sont donc sans d\u00e9fauts, \u00e0 condition de veiller \u00e0 ce que l&rsquo;<strong>entretien<\/strong> soit r\u00e9alis\u00e9 dans les d\u00e9lais indiqu\u00e9s par BMW.<\/p>\n<h2 style=\"text-align: justify;\">Quel BMW X5 d&rsquo;occasion pas cher co\u00fbte moins de 20 000 \u20ac ?<\/h2>\n<p style=\"text-align: justify;\">Un budget de 20 000 \u20ac sur son compte en banque permet d\u00e9j\u00e0 de s&rsquo;offrir de nombreuses versions et finitions du BMW X5 en <strong>seconde main<\/strong>. Les mod\u00e8les des <strong>premi\u00e8res ann\u00e9es<\/strong> se trouvent ainsi \u00e0 partir de 5 000 \u20ac* environ, avec plus de 200 000 km au compteur. Pour un mod\u00e8le de deuxi\u00e8me g\u00e9n\u00e9ration E70, il faut compter \u00e0 partir de 10 000 \u20ac*. Les prix de la troisi\u00e8me g\u00e9n\u00e9ration de X5 ne rentrent cependant pas dans un budget de 20 000 \u20ac*, puisqu&rsquo;il faut rajouter approximativement 5 000 \u20ac* minimum pour s&rsquo;en offrir un <strong>mod\u00e8le d&rsquo;occasion<\/strong>.<\/p>\n<h2 style=\"text-align: justify;\">Les mod\u00e8les de BMW X5 vendus par des particuliers en Allemagne sont-ils moins chers qu&rsquo;en France ?<\/h2>\n<p style=\"text-align: justify;\">\u00c0 motorisation et finition identique, les mod\u00e8les de <strong>BMW X5 d&rsquo;occasion<\/strong> sont l\u00e9g\u00e8rement moins chers en Allemagne qu&rsquo;en France. Toutefois, pour obtenir des plaques d&rsquo;immatriculation fran\u00e7aises, il est n\u00e9cessaire de se lancer dans des d\u00e9marches qui peuvent \u00eatre fastidieuses.<\/p>\n<p style=\"text-align: justify;\">Retrouvez nos v\u00e9hicules <a href=\"https:\/\/www.bymycar.fr\/v\/bmw-x5-occasion\" target=\"_blank\" rel=\"noopener\">BMW X5 disponibles<\/a> dans nos <a href=\"https:\/\/www.bymycar.fr\/concessions\/bmw\" target=\"_blank\" rel=\"noopener\">concessions BMW BYmyCAR<\/a>.<\/p>\n","titre":"t1","image":false,"image_libre":false,"image_800x500":false,"legende":"","zoom":false,"texte":"","articles":false,"categorie_droite":false,"images":false,"elements_comparatif":false,"texte_1":"","texte_2":"","image_1":false,"image_1_563x400":false,"image_1_332x332":false,"image_2":false,"image_2_333x240":false,"image_2_563x400":false,"image_3":false,"image_3_333x240":false,"image_3_332x450":false,"image_4":false,"image_4_332x332":false,"image_4_563x400":false,"code_embed":"","legende_video":"","photo":false,"photo_100x100":false,"nom":"","fonction":"","elements_timeline":false,"entetes_colonnes":false,"entetes_lignes":false,"lignes":false,"introduction":"","formulaire":false,"question":"","reponse":"","libelle_bouton_lien":"","url_lien":"","questions":false,"conclusions":false,"pays":false,"region":false,"marque":false,"marqueConcessions":false,"modele":false,"ptvente":false,"typeV":false,"collection":false,"nombre_maximum_elements":10,"lien_fin_carousel":"","texte_lien_fin_carousel":"","trier_par":false},{"type_strate":"carousel-produits","ancre":"","contenu":"","titre":"Voir une s\u00e9lection de v\u00e9hicules BMW X5 disponibles","image":false,"image_libre":false,"image_800x500":false,"legende":"","zoom":false,"texte":"","articles":false,"categorie_droite":false,"images":false,"elements_comparatif":false,"texte_1":"","texte_2":"","image_1":false,"image_1_563x400":false,"image_1_332x332":false,"image_2":false,"image_2_333x240":false,"image_2_563x400":false,"image_3":false,"image_3_333x240":false,"image_3_332x450":false,"image_4":false,"image_4_332x332":false,"image_4_563x400":false,"code_embed":"","legende_video":"","photo":false,"photo_100x100":false,"nom":"","fonction":"","elements_timeline":false,"entetes_colonnes":false,"entetes_lignes":false,"lignes":false,"introduction":"","formulaire":false,"question":"","reponse":"","libelle_bouton_lien":"","url_lien":"","questions":false,"conclusions":false,"pays":"1","region":"","marque":"7","marqueConcessions":false,"modele":"X-SERIES","ptvente":"","typeV":"","collection":"","nombre_maximum_elements":"4","lien_fin_carousel":"https:\/\/www.bymycar.fr\/v\/bmw-x5-occasion","texte_lien_fin_carousel":"Voir plus","trier_par":"nouveaute"},{"type_strate":"texte-simple","ancre":"","contenu":"<p>\u00c0 lire \u00e9galement :<\/p>\n<p><a href=\"https:\/\/www.bymycar.fr\/webzine\/combien-coute-un-bmw-x5-doccasion-pas-cher\/\">Combien co\u00fbte un BMW X5 d&rsquo;occasion pas cher ?<\/a><\/p>\n<p><a href=\"https:\/\/www.bymycar.fr\/webzine\/combien-de-temps-pour-vendre-une-bmw-x5-doccasion\/\">Combien de temps pour vendre une bmw x5 d&rsquo;occasion ?<\/a><\/p>\n<p><a href=\"https:\/\/www.bymycar.fr\/webzine\/quel-bmw-x5-doccasion-choisir\/\">Quelle bmw d&rsquo;occasion choisir ?<\/a><\/p>\n<p>&nbsp;<\/p>\n<p>&nbsp;<\/p>\n","titre":"T2","image":false,"image_libre":false,"image_800x500":false,"legende":"","zoom":false,"texte":"","articles":false,"categorie_droite":false,"images":false,"elements_comparatif":false,"texte_1":"","texte_2":"","image_1":false,"image_1_563x400":false,"image_1_332x332":false,"image_2":false,"image_2_333x240":false,"image_2_563x400":false,"image_3":false,"image_3_333x240":false,"image_3_332x450":false,"image_4":false,"image_4_332x332":false,"image_4_563x400":false,"code_embed":"","legende_video":"","photo":false,"photo_100x100":false,"nom":"","fonction":"","elements_timeline":false,"entetes_colonnes":false,"entetes_lignes":false,"lignes":false,"introduction":"","formulaire":false,"question":"","reponse":"","libelle_bouton_lien":"","url_lien":"","questions":false,"conclusions":false,"pays":false,"region":false,"marque":false,"marqueConcessions":false,"modele":false,"ptvente":false,"typeV":false,"collection":false,"nombre_maximum_elements":10,"lien_fin_carousel":"","texte_lien_fin_carousel":"","trier_par":false}],"is_old_post":false,"image":{"ID":42007,"id":42007,"title":"P90489799_highRes_the-new-bmw-x5-xdriv","filename":"P90489799_highRes_the-new-bmw-x5-xdriv.jpg","filesize":932066,"url":"https:\/\/cdn.bymycar.eu\/fr-webzine\/wp-content\/uploads\/medias\/P90489799_highRes_the-new-bmw-x5-xdriv.jpg","link":"https:\/\/www.bymycar.fr\/webzine\/faut-il-acheter-une-bmw-x5-doccasion\/p90489799_highres_the-new-bmw-x5-xdriv\/","alt":"","author":"88","description":"","caption":"","name":"p90489799_highres_the-new-bmw-x5-xdriv","status":"inherit","uploaded_to":42004,"date":"2023-07-31 15:42:03","modified":"2023-07-31 15:42:03","menu_order":0,"mime_type":"image\/jpeg","type":"image","subtype":"jpeg","icon":"https:\/\/www.bymycar.fr\/webzine\/wp-includes\/images\/media\/default.png","width":2560,"height":1707,"sizes":{"thumbnail":"https:\/\/cdn.bymycar.eu\/fr-webzine\/wp-content\/uploads\/medias\/P90489799_highRes_the-new-bmw-x5-xdriv-150x150.jpg","thumbnail-width":150,"thumbnail-height":150,"medium":"https:\/\/cdn.bymycar.eu\/fr-webzine\/wp-content\/uploads\/medias\/P90489799_highRes_the-new-bmw-x5-xdriv-300x200.jpg","medium-width":300,"medium-height":200,"medium_large":"https:\/\/cdn.bymycar.eu\/fr-webzine\/wp-content\/uploads\/medias\/P90489799_highRes_the-new-bmw-x5-xdriv-768x512.jpg","medium_large-width":768,"medium_large-height":512,"large":"https:\/\/cdn.bymycar.eu\/fr-webzine\/wp-content\/uploads\/medias\/P90489799_highRes_the-new-bmw-x5-xdriv-1024x683.jpg","large-width":1024,"large-height":683,"1536x1536":"https:\/\/cdn.bymycar.eu\/fr-webzine\/wp-content\/uploads\/medias\/P90489799_highRes_the-new-bmw-x5-xdriv-1536x1024.jpg","1536x1536-width":1536,"1536x1536-height":1024,"2048x2048":"https:\/\/cdn.bymycar.eu\/fr-webzine\/wp-content\/uploads\/medias\/P90489799_highRes_the-new-bmw-x5-xdriv-2048x1365.jpg","2048x2048-width":2048,"2048x2048-height":1365}},"page_content":{"block_content":[{"acf_fc_layout":"carousel-produits"},{"acf_fc_layout":"text-simple","--nav":{"-withNav":false,"-ancre":""},"--group":{"-text":"<h2 style=\"text-align: justify;\">La BMW X5 est-elle une bonne voiture ?<\/h2>\n<p style=\"text-align: justify;\">La <a href=\"https:\/\/www.bymycar.fr\/marques\/bmw\/x5\">BMW X5<\/a> est un grand<strong> SUV haut de gamme<\/strong>. Il profite d&rsquo;un excellent comportement routier, ce qui en fait un mod\u00e8le tr\u00e8s populaire aupr\u00e8s des gros rouleurs. Le <strong>X5<\/strong> est en effet capable d&rsquo;avaler les kilom\u00e8tres sur autoroute, gr\u00e2ce \u00e0 ses moteurs essence et diesel puissants.<\/p>\n<h3 style=\"text-align: justify;\">O\u00f9 est fabriqu\u00e9 le BMW X5 ?<\/h3>\n<p style=\"text-align: justify;\">Depuis le d\u00e9but de sa carri\u00e8re, le <a href=\"https:\/\/www.bymycar.fr\/v\/bmw-x5-occasion\">BMW X5<\/a> est assembl\u00e9 dans l&rsquo;usine <a href=\"https:\/\/www.bymycar.fr\/marques\/bmw\">BMW<\/a> de Spartanburg, en Caroline du Sud. Le X5 est produit aux \u00c9tats-Unis, aux c\u00f4t\u00e9s d&rsquo;autres SUV de la marque allemande, tels que les X3, <a href=\"https:\/\/www.bymycar.fr\/marques\/bmw\/x6\">X6<\/a> et X7. Des <strong>BMW X5<\/strong> destin\u00e9s \u00e0 d&rsquo;autres march\u00e9s sont aussi produits dans diff\u00e9rentes usines autour du monde, mais tous les X5 vendus en France ont \u00e9t\u00e9 produits en Am\u00e9rique du Nord.<\/p>\n<h3 style=\"text-align: justify;\">Le BMW X5 est-il un mod\u00e8le 7 places ?<\/h3>\n<p style=\"text-align: justify;\">Le <strong>BMW X5<\/strong> profite d&rsquo;une tr\u00e8s <strong>bonne habitabilit\u00e9 <\/strong>et d&rsquo;un large volume de coffre, si bien que la marque allemande a \u00e9t\u00e9 pouss\u00e9e \u00e0 en proposer une version sept places \u00e0 partir de la deuxi\u00e8me g\u00e9n\u00e9ration du SUV. La troisi\u00e8me rang\u00e9e de deux si\u00e8ges optionnelle est install\u00e9e dans le compartiment du coffre et se replie ais\u00e9ment pour charger des objets volumineux au besoin. Par ailleurs, <strong>BMW <\/strong>propose depuis peu un mod\u00e8le encore plus grand que le X5. Il s&rsquo;agit du SUV <a href=\"https:\/\/www.bymycar.fr\/marques\/bmw\/x7\">X7<\/a>, dont l&rsquo;habitabilit\u00e9 est immense.<\/p>\n<h3 style=\"text-align: justify;\">Le BMW X5 est-il un 4&#215;4 ?<\/h3>\n<p style=\"text-align: justify;\">La majorit\u00e9 des versions du <strong>BMW X5<\/strong> sont \u00e9quip\u00e9es de la <strong>transmission int\u00e9grale xDrive<\/strong>, faisant du mod\u00e8le un 4&#215;4. En fonction des g\u00e9n\u00e9rations, les motorisations d&rsquo;entr\u00e9e de gamme peuvent toutefois \u00eatre associ\u00e9es \u00e0 la transmission \u00e0 deux roues motrices sDrive. Ces mod\u00e8les sont alors des propulsions.<\/p>\n<h2 style=\"text-align: justify;\">Quel BMW X5 choisir ?<\/h2>\n<p style=\"text-align: justify;\">Le <strong>BMW X5<\/strong> est pr\u00e9sent depuis bient\u00f4t 25 ans sur le march\u00e9. Quatre g\u00e9n\u00e9rations ont \u00e9t\u00e9 produites et regroupent donc de tr\u00e8s nombreuses <strong>finitions <\/strong>et <strong>motorisations<\/strong>. On retrouve ainsi une multitude de versions du BMW X5, permettant \u00e0 tous les acheteurs de trouver le v\u00e9hicule d&rsquo;occasion de leurs r\u00eaves.<\/p>\n<h3 style=\"text-align: justify;\">Quel moteur choisir pour le BMW X5 E53 de 1999 ?<\/h3>\n<p style=\"text-align: justify;\">La <strong>premi\u00e8re g\u00e9n\u00e9ration de BMW X5<\/strong>, apparue en 1999, est connue sous le nom E53 par les passionn\u00e9s de la marque et les connaisseurs du mod\u00e8le. Elle est exclusivement disponible avec une transmission int\u00e9grale et des motorisations essence et diesel \u00e0 six cylindres en ligne ou V8.<\/p>\n<p style=\"text-align: justify;\">La tr\u00e8s grande majorit\u00e9 des mod\u00e8les sont \u00e9quip\u00e9s d&rsquo;une\u00a0<strong>bo\u00eete automatique<\/strong>, permettant d&rsquo;am\u00e9liorer le confort de conduite. Son moteur essence d&rsquo;entr\u00e9e de gamme est le bloc six cylindres en ligne atmosph\u00e9rique 3.0i de 231 ch. En diesel, l&rsquo;offre d\u00e9marre avec le six cylindres turbo 3.0d de 184 ch. La version la plus puissante du X5 E53 est la motorisation essence V8 atmosph\u00e9rique 4.8iS, forte de 360 ch tout de m\u00eame.<\/p>\n<h3 style=\"text-align: justify;\">Quel moteur choisir pour le BMW E70 de 2006 ?<\/h3>\n<p style=\"text-align: justify;\">La <strong>deuxi\u00e8me g\u00e9n\u00e9ration de BMW X3<\/strong>, nomm\u00e9e E70, am\u00e9liore encore le <strong>comportement routier<\/strong> du mod\u00e8le. Pour exploiter au mieux ce nouveau ch\u00e2ssis, elle re\u00e7oit des moteurs essence et diesel plus puissants. Les blocs essence comptent toujours six \u00e0 huit cylindres. Cependant, certains adoptent une suralimentation pour atteindre jusqu&rsquo;\u00e0 555 ch en version sportive X5 M, \u00e9quip\u00e9e d&rsquo;un V8 4,4 l biturbo. Le <strong>freinage<\/strong> est revu pour suivre les performances en hausse du X5.<\/p>\n<h3 style=\"text-align: justify;\">Quel moteur choisir pour le BMW F15 de 2013 ?<\/h3>\n<p style=\"text-align: justify;\">La <strong>troisi\u00e8me g\u00e9n\u00e9ration de BMW X5<\/strong>, appel\u00e9e F15, propose de nouveaux moteurs quatre cylindres, permettant de r\u00e9duire la <strong>consommation de carburant<\/strong> du mod\u00e8le. Ainsi, une version diesel d&rsquo;entr\u00e9e de gamme sDrive25d \u00e0 quatre cylindres voit le jour. Le X5 se d\u00e9cline \u00e9galement pour la premi\u00e8re fois en <strong>version hybride rechargeable<\/strong>. La motorisation xDrive40e iPerformance, c&rsquo;est son nom, est \u00e9quip\u00e9e d&rsquo;un bloc quatre cylindres turbo essence de 245 ch, associ\u00e9 \u00e0 un moteur \u00e9lectrique de 113 ch. L&rsquo;ensemble d\u00e9veloppe une puissance maximale cumul\u00e9e de 313 ch.<\/p>\n<h3 style=\"text-align: justify;\">Quel moteur choisir pour le BMW X5 G05 de 2018 ?<\/h3>\n<p style=\"text-align: justify;\">La derni\u00e8re mouture de <strong>BMW X5<\/strong>, connue sous le nom de code G05, abandonne les moteurs quatre cylindres de la g\u00e9n\u00e9ration pr\u00e9c\u00e9dente. Toutes les versions sont donc \u00e9quip\u00e9es de moteurs six cylindres en ligne ou V8. Son <strong>comportement routier<\/strong> et sa tenue de route sont encore perfectionn\u00e9s et sa <strong>direction <\/strong>est toujours plus pr\u00e9cise. Le X5 G05 propose encore des motorisations essence, diesel et hybride rechargeable, allant jusqu&rsquo;\u00e0 625 ch et 750 Nm de couple pour la version sportive X5 M Comp\u00e9tition.<\/p>\n<h3 style=\"text-align: justify;\">Quel est le BMW X5 le plus fiable ?<\/h3>\n<p style=\"text-align: justify;\">Tous les BMW X5 profitent d&rsquo;une <strong>excellente qualit\u00e9 de fabrication<\/strong>, participant \u00e0 leur offrir une longue dur\u00e9e de vie. Les <strong>moteurs essence et diesel<\/strong> sont donc sans d\u00e9fauts, \u00e0 condition de veiller \u00e0 ce que l&rsquo;<strong>entretien<\/strong> soit r\u00e9alis\u00e9 dans les d\u00e9lais indiqu\u00e9s par BMW.<\/p>\n<h2 style=\"text-align: justify;\">Quel BMW X5 d&rsquo;occasion pas cher co\u00fbte moins de 20 000 \u20ac ?<\/h2>\n<p style=\"text-align: justify;\">Un budget de 20 000 \u20ac sur son compte en banque permet d\u00e9j\u00e0 de s&rsquo;offrir de nombreuses versions et finitions du BMW X5 en <strong>seconde main<\/strong>. Les mod\u00e8les des <strong>premi\u00e8res ann\u00e9es<\/strong> se trouvent ainsi \u00e0 partir de 5 000 \u20ac* environ, avec plus de 200 000 km au compteur. Pour un mod\u00e8le de deuxi\u00e8me g\u00e9n\u00e9ration E70, il faut compter \u00e0 partir de 10 000 \u20ac*. Les prix de la troisi\u00e8me g\u00e9n\u00e9ration de X5 ne rentrent cependant pas dans un budget de 20 000 \u20ac*, puisqu&rsquo;il faut rajouter approximativement 5 000 \u20ac* minimum pour s&rsquo;en offrir un <strong>mod\u00e8le d&rsquo;occasion<\/strong>.<\/p>\n<h2 style=\"text-align: justify;\">Les mod\u00e8les de BMW X5 vendus par des particuliers en Allemagne sont-ils moins chers qu&rsquo;en France ?<\/h2>\n<p style=\"text-align: justify;\">\u00c0 motorisation et finition identique, les mod\u00e8les de <strong>BMW X5 d&rsquo;occasion<\/strong> sont l\u00e9g\u00e8rement moins chers en Allemagne qu&rsquo;en France. Toutefois, pour obtenir des plaques d&rsquo;immatriculation fran\u00e7aises, il est n\u00e9cessaire de se lancer dans des d\u00e9marches qui peuvent \u00eatre fastidieuses.<\/p>\n<p style=\"text-align: justify;\">Retrouvez nos v\u00e9hicules <a href=\"https:\/\/www.bymycar.fr\/v\/bmw-x5-occasion\" target=\"_blank\" rel=\"noopener\">BMW X5 disponibles<\/a> dans nos <a href=\"https:\/\/www.bymycar.fr\/concessions\/bmw\" target=\"_blank\" rel=\"noopener\">concessions BMW BYmyCAR<\/a>.<\/p>\n"}},{"acf_fc_layout":"carousel-produits"},{"acf_fc_layout":"text-simple","--nav":{"-withNav":false,"-ancre":""},"--group":{"-text":"<p>\u00c0 lire \u00e9galement :<\/p>\n<p><a href=\"https:\/\/www.bymycar.fr\/webzine\/combien-coute-un-bmw-x5-doccasion-pas-cher\/\">Combien co\u00fbte un BMW X5 d&rsquo;occasion pas cher ?<\/a><\/p>\n<p><a href=\"https:\/\/www.bymycar.fr\/webzine\/combien-de-temps-pour-vendre-une-bmw-x5-doccasion\/\">Combien de temps pour vendre une bmw x5 d&rsquo;occasion ?<\/a><\/p>\n<p><a href=\"https:\/\/www.bymycar.fr\/webzine\/quel-bmw-x5-doccasion-choisir\/\">Quelle bmw d&rsquo;occasion choisir ?<\/a><\/p>\n<p>&nbsp;<\/p>\n<p>&nbsp;<\/p>\n"}}]},"add-carousel-to-footer":true},"yoast_head":"<!-- This site is optimized with the Yoast SEO Premium plugin v26.4 (Yoast SEO v26.4) - https:\/\/yoast.com\/wordpress\/plugins\/seo\/ -->\n<title>Faut-il acheter une BMW X5 d&#039;occasion ?<\/title>\n<meta name=\"robots\" content=\"index, follow, max-snippet:-1, max-image-preview:large, max-video-preview:-1\" \/>\n<link rel=\"canonical\" href=\"https:\/\/www.bymycar.fr\/webzine\/faut-il-acheter-une-bmw-x5-doccasion\/\" \/>\n<meta property=\"og:locale\" content=\"fr_FR\" \/>\n<meta property=\"og:type\" content=\"article\" \/>\n<meta property=\"og:title\" content=\"Faut-il acheter une BMW X5 d&#039;occasion ?\" \/>\n<meta property=\"og:url\" content=\"https:\/\/www.bymycar.fr\/webzine\/faut-il-acheter-une-bmw-x5-doccasion\/\" \/>\n<meta property=\"og:site_name\" content=\"Webzine auto BYmyCAR\" \/>\n<meta property=\"article:published_time\" content=\"2023-07-31T15:51:07+00:00\" \/>\n<meta property=\"article:modified_time\" content=\"2025-09-09T09:36:23+00:00\" \/>\n<meta property=\"og:image\" content=\"https:\/\/cdn.bymycar.eu\/fr-webzine\/wp-content\/uploads\/medias\/P90489799_highRes_the-new-bmw-x5-xdriv.jpg\" \/>\n\t<meta property=\"og:image:width\" content=\"2560\" \/>\n\t<meta property=\"og:image:height\" content=\"1707\" \/>\n\t<meta property=\"og:image:type\" content=\"image\/jpeg\" \/>\n<meta name=\"author\" content=\"La R\u00e9daction BYmyCAR\" \/>\n<meta name=\"twitter:card\" content=\"summary_large_image\" \/>\n<meta name=\"twitter:label1\" content=\"\u00c9crit par\" \/>\n\t<meta name=\"twitter:data1\" content=\"La R\u00e9daction BYmyCAR\" \/>\n<script type=\"application\/ld+json\" class=\"yoast-schema-graph\">{\"@context\":\"https:\/\/schema.org\",\"@graph\":[{\"@type\":\"Article\",\"@id\":\"https:\/\/www.bymycar.fr\/webzine\/faut-il-acheter-une-bmw-x5-doccasion\/#article\",\"isPartOf\":{\"@id\":\"https:\/\/www.bymycar.fr\/webzine\/faut-il-acheter-une-bmw-x5-doccasion\/\"},\"author\":{\"name\":\"La R\u00e9daction BYmyCAR\",\"@id\":\"https:\/\/www.bymycar.fr\/webzine\/#\/schema\/person\/8d570fe11eb8929f06c1e6d00f4d9689\"},\"headline\":\"Faut-il acheter une BMW X5 d&rsquo;occasion ?\",\"datePublished\":\"2023-07-31T15:51:07+00:00\",\"dateModified\":\"2025-09-09T09:36:23+00:00\",\"mainEntityOfPage\":{\"@id\":\"https:\/\/www.bymycar.fr\/webzine\/faut-il-acheter-une-bmw-x5-doccasion\/\"},\"wordCount\":7,\"publisher\":{\"@id\":\"https:\/\/www.bymycar.fr\/webzine\/#organization\"},\"image\":{\"@id\":\"https:\/\/www.bymycar.fr\/webzine\/faut-il-acheter-une-bmw-x5-doccasion\/#primaryimage\"},\"thumbnailUrl\":\"https:\/\/cdn.bymycar.eu\/fr-webzine\/wp-content\/uploads\/medias\/P90489799_highRes_the-new-bmw-x5-xdriv.jpg\",\"articleSection\":[\"Guide d'achat BMW X5 occasion\"],\"inLanguage\":\"fr-FR\"},{\"@type\":\"WebPage\",\"@id\":\"https:\/\/www.bymycar.fr\/webzine\/faut-il-acheter-une-bmw-x5-doccasion\/\",\"url\":\"https:\/\/www.bymycar.fr\/webzine\/faut-il-acheter-une-bmw-x5-doccasion\/\",\"name\":\"Faut-il acheter une BMW X5 d'occasion ?\",\"isPartOf\":{\"@id\":\"https:\/\/www.bymycar.fr\/webzine\/#website\"},\"primaryImageOfPage\":{\"@id\":\"https:\/\/www.bymycar.fr\/webzine\/faut-il-acheter-une-bmw-x5-doccasion\/#primaryimage\"},\"image\":{\"@id\":\"https:\/\/www.bymycar.fr\/webzine\/faut-il-acheter-une-bmw-x5-doccasion\/#primaryimage\"},\"thumbnailUrl\":\"https:\/\/cdn.bymycar.eu\/fr-webzine\/wp-content\/uploads\/medias\/P90489799_highRes_the-new-bmw-x5-xdriv.jpg\",\"datePublished\":\"2023-07-31T15:51:07+00:00\",\"dateModified\":\"2025-09-09T09:36:23+00:00\",\"breadcrumb\":{\"@id\":\"https:\/\/www.bymycar.fr\/webzine\/faut-il-acheter-une-bmw-x5-doccasion\/#breadcrumb\"},\"inLanguage\":\"fr-FR\",\"potentialAction\":[{\"@type\":\"ReadAction\",\"target\":[\"https:\/\/www.bymycar.fr\/webzine\/faut-il-acheter-une-bmw-x5-doccasion\/\"]}]},{\"@type\":\"ImageObject\",\"inLanguage\":\"fr-FR\",\"@id\":\"https:\/\/www.bymycar.fr\/webzine\/faut-il-acheter-une-bmw-x5-doccasion\/#primaryimage\",\"url\":\"https:\/\/cdn.bymycar.eu\/fr-webzine\/wp-content\/uploads\/medias\/P90489799_highRes_the-new-bmw-x5-xdriv.jpg\",\"contentUrl\":\"https:\/\/cdn.bymycar.eu\/fr-webzine\/wp-content\/uploads\/medias\/P90489799_highRes_the-new-bmw-x5-xdriv.jpg\",\"width\":2560,\"height\":1707},{\"@type\":\"BreadcrumbList\",\"@id\":\"https:\/\/www.bymycar.fr\/webzine\/faut-il-acheter-une-bmw-x5-doccasion\/#breadcrumb\",\"itemListElement\":[{\"@type\":\"ListItem\",\"position\":1,\"name\":\"Accueil\",\"item\":\"https:\/\/www.bymycar.fr\/webzine\/\"},{\"@type\":\"ListItem\",\"position\":2,\"name\":\"Faut-il acheter une BMW X5 d&rsquo;occasion ?\"}]},{\"@type\":\"WebSite\",\"@id\":\"https:\/\/www.bymycar.fr\/webzine\/#website\",\"url\":\"https:\/\/www.bymycar.fr\/webzine\/\",\"name\":\"Webzine auto BYmyCAR\",\"description\":\"La magazine auto de BYmyCAR\",\"publisher\":{\"@id\":\"https:\/\/www.bymycar.fr\/webzine\/#organization\"},\"potentialAction\":[{\"@type\":\"SearchAction\",\"target\":{\"@type\":\"EntryPoint\",\"urlTemplate\":\"https:\/\/www.bymycar.fr\/webzine\/?s={search_term_string}\"},\"query-input\":{\"@type\":\"PropertyValueSpecification\",\"valueRequired\":true,\"valueName\":\"search_term_string\"}}],\"inLanguage\":\"fr-FR\"},{\"@type\":\"Organization\",\"@id\":\"https:\/\/www.bymycar.fr\/webzine\/#organization\",\"name\":\"BYmyCAR\",\"url\":\"https:\/\/www.bymycar.fr\/webzine\/\",\"logo\":{\"@type\":\"ImageObject\",\"inLanguage\":\"fr-FR\",\"@id\":\"https:\/\/www.bymycar.fr\/webzine\/#\/schema\/logo\/image\/\",\"url\":\"https:\/\/cdn.bymycar.eu\/fr-webzine\/wp-content\/uploads\/medias\/2017\/08\/logo_DEALER_00000406_001.png\",\"contentUrl\":\"https:\/\/cdn.bymycar.eu\/fr-webzine\/wp-content\/uploads\/medias\/2017\/08\/logo_DEALER_00000406_001.png\",\"width\":2132,\"height\":720,\"caption\":\"BYmyCAR\"},\"image\":{\"@id\":\"https:\/\/www.bymycar.fr\/webzine\/#\/schema\/logo\/image\/\"}},{\"@type\":\"Person\",\"@id\":\"https:\/\/www.bymycar.fr\/webzine\/#\/schema\/person\/8d570fe11eb8929f06c1e6d00f4d9689\",\"name\":\"La R\u00e9daction BYmyCAR\",\"image\":{\"@type\":\"ImageObject\",\"inLanguage\":\"fr-FR\",\"@id\":\"https:\/\/www.bymycar.fr\/webzine\/#\/schema\/person\/image\/\",\"url\":\"https:\/\/secure.gravatar.com\/avatar\/1aa6b039d0ce106989923af4e2d0f2a0c82bb070d5e449f1b9adf082a5863900?s=96&d=mm&r=g\",\"contentUrl\":\"https:\/\/secure.gravatar.com\/avatar\/1aa6b039d0ce106989923af4e2d0f2a0c82bb070d5e449f1b9adf082a5863900?s=96&d=mm&r=g\",\"caption\":\"La R\u00e9daction BYmyCAR\"},\"sameAs\":[\"https:\/\/www.bymycar.fr\/\"]}]}<\/script>\n<!-- \/ Yoast SEO Premium plugin. -->","yoast_head_json":{"title":"Faut-il acheter une BMW X5 d'occasion ?","robots":{"index":"index","follow":"follow","max-snippet":"max-snippet:-1","max-image-preview":"max-image-preview:large","max-video-preview":"max-video-preview:-1"},"canonical":"https:\/\/www.bymycar.fr\/webzine\/faut-il-acheter-une-bmw-x5-doccasion\/","og_locale":"fr_FR","og_type":"article","og_title":"Faut-il acheter une BMW X5 d'occasion ?","og_url":"https:\/\/www.bymycar.fr\/webzine\/faut-il-acheter-une-bmw-x5-doccasion\/","og_site_name":"Webzine auto BYmyCAR","article_published_time":"2023-07-31T15:51:07+00:00","article_modified_time":"2025-09-09T09:36:23+00:00","og_image":[{"width":2560,"height":1707,"url":"https:\/\/cdn.bymycar.eu\/fr-webzine\/wp-content\/uploads\/medias\/P90489799_highRes_the-new-bmw-x5-xdriv.jpg","type":"image\/jpeg"}],"author":"La R\u00e9daction BYmyCAR","twitter_card":"summary_large_image","twitter_misc":{"\u00c9crit par":"La R\u00e9daction BYmyCAR"},"schema":{"@context":"https:\/\/schema.org","@graph":[{"@type":"Article","@id":"https:\/\/www.bymycar.fr\/webzine\/faut-il-acheter-une-bmw-x5-doccasion\/#article","isPartOf":{"@id":"https:\/\/www.bymycar.fr\/webzine\/faut-il-acheter-une-bmw-x5-doccasion\/"},"author":{"name":"La R\u00e9daction BYmyCAR","@id":"https:\/\/www.bymycar.fr\/webzine\/#\/schema\/person\/8d570fe11eb8929f06c1e6d00f4d9689"},"headline":"Faut-il acheter une BMW X5 d&rsquo;occasion ?","datePublished":"2023-07-31T15:51:07+00:00","dateModified":"2025-09-09T09:36:23+00:00","mainEntityOfPage":{"@id":"https:\/\/www.bymycar.fr\/webzine\/faut-il-acheter-une-bmw-x5-doccasion\/"},"wordCount":7,"publisher":{"@id":"https:\/\/www.bymycar.fr\/webzine\/#organization"},"image":{"@id":"https:\/\/www.bymycar.fr\/webzine\/faut-il-acheter-une-bmw-x5-doccasion\/#primaryimage"},"thumbnailUrl":"https:\/\/cdn.bymycar.eu\/fr-webzine\/wp-content\/uploads\/medias\/P90489799_highRes_the-new-bmw-x5-xdriv.jpg","articleSection":["Guide d'achat BMW X5 occasion"],"inLanguage":"fr-FR"},{"@type":"WebPage","@id":"https:\/\/www.bymycar.fr\/webzine\/faut-il-acheter-une-bmw-x5-doccasion\/","url":"https:\/\/www.bymycar.fr\/webzine\/faut-il-acheter-une-bmw-x5-doccasion\/","name":"Faut-il acheter une BMW X5 d'occasion ?","isPartOf":{"@id":"https:\/\/www.bymycar.fr\/webzine\/#website"},"primaryImageOfPage":{"@id":"https:\/\/www.bymycar.fr\/webzine\/faut-il-acheter-une-bmw-x5-doccasion\/#primaryimage"},"image":{"@id":"https:\/\/www.bymycar.fr\/webzine\/faut-il-acheter-une-bmw-x5-doccasion\/#primaryimage"},"thumbnailUrl":"https:\/\/cdn.bymycar.eu\/fr-webzine\/wp-content\/uploads\/medias\/P90489799_highRes_the-new-bmw-x5-xdriv.jpg","datePublished":"2023-07-31T15:51:07+00:00","dateModified":"2025-09-09T09:36:23+00:00","breadcrumb":{"@id":"https:\/\/www.bymycar.fr\/webzine\/faut-il-acheter-une-bmw-x5-doccasion\/#breadcrumb"},"inLanguage":"fr-FR","potentialAction":[{"@type":"ReadAction","target":["https:\/\/www.bymycar.fr\/webzine\/faut-il-acheter-une-bmw-x5-doccasion\/"]}]},{"@type":"ImageObject","inLanguage":"fr-FR","@id":"https:\/\/www.bymycar.fr\/webzine\/faut-il-acheter-une-bmw-x5-doccasion\/#primaryimage","url":"https:\/\/cdn.bymycar.eu\/fr-webzine\/wp-content\/uploads\/medias\/P90489799_highRes_the-new-bmw-x5-xdriv.jpg","contentUrl":"https:\/\/cdn.bymycar.eu\/fr-webzine\/wp-content\/uploads\/medias\/P90489799_highRes_the-new-bmw-x5-xdriv.jpg","width":2560,"height":1707},{"@type":"BreadcrumbList","@id":"https:\/\/www.bymycar.fr\/webzine\/faut-il-acheter-une-bmw-x5-doccasion\/#breadcrumb","itemListElement":[{"@type":"ListItem","position":1,"name":"Accueil","item":"https:\/\/www.bymycar.fr\/webzine\/"},{"@type":"ListItem","position":2,"name":"Faut-il acheter une BMW X5 d&rsquo;occasion ?"}]},{"@type":"WebSite","@id":"https:\/\/www.bymycar.fr\/webzine\/#website","url":"https:\/\/www.bymycar.fr\/webzine\/","name":"Webzine auto BYmyCAR","description":"La magazine auto de BYmyCAR","publisher":{"@id":"https:\/\/www.bymycar.fr\/webzine\/#organization"},"potentialAction":[{"@type":"SearchAction","target":{"@type":"EntryPoint","urlTemplate":"https:\/\/www.bymycar.fr\/webzine\/?s={search_term_string}"},"query-input":{"@type":"PropertyValueSpecification","valueRequired":true,"valueName":"search_term_string"}}],"inLanguage":"fr-FR"},{"@type":"Organization","@id":"https:\/\/www.bymycar.fr\/webzine\/#organization","name":"BYmyCAR","url":"https:\/\/www.bymycar.fr\/webzine\/","logo":{"@type":"ImageObject","inLanguage":"fr-FR","@id":"https:\/\/www.bymycar.fr\/webzine\/#\/schema\/logo\/image\/","url":"https:\/\/cdn.bymycar.eu\/fr-webzine\/wp-content\/uploads\/medias\/2017\/08\/logo_DEALER_00000406_001.png","contentUrl":"https:\/\/cdn.bymycar.eu\/fr-webzine\/wp-content\/uploads\/medias\/2017\/08\/logo_DEALER_00000406_001.png","width":2132,"height":720,"caption":"BYmyCAR"},"image":{"@id":"https:\/\/www.bymycar.fr\/webzine\/#\/schema\/logo\/image\/"}},{"@type":"Person","@id":"https:\/\/www.bymycar.fr\/webzine\/#\/schema\/person\/8d570fe11eb8929f06c1e6d00f4d9689","name":"La R\u00e9daction BYmyCAR","image":{"@type":"ImageObject","inLanguage":"fr-FR","@id":"https:\/\/www.bymycar.fr\/webzine\/#\/schema\/person\/image\/","url":"https:\/\/secure.gravatar.com\/avatar\/1aa6b039d0ce106989923af4e2d0f2a0c82bb070d5e449f1b9adf082a5863900?s=96&d=mm&r=g","contentUrl":"https:\/\/secure.gravatar.com\/avatar\/1aa6b039d0ce106989923af4e2d0f2a0c82bb070d5e449f1b9adf082a5863900?s=96&d=mm&r=g","caption":"La R\u00e9daction BYmyCAR"},"sameAs":["https:\/\/www.bymycar.fr\/"]}]}},"_links":{"self":[{"href":"https:\/\/www.bymycar.fr\/webzine\/wp-json\/wp\/v2\/posts\/42004","targetHints":{"allow":["GET"]}}],"collection":[{"href":"https:\/\/www.bymycar.fr\/webzine\/wp-json\/wp\/v2\/posts"}],"about":[{"href":"https:\/\/www.bymycar.fr\/webzine\/wp-json\/wp\/v2\/types\/post"}],"author":[{"embeddable":true,"href":"https:\/\/www.bymycar.fr\/webzine\/wp-json\/wp\/v2\/users\/88"}],"replies":[{"embeddable":true,"href":"https:\/\/www.bymycar.fr\/webzine\/wp-json\/wp\/v2\/comments?post=42004"}],"version-history":[{"count":5,"href":"https:\/\/www.bymycar.fr\/webzine\/wp-json\/wp\/v2\/posts\/42004\/revisions"}],"predecessor-version":[{"id":42695,"href":"https:\/\/www.bymycar.fr\/webzine\/wp-json\/wp\/v2\/posts\/42004\/revisions\/42695"}],"wp:featuredmedia":[{"embeddable":true,"href":"https:\/\/www.bymycar.fr\/webzine\/wp-json\/wp\/v2\/media\/42007"}],"wp:attachment":[{"href":"https:\/\/www.bymycar.fr\/webzine\/wp-json\/wp\/v2\/media?parent=42004"}],"wp:term":[{"taxonomy":"category","embeddable":true,"href":"https:\/\/www.bymycar.fr\/webzine\/wp-json\/wp\/v2\/categories?post=42004"},{"taxonomy":"post_tag","embeddable":true,"href":"https:\/\/www.bymycar.fr\/webzine\/wp-json\/wp\/v2\/tags?post=42004"}],"curies":[{"name":"wp","href":"https:\/\/api.w.org\/{rel}","templated":true}]}}