{"id":41881,"date":"2023-07-24T18:01:54","date_gmt":"2023-07-24T16:01:54","guid":{"rendered":"https:\/\/prod.bymycar.fr\/webzine\/?p=41881"},"modified":"2025-09-09T11:36:38","modified_gmt":"2025-09-09T09:36:38","slug":"quels-sont-les-prix-des-audi-a4-doccasion","status":"publish","type":"post","link":"https:\/\/www.bymycar.fr\/webzine\/quels-sont-les-prix-des-audi-a4-doccasion\/","title":{"rendered":"Quels sont les prix des Audi A4 d&rsquo;occasion ?"},"content":{"rendered":"","protected":false},"excerpt":{"rendered":"","protected":false},"author":88,"featured_media":41882,"comment_status":"closed","ping_status":"open","sticky":false,"template":"","format":"standard","meta":{"_acf_changed":false,"footnotes":""},"categories":[12976],"tags":[],"class_list":["post-41881","post","type-post","status-publish","format-standard","has-post-thumbnail","hentry","category-guide-dachat-audi-a4-occasion"],"acf":{"template":"classique","introduction":"<p style=\"text-align: justify;\">L&rsquo;<a href=\"https:\/\/www.bymycar.fr\/marques\/audi\/a4-avant\" target=\"_blank\" rel=\"noopener\">Audi A4<\/a> de premi\u00e8re g\u00e9n\u00e9ration a \u00e9t\u00e9 lanc\u00e9e en 1995 et la berline en est d\u00e9sormais \u00e0 sa cinqui\u00e8me g\u00e9n\u00e9ration. Elle rivalise avec les meilleurs mod\u00e8les du march\u00e9.<\/p>\n","strates":[{"type_strate":"carousel-produits","ancre":"","contenu":"","titre":"Voir nos v\u00e9hicules Audi A4 disponibles en concession","image":false,"image_libre":false,"image_800x500":false,"legende":"","zoom":false,"texte":"","articles":false,"categorie_droite":false,"images":false,"elements_comparatif":false,"texte_1":"","texte_2":"","image_1":false,"image_1_563x400":false,"image_1_332x332":false,"image_2":false,"image_2_333x240":false,"image_2_563x400":false,"image_3":false,"image_3_333x240":false,"image_3_332x450":false,"image_4":false,"image_4_332x332":false,"image_4_563x400":false,"code_embed":"","legende_video":"","photo":false,"photo_100x100":false,"nom":"","fonction":"","elements_timeline":false,"entetes_colonnes":false,"entetes_lignes":false,"lignes":false,"introduction":"","formulaire":false,"question":"","reponse":"","libelle_bouton_lien":"","url_lien":"","questions":false,"conclusions":false,"pays":"1","region":"","marque":"6","marqueConcessions":false,"modele":"","ptvente":"","typeV":"","collection":"","nombre_maximum_elements":"4","lien_fin_carousel":"https:\/\/www.bymycar.fr\/v\/audi-a4-occasion","texte_lien_fin_carousel":"Voir plus","trier_par":"prix"},{"type_strate":"texte-simple","ancre":"","contenu":"<h2 style=\"text-align: justify;\">Quand sortira la nouvelle voiture Audi A4 ?<\/h2>\n<p style=\"text-align: justify;\"><a href=\"https:\/\/www.bymycar.fr\/v\/audi-a4-occasion\">L&rsquo;<strong>Audi A4 B9<\/strong><\/a> est sur le point d&rsquo;\u00eatre remplac\u00e9e par une nouvelle g\u00e9n\u00e9ration. Cette derni\u00e8re devrait toutefois \u00eatre renomm\u00e9e A5, puisque Audi r\u00e9serve dor\u00e9navant les chiffres pairs \u00e0 ses mod\u00e8les \u00e9lectriques. Elle sera pr\u00e9sent\u00e9e dans les prochains mois et remplacera \u00e9galement l&rsquo;actuelle <strong>Audi A5 Sportback<\/strong>.<\/p>\n<p>&nbsp;<\/p>\n<h2 style=\"text-align: justify;\">Pourquoi choisir une Audi A4 Avant break plut\u00f4t qu&rsquo;une berline ?<\/h2>\n<p style=\"text-align: justify;\">La version <strong><a href=\"https:\/\/www.bymycar.fr\/marques\/audi\/a4-avant\" target=\"_blank\" rel=\"noopener\">break A4 Avant<\/a> <\/strong>s\u00e9duit notamment les familles, gr\u00e2ce \u00e0 un coffre plus pratique que celui de la berline. Son ouverture par hayon est large et permet de charger des objets volumineux. De plus, certains clients pr\u00e9f\u00e8rent le <strong>style <\/strong>du break \u00e0 celui de la berline, mais cela est parfaitement subjectif.<\/p>\n<p>&nbsp;<\/p>\n<h2 style=\"text-align: justify;\">Quels sont les niveaux de finition chez Audi (Design, S Line, Avus, Comp\u00e9tition) ?<\/h2>\n<p style=\"text-align: justify;\"><a href=\"https:\/\/www.bymycar.fr\/v\/audi-a4-avant-occasion\">L&rsquo;Audi A4<\/a> propose actuellement <strong>quatre finitions<\/strong> diff\u00e9rentes aux particuliers. L&rsquo;entr\u00e9e de gamme Design est d\u00e9j\u00e0 bien \u00e9quip\u00e9e. Cependant, certains clients appr\u00e9cient les \u00e9quipements suppl\u00e9mentaires des versions sportives <strong>S Line<\/strong> et Comp\u00e9tition, ou encore du haut de gamme Avus.<\/p>\n<p>&nbsp;<\/p>\n<h2 style=\"text-align: justify;\">Quelle est l&rsquo;Audi la plus vendue ?<\/h2>\n<p style=\"text-align: justify;\">Longtemps rest\u00e9e l&rsquo;Audi la plus vendue dans le monde, la berline A4 a laiss\u00e9 sa place depuis quelques ann\u00e9es au <strong>SUV Q5<\/strong>. L&rsquo;A4 reste l&rsquo;un des mod\u00e8les les plus populaires d&rsquo;Audi, notamment dans sa version 2.0 TDI. Elle est \u00e9galement l&rsquo;un des choix pr\u00e9f\u00e9r\u00e9s des Fran\u00e7ais sur le march\u00e9 des <strong>v\u00e9hicules d&rsquo;occasion<\/strong>.<\/p>\n<h2 style=\"text-align: justify;\">Quel moteur choisir pour l&rsquo;Audi A4 B9 ?<\/h2>\n<p style=\"text-align: justify;\">L&rsquo;actuelle g\u00e9n\u00e9ration d&rsquo;Audi A4 propose des <strong>motorisations essence et diesel<\/strong> \u00e0 quatre cylindres en ligne et six cylindres en V. Ils peuvent \u00eatre associ\u00e9s \u00e0 une bo\u00eete de vitesses manuelle ou \u00e0 une transmission automatique, en traction ou en transmission int\u00e9grale quattro.<\/p>\n<h3 style=\"text-align: justify;\">Quelle motorisation essence TFSI choisir pour l&rsquo;Audi A4 B9 ?<\/h3>\n<p style=\"text-align: justify;\">Hors versions sportives S4 et RS 4, l&rsquo;Audi A4 B9 propose des <strong>moteurs essence<\/strong> quatre cylindres <strong>1.4 TFSI et 2.0 TFSI<\/strong>. Leur puissance varie de 150 \u00e0 252 ch et certaines versions sont disponibles avec la transmission 4&#215;4 quattro. Les Audi S4 et RS 4 sont quant \u00e0 elles \u00e9quip\u00e9es de moteurs V6.<\/p>\n<h3 style=\"text-align: justify;\">Quelle motorisation diesel TDI choisir pour l&rsquo;Audi A4 B9 ?<\/h3>\n<p style=\"text-align: justify;\">L&rsquo;offre <strong>diesel <\/strong>de l&rsquo;A4 B9 se compose \u00e9galement de motorisations quatre cylindres en ligne et V6. Ainsi, le <strong>quatre cylindres 2.0 TDI<\/strong> se d\u00e9cline en versions 136, 150 et 190 ch. Le V6 <strong>3.0 TDI<\/strong> atteint quant \u00e0 lui 218 et 272 ch selon les versions, voire 347 ch sous le capot de la d\u00e9clinaison sportive S4 TDI.<\/p>\n<h2 style=\"text-align: justify;\">Quel est le prix d&rsquo;une ancienne Audi A4 Allroad Quattro en France ?<\/h2>\n<p style=\"text-align: justify;\">L&rsquo;<strong>Audi A4 B8<\/strong> existe en versions berline et break, mais aussi <strong>Allroad<\/strong>. Il s&rsquo;agit d&rsquo;un break sur\u00e9lev\u00e9, d&rsquo;office \u00e9quip\u00e9 de la <strong>transmission int\u00e9grale quattro<\/strong>. On en trouve sur le march\u00e9 de l&rsquo;occasion \u00e0 partir d&rsquo;environ 12 000 \u20ac* pour les premiers mod\u00e8les avec un kilom\u00e9trage avoisinant les 200 000 km au compteur.<\/p>\n<p style=\"text-align: justify;\">Retrouvez nos mod\u00e8les Audi A4 disponibles dans vos <a href=\"https:\/\/www.bymycar.fr\/concessions\/audi\" target=\"_blank\" rel=\"noopener\">concessions Audi BYmyCAR<\/a>.<\/p>\n<p style=\"text-align: justify;\">*voir conditions en concession<\/p>\n","titre":"t1","image":false,"image_libre":false,"image_800x500":false,"legende":"","zoom":false,"texte":"","articles":false,"categorie_droite":false,"images":false,"elements_comparatif":false,"texte_1":"","texte_2":"","image_1":false,"image_1_563x400":false,"image_1_332x332":false,"image_2":false,"image_2_333x240":false,"image_2_563x400":false,"image_3":false,"image_3_333x240":false,"image_3_332x450":false,"image_4":false,"image_4_332x332":false,"image_4_563x400":false,"code_embed":"","legende_video":"","photo":false,"photo_100x100":false,"nom":"","fonction":"","elements_timeline":false,"entetes_colonnes":false,"entetes_lignes":false,"lignes":false,"introduction":"","formulaire":false,"question":"","reponse":"","libelle_bouton_lien":"","url_lien":"","questions":false,"conclusions":false,"pays":false,"region":false,"marque":false,"marqueConcessions":false,"modele":false,"ptvente":false,"typeV":false,"collection":false,"nombre_maximum_elements":10,"lien_fin_carousel":"","texte_lien_fin_carousel":"","trier_par":false},{"type_strate":"carousel-produits","ancre":"","contenu":"","titre":"Notre s\u00e9lection de v\u00e9hicules Audi A4 disponibles","image":false,"image_libre":false,"image_800x500":false,"legende":"","zoom":false,"texte":"","articles":false,"categorie_droite":false,"images":false,"elements_comparatif":false,"texte_1":"","texte_2":"","image_1":false,"image_1_563x400":false,"image_1_332x332":false,"image_2":false,"image_2_333x240":false,"image_2_563x400":false,"image_3":false,"image_3_333x240":false,"image_3_332x450":false,"image_4":false,"image_4_332x332":false,"image_4_563x400":false,"code_embed":"","legende_video":"","photo":false,"photo_100x100":false,"nom":"","fonction":"","elements_timeline":false,"entetes_colonnes":false,"entetes_lignes":false,"lignes":false,"introduction":"","formulaire":false,"question":"","reponse":"","libelle_bouton_lien":"","url_lien":"","questions":false,"conclusions":false,"pays":"1","region":"","marque":"6","marqueConcessions":false,"modele":"","ptvente":"","typeV":"","collection":"","nombre_maximum_elements":"4","lien_fin_carousel":"https:\/\/www.bymycar.fr\/v\/audi-a4-occasion","texte_lien_fin_carousel":"Voir plus de voiture","trier_par":"nouveaute"},{"type_strate":"texte-simple","ancre":"","contenu":"<p>\u00c0 lire \u00e9galement<\/p>\n<p><a href=\"https:\/\/www.bymycar.fr\/webzine\/quelle-audi-a4-choisir-en-occasion\/\">Quelle Audi A4 choisir en occasion ?<\/a><\/p>\n<p><a href=\"https:\/\/www.bymycar.fr\/webzine\/quelle-est-la-meilleure-audi-a4-break-doccasion\/\">Quelle est la meilleure Audi A4 break d\u2019occasion ?<\/a><\/p>\n<p><a href=\"https:\/\/www.bymycar.fr\/webzine\/combien-coute-une-audi-a4-essence-doccasion-de-2008\/\">Combien co\u00fbte une Audi A4 essence d\u2019occasion de 2008 ?<\/a><\/p>\n<p>&nbsp;<\/p>\n","titre":"liens","image":false,"image_libre":false,"image_800x500":false,"legende":"","zoom":false,"texte":"","articles":false,"categorie_droite":false,"images":false,"elements_comparatif":false,"texte_1":"","texte_2":"","image_1":false,"image_1_563x400":false,"image_1_332x332":false,"image_2":false,"image_2_333x240":false,"image_2_563x400":false,"image_3":false,"image_3_333x240":false,"image_3_332x450":false,"image_4":false,"image_4_332x332":false,"image_4_563x400":false,"code_embed":"","legende_video":"","photo":false,"photo_100x100":false,"nom":"","fonction":"","elements_timeline":false,"entetes_colonnes":false,"entetes_lignes":false,"lignes":false,"introduction":"","formulaire":false,"question":"","reponse":"","libelle_bouton_lien":"","url_lien":"","questions":false,"conclusions":false,"pays":false,"region":false,"marque":false,"marqueConcessions":false,"modele":false,"ptvente":false,"typeV":false,"collection":false,"nombre_maximum_elements":10,"lien_fin_carousel":"","texte_lien_fin_carousel":"","trier_par":false}],"is_old_post":false,"image":{"ID":41882,"id":41882,"title":"Audi A4 Avant","filename":"A192632_medium.jpg","filesize":1,"url":"https:\/\/cdn.bymycar.eu\/fr-webzine\/wp-content\/uploads\/medias\/A192632_medium.jpg","link":"https:\/\/www.bymycar.fr\/webzine\/quels-sont-les-prix-des-audi-a4-doccasion\/audi-a4-avant-4\/","alt":"Audi Q4 rouge vue de face en circulation","author":"88","description":"","caption":"Dynamic photo, \nColour: Tango Red","name":"audi-a4-avant-4","status":"inherit","uploaded_to":41881,"date":"2023-07-24 15:58:25","modified":"2023-07-24 15:58:55","menu_order":0,"mime_type":"image\/jpeg","type":"image","subtype":"jpeg","icon":"https:\/\/www.bymycar.fr\/webzine\/wp-includes\/images\/media\/default.png","width":2560,"height":1811,"sizes":{"thumbnail":"https:\/\/cdn.bymycar.eu\/fr-webzine\/wp-content\/uploads\/medias\/A192632_medium-150x150.jpg","thumbnail-width":150,"thumbnail-height":150,"medium":"https:\/\/cdn.bymycar.eu\/fr-webzine\/wp-content\/uploads\/medias\/A192632_medium-300x212.jpg","medium-width":300,"medium-height":212,"medium_large":"https:\/\/cdn.bymycar.eu\/fr-webzine\/wp-content\/uploads\/medias\/A192632_medium-768x543.jpg","medium_large-width":768,"medium_large-height":543,"large":"https:\/\/cdn.bymycar.eu\/fr-webzine\/wp-content\/uploads\/medias\/A192632_medium-1024x724.jpg","large-width":1024,"large-height":724,"1536x1536":"https:\/\/cdn.bymycar.eu\/fr-webzine\/wp-content\/uploads\/medias\/A192632_medium-1536x1086.jpg","1536x1536-width":1536,"1536x1536-height":1086,"2048x2048":"https:\/\/cdn.bymycar.eu\/fr-webzine\/wp-content\/uploads\/medias\/A192632_medium-2048x1448.jpg","2048x2048-width":2048,"2048x2048-height":1448}},"page_content":{"block_content":[{"acf_fc_layout":"carousel-produits"},{"acf_fc_layout":"text-simple","--nav":{"-withNav":false,"-ancre":""},"--group":{"-text":"<h2 style=\"text-align: justify;\">Quand sortira la nouvelle voiture Audi A4 ?<\/h2>\n<p style=\"text-align: justify;\"><a href=\"https:\/\/www.bymycar.fr\/v\/audi-a4-occasion\">L&rsquo;<strong>Audi A4 B9<\/strong><\/a> est sur le point d&rsquo;\u00eatre remplac\u00e9e par une nouvelle g\u00e9n\u00e9ration. Cette derni\u00e8re devrait toutefois \u00eatre renomm\u00e9e A5, puisque Audi r\u00e9serve dor\u00e9navant les chiffres pairs \u00e0 ses mod\u00e8les \u00e9lectriques. Elle sera pr\u00e9sent\u00e9e dans les prochains mois et remplacera \u00e9galement l&rsquo;actuelle <strong>Audi A5 Sportback<\/strong>.<\/p>\n<p>&nbsp;<\/p>\n<h2 style=\"text-align: justify;\">Pourquoi choisir une Audi A4 Avant break plut\u00f4t qu&rsquo;une berline ?<\/h2>\n<p style=\"text-align: justify;\">La version <strong><a href=\"https:\/\/www.bymycar.fr\/marques\/audi\/a4-avant\" target=\"_blank\" rel=\"noopener\">break A4 Avant<\/a> <\/strong>s\u00e9duit notamment les familles, gr\u00e2ce \u00e0 un coffre plus pratique que celui de la berline. Son ouverture par hayon est large et permet de charger des objets volumineux. De plus, certains clients pr\u00e9f\u00e8rent le <strong>style <\/strong>du break \u00e0 celui de la berline, mais cela est parfaitement subjectif.<\/p>\n<p>&nbsp;<\/p>\n<h2 style=\"text-align: justify;\">Quels sont les niveaux de finition chez Audi (Design, S Line, Avus, Comp\u00e9tition) ?<\/h2>\n<p style=\"text-align: justify;\"><a href=\"https:\/\/www.bymycar.fr\/v\/audi-a4-avant-occasion\">L&rsquo;Audi A4<\/a> propose actuellement <strong>quatre finitions<\/strong> diff\u00e9rentes aux particuliers. L&rsquo;entr\u00e9e de gamme Design est d\u00e9j\u00e0 bien \u00e9quip\u00e9e. Cependant, certains clients appr\u00e9cient les \u00e9quipements suppl\u00e9mentaires des versions sportives <strong>S Line<\/strong> et Comp\u00e9tition, ou encore du haut de gamme Avus.<\/p>\n<p>&nbsp;<\/p>\n<h2 style=\"text-align: justify;\">Quelle est l&rsquo;Audi la plus vendue ?<\/h2>\n<p style=\"text-align: justify;\">Longtemps rest\u00e9e l&rsquo;Audi la plus vendue dans le monde, la berline A4 a laiss\u00e9 sa place depuis quelques ann\u00e9es au <strong>SUV Q5<\/strong>. L&rsquo;A4 reste l&rsquo;un des mod\u00e8les les plus populaires d&rsquo;Audi, notamment dans sa version 2.0 TDI. Elle est \u00e9galement l&rsquo;un des choix pr\u00e9f\u00e9r\u00e9s des Fran\u00e7ais sur le march\u00e9 des <strong>v\u00e9hicules d&rsquo;occasion<\/strong>.<\/p>\n<h2 style=\"text-align: justify;\">Quel moteur choisir pour l&rsquo;Audi A4 B9 ?<\/h2>\n<p style=\"text-align: justify;\">L&rsquo;actuelle g\u00e9n\u00e9ration d&rsquo;Audi A4 propose des <strong>motorisations essence et diesel<\/strong> \u00e0 quatre cylindres en ligne et six cylindres en V. Ils peuvent \u00eatre associ\u00e9s \u00e0 une bo\u00eete de vitesses manuelle ou \u00e0 une transmission automatique, en traction ou en transmission int\u00e9grale quattro.<\/p>\n<h3 style=\"text-align: justify;\">Quelle motorisation essence TFSI choisir pour l&rsquo;Audi A4 B9 ?<\/h3>\n<p style=\"text-align: justify;\">Hors versions sportives S4 et RS 4, l&rsquo;Audi A4 B9 propose des <strong>moteurs essence<\/strong> quatre cylindres <strong>1.4 TFSI et 2.0 TFSI<\/strong>. Leur puissance varie de 150 \u00e0 252 ch et certaines versions sont disponibles avec la transmission 4&#215;4 quattro. Les Audi S4 et RS 4 sont quant \u00e0 elles \u00e9quip\u00e9es de moteurs V6.<\/p>\n<h3 style=\"text-align: justify;\">Quelle motorisation diesel TDI choisir pour l&rsquo;Audi A4 B9 ?<\/h3>\n<p style=\"text-align: justify;\">L&rsquo;offre <strong>diesel <\/strong>de l&rsquo;A4 B9 se compose \u00e9galement de motorisations quatre cylindres en ligne et V6. Ainsi, le <strong>quatre cylindres 2.0 TDI<\/strong> se d\u00e9cline en versions 136, 150 et 190 ch. Le V6 <strong>3.0 TDI<\/strong> atteint quant \u00e0 lui 218 et 272 ch selon les versions, voire 347 ch sous le capot de la d\u00e9clinaison sportive S4 TDI.<\/p>\n<h2 style=\"text-align: justify;\">Quel est le prix d&rsquo;une ancienne Audi A4 Allroad Quattro en France ?<\/h2>\n<p style=\"text-align: justify;\">L&rsquo;<strong>Audi A4 B8<\/strong> existe en versions berline et break, mais aussi <strong>Allroad<\/strong>. Il s&rsquo;agit d&rsquo;un break sur\u00e9lev\u00e9, d&rsquo;office \u00e9quip\u00e9 de la <strong>transmission int\u00e9grale quattro<\/strong>. On en trouve sur le march\u00e9 de l&rsquo;occasion \u00e0 partir d&rsquo;environ 12 000 \u20ac* pour les premiers mod\u00e8les avec un kilom\u00e9trage avoisinant les 200 000 km au compteur.<\/p>\n<p style=\"text-align: justify;\">Retrouvez nos mod\u00e8les Audi A4 disponibles dans vos <a href=\"https:\/\/www.bymycar.fr\/concessions\/audi\" target=\"_blank\" rel=\"noopener\">concessions Audi BYmyCAR<\/a>.<\/p>\n<p style=\"text-align: justify;\">*voir conditions en concession<\/p>\n"}},{"acf_fc_layout":"carousel-produits"},{"acf_fc_layout":"text-simple","--nav":{"-withNav":false,"-ancre":""},"--group":{"-text":"<p>\u00c0 lire \u00e9galement<\/p>\n<p><a href=\"https:\/\/www.bymycar.fr\/webzine\/quelle-audi-a4-choisir-en-occasion\/\">Quelle Audi A4 choisir en occasion ?<\/a><\/p>\n<p><a href=\"https:\/\/www.bymycar.fr\/webzine\/quelle-est-la-meilleure-audi-a4-break-doccasion\/\">Quelle est la meilleure Audi A4 break d\u2019occasion ?<\/a><\/p>\n<p><a href=\"https:\/\/www.bymycar.fr\/webzine\/combien-coute-une-audi-a4-essence-doccasion-de-2008\/\">Combien co\u00fbte une Audi A4 essence d\u2019occasion de 2008 ?<\/a><\/p>\n<p>&nbsp;<\/p>\n"}}]},"add-carousel-to-footer":true},"yoast_head":"<!-- This site is optimized with the Yoast SEO Premium plugin v26.4 (Yoast SEO v26.4) - https:\/\/yoast.com\/wordpress\/plugins\/seo\/ -->\n<title>Quels sont les prix des Audi A4 d&#039;occasion ?<\/title>\n<meta name=\"robots\" content=\"index, follow, max-snippet:-1, max-image-preview:large, max-video-preview:-1\" \/>\n<link rel=\"canonical\" href=\"https:\/\/www.bymycar.fr\/webzine\/quels-sont-les-prix-des-audi-a4-doccasion\/\" \/>\n<meta property=\"og:locale\" content=\"fr_FR\" \/>\n<meta property=\"og:type\" content=\"article\" \/>\n<meta property=\"og:title\" content=\"Quels sont les prix des Audi A4 d&#039;occasion ?\" \/>\n<meta property=\"og:url\" content=\"https:\/\/www.bymycar.fr\/webzine\/quels-sont-les-prix-des-audi-a4-doccasion\/\" \/>\n<meta property=\"og:site_name\" content=\"Webzine auto BYmyCAR\" \/>\n<meta property=\"article:published_time\" content=\"2023-07-24T16:01:54+00:00\" \/>\n<meta property=\"article:modified_time\" content=\"2025-09-09T09:36:38+00:00\" \/>\n<meta property=\"og:image\" content=\"https:\/\/cdn.bymycar.eu\/fr-webzine\/wp-content\/uploads\/medias\/A192632_medium.jpg\" \/>\n\t<meta property=\"og:image:width\" content=\"2560\" \/>\n\t<meta property=\"og:image:height\" content=\"1811\" \/>\n\t<meta property=\"og:image:type\" content=\"image\/jpeg\" \/>\n<meta name=\"author\" content=\"La R\u00e9daction BYmyCAR\" \/>\n<meta name=\"twitter:card\" content=\"summary_large_image\" \/>\n<meta name=\"twitter:label1\" content=\"\u00c9crit par\" \/>\n\t<meta name=\"twitter:data1\" content=\"La R\u00e9daction BYmyCAR\" \/>\n<script type=\"application\/ld+json\" class=\"yoast-schema-graph\">{\"@context\":\"https:\/\/schema.org\",\"@graph\":[{\"@type\":\"Article\",\"@id\":\"https:\/\/www.bymycar.fr\/webzine\/quels-sont-les-prix-des-audi-a4-doccasion\/#article\",\"isPartOf\":{\"@id\":\"https:\/\/www.bymycar.fr\/webzine\/quels-sont-les-prix-des-audi-a4-doccasion\/\"},\"author\":{\"name\":\"La R\u00e9daction BYmyCAR\",\"@id\":\"https:\/\/www.bymycar.fr\/webzine\/#\/schema\/person\/8d570fe11eb8929f06c1e6d00f4d9689\"},\"headline\":\"Quels sont les prix des Audi A4 d&rsquo;occasion ?\",\"datePublished\":\"2023-07-24T16:01:54+00:00\",\"dateModified\":\"2025-09-09T09:36:38+00:00\",\"mainEntityOfPage\":{\"@id\":\"https:\/\/www.bymycar.fr\/webzine\/quels-sont-les-prix-des-audi-a4-doccasion\/\"},\"wordCount\":9,\"publisher\":{\"@id\":\"https:\/\/www.bymycar.fr\/webzine\/#organization\"},\"image\":{\"@id\":\"https:\/\/www.bymycar.fr\/webzine\/quels-sont-les-prix-des-audi-a4-doccasion\/#primaryimage\"},\"thumbnailUrl\":\"https:\/\/cdn.bymycar.eu\/fr-webzine\/wp-content\/uploads\/medias\/A192632_medium.jpg\",\"articleSection\":[\"Guide d'achat Audi A4 occasion\"],\"inLanguage\":\"fr-FR\"},{\"@type\":\"WebPage\",\"@id\":\"https:\/\/www.bymycar.fr\/webzine\/quels-sont-les-prix-des-audi-a4-doccasion\/\",\"url\":\"https:\/\/www.bymycar.fr\/webzine\/quels-sont-les-prix-des-audi-a4-doccasion\/\",\"name\":\"Quels sont les prix des Audi A4 d'occasion ?\",\"isPartOf\":{\"@id\":\"https:\/\/www.bymycar.fr\/webzine\/#website\"},\"primaryImageOfPage\":{\"@id\":\"https:\/\/www.bymycar.fr\/webzine\/quels-sont-les-prix-des-audi-a4-doccasion\/#primaryimage\"},\"image\":{\"@id\":\"https:\/\/www.bymycar.fr\/webzine\/quels-sont-les-prix-des-audi-a4-doccasion\/#primaryimage\"},\"thumbnailUrl\":\"https:\/\/cdn.bymycar.eu\/fr-webzine\/wp-content\/uploads\/medias\/A192632_medium.jpg\",\"datePublished\":\"2023-07-24T16:01:54+00:00\",\"dateModified\":\"2025-09-09T09:36:38+00:00\",\"breadcrumb\":{\"@id\":\"https:\/\/www.bymycar.fr\/webzine\/quels-sont-les-prix-des-audi-a4-doccasion\/#breadcrumb\"},\"inLanguage\":\"fr-FR\",\"potentialAction\":[{\"@type\":\"ReadAction\",\"target\":[\"https:\/\/www.bymycar.fr\/webzine\/quels-sont-les-prix-des-audi-a4-doccasion\/\"]}]},{\"@type\":\"ImageObject\",\"inLanguage\":\"fr-FR\",\"@id\":\"https:\/\/www.bymycar.fr\/webzine\/quels-sont-les-prix-des-audi-a4-doccasion\/#primaryimage\",\"url\":\"https:\/\/cdn.bymycar.eu\/fr-webzine\/wp-content\/uploads\/medias\/A192632_medium.jpg\",\"contentUrl\":\"https:\/\/cdn.bymycar.eu\/fr-webzine\/wp-content\/uploads\/medias\/A192632_medium.jpg\",\"width\":2560,\"height\":1811,\"caption\":\"Dynamic photo, Colour: Tango Red\"},{\"@type\":\"BreadcrumbList\",\"@id\":\"https:\/\/www.bymycar.fr\/webzine\/quels-sont-les-prix-des-audi-a4-doccasion\/#breadcrumb\",\"itemListElement\":[{\"@type\":\"ListItem\",\"position\":1,\"name\":\"Accueil\",\"item\":\"https:\/\/www.bymycar.fr\/webzine\/\"},{\"@type\":\"ListItem\",\"position\":2,\"name\":\"Quels sont les prix des Audi A4 d&rsquo;occasion ?\"}]},{\"@type\":\"WebSite\",\"@id\":\"https:\/\/www.bymycar.fr\/webzine\/#website\",\"url\":\"https:\/\/www.bymycar.fr\/webzine\/\",\"name\":\"Webzine auto BYmyCAR\",\"description\":\"La magazine auto de BYmyCAR\",\"publisher\":{\"@id\":\"https:\/\/www.bymycar.fr\/webzine\/#organization\"},\"potentialAction\":[{\"@type\":\"SearchAction\",\"target\":{\"@type\":\"EntryPoint\",\"urlTemplate\":\"https:\/\/www.bymycar.fr\/webzine\/?s={search_term_string}\"},\"query-input\":{\"@type\":\"PropertyValueSpecification\",\"valueRequired\":true,\"valueName\":\"search_term_string\"}}],\"inLanguage\":\"fr-FR\"},{\"@type\":\"Organization\",\"@id\":\"https:\/\/www.bymycar.fr\/webzine\/#organization\",\"name\":\"BYmyCAR\",\"url\":\"https:\/\/www.bymycar.fr\/webzine\/\",\"logo\":{\"@type\":\"ImageObject\",\"inLanguage\":\"fr-FR\",\"@id\":\"https:\/\/www.bymycar.fr\/webzine\/#\/schema\/logo\/image\/\",\"url\":\"https:\/\/cdn.bymycar.eu\/fr-webzine\/wp-content\/uploads\/medias\/2017\/08\/logo_DEALER_00000406_001.png\",\"contentUrl\":\"https:\/\/cdn.bymycar.eu\/fr-webzine\/wp-content\/uploads\/medias\/2017\/08\/logo_DEALER_00000406_001.png\",\"width\":2132,\"height\":720,\"caption\":\"BYmyCAR\"},\"image\":{\"@id\":\"https:\/\/www.bymycar.fr\/webzine\/#\/schema\/logo\/image\/\"}},{\"@type\":\"Person\",\"@id\":\"https:\/\/www.bymycar.fr\/webzine\/#\/schema\/person\/8d570fe11eb8929f06c1e6d00f4d9689\",\"name\":\"La R\u00e9daction BYmyCAR\",\"image\":{\"@type\":\"ImageObject\",\"inLanguage\":\"fr-FR\",\"@id\":\"https:\/\/www.bymycar.fr\/webzine\/#\/schema\/person\/image\/\",\"url\":\"https:\/\/secure.gravatar.com\/avatar\/1aa6b039d0ce106989923af4e2d0f2a0c82bb070d5e449f1b9adf082a5863900?s=96&d=mm&r=g\",\"contentUrl\":\"https:\/\/secure.gravatar.com\/avatar\/1aa6b039d0ce106989923af4e2d0f2a0c82bb070d5e449f1b9adf082a5863900?s=96&d=mm&r=g\",\"caption\":\"La R\u00e9daction BYmyCAR\"},\"sameAs\":[\"https:\/\/www.bymycar.fr\/\"]}]}<\/script>\n<!-- \/ Yoast SEO Premium plugin. -->","yoast_head_json":{"title":"Quels sont les prix des Audi A4 d'occasion ?","robots":{"index":"index","follow":"follow","max-snippet":"max-snippet:-1","max-image-preview":"max-image-preview:large","max-video-preview":"max-video-preview:-1"},"canonical":"https:\/\/www.bymycar.fr\/webzine\/quels-sont-les-prix-des-audi-a4-doccasion\/","og_locale":"fr_FR","og_type":"article","og_title":"Quels sont les prix des Audi A4 d'occasion ?","og_url":"https:\/\/www.bymycar.fr\/webzine\/quels-sont-les-prix-des-audi-a4-doccasion\/","og_site_name":"Webzine auto BYmyCAR","article_published_time":"2023-07-24T16:01:54+00:00","article_modified_time":"2025-09-09T09:36:38+00:00","og_image":[{"width":2560,"height":1811,"url":"https:\/\/cdn.bymycar.eu\/fr-webzine\/wp-content\/uploads\/medias\/A192632_medium.jpg","type":"image\/jpeg"}],"author":"La R\u00e9daction BYmyCAR","twitter_card":"summary_large_image","twitter_misc":{"\u00c9crit par":"La R\u00e9daction BYmyCAR"},"schema":{"@context":"https:\/\/schema.org","@graph":[{"@type":"Article","@id":"https:\/\/www.bymycar.fr\/webzine\/quels-sont-les-prix-des-audi-a4-doccasion\/#article","isPartOf":{"@id":"https:\/\/www.bymycar.fr\/webzine\/quels-sont-les-prix-des-audi-a4-doccasion\/"},"author":{"name":"La R\u00e9daction BYmyCAR","@id":"https:\/\/www.bymycar.fr\/webzine\/#\/schema\/person\/8d570fe11eb8929f06c1e6d00f4d9689"},"headline":"Quels sont les prix des Audi A4 d&rsquo;occasion ?","datePublished":"2023-07-24T16:01:54+00:00","dateModified":"2025-09-09T09:36:38+00:00","mainEntityOfPage":{"@id":"https:\/\/www.bymycar.fr\/webzine\/quels-sont-les-prix-des-audi-a4-doccasion\/"},"wordCount":9,"publisher":{"@id":"https:\/\/www.bymycar.fr\/webzine\/#organization"},"image":{"@id":"https:\/\/www.bymycar.fr\/webzine\/quels-sont-les-prix-des-audi-a4-doccasion\/#primaryimage"},"thumbnailUrl":"https:\/\/cdn.bymycar.eu\/fr-webzine\/wp-content\/uploads\/medias\/A192632_medium.jpg","articleSection":["Guide d'achat Audi A4 occasion"],"inLanguage":"fr-FR"},{"@type":"WebPage","@id":"https:\/\/www.bymycar.fr\/webzine\/quels-sont-les-prix-des-audi-a4-doccasion\/","url":"https:\/\/www.bymycar.fr\/webzine\/quels-sont-les-prix-des-audi-a4-doccasion\/","name":"Quels sont les prix des Audi A4 d'occasion ?","isPartOf":{"@id":"https:\/\/www.bymycar.fr\/webzine\/#website"},"primaryImageOfPage":{"@id":"https:\/\/www.bymycar.fr\/webzine\/quels-sont-les-prix-des-audi-a4-doccasion\/#primaryimage"},"image":{"@id":"https:\/\/www.bymycar.fr\/webzine\/quels-sont-les-prix-des-audi-a4-doccasion\/#primaryimage"},"thumbnailUrl":"https:\/\/cdn.bymycar.eu\/fr-webzine\/wp-content\/uploads\/medias\/A192632_medium.jpg","datePublished":"2023-07-24T16:01:54+00:00","dateModified":"2025-09-09T09:36:38+00:00","breadcrumb":{"@id":"https:\/\/www.bymycar.fr\/webzine\/quels-sont-les-prix-des-audi-a4-doccasion\/#breadcrumb"},"inLanguage":"fr-FR","potentialAction":[{"@type":"ReadAction","target":["https:\/\/www.bymycar.fr\/webzine\/quels-sont-les-prix-des-audi-a4-doccasion\/"]}]},{"@type":"ImageObject","inLanguage":"fr-FR","@id":"https:\/\/www.bymycar.fr\/webzine\/quels-sont-les-prix-des-audi-a4-doccasion\/#primaryimage","url":"https:\/\/cdn.bymycar.eu\/fr-webzine\/wp-content\/uploads\/medias\/A192632_medium.jpg","contentUrl":"https:\/\/cdn.bymycar.eu\/fr-webzine\/wp-content\/uploads\/medias\/A192632_medium.jpg","width":2560,"height":1811,"caption":"Dynamic photo, Colour: Tango Red"},{"@type":"BreadcrumbList","@id":"https:\/\/www.bymycar.fr\/webzine\/quels-sont-les-prix-des-audi-a4-doccasion\/#breadcrumb","itemListElement":[{"@type":"ListItem","position":1,"name":"Accueil","item":"https:\/\/www.bymycar.fr\/webzine\/"},{"@type":"ListItem","position":2,"name":"Quels sont les prix des Audi A4 d&rsquo;occasion ?"}]},{"@type":"WebSite","@id":"https:\/\/www.bymycar.fr\/webzine\/#website","url":"https:\/\/www.bymycar.fr\/webzine\/","name":"Webzine auto BYmyCAR","description":"La magazine auto de BYmyCAR","publisher":{"@id":"https:\/\/www.bymycar.fr\/webzine\/#organization"},"potentialAction":[{"@type":"SearchAction","target":{"@type":"EntryPoint","urlTemplate":"https:\/\/www.bymycar.fr\/webzine\/?s={search_term_string}"},"query-input":{"@type":"PropertyValueSpecification","valueRequired":true,"valueName":"search_term_string"}}],"inLanguage":"fr-FR"},{"@type":"Organization","@id":"https:\/\/www.bymycar.fr\/webzine\/#organization","name":"BYmyCAR","url":"https:\/\/www.bymycar.fr\/webzine\/","logo":{"@type":"ImageObject","inLanguage":"fr-FR","@id":"https:\/\/www.bymycar.fr\/webzine\/#\/schema\/logo\/image\/","url":"https:\/\/cdn.bymycar.eu\/fr-webzine\/wp-content\/uploads\/medias\/2017\/08\/logo_DEALER_00000406_001.png","contentUrl":"https:\/\/cdn.bymycar.eu\/fr-webzine\/wp-content\/uploads\/medias\/2017\/08\/logo_DEALER_00000406_001.png","width":2132,"height":720,"caption":"BYmyCAR"},"image":{"@id":"https:\/\/www.bymycar.fr\/webzine\/#\/schema\/logo\/image\/"}},{"@type":"Person","@id":"https:\/\/www.bymycar.fr\/webzine\/#\/schema\/person\/8d570fe11eb8929f06c1e6d00f4d9689","name":"La R\u00e9daction BYmyCAR","image":{"@type":"ImageObject","inLanguage":"fr-FR","@id":"https:\/\/www.bymycar.fr\/webzine\/#\/schema\/person\/image\/","url":"https:\/\/secure.gravatar.com\/avatar\/1aa6b039d0ce106989923af4e2d0f2a0c82bb070d5e449f1b9adf082a5863900?s=96&d=mm&r=g","contentUrl":"https:\/\/secure.gravatar.com\/avatar\/1aa6b039d0ce106989923af4e2d0f2a0c82bb070d5e449f1b9adf082a5863900?s=96&d=mm&r=g","caption":"La R\u00e9daction BYmyCAR"},"sameAs":["https:\/\/www.bymycar.fr\/"]}]}},"_links":{"self":[{"href":"https:\/\/www.bymycar.fr\/webzine\/wp-json\/wp\/v2\/posts\/41881","targetHints":{"allow":["GET"]}}],"collection":[{"href":"https:\/\/www.bymycar.fr\/webzine\/wp-json\/wp\/v2\/posts"}],"about":[{"href":"https:\/\/www.bymycar.fr\/webzine\/wp-json\/wp\/v2\/types\/post"}],"author":[{"embeddable":true,"href":"https:\/\/www.bymycar.fr\/webzine\/wp-json\/wp\/v2\/users\/88"}],"replies":[{"embeddable":true,"href":"https:\/\/www.bymycar.fr\/webzine\/wp-json\/wp\/v2\/comments?post=41881"}],"version-history":[{"count":6,"href":"https:\/\/www.bymycar.fr\/webzine\/wp-json\/wp\/v2\/posts\/41881\/revisions"}],"predecessor-version":[{"id":58363,"href":"https:\/\/www.bymycar.fr\/webzine\/wp-json\/wp\/v2\/posts\/41881\/revisions\/58363"}],"wp:featuredmedia":[{"embeddable":true,"href":"https:\/\/www.bymycar.fr\/webzine\/wp-json\/wp\/v2\/media\/41882"}],"wp:attachment":[{"href":"https:\/\/www.bymycar.fr\/webzine\/wp-json\/wp\/v2\/media?parent=41881"}],"wp:term":[{"taxonomy":"category","embeddable":true,"href":"https:\/\/www.bymycar.fr\/webzine\/wp-json\/wp\/v2\/categories?post=41881"},{"taxonomy":"post_tag","embeddable":true,"href":"https:\/\/www.bymycar.fr\/webzine\/wp-json\/wp\/v2\/tags?post=41881"}],"curies":[{"name":"wp","href":"https:\/\/api.w.org\/{rel}","templated":true}]}}