{"id":41550,"date":"2023-07-13T18:24:45","date_gmt":"2023-07-13T16:24:45","guid":{"rendered":"https:\/\/prod.bymycar.fr\/webzine\/?p=41550"},"modified":"2023-09-07T16:13:27","modified_gmt":"2023-09-07T14:13:27","slug":"quand-faire-la-revision-de-votre-voiture","status":"publish","type":"post","link":"https:\/\/www.bymycar.fr\/webzine\/quand-faire-la-revision-de-votre-voiture\/","title":{"rendered":"Quand faire la r\u00e9vision de votre voiture ?"},"content":{"rendered":"","protected":false},"excerpt":{"rendered":"","protected":false},"author":88,"featured_media":41554,"comment_status":"closed","ping_status":"open","sticky":false,"template":"","format":"standard","meta":{"_acf_changed":false,"footnotes":""},"categories":[14],"tags":[],"class_list":["post-41550","post","type-post","status-publish","format-standard","has-post-thumbnail","hentry","category-equipement-entretien-et-reparation"],"acf":{"template":"classique","introduction":"<p style=\"text-align: justify;\"><span style=\"font-weight: 400;\">La r\u00e9vision automobile consiste \u00e0 faire examiner par\u00a0<\/span><a href=\"https:\/\/www.bymycar.fr\/entretenir-mon-vehicule\"><span style=\"font-weight: 400;\">un sp\u00e9cialiste<\/span><\/a><span style=\"font-weight: 400;\">, \u00e0 intervalles r\u00e9guliers, les diff\u00e9rents composants d&rsquo;un v\u00e9hicule : moteur, essuie-glace, filtre \u00e0 huile, courroie de distribution&#8230; La r\u00e9vision de votre voiture permet d&rsquo;assurer son bon fonctionnement, et contribue \u00e0 sa fiabilit\u00e9, sa dur\u00e9e de vie mais \u00e9galement \u00e0 la s\u00e9curit\u00e9 du conducteur et de ses passagers.<\/span><\/p>\n<p>&nbsp;<\/p>\n<p style=\"text-align: center;\"><a href=\"https:\/\/www.bymycar.fr\/entretenir-mon-vehicule\" target=\"_blank\" class=\"css-button css-button--gold\" >\n                Je souhaite faire entretenir ma voiture &gt;\n        <\/a><\/p>\n","strates":[{"type_strate":"texte-simple","ancre":"","contenu":"<h2 style=\"text-align: justify;\"><b>Tous les combien de temps faire la r\u00e9vision automobile ?<\/b><\/h2>\n<p style=\"text-align: justify;\"><span style=\"font-weight: 400;\">Le d\u00e9lai entre deux r\u00e9visions automobiles va \u00eatre variable et d\u00e9pendra de plusieurs facteurs : le mod\u00e8le de la voiture, si votre voiture est neuve ou non, son type de moteur, s&rsquo;il s&rsquo;agit d&rsquo;un v\u00e9hicule essence, diesel ou \u00e9lectrique&#8230;<\/span><\/p>\n<p style=\"text-align: justify;\"><span style=\"font-weight: 400;\">Notez que la r\u00e9vision g\u00e9n\u00e9rale est un point primordial \u00e0 prendre en compte dans votre <\/span><b>carnet d&rsquo;entretien<\/b><span style=\"font-weight: 400;\">. En effet, les constructeurs ont mis en place pour chaque voiture un carnet d\u2019entretien pour informer les usagers sur la fr\u00e9quence des r\u00e9visions. Ce carnet d\u2019entretien est livr\u00e9 lors de l\u2019achat d\u2019une voiture neuve ou d\u2019occasion. Il donne le d\u00e9tail et la fr\u00e9quence des r\u00e9visions \u00e0 effectuer sur la voiture.<\/span><\/p>\n<p style=\"text-align: justify;\"><span style=\"font-weight: 400;\">En r\u00e8gle g\u00e9n\u00e9rale, la fr\u00e9quence recommand\u00e9e est <\/span><b>tous les 12 mois ou tous les 15 000 kilom\u00e8tres \u00e0 30 000 km.<\/b><\/p>\n<p>&nbsp;<\/p>\n<h2 style=\"text-align: justify;\"><b>Est-ce que la r\u00e9vision auto est obligatoire ?<\/b><\/h2>\n<p style=\"text-align: justify;\"><span style=\"font-weight: 400;\">Bien que non obligatoire, la<\/span><b> r\u00e9vision de votre auto est primordiale<\/b><span style=\"font-weight: 400;\"> pour assurer sa mise en circulation dans les meilleures conditions. En revanche, la loi impose aux propri\u00e9taires de v\u00e9hicules une obligation de bon entretien, afin de remplir \u00e0 leurs obligations s\u00e9curitaires.<\/span><\/p>\n<p style=\"text-align: justify;\"><span style=\"font-weight: 400;\">Pour les voitures neuves, la r\u00e9vision est obligatoire afin de conserver le b\u00e9n\u00e9fice de la garantie constructeur. M\u00eame si vous ne conduisez que peu ou pas votre v\u00e9hicule, la r\u00e9vision auto reste \u00e9galement essentielle et vous permet d&rsquo;avoir un carnet d&rsquo;entretien \u00e0 jour. En effet, les pi\u00e8ces peuvent s&rsquo;user au contact de l&rsquo;air.<\/span><\/p>\n<p style=\"text-align: justify;\"><span style=\"font-weight: 400;\">En suivant les recommandations du fabricant et en effectuant les r\u00e9visions r\u00e9guli\u00e8rement, vous contribuez \u00e0 maintenir votre voiture en bon \u00e9tat de fonctionnement, prolonger sa dur\u00e9e de vie et pr\u00e9venir les probl\u00e8mes m\u00e9caniques potentiels.<\/span><\/p>\n<p style=\"text-align: justify;\"><span style=\"font-weight: 400;\">Si vous avez besoin de renseignement sur l&rsquo;entretien de votre voiture, pensez \u00e0 vous rendre en garage pour consulter un professionnel qui saura r\u00e9pondre \u00e0 toutes vos questions.<\/span><\/p>\n<p>&nbsp;<\/p>\n<h2 style=\"text-align: justify;\"><b>Quel est le prix moyen d&rsquo;une r\u00e9vision de son v\u00e9hicule ?<\/b><\/h2>\n<p style=\"text-align: justify;\"><span style=\"font-weight: 400;\">Le prix d&rsquo;une r\u00e9vision auto peut \u00eatre tr\u00e8s variable car il d\u00e9pend de nombreux facteurs. Le garage dans lequel vous effectuez votre r\u00e9vision vous indiquera le prix en fonction de son diagnostic. Le prix d\u2019une r\u00e9vision peut \u00e9galement varier d\u2019un garage \u00e0 l\u2019autre.<\/span><\/p>\n<p style=\"text-align: justify;\"><span style=\"font-weight: 400;\">Le prix d&rsquo;une r\u00e9vision pour une voiture commence \u00e0 <\/span><b>150 \u20ac<\/b> et peux varier en fonction de la marque et du mod\u00e8le du v\u00e9hicule ainsi que du type de conduite et du kilom\u00e9trage.<\/p>\n<p style=\"text-align: justify;\"><span style=\"font-weight: 400;\">La garantie constructeur accorde une <\/span><b>garantie <\/b><span style=\"font-weight: 400;\">g\u00e9n\u00e9ralement de 2 ans sur l&rsquo;ensemble des pi\u00e8ces du v\u00e9hicule \u00e0 l&rsquo;exception des pi\u00e8ces d&rsquo;usure, ce qui prendra en charge une partie des frais de r\u00e9parations. Le cas \u00e9ch\u00e9ant, ces frais vous seront d\u00fbs.<\/span><\/p>\n<p>&nbsp;<\/p>\n<h2 style=\"text-align: justify;\"><b>Combien de temps dure la r\u00e9vision d&rsquo;une voiture ?<\/b><\/h2>\n<p style=\"text-align: justify;\"><span style=\"font-weight: 400;\">La dur\u00e9e de r\u00e9vision de votre v\u00e9hicule d\u00e9pend principalement du mod\u00e8le et de l&rsquo;\u00e9tat du v\u00e9hicule. En moyenne, il ne faut pas pr\u00e9voir un long d\u00e9lai. Pensez \u00e0<\/span> <span style=\"font-weight: 400;\">prendre rendez-vous<\/span><span style=\"font-weight: 400;\"> puis comptez <\/span><b>g\u00e9n\u00e9ralement 2 heures<\/b><span style=\"font-weight: 400;\">, voire plus si il y a des pi\u00e8ces \u00e0 remplacer. Votre carnet d&rsquo;entretien sera ensuite mis \u00e0 jour.<\/span><\/p>\n<p>&nbsp;<\/p>\n<h2 style=\"text-align: justify;\"><b>Diff\u00e9rence entre r\u00e9vision compl\u00e8te et contr\u00f4le technique ?<\/b><\/h2>\n<p style=\"text-align: justify;\"><span style=\"font-weight: 400;\">Bon nombre de conducteurs confondent ces deux termes. Pourtant, chacun d&rsquo;entre eux a des buts pr\u00e9cis et\u00a0 les tests effectu\u00e9s y sont diff\u00e9rents.<\/span><\/p>\n<p style=\"text-align: justify;\"><span style=\"font-weight: 400;\">Le <\/span><b>contr\u00f4le technique<\/b><span style=\"font-weight: 400;\"> est obligatoire tous les 2 ans \u00e0 partir de la 4\u00e8me ann\u00e9e suivant la premi\u00e8re immatriculation du v\u00e9hicule. Il doit \u00eatre effectu\u00e9 dans<\/span> <span style=\"font-weight: 400;\">un centre agr\u00e9\u00e9<\/span><span style=\"font-weight: 400;\"> pouvant effectuer un contr\u00f4le technique et d\u00e9livrer un proc\u00e8s-verbal.<\/span><\/p>\n<p style=\"text-align: justify;\"><span style=\"font-weight: 400;\">Durant ce rendez-vous, le professionnel n&rsquo;effectue<\/span> <span style=\"font-weight: 400;\">pas moins de 133 points de contr\u00f4le. Pour chacun d&rsquo;entre eux, il y indiquera le bon fonctionnement ou le niveau de d\u00e9faillance (mineure, majeure ou critique) s\u2019il y en a une.<\/span><\/p>\n<p style=\"text-align: justify;\"><b>La r\u00e9vision <\/b><span style=\"font-weight: 400;\">du v\u00e9hicule consiste quant \u00e0 elle \u00e0 examiner \u00e0 fr\u00e9quence r\u00e9guli\u00e8re le bon fonctionnement de la m\u00e9canique et des circuits \u00e9lectroniques. Le carnet d&rsquo;entretien de votre voiture vous indique le d\u00e9lai entre deux r\u00e9visions.<\/span><\/p>\n<p style=\"text-align: justify;\"><span style=\"font-weight: 400;\">C\u2019est donc le constructeur qui d\u00e9termine la fr\u00e9quence des r\u00e9visions \u00e0 effectuer pour chacun de ses mod\u00e8les. Effectuer les r\u00e9visions demand\u00e9es est n\u00e9cessaire pour faire fonctionner la garantie constructeur en cas de besoin. La dur\u00e9e de vie d\u2019une garantie constructeur est entre 2 ans et 7 ans.<\/span><\/p>\n","titre":"Quand faire la r\u00e9vision de votre voiture ?","image":false,"image_libre":false,"image_800x500":false,"legende":"","zoom":false,"texte":"","articles":false,"categorie_droite":false,"images":false,"elements_comparatif":false,"texte_1":"","texte_2":"","image_1":false,"image_1_563x400":false,"image_1_332x332":false,"image_2":false,"image_2_333x240":false,"image_2_563x400":false,"image_3":false,"image_3_333x240":false,"image_3_332x450":false,"image_4":false,"image_4_332x332":false,"image_4_563x400":false,"code_embed":"","legende_video":"","photo":false,"photo_100x100":false,"nom":"","fonction":"","elements_timeline":false,"entetes_colonnes":false,"entetes_lignes":false,"lignes":false,"introduction":"","formulaire":false,"question":"","reponse":"","libelle_bouton_lien":"","url_lien":"","questions":false,"conclusions":false,"pays":false,"region":false,"marque":false,"marqueConcessions":false,"modele":false,"ptvente":false,"typeV":false,"collection":false,"nombre_maximum_elements":10,"lien_fin_carousel":"","texte_lien_fin_carousel":"","trier_par":false},{"type_strate":"texte-simple","ancre":"","contenu":"<h3>A lire \u00e9galement<\/h3>\n<p><a href=\"https:\/\/www.bymycar.fr\/webzine\/frequence-des-revisions-age-ou-kilometrage\/\">Fr\u00e9quence des r\u00e9visions : \u00e2ge ou kilom\u00e9trage ?<\/a><\/p>\n<p><a href=\"https:\/\/www.bymycar.fr\/webzine\/quelle-est-la-difference-entre-la-vidange-et-la-revision\/\">Quelle est la diff\u00e9rence entre la vidange et la r\u00e9vision ?<\/a><\/p>\n<p><a href=\"https:\/\/www.bymycar.fr\/webzine\/que-comprend-une-revision-automobile\/\">Que comprend une r\u00e9vision automobile ?<\/a><\/p>\n<p><a href=\"https:\/\/www.bymycar.fr\/webzine\/quel-est-le-prix-d-une-revision\/\">Quel est le prix d\u2019une r\u00e9vision ?<\/a><\/p>\n<p><a href=\"https:\/\/www.bymycar.fr\/webzine\/quel-est-le-cout-d-entretien-d-une-voiture-electrique\/\">Quel est le co\u00fbt d\u2019entretien d\u2019une voiture \u00e9lectrique ?<\/a><\/p>\n<p><a href=\"https:\/\/www.bymycar.fr\/webzine\/combien-de-temps-dure-un-entretien-de-voiture\/\">Combien de temps dure un entretien de voiture ?<\/a><\/p>\n<p><a href=\"https:\/\/www.bymycar.fr\/webzine\/quelle-est-la-difference-entre-revision-et-controle-technique\/\">Quelle est la diff\u00e9rence entre r\u00e9vision en contr\u00f4le technique ?<\/a><\/p>\n<p><a href=\"https:\/\/www.bymycar.fr\/webzine\/a-quoi-sert-la-premiere-revision-sur-une-voiture-neuve\/\">A quoi sert la premi\u00e8re r\u00e9vision sur une voiture neuve ?<\/a><\/p>\n<p><a href=\"https:\/\/www.bymycar.fr\/webzine\/comment-se-deroule-une-revision\/\">Comment se d\u00e9roule une r\u00e9vision ?<\/a><\/p>\n","titre":"liens","image":false,"image_libre":false,"image_800x500":false,"legende":"","zoom":false,"texte":"","articles":false,"categorie_droite":false,"images":false,"elements_comparatif":false,"texte_1":"","texte_2":"","image_1":false,"image_1_563x400":false,"image_1_332x332":false,"image_2":false,"image_2_333x240":false,"image_2_563x400":false,"image_3":false,"image_3_333x240":false,"image_3_332x450":false,"image_4":false,"image_4_332x332":false,"image_4_563x400":false,"code_embed":"","legende_video":"","photo":false,"photo_100x100":false,"nom":"","fonction":"","elements_timeline":false,"entetes_colonnes":false,"entetes_lignes":false,"lignes":false,"introduction":"","formulaire":false,"question":"","reponse":"","libelle_bouton_lien":"","url_lien":"","questions":false,"conclusions":false,"pays":false,"region":false,"marque":false,"marqueConcessions":false,"modele":false,"ptvente":false,"typeV":false,"collection":false,"nombre_maximum_elements":10,"lien_fin_carousel":"","texte_lien_fin_carousel":"","trier_par":false}],"is_old_post":false,"image":{"ID":41554,"id":41554,"title":"25042023-\u00a9MarieBrunel-BMWMini-002","filename":"25042023-\u00a9MarieBrunel-BMWMini-002.jpg","filesize":1,"url":"https:\/\/cdn.bymycar.eu\/fr-webzine\/wp-content\/uploads\/medias\/25042023-%C2%A9MarieBrunel-BMWMini-002.jpg","link":"https:\/\/www.bymycar.fr\/webzine\/quand-faire-la-revision-de-votre-voiture\/25042023-mariebrunel-bmwmini-002\/","alt":"Personne en atelier proc\u00e9dant \u00e0 une r\u00e9vision","author":"88","description":"Personne en atelier proc\u00e9dant \u00e0 une r\u00e9vision","caption":"","name":"25042023-mariebrunel-bmwmini-002","status":"inherit","uploaded_to":41550,"date":"2023-07-10 09:21:15","modified":"2023-07-10 09:24:18","menu_order":0,"mime_type":"image\/jpeg","type":"image","subtype":"jpeg","icon":"https:\/\/www.bymycar.fr\/webzine\/wp-includes\/images\/media\/default.png","width":2560,"height":1707,"sizes":{"thumbnail":"https:\/\/cdn.bymycar.eu\/fr-webzine\/wp-content\/uploads\/medias\/25042023-%C2%A9MarieBrunel-BMWMini-002-150x150.jpg","thumbnail-width":150,"thumbnail-height":150,"medium":"https:\/\/cdn.bymycar.eu\/fr-webzine\/wp-content\/uploads\/medias\/25042023-%C2%A9MarieBrunel-BMWMini-002-300x200.jpg","medium-width":300,"medium-height":200,"medium_large":"https:\/\/cdn.bymycar.eu\/fr-webzine\/wp-content\/uploads\/medias\/25042023-%C2%A9MarieBrunel-BMWMini-002-768x512.jpg","medium_large-width":768,"medium_large-height":512,"large":"https:\/\/cdn.bymycar.eu\/fr-webzine\/wp-content\/uploads\/medias\/25042023-%C2%A9MarieBrunel-BMWMini-002-1024x683.jpg","large-width":1024,"large-height":683,"1536x1536":"https:\/\/cdn.bymycar.eu\/fr-webzine\/wp-content\/uploads\/medias\/25042023-%C2%A9MarieBrunel-BMWMini-002-1536x1024.jpg","1536x1536-width":1536,"1536x1536-height":1024,"2048x2048":"https:\/\/cdn.bymycar.eu\/fr-webzine\/wp-content\/uploads\/medias\/25042023-%C2%A9MarieBrunel-BMWMini-002-2048x1365.jpg","2048x2048-width":2048,"2048x2048-height":1365}},"page_content":{"block_content":[{"acf_fc_layout":"text-simple","--nav":{"-withNav":false,"-ancre":""},"--group":{"-text":"<h2 style=\"text-align: justify;\"><b>Tous les combien de temps faire la r\u00e9vision automobile ?<\/b><\/h2>\n<p style=\"text-align: justify;\"><span style=\"font-weight: 400;\">Le d\u00e9lai entre deux r\u00e9visions automobiles va \u00eatre variable et d\u00e9pendra de plusieurs facteurs : le mod\u00e8le de la voiture, si votre voiture est neuve ou non, son type de moteur, s&rsquo;il s&rsquo;agit d&rsquo;un v\u00e9hicule essence, diesel ou \u00e9lectrique&#8230;<\/span><\/p>\n<p style=\"text-align: justify;\"><span style=\"font-weight: 400;\">Notez que la r\u00e9vision g\u00e9n\u00e9rale est un point primordial \u00e0 prendre en compte dans votre <\/span><b>carnet d&rsquo;entretien<\/b><span style=\"font-weight: 400;\">. En effet, les constructeurs ont mis en place pour chaque voiture un carnet d\u2019entretien pour informer les usagers sur la fr\u00e9quence des r\u00e9visions. Ce carnet d\u2019entretien est livr\u00e9 lors de l\u2019achat d\u2019une voiture neuve ou d\u2019occasion. Il donne le d\u00e9tail et la fr\u00e9quence des r\u00e9visions \u00e0 effectuer sur la voiture.<\/span><\/p>\n<p style=\"text-align: justify;\"><span style=\"font-weight: 400;\">En r\u00e8gle g\u00e9n\u00e9rale, la fr\u00e9quence recommand\u00e9e est <\/span><b>tous les 12 mois ou tous les 15 000 kilom\u00e8tres \u00e0 30 000 km.<\/b><\/p>\n<p>&nbsp;<\/p>\n<h2 style=\"text-align: justify;\"><b>Est-ce que la r\u00e9vision auto est obligatoire ?<\/b><\/h2>\n<p style=\"text-align: justify;\"><span style=\"font-weight: 400;\">Bien que non obligatoire, la<\/span><b> r\u00e9vision de votre auto est primordiale<\/b><span style=\"font-weight: 400;\"> pour assurer sa mise en circulation dans les meilleures conditions. En revanche, la loi impose aux propri\u00e9taires de v\u00e9hicules une obligation de bon entretien, afin de remplir \u00e0 leurs obligations s\u00e9curitaires.<\/span><\/p>\n<p style=\"text-align: justify;\"><span style=\"font-weight: 400;\">Pour les voitures neuves, la r\u00e9vision est obligatoire afin de conserver le b\u00e9n\u00e9fice de la garantie constructeur. M\u00eame si vous ne conduisez que peu ou pas votre v\u00e9hicule, la r\u00e9vision auto reste \u00e9galement essentielle et vous permet d&rsquo;avoir un carnet d&rsquo;entretien \u00e0 jour. En effet, les pi\u00e8ces peuvent s&rsquo;user au contact de l&rsquo;air.<\/span><\/p>\n<p style=\"text-align: justify;\"><span style=\"font-weight: 400;\">En suivant les recommandations du fabricant et en effectuant les r\u00e9visions r\u00e9guli\u00e8rement, vous contribuez \u00e0 maintenir votre voiture en bon \u00e9tat de fonctionnement, prolonger sa dur\u00e9e de vie et pr\u00e9venir les probl\u00e8mes m\u00e9caniques potentiels.<\/span><\/p>\n<p style=\"text-align: justify;\"><span style=\"font-weight: 400;\">Si vous avez besoin de renseignement sur l&rsquo;entretien de votre voiture, pensez \u00e0 vous rendre en garage pour consulter un professionnel qui saura r\u00e9pondre \u00e0 toutes vos questions.<\/span><\/p>\n<p>&nbsp;<\/p>\n<h2 style=\"text-align: justify;\"><b>Quel est le prix moyen d&rsquo;une r\u00e9vision de son v\u00e9hicule ?<\/b><\/h2>\n<p style=\"text-align: justify;\"><span style=\"font-weight: 400;\">Le prix d&rsquo;une r\u00e9vision auto peut \u00eatre tr\u00e8s variable car il d\u00e9pend de nombreux facteurs. Le garage dans lequel vous effectuez votre r\u00e9vision vous indiquera le prix en fonction de son diagnostic. Le prix d\u2019une r\u00e9vision peut \u00e9galement varier d\u2019un garage \u00e0 l\u2019autre.<\/span><\/p>\n<p style=\"text-align: justify;\"><span style=\"font-weight: 400;\">Le prix d&rsquo;une r\u00e9vision pour une voiture commence \u00e0 <\/span><b>150 \u20ac<\/b> et peux varier en fonction de la marque et du mod\u00e8le du v\u00e9hicule ainsi que du type de conduite et du kilom\u00e9trage.<\/p>\n<p style=\"text-align: justify;\"><span style=\"font-weight: 400;\">La garantie constructeur accorde une <\/span><b>garantie <\/b><span style=\"font-weight: 400;\">g\u00e9n\u00e9ralement de 2 ans sur l&rsquo;ensemble des pi\u00e8ces du v\u00e9hicule \u00e0 l&rsquo;exception des pi\u00e8ces d&rsquo;usure, ce qui prendra en charge une partie des frais de r\u00e9parations. Le cas \u00e9ch\u00e9ant, ces frais vous seront d\u00fbs.<\/span><\/p>\n<p>&nbsp;<\/p>\n<h2 style=\"text-align: justify;\"><b>Combien de temps dure la r\u00e9vision d&rsquo;une voiture ?<\/b><\/h2>\n<p style=\"text-align: justify;\"><span style=\"font-weight: 400;\">La dur\u00e9e de r\u00e9vision de votre v\u00e9hicule d\u00e9pend principalement du mod\u00e8le et de l&rsquo;\u00e9tat du v\u00e9hicule. En moyenne, il ne faut pas pr\u00e9voir un long d\u00e9lai. Pensez \u00e0<\/span> <span style=\"font-weight: 400;\">prendre rendez-vous<\/span><span style=\"font-weight: 400;\"> puis comptez <\/span><b>g\u00e9n\u00e9ralement 2 heures<\/b><span style=\"font-weight: 400;\">, voire plus si il y a des pi\u00e8ces \u00e0 remplacer. Votre carnet d&rsquo;entretien sera ensuite mis \u00e0 jour.<\/span><\/p>\n<p>&nbsp;<\/p>\n<h2 style=\"text-align: justify;\"><b>Diff\u00e9rence entre r\u00e9vision compl\u00e8te et contr\u00f4le technique ?<\/b><\/h2>\n<p style=\"text-align: justify;\"><span style=\"font-weight: 400;\">Bon nombre de conducteurs confondent ces deux termes. Pourtant, chacun d&rsquo;entre eux a des buts pr\u00e9cis et\u00a0 les tests effectu\u00e9s y sont diff\u00e9rents.<\/span><\/p>\n<p style=\"text-align: justify;\"><span style=\"font-weight: 400;\">Le <\/span><b>contr\u00f4le technique<\/b><span style=\"font-weight: 400;\"> est obligatoire tous les 2 ans \u00e0 partir de la 4\u00e8me ann\u00e9e suivant la premi\u00e8re immatriculation du v\u00e9hicule. Il doit \u00eatre effectu\u00e9 dans<\/span> <span style=\"font-weight: 400;\">un centre agr\u00e9\u00e9<\/span><span style=\"font-weight: 400;\"> pouvant effectuer un contr\u00f4le technique et d\u00e9livrer un proc\u00e8s-verbal.<\/span><\/p>\n<p style=\"text-align: justify;\"><span style=\"font-weight: 400;\">Durant ce rendez-vous, le professionnel n&rsquo;effectue<\/span> <span style=\"font-weight: 400;\">pas moins de 133 points de contr\u00f4le. Pour chacun d&rsquo;entre eux, il y indiquera le bon fonctionnement ou le niveau de d\u00e9faillance (mineure, majeure ou critique) s\u2019il y en a une.<\/span><\/p>\n<p style=\"text-align: justify;\"><b>La r\u00e9vision <\/b><span style=\"font-weight: 400;\">du v\u00e9hicule consiste quant \u00e0 elle \u00e0 examiner \u00e0 fr\u00e9quence r\u00e9guli\u00e8re le bon fonctionnement de la m\u00e9canique et des circuits \u00e9lectroniques. Le carnet d&rsquo;entretien de votre voiture vous indique le d\u00e9lai entre deux r\u00e9visions.<\/span><\/p>\n<p style=\"text-align: justify;\"><span style=\"font-weight: 400;\">C\u2019est donc le constructeur qui d\u00e9termine la fr\u00e9quence des r\u00e9visions \u00e0 effectuer pour chacun de ses mod\u00e8les. Effectuer les r\u00e9visions demand\u00e9es est n\u00e9cessaire pour faire fonctionner la garantie constructeur en cas de besoin. La dur\u00e9e de vie d\u2019une garantie constructeur est entre 2 ans et 7 ans.<\/span><\/p>\n"}},{"acf_fc_layout":"text-simple","--nav":{"-withNav":false,"-ancre":""},"--group":{"-text":"<h3>A lire \u00e9galement<\/h3>\n<p><a href=\"https:\/\/www.bymycar.fr\/webzine\/frequence-des-revisions-age-ou-kilometrage\/\">Fr\u00e9quence des r\u00e9visions : \u00e2ge ou kilom\u00e9trage ?<\/a><\/p>\n<p><a href=\"https:\/\/www.bymycar.fr\/webzine\/quelle-est-la-difference-entre-la-vidange-et-la-revision\/\">Quelle est la diff\u00e9rence entre la vidange et la r\u00e9vision ?<\/a><\/p>\n<p><a href=\"https:\/\/www.bymycar.fr\/webzine\/que-comprend-une-revision-automobile\/\">Que comprend une r\u00e9vision automobile ?<\/a><\/p>\n<p><a href=\"https:\/\/www.bymycar.fr\/webzine\/quel-est-le-prix-d-une-revision\/\">Quel est le prix d\u2019une r\u00e9vision ?<\/a><\/p>\n<p><a href=\"https:\/\/www.bymycar.fr\/webzine\/quel-est-le-cout-d-entretien-d-une-voiture-electrique\/\">Quel est le co\u00fbt d\u2019entretien d\u2019une voiture \u00e9lectrique ?<\/a><\/p>\n<p><a href=\"https:\/\/www.bymycar.fr\/webzine\/combien-de-temps-dure-un-entretien-de-voiture\/\">Combien de temps dure un entretien de voiture ?<\/a><\/p>\n<p><a href=\"https:\/\/www.bymycar.fr\/webzine\/quelle-est-la-difference-entre-revision-et-controle-technique\/\">Quelle est la diff\u00e9rence entre r\u00e9vision en contr\u00f4le technique ?<\/a><\/p>\n<p><a href=\"https:\/\/www.bymycar.fr\/webzine\/a-quoi-sert-la-premiere-revision-sur-une-voiture-neuve\/\">A quoi sert la premi\u00e8re r\u00e9vision sur une voiture neuve ?<\/a><\/p>\n<p><a href=\"https:\/\/www.bymycar.fr\/webzine\/comment-se-deroule-une-revision\/\">Comment se d\u00e9roule une r\u00e9vision ?<\/a><\/p>\n"}}]},"add-carousel-to-footer":true},"yoast_head":"<!-- This site is optimized with the Yoast SEO Premium plugin v26.4 (Yoast SEO v26.4) - https:\/\/yoast.com\/wordpress\/plugins\/seo\/ -->\n<title>Quand faire la r\u00e9vision de votre voiture ?<\/title>\n<meta name=\"description\" content=\"La r\u00e9vision de votre voiture est essentielle pour sa fiabilit\u00e9, votre s\u00e9curit\u00e9 et celles de vos passagers. Alors, quand l&#039;effectuer ?\" \/>\n<meta name=\"robots\" content=\"index, follow, max-snippet:-1, max-image-preview:large, max-video-preview:-1\" \/>\n<link rel=\"canonical\" href=\"https:\/\/www.bymycar.fr\/webzine\/quand-faire-la-revision-de-votre-voiture\/\" \/>\n<meta property=\"og:locale\" content=\"fr_FR\" \/>\n<meta property=\"og:type\" content=\"article\" \/>\n<meta property=\"og:title\" content=\"Quand faire la r\u00e9vision de votre voiture ?\" \/>\n<meta property=\"og:description\" content=\"La r\u00e9vision de votre voiture est essentielle pour sa fiabilit\u00e9, votre s\u00e9curit\u00e9 et celles de vos passagers. Alors, quand l&#039;effectuer ?\" \/>\n<meta property=\"og:url\" content=\"https:\/\/www.bymycar.fr\/webzine\/quand-faire-la-revision-de-votre-voiture\/\" \/>\n<meta property=\"og:site_name\" content=\"Webzine auto BYmyCAR\" \/>\n<meta property=\"article:published_time\" content=\"2023-07-13T16:24:45+00:00\" \/>\n<meta property=\"article:modified_time\" content=\"2023-09-07T14:13:27+00:00\" \/>\n<meta property=\"og:image\" content=\"https:\/\/cdn.bymycar.eu\/fr-webzine\/wp-content\/uploads\/medias\/25042023-%C2%A9MarieBrunel-BMWMini-002.jpg\" \/>\n\t<meta property=\"og:image:width\" content=\"2560\" \/>\n\t<meta property=\"og:image:height\" content=\"1707\" \/>\n\t<meta property=\"og:image:type\" content=\"image\/jpeg\" \/>\n<meta name=\"author\" content=\"La R\u00e9daction BYmyCAR\" \/>\n<meta name=\"twitter:card\" content=\"summary_large_image\" \/>\n<meta name=\"twitter:label1\" content=\"\u00c9crit par\" \/>\n\t<meta name=\"twitter:data1\" content=\"La R\u00e9daction BYmyCAR\" \/>\n<script type=\"application\/ld+json\" class=\"yoast-schema-graph\">{\"@context\":\"https:\/\/schema.org\",\"@graph\":[{\"@type\":\"Article\",\"@id\":\"https:\/\/www.bymycar.fr\/webzine\/quand-faire-la-revision-de-votre-voiture\/#article\",\"isPartOf\":{\"@id\":\"https:\/\/www.bymycar.fr\/webzine\/quand-faire-la-revision-de-votre-voiture\/\"},\"author\":{\"name\":\"La R\u00e9daction BYmyCAR\",\"@id\":\"https:\/\/www.bymycar.fr\/webzine\/#\/schema\/person\/8d570fe11eb8929f06c1e6d00f4d9689\"},\"headline\":\"Quand faire la r\u00e9vision de votre voiture ?\",\"datePublished\":\"2023-07-13T16:24:45+00:00\",\"dateModified\":\"2023-09-07T14:13:27+00:00\",\"mainEntityOfPage\":{\"@id\":\"https:\/\/www.bymycar.fr\/webzine\/quand-faire-la-revision-de-votre-voiture\/\"},\"wordCount\":8,\"publisher\":{\"@id\":\"https:\/\/www.bymycar.fr\/webzine\/#organization\"},\"image\":{\"@id\":\"https:\/\/www.bymycar.fr\/webzine\/quand-faire-la-revision-de-votre-voiture\/#primaryimage\"},\"thumbnailUrl\":\"https:\/\/cdn.bymycar.eu\/fr-webzine\/wp-content\/uploads\/medias\/25042023-%C2%A9MarieBrunel-BMWMini-002.jpg\",\"articleSection\":[\"\u00c9quipement, entretien et r\u00e9paration\"],\"inLanguage\":\"fr-FR\"},{\"@type\":\"WebPage\",\"@id\":\"https:\/\/www.bymycar.fr\/webzine\/quand-faire-la-revision-de-votre-voiture\/\",\"url\":\"https:\/\/www.bymycar.fr\/webzine\/quand-faire-la-revision-de-votre-voiture\/\",\"name\":\"Quand faire la r\u00e9vision de votre voiture ?\",\"isPartOf\":{\"@id\":\"https:\/\/www.bymycar.fr\/webzine\/#website\"},\"primaryImageOfPage\":{\"@id\":\"https:\/\/www.bymycar.fr\/webzine\/quand-faire-la-revision-de-votre-voiture\/#primaryimage\"},\"image\":{\"@id\":\"https:\/\/www.bymycar.fr\/webzine\/quand-faire-la-revision-de-votre-voiture\/#primaryimage\"},\"thumbnailUrl\":\"https:\/\/cdn.bymycar.eu\/fr-webzine\/wp-content\/uploads\/medias\/25042023-%C2%A9MarieBrunel-BMWMini-002.jpg\",\"datePublished\":\"2023-07-13T16:24:45+00:00\",\"dateModified\":\"2023-09-07T14:13:27+00:00\",\"description\":\"La r\u00e9vision de votre voiture est essentielle pour sa fiabilit\u00e9, votre s\u00e9curit\u00e9 et celles de vos passagers. Alors, quand l'effectuer ?\",\"breadcrumb\":{\"@id\":\"https:\/\/www.bymycar.fr\/webzine\/quand-faire-la-revision-de-votre-voiture\/#breadcrumb\"},\"inLanguage\":\"fr-FR\",\"potentialAction\":[{\"@type\":\"ReadAction\",\"target\":[\"https:\/\/www.bymycar.fr\/webzine\/quand-faire-la-revision-de-votre-voiture\/\"]}]},{\"@type\":\"ImageObject\",\"inLanguage\":\"fr-FR\",\"@id\":\"https:\/\/www.bymycar.fr\/webzine\/quand-faire-la-revision-de-votre-voiture\/#primaryimage\",\"url\":\"https:\/\/cdn.bymycar.eu\/fr-webzine\/wp-content\/uploads\/medias\/25042023-%C2%A9MarieBrunel-BMWMini-002.jpg\",\"contentUrl\":\"https:\/\/cdn.bymycar.eu\/fr-webzine\/wp-content\/uploads\/medias\/25042023-%C2%A9MarieBrunel-BMWMini-002.jpg\",\"width\":2560,\"height\":1707,\"caption\":\"Personne en atelier proc\u00e9dant \u00e0 une r\u00e9vision\"},{\"@type\":\"BreadcrumbList\",\"@id\":\"https:\/\/www.bymycar.fr\/webzine\/quand-faire-la-revision-de-votre-voiture\/#breadcrumb\",\"itemListElement\":[{\"@type\":\"ListItem\",\"position\":1,\"name\":\"Accueil\",\"item\":\"https:\/\/www.bymycar.fr\/webzine\/\"},{\"@type\":\"ListItem\",\"position\":2,\"name\":\"Quand faire la r\u00e9vision de votre voiture ?\"}]},{\"@type\":\"WebSite\",\"@id\":\"https:\/\/www.bymycar.fr\/webzine\/#website\",\"url\":\"https:\/\/www.bymycar.fr\/webzine\/\",\"name\":\"Webzine auto BYmyCAR\",\"description\":\"La magazine auto de BYmyCAR\",\"publisher\":{\"@id\":\"https:\/\/www.bymycar.fr\/webzine\/#organization\"},\"potentialAction\":[{\"@type\":\"SearchAction\",\"target\":{\"@type\":\"EntryPoint\",\"urlTemplate\":\"https:\/\/www.bymycar.fr\/webzine\/?s={search_term_string}\"},\"query-input\":{\"@type\":\"PropertyValueSpecification\",\"valueRequired\":true,\"valueName\":\"search_term_string\"}}],\"inLanguage\":\"fr-FR\"},{\"@type\":\"Organization\",\"@id\":\"https:\/\/www.bymycar.fr\/webzine\/#organization\",\"name\":\"BYmyCAR\",\"url\":\"https:\/\/www.bymycar.fr\/webzine\/\",\"logo\":{\"@type\":\"ImageObject\",\"inLanguage\":\"fr-FR\",\"@id\":\"https:\/\/www.bymycar.fr\/webzine\/#\/schema\/logo\/image\/\",\"url\":\"https:\/\/cdn.bymycar.eu\/fr-webzine\/wp-content\/uploads\/medias\/2017\/08\/logo_DEALER_00000406_001.png\",\"contentUrl\":\"https:\/\/cdn.bymycar.eu\/fr-webzine\/wp-content\/uploads\/medias\/2017\/08\/logo_DEALER_00000406_001.png\",\"width\":2132,\"height\":720,\"caption\":\"BYmyCAR\"},\"image\":{\"@id\":\"https:\/\/www.bymycar.fr\/webzine\/#\/schema\/logo\/image\/\"}},{\"@type\":\"Person\",\"@id\":\"https:\/\/www.bymycar.fr\/webzine\/#\/schema\/person\/8d570fe11eb8929f06c1e6d00f4d9689\",\"name\":\"La R\u00e9daction BYmyCAR\",\"image\":{\"@type\":\"ImageObject\",\"inLanguage\":\"fr-FR\",\"@id\":\"https:\/\/www.bymycar.fr\/webzine\/#\/schema\/person\/image\/\",\"url\":\"https:\/\/secure.gravatar.com\/avatar\/1aa6b039d0ce106989923af4e2d0f2a0c82bb070d5e449f1b9adf082a5863900?s=96&d=mm&r=g\",\"contentUrl\":\"https:\/\/secure.gravatar.com\/avatar\/1aa6b039d0ce106989923af4e2d0f2a0c82bb070d5e449f1b9adf082a5863900?s=96&d=mm&r=g\",\"caption\":\"La R\u00e9daction BYmyCAR\"},\"sameAs\":[\"https:\/\/www.bymycar.fr\/\"]}]}<\/script>\n<!-- \/ Yoast SEO Premium plugin. -->","yoast_head_json":{"title":"Quand faire la r\u00e9vision de votre voiture ?","description":"La r\u00e9vision de votre voiture est essentielle pour sa fiabilit\u00e9, votre s\u00e9curit\u00e9 et celles de vos passagers. Alors, quand l'effectuer ?","robots":{"index":"index","follow":"follow","max-snippet":"max-snippet:-1","max-image-preview":"max-image-preview:large","max-video-preview":"max-video-preview:-1"},"canonical":"https:\/\/www.bymycar.fr\/webzine\/quand-faire-la-revision-de-votre-voiture\/","og_locale":"fr_FR","og_type":"article","og_title":"Quand faire la r\u00e9vision de votre voiture ?","og_description":"La r\u00e9vision de votre voiture est essentielle pour sa fiabilit\u00e9, votre s\u00e9curit\u00e9 et celles de vos passagers. Alors, quand l'effectuer ?","og_url":"https:\/\/www.bymycar.fr\/webzine\/quand-faire-la-revision-de-votre-voiture\/","og_site_name":"Webzine auto BYmyCAR","article_published_time":"2023-07-13T16:24:45+00:00","article_modified_time":"2023-09-07T14:13:27+00:00","og_image":[{"width":2560,"height":1707,"url":"https:\/\/cdn.bymycar.eu\/fr-webzine\/wp-content\/uploads\/medias\/25042023-%C2%A9MarieBrunel-BMWMini-002.jpg","type":"image\/jpeg"}],"author":"La R\u00e9daction BYmyCAR","twitter_card":"summary_large_image","twitter_misc":{"\u00c9crit par":"La R\u00e9daction BYmyCAR"},"schema":{"@context":"https:\/\/schema.org","@graph":[{"@type":"Article","@id":"https:\/\/www.bymycar.fr\/webzine\/quand-faire-la-revision-de-votre-voiture\/#article","isPartOf":{"@id":"https:\/\/www.bymycar.fr\/webzine\/quand-faire-la-revision-de-votre-voiture\/"},"author":{"name":"La R\u00e9daction BYmyCAR","@id":"https:\/\/www.bymycar.fr\/webzine\/#\/schema\/person\/8d570fe11eb8929f06c1e6d00f4d9689"},"headline":"Quand faire la r\u00e9vision de votre voiture ?","datePublished":"2023-07-13T16:24:45+00:00","dateModified":"2023-09-07T14:13:27+00:00","mainEntityOfPage":{"@id":"https:\/\/www.bymycar.fr\/webzine\/quand-faire-la-revision-de-votre-voiture\/"},"wordCount":8,"publisher":{"@id":"https:\/\/www.bymycar.fr\/webzine\/#organization"},"image":{"@id":"https:\/\/www.bymycar.fr\/webzine\/quand-faire-la-revision-de-votre-voiture\/#primaryimage"},"thumbnailUrl":"https:\/\/cdn.bymycar.eu\/fr-webzine\/wp-content\/uploads\/medias\/25042023-%C2%A9MarieBrunel-BMWMini-002.jpg","articleSection":["\u00c9quipement, entretien et r\u00e9paration"],"inLanguage":"fr-FR"},{"@type":"WebPage","@id":"https:\/\/www.bymycar.fr\/webzine\/quand-faire-la-revision-de-votre-voiture\/","url":"https:\/\/www.bymycar.fr\/webzine\/quand-faire-la-revision-de-votre-voiture\/","name":"Quand faire la r\u00e9vision de votre voiture ?","isPartOf":{"@id":"https:\/\/www.bymycar.fr\/webzine\/#website"},"primaryImageOfPage":{"@id":"https:\/\/www.bymycar.fr\/webzine\/quand-faire-la-revision-de-votre-voiture\/#primaryimage"},"image":{"@id":"https:\/\/www.bymycar.fr\/webzine\/quand-faire-la-revision-de-votre-voiture\/#primaryimage"},"thumbnailUrl":"https:\/\/cdn.bymycar.eu\/fr-webzine\/wp-content\/uploads\/medias\/25042023-%C2%A9MarieBrunel-BMWMini-002.jpg","datePublished":"2023-07-13T16:24:45+00:00","dateModified":"2023-09-07T14:13:27+00:00","description":"La r\u00e9vision de votre voiture est essentielle pour sa fiabilit\u00e9, votre s\u00e9curit\u00e9 et celles de vos passagers. Alors, quand l'effectuer ?","breadcrumb":{"@id":"https:\/\/www.bymycar.fr\/webzine\/quand-faire-la-revision-de-votre-voiture\/#breadcrumb"},"inLanguage":"fr-FR","potentialAction":[{"@type":"ReadAction","target":["https:\/\/www.bymycar.fr\/webzine\/quand-faire-la-revision-de-votre-voiture\/"]}]},{"@type":"ImageObject","inLanguage":"fr-FR","@id":"https:\/\/www.bymycar.fr\/webzine\/quand-faire-la-revision-de-votre-voiture\/#primaryimage","url":"https:\/\/cdn.bymycar.eu\/fr-webzine\/wp-content\/uploads\/medias\/25042023-%C2%A9MarieBrunel-BMWMini-002.jpg","contentUrl":"https:\/\/cdn.bymycar.eu\/fr-webzine\/wp-content\/uploads\/medias\/25042023-%C2%A9MarieBrunel-BMWMini-002.jpg","width":2560,"height":1707,"caption":"Personne en atelier proc\u00e9dant \u00e0 une r\u00e9vision"},{"@type":"BreadcrumbList","@id":"https:\/\/www.bymycar.fr\/webzine\/quand-faire-la-revision-de-votre-voiture\/#breadcrumb","itemListElement":[{"@type":"ListItem","position":1,"name":"Accueil","item":"https:\/\/www.bymycar.fr\/webzine\/"},{"@type":"ListItem","position":2,"name":"Quand faire la r\u00e9vision de votre voiture ?"}]},{"@type":"WebSite","@id":"https:\/\/www.bymycar.fr\/webzine\/#website","url":"https:\/\/www.bymycar.fr\/webzine\/","name":"Webzine auto BYmyCAR","description":"La magazine auto de BYmyCAR","publisher":{"@id":"https:\/\/www.bymycar.fr\/webzine\/#organization"},"potentialAction":[{"@type":"SearchAction","target":{"@type":"EntryPoint","urlTemplate":"https:\/\/www.bymycar.fr\/webzine\/?s={search_term_string}"},"query-input":{"@type":"PropertyValueSpecification","valueRequired":true,"valueName":"search_term_string"}}],"inLanguage":"fr-FR"},{"@type":"Organization","@id":"https:\/\/www.bymycar.fr\/webzine\/#organization","name":"BYmyCAR","url":"https:\/\/www.bymycar.fr\/webzine\/","logo":{"@type":"ImageObject","inLanguage":"fr-FR","@id":"https:\/\/www.bymycar.fr\/webzine\/#\/schema\/logo\/image\/","url":"https:\/\/cdn.bymycar.eu\/fr-webzine\/wp-content\/uploads\/medias\/2017\/08\/logo_DEALER_00000406_001.png","contentUrl":"https:\/\/cdn.bymycar.eu\/fr-webzine\/wp-content\/uploads\/medias\/2017\/08\/logo_DEALER_00000406_001.png","width":2132,"height":720,"caption":"BYmyCAR"},"image":{"@id":"https:\/\/www.bymycar.fr\/webzine\/#\/schema\/logo\/image\/"}},{"@type":"Person","@id":"https:\/\/www.bymycar.fr\/webzine\/#\/schema\/person\/8d570fe11eb8929f06c1e6d00f4d9689","name":"La R\u00e9daction BYmyCAR","image":{"@type":"ImageObject","inLanguage":"fr-FR","@id":"https:\/\/www.bymycar.fr\/webzine\/#\/schema\/person\/image\/","url":"https:\/\/secure.gravatar.com\/avatar\/1aa6b039d0ce106989923af4e2d0f2a0c82bb070d5e449f1b9adf082a5863900?s=96&d=mm&r=g","contentUrl":"https:\/\/secure.gravatar.com\/avatar\/1aa6b039d0ce106989923af4e2d0f2a0c82bb070d5e449f1b9adf082a5863900?s=96&d=mm&r=g","caption":"La R\u00e9daction BYmyCAR"},"sameAs":["https:\/\/www.bymycar.fr\/"]}]}},"_links":{"self":[{"href":"https:\/\/www.bymycar.fr\/webzine\/wp-json\/wp\/v2\/posts\/41550","targetHints":{"allow":["GET"]}}],"collection":[{"href":"https:\/\/www.bymycar.fr\/webzine\/wp-json\/wp\/v2\/posts"}],"about":[{"href":"https:\/\/www.bymycar.fr\/webzine\/wp-json\/wp\/v2\/types\/post"}],"author":[{"embeddable":true,"href":"https:\/\/www.bymycar.fr\/webzine\/wp-json\/wp\/v2\/users\/88"}],"replies":[{"embeddable":true,"href":"https:\/\/www.bymycar.fr\/webzine\/wp-json\/wp\/v2\/comments?post=41550"}],"version-history":[{"count":10,"href":"https:\/\/www.bymycar.fr\/webzine\/wp-json\/wp\/v2\/posts\/41550\/revisions"}],"predecessor-version":[{"id":42555,"href":"https:\/\/www.bymycar.fr\/webzine\/wp-json\/wp\/v2\/posts\/41550\/revisions\/42555"}],"wp:featuredmedia":[{"embeddable":true,"href":"https:\/\/www.bymycar.fr\/webzine\/wp-json\/wp\/v2\/media\/41554"}],"wp:attachment":[{"href":"https:\/\/www.bymycar.fr\/webzine\/wp-json\/wp\/v2\/media?parent=41550"}],"wp:term":[{"taxonomy":"category","embeddable":true,"href":"https:\/\/www.bymycar.fr\/webzine\/wp-json\/wp\/v2\/categories?post=41550"},{"taxonomy":"post_tag","embeddable":true,"href":"https:\/\/www.bymycar.fr\/webzine\/wp-json\/wp\/v2\/tags?post=41550"}],"curies":[{"name":"wp","href":"https:\/\/api.w.org\/{rel}","templated":true}]}}