{"id":41522,"date":"2023-06-05T16:04:00","date_gmt":"2023-06-05T14:04:00","guid":{"rendered":"https:\/\/prod.bymycar.fr\/webzine\/?p=41522"},"modified":"2026-04-14T17:42:24","modified_gmt":"2026-04-14T15:42:24","slug":"rallye-mini-bymycar-2023","status":"publish","type":"post","link":"https:\/\/www.bymycar.fr\/webzine\/rallye-mini-bymycar-2023\/","title":{"rendered":"RALLYE MINI BYmyCAR 2023"},"content":{"rendered":"","protected":false},"excerpt":{"rendered":"","protected":false},"author":88,"featured_media":41523,"comment_status":"closed","ping_status":"open","sticky":false,"template":"","format":"standard","meta":{"_acf_changed":false,"footnotes":""},"categories":[9014,134],"tags":[],"class_list":["post-41522","post","type-post","status-publish","format-standard","has-post-thumbnail","hentry","category-actualites-concessions-bymycar","category-mini"],"acf":{"template":"classique","introduction":"<p>11eme Rallye MINI BYmyCAR IDF !<\/p>\n<p>Le 3 juin dernier nous avons eu notre dernier Rallye MINI BYmyCAR.<\/p>\n<p>Nous avons commenc\u00e9 par le restaurant \u00a0\u00bb Le Bouchon \u00a0\u00bb \u00e0 l&rsquo;a\u00e9rodrome de Toussus-Le-Noble puis ensuite nous avons visit\u00e9 les \u00e9curies de Versailles et nous avons finit chez Barbecue &amp; Co \u00e0 Feucherolles.<\/p>\n<p>Nous souhaitions remercier encore une fois nos fid\u00e8les clients qui nous ont suivi dans cette aventure !<\/p>\n","strates":[{"type_strate":"image","ancre":"RALLYE MINI","contenu":"","titre":"","image":false,"image_libre":false,"image_800x500":false,"legende":"","zoom":false,"texte":"","articles":false,"categorie_droite":false,"images":[{"image":false,"image_1600x700":false,"image_920x500":{"ID":41523,"id":41523,"title":"PHOTO 9","filename":"PHOTO-9.jpg","filesize":1,"url":"https:\/\/cdn.bymycar.eu\/fr-webzine\/wp-content\/uploads\/medias\/PHOTO-9.jpg","link":"https:\/\/www.bymycar.fr\/webzine\/rallye-mini-bymycar-2023\/photo-9\/","alt":"","author":"9","description":"","caption":"","name":"photo-9","status":"inherit","uploaded_to":41522,"date":"2023-06-29 14:18:09","modified":"2023-06-29 14:18:09","menu_order":0,"mime_type":"image\/jpeg","type":"image","subtype":"jpeg","icon":"https:\/\/www.bymycar.fr\/webzine\/wp-includes\/images\/media\/default.png","width":2560,"height":1441,"sizes":{"thumbnail":"https:\/\/cdn.bymycar.eu\/fr-webzine\/wp-content\/uploads\/medias\/PHOTO-9-150x150.jpg","thumbnail-width":150,"thumbnail-height":150,"medium":"https:\/\/cdn.bymycar.eu\/fr-webzine\/wp-content\/uploads\/medias\/PHOTO-9-300x169.jpg","medium-width":300,"medium-height":169,"medium_large":"https:\/\/cdn.bymycar.eu\/fr-webzine\/wp-content\/uploads\/medias\/PHOTO-9-768x432.jpg","medium_large-width":768,"medium_large-height":432,"large":"https:\/\/cdn.bymycar.eu\/fr-webzine\/wp-content\/uploads\/medias\/PHOTO-9-1024x576.jpg","large-width":1024,"large-height":576,"1536x1536":"https:\/\/cdn.bymycar.eu\/fr-webzine\/wp-content\/uploads\/medias\/PHOTO-9-1536x864.jpg","1536x1536-width":1536,"1536x1536-height":864,"2048x2048":"https:\/\/cdn.bymycar.eu\/fr-webzine\/wp-content\/uploads\/medias\/PHOTO-9-2048x1153.jpg","2048x2048-width":2048,"2048x2048-height":1153}},"legende":"MINI"},{"image":false,"image_1600x700":false,"image_920x500":{"ID":41524,"id":41524,"title":"AEROPORT","filename":"AEROPORT.jpg","filesize":1,"url":"https:\/\/cdn.bymycar.eu\/fr-webzine\/wp-content\/uploads\/medias\/AEROPORT.jpg","link":"https:\/\/www.bymycar.fr\/webzine\/rallye-mini-bymycar-2023\/aeroport\/","alt":"","author":"9","description":"","caption":"","name":"aeroport","status":"inherit","uploaded_to":41522,"date":"2023-06-29 14:20:09","modified":"2023-06-29 14:20:09","menu_order":0,"mime_type":"image\/jpeg","type":"image","subtype":"jpeg","icon":"https:\/\/www.bymycar.fr\/webzine\/wp-includes\/images\/media\/default.png","width":640,"height":360,"sizes":{"thumbnail":"https:\/\/cdn.bymycar.eu\/fr-webzine\/wp-content\/uploads\/medias\/AEROPORT-150x150.jpg","thumbnail-width":150,"thumbnail-height":150,"medium":"https:\/\/cdn.bymycar.eu\/fr-webzine\/wp-content\/uploads\/medias\/AEROPORT-300x169.jpg","medium-width":300,"medium-height":169,"medium_large":"https:\/\/cdn.bymycar.eu\/fr-webzine\/wp-content\/uploads\/medias\/AEROPORT.jpg","medium_large-width":640,"medium_large-height":360,"large":"https:\/\/cdn.bymycar.eu\/fr-webzine\/wp-content\/uploads\/medias\/AEROPORT.jpg","large-width":640,"large-height":360,"1536x1536":"https:\/\/cdn.bymycar.eu\/fr-webzine\/wp-content\/uploads\/medias\/AEROPORT.jpg","1536x1536-width":640,"1536x1536-height":360,"2048x2048":"https:\/\/cdn.bymycar.eu\/fr-webzine\/wp-content\/uploads\/medias\/AEROPORT.jpg","2048x2048-width":640,"2048x2048-height":360}},"legende":"LE BOUCHON"},{"image":false,"image_1600x700":false,"image_920x500":{"ID":41525,"id":41525,"title":"PHOTO 15","filename":"PHOTO-15.jpg","filesize":1,"url":"https:\/\/cdn.bymycar.eu\/fr-webzine\/wp-content\/uploads\/medias\/PHOTO-15.jpg","link":"https:\/\/www.bymycar.fr\/webzine\/rallye-mini-bymycar-2023\/photo-15\/","alt":"","author":"9","description":"","caption":"","name":"photo-15","status":"inherit","uploaded_to":41522,"date":"2023-06-29 14:20:41","modified":"2023-06-29 14:20:41","menu_order":0,"mime_type":"image\/jpeg","type":"image","subtype":"jpeg","icon":"https:\/\/www.bymycar.fr\/webzine\/wp-includes\/images\/media\/default.png","width":2560,"height":1441,"sizes":{"thumbnail":"https:\/\/cdn.bymycar.eu\/fr-webzine\/wp-content\/uploads\/medias\/PHOTO-15-150x150.jpg","thumbnail-width":150,"thumbnail-height":150,"medium":"https:\/\/cdn.bymycar.eu\/fr-webzine\/wp-content\/uploads\/medias\/PHOTO-15-300x169.jpg","medium-width":300,"medium-height":169,"medium_large":"https:\/\/cdn.bymycar.eu\/fr-webzine\/wp-content\/uploads\/medias\/PHOTO-15-768x432.jpg","medium_large-width":768,"medium_large-height":432,"large":"https:\/\/cdn.bymycar.eu\/fr-webzine\/wp-content\/uploads\/medias\/PHOTO-15-1024x576.jpg","large-width":1024,"large-height":576,"1536x1536":"https:\/\/cdn.bymycar.eu\/fr-webzine\/wp-content\/uploads\/medias\/PHOTO-15-1536x864.jpg","1536x1536-width":1536,"1536x1536-height":864,"2048x2048":"https:\/\/cdn.bymycar.eu\/fr-webzine\/wp-content\/uploads\/medias\/PHOTO-15-2048x1153.jpg","2048x2048-width":2048,"2048x2048-height":1153}},"legende":"ECURIES DE VERSAILLES"}],"elements_comparatif":false,"texte_1":"","texte_2":"","image_1":false,"image_1_563x400":false,"image_1_332x332":false,"image_2":false,"image_2_333x240":false,"image_2_563x400":false,"image_3":false,"image_3_333x240":false,"image_3_332x450":false,"image_4":false,"image_4_332x332":false,"image_4_563x400":false,"code_embed":"","legende_video":"","photo":false,"photo_100x100":false,"nom":"","fonction":"","elements_timeline":false,"entetes_colonnes":false,"entetes_lignes":false,"lignes":false,"introduction":"","formulaire":false,"question":"","reponse":"","libelle_bouton_lien":"","url_lien":"","questions":false,"conclusions":false,"pays":false,"region":false,"marque":false,"marqueConcessions":false,"modele":false,"ptvente":false,"typeV":false,"collection":false,"nombre_maximum_elements":10,"lien_fin_carousel":"","texte_lien_fin_carousel":"","trier_par":false}],"is_old_post":false,"image":{"ID":41523,"id":41523,"title":"PHOTO 9","filename":"PHOTO-9.jpg","filesize":1,"url":"https:\/\/cdn.bymycar.eu\/fr-webzine\/wp-content\/uploads\/medias\/PHOTO-9.jpg","link":"https:\/\/www.bymycar.fr\/webzine\/rallye-mini-bymycar-2023\/photo-9\/","alt":"","author":"9","description":"","caption":"","name":"photo-9","status":"inherit","uploaded_to":41522,"date":"2023-06-29 14:18:09","modified":"2023-06-29 14:18:09","menu_order":0,"mime_type":"image\/jpeg","type":"image","subtype":"jpeg","icon":"https:\/\/www.bymycar.fr\/webzine\/wp-includes\/images\/media\/default.png","width":2560,"height":1441,"sizes":{"thumbnail":"https:\/\/cdn.bymycar.eu\/fr-webzine\/wp-content\/uploads\/medias\/PHOTO-9-150x150.jpg","thumbnail-width":150,"thumbnail-height":150,"medium":"https:\/\/cdn.bymycar.eu\/fr-webzine\/wp-content\/uploads\/medias\/PHOTO-9-300x169.jpg","medium-width":300,"medium-height":169,"medium_large":"https:\/\/cdn.bymycar.eu\/fr-webzine\/wp-content\/uploads\/medias\/PHOTO-9-768x432.jpg","medium_large-width":768,"medium_large-height":432,"large":"https:\/\/cdn.bymycar.eu\/fr-webzine\/wp-content\/uploads\/medias\/PHOTO-9-1024x576.jpg","large-width":1024,"large-height":576,"1536x1536":"https:\/\/cdn.bymycar.eu\/fr-webzine\/wp-content\/uploads\/medias\/PHOTO-9-1536x864.jpg","1536x1536-width":1536,"1536x1536-height":864,"2048x2048":"https:\/\/cdn.bymycar.eu\/fr-webzine\/wp-content\/uploads\/medias\/PHOTO-9-2048x1153.jpg","2048x2048-width":2048,"2048x2048-height":1153}},"page_content":{"block_content":[{"acf_fc_layout":"images-slider","--nav":{"-withNav":true,"-ancre":"RALLYE MINI"},"--group":{"-listibg":[{"--image":{"ID":41523,"id":41523,"title":"PHOTO 9","filename":"PHOTO-9.jpg","filesize":1,"url":"https:\/\/cdn.bymycar.eu\/fr-webzine\/wp-content\/uploads\/medias\/PHOTO-9.jpg","link":"https:\/\/www.bymycar.fr\/webzine\/rallye-mini-bymycar-2023\/photo-9\/","alt":"","author":"9","description":"","caption":"","name":"photo-9","status":"inherit","uploaded_to":41522,"date":"2023-06-29 14:18:09","modified":"2023-06-29 14:18:09","menu_order":0,"mime_type":"image\/jpeg","type":"image","subtype":"jpeg","icon":"https:\/\/www.bymycar.fr\/webzine\/wp-includes\/images\/media\/default.png","width":2560,"height":1441,"sizes":{"thumbnail":"https:\/\/cdn.bymycar.eu\/fr-webzine\/wp-content\/uploads\/medias\/PHOTO-9-150x150.jpg","thumbnail-width":150,"thumbnail-height":150,"medium":"https:\/\/cdn.bymycar.eu\/fr-webzine\/wp-content\/uploads\/medias\/PHOTO-9-300x169.jpg","medium-width":300,"medium-height":169,"medium_large":"https:\/\/cdn.bymycar.eu\/fr-webzine\/wp-content\/uploads\/medias\/PHOTO-9-768x432.jpg","medium_large-width":768,"medium_large-height":432,"large":"https:\/\/cdn.bymycar.eu\/fr-webzine\/wp-content\/uploads\/medias\/PHOTO-9-1024x576.jpg","large-width":1024,"large-height":576,"1536x1536":"https:\/\/cdn.bymycar.eu\/fr-webzine\/wp-content\/uploads\/medias\/PHOTO-9-1536x864.jpg","1536x1536-width":1536,"1536x1536-height":864,"2048x2048":"https:\/\/cdn.bymycar.eu\/fr-webzine\/wp-content\/uploads\/medias\/PHOTO-9-2048x1153.jpg","2048x2048-width":2048,"2048x2048-height":1153}},"--legend":"MINI"},{"--image":{"ID":41524,"id":41524,"title":"AEROPORT","filename":"AEROPORT.jpg","filesize":1,"url":"https:\/\/cdn.bymycar.eu\/fr-webzine\/wp-content\/uploads\/medias\/AEROPORT.jpg","link":"https:\/\/www.bymycar.fr\/webzine\/rallye-mini-bymycar-2023\/aeroport\/","alt":"","author":"9","description":"","caption":"","name":"aeroport","status":"inherit","uploaded_to":41522,"date":"2023-06-29 14:20:09","modified":"2023-06-29 14:20:09","menu_order":0,"mime_type":"image\/jpeg","type":"image","subtype":"jpeg","icon":"https:\/\/www.bymycar.fr\/webzine\/wp-includes\/images\/media\/default.png","width":640,"height":360,"sizes":{"thumbnail":"https:\/\/cdn.bymycar.eu\/fr-webzine\/wp-content\/uploads\/medias\/AEROPORT-150x150.jpg","thumbnail-width":150,"thumbnail-height":150,"medium":"https:\/\/cdn.bymycar.eu\/fr-webzine\/wp-content\/uploads\/medias\/AEROPORT-300x169.jpg","medium-width":300,"medium-height":169,"medium_large":"https:\/\/cdn.bymycar.eu\/fr-webzine\/wp-content\/uploads\/medias\/AEROPORT.jpg","medium_large-width":640,"medium_large-height":360,"large":"https:\/\/cdn.bymycar.eu\/fr-webzine\/wp-content\/uploads\/medias\/AEROPORT.jpg","large-width":640,"large-height":360,"1536x1536":"https:\/\/cdn.bymycar.eu\/fr-webzine\/wp-content\/uploads\/medias\/AEROPORT.jpg","1536x1536-width":640,"1536x1536-height":360,"2048x2048":"https:\/\/cdn.bymycar.eu\/fr-webzine\/wp-content\/uploads\/medias\/AEROPORT.jpg","2048x2048-width":640,"2048x2048-height":360}},"--legend":"LE BOUCHON"},{"--image":{"ID":41525,"id":41525,"title":"PHOTO 15","filename":"PHOTO-15.jpg","filesize":1,"url":"https:\/\/cdn.bymycar.eu\/fr-webzine\/wp-content\/uploads\/medias\/PHOTO-15.jpg","link":"https:\/\/www.bymycar.fr\/webzine\/rallye-mini-bymycar-2023\/photo-15\/","alt":"","author":"9","description":"","caption":"","name":"photo-15","status":"inherit","uploaded_to":41522,"date":"2023-06-29 14:20:41","modified":"2023-06-29 14:20:41","menu_order":0,"mime_type":"image\/jpeg","type":"image","subtype":"jpeg","icon":"https:\/\/www.bymycar.fr\/webzine\/wp-includes\/images\/media\/default.png","width":2560,"height":1441,"sizes":{"thumbnail":"https:\/\/cdn.bymycar.eu\/fr-webzine\/wp-content\/uploads\/medias\/PHOTO-15-150x150.jpg","thumbnail-width":150,"thumbnail-height":150,"medium":"https:\/\/cdn.bymycar.eu\/fr-webzine\/wp-content\/uploads\/medias\/PHOTO-15-300x169.jpg","medium-width":300,"medium-height":169,"medium_large":"https:\/\/cdn.bymycar.eu\/fr-webzine\/wp-content\/uploads\/medias\/PHOTO-15-768x432.jpg","medium_large-width":768,"medium_large-height":432,"large":"https:\/\/cdn.bymycar.eu\/fr-webzine\/wp-content\/uploads\/medias\/PHOTO-15-1024x576.jpg","large-width":1024,"large-height":576,"1536x1536":"https:\/\/cdn.bymycar.eu\/fr-webzine\/wp-content\/uploads\/medias\/PHOTO-15-1536x864.jpg","1536x1536-width":1536,"1536x1536-height":864,"2048x2048":"https:\/\/cdn.bymycar.eu\/fr-webzine\/wp-content\/uploads\/medias\/PHOTO-15-2048x1153.jpg","2048x2048-width":2048,"2048x2048-height":1153}},"--legend":"ECURIES DE VERSAILLES"}]}}]},"add-carousel-to-footer":true},"yoast_head":"<!-- This site is optimized with the Yoast SEO Premium plugin v26.4 (Yoast SEO v26.4) - https:\/\/yoast.com\/wordpress\/plugins\/seo\/ -->\n<title>RALLYE MINI BYmyCAR 2023<\/title>\n<meta name=\"robots\" content=\"index, follow, max-snippet:-1, max-image-preview:large, max-video-preview:-1\" \/>\n<link rel=\"canonical\" href=\"https:\/\/www.bymycar.fr\/webzine\/rallye-mini-bymycar-2023\/\" \/>\n<meta property=\"og:locale\" content=\"fr_FR\" \/>\n<meta property=\"og:type\" content=\"article\" \/>\n<meta property=\"og:title\" content=\"RALLYE MINI BYmyCAR 2023\" \/>\n<meta property=\"og:url\" content=\"https:\/\/www.bymycar.fr\/webzine\/rallye-mini-bymycar-2023\/\" \/>\n<meta property=\"og:site_name\" content=\"Webzine auto BYmyCAR\" \/>\n<meta property=\"article:published_time\" content=\"2023-06-05T14:04:00+00:00\" \/>\n<meta property=\"article:modified_time\" content=\"2026-04-14T15:42:24+00:00\" \/>\n<meta property=\"og:image\" content=\"https:\/\/cdn.bymycar.eu\/fr-webzine\/wp-content\/uploads\/medias\/PHOTO-9.jpg\" \/>\n\t<meta property=\"og:image:width\" content=\"2560\" \/>\n\t<meta property=\"og:image:height\" content=\"1441\" \/>\n\t<meta property=\"og:image:type\" content=\"image\/jpeg\" \/>\n<meta name=\"author\" content=\"La R\u00e9daction BYmyCAR\" \/>\n<meta name=\"twitter:card\" content=\"summary_large_image\" \/>\n<meta name=\"twitter:label1\" content=\"\u00c9crit par\" \/>\n\t<meta name=\"twitter:data1\" content=\"La R\u00e9daction BYmyCAR\" \/>\n<script type=\"application\/ld+json\" class=\"yoast-schema-graph\">{\"@context\":\"https:\/\/schema.org\",\"@graph\":[{\"@type\":\"Article\",\"@id\":\"https:\/\/www.bymycar.fr\/webzine\/rallye-mini-bymycar-2023\/#article\",\"isPartOf\":{\"@id\":\"https:\/\/www.bymycar.fr\/webzine\/rallye-mini-bymycar-2023\/\"},\"author\":{\"name\":\"La R\u00e9daction BYmyCAR\",\"@id\":\"https:\/\/www.bymycar.fr\/webzine\/#\/schema\/person\/8d570fe11eb8929f06c1e6d00f4d9689\"},\"headline\":\"RALLYE MINI BYmyCAR 2023\",\"datePublished\":\"2023-06-05T14:04:00+00:00\",\"dateModified\":\"2026-04-14T15:42:24+00:00\",\"mainEntityOfPage\":{\"@id\":\"https:\/\/www.bymycar.fr\/webzine\/rallye-mini-bymycar-2023\/\"},\"wordCount\":3,\"publisher\":{\"@id\":\"https:\/\/www.bymycar.fr\/webzine\/#organization\"},\"image\":{\"@id\":\"https:\/\/www.bymycar.fr\/webzine\/rallye-mini-bymycar-2023\/#primaryimage\"},\"thumbnailUrl\":\"https:\/\/cdn.bymycar.eu\/fr-webzine\/wp-content\/uploads\/medias\/PHOTO-9.jpg\",\"articleSection\":[\"Actualit\u00e9s des concessions\",\"MINI\"],\"inLanguage\":\"fr-FR\"},{\"@type\":\"WebPage\",\"@id\":\"https:\/\/www.bymycar.fr\/webzine\/rallye-mini-bymycar-2023\/\",\"url\":\"https:\/\/www.bymycar.fr\/webzine\/rallye-mini-bymycar-2023\/\",\"name\":\"RALLYE MINI BYmyCAR 2023\",\"isPartOf\":{\"@id\":\"https:\/\/www.bymycar.fr\/webzine\/#website\"},\"primaryImageOfPage\":{\"@id\":\"https:\/\/www.bymycar.fr\/webzine\/rallye-mini-bymycar-2023\/#primaryimage\"},\"image\":{\"@id\":\"https:\/\/www.bymycar.fr\/webzine\/rallye-mini-bymycar-2023\/#primaryimage\"},\"thumbnailUrl\":\"https:\/\/cdn.bymycar.eu\/fr-webzine\/wp-content\/uploads\/medias\/PHOTO-9.jpg\",\"datePublished\":\"2023-06-05T14:04:00+00:00\",\"dateModified\":\"2026-04-14T15:42:24+00:00\",\"breadcrumb\":{\"@id\":\"https:\/\/www.bymycar.fr\/webzine\/rallye-mini-bymycar-2023\/#breadcrumb\"},\"inLanguage\":\"fr-FR\",\"potentialAction\":[{\"@type\":\"ReadAction\",\"target\":[\"https:\/\/www.bymycar.fr\/webzine\/rallye-mini-bymycar-2023\/\"]}]},{\"@type\":\"ImageObject\",\"inLanguage\":\"fr-FR\",\"@id\":\"https:\/\/www.bymycar.fr\/webzine\/rallye-mini-bymycar-2023\/#primaryimage\",\"url\":\"https:\/\/cdn.bymycar.eu\/fr-webzine\/wp-content\/uploads\/medias\/PHOTO-9.jpg\",\"contentUrl\":\"https:\/\/cdn.bymycar.eu\/fr-webzine\/wp-content\/uploads\/medias\/PHOTO-9.jpg\",\"width\":2560,\"height\":1441},{\"@type\":\"BreadcrumbList\",\"@id\":\"https:\/\/www.bymycar.fr\/webzine\/rallye-mini-bymycar-2023\/#breadcrumb\",\"itemListElement\":[{\"@type\":\"ListItem\",\"position\":1,\"name\":\"Accueil\",\"item\":\"https:\/\/www.bymycar.fr\/webzine\/\"},{\"@type\":\"ListItem\",\"position\":2,\"name\":\"RALLYE MINI BYmyCAR 2023\"}]},{\"@type\":\"WebSite\",\"@id\":\"https:\/\/www.bymycar.fr\/webzine\/#website\",\"url\":\"https:\/\/www.bymycar.fr\/webzine\/\",\"name\":\"Webzine auto BYmyCAR\",\"description\":\"La magazine auto de BYmyCAR\",\"publisher\":{\"@id\":\"https:\/\/www.bymycar.fr\/webzine\/#organization\"},\"potentialAction\":[{\"@type\":\"SearchAction\",\"target\":{\"@type\":\"EntryPoint\",\"urlTemplate\":\"https:\/\/www.bymycar.fr\/webzine\/?s={search_term_string}\"},\"query-input\":{\"@type\":\"PropertyValueSpecification\",\"valueRequired\":true,\"valueName\":\"search_term_string\"}}],\"inLanguage\":\"fr-FR\"},{\"@type\":\"Organization\",\"@id\":\"https:\/\/www.bymycar.fr\/webzine\/#organization\",\"name\":\"BYmyCAR\",\"url\":\"https:\/\/www.bymycar.fr\/webzine\/\",\"logo\":{\"@type\":\"ImageObject\",\"inLanguage\":\"fr-FR\",\"@id\":\"https:\/\/www.bymycar.fr\/webzine\/#\/schema\/logo\/image\/\",\"url\":\"https:\/\/cdn.bymycar.eu\/fr-webzine\/wp-content\/uploads\/medias\/2017\/08\/logo_DEALER_00000406_001.png\",\"contentUrl\":\"https:\/\/cdn.bymycar.eu\/fr-webzine\/wp-content\/uploads\/medias\/2017\/08\/logo_DEALER_00000406_001.png\",\"width\":2132,\"height\":720,\"caption\":\"BYmyCAR\"},\"image\":{\"@id\":\"https:\/\/www.bymycar.fr\/webzine\/#\/schema\/logo\/image\/\"}},{\"@type\":\"Person\",\"@id\":\"https:\/\/www.bymycar.fr\/webzine\/#\/schema\/person\/8d570fe11eb8929f06c1e6d00f4d9689\",\"name\":\"La R\u00e9daction BYmyCAR\",\"image\":{\"@type\":\"ImageObject\",\"inLanguage\":\"fr-FR\",\"@id\":\"https:\/\/www.bymycar.fr\/webzine\/#\/schema\/person\/image\/\",\"url\":\"https:\/\/secure.gravatar.com\/avatar\/1aa6b039d0ce106989923af4e2d0f2a0c82bb070d5e449f1b9adf082a5863900?s=96&d=mm&r=g\",\"contentUrl\":\"https:\/\/secure.gravatar.com\/avatar\/1aa6b039d0ce106989923af4e2d0f2a0c82bb070d5e449f1b9adf082a5863900?s=96&d=mm&r=g\",\"caption\":\"La R\u00e9daction BYmyCAR\"},\"sameAs\":[\"https:\/\/www.bymycar.fr\/\"]}]}<\/script>\n<!-- \/ Yoast SEO Premium plugin. -->","yoast_head_json":{"title":"RALLYE MINI BYmyCAR 2023","robots":{"index":"index","follow":"follow","max-snippet":"max-snippet:-1","max-image-preview":"max-image-preview:large","max-video-preview":"max-video-preview:-1"},"canonical":"https:\/\/www.bymycar.fr\/webzine\/rallye-mini-bymycar-2023\/","og_locale":"fr_FR","og_type":"article","og_title":"RALLYE MINI BYmyCAR 2023","og_url":"https:\/\/www.bymycar.fr\/webzine\/rallye-mini-bymycar-2023\/","og_site_name":"Webzine auto BYmyCAR","article_published_time":"2023-06-05T14:04:00+00:00","article_modified_time":"2026-04-14T15:42:24+00:00","og_image":[{"width":2560,"height":1441,"url":"https:\/\/cdn.bymycar.eu\/fr-webzine\/wp-content\/uploads\/medias\/PHOTO-9.jpg","type":"image\/jpeg"}],"author":"La R\u00e9daction BYmyCAR","twitter_card":"summary_large_image","twitter_misc":{"\u00c9crit par":"La R\u00e9daction BYmyCAR"},"schema":{"@context":"https:\/\/schema.org","@graph":[{"@type":"Article","@id":"https:\/\/www.bymycar.fr\/webzine\/rallye-mini-bymycar-2023\/#article","isPartOf":{"@id":"https:\/\/www.bymycar.fr\/webzine\/rallye-mini-bymycar-2023\/"},"author":{"name":"La R\u00e9daction BYmyCAR","@id":"https:\/\/www.bymycar.fr\/webzine\/#\/schema\/person\/8d570fe11eb8929f06c1e6d00f4d9689"},"headline":"RALLYE MINI BYmyCAR 2023","datePublished":"2023-06-05T14:04:00+00:00","dateModified":"2026-04-14T15:42:24+00:00","mainEntityOfPage":{"@id":"https:\/\/www.bymycar.fr\/webzine\/rallye-mini-bymycar-2023\/"},"wordCount":3,"publisher":{"@id":"https:\/\/www.bymycar.fr\/webzine\/#organization"},"image":{"@id":"https:\/\/www.bymycar.fr\/webzine\/rallye-mini-bymycar-2023\/#primaryimage"},"thumbnailUrl":"https:\/\/cdn.bymycar.eu\/fr-webzine\/wp-content\/uploads\/medias\/PHOTO-9.jpg","articleSection":["Actualit\u00e9s des concessions","MINI"],"inLanguage":"fr-FR"},{"@type":"WebPage","@id":"https:\/\/www.bymycar.fr\/webzine\/rallye-mini-bymycar-2023\/","url":"https:\/\/www.bymycar.fr\/webzine\/rallye-mini-bymycar-2023\/","name":"RALLYE MINI BYmyCAR 2023","isPartOf":{"@id":"https:\/\/www.bymycar.fr\/webzine\/#website"},"primaryImageOfPage":{"@id":"https:\/\/www.bymycar.fr\/webzine\/rallye-mini-bymycar-2023\/#primaryimage"},"image":{"@id":"https:\/\/www.bymycar.fr\/webzine\/rallye-mini-bymycar-2023\/#primaryimage"},"thumbnailUrl":"https:\/\/cdn.bymycar.eu\/fr-webzine\/wp-content\/uploads\/medias\/PHOTO-9.jpg","datePublished":"2023-06-05T14:04:00+00:00","dateModified":"2026-04-14T15:42:24+00:00","breadcrumb":{"@id":"https:\/\/www.bymycar.fr\/webzine\/rallye-mini-bymycar-2023\/#breadcrumb"},"inLanguage":"fr-FR","potentialAction":[{"@type":"ReadAction","target":["https:\/\/www.bymycar.fr\/webzine\/rallye-mini-bymycar-2023\/"]}]},{"@type":"ImageObject","inLanguage":"fr-FR","@id":"https:\/\/www.bymycar.fr\/webzine\/rallye-mini-bymycar-2023\/#primaryimage","url":"https:\/\/cdn.bymycar.eu\/fr-webzine\/wp-content\/uploads\/medias\/PHOTO-9.jpg","contentUrl":"https:\/\/cdn.bymycar.eu\/fr-webzine\/wp-content\/uploads\/medias\/PHOTO-9.jpg","width":2560,"height":1441},{"@type":"BreadcrumbList","@id":"https:\/\/www.bymycar.fr\/webzine\/rallye-mini-bymycar-2023\/#breadcrumb","itemListElement":[{"@type":"ListItem","position":1,"name":"Accueil","item":"https:\/\/www.bymycar.fr\/webzine\/"},{"@type":"ListItem","position":2,"name":"RALLYE MINI BYmyCAR 2023"}]},{"@type":"WebSite","@id":"https:\/\/www.bymycar.fr\/webzine\/#website","url":"https:\/\/www.bymycar.fr\/webzine\/","name":"Webzine auto BYmyCAR","description":"La magazine auto de BYmyCAR","publisher":{"@id":"https:\/\/www.bymycar.fr\/webzine\/#organization"},"potentialAction":[{"@type":"SearchAction","target":{"@type":"EntryPoint","urlTemplate":"https:\/\/www.bymycar.fr\/webzine\/?s={search_term_string}"},"query-input":{"@type":"PropertyValueSpecification","valueRequired":true,"valueName":"search_term_string"}}],"inLanguage":"fr-FR"},{"@type":"Organization","@id":"https:\/\/www.bymycar.fr\/webzine\/#organization","name":"BYmyCAR","url":"https:\/\/www.bymycar.fr\/webzine\/","logo":{"@type":"ImageObject","inLanguage":"fr-FR","@id":"https:\/\/www.bymycar.fr\/webzine\/#\/schema\/logo\/image\/","url":"https:\/\/cdn.bymycar.eu\/fr-webzine\/wp-content\/uploads\/medias\/2017\/08\/logo_DEALER_00000406_001.png","contentUrl":"https:\/\/cdn.bymycar.eu\/fr-webzine\/wp-content\/uploads\/medias\/2017\/08\/logo_DEALER_00000406_001.png","width":2132,"height":720,"caption":"BYmyCAR"},"image":{"@id":"https:\/\/www.bymycar.fr\/webzine\/#\/schema\/logo\/image\/"}},{"@type":"Person","@id":"https:\/\/www.bymycar.fr\/webzine\/#\/schema\/person\/8d570fe11eb8929f06c1e6d00f4d9689","name":"La R\u00e9daction BYmyCAR","image":{"@type":"ImageObject","inLanguage":"fr-FR","@id":"https:\/\/www.bymycar.fr\/webzine\/#\/schema\/person\/image\/","url":"https:\/\/secure.gravatar.com\/avatar\/1aa6b039d0ce106989923af4e2d0f2a0c82bb070d5e449f1b9adf082a5863900?s=96&d=mm&r=g","contentUrl":"https:\/\/secure.gravatar.com\/avatar\/1aa6b039d0ce106989923af4e2d0f2a0c82bb070d5e449f1b9adf082a5863900?s=96&d=mm&r=g","caption":"La R\u00e9daction BYmyCAR"},"sameAs":["https:\/\/www.bymycar.fr\/"]}]}},"_links":{"self":[{"href":"https:\/\/www.bymycar.fr\/webzine\/wp-json\/wp\/v2\/posts\/41522","targetHints":{"allow":["GET"]}}],"collection":[{"href":"https:\/\/www.bymycar.fr\/webzine\/wp-json\/wp\/v2\/posts"}],"about":[{"href":"https:\/\/www.bymycar.fr\/webzine\/wp-json\/wp\/v2\/types\/post"}],"author":[{"embeddable":true,"href":"https:\/\/www.bymycar.fr\/webzine\/wp-json\/wp\/v2\/users\/88"}],"replies":[{"embeddable":true,"href":"https:\/\/www.bymycar.fr\/webzine\/wp-json\/wp\/v2\/comments?post=41522"}],"version-history":[{"count":3,"href":"https:\/\/www.bymycar.fr\/webzine\/wp-json\/wp\/v2\/posts\/41522\/revisions"}],"predecessor-version":[{"id":41528,"href":"https:\/\/www.bymycar.fr\/webzine\/wp-json\/wp\/v2\/posts\/41522\/revisions\/41528"}],"wp:featuredmedia":[{"embeddable":true,"href":"https:\/\/www.bymycar.fr\/webzine\/wp-json\/wp\/v2\/media\/41523"}],"wp:attachment":[{"href":"https:\/\/www.bymycar.fr\/webzine\/wp-json\/wp\/v2\/media?parent=41522"}],"wp:term":[{"taxonomy":"category","embeddable":true,"href":"https:\/\/www.bymycar.fr\/webzine\/wp-json\/wp\/v2\/categories?post=41522"},{"taxonomy":"post_tag","embeddable":true,"href":"https:\/\/www.bymycar.fr\/webzine\/wp-json\/wp\/v2\/tags?post=41522"}],"curies":[{"name":"wp","href":"https:\/\/api.w.org\/{rel}","templated":true}]}}