{"id":41482,"date":"2023-06-27T17:59:57","date_gmt":"2023-06-27T15:59:57","guid":{"rendered":"https:\/\/prod.bymycar.fr\/webzine\/?p=41482"},"modified":"2025-09-09T11:36:59","modified_gmt":"2025-09-09T09:36:59","slug":"combien-dalpine-a110-ont-ete-fabriquees-a-ce-jour","status":"publish","type":"post","link":"https:\/\/www.bymycar.fr\/webzine\/combien-dalpine-a110-ont-ete-fabriquees-a-ce-jour\/","title":{"rendered":"Combien d&rsquo;Alpine A110 ont \u00e9t\u00e9 fabriqu\u00e9es \u00e0 ce jour ?"},"content":{"rendered":"","protected":false},"excerpt":{"rendered":"","protected":false},"author":88,"featured_media":41483,"comment_status":"closed","ping_status":"open","sticky":false,"template":"","format":"standard","meta":{"_acf_changed":false,"footnotes":""},"categories":[12968],"tags":[],"class_list":["post-41482","post","type-post","status-publish","format-standard","has-post-thumbnail","hentry","category-guide-dachat-alpine-a110"],"acf":{"template":"classique","introduction":"<p style=\"text-align: justify;\">R\u00e9put\u00e9es sur le march\u00e9 fran\u00e7ais et \u00e0 l\u2019international, <a href=\"https:\/\/www.bymycar.fr\/v\/alpine-a110-occasion\">les Alpine A110 s\u00e9duisent les amateurs d\u2019\u00e9l\u00e9gance et de vitesse<\/a>. Savez-vous combien d\u2019A110 ont \u00e9t\u00e9 produites par le constructeur fran\u00e7ais ?<\/p>\n<p style=\"text-align: center;\"><a href=\"https:\/\/www.bymycar.fr\/rechercher-un-vehicule?prod_VEHICLES%5BrefinementList%5D%5Bbrand%5D%5B0%5D=ALPINE\" target=\"_blank\" class=\"css-button css-button--gold\" >\n                Voir nos v\u00e9hicules Alpine disponibles en concession\n        <\/a><\/p>\n","strates":[{"type_strate":"carousel-produits","ancre":"","contenu":"","titre":"Voir une s\u00e9lection de v\u00e9hicules Alpine en stock","image":false,"image_libre":false,"image_800x500":false,"legende":"","zoom":false,"texte":"","articles":false,"categorie_droite":false,"images":false,"elements_comparatif":false,"texte_1":"","texte_2":"","image_1":false,"image_1_563x400":false,"image_1_332x332":false,"image_2":false,"image_2_333x240":false,"image_2_563x400":false,"image_3":false,"image_3_333x240":false,"image_3_332x450":false,"image_4":false,"image_4_332x332":false,"image_4_563x400":false,"code_embed":"","legende_video":"","photo":false,"photo_100x100":false,"nom":"","fonction":"","elements_timeline":false,"entetes_colonnes":false,"entetes_lignes":false,"lignes":false,"introduction":"","formulaire":false,"question":"","reponse":"","libelle_bouton_lien":"","url_lien":"","questions":false,"conclusions":false,"pays":"1","region":"","marque":"22","marqueConcessions":false,"modele":"","ptvente":"","typeV":"","collection":"","nombre_maximum_elements":"10","lien_fin_carousel":"https:\/\/www.bymycar.fr\/rechercher-un-vehicule?prod_VEHICLES%5BrefinementList%5D%5Bbrand%5D%5B0%5D=ALPINE","texte_lien_fin_carousel":"Voir plus","trier_par":"prix"},{"type_strate":"texte-simple","ancre":"","contenu":"<h2 style=\"text-align: justify;\">Quel est le lieu de fabrication des voitures Alpine A110 et A310 ?<\/h2>\n<h3 style=\"text-align: justify;\">O\u00f9 est fabriqu\u00e9e l&rsquo;A310 ?<\/h3>\n<p style=\"text-align: justify;\">Dans les ann\u00e9es 1970, la marque Alpine cherche \u00e0 proposer un mod\u00e8le plus confortable et plus spacieux que la Berlinette. Initi\u00e9 en 1968, le projet de l\u2019A310 aboutit avec les premiers essais officiels 3 ans plus tard. L\u2019Alpine 310 est produite d\u00e8s septembre 1971 dans l\u2019usine fond\u00e9e par Jean R\u00e9d\u00e9l\u00e9, \u00e0 Dieppe, en Normandie.<\/p>\n<h3 style=\"text-align: justify;\">O\u00f9 sont fabriqu\u00e9es les Alpine depuis 2017 ?<\/h3>\n<p style=\"text-align: justify;\">La\u00a0<strong>Manufacture Alpine Dieppe Jean R\u00e9d\u00e9l\u00e9<\/strong> produit la gamme <a href=\"https:\/\/www.bymycar.fr\/marques\/alpine\/alpine-a110\" target=\"_blank\" rel=\"noopener\">Alpine A110<\/a> actuelle. Il s\u2019agit du site de production historique d\u2019Alpine, cr\u00e9\u00e9 en 1969. Il s\u2019\u00e9tend sur 9,5 ha et emploie plus de 300 collaborateurs. Depuis 2022, il porte le nom du fondateur de la marque, Jean R\u00e9d\u00e9l\u00e9. Cette nouvelle appellation a \u00e9t\u00e9 officialis\u00e9e par Luca de Meo, CEO du Groupe Renault, avec Laurent Rossi, CEO d\u2019Alpine. Cette usine se consacre \u00e0 la fabrication de v\u00e9hicules sportifs et de comp\u00e9tition. En 2022, la direction de Renault-Alpine annonce que l\u2019usine de Dieppe produirait le futur crossover GT \u00e9lectrique Alpine.<\/p>\n<h3 style=\"text-align: justify;\">Combien d&rsquo;Alpine A110 ancienne version ont \u00e9t\u00e9 fabriqu\u00e9es ?<\/h3>\n<p style=\"text-align: justify;\">Entre 1962 et 1977,\u00a0<strong>7 176 Alpine A110<\/strong> ont \u00e9t\u00e9 produites dans l\u2019usine de Dieppe.<\/p>\n<h3 style=\"text-align: justify;\">Quelle est la cadence de fabrication de l&rsquo;Alpine Renault A110 ?<\/h3>\n<p style=\"text-align: justify;\">La reprise de production de l\u2019Alpine A110 a eu lieu en 2017. Il a fallu seulement 1 an et demi pour atteindre 7 176 voitures, le nombre total d\u2019Alpine ancienne version. En juin 2021, les 10 000 exemplaires sont atteints. La cadence de production est de 15 v\u00e9hicules par jour alors qu\u2019elle \u00e9tait de 7 Alpine d\u00e9but 2020. En septembre 2022, la cadence augmente \u00e0\u00a0<strong>18 v\u00e9hicules par jour<\/strong> pour r\u00e9pondre aux demandes des clients d\u2019Alpine.<\/p>\n<h3 style=\"text-align: justify;\">Les ventes d\u2019Alpine A110<\/h3>\n<p style=\"text-align: justify;\">L\u2019ann\u00e9e 2019 voit des records de vente : 3 172 Alpine. En 2020, les ventes cumul\u00e9es sont de 1 527 v\u00e9hicules et de 2 659 en 2021. Ces r\u00e9sultats encourageants se confirment d\u2019ann\u00e9e en ann\u00e9e. Les ventes augmentent de 33 % pour atteindre\u00a0<strong>3 546 voitures vendues en 2022<\/strong>. Les pr\u00e9visions de ventes d\u2019Alpine pour 2023 sont optimistes.<\/p>\n<h2 style=\"text-align: justify;\">Les performances et le prix des Alpine<\/h2>\n<h3 style=\"text-align: justify;\">Qui fabrique les moteurs Alpine ?<\/h3>\n<p style=\"text-align: justify;\">Les Alpine doivent leurs remarquables performances notamment \u00e0 leur moteur 1,8 litre TCe. Il \u00e9quipe toutes les voitures de la gamme Alpine A110 et d\u2019autres v\u00e9hicules du Groupe Renault. Ce moteur est produit dans une usine de l\u2019alliance Renault-Nissan, en Cor\u00e9e du Sud.<\/p>\n<h3 style=\"text-align: justify;\">Combien de chevaux ont les Alpine A110 ?<\/h3>\n<p style=\"text-align: justify;\">Les Alpine A110 ont deux types de motorisation. La puissance du moteur 1,8 TCe est de\u00a0<strong>300 chevaux pour les <a href=\"https:\/\/www.bymycar.fr\/marques\/alpine\/alpine-a110r\" target=\"_blank\" rel=\"noopener\">A110 R<\/a>, S et GT<\/strong>. Elle vaut 252 chevaux pour l\u2019A110.<\/p>\n<h3 style=\"text-align: justify;\">Le prix des Alpine A110<\/h3>\n<p style=\"text-align: justify;\">Sans options, les Alpine ont un prix de l\u2019ordre de :<\/p>\n<ul style=\"text-align: justify;\">\n<li>62 500 euros* : A110, l\u2019esprit originel de la marque<\/li>\n<li>72 500 euros* : A110 GT, le coup\u00e9 sportif Grand Tourisme<\/li>\n<li>74 500 euros* : A110 S, la sportive<\/li>\n<li>110 000 euros* : A110 R, la radicale<\/li>\n<\/ul>\n<p style=\"text-align: justify;\">La s\u00e9rie limit\u00e9e A110 Tour de Corse \u00e9tait propos\u00e9e \u00e0 80 000 euros, l\u2019A110 Jean R\u00e9d\u00e9l\u00e9 \u00e0 83 000 euros*. Le prix de l\u2019A110 R Fernando Alonso \u00e9tait de 148 000 euros*.<\/p>\n<h3 style=\"text-align: justify;\">Quel avenir pour l&rsquo;Alpine A110 ?<\/h3>\n<p style=\"text-align: justify;\">En 2021, lors de la conf\u00e9rence eWays ElectroPop, le Groupe Renault a pr\u00e9sent\u00e9 ses ambitions pour Alpine. Le futur du mythique constructeur de mod\u00e8les sportifs est 100 % \u00e9lectrique. Le constructeur a pr\u00e9sent\u00e9 en mai 2023 le show car A290_\u03b2, qui est une premi\u00e8re version de l\u2019A290. Le \u00ab Dream Garage \u00bb \u00e9lectrique d\u2019Alpine devrait se composer d\u2019une citadine (A290), d\u2019un coup\u00e9 sportif et d\u2019un SUV.<\/p>\n<h2 style=\"text-align: justify;\">Berlinette Alpine : les mod\u00e8les marquants<\/h2>\n<h3 style=\"text-align: justify;\">La premi\u00e8re Alpine<\/h3>\n<p style=\"text-align: justify;\">Le v\u00e9hicule produit en premier par la Soci\u00e9t\u00e9 fran\u00e7aise des automobiles Alpine est le\u00a0<strong>coach 106<\/strong>, en 1952. Il est initialement appel\u00e9 \u00ab Renault Sp\u00e9ciale R\u00e9d\u00e9l\u00e9 \u00bb. Il se caract\u00e9rise par son ch\u00e2ssis de Renault 4 CV et sa carrosserie en aluminium aux courbes arrondies.<\/p>\n<h3 style=\"text-align: justify;\">L&rsquo;Alpine A110 1600S<\/h3>\n<p style=\"text-align: justify;\">L\u2019Alpine A110 1600S est produite de 1970 \u00e0 1973. Elle poss\u00e8de un moteur d\u00e9veloppant 125 chevaux. Sa cylindr\u00e9e de 1 565 cm3 est augment\u00e9e \u00e0 1 605 cm3 en 1973. V\u00e9hicule de rallye homologu\u00e9 pour la route, l\u2019A110 1600S gagne de nombreuses courses automobiles.<\/p>\n<h3 style=\"text-align: justify;\">L&rsquo;Alpine A110 groupe 4<\/h3>\n<p style=\"text-align: justify;\">L\u2019Alpine A110 1800 groupe 4 remplace l\u2019A110 1600 SC, qui a succ\u00e9d\u00e9 \u00e0 la 1600S. Elle se caract\u00e9rise par un spoiler avant, un aileron et des ailes \u00e9largies. Ce mod\u00e8le d\u2019Alpine participe \u00e0 diverses courses comme le Tour de Corse et la Ronde c\u00e9venole.<\/p>\n<h3 style=\"text-align: justify;\">L\u2019Alpine A110 Tour de Corse<\/h3>\n<p style=\"text-align: justify;\">L\u2019A110 Tour de Corse est une s\u00e9rie limit\u00e9e de 150 exemplaires produite en 2022. Elle s\u2018inspire de l\u2019Alpine num\u00e9ro 7 ayant particip\u00e9 au Tour de Corse en 1975. Elle poss\u00e8de un moteur de 300 chevaux. Sa carrosserie est jaune avec un toit et des arches en noir.<\/p>\n<h3 style=\"text-align: justify;\">L\u2019A110 Jean R\u00e9d\u00e9l\u00e9<\/h3>\n<p style=\"text-align: justify;\">2022 est l\u2019ann\u00e9e des 100 ans du fondateur d\u2019Alpine, Jean R\u00e9d\u00e9l\u00e9. Le constructeur cr\u00e9e \u00e0 cette occasion le mod\u00e8le A110 GT Jean R\u00e9d\u00e9l\u00e9, en 100 exemplaires. Cette s\u00e9rie limit\u00e9e offre un \u00e9quipement de s\u00e9rie haut de gamme. Un toit noir brillant est associ\u00e9 au coloris gris Montbello de la carrosserie. Les \u00e9triers de frein sont argent\u00e9s. Des jantes Grand Prix de 18 pouces noir diamant\u00e9 \u00e9quipent cette voiture. Des surpiqures grises mettent en valeur l\u2019int\u00e9rieur en cuir noir.<\/p>\n<h3 style=\"text-align: justify;\">L\u2019A110 R Fernando Alonso<\/h3>\n<p style=\"text-align: justify;\">La s\u00e9rie limit\u00e9e A110 R Fernando Alonso est produite \u00e0 32 exemplaires. Elle associe l\u2019expertise du c\u00e9l\u00e8bre pilote de F1 aux performances exceptionnelles de la plus radicale des Alpine. 32, c\u2019est aussi le nombre de victoires de Fernando Alonso en Championnat du monde de F1. Cette A110 R Fernando Alonso existe uniquement en bleu racing mat, couleur de l\u2019A522 de F1. Elle est dot\u00e9e d\u2019un moteur de 300 chevaux et de suspensions r\u00e9glables brevet\u00e9es.<\/p>\n<p style=\"text-align: justify;\">Retrouvez nos <a href=\"https:\/\/www.bymycar.fr\/rechercher-un-vehicule?prod_VEHICLES%5BrefinementList%5D%5Bbrand%5D%5B0%5D=ALPINE\" target=\"_blank\" rel=\"noopener\">v\u00e9hicules Alpine<\/a> disponibles en <a href=\"https:\/\/www.bymycar.fr\/concessions\/alpine-bymycar-nancy-120\" target=\"_blank\" rel=\"noopener\">concession BYmyCAR<\/a><\/p>\n<p style=\"text-align: justify;\">*voir conditions en concession<\/p>\n","titre":"t1","image":false,"image_libre":false,"image_800x500":false,"legende":"","zoom":false,"texte":"","articles":false,"categorie_droite":false,"images":false,"elements_comparatif":false,"texte_1":"","texte_2":"","image_1":false,"image_1_563x400":false,"image_1_332x332":false,"image_2":false,"image_2_333x240":false,"image_2_563x400":false,"image_3":false,"image_3_333x240":false,"image_3_332x450":false,"image_4":false,"image_4_332x332":false,"image_4_563x400":false,"code_embed":"","legende_video":"","photo":false,"photo_100x100":false,"nom":"","fonction":"","elements_timeline":false,"entetes_colonnes":false,"entetes_lignes":false,"lignes":false,"introduction":"","formulaire":false,"question":"","reponse":"","libelle_bouton_lien":"","url_lien":"","questions":false,"conclusions":false,"pays":false,"region":false,"marque":false,"marqueConcessions":false,"modele":false,"ptvente":false,"typeV":false,"collection":false,"nombre_maximum_elements":10,"lien_fin_carousel":"","texte_lien_fin_carousel":"","trier_par":false},{"type_strate":"carousel-produits","ancre":"","contenu":"","titre":"Voir nos v\u00e9hicules Alpine en stock","image":false,"image_libre":false,"image_800x500":false,"legende":"","zoom":false,"texte":"","articles":false,"categorie_droite":false,"images":false,"elements_comparatif":false,"texte_1":"","texte_2":"","image_1":false,"image_1_563x400":false,"image_1_332x332":false,"image_2":false,"image_2_333x240":false,"image_2_563x400":false,"image_3":false,"image_3_333x240":false,"image_3_332x450":false,"image_4":false,"image_4_332x332":false,"image_4_563x400":false,"code_embed":"","legende_video":"","photo":false,"photo_100x100":false,"nom":"","fonction":"","elements_timeline":false,"entetes_colonnes":false,"entetes_lignes":false,"lignes":false,"introduction":"","formulaire":false,"question":"","reponse":"","libelle_bouton_lien":"","url_lien":"","questions":false,"conclusions":false,"pays":"1","region":"","marque":"22","marqueConcessions":false,"modele":"","ptvente":"","typeV":"","collection":"","nombre_maximum_elements":"10","lien_fin_carousel":"https:\/\/www.bymycar.fr\/rechercher-un-vehicule?prod_VEHICLES%5BrefinementList%5D%5Bbrand%5D%5B0%5D=ALPINE","texte_lien_fin_carousel":"Voir plus","trier_par":"prix"},{"type_strate":"texte-simple","ancre":"","contenu":"<h2>\u00c0 lire \u00e9galement :<\/h2>\n<p><a href=\"https:\/\/www.bymycar.fr\/webzine\/pourquoi-acheter-une-alpine-a110\/\" target=\"_blank\" rel=\"noopener\">Pourquoi acheter une Alpine A110 ?<\/a><\/p>\n<p><a href=\"https:\/\/www.bymycar.fr\/webzine\/ou-est-fabriquee-lalpine-a110\/\">O\u00f9 est fabriqu\u00e9e l&rsquo;Alpine A110 ?<\/a><\/p>\n<p><a href=\"https:\/\/www.bymycar.fr\/webzine\/combien-coute-une-alpine-a110\/\">Combien co\u00fbte une Alpine A110 ?<\/a><\/p>\n<p><a href=\"https:\/\/www.bymycar.fr\/webzine\/combien-de-chevaux-possede-une-alpine-a110\/\">Combien de chevaux poss\u00e8de une Alpine A110 ?<\/a><\/p>\n<p><a href=\"https:\/\/www.bymycar.fr\/webzine\/quelle-alpine-a110-acheter\/\" target=\"_blank\" rel=\"noopener\">Quelle Alpine A110 acheter ?<\/a><\/p>\n<p><a href=\"https:\/\/www.bymycar.fr\/webzine\/ou-se-trouve-le-moteur-alpine-a110\/\" target=\"_blank\" rel=\"noopener\">O\u00f9 se trouve le moteur Alpine A110 ?<\/a><\/p>\n<p><a href=\"https:\/\/www.bymycar.fr\/webzine\/quel-delai-pour-une-alpine-a110\/\" target=\"_blank\" rel=\"noopener\">Quel d\u00e9lai pour une Alpine A110 ?<\/a><\/p>\n","titre":"t2","image":false,"image_libre":false,"image_800x500":false,"legende":"","zoom":false,"texte":"","articles":false,"categorie_droite":false,"images":false,"elements_comparatif":false,"texte_1":"","texte_2":"","image_1":false,"image_1_563x400":false,"image_1_332x332":false,"image_2":false,"image_2_333x240":false,"image_2_563x400":false,"image_3":false,"image_3_333x240":false,"image_3_332x450":false,"image_4":false,"image_4_332x332":false,"image_4_563x400":false,"code_embed":"","legende_video":"","photo":false,"photo_100x100":false,"nom":"","fonction":"","elements_timeline":false,"entetes_colonnes":false,"entetes_lignes":false,"lignes":false,"introduction":"","formulaire":false,"question":"","reponse":"","libelle_bouton_lien":"","url_lien":"","questions":false,"conclusions":false,"pays":false,"region":false,"marque":false,"marqueConcessions":false,"modele":false,"ptvente":false,"typeV":false,"collection":false,"nombre_maximum_elements":10,"lien_fin_carousel":"","texte_lien_fin_carousel":"","trier_par":false}],"is_old_post":false,"image":{"ID":41483,"id":41483,"title":"ALPINE_A110_R_Serie_Limitee_Le_Mans","filename":"ALPINE_A110_R_Serie_Limitee_Le_Mans.jpg","filesize":1,"url":"https:\/\/cdn.bymycar.eu\/fr-webzine\/wp-content\/uploads\/medias\/ALPINE_A110_R_Serie_Limitee_Le_Mans.jpg","link":"https:\/\/www.bymycar.fr\/webzine\/combien-dalpine-a110-ont-ete-fabriquees-a-ce-jour\/alpine_a110_r_serie_limitee_le_mans\/","alt":"","author":"88","description":"","caption":"","name":"alpine_a110_r_serie_limitee_le_mans","status":"inherit","uploaded_to":41482,"date":"2023-06-27 15:58:52","modified":"2023-06-27 15:58:52","menu_order":0,"mime_type":"image\/jpeg","type":"image","subtype":"jpeg","icon":"https:\/\/www.bymycar.fr\/webzine\/wp-includes\/images\/media\/default.png","width":2560,"height":1325,"sizes":{"thumbnail":"https:\/\/cdn.bymycar.eu\/fr-webzine\/wp-content\/uploads\/medias\/ALPINE_A110_R_Serie_Limitee_Le_Mans-150x150.jpg","thumbnail-width":150,"thumbnail-height":150,"medium":"https:\/\/cdn.bymycar.eu\/fr-webzine\/wp-content\/uploads\/medias\/ALPINE_A110_R_Serie_Limitee_Le_Mans-300x155.jpg","medium-width":300,"medium-height":155,"medium_large":"https:\/\/cdn.bymycar.eu\/fr-webzine\/wp-content\/uploads\/medias\/ALPINE_A110_R_Serie_Limitee_Le_Mans-768x398.jpg","medium_large-width":768,"medium_large-height":398,"large":"https:\/\/cdn.bymycar.eu\/fr-webzine\/wp-content\/uploads\/medias\/ALPINE_A110_R_Serie_Limitee_Le_Mans-1024x530.jpg","large-width":1024,"large-height":530,"1536x1536":"https:\/\/cdn.bymycar.eu\/fr-webzine\/wp-content\/uploads\/medias\/ALPINE_A110_R_Serie_Limitee_Le_Mans-1536x795.jpg","1536x1536-width":1536,"1536x1536-height":795,"2048x2048":"https:\/\/cdn.bymycar.eu\/fr-webzine\/wp-content\/uploads\/medias\/ALPINE_A110_R_Serie_Limitee_Le_Mans-2048x1060.jpg","2048x2048-width":2048,"2048x2048-height":1060}},"page_content":{"block_content":[{"acf_fc_layout":"carousel-produits"},{"acf_fc_layout":"text-simple","--nav":{"-withNav":false,"-ancre":""},"--group":{"-text":"<h2 style=\"text-align: justify;\">Quel est le lieu de fabrication des voitures Alpine A110 et A310 ?<\/h2>\n<h3 style=\"text-align: justify;\">O\u00f9 est fabriqu\u00e9e l&rsquo;A310 ?<\/h3>\n<p style=\"text-align: justify;\">Dans les ann\u00e9es 1970, la marque Alpine cherche \u00e0 proposer un mod\u00e8le plus confortable et plus spacieux que la Berlinette. Initi\u00e9 en 1968, le projet de l\u2019A310 aboutit avec les premiers essais officiels 3 ans plus tard. L\u2019Alpine 310 est produite d\u00e8s septembre 1971 dans l\u2019usine fond\u00e9e par Jean R\u00e9d\u00e9l\u00e9, \u00e0 Dieppe, en Normandie.<\/p>\n<h3 style=\"text-align: justify;\">O\u00f9 sont fabriqu\u00e9es les Alpine depuis 2017 ?<\/h3>\n<p style=\"text-align: justify;\">La\u00a0<strong>Manufacture Alpine Dieppe Jean R\u00e9d\u00e9l\u00e9<\/strong> produit la gamme <a href=\"https:\/\/www.bymycar.fr\/marques\/alpine\/alpine-a110\" target=\"_blank\" rel=\"noopener\">Alpine A110<\/a> actuelle. Il s\u2019agit du site de production historique d\u2019Alpine, cr\u00e9\u00e9 en 1969. Il s\u2019\u00e9tend sur 9,5 ha et emploie plus de 300 collaborateurs. Depuis 2022, il porte le nom du fondateur de la marque, Jean R\u00e9d\u00e9l\u00e9. Cette nouvelle appellation a \u00e9t\u00e9 officialis\u00e9e par Luca de Meo, CEO du Groupe Renault, avec Laurent Rossi, CEO d\u2019Alpine. Cette usine se consacre \u00e0 la fabrication de v\u00e9hicules sportifs et de comp\u00e9tition. En 2022, la direction de Renault-Alpine annonce que l\u2019usine de Dieppe produirait le futur crossover GT \u00e9lectrique Alpine.<\/p>\n<h3 style=\"text-align: justify;\">Combien d&rsquo;Alpine A110 ancienne version ont \u00e9t\u00e9 fabriqu\u00e9es ?<\/h3>\n<p style=\"text-align: justify;\">Entre 1962 et 1977,\u00a0<strong>7 176 Alpine A110<\/strong> ont \u00e9t\u00e9 produites dans l\u2019usine de Dieppe.<\/p>\n<h3 style=\"text-align: justify;\">Quelle est la cadence de fabrication de l&rsquo;Alpine Renault A110 ?<\/h3>\n<p style=\"text-align: justify;\">La reprise de production de l\u2019Alpine A110 a eu lieu en 2017. Il a fallu seulement 1 an et demi pour atteindre 7 176 voitures, le nombre total d\u2019Alpine ancienne version. En juin 2021, les 10 000 exemplaires sont atteints. La cadence de production est de 15 v\u00e9hicules par jour alors qu\u2019elle \u00e9tait de 7 Alpine d\u00e9but 2020. En septembre 2022, la cadence augmente \u00e0\u00a0<strong>18 v\u00e9hicules par jour<\/strong> pour r\u00e9pondre aux demandes des clients d\u2019Alpine.<\/p>\n<h3 style=\"text-align: justify;\">Les ventes d\u2019Alpine A110<\/h3>\n<p style=\"text-align: justify;\">L\u2019ann\u00e9e 2019 voit des records de vente : 3 172 Alpine. En 2020, les ventes cumul\u00e9es sont de 1 527 v\u00e9hicules et de 2 659 en 2021. Ces r\u00e9sultats encourageants se confirment d\u2019ann\u00e9e en ann\u00e9e. Les ventes augmentent de 33 % pour atteindre\u00a0<strong>3 546 voitures vendues en 2022<\/strong>. Les pr\u00e9visions de ventes d\u2019Alpine pour 2023 sont optimistes.<\/p>\n<h2 style=\"text-align: justify;\">Les performances et le prix des Alpine<\/h2>\n<h3 style=\"text-align: justify;\">Qui fabrique les moteurs Alpine ?<\/h3>\n<p style=\"text-align: justify;\">Les Alpine doivent leurs remarquables performances notamment \u00e0 leur moteur 1,8 litre TCe. Il \u00e9quipe toutes les voitures de la gamme Alpine A110 et d\u2019autres v\u00e9hicules du Groupe Renault. Ce moteur est produit dans une usine de l\u2019alliance Renault-Nissan, en Cor\u00e9e du Sud.<\/p>\n<h3 style=\"text-align: justify;\">Combien de chevaux ont les Alpine A110 ?<\/h3>\n<p style=\"text-align: justify;\">Les Alpine A110 ont deux types de motorisation. La puissance du moteur 1,8 TCe est de\u00a0<strong>300 chevaux pour les <a href=\"https:\/\/www.bymycar.fr\/marques\/alpine\/alpine-a110r\" target=\"_blank\" rel=\"noopener\">A110 R<\/a>, S et GT<\/strong>. Elle vaut 252 chevaux pour l\u2019A110.<\/p>\n<h3 style=\"text-align: justify;\">Le prix des Alpine A110<\/h3>\n<p style=\"text-align: justify;\">Sans options, les Alpine ont un prix de l\u2019ordre de :<\/p>\n<ul style=\"text-align: justify;\">\n<li>62 500 euros* : A110, l\u2019esprit originel de la marque<\/li>\n<li>72 500 euros* : A110 GT, le coup\u00e9 sportif Grand Tourisme<\/li>\n<li>74 500 euros* : A110 S, la sportive<\/li>\n<li>110 000 euros* : A110 R, la radicale<\/li>\n<\/ul>\n<p style=\"text-align: justify;\">La s\u00e9rie limit\u00e9e A110 Tour de Corse \u00e9tait propos\u00e9e \u00e0 80 000 euros, l\u2019A110 Jean R\u00e9d\u00e9l\u00e9 \u00e0 83 000 euros*. Le prix de l\u2019A110 R Fernando Alonso \u00e9tait de 148 000 euros*.<\/p>\n<h3 style=\"text-align: justify;\">Quel avenir pour l&rsquo;Alpine A110 ?<\/h3>\n<p style=\"text-align: justify;\">En 2021, lors de la conf\u00e9rence eWays ElectroPop, le Groupe Renault a pr\u00e9sent\u00e9 ses ambitions pour Alpine. Le futur du mythique constructeur de mod\u00e8les sportifs est 100 % \u00e9lectrique. Le constructeur a pr\u00e9sent\u00e9 en mai 2023 le show car A290_\u03b2, qui est une premi\u00e8re version de l\u2019A290. Le \u00ab Dream Garage \u00bb \u00e9lectrique d\u2019Alpine devrait se composer d\u2019une citadine (A290), d\u2019un coup\u00e9 sportif et d\u2019un SUV.<\/p>\n<h2 style=\"text-align: justify;\">Berlinette Alpine : les mod\u00e8les marquants<\/h2>\n<h3 style=\"text-align: justify;\">La premi\u00e8re Alpine<\/h3>\n<p style=\"text-align: justify;\">Le v\u00e9hicule produit en premier par la Soci\u00e9t\u00e9 fran\u00e7aise des automobiles Alpine est le\u00a0<strong>coach 106<\/strong>, en 1952. Il est initialement appel\u00e9 \u00ab Renault Sp\u00e9ciale R\u00e9d\u00e9l\u00e9 \u00bb. Il se caract\u00e9rise par son ch\u00e2ssis de Renault 4 CV et sa carrosserie en aluminium aux courbes arrondies.<\/p>\n<h3 style=\"text-align: justify;\">L&rsquo;Alpine A110 1600S<\/h3>\n<p style=\"text-align: justify;\">L\u2019Alpine A110 1600S est produite de 1970 \u00e0 1973. Elle poss\u00e8de un moteur d\u00e9veloppant 125 chevaux. Sa cylindr\u00e9e de 1 565 cm3 est augment\u00e9e \u00e0 1 605 cm3 en 1973. V\u00e9hicule de rallye homologu\u00e9 pour la route, l\u2019A110 1600S gagne de nombreuses courses automobiles.<\/p>\n<h3 style=\"text-align: justify;\">L&rsquo;Alpine A110 groupe 4<\/h3>\n<p style=\"text-align: justify;\">L\u2019Alpine A110 1800 groupe 4 remplace l\u2019A110 1600 SC, qui a succ\u00e9d\u00e9 \u00e0 la 1600S. Elle se caract\u00e9rise par un spoiler avant, un aileron et des ailes \u00e9largies. Ce mod\u00e8le d\u2019Alpine participe \u00e0 diverses courses comme le Tour de Corse et la Ronde c\u00e9venole.<\/p>\n<h3 style=\"text-align: justify;\">L\u2019Alpine A110 Tour de Corse<\/h3>\n<p style=\"text-align: justify;\">L\u2019A110 Tour de Corse est une s\u00e9rie limit\u00e9e de 150 exemplaires produite en 2022. Elle s\u2018inspire de l\u2019Alpine num\u00e9ro 7 ayant particip\u00e9 au Tour de Corse en 1975. Elle poss\u00e8de un moteur de 300 chevaux. Sa carrosserie est jaune avec un toit et des arches en noir.<\/p>\n<h3 style=\"text-align: justify;\">L\u2019A110 Jean R\u00e9d\u00e9l\u00e9<\/h3>\n<p style=\"text-align: justify;\">2022 est l\u2019ann\u00e9e des 100 ans du fondateur d\u2019Alpine, Jean R\u00e9d\u00e9l\u00e9. Le constructeur cr\u00e9e \u00e0 cette occasion le mod\u00e8le A110 GT Jean R\u00e9d\u00e9l\u00e9, en 100 exemplaires. Cette s\u00e9rie limit\u00e9e offre un \u00e9quipement de s\u00e9rie haut de gamme. Un toit noir brillant est associ\u00e9 au coloris gris Montbello de la carrosserie. Les \u00e9triers de frein sont argent\u00e9s. Des jantes Grand Prix de 18 pouces noir diamant\u00e9 \u00e9quipent cette voiture. Des surpiqures grises mettent en valeur l\u2019int\u00e9rieur en cuir noir.<\/p>\n<h3 style=\"text-align: justify;\">L\u2019A110 R Fernando Alonso<\/h3>\n<p style=\"text-align: justify;\">La s\u00e9rie limit\u00e9e A110 R Fernando Alonso est produite \u00e0 32 exemplaires. Elle associe l\u2019expertise du c\u00e9l\u00e8bre pilote de F1 aux performances exceptionnelles de la plus radicale des Alpine. 32, c\u2019est aussi le nombre de victoires de Fernando Alonso en Championnat du monde de F1. Cette A110 R Fernando Alonso existe uniquement en bleu racing mat, couleur de l\u2019A522 de F1. Elle est dot\u00e9e d\u2019un moteur de 300 chevaux et de suspensions r\u00e9glables brevet\u00e9es.<\/p>\n<p style=\"text-align: justify;\">Retrouvez nos <a href=\"https:\/\/www.bymycar.fr\/rechercher-un-vehicule?prod_VEHICLES%5BrefinementList%5D%5Bbrand%5D%5B0%5D=ALPINE\" target=\"_blank\" rel=\"noopener\">v\u00e9hicules Alpine<\/a> disponibles en <a href=\"https:\/\/www.bymycar.fr\/concessions\/alpine-bymycar-nancy-120\" target=\"_blank\" rel=\"noopener\">concession BYmyCAR<\/a><\/p>\n<p style=\"text-align: justify;\">*voir conditions en concession<\/p>\n"}},{"acf_fc_layout":"carousel-produits"},{"acf_fc_layout":"text-simple","--nav":{"-withNav":false,"-ancre":""},"--group":{"-text":"<h2>\u00c0 lire \u00e9galement :<\/h2>\n<p><a href=\"https:\/\/www.bymycar.fr\/webzine\/pourquoi-acheter-une-alpine-a110\/\" target=\"_blank\" rel=\"noopener\">Pourquoi acheter une Alpine A110 ?<\/a><\/p>\n<p><a href=\"https:\/\/www.bymycar.fr\/webzine\/ou-est-fabriquee-lalpine-a110\/\">O\u00f9 est fabriqu\u00e9e l&rsquo;Alpine A110 ?<\/a><\/p>\n<p><a href=\"https:\/\/www.bymycar.fr\/webzine\/combien-coute-une-alpine-a110\/\">Combien co\u00fbte une Alpine A110 ?<\/a><\/p>\n<p><a href=\"https:\/\/www.bymycar.fr\/webzine\/combien-de-chevaux-possede-une-alpine-a110\/\">Combien de chevaux poss\u00e8de une Alpine A110 ?<\/a><\/p>\n<p><a href=\"https:\/\/www.bymycar.fr\/webzine\/quelle-alpine-a110-acheter\/\" target=\"_blank\" rel=\"noopener\">Quelle Alpine A110 acheter ?<\/a><\/p>\n<p><a href=\"https:\/\/www.bymycar.fr\/webzine\/ou-se-trouve-le-moteur-alpine-a110\/\" target=\"_blank\" rel=\"noopener\">O\u00f9 se trouve le moteur Alpine A110 ?<\/a><\/p>\n<p><a href=\"https:\/\/www.bymycar.fr\/webzine\/quel-delai-pour-une-alpine-a110\/\" target=\"_blank\" rel=\"noopener\">Quel d\u00e9lai pour une Alpine A110 ?<\/a><\/p>\n"}}]},"add-carousel-to-footer":true},"yoast_head":"<!-- This site is optimized with the Yoast SEO Premium plugin v26.4 (Yoast SEO v26.4) - https:\/\/yoast.com\/wordpress\/plugins\/seo\/ -->\n<title>Combien d&#039;Alpine A110 ont \u00e9t\u00e9 fabriqu\u00e9es \u00e0 ce jour ?<\/title>\n<meta name=\"robots\" content=\"index, follow, max-snippet:-1, max-image-preview:large, max-video-preview:-1\" \/>\n<link rel=\"canonical\" href=\"https:\/\/www.bymycar.fr\/webzine\/combien-dalpine-a110-ont-ete-fabriquees-a-ce-jour\/\" \/>\n<meta property=\"og:locale\" content=\"fr_FR\" \/>\n<meta property=\"og:type\" content=\"article\" \/>\n<meta property=\"og:title\" content=\"Combien d&#039;Alpine A110 ont \u00e9t\u00e9 fabriqu\u00e9es \u00e0 ce jour ?\" \/>\n<meta property=\"og:url\" content=\"https:\/\/www.bymycar.fr\/webzine\/combien-dalpine-a110-ont-ete-fabriquees-a-ce-jour\/\" \/>\n<meta property=\"og:site_name\" content=\"Webzine auto BYmyCAR\" \/>\n<meta property=\"article:published_time\" content=\"2023-06-27T15:59:57+00:00\" \/>\n<meta property=\"article:modified_time\" content=\"2025-09-09T09:36:59+00:00\" \/>\n<meta property=\"og:image\" content=\"https:\/\/cdn.bymycar.eu\/fr-webzine\/wp-content\/uploads\/medias\/ALPINE_A110_R_Serie_Limitee_Le_Mans.jpg\" \/>\n\t<meta property=\"og:image:width\" content=\"2560\" \/>\n\t<meta property=\"og:image:height\" content=\"1325\" \/>\n\t<meta property=\"og:image:type\" content=\"image\/jpeg\" \/>\n<meta name=\"author\" content=\"La R\u00e9daction BYmyCAR\" \/>\n<meta name=\"twitter:card\" content=\"summary_large_image\" \/>\n<meta name=\"twitter:label1\" content=\"\u00c9crit par\" \/>\n\t<meta name=\"twitter:data1\" content=\"La R\u00e9daction BYmyCAR\" \/>\n<script type=\"application\/ld+json\" class=\"yoast-schema-graph\">{\"@context\":\"https:\/\/schema.org\",\"@graph\":[{\"@type\":\"Article\",\"@id\":\"https:\/\/www.bymycar.fr\/webzine\/combien-dalpine-a110-ont-ete-fabriquees-a-ce-jour\/#article\",\"isPartOf\":{\"@id\":\"https:\/\/www.bymycar.fr\/webzine\/combien-dalpine-a110-ont-ete-fabriquees-a-ce-jour\/\"},\"author\":{\"name\":\"La R\u00e9daction BYmyCAR\",\"@id\":\"https:\/\/www.bymycar.fr\/webzine\/#\/schema\/person\/8d570fe11eb8929f06c1e6d00f4d9689\"},\"headline\":\"Combien d&rsquo;Alpine A110 ont \u00e9t\u00e9 fabriqu\u00e9es \u00e0 ce jour ?\",\"datePublished\":\"2023-06-27T15:59:57+00:00\",\"dateModified\":\"2025-09-09T09:36:59+00:00\",\"mainEntityOfPage\":{\"@id\":\"https:\/\/www.bymycar.fr\/webzine\/combien-dalpine-a110-ont-ete-fabriquees-a-ce-jour\/\"},\"wordCount\":10,\"publisher\":{\"@id\":\"https:\/\/www.bymycar.fr\/webzine\/#organization\"},\"image\":{\"@id\":\"https:\/\/www.bymycar.fr\/webzine\/combien-dalpine-a110-ont-ete-fabriquees-a-ce-jour\/#primaryimage\"},\"thumbnailUrl\":\"https:\/\/cdn.bymycar.eu\/fr-webzine\/wp-content\/uploads\/medias\/ALPINE_A110_R_Serie_Limitee_Le_Mans.jpg\",\"articleSection\":[\"Guide d'achat Alpine A110\"],\"inLanguage\":\"fr-FR\"},{\"@type\":\"WebPage\",\"@id\":\"https:\/\/www.bymycar.fr\/webzine\/combien-dalpine-a110-ont-ete-fabriquees-a-ce-jour\/\",\"url\":\"https:\/\/www.bymycar.fr\/webzine\/combien-dalpine-a110-ont-ete-fabriquees-a-ce-jour\/\",\"name\":\"Combien d'Alpine A110 ont \u00e9t\u00e9 fabriqu\u00e9es \u00e0 ce jour ?\",\"isPartOf\":{\"@id\":\"https:\/\/www.bymycar.fr\/webzine\/#website\"},\"primaryImageOfPage\":{\"@id\":\"https:\/\/www.bymycar.fr\/webzine\/combien-dalpine-a110-ont-ete-fabriquees-a-ce-jour\/#primaryimage\"},\"image\":{\"@id\":\"https:\/\/www.bymycar.fr\/webzine\/combien-dalpine-a110-ont-ete-fabriquees-a-ce-jour\/#primaryimage\"},\"thumbnailUrl\":\"https:\/\/cdn.bymycar.eu\/fr-webzine\/wp-content\/uploads\/medias\/ALPINE_A110_R_Serie_Limitee_Le_Mans.jpg\",\"datePublished\":\"2023-06-27T15:59:57+00:00\",\"dateModified\":\"2025-09-09T09:36:59+00:00\",\"breadcrumb\":{\"@id\":\"https:\/\/www.bymycar.fr\/webzine\/combien-dalpine-a110-ont-ete-fabriquees-a-ce-jour\/#breadcrumb\"},\"inLanguage\":\"fr-FR\",\"potentialAction\":[{\"@type\":\"ReadAction\",\"target\":[\"https:\/\/www.bymycar.fr\/webzine\/combien-dalpine-a110-ont-ete-fabriquees-a-ce-jour\/\"]}]},{\"@type\":\"ImageObject\",\"inLanguage\":\"fr-FR\",\"@id\":\"https:\/\/www.bymycar.fr\/webzine\/combien-dalpine-a110-ont-ete-fabriquees-a-ce-jour\/#primaryimage\",\"url\":\"https:\/\/cdn.bymycar.eu\/fr-webzine\/wp-content\/uploads\/medias\/ALPINE_A110_R_Serie_Limitee_Le_Mans.jpg\",\"contentUrl\":\"https:\/\/cdn.bymycar.eu\/fr-webzine\/wp-content\/uploads\/medias\/ALPINE_A110_R_Serie_Limitee_Le_Mans.jpg\",\"width\":2560,\"height\":1325},{\"@type\":\"BreadcrumbList\",\"@id\":\"https:\/\/www.bymycar.fr\/webzine\/combien-dalpine-a110-ont-ete-fabriquees-a-ce-jour\/#breadcrumb\",\"itemListElement\":[{\"@type\":\"ListItem\",\"position\":1,\"name\":\"Accueil\",\"item\":\"https:\/\/www.bymycar.fr\/webzine\/\"},{\"@type\":\"ListItem\",\"position\":2,\"name\":\"Combien d&rsquo;Alpine A110 ont \u00e9t\u00e9 fabriqu\u00e9es \u00e0 ce jour ?\"}]},{\"@type\":\"WebSite\",\"@id\":\"https:\/\/www.bymycar.fr\/webzine\/#website\",\"url\":\"https:\/\/www.bymycar.fr\/webzine\/\",\"name\":\"Webzine auto BYmyCAR\",\"description\":\"La magazine auto de BYmyCAR\",\"publisher\":{\"@id\":\"https:\/\/www.bymycar.fr\/webzine\/#organization\"},\"potentialAction\":[{\"@type\":\"SearchAction\",\"target\":{\"@type\":\"EntryPoint\",\"urlTemplate\":\"https:\/\/www.bymycar.fr\/webzine\/?s={search_term_string}\"},\"query-input\":{\"@type\":\"PropertyValueSpecification\",\"valueRequired\":true,\"valueName\":\"search_term_string\"}}],\"inLanguage\":\"fr-FR\"},{\"@type\":\"Organization\",\"@id\":\"https:\/\/www.bymycar.fr\/webzine\/#organization\",\"name\":\"BYmyCAR\",\"url\":\"https:\/\/www.bymycar.fr\/webzine\/\",\"logo\":{\"@type\":\"ImageObject\",\"inLanguage\":\"fr-FR\",\"@id\":\"https:\/\/www.bymycar.fr\/webzine\/#\/schema\/logo\/image\/\",\"url\":\"https:\/\/cdn.bymycar.eu\/fr-webzine\/wp-content\/uploads\/medias\/2017\/08\/logo_DEALER_00000406_001.png\",\"contentUrl\":\"https:\/\/cdn.bymycar.eu\/fr-webzine\/wp-content\/uploads\/medias\/2017\/08\/logo_DEALER_00000406_001.png\",\"width\":2132,\"height\":720,\"caption\":\"BYmyCAR\"},\"image\":{\"@id\":\"https:\/\/www.bymycar.fr\/webzine\/#\/schema\/logo\/image\/\"}},{\"@type\":\"Person\",\"@id\":\"https:\/\/www.bymycar.fr\/webzine\/#\/schema\/person\/8d570fe11eb8929f06c1e6d00f4d9689\",\"name\":\"La R\u00e9daction BYmyCAR\",\"image\":{\"@type\":\"ImageObject\",\"inLanguage\":\"fr-FR\",\"@id\":\"https:\/\/www.bymycar.fr\/webzine\/#\/schema\/person\/image\/\",\"url\":\"https:\/\/secure.gravatar.com\/avatar\/1aa6b039d0ce106989923af4e2d0f2a0c82bb070d5e449f1b9adf082a5863900?s=96&d=mm&r=g\",\"contentUrl\":\"https:\/\/secure.gravatar.com\/avatar\/1aa6b039d0ce106989923af4e2d0f2a0c82bb070d5e449f1b9adf082a5863900?s=96&d=mm&r=g\",\"caption\":\"La R\u00e9daction BYmyCAR\"},\"sameAs\":[\"https:\/\/www.bymycar.fr\/\"]}]}<\/script>\n<!-- \/ Yoast SEO Premium plugin. -->","yoast_head_json":{"title":"Combien d'Alpine A110 ont \u00e9t\u00e9 fabriqu\u00e9es \u00e0 ce jour ?","robots":{"index":"index","follow":"follow","max-snippet":"max-snippet:-1","max-image-preview":"max-image-preview:large","max-video-preview":"max-video-preview:-1"},"canonical":"https:\/\/www.bymycar.fr\/webzine\/combien-dalpine-a110-ont-ete-fabriquees-a-ce-jour\/","og_locale":"fr_FR","og_type":"article","og_title":"Combien d'Alpine A110 ont \u00e9t\u00e9 fabriqu\u00e9es \u00e0 ce jour ?","og_url":"https:\/\/www.bymycar.fr\/webzine\/combien-dalpine-a110-ont-ete-fabriquees-a-ce-jour\/","og_site_name":"Webzine auto BYmyCAR","article_published_time":"2023-06-27T15:59:57+00:00","article_modified_time":"2025-09-09T09:36:59+00:00","og_image":[{"width":2560,"height":1325,"url":"https:\/\/cdn.bymycar.eu\/fr-webzine\/wp-content\/uploads\/medias\/ALPINE_A110_R_Serie_Limitee_Le_Mans.jpg","type":"image\/jpeg"}],"author":"La R\u00e9daction BYmyCAR","twitter_card":"summary_large_image","twitter_misc":{"\u00c9crit par":"La R\u00e9daction BYmyCAR"},"schema":{"@context":"https:\/\/schema.org","@graph":[{"@type":"Article","@id":"https:\/\/www.bymycar.fr\/webzine\/combien-dalpine-a110-ont-ete-fabriquees-a-ce-jour\/#article","isPartOf":{"@id":"https:\/\/www.bymycar.fr\/webzine\/combien-dalpine-a110-ont-ete-fabriquees-a-ce-jour\/"},"author":{"name":"La R\u00e9daction BYmyCAR","@id":"https:\/\/www.bymycar.fr\/webzine\/#\/schema\/person\/8d570fe11eb8929f06c1e6d00f4d9689"},"headline":"Combien d&rsquo;Alpine A110 ont \u00e9t\u00e9 fabriqu\u00e9es \u00e0 ce jour ?","datePublished":"2023-06-27T15:59:57+00:00","dateModified":"2025-09-09T09:36:59+00:00","mainEntityOfPage":{"@id":"https:\/\/www.bymycar.fr\/webzine\/combien-dalpine-a110-ont-ete-fabriquees-a-ce-jour\/"},"wordCount":10,"publisher":{"@id":"https:\/\/www.bymycar.fr\/webzine\/#organization"},"image":{"@id":"https:\/\/www.bymycar.fr\/webzine\/combien-dalpine-a110-ont-ete-fabriquees-a-ce-jour\/#primaryimage"},"thumbnailUrl":"https:\/\/cdn.bymycar.eu\/fr-webzine\/wp-content\/uploads\/medias\/ALPINE_A110_R_Serie_Limitee_Le_Mans.jpg","articleSection":["Guide d'achat Alpine A110"],"inLanguage":"fr-FR"},{"@type":"WebPage","@id":"https:\/\/www.bymycar.fr\/webzine\/combien-dalpine-a110-ont-ete-fabriquees-a-ce-jour\/","url":"https:\/\/www.bymycar.fr\/webzine\/combien-dalpine-a110-ont-ete-fabriquees-a-ce-jour\/","name":"Combien d'Alpine A110 ont \u00e9t\u00e9 fabriqu\u00e9es \u00e0 ce jour ?","isPartOf":{"@id":"https:\/\/www.bymycar.fr\/webzine\/#website"},"primaryImageOfPage":{"@id":"https:\/\/www.bymycar.fr\/webzine\/combien-dalpine-a110-ont-ete-fabriquees-a-ce-jour\/#primaryimage"},"image":{"@id":"https:\/\/www.bymycar.fr\/webzine\/combien-dalpine-a110-ont-ete-fabriquees-a-ce-jour\/#primaryimage"},"thumbnailUrl":"https:\/\/cdn.bymycar.eu\/fr-webzine\/wp-content\/uploads\/medias\/ALPINE_A110_R_Serie_Limitee_Le_Mans.jpg","datePublished":"2023-06-27T15:59:57+00:00","dateModified":"2025-09-09T09:36:59+00:00","breadcrumb":{"@id":"https:\/\/www.bymycar.fr\/webzine\/combien-dalpine-a110-ont-ete-fabriquees-a-ce-jour\/#breadcrumb"},"inLanguage":"fr-FR","potentialAction":[{"@type":"ReadAction","target":["https:\/\/www.bymycar.fr\/webzine\/combien-dalpine-a110-ont-ete-fabriquees-a-ce-jour\/"]}]},{"@type":"ImageObject","inLanguage":"fr-FR","@id":"https:\/\/www.bymycar.fr\/webzine\/combien-dalpine-a110-ont-ete-fabriquees-a-ce-jour\/#primaryimage","url":"https:\/\/cdn.bymycar.eu\/fr-webzine\/wp-content\/uploads\/medias\/ALPINE_A110_R_Serie_Limitee_Le_Mans.jpg","contentUrl":"https:\/\/cdn.bymycar.eu\/fr-webzine\/wp-content\/uploads\/medias\/ALPINE_A110_R_Serie_Limitee_Le_Mans.jpg","width":2560,"height":1325},{"@type":"BreadcrumbList","@id":"https:\/\/www.bymycar.fr\/webzine\/combien-dalpine-a110-ont-ete-fabriquees-a-ce-jour\/#breadcrumb","itemListElement":[{"@type":"ListItem","position":1,"name":"Accueil","item":"https:\/\/www.bymycar.fr\/webzine\/"},{"@type":"ListItem","position":2,"name":"Combien d&rsquo;Alpine A110 ont \u00e9t\u00e9 fabriqu\u00e9es \u00e0 ce jour ?"}]},{"@type":"WebSite","@id":"https:\/\/www.bymycar.fr\/webzine\/#website","url":"https:\/\/www.bymycar.fr\/webzine\/","name":"Webzine auto BYmyCAR","description":"La magazine auto de BYmyCAR","publisher":{"@id":"https:\/\/www.bymycar.fr\/webzine\/#organization"},"potentialAction":[{"@type":"SearchAction","target":{"@type":"EntryPoint","urlTemplate":"https:\/\/www.bymycar.fr\/webzine\/?s={search_term_string}"},"query-input":{"@type":"PropertyValueSpecification","valueRequired":true,"valueName":"search_term_string"}}],"inLanguage":"fr-FR"},{"@type":"Organization","@id":"https:\/\/www.bymycar.fr\/webzine\/#organization","name":"BYmyCAR","url":"https:\/\/www.bymycar.fr\/webzine\/","logo":{"@type":"ImageObject","inLanguage":"fr-FR","@id":"https:\/\/www.bymycar.fr\/webzine\/#\/schema\/logo\/image\/","url":"https:\/\/cdn.bymycar.eu\/fr-webzine\/wp-content\/uploads\/medias\/2017\/08\/logo_DEALER_00000406_001.png","contentUrl":"https:\/\/cdn.bymycar.eu\/fr-webzine\/wp-content\/uploads\/medias\/2017\/08\/logo_DEALER_00000406_001.png","width":2132,"height":720,"caption":"BYmyCAR"},"image":{"@id":"https:\/\/www.bymycar.fr\/webzine\/#\/schema\/logo\/image\/"}},{"@type":"Person","@id":"https:\/\/www.bymycar.fr\/webzine\/#\/schema\/person\/8d570fe11eb8929f06c1e6d00f4d9689","name":"La R\u00e9daction BYmyCAR","image":{"@type":"ImageObject","inLanguage":"fr-FR","@id":"https:\/\/www.bymycar.fr\/webzine\/#\/schema\/person\/image\/","url":"https:\/\/secure.gravatar.com\/avatar\/1aa6b039d0ce106989923af4e2d0f2a0c82bb070d5e449f1b9adf082a5863900?s=96&d=mm&r=g","contentUrl":"https:\/\/secure.gravatar.com\/avatar\/1aa6b039d0ce106989923af4e2d0f2a0c82bb070d5e449f1b9adf082a5863900?s=96&d=mm&r=g","caption":"La R\u00e9daction BYmyCAR"},"sameAs":["https:\/\/www.bymycar.fr\/"]}]}},"_links":{"self":[{"href":"https:\/\/www.bymycar.fr\/webzine\/wp-json\/wp\/v2\/posts\/41482","targetHints":{"allow":["GET"]}}],"collection":[{"href":"https:\/\/www.bymycar.fr\/webzine\/wp-json\/wp\/v2\/posts"}],"about":[{"href":"https:\/\/www.bymycar.fr\/webzine\/wp-json\/wp\/v2\/types\/post"}],"author":[{"embeddable":true,"href":"https:\/\/www.bymycar.fr\/webzine\/wp-json\/wp\/v2\/users\/88"}],"replies":[{"embeddable":true,"href":"https:\/\/www.bymycar.fr\/webzine\/wp-json\/wp\/v2\/comments?post=41482"}],"version-history":[{"count":7,"href":"https:\/\/www.bymycar.fr\/webzine\/wp-json\/wp\/v2\/posts\/41482\/revisions"}],"predecessor-version":[{"id":58386,"href":"https:\/\/www.bymycar.fr\/webzine\/wp-json\/wp\/v2\/posts\/41482\/revisions\/58386"}],"wp:featuredmedia":[{"embeddable":true,"href":"https:\/\/www.bymycar.fr\/webzine\/wp-json\/wp\/v2\/media\/41483"}],"wp:attachment":[{"href":"https:\/\/www.bymycar.fr\/webzine\/wp-json\/wp\/v2\/media?parent=41482"}],"wp:term":[{"taxonomy":"category","embeddable":true,"href":"https:\/\/www.bymycar.fr\/webzine\/wp-json\/wp\/v2\/categories?post=41482"},{"taxonomy":"post_tag","embeddable":true,"href":"https:\/\/www.bymycar.fr\/webzine\/wp-json\/wp\/v2\/tags?post=41482"}],"curies":[{"name":"wp","href":"https:\/\/api.w.org\/{rel}","templated":true}]}}