{"id":41330,"date":"2023-06-20T10:11:14","date_gmt":"2023-06-20T08:11:14","guid":{"rendered":"https:\/\/prod.bymycar.fr\/webzine\/?p=41330"},"modified":"2024-03-20T12:08:36","modified_gmt":"2024-03-20T11:08:36","slug":"offres-exceptionnelles-sur-une-selection-de-smart-pretes-a-partir-chez-smart-bymycar","status":"publish","type":"post","link":"https:\/\/www.bymycar.fr\/webzine\/offres-exceptionnelles-sur-une-selection-de-smart-pretes-a-partir-chez-smart-bymycar\/","title":{"rendered":"Offres exceptionnelles sur une s\u00e9lection de smart pr\u00eates \u00e0 partir chez smart BYmyCAR"},"content":{"rendered":"","protected":false},"excerpt":{"rendered":"","protected":false},"author":26,"featured_media":44984,"comment_status":"closed","ping_status":"open","sticky":false,"template":"","format":"standard","meta":{"_acf_changed":false,"footnotes":""},"categories":[9014],"tags":[],"class_list":["post-41330","post","type-post","status-publish","format-standard","has-post-thumbnail","hentry","category-actualites-concessions-bymycar"],"acf":{"template":"classique","introduction":"<div class=\"\" data-block=\"true\" data-editor=\"21be6\" data-offset-key=\"78jqp-0-0\">\n<div class=\"_1mf _1mj\" data-offset-key=\"78jqp-0-0\">Profitez d&rsquo;offres exceptionnelles sur les Nouvelles smart #1 disponibles imm\u00e9diatement !<\/div>\n<\/div>\n<div data-offset-key=\"78jqp-0-0\"><\/div>\n<div data-offset-key=\"78jqp-0-0\"><\/div>\n<div data-offset-key=\"78jqp-0-0\">La nouvelle smart #1 vous offre :<\/div>\n<div data-offset-key=\"78jqp-0-0\"><\/div>\n<div data-offset-key=\"78jqp-0-0\"><\/div>\n<div data-offset-key=\"78jqp-0-0\">&#8211; 5 vraies places assises<\/div>\n<div data-offset-key=\"78jqp-0-0\">&#8211; Une connectivit\u00e9 embarqu\u00e9e optimale<\/div>\n<div data-offset-key=\"78jqp-0-0\">&#8211; Une autonomie 100% \u00e9lectrique jusqu&rsquo;\u00e0 455 km* cycle mixte WLPT<\/div>\n<div data-offset-key=\"avgut-0-0\"><\/div>\n<div data-offset-key=\"avgut-0-0\"><\/div>\n","strates":[{"type_strate":"texte-simple","ancre":"","contenu":"<p><img loading=\"lazy\" decoding=\"async\" class=\"aligncenter size-large wp-image-45380\" src=\"https:\/\/obs-webzine-prod.oss.eu-west-0.prod-cloud-ocb.orange-business.com\/medias\/LISTE-DESTOCKAGE-SMART-VD-MARS-2024-compressor-724x1024.png\" alt=\"D\u00e9stockage smart BYmyCAR Mars 2024\" width=\"724\" height=\"1024\" srcset=\"https:\/\/cdn.bymycar.eu\/fr-webzine\/wp-content\/uploads\/medias\/LISTE-DESTOCKAGE-SMART-VD-MARS-2024-compressor.png 724w, https:\/\/cdn.bymycar.eu\/fr-webzine\/wp-content\/uploads\/medias\/LISTE-DESTOCKAGE-SMART-VD-MARS-2024-compressor.png 212w, https:\/\/cdn.bymycar.eu\/fr-webzine\/wp-content\/uploads\/medias\/LISTE-DESTOCKAGE-SMART-VD-MARS-2024-compressor.png 768w, https:\/\/cdn.bymycar.eu\/fr-webzine\/wp-content\/uploads\/medias\/LISTE-DESTOCKAGE-SMART-VD-MARS-2024-compressor.png 1086w, https:\/\/cdn.bymycar.eu\/fr-webzine\/wp-content\/uploads\/medias\/LISTE-DESTOCKAGE-SMART-VD-MARS-2024-compressor.png 127w, https:\/\/cdn.bymycar.eu\/fr-webzine\/wp-content\/uploads\/medias\/LISTE-DESTOCKAGE-SMART-VD-MARS-2024-compressor.png 1414w\" sizes=\"(max-width: 724px) 100vw, 724px\" \/><\/p>\n","titre":"liste","image":false,"image_libre":false,"image_800x500":false,"legende":"","zoom":false,"texte":"","articles":false,"categorie_droite":false,"images":false,"elements_comparatif":false,"texte_1":"","texte_2":"","image_1":false,"image_1_563x400":false,"image_1_332x332":false,"image_2":false,"image_2_333x240":false,"image_2_563x400":false,"image_3":false,"image_3_333x240":false,"image_3_332x450":false,"image_4":false,"image_4_332x332":false,"image_4_563x400":false,"code_embed":"","legende_video":"","photo":false,"photo_100x100":false,"nom":"","fonction":"","elements_timeline":false,"entetes_colonnes":false,"entetes_lignes":false,"lignes":false,"introduction":"","formulaire":false,"question":"","reponse":"","libelle_bouton_lien":"","url_lien":"","questions":false,"conclusions":false,"pays":false,"region":false,"marque":false,"marqueConcessions":false,"modele":false,"ptvente":false,"typeV":false,"collection":false,"nombre_maximum_elements":10,"lien_fin_carousel":"","texte_lien_fin_carousel":"","trier_par":false},{"type_strate":"texte-simple","ancre":"contactez-nous","contenu":"\n<div class=\"wpcf7 no-js\" id=\"wpcf7-f41344-o1\" lang=\"fr-FR\" dir=\"ltr\" data-wpcf7-id=\"41344\">\n<div class=\"screen-reader-response\"><p role=\"status\" aria-live=\"polite\" aria-atomic=\"true\"><\/p> <ul><\/ul><\/div>\n<form action=\"\/webzine\/wp-json\/wp\/v2\/posts\/41330#wpcf7-f41344-o1\" method=\"post\" class=\"wpcf7-form init\" aria-label=\"Formulaire de contact\" novalidate=\"novalidate\" data-status=\"init\">\n<fieldset class=\"hidden-fields-container\"><input type=\"hidden\" name=\"_wpcf7\" value=\"41344\" \/><input type=\"hidden\" name=\"_wpcf7_version\" value=\"6.1.3\" \/><input type=\"hidden\" name=\"_wpcf7_locale\" value=\"fr_FR\" \/><input type=\"hidden\" name=\"_wpcf7_unit_tag\" value=\"wpcf7-f41344-o1\" \/><input type=\"hidden\" name=\"_wpcf7_container_post\" value=\"0\" \/><input type=\"hidden\" name=\"_wpcf7_posted_data_hash\" value=\"\" \/><input type=\"hidden\" name=\"_wpcf7_recaptcha_response\" value=\"\" \/>\n<\/fieldset>\n<div class=\"flex flex-row flex-wrap -mx-4\"><div class=\"w-1\/2 flex flex-col gap-4 align-top px-4\">\n\n<label> Nom* <\/label>\n<span class=\"wpcf7-form-control-wrap\" data-name=\"Nom\"><input size=\"40\" maxlength=\"400\" class=\"wpcf7-form-control wpcf7-text wpcf7-validates-as-required\" aria-required=\"true\" aria-invalid=\"false\" value=\"\" type=\"text\" name=\"Nom\" \/><\/span>\n\n<label> Pr\u00e9nom* <\/label>\n<span class=\"wpcf7-form-control-wrap\" data-name=\"prenom\"><input size=\"40\" maxlength=\"400\" class=\"wpcf7-form-control wpcf7-text wpcf7-validates-as-required\" aria-required=\"true\" aria-invalid=\"false\" value=\"\" type=\"text\" name=\"prenom\" \/><\/span>\n\n<label> Email* <\/label>\n<span class=\"wpcf7-form-control-wrap\" data-name=\"email\"><input size=\"40\" maxlength=\"400\" class=\"wpcf7-form-control wpcf7-email wpcf7-validates-as-required wpcf7-text wpcf7-validates-as-email\" aria-required=\"true\" aria-invalid=\"false\" value=\"\" type=\"email\" name=\"email\" \/><\/span>\n\n<label> T\u00e9l\u00e9phone* <\/label>\n<span class=\"wpcf7-form-control-wrap\" data-name=\"telephone\"><input size=\"40\" maxlength=\"400\" class=\"wpcf7-form-control wpcf7-tel wpcf7-validates-as-required wpcf7-text wpcf7-validates-as-tel\" aria-required=\"true\" aria-invalid=\"false\" value=\"\" type=\"tel\" name=\"telephone\" \/><\/span>\n\n<\/div>\n\n<div class=\"w-1\/2 flex flex-col gap-4 align-top px-4\">\n\n<label> Choix de finition* <\/label>\n<span class=\"wpcf7-form-control-wrap\" data-name=\"modele\"><select class=\"wpcf7-form-control wpcf7-select wpcf7-validates-as-required\" aria-required=\"true\" aria-invalid=\"false\" name=\"modele\"><option value=\"Pro+\">Pro+<\/option><option value=\"Premium\">Premium<\/option><option value=\"Brabus\">Brabus<\/option><\/select><\/span>\n\n<label> Choix de la concession* <\/label>\n<span class=\"wpcf7-form-control-wrap\" data-name=\"concession\"><select class=\"wpcf7-form-control wpcf7-select wpcf7-validates-as-required\" aria-required=\"true\" aria-invalid=\"false\" name=\"concession\"><option value=\"smart BYmyCAR Cannes\">smart BYmyCAR Cannes<\/option><option value=\"smart BYmyCAR Villeneuve Loubet\">smart BYmyCAR Villeneuve Loubet<\/option><option value=\"smart BYmyCAR CAP3000\">smart BYmyCAR CAP3000<\/option><\/select><\/span>\n\n<label> Votre message <\/label>\n<span class=\"wpcf7-form-control-wrap\" data-name=\"Commentaireclient\"><textarea cols=\"40\" rows=\"5\" maxlength=\"2000\" class=\"wpcf7-form-control wpcf7-textarea\" aria-invalid=\"false\" name=\"Commentaireclient\"><\/textarea><\/span>\n\n<\/div>\n\n<span class=\"wpcf7-form-control-wrap\" data-name=\"optinemail\"><span class=\"wpcf7-form-control wpcf7-checkbox\"><span class=\"wpcf7-list-item first last\"><input type=\"checkbox\" name=\"optinemail[]\" value=\"J&#039;accepte de recevoir la lettre d&#039;information li\u00e9e au Groupe BYmyCAR\" \/><span class=\"wpcf7-list-item-label\">J&#039;accepte de recevoir la lettre d&#039;information li\u00e9e au Groupe BYmyCAR<\/span><\/span><\/span><\/span>\n\n<span class=\"wpcf7-form-control-wrap\" data-name=\"optinsms\"><span class=\"wpcf7-form-control wpcf7-checkbox\"><span class=\"wpcf7-list-item first last\"><input type=\"checkbox\" name=\"optinsms[]\" value=\"J&#039;accepte de recevoir des informations li\u00e9es au Groupe BYmyCAR par sms\" \/><span class=\"wpcf7-list-item-label\">J&#039;accepte de recevoir des informations li\u00e9es au Groupe BYmyCAR par sms<\/span><\/span><\/span><\/span>\n\n<span class=\"wpcf7-form-control-wrap\" data-name=\"optinappel\"><span class=\"wpcf7-form-control wpcf7-checkbox\"><span class=\"wpcf7-list-item first last\"><input type=\"checkbox\" name=\"optinappel[]\" value=\"J&#039;accepte de recevoir des informations li\u00e9es au Groupe BYmyCAR par appel\" \/><span class=\"wpcf7-list-item-label\">J&#039;accepte de recevoir des informations li\u00e9es au Groupe BYmyCAR par appel<\/span><\/span><\/span><\/span>\n\n<div class=\"w-full flex flex-col items-center gap-y-2 text-center mt-4\"><input class=\"wpcf7-form-control wpcf7-submit has-spinner\" type=\"submit\" value=\"Envoyer\" \/><\/div><\/div><div class=\"wpcf7-response-output\" aria-hidden=\"true\"><\/div>\n<\/form>\n<\/div>\n\n","titre":"formulaire","image":false,"image_libre":false,"image_800x500":false,"legende":"","zoom":false,"texte":"","articles":false,"categorie_droite":false,"images":false,"elements_comparatif":false,"texte_1":"","texte_2":"","image_1":false,"image_1_563x400":false,"image_1_332x332":false,"image_2":false,"image_2_333x240":false,"image_2_563x400":false,"image_3":false,"image_3_333x240":false,"image_3_332x450":false,"image_4":false,"image_4_332x332":false,"image_4_563x400":false,"code_embed":"","legende_video":"","photo":false,"photo_100x100":false,"nom":"","fonction":"","elements_timeline":false,"entetes_colonnes":false,"entetes_lignes":false,"lignes":false,"introduction":"","formulaire":false,"question":"","reponse":"","libelle_bouton_lien":"","url_lien":"","questions":false,"conclusions":false,"pays":false,"region":false,"marque":false,"marqueConcessions":false,"modele":false,"ptvente":false,"typeV":false,"collection":false,"nombre_maximum_elements":10,"lien_fin_carousel":"","texte_lien_fin_carousel":"","trier_par":false}],"is_old_post":false,"image":{"ID":44984,"id":44984,"title":"smart #1","filename":"smart-1.png","filesize":1196010,"url":"https:\/\/cdn.bymycar.eu\/fr-webzine\/wp-content\/uploads\/medias\/smart-1.png","link":"https:\/\/www.bymycar.fr\/webzine\/offres-exceptionnelles-sur-une-selection-de-smart-pretes-a-partir-chez-smart-bymycar\/smart-1\/","alt":"","author":"26","description":"","caption":"","name":"smart-1","status":"inherit","uploaded_to":41330,"date":"2024-02-09 15:23:12","modified":"2024-02-09 15:23:12","menu_order":0,"mime_type":"image\/png","type":"image","subtype":"png","icon":"https:\/\/www.bymycar.fr\/webzine\/wp-includes\/images\/media\/default.png","width":1599,"height":897,"sizes":{"thumbnail":"https:\/\/cdn.bymycar.eu\/fr-webzine\/wp-content\/uploads\/medias\/smart-1-150x150.png","thumbnail-width":150,"thumbnail-height":150,"medium":"https:\/\/cdn.bymycar.eu\/fr-webzine\/wp-content\/uploads\/medias\/smart-1-300x168.png","medium-width":300,"medium-height":168,"medium_large":"https:\/\/cdn.bymycar.eu\/fr-webzine\/wp-content\/uploads\/medias\/smart-1-768x431.png","medium_large-width":768,"medium_large-height":431,"large":"https:\/\/cdn.bymycar.eu\/fr-webzine\/wp-content\/uploads\/medias\/smart-1-1024x574.png","large-width":1024,"large-height":574,"1536x1536":"https:\/\/cdn.bymycar.eu\/fr-webzine\/wp-content\/uploads\/medias\/smart-1-1536x862.png","1536x1536-width":1536,"1536x1536-height":862,"2048x2048":"https:\/\/cdn.bymycar.eu\/fr-webzine\/wp-content\/uploads\/medias\/smart-1.png","2048x2048-width":1599,"2048x2048-height":897}},"page_content":{"block_content":[{"acf_fc_layout":"text-simple","--nav":{"-withNav":false,"-ancre":""},"--group":{"-text":"<p><img loading=\"lazy\" decoding=\"async\" class=\"aligncenter size-large wp-image-45380\" src=\"https:\/\/obs-webzine-prod.oss.eu-west-0.prod-cloud-ocb.orange-business.com\/medias\/LISTE-DESTOCKAGE-SMART-VD-MARS-2024-compressor-724x1024.png\" alt=\"D\u00e9stockage smart BYmyCAR Mars 2024\" width=\"724\" height=\"1024\" srcset=\"https:\/\/cdn.bymycar.eu\/fr-webzine\/wp-content\/uploads\/medias\/medias\/LISTE-DESTOCKAGE-SMART-VD-MARS-2024-compressor.png 724w, https:\/\/cdn.bymycar.eu\/fr-webzine\/wp-content\/uploads\/medias\/medias\/LISTE-DESTOCKAGE-SMART-VD-MARS-2024-compressor.png 212w, https:\/\/cdn.bymycar.eu\/fr-webzine\/wp-content\/uploads\/medias\/medias\/LISTE-DESTOCKAGE-SMART-VD-MARS-2024-compressor.png 768w, https:\/\/cdn.bymycar.eu\/fr-webzine\/wp-content\/uploads\/medias\/medias\/LISTE-DESTOCKAGE-SMART-VD-MARS-2024-compressor.png 1086w, https:\/\/cdn.bymycar.eu\/fr-webzine\/wp-content\/uploads\/medias\/medias\/LISTE-DESTOCKAGE-SMART-VD-MARS-2024-compressor.png 127w, https:\/\/cdn.bymycar.eu\/fr-webzine\/wp-content\/uploads\/medias\/medias\/LISTE-DESTOCKAGE-SMART-VD-MARS-2024-compressor.png 1414w\" sizes=\"(max-width: 724px) 100vw, 724px\" \/><\/p>\n"}},{"acf_fc_layout":"text-simple","--nav":{"-withNav":true,"-ancre":"contactez-nous"},"--group":{"-text":"<div class=\"wpcf7 no-js\" id=\"wpcf7-f41344-p41330-o14\" lang=\"fr-FR\" dir=\"ltr\" data-wpcf7-id=\"41344\">\n<div class=\"screen-reader-response\">\n<p role=\"status\" aria-live=\"polite\" aria-atomic=\"true\">\n<ul><\/ul>\n<\/div>\n<form action=\"\/webzine\/wp-admin\/index.php?page=transfert-data-post#wpcf7-f41344-p41330-o14\" method=\"post\" class=\"wpcf7-form init\" aria-label=\"Formulaire de contact\" novalidate=\"novalidate\" data-status=\"init\">\n<div style=\"display: none;\">\n<input type=\"hidden\" name=\"_wpcf7\" value=\"41344\" \/><br \/>\n<input type=\"hidden\" name=\"_wpcf7_version\" value=\"6.0.6\" \/><br \/>\n<input type=\"hidden\" name=\"_wpcf7_locale\" value=\"fr_FR\" \/><br \/>\n<input type=\"hidden\" name=\"_wpcf7_unit_tag\" value=\"wpcf7-f41344-p41330-o14\" \/><br \/>\n<input type=\"hidden\" name=\"_wpcf7_container_post\" value=\"41330\" \/><br \/>\n<input type=\"hidden\" name=\"_wpcf7_posted_data_hash\" value=\"\" \/><br \/>\n<input type=\"hidden\" name=\"_wpcf7_recaptcha_response\" value=\"\" \/>\n<\/div>\n<div class=\"flex flex-row flex-wrap -mx-4\">\n<div class=\"w-1\/2 flex flex-col gap-4 align-top px-4\">\n<p><label> Nom* <\/label><br \/>\n<span class=\"wpcf7-form-control-wrap\" data-name=\"Nom\"><input size=\"40\" maxlength=\"400\" class=\"wpcf7-form-control wpcf7-text wpcf7-validates-as-required\" aria-required=\"true\" aria-invalid=\"false\" value=\"\" type=\"text\" name=\"Nom\" \/><\/span><\/p>\n<p><label> Pr\u00e9nom* <\/label><br \/>\n<span class=\"wpcf7-form-control-wrap\" data-name=\"prenom\"><input size=\"40\" maxlength=\"400\" class=\"wpcf7-form-control wpcf7-text wpcf7-validates-as-required\" aria-required=\"true\" aria-invalid=\"false\" value=\"\" type=\"text\" name=\"prenom\" \/><\/span><\/p>\n<p><label> Email* <\/label><br \/>\n<span class=\"wpcf7-form-control-wrap\" data-name=\"email\"><input size=\"40\" maxlength=\"400\" class=\"wpcf7-form-control wpcf7-email wpcf7-validates-as-required wpcf7-text wpcf7-validates-as-email\" aria-required=\"true\" aria-invalid=\"false\" value=\"\" type=\"email\" name=\"email\" \/><\/span><\/p>\n<p><label> T\u00e9l\u00e9phone* <\/label><br \/>\n<span class=\"wpcf7-form-control-wrap\" data-name=\"telephone\"><input size=\"40\" maxlength=\"400\" class=\"wpcf7-form-control wpcf7-tel wpcf7-validates-as-required wpcf7-text wpcf7-validates-as-tel\" aria-required=\"true\" aria-invalid=\"false\" value=\"\" type=\"tel\" name=\"telephone\" \/><\/span><\/p>\n<\/div>\n<div class=\"w-1\/2 flex flex-col gap-4 align-top px-4\">\n<p><label> Choix de finition* <\/label><br \/>\n<span class=\"wpcf7-form-control-wrap\" data-name=\"modele\"><select class=\"wpcf7-form-control wpcf7-select wpcf7-validates-as-required\" aria-required=\"true\" aria-invalid=\"false\" name=\"modele\"><option value=\"Pro+\">Pro+<\/option><option value=\"Premium\">Premium<\/option><option value=\"Brabus\">Brabus<\/option><\/select><\/span><\/p>\n<p><label> Choix de la concession* <\/label><br \/>\n<span class=\"wpcf7-form-control-wrap\" data-name=\"concession\"><select class=\"wpcf7-form-control wpcf7-select wpcf7-validates-as-required\" aria-required=\"true\" aria-invalid=\"false\" name=\"concession\"><option value=\"smart BYmyCAR Cannes\">smart BYmyCAR Cannes<\/option><option value=\"smart BYmyCAR Villeneuve Loubet\">smart BYmyCAR Villeneuve Loubet<\/option><option value=\"smart BYmyCAR CAP3000\">smart BYmyCAR CAP3000<\/option><\/select><\/span><\/p>\n<p><label> Votre message <\/label><br \/>\n<span class=\"wpcf7-form-control-wrap\" data-name=\"Commentaireclient\"><textarea cols=\"40\" rows=\"5\" maxlength=\"2000\" class=\"wpcf7-form-control wpcf7-textarea\" aria-invalid=\"false\" name=\"Commentaireclient\"><\/textarea><\/span><\/p>\n<\/div>\n<p><span class=\"wpcf7-form-control-wrap\" data-name=\"optinemail\"><span class=\"wpcf7-form-control wpcf7-checkbox\"><span class=\"wpcf7-list-item first last\"><input type=\"checkbox\" name=\"optinemail[]\" value=\"J&#039;accepte de recevoir la lettre d&#039;information li\u00e9e au Groupe BYmyCAR\" \/><span class=\"wpcf7-list-item-label\">J&#039;accepte de recevoir la lettre d&#039;information li\u00e9e au Groupe BYmyCAR<\/span><\/span><\/span><\/span><\/p>\n<p><span class=\"wpcf7-form-control-wrap\" data-name=\"optinsms\"><span class=\"wpcf7-form-control wpcf7-checkbox\"><span class=\"wpcf7-list-item first last\"><input type=\"checkbox\" name=\"optinsms[]\" value=\"J&#039;accepte de recevoir des informations li\u00e9es au Groupe BYmyCAR par sms\" \/><span class=\"wpcf7-list-item-label\">J&#039;accepte de recevoir des informations li\u00e9es au Groupe BYmyCAR par sms<\/span><\/span><\/span><\/span><\/p>\n<p><span class=\"wpcf7-form-control-wrap\" data-name=\"optinappel\"><span class=\"wpcf7-form-control wpcf7-checkbox\"><span class=\"wpcf7-list-item first last\"><input type=\"checkbox\" name=\"optinappel[]\" value=\"J&#039;accepte de recevoir des informations li\u00e9es au Groupe BYmyCAR par appel\" \/><span class=\"wpcf7-list-item-label\">J&#039;accepte de recevoir des informations li\u00e9es au Groupe BYmyCAR par appel<\/span><\/span><\/span><\/span><\/p>\n<div class=\"w-full flex flex-col items-center gap-y-2 text-center mt-4\"><input class=\"wpcf7-form-control wpcf7-submit has-spinner\" type=\"submit\" value=\"Envoyer\" \/><\/div>\n<\/div>\n<div class=\"wpcf7-response-output\" aria-hidden=\"true\"><\/div>\n<\/form>\n<\/div>\n"}}]},"add-carousel-to-footer":true},"yoast_head":"<!-- This site is optimized with the Yoast SEO Premium plugin v26.4 (Yoast SEO v26.4) - https:\/\/yoast.com\/wordpress\/plugins\/seo\/ -->\n<title>Offres exceptionnelles sur une s\u00e9lection de smart pr\u00eates \u00e0 partir chez smart BYmyCAR<\/title>\n<meta name=\"robots\" content=\"index, follow, max-snippet:-1, max-image-preview:large, max-video-preview:-1\" \/>\n<link rel=\"canonical\" href=\"https:\/\/www.bymycar.fr\/webzine\/offres-exceptionnelles-sur-une-selection-de-smart-pretes-a-partir-chez-smart-bymycar\/\" \/>\n<meta property=\"og:locale\" content=\"fr_FR\" \/>\n<meta property=\"og:type\" content=\"article\" \/>\n<meta property=\"og:title\" content=\"Offres exceptionnelles sur une s\u00e9lection de smart pr\u00eates \u00e0 partir chez smart BYmyCAR\" \/>\n<meta property=\"og:url\" content=\"https:\/\/www.bymycar.fr\/webzine\/offres-exceptionnelles-sur-une-selection-de-smart-pretes-a-partir-chez-smart-bymycar\/\" \/>\n<meta property=\"og:site_name\" content=\"Webzine auto BYmyCAR\" \/>\n<meta property=\"article:published_time\" content=\"2023-06-20T08:11:14+00:00\" \/>\n<meta property=\"article:modified_time\" content=\"2024-03-20T11:08:36+00:00\" \/>\n<meta property=\"og:image\" content=\"https:\/\/cdn.bymycar.eu\/fr-webzine\/wp-content\/uploads\/medias\/smart-1.png\" \/>\n\t<meta property=\"og:image:width\" content=\"1599\" \/>\n\t<meta property=\"og:image:height\" content=\"897\" \/>\n\t<meta property=\"og:image:type\" content=\"image\/png\" \/>\n<meta name=\"author\" content=\"Romane Bachi\" \/>\n<meta name=\"twitter:card\" content=\"summary_large_image\" \/>\n<meta name=\"twitter:label1\" content=\"\u00c9crit par\" \/>\n\t<meta name=\"twitter:data1\" content=\"Romane Bachi\" \/>\n<script type=\"application\/ld+json\" class=\"yoast-schema-graph\">{\"@context\":\"https:\/\/schema.org\",\"@graph\":[{\"@type\":\"Article\",\"@id\":\"https:\/\/www.bymycar.fr\/webzine\/offres-exceptionnelles-sur-une-selection-de-smart-pretes-a-partir-chez-smart-bymycar\/#article\",\"isPartOf\":{\"@id\":\"https:\/\/www.bymycar.fr\/webzine\/offres-exceptionnelles-sur-une-selection-de-smart-pretes-a-partir-chez-smart-bymycar\/\"},\"author\":{\"name\":\"Romane Bachi\",\"@id\":\"https:\/\/www.bymycar.fr\/webzine\/#\/schema\/person\/431493796d18cf15420e51b4412ad259\"},\"headline\":\"Offres exceptionnelles sur une s\u00e9lection de smart pr\u00eates \u00e0 partir chez smart BYmyCAR\",\"datePublished\":\"2023-06-20T08:11:14+00:00\",\"dateModified\":\"2024-03-20T11:08:36+00:00\",\"mainEntityOfPage\":{\"@id\":\"https:\/\/www.bymycar.fr\/webzine\/offres-exceptionnelles-sur-une-selection-de-smart-pretes-a-partir-chez-smart-bymycar\/\"},\"wordCount\":14,\"publisher\":{\"@id\":\"https:\/\/www.bymycar.fr\/webzine\/#organization\"},\"image\":{\"@id\":\"https:\/\/www.bymycar.fr\/webzine\/offres-exceptionnelles-sur-une-selection-de-smart-pretes-a-partir-chez-smart-bymycar\/#primaryimage\"},\"thumbnailUrl\":\"https:\/\/cdn.bymycar.eu\/fr-webzine\/wp-content\/uploads\/medias\/smart-1.png\",\"articleSection\":[\"Actualit\u00e9s des concessions\"],\"inLanguage\":\"fr-FR\"},{\"@type\":\"WebPage\",\"@id\":\"https:\/\/www.bymycar.fr\/webzine\/offres-exceptionnelles-sur-une-selection-de-smart-pretes-a-partir-chez-smart-bymycar\/\",\"url\":\"https:\/\/www.bymycar.fr\/webzine\/offres-exceptionnelles-sur-une-selection-de-smart-pretes-a-partir-chez-smart-bymycar\/\",\"name\":\"Offres exceptionnelles sur une s\u00e9lection de smart pr\u00eates \u00e0 partir chez smart BYmyCAR\",\"isPartOf\":{\"@id\":\"https:\/\/www.bymycar.fr\/webzine\/#website\"},\"primaryImageOfPage\":{\"@id\":\"https:\/\/www.bymycar.fr\/webzine\/offres-exceptionnelles-sur-une-selection-de-smart-pretes-a-partir-chez-smart-bymycar\/#primaryimage\"},\"image\":{\"@id\":\"https:\/\/www.bymycar.fr\/webzine\/offres-exceptionnelles-sur-une-selection-de-smart-pretes-a-partir-chez-smart-bymycar\/#primaryimage\"},\"thumbnailUrl\":\"https:\/\/cdn.bymycar.eu\/fr-webzine\/wp-content\/uploads\/medias\/smart-1.png\",\"datePublished\":\"2023-06-20T08:11:14+00:00\",\"dateModified\":\"2024-03-20T11:08:36+00:00\",\"breadcrumb\":{\"@id\":\"https:\/\/www.bymycar.fr\/webzine\/offres-exceptionnelles-sur-une-selection-de-smart-pretes-a-partir-chez-smart-bymycar\/#breadcrumb\"},\"inLanguage\":\"fr-FR\",\"potentialAction\":[{\"@type\":\"ReadAction\",\"target\":[\"https:\/\/www.bymycar.fr\/webzine\/offres-exceptionnelles-sur-une-selection-de-smart-pretes-a-partir-chez-smart-bymycar\/\"]}]},{\"@type\":\"ImageObject\",\"inLanguage\":\"fr-FR\",\"@id\":\"https:\/\/www.bymycar.fr\/webzine\/offres-exceptionnelles-sur-une-selection-de-smart-pretes-a-partir-chez-smart-bymycar\/#primaryimage\",\"url\":\"https:\/\/cdn.bymycar.eu\/fr-webzine\/wp-content\/uploads\/medias\/smart-1.png\",\"contentUrl\":\"https:\/\/cdn.bymycar.eu\/fr-webzine\/wp-content\/uploads\/medias\/smart-1.png\",\"width\":1599,\"height\":897},{\"@type\":\"BreadcrumbList\",\"@id\":\"https:\/\/www.bymycar.fr\/webzine\/offres-exceptionnelles-sur-une-selection-de-smart-pretes-a-partir-chez-smart-bymycar\/#breadcrumb\",\"itemListElement\":[{\"@type\":\"ListItem\",\"position\":1,\"name\":\"Accueil\",\"item\":\"https:\/\/www.bymycar.fr\/webzine\/\"},{\"@type\":\"ListItem\",\"position\":2,\"name\":\"Offres exceptionnelles sur une s\u00e9lection de smart pr\u00eates \u00e0 partir chez smart BYmyCAR\"}]},{\"@type\":\"WebSite\",\"@id\":\"https:\/\/www.bymycar.fr\/webzine\/#website\",\"url\":\"https:\/\/www.bymycar.fr\/webzine\/\",\"name\":\"Webzine auto BYmyCAR\",\"description\":\"La magazine auto de BYmyCAR\",\"publisher\":{\"@id\":\"https:\/\/www.bymycar.fr\/webzine\/#organization\"},\"potentialAction\":[{\"@type\":\"SearchAction\",\"target\":{\"@type\":\"EntryPoint\",\"urlTemplate\":\"https:\/\/www.bymycar.fr\/webzine\/?s={search_term_string}\"},\"query-input\":{\"@type\":\"PropertyValueSpecification\",\"valueRequired\":true,\"valueName\":\"search_term_string\"}}],\"inLanguage\":\"fr-FR\"},{\"@type\":\"Organization\",\"@id\":\"https:\/\/www.bymycar.fr\/webzine\/#organization\",\"name\":\"BYmyCAR\",\"url\":\"https:\/\/www.bymycar.fr\/webzine\/\",\"logo\":{\"@type\":\"ImageObject\",\"inLanguage\":\"fr-FR\",\"@id\":\"https:\/\/www.bymycar.fr\/webzine\/#\/schema\/logo\/image\/\",\"url\":\"https:\/\/cdn.bymycar.eu\/fr-webzine\/wp-content\/uploads\/medias\/2017\/08\/logo_DEALER_00000406_001.png\",\"contentUrl\":\"https:\/\/cdn.bymycar.eu\/fr-webzine\/wp-content\/uploads\/medias\/2017\/08\/logo_DEALER_00000406_001.png\",\"width\":2132,\"height\":720,\"caption\":\"BYmyCAR\"},\"image\":{\"@id\":\"https:\/\/www.bymycar.fr\/webzine\/#\/schema\/logo\/image\/\"}},{\"@type\":\"Person\",\"@id\":\"https:\/\/www.bymycar.fr\/webzine\/#\/schema\/person\/431493796d18cf15420e51b4412ad259\",\"name\":\"Romane Bachi\",\"image\":{\"@type\":\"ImageObject\",\"inLanguage\":\"fr-FR\",\"@id\":\"https:\/\/www.bymycar.fr\/webzine\/#\/schema\/person\/image\/\",\"url\":\"https:\/\/secure.gravatar.com\/avatar\/e51d4400a8d88b09c857e48b529b085dd7d56a15328b4305e818ea03c1e3843a?s=96&d=mm&r=g\",\"contentUrl\":\"https:\/\/secure.gravatar.com\/avatar\/e51d4400a8d88b09c857e48b529b085dd7d56a15328b4305e818ea03c1e3843a?s=96&d=mm&r=g\",\"caption\":\"Romane Bachi\"}}]}<\/script>\n<!-- \/ Yoast SEO Premium plugin. -->","yoast_head_json":{"title":"Offres exceptionnelles sur une s\u00e9lection de smart pr\u00eates \u00e0 partir chez smart BYmyCAR","robots":{"index":"index","follow":"follow","max-snippet":"max-snippet:-1","max-image-preview":"max-image-preview:large","max-video-preview":"max-video-preview:-1"},"canonical":"https:\/\/www.bymycar.fr\/webzine\/offres-exceptionnelles-sur-une-selection-de-smart-pretes-a-partir-chez-smart-bymycar\/","og_locale":"fr_FR","og_type":"article","og_title":"Offres exceptionnelles sur une s\u00e9lection de smart pr\u00eates \u00e0 partir chez smart BYmyCAR","og_url":"https:\/\/www.bymycar.fr\/webzine\/offres-exceptionnelles-sur-une-selection-de-smart-pretes-a-partir-chez-smart-bymycar\/","og_site_name":"Webzine auto BYmyCAR","article_published_time":"2023-06-20T08:11:14+00:00","article_modified_time":"2024-03-20T11:08:36+00:00","og_image":[{"width":1599,"height":897,"url":"https:\/\/cdn.bymycar.eu\/fr-webzine\/wp-content\/uploads\/medias\/smart-1.png","type":"image\/png"}],"author":"Romane Bachi","twitter_card":"summary_large_image","twitter_misc":{"\u00c9crit par":"Romane Bachi"},"schema":{"@context":"https:\/\/schema.org","@graph":[{"@type":"Article","@id":"https:\/\/www.bymycar.fr\/webzine\/offres-exceptionnelles-sur-une-selection-de-smart-pretes-a-partir-chez-smart-bymycar\/#article","isPartOf":{"@id":"https:\/\/www.bymycar.fr\/webzine\/offres-exceptionnelles-sur-une-selection-de-smart-pretes-a-partir-chez-smart-bymycar\/"},"author":{"name":"Romane Bachi","@id":"https:\/\/www.bymycar.fr\/webzine\/#\/schema\/person\/431493796d18cf15420e51b4412ad259"},"headline":"Offres exceptionnelles sur une s\u00e9lection de smart pr\u00eates \u00e0 partir chez smart BYmyCAR","datePublished":"2023-06-20T08:11:14+00:00","dateModified":"2024-03-20T11:08:36+00:00","mainEntityOfPage":{"@id":"https:\/\/www.bymycar.fr\/webzine\/offres-exceptionnelles-sur-une-selection-de-smart-pretes-a-partir-chez-smart-bymycar\/"},"wordCount":14,"publisher":{"@id":"https:\/\/www.bymycar.fr\/webzine\/#organization"},"image":{"@id":"https:\/\/www.bymycar.fr\/webzine\/offres-exceptionnelles-sur-une-selection-de-smart-pretes-a-partir-chez-smart-bymycar\/#primaryimage"},"thumbnailUrl":"https:\/\/cdn.bymycar.eu\/fr-webzine\/wp-content\/uploads\/medias\/smart-1.png","articleSection":["Actualit\u00e9s des concessions"],"inLanguage":"fr-FR"},{"@type":"WebPage","@id":"https:\/\/www.bymycar.fr\/webzine\/offres-exceptionnelles-sur-une-selection-de-smart-pretes-a-partir-chez-smart-bymycar\/","url":"https:\/\/www.bymycar.fr\/webzine\/offres-exceptionnelles-sur-une-selection-de-smart-pretes-a-partir-chez-smart-bymycar\/","name":"Offres exceptionnelles sur une s\u00e9lection de smart pr\u00eates \u00e0 partir chez smart BYmyCAR","isPartOf":{"@id":"https:\/\/www.bymycar.fr\/webzine\/#website"},"primaryImageOfPage":{"@id":"https:\/\/www.bymycar.fr\/webzine\/offres-exceptionnelles-sur-une-selection-de-smart-pretes-a-partir-chez-smart-bymycar\/#primaryimage"},"image":{"@id":"https:\/\/www.bymycar.fr\/webzine\/offres-exceptionnelles-sur-une-selection-de-smart-pretes-a-partir-chez-smart-bymycar\/#primaryimage"},"thumbnailUrl":"https:\/\/cdn.bymycar.eu\/fr-webzine\/wp-content\/uploads\/medias\/smart-1.png","datePublished":"2023-06-20T08:11:14+00:00","dateModified":"2024-03-20T11:08:36+00:00","breadcrumb":{"@id":"https:\/\/www.bymycar.fr\/webzine\/offres-exceptionnelles-sur-une-selection-de-smart-pretes-a-partir-chez-smart-bymycar\/#breadcrumb"},"inLanguage":"fr-FR","potentialAction":[{"@type":"ReadAction","target":["https:\/\/www.bymycar.fr\/webzine\/offres-exceptionnelles-sur-une-selection-de-smart-pretes-a-partir-chez-smart-bymycar\/"]}]},{"@type":"ImageObject","inLanguage":"fr-FR","@id":"https:\/\/www.bymycar.fr\/webzine\/offres-exceptionnelles-sur-une-selection-de-smart-pretes-a-partir-chez-smart-bymycar\/#primaryimage","url":"https:\/\/cdn.bymycar.eu\/fr-webzine\/wp-content\/uploads\/medias\/smart-1.png","contentUrl":"https:\/\/cdn.bymycar.eu\/fr-webzine\/wp-content\/uploads\/medias\/smart-1.png","width":1599,"height":897},{"@type":"BreadcrumbList","@id":"https:\/\/www.bymycar.fr\/webzine\/offres-exceptionnelles-sur-une-selection-de-smart-pretes-a-partir-chez-smart-bymycar\/#breadcrumb","itemListElement":[{"@type":"ListItem","position":1,"name":"Accueil","item":"https:\/\/www.bymycar.fr\/webzine\/"},{"@type":"ListItem","position":2,"name":"Offres exceptionnelles sur une s\u00e9lection de smart pr\u00eates \u00e0 partir chez smart BYmyCAR"}]},{"@type":"WebSite","@id":"https:\/\/www.bymycar.fr\/webzine\/#website","url":"https:\/\/www.bymycar.fr\/webzine\/","name":"Webzine auto BYmyCAR","description":"La magazine auto de BYmyCAR","publisher":{"@id":"https:\/\/www.bymycar.fr\/webzine\/#organization"},"potentialAction":[{"@type":"SearchAction","target":{"@type":"EntryPoint","urlTemplate":"https:\/\/www.bymycar.fr\/webzine\/?s={search_term_string}"},"query-input":{"@type":"PropertyValueSpecification","valueRequired":true,"valueName":"search_term_string"}}],"inLanguage":"fr-FR"},{"@type":"Organization","@id":"https:\/\/www.bymycar.fr\/webzine\/#organization","name":"BYmyCAR","url":"https:\/\/www.bymycar.fr\/webzine\/","logo":{"@type":"ImageObject","inLanguage":"fr-FR","@id":"https:\/\/www.bymycar.fr\/webzine\/#\/schema\/logo\/image\/","url":"https:\/\/cdn.bymycar.eu\/fr-webzine\/wp-content\/uploads\/medias\/2017\/08\/logo_DEALER_00000406_001.png","contentUrl":"https:\/\/cdn.bymycar.eu\/fr-webzine\/wp-content\/uploads\/medias\/2017\/08\/logo_DEALER_00000406_001.png","width":2132,"height":720,"caption":"BYmyCAR"},"image":{"@id":"https:\/\/www.bymycar.fr\/webzine\/#\/schema\/logo\/image\/"}},{"@type":"Person","@id":"https:\/\/www.bymycar.fr\/webzine\/#\/schema\/person\/431493796d18cf15420e51b4412ad259","name":"Romane Bachi","image":{"@type":"ImageObject","inLanguage":"fr-FR","@id":"https:\/\/www.bymycar.fr\/webzine\/#\/schema\/person\/image\/","url":"https:\/\/secure.gravatar.com\/avatar\/e51d4400a8d88b09c857e48b529b085dd7d56a15328b4305e818ea03c1e3843a?s=96&d=mm&r=g","contentUrl":"https:\/\/secure.gravatar.com\/avatar\/e51d4400a8d88b09c857e48b529b085dd7d56a15328b4305e818ea03c1e3843a?s=96&d=mm&r=g","caption":"Romane Bachi"}}]}},"_links":{"self":[{"href":"https:\/\/www.bymycar.fr\/webzine\/wp-json\/wp\/v2\/posts\/41330","targetHints":{"allow":["GET"]}}],"collection":[{"href":"https:\/\/www.bymycar.fr\/webzine\/wp-json\/wp\/v2\/posts"}],"about":[{"href":"https:\/\/www.bymycar.fr\/webzine\/wp-json\/wp\/v2\/types\/post"}],"author":[{"embeddable":true,"href":"https:\/\/www.bymycar.fr\/webzine\/wp-json\/wp\/v2\/users\/26"}],"replies":[{"embeddable":true,"href":"https:\/\/www.bymycar.fr\/webzine\/wp-json\/wp\/v2\/comments?post=41330"}],"version-history":[{"count":13,"href":"https:\/\/www.bymycar.fr\/webzine\/wp-json\/wp\/v2\/posts\/41330\/revisions"}],"predecessor-version":[{"id":45381,"href":"https:\/\/www.bymycar.fr\/webzine\/wp-json\/wp\/v2\/posts\/41330\/revisions\/45381"}],"wp:featuredmedia":[{"embeddable":true,"href":"https:\/\/www.bymycar.fr\/webzine\/wp-json\/wp\/v2\/media\/44984"}],"wp:attachment":[{"href":"https:\/\/www.bymycar.fr\/webzine\/wp-json\/wp\/v2\/media?parent=41330"}],"wp:term":[{"taxonomy":"category","embeddable":true,"href":"https:\/\/www.bymycar.fr\/webzine\/wp-json\/wp\/v2\/categories?post=41330"},{"taxonomy":"post_tag","embeddable":true,"href":"https:\/\/www.bymycar.fr\/webzine\/wp-json\/wp\/v2\/tags?post=41330"}],"curies":[{"name":"wp","href":"https:\/\/api.w.org\/{rel}","templated":true}]}}