{"id":40014,"date":"2023-03-07T20:25:34","date_gmt":"2023-03-07T19:25:34","guid":{"rendered":"https:\/\/prod.bymycar.fr\/webzine\/?p=40014"},"modified":"2023-03-08T15:30:10","modified_gmt":"2023-03-08T14:30:10","slug":"responsable-data-crm-bymycar-cest-aussi-des-parcours-dans-le-marketing-digital","status":"publish","type":"post","link":"https:\/\/www.bymycar.fr\/webzine\/responsable-data-crm-bymycar-cest-aussi-des-parcours-dans-le-marketing-digital\/","title":{"rendered":"Marie-Charlotte Responsable DATA &amp; CRM: Bymycar, c&rsquo;est aussi des parcours dans le digital"},"content":{"rendered":"","protected":false},"excerpt":{"rendered":"","protected":false},"author":88,"featured_media":40061,"comment_status":"closed","ping_status":"open","sticky":false,"template":"","format":"standard","meta":{"_acf_changed":false,"footnotes":""},"categories":[2852,1643,2330],"tags":[],"class_list":["post-40014","post","type-post","status-publish","format-standard","has-post-thumbnail","hentry","category-actus-rh","category-ressources-humaines","category-temoignages-collaborateur"],"acf":{"template":"classique","introduction":"<p>Pour nous parler des m\u00e9tiers du digital, nous nous sommes rendus \u00e0 V\u00e9nissieux (69) pour rencontrer Marie-Charlotte, souriante et dynamique, qui a accept\u00e9 de nous parler de son m\u00e9tier et de son quotidien chez Bymycar en tant que : Responsable DATA &amp; CRM.<\/p>\n","strates":[{"type_strate":"50-50-image-texte-full","ancre":"","contenu":"<p><strong><em>\u00a0Peux-tu te pr\u00e9senter ?\u00a0<\/em><\/strong><\/p>\n<p>Je m&rsquo;appelle Marie-Charlotte, j&rsquo;ai 29 ans et je suis dans l&rsquo;\u00e9quipe Digital depuis le 8 mars 2021. Aujourd&rsquo;hui, \u00e7a fait pile 2 ans que je travaille pour le Groupe Bymycar !<\/p>\n<p>Lyonnaise d&rsquo;origine, j&rsquo;y ai fait des \u00e9tudes dans le marketing que j&rsquo;ai poursuivi \u00e0 Cardiff. Je suis rest\u00e9e en Angleterre 3 ans o\u00f9 j&rsquo;ai eu la chance de vivre mes premi\u00e8res exp\u00e9riences professionnelles, notamment, au si\u00e8ge de Hertz \u00e0 Londres.<\/p>\n","titre":"","image":false,"image_libre":false,"image_800x500":{"ID":40061,"id":40061,"title":"20230307_143556","filename":"20230307_143556.jpg","filesize":1,"url":"https:\/\/cdn.bymycar.eu\/fr-webzine\/wp-content\/uploads\/medias\/20230307_143556.jpg","link":"https:\/\/www.bymycar.fr\/webzine\/responsable-data-crm-bymycar-cest-aussi-des-parcours-dans-le-marketing-digital\/20230307_143556-2\/","alt":"","author":"88","description":"","caption":"","name":"20230307_143556-2","status":"inherit","uploaded_to":40014,"date":"2023-03-07 13:51:54","modified":"2023-03-07 13:51:54","menu_order":0,"mime_type":"image\/jpeg","type":"image","subtype":"jpeg","icon":"https:\/\/www.bymycar.fr\/webzine\/wp-includes\/images\/media\/default.png","width":2560,"height":2492,"sizes":{"thumbnail":"https:\/\/cdn.bymycar.eu\/fr-webzine\/wp-content\/uploads\/medias\/20230307_143556-150x150.jpg","thumbnail-width":150,"thumbnail-height":150,"medium":"https:\/\/cdn.bymycar.eu\/fr-webzine\/wp-content\/uploads\/medias\/20230307_143556-300x292.jpg","medium-width":300,"medium-height":292,"medium_large":"https:\/\/cdn.bymycar.eu\/fr-webzine\/wp-content\/uploads\/medias\/20230307_143556-768x748.jpg","medium_large-width":768,"medium_large-height":748,"large":"https:\/\/cdn.bymycar.eu\/fr-webzine\/wp-content\/uploads\/medias\/20230307_143556-1024x997.jpg","large-width":1024,"large-height":997,"1536x1536":"https:\/\/cdn.bymycar.eu\/fr-webzine\/wp-content\/uploads\/medias\/20230307_143556-1536x1495.jpg","1536x1536-width":1536,"1536x1536-height":1495,"2048x2048":"https:\/\/cdn.bymycar.eu\/fr-webzine\/wp-content\/uploads\/medias\/20230307_143556-2048x1994.jpg","2048x2048-width":2048,"2048x2048-height":1994}},"legende":"","zoom":false,"texte":"<p><strong><em>\u00a0Peux-tu te pr\u00e9senter ?\u00a0<\/em><\/strong><\/p>\n<p>Je m&rsquo;appelle Marie-Charlotte, j&rsquo;ai 29 ans et je suis dans l&rsquo;\u00e9quipe Digital depuis le 8 mars 2021. Aujourd&rsquo;hui, \u00e7a fait pile 2 ans que je travaille pour le Groupe Bymycar !<\/p>\n<p>Lyonnaise d&rsquo;origine, j&rsquo;y ai fait des \u00e9tudes dans le marketing que j&rsquo;ai poursuivi \u00e0 Cardiff. Je suis rest\u00e9e en Angleterre 3 ans o\u00f9 j&rsquo;ai eu la chance de vivre mes premi\u00e8res exp\u00e9riences professionnelles, notamment, au si\u00e8ge de Hertz \u00e0 Londres.<\/p>\n","articles":false,"categorie_droite":false,"images":false,"elements_comparatif":false,"texte_1":"","texte_2":"","image_1":false,"image_1_563x400":false,"image_1_332x332":false,"image_2":false,"image_2_333x240":false,"image_2_563x400":false,"image_3":false,"image_3_333x240":false,"image_3_332x450":false,"image_4":false,"image_4_332x332":false,"image_4_563x400":false,"code_embed":"","legende_video":"","photo":false,"photo_100x100":false,"nom":"","fonction":"","elements_timeline":false,"entetes_colonnes":false,"entetes_lignes":false,"lignes":false,"introduction":"","formulaire":false,"question":"","reponse":"","libelle_bouton_lien":"","url_lien":"","questions":false,"conclusions":false,"pays":false,"region":false,"marque":false,"marqueConcessions":false,"modele":false,"ptvente":false,"typeV":false,"collection":false,"nombre_maximum_elements":10,"lien_fin_carousel":"","texte_lien_fin_carousel":"","trier_par":false},{"type_strate":"texte-simple","ancre":"","contenu":"<p><strong><em>En quoi consiste ton m\u00e9tier ?\u00a0<\/em><\/strong><\/p>\n<p>Pour faire simple, mon travail consiste \u00e0 la fois \u00e0 mettre en place des outils pour faciliter la gestion des demandes clients, et \u00e0 construire des communications \/ interactions clients pour le groupe. Pour la partie DATA, je m&rsquo;assure que les donn\u00e9es collect\u00e9es soit fiables, structur\u00e9es et s\u00e9curis\u00e9es au bon endroit pour une utilisation la plus optimale possible. Il s\u2019agit aussi d\u2019accompagner les responsables marketing et autres entit\u00e9s du groupe sur l\u2019analyse de campagnes et le d\u00e9veloppement de leur outil CRM.<\/p>\n","titre":"metiet","image":false,"image_libre":false,"image_800x500":false,"legende":"","zoom":false,"texte":"","articles":false,"categorie_droite":false,"images":[{"image":false,"image_1600x700":false,"image_920x500":{"ID":40059,"id":40059,"title":"20230307_143556","filename":"20230307_143556.jpg","filesize":1,"url":"https:\/\/cdn.bymycar.eu\/fr-webzine\/wp-content\/uploads\/medias\/20230307_143556.jpg","link":"https:\/\/www.bymycar.fr\/webzine\/responsable-data-crm-bymycar-cest-aussi-des-parcours-dans-le-marketing-digital\/20230307_143556\/","alt":"","author":"88","description":"","caption":"","name":"20230307_143556","status":"inherit","uploaded_to":40014,"date":"2023-03-07 13:48:31","modified":"2023-03-07 13:48:31","menu_order":0,"mime_type":"image\/jpeg","type":"image","subtype":"jpeg","icon":"https:\/\/www.bymycar.fr\/webzine\/wp-includes\/images\/media\/default.png","width":1920,"height":2560,"sizes":{"thumbnail":"https:\/\/cdn.bymycar.eu\/fr-webzine\/wp-content\/uploads\/medias\/20230307_143556-scaled-e1678196947576-150x150.jpg","thumbnail-width":150,"thumbnail-height":150,"medium":"https:\/\/cdn.bymycar.eu\/fr-webzine\/wp-content\/uploads\/medias\/20230307_143556-scaled-e1678196947576-225x300.jpg","medium-width":225,"medium-height":300,"medium_large":"https:\/\/cdn.bymycar.eu\/fr-webzine\/wp-content\/uploads\/medias\/20230307_143556-scaled-e1678196947576-768x1024.jpg","medium_large-width":768,"medium_large-height":1024,"large":"https:\/\/cdn.bymycar.eu\/fr-webzine\/wp-content\/uploads\/medias\/20230307_143556-scaled-e1678196947576-768x1024.jpg","large-width":768,"large-height":1024,"1536x1536":"https:\/\/cdn.bymycar.eu\/fr-webzine\/wp-content\/uploads\/medias\/20230307_143556-scaled-e1678196947576-1152x1536.jpg","1536x1536-width":1152,"1536x1536-height":1536,"2048x2048":"https:\/\/cdn.bymycar.eu\/fr-webzine\/wp-content\/uploads\/medias\/20230307_143556-scaled-e1678196947576-1536x2048.jpg","2048x2048-width":1536,"2048x2048-height":2048}},"legende":""}],"elements_comparatif":false,"texte_1":"","texte_2":"","image_1":false,"image_1_563x400":false,"image_1_332x332":false,"image_2":false,"image_2_333x240":false,"image_2_563x400":false,"image_3":false,"image_3_333x240":false,"image_3_332x450":false,"image_4":false,"image_4_332x332":false,"image_4_563x400":false,"code_embed":"","legende_video":"","photo":false,"photo_100x100":false,"nom":"","fonction":"","elements_timeline":false,"entetes_colonnes":false,"entetes_lignes":false,"lignes":false,"introduction":"","formulaire":false,"question":"","reponse":"","libelle_bouton_lien":"","url_lien":"","questions":false,"conclusions":false,"pays":false,"region":false,"marque":false,"marqueConcessions":false,"modele":false,"ptvente":false,"typeV":false,"collection":false,"nombre_maximum_elements":10,"lien_fin_carousel":"","texte_lien_fin_carousel":"","trier_par":false},{"type_strate":"citation","ancre":"","contenu":"<p><strong><em>En quoi consiste ton m\u00e9tier ?\u00a0<\/em><\/strong><\/p>\n<p>Pour faire simple, mon travail consiste \u00e0 mettre en place des outils qui vont faciliter la gestion, \u00e0 la fois, des demandes clients, mais aussi, des leads de nos \u00e9quipes commerciales\/marketing. Pour la partie DATA, je m&rsquo;assure que les donn\u00e9es collect\u00e9es soit s\u00e9curis\u00e9es au bon endroit pour une utilisation la plus optimale possible.<\/p>\n<p>En somme, c&rsquo;est apporter un service de qualit\u00e9 pour que l&rsquo;exp\u00e9rience clients soit la plus fluide via nos r\u00e9seaux sociaux ou notre site internet par exemple. Et en ce qui concerne les \u00e9quipes de l&rsquo;entreprise, c&rsquo;est leur fournir les bons viviers d&rsquo;informations pour travailler sur les parcours client.<\/p>\n<p>&nbsp;<\/p>\n<p>&nbsp;<\/p>\n","titre":"","image":false,"image_libre":false,"image_800x500":false,"legende":"","zoom":false,"texte":"<p>C&rsquo;est un r\u00e9el travail de collaborations, de synergie et de proximit\u00e9 pour r\u00e9ussir \u00e0 qualifier toutes les communications, renseignements, informations.<\/p>\n","articles":false,"categorie_droite":false,"images":false,"elements_comparatif":false,"texte_1":"","texte_2":"","image_1":false,"image_1_563x400":false,"image_1_332x332":false,"image_2":false,"image_2_333x240":false,"image_2_563x400":false,"image_3":false,"image_3_333x240":false,"image_3_332x450":false,"image_4":false,"image_4_332x332":false,"image_4_563x400":false,"code_embed":"","legende_video":"","photo":false,"photo_100x100":false,"nom":"","fonction":"","elements_timeline":false,"entetes_colonnes":false,"entetes_lignes":false,"lignes":false,"introduction":"","formulaire":false,"question":"","reponse":"","libelle_bouton_lien":"","url_lien":"","questions":false,"conclusions":false,"pays":false,"region":false,"marque":false,"marqueConcessions":false,"modele":false,"ptvente":false,"typeV":false,"collection":false,"nombre_maximum_elements":10,"lien_fin_carousel":"","texte_lien_fin_carousel":"","trier_par":false},{"type_strate":"texte-simple","ancre":"","contenu":"<p><strong><em>Ca demande d&rsquo;\u00eatre en lien avec plusieurs \u00e9quipes ?\u00a0<\/em><\/strong><\/p>\n<p>Bien s\u00fbr ! Au-del\u00e0 de l\u2019\u00e9quipe digitale comprenant l\u2019acquisition, l\u2019e-marchandising et la gestion de projets, toute l\u2019\u00e9quipe travaille au quotidien avec les services IT, le marketing de chaque r\u00e9gion, mais aussi les \u00e9quipes du call-center. C\u2019est un r\u00e9el travail de collaboration, de synergie et de proximit\u00e9 pour r\u00e9ussir \u00e0 qualifier toutes les communications et tous les projets concernant la relation client au global.<\/p>\n","titre":"lien","image":false,"image_libre":false,"image_800x500":false,"legende":"","zoom":false,"texte":"<p>C&rsquo;est un r\u00e9el travail de collaborations, de synergie et de proximit\u00e9 pour r\u00e9ussir \u00e0 qualifier toutes les communications, renseignements, informations.<\/p>\n<p>&nbsp;<\/p>\n","articles":false,"categorie_droite":false,"images":false,"elements_comparatif":false,"texte_1":"","texte_2":"","image_1":false,"image_1_563x400":false,"image_1_332x332":false,"image_2":false,"image_2_333x240":false,"image_2_563x400":false,"image_3":false,"image_3_333x240":false,"image_3_332x450":false,"image_4":false,"image_4_332x332":false,"image_4_563x400":false,"code_embed":"","legende_video":"","photo":false,"photo_100x100":false,"nom":"","fonction":"","elements_timeline":false,"entetes_colonnes":false,"entetes_lignes":false,"lignes":false,"introduction":"","formulaire":false,"question":"","reponse":"","libelle_bouton_lien":"","url_lien":"","questions":false,"conclusions":false,"pays":false,"region":false,"marque":false,"marqueConcessions":false,"modele":false,"ptvente":false,"typeV":false,"collection":false,"nombre_maximum_elements":10,"lien_fin_carousel":"","texte_lien_fin_carousel":"","trier_par":false},{"type_strate":"50-50-image-texte-full","ancre":"","contenu":"<p><strong><em>Ca demande d&rsquo;\u00eatre en lien avec plusieurs \u00e9quipes ?\u00a0<\/em><\/strong><\/p>\n<p>Bien s\u00fbr ! Et c&rsquo;est l\u00e0 que c&rsquo;est super int\u00e9ressant. On travaille avec l&rsquo;IT, le marketing de chaque r\u00e9gion, les vendeurs, mais aussi le call-center qui est en lien permanent avec les demandes clients. C&rsquo;est un r\u00e9el travail de collaboration, de synergie et de proximit\u00e9 pour r\u00e9ussir \u00e0 qualifier toutes les communications.<\/p>\n<p>&nbsp;<\/p>\n<p>&nbsp;<\/p>\n","titre":"","image":false,"image_libre":false,"image_800x500":{"ID":40056,"id":40056,"title":"130306-parite-hommes-femmes","filename":"130306-parite-hommes-femmes.jpg","filesize":1,"url":"https:\/\/cdn.bymycar.eu\/fr-webzine\/wp-content\/uploads\/medias\/130306-parite-hommes-femmes.jpg","link":"https:\/\/www.bymycar.fr\/webzine\/responsable-data-crm-bymycar-cest-aussi-des-parcours-dans-le-marketing-digital\/130306-parite-hommes-femmes-2\/","alt":"","author":"88","description":"","caption":"","name":"130306-parite-hommes-femmes-2","status":"inherit","uploaded_to":40014,"date":"2023-03-07 13:46:58","modified":"2023-03-07 13:46:58","menu_order":0,"mime_type":"image\/jpeg","type":"image","subtype":"jpeg","icon":"https:\/\/www.bymycar.fr\/webzine\/wp-includes\/images\/media\/default.png","width":2560,"height":1920,"sizes":{"thumbnail":"https:\/\/cdn.bymycar.eu\/fr-webzine\/wp-content\/uploads\/medias\/130306-parite-hommes-femmes-150x150.jpg","thumbnail-width":150,"thumbnail-height":150,"medium":"https:\/\/cdn.bymycar.eu\/fr-webzine\/wp-content\/uploads\/medias\/130306-parite-hommes-femmes-300x225.jpg","medium-width":300,"medium-height":225,"medium_large":"https:\/\/cdn.bymycar.eu\/fr-webzine\/wp-content\/uploads\/medias\/130306-parite-hommes-femmes-768x576.jpg","medium_large-width":768,"medium_large-height":576,"large":"https:\/\/cdn.bymycar.eu\/fr-webzine\/wp-content\/uploads\/medias\/130306-parite-hommes-femmes-1024x768.jpg","large-width":1024,"large-height":768,"1536x1536":"https:\/\/cdn.bymycar.eu\/fr-webzine\/wp-content\/uploads\/medias\/130306-parite-hommes-femmes-1536x1152.jpg","1536x1536-width":1536,"1536x1536-height":1152,"2048x2048":"https:\/\/cdn.bymycar.eu\/fr-webzine\/wp-content\/uploads\/medias\/130306-parite-hommes-femmes-2048x1536.jpg","2048x2048-width":2048,"2048x2048-height":1536}},"legende":"","zoom":false,"texte":"<p><em><strong>Pour finir, ton exp\u00e9rience chez Bymycar en quelques mots ?\u00a0<\/strong><\/em><\/p>\n<p>J&rsquo;aime mon travail et je viens, tous les jours, avec envie !<\/p>\n<p>Mais au-del\u00e0 de la richesse des projets, de la diversit\u00e9 des campagnes, des clients, des marques &#8230; Je retrouve chaque jour une \u00e9quipe et une super ambiance. Nous pouvons compter les uns sur les autres dans un environnement agr\u00e9able gr\u00e2ce, aussi, \u00e0 un management de proximit\u00e9 et bienveillant avec notre responsable de service : Rajai.<\/p>\n","articles":false,"categorie_droite":false,"images":false,"elements_comparatif":false,"texte_1":"","texte_2":"","image_1":false,"image_1_563x400":false,"image_1_332x332":false,"image_2":false,"image_2_333x240":false,"image_2_563x400":false,"image_3":false,"image_3_333x240":false,"image_3_332x450":false,"image_4":false,"image_4_332x332":false,"image_4_563x400":false,"code_embed":"","legende_video":"","photo":false,"photo_100x100":false,"nom":"","fonction":"","elements_timeline":false,"entetes_colonnes":false,"entetes_lignes":false,"lignes":false,"introduction":"","formulaire":false,"question":"","reponse":"","libelle_bouton_lien":"","url_lien":"","questions":false,"conclusions":false,"pays":false,"region":false,"marque":false,"marqueConcessions":false,"modele":false,"ptvente":false,"typeV":false,"collection":false,"nombre_maximum_elements":10,"lien_fin_carousel":"","texte_lien_fin_carousel":"","trier_par":false}],"is_old_post":false,"image":{"ID":40061,"id":40061,"title":"20230307_143556","filename":"20230307_143556.jpg","filesize":1,"url":"https:\/\/cdn.bymycar.eu\/fr-webzine\/wp-content\/uploads\/medias\/20230307_143556.jpg","link":"https:\/\/www.bymycar.fr\/webzine\/responsable-data-crm-bymycar-cest-aussi-des-parcours-dans-le-marketing-digital\/20230307_143556-2\/","alt":"","author":"88","description":"","caption":"","name":"20230307_143556-2","status":"inherit","uploaded_to":40014,"date":"2023-03-07 13:51:54","modified":"2023-03-07 13:51:54","menu_order":0,"mime_type":"image\/jpeg","type":"image","subtype":"jpeg","icon":"https:\/\/www.bymycar.fr\/webzine\/wp-includes\/images\/media\/default.png","width":2560,"height":2492,"sizes":{"thumbnail":"https:\/\/cdn.bymycar.eu\/fr-webzine\/wp-content\/uploads\/medias\/20230307_143556-150x150.jpg","thumbnail-width":150,"thumbnail-height":150,"medium":"https:\/\/cdn.bymycar.eu\/fr-webzine\/wp-content\/uploads\/medias\/20230307_143556-300x292.jpg","medium-width":300,"medium-height":292,"medium_large":"https:\/\/cdn.bymycar.eu\/fr-webzine\/wp-content\/uploads\/medias\/20230307_143556-768x748.jpg","medium_large-width":768,"medium_large-height":748,"large":"https:\/\/cdn.bymycar.eu\/fr-webzine\/wp-content\/uploads\/medias\/20230307_143556-1024x997.jpg","large-width":1024,"large-height":997,"1536x1536":"https:\/\/cdn.bymycar.eu\/fr-webzine\/wp-content\/uploads\/medias\/20230307_143556-1536x1495.jpg","1536x1536-width":1536,"1536x1536-height":1495,"2048x2048":"https:\/\/cdn.bymycar.eu\/fr-webzine\/wp-content\/uploads\/medias\/20230307_143556-2048x1994.jpg","2048x2048-width":2048,"2048x2048-height":1994}},"page_content":{"block_content":[{"acf_fc_layout":"text-image","--nav":{"-withNav":false,"-ancre":""},"--group":{"-image":{"ID":40061,"id":40061,"title":"20230307_143556","filename":"20230307_143556.jpg","filesize":1,"url":"https:\/\/cdn.bymycar.eu\/fr-webzine\/wp-content\/uploads\/medias\/20230307_143556.jpg","link":"https:\/\/www.bymycar.fr\/webzine\/responsable-data-crm-bymycar-cest-aussi-des-parcours-dans-le-marketing-digital\/20230307_143556-2\/","alt":"","author":"88","description":"","caption":"","name":"20230307_143556-2","status":"inherit","uploaded_to":40014,"date":"2023-03-07 13:51:54","modified":"2023-03-07 13:51:54","menu_order":0,"mime_type":"image\/jpeg","type":"image","subtype":"jpeg","icon":"https:\/\/www.bymycar.fr\/webzine\/wp-includes\/images\/media\/default.png","width":2560,"height":2492,"sizes":{"thumbnail":"https:\/\/cdn.bymycar.eu\/fr-webzine\/wp-content\/uploads\/medias\/20230307_143556-150x150.jpg","thumbnail-width":150,"thumbnail-height":150,"medium":"https:\/\/cdn.bymycar.eu\/fr-webzine\/wp-content\/uploads\/medias\/20230307_143556-300x292.jpg","medium-width":300,"medium-height":292,"medium_large":"https:\/\/cdn.bymycar.eu\/fr-webzine\/wp-content\/uploads\/medias\/20230307_143556-768x748.jpg","medium_large-width":768,"medium_large-height":748,"large":"https:\/\/cdn.bymycar.eu\/fr-webzine\/wp-content\/uploads\/medias\/20230307_143556-1024x997.jpg","large-width":1024,"large-height":997,"1536x1536":"https:\/\/cdn.bymycar.eu\/fr-webzine\/wp-content\/uploads\/medias\/20230307_143556-1536x1495.jpg","1536x1536-width":1536,"1536x1536-height":1495,"2048x2048":"https:\/\/cdn.bymycar.eu\/fr-webzine\/wp-content\/uploads\/medias\/20230307_143556-2048x1994.jpg","2048x2048-width":2048,"2048x2048-height":1994}},"-title":"","-text":"<p><strong><em>\u00a0Peux-tu te pr\u00e9senter ?\u00a0<\/em><\/strong><\/p>\n<p>Je m&rsquo;appelle Marie-Charlotte, j&rsquo;ai 29 ans et je suis dans l&rsquo;\u00e9quipe Digital depuis le 8 mars 2021. Aujourd&rsquo;hui, \u00e7a fait pile 2 ans que je travaille pour le Groupe Bymycar !<\/p>\n<p>Lyonnaise d&rsquo;origine, j&rsquo;y ai fait des \u00e9tudes dans le marketing que j&rsquo;ai poursuivi \u00e0 Cardiff. Je suis rest\u00e9e en Angleterre 3 ans o\u00f9 j&rsquo;ai eu la chance de vivre mes premi\u00e8res exp\u00e9riences professionnelles, notamment, au si\u00e8ge de Hertz \u00e0 Londres.<\/p>\n"}},{"acf_fc_layout":"text-simple","--nav":{"-withNav":false,"-ancre":""},"--group":{"-text":"<p><strong><em>En quoi consiste ton m\u00e9tier ?\u00a0<\/em><\/strong><\/p>\n<p>Pour faire simple, mon travail consiste \u00e0 la fois \u00e0 mettre en place des outils pour faciliter la gestion des demandes clients, et \u00e0 construire des communications \/ interactions clients pour le groupe. Pour la partie DATA, je m&rsquo;assure que les donn\u00e9es collect\u00e9es soit fiables, structur\u00e9es et s\u00e9curis\u00e9es au bon endroit pour une utilisation la plus optimale possible. Il s\u2019agit aussi d\u2019accompagner les responsables marketing et autres entit\u00e9s du groupe sur l\u2019analyse de campagnes et le d\u00e9veloppement de leur outil CRM.<\/p>\n"}},{"acf_fc_layout":"citation","--nav":{"-withNav":false,"-ancre":""},"--group":{"-citation":"C&rsquo;est un r\u00e9el travail de collaborations, de synergie et de proximit\u00e9 pour r\u00e9ussir \u00e0 qualifier toutes les communications, renseignements, informations.<br \/>\n","-image":false,"-nom":"","-function":""}},{"acf_fc_layout":"text-simple","--nav":{"-withNav":false,"-ancre":""},"--group":{"-text":"<p><strong><em>Ca demande d&rsquo;\u00eatre en lien avec plusieurs \u00e9quipes ?\u00a0<\/em><\/strong><\/p>\n<p>Bien s\u00fbr ! Au-del\u00e0 de l\u2019\u00e9quipe digitale comprenant l\u2019acquisition, l\u2019e-marchandising et la gestion de projets, toute l\u2019\u00e9quipe travaille au quotidien avec les services IT, le marketing de chaque r\u00e9gion, mais aussi les \u00e9quipes du call-center. C\u2019est un r\u00e9el travail de collaboration, de synergie et de proximit\u00e9 pour r\u00e9ussir \u00e0 qualifier toutes les communications et tous les projets concernant la relation client au global.<\/p>\n"}},{"acf_fc_layout":"text-image","--nav":{"-withNav":false,"-ancre":""},"--group":{"-image":{"ID":40056,"id":40056,"title":"130306-parite-hommes-femmes","filename":"130306-parite-hommes-femmes.jpg","filesize":1,"url":"https:\/\/cdn.bymycar.eu\/fr-webzine\/wp-content\/uploads\/medias\/130306-parite-hommes-femmes.jpg","link":"https:\/\/www.bymycar.fr\/webzine\/responsable-data-crm-bymycar-cest-aussi-des-parcours-dans-le-marketing-digital\/130306-parite-hommes-femmes-2\/","alt":"","author":"88","description":"","caption":"","name":"130306-parite-hommes-femmes-2","status":"inherit","uploaded_to":40014,"date":"2023-03-07 13:46:58","modified":"2023-03-07 13:46:58","menu_order":0,"mime_type":"image\/jpeg","type":"image","subtype":"jpeg","icon":"https:\/\/www.bymycar.fr\/webzine\/wp-includes\/images\/media\/default.png","width":2560,"height":1920,"sizes":{"thumbnail":"https:\/\/cdn.bymycar.eu\/fr-webzine\/wp-content\/uploads\/medias\/130306-parite-hommes-femmes-150x150.jpg","thumbnail-width":150,"thumbnail-height":150,"medium":"https:\/\/cdn.bymycar.eu\/fr-webzine\/wp-content\/uploads\/medias\/130306-parite-hommes-femmes-300x225.jpg","medium-width":300,"medium-height":225,"medium_large":"https:\/\/cdn.bymycar.eu\/fr-webzine\/wp-content\/uploads\/medias\/130306-parite-hommes-femmes-768x576.jpg","medium_large-width":768,"medium_large-height":576,"large":"https:\/\/cdn.bymycar.eu\/fr-webzine\/wp-content\/uploads\/medias\/130306-parite-hommes-femmes-1024x768.jpg","large-width":1024,"large-height":768,"1536x1536":"https:\/\/cdn.bymycar.eu\/fr-webzine\/wp-content\/uploads\/medias\/130306-parite-hommes-femmes-1536x1152.jpg","1536x1536-width":1536,"1536x1536-height":1152,"2048x2048":"https:\/\/cdn.bymycar.eu\/fr-webzine\/wp-content\/uploads\/medias\/130306-parite-hommes-femmes-2048x1536.jpg","2048x2048-width":2048,"2048x2048-height":1536}},"-title":"","-text":"<p><em><strong>Pour finir, ton exp\u00e9rience chez Bymycar en quelques mots ?\u00a0<\/strong><\/em><\/p>\n<p>J&rsquo;aime mon travail et je viens, tous les jours, avec envie !<\/p>\n<p>Mais au-del\u00e0 de la richesse des projets, de la diversit\u00e9 des campagnes, des clients, des marques &#8230; Je retrouve chaque jour une \u00e9quipe et une super ambiance. Nous pouvons compter les uns sur les autres dans un environnement agr\u00e9able gr\u00e2ce, aussi, \u00e0 un management de proximit\u00e9 et bienveillant avec notre responsable de service : Rajai.<\/p>\n"}}]},"add-carousel-to-footer":true},"yoast_head":"<!-- This site is optimized with the Yoast SEO Premium plugin v26.4 (Yoast SEO v26.4) - https:\/\/yoast.com\/wordpress\/plugins\/seo\/ -->\n<title>Marie-Charlotte Responsable DATA &amp; CRM: Bymycar, c&#039;est aussi des parcours dans le digital<\/title>\n<meta name=\"robots\" content=\"index, follow, max-snippet:-1, max-image-preview:large, max-video-preview:-1\" \/>\n<link rel=\"canonical\" href=\"https:\/\/www.bymycar.fr\/webzine\/responsable-data-crm-bymycar-cest-aussi-des-parcours-dans-le-marketing-digital\/\" \/>\n<meta property=\"og:locale\" content=\"fr_FR\" \/>\n<meta property=\"og:type\" content=\"article\" \/>\n<meta property=\"og:title\" content=\"Marie-Charlotte Responsable DATA &amp; CRM: Bymycar, c&#039;est aussi des parcours dans le digital\" \/>\n<meta property=\"og:url\" content=\"https:\/\/www.bymycar.fr\/webzine\/responsable-data-crm-bymycar-cest-aussi-des-parcours-dans-le-marketing-digital\/\" \/>\n<meta property=\"og:site_name\" content=\"Webzine auto BYmyCAR\" \/>\n<meta property=\"article:published_time\" content=\"2023-03-07T19:25:34+00:00\" \/>\n<meta property=\"article:modified_time\" content=\"2023-03-08T14:30:10+00:00\" \/>\n<meta property=\"og:image\" content=\"https:\/\/cdn.bymycar.eu\/fr-webzine\/wp-content\/uploads\/medias\/20230307_143556.jpg\" \/>\n\t<meta property=\"og:image:width\" content=\"2560\" \/>\n\t<meta property=\"og:image:height\" content=\"2492\" \/>\n\t<meta property=\"og:image:type\" content=\"image\/jpeg\" \/>\n<meta name=\"author\" content=\"La R\u00e9daction BYmyCAR\" \/>\n<meta name=\"twitter:card\" content=\"summary_large_image\" \/>\n<meta name=\"twitter:label1\" content=\"\u00c9crit par\" \/>\n\t<meta name=\"twitter:data1\" content=\"La R\u00e9daction BYmyCAR\" \/>\n<script type=\"application\/ld+json\" class=\"yoast-schema-graph\">{\"@context\":\"https:\/\/schema.org\",\"@graph\":[{\"@type\":\"Article\",\"@id\":\"https:\/\/www.bymycar.fr\/webzine\/responsable-data-crm-bymycar-cest-aussi-des-parcours-dans-le-marketing-digital\/#article\",\"isPartOf\":{\"@id\":\"https:\/\/www.bymycar.fr\/webzine\/responsable-data-crm-bymycar-cest-aussi-des-parcours-dans-le-marketing-digital\/\"},\"author\":{\"name\":\"La R\u00e9daction BYmyCAR\",\"@id\":\"https:\/\/www.bymycar.fr\/webzine\/#\/schema\/person\/8d570fe11eb8929f06c1e6d00f4d9689\"},\"headline\":\"Marie-Charlotte Responsable DATA &amp; CRM: Bymycar, c&rsquo;est aussi des parcours dans le digital\",\"datePublished\":\"2023-03-07T19:25:34+00:00\",\"dateModified\":\"2023-03-08T14:30:10+00:00\",\"mainEntityOfPage\":{\"@id\":\"https:\/\/www.bymycar.fr\/webzine\/responsable-data-crm-bymycar-cest-aussi-des-parcours-dans-le-marketing-digital\/\"},\"wordCount\":14,\"publisher\":{\"@id\":\"https:\/\/www.bymycar.fr\/webzine\/#organization\"},\"image\":{\"@id\":\"https:\/\/www.bymycar.fr\/webzine\/responsable-data-crm-bymycar-cest-aussi-des-parcours-dans-le-marketing-digital\/#primaryimage\"},\"thumbnailUrl\":\"https:\/\/cdn.bymycar.eu\/fr-webzine\/wp-content\/uploads\/medias\/20230307_143556.jpg\",\"articleSection\":[\"Actus RH BYmyCAR\",\"Ressources humaines\",\"T\u00e9moignages Collaborateurs\"],\"inLanguage\":\"fr-FR\"},{\"@type\":\"WebPage\",\"@id\":\"https:\/\/www.bymycar.fr\/webzine\/responsable-data-crm-bymycar-cest-aussi-des-parcours-dans-le-marketing-digital\/\",\"url\":\"https:\/\/www.bymycar.fr\/webzine\/responsable-data-crm-bymycar-cest-aussi-des-parcours-dans-le-marketing-digital\/\",\"name\":\"Marie-Charlotte Responsable DATA &amp; CRM: Bymycar, c'est aussi des parcours dans le digital\",\"isPartOf\":{\"@id\":\"https:\/\/www.bymycar.fr\/webzine\/#website\"},\"primaryImageOfPage\":{\"@id\":\"https:\/\/www.bymycar.fr\/webzine\/responsable-data-crm-bymycar-cest-aussi-des-parcours-dans-le-marketing-digital\/#primaryimage\"},\"image\":{\"@id\":\"https:\/\/www.bymycar.fr\/webzine\/responsable-data-crm-bymycar-cest-aussi-des-parcours-dans-le-marketing-digital\/#primaryimage\"},\"thumbnailUrl\":\"https:\/\/cdn.bymycar.eu\/fr-webzine\/wp-content\/uploads\/medias\/20230307_143556.jpg\",\"datePublished\":\"2023-03-07T19:25:34+00:00\",\"dateModified\":\"2023-03-08T14:30:10+00:00\",\"breadcrumb\":{\"@id\":\"https:\/\/www.bymycar.fr\/webzine\/responsable-data-crm-bymycar-cest-aussi-des-parcours-dans-le-marketing-digital\/#breadcrumb\"},\"inLanguage\":\"fr-FR\",\"potentialAction\":[{\"@type\":\"ReadAction\",\"target\":[\"https:\/\/www.bymycar.fr\/webzine\/responsable-data-crm-bymycar-cest-aussi-des-parcours-dans-le-marketing-digital\/\"]}]},{\"@type\":\"ImageObject\",\"inLanguage\":\"fr-FR\",\"@id\":\"https:\/\/www.bymycar.fr\/webzine\/responsable-data-crm-bymycar-cest-aussi-des-parcours-dans-le-marketing-digital\/#primaryimage\",\"url\":\"https:\/\/cdn.bymycar.eu\/fr-webzine\/wp-content\/uploads\/medias\/20230307_143556.jpg\",\"contentUrl\":\"https:\/\/cdn.bymycar.eu\/fr-webzine\/wp-content\/uploads\/medias\/20230307_143556.jpg\",\"width\":2560,\"height\":2492},{\"@type\":\"BreadcrumbList\",\"@id\":\"https:\/\/www.bymycar.fr\/webzine\/responsable-data-crm-bymycar-cest-aussi-des-parcours-dans-le-marketing-digital\/#breadcrumb\",\"itemListElement\":[{\"@type\":\"ListItem\",\"position\":1,\"name\":\"Accueil\",\"item\":\"https:\/\/www.bymycar.fr\/webzine\/\"},{\"@type\":\"ListItem\",\"position\":2,\"name\":\"Marie-Charlotte Responsable DATA &amp; CRM: Bymycar, c&rsquo;est aussi des parcours dans le digital\"}]},{\"@type\":\"WebSite\",\"@id\":\"https:\/\/www.bymycar.fr\/webzine\/#website\",\"url\":\"https:\/\/www.bymycar.fr\/webzine\/\",\"name\":\"Webzine auto BYmyCAR\",\"description\":\"La magazine auto de BYmyCAR\",\"publisher\":{\"@id\":\"https:\/\/www.bymycar.fr\/webzine\/#organization\"},\"potentialAction\":[{\"@type\":\"SearchAction\",\"target\":{\"@type\":\"EntryPoint\",\"urlTemplate\":\"https:\/\/www.bymycar.fr\/webzine\/?s={search_term_string}\"},\"query-input\":{\"@type\":\"PropertyValueSpecification\",\"valueRequired\":true,\"valueName\":\"search_term_string\"}}],\"inLanguage\":\"fr-FR\"},{\"@type\":\"Organization\",\"@id\":\"https:\/\/www.bymycar.fr\/webzine\/#organization\",\"name\":\"BYmyCAR\",\"url\":\"https:\/\/www.bymycar.fr\/webzine\/\",\"logo\":{\"@type\":\"ImageObject\",\"inLanguage\":\"fr-FR\",\"@id\":\"https:\/\/www.bymycar.fr\/webzine\/#\/schema\/logo\/image\/\",\"url\":\"https:\/\/cdn.bymycar.eu\/fr-webzine\/wp-content\/uploads\/medias\/2017\/08\/logo_DEALER_00000406_001.png\",\"contentUrl\":\"https:\/\/cdn.bymycar.eu\/fr-webzine\/wp-content\/uploads\/medias\/2017\/08\/logo_DEALER_00000406_001.png\",\"width\":2132,\"height\":720,\"caption\":\"BYmyCAR\"},\"image\":{\"@id\":\"https:\/\/www.bymycar.fr\/webzine\/#\/schema\/logo\/image\/\"}},{\"@type\":\"Person\",\"@id\":\"https:\/\/www.bymycar.fr\/webzine\/#\/schema\/person\/8d570fe11eb8929f06c1e6d00f4d9689\",\"name\":\"La R\u00e9daction BYmyCAR\",\"image\":{\"@type\":\"ImageObject\",\"inLanguage\":\"fr-FR\",\"@id\":\"https:\/\/www.bymycar.fr\/webzine\/#\/schema\/person\/image\/\",\"url\":\"https:\/\/secure.gravatar.com\/avatar\/1aa6b039d0ce106989923af4e2d0f2a0c82bb070d5e449f1b9adf082a5863900?s=96&d=mm&r=g\",\"contentUrl\":\"https:\/\/secure.gravatar.com\/avatar\/1aa6b039d0ce106989923af4e2d0f2a0c82bb070d5e449f1b9adf082a5863900?s=96&d=mm&r=g\",\"caption\":\"La R\u00e9daction BYmyCAR\"},\"sameAs\":[\"https:\/\/www.bymycar.fr\/\"]}]}<\/script>\n<!-- \/ Yoast SEO Premium plugin. -->","yoast_head_json":{"title":"Marie-Charlotte Responsable DATA &amp; CRM: Bymycar, c'est aussi des parcours dans le digital","robots":{"index":"index","follow":"follow","max-snippet":"max-snippet:-1","max-image-preview":"max-image-preview:large","max-video-preview":"max-video-preview:-1"},"canonical":"https:\/\/www.bymycar.fr\/webzine\/responsable-data-crm-bymycar-cest-aussi-des-parcours-dans-le-marketing-digital\/","og_locale":"fr_FR","og_type":"article","og_title":"Marie-Charlotte Responsable DATA &amp; CRM: Bymycar, c'est aussi des parcours dans le digital","og_url":"https:\/\/www.bymycar.fr\/webzine\/responsable-data-crm-bymycar-cest-aussi-des-parcours-dans-le-marketing-digital\/","og_site_name":"Webzine auto BYmyCAR","article_published_time":"2023-03-07T19:25:34+00:00","article_modified_time":"2023-03-08T14:30:10+00:00","og_image":[{"width":2560,"height":2492,"url":"https:\/\/cdn.bymycar.eu\/fr-webzine\/wp-content\/uploads\/medias\/20230307_143556.jpg","type":"image\/jpeg"}],"author":"La R\u00e9daction BYmyCAR","twitter_card":"summary_large_image","twitter_misc":{"\u00c9crit par":"La R\u00e9daction BYmyCAR"},"schema":{"@context":"https:\/\/schema.org","@graph":[{"@type":"Article","@id":"https:\/\/www.bymycar.fr\/webzine\/responsable-data-crm-bymycar-cest-aussi-des-parcours-dans-le-marketing-digital\/#article","isPartOf":{"@id":"https:\/\/www.bymycar.fr\/webzine\/responsable-data-crm-bymycar-cest-aussi-des-parcours-dans-le-marketing-digital\/"},"author":{"name":"La R\u00e9daction BYmyCAR","@id":"https:\/\/www.bymycar.fr\/webzine\/#\/schema\/person\/8d570fe11eb8929f06c1e6d00f4d9689"},"headline":"Marie-Charlotte Responsable DATA &amp; CRM: Bymycar, c&rsquo;est aussi des parcours dans le digital","datePublished":"2023-03-07T19:25:34+00:00","dateModified":"2023-03-08T14:30:10+00:00","mainEntityOfPage":{"@id":"https:\/\/www.bymycar.fr\/webzine\/responsable-data-crm-bymycar-cest-aussi-des-parcours-dans-le-marketing-digital\/"},"wordCount":14,"publisher":{"@id":"https:\/\/www.bymycar.fr\/webzine\/#organization"},"image":{"@id":"https:\/\/www.bymycar.fr\/webzine\/responsable-data-crm-bymycar-cest-aussi-des-parcours-dans-le-marketing-digital\/#primaryimage"},"thumbnailUrl":"https:\/\/cdn.bymycar.eu\/fr-webzine\/wp-content\/uploads\/medias\/20230307_143556.jpg","articleSection":["Actus RH BYmyCAR","Ressources humaines","T\u00e9moignages Collaborateurs"],"inLanguage":"fr-FR"},{"@type":"WebPage","@id":"https:\/\/www.bymycar.fr\/webzine\/responsable-data-crm-bymycar-cest-aussi-des-parcours-dans-le-marketing-digital\/","url":"https:\/\/www.bymycar.fr\/webzine\/responsable-data-crm-bymycar-cest-aussi-des-parcours-dans-le-marketing-digital\/","name":"Marie-Charlotte Responsable DATA &amp; CRM: Bymycar, c'est aussi des parcours dans le digital","isPartOf":{"@id":"https:\/\/www.bymycar.fr\/webzine\/#website"},"primaryImageOfPage":{"@id":"https:\/\/www.bymycar.fr\/webzine\/responsable-data-crm-bymycar-cest-aussi-des-parcours-dans-le-marketing-digital\/#primaryimage"},"image":{"@id":"https:\/\/www.bymycar.fr\/webzine\/responsable-data-crm-bymycar-cest-aussi-des-parcours-dans-le-marketing-digital\/#primaryimage"},"thumbnailUrl":"https:\/\/cdn.bymycar.eu\/fr-webzine\/wp-content\/uploads\/medias\/20230307_143556.jpg","datePublished":"2023-03-07T19:25:34+00:00","dateModified":"2023-03-08T14:30:10+00:00","breadcrumb":{"@id":"https:\/\/www.bymycar.fr\/webzine\/responsable-data-crm-bymycar-cest-aussi-des-parcours-dans-le-marketing-digital\/#breadcrumb"},"inLanguage":"fr-FR","potentialAction":[{"@type":"ReadAction","target":["https:\/\/www.bymycar.fr\/webzine\/responsable-data-crm-bymycar-cest-aussi-des-parcours-dans-le-marketing-digital\/"]}]},{"@type":"ImageObject","inLanguage":"fr-FR","@id":"https:\/\/www.bymycar.fr\/webzine\/responsable-data-crm-bymycar-cest-aussi-des-parcours-dans-le-marketing-digital\/#primaryimage","url":"https:\/\/cdn.bymycar.eu\/fr-webzine\/wp-content\/uploads\/medias\/20230307_143556.jpg","contentUrl":"https:\/\/cdn.bymycar.eu\/fr-webzine\/wp-content\/uploads\/medias\/20230307_143556.jpg","width":2560,"height":2492},{"@type":"BreadcrumbList","@id":"https:\/\/www.bymycar.fr\/webzine\/responsable-data-crm-bymycar-cest-aussi-des-parcours-dans-le-marketing-digital\/#breadcrumb","itemListElement":[{"@type":"ListItem","position":1,"name":"Accueil","item":"https:\/\/www.bymycar.fr\/webzine\/"},{"@type":"ListItem","position":2,"name":"Marie-Charlotte Responsable DATA &amp; CRM: Bymycar, c&rsquo;est aussi des parcours dans le digital"}]},{"@type":"WebSite","@id":"https:\/\/www.bymycar.fr\/webzine\/#website","url":"https:\/\/www.bymycar.fr\/webzine\/","name":"Webzine auto BYmyCAR","description":"La magazine auto de BYmyCAR","publisher":{"@id":"https:\/\/www.bymycar.fr\/webzine\/#organization"},"potentialAction":[{"@type":"SearchAction","target":{"@type":"EntryPoint","urlTemplate":"https:\/\/www.bymycar.fr\/webzine\/?s={search_term_string}"},"query-input":{"@type":"PropertyValueSpecification","valueRequired":true,"valueName":"search_term_string"}}],"inLanguage":"fr-FR"},{"@type":"Organization","@id":"https:\/\/www.bymycar.fr\/webzine\/#organization","name":"BYmyCAR","url":"https:\/\/www.bymycar.fr\/webzine\/","logo":{"@type":"ImageObject","inLanguage":"fr-FR","@id":"https:\/\/www.bymycar.fr\/webzine\/#\/schema\/logo\/image\/","url":"https:\/\/cdn.bymycar.eu\/fr-webzine\/wp-content\/uploads\/medias\/2017\/08\/logo_DEALER_00000406_001.png","contentUrl":"https:\/\/cdn.bymycar.eu\/fr-webzine\/wp-content\/uploads\/medias\/2017\/08\/logo_DEALER_00000406_001.png","width":2132,"height":720,"caption":"BYmyCAR"},"image":{"@id":"https:\/\/www.bymycar.fr\/webzine\/#\/schema\/logo\/image\/"}},{"@type":"Person","@id":"https:\/\/www.bymycar.fr\/webzine\/#\/schema\/person\/8d570fe11eb8929f06c1e6d00f4d9689","name":"La R\u00e9daction BYmyCAR","image":{"@type":"ImageObject","inLanguage":"fr-FR","@id":"https:\/\/www.bymycar.fr\/webzine\/#\/schema\/person\/image\/","url":"https:\/\/secure.gravatar.com\/avatar\/1aa6b039d0ce106989923af4e2d0f2a0c82bb070d5e449f1b9adf082a5863900?s=96&d=mm&r=g","contentUrl":"https:\/\/secure.gravatar.com\/avatar\/1aa6b039d0ce106989923af4e2d0f2a0c82bb070d5e449f1b9adf082a5863900?s=96&d=mm&r=g","caption":"La R\u00e9daction BYmyCAR"},"sameAs":["https:\/\/www.bymycar.fr\/"]}]}},"_links":{"self":[{"href":"https:\/\/www.bymycar.fr\/webzine\/wp-json\/wp\/v2\/posts\/40014","targetHints":{"allow":["GET"]}}],"collection":[{"href":"https:\/\/www.bymycar.fr\/webzine\/wp-json\/wp\/v2\/posts"}],"about":[{"href":"https:\/\/www.bymycar.fr\/webzine\/wp-json\/wp\/v2\/types\/post"}],"author":[{"embeddable":true,"href":"https:\/\/www.bymycar.fr\/webzine\/wp-json\/wp\/v2\/users\/88"}],"replies":[{"embeddable":true,"href":"https:\/\/www.bymycar.fr\/webzine\/wp-json\/wp\/v2\/comments?post=40014"}],"version-history":[{"count":25,"href":"https:\/\/www.bymycar.fr\/webzine\/wp-json\/wp\/v2\/posts\/40014\/revisions"}],"predecessor-version":[{"id":40110,"href":"https:\/\/www.bymycar.fr\/webzine\/wp-json\/wp\/v2\/posts\/40014\/revisions\/40110"}],"wp:featuredmedia":[{"embeddable":true,"href":"https:\/\/www.bymycar.fr\/webzine\/wp-json\/wp\/v2\/media\/40061"}],"wp:attachment":[{"href":"https:\/\/www.bymycar.fr\/webzine\/wp-json\/wp\/v2\/media?parent=40014"}],"wp:term":[{"taxonomy":"category","embeddable":true,"href":"https:\/\/www.bymycar.fr\/webzine\/wp-json\/wp\/v2\/categories?post=40014"},{"taxonomy":"post_tag","embeddable":true,"href":"https:\/\/www.bymycar.fr\/webzine\/wp-json\/wp\/v2\/tags?post=40014"}],"curies":[{"name":"wp","href":"https:\/\/api.w.org\/{rel}","templated":true}]}}