{"id":39930,"date":"2023-02-28T10:22:26","date_gmt":"2023-02-28T09:22:26","guid":{"rendered":"https:\/\/prod.bymycar.fr\/webzine\/?p=39930"},"modified":"2023-03-15T13:47:48","modified_gmt":"2023-03-15T12:47:48","slug":"la-concession-ford-a-venissieux-une-experience-positive","status":"publish","type":"post","link":"https:\/\/www.bymycar.fr\/webzine\/la-concession-ford-a-venissieux-une-experience-positive\/","title":{"rendered":"M\u00e9thode KAIZEN : une exp\u00e9rience r\u00e9ussie chez Ford \u00e0 V\u00e9nissieux"},"content":{"rendered":"","protected":false},"excerpt":{"rendered":"","protected":false},"author":88,"featured_media":40004,"comment_status":"closed","ping_status":"open","sticky":false,"template":"","format":"standard","meta":{"_acf_changed":false,"footnotes":""},"categories":[2852,1643],"tags":[],"class_list":["post-39930","post","type-post","status-publish","format-standard","has-post-thumbnail","hentry","category-actus-rh","category-ressources-humaines"],"acf":{"template":"classique","introduction":"<p><b>Une productivit\u00e9 qui a augment\u00e9 de 14 points :\u00a0la m\u00e9thode Kaizen au sein de l&rsquo;atelier m\u00e9canique de la concession Ford \u00e0 V\u00e9nissieux est une v\u00e9ritable r\u00e9ussite !\u00a0<\/b><\/p>\n","strates":[{"type_strate":"texte-simple","ancre":"","contenu":"<p style=\"text-align: justify\"><strong><em>Mais la m\u00e9thode Kaizen c&rsquo;est quoi ?\u00a0<\/em><\/strong><\/p>\n<p style=\"text-align: justify\">Le mot Kaizen vient du Japonais et de la contraction de : Kai pour \u201cchangement\u201d, et Zen pour \u201cmeilleur\u00a0\u00bb. C&rsquo;est une m\u00e9thode d&rsquo;am\u00e9lioration qui se veut en continue \u00ab\u00a0<em>Tout le monde ! Tous les jours ! Partout\u00a0\u00bb<\/em>.<\/p>\n<p style=\"text-align: justify\">Le processus d\u00e9bute par une identification des axes \u00e0 am\u00e9liorer dans l&rsquo;environnement de travail puis, une proposition des solutions pour optimiser les process et la qualit\u00e9 des t\u00e2ches r\u00e9alis\u00e9es. Ici pas de changement brutal, la m\u00e9thode Kaizen mise sur le progr\u00e8s dans le temps.<\/p>\n","titre":"c'est quoi ? ","image":false,"image_libre":false,"image_800x500":false,"legende":"","zoom":false,"texte":"","articles":false,"categorie_droite":false,"images":false,"elements_comparatif":false,"texte_1":"","texte_2":"","image_1":false,"image_1_563x400":false,"image_1_332x332":false,"image_2":false,"image_2_333x240":false,"image_2_563x400":false,"image_3":false,"image_3_333x240":false,"image_3_332x450":false,"image_4":false,"image_4_332x332":false,"image_4_563x400":false,"code_embed":"","legende_video":"","photo":false,"photo_100x100":false,"nom":"","fonction":"","elements_timeline":false,"entetes_colonnes":false,"entetes_lignes":false,"lignes":false,"introduction":"","formulaire":false,"question":"","reponse":"","libelle_bouton_lien":"","url_lien":"","questions":false,"conclusions":false,"pays":false,"region":false,"marque":false,"marqueConcessions":false,"modele":false,"ptvente":false,"typeV":false,"collection":false,"nombre_maximum_elements":10,"lien_fin_carousel":"","texte_lien_fin_carousel":"","trier_par":false},{"type_strate":"50-50-image-texte-full","ancre":"","contenu":"","titre":"","image":false,"image_libre":false,"image_800x500":{"ID":39970,"id":39970,"title":"IMG_2675","filename":"IMG_2675.jpg","filesize":1,"url":"https:\/\/cdn.bymycar.eu\/fr-webzine\/wp-content\/uploads\/medias\/IMG_2675.jpg","link":"https:\/\/www.bymycar.fr\/webzine\/la-concession-ford-a-venissieux-une-experience-positive\/img_2675\/","alt":"","author":"88","description":"","caption":"","name":"img_2675","status":"inherit","uploaded_to":39930,"date":"2023-02-28 08:57:01","modified":"2023-02-28 08:57:01","menu_order":0,"mime_type":"image\/jpeg","type":"image","subtype":"jpeg","icon":"https:\/\/www.bymycar.fr\/webzine\/wp-includes\/images\/media\/default.png","width":2560,"height":1920,"sizes":{"thumbnail":"https:\/\/cdn.bymycar.eu\/fr-webzine\/wp-content\/uploads\/medias\/IMG_2675-150x150.jpg","thumbnail-width":150,"thumbnail-height":150,"medium":"https:\/\/cdn.bymycar.eu\/fr-webzine\/wp-content\/uploads\/medias\/IMG_2675-300x225.jpg","medium-width":300,"medium-height":225,"medium_large":"https:\/\/cdn.bymycar.eu\/fr-webzine\/wp-content\/uploads\/medias\/IMG_2675-768x576.jpg","medium_large-width":768,"medium_large-height":576,"large":"https:\/\/cdn.bymycar.eu\/fr-webzine\/wp-content\/uploads\/medias\/IMG_2675-1024x768.jpg","large-width":1024,"large-height":768,"1536x1536":"https:\/\/cdn.bymycar.eu\/fr-webzine\/wp-content\/uploads\/medias\/IMG_2675-1536x1152.jpg","1536x1536-width":1536,"1536x1536-height":1152,"2048x2048":"https:\/\/cdn.bymycar.eu\/fr-webzine\/wp-content\/uploads\/medias\/IMG_2675-2048x1536.jpg","2048x2048-width":2048,"2048x2048-height":1536}},"legende":"","zoom":false,"texte":"<p style=\"text-align: justify\"><strong><em>Comment \u00e7a s&rsquo;est pass\u00e9 ?\u00a0<\/em><\/strong><\/p>\n<p style=\"text-align: justify\">A la fin mars 2022, les \u00e9quipes Kaizen sont venues rencontrer les \u00e9quipes de l&rsquo;atelier pour comprendre leur m\u00e9tier et leur organisation.<\/p>\n<p style=\"text-align: justify\">Ensemble, ils ont identifi\u00e9 les principales opportunit\u00e9s d&rsquo;am\u00e9lioration comme : la gestion de la production ; augmenter la satisfaction client ; r\u00e9duire le temps perdu au lavage ; organiser le parking &#8230;<\/p>\n","articles":false,"categorie_droite":false,"images":false,"elements_comparatif":false,"texte_1":"","texte_2":"","image_1":false,"image_1_563x400":false,"image_1_332x332":false,"image_2":false,"image_2_333x240":false,"image_2_563x400":false,"image_3":false,"image_3_333x240":false,"image_3_332x450":false,"image_4":false,"image_4_332x332":false,"image_4_563x400":false,"code_embed":"","legende_video":"","photo":false,"photo_100x100":false,"nom":"","fonction":"","elements_timeline":false,"entetes_colonnes":false,"entetes_lignes":false,"lignes":false,"introduction":"","formulaire":false,"question":"","reponse":"","libelle_bouton_lien":"","url_lien":"","questions":false,"conclusions":false,"pays":false,"region":false,"marque":false,"marqueConcessions":false,"modele":false,"ptvente":false,"typeV":false,"collection":false,"nombre_maximum_elements":10,"lien_fin_carousel":"","texte_lien_fin_carousel":"","trier_par":false},{"type_strate":"citation","ancre":"","contenu":"","titre":"","image":false,"image_libre":false,"image_800x500":false,"legende":"","zoom":false,"texte":"<p>Bien s\u00fbr, il est toujours difficile de changer les pratiques qui sont ancr\u00e9es dans notre quotidien, mais les \u00e9quipes Kaizen ont\u00a0 travaill\u00e9 avec nous pour trouver les solutions adapt\u00e9es aux besoins de notre atelier et \u00e0 ceux de l&rsquo;\u00e9quipe. Rapidement, nous avons eu des r\u00e9sultats parce que personne n&rsquo;a baiss\u00e9 les bras ! &#8211; <span style=\"color: #000080\"><span style=\"font-size: 10pt\"><em>Eric Maurer, Chef d&rsquo;Atelier m\u00e9canique<\/em><\/span>\u00a0<\/span><\/p>\n","articles":false,"categorie_droite":false,"images":false,"elements_comparatif":false,"texte_1":"","texte_2":"","image_1":false,"image_1_563x400":false,"image_1_332x332":false,"image_2":false,"image_2_333x240":false,"image_2_563x400":false,"image_3":false,"image_3_333x240":false,"image_3_332x450":false,"image_4":false,"image_4_332x332":false,"image_4_563x400":false,"code_embed":"","legende_video":"","photo":false,"photo_100x100":false,"nom":"","fonction":"","elements_timeline":false,"entetes_colonnes":false,"entetes_lignes":false,"lignes":false,"introduction":"","formulaire":false,"question":"","reponse":"","libelle_bouton_lien":"","url_lien":"","questions":false,"conclusions":false,"pays":false,"region":false,"marque":false,"marqueConcessions":false,"modele":false,"ptvente":false,"typeV":false,"collection":false,"nombre_maximum_elements":10,"lien_fin_carousel":"","texte_lien_fin_carousel":"","trier_par":false},{"type_strate":"texte-simple","ancre":"","contenu":"<p style=\"text-align: justify\">Tous les membres de l&rsquo;\u00e9quipe ont \u00e9t\u00e9 mis \u00e0 contribution dans la standardisation et l&rsquo;organisation des chantiers :<\/p>\n<ul>\n<li style=\"text-align: justify\">Mise en place d&rsquo;un <em>Daily<\/em> : avec un tableau participatif que chacun puisse consulter et compl\u00e9ter pour \u00eatre acteur de l&rsquo;atelier<\/li>\n<li style=\"text-align: justify\">Organisation de tous les espaces de travail : trier, ranger, nettoyer, standardiser pour assurer le suivi dans le temps<\/li>\n<li style=\"text-align: justify\">Optimiser la charge de travail : analyser, quantifier les d\u00e9placements et les t\u00e2ches quotidiennes des \u00e9quipes pour instaurer de nouveaux process plus efficaces.<\/li>\n<li style=\"text-align: justify\">Standardiser les nouvelles pratiques : p\u00e9renniser le savoir et assurer la stabilit\u00e9 des processus<\/li>\n<\/ul>\n","titre":"Comment","image":false,"image_libre":false,"image_800x500":false,"legende":"","zoom":false,"texte":"","articles":false,"categorie_droite":false,"images":false,"elements_comparatif":false,"texte_1":"","texte_2":"","image_1":false,"image_1_563x400":false,"image_1_332x332":false,"image_2":false,"image_2_333x240":false,"image_2_563x400":false,"image_3":false,"image_3_333x240":false,"image_3_332x450":false,"image_4":false,"image_4_332x332":false,"image_4_563x400":false,"code_embed":"","legende_video":"","photo":false,"photo_100x100":false,"nom":"","fonction":"","elements_timeline":false,"entetes_colonnes":false,"entetes_lignes":false,"lignes":false,"introduction":"","formulaire":false,"question":"","reponse":"","libelle_bouton_lien":"","url_lien":"","questions":false,"conclusions":false,"pays":false,"region":false,"marque":false,"marqueConcessions":false,"modele":false,"ptvente":false,"typeV":false,"collection":false,"nombre_maximum_elements":10,"lien_fin_carousel":"","texte_lien_fin_carousel":"","trier_par":false},{"type_strate":"image","ancre":"","contenu":"","titre":"","image":false,"image_libre":false,"image_800x500":false,"legende":"","zoom":false,"texte":"<p style=\"text-align: justify\">Je pense que la clef de la r\u00e9ussite c&rsquo;est d&rsquo;y croire ! Soit on le subit, soit on le prend comme une opportunit\u00e9. Personnellement j&rsquo;y ai tout de suite crue, alors j&rsquo;ai convaincu le chef d&rsquo;atelier de se lancer, ensemble, dans l&rsquo;aventure.<\/p>\n<p style=\"text-align: justify\">Aujourd&rsquo;hui les r\u00e9sultats sont l\u00e0, et nous en sommes fi\u00e8res ! Le nouveau challenge est de ritualiser ces bonnes pratiques dans le temps. &#8211; <span style=\"font-size: 10pt\"><em>Mich\u00e8le Riethmuller, Directrice Ford V\u00e9nissieux\u00a0<\/em><\/span><\/p>\n","articles":false,"categorie_droite":false,"images":[{"image":false,"image_1600x700":false,"image_920x500":{"ID":39975,"id":39975,"title":"20230221_145044","filename":"20230221_145044.jpg","filesize":1,"url":"https:\/\/cdn.bymycar.eu\/fr-webzine\/wp-content\/uploads\/medias\/20230221_145044.jpg","link":"https:\/\/www.bymycar.fr\/webzine\/la-concession-ford-a-venissieux-une-experience-positive\/20230221_145044\/","alt":"","author":"88","description":"","caption":"","name":"20230221_145044","status":"inherit","uploaded_to":39930,"date":"2023-02-28 09:02:04","modified":"2023-02-28 09:02:04","menu_order":0,"mime_type":"image\/jpeg","type":"image","subtype":"jpeg","icon":"https:\/\/www.bymycar.fr\/webzine\/wp-includes\/images\/media\/default.png","width":2560,"height":1920,"sizes":{"thumbnail":"https:\/\/cdn.bymycar.eu\/fr-webzine\/wp-content\/uploads\/medias\/20230221_145044-150x150.jpg","thumbnail-width":150,"thumbnail-height":150,"medium":"https:\/\/cdn.bymycar.eu\/fr-webzine\/wp-content\/uploads\/medias\/20230221_145044-300x225.jpg","medium-width":300,"medium-height":225,"medium_large":"https:\/\/cdn.bymycar.eu\/fr-webzine\/wp-content\/uploads\/medias\/20230221_145044-768x576.jpg","medium_large-width":768,"medium_large-height":576,"large":"https:\/\/cdn.bymycar.eu\/fr-webzine\/wp-content\/uploads\/medias\/20230221_145044-1024x768.jpg","large-width":1024,"large-height":768,"1536x1536":"https:\/\/cdn.bymycar.eu\/fr-webzine\/wp-content\/uploads\/medias\/20230221_145044-1536x1152.jpg","1536x1536-width":1536,"1536x1536-height":1152,"2048x2048":"https:\/\/cdn.bymycar.eu\/fr-webzine\/wp-content\/uploads\/medias\/20230221_145044-2048x1536.jpg","2048x2048-width":2048,"2048x2048-height":1536}},"legende":""}],"elements_comparatif":false,"texte_1":"","texte_2":"","image_1":false,"image_1_563x400":false,"image_1_332x332":false,"image_2":false,"image_2_333x240":false,"image_2_563x400":false,"image_3":false,"image_3_333x240":false,"image_3_332x450":false,"image_4":false,"image_4_332x332":false,"image_4_563x400":false,"code_embed":"","legende_video":"","photo":false,"photo_100x100":false,"nom":"","fonction":"","elements_timeline":false,"entetes_colonnes":false,"entetes_lignes":false,"lignes":false,"introduction":"","formulaire":false,"question":"","reponse":"","libelle_bouton_lien":"","url_lien":"","questions":false,"conclusions":false,"pays":false,"region":false,"marque":false,"marqueConcessions":false,"modele":false,"ptvente":false,"typeV":false,"collection":false,"nombre_maximum_elements":10,"lien_fin_carousel":"","texte_lien_fin_carousel":"","trier_par":false},{"type_strate":"texte-simple","ancre":"","contenu":"<p style=\"text-align: justify\"><em><strong>Quels sont les r\u00e9sultats ?\u00a0<\/strong><\/em><\/p>\n<p style=\"text-align: justify\">Sur plusieurs mois, zone par zone et \u00e9tape par \u00e9tapes, l&rsquo;\u00e9quipe accompagn\u00e9e de la Direction s&rsquo;est engag\u00e9e pour faire de cette exp\u00e9rience une r\u00e9ussite. Suite \u00e0 l&rsquo;audit en janvier dernier, la plupart des indicateurs sont au vert !<\/p>\n<p style=\"text-align: justify\"><strong>+2% de chiffre d&rsquo;affaires\u00a0<\/strong><\/p>\n<p style=\"text-align: justify\"><strong>+14 points de productivit\u00e9 pour l&rsquo;atelier\u00a0<\/strong><\/p>\n<p style=\"text-align: justify\"><strong>La performance de l&rsquo;atelier est en hausse depuis 4 mois cons\u00e9cutif<\/strong><\/p>\n<p style=\"text-align: justify\">Bravo aux \u00e9quipes pour ce travail collectif\u00a0 !<\/p>\n","titre":"Les r\u00e9sultats ","image":false,"image_libre":false,"image_800x500":false,"legende":"","zoom":false,"texte":"","articles":false,"categorie_droite":false,"images":false,"elements_comparatif":false,"texte_1":"","texte_2":"","image_1":false,"image_1_563x400":false,"image_1_332x332":false,"image_2":false,"image_2_333x240":false,"image_2_563x400":false,"image_3":false,"image_3_333x240":false,"image_3_332x450":false,"image_4":false,"image_4_332x332":false,"image_4_563x400":false,"code_embed":"","legende_video":"","photo":false,"photo_100x100":false,"nom":"","fonction":"","elements_timeline":false,"entetes_colonnes":false,"entetes_lignes":false,"lignes":false,"introduction":"","formulaire":false,"question":"","reponse":"","libelle_bouton_lien":"","url_lien":"","questions":false,"conclusions":false,"pays":false,"region":false,"marque":false,"marqueConcessions":false,"modele":false,"ptvente":false,"typeV":false,"collection":false,"nombre_maximum_elements":10,"lien_fin_carousel":"","texte_lien_fin_carousel":"","trier_par":false},{"type_strate":"50-50-image-texte-full","ancre":"","contenu":"","titre":"","image":false,"image_libre":false,"image_800x500":{"ID":39980,"id":39980,"title":"20230221_151013","filename":"20230221_151013.jpg","filesize":1,"url":"https:\/\/cdn.bymycar.eu\/fr-webzine\/wp-content\/uploads\/medias\/20230221_151013.jpg","link":"https:\/\/www.bymycar.fr\/webzine\/la-concession-ford-a-venissieux-une-experience-positive\/20230221_151013-2\/","alt":"","author":"88","description":"","caption":"","name":"20230221_151013-2","status":"inherit","uploaded_to":39930,"date":"2023-02-28 09:09:01","modified":"2023-02-28 09:09:01","menu_order":0,"mime_type":"image\/jpeg","type":"image","subtype":"jpeg","icon":"https:\/\/www.bymycar.fr\/webzine\/wp-includes\/images\/media\/default.png","width":2560,"height":2080,"sizes":{"thumbnail":"https:\/\/cdn.bymycar.eu\/fr-webzine\/wp-content\/uploads\/medias\/20230221_151013-150x150.jpg","thumbnail-width":150,"thumbnail-height":150,"medium":"https:\/\/cdn.bymycar.eu\/fr-webzine\/wp-content\/uploads\/medias\/20230221_151013-300x244.jpg","medium-width":300,"medium-height":244,"medium_large":"https:\/\/cdn.bymycar.eu\/fr-webzine\/wp-content\/uploads\/medias\/20230221_151013-768x624.jpg","medium_large-width":768,"medium_large-height":624,"large":"https:\/\/cdn.bymycar.eu\/fr-webzine\/wp-content\/uploads\/medias\/20230221_151013-1024x832.jpg","large-width":1024,"large-height":832,"1536x1536":"https:\/\/cdn.bymycar.eu\/fr-webzine\/wp-content\/uploads\/medias\/20230221_151013-1536x1248.jpg","1536x1536-width":1536,"1536x1536-height":1248,"2048x2048":"https:\/\/cdn.bymycar.eu\/fr-webzine\/wp-content\/uploads\/medias\/20230221_151013-2048x1664.jpg","2048x2048-width":2048,"2048x2048-height":1664}},"legende":"","zoom":false,"texte":"<p style=\"text-align: justify\"><strong><em>Le mot de la Directrice :<\/em> <\/strong><\/p>\n<p style=\"text-align: justify\">Pour moi, la clef de la r\u00e9ussite c&rsquo;est d&rsquo;y croire ! Soit on subit ces changements, soit on les prend comme une opportunit\u00e9. Personnellement j&rsquo;y ai tout de suite cru, alors j&rsquo;ai convaincu Eric, le chef d&rsquo;atelier, qu&rsquo;on se lance ensemble dans l&rsquo;aventure.<\/p>\n<p style=\"text-align: justify\">Aujourd&rsquo;hui les r\u00e9sultats sont l\u00e0, et nous en sommes fi\u00e8rs ! Le nouveau challenge est de poursuivre ces bonnes pratiques dans le temps. &#8211; <span style=\"font-size: 10pt;color: #333399\"><em>Mich\u00e8le Riethmuller, Directrice Ford V\u00e9nissieux\u00a0<\/em><\/span><\/p>\n","articles":false,"categorie_droite":false,"images":[{"image":false,"image_1600x700":false,"image_920x500":false,"legende":""}],"elements_comparatif":false,"texte_1":"","texte_2":"","image_1":false,"image_1_563x400":false,"image_1_332x332":false,"image_2":false,"image_2_333x240":false,"image_2_563x400":false,"image_3":false,"image_3_333x240":false,"image_3_332x450":false,"image_4":false,"image_4_332x332":false,"image_4_563x400":false,"code_embed":"","legende_video":"","photo":false,"photo_100x100":false,"nom":"","fonction":"","elements_timeline":false,"entetes_colonnes":false,"entetes_lignes":false,"lignes":false,"introduction":"","formulaire":false,"question":"","reponse":"","libelle_bouton_lien":"","url_lien":"","questions":false,"conclusions":false,"pays":false,"region":false,"marque":false,"marqueConcessions":false,"modele":false,"ptvente":false,"typeV":false,"collection":false,"nombre_maximum_elements":10,"lien_fin_carousel":"","texte_lien_fin_carousel":"","trier_par":false}],"is_old_post":false,"image":{"ID":40004,"id":40004,"title":"Sans titre (54)","filename":"Sans-titre-54.png","filesize":1,"url":"https:\/\/cdn.bymycar.eu\/fr-webzine\/wp-content\/uploads\/medias\/Sans-titre-54.png","link":"https:\/\/www.bymycar.fr\/webzine\/la-concession-ford-a-venissieux-une-experience-positive\/sans-titre-54\/","alt":"","author":"88","description":"","caption":"","name":"sans-titre-54","status":"inherit","uploaded_to":39930,"date":"2023-03-01 09:25:49","modified":"2023-03-01 09:25:49","menu_order":0,"mime_type":"image\/png","type":"image","subtype":"png","icon":"https:\/\/www.bymycar.fr\/webzine\/wp-includes\/images\/media\/default.png","width":1325,"height":1739,"sizes":{"thumbnail":"https:\/\/cdn.bymycar.eu\/fr-webzine\/wp-content\/uploads\/medias\/Sans-titre-54-150x150.png","thumbnail-width":150,"thumbnail-height":150,"medium":"https:\/\/cdn.bymycar.eu\/fr-webzine\/wp-content\/uploads\/medias\/Sans-titre-54-229x300.png","medium-width":229,"medium-height":300,"medium_large":"https:\/\/cdn.bymycar.eu\/fr-webzine\/wp-content\/uploads\/medias\/Sans-titre-54-768x1008.png","medium_large-width":768,"medium_large-height":1008,"large":"https:\/\/cdn.bymycar.eu\/fr-webzine\/wp-content\/uploads\/medias\/Sans-titre-54-780x1024.png","large-width":780,"large-height":1024,"1536x1536":"https:\/\/cdn.bymycar.eu\/fr-webzine\/wp-content\/uploads\/medias\/Sans-titre-54-1170x1536.png","1536x1536-width":1170,"1536x1536-height":1536,"2048x2048":"https:\/\/cdn.bymycar.eu\/fr-webzine\/wp-content\/uploads\/medias\/Sans-titre-54.png","2048x2048-width":1325,"2048x2048-height":1739}},"page_content":{"block_content":[{"acf_fc_layout":"text-simple","--nav":{"-withNav":false,"-ancre":""},"--group":{"-text":"<p style=\"text-align: justify\"><strong><em>Mais la m\u00e9thode Kaizen c&rsquo;est quoi ?\u00a0<\/em><\/strong><\/p>\n<p style=\"text-align: justify\">Le mot Kaizen vient du Japonais et de la contraction de : Kai pour \u201cchangement\u201d, et Zen pour \u201cmeilleur\u00a0\u00bb. C&rsquo;est une m\u00e9thode d&rsquo;am\u00e9lioration qui se veut en continue \u00ab\u00a0<em>Tout le monde ! Tous les jours ! Partout\u00a0\u00bb<\/em>.<\/p>\n<p style=\"text-align: justify\">Le processus d\u00e9bute par une identification des axes \u00e0 am\u00e9liorer dans l&rsquo;environnement de travail puis, une proposition des solutions pour optimiser les process et la qualit\u00e9 des t\u00e2ches r\u00e9alis\u00e9es. Ici pas de changement brutal, la m\u00e9thode Kaizen mise sur le progr\u00e8s dans le temps.<\/p>\n"}},{"acf_fc_layout":"text-image","--nav":{"-withNav":false,"-ancre":""},"--group":{"-image":{"ID":39970,"id":39970,"title":"IMG_2675","filename":"IMG_2675.jpg","filesize":1,"url":"https:\/\/cdn.bymycar.eu\/fr-webzine\/wp-content\/uploads\/medias\/IMG_2675.jpg","link":"https:\/\/www.bymycar.fr\/webzine\/la-concession-ford-a-venissieux-une-experience-positive\/img_2675\/","alt":"","author":"88","description":"","caption":"","name":"img_2675","status":"inherit","uploaded_to":39930,"date":"2023-02-28 08:57:01","modified":"2023-02-28 08:57:01","menu_order":0,"mime_type":"image\/jpeg","type":"image","subtype":"jpeg","icon":"https:\/\/www.bymycar.fr\/webzine\/wp-includes\/images\/media\/default.png","width":2560,"height":1920,"sizes":{"thumbnail":"https:\/\/cdn.bymycar.eu\/fr-webzine\/wp-content\/uploads\/medias\/IMG_2675-150x150.jpg","thumbnail-width":150,"thumbnail-height":150,"medium":"https:\/\/cdn.bymycar.eu\/fr-webzine\/wp-content\/uploads\/medias\/IMG_2675-300x225.jpg","medium-width":300,"medium-height":225,"medium_large":"https:\/\/cdn.bymycar.eu\/fr-webzine\/wp-content\/uploads\/medias\/IMG_2675-768x576.jpg","medium_large-width":768,"medium_large-height":576,"large":"https:\/\/cdn.bymycar.eu\/fr-webzine\/wp-content\/uploads\/medias\/IMG_2675-1024x768.jpg","large-width":1024,"large-height":768,"1536x1536":"https:\/\/cdn.bymycar.eu\/fr-webzine\/wp-content\/uploads\/medias\/IMG_2675-1536x1152.jpg","1536x1536-width":1536,"1536x1536-height":1152,"2048x2048":"https:\/\/cdn.bymycar.eu\/fr-webzine\/wp-content\/uploads\/medias\/IMG_2675-2048x1536.jpg","2048x2048-width":2048,"2048x2048-height":1536}},"-title":"","-text":"<p style=\"text-align: justify\"><strong><em>Comment \u00e7a s&rsquo;est pass\u00e9 ?\u00a0<\/em><\/strong><\/p>\n<p style=\"text-align: justify\">A la fin mars 2022, les \u00e9quipes Kaizen sont venues rencontrer les \u00e9quipes de l&rsquo;atelier pour comprendre leur m\u00e9tier et leur organisation.<\/p>\n<p style=\"text-align: justify\">Ensemble, ils ont identifi\u00e9 les principales opportunit\u00e9s d&rsquo;am\u00e9lioration comme : la gestion de la production ; augmenter la satisfaction client ; r\u00e9duire le temps perdu au lavage ; organiser le parking &#8230;<\/p>\n"}},{"acf_fc_layout":"citation","--nav":{"-withNav":false,"-ancre":""},"--group":{"-citation":"Bien s\u00fbr, il est toujours difficile de changer les pratiques qui sont ancr\u00e9es dans notre quotidien, mais les \u00e9quipes Kaizen ont\u00a0 travaill\u00e9 avec nous pour trouver les solutions adapt\u00e9es aux besoins de notre atelier et \u00e0 ceux de l&rsquo;\u00e9quipe. Rapidement, nous avons eu des r\u00e9sultats parce que personne n&rsquo;a baiss\u00e9 les bras ! &#8211; Eric Maurer, Chef d&rsquo;Atelier m\u00e9canique\u00a0<br \/>\n","-image":false,"-nom":"","-function":""}},{"acf_fc_layout":"text-simple","--nav":{"-withNav":false,"-ancre":""},"--group":{"-text":"<p style=\"text-align: justify\">Tous les membres de l&rsquo;\u00e9quipe ont \u00e9t\u00e9 mis \u00e0 contribution dans la standardisation et l&rsquo;organisation des chantiers :<\/p>\n<ul>\n<li style=\"text-align: justify\">Mise en place d&rsquo;un <em>Daily<\/em> : avec un tableau participatif que chacun puisse consulter et compl\u00e9ter pour \u00eatre acteur de l&rsquo;atelier<\/li>\n<li style=\"text-align: justify\">Organisation de tous les espaces de travail : trier, ranger, nettoyer, standardiser pour assurer le suivi dans le temps<\/li>\n<li style=\"text-align: justify\">Optimiser la charge de travail : analyser, quantifier les d\u00e9placements et les t\u00e2ches quotidiennes des \u00e9quipes pour instaurer de nouveaux process plus efficaces.<\/li>\n<li style=\"text-align: justify\">Standardiser les nouvelles pratiques : p\u00e9renniser le savoir et assurer la stabilit\u00e9 des processus<\/li>\n<\/ul>\n"}},{"acf_fc_layout":"images-slider","--nav":{"-withNav":false,"-ancre":""},"--group":{"-listibg":[{"--image":{"ID":39975,"id":39975,"title":"20230221_145044","filename":"20230221_145044.jpg","filesize":1,"url":"https:\/\/cdn.bymycar.eu\/fr-webzine\/wp-content\/uploads\/medias\/20230221_145044.jpg","link":"https:\/\/www.bymycar.fr\/webzine\/la-concession-ford-a-venissieux-une-experience-positive\/20230221_145044\/","alt":"","author":"88","description":"","caption":"","name":"20230221_145044","status":"inherit","uploaded_to":39930,"date":"2023-02-28 09:02:04","modified":"2023-02-28 09:02:04","menu_order":0,"mime_type":"image\/jpeg","type":"image","subtype":"jpeg","icon":"https:\/\/www.bymycar.fr\/webzine\/wp-includes\/images\/media\/default.png","width":2560,"height":1920,"sizes":{"thumbnail":"https:\/\/cdn.bymycar.eu\/fr-webzine\/wp-content\/uploads\/medias\/20230221_145044-150x150.jpg","thumbnail-width":150,"thumbnail-height":150,"medium":"https:\/\/cdn.bymycar.eu\/fr-webzine\/wp-content\/uploads\/medias\/20230221_145044-300x225.jpg","medium-width":300,"medium-height":225,"medium_large":"https:\/\/cdn.bymycar.eu\/fr-webzine\/wp-content\/uploads\/medias\/20230221_145044-768x576.jpg","medium_large-width":768,"medium_large-height":576,"large":"https:\/\/cdn.bymycar.eu\/fr-webzine\/wp-content\/uploads\/medias\/20230221_145044-1024x768.jpg","large-width":1024,"large-height":768,"1536x1536":"https:\/\/cdn.bymycar.eu\/fr-webzine\/wp-content\/uploads\/medias\/20230221_145044-1536x1152.jpg","1536x1536-width":1536,"1536x1536-height":1152,"2048x2048":"https:\/\/cdn.bymycar.eu\/fr-webzine\/wp-content\/uploads\/medias\/20230221_145044-2048x1536.jpg","2048x2048-width":2048,"2048x2048-height":1536}},"--legend":""}]}},{"acf_fc_layout":"text-simple","--nav":{"-withNav":false,"-ancre":""},"--group":{"-text":"<p style=\"text-align: justify\"><em><strong>Quels sont les r\u00e9sultats ?\u00a0<\/strong><\/em><\/p>\n<p style=\"text-align: justify\">Sur plusieurs mois, zone par zone et \u00e9tape par \u00e9tapes, l&rsquo;\u00e9quipe accompagn\u00e9e de la Direction s&rsquo;est engag\u00e9e pour faire de cette exp\u00e9rience une r\u00e9ussite. Suite \u00e0 l&rsquo;audit en janvier dernier, la plupart des indicateurs sont au vert !<\/p>\n<p style=\"text-align: justify\"><strong>+2% de chiffre d&rsquo;affaires\u00a0<\/strong><\/p>\n<p style=\"text-align: justify\"><strong>+14 points de productivit\u00e9 pour l&rsquo;atelier\u00a0<\/strong><\/p>\n<p style=\"text-align: justify\"><strong>La performance de l&rsquo;atelier est en hausse depuis 4 mois cons\u00e9cutif<\/strong><\/p>\n<p style=\"text-align: justify\">Bravo aux \u00e9quipes pour ce travail collectif\u00a0 !<\/p>\n"}},{"acf_fc_layout":"text-image","--nav":{"-withNav":false,"-ancre":""},"--group":{"-image":{"ID":39980,"id":39980,"title":"20230221_151013","filename":"20230221_151013.jpg","filesize":1,"url":"https:\/\/cdn.bymycar.eu\/fr-webzine\/wp-content\/uploads\/medias\/20230221_151013.jpg","link":"https:\/\/www.bymycar.fr\/webzine\/la-concession-ford-a-venissieux-une-experience-positive\/20230221_151013-2\/","alt":"","author":"88","description":"","caption":"","name":"20230221_151013-2","status":"inherit","uploaded_to":39930,"date":"2023-02-28 09:09:01","modified":"2023-02-28 09:09:01","menu_order":0,"mime_type":"image\/jpeg","type":"image","subtype":"jpeg","icon":"https:\/\/www.bymycar.fr\/webzine\/wp-includes\/images\/media\/default.png","width":2560,"height":2080,"sizes":{"thumbnail":"https:\/\/cdn.bymycar.eu\/fr-webzine\/wp-content\/uploads\/medias\/20230221_151013-150x150.jpg","thumbnail-width":150,"thumbnail-height":150,"medium":"https:\/\/cdn.bymycar.eu\/fr-webzine\/wp-content\/uploads\/medias\/20230221_151013-300x244.jpg","medium-width":300,"medium-height":244,"medium_large":"https:\/\/cdn.bymycar.eu\/fr-webzine\/wp-content\/uploads\/medias\/20230221_151013-768x624.jpg","medium_large-width":768,"medium_large-height":624,"large":"https:\/\/cdn.bymycar.eu\/fr-webzine\/wp-content\/uploads\/medias\/20230221_151013-1024x832.jpg","large-width":1024,"large-height":832,"1536x1536":"https:\/\/cdn.bymycar.eu\/fr-webzine\/wp-content\/uploads\/medias\/20230221_151013-1536x1248.jpg","1536x1536-width":1536,"1536x1536-height":1248,"2048x2048":"https:\/\/cdn.bymycar.eu\/fr-webzine\/wp-content\/uploads\/medias\/20230221_151013-2048x1664.jpg","2048x2048-width":2048,"2048x2048-height":1664}},"-title":"","-text":"<p style=\"text-align: justify\"><strong><em>Le mot de la Directrice :<\/em> <\/strong><\/p>\n<p style=\"text-align: justify\">Pour moi, la clef de la r\u00e9ussite c&rsquo;est d&rsquo;y croire ! Soit on subit ces changements, soit on les prend comme une opportunit\u00e9. Personnellement j&rsquo;y ai tout de suite cru, alors j&rsquo;ai convaincu Eric, le chef d&rsquo;atelier, qu&rsquo;on se lance ensemble dans l&rsquo;aventure.<\/p>\n<p style=\"text-align: justify\">Aujourd&rsquo;hui les r\u00e9sultats sont l\u00e0, et nous en sommes fi\u00e8rs ! Le nouveau challenge est de poursuivre ces bonnes pratiques dans le temps. &#8211; <span style=\"font-size: 10pt;color: #333399\"><em>Mich\u00e8le Riethmuller, Directrice Ford V\u00e9nissieux\u00a0<\/em><\/span><\/p>\n"}}]},"add-carousel-to-footer":true},"yoast_head":"<!-- This site is optimized with the Yoast SEO Premium plugin v26.4 (Yoast SEO v26.4) - https:\/\/yoast.com\/wordpress\/plugins\/seo\/ -->\n<title>M\u00e9thode KAIZEN : une exp\u00e9rience r\u00e9ussie chez Ford \u00e0 V\u00e9nissieux<\/title>\n<meta name=\"robots\" content=\"index, follow, max-snippet:-1, max-image-preview:large, max-video-preview:-1\" \/>\n<link rel=\"canonical\" href=\"https:\/\/www.bymycar.fr\/webzine\/la-concession-ford-a-venissieux-une-experience-positive\/\" \/>\n<meta property=\"og:locale\" content=\"fr_FR\" \/>\n<meta property=\"og:type\" content=\"article\" \/>\n<meta property=\"og:title\" content=\"M\u00e9thode KAIZEN : une exp\u00e9rience r\u00e9ussie chez Ford \u00e0 V\u00e9nissieux\" \/>\n<meta property=\"og:url\" content=\"https:\/\/www.bymycar.fr\/webzine\/la-concession-ford-a-venissieux-une-experience-positive\/\" \/>\n<meta property=\"og:site_name\" content=\"Webzine auto BYmyCAR\" \/>\n<meta property=\"article:published_time\" content=\"2023-02-28T09:22:26+00:00\" \/>\n<meta property=\"article:modified_time\" content=\"2023-03-15T12:47:48+00:00\" \/>\n<meta property=\"og:image\" content=\"https:\/\/cdn.bymycar.eu\/fr-webzine\/wp-content\/uploads\/medias\/Sans-titre-54.png\" \/>\n\t<meta property=\"og:image:width\" content=\"1325\" \/>\n\t<meta property=\"og:image:height\" content=\"1739\" \/>\n\t<meta property=\"og:image:type\" content=\"image\/png\" \/>\n<meta name=\"author\" content=\"La R\u00e9daction BYmyCAR\" \/>\n<meta name=\"twitter:card\" content=\"summary_large_image\" \/>\n<meta name=\"twitter:label1\" content=\"\u00c9crit par\" \/>\n\t<meta name=\"twitter:data1\" content=\"La R\u00e9daction BYmyCAR\" \/>\n<script type=\"application\/ld+json\" class=\"yoast-schema-graph\">{\"@context\":\"https:\/\/schema.org\",\"@graph\":[{\"@type\":\"Article\",\"@id\":\"https:\/\/www.bymycar.fr\/webzine\/la-concession-ford-a-venissieux-une-experience-positive\/#article\",\"isPartOf\":{\"@id\":\"https:\/\/www.bymycar.fr\/webzine\/la-concession-ford-a-venissieux-une-experience-positive\/\"},\"author\":{\"name\":\"La R\u00e9daction BYmyCAR\",\"@id\":\"https:\/\/www.bymycar.fr\/webzine\/#\/schema\/person\/8d570fe11eb8929f06c1e6d00f4d9689\"},\"headline\":\"M\u00e9thode KAIZEN : une exp\u00e9rience r\u00e9ussie chez Ford \u00e0 V\u00e9nissieux\",\"datePublished\":\"2023-02-28T09:22:26+00:00\",\"dateModified\":\"2023-03-15T12:47:48+00:00\",\"mainEntityOfPage\":{\"@id\":\"https:\/\/www.bymycar.fr\/webzine\/la-concession-ford-a-venissieux-une-experience-positive\/\"},\"wordCount\":12,\"publisher\":{\"@id\":\"https:\/\/www.bymycar.fr\/webzine\/#organization\"},\"image\":{\"@id\":\"https:\/\/www.bymycar.fr\/webzine\/la-concession-ford-a-venissieux-une-experience-positive\/#primaryimage\"},\"thumbnailUrl\":\"https:\/\/cdn.bymycar.eu\/fr-webzine\/wp-content\/uploads\/medias\/Sans-titre-54.png\",\"articleSection\":[\"Actus RH BYmyCAR\",\"Ressources humaines\"],\"inLanguage\":\"fr-FR\"},{\"@type\":\"WebPage\",\"@id\":\"https:\/\/www.bymycar.fr\/webzine\/la-concession-ford-a-venissieux-une-experience-positive\/\",\"url\":\"https:\/\/www.bymycar.fr\/webzine\/la-concession-ford-a-venissieux-une-experience-positive\/\",\"name\":\"M\u00e9thode KAIZEN : une exp\u00e9rience r\u00e9ussie chez Ford \u00e0 V\u00e9nissieux\",\"isPartOf\":{\"@id\":\"https:\/\/www.bymycar.fr\/webzine\/#website\"},\"primaryImageOfPage\":{\"@id\":\"https:\/\/www.bymycar.fr\/webzine\/la-concession-ford-a-venissieux-une-experience-positive\/#primaryimage\"},\"image\":{\"@id\":\"https:\/\/www.bymycar.fr\/webzine\/la-concession-ford-a-venissieux-une-experience-positive\/#primaryimage\"},\"thumbnailUrl\":\"https:\/\/cdn.bymycar.eu\/fr-webzine\/wp-content\/uploads\/medias\/Sans-titre-54.png\",\"datePublished\":\"2023-02-28T09:22:26+00:00\",\"dateModified\":\"2023-03-15T12:47:48+00:00\",\"breadcrumb\":{\"@id\":\"https:\/\/www.bymycar.fr\/webzine\/la-concession-ford-a-venissieux-une-experience-positive\/#breadcrumb\"},\"inLanguage\":\"fr-FR\",\"potentialAction\":[{\"@type\":\"ReadAction\",\"target\":[\"https:\/\/www.bymycar.fr\/webzine\/la-concession-ford-a-venissieux-une-experience-positive\/\"]}]},{\"@type\":\"ImageObject\",\"inLanguage\":\"fr-FR\",\"@id\":\"https:\/\/www.bymycar.fr\/webzine\/la-concession-ford-a-venissieux-une-experience-positive\/#primaryimage\",\"url\":\"https:\/\/cdn.bymycar.eu\/fr-webzine\/wp-content\/uploads\/medias\/Sans-titre-54.png\",\"contentUrl\":\"https:\/\/cdn.bymycar.eu\/fr-webzine\/wp-content\/uploads\/medias\/Sans-titre-54.png\",\"width\":1325,\"height\":1739},{\"@type\":\"BreadcrumbList\",\"@id\":\"https:\/\/www.bymycar.fr\/webzine\/la-concession-ford-a-venissieux-une-experience-positive\/#breadcrumb\",\"itemListElement\":[{\"@type\":\"ListItem\",\"position\":1,\"name\":\"Accueil\",\"item\":\"https:\/\/www.bymycar.fr\/webzine\/\"},{\"@type\":\"ListItem\",\"position\":2,\"name\":\"M\u00e9thode KAIZEN : une exp\u00e9rience r\u00e9ussie chez Ford \u00e0 V\u00e9nissieux\"}]},{\"@type\":\"WebSite\",\"@id\":\"https:\/\/www.bymycar.fr\/webzine\/#website\",\"url\":\"https:\/\/www.bymycar.fr\/webzine\/\",\"name\":\"Webzine auto BYmyCAR\",\"description\":\"La magazine auto de BYmyCAR\",\"publisher\":{\"@id\":\"https:\/\/www.bymycar.fr\/webzine\/#organization\"},\"potentialAction\":[{\"@type\":\"SearchAction\",\"target\":{\"@type\":\"EntryPoint\",\"urlTemplate\":\"https:\/\/www.bymycar.fr\/webzine\/?s={search_term_string}\"},\"query-input\":{\"@type\":\"PropertyValueSpecification\",\"valueRequired\":true,\"valueName\":\"search_term_string\"}}],\"inLanguage\":\"fr-FR\"},{\"@type\":\"Organization\",\"@id\":\"https:\/\/www.bymycar.fr\/webzine\/#organization\",\"name\":\"BYmyCAR\",\"url\":\"https:\/\/www.bymycar.fr\/webzine\/\",\"logo\":{\"@type\":\"ImageObject\",\"inLanguage\":\"fr-FR\",\"@id\":\"https:\/\/www.bymycar.fr\/webzine\/#\/schema\/logo\/image\/\",\"url\":\"https:\/\/cdn.bymycar.eu\/fr-webzine\/wp-content\/uploads\/medias\/2017\/08\/logo_DEALER_00000406_001.png\",\"contentUrl\":\"https:\/\/cdn.bymycar.eu\/fr-webzine\/wp-content\/uploads\/medias\/2017\/08\/logo_DEALER_00000406_001.png\",\"width\":2132,\"height\":720,\"caption\":\"BYmyCAR\"},\"image\":{\"@id\":\"https:\/\/www.bymycar.fr\/webzine\/#\/schema\/logo\/image\/\"}},{\"@type\":\"Person\",\"@id\":\"https:\/\/www.bymycar.fr\/webzine\/#\/schema\/person\/8d570fe11eb8929f06c1e6d00f4d9689\",\"name\":\"La R\u00e9daction BYmyCAR\",\"image\":{\"@type\":\"ImageObject\",\"inLanguage\":\"fr-FR\",\"@id\":\"https:\/\/www.bymycar.fr\/webzine\/#\/schema\/person\/image\/\",\"url\":\"https:\/\/secure.gravatar.com\/avatar\/1aa6b039d0ce106989923af4e2d0f2a0c82bb070d5e449f1b9adf082a5863900?s=96&d=mm&r=g\",\"contentUrl\":\"https:\/\/secure.gravatar.com\/avatar\/1aa6b039d0ce106989923af4e2d0f2a0c82bb070d5e449f1b9adf082a5863900?s=96&d=mm&r=g\",\"caption\":\"La R\u00e9daction BYmyCAR\"},\"sameAs\":[\"https:\/\/www.bymycar.fr\/\"]}]}<\/script>\n<!-- \/ Yoast SEO Premium plugin. -->","yoast_head_json":{"title":"M\u00e9thode KAIZEN : une exp\u00e9rience r\u00e9ussie chez Ford \u00e0 V\u00e9nissieux","robots":{"index":"index","follow":"follow","max-snippet":"max-snippet:-1","max-image-preview":"max-image-preview:large","max-video-preview":"max-video-preview:-1"},"canonical":"https:\/\/www.bymycar.fr\/webzine\/la-concession-ford-a-venissieux-une-experience-positive\/","og_locale":"fr_FR","og_type":"article","og_title":"M\u00e9thode KAIZEN : une exp\u00e9rience r\u00e9ussie chez Ford \u00e0 V\u00e9nissieux","og_url":"https:\/\/www.bymycar.fr\/webzine\/la-concession-ford-a-venissieux-une-experience-positive\/","og_site_name":"Webzine auto BYmyCAR","article_published_time":"2023-02-28T09:22:26+00:00","article_modified_time":"2023-03-15T12:47:48+00:00","og_image":[{"width":1325,"height":1739,"url":"https:\/\/cdn.bymycar.eu\/fr-webzine\/wp-content\/uploads\/medias\/Sans-titre-54.png","type":"image\/png"}],"author":"La R\u00e9daction BYmyCAR","twitter_card":"summary_large_image","twitter_misc":{"\u00c9crit par":"La R\u00e9daction BYmyCAR"},"schema":{"@context":"https:\/\/schema.org","@graph":[{"@type":"Article","@id":"https:\/\/www.bymycar.fr\/webzine\/la-concession-ford-a-venissieux-une-experience-positive\/#article","isPartOf":{"@id":"https:\/\/www.bymycar.fr\/webzine\/la-concession-ford-a-venissieux-une-experience-positive\/"},"author":{"name":"La R\u00e9daction BYmyCAR","@id":"https:\/\/www.bymycar.fr\/webzine\/#\/schema\/person\/8d570fe11eb8929f06c1e6d00f4d9689"},"headline":"M\u00e9thode KAIZEN : une exp\u00e9rience r\u00e9ussie chez Ford \u00e0 V\u00e9nissieux","datePublished":"2023-02-28T09:22:26+00:00","dateModified":"2023-03-15T12:47:48+00:00","mainEntityOfPage":{"@id":"https:\/\/www.bymycar.fr\/webzine\/la-concession-ford-a-venissieux-une-experience-positive\/"},"wordCount":12,"publisher":{"@id":"https:\/\/www.bymycar.fr\/webzine\/#organization"},"image":{"@id":"https:\/\/www.bymycar.fr\/webzine\/la-concession-ford-a-venissieux-une-experience-positive\/#primaryimage"},"thumbnailUrl":"https:\/\/cdn.bymycar.eu\/fr-webzine\/wp-content\/uploads\/medias\/Sans-titre-54.png","articleSection":["Actus RH BYmyCAR","Ressources humaines"],"inLanguage":"fr-FR"},{"@type":"WebPage","@id":"https:\/\/www.bymycar.fr\/webzine\/la-concession-ford-a-venissieux-une-experience-positive\/","url":"https:\/\/www.bymycar.fr\/webzine\/la-concession-ford-a-venissieux-une-experience-positive\/","name":"M\u00e9thode KAIZEN : une exp\u00e9rience r\u00e9ussie chez Ford \u00e0 V\u00e9nissieux","isPartOf":{"@id":"https:\/\/www.bymycar.fr\/webzine\/#website"},"primaryImageOfPage":{"@id":"https:\/\/www.bymycar.fr\/webzine\/la-concession-ford-a-venissieux-une-experience-positive\/#primaryimage"},"image":{"@id":"https:\/\/www.bymycar.fr\/webzine\/la-concession-ford-a-venissieux-une-experience-positive\/#primaryimage"},"thumbnailUrl":"https:\/\/cdn.bymycar.eu\/fr-webzine\/wp-content\/uploads\/medias\/Sans-titre-54.png","datePublished":"2023-02-28T09:22:26+00:00","dateModified":"2023-03-15T12:47:48+00:00","breadcrumb":{"@id":"https:\/\/www.bymycar.fr\/webzine\/la-concession-ford-a-venissieux-une-experience-positive\/#breadcrumb"},"inLanguage":"fr-FR","potentialAction":[{"@type":"ReadAction","target":["https:\/\/www.bymycar.fr\/webzine\/la-concession-ford-a-venissieux-une-experience-positive\/"]}]},{"@type":"ImageObject","inLanguage":"fr-FR","@id":"https:\/\/www.bymycar.fr\/webzine\/la-concession-ford-a-venissieux-une-experience-positive\/#primaryimage","url":"https:\/\/cdn.bymycar.eu\/fr-webzine\/wp-content\/uploads\/medias\/Sans-titre-54.png","contentUrl":"https:\/\/cdn.bymycar.eu\/fr-webzine\/wp-content\/uploads\/medias\/Sans-titre-54.png","width":1325,"height":1739},{"@type":"BreadcrumbList","@id":"https:\/\/www.bymycar.fr\/webzine\/la-concession-ford-a-venissieux-une-experience-positive\/#breadcrumb","itemListElement":[{"@type":"ListItem","position":1,"name":"Accueil","item":"https:\/\/www.bymycar.fr\/webzine\/"},{"@type":"ListItem","position":2,"name":"M\u00e9thode KAIZEN : une exp\u00e9rience r\u00e9ussie chez Ford \u00e0 V\u00e9nissieux"}]},{"@type":"WebSite","@id":"https:\/\/www.bymycar.fr\/webzine\/#website","url":"https:\/\/www.bymycar.fr\/webzine\/","name":"Webzine auto BYmyCAR","description":"La magazine auto de BYmyCAR","publisher":{"@id":"https:\/\/www.bymycar.fr\/webzine\/#organization"},"potentialAction":[{"@type":"SearchAction","target":{"@type":"EntryPoint","urlTemplate":"https:\/\/www.bymycar.fr\/webzine\/?s={search_term_string}"},"query-input":{"@type":"PropertyValueSpecification","valueRequired":true,"valueName":"search_term_string"}}],"inLanguage":"fr-FR"},{"@type":"Organization","@id":"https:\/\/www.bymycar.fr\/webzine\/#organization","name":"BYmyCAR","url":"https:\/\/www.bymycar.fr\/webzine\/","logo":{"@type":"ImageObject","inLanguage":"fr-FR","@id":"https:\/\/www.bymycar.fr\/webzine\/#\/schema\/logo\/image\/","url":"https:\/\/cdn.bymycar.eu\/fr-webzine\/wp-content\/uploads\/medias\/2017\/08\/logo_DEALER_00000406_001.png","contentUrl":"https:\/\/cdn.bymycar.eu\/fr-webzine\/wp-content\/uploads\/medias\/2017\/08\/logo_DEALER_00000406_001.png","width":2132,"height":720,"caption":"BYmyCAR"},"image":{"@id":"https:\/\/www.bymycar.fr\/webzine\/#\/schema\/logo\/image\/"}},{"@type":"Person","@id":"https:\/\/www.bymycar.fr\/webzine\/#\/schema\/person\/8d570fe11eb8929f06c1e6d00f4d9689","name":"La R\u00e9daction BYmyCAR","image":{"@type":"ImageObject","inLanguage":"fr-FR","@id":"https:\/\/www.bymycar.fr\/webzine\/#\/schema\/person\/image\/","url":"https:\/\/secure.gravatar.com\/avatar\/1aa6b039d0ce106989923af4e2d0f2a0c82bb070d5e449f1b9adf082a5863900?s=96&d=mm&r=g","contentUrl":"https:\/\/secure.gravatar.com\/avatar\/1aa6b039d0ce106989923af4e2d0f2a0c82bb070d5e449f1b9adf082a5863900?s=96&d=mm&r=g","caption":"La R\u00e9daction BYmyCAR"},"sameAs":["https:\/\/www.bymycar.fr\/"]}]}},"_links":{"self":[{"href":"https:\/\/www.bymycar.fr\/webzine\/wp-json\/wp\/v2\/posts\/39930","targetHints":{"allow":["GET"]}}],"collection":[{"href":"https:\/\/www.bymycar.fr\/webzine\/wp-json\/wp\/v2\/posts"}],"about":[{"href":"https:\/\/www.bymycar.fr\/webzine\/wp-json\/wp\/v2\/types\/post"}],"author":[{"embeddable":true,"href":"https:\/\/www.bymycar.fr\/webzine\/wp-json\/wp\/v2\/users\/88"}],"replies":[{"embeddable":true,"href":"https:\/\/www.bymycar.fr\/webzine\/wp-json\/wp\/v2\/comments?post=39930"}],"version-history":[{"count":39,"href":"https:\/\/www.bymycar.fr\/webzine\/wp-json\/wp\/v2\/posts\/39930\/revisions"}],"predecessor-version":[{"id":40117,"href":"https:\/\/www.bymycar.fr\/webzine\/wp-json\/wp\/v2\/posts\/39930\/revisions\/40117"}],"wp:featuredmedia":[{"embeddable":true,"href":"https:\/\/www.bymycar.fr\/webzine\/wp-json\/wp\/v2\/media\/40004"}],"wp:attachment":[{"href":"https:\/\/www.bymycar.fr\/webzine\/wp-json\/wp\/v2\/media?parent=39930"}],"wp:term":[{"taxonomy":"category","embeddable":true,"href":"https:\/\/www.bymycar.fr\/webzine\/wp-json\/wp\/v2\/categories?post=39930"},{"taxonomy":"post_tag","embeddable":true,"href":"https:\/\/www.bymycar.fr\/webzine\/wp-json\/wp\/v2\/tags?post=39930"}],"curies":[{"name":"wp","href":"https:\/\/api.w.org\/{rel}","templated":true}]}}