{"id":39389,"date":"2023-01-20T11:50:58","date_gmt":"2023-01-20T10:50:58","guid":{"rendered":"https:\/\/prod.bymycar.fr\/webzine\/?p=39389"},"modified":"2025-01-28T15:12:54","modified_gmt":"2025-01-28T14:12:54","slug":"djawad-responsable-administratif-et-financier-sur-le-terrain","status":"publish","type":"post","link":"https:\/\/www.bymycar.fr\/webzine\/djawad-responsable-administratif-et-financier-sur-le-terrain\/","title":{"rendered":"Djawad, responsable administratif et financier sur le terrain !"},"content":{"rendered":"","protected":false},"excerpt":{"rendered":"","protected":false},"author":88,"featured_media":39471,"comment_status":"closed","ping_status":"open","sticky":false,"template":"","format":"standard","meta":{"_acf_changed":false,"footnotes":""},"categories":[2852,1643],"tags":[],"class_list":["post-39389","post","type-post","status-publish","format-standard","has-post-thumbnail","hentry","category-actus-rh","category-ressources-humaines"],"acf":{"template":"classique","introduction":"<p>Nous ne parlons pas souvent d&rsquo;eux, mais ils sont des acteurs incontournables des concessions automobiles : les membres des services comptables. Nous avons donn\u00e9 rendez-vous \u00e0 Djawad, responsable administratif et financier de la r\u00e9gion BYmyCAR C\u00f4te d&rsquo;Azur, pour nous parler de son m\u00e9tier.<\/p>\n","strates":[{"type_strate":"50-50-image-texte-full","ancre":"","contenu":"<p><strong>Djawad, peux-tu te pr\u00e9senter ?\u00a0<\/strong><\/p>\n<p>Absolument ! J&rsquo;ai 55 ans et je suis un natif du sud de la France. Je travaille dans le secteur automobile depuis des ann\u00e9es, auparavant chez Renault Retail Group ou encore dans le Groupe Volkswagen et je suis arriv\u00e9 dans l&rsquo;entreprise BYmyCAR il y a maintenant 11 mois. Mon p\u00e9rim\u00e8tre comprend les soci\u00e9t\u00e9s Ford, Mercedes et Nissan de la r\u00e9gion Ni\u00e7oise.<\/p>\n","titre":"pr\u00e9sentation","image":false,"image_libre":false,"image_800x500":{"ID":39481,"id":39481,"title":"Sans titre (47)","filename":"Sans-titre-47.png","filesize":1,"url":"https:\/\/cdn.bymycar.eu\/fr-webzine\/wp-content\/uploads\/medias\/Sans-titre-47.png","link":"https:\/\/www.bymycar.fr\/webzine\/djawad-responsable-administratif-et-financier-sur-le-terrain\/sans-titre-47\/","alt":"","author":"88","description":"","caption":"","name":"sans-titre-47","status":"inherit","uploaded_to":39389,"date":"2023-01-30 11:19:24","modified":"2023-01-30 11:19:24","menu_order":0,"mime_type":"image\/png","type":"image","subtype":"png","icon":"https:\/\/www.bymycar.fr\/webzine\/wp-includes\/images\/media\/default.png","width":1500,"height":1500,"sizes":{"thumbnail":"https:\/\/cdn.bymycar.eu\/fr-webzine\/wp-content\/uploads\/medias\/Sans-titre-47-150x150.png","thumbnail-width":150,"thumbnail-height":150,"medium":"https:\/\/cdn.bymycar.eu\/fr-webzine\/wp-content\/uploads\/medias\/Sans-titre-47-300x300.png","medium-width":300,"medium-height":300,"medium_large":"https:\/\/cdn.bymycar.eu\/fr-webzine\/wp-content\/uploads\/medias\/Sans-titre-47-768x768.png","medium_large-width":768,"medium_large-height":768,"large":"https:\/\/cdn.bymycar.eu\/fr-webzine\/wp-content\/uploads\/medias\/Sans-titre-47-1024x1024.png","large-width":1024,"large-height":1024,"1536x1536":"https:\/\/cdn.bymycar.eu\/fr-webzine\/wp-content\/uploads\/medias\/Sans-titre-47.png","1536x1536-width":1500,"1536x1536-height":1500,"2048x2048":"https:\/\/cdn.bymycar.eu\/fr-webzine\/wp-content\/uploads\/medias\/Sans-titre-47.png","2048x2048-width":1500,"2048x2048-height":1500}},"legende":"","zoom":false,"texte":"<p><strong>Djawad, peux-tu te pr\u00e9senter ?\u00a0<\/strong><\/p>\n<p>Absolument ! J&rsquo;ai 55 ans et je suis un natif du sud de la France. Je travaille dans le secteur automobile depuis des ann\u00e9es, auparavant chez Renault Retail Group ou encore dans le Groupe Volkswagen et je suis arriv\u00e9 dans l&rsquo;entreprise BYmyCAR il y a maintenant 11 mois. Mon p\u00e9rim\u00e8tre comprend les soci\u00e9t\u00e9s Ford, Mercedes et Nissan de la r\u00e9gion Ni\u00e7oise.<\/p>\n","articles":false,"categorie_droite":false,"images":false,"elements_comparatif":false,"texte_1":"","texte_2":"","image_1":false,"image_1_563x400":false,"image_1_332x332":false,"image_2":false,"image_2_333x240":false,"image_2_563x400":false,"image_3":false,"image_3_333x240":false,"image_3_332x450":false,"image_4":false,"image_4_332x332":false,"image_4_563x400":false,"code_embed":"","legende_video":"","photo":false,"photo_100x100":false,"nom":"","fonction":"","elements_timeline":false,"entetes_colonnes":false,"entetes_lignes":false,"lignes":false,"introduction":"","formulaire":false,"question":"","reponse":"","libelle_bouton_lien":"","url_lien":"","questions":false,"conclusions":false,"pays":false,"region":false,"marque":false,"marqueConcessions":false,"modele":false,"ptvente":false,"typeV":false,"collection":false,"nombre_maximum_elements":10,"lien_fin_carousel":"","texte_lien_fin_carousel":"","trier_par":false},{"type_strate":"texte-simple","ancre":"","contenu":"<p><strong>En quoi consistent tes missions ?\u00a0<\/strong><\/p>\n<p>Avant de les pr\u00e9ciser, je souhaite souligner l&rsquo;aspect polyvalent de mon poste qui rend mon m\u00e9tier plaisant au quotidien !\u00a0 Mes missions comprennent :<\/p>\n<ul>\n<li>Pilotage de l&rsquo;activit\u00e9 comptable et financi\u00e8re des soci\u00e9t\u00e9s<\/li>\n<li>Analyse et gestion de la tr\u00e9sorerie<\/li>\n<li>Garantir les remont\u00e9es mensuelles des comptes aupr\u00e8s de la direction et des \u00e9quipes<\/li>\n<li>Manager et coordonner les \u00e9quipes comptables des 3 marques qui compte 10 personnes.<\/li>\n<\/ul>\n<p>Mais au-del\u00e0 de mes missions, c&rsquo;est aussi mon r\u00f4le de rassurer et guider mes \u00e9quipes sur toutes ses questions financi\u00e8res et administratives.<\/p>\n<p>Pour finir, je suis \u00e9galement le r\u00e9f\u00e9rent <em>compliance <\/em>de mon p\u00e9rim\u00e8tre : je fais respecter le cadre \u00e9thique et les r\u00e8gles individuelles et collectives de l&rsquo;entreprise.<\/p>\n","titre":"missions","image":false,"image_libre":false,"image_800x500":false,"legende":"","zoom":false,"texte":"","articles":false,"categorie_droite":false,"images":false,"elements_comparatif":false,"texte_1":"","texte_2":"","image_1":false,"image_1_563x400":false,"image_1_332x332":false,"image_2":false,"image_2_333x240":false,"image_2_563x400":false,"image_3":false,"image_3_333x240":false,"image_3_332x450":false,"image_4":false,"image_4_332x332":false,"image_4_563x400":false,"code_embed":"","legende_video":"","photo":false,"photo_100x100":false,"nom":"","fonction":"","elements_timeline":false,"entetes_colonnes":false,"entetes_lignes":false,"lignes":false,"introduction":"","formulaire":false,"question":"","reponse":"","libelle_bouton_lien":"","url_lien":"","questions":false,"conclusions":false,"pays":false,"region":false,"marque":false,"marqueConcessions":false,"modele":false,"ptvente":false,"typeV":false,"collection":false,"nombre_maximum_elements":10,"lien_fin_carousel":"","texte_lien_fin_carousel":"","trier_par":false},{"type_strate":"citation","ancre":"","contenu":"","titre":"","image":false,"image_libre":false,"image_800x500":false,"legende":"","zoom":false,"texte":"<p>V\u00e9ritable relai d&rsquo;information sur la tr\u00e9sorerie et les budgets, il est important pour moi d&rsquo;\u00eatre proche du terrain pour travailler en collaboration avec les \u00e9quipes et managers des concessions.<\/p>\n","articles":false,"categorie_droite":false,"images":false,"elements_comparatif":false,"texte_1":"","texte_2":"","image_1":false,"image_1_563x400":false,"image_1_332x332":false,"image_2":false,"image_2_333x240":false,"image_2_563x400":false,"image_3":false,"image_3_333x240":false,"image_3_332x450":false,"image_4":false,"image_4_332x332":false,"image_4_563x400":false,"code_embed":"","legende_video":"","photo":false,"photo_100x100":false,"nom":"","fonction":"","elements_timeline":false,"entetes_colonnes":false,"entetes_lignes":false,"lignes":false,"introduction":"","formulaire":false,"question":"","reponse":"","libelle_bouton_lien":"","url_lien":"","questions":false,"conclusions":false,"pays":false,"region":false,"marque":false,"marqueConcessions":false,"modele":false,"ptvente":false,"typeV":false,"collection":false,"nombre_maximum_elements":10,"lien_fin_carousel":"","texte_lien_fin_carousel":"","trier_par":false},{"type_strate":"50-50-image-texte-full","ancre":"","contenu":"<p><strong>Qu&rsquo;est-ce qui te pla\u00eet dans l&rsquo;environnement BYmyCAR ?\u00a0<\/strong><\/p>\n<p>Je dirai le lien op\u00e9rationnel en premier ! Mais aussi le challenge que requi\u00e8re cette entreprise : celui d&rsquo;\u00eatre sur le suivi d&rsquo;activit\u00e9s vari\u00e9es (commerce, apr\u00e8s-vente, location&#8230;), des marques diff\u00e9rentes mais aussi, tous les nouveaux d\u00e9fis que rel\u00e8ve l&rsquo;automobile.<\/p>\n<p>J&rsquo;aime le contact avec les managers. Chaque mois, dans le cadre des comit\u00e9s de gestion, je remonte les chiffres clefs pour faire un point sur les rentabilit\u00e9s ou les actions correctrices \u00e0 mener ensemble.<\/p>\n<p>&nbsp;<\/p>\n","titre":"environnement","image":false,"image_libre":false,"image_800x500":{"ID":39471,"id":39471,"title":"Djawad","filename":"Djawad.jpg","filesize":1,"url":"https:\/\/cdn.bymycar.eu\/fr-webzine\/wp-content\/uploads\/medias\/Djawad.jpg","link":"https:\/\/www.bymycar.fr\/webzine\/djawad-responsable-administratif-et-financier-sur-le-terrain\/djawad-2\/","alt":"","author":"88","description":"","caption":"","name":"djawad-2","status":"inherit","uploaded_to":39389,"date":"2023-01-30 11:00:56","modified":"2023-01-30 11:00:56","menu_order":0,"mime_type":"image\/jpeg","type":"image","subtype":"jpeg","icon":"https:\/\/www.bymycar.fr\/webzine\/wp-includes\/images\/media\/default.png","width":1200,"height":1600,"sizes":{"thumbnail":"https:\/\/cdn.bymycar.eu\/fr-webzine\/wp-content\/uploads\/medias\/Djawad-150x150.jpg","thumbnail-width":150,"thumbnail-height":150,"medium":"https:\/\/cdn.bymycar.eu\/fr-webzine\/wp-content\/uploads\/medias\/Djawad-225x300.jpg","medium-width":225,"medium-height":300,"medium_large":"https:\/\/cdn.bymycar.eu\/fr-webzine\/wp-content\/uploads\/medias\/Djawad-768x1024.jpg","medium_large-width":768,"medium_large-height":1024,"large":"https:\/\/cdn.bymycar.eu\/fr-webzine\/wp-content\/uploads\/medias\/Djawad-768x1024.jpg","large-width":768,"large-height":1024,"1536x1536":"https:\/\/cdn.bymycar.eu\/fr-webzine\/wp-content\/uploads\/medias\/Djawad-1152x1536.jpg","1536x1536-width":1152,"1536x1536-height":1536,"2048x2048":"https:\/\/cdn.bymycar.eu\/fr-webzine\/wp-content\/uploads\/medias\/Djawad.jpg","2048x2048-width":1200,"2048x2048-height":1600}},"legende":"","zoom":false,"texte":"<p><strong>Qu&rsquo;est-ce qui te pla\u00eet dans l&rsquo;environnement BYmyCAR ?\u00a0<\/strong><\/p>\n<p>Je dirai le lien op\u00e9rationnel en premier ! Mais aussi le challenge que requi\u00e8re cette entreprise : celui d&rsquo;\u00eatre sur le suivi d&rsquo;activit\u00e9s vari\u00e9es (commerce, apr\u00e8s-vente, location&#8230;), des marques diff\u00e9rentes mais aussi, tous les nouveaux d\u00e9fis que rel\u00e8ve l&rsquo;automobile.<\/p>\n<p>J&rsquo;aime le contact avec les managers. Chaque mois, dans le cadre des comit\u00e9s de gestion, je remonte les chiffres clefs pour faire un point sur les rentabilit\u00e9s ou les actions correctrices \u00e0 mener ensemble.<\/p>\n","articles":false,"categorie_droite":false,"images":false,"elements_comparatif":false,"texte_1":"","texte_2":"","image_1":false,"image_1_563x400":false,"image_1_332x332":false,"image_2":false,"image_2_333x240":false,"image_2_563x400":false,"image_3":false,"image_3_333x240":false,"image_3_332x450":false,"image_4":false,"image_4_332x332":false,"image_4_563x400":false,"code_embed":"","legende_video":"","photo":false,"photo_100x100":false,"nom":"","fonction":"","elements_timeline":false,"entetes_colonnes":false,"entetes_lignes":false,"lignes":false,"introduction":"","formulaire":false,"question":"","reponse":"","libelle_bouton_lien":"","url_lien":"","questions":false,"conclusions":false,"pays":false,"region":false,"marque":false,"marqueConcessions":false,"modele":false,"ptvente":false,"typeV":false,"collection":false,"nombre_maximum_elements":10,"lien_fin_carousel":"","texte_lien_fin_carousel":"","trier_par":false},{"type_strate":"texte-simple","ancre":"","contenu":"<p><strong>Pour finir, si tu devais donner un conseil pour \u00e9voluer dans le Groupe ?\u00a0<\/strong><\/p>\n<p>Bienveillance, curiosit\u00e9 et ouverture d&rsquo;esprit sont les clefs pour s&rsquo;y plaire. BYmyCAR fait confiance et donne les clefs pour grandir professionnellement. Apr\u00e8s 11 mois, j&rsquo;ai l&rsquo;impression d&rsquo;\u00eatre ici depuis des ann\u00e9es. Je suis reconnu par ma hi\u00e9rarchie et c&rsquo;est gratifiant.<\/p>\n","titre":"conseil","image":false,"image_libre":false,"image_800x500":false,"legende":"","zoom":false,"texte":"","articles":false,"categorie_droite":false,"images":false,"elements_comparatif":false,"texte_1":"","texte_2":"","image_1":false,"image_1_563x400":false,"image_1_332x332":false,"image_2":false,"image_2_333x240":false,"image_2_563x400":false,"image_3":false,"image_3_333x240":false,"image_3_332x450":false,"image_4":false,"image_4_332x332":false,"image_4_563x400":false,"code_embed":"","legende_video":"","photo":false,"photo_100x100":false,"nom":"","fonction":"","elements_timeline":false,"entetes_colonnes":false,"entetes_lignes":false,"lignes":false,"introduction":"","formulaire":false,"question":"","reponse":"","libelle_bouton_lien":"","url_lien":"","questions":false,"conclusions":false,"pays":false,"region":false,"marque":false,"marqueConcessions":false,"modele":false,"ptvente":false,"typeV":false,"collection":false,"nombre_maximum_elements":10,"lien_fin_carousel":"","texte_lien_fin_carousel":"","trier_par":false},{"type_strate":"citation","ancre":"","contenu":"","titre":"","image":false,"image_libre":false,"image_800x500":false,"legende":"","zoom":false,"texte":"<p>Je ne suis pas fan du clich\u00e9 : comptable en costard gris qui reste dans son bureau !<\/p>\n","articles":false,"categorie_droite":false,"images":false,"elements_comparatif":false,"texte_1":"","texte_2":"","image_1":false,"image_1_563x400":false,"image_1_332x332":false,"image_2":false,"image_2_333x240":false,"image_2_563x400":false,"image_3":false,"image_3_333x240":false,"image_3_332x450":false,"image_4":false,"image_4_332x332":false,"image_4_563x400":false,"code_embed":"","legende_video":"","photo":false,"photo_100x100":false,"nom":"","fonction":"","elements_timeline":false,"entetes_colonnes":false,"entetes_lignes":false,"lignes":false,"introduction":"","formulaire":false,"question":"","reponse":"","libelle_bouton_lien":"","url_lien":"","questions":false,"conclusions":false,"pays":false,"region":false,"marque":false,"marqueConcessions":false,"modele":false,"ptvente":false,"typeV":false,"collection":false,"nombre_maximum_elements":10,"lien_fin_carousel":"","texte_lien_fin_carousel":"","trier_par":false}],"is_old_post":false,"image":{"ID":39471,"id":39471,"title":"Djawad","filename":"Djawad.jpg","filesize":1,"url":"https:\/\/cdn.bymycar.eu\/fr-webzine\/wp-content\/uploads\/medias\/Djawad.jpg","link":"https:\/\/www.bymycar.fr\/webzine\/djawad-responsable-administratif-et-financier-sur-le-terrain\/djawad-2\/","alt":"","author":"88","description":"","caption":"","name":"djawad-2","status":"inherit","uploaded_to":39389,"date":"2023-01-30 11:00:56","modified":"2023-01-30 11:00:56","menu_order":0,"mime_type":"image\/jpeg","type":"image","subtype":"jpeg","icon":"https:\/\/www.bymycar.fr\/webzine\/wp-includes\/images\/media\/default.png","width":1200,"height":1600,"sizes":{"thumbnail":"https:\/\/cdn.bymycar.eu\/fr-webzine\/wp-content\/uploads\/medias\/Djawad-150x150.jpg","thumbnail-width":150,"thumbnail-height":150,"medium":"https:\/\/cdn.bymycar.eu\/fr-webzine\/wp-content\/uploads\/medias\/Djawad-225x300.jpg","medium-width":225,"medium-height":300,"medium_large":"https:\/\/cdn.bymycar.eu\/fr-webzine\/wp-content\/uploads\/medias\/Djawad-768x1024.jpg","medium_large-width":768,"medium_large-height":1024,"large":"https:\/\/cdn.bymycar.eu\/fr-webzine\/wp-content\/uploads\/medias\/Djawad-768x1024.jpg","large-width":768,"large-height":1024,"1536x1536":"https:\/\/cdn.bymycar.eu\/fr-webzine\/wp-content\/uploads\/medias\/Djawad-1152x1536.jpg","1536x1536-width":1152,"1536x1536-height":1536,"2048x2048":"https:\/\/cdn.bymycar.eu\/fr-webzine\/wp-content\/uploads\/medias\/Djawad.jpg","2048x2048-width":1200,"2048x2048-height":1600}},"page_content":{"block_content":[{"acf_fc_layout":"text-image","--nav":{"-withNav":false,"-ancre":""},"--group":{"-image":{"ID":39481,"id":39481,"title":"Sans titre (47)","filename":"Sans-titre-47.png","filesize":1,"url":"https:\/\/cdn.bymycar.eu\/fr-webzine\/wp-content\/uploads\/medias\/Sans-titre-47.png","link":"https:\/\/www.bymycar.fr\/webzine\/djawad-responsable-administratif-et-financier-sur-le-terrain\/sans-titre-47\/","alt":"","author":"88","description":"","caption":"","name":"sans-titre-47","status":"inherit","uploaded_to":39389,"date":"2023-01-30 11:19:24","modified":"2023-01-30 11:19:24","menu_order":0,"mime_type":"image\/png","type":"image","subtype":"png","icon":"https:\/\/www.bymycar.fr\/webzine\/wp-includes\/images\/media\/default.png","width":1500,"height":1500,"sizes":{"thumbnail":"https:\/\/cdn.bymycar.eu\/fr-webzine\/wp-content\/uploads\/medias\/Sans-titre-47-150x150.png","thumbnail-width":150,"thumbnail-height":150,"medium":"https:\/\/cdn.bymycar.eu\/fr-webzine\/wp-content\/uploads\/medias\/Sans-titre-47-300x300.png","medium-width":300,"medium-height":300,"medium_large":"https:\/\/cdn.bymycar.eu\/fr-webzine\/wp-content\/uploads\/medias\/Sans-titre-47-768x768.png","medium_large-width":768,"medium_large-height":768,"large":"https:\/\/cdn.bymycar.eu\/fr-webzine\/wp-content\/uploads\/medias\/Sans-titre-47-1024x1024.png","large-width":1024,"large-height":1024,"1536x1536":"https:\/\/cdn.bymycar.eu\/fr-webzine\/wp-content\/uploads\/medias\/Sans-titre-47.png","1536x1536-width":1500,"1536x1536-height":1500,"2048x2048":"https:\/\/cdn.bymycar.eu\/fr-webzine\/wp-content\/uploads\/medias\/Sans-titre-47.png","2048x2048-width":1500,"2048x2048-height":1500}},"-title":"","-text":"<p><strong>Djawad, peux-tu te pr\u00e9senter ?\u00a0<\/strong><\/p>\n<p>Absolument ! J&rsquo;ai 55 ans et je suis un natif du sud de la France. Je travaille dans le secteur automobile depuis des ann\u00e9es, auparavant chez Renault Retail Group ou encore dans le Groupe Volkswagen et je suis arriv\u00e9 dans l&rsquo;entreprise BYmyCAR il y a maintenant 11 mois. Mon p\u00e9rim\u00e8tre comprend les soci\u00e9t\u00e9s Ford, Mercedes et Nissan de la r\u00e9gion Ni\u00e7oise.<\/p>\n"}},{"acf_fc_layout":"text-simple","--nav":{"-withNav":false,"-ancre":""},"--group":{"-text":"<p><strong>En quoi consistent tes missions ?\u00a0<\/strong><\/p>\n<p>Avant de les pr\u00e9ciser, je souhaite souligner l&rsquo;aspect polyvalent de mon poste qui rend mon m\u00e9tier plaisant au quotidien !\u00a0 Mes missions comprennent :<\/p>\n<ul>\n<li>Pilotage de l&rsquo;activit\u00e9 comptable et financi\u00e8re des soci\u00e9t\u00e9s<\/li>\n<li>Analyse et gestion de la tr\u00e9sorerie<\/li>\n<li>Garantir les remont\u00e9es mensuelles des comptes aupr\u00e8s de la direction et des \u00e9quipes<\/li>\n<li>Manager et coordonner les \u00e9quipes comptables des 3 marques qui compte 10 personnes.<\/li>\n<\/ul>\n<p>Mais au-del\u00e0 de mes missions, c&rsquo;est aussi mon r\u00f4le de rassurer et guider mes \u00e9quipes sur toutes ses questions financi\u00e8res et administratives.<\/p>\n<p>Pour finir, je suis \u00e9galement le r\u00e9f\u00e9rent <em>compliance <\/em>de mon p\u00e9rim\u00e8tre : je fais respecter le cadre \u00e9thique et les r\u00e8gles individuelles et collectives de l&rsquo;entreprise.<\/p>\n"}},{"acf_fc_layout":"citation","--nav":{"-withNav":false,"-ancre":""},"--group":{"-citation":"V\u00e9ritable relai d&rsquo;information sur la tr\u00e9sorerie et les budgets, il est important pour moi d&rsquo;\u00eatre proche du terrain pour travailler en collaboration avec les \u00e9quipes et managers des concessions.<br \/>\n","-image":false,"-nom":"","-function":""}},{"acf_fc_layout":"text-image","--nav":{"-withNav":false,"-ancre":""},"--group":{"-image":{"ID":39471,"id":39471,"title":"Djawad","filename":"Djawad.jpg","filesize":1,"url":"https:\/\/cdn.bymycar.eu\/fr-webzine\/wp-content\/uploads\/medias\/Djawad.jpg","link":"https:\/\/www.bymycar.fr\/webzine\/djawad-responsable-administratif-et-financier-sur-le-terrain\/djawad-2\/","alt":"","author":"88","description":"","caption":"","name":"djawad-2","status":"inherit","uploaded_to":39389,"date":"2023-01-30 11:00:56","modified":"2023-01-30 11:00:56","menu_order":0,"mime_type":"image\/jpeg","type":"image","subtype":"jpeg","icon":"https:\/\/www.bymycar.fr\/webzine\/wp-includes\/images\/media\/default.png","width":1200,"height":1600,"sizes":{"thumbnail":"https:\/\/cdn.bymycar.eu\/fr-webzine\/wp-content\/uploads\/medias\/Djawad-150x150.jpg","thumbnail-width":150,"thumbnail-height":150,"medium":"https:\/\/cdn.bymycar.eu\/fr-webzine\/wp-content\/uploads\/medias\/Djawad-225x300.jpg","medium-width":225,"medium-height":300,"medium_large":"https:\/\/cdn.bymycar.eu\/fr-webzine\/wp-content\/uploads\/medias\/Djawad-768x1024.jpg","medium_large-width":768,"medium_large-height":1024,"large":"https:\/\/cdn.bymycar.eu\/fr-webzine\/wp-content\/uploads\/medias\/Djawad-768x1024.jpg","large-width":768,"large-height":1024,"1536x1536":"https:\/\/cdn.bymycar.eu\/fr-webzine\/wp-content\/uploads\/medias\/Djawad-1152x1536.jpg","1536x1536-width":1152,"1536x1536-height":1536,"2048x2048":"https:\/\/cdn.bymycar.eu\/fr-webzine\/wp-content\/uploads\/medias\/Djawad.jpg","2048x2048-width":1200,"2048x2048-height":1600}},"-title":"","-text":"<p><strong>Qu&rsquo;est-ce qui te pla\u00eet dans l&rsquo;environnement BYmyCAR ?\u00a0<\/strong><\/p>\n<p>Je dirai le lien op\u00e9rationnel en premier ! Mais aussi le challenge que requi\u00e8re cette entreprise : celui d&rsquo;\u00eatre sur le suivi d&rsquo;activit\u00e9s vari\u00e9es (commerce, apr\u00e8s-vente, location&#8230;), des marques diff\u00e9rentes mais aussi, tous les nouveaux d\u00e9fis que rel\u00e8ve l&rsquo;automobile.<\/p>\n<p>J&rsquo;aime le contact avec les managers. Chaque mois, dans le cadre des comit\u00e9s de gestion, je remonte les chiffres clefs pour faire un point sur les rentabilit\u00e9s ou les actions correctrices \u00e0 mener ensemble.<\/p>\n"}},{"acf_fc_layout":"text-simple","--nav":{"-withNav":false,"-ancre":""},"--group":{"-text":"<p><strong>Pour finir, si tu devais donner un conseil pour \u00e9voluer dans le Groupe ?\u00a0<\/strong><\/p>\n<p>Bienveillance, curiosit\u00e9 et ouverture d&rsquo;esprit sont les clefs pour s&rsquo;y plaire. BYmyCAR fait confiance et donne les clefs pour grandir professionnellement. Apr\u00e8s 11 mois, j&rsquo;ai l&rsquo;impression d&rsquo;\u00eatre ici depuis des ann\u00e9es. Je suis reconnu par ma hi\u00e9rarchie et c&rsquo;est gratifiant.<\/p>\n"}},{"acf_fc_layout":"citation","--nav":{"-withNav":false,"-ancre":""},"--group":{"-citation":"Je ne suis pas fan du clich\u00e9 : comptable en costard gris qui reste dans son bureau !<br \/>\n","-image":false,"-nom":"","-function":""}}]},"add-carousel-to-footer":true},"yoast_head":"<!-- This site is optimized with the Yoast SEO Premium plugin v26.4 (Yoast SEO v26.4) - https:\/\/yoast.com\/wordpress\/plugins\/seo\/ -->\n<title>Djawad, responsable administratif et financier sur le terrain !<\/title>\n<meta name=\"robots\" content=\"index, follow, max-snippet:-1, max-image-preview:large, max-video-preview:-1\" \/>\n<link rel=\"canonical\" href=\"https:\/\/www.bymycar.fr\/webzine\/djawad-responsable-administratif-et-financier-sur-le-terrain\/\" \/>\n<meta property=\"og:locale\" content=\"fr_FR\" \/>\n<meta property=\"og:type\" content=\"article\" \/>\n<meta property=\"og:title\" content=\"Djawad, responsable administratif et financier sur le terrain !\" \/>\n<meta property=\"og:url\" content=\"https:\/\/www.bymycar.fr\/webzine\/djawad-responsable-administratif-et-financier-sur-le-terrain\/\" \/>\n<meta property=\"og:site_name\" content=\"Webzine auto BYmyCAR\" \/>\n<meta property=\"article:published_time\" content=\"2023-01-20T10:50:58+00:00\" \/>\n<meta property=\"article:modified_time\" content=\"2025-01-28T14:12:54+00:00\" \/>\n<meta property=\"og:image\" content=\"https:\/\/cdn.bymycar.eu\/fr-webzine\/wp-content\/uploads\/medias\/Djawad.jpg\" \/>\n\t<meta property=\"og:image:width\" content=\"1200\" \/>\n\t<meta property=\"og:image:height\" content=\"1600\" \/>\n\t<meta property=\"og:image:type\" content=\"image\/jpeg\" \/>\n<meta name=\"author\" content=\"La R\u00e9daction BYmyCAR\" \/>\n<meta name=\"twitter:card\" content=\"summary_large_image\" \/>\n<meta name=\"twitter:label1\" content=\"\u00c9crit par\" \/>\n\t<meta name=\"twitter:data1\" content=\"La R\u00e9daction BYmyCAR\" \/>\n<script type=\"application\/ld+json\" class=\"yoast-schema-graph\">{\"@context\":\"https:\/\/schema.org\",\"@graph\":[{\"@type\":\"Article\",\"@id\":\"https:\/\/www.bymycar.fr\/webzine\/djawad-responsable-administratif-et-financier-sur-le-terrain\/#article\",\"isPartOf\":{\"@id\":\"https:\/\/www.bymycar.fr\/webzine\/djawad-responsable-administratif-et-financier-sur-le-terrain\/\"},\"author\":{\"name\":\"La R\u00e9daction BYmyCAR\",\"@id\":\"https:\/\/www.bymycar.fr\/webzine\/#\/schema\/person\/8d570fe11eb8929f06c1e6d00f4d9689\"},\"headline\":\"Djawad, responsable administratif et financier sur le terrain !\",\"datePublished\":\"2023-01-20T10:50:58+00:00\",\"dateModified\":\"2025-01-28T14:12:54+00:00\",\"mainEntityOfPage\":{\"@id\":\"https:\/\/www.bymycar.fr\/webzine\/djawad-responsable-administratif-et-financier-sur-le-terrain\/\"},\"wordCount\":8,\"publisher\":{\"@id\":\"https:\/\/www.bymycar.fr\/webzine\/#organization\"},\"image\":{\"@id\":\"https:\/\/www.bymycar.fr\/webzine\/djawad-responsable-administratif-et-financier-sur-le-terrain\/#primaryimage\"},\"thumbnailUrl\":\"https:\/\/cdn.bymycar.eu\/fr-webzine\/wp-content\/uploads\/medias\/Djawad.jpg\",\"articleSection\":[\"Actus RH BYmyCAR\",\"Ressources humaines\"],\"inLanguage\":\"fr-FR\"},{\"@type\":\"WebPage\",\"@id\":\"https:\/\/www.bymycar.fr\/webzine\/djawad-responsable-administratif-et-financier-sur-le-terrain\/\",\"url\":\"https:\/\/www.bymycar.fr\/webzine\/djawad-responsable-administratif-et-financier-sur-le-terrain\/\",\"name\":\"Djawad, responsable administratif et financier sur le terrain !\",\"isPartOf\":{\"@id\":\"https:\/\/www.bymycar.fr\/webzine\/#website\"},\"primaryImageOfPage\":{\"@id\":\"https:\/\/www.bymycar.fr\/webzine\/djawad-responsable-administratif-et-financier-sur-le-terrain\/#primaryimage\"},\"image\":{\"@id\":\"https:\/\/www.bymycar.fr\/webzine\/djawad-responsable-administratif-et-financier-sur-le-terrain\/#primaryimage\"},\"thumbnailUrl\":\"https:\/\/cdn.bymycar.eu\/fr-webzine\/wp-content\/uploads\/medias\/Djawad.jpg\",\"datePublished\":\"2023-01-20T10:50:58+00:00\",\"dateModified\":\"2025-01-28T14:12:54+00:00\",\"breadcrumb\":{\"@id\":\"https:\/\/www.bymycar.fr\/webzine\/djawad-responsable-administratif-et-financier-sur-le-terrain\/#breadcrumb\"},\"inLanguage\":\"fr-FR\",\"potentialAction\":[{\"@type\":\"ReadAction\",\"target\":[\"https:\/\/www.bymycar.fr\/webzine\/djawad-responsable-administratif-et-financier-sur-le-terrain\/\"]}]},{\"@type\":\"ImageObject\",\"inLanguage\":\"fr-FR\",\"@id\":\"https:\/\/www.bymycar.fr\/webzine\/djawad-responsable-administratif-et-financier-sur-le-terrain\/#primaryimage\",\"url\":\"https:\/\/cdn.bymycar.eu\/fr-webzine\/wp-content\/uploads\/medias\/Djawad.jpg\",\"contentUrl\":\"https:\/\/cdn.bymycar.eu\/fr-webzine\/wp-content\/uploads\/medias\/Djawad.jpg\",\"width\":1200,\"height\":1600},{\"@type\":\"BreadcrumbList\",\"@id\":\"https:\/\/www.bymycar.fr\/webzine\/djawad-responsable-administratif-et-financier-sur-le-terrain\/#breadcrumb\",\"itemListElement\":[{\"@type\":\"ListItem\",\"position\":1,\"name\":\"Accueil\",\"item\":\"https:\/\/www.bymycar.fr\/webzine\/\"},{\"@type\":\"ListItem\",\"position\":2,\"name\":\"Djawad, responsable administratif et financier sur le terrain !\"}]},{\"@type\":\"WebSite\",\"@id\":\"https:\/\/www.bymycar.fr\/webzine\/#website\",\"url\":\"https:\/\/www.bymycar.fr\/webzine\/\",\"name\":\"Webzine auto BYmyCAR\",\"description\":\"La magazine auto de BYmyCAR\",\"publisher\":{\"@id\":\"https:\/\/www.bymycar.fr\/webzine\/#organization\"},\"potentialAction\":[{\"@type\":\"SearchAction\",\"target\":{\"@type\":\"EntryPoint\",\"urlTemplate\":\"https:\/\/www.bymycar.fr\/webzine\/?s={search_term_string}\"},\"query-input\":{\"@type\":\"PropertyValueSpecification\",\"valueRequired\":true,\"valueName\":\"search_term_string\"}}],\"inLanguage\":\"fr-FR\"},{\"@type\":\"Organization\",\"@id\":\"https:\/\/www.bymycar.fr\/webzine\/#organization\",\"name\":\"BYmyCAR\",\"url\":\"https:\/\/www.bymycar.fr\/webzine\/\",\"logo\":{\"@type\":\"ImageObject\",\"inLanguage\":\"fr-FR\",\"@id\":\"https:\/\/www.bymycar.fr\/webzine\/#\/schema\/logo\/image\/\",\"url\":\"https:\/\/cdn.bymycar.eu\/fr-webzine\/wp-content\/uploads\/medias\/2017\/08\/logo_DEALER_00000406_001.png\",\"contentUrl\":\"https:\/\/cdn.bymycar.eu\/fr-webzine\/wp-content\/uploads\/medias\/2017\/08\/logo_DEALER_00000406_001.png\",\"width\":2132,\"height\":720,\"caption\":\"BYmyCAR\"},\"image\":{\"@id\":\"https:\/\/www.bymycar.fr\/webzine\/#\/schema\/logo\/image\/\"}},{\"@type\":\"Person\",\"@id\":\"https:\/\/www.bymycar.fr\/webzine\/#\/schema\/person\/8d570fe11eb8929f06c1e6d00f4d9689\",\"name\":\"La R\u00e9daction BYmyCAR\",\"image\":{\"@type\":\"ImageObject\",\"inLanguage\":\"fr-FR\",\"@id\":\"https:\/\/www.bymycar.fr\/webzine\/#\/schema\/person\/image\/\",\"url\":\"https:\/\/secure.gravatar.com\/avatar\/1aa6b039d0ce106989923af4e2d0f2a0c82bb070d5e449f1b9adf082a5863900?s=96&d=mm&r=g\",\"contentUrl\":\"https:\/\/secure.gravatar.com\/avatar\/1aa6b039d0ce106989923af4e2d0f2a0c82bb070d5e449f1b9adf082a5863900?s=96&d=mm&r=g\",\"caption\":\"La R\u00e9daction BYmyCAR\"},\"sameAs\":[\"https:\/\/www.bymycar.fr\/\"]}]}<\/script>\n<!-- \/ Yoast SEO Premium plugin. -->","yoast_head_json":{"title":"Djawad, responsable administratif et financier sur le terrain !","robots":{"index":"index","follow":"follow","max-snippet":"max-snippet:-1","max-image-preview":"max-image-preview:large","max-video-preview":"max-video-preview:-1"},"canonical":"https:\/\/www.bymycar.fr\/webzine\/djawad-responsable-administratif-et-financier-sur-le-terrain\/","og_locale":"fr_FR","og_type":"article","og_title":"Djawad, responsable administratif et financier sur le terrain !","og_url":"https:\/\/www.bymycar.fr\/webzine\/djawad-responsable-administratif-et-financier-sur-le-terrain\/","og_site_name":"Webzine auto BYmyCAR","article_published_time":"2023-01-20T10:50:58+00:00","article_modified_time":"2025-01-28T14:12:54+00:00","og_image":[{"width":1200,"height":1600,"url":"https:\/\/cdn.bymycar.eu\/fr-webzine\/wp-content\/uploads\/medias\/Djawad.jpg","type":"image\/jpeg"}],"author":"La R\u00e9daction BYmyCAR","twitter_card":"summary_large_image","twitter_misc":{"\u00c9crit par":"La R\u00e9daction BYmyCAR"},"schema":{"@context":"https:\/\/schema.org","@graph":[{"@type":"Article","@id":"https:\/\/www.bymycar.fr\/webzine\/djawad-responsable-administratif-et-financier-sur-le-terrain\/#article","isPartOf":{"@id":"https:\/\/www.bymycar.fr\/webzine\/djawad-responsable-administratif-et-financier-sur-le-terrain\/"},"author":{"name":"La R\u00e9daction BYmyCAR","@id":"https:\/\/www.bymycar.fr\/webzine\/#\/schema\/person\/8d570fe11eb8929f06c1e6d00f4d9689"},"headline":"Djawad, responsable administratif et financier sur le terrain !","datePublished":"2023-01-20T10:50:58+00:00","dateModified":"2025-01-28T14:12:54+00:00","mainEntityOfPage":{"@id":"https:\/\/www.bymycar.fr\/webzine\/djawad-responsable-administratif-et-financier-sur-le-terrain\/"},"wordCount":8,"publisher":{"@id":"https:\/\/www.bymycar.fr\/webzine\/#organization"},"image":{"@id":"https:\/\/www.bymycar.fr\/webzine\/djawad-responsable-administratif-et-financier-sur-le-terrain\/#primaryimage"},"thumbnailUrl":"https:\/\/cdn.bymycar.eu\/fr-webzine\/wp-content\/uploads\/medias\/Djawad.jpg","articleSection":["Actus RH BYmyCAR","Ressources humaines"],"inLanguage":"fr-FR"},{"@type":"WebPage","@id":"https:\/\/www.bymycar.fr\/webzine\/djawad-responsable-administratif-et-financier-sur-le-terrain\/","url":"https:\/\/www.bymycar.fr\/webzine\/djawad-responsable-administratif-et-financier-sur-le-terrain\/","name":"Djawad, responsable administratif et financier sur le terrain !","isPartOf":{"@id":"https:\/\/www.bymycar.fr\/webzine\/#website"},"primaryImageOfPage":{"@id":"https:\/\/www.bymycar.fr\/webzine\/djawad-responsable-administratif-et-financier-sur-le-terrain\/#primaryimage"},"image":{"@id":"https:\/\/www.bymycar.fr\/webzine\/djawad-responsable-administratif-et-financier-sur-le-terrain\/#primaryimage"},"thumbnailUrl":"https:\/\/cdn.bymycar.eu\/fr-webzine\/wp-content\/uploads\/medias\/Djawad.jpg","datePublished":"2023-01-20T10:50:58+00:00","dateModified":"2025-01-28T14:12:54+00:00","breadcrumb":{"@id":"https:\/\/www.bymycar.fr\/webzine\/djawad-responsable-administratif-et-financier-sur-le-terrain\/#breadcrumb"},"inLanguage":"fr-FR","potentialAction":[{"@type":"ReadAction","target":["https:\/\/www.bymycar.fr\/webzine\/djawad-responsable-administratif-et-financier-sur-le-terrain\/"]}]},{"@type":"ImageObject","inLanguage":"fr-FR","@id":"https:\/\/www.bymycar.fr\/webzine\/djawad-responsable-administratif-et-financier-sur-le-terrain\/#primaryimage","url":"https:\/\/cdn.bymycar.eu\/fr-webzine\/wp-content\/uploads\/medias\/Djawad.jpg","contentUrl":"https:\/\/cdn.bymycar.eu\/fr-webzine\/wp-content\/uploads\/medias\/Djawad.jpg","width":1200,"height":1600},{"@type":"BreadcrumbList","@id":"https:\/\/www.bymycar.fr\/webzine\/djawad-responsable-administratif-et-financier-sur-le-terrain\/#breadcrumb","itemListElement":[{"@type":"ListItem","position":1,"name":"Accueil","item":"https:\/\/www.bymycar.fr\/webzine\/"},{"@type":"ListItem","position":2,"name":"Djawad, responsable administratif et financier sur le terrain !"}]},{"@type":"WebSite","@id":"https:\/\/www.bymycar.fr\/webzine\/#website","url":"https:\/\/www.bymycar.fr\/webzine\/","name":"Webzine auto BYmyCAR","description":"La magazine auto de BYmyCAR","publisher":{"@id":"https:\/\/www.bymycar.fr\/webzine\/#organization"},"potentialAction":[{"@type":"SearchAction","target":{"@type":"EntryPoint","urlTemplate":"https:\/\/www.bymycar.fr\/webzine\/?s={search_term_string}"},"query-input":{"@type":"PropertyValueSpecification","valueRequired":true,"valueName":"search_term_string"}}],"inLanguage":"fr-FR"},{"@type":"Organization","@id":"https:\/\/www.bymycar.fr\/webzine\/#organization","name":"BYmyCAR","url":"https:\/\/www.bymycar.fr\/webzine\/","logo":{"@type":"ImageObject","inLanguage":"fr-FR","@id":"https:\/\/www.bymycar.fr\/webzine\/#\/schema\/logo\/image\/","url":"https:\/\/cdn.bymycar.eu\/fr-webzine\/wp-content\/uploads\/medias\/2017\/08\/logo_DEALER_00000406_001.png","contentUrl":"https:\/\/cdn.bymycar.eu\/fr-webzine\/wp-content\/uploads\/medias\/2017\/08\/logo_DEALER_00000406_001.png","width":2132,"height":720,"caption":"BYmyCAR"},"image":{"@id":"https:\/\/www.bymycar.fr\/webzine\/#\/schema\/logo\/image\/"}},{"@type":"Person","@id":"https:\/\/www.bymycar.fr\/webzine\/#\/schema\/person\/8d570fe11eb8929f06c1e6d00f4d9689","name":"La R\u00e9daction BYmyCAR","image":{"@type":"ImageObject","inLanguage":"fr-FR","@id":"https:\/\/www.bymycar.fr\/webzine\/#\/schema\/person\/image\/","url":"https:\/\/secure.gravatar.com\/avatar\/1aa6b039d0ce106989923af4e2d0f2a0c82bb070d5e449f1b9adf082a5863900?s=96&d=mm&r=g","contentUrl":"https:\/\/secure.gravatar.com\/avatar\/1aa6b039d0ce106989923af4e2d0f2a0c82bb070d5e449f1b9adf082a5863900?s=96&d=mm&r=g","caption":"La R\u00e9daction BYmyCAR"},"sameAs":["https:\/\/www.bymycar.fr\/"]}]}},"_links":{"self":[{"href":"https:\/\/www.bymycar.fr\/webzine\/wp-json\/wp\/v2\/posts\/39389","targetHints":{"allow":["GET"]}}],"collection":[{"href":"https:\/\/www.bymycar.fr\/webzine\/wp-json\/wp\/v2\/posts"}],"about":[{"href":"https:\/\/www.bymycar.fr\/webzine\/wp-json\/wp\/v2\/types\/post"}],"author":[{"embeddable":true,"href":"https:\/\/www.bymycar.fr\/webzine\/wp-json\/wp\/v2\/users\/88"}],"replies":[{"embeddable":true,"href":"https:\/\/www.bymycar.fr\/webzine\/wp-json\/wp\/v2\/comments?post=39389"}],"version-history":[{"count":35,"href":"https:\/\/www.bymycar.fr\/webzine\/wp-json\/wp\/v2\/posts\/39389\/revisions"}],"predecessor-version":[{"id":39483,"href":"https:\/\/www.bymycar.fr\/webzine\/wp-json\/wp\/v2\/posts\/39389\/revisions\/39483"}],"wp:featuredmedia":[{"embeddable":true,"href":"https:\/\/www.bymycar.fr\/webzine\/wp-json\/wp\/v2\/media\/39471"}],"wp:attachment":[{"href":"https:\/\/www.bymycar.fr\/webzine\/wp-json\/wp\/v2\/media?parent=39389"}],"wp:term":[{"taxonomy":"category","embeddable":true,"href":"https:\/\/www.bymycar.fr\/webzine\/wp-json\/wp\/v2\/categories?post=39389"},{"taxonomy":"post_tag","embeddable":true,"href":"https:\/\/www.bymycar.fr\/webzine\/wp-json\/wp\/v2\/tags?post=39389"}],"curies":[{"name":"wp","href":"https:\/\/api.w.org\/{rel}","templated":true}]}}