{"id":39017,"date":"2023-01-03T10:41:57","date_gmt":"2023-01-03T09:41:57","guid":{"rendered":"https:\/\/prod.bymycar.fr\/webzine\/?p=39017"},"modified":"2026-04-14T17:42:35","modified_gmt":"2026-04-14T15:42:35","slug":"combien-de-passagers-dans-un-vito-mercedes","status":"publish","type":"post","link":"https:\/\/www.bymycar.fr\/webzine\/combien-de-passagers-dans-un-vito-mercedes\/","title":{"rendered":"Combien de passagers dans un Vito Mercedes ?"},"content":{"rendered":"","protected":false},"excerpt":{"rendered":"","protected":false},"author":88,"featured_media":38915,"comment_status":"closed","ping_status":"open","sticky":false,"template":"","format":"standard","meta":{"_acf_changed":false,"footnotes":""},"categories":[12893,12896],"tags":[],"class_list":["post-39017","post","type-post","status-publish","format-standard","has-post-thumbnail","hentry","category-guide-dachat","category-guide-dachat-mercedes"],"acf":{"template":"classique","introduction":"<p style=\"text-align: justify;\">Le <a href=\"https:\/\/www.bymycar.fr\/marques\/mercedes\/vito\">Vito<\/a> de la marque Mercedes-Benz est une gamme de voitures utilitaires. Ces derni\u00e8res sont disponibles en plusieurs finitions pouvant accueillir un nombre variable de passagers.<\/p>\n<p style=\"text-align: center;\"><a href=\"https:\/\/www.bymycar.fr\/rechercher-un-vehicule?prod_VEHICLES%5BrefinementList%5D%5Bbrand%5D%5B0%5D=MERCEDES&amp;prod_VEHICLES%5BrefinementList%5D%5BmodelGroup1%5D%5B0%5D=VITO%20%2830%29\" target=\"_blank\" class=\"css-button css-button--gold\" >\n                Voir nos v\u00e9hicules Mercedes Vito neufs et d'occasion\n        <\/a><\/p>\n","strates":[{"type_strate":"carousel-produits","ancre":"","contenu":"<h2>Qu\u2019est-ce qu\u2019un van Mercedes Vito Mixto\u00a0?<\/h2>\n<p>La gamme Mercedes-Benz Vito est connue comme \u00e9tant une r\u00e9f\u00e9rence sur le march\u00e9 des voitures utilitaires de la marque \u00e0 l\u2019\u00e9toile. Ses diff\u00e9rents mod\u00e8les sont \u00e0 la fois appr\u00e9ci\u00e9s par les particuliers et les professionnels. Quel que soit le mod\u00e8le, chacun est connu pour offrir un agr\u00e9ment de conduite satisfaisant au conducteur et est confortable pour les passagers.<\/p>\n<p>Chaque Vito b\u00e9n\u00e9ficie d\u2019un moteur 4 cylindres avec un comportement agile, des valeurs d\u2019\u00e9missions de CO2 limit\u00e9es et une consommation moyenne de carburant. De plus, le contr\u00f4le d\u2019entretien n\u2019est n\u00e9cessaire que tous les 40\u00a0000 km.<\/p>\n<p>Disponible en version fourgon, minivan, van et transport de personnes, le Vito Mixto fait partie des fourgons. Il s\u2019agit du mod\u00e8le le plus fid\u00e8le \u00e0 la tradition des utilitaires de la marque Mercedes. Le Mixto se distingue par son poids, car il est capable de supporter une charge allant jusqu\u2019\u00e0 1\u00a0345 kg.<\/p>\n<p>Le fourgon Vito Mixto est surtout appr\u00e9ci\u00e9 par les professionnels gr\u00e2ce \u00e0 son endurance et sa grande r\u00e9sistance. Pouvant \u00eatre utilis\u00e9 pour le transport de personnes, il est suffisamment spacieux pour pouvoir accueillir jusqu\u2019\u00e0 6 personnes avec un espace de chargement \u00e0 l\u2019arri\u00e8re. D\u2019ailleurs, la plupart des mod\u00e8les de Vito fourgon disposent de si\u00e8ges 2-2-3, dont une banquette passagers rabattable pour gagner plus de volume de chargement. Le Vito Mixto se distingue par son volume de chargement de 4,1 m\u00b3.<\/p>\n<p>Ce mod\u00e8le est \u00e9quip\u00e9 d\u2019une large palette de syst\u00e8mes d\u2019aide \u00e0 la conduite \u00e0 la pointe de la technologie. Cette caract\u00e9ristique s\u2019av\u00e8re tr\u00e8s utile pour les conducteurs durant les stationnements et les man\u0153uvres vu le grand gabarit de ce v\u00e9hicule. Selon les pr\u00e9f\u00e9rences et les habitudes de conduite, il est propos\u00e9 avec une bo\u00eete automatique ou manuelle.<\/p>\n<p>Le Vito Mixto dispose de si\u00e8ges passagers modulables alliant fonctionnalit\u00e9 et confort. La version longue permet de charger jusqu\u2019\u00e0 2,63 m\u00b3 derri\u00e8re la banquette passagers.<\/p>\n<h2>Quel est le meilleur Vito Mercedes entre 2003 et 2014\u00a0?<\/h2>\n<p>Les Mercedes Vito existent depuis 1996 avec 18 mod\u00e8les diff\u00e9rents et environ 1\u00a0036 versions diff\u00e9rentes. Elles sont disponibles en 2 choix de carrosserie\u00a0: fourgon et minibus-combi. Ces v\u00e9hicules r\u00e9pondent ainsi aux besoins de ceux \u00e0 la recherche d\u2019un combi, pour le transport de personnes et de mat\u00e9riel. Cette gamme est consid\u00e9r\u00e9e comme celle qui regroupe les minivans de la marque Mercedes-Benz.<\/p>\n<p>La p\u00e9riode de 2003 \u00e0 2014 correspond aux ann\u00e9es de production de la seconde g\u00e9n\u00e9ration de Mercedes Classe V, encore connue sous le nom de Viano \u00e0 l\u2019\u00e9poque. Il existe 3 versions de Vito\u00a0: l\u2019ECell, le Viano et Vito W639 qui ont \u00e9t\u00e9 restyl\u00e9s en m\u00eame temps.<\/p>\n<p>Depuis 2003, la Mercedes Vito est reconnue comme une r\u00e9f\u00e9rence sur le march\u00e9 des v\u00e9hicules utilitaires l\u00e9gers. Depuis les versions 2003, les mod\u00e8les de la gamme Vito disposent d\u2019une sellerie ergonomique \u00e0 la fois pour le conducteur et les passagers. \u00c0 part les \u00e9quipements de s\u00e9rie, tous les Vito sont \u00e9quip\u00e9s des derni\u00e8res innovations \u00e0 la pointe des derni\u00e8res technologies.<\/p>\n<h2>Quelle Mercedes Vito minivan \u00e0 7 et 9 places\u00a0?<\/h2>\n<p>Les <a href=\"https:\/\/www.bymycar.fr\/marques\/mercedes\/vito\">Mercedes Vito<\/a> sont dot\u00e9es d\u2019un volant multifonction, d\u2019un \u00e9cran tactile, d\u2019une connectivit\u00e9 Apple CarPlay et Android auto et de prises pour USB afin de recharger ou autres appareils connect\u00e9s. Niveau confort, tous les v\u00e9hicules sont \u00e9quip\u00e9s des fonctionnalit\u00e9s n\u00e9cessaires afin d\u2019assurer le confort int\u00e9rieur.<\/p>\n<p>S\u2019apparentant au d\u00e9but aux fourgons classiques, le design des Vito s\u2019est am\u00e9lior\u00e9 au fil du temps. D\u00e9sormais, la Mercedes Vito est disponible en 3 dimensions, dont la version extra-longue pouvant accueillir 7 \u00e0 9 passagers \u00e0 son bord.<\/p>\n<p>La Version Vito Tourer dispose de 9 places pour son mod\u00e8le long, avec une charge utile de 975 kg et un PTAC de 2\u00a0800 kg. Elle a un volume de chargement important pouvant atteindre 5\u00a0190 L gr\u00e2ce \u00e0 sa longueur de 5\u00a0140 mm, sa largeur de 1928 mm, sa hauteur de 1\u00a0910 mm et son empattement de 3\u00a0200 mm.<\/p>\n<p>Gr\u00e2ce aux nombreuses variantes de la Mercedes Vito, chaque v\u00e9hicule b\u00e9n\u00e9ficie d\u2019une adaptation optimale aux exigences de chacun, particulier comme professionnel. Ces monospaces de taille moyenne sont appr\u00e9ci\u00e9s pour leur espace passagers spacieux et confortable.<\/p>\n<h2>Quelle est la diff\u00e9rence entre le Vito et le Viano\u00a0?<\/h2>\n<p>Si le Vito est la gamme qui regroupe toutes les voitures utilitaires de la marque \u00e0 l\u2019\u00e9toile, le Viano regroupe les voitures utilitaires de luxe de Mercedes. Les deux peuvent \u00eatre utilis\u00e9s par des professionnels, mais le Viano est plus con\u00e7u pour les h\u00f4tels de luxe, les transports en navette, etc.<\/p>\n<p>Depuis 2014, le constructeur allemand a arr\u00eat\u00e9 la production du Viano et l\u2019a chang\u00e9 en Mercedes Classe V. Cette voiture se d\u00e9marque du Vito par ses finitions plus abouties sur les planchers sur-mesure, le tapis de sol, le tissu r\u00e9sistant des housses des si\u00e8ges. Les deux sont dot\u00e9s de la derni\u00e8re technologie, dont le syst\u00e8me de d\u00e9tection de somnolence et les syst\u00e8mes de s\u00e9curit\u00e9.<\/p>\n<h2>Quel est le volume d\u2019une Mercedes-Benz Vito Tourer\u00a0?<\/h2>\n<p>Le Vito Tourer se distingue par son espace passager spacieux d\u00fb \u00e0 ses si\u00e8ges modulables. Ses dimensions lui permettent d\u2019accueillir jusqu\u2019\u00e0 9 personnes dans le confort. Ce monospace est id\u00e9al pour les familles nombreuses. Il dispose de 3 modes de propulsion\u00a0: traction avant, propulsion arri\u00e8re ou transmission int\u00e9grale permanente.<\/p>\n<p>Gr\u00e2ce \u00e0 ses syst\u00e8mes d\u2019aide \u00e0 la conduite, il est facile \u00e0 man\u0153uvrer, m\u00eame dans des espaces \u00e9troits comme les garages souterrains ou les stations de lavage.<\/p>\n<h2>Quelle motorisation pour un fourgon, camionnette ou transport de personnes Vito\u00a0?<\/h2>\n<p>Chaque v\u00e9hicule de la gamme Vito offre les m\u00eames choix de motorisation. Les seules diff\u00e9rences entre les mod\u00e8les tiennent dans leurs dimensions sur la longueur utile et la charge utile. Chez BYmyCAR, les prix pour un fourgon Vito 114 CDI commencent \u00e0 partir de 31\u00a0200 euros pour un mod\u00e8le d\u2019occasion.<\/p>\n<p>Pour les nouveaux v\u00e9hicules, le Vito Fourgon 114 CDI Long BVA RWD est accessible \u00e0 partir de 41\u00a0622 euros. Ce mod\u00e8le est \u00e9quip\u00e9 d\u2019une bo\u00eete automatique et d\u2019un moteur diesel pouvant d\u00e9velopper jusqu\u2019\u00e0 136 ch. Les mod\u00e8les r\u00e9cents disposent d\u2019un moteur qui respecte les restrictions sur les \u00e9missions de CO2. Il est aussi possible de trouver des Vito \u00e9lectriques\u00a0connus sous le nom eVito.<\/p>\n<h3>\u00c0 LIRE \u00c9GALEMENT :<\/h3>\n<p><a href=\"https:\/\/www.bymycar.fr\/webzine\/quel-est-le-meilleur-vito-mercedes\/\">Quel est le meilleur Vito Mercedes ?<\/a><\/p>\n<p><a href=\"https:\/\/www.bymycar.fr\/webzine\/quelle-difference-entre-mercedes-viano-et-vito\/\">Quelle diff\u00e9rence entre Mercedes Viano et Vito ?<\/a><\/p>\n<p><a href=\"https:\/\/www.bymycar.fr\/webzine\/quelle-est-la-hauteur-dun-mercedes-vito\/\">Quelle est la hauteur d&rsquo;un Mercedes Vito ?<\/a><\/p>\n<p><a href=\"https:\/\/www.bymycar.fr\/webzine\/quelle-huile-moteur-pour-mercedes-vito\/\">Quelle huile moteur pour Mercedes Vito ?<\/a><\/p>\n<p><a href=\"https:\/\/www.bymycar.fr\/webzine\/comment-ouvrir-capot-mercedes-vito\/\">Comment ouvrir capot Mercedes Vito ?<\/a><\/p>\n<p><a href=\"https:\/\/www.bymycar.fr\/webzine\/combien-coute-un-vito-mercedes\/\">Combien co\u00fbte un Vito Mercedes ?<\/a><\/p>\n<p><a href=\"https:\/\/www.bymycar.fr\/webzine\/combien-de-kilometres-pour-mercedes-vito\/\">Combien de kilom\u00e8tres pour Mercedes Vito ?<\/a><\/p>\n","titre":"Voir nos v\u00e9hicules Mercedes Vito disponibles","image":false,"image_libre":false,"image_800x500":false,"legende":"","zoom":false,"texte":"","articles":false,"categorie_droite":false,"images":false,"elements_comparatif":false,"texte_1":"","texte_2":"","image_1":false,"image_1_563x400":false,"image_1_332x332":false,"image_2":false,"image_2_333x240":false,"image_2_563x400":false,"image_3":false,"image_3_333x240":false,"image_3_332x450":false,"image_4":false,"image_4_332x332":false,"image_4_563x400":false,"code_embed":"","legende_video":"","photo":false,"photo_100x100":false,"nom":"","fonction":"","elements_timeline":false,"entetes_colonnes":false,"entetes_lignes":false,"lignes":false,"introduction":"","formulaire":false,"question":"","reponse":"","libelle_bouton_lien":"","url_lien":"","questions":false,"conclusions":false,"pays":"1","region":"","marque":"16","marqueConcessions":false,"modele":"VITO (30)","ptvente":"","typeV":"","collection":"","nombre_maximum_elements":"10","lien_fin_carousel":"https:\/\/www.bymycar.fr\/rechercher-un-vehicule?prod_VEHICLES%5BrefinementList%5D%5Bbrand%5D%5B0%5D=MERCEDES&prod_VEHICLES%5BrefinementList%5D%5BmodelGroup1%5D%5B0%5D=VITO%20%2830%29","texte_lien_fin_carousel":"Voir plus de v\u00e9hicules","trier_par":""},{"type_strate":"texte-simple","ancre":"","contenu":"<h2 style=\"text-align: justify;\">Qu\u2019est-ce qu\u2019un van Mercedes Vito Mixto\u00a0?<\/h2>\n<p style=\"text-align: justify;\">La gamme Mercedes-Benz Vito est connue comme \u00e9tant une r\u00e9f\u00e9rence sur le march\u00e9 des voitures utilitaires de la marque \u00e0 l\u2019\u00e9toile. Ses diff\u00e9rents mod\u00e8les sont \u00e0 la fois appr\u00e9ci\u00e9s par les particuliers et les professionnels. Quel que soit le mod\u00e8le, chacun est connu pour offrir un agr\u00e9ment de conduite satisfaisant au conducteur et est confortable pour les passagers.<\/p>\n<p style=\"text-align: justify;\">Chaque Vito b\u00e9n\u00e9ficie d\u2019un moteur 4 cylindres avec un comportement agile, des valeurs d\u2019\u00e9missions de CO2 limit\u00e9es et une consommation moyenne de carburant. De plus, le contr\u00f4le d\u2019entretien n\u2019est n\u00e9cessaire que tous les 40\u00a0000 km.<\/p>\n<p style=\"text-align: justify;\">Disponible en version fourgon, minivan, van et transport de personnes, le Vito Mixto fait partie des fourgons. Il s\u2019agit du mod\u00e8le le plus fid\u00e8le \u00e0 la tradition des utilitaires de la marque Mercedes. Le Mixto se distingue par son poids, car il est capable de supporter une charge allant jusqu\u2019\u00e0 1\u00a0345 kg.<\/p>\n<p style=\"text-align: justify;\">Le fourgon Vito Mixto est surtout appr\u00e9ci\u00e9 par les professionnels gr\u00e2ce \u00e0 son endurance et sa grande r\u00e9sistance. Pouvant \u00eatre utilis\u00e9 pour le transport de personnes, il est suffisamment spacieux pour pouvoir accueillir jusqu\u2019\u00e0 6 personnes avec un espace de chargement \u00e0 l\u2019arri\u00e8re. D\u2019ailleurs, la plupart des mod\u00e8les de Vito fourgon disposent de si\u00e8ges 2-2-3, dont une banquette passagers rabattable pour gagner plus de volume de chargement. Le Vito Mixto se distingue par son volume de chargement de 4,1 m\u00b3.<\/p>\n<p style=\"text-align: justify;\">Ce mod\u00e8le est \u00e9quip\u00e9 d\u2019une large palette de syst\u00e8mes d\u2019aide \u00e0 la conduite \u00e0 la pointe de la technologie. Cette caract\u00e9ristique s\u2019av\u00e8re tr\u00e8s utile pour les conducteurs durant les stationnements et les man\u0153uvres vu le grand gabarit de ce v\u00e9hicule. Selon les pr\u00e9f\u00e9rences et les habitudes de conduite, il est propos\u00e9 avec une bo\u00eete automatique ou manuelle.<\/p>\n<p style=\"text-align: justify;\">Le Vito Mixto dispose de si\u00e8ges passagers modulables alliant fonctionnalit\u00e9 et confort. La version longue permet de charger jusqu\u2019\u00e0 2,63 m\u00b3 derri\u00e8re la banquette passagers.<\/p>\n<h2 style=\"text-align: justify;\">Quel est le meilleur Vito Mercedes entre 2003 et 2014\u00a0?<\/h2>\n<p style=\"text-align: justify;\">Les Mercedes Vito existent depuis 1996 avec 18 mod\u00e8les diff\u00e9rents et environ 1\u00a0036 versions diff\u00e9rentes. Elles sont disponibles en 2 choix de carrosserie\u00a0: fourgon et minibus-combi. Ces v\u00e9hicules r\u00e9pondent ainsi aux besoins de ceux \u00e0 la recherche d\u2019un combi, pour le transport de personnes et de mat\u00e9riel. Cette gamme est consid\u00e9r\u00e9e comme celle qui regroupe les minivans de la marque Mercedes-Benz.<\/p>\n<p style=\"text-align: justify;\">La p\u00e9riode de 2003 \u00e0 2014 correspond aux ann\u00e9es de production de la seconde g\u00e9n\u00e9ration de Mercedes Classe V, encore connue sous le nom de Viano \u00e0 l\u2019\u00e9poque. Il existe 3 versions de Vito\u00a0: l\u2019ECell, le Viano et Vito W639 qui ont \u00e9t\u00e9 restyl\u00e9s en m\u00eame temps.<\/p>\n<p style=\"text-align: justify;\">Depuis 2003, la Mercedes Vito est reconnue comme une r\u00e9f\u00e9rence sur le march\u00e9 des v\u00e9hicules utilitaires l\u00e9gers. Depuis les versions 2003, les mod\u00e8les de la gamme Vito disposent d\u2019une sellerie ergonomique \u00e0 la fois pour le conducteur et les passagers. \u00c0 part les \u00e9quipements de s\u00e9rie, tous les Vito sont \u00e9quip\u00e9s des derni\u00e8res innovations \u00e0 la pointe des derni\u00e8res technologies.<\/p>\n<h2 style=\"text-align: justify;\">Quelle Mercedes Vito minivan \u00e0 7 et 9 places\u00a0?<\/h2>\n<p style=\"text-align: justify;\">Les <a href=\"https:\/\/www.bymycar.fr\/marques\/mercedes\/vito\">Mercedes Vito<\/a> sont dot\u00e9es d\u2019un volant multifonction, d\u2019un \u00e9cran tactile, d\u2019une connectivit\u00e9 Apple CarPlay et Android auto et de prises pour USB afin de recharger ou autres appareils connect\u00e9s. Niveau confort, tous les v\u00e9hicules sont \u00e9quip\u00e9s des fonctionnalit\u00e9s n\u00e9cessaires afin d\u2019assurer le confort int\u00e9rieur.<\/p>\n<p style=\"text-align: justify;\">S\u2019apparentant au d\u00e9but aux fourgons classiques, le design des Vito s\u2019est am\u00e9lior\u00e9 au fil du temps. D\u00e9sormais, la Mercedes Vito est disponible en 3 dimensions, dont la version extra-longue pouvant accueillir 7 \u00e0 9 passagers \u00e0 son bord.<\/p>\n<p style=\"text-align: justify;\">La Version Vito Tourer dispose de 9 places pour son mod\u00e8le long, avec une charge utile de 975 kg et un PTAC de 2\u00a0800 kg. Elle a un volume de chargement important pouvant atteindre 5\u00a0190 L gr\u00e2ce \u00e0 sa longueur de 5\u00a0140 mm, sa largeur de 1928 mm, sa hauteur de 1\u00a0910 mm et son empattement de 3\u00a0200 mm.<\/p>\n<p style=\"text-align: justify;\">Gr\u00e2ce aux nombreuses variantes de la Mercedes Vito, chaque v\u00e9hicule b\u00e9n\u00e9ficie d\u2019une adaptation optimale aux exigences de chacun, particulier comme professionnel. Ces monospaces de taille moyenne sont appr\u00e9ci\u00e9s pour leur espace passagers spacieux et confortable.<\/p>\n<h2 style=\"text-align: justify;\">Quelle est la diff\u00e9rence entre le Vito et le Viano\u00a0?<\/h2>\n<p style=\"text-align: justify;\">Si le Vito est la gamme qui regroupe toutes les voitures utilitaires de la marque \u00e0 l\u2019\u00e9toile, le Viano regroupe les voitures utilitaires de luxe de Mercedes. Les deux peuvent \u00eatre utilis\u00e9s par des professionnels, mais le Viano est plus con\u00e7u pour les h\u00f4tels de luxe, les transports en navette, etc.<\/p>\n<p style=\"text-align: justify;\">Depuis 2014, le constructeur allemand a arr\u00eat\u00e9 la production du Viano et l\u2019a chang\u00e9 en Mercedes Classe V. Cette voiture se d\u00e9marque du Vito par ses finitions plus abouties sur les planchers sur-mesure, le tapis de sol, le tissu r\u00e9sistant des housses des si\u00e8ges. Les deux sont dot\u00e9s de la derni\u00e8re technologie, dont le syst\u00e8me de d\u00e9tection de somnolence et les syst\u00e8mes de s\u00e9curit\u00e9.<\/p>\n<h2 style=\"text-align: justify;\">Quel est le volume d\u2019une Mercedes-Benz Vito Tourer\u00a0?<\/h2>\n<p style=\"text-align: justify;\">Le Vito Tourer se distingue par son espace passager spacieux d\u00fb \u00e0 ses si\u00e8ges modulables. Ses dimensions lui permettent d\u2019accueillir jusqu\u2019\u00e0 9 personnes dans le confort. Ce monospace est id\u00e9al pour les familles nombreuses. Il dispose de 3 modes de propulsion\u00a0: traction avant, propulsion arri\u00e8re ou transmission int\u00e9grale permanente.<\/p>\n<p style=\"text-align: justify;\">Gr\u00e2ce \u00e0 ses syst\u00e8mes d\u2019aide \u00e0 la conduite, il est facile \u00e0 man\u0153uvrer, m\u00eame dans des espaces \u00e9troits comme les garages souterrains ou les stations de lavage.<\/p>\n<h2 style=\"text-align: justify;\">Quelle motorisation pour un fourgon, camionnette ou transport de personnes Vito\u00a0?<\/h2>\n<p style=\"text-align: justify;\">Chaque v\u00e9hicule de la gamme Vito offre les m\u00eames choix de motorisation. Les seules diff\u00e9rences entre les mod\u00e8les tiennent dans leurs dimensions sur la longueur utile et la charge utile. Chez BYmyCAR, les prix pour un fourgon Vito 114 CDI commencent \u00e0 partir de 31\u00a0200 euros pour un mod\u00e8le d\u2019occasion.<\/p>\n<p style=\"text-align: justify;\">Pour les nouveaux v\u00e9hicules, le Vito Fourgon 114 CDI Long BVA RWD est accessible \u00e0 partir de 41\u00a0622 euros. Ce mod\u00e8le est \u00e9quip\u00e9 d\u2019une bo\u00eete automatique et d\u2019un moteur diesel pouvant d\u00e9velopper jusqu\u2019\u00e0 136 ch. Les mod\u00e8les r\u00e9cents disposent d\u2019un moteur qui respecte les restrictions sur les \u00e9missions de CO2. Il est aussi possible de trouver des Vito \u00e9lectriques\u00a0connus sous le nom eVito.<\/p>\n<h3 style=\"text-align: justify;\">Guide d&rsquo;achat Mercedes Vito :<\/h3>\n<p style=\"text-align: justify;\"><a href=\"https:\/\/www.bymycar.fr\/webzine\/quel-est-le-meilleur-vito-mercedes\/\">Quel est le meilleur Vito Mercedes ?<\/a><\/p>\n<p style=\"text-align: justify;\"><a href=\"https:\/\/www.bymycar.fr\/webzine\/quelle-difference-entre-mercedes-viano-et-vito\/\">Quelle diff\u00e9rence entre Mercedes Viano et Vito ?<\/a><\/p>\n<p style=\"text-align: justify;\"><a href=\"https:\/\/www.bymycar.fr\/webzine\/quelle-est-la-hauteur-dun-mercedes-vito\/\">Quelle est la hauteur d&rsquo;un Mercedes Vito ?<\/a><\/p>\n<p style=\"text-align: justify;\"><a href=\"https:\/\/www.bymycar.fr\/webzine\/quelle-huile-moteur-pour-mercedes-vito\/\">Quelle huile moteur pour Mercedes Vito ?<\/a><\/p>\n<p style=\"text-align: justify;\"><a href=\"https:\/\/www.bymycar.fr\/webzine\/comment-ouvrir-capot-mercedes-vito\/\">Comment ouvrir capot Mercedes Vito ?<\/a><\/p>\n<p style=\"text-align: justify;\"><a href=\"https:\/\/www.bymycar.fr\/webzine\/combien-coute-un-vito-mercedes\/\">Combien co\u00fbte un Vito Mercedes ?<\/a><\/p>\n<p style=\"text-align: justify;\"><a href=\"https:\/\/www.bymycar.fr\/webzine\/combien-de-kilometres-pour-mercedes-vito\/\">Combien de kilom\u00e8tres pour Mercedes Vito ?<\/a><\/p>\n","titre":"Texte 1","image":false,"image_libre":false,"image_800x500":false,"legende":"","zoom":false,"texte":"","articles":false,"categorie_droite":false,"images":false,"elements_comparatif":false,"texte_1":"","texte_2":"","image_1":false,"image_1_563x400":false,"image_1_332x332":false,"image_2":false,"image_2_333x240":false,"image_2_563x400":false,"image_3":false,"image_3_333x240":false,"image_3_332x450":false,"image_4":false,"image_4_332x332":false,"image_4_563x400":false,"code_embed":"","legende_video":"","photo":false,"photo_100x100":false,"nom":"","fonction":"","elements_timeline":false,"entetes_colonnes":false,"entetes_lignes":false,"lignes":false,"introduction":"","formulaire":false,"question":"","reponse":"","libelle_bouton_lien":"","url_lien":"","questions":false,"conclusions":false,"pays":false,"region":false,"marque":false,"marqueConcessions":false,"modele":false,"ptvente":false,"typeV":false,"collection":false,"nombre_maximum_elements":10,"lien_fin_carousel":"","texte_lien_fin_carousel":"","trier_par":false},{"type_strate":"carousel-produits","ancre":"","contenu":"","titre":"Voir nos v\u00e9hicules Mercedes Vito disponibles","image":false,"image_libre":false,"image_800x500":false,"legende":"","zoom":false,"texte":"","articles":false,"categorie_droite":false,"images":false,"elements_comparatif":false,"texte_1":"","texte_2":"","image_1":false,"image_1_563x400":false,"image_1_332x332":false,"image_2":false,"image_2_333x240":false,"image_2_563x400":false,"image_3":false,"image_3_333x240":false,"image_3_332x450":false,"image_4":false,"image_4_332x332":false,"image_4_563x400":false,"code_embed":"","legende_video":"","photo":false,"photo_100x100":false,"nom":"","fonction":"","elements_timeline":false,"entetes_colonnes":false,"entetes_lignes":false,"lignes":false,"introduction":"","formulaire":false,"question":"","reponse":"","libelle_bouton_lien":"","url_lien":"","questions":false,"conclusions":false,"pays":"1","region":"","marque":"16","marqueConcessions":false,"modele":"VITO (30)","ptvente":"","typeV":"","collection":"","nombre_maximum_elements":"10","lien_fin_carousel":"https:\/\/www.bymycar.fr\/rechercher-un-vehicule?prod_VEHICLES%5BrefinementList%5D%5Bbrand%5D%5B0%5D=MERCEDES&prod_VEHICLES%5BrefinementList%5D%5BmodelGroup1%5D%5B0%5D=VITO%20%2830%29","texte_lien_fin_carousel":"Voir plus de v\u00e9hicules","trier_par":""}],"is_old_post":false,"image":{"ID":38915,"id":38915,"title":"Vito-Mercedes","filename":"Vito-Mercedes.jpg","filesize":1,"url":"https:\/\/cdn.bymycar.eu\/fr-webzine\/wp-content\/uploads\/medias\/Vito-Mercedes.jpg","link":"https:\/\/www.bymycar.fr\/webzine\/quel-est-le-meilleur-vito-mercedes\/vito-mercedes\/","alt":"","author":"9","description":"","caption":"","name":"vito-mercedes","status":"inherit","uploaded_to":38914,"date":"2022-12-30 11:40:38","modified":"2022-12-30 11:40:38","menu_order":0,"mime_type":"image\/jpeg","type":"image","subtype":"jpeg","icon":"https:\/\/www.bymycar.fr\/webzine\/wp-includes\/images\/media\/default.png","width":750,"height":410,"sizes":{"thumbnail":"https:\/\/cdn.bymycar.eu\/fr-webzine\/wp-content\/uploads\/medias\/Vito-Mercedes-150x150.jpg","thumbnail-width":150,"thumbnail-height":150,"medium":"https:\/\/cdn.bymycar.eu\/fr-webzine\/wp-content\/uploads\/medias\/Vito-Mercedes-300x164.jpg","medium-width":300,"medium-height":164,"medium_large":"https:\/\/cdn.bymycar.eu\/fr-webzine\/wp-content\/uploads\/medias\/Vito-Mercedes.jpg","medium_large-width":750,"medium_large-height":410,"large":"https:\/\/cdn.bymycar.eu\/fr-webzine\/wp-content\/uploads\/medias\/Vito-Mercedes.jpg","large-width":750,"large-height":410,"1536x1536":"https:\/\/cdn.bymycar.eu\/fr-webzine\/wp-content\/uploads\/medias\/Vito-Mercedes.jpg","1536x1536-width":750,"1536x1536-height":410,"2048x2048":"https:\/\/cdn.bymycar.eu\/fr-webzine\/wp-content\/uploads\/medias\/Vito-Mercedes.jpg","2048x2048-width":750,"2048x2048-height":410}},"page_content":{"block_content":[{"acf_fc_layout":"carousel-produits"},{"acf_fc_layout":"text-simple","--nav":{"-withNav":false,"-ancre":""},"--group":{"-text":"<h2 style=\"text-align: justify;\">Qu\u2019est-ce qu\u2019un van Mercedes Vito Mixto\u00a0?<\/h2>\n<p style=\"text-align: justify;\">La gamme Mercedes-Benz Vito est connue comme \u00e9tant une r\u00e9f\u00e9rence sur le march\u00e9 des voitures utilitaires de la marque \u00e0 l\u2019\u00e9toile. Ses diff\u00e9rents mod\u00e8les sont \u00e0 la fois appr\u00e9ci\u00e9s par les particuliers et les professionnels. Quel que soit le mod\u00e8le, chacun est connu pour offrir un agr\u00e9ment de conduite satisfaisant au conducteur et est confortable pour les passagers.<\/p>\n<p style=\"text-align: justify;\">Chaque Vito b\u00e9n\u00e9ficie d\u2019un moteur 4 cylindres avec un comportement agile, des valeurs d\u2019\u00e9missions de CO2 limit\u00e9es et une consommation moyenne de carburant. De plus, le contr\u00f4le d\u2019entretien n\u2019est n\u00e9cessaire que tous les 40\u00a0000 km.<\/p>\n<p style=\"text-align: justify;\">Disponible en version fourgon, minivan, van et transport de personnes, le Vito Mixto fait partie des fourgons. Il s\u2019agit du mod\u00e8le le plus fid\u00e8le \u00e0 la tradition des utilitaires de la marque Mercedes. Le Mixto se distingue par son poids, car il est capable de supporter une charge allant jusqu\u2019\u00e0 1\u00a0345 kg.<\/p>\n<p style=\"text-align: justify;\">Le fourgon Vito Mixto est surtout appr\u00e9ci\u00e9 par les professionnels gr\u00e2ce \u00e0 son endurance et sa grande r\u00e9sistance. Pouvant \u00eatre utilis\u00e9 pour le transport de personnes, il est suffisamment spacieux pour pouvoir accueillir jusqu\u2019\u00e0 6 personnes avec un espace de chargement \u00e0 l\u2019arri\u00e8re. D\u2019ailleurs, la plupart des mod\u00e8les de Vito fourgon disposent de si\u00e8ges 2-2-3, dont une banquette passagers rabattable pour gagner plus de volume de chargement. Le Vito Mixto se distingue par son volume de chargement de 4,1 m\u00b3.<\/p>\n<p style=\"text-align: justify;\">Ce mod\u00e8le est \u00e9quip\u00e9 d\u2019une large palette de syst\u00e8mes d\u2019aide \u00e0 la conduite \u00e0 la pointe de la technologie. Cette caract\u00e9ristique s\u2019av\u00e8re tr\u00e8s utile pour les conducteurs durant les stationnements et les man\u0153uvres vu le grand gabarit de ce v\u00e9hicule. Selon les pr\u00e9f\u00e9rences et les habitudes de conduite, il est propos\u00e9 avec une bo\u00eete automatique ou manuelle.<\/p>\n<p style=\"text-align: justify;\">Le Vito Mixto dispose de si\u00e8ges passagers modulables alliant fonctionnalit\u00e9 et confort. La version longue permet de charger jusqu\u2019\u00e0 2,63 m\u00b3 derri\u00e8re la banquette passagers.<\/p>\n<h2 style=\"text-align: justify;\">Quel est le meilleur Vito Mercedes entre 2003 et 2014\u00a0?<\/h2>\n<p style=\"text-align: justify;\">Les Mercedes Vito existent depuis 1996 avec 18 mod\u00e8les diff\u00e9rents et environ 1\u00a0036 versions diff\u00e9rentes. Elles sont disponibles en 2 choix de carrosserie\u00a0: fourgon et minibus-combi. Ces v\u00e9hicules r\u00e9pondent ainsi aux besoins de ceux \u00e0 la recherche d\u2019un combi, pour le transport de personnes et de mat\u00e9riel. Cette gamme est consid\u00e9r\u00e9e comme celle qui regroupe les minivans de la marque Mercedes-Benz.<\/p>\n<p style=\"text-align: justify;\">La p\u00e9riode de 2003 \u00e0 2014 correspond aux ann\u00e9es de production de la seconde g\u00e9n\u00e9ration de Mercedes Classe V, encore connue sous le nom de Viano \u00e0 l\u2019\u00e9poque. Il existe 3 versions de Vito\u00a0: l\u2019ECell, le Viano et Vito W639 qui ont \u00e9t\u00e9 restyl\u00e9s en m\u00eame temps.<\/p>\n<p style=\"text-align: justify;\">Depuis 2003, la Mercedes Vito est reconnue comme une r\u00e9f\u00e9rence sur le march\u00e9 des v\u00e9hicules utilitaires l\u00e9gers. Depuis les versions 2003, les mod\u00e8les de la gamme Vito disposent d\u2019une sellerie ergonomique \u00e0 la fois pour le conducteur et les passagers. \u00c0 part les \u00e9quipements de s\u00e9rie, tous les Vito sont \u00e9quip\u00e9s des derni\u00e8res innovations \u00e0 la pointe des derni\u00e8res technologies.<\/p>\n<h2 style=\"text-align: justify;\">Quelle Mercedes Vito minivan \u00e0 7 et 9 places\u00a0?<\/h2>\n<p style=\"text-align: justify;\">Les <a href=\"https:\/\/www.bymycar.fr\/marques\/mercedes\/vito\">Mercedes Vito<\/a> sont dot\u00e9es d\u2019un volant multifonction, d\u2019un \u00e9cran tactile, d\u2019une connectivit\u00e9 Apple CarPlay et Android auto et de prises pour USB afin de recharger ou autres appareils connect\u00e9s. Niveau confort, tous les v\u00e9hicules sont \u00e9quip\u00e9s des fonctionnalit\u00e9s n\u00e9cessaires afin d\u2019assurer le confort int\u00e9rieur.<\/p>\n<p style=\"text-align: justify;\">S\u2019apparentant au d\u00e9but aux fourgons classiques, le design des Vito s\u2019est am\u00e9lior\u00e9 au fil du temps. D\u00e9sormais, la Mercedes Vito est disponible en 3 dimensions, dont la version extra-longue pouvant accueillir 7 \u00e0 9 passagers \u00e0 son bord.<\/p>\n<p style=\"text-align: justify;\">La Version Vito Tourer dispose de 9 places pour son mod\u00e8le long, avec une charge utile de 975 kg et un PTAC de 2\u00a0800 kg. Elle a un volume de chargement important pouvant atteindre 5\u00a0190 L gr\u00e2ce \u00e0 sa longueur de 5\u00a0140 mm, sa largeur de 1928 mm, sa hauteur de 1\u00a0910 mm et son empattement de 3\u00a0200 mm.<\/p>\n<p style=\"text-align: justify;\">Gr\u00e2ce aux nombreuses variantes de la Mercedes Vito, chaque v\u00e9hicule b\u00e9n\u00e9ficie d\u2019une adaptation optimale aux exigences de chacun, particulier comme professionnel. Ces monospaces de taille moyenne sont appr\u00e9ci\u00e9s pour leur espace passagers spacieux et confortable.<\/p>\n<h2 style=\"text-align: justify;\">Quelle est la diff\u00e9rence entre le Vito et le Viano\u00a0?<\/h2>\n<p style=\"text-align: justify;\">Si le Vito est la gamme qui regroupe toutes les voitures utilitaires de la marque \u00e0 l\u2019\u00e9toile, le Viano regroupe les voitures utilitaires de luxe de Mercedes. Les deux peuvent \u00eatre utilis\u00e9s par des professionnels, mais le Viano est plus con\u00e7u pour les h\u00f4tels de luxe, les transports en navette, etc.<\/p>\n<p style=\"text-align: justify;\">Depuis 2014, le constructeur allemand a arr\u00eat\u00e9 la production du Viano et l\u2019a chang\u00e9 en Mercedes Classe V. Cette voiture se d\u00e9marque du Vito par ses finitions plus abouties sur les planchers sur-mesure, le tapis de sol, le tissu r\u00e9sistant des housses des si\u00e8ges. Les deux sont dot\u00e9s de la derni\u00e8re technologie, dont le syst\u00e8me de d\u00e9tection de somnolence et les syst\u00e8mes de s\u00e9curit\u00e9.<\/p>\n<h2 style=\"text-align: justify;\">Quel est le volume d\u2019une Mercedes-Benz Vito Tourer\u00a0?<\/h2>\n<p style=\"text-align: justify;\">Le Vito Tourer se distingue par son espace passager spacieux d\u00fb \u00e0 ses si\u00e8ges modulables. Ses dimensions lui permettent d\u2019accueillir jusqu\u2019\u00e0 9 personnes dans le confort. Ce monospace est id\u00e9al pour les familles nombreuses. Il dispose de 3 modes de propulsion\u00a0: traction avant, propulsion arri\u00e8re ou transmission int\u00e9grale permanente.<\/p>\n<p style=\"text-align: justify;\">Gr\u00e2ce \u00e0 ses syst\u00e8mes d\u2019aide \u00e0 la conduite, il est facile \u00e0 man\u0153uvrer, m\u00eame dans des espaces \u00e9troits comme les garages souterrains ou les stations de lavage.<\/p>\n<h2 style=\"text-align: justify;\">Quelle motorisation pour un fourgon, camionnette ou transport de personnes Vito\u00a0?<\/h2>\n<p style=\"text-align: justify;\">Chaque v\u00e9hicule de la gamme Vito offre les m\u00eames choix de motorisation. Les seules diff\u00e9rences entre les mod\u00e8les tiennent dans leurs dimensions sur la longueur utile et la charge utile. Chez BYmyCAR, les prix pour un fourgon Vito 114 CDI commencent \u00e0 partir de 31\u00a0200 euros pour un mod\u00e8le d\u2019occasion.<\/p>\n<p style=\"text-align: justify;\">Pour les nouveaux v\u00e9hicules, le Vito Fourgon 114 CDI Long BVA RWD est accessible \u00e0 partir de 41\u00a0622 euros. Ce mod\u00e8le est \u00e9quip\u00e9 d\u2019une bo\u00eete automatique et d\u2019un moteur diesel pouvant d\u00e9velopper jusqu\u2019\u00e0 136 ch. Les mod\u00e8les r\u00e9cents disposent d\u2019un moteur qui respecte les restrictions sur les \u00e9missions de CO2. Il est aussi possible de trouver des Vito \u00e9lectriques\u00a0connus sous le nom eVito.<\/p>\n<h3 style=\"text-align: justify;\">Guide d&rsquo;achat Mercedes Vito :<\/h3>\n<p style=\"text-align: justify;\"><a href=\"https:\/\/www.bymycar.fr\/webzine\/quel-est-le-meilleur-vito-mercedes\/\">Quel est le meilleur Vito Mercedes ?<\/a><\/p>\n<p style=\"text-align: justify;\"><a href=\"https:\/\/www.bymycar.fr\/webzine\/quelle-difference-entre-mercedes-viano-et-vito\/\">Quelle diff\u00e9rence entre Mercedes Viano et Vito ?<\/a><\/p>\n<p style=\"text-align: justify;\"><a href=\"https:\/\/www.bymycar.fr\/webzine\/quelle-est-la-hauteur-dun-mercedes-vito\/\">Quelle est la hauteur d&rsquo;un Mercedes Vito ?<\/a><\/p>\n<p style=\"text-align: justify;\"><a href=\"https:\/\/www.bymycar.fr\/webzine\/quelle-huile-moteur-pour-mercedes-vito\/\">Quelle huile moteur pour Mercedes Vito ?<\/a><\/p>\n<p style=\"text-align: justify;\"><a href=\"https:\/\/www.bymycar.fr\/webzine\/comment-ouvrir-capot-mercedes-vito\/\">Comment ouvrir capot Mercedes Vito ?<\/a><\/p>\n<p style=\"text-align: justify;\"><a href=\"https:\/\/www.bymycar.fr\/webzine\/combien-coute-un-vito-mercedes\/\">Combien co\u00fbte un Vito Mercedes ?<\/a><\/p>\n<p style=\"text-align: justify;\"><a href=\"https:\/\/www.bymycar.fr\/webzine\/combien-de-kilometres-pour-mercedes-vito\/\">Combien de kilom\u00e8tres pour Mercedes Vito ?<\/a><\/p>\n"}},{"acf_fc_layout":"carousel-produits"}]},"add-carousel-to-footer":true},"yoast_head":"<!-- This site is optimized with the Yoast SEO Premium plugin v26.4 (Yoast SEO v26.4) - https:\/\/yoast.com\/wordpress\/plugins\/seo\/ -->\n<title>Combien de passagers dans un Vito Mercedes ?<\/title>\n<meta name=\"robots\" content=\"index, follow, max-snippet:-1, max-image-preview:large, max-video-preview:-1\" \/>\n<link rel=\"canonical\" href=\"https:\/\/www.bymycar.fr\/webzine\/combien-de-passagers-dans-un-vito-mercedes\/\" \/>\n<meta property=\"og:locale\" content=\"fr_FR\" \/>\n<meta property=\"og:type\" content=\"article\" \/>\n<meta property=\"og:title\" content=\"Combien de passagers dans un Vito Mercedes ?\" \/>\n<meta property=\"og:url\" content=\"https:\/\/www.bymycar.fr\/webzine\/combien-de-passagers-dans-un-vito-mercedes\/\" \/>\n<meta property=\"og:site_name\" content=\"Webzine auto BYmyCAR\" \/>\n<meta property=\"article:published_time\" content=\"2023-01-03T09:41:57+00:00\" \/>\n<meta property=\"article:modified_time\" content=\"2026-04-14T15:42:35+00:00\" \/>\n<meta property=\"og:image\" content=\"https:\/\/cdn.bymycar.eu\/fr-webzine\/wp-content\/uploads\/medias\/Vito-Mercedes.jpg\" \/>\n\t<meta property=\"og:image:width\" content=\"750\" \/>\n\t<meta property=\"og:image:height\" content=\"410\" \/>\n\t<meta property=\"og:image:type\" content=\"image\/jpeg\" \/>\n<meta name=\"author\" content=\"La R\u00e9daction BYmyCAR\" \/>\n<meta name=\"twitter:card\" content=\"summary_large_image\" \/>\n<meta name=\"twitter:label1\" content=\"\u00c9crit par\" \/>\n\t<meta name=\"twitter:data1\" content=\"La R\u00e9daction BYmyCAR\" \/>\n<script type=\"application\/ld+json\" class=\"yoast-schema-graph\">{\"@context\":\"https:\/\/schema.org\",\"@graph\":[{\"@type\":\"Article\",\"@id\":\"https:\/\/www.bymycar.fr\/webzine\/combien-de-passagers-dans-un-vito-mercedes\/#article\",\"isPartOf\":{\"@id\":\"https:\/\/www.bymycar.fr\/webzine\/combien-de-passagers-dans-un-vito-mercedes\/\"},\"author\":{\"name\":\"La R\u00e9daction BYmyCAR\",\"@id\":\"https:\/\/www.bymycar.fr\/webzine\/#\/schema\/person\/8d570fe11eb8929f06c1e6d00f4d9689\"},\"headline\":\"Combien de passagers dans un Vito Mercedes ?\",\"datePublished\":\"2023-01-03T09:41:57+00:00\",\"dateModified\":\"2026-04-14T15:42:35+00:00\",\"mainEntityOfPage\":{\"@id\":\"https:\/\/www.bymycar.fr\/webzine\/combien-de-passagers-dans-un-vito-mercedes\/\"},\"wordCount\":7,\"publisher\":{\"@id\":\"https:\/\/www.bymycar.fr\/webzine\/#organization\"},\"image\":{\"@id\":\"https:\/\/www.bymycar.fr\/webzine\/combien-de-passagers-dans-un-vito-mercedes\/#primaryimage\"},\"thumbnailUrl\":\"https:\/\/cdn.bymycar.eu\/fr-webzine\/wp-content\/uploads\/medias\/Vito-Mercedes.jpg\",\"articleSection\":[\"Guide d'achat\",\"Guide d'achat Mercedes\"],\"inLanguage\":\"fr-FR\"},{\"@type\":\"WebPage\",\"@id\":\"https:\/\/www.bymycar.fr\/webzine\/combien-de-passagers-dans-un-vito-mercedes\/\",\"url\":\"https:\/\/www.bymycar.fr\/webzine\/combien-de-passagers-dans-un-vito-mercedes\/\",\"name\":\"Combien de passagers dans un Vito Mercedes ?\",\"isPartOf\":{\"@id\":\"https:\/\/www.bymycar.fr\/webzine\/#website\"},\"primaryImageOfPage\":{\"@id\":\"https:\/\/www.bymycar.fr\/webzine\/combien-de-passagers-dans-un-vito-mercedes\/#primaryimage\"},\"image\":{\"@id\":\"https:\/\/www.bymycar.fr\/webzine\/combien-de-passagers-dans-un-vito-mercedes\/#primaryimage\"},\"thumbnailUrl\":\"https:\/\/cdn.bymycar.eu\/fr-webzine\/wp-content\/uploads\/medias\/Vito-Mercedes.jpg\",\"datePublished\":\"2023-01-03T09:41:57+00:00\",\"dateModified\":\"2026-04-14T15:42:35+00:00\",\"breadcrumb\":{\"@id\":\"https:\/\/www.bymycar.fr\/webzine\/combien-de-passagers-dans-un-vito-mercedes\/#breadcrumb\"},\"inLanguage\":\"fr-FR\",\"potentialAction\":[{\"@type\":\"ReadAction\",\"target\":[\"https:\/\/www.bymycar.fr\/webzine\/combien-de-passagers-dans-un-vito-mercedes\/\"]}]},{\"@type\":\"ImageObject\",\"inLanguage\":\"fr-FR\",\"@id\":\"https:\/\/www.bymycar.fr\/webzine\/combien-de-passagers-dans-un-vito-mercedes\/#primaryimage\",\"url\":\"https:\/\/cdn.bymycar.eu\/fr-webzine\/wp-content\/uploads\/medias\/Vito-Mercedes.jpg\",\"contentUrl\":\"https:\/\/cdn.bymycar.eu\/fr-webzine\/wp-content\/uploads\/medias\/Vito-Mercedes.jpg\",\"width\":750,\"height\":410},{\"@type\":\"BreadcrumbList\",\"@id\":\"https:\/\/www.bymycar.fr\/webzine\/combien-de-passagers-dans-un-vito-mercedes\/#breadcrumb\",\"itemListElement\":[{\"@type\":\"ListItem\",\"position\":1,\"name\":\"Accueil\",\"item\":\"https:\/\/www.bymycar.fr\/webzine\/\"},{\"@type\":\"ListItem\",\"position\":2,\"name\":\"Combien de passagers dans un Vito Mercedes ?\"}]},{\"@type\":\"WebSite\",\"@id\":\"https:\/\/www.bymycar.fr\/webzine\/#website\",\"url\":\"https:\/\/www.bymycar.fr\/webzine\/\",\"name\":\"Webzine auto BYmyCAR\",\"description\":\"La magazine auto de BYmyCAR\",\"publisher\":{\"@id\":\"https:\/\/www.bymycar.fr\/webzine\/#organization\"},\"potentialAction\":[{\"@type\":\"SearchAction\",\"target\":{\"@type\":\"EntryPoint\",\"urlTemplate\":\"https:\/\/www.bymycar.fr\/webzine\/?s={search_term_string}\"},\"query-input\":{\"@type\":\"PropertyValueSpecification\",\"valueRequired\":true,\"valueName\":\"search_term_string\"}}],\"inLanguage\":\"fr-FR\"},{\"@type\":\"Organization\",\"@id\":\"https:\/\/www.bymycar.fr\/webzine\/#organization\",\"name\":\"BYmyCAR\",\"url\":\"https:\/\/www.bymycar.fr\/webzine\/\",\"logo\":{\"@type\":\"ImageObject\",\"inLanguage\":\"fr-FR\",\"@id\":\"https:\/\/www.bymycar.fr\/webzine\/#\/schema\/logo\/image\/\",\"url\":\"https:\/\/cdn.bymycar.eu\/fr-webzine\/wp-content\/uploads\/medias\/2017\/08\/logo_DEALER_00000406_001.png\",\"contentUrl\":\"https:\/\/cdn.bymycar.eu\/fr-webzine\/wp-content\/uploads\/medias\/2017\/08\/logo_DEALER_00000406_001.png\",\"width\":2132,\"height\":720,\"caption\":\"BYmyCAR\"},\"image\":{\"@id\":\"https:\/\/www.bymycar.fr\/webzine\/#\/schema\/logo\/image\/\"}},{\"@type\":\"Person\",\"@id\":\"https:\/\/www.bymycar.fr\/webzine\/#\/schema\/person\/8d570fe11eb8929f06c1e6d00f4d9689\",\"name\":\"La R\u00e9daction BYmyCAR\",\"image\":{\"@type\":\"ImageObject\",\"inLanguage\":\"fr-FR\",\"@id\":\"https:\/\/www.bymycar.fr\/webzine\/#\/schema\/person\/image\/\",\"url\":\"https:\/\/secure.gravatar.com\/avatar\/1aa6b039d0ce106989923af4e2d0f2a0c82bb070d5e449f1b9adf082a5863900?s=96&d=mm&r=g\",\"contentUrl\":\"https:\/\/secure.gravatar.com\/avatar\/1aa6b039d0ce106989923af4e2d0f2a0c82bb070d5e449f1b9adf082a5863900?s=96&d=mm&r=g\",\"caption\":\"La R\u00e9daction BYmyCAR\"},\"sameAs\":[\"https:\/\/www.bymycar.fr\/\"]}]}<\/script>\n<!-- \/ Yoast SEO Premium plugin. -->","yoast_head_json":{"title":"Combien de passagers dans un Vito Mercedes ?","robots":{"index":"index","follow":"follow","max-snippet":"max-snippet:-1","max-image-preview":"max-image-preview:large","max-video-preview":"max-video-preview:-1"},"canonical":"https:\/\/www.bymycar.fr\/webzine\/combien-de-passagers-dans-un-vito-mercedes\/","og_locale":"fr_FR","og_type":"article","og_title":"Combien de passagers dans un Vito Mercedes ?","og_url":"https:\/\/www.bymycar.fr\/webzine\/combien-de-passagers-dans-un-vito-mercedes\/","og_site_name":"Webzine auto BYmyCAR","article_published_time":"2023-01-03T09:41:57+00:00","article_modified_time":"2026-04-14T15:42:35+00:00","og_image":[{"width":750,"height":410,"url":"https:\/\/cdn.bymycar.eu\/fr-webzine\/wp-content\/uploads\/medias\/Vito-Mercedes.jpg","type":"image\/jpeg"}],"author":"La R\u00e9daction BYmyCAR","twitter_card":"summary_large_image","twitter_misc":{"\u00c9crit par":"La R\u00e9daction BYmyCAR"},"schema":{"@context":"https:\/\/schema.org","@graph":[{"@type":"Article","@id":"https:\/\/www.bymycar.fr\/webzine\/combien-de-passagers-dans-un-vito-mercedes\/#article","isPartOf":{"@id":"https:\/\/www.bymycar.fr\/webzine\/combien-de-passagers-dans-un-vito-mercedes\/"},"author":{"name":"La R\u00e9daction BYmyCAR","@id":"https:\/\/www.bymycar.fr\/webzine\/#\/schema\/person\/8d570fe11eb8929f06c1e6d00f4d9689"},"headline":"Combien de passagers dans un Vito Mercedes ?","datePublished":"2023-01-03T09:41:57+00:00","dateModified":"2026-04-14T15:42:35+00:00","mainEntityOfPage":{"@id":"https:\/\/www.bymycar.fr\/webzine\/combien-de-passagers-dans-un-vito-mercedes\/"},"wordCount":7,"publisher":{"@id":"https:\/\/www.bymycar.fr\/webzine\/#organization"},"image":{"@id":"https:\/\/www.bymycar.fr\/webzine\/combien-de-passagers-dans-un-vito-mercedes\/#primaryimage"},"thumbnailUrl":"https:\/\/cdn.bymycar.eu\/fr-webzine\/wp-content\/uploads\/medias\/Vito-Mercedes.jpg","articleSection":["Guide d'achat","Guide d'achat Mercedes"],"inLanguage":"fr-FR"},{"@type":"WebPage","@id":"https:\/\/www.bymycar.fr\/webzine\/combien-de-passagers-dans-un-vito-mercedes\/","url":"https:\/\/www.bymycar.fr\/webzine\/combien-de-passagers-dans-un-vito-mercedes\/","name":"Combien de passagers dans un Vito Mercedes ?","isPartOf":{"@id":"https:\/\/www.bymycar.fr\/webzine\/#website"},"primaryImageOfPage":{"@id":"https:\/\/www.bymycar.fr\/webzine\/combien-de-passagers-dans-un-vito-mercedes\/#primaryimage"},"image":{"@id":"https:\/\/www.bymycar.fr\/webzine\/combien-de-passagers-dans-un-vito-mercedes\/#primaryimage"},"thumbnailUrl":"https:\/\/cdn.bymycar.eu\/fr-webzine\/wp-content\/uploads\/medias\/Vito-Mercedes.jpg","datePublished":"2023-01-03T09:41:57+00:00","dateModified":"2026-04-14T15:42:35+00:00","breadcrumb":{"@id":"https:\/\/www.bymycar.fr\/webzine\/combien-de-passagers-dans-un-vito-mercedes\/#breadcrumb"},"inLanguage":"fr-FR","potentialAction":[{"@type":"ReadAction","target":["https:\/\/www.bymycar.fr\/webzine\/combien-de-passagers-dans-un-vito-mercedes\/"]}]},{"@type":"ImageObject","inLanguage":"fr-FR","@id":"https:\/\/www.bymycar.fr\/webzine\/combien-de-passagers-dans-un-vito-mercedes\/#primaryimage","url":"https:\/\/cdn.bymycar.eu\/fr-webzine\/wp-content\/uploads\/medias\/Vito-Mercedes.jpg","contentUrl":"https:\/\/cdn.bymycar.eu\/fr-webzine\/wp-content\/uploads\/medias\/Vito-Mercedes.jpg","width":750,"height":410},{"@type":"BreadcrumbList","@id":"https:\/\/www.bymycar.fr\/webzine\/combien-de-passagers-dans-un-vito-mercedes\/#breadcrumb","itemListElement":[{"@type":"ListItem","position":1,"name":"Accueil","item":"https:\/\/www.bymycar.fr\/webzine\/"},{"@type":"ListItem","position":2,"name":"Combien de passagers dans un Vito Mercedes ?"}]},{"@type":"WebSite","@id":"https:\/\/www.bymycar.fr\/webzine\/#website","url":"https:\/\/www.bymycar.fr\/webzine\/","name":"Webzine auto BYmyCAR","description":"La magazine auto de BYmyCAR","publisher":{"@id":"https:\/\/www.bymycar.fr\/webzine\/#organization"},"potentialAction":[{"@type":"SearchAction","target":{"@type":"EntryPoint","urlTemplate":"https:\/\/www.bymycar.fr\/webzine\/?s={search_term_string}"},"query-input":{"@type":"PropertyValueSpecification","valueRequired":true,"valueName":"search_term_string"}}],"inLanguage":"fr-FR"},{"@type":"Organization","@id":"https:\/\/www.bymycar.fr\/webzine\/#organization","name":"BYmyCAR","url":"https:\/\/www.bymycar.fr\/webzine\/","logo":{"@type":"ImageObject","inLanguage":"fr-FR","@id":"https:\/\/www.bymycar.fr\/webzine\/#\/schema\/logo\/image\/","url":"https:\/\/cdn.bymycar.eu\/fr-webzine\/wp-content\/uploads\/medias\/2017\/08\/logo_DEALER_00000406_001.png","contentUrl":"https:\/\/cdn.bymycar.eu\/fr-webzine\/wp-content\/uploads\/medias\/2017\/08\/logo_DEALER_00000406_001.png","width":2132,"height":720,"caption":"BYmyCAR"},"image":{"@id":"https:\/\/www.bymycar.fr\/webzine\/#\/schema\/logo\/image\/"}},{"@type":"Person","@id":"https:\/\/www.bymycar.fr\/webzine\/#\/schema\/person\/8d570fe11eb8929f06c1e6d00f4d9689","name":"La R\u00e9daction BYmyCAR","image":{"@type":"ImageObject","inLanguage":"fr-FR","@id":"https:\/\/www.bymycar.fr\/webzine\/#\/schema\/person\/image\/","url":"https:\/\/secure.gravatar.com\/avatar\/1aa6b039d0ce106989923af4e2d0f2a0c82bb070d5e449f1b9adf082a5863900?s=96&d=mm&r=g","contentUrl":"https:\/\/secure.gravatar.com\/avatar\/1aa6b039d0ce106989923af4e2d0f2a0c82bb070d5e449f1b9adf082a5863900?s=96&d=mm&r=g","caption":"La R\u00e9daction BYmyCAR"},"sameAs":["https:\/\/www.bymycar.fr\/"]}]}},"_links":{"self":[{"href":"https:\/\/www.bymycar.fr\/webzine\/wp-json\/wp\/v2\/posts\/39017","targetHints":{"allow":["GET"]}}],"collection":[{"href":"https:\/\/www.bymycar.fr\/webzine\/wp-json\/wp\/v2\/posts"}],"about":[{"href":"https:\/\/www.bymycar.fr\/webzine\/wp-json\/wp\/v2\/types\/post"}],"author":[{"embeddable":true,"href":"https:\/\/www.bymycar.fr\/webzine\/wp-json\/wp\/v2\/users\/88"}],"replies":[{"embeddable":true,"href":"https:\/\/www.bymycar.fr\/webzine\/wp-json\/wp\/v2\/comments?post=39017"}],"version-history":[{"count":6,"href":"https:\/\/www.bymycar.fr\/webzine\/wp-json\/wp\/v2\/posts\/39017\/revisions"}],"predecessor-version":[{"id":39088,"href":"https:\/\/www.bymycar.fr\/webzine\/wp-json\/wp\/v2\/posts\/39017\/revisions\/39088"}],"wp:featuredmedia":[{"embeddable":true,"href":"https:\/\/www.bymycar.fr\/webzine\/wp-json\/wp\/v2\/media\/38915"}],"wp:attachment":[{"href":"https:\/\/www.bymycar.fr\/webzine\/wp-json\/wp\/v2\/media?parent=39017"}],"wp:term":[{"taxonomy":"category","embeddable":true,"href":"https:\/\/www.bymycar.fr\/webzine\/wp-json\/wp\/v2\/categories?post=39017"},{"taxonomy":"post_tag","embeddable":true,"href":"https:\/\/www.bymycar.fr\/webzine\/wp-json\/wp\/v2\/tags?post=39017"}],"curies":[{"name":"wp","href":"https:\/\/api.w.org\/{rel}","templated":true}]}}