{"id":38943,"date":"2023-01-02T08:44:35","date_gmt":"2023-01-02T07:44:35","guid":{"rendered":"https:\/\/prod.bymycar.fr\/webzine\/?p=38943"},"modified":"2026-04-14T17:42:37","modified_gmt":"2026-04-14T15:42:37","slug":"combien-coute-un-vito-mercedes","status":"publish","type":"post","link":"https:\/\/www.bymycar.fr\/webzine\/combien-coute-un-vito-mercedes\/","title":{"rendered":"Combien co\u00fbte un Vito Mercedes ?"},"content":{"rendered":"","protected":false},"excerpt":{"rendered":"","protected":false},"author":88,"featured_media":38915,"comment_status":"closed","ping_status":"closed","sticky":false,"template":"","format":"standard","meta":{"_acf_changed":false,"footnotes":""},"categories":[12893,12896],"tags":[],"class_list":["post-38943","post","type-post","status-publish","format-standard","has-post-thumbnail","hentry","category-guide-dachat","category-guide-dachat-mercedes"],"acf":{"template":"classique","introduction":"<p>D\u00e9couvrez la polyvalence exceptionnelle du Mercedes Vito, disponible en versions fourgon, Mixto, Tourer et eVito \u00e9lectrique. Le co\u00fbt du Mercedes Vito varie selon les configurations et motorisations, avec trois longueurs disponibles : Compact, Long et Extra-Long. Chez BYmyCAR, trouvez votre mod\u00e8le id\u00e9al parmi notre large s\u00e9lection de v\u00e9hicules neufs et d&rsquo;occasion.<\/p>\n<p><strong>\u00c0 retenir<\/strong><\/p>\n<p>Le Mercedes-Benz Vito s&rsquo;impose comme une r\u00e9f\u00e9rence dans le segment des utilitaires avec ses nombreux atouts :<\/p>\n<ul>\n<li>Une modularit\u00e9 exceptionnelle avec trois longueurs disponibles (Compact, Long et Extra-Long) et quatre versions adapt\u00e9es \u00e0 tous les besoins professionnels.<\/li>\n<li>Des motorisations performantes et \u00e9conomes en carburant, incluant des options diesel efficientes et une version 100% \u00e9lectrique pour une mobilit\u00e9 plus \u00e9cologique.<\/li>\n<li>Un confort de conduite sup\u00e9rieur gr\u00e2ce \u00e0 des \u00e9quipements de pointe comme l&rsquo;assistance \u00e0 la conduite active et le syst\u00e8me multim\u00e9dia intuitif.<\/li>\n<\/ul>\n<p>Le Vito fourgon se distingue particuli\u00e8rement par son volume de chargement g\u00e9n\u00e9reux, offrant ainsi une solution id\u00e9ale pour tous vos besoins professionnels.<\/p>\n","strates":[{"type_strate":"carousel-produits","ancre":"","contenu":"<h2>Voiture Mercedes\u00a0: est-ce qu\u2019un Vito Mixto est-il un 4&#215;4\u2009?<\/h2>\n<p>Le Vito Mixto est un v\u00e9hicule multifonction \u00e0 l\u2019\u00e9toile. Il peut \u00e0 la fois transporter les personnes et le mat\u00e9riel. Il peut accueillir six personnes. Son volume de chargement est de 4,1\u00a0m\u00b3. Il est tr\u00e8s \u00e9conomique, car les modes de propulsion sont peu \u00e9nergivores. Il allie \u00e0 la fois fonctionnalit\u00e9 et confort. Il est dot\u00e9 de plusieurs \u00e9quipements\u00a0de s\u00e9rie et en option\u00a0:<\/p>\n<ul>\n<li>Syst\u00e8mes d\u2019assistance \u00e0 la conduite de pointe\u2009;<\/li>\n<li>Volant r\u00e9glable en inclinaison et en hauteur\u2009;<\/li>\n<li>Si\u00e8ges modulables\u2009;<\/li>\n<li>R\u00e9troviseur int\u00e9rieur num\u00e9rique\u2009;<\/li>\n<li>Cam\u00e9ra de recul\u00a0;<\/li>\n<li>Etc.<\/li>\n<\/ul>\n<p>Le Vito Mixto\u00a04&#215;4 \u00e0 transmission int\u00e9grale est le v\u00e9hicule qui vous accorde une parfaite maniabilit\u00e9. Il est \u00e0 l\u2019aise en tout-terrain et efficient sur la route. Chez BYmyCAR, le Vito Mixto d\u2019occasion est accessible \u00e0 46\u2009890\u00a0euros. Avec un tel budget, vous aurez un Vito Mixto 119 CDI Compact BVA RWD.<\/p>\n<h2>Quel moteur choisir pour le nouveau v\u00e9hicule utilitaire Mercedes Vito\u2009?<\/h2>\n<p>C\u00f4t\u00e9 motorisation, deux blocs diesel sont disponibles\u00a0:<\/p>\n<ul>\n<li>Le 1\u2009749\u00a0cm3 de 102 et 136 CH sur les versions traction\u2009;<\/li>\n<li>Le 1\u2009950\u00a0cm3 de 136, 163 et 190 CH.<\/li>\n<\/ul>\n<p>Le Vito Tourer adopte la cha\u00eene de traction de l\u2019EQV qui d\u00e9veloppe une puissance de 204 CH. La version eVito fourgon est \u00e9quip\u00e9e d\u2019un moteur \u00e9lectrique de 136 CH.<\/p>\n<p>\u00c0 noter que le nouveau moteur 2.0 CDI\u00a0136 CH est reli\u00e9 \u00e0 une bo\u00eete de vitesses automatique \u00e0 9 rapports. Sa consommation de carburant est de 8\u00a0l\/100 km en moyenne.<\/p>\n<h2>Quelle diff\u00e9rence entre Mercedes Viano et Vito\u2009?<\/h2>\n<p>Le constructeur allemand a produit le monospace Viano (version \u00ab\u2009particuliers\u2009\u00bb) et le\u00a0<a href=\"https:\/\/www.bymycar.fr\/marques\/mercedes\/vito\">Vito<\/a>\u00a0(version utilitaire). Le Viano est donc un Vito destin\u00e9 au transport de passagers. Cette nouvelle gamme de monospaces succ\u00e8de \u00e0 la Mercedes Classe V. Le Vito est un utilitaire l\u00e9ger disponible en version combi et fourgon. Le Viano et le Vito offrent un maximum de s\u00e9curit\u00e9. Ils proposent tous les deux trois longueurs de carrosserie et deux empattements. Leur design est typiquement Mercedes-Benz. Ils se distinguent particuli\u00e8rement au niveau des lignes et des packs d\u2019\u00e9quipement.<\/p>\n<h2>Mercedes-Benz\u00a02022\u00a0: quel est le prix du meilleur Vito Fourgon neuf ou d\u2019occasion\u2009?<\/h2>\n<p>Chez BYmyCAR, vous pouvez vous offrir un nouveau Vito Fourgon de 2022 \u00e0 l\u2019\u00e9tat neuf \u00e0 partir de 41\u2009622\u00a0euros. \u00c0 ce prix, vous aurez une Mercedes Vito Fourgon 114 CDI long BVA RWD pro. Cette voiture utilitaire mesure 5\u2009140\u00a0mm de longueur, 1\u2009928\u00a0mm de largeur et 1\u2009910\u00a0mm de hauteur. Son empattement de roue est de 3\u2009200\u00a0mm. Elle d\u00e9veloppe une puissance r\u00e9elle de 136 CH. Son \u00e9mission de CO2 est de 150\u00a0g\/km.<\/p>\n<p>Si votre budget est serr\u00e9, vous pouvez opter pour le MERCEDES VITO FOURGON 119 CDI LONG BVA RWD SELECT. Ayant d\u00e9j\u00e0 roul\u00e9 73\u00a0236 km, cette voiture co\u00fbte 32\u00a0776 \u20ac HT.<\/p>\n<h2>AMG, compact, etc.\u00a0: o\u00f9 trouver une Mercedes Vito Mixto\u00a02021 pas ch\u00e8re\u2009?<\/h2>\n<p>BYmyCAR propose une large gamme de Mercedes Vito Mixto neuves et d\u2019occasion \u00e0 prix abordable. Le Vito Mixto neuf co\u00fbte 62\u2009532\u00a0euros. Avec un tel budget, vous aurez un Vito Mixto 119 CDI Compact BVA RWD Select.<\/p>\n<h3>\u00c0 LIRE \u00c9GALEMENT :<\/h3>\n<p><a href=\"https:\/\/www.bymycar.fr\/webzine\/quel-est-le-meilleur-vito-mercedes\/\">Quel est le meilleur Vito Mercedes ?<\/a><\/p>\n<p><a href=\"https:\/\/www.bymycar.fr\/webzine\/quelle-difference-entre-mercedes-viano-et-vito\/\">Quelle diff\u00e9rence entre Mercedes Viano et Vito ?<\/a><\/p>\n<p><a href=\"https:\/\/www.bymycar.fr\/webzine\/quelle-est-la-hauteur-dun-mercedes-vito\/\">Quelle est la hauteur d&rsquo;un Mercedes Vito ?<\/a><\/p>\n<p><a href=\"https:\/\/www.bymycar.fr\/webzine\/quelle-huile-moteur-pour-mercedes-vito\/\">Quelle huile moteur pour Mercedes Vito ?<\/a><\/p>\n<p><a href=\"https:\/\/www.bymycar.fr\/webzine\/comment-ouvrir-capot-mercedes-vito\/\">Comment ouvrir capot Mercedes Vito ?<\/a><\/p>\n<p><a href=\"https:\/\/www.bymycar.fr\/webzine\/combien-de-kilometres-pour-mercedes-vito\/\">Combien de kilom\u00e8tres pour Mercedes Vito ?<\/a><\/p>\n<p><a href=\"https:\/\/www.bymycar.fr\/webzine\/combien-de-passagers-dans-un-vito-mercedes\/\">Combien de passagers dans un Vito Mercedes ?<\/a><\/p>\n","titre":"Voir nos v\u00e9hicules Mercedes Vito disponibles","image":false,"image_libre":false,"image_800x500":false,"legende":"","zoom":false,"texte":"","articles":false,"categorie_droite":false,"images":false,"elements_comparatif":false,"texte_1":"","texte_2":"","image_1":false,"image_1_563x400":false,"image_1_332x332":false,"image_2":false,"image_2_333x240":false,"image_2_563x400":false,"image_3":false,"image_3_333x240":false,"image_3_332x450":false,"image_4":false,"image_4_332x332":false,"image_4_563x400":false,"code_embed":"","legende_video":"","photo":false,"photo_100x100":false,"nom":"","fonction":"","elements_timeline":false,"entetes_colonnes":false,"entetes_lignes":false,"lignes":false,"introduction":"","formulaire":false,"question":"","reponse":"","libelle_bouton_lien":"","url_lien":"","questions":false,"conclusions":false,"pays":"1","region":"","marque":"16","marqueConcessions":false,"modele":"VITO (30)","ptvente":"","typeV":"","collection":"","nombre_maximum_elements":"10","lien_fin_carousel":"https:\/\/www.bymycar.fr\/rechercher-un-vehicule?prod_VEHICLES%5BrefinementList%5D%5Bbrand%5D%5B0%5D=MERCEDES&prod_VEHICLES%5BrefinementList%5D%5BmodelGroup1%5D%5B0%5D=VITO%20%2830%29","texte_lien_fin_carousel":"Voir plus de v\u00e9hicules","trier_par":""},{"type_strate":"texte-simple","ancre":"","contenu":"<h2 style=\"text-align: justify;\">Voiture Mercedes\u00a0: est-ce qu\u2019un Vito Mixto est-il un 4&#215;4\u2009?<\/h2>\n<p style=\"text-align: justify;\">Le Vito Mixto est un v\u00e9hicule multifonction \u00e0 l\u2019\u00e9toile. Il peut \u00e0 la fois transporter les personnes et le mat\u00e9riel. Il peut accueillir six personnes. Son volume de chargement est de 4,1\u00a0m\u00b3. Il est tr\u00e8s \u00e9conomique, car les modes de propulsion sont peu \u00e9nergivores. Il allie \u00e0 la fois fonctionnalit\u00e9 et confort. Il est dot\u00e9 de plusieurs \u00e9quipements\u00a0de s\u00e9rie et en option\u00a0:<\/p>\n<ul style=\"text-align: justify;\">\n<li>Syst\u00e8mes d\u2019assistance \u00e0 la conduite de pointe\u2009;<\/li>\n<li>Volant r\u00e9glable en inclinaison et en hauteur\u2009;<\/li>\n<li>Si\u00e8ges modulables\u2009;<\/li>\n<li>R\u00e9troviseur int\u00e9rieur num\u00e9rique\u2009;<\/li>\n<li>Cam\u00e9ra de recul\u00a0;<\/li>\n<li>Etc.<\/li>\n<\/ul>\n<p style=\"text-align: justify;\">Le Vito Mixto\u00a04&#215;4 \u00e0 transmission int\u00e9grale est le v\u00e9hicule qui vous accorde une parfaite maniabilit\u00e9. Il est \u00e0 l\u2019aise en tout-terrain et efficient sur la route. Chez BYmyCAR, le Vito Mixto d\u2019occasion est accessible \u00e0 46\u2009890\u00a0euros. Avec un tel budget, vous aurez un Vito Mixto 119 CDI Compact BVA RWD.<\/p>\n<h2 style=\"text-align: justify;\">Quel moteur choisir pour le nouveau v\u00e9hicule utilitaire Mercedes Vito\u2009?<\/h2>\n<p style=\"text-align: justify;\">C\u00f4t\u00e9 motorisation, deux blocs diesel sont disponibles\u00a0:<\/p>\n<ul style=\"text-align: justify;\">\n<li>Le 1\u2009749\u00a0cm3 de 102 et 136 CH sur les versions traction\u2009;<\/li>\n<li>Le 1\u2009950\u00a0cm3 de 136, 163 et 190 CH.<\/li>\n<\/ul>\n<p style=\"text-align: justify;\">Le Vito Tourer adopte la cha\u00eene de traction de l\u2019EQV qui d\u00e9veloppe une puissance de 204 CH. La version eVito fourgon est \u00e9quip\u00e9e d\u2019un moteur \u00e9lectrique de 136 CH.<\/p>\n<p style=\"text-align: justify;\">\u00c0 noter que le nouveau moteur 2.0 CDI\u00a0136 CH est reli\u00e9 \u00e0 une bo\u00eete de vitesses automatique \u00e0 9 rapports. Sa consommation de carburant est de 8\u00a0l\/100 km en moyenne.<\/p>\n<h2 style=\"text-align: justify;\">Quelle diff\u00e9rence entre Mercedes Viano et Vito\u2009?<\/h2>\n<p style=\"text-align: justify;\">Le constructeur allemand a produit le monospace Viano (version \u00ab\u2009particuliers\u2009\u00bb) et le\u00a0<a href=\"https:\/\/www.bymycar.fr\/marques\/mercedes\/vito\">Vito<\/a>\u00a0(version utilitaire). Le Viano est donc un Vito destin\u00e9 au transport de passagers. Cette nouvelle gamme de monospaces succ\u00e8de \u00e0 la Mercedes Classe V. Le Vito est un utilitaire l\u00e9ger disponible en version combi et fourgon. Le Viano et le Vito offrent un maximum de s\u00e9curit\u00e9. Ils proposent tous les deux trois longueurs de carrosserie et deux empattements. Leur design est typiquement Mercedes-Benz. Ils se distinguent particuli\u00e8rement au niveau des lignes et des packs d\u2019\u00e9quipement.<\/p>\n<h2 style=\"text-align: justify;\">Mercedes-Benz\u00a02022\u00a0: quel est le prix du meilleur Vito Fourgon neuf ou d\u2019occasion\u2009?<\/h2>\n<p style=\"text-align: justify;\">Chez BYmyCAR, vous pouvez vous offrir un nouveau Vito Fourgon de 2022 \u00e0 l\u2019\u00e9tat neuf \u00e0 partir de 41\u2009622\u00a0euros. \u00c0 ce prix, vous aurez une Mercedes Vito Fourgon 114 CDI long BVA RWD pro. Cette voiture utilitaire mesure 5\u2009140\u00a0mm de longueur, 1\u2009928\u00a0mm de largeur et 1\u2009910\u00a0mm de hauteur. Son empattement de roue est de 3\u2009200\u00a0mm. Elle d\u00e9veloppe une puissance r\u00e9elle de 136 CH. Son \u00e9mission de CO2 est de 150\u00a0g\/km.<\/p>\n<p style=\"text-align: justify;\">Si votre budget est serr\u00e9, vous pouvez opter pour le MERCEDES VITO FOURGON 119 CDI LONG BVA RWD SELECT. Ayant d\u00e9j\u00e0 roul\u00e9 73\u00a0236 km, cette voiture co\u00fbte 32\u00a0776 \u20ac HT.<\/p>\n<h2 style=\"text-align: justify;\">AMG, compact, etc.\u00a0: o\u00f9 trouver une Mercedes Vito Mixto\u00a02021 pas ch\u00e8re\u2009?<\/h2>\n<p style=\"text-align: justify;\">BYmyCAR propose une large gamme de Mercedes Vito Mixto neuves et d\u2019occasion \u00e0 prix abordable. Le Vito Mixto neuf co\u00fbte 62\u2009532\u00a0euros. Avec un tel budget, vous aurez un Vito Mixto 119 CDI Compact BVA RWD Select.<\/p>\n<h3 style=\"text-align: justify;\">Guide d&rsquo;achat Mercedes Vito :<\/h3>\n<p style=\"text-align: justify;\"><a href=\"https:\/\/www.bymycar.fr\/webzine\/quel-est-le-meilleur-vito-mercedes\/\">Quel est le meilleur Vito Mercedes ?<\/a><\/p>\n<p style=\"text-align: justify;\"><a href=\"https:\/\/www.bymycar.fr\/webzine\/quelle-difference-entre-mercedes-viano-et-vito\/\">Quelle diff\u00e9rence entre Mercedes Viano et Vito ?<\/a><\/p>\n<p style=\"text-align: justify;\"><a href=\"https:\/\/www.bymycar.fr\/webzine\/quelle-est-la-hauteur-dun-mercedes-vito\/\">Quelle est la hauteur d&rsquo;un Mercedes Vito ?<\/a><\/p>\n<p style=\"text-align: justify;\"><a href=\"https:\/\/www.bymycar.fr\/webzine\/quelle-huile-moteur-pour-mercedes-vito\/\">Quelle huile moteur pour Mercedes Vito ?<\/a><\/p>\n<p style=\"text-align: justify;\"><a href=\"https:\/\/www.bymycar.fr\/webzine\/comment-ouvrir-capot-mercedes-vito\/\">Comment ouvrir capot Mercedes Vito ?<\/a><\/p>\n<p style=\"text-align: justify;\"><a href=\"https:\/\/www.bymycar.fr\/webzine\/combien-de-kilometres-pour-mercedes-vito\/\">Combien de kilom\u00e8tres pour Mercedes Vito ?<\/a><\/p>\n<p style=\"text-align: justify;\"><a href=\"https:\/\/www.bymycar.fr\/webzine\/combien-de-passagers-dans-un-vito-mercedes\/\">Combien de passagers dans un Vito Mercedes ?<\/a><\/p>\n","titre":"Texte 1","image":false,"image_libre":false,"image_800x500":false,"legende":"","zoom":false,"texte":"","articles":false,"categorie_droite":false,"images":false,"elements_comparatif":false,"texte_1":"","texte_2":"","image_1":false,"image_1_563x400":false,"image_1_332x332":false,"image_2":false,"image_2_333x240":false,"image_2_563x400":false,"image_3":false,"image_3_333x240":false,"image_3_332x450":false,"image_4":false,"image_4_332x332":false,"image_4_563x400":false,"code_embed":"","legende_video":"","photo":false,"photo_100x100":false,"nom":"","fonction":"","elements_timeline":false,"entetes_colonnes":false,"entetes_lignes":false,"lignes":false,"introduction":"","formulaire":false,"question":"","reponse":"","libelle_bouton_lien":"","url_lien":"","questions":false,"conclusions":false,"pays":false,"region":false,"marque":false,"marqueConcessions":false,"modele":false,"ptvente":false,"typeV":false,"collection":false,"nombre_maximum_elements":10,"lien_fin_carousel":"","texte_lien_fin_carousel":"","trier_par":false},{"type_strate":"carousel-produits","ancre":"","contenu":"","titre":"Voir nos v\u00e9hicules Mercedes Vito disponibles","image":false,"image_libre":false,"image_800x500":false,"legende":"","zoom":false,"texte":"","articles":false,"categorie_droite":false,"images":false,"elements_comparatif":false,"texte_1":"","texte_2":"","image_1":false,"image_1_563x400":false,"image_1_332x332":false,"image_2":false,"image_2_333x240":false,"image_2_563x400":false,"image_3":false,"image_3_333x240":false,"image_3_332x450":false,"image_4":false,"image_4_332x332":false,"image_4_563x400":false,"code_embed":"","legende_video":"","photo":false,"photo_100x100":false,"nom":"","fonction":"","elements_timeline":false,"entetes_colonnes":false,"entetes_lignes":false,"lignes":false,"introduction":"","formulaire":false,"question":"","reponse":"","libelle_bouton_lien":"","url_lien":"","questions":false,"conclusions":false,"pays":"1","region":"","marque":"16","marqueConcessions":false,"modele":"VITO (30)","ptvente":"","typeV":"","collection":"","nombre_maximum_elements":"10","lien_fin_carousel":"https:\/\/www.bymycar.fr\/rechercher-un-vehicule?prod_VEHICLES%5BrefinementList%5D%5Bbrand%5D%5B0%5D=MERCEDES&prod_VEHICLES%5BrefinementList%5D%5BmodelGroup1%5D%5B0%5D=VITO%20%2830%29","texte_lien_fin_carousel":"Voir plus de v\u00e9hicules","trier_par":""}],"is_old_post":false,"image":{"ID":38915,"id":38915,"title":"Vito-Mercedes","filename":"Vito-Mercedes.jpg","filesize":1,"url":"https:\/\/cdn.bymycar.eu\/fr-webzine\/wp-content\/uploads\/medias\/Vito-Mercedes.jpg","link":"https:\/\/www.bymycar.fr\/webzine\/quel-est-le-meilleur-vito-mercedes\/vito-mercedes\/","alt":"","author":"9","description":"","caption":"","name":"vito-mercedes","status":"inherit","uploaded_to":38914,"date":"2022-12-30 11:40:38","modified":"2022-12-30 11:40:38","menu_order":0,"mime_type":"image\/jpeg","type":"image","subtype":"jpeg","icon":"https:\/\/www.bymycar.fr\/webzine\/wp-includes\/images\/media\/default.png","width":750,"height":410,"sizes":{"thumbnail":"https:\/\/cdn.bymycar.eu\/fr-webzine\/wp-content\/uploads\/medias\/Vito-Mercedes-150x150.jpg","thumbnail-width":150,"thumbnail-height":150,"medium":"https:\/\/cdn.bymycar.eu\/fr-webzine\/wp-content\/uploads\/medias\/Vito-Mercedes-300x164.jpg","medium-width":300,"medium-height":164,"medium_large":"https:\/\/cdn.bymycar.eu\/fr-webzine\/wp-content\/uploads\/medias\/Vito-Mercedes.jpg","medium_large-width":750,"medium_large-height":410,"large":"https:\/\/cdn.bymycar.eu\/fr-webzine\/wp-content\/uploads\/medias\/Vito-Mercedes.jpg","large-width":750,"large-height":410,"1536x1536":"https:\/\/cdn.bymycar.eu\/fr-webzine\/wp-content\/uploads\/medias\/Vito-Mercedes.jpg","1536x1536-width":750,"1536x1536-height":410,"2048x2048":"https:\/\/cdn.bymycar.eu\/fr-webzine\/wp-content\/uploads\/medias\/Vito-Mercedes.jpg","2048x2048-width":750,"2048x2048-height":410}},"page_content":{"block_content":[{"acf_fc_layout":"carousel-produits"},{"acf_fc_layout":"text-simple","--nav":{"-withNav":false,"-ancre":""},"--group":{"-text":"<h2>Versions et tarifs du Mercedes-Benz Vito neuf ou d&rsquo;occasion<\/h2>\n<h3>Neuf<\/h3>\n<p>Le prix du Mercedes Vito neuf varie de 41 622\u20ac* \u00e0 62 532\u20ac* selon la configuration choisie. L&rsquo;utilitaire Vito est disponible en trois longueurs distinctes : Compact, Long et Extra-Long, pour s&rsquo;adapter \u00e0 tous vos besoins professionnels. BYmyCAR propose diff\u00e9rentes versions incluant le Vito Fourgon, Vito Mixto, Vito Tourer et eVito Fourgon \u00e9lectrique, avec des motorisations diesel performantes ou 100% \u00e9lectriques selon les mod\u00e8les.<\/p>\n<h3>Occasion<\/h3>\n<p>Pour un Mercedes-Benz Vito d&rsquo;occasion, comptez \u00e0 partir de 32 776\u20ac* pour des mod\u00e8les r\u00e9cents avec kilom\u00e9trage raisonnable. Le <a href=\"https:\/\/www.bymycar.fr\/v\/mercedes-vito-occasion\">Mercedes Vito d&rsquo;occasion<\/a> offre un excellent rapport qualit\u00e9-prix avec les m\u00eames garanties de robustesse et de fiabilit\u00e9 qui font la r\u00e9putation de la marque \u00e0 l&rsquo;\u00e9toile. Diff\u00e9rentes finitions sont disponibles selon vos exigences professionnelles.<\/p>\n<h2>Dimensions du Mercedes Vito : capacit\u00e9s et caract\u00e9ristiques du v\u00e9hicule utilitaire<\/h2>\n<p>Le Mercedes-Benz Vito fourgon se distingue par sa polyvalence exceptionnelle, offrant des solutions adapt\u00e9es aussi bien pour le transport de marchandises que pour le transport de passagers. Disponible en trois longueurs diff\u00e9rentes, ce v\u00e9hicule utilitaire permet de r\u00e9pondre pr\u00e9cis\u00e9ment \u00e0 vos besoins professionnels tout en conservant le confort et la fiabilit\u00e9 propres \u00e0 la marque \u00e0 l&rsquo;\u00e9toile.<\/p>\n<table>\n<thead>\n<tr>\n<th>Mod\u00e8le<\/th>\n<th>Longueur<\/th>\n<th>Largeur<\/th>\n<th>Hauteur<\/th>\n<\/tr>\n<\/thead>\n<tbody>\n<tr>\n<td>Compact<\/td>\n<td>4 895 mm<\/td>\n<td>1 928 mm<\/td>\n<td>1 910 mm<\/td>\n<\/tr>\n<tr>\n<td>Long<\/td>\n<td>5 140 mm<\/td>\n<td>1 928 mm<\/td>\n<td>1 910 mm<\/td>\n<\/tr>\n<tr>\n<td>Extra-Long<\/td>\n<td>5 370 mm<\/td>\n<td>1 928 mm<\/td>\n<td>1 910 mm<\/td>\n<\/tr>\n<\/tbody>\n<\/table>\n<h2>Quel moteur choisir pour le v\u00e9hicule utilitaire Mercedes Vito ?<\/h2>\n<h3>Diesel<\/h3>\n<p>Le Mercedes Vito propose deux blocs diesel performants : un 1.749 cm\u00b3 d\u00e9veloppant 102 \u00e0 136 CH sur les versions traction, et un 1.950 cm\u00b3 offrant 136 \u00e0 190 CH. Le Vito Tourer b\u00e9n\u00e9ficie d&rsquo;une motorisation plus puissante avec une consommation de carburant optimis\u00e9e gr\u00e2ce \u00e0 la bo\u00eete automatique 9 rapports.<\/p>\n<h3>\u00c9lectrique et 4\u00d74<\/h3>\n<p>L&rsquo;eVito se distingue par son moteur 100% \u00e9lectrique de 136 CH offrant une autonomie remarquable. Pour les terrains difficiles, le <a href=\"https:\/\/www.bymycar.fr\/v\/mercedes-vito-noir\">Mercedes Vito noir<\/a> est disponible en version Mixto 4\u00d74, avec une transmission int\u00e9grale permanente assurant une excellente motricit\u00e9 en toutes circonstances.<\/p>\n<h2>Combien co\u00fbte un Mercedes-Benz Vito toutes options ?<\/h2>\n<p>Le Mercedes-Benz Vito haut de gamme en version Mixto 119 CDI avec toutes options peut atteindre 62 532\u20ac* selon votre configuration. Pour rendre ce v\u00e9hicule premium plus accessible, BYmyCAR vous propose une formule LOA adapt\u00e9e \u00e0 vos capacit\u00e9s de remboursement. Cette solution de financement vous permet de profiter pleinement du confort et de la qualit\u00e9 du <a href=\"https:\/\/www.bymycar.fr\/v\/mercedes-vito-pack-chrome-interieur\">Mercedes Vito pack chrome int\u00e9rieur<\/a> sans alourdir votre budget mensuel.<\/p>\n<h2>FAQ Mercedes-Benz Vito<\/h2>\n<h3>Mercedes Vito 5 places : quel budget pr\u00e9voir ?<\/h3>\n<p>Le <a href=\"https:\/\/www.bymycar.fr\/v\/mercedes-vito-5-places\">Mercedes Vito 5 places<\/a> constitue une option id\u00e9ale pour les professionnels recherchant un v\u00e9hicule compact et polyvalent. Cette configuration offre un excellent compromis entre l&rsquo;espace passagers et la capacit\u00e9 de chargement, tout en conservant les atouts de maniabilit\u00e9 du Mercedes Vito.<\/p>\n<h3>Le Mercedes Vito 9 places est-il disponible chez BYmyCAR ?<\/h3>\n<p>BYmyCAR propose le Vito Tourer configur\u00e9 jusqu&rsquo;\u00e0 9 places avec transmission automatique. Cette version spacieuse r\u00e9pond parfaitement aux besoins de transport de passagers pour les entreprises, les associations ou les services de navette professionnels.<\/p>\n<h3>Quels atouts pr\u00e9sente l&rsquo;int\u00e9rieur du Mercedes Vito ?<\/h3>\n<p>L&rsquo;habitacle Mercedes Vito offre de nombreux rangements intelligemment dispos\u00e9s et le syst\u00e8me multim\u00e9dia MBUX derni\u00e8re g\u00e9n\u00e9ration. Vous b\u00e9n\u00e9ficiez \u00e9galement d&rsquo;un confort de conduite exceptionnel gr\u00e2ce aux si\u00e8ges ergonomiques et \u00e0 l&rsquo;insonorisation renforc\u00e9e de l&rsquo;habitacle.<\/p>\n<h3>Quelles sont les motorisations disponibles pour le Mercedes Vito ?<\/h3>\n<p>Le Mercedes Vito propose plusieurs motorisations : des blocs diesel performants de 102 \u00e0 190 CH selon les versions, ainsi qu&rsquo;une motorisation 100% \u00e9lectrique sur l&rsquo;eVito. Chaque option assure un \u00e9quilibre optimal entre puissance, \u00e9conomie et respect de l&rsquo;environnement.<\/p>\n<h2>A lire \u00e9galement<\/h2>\n<ul>\n<li><a href=\"https:\/\/www.bymycar.fr\/webzine\/quel-est-le-meilleur-vito-mercedes\/\">Quel est le meilleur Vito Mercedes ?<\/a><\/li>\n<li><a href=\"https:\/\/www.bymycar.fr\/webzine\/quelle-difference-entre-mercedes-viano-et-vito\/\">Quelle diff\u00e9rence entre Mercedes Viano et Vito ?<\/a><\/li>\n<li><a href=\"https:\/\/www.bymycar.fr\/webzine\/quelle-est-la-hauteur-dun-mercedes-vito\/\">Quelle est la hauteur d\u2019un Mercedes Vito ?<\/a><\/li>\n<li><a href=\"https:\/\/www.bymycar.fr\/webzine\/quelle-huile-moteur-pour-mercedes-vito\/\">Quelle huile moteur pour Mercedes Vito ?<\/a><\/li>\n<li><a href=\"https:\/\/www.bymycar.fr\/webzine\/comment-ouvrir-capot-mercedes-vito\/\">Comment ouvrir capot Mercedes Vito ?<\/a><\/li>\n<li><a href=\"https:\/\/www.bymycar.fr\/webzine\/combien-de-kilometres-pour-mercedes-vito\/\">Combien de kilom\u00e8tres pour Mercedes Vito ?<\/a><\/li>\n<li><a href=\"https:\/\/www.bymycar.fr\/webzine\/combien-de-passagers-dans-un-vito-mercedes\/\">Combien de passagers dans un Vito Mercedes ?<\/a><\/li>\n<\/ul>\n<p>*Les prix mentionn\u00e9s sont donn\u00e9s \u00e0 titre indicatif et ont \u00e9t\u00e9 constat\u00e9s au moment de la r\u00e9daction. Ils sont susceptibles d&rsquo;\u00e9voluer. Pour obtenir une information exacte et \u00e0 jour, nous vous recommandons de contacter directement votre concession BYmyCAR.<\/p>\n"}},{"acf_fc_layout":"carousel-produits"}]},"add-to-bo":false,"add-carousel-to-footer":true},"yoast_head":"<!-- This site is optimized with the Yoast SEO Premium plugin v26.4 (Yoast SEO v26.4) - https:\/\/yoast.com\/wordpress\/plugins\/seo\/ -->\n<title>Combien co\u00fbte un Vito Mercedes ?<\/title>\n<meta name=\"robots\" content=\"index, follow, max-snippet:-1, max-image-preview:large, max-video-preview:-1\" \/>\n<link rel=\"canonical\" href=\"https:\/\/www.bymycar.fr\/webzine\/combien-coute-un-vito-mercedes\/\" \/>\n<meta property=\"og:locale\" content=\"fr_FR\" \/>\n<meta property=\"og:type\" content=\"article\" \/>\n<meta property=\"og:title\" content=\"Combien co\u00fbte un Vito Mercedes ?\" \/>\n<meta property=\"og:url\" content=\"https:\/\/www.bymycar.fr\/webzine\/combien-coute-un-vito-mercedes\/\" \/>\n<meta property=\"og:site_name\" content=\"Webzine auto BYmyCAR\" \/>\n<meta property=\"article:published_time\" content=\"2023-01-02T07:44:35+00:00\" \/>\n<meta property=\"article:modified_time\" content=\"2026-04-14T15:42:37+00:00\" \/>\n<meta property=\"og:image\" content=\"https:\/\/cdn.bymycar.eu\/fr-webzine\/wp-content\/uploads\/medias\/Vito-Mercedes.jpg\" \/>\n\t<meta property=\"og:image:width\" content=\"750\" \/>\n\t<meta property=\"og:image:height\" content=\"410\" \/>\n\t<meta property=\"og:image:type\" content=\"image\/jpeg\" \/>\n<meta name=\"author\" content=\"La R\u00e9daction BYmyCAR\" \/>\n<meta name=\"twitter:card\" content=\"summary_large_image\" \/>\n<meta name=\"twitter:label1\" content=\"\u00c9crit par\" \/>\n\t<meta name=\"twitter:data1\" content=\"La R\u00e9daction BYmyCAR\" \/>\n\t<meta name=\"twitter:label2\" content=\"Dur\u00e9e de lecture estim\u00e9e\" \/>\n\t<meta name=\"twitter:data2\" content=\"1 minute\" \/>\n<script type=\"application\/ld+json\" class=\"yoast-schema-graph\">{\"@context\":\"https:\/\/schema.org\",\"@graph\":[{\"@type\":\"Article\",\"@id\":\"https:\/\/www.bymycar.fr\/webzine\/combien-coute-un-vito-mercedes\/#article\",\"isPartOf\":{\"@id\":\"https:\/\/www.bymycar.fr\/webzine\/combien-coute-un-vito-mercedes\/\"},\"author\":{\"name\":\"La R\u00e9daction BYmyCAR\",\"@id\":\"https:\/\/www.bymycar.fr\/webzine\/#\/schema\/person\/8d570fe11eb8929f06c1e6d00f4d9689\"},\"headline\":\"Combien co\u00fbte un Vito Mercedes ?\",\"datePublished\":\"2023-01-02T07:44:35+00:00\",\"dateModified\":\"2026-04-14T15:42:37+00:00\",\"mainEntityOfPage\":{\"@id\":\"https:\/\/www.bymycar.fr\/webzine\/combien-coute-un-vito-mercedes\/\"},\"wordCount\":6,\"publisher\":{\"@id\":\"https:\/\/www.bymycar.fr\/webzine\/#organization\"},\"image\":{\"@id\":\"https:\/\/www.bymycar.fr\/webzine\/combien-coute-un-vito-mercedes\/#primaryimage\"},\"thumbnailUrl\":\"https:\/\/cdn.bymycar.eu\/fr-webzine\/wp-content\/uploads\/medias\/Vito-Mercedes.jpg\",\"articleSection\":[\"Guide d'achat\",\"Guide d'achat Mercedes\"],\"inLanguage\":\"fr-FR\"},{\"@type\":\"WebPage\",\"@id\":\"https:\/\/www.bymycar.fr\/webzine\/combien-coute-un-vito-mercedes\/\",\"url\":\"https:\/\/www.bymycar.fr\/webzine\/combien-coute-un-vito-mercedes\/\",\"name\":\"Combien co\u00fbte un Vito Mercedes ?\",\"isPartOf\":{\"@id\":\"https:\/\/www.bymycar.fr\/webzine\/#website\"},\"primaryImageOfPage\":{\"@id\":\"https:\/\/www.bymycar.fr\/webzine\/combien-coute-un-vito-mercedes\/#primaryimage\"},\"image\":{\"@id\":\"https:\/\/www.bymycar.fr\/webzine\/combien-coute-un-vito-mercedes\/#primaryimage\"},\"thumbnailUrl\":\"https:\/\/cdn.bymycar.eu\/fr-webzine\/wp-content\/uploads\/medias\/Vito-Mercedes.jpg\",\"datePublished\":\"2023-01-02T07:44:35+00:00\",\"dateModified\":\"2026-04-14T15:42:37+00:00\",\"breadcrumb\":{\"@id\":\"https:\/\/www.bymycar.fr\/webzine\/combien-coute-un-vito-mercedes\/#breadcrumb\"},\"inLanguage\":\"fr-FR\",\"potentialAction\":[{\"@type\":\"ReadAction\",\"target\":[\"https:\/\/www.bymycar.fr\/webzine\/combien-coute-un-vito-mercedes\/\"]}]},{\"@type\":\"ImageObject\",\"inLanguage\":\"fr-FR\",\"@id\":\"https:\/\/www.bymycar.fr\/webzine\/combien-coute-un-vito-mercedes\/#primaryimage\",\"url\":\"https:\/\/cdn.bymycar.eu\/fr-webzine\/wp-content\/uploads\/medias\/Vito-Mercedes.jpg\",\"contentUrl\":\"https:\/\/cdn.bymycar.eu\/fr-webzine\/wp-content\/uploads\/medias\/Vito-Mercedes.jpg\",\"width\":750,\"height\":410},{\"@type\":\"BreadcrumbList\",\"@id\":\"https:\/\/www.bymycar.fr\/webzine\/combien-coute-un-vito-mercedes\/#breadcrumb\",\"itemListElement\":[{\"@type\":\"ListItem\",\"position\":1,\"name\":\"Accueil\",\"item\":\"https:\/\/www.bymycar.fr\/webzine\/\"},{\"@type\":\"ListItem\",\"position\":2,\"name\":\"Combien co\u00fbte un Vito Mercedes ?\"}]},{\"@type\":\"WebSite\",\"@id\":\"https:\/\/www.bymycar.fr\/webzine\/#website\",\"url\":\"https:\/\/www.bymycar.fr\/webzine\/\",\"name\":\"Webzine auto BYmyCAR\",\"description\":\"La magazine auto de BYmyCAR\",\"publisher\":{\"@id\":\"https:\/\/www.bymycar.fr\/webzine\/#organization\"},\"potentialAction\":[{\"@type\":\"SearchAction\",\"target\":{\"@type\":\"EntryPoint\",\"urlTemplate\":\"https:\/\/www.bymycar.fr\/webzine\/?s={search_term_string}\"},\"query-input\":{\"@type\":\"PropertyValueSpecification\",\"valueRequired\":true,\"valueName\":\"search_term_string\"}}],\"inLanguage\":\"fr-FR\"},{\"@type\":\"Organization\",\"@id\":\"https:\/\/www.bymycar.fr\/webzine\/#organization\",\"name\":\"BYmyCAR\",\"url\":\"https:\/\/www.bymycar.fr\/webzine\/\",\"logo\":{\"@type\":\"ImageObject\",\"inLanguage\":\"fr-FR\",\"@id\":\"https:\/\/www.bymycar.fr\/webzine\/#\/schema\/logo\/image\/\",\"url\":\"https:\/\/cdn.bymycar.eu\/fr-webzine\/wp-content\/uploads\/medias\/2017\/08\/logo_DEALER_00000406_001.png\",\"contentUrl\":\"https:\/\/cdn.bymycar.eu\/fr-webzine\/wp-content\/uploads\/medias\/2017\/08\/logo_DEALER_00000406_001.png\",\"width\":2132,\"height\":720,\"caption\":\"BYmyCAR\"},\"image\":{\"@id\":\"https:\/\/www.bymycar.fr\/webzine\/#\/schema\/logo\/image\/\"}},{\"@type\":\"Person\",\"@id\":\"https:\/\/www.bymycar.fr\/webzine\/#\/schema\/person\/8d570fe11eb8929f06c1e6d00f4d9689\",\"name\":\"La R\u00e9daction BYmyCAR\",\"image\":{\"@type\":\"ImageObject\",\"inLanguage\":\"fr-FR\",\"@id\":\"https:\/\/www.bymycar.fr\/webzine\/#\/schema\/person\/image\/\",\"url\":\"https:\/\/secure.gravatar.com\/avatar\/1aa6b039d0ce106989923af4e2d0f2a0c82bb070d5e449f1b9adf082a5863900?s=96&d=mm&r=g\",\"contentUrl\":\"https:\/\/secure.gravatar.com\/avatar\/1aa6b039d0ce106989923af4e2d0f2a0c82bb070d5e449f1b9adf082a5863900?s=96&d=mm&r=g\",\"caption\":\"La R\u00e9daction BYmyCAR\"},\"sameAs\":[\"https:\/\/www.bymycar.fr\/\"]}]}<\/script>\n<!-- \/ Yoast SEO Premium plugin. -->","yoast_head_json":{"title":"Combien co\u00fbte un Vito Mercedes ?","robots":{"index":"index","follow":"follow","max-snippet":"max-snippet:-1","max-image-preview":"max-image-preview:large","max-video-preview":"max-video-preview:-1"},"canonical":"https:\/\/www.bymycar.fr\/webzine\/combien-coute-un-vito-mercedes\/","og_locale":"fr_FR","og_type":"article","og_title":"Combien co\u00fbte un Vito Mercedes ?","og_url":"https:\/\/www.bymycar.fr\/webzine\/combien-coute-un-vito-mercedes\/","og_site_name":"Webzine auto BYmyCAR","article_published_time":"2023-01-02T07:44:35+00:00","article_modified_time":"2026-04-14T15:42:37+00:00","og_image":[{"width":750,"height":410,"url":"https:\/\/cdn.bymycar.eu\/fr-webzine\/wp-content\/uploads\/medias\/Vito-Mercedes.jpg","type":"image\/jpeg"}],"author":"La R\u00e9daction BYmyCAR","twitter_card":"summary_large_image","twitter_misc":{"\u00c9crit par":"La R\u00e9daction BYmyCAR","Dur\u00e9e de lecture estim\u00e9e":"1 minute"},"schema":{"@context":"https:\/\/schema.org","@graph":[{"@type":"Article","@id":"https:\/\/www.bymycar.fr\/webzine\/combien-coute-un-vito-mercedes\/#article","isPartOf":{"@id":"https:\/\/www.bymycar.fr\/webzine\/combien-coute-un-vito-mercedes\/"},"author":{"name":"La R\u00e9daction BYmyCAR","@id":"https:\/\/www.bymycar.fr\/webzine\/#\/schema\/person\/8d570fe11eb8929f06c1e6d00f4d9689"},"headline":"Combien co\u00fbte un Vito Mercedes ?","datePublished":"2023-01-02T07:44:35+00:00","dateModified":"2026-04-14T15:42:37+00:00","mainEntityOfPage":{"@id":"https:\/\/www.bymycar.fr\/webzine\/combien-coute-un-vito-mercedes\/"},"wordCount":6,"publisher":{"@id":"https:\/\/www.bymycar.fr\/webzine\/#organization"},"image":{"@id":"https:\/\/www.bymycar.fr\/webzine\/combien-coute-un-vito-mercedes\/#primaryimage"},"thumbnailUrl":"https:\/\/cdn.bymycar.eu\/fr-webzine\/wp-content\/uploads\/medias\/Vito-Mercedes.jpg","articleSection":["Guide d'achat","Guide d'achat Mercedes"],"inLanguage":"fr-FR"},{"@type":"WebPage","@id":"https:\/\/www.bymycar.fr\/webzine\/combien-coute-un-vito-mercedes\/","url":"https:\/\/www.bymycar.fr\/webzine\/combien-coute-un-vito-mercedes\/","name":"Combien co\u00fbte un Vito Mercedes ?","isPartOf":{"@id":"https:\/\/www.bymycar.fr\/webzine\/#website"},"primaryImageOfPage":{"@id":"https:\/\/www.bymycar.fr\/webzine\/combien-coute-un-vito-mercedes\/#primaryimage"},"image":{"@id":"https:\/\/www.bymycar.fr\/webzine\/combien-coute-un-vito-mercedes\/#primaryimage"},"thumbnailUrl":"https:\/\/cdn.bymycar.eu\/fr-webzine\/wp-content\/uploads\/medias\/Vito-Mercedes.jpg","datePublished":"2023-01-02T07:44:35+00:00","dateModified":"2026-04-14T15:42:37+00:00","breadcrumb":{"@id":"https:\/\/www.bymycar.fr\/webzine\/combien-coute-un-vito-mercedes\/#breadcrumb"},"inLanguage":"fr-FR","potentialAction":[{"@type":"ReadAction","target":["https:\/\/www.bymycar.fr\/webzine\/combien-coute-un-vito-mercedes\/"]}]},{"@type":"ImageObject","inLanguage":"fr-FR","@id":"https:\/\/www.bymycar.fr\/webzine\/combien-coute-un-vito-mercedes\/#primaryimage","url":"https:\/\/cdn.bymycar.eu\/fr-webzine\/wp-content\/uploads\/medias\/Vito-Mercedes.jpg","contentUrl":"https:\/\/cdn.bymycar.eu\/fr-webzine\/wp-content\/uploads\/medias\/Vito-Mercedes.jpg","width":750,"height":410},{"@type":"BreadcrumbList","@id":"https:\/\/www.bymycar.fr\/webzine\/combien-coute-un-vito-mercedes\/#breadcrumb","itemListElement":[{"@type":"ListItem","position":1,"name":"Accueil","item":"https:\/\/www.bymycar.fr\/webzine\/"},{"@type":"ListItem","position":2,"name":"Combien co\u00fbte un Vito Mercedes ?"}]},{"@type":"WebSite","@id":"https:\/\/www.bymycar.fr\/webzine\/#website","url":"https:\/\/www.bymycar.fr\/webzine\/","name":"Webzine auto BYmyCAR","description":"La magazine auto de BYmyCAR","publisher":{"@id":"https:\/\/www.bymycar.fr\/webzine\/#organization"},"potentialAction":[{"@type":"SearchAction","target":{"@type":"EntryPoint","urlTemplate":"https:\/\/www.bymycar.fr\/webzine\/?s={search_term_string}"},"query-input":{"@type":"PropertyValueSpecification","valueRequired":true,"valueName":"search_term_string"}}],"inLanguage":"fr-FR"},{"@type":"Organization","@id":"https:\/\/www.bymycar.fr\/webzine\/#organization","name":"BYmyCAR","url":"https:\/\/www.bymycar.fr\/webzine\/","logo":{"@type":"ImageObject","inLanguage":"fr-FR","@id":"https:\/\/www.bymycar.fr\/webzine\/#\/schema\/logo\/image\/","url":"https:\/\/cdn.bymycar.eu\/fr-webzine\/wp-content\/uploads\/medias\/2017\/08\/logo_DEALER_00000406_001.png","contentUrl":"https:\/\/cdn.bymycar.eu\/fr-webzine\/wp-content\/uploads\/medias\/2017\/08\/logo_DEALER_00000406_001.png","width":2132,"height":720,"caption":"BYmyCAR"},"image":{"@id":"https:\/\/www.bymycar.fr\/webzine\/#\/schema\/logo\/image\/"}},{"@type":"Person","@id":"https:\/\/www.bymycar.fr\/webzine\/#\/schema\/person\/8d570fe11eb8929f06c1e6d00f4d9689","name":"La R\u00e9daction BYmyCAR","image":{"@type":"ImageObject","inLanguage":"fr-FR","@id":"https:\/\/www.bymycar.fr\/webzine\/#\/schema\/person\/image\/","url":"https:\/\/secure.gravatar.com\/avatar\/1aa6b039d0ce106989923af4e2d0f2a0c82bb070d5e449f1b9adf082a5863900?s=96&d=mm&r=g","contentUrl":"https:\/\/secure.gravatar.com\/avatar\/1aa6b039d0ce106989923af4e2d0f2a0c82bb070d5e449f1b9adf082a5863900?s=96&d=mm&r=g","caption":"La R\u00e9daction BYmyCAR"},"sameAs":["https:\/\/www.bymycar.fr\/"]}]}},"_links":{"self":[{"href":"https:\/\/www.bymycar.fr\/webzine\/wp-json\/wp\/v2\/posts\/38943","targetHints":{"allow":["GET"]}}],"collection":[{"href":"https:\/\/www.bymycar.fr\/webzine\/wp-json\/wp\/v2\/posts"}],"about":[{"href":"https:\/\/www.bymycar.fr\/webzine\/wp-json\/wp\/v2\/types\/post"}],"author":[{"embeddable":true,"href":"https:\/\/www.bymycar.fr\/webzine\/wp-json\/wp\/v2\/users\/88"}],"replies":[{"embeddable":true,"href":"https:\/\/www.bymycar.fr\/webzine\/wp-json\/wp\/v2\/comments?post=38943"}],"version-history":[{"count":5,"href":"https:\/\/www.bymycar.fr\/webzine\/wp-json\/wp\/v2\/posts\/38943\/revisions"}],"predecessor-version":[{"id":62637,"href":"https:\/\/www.bymycar.fr\/webzine\/wp-json\/wp\/v2\/posts\/38943\/revisions\/62637"}],"wp:featuredmedia":[{"embeddable":true,"href":"https:\/\/www.bymycar.fr\/webzine\/wp-json\/wp\/v2\/media\/38915"}],"wp:attachment":[{"href":"https:\/\/www.bymycar.fr\/webzine\/wp-json\/wp\/v2\/media?parent=38943"}],"wp:term":[{"taxonomy":"category","embeddable":true,"href":"https:\/\/www.bymycar.fr\/webzine\/wp-json\/wp\/v2\/categories?post=38943"},{"taxonomy":"post_tag","embeddable":true,"href":"https:\/\/www.bymycar.fr\/webzine\/wp-json\/wp\/v2\/tags?post=38943"}],"curies":[{"name":"wp","href":"https:\/\/api.w.org\/{rel}","templated":true}]}}