{"id":38927,"date":"2022-12-30T16:56:33","date_gmt":"2022-12-30T15:56:33","guid":{"rendered":"https:\/\/prod.bymycar.fr\/webzine\/?p=38927"},"modified":"2026-04-14T17:42:37","modified_gmt":"2026-04-14T15:42:37","slug":"quelle-est-la-hauteur-dun-mercedes-vito","status":"publish","type":"post","link":"https:\/\/www.bymycar.fr\/webzine\/quelle-est-la-hauteur-dun-mercedes-vito\/","title":{"rendered":"Quelle est la hauteur d&rsquo;un Mercedes Vito ?"},"content":{"rendered":"","protected":false},"excerpt":{"rendered":"","protected":false},"author":88,"featured_media":38915,"comment_status":"closed","ping_status":"open","sticky":false,"template":"","format":"standard","meta":{"_acf_changed":false,"footnotes":""},"categories":[12893,12896],"tags":[],"class_list":["post-38927","post","type-post","status-publish","format-standard","has-post-thumbnail","hentry","category-guide-dachat","category-guide-dachat-mercedes"],"acf":{"template":"classique","introduction":"<p style=\"text-align: justify;\">Mercedes-Benz propose plusieurs versions de <a href=\"https:\/\/www.bymycar.fr\/marques\/mercedes\/vito\">Vito<\/a>. Vous pouvez choisir parmi les Vito Fourgon, Vito Mixto, Vito Tourer et eVito Fourgon. Ces diff\u00e9rentes versions sont disponibles en trois longueurs\u00a0: Compact, Long et Extra-Long. BYmyCAR vous offre une large s\u00e9lection de Mercedes Vito neuves et d\u2019occasion \u00e0 des prix avantageux.<\/p>\n<p style=\"text-align: center;\"><a href=\"https:\/\/www.bymycar.fr\/rechercher-un-vehicule?prod_VEHICLES%5BrefinementList%5D%5Bbrand%5D%5B0%5D=MERCEDES&amp;prod_VEHICLES%5BrefinementList%5D%5BmodelGroup1%5D%5B0%5D=VITO%20%2830%29\" target=\"_blank\" class=\"css-button css-button--gold\" >\n                Voir nos v\u00e9hicules Mercedes Vito neufs et d'occasion\n        <\/a><\/p>\n","strates":[{"type_strate":"carousel-produits","ancre":"","contenu":"<h2>Quelles sont les dimensions d\u2019une Mercedes Vito\u00a0?<\/h2>\n<p>Voici les dimensions d\u2019une Mercedes Vito\u00a0:<\/p>\n<ul>\n<li>Longueur\u00a0: 4 658 mm<\/li>\n<li>Largeur\u00a0: 1 880 mm<\/li>\n<li>Hauteur\u00a0: 1 844 mm<\/li>\n<li>Empattement\u00a0: 3 000 mm<\/li>\n<li>Voies AV\/AR\u00a0: 1 620 mm \/ 1 630 mm<\/li>\n<li>Volume du coffre\u00a0: 581 (4 564) dm3<\/li>\n<\/ul>\n<h2>Fiche technique\u00a0d\u2019une Mercedes-Benz Vito Fourgon\u00a0: quelles sont les dimensions de ce v\u00e9hicule utilitaire\u2009?<\/h2>\n<p>La Mercedes Vito Fourgon offre des espaces de rangement suffisants. La longueur et la largeur de ce v\u00e9hicule varient d\u2019une version \u00e0 l\u2019autre. En int\u00e9rieur, la cloison de s\u00e9paration continue s\u00e9pare l\u2019espace conducteur et passager du compartiment de chargement. La porte lat\u00e9rale coulissante droite permet un acc\u00e8s facile au compartiment de chargement par le c\u00f4t\u00e9.<\/p>\n<p>La Mercedes Vito peut accueillir jusqu\u2019\u00e0 trois europalettes pour les versions longue et extra-longue. Son volume de chargement peut atteindre jusqu\u2019\u00e0 6,6\u00a0m\u00b3. En version extra-longue, la surface du compartiment de chargement va jusqu\u2019\u00e0 4,76\u00a0m\u00b2. La hauteur de la voiture est de 1\u2009910\u00a0mm. Elle est disponible en deux modes de propulsion (propulsion arri\u00e8re et transmission int\u00e9grale).<\/p>\n<p>BYmyCAR commercialise une\u00a0<a href=\"https:\/\/www.bymycar.fr\/marques\/mercedes\/vito\">Mercedes Vito<\/a>\u00a0Fourgon neuve\u00a02022 \u00e0 partir de 41\u2009622\u00a0euros. Avec un tel budget, vous aurez une Mercedes Vito Fourgon 114 CDI long BVA RWD pro. Cette Mercedes Vito d\u00e9veloppe une puissance r\u00e9elle de 136 CH. Elle mesure 5\u2009140\u00a0mm de longueur, 1\u2009928\u00a0mm de largeur et 1\u2009910\u00a0mm de hauteur. Son empattement de roue est de 3\u2009200\u00a0mm. Elle \u00e9met 150\u00a0g\/km de CO2.<\/p>\n<h2>Vito Mixto\u00a02017, 2018, 2000, 2022, etc.\u00a0: quel est le prix du meilleur Vito\u2009?<\/h2>\n<p>Le Vito Mixto est un utilitaire multifonction \u00e0 l\u2019\u00e9toile. Il peut transporter les personnes et le mat\u00e9riel. Il est tr\u00e8s \u00e9conomique et peut accueillir six personnes. Il allie fonctionnalit\u00e9 et confort. BYmyCAR propose un large choix de Mercedes Vito au meilleur rapport qualit\u00e9-prix. Le Vito Mixto est accessible \u00e0 46\u2009890\u00a0euros. \u00c0 ce prix, vous aurez un Vito Mixto 119 CDI Compact BVA RWD\u00a02018 affichant au tableau un kilom\u00e9trage de 53\u2009907\u00a0km. Ce Vito Mixto mesure 4\u2009895\u00a0mm de longueur, 19\u2009258\u00a0mm de largeur de 1\u2009928\u00a0mm de hauteur. L\u2019empattement de roue est de 3\u2009200\u00a0mm. Le Vito Mixto neuf\u00a02022 co\u00fbte 62\u2009532\u00a0euros. Avec un tel budget, vous aurez un Vito Mixto 119 CDI Compact BVA RWD Select.<\/p>\n<h2>Quel Vito avec moteur Renault\u2009?<\/h2>\n<p>Le Vito Fourgon est \u00e9quip\u00e9 d\u2019une motorisation Renault\u00a01.6 DCI. Ci-apr\u00e8s les caract\u00e9ristiques de ce moteur\u00a0:<\/p>\n<ul>\n<li>Moteur\u00a0: OM654 DE20LA\u2009;<\/li>\n<li>Carburant\u00a0: Gazole\u2009;<\/li>\n<li>Cylindr\u00e9e\u00a0: 1\u2009950\u00a0cm3\u2009;<\/li>\n<li>Type de transmission\u00a0: propulsion ou transmission int\u00e9grale\u2009;<\/li>\n<li>Puissance nominale\u00a0: 100\u00a0kW\/136 CH\u2009;<\/li>\n<li>Norme antipollution\u00a0: Euro\u00a06d.<\/li>\n<\/ul>\n<h2>Quelle diff\u00e9rence entre Mercedes Viano et Vito\u2009?<\/h2>\n<p>La marque allemande a fabriqu\u00e9 le monospace Viano (version \u00ab\u2009particuliers\u2009\u00bb et le Vito (version utilitaire disponible en version combi et fourgon). Le Viano est un Vito r\u00e9serv\u00e9 pour le transport de passagers. Le Viano et le Vito offrent tous les deux\u00a0:<\/p>\n<ul>\n<li>Un maximum de s\u00e9curit\u00e9\u2009;<\/li>\n<li>Trois longueurs de carrosserie et deux empattements.<\/li>\n<\/ul>\n<p>Ils se distinguent notamment au niveau des lignes et des packs d\u2019\u00e9quipement. Le Vito propose cinq motorisations et quatre pour le Viano\u00a0:<\/p>\n<ul>\n<li>Deux ou trois moteurs CDI\u00a0;<\/li>\n<li>Deux six cylindres essence.<\/li>\n<\/ul>\n<h3>\u00c0 LIRE \u00c9GALEMENT :<\/h3>\n<p><a href=\"https:\/\/www.bymycar.fr\/webzine\/quel-est-le-meilleur-vito-mercedes\/\">Quel est le meilleur Vito Mercedes ?<\/a><\/p>\n<p><a href=\"https:\/\/www.bymycar.fr\/webzine\/quelle-difference-entre-mercedes-viano-et-vito\/\">Quelle diff\u00e9rence entre Mercedes Viano et Vito ?<\/a><\/p>\n<p><a href=\"https:\/\/www.bymycar.fr\/webzine\/quelle-huile-moteur-pour-mercedes-vito\/\">Quelle huile moteur pour Mercedes Vito ?<\/a><\/p>\n<p><a href=\"https:\/\/www.bymycar.fr\/webzine\/comment-ouvrir-capot-mercedes-vito\/\">Comment ouvrir capot Mercedes Vito ?<\/a><\/p>\n<p><a href=\"https:\/\/www.bymycar.fr\/webzine\/combien-coute-un-vito-mercedes\/\">Combien co\u00fbte un Vito Mercedes ?<\/a><\/p>\n<p><a href=\"https:\/\/www.bymycar.fr\/webzine\/combien-de-kilometres-pour-mercedes-vito\/\">Combien de kilom\u00e8tres pour Mercedes Vito ?<\/a><\/p>\n<p><a href=\"https:\/\/www.bymycar.fr\/webzine\/combien-de-passagers-dans-un-vito-mercedes\/\">Combien de passagers dans un Vito Mercedes ?<\/a><\/p>\n","titre":"Voir nos v\u00e9hicules Mercedes Vito disponibles","image":false,"image_libre":false,"image_800x500":false,"legende":"","zoom":false,"texte":"","articles":false,"categorie_droite":false,"images":false,"elements_comparatif":false,"texte_1":"","texte_2":"","image_1":false,"image_1_563x400":false,"image_1_332x332":false,"image_2":false,"image_2_333x240":false,"image_2_563x400":false,"image_3":false,"image_3_333x240":false,"image_3_332x450":false,"image_4":false,"image_4_332x332":false,"image_4_563x400":false,"code_embed":"","legende_video":"","photo":false,"photo_100x100":false,"nom":"","fonction":"","elements_timeline":false,"entetes_colonnes":false,"entetes_lignes":false,"lignes":false,"introduction":"","formulaire":false,"question":"","reponse":"","libelle_bouton_lien":"","url_lien":"","questions":false,"conclusions":false,"pays":"1","region":"","marque":"16","marqueConcessions":false,"modele":"VITO (30)","ptvente":"","typeV":"","collection":"","nombre_maximum_elements":"10","lien_fin_carousel":"https:\/\/www.bymycar.fr\/rechercher-un-vehicule?prod_VEHICLES%5BrefinementList%5D%5Bbrand%5D%5B0%5D=MERCEDES&prod_VEHICLES%5BrefinementList%5D%5BmodelGroup1%5D%5B0%5D=VITO%20%2830%29","texte_lien_fin_carousel":"Voir plus de v\u00e9hicules","trier_par":""},{"type_strate":"texte-simple","ancre":"","contenu":"<h2 style=\"text-align: justify;\">Quelles sont les dimensions d\u2019une Mercedes Vito\u00a0?<\/h2>\n<p style=\"text-align: justify;\">Voici les dimensions d\u2019une Mercedes Vito\u00a0:<\/p>\n<ul style=\"text-align: justify;\">\n<li>Longueur\u00a0: 4 658 mm<\/li>\n<li>Largeur\u00a0: 1 880 mm<\/li>\n<li>Hauteur\u00a0: 1 844 mm<\/li>\n<li>Empattement\u00a0: 3 000 mm<\/li>\n<li>Voies AV\/AR\u00a0: 1 620 mm \/ 1 630 mm<\/li>\n<li>Volume du coffre\u00a0: 581 (4 564) dm3<\/li>\n<\/ul>\n<h2 style=\"text-align: justify;\">Fiche technique\u00a0d\u2019une Mercedes-Benz Vito Fourgon\u00a0: quelles sont les dimensions de ce v\u00e9hicule utilitaire\u2009?<\/h2>\n<p style=\"text-align: justify;\">La Mercedes Vito Fourgon offre des espaces de rangement suffisants. La longueur et la largeur de ce v\u00e9hicule varient d\u2019une version \u00e0 l\u2019autre. En int\u00e9rieur, la cloison de s\u00e9paration continue s\u00e9pare l\u2019espace conducteur et passager du compartiment de chargement. La porte lat\u00e9rale coulissante droite permet un acc\u00e8s facile au compartiment de chargement par le c\u00f4t\u00e9.<\/p>\n<p style=\"text-align: justify;\">La Mercedes Vito peut accueillir jusqu\u2019\u00e0 trois europalettes pour les versions longue et extra-longue. Son volume de chargement peut atteindre jusqu\u2019\u00e0 6,6\u00a0m\u00b3. En version extra-longue, la surface du compartiment de chargement va jusqu\u2019\u00e0 4,76\u00a0m\u00b2. La hauteur de la voiture est de 1\u2009910\u00a0mm. Elle est disponible en deux modes de propulsion (propulsion arri\u00e8re et transmission int\u00e9grale).<\/p>\n<p style=\"text-align: justify;\">BYmyCAR commercialise une\u00a0<a href=\"https:\/\/www.bymycar.fr\/marques\/mercedes\/vito\">Mercedes Vito<\/a>\u00a0Fourgon neuve\u00a02022 \u00e0 partir de 41\u2009622\u00a0euros. Avec un tel budget, vous aurez une Mercedes Vito Fourgon 114 CDI long BVA RWD pro. Cette Mercedes Vito d\u00e9veloppe une puissance r\u00e9elle de 136 CH. Elle mesure 5\u2009140\u00a0mm de longueur, 1\u2009928\u00a0mm de largeur et 1\u2009910\u00a0mm de hauteur. Son empattement de roue est de 3\u2009200\u00a0mm. Elle \u00e9met 150\u00a0g\/km de CO2.<\/p>\n<h2 style=\"text-align: justify;\">Vito Mixto\u00a02017, 2018, 2000, 2022, etc.\u00a0: quel est le prix du meilleur Vito\u2009?<\/h2>\n<p style=\"text-align: justify;\">Le Vito Mixto est un utilitaire multifonction \u00e0 l\u2019\u00e9toile. Il peut transporter les personnes et le mat\u00e9riel. Il est tr\u00e8s \u00e9conomique et peut accueillir six personnes. Il allie fonctionnalit\u00e9 et confort. BYmyCAR propose un large choix de Mercedes Vito au meilleur rapport qualit\u00e9-prix. Le Vito Mixto est accessible \u00e0 46\u2009890\u00a0euros. \u00c0 ce prix, vous aurez un Vito Mixto 119 CDI Compact BVA RWD\u00a02018 affichant au tableau un kilom\u00e9trage de 53\u2009907\u00a0km. Ce Vito Mixto mesure 4\u2009895\u00a0mm de longueur, 19\u2009258\u00a0mm de largeur de 1\u2009928\u00a0mm de hauteur. L\u2019empattement de roue est de 3\u2009200\u00a0mm. Le Vito Mixto neuf\u00a02022 co\u00fbte 62\u2009532\u00a0euros. Avec un tel budget, vous aurez un Vito Mixto 119 CDI Compact BVA RWD Select.<\/p>\n<h2 style=\"text-align: justify;\">Quel Vito avec moteur Renault\u2009?<\/h2>\n<p style=\"text-align: justify;\">Le Vito Fourgon est \u00e9quip\u00e9 d\u2019une motorisation Renault\u00a01.6 DCI. Ci-apr\u00e8s les caract\u00e9ristiques de ce moteur\u00a0:<\/p>\n<ul style=\"text-align: justify;\">\n<li>Moteur\u00a0: OM654 DE20LA\u2009;<\/li>\n<li>Carburant\u00a0: Gazole\u2009;<\/li>\n<li>Cylindr\u00e9e\u00a0: 1\u2009950\u00a0cm3\u2009;<\/li>\n<li>Type de transmission\u00a0: propulsion ou transmission int\u00e9grale\u2009;<\/li>\n<li>Puissance nominale\u00a0: 100\u00a0kW\/136 CH\u2009;<\/li>\n<li>Norme antipollution\u00a0: Euro\u00a06d.<\/li>\n<\/ul>\n<h2 style=\"text-align: justify;\">Quelle diff\u00e9rence entre Mercedes Viano et Vito\u2009?<\/h2>\n<p style=\"text-align: justify;\">La marque allemande a fabriqu\u00e9 le monospace Viano (version \u00ab\u2009particuliers\u2009\u00bb et le Vito (version utilitaire disponible en version combi et fourgon). Le Viano est un Vito r\u00e9serv\u00e9 pour le transport de passagers. Le Viano et le Vito offrent tous les deux\u00a0:<\/p>\n<ul style=\"text-align: justify;\">\n<li>Un maximum de s\u00e9curit\u00e9\u2009;<\/li>\n<li>Trois longueurs de carrosserie et deux empattements.<\/li>\n<\/ul>\n<p style=\"text-align: justify;\">Ils se distinguent notamment au niveau des lignes et des packs d\u2019\u00e9quipement. Le Vito propose cinq motorisations et quatre pour le Viano\u00a0:<\/p>\n<ul style=\"text-align: justify;\">\n<li>Deux ou trois moteurs CDI\u00a0;<\/li>\n<li>Deux six cylindres essence.<\/li>\n<\/ul>\n<h3 style=\"text-align: justify;\">Guide d&rsquo;achat Mercedes Vito :<\/h3>\n<p style=\"text-align: justify;\"><a href=\"https:\/\/www.bymycar.fr\/webzine\/quel-est-le-meilleur-vito-mercedes\/\">Quel est le meilleur Vito Mercedes ?<\/a><\/p>\n<p style=\"text-align: justify;\"><a href=\"https:\/\/www.bymycar.fr\/webzine\/quelle-difference-entre-mercedes-viano-et-vito\/\">Quelle diff\u00e9rence entre Mercedes Viano et Vito ?<\/a><\/p>\n<p style=\"text-align: justify;\"><a href=\"https:\/\/www.bymycar.fr\/webzine\/quelle-huile-moteur-pour-mercedes-vito\/\">Quelle huile moteur pour Mercedes Vito ?<\/a><\/p>\n<p style=\"text-align: justify;\"><a href=\"https:\/\/www.bymycar.fr\/webzine\/comment-ouvrir-capot-mercedes-vito\/\">Comment ouvrir capot Mercedes Vito ?<\/a><\/p>\n<p style=\"text-align: justify;\"><a href=\"https:\/\/www.bymycar.fr\/webzine\/combien-coute-un-vito-mercedes\/\">Combien co\u00fbte un Vito Mercedes ?<\/a><\/p>\n<p style=\"text-align: justify;\"><a href=\"https:\/\/www.bymycar.fr\/webzine\/combien-de-kilometres-pour-mercedes-vito\/\">Combien de kilom\u00e8tres pour Mercedes Vito ?<\/a><\/p>\n<p style=\"text-align: justify;\"><a href=\"https:\/\/www.bymycar.fr\/webzine\/combien-de-passagers-dans-un-vito-mercedes\/\">Combien de passagers dans un Vito Mercedes ?<\/a><\/p>\n","titre":"Texte 1","image":false,"image_libre":false,"image_800x500":false,"legende":"","zoom":false,"texte":"","articles":false,"categorie_droite":false,"images":false,"elements_comparatif":false,"texte_1":"","texte_2":"","image_1":false,"image_1_563x400":false,"image_1_332x332":false,"image_2":false,"image_2_333x240":false,"image_2_563x400":false,"image_3":false,"image_3_333x240":false,"image_3_332x450":false,"image_4":false,"image_4_332x332":false,"image_4_563x400":false,"code_embed":"","legende_video":"","photo":false,"photo_100x100":false,"nom":"","fonction":"","elements_timeline":false,"entetes_colonnes":false,"entetes_lignes":false,"lignes":false,"introduction":"","formulaire":false,"question":"","reponse":"","libelle_bouton_lien":"","url_lien":"","questions":false,"conclusions":false,"pays":false,"region":false,"marque":false,"marqueConcessions":false,"modele":false,"ptvente":false,"typeV":false,"collection":false,"nombre_maximum_elements":10,"lien_fin_carousel":"","texte_lien_fin_carousel":"","trier_par":false},{"type_strate":"carousel-produits","ancre":"","contenu":"","titre":"Voir nos v\u00e9hicules Mercedes Vito disponibles","image":false,"image_libre":false,"image_800x500":false,"legende":"","zoom":false,"texte":"","articles":false,"categorie_droite":false,"images":false,"elements_comparatif":false,"texte_1":"","texte_2":"","image_1":false,"image_1_563x400":false,"image_1_332x332":false,"image_2":false,"image_2_333x240":false,"image_2_563x400":false,"image_3":false,"image_3_333x240":false,"image_3_332x450":false,"image_4":false,"image_4_332x332":false,"image_4_563x400":false,"code_embed":"","legende_video":"","photo":false,"photo_100x100":false,"nom":"","fonction":"","elements_timeline":false,"entetes_colonnes":false,"entetes_lignes":false,"lignes":false,"introduction":"","formulaire":false,"question":"","reponse":"","libelle_bouton_lien":"","url_lien":"","questions":false,"conclusions":false,"pays":"1","region":"","marque":"16","marqueConcessions":false,"modele":"VITO (30)","ptvente":"","typeV":"","collection":"","nombre_maximum_elements":"10","lien_fin_carousel":"https:\/\/www.bymycar.fr\/rechercher-un-vehicule?prod_VEHICLES%5BrefinementList%5D%5Bbrand%5D%5B0%5D=MERCEDES&prod_VEHICLES%5BrefinementList%5D%5BmodelGroup1%5D%5B0%5D=VITO%20%2830%29","texte_lien_fin_carousel":"Voir plus de v\u00e9hicules","trier_par":""}],"is_old_post":false,"image":{"ID":38915,"id":38915,"title":"Vito-Mercedes","filename":"Vito-Mercedes.jpg","filesize":1,"url":"https:\/\/cdn.bymycar.eu\/fr-webzine\/wp-content\/uploads\/medias\/Vito-Mercedes.jpg","link":"https:\/\/www.bymycar.fr\/webzine\/quel-est-le-meilleur-vito-mercedes\/vito-mercedes\/","alt":"","author":"9","description":"","caption":"","name":"vito-mercedes","status":"inherit","uploaded_to":38914,"date":"2022-12-30 11:40:38","modified":"2022-12-30 11:40:38","menu_order":0,"mime_type":"image\/jpeg","type":"image","subtype":"jpeg","icon":"https:\/\/www.bymycar.fr\/webzine\/wp-includes\/images\/media\/default.png","width":750,"height":410,"sizes":{"thumbnail":"https:\/\/cdn.bymycar.eu\/fr-webzine\/wp-content\/uploads\/medias\/Vito-Mercedes-150x150.jpg","thumbnail-width":150,"thumbnail-height":150,"medium":"https:\/\/cdn.bymycar.eu\/fr-webzine\/wp-content\/uploads\/medias\/Vito-Mercedes-300x164.jpg","medium-width":300,"medium-height":164,"medium_large":"https:\/\/cdn.bymycar.eu\/fr-webzine\/wp-content\/uploads\/medias\/Vito-Mercedes.jpg","medium_large-width":750,"medium_large-height":410,"large":"https:\/\/cdn.bymycar.eu\/fr-webzine\/wp-content\/uploads\/medias\/Vito-Mercedes.jpg","large-width":750,"large-height":410,"1536x1536":"https:\/\/cdn.bymycar.eu\/fr-webzine\/wp-content\/uploads\/medias\/Vito-Mercedes.jpg","1536x1536-width":750,"1536x1536-height":410,"2048x2048":"https:\/\/cdn.bymycar.eu\/fr-webzine\/wp-content\/uploads\/medias\/Vito-Mercedes.jpg","2048x2048-width":750,"2048x2048-height":410}},"page_content":{"block_content":[{"acf_fc_layout":"carousel-produits"},{"acf_fc_layout":"text-simple","--nav":{"-withNav":false,"-ancre":""},"--group":{"-text":"<h2 style=\"text-align: justify;\">Quelles sont les dimensions d\u2019une Mercedes Vito\u00a0?<\/h2>\n<p style=\"text-align: justify;\">Voici les dimensions d\u2019une Mercedes Vito\u00a0:<\/p>\n<ul style=\"text-align: justify;\">\n<li>Longueur\u00a0: 4 658 mm<\/li>\n<li>Largeur\u00a0: 1 880 mm<\/li>\n<li>Hauteur\u00a0: 1 844 mm<\/li>\n<li>Empattement\u00a0: 3 000 mm<\/li>\n<li>Voies AV\/AR\u00a0: 1 620 mm \/ 1 630 mm<\/li>\n<li>Volume du coffre\u00a0: 581 (4 564) dm3<\/li>\n<\/ul>\n<h2 style=\"text-align: justify;\">Fiche technique\u00a0d\u2019une Mercedes-Benz Vito Fourgon\u00a0: quelles sont les dimensions de ce v\u00e9hicule utilitaire\u2009?<\/h2>\n<p style=\"text-align: justify;\">La Mercedes Vito Fourgon offre des espaces de rangement suffisants. La longueur et la largeur de ce v\u00e9hicule varient d\u2019une version \u00e0 l\u2019autre. En int\u00e9rieur, la cloison de s\u00e9paration continue s\u00e9pare l\u2019espace conducteur et passager du compartiment de chargement. La porte lat\u00e9rale coulissante droite permet un acc\u00e8s facile au compartiment de chargement par le c\u00f4t\u00e9.<\/p>\n<p style=\"text-align: justify;\">La Mercedes Vito peut accueillir jusqu\u2019\u00e0 trois europalettes pour les versions longue et extra-longue. Son volume de chargement peut atteindre jusqu\u2019\u00e0 6,6\u00a0m\u00b3. En version extra-longue, la surface du compartiment de chargement va jusqu\u2019\u00e0 4,76\u00a0m\u00b2. La hauteur de la voiture est de 1\u2009910\u00a0mm. Elle est disponible en deux modes de propulsion (propulsion arri\u00e8re et transmission int\u00e9grale).<\/p>\n<p style=\"text-align: justify;\">BYmyCAR commercialise une\u00a0<a href=\"https:\/\/www.bymycar.fr\/marques\/mercedes\/vito\">Mercedes Vito<\/a>\u00a0Fourgon neuve\u00a02022 \u00e0 partir de 41\u2009622\u00a0euros. Avec un tel budget, vous aurez une Mercedes Vito Fourgon 114 CDI long BVA RWD pro. Cette Mercedes Vito d\u00e9veloppe une puissance r\u00e9elle de 136 CH. Elle mesure 5\u2009140\u00a0mm de longueur, 1\u2009928\u00a0mm de largeur et 1\u2009910\u00a0mm de hauteur. Son empattement de roue est de 3\u2009200\u00a0mm. Elle \u00e9met 150\u00a0g\/km de CO2.<\/p>\n<h2 style=\"text-align: justify;\">Vito Mixto\u00a02017, 2018, 2000, 2022, etc.\u00a0: quel est le prix du meilleur Vito\u2009?<\/h2>\n<p style=\"text-align: justify;\">Le Vito Mixto est un utilitaire multifonction \u00e0 l\u2019\u00e9toile. Il peut transporter les personnes et le mat\u00e9riel. Il est tr\u00e8s \u00e9conomique et peut accueillir six personnes. Il allie fonctionnalit\u00e9 et confort. BYmyCAR propose un large choix de Mercedes Vito au meilleur rapport qualit\u00e9-prix. Le Vito Mixto est accessible \u00e0 46\u2009890\u00a0euros. \u00c0 ce prix, vous aurez un Vito Mixto 119 CDI Compact BVA RWD\u00a02018 affichant au tableau un kilom\u00e9trage de 53\u2009907\u00a0km. Ce Vito Mixto mesure 4\u2009895\u00a0mm de longueur, 19\u2009258\u00a0mm de largeur de 1\u2009928\u00a0mm de hauteur. L\u2019empattement de roue est de 3\u2009200\u00a0mm. Le Vito Mixto neuf\u00a02022 co\u00fbte 62\u2009532\u00a0euros. Avec un tel budget, vous aurez un Vito Mixto 119 CDI Compact BVA RWD Select.<\/p>\n<h2 style=\"text-align: justify;\">Quel Vito avec moteur Renault\u2009?<\/h2>\n<p style=\"text-align: justify;\">Le Vito Fourgon est \u00e9quip\u00e9 d\u2019une motorisation Renault\u00a01.6 DCI. Ci-apr\u00e8s les caract\u00e9ristiques de ce moteur\u00a0:<\/p>\n<ul style=\"text-align: justify;\">\n<li>Moteur\u00a0: OM654 DE20LA\u2009;<\/li>\n<li>Carburant\u00a0: Gazole\u2009;<\/li>\n<li>Cylindr\u00e9e\u00a0: 1\u2009950\u00a0cm3\u2009;<\/li>\n<li>Type de transmission\u00a0: propulsion ou transmission int\u00e9grale\u2009;<\/li>\n<li>Puissance nominale\u00a0: 100\u00a0kW\/136 CH\u2009;<\/li>\n<li>Norme antipollution\u00a0: Euro\u00a06d.<\/li>\n<\/ul>\n<h2 style=\"text-align: justify;\">Quelle diff\u00e9rence entre Mercedes Viano et Vito\u2009?<\/h2>\n<p style=\"text-align: justify;\">La marque allemande a fabriqu\u00e9 le monospace Viano (version \u00ab\u2009particuliers\u2009\u00bb et le Vito (version utilitaire disponible en version combi et fourgon). Le Viano est un Vito r\u00e9serv\u00e9 pour le transport de passagers. Le Viano et le Vito offrent tous les deux\u00a0:<\/p>\n<ul style=\"text-align: justify;\">\n<li>Un maximum de s\u00e9curit\u00e9\u2009;<\/li>\n<li>Trois longueurs de carrosserie et deux empattements.<\/li>\n<\/ul>\n<p style=\"text-align: justify;\">Ils se distinguent notamment au niveau des lignes et des packs d\u2019\u00e9quipement. Le Vito propose cinq motorisations et quatre pour le Viano\u00a0:<\/p>\n<ul style=\"text-align: justify;\">\n<li>Deux ou trois moteurs CDI\u00a0;<\/li>\n<li>Deux six cylindres essence.<\/li>\n<\/ul>\n<h3 style=\"text-align: justify;\">Guide d&rsquo;achat Mercedes Vito :<\/h3>\n<p style=\"text-align: justify;\"><a href=\"https:\/\/www.bymycar.fr\/webzine\/quel-est-le-meilleur-vito-mercedes\/\">Quel est le meilleur Vito Mercedes ?<\/a><\/p>\n<p style=\"text-align: justify;\"><a href=\"https:\/\/www.bymycar.fr\/webzine\/quelle-difference-entre-mercedes-viano-et-vito\/\">Quelle diff\u00e9rence entre Mercedes Viano et Vito ?<\/a><\/p>\n<p style=\"text-align: justify;\"><a href=\"https:\/\/www.bymycar.fr\/webzine\/quelle-huile-moteur-pour-mercedes-vito\/\">Quelle huile moteur pour Mercedes Vito ?<\/a><\/p>\n<p style=\"text-align: justify;\"><a href=\"https:\/\/www.bymycar.fr\/webzine\/comment-ouvrir-capot-mercedes-vito\/\">Comment ouvrir capot Mercedes Vito ?<\/a><\/p>\n<p style=\"text-align: justify;\"><a href=\"https:\/\/www.bymycar.fr\/webzine\/combien-coute-un-vito-mercedes\/\">Combien co\u00fbte un Vito Mercedes ?<\/a><\/p>\n<p style=\"text-align: justify;\"><a href=\"https:\/\/www.bymycar.fr\/webzine\/combien-de-kilometres-pour-mercedes-vito\/\">Combien de kilom\u00e8tres pour Mercedes Vito ?<\/a><\/p>\n<p style=\"text-align: justify;\"><a href=\"https:\/\/www.bymycar.fr\/webzine\/combien-de-passagers-dans-un-vito-mercedes\/\">Combien de passagers dans un Vito Mercedes ?<\/a><\/p>\n"}},{"acf_fc_layout":"carousel-produits"}]},"add-carousel-to-footer":true},"yoast_head":"<!-- This site is optimized with the Yoast SEO Premium plugin v26.4 (Yoast SEO v26.4) - https:\/\/yoast.com\/wordpress\/plugins\/seo\/ -->\n<title>Quelle est la hauteur d&#039;un Mercedes Vito ?<\/title>\n<meta name=\"robots\" content=\"index, follow, max-snippet:-1, max-image-preview:large, max-video-preview:-1\" \/>\n<link rel=\"canonical\" href=\"https:\/\/www.bymycar.fr\/webzine\/quelle-est-la-hauteur-dun-mercedes-vito\/\" \/>\n<meta property=\"og:locale\" content=\"fr_FR\" \/>\n<meta property=\"og:type\" content=\"article\" \/>\n<meta property=\"og:title\" content=\"Quelle est la hauteur d&#039;un Mercedes Vito ?\" \/>\n<meta property=\"og:url\" content=\"https:\/\/www.bymycar.fr\/webzine\/quelle-est-la-hauteur-dun-mercedes-vito\/\" \/>\n<meta property=\"og:site_name\" content=\"Webzine auto BYmyCAR\" \/>\n<meta property=\"article:published_time\" content=\"2022-12-30T15:56:33+00:00\" \/>\n<meta property=\"article:modified_time\" content=\"2026-04-14T15:42:37+00:00\" \/>\n<meta property=\"og:image\" content=\"https:\/\/cdn.bymycar.eu\/fr-webzine\/wp-content\/uploads\/medias\/Vito-Mercedes.jpg\" \/>\n\t<meta property=\"og:image:width\" content=\"750\" \/>\n\t<meta property=\"og:image:height\" content=\"410\" \/>\n\t<meta property=\"og:image:type\" content=\"image\/jpeg\" \/>\n<meta name=\"author\" content=\"La R\u00e9daction BYmyCAR\" \/>\n<meta name=\"twitter:card\" content=\"summary_large_image\" \/>\n<meta name=\"twitter:label1\" content=\"\u00c9crit par\" \/>\n\t<meta name=\"twitter:data1\" content=\"La R\u00e9daction BYmyCAR\" \/>\n<script type=\"application\/ld+json\" class=\"yoast-schema-graph\">{\"@context\":\"https:\/\/schema.org\",\"@graph\":[{\"@type\":\"Article\",\"@id\":\"https:\/\/www.bymycar.fr\/webzine\/quelle-est-la-hauteur-dun-mercedes-vito\/#article\",\"isPartOf\":{\"@id\":\"https:\/\/www.bymycar.fr\/webzine\/quelle-est-la-hauteur-dun-mercedes-vito\/\"},\"author\":{\"name\":\"La R\u00e9daction BYmyCAR\",\"@id\":\"https:\/\/www.bymycar.fr\/webzine\/#\/schema\/person\/8d570fe11eb8929f06c1e6d00f4d9689\"},\"headline\":\"Quelle est la hauteur d&rsquo;un Mercedes Vito ?\",\"datePublished\":\"2022-12-30T15:56:33+00:00\",\"dateModified\":\"2026-04-14T15:42:37+00:00\",\"mainEntityOfPage\":{\"@id\":\"https:\/\/www.bymycar.fr\/webzine\/quelle-est-la-hauteur-dun-mercedes-vito\/\"},\"wordCount\":8,\"publisher\":{\"@id\":\"https:\/\/www.bymycar.fr\/webzine\/#organization\"},\"image\":{\"@id\":\"https:\/\/www.bymycar.fr\/webzine\/quelle-est-la-hauteur-dun-mercedes-vito\/#primaryimage\"},\"thumbnailUrl\":\"https:\/\/cdn.bymycar.eu\/fr-webzine\/wp-content\/uploads\/medias\/Vito-Mercedes.jpg\",\"articleSection\":[\"Guide d'achat\",\"Guide d'achat Mercedes\"],\"inLanguage\":\"fr-FR\"},{\"@type\":\"WebPage\",\"@id\":\"https:\/\/www.bymycar.fr\/webzine\/quelle-est-la-hauteur-dun-mercedes-vito\/\",\"url\":\"https:\/\/www.bymycar.fr\/webzine\/quelle-est-la-hauteur-dun-mercedes-vito\/\",\"name\":\"Quelle est la hauteur d'un Mercedes Vito ?\",\"isPartOf\":{\"@id\":\"https:\/\/www.bymycar.fr\/webzine\/#website\"},\"primaryImageOfPage\":{\"@id\":\"https:\/\/www.bymycar.fr\/webzine\/quelle-est-la-hauteur-dun-mercedes-vito\/#primaryimage\"},\"image\":{\"@id\":\"https:\/\/www.bymycar.fr\/webzine\/quelle-est-la-hauteur-dun-mercedes-vito\/#primaryimage\"},\"thumbnailUrl\":\"https:\/\/cdn.bymycar.eu\/fr-webzine\/wp-content\/uploads\/medias\/Vito-Mercedes.jpg\",\"datePublished\":\"2022-12-30T15:56:33+00:00\",\"dateModified\":\"2026-04-14T15:42:37+00:00\",\"breadcrumb\":{\"@id\":\"https:\/\/www.bymycar.fr\/webzine\/quelle-est-la-hauteur-dun-mercedes-vito\/#breadcrumb\"},\"inLanguage\":\"fr-FR\",\"potentialAction\":[{\"@type\":\"ReadAction\",\"target\":[\"https:\/\/www.bymycar.fr\/webzine\/quelle-est-la-hauteur-dun-mercedes-vito\/\"]}]},{\"@type\":\"ImageObject\",\"inLanguage\":\"fr-FR\",\"@id\":\"https:\/\/www.bymycar.fr\/webzine\/quelle-est-la-hauteur-dun-mercedes-vito\/#primaryimage\",\"url\":\"https:\/\/cdn.bymycar.eu\/fr-webzine\/wp-content\/uploads\/medias\/Vito-Mercedes.jpg\",\"contentUrl\":\"https:\/\/cdn.bymycar.eu\/fr-webzine\/wp-content\/uploads\/medias\/Vito-Mercedes.jpg\",\"width\":750,\"height\":410},{\"@type\":\"BreadcrumbList\",\"@id\":\"https:\/\/www.bymycar.fr\/webzine\/quelle-est-la-hauteur-dun-mercedes-vito\/#breadcrumb\",\"itemListElement\":[{\"@type\":\"ListItem\",\"position\":1,\"name\":\"Accueil\",\"item\":\"https:\/\/www.bymycar.fr\/webzine\/\"},{\"@type\":\"ListItem\",\"position\":2,\"name\":\"Quelle est la hauteur d&rsquo;un Mercedes Vito ?\"}]},{\"@type\":\"WebSite\",\"@id\":\"https:\/\/www.bymycar.fr\/webzine\/#website\",\"url\":\"https:\/\/www.bymycar.fr\/webzine\/\",\"name\":\"Webzine auto BYmyCAR\",\"description\":\"La magazine auto de BYmyCAR\",\"publisher\":{\"@id\":\"https:\/\/www.bymycar.fr\/webzine\/#organization\"},\"potentialAction\":[{\"@type\":\"SearchAction\",\"target\":{\"@type\":\"EntryPoint\",\"urlTemplate\":\"https:\/\/www.bymycar.fr\/webzine\/?s={search_term_string}\"},\"query-input\":{\"@type\":\"PropertyValueSpecification\",\"valueRequired\":true,\"valueName\":\"search_term_string\"}}],\"inLanguage\":\"fr-FR\"},{\"@type\":\"Organization\",\"@id\":\"https:\/\/www.bymycar.fr\/webzine\/#organization\",\"name\":\"BYmyCAR\",\"url\":\"https:\/\/www.bymycar.fr\/webzine\/\",\"logo\":{\"@type\":\"ImageObject\",\"inLanguage\":\"fr-FR\",\"@id\":\"https:\/\/www.bymycar.fr\/webzine\/#\/schema\/logo\/image\/\",\"url\":\"https:\/\/cdn.bymycar.eu\/fr-webzine\/wp-content\/uploads\/medias\/2017\/08\/logo_DEALER_00000406_001.png\",\"contentUrl\":\"https:\/\/cdn.bymycar.eu\/fr-webzine\/wp-content\/uploads\/medias\/2017\/08\/logo_DEALER_00000406_001.png\",\"width\":2132,\"height\":720,\"caption\":\"BYmyCAR\"},\"image\":{\"@id\":\"https:\/\/www.bymycar.fr\/webzine\/#\/schema\/logo\/image\/\"}},{\"@type\":\"Person\",\"@id\":\"https:\/\/www.bymycar.fr\/webzine\/#\/schema\/person\/8d570fe11eb8929f06c1e6d00f4d9689\",\"name\":\"La R\u00e9daction BYmyCAR\",\"image\":{\"@type\":\"ImageObject\",\"inLanguage\":\"fr-FR\",\"@id\":\"https:\/\/www.bymycar.fr\/webzine\/#\/schema\/person\/image\/\",\"url\":\"https:\/\/secure.gravatar.com\/avatar\/1aa6b039d0ce106989923af4e2d0f2a0c82bb070d5e449f1b9adf082a5863900?s=96&d=mm&r=g\",\"contentUrl\":\"https:\/\/secure.gravatar.com\/avatar\/1aa6b039d0ce106989923af4e2d0f2a0c82bb070d5e449f1b9adf082a5863900?s=96&d=mm&r=g\",\"caption\":\"La R\u00e9daction BYmyCAR\"},\"sameAs\":[\"https:\/\/www.bymycar.fr\/\"]}]}<\/script>\n<!-- \/ Yoast SEO Premium plugin. -->","yoast_head_json":{"title":"Quelle est la hauteur d'un Mercedes Vito ?","robots":{"index":"index","follow":"follow","max-snippet":"max-snippet:-1","max-image-preview":"max-image-preview:large","max-video-preview":"max-video-preview:-1"},"canonical":"https:\/\/www.bymycar.fr\/webzine\/quelle-est-la-hauteur-dun-mercedes-vito\/","og_locale":"fr_FR","og_type":"article","og_title":"Quelle est la hauteur d'un Mercedes Vito ?","og_url":"https:\/\/www.bymycar.fr\/webzine\/quelle-est-la-hauteur-dun-mercedes-vito\/","og_site_name":"Webzine auto BYmyCAR","article_published_time":"2022-12-30T15:56:33+00:00","article_modified_time":"2026-04-14T15:42:37+00:00","og_image":[{"width":750,"height":410,"url":"https:\/\/cdn.bymycar.eu\/fr-webzine\/wp-content\/uploads\/medias\/Vito-Mercedes.jpg","type":"image\/jpeg"}],"author":"La R\u00e9daction BYmyCAR","twitter_card":"summary_large_image","twitter_misc":{"\u00c9crit par":"La R\u00e9daction BYmyCAR"},"schema":{"@context":"https:\/\/schema.org","@graph":[{"@type":"Article","@id":"https:\/\/www.bymycar.fr\/webzine\/quelle-est-la-hauteur-dun-mercedes-vito\/#article","isPartOf":{"@id":"https:\/\/www.bymycar.fr\/webzine\/quelle-est-la-hauteur-dun-mercedes-vito\/"},"author":{"name":"La R\u00e9daction BYmyCAR","@id":"https:\/\/www.bymycar.fr\/webzine\/#\/schema\/person\/8d570fe11eb8929f06c1e6d00f4d9689"},"headline":"Quelle est la hauteur d&rsquo;un Mercedes Vito ?","datePublished":"2022-12-30T15:56:33+00:00","dateModified":"2026-04-14T15:42:37+00:00","mainEntityOfPage":{"@id":"https:\/\/www.bymycar.fr\/webzine\/quelle-est-la-hauteur-dun-mercedes-vito\/"},"wordCount":8,"publisher":{"@id":"https:\/\/www.bymycar.fr\/webzine\/#organization"},"image":{"@id":"https:\/\/www.bymycar.fr\/webzine\/quelle-est-la-hauteur-dun-mercedes-vito\/#primaryimage"},"thumbnailUrl":"https:\/\/cdn.bymycar.eu\/fr-webzine\/wp-content\/uploads\/medias\/Vito-Mercedes.jpg","articleSection":["Guide d'achat","Guide d'achat Mercedes"],"inLanguage":"fr-FR"},{"@type":"WebPage","@id":"https:\/\/www.bymycar.fr\/webzine\/quelle-est-la-hauteur-dun-mercedes-vito\/","url":"https:\/\/www.bymycar.fr\/webzine\/quelle-est-la-hauteur-dun-mercedes-vito\/","name":"Quelle est la hauteur d'un Mercedes Vito ?","isPartOf":{"@id":"https:\/\/www.bymycar.fr\/webzine\/#website"},"primaryImageOfPage":{"@id":"https:\/\/www.bymycar.fr\/webzine\/quelle-est-la-hauteur-dun-mercedes-vito\/#primaryimage"},"image":{"@id":"https:\/\/www.bymycar.fr\/webzine\/quelle-est-la-hauteur-dun-mercedes-vito\/#primaryimage"},"thumbnailUrl":"https:\/\/cdn.bymycar.eu\/fr-webzine\/wp-content\/uploads\/medias\/Vito-Mercedes.jpg","datePublished":"2022-12-30T15:56:33+00:00","dateModified":"2026-04-14T15:42:37+00:00","breadcrumb":{"@id":"https:\/\/www.bymycar.fr\/webzine\/quelle-est-la-hauteur-dun-mercedes-vito\/#breadcrumb"},"inLanguage":"fr-FR","potentialAction":[{"@type":"ReadAction","target":["https:\/\/www.bymycar.fr\/webzine\/quelle-est-la-hauteur-dun-mercedes-vito\/"]}]},{"@type":"ImageObject","inLanguage":"fr-FR","@id":"https:\/\/www.bymycar.fr\/webzine\/quelle-est-la-hauteur-dun-mercedes-vito\/#primaryimage","url":"https:\/\/cdn.bymycar.eu\/fr-webzine\/wp-content\/uploads\/medias\/Vito-Mercedes.jpg","contentUrl":"https:\/\/cdn.bymycar.eu\/fr-webzine\/wp-content\/uploads\/medias\/Vito-Mercedes.jpg","width":750,"height":410},{"@type":"BreadcrumbList","@id":"https:\/\/www.bymycar.fr\/webzine\/quelle-est-la-hauteur-dun-mercedes-vito\/#breadcrumb","itemListElement":[{"@type":"ListItem","position":1,"name":"Accueil","item":"https:\/\/www.bymycar.fr\/webzine\/"},{"@type":"ListItem","position":2,"name":"Quelle est la hauteur d&rsquo;un Mercedes Vito ?"}]},{"@type":"WebSite","@id":"https:\/\/www.bymycar.fr\/webzine\/#website","url":"https:\/\/www.bymycar.fr\/webzine\/","name":"Webzine auto BYmyCAR","description":"La magazine auto de BYmyCAR","publisher":{"@id":"https:\/\/www.bymycar.fr\/webzine\/#organization"},"potentialAction":[{"@type":"SearchAction","target":{"@type":"EntryPoint","urlTemplate":"https:\/\/www.bymycar.fr\/webzine\/?s={search_term_string}"},"query-input":{"@type":"PropertyValueSpecification","valueRequired":true,"valueName":"search_term_string"}}],"inLanguage":"fr-FR"},{"@type":"Organization","@id":"https:\/\/www.bymycar.fr\/webzine\/#organization","name":"BYmyCAR","url":"https:\/\/www.bymycar.fr\/webzine\/","logo":{"@type":"ImageObject","inLanguage":"fr-FR","@id":"https:\/\/www.bymycar.fr\/webzine\/#\/schema\/logo\/image\/","url":"https:\/\/cdn.bymycar.eu\/fr-webzine\/wp-content\/uploads\/medias\/2017\/08\/logo_DEALER_00000406_001.png","contentUrl":"https:\/\/cdn.bymycar.eu\/fr-webzine\/wp-content\/uploads\/medias\/2017\/08\/logo_DEALER_00000406_001.png","width":2132,"height":720,"caption":"BYmyCAR"},"image":{"@id":"https:\/\/www.bymycar.fr\/webzine\/#\/schema\/logo\/image\/"}},{"@type":"Person","@id":"https:\/\/www.bymycar.fr\/webzine\/#\/schema\/person\/8d570fe11eb8929f06c1e6d00f4d9689","name":"La R\u00e9daction BYmyCAR","image":{"@type":"ImageObject","inLanguage":"fr-FR","@id":"https:\/\/www.bymycar.fr\/webzine\/#\/schema\/person\/image\/","url":"https:\/\/secure.gravatar.com\/avatar\/1aa6b039d0ce106989923af4e2d0f2a0c82bb070d5e449f1b9adf082a5863900?s=96&d=mm&r=g","contentUrl":"https:\/\/secure.gravatar.com\/avatar\/1aa6b039d0ce106989923af4e2d0f2a0c82bb070d5e449f1b9adf082a5863900?s=96&d=mm&r=g","caption":"La R\u00e9daction BYmyCAR"},"sameAs":["https:\/\/www.bymycar.fr\/"]}]}},"_links":{"self":[{"href":"https:\/\/www.bymycar.fr\/webzine\/wp-json\/wp\/v2\/posts\/38927","targetHints":{"allow":["GET"]}}],"collection":[{"href":"https:\/\/www.bymycar.fr\/webzine\/wp-json\/wp\/v2\/posts"}],"about":[{"href":"https:\/\/www.bymycar.fr\/webzine\/wp-json\/wp\/v2\/types\/post"}],"author":[{"embeddable":true,"href":"https:\/\/www.bymycar.fr\/webzine\/wp-json\/wp\/v2\/users\/88"}],"replies":[{"embeddable":true,"href":"https:\/\/www.bymycar.fr\/webzine\/wp-json\/wp\/v2\/comments?post=38927"}],"version-history":[{"count":5,"href":"https:\/\/www.bymycar.fr\/webzine\/wp-json\/wp\/v2\/posts\/38927\/revisions"}],"predecessor-version":[{"id":39063,"href":"https:\/\/www.bymycar.fr\/webzine\/wp-json\/wp\/v2\/posts\/38927\/revisions\/39063"}],"wp:featuredmedia":[{"embeddable":true,"href":"https:\/\/www.bymycar.fr\/webzine\/wp-json\/wp\/v2\/media\/38915"}],"wp:attachment":[{"href":"https:\/\/www.bymycar.fr\/webzine\/wp-json\/wp\/v2\/media?parent=38927"}],"wp:term":[{"taxonomy":"category","embeddable":true,"href":"https:\/\/www.bymycar.fr\/webzine\/wp-json\/wp\/v2\/categories?post=38927"},{"taxonomy":"post_tag","embeddable":true,"href":"https:\/\/www.bymycar.fr\/webzine\/wp-json\/wp\/v2\/tags?post=38927"}],"curies":[{"name":"wp","href":"https:\/\/api.w.org\/{rel}","templated":true}]}}