{"id":38601,"date":"2022-12-15T08:52:30","date_gmt":"2022-12-15T07:52:30","guid":{"rendered":"https:\/\/prod.bymycar.fr\/webzine\/?p=38601"},"modified":"2026-04-14T17:42:51","modified_gmt":"2026-04-14T15:42:51","slug":"quel-est-le-nombre-dair-bag-sur-lalfa-romeo-stelvio","status":"publish","type":"post","link":"https:\/\/www.bymycar.fr\/webzine\/quel-est-le-nombre-dair-bag-sur-lalfa-romeo-stelvio\/","title":{"rendered":"Quel est le nombre d&rsquo;air bag sur l&rsquo;Alfa Romeo Stelvio ?"},"content":{"rendered":"","protected":false},"excerpt":{"rendered":"","protected":false},"author":88,"featured_media":38602,"comment_status":"closed","ping_status":"open","sticky":false,"template":"","format":"standard","meta":{"_acf_changed":false,"footnotes":""},"categories":[12893,12923],"tags":[],"class_list":["post-38601","post","type-post","status-publish","format-standard","has-post-thumbnail","hentry","category-guide-dachat","category-guide-dachat-alfa-romeo"],"acf":{"template":"classique","introduction":"<p style=\"text-align: justify;\">Les accidents arrivent sans qu\u2019on puisse les pr\u00e9voir. C\u2019est pourquoi la s\u00e9curit\u00e9 en automobile est un crit\u00e8re d\u2019une importance capitale. L\u2019un des syst\u00e8mes de s\u00e9curit\u00e9 pr\u00e9sents dans la quasi-totalit\u00e9 des voitures modernes est l\u2019airbag. Quel est le nombre d\u2019airbags sur un <a href=\"https:\/\/www.bymycar.fr\/marques\/alfa-romeo\/stelvio\">Alfa Romeo Stelvio<\/a>\u00a0? BYmyCAR vous r\u00e9pond.<\/p>\n<p style=\"text-align: center;\"><a href=\"https:\/\/www.bymycar.fr\/rechercher-un-vehicule?prod_VEHICLES%5BrefinementList%5D%5Bbrand%5D%5B0%5D=ALFA%20ROMEO&amp;prod_VEHICLES%5BrefinementList%5D%5BmodelGroup1%5D%5B0%5D=STELVIO\" target=\"_blank\" class=\"css-button css-button--gold\" >\n                Voir nos v\u00e9hicules Alfa Romeo Stelvio neufs et d'occasion\n        <\/a><\/p>\n","strates":[{"type_strate":"carousel-produits","ancre":"","contenu":"<h2>Alfa Romeo Stelvio : premier SUV du constructeur italien<\/h2>\n<p>L\u2019<a href=\"https:\/\/www.bymycar.fr\/marques\/alfa-romeo\/stelvio\">Alfa Romeo Stelvio<\/a>\u00a0est un SUV produit par le constructeur italien, pr\u00e9sent\u00e9 au public pour la premi\u00e8re fois en 2016, et commercialis\u00e9 depuis 2017. Il s\u2019agit du premier mod\u00e8le de ce type de v\u00e9hicule fabriqu\u00e9 par Alfa Romeo.<\/p>\n<p>Les SUV sont des v\u00e9hicules plut\u00f4t destin\u00e9s \u00e0 la ville, bien qu\u2019ils soient tout aussi \u00e0 l\u2019aise sur route. De ce fait, ils sont \u00e9quip\u00e9s de mani\u00e8re \u00e0 maximiser le confort, et \u00e0 rendre la conduite aussi agr\u00e9able et facile que possible. L\u2019Alfa Romeo Stelvio n\u2019est pas en reste, avec des options telles que\u00a0:<\/p>\n<ul>\n<li>Les appuis-t\u00eate conducteur et passager r\u00e9glables en hauteur\u00a0;<\/li>\n<li>L\u2019assistance \u00e0 la descente\u00a0;<\/li>\n<li>Les r\u00e9p\u00e9titeurs de clignotant dans le r\u00e9tro ext\u00e9rieur\u00a0;<\/li>\n<li>Les commandes du syst\u00e8me audio au volant\u00a0;<\/li>\n<li>Le compte-tours de contr\u00f4le \u00e9lectrique\u00a0;<\/li>\n<li>L\u2019aide au d\u00e9marrage en c\u00f4te\u00a0;<\/li>\n<li>Le freinage automatique d\u2019urgence\u00a0;<\/li>\n<li>Le kit mains-libres Bluetooth et la lampe de coffre\u00a0;<\/li>\n<li>Les lampes de lecture \u00e0 l\u2019avant du v\u00e9hicule\u00a0;<\/li>\n<li>L\u2019avertisseur de perte de pression pneumatique\u00a0;<\/li>\n<li>Le radar de stationnement AR\u00a0;<\/li>\n<li>Les buses de lave-glace chauffantes\u00a0;<\/li>\n<li>La reconnaissance des panneaux de signalisation\u00a0;<\/li>\n<li>Le r\u00e9gulateur de vitesse adaptatif\u00a0;<\/li>\n<li>Le si\u00e8ge conducteur avec r\u00e9glage lombaire \u00e9lectrique\u00a0;<\/li>\n<li>La troisi\u00e8me ceinture de s\u00e9curit\u00e9\u00a0;<\/li>\n<li>Les vitres arri\u00e8re \u00e9lectriques\u00a0;<\/li>\n<li>Le volant cuir multifonction\u00a0;<\/li>\n<li>Le miroir de courtoisie \u00e9clair\u00e9 pour le conducteur ;<\/li>\n<li>La sortie d&rsquo;\u00e9chappement chrom\u00e9e.<\/li>\n<\/ul>\n<p>Le Stelvio, avec toute cette panoplie d\u2019\u00e9quipements, fait partie du fleuron des SUV \u00e0 l\u2019italienne.<\/p>\n<h2>Syst\u00e8me de s\u00e9curit\u00e9 de la voiture : l&rsquo;airbag<\/h2>\n<p>L\u2019un des syst\u00e8mes de s\u00e9curit\u00e9 d\u2019une voiture les plus importants est l\u2019airbag. Il s\u2019agit d\u2019un sac qui, lors d\u2019une collision, se remplit de gaz et amortit le choc pour les personnes se trouvant dans l\u2019habitacle. L\u2019activation de l\u2019airbag est provoqu\u00e9e par un capteur similaire \u00e0 un acc\u00e9l\u00e9rom\u00e8tre. Un signal est envoy\u00e9 au calculateur qui d\u00e9ploie les airbags et d\u00e9clenche un gonfleur \u00e0 gaz.<\/p>\n<h2>Les diff\u00e9rents types d&rsquo;airbags<\/h2>\n<p>Il existe plusieurs types d\u2019airbags. L\u2019Alfa Romeo Stelvio est \u00e9quip\u00e9 de chacun d\u2019entre eux. Ce SUV compte en tout quatre airbags.<\/p>\n<h3>L&rsquo;airbag conducteur<\/h3>\n<p>L\u2019airbag conducteur se situe dans le volant, en face du conducteur. Il permet de prot\u00e9ger ce dernier en cas de choc frontal avec un obstacle.<\/p>\n<h3>L&rsquo;airbag passager<\/h3>\n<p>L\u2019airbag passager est identique \u00e0 l\u2019airbag conducteur, mais il se trouve au-dessus de la bo\u00eete \u00e0 gants.<\/p>\n<h3>Les airbags lat\u00e9raux ou airbags rideaux<\/h3>\n<p>Il est possible que, lors d\u2019un accident, le choc ait lieu sur un c\u00f4t\u00e9 de la voiture. Or, les airbags conducteur et passager ne prot\u00e8gent que des chocs frontaux. Ainsi, pour amortir la violence d\u2019un choc provenant du c\u00f4t\u00e9 de la voiture, les airbags lat\u00e9raux sont activ\u00e9s. Ils sont au nombre de deux et se situent dans les dossiers des si\u00e8ges, ou sur le montant B.<\/p>\n<p>Une autre appellation de l\u2019airbag lat\u00e9ral est l\u2019airbag rideau.<\/p>\n<h3>\u00c0 LIRE \u00c9GALEMENT :<\/h3>\n<p><a href=\"https:\/\/www.bymycar.fr\/webzine\/combien-coute-un-suv-alfa-romeo-stelvio\/\">Combien co\u00fbte un suv Alfa Romeo Stelvio ?<\/a><\/p>\n<p><a href=\"https:\/\/www.bymycar.fr\/webzine\/combien-coute-une-courroie-de-distribution-sur-une-alfa-romeo-stelvio\/\">Combien co\u00fbte une courroie de distribution sur une Alfa Romeo Stelvio ?<\/a><\/p>\n<p><a href=\"https:\/\/www.bymycar.fr\/webzine\/comment-desactiver-lalerte-de-franchissement-de-ligne-dune-alfa-romeo-stelvio\/\">Comment d\u00e9sactiver l&rsquo;alerte de franchissement de ligne d&rsquo;une Alfa Romeo Stelvio ?<\/a><\/p>\n<p><a href=\"https:\/\/www.bymycar.fr\/webzine\/comment-faire-clignoter-les-leds-avant-sur-lalfa-romeo-stelvio\/\">Comment faire clignoter les LEDs avant sur l&rsquo;Alfa Romeo Stelvio ?<\/a><\/p>\n<p><a href=\"https:\/\/www.bymycar.fr\/webzine\/comment-remplacer-une-roue-alfa-romeo-stelvio\/\">Comment remplacer une roue Alfa Romeo Stelvio ?<\/a><\/p>\n<p><a href=\"https:\/\/www.bymycar.fr\/webzine\/quelle-alfa-romeo-stelvio-choisir\/\">Quelle Alfa Romeo Stelvio choisir ?<\/a><\/p>\n<p><a href=\"https:\/\/www.bymycar.fr\/webzine\/quelles-sont-les-dimensions-de-lalfa-romeo-stelvio\/\">Quelles sont les dimensions de l&rsquo;Alfa Romeo Stelvio ?<\/a><\/p>\n","titre":"Voir nos v\u00e9hicules Alfa Romeo Stelvio disponibles","image":false,"image_libre":false,"image_800x500":false,"legende":"","zoom":false,"texte":"","articles":false,"categorie_droite":false,"images":false,"elements_comparatif":false,"texte_1":"","texte_2":"","image_1":false,"image_1_563x400":false,"image_1_332x332":false,"image_2":false,"image_2_333x240":false,"image_2_563x400":false,"image_3":false,"image_3_333x240":false,"image_3_332x450":false,"image_4":false,"image_4_332x332":false,"image_4_563x400":false,"code_embed":"","legende_video":"","photo":false,"photo_100x100":false,"nom":"","fonction":"","elements_timeline":false,"entetes_colonnes":false,"entetes_lignes":false,"lignes":false,"introduction":"","formulaire":false,"question":"","reponse":"","libelle_bouton_lien":"","url_lien":"","questions":false,"conclusions":false,"pays":"1","region":"","marque":"11","marqueConcessions":false,"modele":"STELVIO","ptvente":"","typeV":"","collection":"","nombre_maximum_elements":"5","lien_fin_carousel":"https:\/\/www.bymycar.fr\/rechercher-un-vehicule?prod_VEHICLES%5BrefinementList%5D%5Bbrand%5D%5B0%5D=ALFA%20ROMEO&prod_VEHICLES%5BrefinementList%5D%5BmodelGroup1%5D%5B0%5D=STELVIO","texte_lien_fin_carousel":"Voir plus de v\u00e9hicules","trier_par":"prix"},{"type_strate":"texte-simple","ancre":"","contenu":"<h2 style=\"text-align: justify;\">Alfa Romeo Stelvio : premier SUV du constructeur italien<\/h2>\n<p style=\"text-align: justify;\">L\u2019<a href=\"https:\/\/www.bymycar.fr\/marques\/alfa-romeo\/stelvio\">Alfa Romeo Stelvio<\/a>\u00a0est un SUV produit par le constructeur italien, pr\u00e9sent\u00e9 au public pour la premi\u00e8re fois en 2016, et commercialis\u00e9 depuis 2017. Il s\u2019agit du premier mod\u00e8le de ce type de v\u00e9hicule fabriqu\u00e9 par Alfa Romeo.<\/p>\n<p style=\"text-align: justify;\">Les SUV sont des v\u00e9hicules plut\u00f4t destin\u00e9s \u00e0 la ville, bien qu\u2019ils soient tout aussi \u00e0 l\u2019aise sur route. De ce fait, ils sont \u00e9quip\u00e9s de mani\u00e8re \u00e0 maximiser le confort, et \u00e0 rendre la conduite aussi agr\u00e9able et facile que possible. L\u2019Alfa Romeo Stelvio n\u2019est pas en reste, avec des options telles que\u00a0:<\/p>\n<ul style=\"text-align: justify;\">\n<li>Les appuis-t\u00eate conducteur et passager r\u00e9glables en hauteur\u00a0;<\/li>\n<li>L\u2019assistance \u00e0 la descente\u00a0;<\/li>\n<li>Les r\u00e9p\u00e9titeurs de clignotant dans le r\u00e9tro ext\u00e9rieur\u00a0;<\/li>\n<li>Les commandes du syst\u00e8me audio au volant\u00a0;<\/li>\n<li>Le compte-tours de contr\u00f4le \u00e9lectrique\u00a0;<\/li>\n<li>L\u2019aide au d\u00e9marrage en c\u00f4te\u00a0;<\/li>\n<li>Le freinage automatique d\u2019urgence\u00a0;<\/li>\n<li>Le kit mains-libres Bluetooth et la lampe de coffre\u00a0;<\/li>\n<li>Les lampes de lecture \u00e0 l\u2019avant du v\u00e9hicule\u00a0;<\/li>\n<li>L\u2019avertisseur de perte de pression pneumatique\u00a0;<\/li>\n<li>Le radar de stationnement AR\u00a0;<\/li>\n<li>Les buses de lave-glace chauffantes\u00a0;<\/li>\n<li>La reconnaissance des panneaux de signalisation\u00a0;<\/li>\n<li>Le r\u00e9gulateur de vitesse adaptatif\u00a0;<\/li>\n<li>Le si\u00e8ge conducteur avec r\u00e9glage lombaire \u00e9lectrique\u00a0;<\/li>\n<li>La troisi\u00e8me ceinture de s\u00e9curit\u00e9\u00a0;<\/li>\n<li>Les vitres arri\u00e8re \u00e9lectriques\u00a0;<\/li>\n<li>Le volant cuir multifonction\u00a0;<\/li>\n<li>Le miroir de courtoisie \u00e9clair\u00e9 pour le conducteur ;<\/li>\n<li>La sortie d&rsquo;\u00e9chappement chrom\u00e9e.<\/li>\n<\/ul>\n<p style=\"text-align: justify;\">Le Stelvio, avec toute cette panoplie d\u2019\u00e9quipements, fait partie du fleuron des SUV \u00e0 l\u2019italienne.<\/p>\n<h2 style=\"text-align: justify;\">Syst\u00e8me de s\u00e9curit\u00e9 de la voiture : l&rsquo;airbag<\/h2>\n<p style=\"text-align: justify;\">L\u2019un des syst\u00e8mes de s\u00e9curit\u00e9 d\u2019une voiture les plus importants est l\u2019airbag. Il s\u2019agit d\u2019un sac qui, lors d\u2019une collision, se remplit de gaz et amortit le choc pour les personnes se trouvant dans l\u2019habitacle. L\u2019activation de l\u2019airbag est provoqu\u00e9e par un capteur similaire \u00e0 un acc\u00e9l\u00e9rom\u00e8tre. Un signal est envoy\u00e9 au calculateur qui d\u00e9ploie les airbags et d\u00e9clenche un gonfleur \u00e0 gaz.<\/p>\n<h2 style=\"text-align: justify;\">Les diff\u00e9rents types d&rsquo;airbags<\/h2>\n<p style=\"text-align: justify;\">Il existe plusieurs types d\u2019airbags. L\u2019Alfa Romeo Stelvio est \u00e9quip\u00e9 de chacun d\u2019entre eux. Ce SUV compte en tout quatre airbags.<\/p>\n<h3 style=\"text-align: justify;\">L&rsquo;airbag conducteur<\/h3>\n<p style=\"text-align: justify;\">L\u2019airbag conducteur se situe dans le volant, en face du conducteur. Il permet de prot\u00e9ger ce dernier en cas de choc frontal avec un obstacle.<\/p>\n<h3 style=\"text-align: justify;\">L&rsquo;airbag passager<\/h3>\n<p style=\"text-align: justify;\">L\u2019airbag passager est identique \u00e0 l\u2019airbag conducteur, mais il se trouve au-dessus de la bo\u00eete \u00e0 gants.<\/p>\n<h3 style=\"text-align: justify;\">Les airbags lat\u00e9raux ou airbags rideaux<\/h3>\n<p style=\"text-align: justify;\">Il est possible que, lors d\u2019un accident, le choc ait lieu sur un c\u00f4t\u00e9 de la voiture. Or, les airbags conducteur et passager ne prot\u00e8gent que des chocs frontaux. Ainsi, pour amortir la violence d\u2019un choc provenant du c\u00f4t\u00e9 de la voiture, les airbags lat\u00e9raux sont activ\u00e9s. Ils sont au nombre de deux et se situent dans les dossiers des si\u00e8ges, ou sur le montant B.<\/p>\n<p style=\"text-align: justify;\">Une autre appellation de l\u2019airbag lat\u00e9ral est l\u2019airbag rideau.<\/p>\n<h3 style=\"text-align: justify;\">Guide d&rsquo;achat Alfa Romeo Stelvio :<\/h3>\n<p style=\"text-align: justify;\"><a href=\"https:\/\/www.bymycar.fr\/webzine\/combien-coute-un-suv-alfa-romeo-stelvio\/\">Combien co\u00fbte un suv Alfa Romeo Stelvio ?<\/a><\/p>\n<p style=\"text-align: justify;\"><a href=\"https:\/\/www.bymycar.fr\/webzine\/combien-coute-une-courroie-de-distribution-sur-une-alfa-romeo-stelvio\/\">Combien co\u00fbte une courroie de distribution sur une Alfa Romeo Stelvio ?<\/a><\/p>\n<p style=\"text-align: justify;\"><a href=\"https:\/\/www.bymycar.fr\/webzine\/comment-desactiver-lalerte-de-franchissement-de-ligne-dune-alfa-romeo-stelvio\/\">Comment d\u00e9sactiver l&rsquo;alerte de franchissement de ligne d&rsquo;une Alfa Romeo Stelvio ?<\/a><\/p>\n<p style=\"text-align: justify;\"><a href=\"https:\/\/www.bymycar.fr\/webzine\/comment-faire-clignoter-les-leds-avant-sur-lalfa-romeo-stelvio\/\">Comment faire clignoter les LEDs avant sur l&rsquo;Alfa Romeo Stelvio ?<\/a><\/p>\n<p style=\"text-align: justify;\"><a href=\"https:\/\/www.bymycar.fr\/webzine\/comment-remplacer-une-roue-alfa-romeo-stelvio\/\">Comment remplacer une roue Alfa Romeo Stelvio ?<\/a><\/p>\n<p style=\"text-align: justify;\"><a href=\"https:\/\/www.bymycar.fr\/webzine\/quelle-alfa-romeo-stelvio-choisir\/\">Quelle Alfa Romeo Stelvio choisir ?<\/a><\/p>\n<p style=\"text-align: justify;\"><a href=\"https:\/\/www.bymycar.fr\/webzine\/quelles-sont-les-dimensions-de-lalfa-romeo-stelvio\/\">Quelles sont les dimensions de l&rsquo;Alfa Romeo Stelvio ?<\/a><\/p>\n","titre":"Texte 1","image":false,"image_libre":false,"image_800x500":false,"legende":"","zoom":false,"texte":"","articles":false,"categorie_droite":false,"images":false,"elements_comparatif":false,"texte_1":"","texte_2":"","image_1":false,"image_1_563x400":false,"image_1_332x332":false,"image_2":false,"image_2_333x240":false,"image_2_563x400":false,"image_3":false,"image_3_333x240":false,"image_3_332x450":false,"image_4":false,"image_4_332x332":false,"image_4_563x400":false,"code_embed":"","legende_video":"","photo":false,"photo_100x100":false,"nom":"","fonction":"","elements_timeline":false,"entetes_colonnes":false,"entetes_lignes":false,"lignes":false,"introduction":"","formulaire":false,"question":"","reponse":"","libelle_bouton_lien":"","url_lien":"","questions":false,"conclusions":false,"pays":false,"region":false,"marque":false,"marqueConcessions":false,"modele":false,"ptvente":false,"typeV":false,"collection":false,"nombre_maximum_elements":10,"lien_fin_carousel":"","texte_lien_fin_carousel":"","trier_par":false},{"type_strate":"carousel-produits","ancre":"","contenu":"","titre":"Voir nos v\u00e9hicules Alfa Romeo Stelvio disponibles","image":false,"image_libre":false,"image_800x500":false,"legende":"","zoom":false,"texte":"","articles":false,"categorie_droite":false,"images":false,"elements_comparatif":false,"texte_1":"","texte_2":"","image_1":false,"image_1_563x400":false,"image_1_332x332":false,"image_2":false,"image_2_333x240":false,"image_2_563x400":false,"image_3":false,"image_3_333x240":false,"image_3_332x450":false,"image_4":false,"image_4_332x332":false,"image_4_563x400":false,"code_embed":"","legende_video":"","photo":false,"photo_100x100":false,"nom":"","fonction":"","elements_timeline":false,"entetes_colonnes":false,"entetes_lignes":false,"lignes":false,"introduction":"","formulaire":false,"question":"","reponse":"","libelle_bouton_lien":"","url_lien":"","questions":false,"conclusions":false,"pays":"1","region":"","marque":"11","marqueConcessions":false,"modele":"STELVIO","ptvente":"","typeV":"","collection":"","nombre_maximum_elements":"5","lien_fin_carousel":"https:\/\/www.bymycar.fr\/rechercher-un-vehicule?prod_VEHICLES%5BrefinementList%5D%5Bbrand%5D%5B0%5D=ALFA%20ROMEO&prod_VEHICLES%5BrefinementList%5D%5BmodelGroup1%5D%5B0%5D=STELVIO","texte_lien_fin_carousel":"Voir plus de v\u00e9hicules","trier_par":"prix"}],"is_old_post":false,"image":{"ID":38602,"id":38602,"title":"Alfa Romeo Stelvio","filename":"Alfa-Romeo-Stevio.jpg","filesize":1,"url":"https:\/\/cdn.bymycar.eu\/fr-webzine\/wp-content\/uploads\/medias\/Alfa-Romeo-Stevio.jpg","link":"https:\/\/www.bymycar.fr\/webzine\/quel-est-le-nombre-dair-bag-sur-lalfa-romeo-stelvio\/alfa-romeo-stevio\/","alt":"","author":"9","description":"","caption":"","name":"alfa-romeo-stevio","status":"inherit","uploaded_to":38601,"date":"2022-12-15 07:52:23","modified":"2022-12-16 09:57:14","menu_order":0,"mime_type":"image\/jpeg","type":"image","subtype":"jpeg","icon":"https:\/\/www.bymycar.fr\/webzine\/wp-includes\/images\/media\/default.png","width":750,"height":410,"sizes":{"thumbnail":"https:\/\/cdn.bymycar.eu\/fr-webzine\/wp-content\/uploads\/medias\/Alfa-Romeo-Stevio-150x150.jpg","thumbnail-width":150,"thumbnail-height":150,"medium":"https:\/\/cdn.bymycar.eu\/fr-webzine\/wp-content\/uploads\/medias\/Alfa-Romeo-Stevio-300x164.jpg","medium-width":300,"medium-height":164,"medium_large":"https:\/\/cdn.bymycar.eu\/fr-webzine\/wp-content\/uploads\/medias\/Alfa-Romeo-Stevio.jpg","medium_large-width":750,"medium_large-height":410,"large":"https:\/\/cdn.bymycar.eu\/fr-webzine\/wp-content\/uploads\/medias\/Alfa-Romeo-Stevio.jpg","large-width":750,"large-height":410,"1536x1536":"https:\/\/cdn.bymycar.eu\/fr-webzine\/wp-content\/uploads\/medias\/Alfa-Romeo-Stevio.jpg","1536x1536-width":750,"1536x1536-height":410,"2048x2048":"https:\/\/cdn.bymycar.eu\/fr-webzine\/wp-content\/uploads\/medias\/Alfa-Romeo-Stevio.jpg","2048x2048-width":750,"2048x2048-height":410}},"page_content":{"block_content":[{"acf_fc_layout":"carousel-produits"},{"acf_fc_layout":"text-simple","--nav":{"-withNav":false,"-ancre":""},"--group":{"-text":"<h2 style=\"text-align: justify;\">Alfa Romeo Stelvio : premier SUV du constructeur italien<\/h2>\n<p style=\"text-align: justify;\">L\u2019<a href=\"https:\/\/www.bymycar.fr\/marques\/alfa-romeo\/stelvio\">Alfa Romeo Stelvio<\/a>\u00a0est un SUV produit par le constructeur italien, pr\u00e9sent\u00e9 au public pour la premi\u00e8re fois en 2016, et commercialis\u00e9 depuis 2017. Il s\u2019agit du premier mod\u00e8le de ce type de v\u00e9hicule fabriqu\u00e9 par Alfa Romeo.<\/p>\n<p style=\"text-align: justify;\">Les SUV sont des v\u00e9hicules plut\u00f4t destin\u00e9s \u00e0 la ville, bien qu\u2019ils soient tout aussi \u00e0 l\u2019aise sur route. De ce fait, ils sont \u00e9quip\u00e9s de mani\u00e8re \u00e0 maximiser le confort, et \u00e0 rendre la conduite aussi agr\u00e9able et facile que possible. L\u2019Alfa Romeo Stelvio n\u2019est pas en reste, avec des options telles que\u00a0:<\/p>\n<ul style=\"text-align: justify;\">\n<li>Les appuis-t\u00eate conducteur et passager r\u00e9glables en hauteur\u00a0;<\/li>\n<li>L\u2019assistance \u00e0 la descente\u00a0;<\/li>\n<li>Les r\u00e9p\u00e9titeurs de clignotant dans le r\u00e9tro ext\u00e9rieur\u00a0;<\/li>\n<li>Les commandes du syst\u00e8me audio au volant\u00a0;<\/li>\n<li>Le compte-tours de contr\u00f4le \u00e9lectrique\u00a0;<\/li>\n<li>L\u2019aide au d\u00e9marrage en c\u00f4te\u00a0;<\/li>\n<li>Le freinage automatique d\u2019urgence\u00a0;<\/li>\n<li>Le kit mains-libres Bluetooth et la lampe de coffre\u00a0;<\/li>\n<li>Les lampes de lecture \u00e0 l\u2019avant du v\u00e9hicule\u00a0;<\/li>\n<li>L\u2019avertisseur de perte de pression pneumatique\u00a0;<\/li>\n<li>Le radar de stationnement AR\u00a0;<\/li>\n<li>Les buses de lave-glace chauffantes\u00a0;<\/li>\n<li>La reconnaissance des panneaux de signalisation\u00a0;<\/li>\n<li>Le r\u00e9gulateur de vitesse adaptatif\u00a0;<\/li>\n<li>Le si\u00e8ge conducteur avec r\u00e9glage lombaire \u00e9lectrique\u00a0;<\/li>\n<li>La troisi\u00e8me ceinture de s\u00e9curit\u00e9\u00a0;<\/li>\n<li>Les vitres arri\u00e8re \u00e9lectriques\u00a0;<\/li>\n<li>Le volant cuir multifonction\u00a0;<\/li>\n<li>Le miroir de courtoisie \u00e9clair\u00e9 pour le conducteur ;<\/li>\n<li>La sortie d&rsquo;\u00e9chappement chrom\u00e9e.<\/li>\n<\/ul>\n<p style=\"text-align: justify;\">Le Stelvio, avec toute cette panoplie d\u2019\u00e9quipements, fait partie du fleuron des SUV \u00e0 l\u2019italienne.<\/p>\n<h2 style=\"text-align: justify;\">Syst\u00e8me de s\u00e9curit\u00e9 de la voiture : l&rsquo;airbag<\/h2>\n<p style=\"text-align: justify;\">L\u2019un des syst\u00e8mes de s\u00e9curit\u00e9 d\u2019une voiture les plus importants est l\u2019airbag. Il s\u2019agit d\u2019un sac qui, lors d\u2019une collision, se remplit de gaz et amortit le choc pour les personnes se trouvant dans l\u2019habitacle. L\u2019activation de l\u2019airbag est provoqu\u00e9e par un capteur similaire \u00e0 un acc\u00e9l\u00e9rom\u00e8tre. Un signal est envoy\u00e9 au calculateur qui d\u00e9ploie les airbags et d\u00e9clenche un gonfleur \u00e0 gaz.<\/p>\n<h2 style=\"text-align: justify;\">Les diff\u00e9rents types d&rsquo;airbags<\/h2>\n<p style=\"text-align: justify;\">Il existe plusieurs types d\u2019airbags. L\u2019Alfa Romeo Stelvio est \u00e9quip\u00e9 de chacun d\u2019entre eux. Ce SUV compte en tout quatre airbags.<\/p>\n<h3 style=\"text-align: justify;\">L&rsquo;airbag conducteur<\/h3>\n<p style=\"text-align: justify;\">L\u2019airbag conducteur se situe dans le volant, en face du conducteur. Il permet de prot\u00e9ger ce dernier en cas de choc frontal avec un obstacle.<\/p>\n<h3 style=\"text-align: justify;\">L&rsquo;airbag passager<\/h3>\n<p style=\"text-align: justify;\">L\u2019airbag passager est identique \u00e0 l\u2019airbag conducteur, mais il se trouve au-dessus de la bo\u00eete \u00e0 gants.<\/p>\n<h3 style=\"text-align: justify;\">Les airbags lat\u00e9raux ou airbags rideaux<\/h3>\n<p style=\"text-align: justify;\">Il est possible que, lors d\u2019un accident, le choc ait lieu sur un c\u00f4t\u00e9 de la voiture. Or, les airbags conducteur et passager ne prot\u00e8gent que des chocs frontaux. Ainsi, pour amortir la violence d\u2019un choc provenant du c\u00f4t\u00e9 de la voiture, les airbags lat\u00e9raux sont activ\u00e9s. Ils sont au nombre de deux et se situent dans les dossiers des si\u00e8ges, ou sur le montant B.<\/p>\n<p style=\"text-align: justify;\">Une autre appellation de l\u2019airbag lat\u00e9ral est l\u2019airbag rideau.<\/p>\n<h3 style=\"text-align: justify;\">Guide d&rsquo;achat Alfa Romeo Stelvio :<\/h3>\n<p style=\"text-align: justify;\"><a href=\"https:\/\/www.bymycar.fr\/webzine\/combien-coute-un-suv-alfa-romeo-stelvio\/\">Combien co\u00fbte un suv Alfa Romeo Stelvio ?<\/a><\/p>\n<p style=\"text-align: justify;\"><a href=\"https:\/\/www.bymycar.fr\/webzine\/combien-coute-une-courroie-de-distribution-sur-une-alfa-romeo-stelvio\/\">Combien co\u00fbte une courroie de distribution sur une Alfa Romeo Stelvio ?<\/a><\/p>\n<p style=\"text-align: justify;\"><a href=\"https:\/\/www.bymycar.fr\/webzine\/comment-desactiver-lalerte-de-franchissement-de-ligne-dune-alfa-romeo-stelvio\/\">Comment d\u00e9sactiver l&rsquo;alerte de franchissement de ligne d&rsquo;une Alfa Romeo Stelvio ?<\/a><\/p>\n<p style=\"text-align: justify;\"><a href=\"https:\/\/www.bymycar.fr\/webzine\/comment-faire-clignoter-les-leds-avant-sur-lalfa-romeo-stelvio\/\">Comment faire clignoter les LEDs avant sur l&rsquo;Alfa Romeo Stelvio ?<\/a><\/p>\n<p style=\"text-align: justify;\"><a href=\"https:\/\/www.bymycar.fr\/webzine\/comment-remplacer-une-roue-alfa-romeo-stelvio\/\">Comment remplacer une roue Alfa Romeo Stelvio ?<\/a><\/p>\n<p style=\"text-align: justify;\"><a href=\"https:\/\/www.bymycar.fr\/webzine\/quelle-alfa-romeo-stelvio-choisir\/\">Quelle Alfa Romeo Stelvio choisir ?<\/a><\/p>\n<p style=\"text-align: justify;\"><a href=\"https:\/\/www.bymycar.fr\/webzine\/quelles-sont-les-dimensions-de-lalfa-romeo-stelvio\/\">Quelles sont les dimensions de l&rsquo;Alfa Romeo Stelvio ?<\/a><\/p>\n"}},{"acf_fc_layout":"carousel-produits"}]},"add-carousel-to-footer":true},"yoast_head":"<!-- This site is optimized with the Yoast SEO Premium plugin v26.4 (Yoast SEO v26.4) - https:\/\/yoast.com\/wordpress\/plugins\/seo\/ -->\n<title>Quel est le nombre d&#039;air bag sur l&#039;Alfa Romeo Stelvio ?<\/title>\n<meta name=\"robots\" content=\"index, follow, max-snippet:-1, max-image-preview:large, max-video-preview:-1\" \/>\n<link rel=\"canonical\" href=\"https:\/\/www.bymycar.fr\/webzine\/quel-est-le-nombre-dair-bag-sur-lalfa-romeo-stelvio\/\" \/>\n<meta property=\"og:locale\" content=\"fr_FR\" \/>\n<meta property=\"og:type\" content=\"article\" \/>\n<meta property=\"og:title\" content=\"Quel est le nombre d&#039;air bag sur l&#039;Alfa Romeo Stelvio ?\" \/>\n<meta property=\"og:url\" content=\"https:\/\/www.bymycar.fr\/webzine\/quel-est-le-nombre-dair-bag-sur-lalfa-romeo-stelvio\/\" \/>\n<meta property=\"og:site_name\" content=\"Webzine auto BYmyCAR\" \/>\n<meta property=\"article:published_time\" content=\"2022-12-15T07:52:30+00:00\" \/>\n<meta property=\"article:modified_time\" content=\"2026-04-14T15:42:51+00:00\" \/>\n<meta property=\"og:image\" content=\"https:\/\/cdn.bymycar.eu\/fr-webzine\/wp-content\/uploads\/medias\/Alfa-Romeo-Stevio.jpg\" \/>\n\t<meta property=\"og:image:width\" content=\"750\" \/>\n\t<meta property=\"og:image:height\" content=\"410\" \/>\n\t<meta property=\"og:image:type\" content=\"image\/jpeg\" \/>\n<meta name=\"author\" content=\"La R\u00e9daction BYmyCAR\" \/>\n<meta name=\"twitter:card\" content=\"summary_large_image\" \/>\n<meta name=\"twitter:label1\" content=\"\u00c9crit par\" \/>\n\t<meta name=\"twitter:data1\" content=\"La R\u00e9daction BYmyCAR\" \/>\n<script type=\"application\/ld+json\" class=\"yoast-schema-graph\">{\"@context\":\"https:\/\/schema.org\",\"@graph\":[{\"@type\":\"Article\",\"@id\":\"https:\/\/www.bymycar.fr\/webzine\/quel-est-le-nombre-dair-bag-sur-lalfa-romeo-stelvio\/#article\",\"isPartOf\":{\"@id\":\"https:\/\/www.bymycar.fr\/webzine\/quel-est-le-nombre-dair-bag-sur-lalfa-romeo-stelvio\/\"},\"author\":{\"name\":\"La R\u00e9daction BYmyCAR\",\"@id\":\"https:\/\/www.bymycar.fr\/webzine\/#\/schema\/person\/8d570fe11eb8929f06c1e6d00f4d9689\"},\"headline\":\"Quel est le nombre d&rsquo;air bag sur l&rsquo;Alfa Romeo Stelvio ?\",\"datePublished\":\"2022-12-15T07:52:30+00:00\",\"dateModified\":\"2026-04-14T15:42:51+00:00\",\"mainEntityOfPage\":{\"@id\":\"https:\/\/www.bymycar.fr\/webzine\/quel-est-le-nombre-dair-bag-sur-lalfa-romeo-stelvio\/\"},\"wordCount\":12,\"publisher\":{\"@id\":\"https:\/\/www.bymycar.fr\/webzine\/#organization\"},\"image\":{\"@id\":\"https:\/\/www.bymycar.fr\/webzine\/quel-est-le-nombre-dair-bag-sur-lalfa-romeo-stelvio\/#primaryimage\"},\"thumbnailUrl\":\"https:\/\/cdn.bymycar.eu\/fr-webzine\/wp-content\/uploads\/medias\/Alfa-Romeo-Stevio.jpg\",\"articleSection\":[\"Guide d'achat\",\"Guide d'achat Alfa Romeo\"],\"inLanguage\":\"fr-FR\"},{\"@type\":\"WebPage\",\"@id\":\"https:\/\/www.bymycar.fr\/webzine\/quel-est-le-nombre-dair-bag-sur-lalfa-romeo-stelvio\/\",\"url\":\"https:\/\/www.bymycar.fr\/webzine\/quel-est-le-nombre-dair-bag-sur-lalfa-romeo-stelvio\/\",\"name\":\"Quel est le nombre d'air bag sur l'Alfa Romeo Stelvio ?\",\"isPartOf\":{\"@id\":\"https:\/\/www.bymycar.fr\/webzine\/#website\"},\"primaryImageOfPage\":{\"@id\":\"https:\/\/www.bymycar.fr\/webzine\/quel-est-le-nombre-dair-bag-sur-lalfa-romeo-stelvio\/#primaryimage\"},\"image\":{\"@id\":\"https:\/\/www.bymycar.fr\/webzine\/quel-est-le-nombre-dair-bag-sur-lalfa-romeo-stelvio\/#primaryimage\"},\"thumbnailUrl\":\"https:\/\/cdn.bymycar.eu\/fr-webzine\/wp-content\/uploads\/medias\/Alfa-Romeo-Stevio.jpg\",\"datePublished\":\"2022-12-15T07:52:30+00:00\",\"dateModified\":\"2026-04-14T15:42:51+00:00\",\"breadcrumb\":{\"@id\":\"https:\/\/www.bymycar.fr\/webzine\/quel-est-le-nombre-dair-bag-sur-lalfa-romeo-stelvio\/#breadcrumb\"},\"inLanguage\":\"fr-FR\",\"potentialAction\":[{\"@type\":\"ReadAction\",\"target\":[\"https:\/\/www.bymycar.fr\/webzine\/quel-est-le-nombre-dair-bag-sur-lalfa-romeo-stelvio\/\"]}]},{\"@type\":\"ImageObject\",\"inLanguage\":\"fr-FR\",\"@id\":\"https:\/\/www.bymycar.fr\/webzine\/quel-est-le-nombre-dair-bag-sur-lalfa-romeo-stelvio\/#primaryimage\",\"url\":\"https:\/\/cdn.bymycar.eu\/fr-webzine\/wp-content\/uploads\/medias\/Alfa-Romeo-Stevio.jpg\",\"contentUrl\":\"https:\/\/cdn.bymycar.eu\/fr-webzine\/wp-content\/uploads\/medias\/Alfa-Romeo-Stevio.jpg\",\"width\":750,\"height\":410},{\"@type\":\"BreadcrumbList\",\"@id\":\"https:\/\/www.bymycar.fr\/webzine\/quel-est-le-nombre-dair-bag-sur-lalfa-romeo-stelvio\/#breadcrumb\",\"itemListElement\":[{\"@type\":\"ListItem\",\"position\":1,\"name\":\"Accueil\",\"item\":\"https:\/\/www.bymycar.fr\/webzine\/\"},{\"@type\":\"ListItem\",\"position\":2,\"name\":\"Quel est le nombre d&rsquo;air bag sur l&rsquo;Alfa Romeo Stelvio ?\"}]},{\"@type\":\"WebSite\",\"@id\":\"https:\/\/www.bymycar.fr\/webzine\/#website\",\"url\":\"https:\/\/www.bymycar.fr\/webzine\/\",\"name\":\"Webzine auto BYmyCAR\",\"description\":\"La magazine auto de BYmyCAR\",\"publisher\":{\"@id\":\"https:\/\/www.bymycar.fr\/webzine\/#organization\"},\"potentialAction\":[{\"@type\":\"SearchAction\",\"target\":{\"@type\":\"EntryPoint\",\"urlTemplate\":\"https:\/\/www.bymycar.fr\/webzine\/?s={search_term_string}\"},\"query-input\":{\"@type\":\"PropertyValueSpecification\",\"valueRequired\":true,\"valueName\":\"search_term_string\"}}],\"inLanguage\":\"fr-FR\"},{\"@type\":\"Organization\",\"@id\":\"https:\/\/www.bymycar.fr\/webzine\/#organization\",\"name\":\"BYmyCAR\",\"url\":\"https:\/\/www.bymycar.fr\/webzine\/\",\"logo\":{\"@type\":\"ImageObject\",\"inLanguage\":\"fr-FR\",\"@id\":\"https:\/\/www.bymycar.fr\/webzine\/#\/schema\/logo\/image\/\",\"url\":\"https:\/\/cdn.bymycar.eu\/fr-webzine\/wp-content\/uploads\/medias\/2017\/08\/logo_DEALER_00000406_001.png\",\"contentUrl\":\"https:\/\/cdn.bymycar.eu\/fr-webzine\/wp-content\/uploads\/medias\/2017\/08\/logo_DEALER_00000406_001.png\",\"width\":2132,\"height\":720,\"caption\":\"BYmyCAR\"},\"image\":{\"@id\":\"https:\/\/www.bymycar.fr\/webzine\/#\/schema\/logo\/image\/\"}},{\"@type\":\"Person\",\"@id\":\"https:\/\/www.bymycar.fr\/webzine\/#\/schema\/person\/8d570fe11eb8929f06c1e6d00f4d9689\",\"name\":\"La R\u00e9daction BYmyCAR\",\"image\":{\"@type\":\"ImageObject\",\"inLanguage\":\"fr-FR\",\"@id\":\"https:\/\/www.bymycar.fr\/webzine\/#\/schema\/person\/image\/\",\"url\":\"https:\/\/secure.gravatar.com\/avatar\/1aa6b039d0ce106989923af4e2d0f2a0c82bb070d5e449f1b9adf082a5863900?s=96&d=mm&r=g\",\"contentUrl\":\"https:\/\/secure.gravatar.com\/avatar\/1aa6b039d0ce106989923af4e2d0f2a0c82bb070d5e449f1b9adf082a5863900?s=96&d=mm&r=g\",\"caption\":\"La R\u00e9daction BYmyCAR\"},\"sameAs\":[\"https:\/\/www.bymycar.fr\/\"]}]}<\/script>\n<!-- \/ Yoast SEO Premium plugin. -->","yoast_head_json":{"title":"Quel est le nombre d'air bag sur l'Alfa Romeo Stelvio ?","robots":{"index":"index","follow":"follow","max-snippet":"max-snippet:-1","max-image-preview":"max-image-preview:large","max-video-preview":"max-video-preview:-1"},"canonical":"https:\/\/www.bymycar.fr\/webzine\/quel-est-le-nombre-dair-bag-sur-lalfa-romeo-stelvio\/","og_locale":"fr_FR","og_type":"article","og_title":"Quel est le nombre d'air bag sur l'Alfa Romeo Stelvio ?","og_url":"https:\/\/www.bymycar.fr\/webzine\/quel-est-le-nombre-dair-bag-sur-lalfa-romeo-stelvio\/","og_site_name":"Webzine auto BYmyCAR","article_published_time":"2022-12-15T07:52:30+00:00","article_modified_time":"2026-04-14T15:42:51+00:00","og_image":[{"width":750,"height":410,"url":"https:\/\/cdn.bymycar.eu\/fr-webzine\/wp-content\/uploads\/medias\/Alfa-Romeo-Stevio.jpg","type":"image\/jpeg"}],"author":"La R\u00e9daction BYmyCAR","twitter_card":"summary_large_image","twitter_misc":{"\u00c9crit par":"La R\u00e9daction BYmyCAR"},"schema":{"@context":"https:\/\/schema.org","@graph":[{"@type":"Article","@id":"https:\/\/www.bymycar.fr\/webzine\/quel-est-le-nombre-dair-bag-sur-lalfa-romeo-stelvio\/#article","isPartOf":{"@id":"https:\/\/www.bymycar.fr\/webzine\/quel-est-le-nombre-dair-bag-sur-lalfa-romeo-stelvio\/"},"author":{"name":"La R\u00e9daction BYmyCAR","@id":"https:\/\/www.bymycar.fr\/webzine\/#\/schema\/person\/8d570fe11eb8929f06c1e6d00f4d9689"},"headline":"Quel est le nombre d&rsquo;air bag sur l&rsquo;Alfa Romeo Stelvio ?","datePublished":"2022-12-15T07:52:30+00:00","dateModified":"2026-04-14T15:42:51+00:00","mainEntityOfPage":{"@id":"https:\/\/www.bymycar.fr\/webzine\/quel-est-le-nombre-dair-bag-sur-lalfa-romeo-stelvio\/"},"wordCount":12,"publisher":{"@id":"https:\/\/www.bymycar.fr\/webzine\/#organization"},"image":{"@id":"https:\/\/www.bymycar.fr\/webzine\/quel-est-le-nombre-dair-bag-sur-lalfa-romeo-stelvio\/#primaryimage"},"thumbnailUrl":"https:\/\/cdn.bymycar.eu\/fr-webzine\/wp-content\/uploads\/medias\/Alfa-Romeo-Stevio.jpg","articleSection":["Guide d'achat","Guide d'achat Alfa Romeo"],"inLanguage":"fr-FR"},{"@type":"WebPage","@id":"https:\/\/www.bymycar.fr\/webzine\/quel-est-le-nombre-dair-bag-sur-lalfa-romeo-stelvio\/","url":"https:\/\/www.bymycar.fr\/webzine\/quel-est-le-nombre-dair-bag-sur-lalfa-romeo-stelvio\/","name":"Quel est le nombre d'air bag sur l'Alfa Romeo Stelvio ?","isPartOf":{"@id":"https:\/\/www.bymycar.fr\/webzine\/#website"},"primaryImageOfPage":{"@id":"https:\/\/www.bymycar.fr\/webzine\/quel-est-le-nombre-dair-bag-sur-lalfa-romeo-stelvio\/#primaryimage"},"image":{"@id":"https:\/\/www.bymycar.fr\/webzine\/quel-est-le-nombre-dair-bag-sur-lalfa-romeo-stelvio\/#primaryimage"},"thumbnailUrl":"https:\/\/cdn.bymycar.eu\/fr-webzine\/wp-content\/uploads\/medias\/Alfa-Romeo-Stevio.jpg","datePublished":"2022-12-15T07:52:30+00:00","dateModified":"2026-04-14T15:42:51+00:00","breadcrumb":{"@id":"https:\/\/www.bymycar.fr\/webzine\/quel-est-le-nombre-dair-bag-sur-lalfa-romeo-stelvio\/#breadcrumb"},"inLanguage":"fr-FR","potentialAction":[{"@type":"ReadAction","target":["https:\/\/www.bymycar.fr\/webzine\/quel-est-le-nombre-dair-bag-sur-lalfa-romeo-stelvio\/"]}]},{"@type":"ImageObject","inLanguage":"fr-FR","@id":"https:\/\/www.bymycar.fr\/webzine\/quel-est-le-nombre-dair-bag-sur-lalfa-romeo-stelvio\/#primaryimage","url":"https:\/\/cdn.bymycar.eu\/fr-webzine\/wp-content\/uploads\/medias\/Alfa-Romeo-Stevio.jpg","contentUrl":"https:\/\/cdn.bymycar.eu\/fr-webzine\/wp-content\/uploads\/medias\/Alfa-Romeo-Stevio.jpg","width":750,"height":410},{"@type":"BreadcrumbList","@id":"https:\/\/www.bymycar.fr\/webzine\/quel-est-le-nombre-dair-bag-sur-lalfa-romeo-stelvio\/#breadcrumb","itemListElement":[{"@type":"ListItem","position":1,"name":"Accueil","item":"https:\/\/www.bymycar.fr\/webzine\/"},{"@type":"ListItem","position":2,"name":"Quel est le nombre d&rsquo;air bag sur l&rsquo;Alfa Romeo Stelvio ?"}]},{"@type":"WebSite","@id":"https:\/\/www.bymycar.fr\/webzine\/#website","url":"https:\/\/www.bymycar.fr\/webzine\/","name":"Webzine auto BYmyCAR","description":"La magazine auto de BYmyCAR","publisher":{"@id":"https:\/\/www.bymycar.fr\/webzine\/#organization"},"potentialAction":[{"@type":"SearchAction","target":{"@type":"EntryPoint","urlTemplate":"https:\/\/www.bymycar.fr\/webzine\/?s={search_term_string}"},"query-input":{"@type":"PropertyValueSpecification","valueRequired":true,"valueName":"search_term_string"}}],"inLanguage":"fr-FR"},{"@type":"Organization","@id":"https:\/\/www.bymycar.fr\/webzine\/#organization","name":"BYmyCAR","url":"https:\/\/www.bymycar.fr\/webzine\/","logo":{"@type":"ImageObject","inLanguage":"fr-FR","@id":"https:\/\/www.bymycar.fr\/webzine\/#\/schema\/logo\/image\/","url":"https:\/\/cdn.bymycar.eu\/fr-webzine\/wp-content\/uploads\/medias\/2017\/08\/logo_DEALER_00000406_001.png","contentUrl":"https:\/\/cdn.bymycar.eu\/fr-webzine\/wp-content\/uploads\/medias\/2017\/08\/logo_DEALER_00000406_001.png","width":2132,"height":720,"caption":"BYmyCAR"},"image":{"@id":"https:\/\/www.bymycar.fr\/webzine\/#\/schema\/logo\/image\/"}},{"@type":"Person","@id":"https:\/\/www.bymycar.fr\/webzine\/#\/schema\/person\/8d570fe11eb8929f06c1e6d00f4d9689","name":"La R\u00e9daction BYmyCAR","image":{"@type":"ImageObject","inLanguage":"fr-FR","@id":"https:\/\/www.bymycar.fr\/webzine\/#\/schema\/person\/image\/","url":"https:\/\/secure.gravatar.com\/avatar\/1aa6b039d0ce106989923af4e2d0f2a0c82bb070d5e449f1b9adf082a5863900?s=96&d=mm&r=g","contentUrl":"https:\/\/secure.gravatar.com\/avatar\/1aa6b039d0ce106989923af4e2d0f2a0c82bb070d5e449f1b9adf082a5863900?s=96&d=mm&r=g","caption":"La R\u00e9daction BYmyCAR"},"sameAs":["https:\/\/www.bymycar.fr\/"]}]}},"_links":{"self":[{"href":"https:\/\/www.bymycar.fr\/webzine\/wp-json\/wp\/v2\/posts\/38601","targetHints":{"allow":["GET"]}}],"collection":[{"href":"https:\/\/www.bymycar.fr\/webzine\/wp-json\/wp\/v2\/posts"}],"about":[{"href":"https:\/\/www.bymycar.fr\/webzine\/wp-json\/wp\/v2\/types\/post"}],"author":[{"embeddable":true,"href":"https:\/\/www.bymycar.fr\/webzine\/wp-json\/wp\/v2\/users\/88"}],"replies":[{"embeddable":true,"href":"https:\/\/www.bymycar.fr\/webzine\/wp-json\/wp\/v2\/comments?post=38601"}],"version-history":[{"count":6,"href":"https:\/\/www.bymycar.fr\/webzine\/wp-json\/wp\/v2\/posts\/38601\/revisions"}],"predecessor-version":[{"id":39665,"href":"https:\/\/www.bymycar.fr\/webzine\/wp-json\/wp\/v2\/posts\/38601\/revisions\/39665"}],"wp:featuredmedia":[{"embeddable":true,"href":"https:\/\/www.bymycar.fr\/webzine\/wp-json\/wp\/v2\/media\/38602"}],"wp:attachment":[{"href":"https:\/\/www.bymycar.fr\/webzine\/wp-json\/wp\/v2\/media?parent=38601"}],"wp:term":[{"taxonomy":"category","embeddable":true,"href":"https:\/\/www.bymycar.fr\/webzine\/wp-json\/wp\/v2\/categories?post=38601"},{"taxonomy":"post_tag","embeddable":true,"href":"https:\/\/www.bymycar.fr\/webzine\/wp-json\/wp\/v2\/tags?post=38601"}],"curies":[{"name":"wp","href":"https:\/\/api.w.org\/{rel}","templated":true}]}}