{"id":38595,"date":"2022-12-15T08:44:26","date_gmt":"2022-12-15T07:44:26","guid":{"rendered":"https:\/\/prod.bymycar.fr\/webzine\/?p=38595"},"modified":"2026-04-14T17:42:52","modified_gmt":"2026-04-14T15:42:52","slug":"apres-combien-de-km-effectuer-lentretien-dun-touran","status":"publish","type":"post","link":"https:\/\/www.bymycar.fr\/webzine\/apres-combien-de-km-effectuer-lentretien-dun-touran\/","title":{"rendered":"Apr\u00e8s combien de km effectuer l&rsquo;entretien d&rsquo;un Touran ?"},"content":{"rendered":"","protected":false},"excerpt":{"rendered":"","protected":false},"author":88,"featured_media":38583,"comment_status":"closed","ping_status":"open","sticky":false,"template":"","format":"standard","meta":{"_acf_changed":false,"footnotes":""},"categories":[12893,12897],"tags":[],"class_list":["post-38595","post","type-post","status-publish","format-standard","has-post-thumbnail","hentry","category-guide-dachat","category-guide-dachat-volkswagen"],"acf":{"template":"classique","introduction":"<p style=\"text-align: justify;\">Tout v\u00e9hicule motoris\u00e9 n\u00e9cessite un entretien. Cela permet de garantir le fonctionnement optimal de la voiture, tout en permettant d\u2019allonger sa dur\u00e9e de vie. L\u2019entretien d\u2019une voiture doit \u00eatre fait apr\u00e8s un certain nombre de kilom\u00e8tres parcourus. Apr\u00e8s combien de kilom\u00e8tres doit-on faire l\u2019entretien d\u2019une <a href=\"https:\/\/www.bymycar.fr\/marques\/volkswagen\/touran\">Volkswagen Touran<\/a>\u00a0? BYmyCAR vous r\u00e9pond.<\/p>\n<p style=\"text-align: center;\"><a href=\"https:\/\/www.bymycar.fr\/rechercher-un-vehicule?prod_VEHICLES%5BrefinementList%5D%5Bbrand%5D%5B0%5D=VOLKSWAGEN&amp;prod_VEHICLES%5BrefinementList%5D%5BmodelGroup1%5D%5B0%5D=TOURAN\" target=\"_blank\" class=\"css-button css-button--gold\" >\n                Voir nos v\u00e9hicules Volkswagen Touran neufs et d'occasion\n        <\/a><\/p>\n","strates":[{"type_strate":"carousel-produits","ancre":"","contenu":"<h2>Fiche technique condens\u00e9e de la Volkswagen Touran<\/h2>\n<p>La\u00a0<a href=\"https:\/\/www.bymycar.fr\/marques\/volkswagen\/touran\">Volkswagen Touran<\/a>\u00a0voit le jour en 2003. Il s\u2019agit d\u2019un mod\u00e8le de monospace, une voiture cr\u00e9\u00e9e sp\u00e9cialement pour les familles nombreuses. En 2010, Volkswagen sort une seconde g\u00e9n\u00e9ration du Touran, suivie, en 2015, par la derni\u00e8re g\u00e9n\u00e9ration en date. Actuellement, cette 3<sup>e<\/sup>\u00a0g\u00e9n\u00e9ration du Touran est celle en vente sur le march\u00e9. Le Touran est un v\u00e9hicule populaire aupr\u00e8s des automobilistes. Pas moins d\u20191,5 million d\u2019exemplaires de Touran ont \u00e9t\u00e9 vendus dans toute l\u2019Europe.<\/p>\n<p>Le Touran repose sur la plateforme MQB de Volkswagen. Il s\u2019agit de la m\u00eame plateforme modulaire utilis\u00e9e pour la Golf VI. D\u2019ailleurs, le Touran est bas\u00e9 sur la Golf. De ce fait, comme le Touran prend ses racines dans la citadine, il est alors \u00e9quip\u00e9 de toutes les options qui am\u00e9liorent le confort et rendent la conduite plus agr\u00e9able, telles que\u00a0:<\/p>\n<ul>\n<li>Les diff\u00e9rents syst\u00e8mes d\u2019aide \u00e0 la conduite\u00a0;<\/li>\n<li>La d\u00e9tection de fatigue\u00a0;<\/li>\n<li>Le limiteur et le r\u00e9gulateur de vitesse\u00a0;<\/li>\n<li>Le syst\u00e8me Park Assist\u00a0;<\/li>\n<li>L\u2019\u00e9clairage d\u2019ambiance\u00a0;<\/li>\n<li>L\u2019interface Bluetooth pour la connexion avec un smartphone\u00a0;<\/li>\n<li>Les feux arri\u00e8re LED\u00a0;<\/li>\n<li>Etc.<\/li>\n<\/ul>\n<p>Le nombre d\u2019options de la Volkswagen Touran d\u00e9pend du niveau de finition. Plus le niveau de finition de la voiture est \u00e9lev\u00e9, plus elle poss\u00e8de d\u2019options. Voici les diff\u00e9rentes finitions de la Volkswagen Touran\u00a0:<\/p>\n<ul>\n<li>Trendline (mod\u00e8le d\u2019entr\u00e9e de gamme)\u00a0;<\/li>\n<li>Confortline\u00a0;<\/li>\n<li>Carat\u00a0;<\/li>\n<li>R-Line (plus haut niveau de finition).<\/li>\n<\/ul>\n<h2>Touran 5 ou 7 places\u00a0: dimensions<\/h2>\n<p>Le Touran est un v\u00e9hicule destin\u00e9 \u00e0 contenir plusieurs personnes en m\u00eame temps. Il est disponible en version cinq et sept places.<\/p>\n<p>L\u2019une des particularit\u00e9s du Touran est que les dimensions de la version cinq places et celle de sept places sont identiques, \u00e0 savoir\u00a0:<\/p>\n<ul>\n<li>Longueur\u00a0: 4,52 m\u00a0;<\/li>\n<li>Largeur sans r\u00e9tros\u00a0: 1,82 m\u00a0;<\/li>\n<li>Hauteur\u00a0: 1,65 m\u00a0;<\/li>\n<li>Empattement\u00a0: 2,79 m.<\/li>\n<\/ul>\n<p>Seul le volume du coffre est diff\u00e9rent. Le volume du coffre pour la version\u00a0:<\/p>\n<ul>\n<li>Cinq places\u00a0(min\/max)\u00a0: 834 litres \/ 1 980 litres\u00a0;<\/li>\n<li>Sept places (min\/max)\u00a0: 137 litres \/ 1 857 litres.<\/li>\n<\/ul>\n<h2>Quelle est la consommation d&rsquo;une Volkswagen Touran ?<\/h2>\n<p>La Volkswagen Touran est disponible en plusieurs motorisations.<\/p>\n<p>En essence\u00a0:<\/p>\n<ul>\n<li>TSI 115\u00a0;<\/li>\n<li>2 TSI 110\u00a0;<\/li>\n<li>4 TSI 150\u00a0;<\/li>\n<li>5 TSI 150\u00a0;<\/li>\n<li>8 TSI 180.<\/li>\n<\/ul>\n<p>En diesel\u00a0:<\/p>\n<ul>\n<li>6 TDI 110\/115\u00a0;<\/li>\n<li>0 TDI 115\/150\/190.<\/li>\n<\/ul>\n<p>Les moteurs essence du Touran 3 ont l\u2019avantage d\u2019\u00eatre \u00e9quip\u00e9s de la technologie BlueMotion. Cette derni\u00e8re permet une diminution de la consommation moyenne de carburant, qui passe \u00e0 4,9 litres pour 100 km.<\/p>\n<h2>Entretien de la Volkswagen Touran : en quoi \u00e7a consiste ?<\/h2>\n<p>L\u2019entretien d\u2019une voiture lui permet de fonctionner correctement, et d\u2019\u00eatre fonctionnelle plus longtemps. Une voiture mal entretenue est \u00e9norm\u00e9ment sujette aux pannes, et ne risque pas de rester sur les routes pendant une longue dur\u00e9e.<\/p>\n<p>L\u2019entretien d\u2019une Volkswagen Touran ne diff\u00e8re aucunement de celui de n\u2019importe quel autre mod\u00e8le de v\u00e9hicule. L\u2019op\u00e9ration comprend\u00a0:<\/p>\n<ul>\n<li>Le remplacement des pi\u00e8ces d\u00e9fectueuses\u00a0;<\/li>\n<li>Le changement des diff\u00e9rents liquides utilis\u00e9s par le moteur\u00a0;<\/li>\n<li>Le remplacement des accessoires de l\u2019habitacle qui ne fonctionnent pas correctement\u00a0;<\/li>\n<li><\/li>\n<\/ul>\n<h2>Quand faire la r\u00e9vision d&rsquo;un Touran ?<\/h2>\n<p>La r\u00e9vision d\u2019une voiture consiste en un examen approfondi de ses diff\u00e9rents composants afin de statuer sur son \u00e9tat. Une analyse en profondeur de tous les \u00e9l\u00e9ments du moteur et de l\u2019habitacle est effectu\u00e9e.<\/p>\n<p>\u00c0 partir des r\u00e9sultats de la r\u00e9vision, les pi\u00e8ces trop us\u00e9es doivent \u00eatre chang\u00e9es et les liquides qui ne peuvent plus remplir leur fonction sont remplac\u00e9s par du liquide neuf.<\/p>\n<p>La r\u00e9vision d\u2019une Volkswagen Touran doit \u00eatre effectu\u00e9e en moyenne tous les 15\u00a0000 km. Il s\u2019agit de la dur\u00e9e parcourue en moyenne durant une ann\u00e9e.<\/p>\n<h2>Quand changer la courroie de distribution d\u2019un Touran 1.6 TDI 105 ?<\/h2>\n<p>La courroie de distribution est une pi\u00e8ce essentielle du moteur d\u2019une Volkswagen Touran, pr\u00e9sente sur les motorisations en essence et en diesel. Elle permet de synchroniser l\u2019action de divers organes du moteur en les reliant.<\/p>\n<p>Fabriqu\u00e9e en caoutchouc, la courroie de distribution, figurant dans la liste des pi\u00e8ces d\u2019usure, n\u00e9cessite d\u2019\u00eatre remplac\u00e9e r\u00e9guli\u00e8rement. Pour un Touran \u00e9quip\u00e9 d\u2019un moteur diesel 1.6 TDI 105, le changement de la courroie de distribution doit \u00eatre effectu\u00e9 tous les 15\u00a0000 km.<\/p>\n<h2>Quand faire la vidange d&rsquo;une Volkswagen Touran 2015 ?<\/h2>\n<p>La vidange est le remplacement de l\u2019huile moteur usag\u00e9e par une neuve. Lorsque cette derni\u00e8re est trop us\u00e9e, elle perd de son pouvoir lubrifiant, gagne en viscosit\u00e9 et arbore une couleur sombre.<\/p>\n<p>La vidange d\u2019une Volkswagen Touran 2015 doit \u00eatre faite tous les 10 000 \u00e0 15\u00a0000 km pour un moteur \u00e0 essence, et entre 7\u00a0000 et 9\u00a0000 km pour un moteur diesel.<\/p>\n<h2>Qui va remplacer le Touran ?<\/h2>\n<p>Le Touran 3 est la derni\u00e8re version de la gamme en date. Il s\u2019agit \u00e9galement de la derni\u00e8re g\u00e9n\u00e9ration qui sera produite par Volkswagen. En effet, le monospace sera remplac\u00e9 par la Volkswagen Tiguan Allspace et la Volkswagen Variosport.<\/p>\n<h3>\u00c0\u00a0LIRE\u00a0\u00c9GALEMENT<\/h3>\n<p><a href=\"https:\/\/www.bymycar.fr\/webzine\/comment-changer-un-feu-de-stop-arriere-sur-une-volkswagen-touran\/\">Comment changer un feu de stop arri\u00e8re sur une Volkswagen Touran ?<\/a><\/p>\n<p><a href=\"https:\/\/www.bymycar.fr\/webzine\/comment-changer-les-plaquettes-de-frein-arriere-dune-volkswagen-touran\/\">Comment changer les plaquettes de frein arri\u00e8re d&rsquo;une Volkswagen Touran ?<\/a><\/p>\n<p><a href=\"https:\/\/www.bymycar.fr\/webzine\/quel-modele-de-touran-choisir\/\">Quel mod\u00e8le de Touran choisir ?<\/a><\/p>\n<p><a href=\"https:\/\/www.bymycar.fr\/webzine\/ou-est-fabrique-le-volkswagen-touran\/\">O\u00f9 est fabriqu\u00e9 le Volkswagen Touran ?<\/a><\/p>\n<p><a href=\"https:\/\/www.bymycar.fr\/webzine\/comment-ouvrir-la-trappe-a-essence-dune-volkswagen-touran\/\">Comment ouvrir la trappe \u00e0 essence d&rsquo;une Volkswagen Touran ?<\/a><\/p>\n<p><a href=\"https:\/\/www.bymycar.fr\/webzine\/comment-activer-le-bluetooth-sur-un-volkswagen-touran\/\">Comment activer le Bluetooth sur un Volkswagen Touran ?<\/a><\/p>\n<p><a href=\"https:\/\/www.bymycar.fr\/webzine\/quel-est-le-touran-le-plus-puissant\/\">Quel est le Touran le plus puissant ?<\/a><\/p>\n","titre":"Voir nos v\u00e9hicules Volkswagen Touran disponibles","image":false,"image_libre":false,"image_800x500":false,"legende":"","zoom":false,"texte":"","articles":false,"categorie_droite":false,"images":false,"elements_comparatif":false,"texte_1":"","texte_2":"","image_1":false,"image_1_563x400":false,"image_1_332x332":false,"image_2":false,"image_2_333x240":false,"image_2_563x400":false,"image_3":false,"image_3_333x240":false,"image_3_332x450":false,"image_4":false,"image_4_332x332":false,"image_4_563x400":false,"code_embed":"","legende_video":"","photo":false,"photo_100x100":false,"nom":"","fonction":"","elements_timeline":false,"entetes_colonnes":false,"entetes_lignes":false,"lignes":false,"introduction":"","formulaire":false,"question":"","reponse":"","libelle_bouton_lien":"","url_lien":"","questions":false,"conclusions":false,"pays":"1","region":"","marque":"5","marqueConcessions":false,"modele":"TOURAN","ptvente":"","typeV":"","collection":"","nombre_maximum_elements":"5","lien_fin_carousel":"https:\/\/www.bymycar.fr\/rechercher-un-vehicule?prod_VEHICLES%5BrefinementList%5D%5Bbrand%5D%5B0%5D=VOLKSWAGEN&prod_VEHICLES%5BrefinementList%5D%5BmodelGroup1%5D%5B0%5D=TOURAN","texte_lien_fin_carousel":"Voir plus de v\u00e9hicules","trier_par":"prix"},{"type_strate":"texte-simple","ancre":"","contenu":"<h2 style=\"text-align: justify;\">Fiche technique condens\u00e9e de la Volkswagen Touran<\/h2>\n<p style=\"text-align: justify;\">La\u00a0<a href=\"https:\/\/www.bymycar.fr\/marques\/volkswagen\/touran\">Volkswagen Touran<\/a>\u00a0voit le jour en 2003. Il s\u2019agit d\u2019un mod\u00e8le de monospace, une voiture cr\u00e9\u00e9e sp\u00e9cialement pour les familles nombreuses. En 2010, Volkswagen sort une seconde g\u00e9n\u00e9ration du Touran, suivie, en 2015, par la derni\u00e8re g\u00e9n\u00e9ration en date. Actuellement, cette 3<sup>e<\/sup>\u00a0g\u00e9n\u00e9ration du Touran est celle en vente sur le march\u00e9. Le Touran est un v\u00e9hicule populaire aupr\u00e8s des automobilistes. Pas moins d\u20191,5 million d\u2019exemplaires de Touran ont \u00e9t\u00e9 vendus dans toute l\u2019Europe.<\/p>\n<p style=\"text-align: justify;\">Le Touran repose sur la plateforme MQB de Volkswagen. Il s\u2019agit de la m\u00eame plateforme modulaire utilis\u00e9e pour la Golf VI. D\u2019ailleurs, le Touran est bas\u00e9 sur la Golf. De ce fait, comme le Touran prend ses racines dans la citadine, il est alors \u00e9quip\u00e9 de toutes les options qui am\u00e9liorent le confort et rendent la conduite plus agr\u00e9able, telles que\u00a0:<\/p>\n<ul style=\"text-align: justify;\">\n<li>Les diff\u00e9rents syst\u00e8mes d\u2019aide \u00e0 la conduite\u00a0;<\/li>\n<li>La d\u00e9tection de fatigue\u00a0;<\/li>\n<li>Le limiteur et le r\u00e9gulateur de vitesse\u00a0;<\/li>\n<li>Le syst\u00e8me Park Assist\u00a0;<\/li>\n<li>L\u2019\u00e9clairage d\u2019ambiance\u00a0;<\/li>\n<li>L\u2019interface Bluetooth pour la connexion avec un smartphone\u00a0;<\/li>\n<li>Les feux arri\u00e8re LED\u00a0;<\/li>\n<li>Etc.<\/li>\n<\/ul>\n<p style=\"text-align: justify;\">Le nombre d\u2019options de la Volkswagen Touran d\u00e9pend du niveau de finition. Plus le niveau de finition de la voiture est \u00e9lev\u00e9, plus elle poss\u00e8de d\u2019options. Voici les diff\u00e9rentes finitions de la Volkswagen Touran\u00a0:<\/p>\n<ul style=\"text-align: justify;\">\n<li>Trendline (mod\u00e8le d\u2019entr\u00e9e de gamme)\u00a0;<\/li>\n<li>Confortline\u00a0;<\/li>\n<li>Carat\u00a0;<\/li>\n<li>R-Line (plus haut niveau de finition).<\/li>\n<\/ul>\n<h2 style=\"text-align: justify;\">Touran 5 ou 7 places\u00a0: dimensions<\/h2>\n<p style=\"text-align: justify;\">Le Touran est un v\u00e9hicule destin\u00e9 \u00e0 contenir plusieurs personnes en m\u00eame temps. Il est disponible en version cinq et sept places.<\/p>\n<p style=\"text-align: justify;\">L\u2019une des particularit\u00e9s du Touran est que les dimensions de la version cinq places et celle de sept places sont identiques, \u00e0 savoir\u00a0:<\/p>\n<ul style=\"text-align: justify;\">\n<li>Longueur\u00a0: 4,52 m\u00a0;<\/li>\n<li>Largeur sans r\u00e9tros\u00a0: 1,82 m\u00a0;<\/li>\n<li>Hauteur\u00a0: 1,65 m\u00a0;<\/li>\n<li>Empattement\u00a0: 2,79 m.<\/li>\n<\/ul>\n<p style=\"text-align: justify;\">Seul le volume du coffre est diff\u00e9rent. Le volume du coffre pour la version\u00a0:<\/p>\n<ul style=\"text-align: justify;\">\n<li>Cinq places\u00a0(min\/max)\u00a0: 834 litres \/ 1 980 litres\u00a0;<\/li>\n<li>Sept places (min\/max)\u00a0: 137 litres \/ 1 857 litres.<\/li>\n<\/ul>\n<h2 style=\"text-align: justify;\">Quelle est la consommation d&rsquo;une Volkswagen Touran ?<\/h2>\n<p style=\"text-align: justify;\">La Volkswagen Touran est disponible en plusieurs motorisations.<\/p>\n<p style=\"text-align: justify;\">En essence\u00a0:<\/p>\n<ul style=\"text-align: justify;\">\n<li>TSI 115\u00a0;<\/li>\n<li>2 TSI 110\u00a0;<\/li>\n<li>4 TSI 150\u00a0;<\/li>\n<li>5 TSI 150\u00a0;<\/li>\n<li>8 TSI 180.<\/li>\n<\/ul>\n<p style=\"text-align: justify;\">En diesel\u00a0:<\/p>\n<ul style=\"text-align: justify;\">\n<li>6 TDI 110\/115\u00a0;<\/li>\n<li>0 TDI 115\/150\/190.<\/li>\n<\/ul>\n<p style=\"text-align: justify;\">Les moteurs essence du Touran 3 ont l\u2019avantage d\u2019\u00eatre \u00e9quip\u00e9s de la technologie BlueMotion. Cette derni\u00e8re permet une diminution de la consommation moyenne de carburant, qui passe \u00e0 4,9 litres pour 100 km.<\/p>\n<h2 style=\"text-align: justify;\">Entretien de la Volkswagen Touran : en quoi \u00e7a consiste ?<\/h2>\n<p style=\"text-align: justify;\">L\u2019entretien d\u2019une voiture lui permet de fonctionner correctement, et d\u2019\u00eatre fonctionnelle plus longtemps. Une voiture mal entretenue est \u00e9norm\u00e9ment sujette aux pannes, et ne risque pas de rester sur les routes pendant une longue dur\u00e9e.<\/p>\n<p style=\"text-align: justify;\">L\u2019entretien d\u2019une Volkswagen Touran ne diff\u00e8re aucunement de celui de n\u2019importe quel autre mod\u00e8le de v\u00e9hicule. L\u2019op\u00e9ration comprend\u00a0:<\/p>\n<ul style=\"text-align: justify;\">\n<li>Le remplacement des pi\u00e8ces d\u00e9fectueuses\u00a0;<\/li>\n<li>Le changement des diff\u00e9rents liquides utilis\u00e9s par le moteur\u00a0;<\/li>\n<li>Le remplacement des accessoires de l\u2019habitacle qui ne fonctionnent pas correctement\u00a0;<\/li>\n<li><\/li>\n<\/ul>\n<h2 style=\"text-align: justify;\">Quand faire la r\u00e9vision d&rsquo;un Touran ?<\/h2>\n<p style=\"text-align: justify;\">La r\u00e9vision d\u2019une voiture consiste en un examen approfondi de ses diff\u00e9rents composants afin de statuer sur son \u00e9tat. Une analyse en profondeur de tous les \u00e9l\u00e9ments du moteur et de l\u2019habitacle est effectu\u00e9e.<\/p>\n<p style=\"text-align: justify;\">\u00c0 partir des r\u00e9sultats de la r\u00e9vision, les pi\u00e8ces trop us\u00e9es doivent \u00eatre chang\u00e9es et les liquides qui ne peuvent plus remplir leur fonction sont remplac\u00e9s par du liquide neuf.<\/p>\n<p style=\"text-align: justify;\">La r\u00e9vision d\u2019une Volkswagen Touran doit \u00eatre effectu\u00e9e en moyenne tous les 15\u00a0000 km. Il s\u2019agit de la dur\u00e9e parcourue en moyenne durant une ann\u00e9e.<\/p>\n<h2 style=\"text-align: justify;\">Quand changer la courroie de distribution d\u2019un Touran 1.6 TDI 105 ?<\/h2>\n<p style=\"text-align: justify;\">La courroie de distribution est une pi\u00e8ce essentielle du moteur d\u2019une Volkswagen Touran, pr\u00e9sente sur les motorisations en essence et en diesel. Elle permet de synchroniser l\u2019action de divers organes du moteur en les reliant.<\/p>\n<p style=\"text-align: justify;\">Fabriqu\u00e9e en caoutchouc, la courroie de distribution, figurant dans la liste des pi\u00e8ces d\u2019usure, n\u00e9cessite d\u2019\u00eatre remplac\u00e9e r\u00e9guli\u00e8rement. Pour un Touran \u00e9quip\u00e9 d\u2019un moteur diesel 1.6 TDI 105, le changement de la courroie de distribution doit \u00eatre effectu\u00e9 tous les 150 000 km.<\/p>\n<h2 style=\"text-align: justify;\">Quand faire la vidange d&rsquo;une Volkswagen Touran 2015 ?<\/h2>\n<p style=\"text-align: justify;\">La vidange est le remplacement de l\u2019huile moteur usag\u00e9e par une neuve. Lorsque cette derni\u00e8re est trop us\u00e9e, elle perd de son pouvoir lubrifiant, gagne en viscosit\u00e9 et arbore une couleur sombre.<\/p>\n<p style=\"text-align: justify;\">La vidange d\u2019une Volkswagen Touran 2015 doit \u00eatre faite tous les 10 000 \u00e0 15\u00a0000 km pour un moteur \u00e0 essence, et entre 7\u00a0000 et 9\u00a0000 km pour un moteur diesel.<\/p>\n<h2 style=\"text-align: justify;\">Qui va remplacer le Touran ?<\/h2>\n<p style=\"text-align: justify;\">Le Touran 3 est la derni\u00e8re version de la gamme en date. Il s\u2019agit \u00e9galement de la derni\u00e8re g\u00e9n\u00e9ration qui sera produite par Volkswagen. En effet, le monospace sera remplac\u00e9 par la Volkswagen Tiguan Allspace et la Volkswagen Variosport.<\/p>\n<h3 style=\"text-align: justify;\">Guide d&rsquo;achat Volkswagen Touran<\/h3>\n<p style=\"text-align: justify;\"><a href=\"https:\/\/www.bymycar.fr\/webzine\/comment-changer-un-feu-de-stop-arriere-sur-une-volkswagen-touran\/\">Comment changer un feu de stop arri\u00e8re sur une Volkswagen Touran ?<\/a><\/p>\n<p style=\"text-align: justify;\"><a href=\"https:\/\/www.bymycar.fr\/webzine\/comment-changer-les-plaquettes-de-frein-arriere-dune-volkswagen-touran\/\">Comment changer les plaquettes de frein arri\u00e8re d&rsquo;une Volkswagen Touran ?<\/a><\/p>\n<p style=\"text-align: justify;\"><a href=\"https:\/\/www.bymycar.fr\/webzine\/quel-modele-de-touran-choisir\/\">Quel mod\u00e8le de Touran choisir ?<\/a><\/p>\n<p style=\"text-align: justify;\"><a href=\"https:\/\/www.bymycar.fr\/webzine\/ou-est-fabrique-le-volkswagen-touran\/\">O\u00f9 est fabriqu\u00e9 le Volkswagen Touran ?<\/a><\/p>\n<p style=\"text-align: justify;\"><a href=\"https:\/\/www.bymycar.fr\/webzine\/comment-ouvrir-la-trappe-a-essence-dune-volkswagen-touran\/\">Comment ouvrir la trappe \u00e0 essence d&rsquo;une Volkswagen Touran ?<\/a><\/p>\n<p style=\"text-align: justify;\"><a href=\"https:\/\/www.bymycar.fr\/webzine\/comment-activer-le-bluetooth-sur-un-volkswagen-touran\/\">Comment activer le Bluetooth sur un Volkswagen Touran ?<\/a><\/p>\n<p style=\"text-align: justify;\"><a href=\"https:\/\/www.bymycar.fr\/webzine\/quel-est-le-touran-le-plus-puissant\/\">Quel est le Touran le plus puissant ?<\/a><\/p>\n","titre":"Texte 1","image":false,"image_libre":false,"image_800x500":false,"legende":"","zoom":false,"texte":"","articles":false,"categorie_droite":false,"images":false,"elements_comparatif":false,"texte_1":"","texte_2":"","image_1":false,"image_1_563x400":false,"image_1_332x332":false,"image_2":false,"image_2_333x240":false,"image_2_563x400":false,"image_3":false,"image_3_333x240":false,"image_3_332x450":false,"image_4":false,"image_4_332x332":false,"image_4_563x400":false,"code_embed":"","legende_video":"","photo":false,"photo_100x100":false,"nom":"","fonction":"","elements_timeline":false,"entetes_colonnes":false,"entetes_lignes":false,"lignes":false,"introduction":"","formulaire":false,"question":"","reponse":"","libelle_bouton_lien":"","url_lien":"","questions":false,"conclusions":false,"pays":false,"region":false,"marque":false,"marqueConcessions":false,"modele":false,"ptvente":false,"typeV":false,"collection":false,"nombre_maximum_elements":10,"lien_fin_carousel":"","texte_lien_fin_carousel":"","trier_par":false},{"type_strate":"carousel-produits","ancre":"","contenu":"","titre":"Voir nos v\u00e9hicules Volkswagen Touran disponibles","image":false,"image_libre":false,"image_800x500":false,"legende":"","zoom":false,"texte":"","articles":false,"categorie_droite":false,"images":false,"elements_comparatif":false,"texte_1":"","texte_2":"","image_1":false,"image_1_563x400":false,"image_1_332x332":false,"image_2":false,"image_2_333x240":false,"image_2_563x400":false,"image_3":false,"image_3_333x240":false,"image_3_332x450":false,"image_4":false,"image_4_332x332":false,"image_4_563x400":false,"code_embed":"","legende_video":"","photo":false,"photo_100x100":false,"nom":"","fonction":"","elements_timeline":false,"entetes_colonnes":false,"entetes_lignes":false,"lignes":false,"introduction":"","formulaire":false,"question":"","reponse":"","libelle_bouton_lien":"","url_lien":"","questions":false,"conclusions":false,"pays":"1","region":"","marque":"5","marqueConcessions":false,"modele":"TOURAN","ptvente":"","typeV":"","collection":"","nombre_maximum_elements":"5","lien_fin_carousel":"https:\/\/www.bymycar.fr\/rechercher-un-vehicule?prod_VEHICLES%5BrefinementList%5D%5Bbrand%5D%5B0%5D=VOLKSWAGEN&prod_VEHICLES%5BrefinementList%5D%5BmodelGroup1%5D%5B0%5D=TOURAN","texte_lien_fin_carousel":"Voir plus de v\u00e9hicules","trier_par":"prix"}],"is_old_post":false,"image":{"ID":38583,"id":38583,"title":"Touran","filename":"Touran.jpg","filesize":1,"url":"https:\/\/cdn.bymycar.eu\/fr-webzine\/wp-content\/uploads\/medias\/Touran.jpg","link":"https:\/\/www.bymycar.fr\/webzine\/comment-changer-un-feu-de-stop-arriere-sur-une-volkswagen-touran\/touran-4\/","alt":"","author":"9","description":"","caption":"","name":"touran-4","status":"inherit","uploaded_to":38582,"date":"2022-12-15 07:30:47","modified":"2022-12-15 07:30:47","menu_order":0,"mime_type":"image\/jpeg","type":"image","subtype":"jpeg","icon":"https:\/\/www.bymycar.fr\/webzine\/wp-includes\/images\/media\/default.png","width":750,"height":410,"sizes":{"thumbnail":"https:\/\/cdn.bymycar.eu\/fr-webzine\/wp-content\/uploads\/medias\/Touran-150x150.jpg","thumbnail-width":150,"thumbnail-height":150,"medium":"https:\/\/cdn.bymycar.eu\/fr-webzine\/wp-content\/uploads\/medias\/Touran-300x164.jpg","medium-width":300,"medium-height":164,"medium_large":"https:\/\/cdn.bymycar.eu\/fr-webzine\/wp-content\/uploads\/medias\/Touran.jpg","medium_large-width":750,"medium_large-height":410,"large":"https:\/\/cdn.bymycar.eu\/fr-webzine\/wp-content\/uploads\/medias\/Touran.jpg","large-width":750,"large-height":410,"1536x1536":"https:\/\/cdn.bymycar.eu\/fr-webzine\/wp-content\/uploads\/medias\/Touran.jpg","1536x1536-width":750,"1536x1536-height":410,"2048x2048":"https:\/\/cdn.bymycar.eu\/fr-webzine\/wp-content\/uploads\/medias\/Touran.jpg","2048x2048-width":750,"2048x2048-height":410}},"page_content":{"block_content":[{"acf_fc_layout":"carousel-produits"},{"acf_fc_layout":"text-simple","--nav":{"-withNav":false,"-ancre":""},"--group":{"-text":"<h2 style=\"text-align: justify;\">Fiche technique condens\u00e9e de la Volkswagen Touran<\/h2>\n<p style=\"text-align: justify;\">La\u00a0<a href=\"https:\/\/www.bymycar.fr\/marques\/volkswagen\/touran\">Volkswagen Touran<\/a>\u00a0voit le jour en 2003. Il s\u2019agit d\u2019un mod\u00e8le de monospace, une voiture cr\u00e9\u00e9e sp\u00e9cialement pour les familles nombreuses. En 2010, Volkswagen sort une seconde g\u00e9n\u00e9ration du Touran, suivie, en 2015, par la derni\u00e8re g\u00e9n\u00e9ration en date. Actuellement, cette 3<sup>e<\/sup>\u00a0g\u00e9n\u00e9ration du Touran est celle en vente sur le march\u00e9. Le Touran est un v\u00e9hicule populaire aupr\u00e8s des automobilistes. Pas moins d\u20191,5 million d\u2019exemplaires de Touran ont \u00e9t\u00e9 vendus dans toute l\u2019Europe.<\/p>\n<p style=\"text-align: justify;\">Le Touran repose sur la plateforme MQB de Volkswagen. Il s\u2019agit de la m\u00eame plateforme modulaire utilis\u00e9e pour la Golf VI. D\u2019ailleurs, le Touran est bas\u00e9 sur la Golf. De ce fait, comme le Touran prend ses racines dans la citadine, il est alors \u00e9quip\u00e9 de toutes les options qui am\u00e9liorent le confort et rendent la conduite plus agr\u00e9able, telles que\u00a0:<\/p>\n<ul style=\"text-align: justify;\">\n<li>Les diff\u00e9rents syst\u00e8mes d\u2019aide \u00e0 la conduite\u00a0;<\/li>\n<li>La d\u00e9tection de fatigue\u00a0;<\/li>\n<li>Le limiteur et le r\u00e9gulateur de vitesse\u00a0;<\/li>\n<li>Le syst\u00e8me Park Assist\u00a0;<\/li>\n<li>L\u2019\u00e9clairage d\u2019ambiance\u00a0;<\/li>\n<li>L\u2019interface Bluetooth pour la connexion avec un smartphone\u00a0;<\/li>\n<li>Les feux arri\u00e8re LED\u00a0;<\/li>\n<li>Etc.<\/li>\n<\/ul>\n<p style=\"text-align: justify;\">Le nombre d\u2019options de la Volkswagen Touran d\u00e9pend du niveau de finition. Plus le niveau de finition de la voiture est \u00e9lev\u00e9, plus elle poss\u00e8de d\u2019options. Voici les diff\u00e9rentes finitions de la Volkswagen Touran\u00a0:<\/p>\n<ul style=\"text-align: justify;\">\n<li>Trendline (mod\u00e8le d\u2019entr\u00e9e de gamme)\u00a0;<\/li>\n<li>Confortline\u00a0;<\/li>\n<li>Carat\u00a0;<\/li>\n<li>R-Line (plus haut niveau de finition).<\/li>\n<\/ul>\n<h2 style=\"text-align: justify;\">Touran 5 ou 7 places\u00a0: dimensions<\/h2>\n<p style=\"text-align: justify;\">Le Touran est un v\u00e9hicule destin\u00e9 \u00e0 contenir plusieurs personnes en m\u00eame temps. Il est disponible en version cinq et sept places.<\/p>\n<p style=\"text-align: justify;\">L\u2019une des particularit\u00e9s du Touran est que les dimensions de la version cinq places et celle de sept places sont identiques, \u00e0 savoir\u00a0:<\/p>\n<ul style=\"text-align: justify;\">\n<li>Longueur\u00a0: 4,52 m\u00a0;<\/li>\n<li>Largeur sans r\u00e9tros\u00a0: 1,82 m\u00a0;<\/li>\n<li>Hauteur\u00a0: 1,65 m\u00a0;<\/li>\n<li>Empattement\u00a0: 2,79 m.<\/li>\n<\/ul>\n<p style=\"text-align: justify;\">Seul le volume du coffre est diff\u00e9rent. Le volume du coffre pour la version\u00a0:<\/p>\n<ul style=\"text-align: justify;\">\n<li>Cinq places\u00a0(min\/max)\u00a0: 834 litres \/ 1 980 litres\u00a0;<\/li>\n<li>Sept places (min\/max)\u00a0: 137 litres \/ 1 857 litres.<\/li>\n<\/ul>\n<h2 style=\"text-align: justify;\">Quelle est la consommation d&rsquo;une Volkswagen Touran ?<\/h2>\n<p style=\"text-align: justify;\">La Volkswagen Touran est disponible en plusieurs motorisations.<\/p>\n<p style=\"text-align: justify;\">En essence\u00a0:<\/p>\n<ul style=\"text-align: justify;\">\n<li>TSI 115\u00a0;<\/li>\n<li>2 TSI 110\u00a0;<\/li>\n<li>4 TSI 150\u00a0;<\/li>\n<li>5 TSI 150\u00a0;<\/li>\n<li>8 TSI 180.<\/li>\n<\/ul>\n<p style=\"text-align: justify;\">En diesel\u00a0:<\/p>\n<ul style=\"text-align: justify;\">\n<li>6 TDI 110\/115\u00a0;<\/li>\n<li>0 TDI 115\/150\/190.<\/li>\n<\/ul>\n<p style=\"text-align: justify;\">Les moteurs essence du Touran 3 ont l\u2019avantage d\u2019\u00eatre \u00e9quip\u00e9s de la technologie BlueMotion. Cette derni\u00e8re permet une diminution de la consommation moyenne de carburant, qui passe \u00e0 4,9 litres pour 100 km.<\/p>\n<h2 style=\"text-align: justify;\">Entretien de la Volkswagen Touran : en quoi \u00e7a consiste ?<\/h2>\n<p style=\"text-align: justify;\">L\u2019entretien d\u2019une voiture lui permet de fonctionner correctement, et d\u2019\u00eatre fonctionnelle plus longtemps. Une voiture mal entretenue est \u00e9norm\u00e9ment sujette aux pannes, et ne risque pas de rester sur les routes pendant une longue dur\u00e9e.<\/p>\n<p style=\"text-align: justify;\">L\u2019entretien d\u2019une Volkswagen Touran ne diff\u00e8re aucunement de celui de n\u2019importe quel autre mod\u00e8le de v\u00e9hicule. L\u2019op\u00e9ration comprend\u00a0:<\/p>\n<ul style=\"text-align: justify;\">\n<li>Le remplacement des pi\u00e8ces d\u00e9fectueuses\u00a0;<\/li>\n<li>Le changement des diff\u00e9rents liquides utilis\u00e9s par le moteur\u00a0;<\/li>\n<li>Le remplacement des accessoires de l\u2019habitacle qui ne fonctionnent pas correctement\u00a0;<\/li>\n<li><\/li>\n<\/ul>\n<h2 style=\"text-align: justify;\">Quand faire la r\u00e9vision d&rsquo;un Touran ?<\/h2>\n<p style=\"text-align: justify;\">La r\u00e9vision d\u2019une voiture consiste en un examen approfondi de ses diff\u00e9rents composants afin de statuer sur son \u00e9tat. Une analyse en profondeur de tous les \u00e9l\u00e9ments du moteur et de l\u2019habitacle est effectu\u00e9e.<\/p>\n<p style=\"text-align: justify;\">\u00c0 partir des r\u00e9sultats de la r\u00e9vision, les pi\u00e8ces trop us\u00e9es doivent \u00eatre chang\u00e9es et les liquides qui ne peuvent plus remplir leur fonction sont remplac\u00e9s par du liquide neuf.<\/p>\n<p style=\"text-align: justify;\">La r\u00e9vision d\u2019une Volkswagen Touran doit \u00eatre effectu\u00e9e en moyenne tous les 15\u00a0000 km. Il s\u2019agit de la dur\u00e9e parcourue en moyenne durant une ann\u00e9e.<\/p>\n<h2 style=\"text-align: justify;\">Quand changer la courroie de distribution d\u2019un Touran 1.6 TDI 105 ?<\/h2>\n<p style=\"text-align: justify;\">La courroie de distribution est une pi\u00e8ce essentielle du moteur d\u2019une Volkswagen Touran, pr\u00e9sente sur les motorisations en essence et en diesel. Elle permet de synchroniser l\u2019action de divers organes du moteur en les reliant.<\/p>\n<p style=\"text-align: justify;\">Fabriqu\u00e9e en caoutchouc, la courroie de distribution, figurant dans la liste des pi\u00e8ces d\u2019usure, n\u00e9cessite d\u2019\u00eatre remplac\u00e9e r\u00e9guli\u00e8rement. Pour un Touran \u00e9quip\u00e9 d\u2019un moteur diesel 1.6 TDI 105, le changement de la courroie de distribution doit \u00eatre effectu\u00e9 tous les 150 000 km.<\/p>\n<h2 style=\"text-align: justify;\">Quand faire la vidange d&rsquo;une Volkswagen Touran 2015 ?<\/h2>\n<p style=\"text-align: justify;\">La vidange est le remplacement de l\u2019huile moteur usag\u00e9e par une neuve. Lorsque cette derni\u00e8re est trop us\u00e9e, elle perd de son pouvoir lubrifiant, gagne en viscosit\u00e9 et arbore une couleur sombre.<\/p>\n<p style=\"text-align: justify;\">La vidange d\u2019une Volkswagen Touran 2015 doit \u00eatre faite tous les 10 000 \u00e0 15\u00a0000 km pour un moteur \u00e0 essence, et entre 7\u00a0000 et 9\u00a0000 km pour un moteur diesel.<\/p>\n<h2 style=\"text-align: justify;\">Qui va remplacer le Touran ?<\/h2>\n<p style=\"text-align: justify;\">Le Touran 3 est la derni\u00e8re version de la gamme en date. Il s\u2019agit \u00e9galement de la derni\u00e8re g\u00e9n\u00e9ration qui sera produite par Volkswagen. En effet, le monospace sera remplac\u00e9 par la Volkswagen Tiguan Allspace et la Volkswagen Variosport.<\/p>\n<h3 style=\"text-align: justify;\">Guide d&rsquo;achat Volkswagen Touran<\/h3>\n<p style=\"text-align: justify;\"><a href=\"https:\/\/www.bymycar.fr\/webzine\/comment-changer-un-feu-de-stop-arriere-sur-une-volkswagen-touran\/\">Comment changer un feu de stop arri\u00e8re sur une Volkswagen Touran ?<\/a><\/p>\n<p style=\"text-align: justify;\"><a href=\"https:\/\/www.bymycar.fr\/webzine\/comment-changer-les-plaquettes-de-frein-arriere-dune-volkswagen-touran\/\">Comment changer les plaquettes de frein arri\u00e8re d&rsquo;une Volkswagen Touran ?<\/a><\/p>\n<p style=\"text-align: justify;\"><a href=\"https:\/\/www.bymycar.fr\/webzine\/quel-modele-de-touran-choisir\/\">Quel mod\u00e8le de Touran choisir ?<\/a><\/p>\n<p style=\"text-align: justify;\"><a href=\"https:\/\/www.bymycar.fr\/webzine\/ou-est-fabrique-le-volkswagen-touran\/\">O\u00f9 est fabriqu\u00e9 le Volkswagen Touran ?<\/a><\/p>\n<p style=\"text-align: justify;\"><a href=\"https:\/\/www.bymycar.fr\/webzine\/comment-ouvrir-la-trappe-a-essence-dune-volkswagen-touran\/\">Comment ouvrir la trappe \u00e0 essence d&rsquo;une Volkswagen Touran ?<\/a><\/p>\n<p style=\"text-align: justify;\"><a href=\"https:\/\/www.bymycar.fr\/webzine\/comment-activer-le-bluetooth-sur-un-volkswagen-touran\/\">Comment activer le Bluetooth sur un Volkswagen Touran ?<\/a><\/p>\n<p style=\"text-align: justify;\"><a href=\"https:\/\/www.bymycar.fr\/webzine\/quel-est-le-touran-le-plus-puissant\/\">Quel est le Touran le plus puissant ?<\/a><\/p>\n"}},{"acf_fc_layout":"carousel-produits"}]},"add-carousel-to-footer":true},"yoast_head":"<!-- This site is optimized with the Yoast SEO Premium plugin v26.4 (Yoast SEO v26.4) - https:\/\/yoast.com\/wordpress\/plugins\/seo\/ -->\n<title>Apr\u00e8s combien de km effectuer l&#039;entretien d&#039;un Touran ?<\/title>\n<meta name=\"robots\" content=\"index, follow, max-snippet:-1, max-image-preview:large, max-video-preview:-1\" \/>\n<link rel=\"canonical\" href=\"https:\/\/www.bymycar.fr\/webzine\/apres-combien-de-km-effectuer-lentretien-dun-touran\/\" \/>\n<meta property=\"og:locale\" content=\"fr_FR\" \/>\n<meta property=\"og:type\" content=\"article\" \/>\n<meta property=\"og:title\" content=\"Apr\u00e8s combien de km effectuer l&#039;entretien d&#039;un Touran ?\" \/>\n<meta property=\"og:url\" content=\"https:\/\/www.bymycar.fr\/webzine\/apres-combien-de-km-effectuer-lentretien-dun-touran\/\" \/>\n<meta property=\"og:site_name\" content=\"Webzine auto BYmyCAR\" \/>\n<meta property=\"article:published_time\" content=\"2022-12-15T07:44:26+00:00\" \/>\n<meta property=\"article:modified_time\" content=\"2026-04-14T15:42:52+00:00\" \/>\n<meta property=\"og:image\" content=\"https:\/\/cdn.bymycar.eu\/fr-webzine\/wp-content\/uploads\/medias\/Touran.jpg\" \/>\n\t<meta property=\"og:image:width\" content=\"750\" \/>\n\t<meta property=\"og:image:height\" content=\"410\" \/>\n\t<meta property=\"og:image:type\" content=\"image\/jpeg\" \/>\n<meta name=\"author\" content=\"La R\u00e9daction BYmyCAR\" \/>\n<meta name=\"twitter:card\" content=\"summary_large_image\" \/>\n<meta name=\"twitter:label1\" content=\"\u00c9crit par\" \/>\n\t<meta name=\"twitter:data1\" content=\"La R\u00e9daction BYmyCAR\" \/>\n<script type=\"application\/ld+json\" class=\"yoast-schema-graph\">{\"@context\":\"https:\/\/schema.org\",\"@graph\":[{\"@type\":\"Article\",\"@id\":\"https:\/\/www.bymycar.fr\/webzine\/apres-combien-de-km-effectuer-lentretien-dun-touran\/#article\",\"isPartOf\":{\"@id\":\"https:\/\/www.bymycar.fr\/webzine\/apres-combien-de-km-effectuer-lentretien-dun-touran\/\"},\"author\":{\"name\":\"La R\u00e9daction BYmyCAR\",\"@id\":\"https:\/\/www.bymycar.fr\/webzine\/#\/schema\/person\/8d570fe11eb8929f06c1e6d00f4d9689\"},\"headline\":\"Apr\u00e8s combien de km effectuer l&rsquo;entretien d&rsquo;un Touran ?\",\"datePublished\":\"2022-12-15T07:44:26+00:00\",\"dateModified\":\"2026-04-14T15:42:52+00:00\",\"mainEntityOfPage\":{\"@id\":\"https:\/\/www.bymycar.fr\/webzine\/apres-combien-de-km-effectuer-lentretien-dun-touran\/\"},\"wordCount\":11,\"publisher\":{\"@id\":\"https:\/\/www.bymycar.fr\/webzine\/#organization\"},\"image\":{\"@id\":\"https:\/\/www.bymycar.fr\/webzine\/apres-combien-de-km-effectuer-lentretien-dun-touran\/#primaryimage\"},\"thumbnailUrl\":\"https:\/\/cdn.bymycar.eu\/fr-webzine\/wp-content\/uploads\/medias\/Touran.jpg\",\"articleSection\":[\"Guide d'achat\",\"Guide d'achat Volkswagen\"],\"inLanguage\":\"fr-FR\"},{\"@type\":\"WebPage\",\"@id\":\"https:\/\/www.bymycar.fr\/webzine\/apres-combien-de-km-effectuer-lentretien-dun-touran\/\",\"url\":\"https:\/\/www.bymycar.fr\/webzine\/apres-combien-de-km-effectuer-lentretien-dun-touran\/\",\"name\":\"Apr\u00e8s combien de km effectuer l'entretien d'un Touran ?\",\"isPartOf\":{\"@id\":\"https:\/\/www.bymycar.fr\/webzine\/#website\"},\"primaryImageOfPage\":{\"@id\":\"https:\/\/www.bymycar.fr\/webzine\/apres-combien-de-km-effectuer-lentretien-dun-touran\/#primaryimage\"},\"image\":{\"@id\":\"https:\/\/www.bymycar.fr\/webzine\/apres-combien-de-km-effectuer-lentretien-dun-touran\/#primaryimage\"},\"thumbnailUrl\":\"https:\/\/cdn.bymycar.eu\/fr-webzine\/wp-content\/uploads\/medias\/Touran.jpg\",\"datePublished\":\"2022-12-15T07:44:26+00:00\",\"dateModified\":\"2026-04-14T15:42:52+00:00\",\"breadcrumb\":{\"@id\":\"https:\/\/www.bymycar.fr\/webzine\/apres-combien-de-km-effectuer-lentretien-dun-touran\/#breadcrumb\"},\"inLanguage\":\"fr-FR\",\"potentialAction\":[{\"@type\":\"ReadAction\",\"target\":[\"https:\/\/www.bymycar.fr\/webzine\/apres-combien-de-km-effectuer-lentretien-dun-touran\/\"]}]},{\"@type\":\"ImageObject\",\"inLanguage\":\"fr-FR\",\"@id\":\"https:\/\/www.bymycar.fr\/webzine\/apres-combien-de-km-effectuer-lentretien-dun-touran\/#primaryimage\",\"url\":\"https:\/\/cdn.bymycar.eu\/fr-webzine\/wp-content\/uploads\/medias\/Touran.jpg\",\"contentUrl\":\"https:\/\/cdn.bymycar.eu\/fr-webzine\/wp-content\/uploads\/medias\/Touran.jpg\",\"width\":750,\"height\":410},{\"@type\":\"BreadcrumbList\",\"@id\":\"https:\/\/www.bymycar.fr\/webzine\/apres-combien-de-km-effectuer-lentretien-dun-touran\/#breadcrumb\",\"itemListElement\":[{\"@type\":\"ListItem\",\"position\":1,\"name\":\"Accueil\",\"item\":\"https:\/\/www.bymycar.fr\/webzine\/\"},{\"@type\":\"ListItem\",\"position\":2,\"name\":\"Apr\u00e8s combien de km effectuer l&rsquo;entretien d&rsquo;un Touran ?\"}]},{\"@type\":\"WebSite\",\"@id\":\"https:\/\/www.bymycar.fr\/webzine\/#website\",\"url\":\"https:\/\/www.bymycar.fr\/webzine\/\",\"name\":\"Webzine auto BYmyCAR\",\"description\":\"La magazine auto de BYmyCAR\",\"publisher\":{\"@id\":\"https:\/\/www.bymycar.fr\/webzine\/#organization\"},\"potentialAction\":[{\"@type\":\"SearchAction\",\"target\":{\"@type\":\"EntryPoint\",\"urlTemplate\":\"https:\/\/www.bymycar.fr\/webzine\/?s={search_term_string}\"},\"query-input\":{\"@type\":\"PropertyValueSpecification\",\"valueRequired\":true,\"valueName\":\"search_term_string\"}}],\"inLanguage\":\"fr-FR\"},{\"@type\":\"Organization\",\"@id\":\"https:\/\/www.bymycar.fr\/webzine\/#organization\",\"name\":\"BYmyCAR\",\"url\":\"https:\/\/www.bymycar.fr\/webzine\/\",\"logo\":{\"@type\":\"ImageObject\",\"inLanguage\":\"fr-FR\",\"@id\":\"https:\/\/www.bymycar.fr\/webzine\/#\/schema\/logo\/image\/\",\"url\":\"https:\/\/cdn.bymycar.eu\/fr-webzine\/wp-content\/uploads\/medias\/2017\/08\/logo_DEALER_00000406_001.png\",\"contentUrl\":\"https:\/\/cdn.bymycar.eu\/fr-webzine\/wp-content\/uploads\/medias\/2017\/08\/logo_DEALER_00000406_001.png\",\"width\":2132,\"height\":720,\"caption\":\"BYmyCAR\"},\"image\":{\"@id\":\"https:\/\/www.bymycar.fr\/webzine\/#\/schema\/logo\/image\/\"}},{\"@type\":\"Person\",\"@id\":\"https:\/\/www.bymycar.fr\/webzine\/#\/schema\/person\/8d570fe11eb8929f06c1e6d00f4d9689\",\"name\":\"La R\u00e9daction BYmyCAR\",\"image\":{\"@type\":\"ImageObject\",\"inLanguage\":\"fr-FR\",\"@id\":\"https:\/\/www.bymycar.fr\/webzine\/#\/schema\/person\/image\/\",\"url\":\"https:\/\/secure.gravatar.com\/avatar\/1aa6b039d0ce106989923af4e2d0f2a0c82bb070d5e449f1b9adf082a5863900?s=96&d=mm&r=g\",\"contentUrl\":\"https:\/\/secure.gravatar.com\/avatar\/1aa6b039d0ce106989923af4e2d0f2a0c82bb070d5e449f1b9adf082a5863900?s=96&d=mm&r=g\",\"caption\":\"La R\u00e9daction BYmyCAR\"},\"sameAs\":[\"https:\/\/www.bymycar.fr\/\"]}]}<\/script>\n<!-- \/ Yoast SEO Premium plugin. -->","yoast_head_json":{"title":"Apr\u00e8s combien de km effectuer l'entretien d'un Touran ?","robots":{"index":"index","follow":"follow","max-snippet":"max-snippet:-1","max-image-preview":"max-image-preview:large","max-video-preview":"max-video-preview:-1"},"canonical":"https:\/\/www.bymycar.fr\/webzine\/apres-combien-de-km-effectuer-lentretien-dun-touran\/","og_locale":"fr_FR","og_type":"article","og_title":"Apr\u00e8s combien de km effectuer l'entretien d'un Touran ?","og_url":"https:\/\/www.bymycar.fr\/webzine\/apres-combien-de-km-effectuer-lentretien-dun-touran\/","og_site_name":"Webzine auto BYmyCAR","article_published_time":"2022-12-15T07:44:26+00:00","article_modified_time":"2026-04-14T15:42:52+00:00","og_image":[{"width":750,"height":410,"url":"https:\/\/cdn.bymycar.eu\/fr-webzine\/wp-content\/uploads\/medias\/Touran.jpg","type":"image\/jpeg"}],"author":"La R\u00e9daction BYmyCAR","twitter_card":"summary_large_image","twitter_misc":{"\u00c9crit par":"La R\u00e9daction BYmyCAR"},"schema":{"@context":"https:\/\/schema.org","@graph":[{"@type":"Article","@id":"https:\/\/www.bymycar.fr\/webzine\/apres-combien-de-km-effectuer-lentretien-dun-touran\/#article","isPartOf":{"@id":"https:\/\/www.bymycar.fr\/webzine\/apres-combien-de-km-effectuer-lentretien-dun-touran\/"},"author":{"name":"La R\u00e9daction BYmyCAR","@id":"https:\/\/www.bymycar.fr\/webzine\/#\/schema\/person\/8d570fe11eb8929f06c1e6d00f4d9689"},"headline":"Apr\u00e8s combien de km effectuer l&rsquo;entretien d&rsquo;un Touran ?","datePublished":"2022-12-15T07:44:26+00:00","dateModified":"2026-04-14T15:42:52+00:00","mainEntityOfPage":{"@id":"https:\/\/www.bymycar.fr\/webzine\/apres-combien-de-km-effectuer-lentretien-dun-touran\/"},"wordCount":11,"publisher":{"@id":"https:\/\/www.bymycar.fr\/webzine\/#organization"},"image":{"@id":"https:\/\/www.bymycar.fr\/webzine\/apres-combien-de-km-effectuer-lentretien-dun-touran\/#primaryimage"},"thumbnailUrl":"https:\/\/cdn.bymycar.eu\/fr-webzine\/wp-content\/uploads\/medias\/Touran.jpg","articleSection":["Guide d'achat","Guide d'achat Volkswagen"],"inLanguage":"fr-FR"},{"@type":"WebPage","@id":"https:\/\/www.bymycar.fr\/webzine\/apres-combien-de-km-effectuer-lentretien-dun-touran\/","url":"https:\/\/www.bymycar.fr\/webzine\/apres-combien-de-km-effectuer-lentretien-dun-touran\/","name":"Apr\u00e8s combien de km effectuer l'entretien d'un Touran ?","isPartOf":{"@id":"https:\/\/www.bymycar.fr\/webzine\/#website"},"primaryImageOfPage":{"@id":"https:\/\/www.bymycar.fr\/webzine\/apres-combien-de-km-effectuer-lentretien-dun-touran\/#primaryimage"},"image":{"@id":"https:\/\/www.bymycar.fr\/webzine\/apres-combien-de-km-effectuer-lentretien-dun-touran\/#primaryimage"},"thumbnailUrl":"https:\/\/cdn.bymycar.eu\/fr-webzine\/wp-content\/uploads\/medias\/Touran.jpg","datePublished":"2022-12-15T07:44:26+00:00","dateModified":"2026-04-14T15:42:52+00:00","breadcrumb":{"@id":"https:\/\/www.bymycar.fr\/webzine\/apres-combien-de-km-effectuer-lentretien-dun-touran\/#breadcrumb"},"inLanguage":"fr-FR","potentialAction":[{"@type":"ReadAction","target":["https:\/\/www.bymycar.fr\/webzine\/apres-combien-de-km-effectuer-lentretien-dun-touran\/"]}]},{"@type":"ImageObject","inLanguage":"fr-FR","@id":"https:\/\/www.bymycar.fr\/webzine\/apres-combien-de-km-effectuer-lentretien-dun-touran\/#primaryimage","url":"https:\/\/cdn.bymycar.eu\/fr-webzine\/wp-content\/uploads\/medias\/Touran.jpg","contentUrl":"https:\/\/cdn.bymycar.eu\/fr-webzine\/wp-content\/uploads\/medias\/Touran.jpg","width":750,"height":410},{"@type":"BreadcrumbList","@id":"https:\/\/www.bymycar.fr\/webzine\/apres-combien-de-km-effectuer-lentretien-dun-touran\/#breadcrumb","itemListElement":[{"@type":"ListItem","position":1,"name":"Accueil","item":"https:\/\/www.bymycar.fr\/webzine\/"},{"@type":"ListItem","position":2,"name":"Apr\u00e8s combien de km effectuer l&rsquo;entretien d&rsquo;un Touran ?"}]},{"@type":"WebSite","@id":"https:\/\/www.bymycar.fr\/webzine\/#website","url":"https:\/\/www.bymycar.fr\/webzine\/","name":"Webzine auto BYmyCAR","description":"La magazine auto de BYmyCAR","publisher":{"@id":"https:\/\/www.bymycar.fr\/webzine\/#organization"},"potentialAction":[{"@type":"SearchAction","target":{"@type":"EntryPoint","urlTemplate":"https:\/\/www.bymycar.fr\/webzine\/?s={search_term_string}"},"query-input":{"@type":"PropertyValueSpecification","valueRequired":true,"valueName":"search_term_string"}}],"inLanguage":"fr-FR"},{"@type":"Organization","@id":"https:\/\/www.bymycar.fr\/webzine\/#organization","name":"BYmyCAR","url":"https:\/\/www.bymycar.fr\/webzine\/","logo":{"@type":"ImageObject","inLanguage":"fr-FR","@id":"https:\/\/www.bymycar.fr\/webzine\/#\/schema\/logo\/image\/","url":"https:\/\/cdn.bymycar.eu\/fr-webzine\/wp-content\/uploads\/medias\/2017\/08\/logo_DEALER_00000406_001.png","contentUrl":"https:\/\/cdn.bymycar.eu\/fr-webzine\/wp-content\/uploads\/medias\/2017\/08\/logo_DEALER_00000406_001.png","width":2132,"height":720,"caption":"BYmyCAR"},"image":{"@id":"https:\/\/www.bymycar.fr\/webzine\/#\/schema\/logo\/image\/"}},{"@type":"Person","@id":"https:\/\/www.bymycar.fr\/webzine\/#\/schema\/person\/8d570fe11eb8929f06c1e6d00f4d9689","name":"La R\u00e9daction BYmyCAR","image":{"@type":"ImageObject","inLanguage":"fr-FR","@id":"https:\/\/www.bymycar.fr\/webzine\/#\/schema\/person\/image\/","url":"https:\/\/secure.gravatar.com\/avatar\/1aa6b039d0ce106989923af4e2d0f2a0c82bb070d5e449f1b9adf082a5863900?s=96&d=mm&r=g","contentUrl":"https:\/\/secure.gravatar.com\/avatar\/1aa6b039d0ce106989923af4e2d0f2a0c82bb070d5e449f1b9adf082a5863900?s=96&d=mm&r=g","caption":"La R\u00e9daction BYmyCAR"},"sameAs":["https:\/\/www.bymycar.fr\/"]}]}},"_links":{"self":[{"href":"https:\/\/www.bymycar.fr\/webzine\/wp-json\/wp\/v2\/posts\/38595","targetHints":{"allow":["GET"]}}],"collection":[{"href":"https:\/\/www.bymycar.fr\/webzine\/wp-json\/wp\/v2\/posts"}],"about":[{"href":"https:\/\/www.bymycar.fr\/webzine\/wp-json\/wp\/v2\/types\/post"}],"author":[{"embeddable":true,"href":"https:\/\/www.bymycar.fr\/webzine\/wp-json\/wp\/v2\/users\/88"}],"replies":[{"embeddable":true,"href":"https:\/\/www.bymycar.fr\/webzine\/wp-json\/wp\/v2\/comments?post=38595"}],"version-history":[{"count":7,"href":"https:\/\/www.bymycar.fr\/webzine\/wp-json\/wp\/v2\/posts\/38595\/revisions"}],"predecessor-version":[{"id":42723,"href":"https:\/\/www.bymycar.fr\/webzine\/wp-json\/wp\/v2\/posts\/38595\/revisions\/42723"}],"wp:featuredmedia":[{"embeddable":true,"href":"https:\/\/www.bymycar.fr\/webzine\/wp-json\/wp\/v2\/media\/38583"}],"wp:attachment":[{"href":"https:\/\/www.bymycar.fr\/webzine\/wp-json\/wp\/v2\/media?parent=38595"}],"wp:term":[{"taxonomy":"category","embeddable":true,"href":"https:\/\/www.bymycar.fr\/webzine\/wp-json\/wp\/v2\/categories?post=38595"},{"taxonomy":"post_tag","embeddable":true,"href":"https:\/\/www.bymycar.fr\/webzine\/wp-json\/wp\/v2\/tags?post=38595"}],"curies":[{"name":"wp","href":"https:\/\/api.w.org\/{rel}","templated":true}]}}