{"id":38504,"date":"2022-12-13T11:07:29","date_gmt":"2022-12-13T10:07:29","guid":{"rendered":"https:\/\/prod.bymycar.fr\/webzine\/?p=38504"},"modified":"2024-04-03T14:33:44","modified_gmt":"2024-04-03T12:33:44","slug":"quelle-voiture-electrique-a-moins-de-50000-euros","status":"publish","type":"post","link":"https:\/\/www.bymycar.fr\/webzine\/quelle-voiture-electrique-a-moins-de-50000-euros\/","title":{"rendered":"Quelle voiture \u00e9lectrique \u00e0 moins de 50000 euros ?"},"content":{"rendered":"","protected":false},"excerpt":{"rendered":"","protected":false},"author":88,"featured_media":38512,"comment_status":"closed","ping_status":"open","sticky":false,"template":"","format":"standard","meta":{"_acf_changed":false,"footnotes":""},"categories":[12952],"tags":[],"class_list":["post-38504","post","type-post","status-publish","format-standard","has-post-thumbnail","hentry","category-guide-dachat-byd"],"acf":{"template":"classique","introduction":"<p style=\"text-align: justify;\">Dans l&rsquo;esprit des consommateurs, la mobilit\u00e9 \u00e9lectrique reste tr\u00e8s co\u00fbteuse \u00e0 l&rsquo;achat. Pourtant, les v\u00e9hicules \u00e9lectriques ont de nombreux avantages \u00e0 vous offrir. Comme les nombreuses offres de financement propos\u00e9es par le gouvernement (bonus \u00e9cologique), l&rsquo;\u00e9conomie sur le carburant et la baisse d&rsquo;\u00e9mission de CO2. De plus, le march\u00e9 fran\u00e7ais s&rsquo;\u00e9tend sur les mod\u00e8les \u00e9lectriques et aujourd&rsquo;hui, les constructeurs automobiles enrichissent leur gamme de mod\u00e8les \u00e9lectriques. Pour vous \u00e9clairer un peu plus sur le sujet, nous vous proposons de d\u00e9couvrir <a href=\"https:\/\/www.bymycar.fr\/electrique\" target=\"_blank\" rel=\"noopener\">les mod\u00e8les de voitures \u00e9lectriques<\/a> \u00e0 moins de 50 000 \u20ac et disponibles chez BYmyCAR.<\/p>\n","strates":[{"type_strate":"texte-simple","ancre":"","contenu":"<h2 style=\"text-align: justify;\">Quelles sont les voitures \u00e9lectriques abordables pour un petit budget ?<\/h2>\n<p style=\"text-align: justify;\">Nous vous avons \u00e9tabli une liste non exhaustive des mod\u00e8les \u00e9lectriques \u00e0 moins de 35 000 \u20ac que vous pouvez retrouver chez nous, parmi nos marques Dacia, Fiat, Opel, Renault, Smart et Volkswagen. Ce sont en majorit\u00e9 des citadines, mais vous avez aussi la Renault Twizy \u00e0 mi-chemin entre la voiture et le scooter, et un SUV avec la Dacia Spring :<\/p>\n<p style=\"text-align: justify;\"><strong>Dacia <\/strong><\/p>\n<ul style=\"text-align: justify;\">\n<li>Spring<\/li>\n<\/ul>\n<p style=\"text-align: justify;\"><strong>Fiat<\/strong><\/p>\n<ul style=\"text-align: justify;\">\n<li>Fiat 500<\/li>\n<li>Fiat 500 cabriolet<\/li>\n<li>Fiat 500 3+1<\/li>\n<\/ul>\n<p style=\"text-align: justify;\"><strong>Opel<\/strong><\/p>\n<ul style=\"text-align: justify;\">\n<li>Corsa-e<\/li>\n<\/ul>\n<p style=\"text-align: justify;\"><strong>Renault<\/strong><\/p>\n<ul style=\"text-align: justify;\">\n<li>Twizy E-Tech<\/li>\n<li>Zoe E-Tech<\/li>\n<li>Twingo E-Tech<\/li>\n<\/ul>\n<p style=\"text-align: justify;\"><strong>Smart<\/strong><\/p>\n<ul style=\"text-align: justify;\">\n<li>EQ ForTwo<\/li>\n<li>EQ ForFour<\/li>\n<\/ul>\n<p style=\"text-align: justify;\"><strong>Volkswagen <\/strong><\/p>\n<ul style=\"text-align: justify;\">\n<li>E-up<\/li>\n<\/ul>\n<p style=\"text-align: justify;\">Sachez qu&rsquo;afin de r\u00e9duire le prix d&rsquo;achat de votre future voiture \u00e9lectrique, il est possible de b\u00e9n\u00e9ficier d&rsquo;aide gouvernementale comme la prime \u00e0 la conversion et le bonus \u00e9cologique. Il s&rsquo;applique sur l&rsquo;achat d&rsquo;un mod\u00e8le neuf, mais aussi sur la location. Pour \u00eatre \u00e9ligible, votre v\u00e9hicule doit remplir certaines conditions*, dont celle d&rsquo;avoir un taux d&rsquo;\u00e9mission de CO2 \u00e0 0 g\/km. En 2022, le montant maximum du bonus \u00e9cologique est de 6 000 \u20ac pour les v\u00e9hicules allant jusqu&rsquo;\u00e0 47 000 \u20ac. Notez, que l&rsquo;offre est valable du 1er juillet 2022 au 31 d\u00e9cembre 2022, il est possible qu&rsquo;elle \u00e9volue en janvier 2023. De plus, certains constructeurs automobiles pr\u00e9sentent r\u00e9guli\u00e8rement des offres \u00e0 leurs clients en faveur de l&rsquo;\u00e9lectrique. N&rsquo;h\u00e9sitez pas \u00e0 vous renseigner et \u00e0 suivre l&rsquo;actualit\u00e9 des marques pour ne rien rater.<\/p>\n<p style=\"text-align: justify;\"><span style=\"font-size: 10pt;\"><em>*voir conditions<\/em><\/span><\/p>\n<p>&nbsp;<\/p>\n<p>&nbsp;<\/p>\n<h2 style=\"text-align: justify;\"><strong>Faut-il payer cher pour avoir de l&rsquo;autonomie ? <\/strong><\/h2>\n<p style=\"text-align: justify;\">L&rsquo;achat d&rsquo;une voiture \u00e9lectrique se fait dans un premier temps en fonction de votre budget, puis dans un deuxi\u00e8me temps selon votre usage quotidien. Il n&rsquo;est pas n\u00e9cessaire d&rsquo;avoir un v\u00e9hicule avec une grande autonomie de 500 kilom\u00e8tres, si vous parcourez 60 km par jour. Par exemple, la Dacia Spring est \u00e9quip\u00e9e d&rsquo;une batterie de 26,8 kWh, avec laquelle elle peut parcourir jusqu&rsquo;\u00e0 300 km, et elle est consid\u00e9r\u00e9e comme la voiture \u00e9lectrique la plus abordable en 2022. Alors, avant tout, il est important, de calculer le nombre de kilom\u00e8tres que vous effectuez par jour. Enfin, n&rsquo;oubliez pas que votre v\u00e9hicule \u00e9lectrique peut se recharger chez vous en heures creuses ou sur des bornes de recharges publiques.<\/p>\n<p>&nbsp;<\/p>\n<p>&nbsp;<\/p>\n<h2 style=\"text-align: justify;\">Quelle est la voiture \u00e9lectrique la moins ch\u00e8re en France en 2022 ?<\/h2>\n<p style=\"text-align: justify;\">En cette fin d&rsquo;ann\u00e9e 2022, une voiture \u00e9lectrique se d\u00e9marque par son prix. Il s&rsquo;agit de la nouvelle Dacia Spring, la voiture \u00e9lectrique la moins ch\u00e8re du march\u00e9, avec un prix d&rsquo;entr\u00e9e de gamme \u00e0 moins de 21 000 \u20ac*. Elle n&rsquo;est pas en reste, puisqu&rsquo;elle a une autonomie de 305 km en cycle urbain WLTP, et jusqu&rsquo;\u00e0 230 km en cycle mixte WLTP.<\/p>\n<p style=\"text-align: justify;\"><span style=\"font-size: 10pt;\"><em>*voir conditions en concession<\/em><\/span><\/p>\n<p>&nbsp;<\/p>\n<p>&nbsp;<\/p>\n<h2 style=\"text-align: justify;\">Quelle voiture \u00e9lectrique pour moins de 50.000 euros en 2022 ?<\/h2>\n<p style=\"text-align: justify;\">Que vous soyez \u00e0 la recherche d&rsquo;une citadine, d&rsquo;un SUV, ou d&rsquo;un coup\u00e9 chez BYmyCAR, nous vous proposons une large gamme de mod\u00e8les \u00e9lectriques \u00e0 moins de 50 000 euros. N&rsquo;attendez plus pour les d\u00e9couvrir ici les mod\u00e8les \u00e9lectriques de BMW i, BYD, Cupra, MINI, Opel, Nissan, Renault, Peugeot, Skoda et Volkswagen :<\/p>\n<p style=\"text-align: justify;\"><strong>BMW i<\/strong><\/p>\n<ul style=\"text-align: justify;\">\n<li>i3<\/li>\n<\/ul>\n<p style=\"text-align: justify;\"><strong>BYD<\/strong><\/p>\n<ul style=\"text-align: justify;\">\n<li>Atto 3<\/li>\n<\/ul>\n<p style=\"text-align: justify;\"><strong>Cupra<\/strong><\/p>\n<ul style=\"text-align: justify;\">\n<li>Born<\/li>\n<\/ul>\n<p style=\"text-align: justify;\"><strong>MINI<\/strong><\/p>\n<ul style=\"text-align: justify;\">\n<li>MINI \u00e9lectrique<\/li>\n<\/ul>\n<p style=\"text-align: justify;\"><strong>Opel<\/strong><\/p>\n<ul style=\"text-align: justify;\">\n<li>Mokka-e<\/li>\n<\/ul>\n<p style=\"text-align: justify;\"><strong>Nissan<\/strong><\/p>\n<ul style=\"text-align: justify;\">\n<li>Leaf<\/li>\n<li>Ariya<\/li>\n<\/ul>\n<p style=\"text-align: justify;\"><strong>Renault <\/strong><\/p>\n<ul style=\"text-align: justify;\">\n<li>Megane E-Tech<\/li>\n<li>Kangoo E-Tech<\/li>\n<\/ul>\n<p style=\"text-align: justify;\"><strong>Peugeot <\/strong><\/p>\n<ul style=\"text-align: justify;\">\n<li>e-208<\/li>\n<li>e-2008<\/li>\n<\/ul>\n<p style=\"text-align: justify;\"><strong>Skoda<\/strong><\/p>\n<ul style=\"text-align: justify;\">\n<li>Enyaq iV<\/li>\n<li>Enyaq Coup\u00e9 iV<\/li>\n<\/ul>\n<p style=\"text-align: justify;\"><strong>Volkswagen<\/strong><\/p>\n<ul style=\"text-align: justify;\">\n<li>ID.3<\/li>\n<li>ID.4<\/li>\n<\/ul>\n","titre":"Les voitures \u00e0 moins de 50 000","image":false,"image_libre":false,"image_800x500":false,"legende":"","zoom":false,"texte":"","articles":false,"categorie_droite":false,"images":false,"elements_comparatif":false,"texte_1":"","texte_2":"","image_1":false,"image_1_563x400":false,"image_1_332x332":false,"image_2":false,"image_2_333x240":false,"image_2_563x400":false,"image_3":false,"image_3_333x240":false,"image_3_332x450":false,"image_4":false,"image_4_332x332":false,"image_4_563x400":false,"code_embed":"","legende_video":"","photo":false,"photo_100x100":false,"nom":"","fonction":"","elements_timeline":false,"entetes_colonnes":false,"entetes_lignes":false,"lignes":false,"introduction":"","formulaire":false,"question":"","reponse":"","libelle_bouton_lien":"","url_lien":"","questions":false,"conclusions":false,"pays":false,"region":false,"marque":false,"marqueConcessions":false,"modele":false,"ptvente":false,"typeV":false,"collection":false,"nombre_maximum_elements":10,"lien_fin_carousel":"","texte_lien_fin_carousel":"","trier_par":false},{"type_strate":"carousel-produits","ancre":"","contenu":"","titre":"Nos voitures BYD en stock","image":false,"image_libre":false,"image_800x500":false,"legende":"","zoom":false,"texte":"","articles":false,"categorie_droite":false,"images":false,"elements_comparatif":false,"texte_1":"","texte_2":"","image_1":false,"image_1_563x400":false,"image_1_332x332":false,"image_2":false,"image_2_333x240":false,"image_2_563x400":false,"image_3":false,"image_3_333x240":false,"image_3_332x450":false,"image_4":false,"image_4_332x332":false,"image_4_563x400":false,"code_embed":"","legende_video":"","photo":false,"photo_100x100":false,"nom":"","fonction":"","elements_timeline":false,"entetes_colonnes":false,"entetes_lignes":false,"lignes":false,"introduction":"","formulaire":false,"question":"","reponse":"","libelle_bouton_lien":"","url_lien":"","questions":false,"conclusions":false,"pays":"1","region":"","marque":"23","marqueConcessions":false,"modele":"","ptvente":"","typeV":"","collection":"","nombre_maximum_elements":"6","lien_fin_carousel":"https:\/\/www.bymycar.fr\/rechercher-un-vehicule?prod_VEHICLES%5BrefinementList%5D%5Bbrand%5D%5B0%5D=BYD&prod_VEHICLES%5BsortBy%5D=prod_VEHICLES_price_asc","texte_lien_fin_carousel":"Voir tous les mod\u00e8les >","trier_par":"prix"},{"type_strate":"texte-simple","ancre":"","contenu":"<h2 style=\"text-align: justify;\">Quelle est la meilleure automobile 100% \u00e9lectrique \u00e0 acheter ?<\/h2>\n<p style=\"text-align: justify;\">Nous restons toujours dans notre gamme de prix, \u00e0 moins de 50 000 \u20ac. Le mod\u00e8le 100 % \u00e9lectrique qui pr\u00e9sente le meilleur rapport qualit\u00e9\/prix en 2022 est la Nissan Leaf. C&rsquo;est une voiture familiale \u00e9lectrique, qui a su s\u00e9duire les automobilistes par son autonomie max de 270 km, sa puissance de 150 CH et sa recharge rapide pouvant passer de 20 \u00e0 80 % en seulement 60 minutes. La Leaf embarque des technologies connect\u00e9es \u00e0 l&rsquo;int\u00e9rieur de son habitacle comme un \u00e9cran tactile couleur 8,0&Prime;, ainsi que des aides \u00e0 la conduite intelligentes \u00e0 l&rsquo;image de ProPILOT Assist et l\u2019e-Pedal.<\/p>\n<p>&nbsp;<\/p>\n<h2 style=\"text-align: justify;\">Quelle est la meilleure marque de voiture \u00e9lectrique ?<\/h2>\n<p style=\"text-align: justify;\">La marque leader du march\u00e9 des voitures \u00e9lectriques dans le monde est Tesla. Le constructeur am\u00e9ricain a su convaincre avec ses v\u00e9hicules \u00e9lectriques futuristes, \u00e0 l&rsquo;image de la Tesla Model S. Ses avanc\u00e9es technologiques ont permis l&rsquo;essor des moteurs \u00e9lectriques. Tesla a su se placer sur un segment encore peu exploit\u00e9 par ses concurrents de l&rsquo;\u00e9poque.<\/p>\n<p style=\"text-align: justify;\">Cela dit, il n&rsquo;existe pas de meilleure marque de voiture \u00e9lectrique, il y a des marques qui font des voitures \u00e9lectriques qui sont plus ou moins appr\u00e9ci\u00e9es des conducteurs. Parce qu&rsquo;elles proposent une plus grande autonomie, des batteries \u00e9lectriques avec des capacit\u00e9s plus pouss\u00e9es, des v\u00e9hicules \u00e0 des prix d&rsquo;achat plus attractifs ou avec une dur\u00e9e de vie plus longue.<\/p>\n<p style=\"text-align: justify;\">Aujourd&rsquo;hui, l&rsquo;\u00e9lectromobilit\u00e9 est au coeur des r\u00e9flexions dans le secteur automobile. Nous l&rsquo;avons vu au mondial de l&rsquo;automobile de Paris en octobre dernier, l&rsquo;engouement autour des voitures thermiques \u00e9tait moindre. Certaines marques se sont illustr\u00e9es sur le devant de la sc\u00e8ne avec des gammes de v\u00e9hicules 100 % \u00e9lectriques, \u00e0 l&rsquo;image de BYD. Le constructeur chinois a tout pour devenir le futur leader mondial de l&rsquo;\u00e9lectrique.<\/p>\n<p>&nbsp;<\/p>\n<h2 style=\"text-align: justify;\">Quelle voiture \u00e9lectrique choisir ?<\/h2>\n<p style=\"text-align: justify;\">Le choix de votre voiture \u00e9lectrique doit se baser sur deux crit\u00e8res : votre budget et vos besoins. Une fois que vous les aurez d\u00e9finis, vous serez en mesure de d\u00e9gager le prix d&rsquo;achat que vous pouvez mettre, si votre achat sera neuf ou s&rsquo;il sera un contrat de location, l&rsquo;autonomie id\u00e9ale (grande, moyenne ou petite) et la version du v\u00e9hicule que vous pr\u00e9f\u00e9rez, par exemple faire le choix entre la Renault Zoe Evolution et la Renault Zoe Iconic.<\/p>\n<p>&nbsp;<\/p>\n<h2 style=\"text-align: justify;\">Achat d&rsquo;un v\u00e9hicule \u00e9lectrique chez BYmyCAR : \u00e0 quel prix ?<\/h2>\n<p style=\"text-align: justify;\">Si vous \u00eates int\u00e9ress\u00e9s par l&rsquo;un des mod\u00e8les \u00e9lectriques de l&rsquo;article, consultez nos v\u00e9hicules neufs et d&rsquo;occasions sur notre site ou contactez directement nos experts en concession.<\/p>\n<p>&nbsp;<\/p>\n<p><strong>A lire \u00e9galement<\/strong><\/p>\n<p><a href=\"https:\/\/www.bymycar.fr\/webzine\/byd-fournit-il-tesla\/\">BYD fournit-il Tesla ?<\/a><\/p>\n<p><a href=\"https:\/\/www.bymycar.fr\/webzine\/quels-moteurs-possedent-les-voitures-byd\/\">Quels moteurs poss\u00e8dent les voitures BYD ?<\/a><\/p>\n<p><a href=\"https:\/\/www.bymycar.fr\/webzine\/ou-acheter-une-voiture-byd\/\">O\u00f9 acheter une voiture BYD ?<\/a><\/p>\n<p><a href=\"https:\/\/www.bymycar.fr\/webzine\/qui-fournit-byd-en-batteries-lithium\/\">Qui fournit BYD en batteries lithium ?<\/a><\/p>\n<p><a href=\"https:\/\/www.bymycar.fr\/webzine\/comparatif-byd-et-tesla\/\">Comparatif BYD et Tesla<\/a><\/p>\n<p><a href=\"https:\/\/www.bymycar.fr\/webzine\/que-signifie-byd\/\">Que signifie BYD ?<\/a><\/p>\n<p><a href=\"https:\/\/www.bymycar.fr\/webzine\/quelle-voiture-byd-acheter\/\">Quelle voiture BYD Auto acheter ?<\/a><\/p>\n<p><a href=\"https:\/\/www.bymycar.fr\/webzine\/combien-coutent-les-voitures-byd\/\">Combien co\u00fbtent les voitures BYD ?<\/a><\/p>\n<p><a href=\"https:\/\/www.bymycar.fr\/webzine\/qui-possede-byd\/\">Qui poss\u00e8de BYD ?<\/a><\/p>\n<p><a href=\"https:\/\/www.bymycar.fr\/webzine\/les-byd-sont-elles-des-voitures-de-luxe\/\">Les BYD sont-elles des voitures de luxe ?<\/a><\/p>\n<p><a href=\"https:\/\/www.bymycar.fr\/webzine\/que-vaut-la-marque-byd\/\">Que vaut la marque BYD ?<\/a><\/p>\n<p><a href=\"https:\/\/www.bymycar.fr\/webzine\/quel-est-le-plus-grand-constructeur-de-voitures-electriques\/\">Quel est le plus grand constructeur de voitures \u00e9lectriques ?<\/a><\/p>\n<p><a href=\"https:\/\/www.bymycar.fr\/webzine\/qui-fabrique-byd\/\">Qui fabrique BYD ?<\/a><\/p>\n<p><a href=\"https:\/\/www.bymycar.fr\/webzine\/byd-est-elle-une-voiture-chinoise\/\">BYD est-elle une voiture chinoise ?<\/a><\/p>\n<p><a href=\"https:\/\/www.bymycar.fr\/webzine\/combien-dusines-byd-possede-t-il\/\">Combien d\u2019usines BYD poss\u00e8de-t-il ?<\/a><\/p>\n<p><a href=\"https:\/\/www.bymycar.fr\/webzine\/quelle-est-la-meilleure-voiture-asiatique-focus-sur-byd\/\">Quelle est la meilleure voiture asiatique ? Focus sur BYD<\/a><\/p>\n<p><a href=\"https:\/\/www.bymycar.fr\/webzine\/dans-quels-pays-byd-vend-il-des-voitures\/\">Dans quels pays BYD vend-il des voitures ?<\/a><\/p>\n<p><a href=\"https:\/\/www.bymycar.fr\/webzine\/byd-est-il-populaire-en-europe\/\">BYD est-il populaire en Europe ?<\/a><\/p>\n<p><a href=\"https:\/\/www.bymycar.fr\/webzine\/byd-vend-il-plus-de-voitures-que-tesla\/\">BYD vend-il plus de voitures que Tesla ?<\/a><\/p>\n<p><a href=\"https:\/\/www.bymycar.fr\/webzine\/byd-est-il-cote-en-chine\/\">BYD est-il cot\u00e9 en Chine ?<\/a><\/p>\n","titre":"texte 2","image":false,"image_libre":false,"image_800x500":false,"legende":"","zoom":false,"texte":"","articles":false,"categorie_droite":false,"images":false,"elements_comparatif":false,"texte_1":"","texte_2":"","image_1":false,"image_1_563x400":false,"image_1_332x332":false,"image_2":false,"image_2_333x240":false,"image_2_563x400":false,"image_3":false,"image_3_333x240":false,"image_3_332x450":false,"image_4":false,"image_4_332x332":false,"image_4_563x400":false,"code_embed":"","legende_video":"","photo":false,"photo_100x100":false,"nom":"","fonction":"","elements_timeline":false,"entetes_colonnes":false,"entetes_lignes":false,"lignes":false,"introduction":"","formulaire":false,"question":"","reponse":"","libelle_bouton_lien":"","url_lien":"","questions":false,"conclusions":false,"pays":false,"region":false,"marque":false,"marqueConcessions":false,"modele":false,"ptvente":false,"typeV":false,"collection":false,"nombre_maximum_elements":10,"lien_fin_carousel":"","texte_lien_fin_carousel":"","trier_par":false}],"is_old_post":false,"image":{"ID":38512,"id":38512,"title":"BYD_Atto_3_Fond_Futuriste","filename":"ATTO-3_4-1.jpg","filesize":1,"url":"https:\/\/cdn.bymycar.eu\/fr-webzine\/wp-content\/uploads\/medias\/ATTO-3_4-1.jpg","link":"https:\/\/www.bymycar.fr\/webzine\/quelle-voiture-electrique-a-moins-de-50000-euros\/atto-3_4-1\/","alt":"BYD Atto 3 bleu sur un fond futuriste","author":"88","description":"BYD Atto 3 bleue","caption":"BYD Atto 3 bleue","name":"atto-3_4-1","status":"inherit","uploaded_to":38504,"date":"2022-12-13 10:06:39","modified":"2022-12-13 10:07:18","menu_order":0,"mime_type":"image\/jpeg","type":"image","subtype":"jpeg","icon":"https:\/\/www.bymycar.fr\/webzine\/wp-includes\/images\/media\/default.png","width":1628,"height":847,"sizes":{"thumbnail":"https:\/\/cdn.bymycar.eu\/fr-webzine\/wp-content\/uploads\/medias\/ATTO-3_4-1-150x150.jpg","thumbnail-width":150,"thumbnail-height":150,"medium":"https:\/\/cdn.bymycar.eu\/fr-webzine\/wp-content\/uploads\/medias\/ATTO-3_4-1-300x156.jpg","medium-width":300,"medium-height":156,"medium_large":"https:\/\/cdn.bymycar.eu\/fr-webzine\/wp-content\/uploads\/medias\/ATTO-3_4-1-768x400.jpg","medium_large-width":768,"medium_large-height":400,"large":"https:\/\/cdn.bymycar.eu\/fr-webzine\/wp-content\/uploads\/medias\/ATTO-3_4-1-1024x533.jpg","large-width":1024,"large-height":533,"1536x1536":"https:\/\/cdn.bymycar.eu\/fr-webzine\/wp-content\/uploads\/medias\/ATTO-3_4-1-1536x799.jpg","1536x1536-width":1536,"1536x1536-height":799,"2048x2048":"https:\/\/cdn.bymycar.eu\/fr-webzine\/wp-content\/uploads\/medias\/ATTO-3_4-1.jpg","2048x2048-width":1628,"2048x2048-height":847}},"page_content":{"block_content":[{"acf_fc_layout":"text-simple","--nav":{"-withNav":false,"-ancre":""},"--group":{"-text":"<h2 style=\"text-align: justify;\">Quelles sont les voitures \u00e9lectriques abordables pour un petit budget ?<\/h2>\n<p style=\"text-align: justify;\">Nous vous avons \u00e9tabli une liste non exhaustive des mod\u00e8les \u00e9lectriques \u00e0 moins de 35 000 \u20ac que vous pouvez retrouver chez nous, parmi nos marques Dacia, Fiat, Opel, Renault, Smart et Volkswagen. Ce sont en majorit\u00e9 des citadines, mais vous avez aussi la Renault Twizy \u00e0 mi-chemin entre la voiture et le scooter, et un SUV avec la Dacia Spring :<\/p>\n<p style=\"text-align: justify;\"><strong>Dacia <\/strong><\/p>\n<ul style=\"text-align: justify;\">\n<li>Spring<\/li>\n<\/ul>\n<p style=\"text-align: justify;\"><strong>Fiat<\/strong><\/p>\n<ul style=\"text-align: justify;\">\n<li>Fiat 500<\/li>\n<li>Fiat 500 cabriolet<\/li>\n<li>Fiat 500 3+1<\/li>\n<\/ul>\n<p style=\"text-align: justify;\"><strong>Opel<\/strong><\/p>\n<ul style=\"text-align: justify;\">\n<li>Corsa-e<\/li>\n<\/ul>\n<p style=\"text-align: justify;\"><strong>Renault<\/strong><\/p>\n<ul style=\"text-align: justify;\">\n<li>Twizy E-Tech<\/li>\n<li>Zoe E-Tech<\/li>\n<li>Twingo E-Tech<\/li>\n<\/ul>\n<p style=\"text-align: justify;\"><strong>Smart<\/strong><\/p>\n<ul style=\"text-align: justify;\">\n<li>EQ ForTwo<\/li>\n<li>EQ ForFour<\/li>\n<\/ul>\n<p style=\"text-align: justify;\"><strong>Volkswagen <\/strong><\/p>\n<ul style=\"text-align: justify;\">\n<li>E-up<\/li>\n<\/ul>\n<p style=\"text-align: justify;\">Sachez qu&rsquo;afin de r\u00e9duire le prix d&rsquo;achat de votre future voiture \u00e9lectrique, il est possible de b\u00e9n\u00e9ficier d&rsquo;aide gouvernementale comme la prime \u00e0 la conversion et le bonus \u00e9cologique. Il s&rsquo;applique sur l&rsquo;achat d&rsquo;un mod\u00e8le neuf, mais aussi sur la location. Pour \u00eatre \u00e9ligible, votre v\u00e9hicule doit remplir certaines conditions*, dont celle d&rsquo;avoir un taux d&rsquo;\u00e9mission de CO2 \u00e0 0 g\/km. En 2022, le montant maximum du bonus \u00e9cologique est de 6 000 \u20ac pour les v\u00e9hicules allant jusqu&rsquo;\u00e0 47 000 \u20ac. Notez, que l&rsquo;offre est valable du 1er juillet 2022 au 31 d\u00e9cembre 2022, il est possible qu&rsquo;elle \u00e9volue en janvier 2023. De plus, certains constructeurs automobiles pr\u00e9sentent r\u00e9guli\u00e8rement des offres \u00e0 leurs clients en faveur de l&rsquo;\u00e9lectrique. N&rsquo;h\u00e9sitez pas \u00e0 vous renseigner et \u00e0 suivre l&rsquo;actualit\u00e9 des marques pour ne rien rater.<\/p>\n<p style=\"text-align: justify;\"><span style=\"font-size: 10pt;\"><em>*voir conditions<\/em><\/span><\/p>\n<p>&nbsp;<\/p>\n<p>&nbsp;<\/p>\n<h2 style=\"text-align: justify;\"><strong>Faut-il payer cher pour avoir de l&rsquo;autonomie ? <\/strong><\/h2>\n<p style=\"text-align: justify;\">L&rsquo;achat d&rsquo;une voiture \u00e9lectrique se fait dans un premier temps en fonction de votre budget, puis dans un deuxi\u00e8me temps selon votre usage quotidien. Il n&rsquo;est pas n\u00e9cessaire d&rsquo;avoir un v\u00e9hicule avec une grande autonomie de 500 kilom\u00e8tres, si vous parcourez 60 km par jour. Par exemple, la Dacia Spring est \u00e9quip\u00e9e d&rsquo;une batterie de 26,8 kWh, avec laquelle elle peut parcourir jusqu&rsquo;\u00e0 300 km, et elle est consid\u00e9r\u00e9e comme la voiture \u00e9lectrique la plus abordable en 2022. Alors, avant tout, il est important, de calculer le nombre de kilom\u00e8tres que vous effectuez par jour. Enfin, n&rsquo;oubliez pas que votre v\u00e9hicule \u00e9lectrique peut se recharger chez vous en heures creuses ou sur des bornes de recharges publiques.<\/p>\n<p>&nbsp;<\/p>\n<p>&nbsp;<\/p>\n<h2 style=\"text-align: justify;\">Quelle est la voiture \u00e9lectrique la moins ch\u00e8re en France en 2022 ?<\/h2>\n<p style=\"text-align: justify;\">En cette fin d&rsquo;ann\u00e9e 2022, une voiture \u00e9lectrique se d\u00e9marque par son prix. Il s&rsquo;agit de la nouvelle Dacia Spring, la voiture \u00e9lectrique la moins ch\u00e8re du march\u00e9, avec un prix d&rsquo;entr\u00e9e de gamme \u00e0 moins de 21 000 \u20ac*. Elle n&rsquo;est pas en reste, puisqu&rsquo;elle a une autonomie de 305 km en cycle urbain WLTP, et jusqu&rsquo;\u00e0 230 km en cycle mixte WLTP.<\/p>\n<p style=\"text-align: justify;\"><span style=\"font-size: 10pt;\"><em>*voir conditions en concession<\/em><\/span><\/p>\n<p>&nbsp;<\/p>\n<p>&nbsp;<\/p>\n<h2 style=\"text-align: justify;\">Quelle voiture \u00e9lectrique pour moins de 50.000 euros en 2022 ?<\/h2>\n<p style=\"text-align: justify;\">Que vous soyez \u00e0 la recherche d&rsquo;une citadine, d&rsquo;un SUV, ou d&rsquo;un coup\u00e9 chez BYmyCAR, nous vous proposons une large gamme de mod\u00e8les \u00e9lectriques \u00e0 moins de 50 000 euros. N&rsquo;attendez plus pour les d\u00e9couvrir ici les mod\u00e8les \u00e9lectriques de BMW i, BYD, Cupra, MINI, Opel, Nissan, Renault, Peugeot, Skoda et Volkswagen :<\/p>\n<p style=\"text-align: justify;\"><strong>BMW i<\/strong><\/p>\n<ul style=\"text-align: justify;\">\n<li>i3<\/li>\n<\/ul>\n<p style=\"text-align: justify;\"><strong>BYD<\/strong><\/p>\n<ul style=\"text-align: justify;\">\n<li>Atto 3<\/li>\n<\/ul>\n<p style=\"text-align: justify;\"><strong>Cupra<\/strong><\/p>\n<ul style=\"text-align: justify;\">\n<li>Born<\/li>\n<\/ul>\n<p style=\"text-align: justify;\"><strong>MINI<\/strong><\/p>\n<ul style=\"text-align: justify;\">\n<li>MINI \u00e9lectrique<\/li>\n<\/ul>\n<p style=\"text-align: justify;\"><strong>Opel<\/strong><\/p>\n<ul style=\"text-align: justify;\">\n<li>Mokka-e<\/li>\n<\/ul>\n<p style=\"text-align: justify;\"><strong>Nissan<\/strong><\/p>\n<ul style=\"text-align: justify;\">\n<li>Leaf<\/li>\n<li>Ariya<\/li>\n<\/ul>\n<p style=\"text-align: justify;\"><strong>Renault <\/strong><\/p>\n<ul style=\"text-align: justify;\">\n<li>Megane E-Tech<\/li>\n<li>Kangoo E-Tech<\/li>\n<\/ul>\n<p style=\"text-align: justify;\"><strong>Peugeot <\/strong><\/p>\n<ul style=\"text-align: justify;\">\n<li>e-208<\/li>\n<li>e-2008<\/li>\n<\/ul>\n<p style=\"text-align: justify;\"><strong>Skoda<\/strong><\/p>\n<ul style=\"text-align: justify;\">\n<li>Enyaq iV<\/li>\n<li>Enyaq Coup\u00e9 iV<\/li>\n<\/ul>\n<p style=\"text-align: justify;\"><strong>Volkswagen<\/strong><\/p>\n<ul style=\"text-align: justify;\">\n<li>ID.3<\/li>\n<li>ID.4<\/li>\n<\/ul>\n"}},{"acf_fc_layout":"carousel-produits"},{"acf_fc_layout":"text-simple","--nav":{"-withNav":false,"-ancre":""},"--group":{"-text":"<h2 style=\"text-align: justify;\">Quelle est la meilleure automobile 100% \u00e9lectrique \u00e0 acheter ?<\/h2>\n<p style=\"text-align: justify;\">Nous restons toujours dans notre gamme de prix, \u00e0 moins de 50 000 \u20ac. Le mod\u00e8le 100 % \u00e9lectrique qui pr\u00e9sente le meilleur rapport qualit\u00e9\/prix en 2022 est la Nissan Leaf. C&rsquo;est une voiture familiale \u00e9lectrique, qui a su s\u00e9duire les automobilistes par son autonomie max de 270 km, sa puissance de 150 CH et sa recharge rapide pouvant passer de 20 \u00e0 80 % en seulement 60 minutes. La Leaf embarque des technologies connect\u00e9es \u00e0 l&rsquo;int\u00e9rieur de son habitacle comme un \u00e9cran tactile couleur 8,0&Prime;, ainsi que des aides \u00e0 la conduite intelligentes \u00e0 l&rsquo;image de ProPILOT Assist et l\u2019e-Pedal.<\/p>\n<p>&nbsp;<\/p>\n<h2 style=\"text-align: justify;\">Quelle est la meilleure marque de voiture \u00e9lectrique ?<\/h2>\n<p style=\"text-align: justify;\">La marque leader du march\u00e9 des voitures \u00e9lectriques dans le monde est Tesla. Le constructeur am\u00e9ricain a su convaincre avec ses v\u00e9hicules \u00e9lectriques futuristes, \u00e0 l&rsquo;image de la Tesla Model S. Ses avanc\u00e9es technologiques ont permis l&rsquo;essor des moteurs \u00e9lectriques. Tesla a su se placer sur un segment encore peu exploit\u00e9 par ses concurrents de l&rsquo;\u00e9poque.<\/p>\n<p style=\"text-align: justify;\">Cela dit, il n&rsquo;existe pas de meilleure marque de voiture \u00e9lectrique, il y a des marques qui font des voitures \u00e9lectriques qui sont plus ou moins appr\u00e9ci\u00e9es des conducteurs. Parce qu&rsquo;elles proposent une plus grande autonomie, des batteries \u00e9lectriques avec des capacit\u00e9s plus pouss\u00e9es, des v\u00e9hicules \u00e0 des prix d&rsquo;achat plus attractifs ou avec une dur\u00e9e de vie plus longue.<\/p>\n<p style=\"text-align: justify;\">Aujourd&rsquo;hui, l&rsquo;\u00e9lectromobilit\u00e9 est au coeur des r\u00e9flexions dans le secteur automobile. Nous l&rsquo;avons vu au mondial de l&rsquo;automobile de Paris en octobre dernier, l&rsquo;engouement autour des voitures thermiques \u00e9tait moindre. Certaines marques se sont illustr\u00e9es sur le devant de la sc\u00e8ne avec des gammes de v\u00e9hicules 100 % \u00e9lectriques, \u00e0 l&rsquo;image de BYD. Le constructeur chinois a tout pour devenir le futur leader mondial de l&rsquo;\u00e9lectrique.<\/p>\n<p>&nbsp;<\/p>\n<h2 style=\"text-align: justify;\">Quelle voiture \u00e9lectrique choisir ?<\/h2>\n<p style=\"text-align: justify;\">Le choix de votre voiture \u00e9lectrique doit se baser sur deux crit\u00e8res : votre budget et vos besoins. Une fois que vous les aurez d\u00e9finis, vous serez en mesure de d\u00e9gager le prix d&rsquo;achat que vous pouvez mettre, si votre achat sera neuf ou s&rsquo;il sera un contrat de location, l&rsquo;autonomie id\u00e9ale (grande, moyenne ou petite) et la version du v\u00e9hicule que vous pr\u00e9f\u00e9rez, par exemple faire le choix entre la Renault Zoe Evolution et la Renault Zoe Iconic.<\/p>\n<p>&nbsp;<\/p>\n<h2 style=\"text-align: justify;\">Achat d&rsquo;un v\u00e9hicule \u00e9lectrique chez BYmyCAR : \u00e0 quel prix ?<\/h2>\n<p style=\"text-align: justify;\">Si vous \u00eates int\u00e9ress\u00e9s par l&rsquo;un des mod\u00e8les \u00e9lectriques de l&rsquo;article, consultez nos v\u00e9hicules neufs et d&rsquo;occasions sur notre site ou contactez directement nos experts en concession.<\/p>\n<p>&nbsp;<\/p>\n<p><strong>A lire \u00e9galement<\/strong><\/p>\n<p><a href=\"https:\/\/www.bymycar.fr\/webzine\/byd-fournit-il-tesla\/\">BYD fournit-il Tesla ?<\/a><\/p>\n<p><a href=\"https:\/\/www.bymycar.fr\/webzine\/quels-moteurs-possedent-les-voitures-byd\/\">Quels moteurs poss\u00e8dent les voitures BYD ?<\/a><\/p>\n<p><a href=\"https:\/\/www.bymycar.fr\/webzine\/ou-acheter-une-voiture-byd\/\">O\u00f9 acheter une voiture BYD ?<\/a><\/p>\n<p><a href=\"https:\/\/www.bymycar.fr\/webzine\/qui-fournit-byd-en-batteries-lithium\/\">Qui fournit BYD en batteries lithium ?<\/a><\/p>\n<p><a href=\"https:\/\/www.bymycar.fr\/webzine\/comparatif-byd-et-tesla\/\">Comparatif BYD et Tesla<\/a><\/p>\n<p><a href=\"https:\/\/www.bymycar.fr\/webzine\/que-signifie-byd\/\">Que signifie BYD ?<\/a><\/p>\n<p><a href=\"https:\/\/www.bymycar.fr\/webzine\/quelle-voiture-byd-acheter\/\">Quelle voiture BYD Auto acheter ?<\/a><\/p>\n<p><a href=\"https:\/\/www.bymycar.fr\/webzine\/combien-coutent-les-voitures-byd\/\">Combien co\u00fbtent les voitures BYD ?<\/a><\/p>\n<p><a href=\"https:\/\/www.bymycar.fr\/webzine\/qui-possede-byd\/\">Qui poss\u00e8de BYD ?<\/a><\/p>\n<p><a href=\"https:\/\/www.bymycar.fr\/webzine\/les-byd-sont-elles-des-voitures-de-luxe\/\">Les BYD sont-elles des voitures de luxe ?<\/a><\/p>\n<p><a href=\"https:\/\/www.bymycar.fr\/webzine\/que-vaut-la-marque-byd\/\">Que vaut la marque BYD ?<\/a><\/p>\n<p><a href=\"https:\/\/www.bymycar.fr\/webzine\/quel-est-le-plus-grand-constructeur-de-voitures-electriques\/\">Quel est le plus grand constructeur de voitures \u00e9lectriques ?<\/a><\/p>\n<p><a href=\"https:\/\/www.bymycar.fr\/webzine\/qui-fabrique-byd\/\">Qui fabrique BYD ?<\/a><\/p>\n<p><a href=\"https:\/\/www.bymycar.fr\/webzine\/byd-est-elle-une-voiture-chinoise\/\">BYD est-elle une voiture chinoise ?<\/a><\/p>\n<p><a href=\"https:\/\/www.bymycar.fr\/webzine\/combien-dusines-byd-possede-t-il\/\">Combien d\u2019usines BYD poss\u00e8de-t-il ?<\/a><\/p>\n<p><a href=\"https:\/\/www.bymycar.fr\/webzine\/quelle-est-la-meilleure-voiture-asiatique-focus-sur-byd\/\">Quelle est la meilleure voiture asiatique ? Focus sur BYD<\/a><\/p>\n<p><a href=\"https:\/\/www.bymycar.fr\/webzine\/dans-quels-pays-byd-vend-il-des-voitures\/\">Dans quels pays BYD vend-il des voitures ?<\/a><\/p>\n<p><a href=\"https:\/\/www.bymycar.fr\/webzine\/byd-est-il-populaire-en-europe\/\">BYD est-il populaire en Europe ?<\/a><\/p>\n<p><a href=\"https:\/\/www.bymycar.fr\/webzine\/byd-vend-il-plus-de-voitures-que-tesla\/\">BYD vend-il plus de voitures que Tesla ?<\/a><\/p>\n<p><a href=\"https:\/\/www.bymycar.fr\/webzine\/byd-est-il-cote-en-chine\/\">BYD est-il cot\u00e9 en Chine ?<\/a><\/p>\n"}}]},"add-carousel-to-footer":true},"yoast_head":"<!-- This site is optimized with the Yoast SEO Premium plugin v26.4 (Yoast SEO v26.4) - https:\/\/yoast.com\/wordpress\/plugins\/seo\/ -->\n<title>Quelle voiture \u00e9lectrique \u00e0 moins de 50000 euros ?<\/title>\n<meta name=\"robots\" content=\"index, follow, max-snippet:-1, max-image-preview:large, max-video-preview:-1\" \/>\n<link rel=\"canonical\" href=\"https:\/\/www.bymycar.fr\/webzine\/quelle-voiture-electrique-a-moins-de-50000-euros\/\" \/>\n<meta property=\"og:locale\" content=\"fr_FR\" \/>\n<meta property=\"og:type\" content=\"article\" \/>\n<meta property=\"og:title\" content=\"Quelle voiture \u00e9lectrique \u00e0 moins de 50000 euros ?\" \/>\n<meta property=\"og:url\" content=\"https:\/\/www.bymycar.fr\/webzine\/quelle-voiture-electrique-a-moins-de-50000-euros\/\" \/>\n<meta property=\"og:site_name\" content=\"Webzine auto BYmyCAR\" \/>\n<meta property=\"article:published_time\" content=\"2022-12-13T10:07:29+00:00\" \/>\n<meta property=\"article:modified_time\" content=\"2024-04-03T12:33:44+00:00\" \/>\n<meta property=\"og:image\" content=\"https:\/\/cdn.bymycar.eu\/fr-webzine\/wp-content\/uploads\/medias\/ATTO-3_4-1.jpg\" \/>\n\t<meta property=\"og:image:width\" content=\"1628\" \/>\n\t<meta property=\"og:image:height\" content=\"847\" \/>\n\t<meta property=\"og:image:type\" content=\"image\/jpeg\" \/>\n<meta name=\"author\" content=\"La R\u00e9daction BYmyCAR\" \/>\n<meta name=\"twitter:card\" content=\"summary_large_image\" \/>\n<meta name=\"twitter:label1\" content=\"\u00c9crit par\" \/>\n\t<meta name=\"twitter:data1\" content=\"La R\u00e9daction BYmyCAR\" \/>\n<script type=\"application\/ld+json\" class=\"yoast-schema-graph\">{\"@context\":\"https:\/\/schema.org\",\"@graph\":[{\"@type\":\"Article\",\"@id\":\"https:\/\/www.bymycar.fr\/webzine\/quelle-voiture-electrique-a-moins-de-50000-euros\/#article\",\"isPartOf\":{\"@id\":\"https:\/\/www.bymycar.fr\/webzine\/quelle-voiture-electrique-a-moins-de-50000-euros\/\"},\"author\":{\"name\":\"La R\u00e9daction BYmyCAR\",\"@id\":\"https:\/\/www.bymycar.fr\/webzine\/#\/schema\/person\/8d570fe11eb8929f06c1e6d00f4d9689\"},\"headline\":\"Quelle voiture \u00e9lectrique \u00e0 moins de 50000 euros ?\",\"datePublished\":\"2022-12-13T10:07:29+00:00\",\"dateModified\":\"2024-04-03T12:33:44+00:00\",\"mainEntityOfPage\":{\"@id\":\"https:\/\/www.bymycar.fr\/webzine\/quelle-voiture-electrique-a-moins-de-50000-euros\/\"},\"wordCount\":6,\"publisher\":{\"@id\":\"https:\/\/www.bymycar.fr\/webzine\/#organization\"},\"image\":{\"@id\":\"https:\/\/www.bymycar.fr\/webzine\/quelle-voiture-electrique-a-moins-de-50000-euros\/#primaryimage\"},\"thumbnailUrl\":\"https:\/\/cdn.bymycar.eu\/fr-webzine\/wp-content\/uploads\/medias\/ATTO-3_4-1.jpg\",\"articleSection\":[\"Guide d'achat BYD\"],\"inLanguage\":\"fr-FR\"},{\"@type\":\"WebPage\",\"@id\":\"https:\/\/www.bymycar.fr\/webzine\/quelle-voiture-electrique-a-moins-de-50000-euros\/\",\"url\":\"https:\/\/www.bymycar.fr\/webzine\/quelle-voiture-electrique-a-moins-de-50000-euros\/\",\"name\":\"Quelle voiture \u00e9lectrique \u00e0 moins de 50000 euros ?\",\"isPartOf\":{\"@id\":\"https:\/\/www.bymycar.fr\/webzine\/#website\"},\"primaryImageOfPage\":{\"@id\":\"https:\/\/www.bymycar.fr\/webzine\/quelle-voiture-electrique-a-moins-de-50000-euros\/#primaryimage\"},\"image\":{\"@id\":\"https:\/\/www.bymycar.fr\/webzine\/quelle-voiture-electrique-a-moins-de-50000-euros\/#primaryimage\"},\"thumbnailUrl\":\"https:\/\/cdn.bymycar.eu\/fr-webzine\/wp-content\/uploads\/medias\/ATTO-3_4-1.jpg\",\"datePublished\":\"2022-12-13T10:07:29+00:00\",\"dateModified\":\"2024-04-03T12:33:44+00:00\",\"breadcrumb\":{\"@id\":\"https:\/\/www.bymycar.fr\/webzine\/quelle-voiture-electrique-a-moins-de-50000-euros\/#breadcrumb\"},\"inLanguage\":\"fr-FR\",\"potentialAction\":[{\"@type\":\"ReadAction\",\"target\":[\"https:\/\/www.bymycar.fr\/webzine\/quelle-voiture-electrique-a-moins-de-50000-euros\/\"]}]},{\"@type\":\"ImageObject\",\"inLanguage\":\"fr-FR\",\"@id\":\"https:\/\/www.bymycar.fr\/webzine\/quelle-voiture-electrique-a-moins-de-50000-euros\/#primaryimage\",\"url\":\"https:\/\/cdn.bymycar.eu\/fr-webzine\/wp-content\/uploads\/medias\/ATTO-3_4-1.jpg\",\"contentUrl\":\"https:\/\/cdn.bymycar.eu\/fr-webzine\/wp-content\/uploads\/medias\/ATTO-3_4-1.jpg\",\"width\":1628,\"height\":847,\"caption\":\"BYD Atto 3 bleue\"},{\"@type\":\"BreadcrumbList\",\"@id\":\"https:\/\/www.bymycar.fr\/webzine\/quelle-voiture-electrique-a-moins-de-50000-euros\/#breadcrumb\",\"itemListElement\":[{\"@type\":\"ListItem\",\"position\":1,\"name\":\"Accueil\",\"item\":\"https:\/\/www.bymycar.fr\/webzine\/\"},{\"@type\":\"ListItem\",\"position\":2,\"name\":\"Quelle voiture \u00e9lectrique \u00e0 moins de 50000 euros ?\"}]},{\"@type\":\"WebSite\",\"@id\":\"https:\/\/www.bymycar.fr\/webzine\/#website\",\"url\":\"https:\/\/www.bymycar.fr\/webzine\/\",\"name\":\"Webzine auto BYmyCAR\",\"description\":\"La magazine auto de BYmyCAR\",\"publisher\":{\"@id\":\"https:\/\/www.bymycar.fr\/webzine\/#organization\"},\"potentialAction\":[{\"@type\":\"SearchAction\",\"target\":{\"@type\":\"EntryPoint\",\"urlTemplate\":\"https:\/\/www.bymycar.fr\/webzine\/?s={search_term_string}\"},\"query-input\":{\"@type\":\"PropertyValueSpecification\",\"valueRequired\":true,\"valueName\":\"search_term_string\"}}],\"inLanguage\":\"fr-FR\"},{\"@type\":\"Organization\",\"@id\":\"https:\/\/www.bymycar.fr\/webzine\/#organization\",\"name\":\"BYmyCAR\",\"url\":\"https:\/\/www.bymycar.fr\/webzine\/\",\"logo\":{\"@type\":\"ImageObject\",\"inLanguage\":\"fr-FR\",\"@id\":\"https:\/\/www.bymycar.fr\/webzine\/#\/schema\/logo\/image\/\",\"url\":\"https:\/\/cdn.bymycar.eu\/fr-webzine\/wp-content\/uploads\/medias\/2017\/08\/logo_DEALER_00000406_001.png\",\"contentUrl\":\"https:\/\/cdn.bymycar.eu\/fr-webzine\/wp-content\/uploads\/medias\/2017\/08\/logo_DEALER_00000406_001.png\",\"width\":2132,\"height\":720,\"caption\":\"BYmyCAR\"},\"image\":{\"@id\":\"https:\/\/www.bymycar.fr\/webzine\/#\/schema\/logo\/image\/\"}},{\"@type\":\"Person\",\"@id\":\"https:\/\/www.bymycar.fr\/webzine\/#\/schema\/person\/8d570fe11eb8929f06c1e6d00f4d9689\",\"name\":\"La R\u00e9daction BYmyCAR\",\"image\":{\"@type\":\"ImageObject\",\"inLanguage\":\"fr-FR\",\"@id\":\"https:\/\/www.bymycar.fr\/webzine\/#\/schema\/person\/image\/\",\"url\":\"https:\/\/secure.gravatar.com\/avatar\/1aa6b039d0ce106989923af4e2d0f2a0c82bb070d5e449f1b9adf082a5863900?s=96&d=mm&r=g\",\"contentUrl\":\"https:\/\/secure.gravatar.com\/avatar\/1aa6b039d0ce106989923af4e2d0f2a0c82bb070d5e449f1b9adf082a5863900?s=96&d=mm&r=g\",\"caption\":\"La R\u00e9daction BYmyCAR\"},\"sameAs\":[\"https:\/\/www.bymycar.fr\/\"]}]}<\/script>\n<!-- \/ Yoast SEO Premium plugin. -->","yoast_head_json":{"title":"Quelle voiture \u00e9lectrique \u00e0 moins de 50000 euros ?","robots":{"index":"index","follow":"follow","max-snippet":"max-snippet:-1","max-image-preview":"max-image-preview:large","max-video-preview":"max-video-preview:-1"},"canonical":"https:\/\/www.bymycar.fr\/webzine\/quelle-voiture-electrique-a-moins-de-50000-euros\/","og_locale":"fr_FR","og_type":"article","og_title":"Quelle voiture \u00e9lectrique \u00e0 moins de 50000 euros ?","og_url":"https:\/\/www.bymycar.fr\/webzine\/quelle-voiture-electrique-a-moins-de-50000-euros\/","og_site_name":"Webzine auto BYmyCAR","article_published_time":"2022-12-13T10:07:29+00:00","article_modified_time":"2024-04-03T12:33:44+00:00","og_image":[{"width":1628,"height":847,"url":"https:\/\/cdn.bymycar.eu\/fr-webzine\/wp-content\/uploads\/medias\/ATTO-3_4-1.jpg","type":"image\/jpeg"}],"author":"La R\u00e9daction BYmyCAR","twitter_card":"summary_large_image","twitter_misc":{"\u00c9crit par":"La R\u00e9daction BYmyCAR"},"schema":{"@context":"https:\/\/schema.org","@graph":[{"@type":"Article","@id":"https:\/\/www.bymycar.fr\/webzine\/quelle-voiture-electrique-a-moins-de-50000-euros\/#article","isPartOf":{"@id":"https:\/\/www.bymycar.fr\/webzine\/quelle-voiture-electrique-a-moins-de-50000-euros\/"},"author":{"name":"La R\u00e9daction BYmyCAR","@id":"https:\/\/www.bymycar.fr\/webzine\/#\/schema\/person\/8d570fe11eb8929f06c1e6d00f4d9689"},"headline":"Quelle voiture \u00e9lectrique \u00e0 moins de 50000 euros ?","datePublished":"2022-12-13T10:07:29+00:00","dateModified":"2024-04-03T12:33:44+00:00","mainEntityOfPage":{"@id":"https:\/\/www.bymycar.fr\/webzine\/quelle-voiture-electrique-a-moins-de-50000-euros\/"},"wordCount":6,"publisher":{"@id":"https:\/\/www.bymycar.fr\/webzine\/#organization"},"image":{"@id":"https:\/\/www.bymycar.fr\/webzine\/quelle-voiture-electrique-a-moins-de-50000-euros\/#primaryimage"},"thumbnailUrl":"https:\/\/cdn.bymycar.eu\/fr-webzine\/wp-content\/uploads\/medias\/ATTO-3_4-1.jpg","articleSection":["Guide d'achat BYD"],"inLanguage":"fr-FR"},{"@type":"WebPage","@id":"https:\/\/www.bymycar.fr\/webzine\/quelle-voiture-electrique-a-moins-de-50000-euros\/","url":"https:\/\/www.bymycar.fr\/webzine\/quelle-voiture-electrique-a-moins-de-50000-euros\/","name":"Quelle voiture \u00e9lectrique \u00e0 moins de 50000 euros ?","isPartOf":{"@id":"https:\/\/www.bymycar.fr\/webzine\/#website"},"primaryImageOfPage":{"@id":"https:\/\/www.bymycar.fr\/webzine\/quelle-voiture-electrique-a-moins-de-50000-euros\/#primaryimage"},"image":{"@id":"https:\/\/www.bymycar.fr\/webzine\/quelle-voiture-electrique-a-moins-de-50000-euros\/#primaryimage"},"thumbnailUrl":"https:\/\/cdn.bymycar.eu\/fr-webzine\/wp-content\/uploads\/medias\/ATTO-3_4-1.jpg","datePublished":"2022-12-13T10:07:29+00:00","dateModified":"2024-04-03T12:33:44+00:00","breadcrumb":{"@id":"https:\/\/www.bymycar.fr\/webzine\/quelle-voiture-electrique-a-moins-de-50000-euros\/#breadcrumb"},"inLanguage":"fr-FR","potentialAction":[{"@type":"ReadAction","target":["https:\/\/www.bymycar.fr\/webzine\/quelle-voiture-electrique-a-moins-de-50000-euros\/"]}]},{"@type":"ImageObject","inLanguage":"fr-FR","@id":"https:\/\/www.bymycar.fr\/webzine\/quelle-voiture-electrique-a-moins-de-50000-euros\/#primaryimage","url":"https:\/\/cdn.bymycar.eu\/fr-webzine\/wp-content\/uploads\/medias\/ATTO-3_4-1.jpg","contentUrl":"https:\/\/cdn.bymycar.eu\/fr-webzine\/wp-content\/uploads\/medias\/ATTO-3_4-1.jpg","width":1628,"height":847,"caption":"BYD Atto 3 bleue"},{"@type":"BreadcrumbList","@id":"https:\/\/www.bymycar.fr\/webzine\/quelle-voiture-electrique-a-moins-de-50000-euros\/#breadcrumb","itemListElement":[{"@type":"ListItem","position":1,"name":"Accueil","item":"https:\/\/www.bymycar.fr\/webzine\/"},{"@type":"ListItem","position":2,"name":"Quelle voiture \u00e9lectrique \u00e0 moins de 50000 euros ?"}]},{"@type":"WebSite","@id":"https:\/\/www.bymycar.fr\/webzine\/#website","url":"https:\/\/www.bymycar.fr\/webzine\/","name":"Webzine auto BYmyCAR","description":"La magazine auto de BYmyCAR","publisher":{"@id":"https:\/\/www.bymycar.fr\/webzine\/#organization"},"potentialAction":[{"@type":"SearchAction","target":{"@type":"EntryPoint","urlTemplate":"https:\/\/www.bymycar.fr\/webzine\/?s={search_term_string}"},"query-input":{"@type":"PropertyValueSpecification","valueRequired":true,"valueName":"search_term_string"}}],"inLanguage":"fr-FR"},{"@type":"Organization","@id":"https:\/\/www.bymycar.fr\/webzine\/#organization","name":"BYmyCAR","url":"https:\/\/www.bymycar.fr\/webzine\/","logo":{"@type":"ImageObject","inLanguage":"fr-FR","@id":"https:\/\/www.bymycar.fr\/webzine\/#\/schema\/logo\/image\/","url":"https:\/\/cdn.bymycar.eu\/fr-webzine\/wp-content\/uploads\/medias\/2017\/08\/logo_DEALER_00000406_001.png","contentUrl":"https:\/\/cdn.bymycar.eu\/fr-webzine\/wp-content\/uploads\/medias\/2017\/08\/logo_DEALER_00000406_001.png","width":2132,"height":720,"caption":"BYmyCAR"},"image":{"@id":"https:\/\/www.bymycar.fr\/webzine\/#\/schema\/logo\/image\/"}},{"@type":"Person","@id":"https:\/\/www.bymycar.fr\/webzine\/#\/schema\/person\/8d570fe11eb8929f06c1e6d00f4d9689","name":"La R\u00e9daction BYmyCAR","image":{"@type":"ImageObject","inLanguage":"fr-FR","@id":"https:\/\/www.bymycar.fr\/webzine\/#\/schema\/person\/image\/","url":"https:\/\/secure.gravatar.com\/avatar\/1aa6b039d0ce106989923af4e2d0f2a0c82bb070d5e449f1b9adf082a5863900?s=96&d=mm&r=g","contentUrl":"https:\/\/secure.gravatar.com\/avatar\/1aa6b039d0ce106989923af4e2d0f2a0c82bb070d5e449f1b9adf082a5863900?s=96&d=mm&r=g","caption":"La R\u00e9daction BYmyCAR"},"sameAs":["https:\/\/www.bymycar.fr\/"]}]}},"_links":{"self":[{"href":"https:\/\/www.bymycar.fr\/webzine\/wp-json\/wp\/v2\/posts\/38504","targetHints":{"allow":["GET"]}}],"collection":[{"href":"https:\/\/www.bymycar.fr\/webzine\/wp-json\/wp\/v2\/posts"}],"about":[{"href":"https:\/\/www.bymycar.fr\/webzine\/wp-json\/wp\/v2\/types\/post"}],"author":[{"embeddable":true,"href":"https:\/\/www.bymycar.fr\/webzine\/wp-json\/wp\/v2\/users\/88"}],"replies":[{"embeddable":true,"href":"https:\/\/www.bymycar.fr\/webzine\/wp-json\/wp\/v2\/comments?post=38504"}],"version-history":[{"count":9,"href":"https:\/\/www.bymycar.fr\/webzine\/wp-json\/wp\/v2\/posts\/38504\/revisions"}],"predecessor-version":[{"id":45543,"href":"https:\/\/www.bymycar.fr\/webzine\/wp-json\/wp\/v2\/posts\/38504\/revisions\/45543"}],"wp:featuredmedia":[{"embeddable":true,"href":"https:\/\/www.bymycar.fr\/webzine\/wp-json\/wp\/v2\/media\/38512"}],"wp:attachment":[{"href":"https:\/\/www.bymycar.fr\/webzine\/wp-json\/wp\/v2\/media?parent=38504"}],"wp:term":[{"taxonomy":"category","embeddable":true,"href":"https:\/\/www.bymycar.fr\/webzine\/wp-json\/wp\/v2\/categories?post=38504"},{"taxonomy":"post_tag","embeddable":true,"href":"https:\/\/www.bymycar.fr\/webzine\/wp-json\/wp\/v2\/tags?post=38504"}],"curies":[{"name":"wp","href":"https:\/\/api.w.org\/{rel}","templated":true}]}}