{"id":38428,"date":"2022-12-12T16:12:28","date_gmt":"2022-12-12T15:12:28","guid":{"rendered":"https:\/\/prod.bymycar.fr\/webzine\/?p=38428"},"modified":"2024-04-03T14:11:29","modified_gmt":"2024-04-03T12:11:29","slug":"qui-possede-byd","status":"publish","type":"post","link":"https:\/\/www.bymycar.fr\/webzine\/qui-possede-byd\/","title":{"rendered":"Qui poss\u00e8de BYD ?"},"content":{"rendered":"","protected":false},"excerpt":{"rendered":"<p>Au fur et \u00e0 mesure, BYD a commenc\u00e9 \u00e0 s&rsquo;ouvrir aux partenariats. Le premier a \u00e9t\u00e9 avec le milliardaire am\u00e9ricain Warren Buffett, directeur g\u00e9n\u00e9ral de Berkshire Hathaway qui a acquis 10 % du capital de BYD. Son investissement s&rsquo;est \u00e9lev\u00e9 \u00e0 230 millions de dollars, une somme qui a permis \u00e0 BYD de d\u00e9velopper ses recherches.<\/p>\n","protected":false},"author":88,"featured_media":38429,"comment_status":"closed","ping_status":"open","sticky":false,"template":"","format":"standard","meta":{"_acf_changed":false,"footnotes":""},"categories":[12893,12952],"tags":[],"class_list":["post-38428","post","type-post","status-publish","format-standard","has-post-thumbnail","hentry","category-guide-dachat","category-guide-dachat-byd"],"acf":{"template":"classique","introduction":"<p style=\"text-align: justify;\">L&rsquo;ann\u00e9e 1995 marque la naissance de l&rsquo;entreprise. \u00c0 ses d\u00e9buts, BYD Company se sp\u00e9cialise dans l&rsquo;\u00e9lectronique, plus pr\u00e9cis\u00e9ment dans les batteries nickel-cadmium et lithium-ion. Ses produits sont \u00e0 destination de grandes marques high tech, telles que Samsung, Apple, Microsoft ou encore Motorola. Devenant ainsi, le leader mondial dans le secteur de la batterie rechargeable.<\/p>\n","strates":[{"type_strate":"texte-simple","ancre":"","contenu":"<h2 style=\"text-align: justify;\">Les premiers pas de BYD Company en Chine<\/h2>\n<p style=\"text-align: justify;\">C&rsquo;est en 2003 que la firme chinoise fait ses premiers pas dans l&rsquo;automobile, en rachetant Tsinchuan automobile company. \u00c0 partir de ce moment, BYD se lance dans la cr\u00e9ation de v\u00e9hicules \u00e0 motorisations alternatives au thermique, en commen\u00e7ant par l&rsquo;hybride rechargeable. Jusqu&rsquo;en 2009, ann\u00e9e de lancement de leur premier v\u00e9hicule \u00e9lectrique, un monospace baptis\u00e9 E6.<\/p>\n<p>&nbsp;<\/p>\n<h2 style=\"text-align: justify;\">Jusqu&rsquo;\u00e0 son expansion mondiale<\/h2>\n<p style=\"text-align: justify;\">Au fur et \u00e0 mesure, BYD a commenc\u00e9 \u00e0 s&rsquo;ouvrir aux partenariats. Le premier a \u00e9t\u00e9 avec le milliardaire am\u00e9ricain Warren Buffett, directeur g\u00e9n\u00e9ral de Berkshire Hathaway qui a acquis 10 % du capital de BYD. Son investissement s&rsquo;est \u00e9lev\u00e9 \u00e0 230 millions de dollars, une somme qui a permis \u00e0 BYD de d\u00e9velopper ses recherches.<\/p>\n<p style=\"text-align: justify;\">Le second, a eu lieu en 2010. Lorsque la soci\u00e9t\u00e9 chinoise a ouvert ses portes \u00e0 l&rsquo;Allemand Daimler. Ensemble, ils ont cr\u00e9\u00e9 une coentreprise, et la soci\u00e9t\u00e9 automobile Denza. Cette nouvelle marque sino-allemande, se sp\u00e9cialise dans la vente de voitures \u00e9lectriques haut de gamme.<\/p>\n<p style=\"text-align: justify;\">Quatre ans plus tard, BYD a r\u00e9alis\u00e9 440 000 ventes de v\u00e9hicules en Chine. L&rsquo;ambition du groupe en 2014, \u00e9tait de devenir le premier constructeur automobile mondial d&rsquo;ici 2025. Pour y parvenir, la soci\u00e9t\u00e9 chinoise s&rsquo;est diversifi\u00e9e. Elle a gagn\u00e9 du terrain \u00e0 l&rsquo;\u00e9tranger en commen\u00e7ant par ses bus \u00e9lectriques en Europe. En 2018, BYD gagne sa premi\u00e8re victoire en r\u00e9alisant plus de ventes que Tesla.<\/p>\n<p style=\"text-align: justify;\">C&rsquo;est ainsi, avec tout ce background que BYD (Build Your Dreams) arrive en force en Europe en cette fin d&rsquo;ann\u00e9e 2022. Son premier contact avec le public au mondial de l&rsquo;auto a \u00e9t\u00e9 r\u00e9ussi. Pour sa distribution sur le vieux continent, BYD a choisi de passer par des groupes de distributions. Son premier point de vente, n&rsquo;est autre que <a href=\"https:\/\/www.bymycar.fr\/concessions\/byd\" target=\"_blank\" rel=\"noopener\">votre concession BYD BYmyCAR Paris<\/a>. Dans laquelle vous retrouverez les mod\u00e8les Han, Tang et Atto 3.<\/p>\n<p>&nbsp;<\/p>\n<h2 style=\"text-align: justify;\">Quelles sont les voitures chinoises BYD vendues en France ?<\/h2>\n<p style=\"text-align: justify;\">D&rsquo;ici la fin de l&rsquo;ann\u00e9e 2022, BYD commercialisera trois mod\u00e8les de voitures \u00e9lectriques en France. Il y aura : la berline Han, le grand SUV Tang et l&rsquo;Atto 3 le SUV compact. Restez attentif \u00e0 l&rsquo;actualit\u00e9 de BYD, puisqu&rsquo;il est possible que de nouveaux mod\u00e8les arrivent chez nous courant 2023.<\/p>\n","titre":"Texte entier","image":false,"image_libre":false,"image_800x500":false,"legende":"","zoom":false,"texte":"","articles":false,"categorie_droite":false,"images":false,"elements_comparatif":false,"texte_1":"","texte_2":"","image_1":false,"image_1_563x400":false,"image_1_332x332":false,"image_2":false,"image_2_333x240":false,"image_2_563x400":false,"image_3":false,"image_3_333x240":false,"image_3_332x450":false,"image_4":false,"image_4_332x332":false,"image_4_563x400":false,"code_embed":"","legende_video":"","photo":false,"photo_100x100":false,"nom":"","fonction":"","elements_timeline":false,"entetes_colonnes":false,"entetes_lignes":false,"lignes":false,"introduction":"","formulaire":false,"question":"","reponse":"","libelle_bouton_lien":"","url_lien":"","questions":false,"conclusions":false,"pays":false,"region":false,"marque":false,"marqueConcessions":false,"modele":false,"ptvente":false,"typeV":false,"collection":false,"nombre_maximum_elements":10,"lien_fin_carousel":"","texte_lien_fin_carousel":"","trier_par":false},{"type_strate":"carousel-produits","ancre":"","contenu":"","titre":"Nos voitures BYD en stock","image":false,"image_libre":false,"image_800x500":false,"legende":"","zoom":false,"texte":"","articles":false,"categorie_droite":false,"images":false,"elements_comparatif":false,"texte_1":"","texte_2":"","image_1":false,"image_1_563x400":false,"image_1_332x332":false,"image_2":false,"image_2_333x240":false,"image_2_563x400":false,"image_3":false,"image_3_333x240":false,"image_3_332x450":false,"image_4":false,"image_4_332x332":false,"image_4_563x400":false,"code_embed":"","legende_video":"","photo":false,"photo_100x100":false,"nom":"","fonction":"","elements_timeline":false,"entetes_colonnes":false,"entetes_lignes":false,"lignes":false,"introduction":"","formulaire":false,"question":"","reponse":"","libelle_bouton_lien":"","url_lien":"","questions":false,"conclusions":false,"pays":"1","region":"","marque":"23","marqueConcessions":false,"modele":"","ptvente":"","typeV":"","collection":"","nombre_maximum_elements":"6","lien_fin_carousel":"https:\/\/www.bymycar.fr\/rechercher-un-vehicule?prod_VEHICLES%5BrefinementList%5D%5Bbrand%5D%5B0%5D=BYD&prod_VEHICLES%5BsortBy%5D=prod_VEHICLES_price_asc","texte_lien_fin_carousel":"Voir tous les mod\u00e8les >","trier_par":"prix"},{"type_strate":"texte-simple","ancre":"","contenu":"<h2 style=\"text-align: justify;\">BYD Seal et Dolphin en Europe ?<\/h2>\n<p style=\"text-align: justify;\">Pour le moment, ce ne sont que des suppositions. Mais si la France r\u00e9serve un bon accueil aux trois premiers mod\u00e8les, il est possible que la berline Seal et la citadine Dolphin rejoignent le catalogue de BYD dans l&rsquo;hexagone. D&rsquo;ailleurs, la Dolphin est d\u00e9j\u00e0 disponible pour certains clients europ\u00e9ens, notamment en Su\u00e8de, en Norv\u00e8ge et aux Pays-Bas.<\/p>\n<p>&nbsp;<\/p>\n<h2 style=\"text-align: justify;\">Qui est le principal fabricant de v\u00e9hicules \u00e9lectriques ?<\/h2>\n<p style=\"text-align: justify;\">Le fabricant n\u00b01 des v\u00e9hicules \u00e9lectriques est l&rsquo;Am\u00e9ricain Tesla, mais le constructeur est suivi de pr\u00e8s par BYD, BMW i ou encore Renault.<\/p>\n<p>&nbsp;<\/p>\n<h2 style=\"text-align: justify;\">O\u00f9 sont fabriqu\u00e9s les v\u00e9hicules \u00e9lectriques BYD Auto ?<\/h2>\n<p style=\"text-align: justify;\">Les voitures \u00e9lectriques du constructeur chinois sont principalement fabriqu\u00e9es en Chine. Pour assurer l&rsquo;approvisionnement du march\u00e9 europ\u00e9en, BYD pr\u00e9voit l&rsquo;ouverture d&rsquo;une usine en Tha\u00eflande.<\/p>\n<p>&nbsp;<\/p>\n<h2 style=\"text-align: justify;\">Qui fabrique les voitures \u00e9lectriques Han, Tang, Atto 3 ?<\/h2>\n<p style=\"text-align: justify;\">C&rsquo;est BYD qui fabrique ses voitures \u00e9lectriques, du gabarit, au moteur \u00e9lectrique. Cette fa\u00e7on de faire, s&rsquo;inscrit dans l&rsquo;int\u00e9gration verticale de BYD. Elle vise \u00e0 ce que le groupe soit capable d&rsquo;\u00e9laborer ses v\u00e9hicules seul, sans passer par des interm\u00e9diaires. Ainsi, le constructeur chinois peut contr\u00f4ler toute sa cha\u00eene de production du d\u00e9but \u00e0 la fin.<\/p>\n<p>&nbsp;<\/p>\n<p><strong>A lire \u00e9galement<\/strong><\/p>\n<p><a href=\"https:\/\/www.bymycar.fr\/webzine\/byd-fournit-il-tesla\/\">BYD fournit-il Tesla ?<\/a><\/p>\n<p><a href=\"https:\/\/www.bymycar.fr\/webzine\/quels-moteurs-possedent-les-voitures-byd\/\">Quels moteurs poss\u00e8dent les voitures BYD ?<\/a><\/p>\n<p><a href=\"https:\/\/www.bymycar.fr\/webzine\/ou-acheter-une-voiture-byd\/\">O\u00f9 acheter une voiture BYD ?<\/a><\/p>\n<p><a href=\"https:\/\/www.bymycar.fr\/webzine\/qui-fournit-byd-en-batteries-lithium\/\">Qui fournit BYD en batteries lithium ?<\/a><\/p>\n<p><a href=\"https:\/\/www.bymycar.fr\/webzine\/comparatif-byd-et-tesla\/\">Comparatif BYD et Tesla<\/a><\/p>\n<p><a href=\"https:\/\/www.bymycar.fr\/webzine\/que-signifie-byd\/\">Que signifie BYD ?<\/a><\/p>\n<p><a href=\"https:\/\/www.bymycar.fr\/webzine\/quelle-voiture-byd-acheter\/\">Quelle voiture BYD Auto acheter ?<\/a><\/p>\n<p><a href=\"https:\/\/www.bymycar.fr\/webzine\/combien-coutent-les-voitures-byd\/\">Combien co\u00fbtent les voitures BYD ?<\/a><\/p>\n<p><a href=\"https:\/\/www.bymycar.fr\/webzine\/les-byd-sont-elles-des-voitures-de-luxe\/\">Les BYD sont-elles des voitures de luxe ?<\/a><\/p>\n<p><a href=\"https:\/\/www.bymycar.fr\/webzine\/que-vaut-la-marque-byd\/\">Que vaut la marque BYD ?<\/a><\/p>\n<p><a href=\"https:\/\/www.bymycar.fr\/webzine\/quel-est-le-plus-grand-constructeur-de-voitures-electriques\/\">Quel est le plus grand constructeur de voitures \u00e9lectriques ?<\/a><\/p>\n<p><a href=\"https:\/\/www.bymycar.fr\/webzine\/quelle-voiture-electrique-a-moins-de-50000-euros\/\">Quelle voiture \u00e9lectrique \u00e0 moins de 50000 euros ?<\/a><\/p>\n<p><a href=\"https:\/\/www.bymycar.fr\/webzine\/qui-fabrique-byd\/\">Qui fabrique BYD ?<\/a><\/p>\n<p><a href=\"https:\/\/www.bymycar.fr\/webzine\/byd-est-elle-une-voiture-chinoise\/\">BYD est-elle une voiture chinoise ?<\/a><\/p>\n<p><a href=\"https:\/\/www.bymycar.fr\/webzine\/combien-dusines-byd-possede-t-il\/\">Combien d\u2019usines BYD poss\u00e8de-t-il ?<\/a><\/p>\n<p><a href=\"https:\/\/www.bymycar.fr\/webzine\/quelle-est-la-meilleure-voiture-asiatique-focus-sur-byd\/\">Quelle est la meilleure voiture asiatique ? Focus sur BYD<\/a><\/p>\n<p><a href=\"https:\/\/www.bymycar.fr\/webzine\/dans-quels-pays-byd-vend-il-des-voitures\/\">Dans quels pays BYD vend-il des voitures ?<\/a><\/p>\n<p><a href=\"https:\/\/www.bymycar.fr\/webzine\/byd-est-il-populaire-en-europe\/\">BYD est-il populaire en Europe ?<\/a><\/p>\n<p><a href=\"https:\/\/www.bymycar.fr\/webzine\/byd-vend-il-plus-de-voitures-que-tesla\/\">BYD vend-il plus de voitures que Tesla ?<\/a><\/p>\n<p><a href=\"https:\/\/www.bymycar.fr\/webzine\/byd-est-il-cote-en-chine\/\">BYD est-il cot\u00e9 en Chine ?<\/a><\/p>\n","titre":"texte 2","image":false,"image_libre":false,"image_800x500":false,"legende":"","zoom":false,"texte":"","articles":false,"categorie_droite":false,"images":false,"elements_comparatif":false,"texte_1":"","texte_2":"","image_1":false,"image_1_563x400":false,"image_1_332x332":false,"image_2":false,"image_2_333x240":false,"image_2_563x400":false,"image_3":false,"image_3_333x240":false,"image_3_332x450":false,"image_4":false,"image_4_332x332":false,"image_4_563x400":false,"code_embed":"","legende_video":"","photo":false,"photo_100x100":false,"nom":"","fonction":"","elements_timeline":false,"entetes_colonnes":false,"entetes_lignes":false,"lignes":false,"introduction":"","formulaire":false,"question":"","reponse":"","libelle_bouton_lien":"","url_lien":"","questions":false,"conclusions":false,"pays":false,"region":false,"marque":false,"marqueConcessions":false,"modele":false,"ptvente":false,"typeV":false,"collection":false,"nombre_maximum_elements":10,"lien_fin_carousel":"","texte_lien_fin_carousel":"","trier_par":false}],"is_old_post":false,"image":{"ID":38429,"id":38429,"title":"BYD trois mod\u00e8les_Tang_Han_Atto3","filename":"BYD-HEADER-MARQUE-1.jpg","filesize":1,"url":"https:\/\/cdn.bymycar.eu\/fr-webzine\/wp-content\/uploads\/medias\/BYD-HEADER-MARQUE-1.jpg","link":"https:\/\/www.bymycar.fr\/webzine\/qui-possede-byd\/byd-header-marque-1\/","alt":"Pr\u00e9sentation des mod\u00e8les BYD Tang rouge \u00e0 gauche, han bleue au milieu et Atto 3 blanc \u00e0 droite","author":"88","description":"BYD trois mod\u00e8les_Tang_Han_Atto3","caption":"BYD trois mod\u00e8les_Tang_Han_Atto3","name":"byd-header-marque-1","status":"inherit","uploaded_to":38428,"date":"2022-12-12 15:05:02","modified":"2022-12-12 15:06:36","menu_order":0,"mime_type":"image\/jpeg","type":"image","subtype":"jpeg","icon":"https:\/\/www.bymycar.fr\/webzine\/wp-includes\/images\/media\/default.png","width":1280,"height":720,"sizes":{"thumbnail":"https:\/\/cdn.bymycar.eu\/fr-webzine\/wp-content\/uploads\/medias\/BYD-HEADER-MARQUE-1-150x150.jpg","thumbnail-width":150,"thumbnail-height":150,"medium":"https:\/\/cdn.bymycar.eu\/fr-webzine\/wp-content\/uploads\/medias\/BYD-HEADER-MARQUE-1-300x169.jpg","medium-width":300,"medium-height":169,"medium_large":"https:\/\/cdn.bymycar.eu\/fr-webzine\/wp-content\/uploads\/medias\/BYD-HEADER-MARQUE-1-768x432.jpg","medium_large-width":768,"medium_large-height":432,"large":"https:\/\/cdn.bymycar.eu\/fr-webzine\/wp-content\/uploads\/medias\/BYD-HEADER-MARQUE-1-1024x576.jpg","large-width":1024,"large-height":576,"1536x1536":"https:\/\/cdn.bymycar.eu\/fr-webzine\/wp-content\/uploads\/medias\/BYD-HEADER-MARQUE-1.jpg","1536x1536-width":1280,"1536x1536-height":720,"2048x2048":"https:\/\/cdn.bymycar.eu\/fr-webzine\/wp-content\/uploads\/medias\/BYD-HEADER-MARQUE-1.jpg","2048x2048-width":1280,"2048x2048-height":720}},"page_content":{"block_content":[{"acf_fc_layout":"text-simple","--nav":{"-withNav":false,"-ancre":""},"--group":{"-text":"<h2 style=\"text-align: justify;\">Les premiers pas de BYD Company en Chine<\/h2>\n<p style=\"text-align: justify;\">C&rsquo;est en 2003 que la firme chinoise fait ses premiers pas dans l&rsquo;automobile, en rachetant Tsinchuan automobile company. \u00c0 partir de ce moment, BYD se lance dans la cr\u00e9ation de v\u00e9hicules \u00e0 motorisations alternatives au thermique, en commen\u00e7ant par l&rsquo;hybride rechargeable. Jusqu&rsquo;en 2009, ann\u00e9e de lancement de leur premier v\u00e9hicule \u00e9lectrique, un monospace baptis\u00e9 E6.<\/p>\n<p>&nbsp;<\/p>\n<h2 style=\"text-align: justify;\">Jusqu&rsquo;\u00e0 son expansion mondiale<\/h2>\n<p style=\"text-align: justify;\">Au fur et \u00e0 mesure, BYD a commenc\u00e9 \u00e0 s&rsquo;ouvrir aux partenariats. Le premier a \u00e9t\u00e9 avec le milliardaire am\u00e9ricain Warren Buffett, directeur g\u00e9n\u00e9ral de Berkshire Hathaway qui a acquis 10 % du capital de BYD. Son investissement s&rsquo;est \u00e9lev\u00e9 \u00e0 230 millions de dollars, une somme qui a permis \u00e0 BYD de d\u00e9velopper ses recherches.<\/p>\n<p style=\"text-align: justify;\">Le second, a eu lieu en 2010. Lorsque la soci\u00e9t\u00e9 chinoise a ouvert ses portes \u00e0 l&rsquo;Allemand Daimler. Ensemble, ils ont cr\u00e9\u00e9 une coentreprise, et la soci\u00e9t\u00e9 automobile Denza. Cette nouvelle marque sino-allemande, se sp\u00e9cialise dans la vente de voitures \u00e9lectriques haut de gamme.<\/p>\n<p style=\"text-align: justify;\">Quatre ans plus tard, BYD a r\u00e9alis\u00e9 440 000 ventes de v\u00e9hicules en Chine. L&rsquo;ambition du groupe en 2014, \u00e9tait de devenir le premier constructeur automobile mondial d&rsquo;ici 2025. Pour y parvenir, la soci\u00e9t\u00e9 chinoise s&rsquo;est diversifi\u00e9e. Elle a gagn\u00e9 du terrain \u00e0 l&rsquo;\u00e9tranger en commen\u00e7ant par ses bus \u00e9lectriques en Europe. En 2018, BYD gagne sa premi\u00e8re victoire en r\u00e9alisant plus de ventes que Tesla.<\/p>\n<p style=\"text-align: justify;\">C&rsquo;est ainsi, avec tout ce background que BYD (Build Your Dreams) arrive en force en Europe en cette fin d&rsquo;ann\u00e9e 2022. Son premier contact avec le public au mondial de l&rsquo;auto a \u00e9t\u00e9 r\u00e9ussi. Pour sa distribution sur le vieux continent, BYD a choisi de passer par des groupes de distributions. Son premier point de vente, n&rsquo;est autre que <a href=\"https:\/\/www.bymycar.fr\/concessions\/byd\" target=\"_blank\" rel=\"noopener\">votre concession BYD BYmyCAR Paris<\/a>. Dans laquelle vous retrouverez les mod\u00e8les Han, Tang et Atto 3.<\/p>\n<p>&nbsp;<\/p>\n<h2 style=\"text-align: justify;\">Quelles sont les voitures chinoises BYD vendues en France ?<\/h2>\n<p style=\"text-align: justify;\">D&rsquo;ici la fin de l&rsquo;ann\u00e9e 2022, BYD commercialisera trois mod\u00e8les de voitures \u00e9lectriques en France. Il y aura : la berline Han, le grand SUV Tang et l&rsquo;Atto 3 le SUV compact. Restez attentif \u00e0 l&rsquo;actualit\u00e9 de BYD, puisqu&rsquo;il est possible que de nouveaux mod\u00e8les arrivent chez nous courant 2023.<\/p>\n"}},{"acf_fc_layout":"carousel-produits"},{"acf_fc_layout":"text-simple","--nav":{"-withNav":false,"-ancre":""},"--group":{"-text":"<h2 style=\"text-align: justify;\">BYD Seal et Dolphin en Europe ?<\/h2>\n<p style=\"text-align: justify;\">Pour le moment, ce ne sont que des suppositions. Mais si la France r\u00e9serve un bon accueil aux trois premiers mod\u00e8les, il est possible que la berline Seal et la citadine Dolphin rejoignent le catalogue de BYD dans l&rsquo;hexagone. D&rsquo;ailleurs, la Dolphin est d\u00e9j\u00e0 disponible pour certains clients europ\u00e9ens, notamment en Su\u00e8de, en Norv\u00e8ge et aux Pays-Bas.<\/p>\n<p>&nbsp;<\/p>\n<h2 style=\"text-align: justify;\">Qui est le principal fabricant de v\u00e9hicules \u00e9lectriques ?<\/h2>\n<p style=\"text-align: justify;\">Le fabricant n\u00b01 des v\u00e9hicules \u00e9lectriques est l&rsquo;Am\u00e9ricain Tesla, mais le constructeur est suivi de pr\u00e8s par BYD, BMW i ou encore Renault.<\/p>\n<p>&nbsp;<\/p>\n<h2 style=\"text-align: justify;\">O\u00f9 sont fabriqu\u00e9s les v\u00e9hicules \u00e9lectriques BYD Auto ?<\/h2>\n<p style=\"text-align: justify;\">Les voitures \u00e9lectriques du constructeur chinois sont principalement fabriqu\u00e9es en Chine. Pour assurer l&rsquo;approvisionnement du march\u00e9 europ\u00e9en, BYD pr\u00e9voit l&rsquo;ouverture d&rsquo;une usine en Tha\u00eflande.<\/p>\n<p>&nbsp;<\/p>\n<h2 style=\"text-align: justify;\">Qui fabrique les voitures \u00e9lectriques Han, Tang, Atto 3 ?<\/h2>\n<p style=\"text-align: justify;\">C&rsquo;est BYD qui fabrique ses voitures \u00e9lectriques, du gabarit, au moteur \u00e9lectrique. Cette fa\u00e7on de faire, s&rsquo;inscrit dans l&rsquo;int\u00e9gration verticale de BYD. Elle vise \u00e0 ce que le groupe soit capable d&rsquo;\u00e9laborer ses v\u00e9hicules seul, sans passer par des interm\u00e9diaires. Ainsi, le constructeur chinois peut contr\u00f4ler toute sa cha\u00eene de production du d\u00e9but \u00e0 la fin.<\/p>\n<p>&nbsp;<\/p>\n<p><strong>A lire \u00e9galement<\/strong><\/p>\n<p><a href=\"https:\/\/www.bymycar.fr\/webzine\/byd-fournit-il-tesla\/\">BYD fournit-il Tesla ?<\/a><\/p>\n<p><a href=\"https:\/\/www.bymycar.fr\/webzine\/quels-moteurs-possedent-les-voitures-byd\/\">Quels moteurs poss\u00e8dent les voitures BYD ?<\/a><\/p>\n<p><a href=\"https:\/\/www.bymycar.fr\/webzine\/ou-acheter-une-voiture-byd\/\">O\u00f9 acheter une voiture BYD ?<\/a><\/p>\n<p><a href=\"https:\/\/www.bymycar.fr\/webzine\/qui-fournit-byd-en-batteries-lithium\/\">Qui fournit BYD en batteries lithium ?<\/a><\/p>\n<p><a href=\"https:\/\/www.bymycar.fr\/webzine\/comparatif-byd-et-tesla\/\">Comparatif BYD et Tesla<\/a><\/p>\n<p><a href=\"https:\/\/www.bymycar.fr\/webzine\/que-signifie-byd\/\">Que signifie BYD ?<\/a><\/p>\n<p><a href=\"https:\/\/www.bymycar.fr\/webzine\/quelle-voiture-byd-acheter\/\">Quelle voiture BYD Auto acheter ?<\/a><\/p>\n<p><a href=\"https:\/\/www.bymycar.fr\/webzine\/combien-coutent-les-voitures-byd\/\">Combien co\u00fbtent les voitures BYD ?<\/a><\/p>\n<p><a href=\"https:\/\/www.bymycar.fr\/webzine\/les-byd-sont-elles-des-voitures-de-luxe\/\">Les BYD sont-elles des voitures de luxe ?<\/a><\/p>\n<p><a href=\"https:\/\/www.bymycar.fr\/webzine\/que-vaut-la-marque-byd\/\">Que vaut la marque BYD ?<\/a><\/p>\n<p><a href=\"https:\/\/www.bymycar.fr\/webzine\/quel-est-le-plus-grand-constructeur-de-voitures-electriques\/\">Quel est le plus grand constructeur de voitures \u00e9lectriques ?<\/a><\/p>\n<p><a href=\"https:\/\/www.bymycar.fr\/webzine\/quelle-voiture-electrique-a-moins-de-50000-euros\/\">Quelle voiture \u00e9lectrique \u00e0 moins de 50000 euros ?<\/a><\/p>\n<p><a href=\"https:\/\/www.bymycar.fr\/webzine\/qui-fabrique-byd\/\">Qui fabrique BYD ?<\/a><\/p>\n<p><a href=\"https:\/\/www.bymycar.fr\/webzine\/byd-est-elle-une-voiture-chinoise\/\">BYD est-elle une voiture chinoise ?<\/a><\/p>\n<p><a href=\"https:\/\/www.bymycar.fr\/webzine\/combien-dusines-byd-possede-t-il\/\">Combien d\u2019usines BYD poss\u00e8de-t-il ?<\/a><\/p>\n<p><a href=\"https:\/\/www.bymycar.fr\/webzine\/quelle-est-la-meilleure-voiture-asiatique-focus-sur-byd\/\">Quelle est la meilleure voiture asiatique ? Focus sur BYD<\/a><\/p>\n<p><a href=\"https:\/\/www.bymycar.fr\/webzine\/dans-quels-pays-byd-vend-il-des-voitures\/\">Dans quels pays BYD vend-il des voitures ?<\/a><\/p>\n<p><a href=\"https:\/\/www.bymycar.fr\/webzine\/byd-est-il-populaire-en-europe\/\">BYD est-il populaire en Europe ?<\/a><\/p>\n<p><a href=\"https:\/\/www.bymycar.fr\/webzine\/byd-vend-il-plus-de-voitures-que-tesla\/\">BYD vend-il plus de voitures que Tesla ?<\/a><\/p>\n<p><a href=\"https:\/\/www.bymycar.fr\/webzine\/byd-est-il-cote-en-chine\/\">BYD est-il cot\u00e9 en Chine ?<\/a><\/p>\n"}}]},"add-carousel-to-footer":true},"yoast_head":"<!-- This site is optimized with the Yoast SEO Premium plugin v26.4 (Yoast SEO v26.4) - https:\/\/yoast.com\/wordpress\/plugins\/seo\/ -->\n<title>Qui poss\u00e8de BYD ?<\/title>\n<meta name=\"description\" content=\"Au fur et \u00e0 mesure, BYD a commenc\u00e9 \u00e0 s&#039;ouvrir aux partenariats. Le premier a \u00e9t\u00e9 avec le milliardaire am\u00e9ricain Warren Buffett, directeur g\u00e9n\u00e9ral de Berkshire Hathaway qui a acquis 10 % du capital de BYD. Son investissement s&#039;est \u00e9lev\u00e9 \u00e0 230 millions de dollars, une somme qui a permis \u00e0 BYD de d\u00e9velopper ses recherches.\" \/>\n<meta name=\"robots\" content=\"index, follow, max-snippet:-1, max-image-preview:large, max-video-preview:-1\" \/>\n<link rel=\"canonical\" href=\"https:\/\/www.bymycar.fr\/webzine\/qui-possede-byd\/\" \/>\n<meta property=\"og:locale\" content=\"fr_FR\" \/>\n<meta property=\"og:type\" content=\"article\" \/>\n<meta property=\"og:title\" content=\"Qui poss\u00e8de BYD ?\" \/>\n<meta property=\"og:description\" content=\"Au fur et \u00e0 mesure, BYD a commenc\u00e9 \u00e0 s&#039;ouvrir aux partenariats. Le premier a \u00e9t\u00e9 avec le milliardaire am\u00e9ricain Warren Buffett, directeur g\u00e9n\u00e9ral de Berkshire Hathaway qui a acquis 10 % du capital de BYD. Son investissement s&#039;est \u00e9lev\u00e9 \u00e0 230 millions de dollars, une somme qui a permis \u00e0 BYD de d\u00e9velopper ses recherches.\" \/>\n<meta property=\"og:url\" content=\"https:\/\/www.bymycar.fr\/webzine\/qui-possede-byd\/\" \/>\n<meta property=\"og:site_name\" content=\"Webzine auto BYmyCAR\" \/>\n<meta property=\"article:published_time\" content=\"2022-12-12T15:12:28+00:00\" \/>\n<meta property=\"article:modified_time\" content=\"2024-04-03T12:11:29+00:00\" \/>\n<meta property=\"og:image\" content=\"https:\/\/cdn.bymycar.eu\/fr-webzine\/wp-content\/uploads\/medias\/BYD-HEADER-MARQUE-1.jpg\" \/>\n\t<meta property=\"og:image:width\" content=\"1280\" \/>\n\t<meta property=\"og:image:height\" content=\"720\" \/>\n\t<meta property=\"og:image:type\" content=\"image\/jpeg\" \/>\n<meta name=\"author\" content=\"La R\u00e9daction BYmyCAR\" \/>\n<meta name=\"twitter:card\" content=\"summary_large_image\" \/>\n<meta name=\"twitter:label1\" content=\"\u00c9crit par\" \/>\n\t<meta name=\"twitter:data1\" content=\"La R\u00e9daction BYmyCAR\" \/>\n<script type=\"application\/ld+json\" class=\"yoast-schema-graph\">{\"@context\":\"https:\/\/schema.org\",\"@graph\":[{\"@type\":\"Article\",\"@id\":\"https:\/\/www.bymycar.fr\/webzine\/qui-possede-byd\/#article\",\"isPartOf\":{\"@id\":\"https:\/\/www.bymycar.fr\/webzine\/qui-possede-byd\/\"},\"author\":{\"name\":\"La R\u00e9daction BYmyCAR\",\"@id\":\"https:\/\/www.bymycar.fr\/webzine\/#\/schema\/person\/8d570fe11eb8929f06c1e6d00f4d9689\"},\"headline\":\"Qui poss\u00e8de BYD ?\",\"datePublished\":\"2022-12-12T15:12:28+00:00\",\"dateModified\":\"2024-04-03T12:11:29+00:00\",\"mainEntityOfPage\":{\"@id\":\"https:\/\/www.bymycar.fr\/webzine\/qui-possede-byd\/\"},\"wordCount\":4,\"publisher\":{\"@id\":\"https:\/\/www.bymycar.fr\/webzine\/#organization\"},\"image\":{\"@id\":\"https:\/\/www.bymycar.fr\/webzine\/qui-possede-byd\/#primaryimage\"},\"thumbnailUrl\":\"https:\/\/cdn.bymycar.eu\/fr-webzine\/wp-content\/uploads\/medias\/BYD-HEADER-MARQUE-1.jpg\",\"articleSection\":[\"Guide d'achat\",\"Guide d'achat BYD\"],\"inLanguage\":\"fr-FR\"},{\"@type\":\"WebPage\",\"@id\":\"https:\/\/www.bymycar.fr\/webzine\/qui-possede-byd\/\",\"url\":\"https:\/\/www.bymycar.fr\/webzine\/qui-possede-byd\/\",\"name\":\"Qui poss\u00e8de BYD ?\",\"isPartOf\":{\"@id\":\"https:\/\/www.bymycar.fr\/webzine\/#website\"},\"primaryImageOfPage\":{\"@id\":\"https:\/\/www.bymycar.fr\/webzine\/qui-possede-byd\/#primaryimage\"},\"image\":{\"@id\":\"https:\/\/www.bymycar.fr\/webzine\/qui-possede-byd\/#primaryimage\"},\"thumbnailUrl\":\"https:\/\/cdn.bymycar.eu\/fr-webzine\/wp-content\/uploads\/medias\/BYD-HEADER-MARQUE-1.jpg\",\"datePublished\":\"2022-12-12T15:12:28+00:00\",\"dateModified\":\"2024-04-03T12:11:29+00:00\",\"description\":\"Au fur et \u00e0 mesure, BYD a commenc\u00e9 \u00e0 s'ouvrir aux partenariats. Le premier a \u00e9t\u00e9 avec le milliardaire am\u00e9ricain Warren Buffett, directeur g\u00e9n\u00e9ral de Berkshire Hathaway qui a acquis 10 % du capital de BYD. Son investissement s'est \u00e9lev\u00e9 \u00e0 230 millions de dollars, une somme qui a permis \u00e0 BYD de d\u00e9velopper ses recherches.\",\"breadcrumb\":{\"@id\":\"https:\/\/www.bymycar.fr\/webzine\/qui-possede-byd\/#breadcrumb\"},\"inLanguage\":\"fr-FR\",\"potentialAction\":[{\"@type\":\"ReadAction\",\"target\":[\"https:\/\/www.bymycar.fr\/webzine\/qui-possede-byd\/\"]}]},{\"@type\":\"ImageObject\",\"inLanguage\":\"fr-FR\",\"@id\":\"https:\/\/www.bymycar.fr\/webzine\/qui-possede-byd\/#primaryimage\",\"url\":\"https:\/\/cdn.bymycar.eu\/fr-webzine\/wp-content\/uploads\/medias\/BYD-HEADER-MARQUE-1.jpg\",\"contentUrl\":\"https:\/\/cdn.bymycar.eu\/fr-webzine\/wp-content\/uploads\/medias\/BYD-HEADER-MARQUE-1.jpg\",\"width\":1280,\"height\":720,\"caption\":\"BYD trois mod\u00e8les_Tang_Han_Atto3\"},{\"@type\":\"BreadcrumbList\",\"@id\":\"https:\/\/www.bymycar.fr\/webzine\/qui-possede-byd\/#breadcrumb\",\"itemListElement\":[{\"@type\":\"ListItem\",\"position\":1,\"name\":\"Accueil\",\"item\":\"https:\/\/www.bymycar.fr\/webzine\/\"},{\"@type\":\"ListItem\",\"position\":2,\"name\":\"Qui poss\u00e8de BYD ?\"}]},{\"@type\":\"WebSite\",\"@id\":\"https:\/\/www.bymycar.fr\/webzine\/#website\",\"url\":\"https:\/\/www.bymycar.fr\/webzine\/\",\"name\":\"Webzine auto BYmyCAR\",\"description\":\"La magazine auto de BYmyCAR\",\"publisher\":{\"@id\":\"https:\/\/www.bymycar.fr\/webzine\/#organization\"},\"potentialAction\":[{\"@type\":\"SearchAction\",\"target\":{\"@type\":\"EntryPoint\",\"urlTemplate\":\"https:\/\/www.bymycar.fr\/webzine\/?s={search_term_string}\"},\"query-input\":{\"@type\":\"PropertyValueSpecification\",\"valueRequired\":true,\"valueName\":\"search_term_string\"}}],\"inLanguage\":\"fr-FR\"},{\"@type\":\"Organization\",\"@id\":\"https:\/\/www.bymycar.fr\/webzine\/#organization\",\"name\":\"BYmyCAR\",\"url\":\"https:\/\/www.bymycar.fr\/webzine\/\",\"logo\":{\"@type\":\"ImageObject\",\"inLanguage\":\"fr-FR\",\"@id\":\"https:\/\/www.bymycar.fr\/webzine\/#\/schema\/logo\/image\/\",\"url\":\"https:\/\/cdn.bymycar.eu\/fr-webzine\/wp-content\/uploads\/medias\/2017\/08\/logo_DEALER_00000406_001.png\",\"contentUrl\":\"https:\/\/cdn.bymycar.eu\/fr-webzine\/wp-content\/uploads\/medias\/2017\/08\/logo_DEALER_00000406_001.png\",\"width\":2132,\"height\":720,\"caption\":\"BYmyCAR\"},\"image\":{\"@id\":\"https:\/\/www.bymycar.fr\/webzine\/#\/schema\/logo\/image\/\"}},{\"@type\":\"Person\",\"@id\":\"https:\/\/www.bymycar.fr\/webzine\/#\/schema\/person\/8d570fe11eb8929f06c1e6d00f4d9689\",\"name\":\"La R\u00e9daction BYmyCAR\",\"image\":{\"@type\":\"ImageObject\",\"inLanguage\":\"fr-FR\",\"@id\":\"https:\/\/www.bymycar.fr\/webzine\/#\/schema\/person\/image\/\",\"url\":\"https:\/\/secure.gravatar.com\/avatar\/1aa6b039d0ce106989923af4e2d0f2a0c82bb070d5e449f1b9adf082a5863900?s=96&d=mm&r=g\",\"contentUrl\":\"https:\/\/secure.gravatar.com\/avatar\/1aa6b039d0ce106989923af4e2d0f2a0c82bb070d5e449f1b9adf082a5863900?s=96&d=mm&r=g\",\"caption\":\"La R\u00e9daction BYmyCAR\"},\"sameAs\":[\"https:\/\/www.bymycar.fr\/\"]}]}<\/script>\n<!-- \/ Yoast SEO Premium plugin. -->","yoast_head_json":{"title":"Qui poss\u00e8de BYD ?","description":"Au fur et \u00e0 mesure, BYD a commenc\u00e9 \u00e0 s'ouvrir aux partenariats. Le premier a \u00e9t\u00e9 avec le milliardaire am\u00e9ricain Warren Buffett, directeur g\u00e9n\u00e9ral de Berkshire Hathaway qui a acquis 10 % du capital de BYD. Son investissement s'est \u00e9lev\u00e9 \u00e0 230 millions de dollars, une somme qui a permis \u00e0 BYD de d\u00e9velopper ses recherches.","robots":{"index":"index","follow":"follow","max-snippet":"max-snippet:-1","max-image-preview":"max-image-preview:large","max-video-preview":"max-video-preview:-1"},"canonical":"https:\/\/www.bymycar.fr\/webzine\/qui-possede-byd\/","og_locale":"fr_FR","og_type":"article","og_title":"Qui poss\u00e8de BYD ?","og_description":"Au fur et \u00e0 mesure, BYD a commenc\u00e9 \u00e0 s'ouvrir aux partenariats. Le premier a \u00e9t\u00e9 avec le milliardaire am\u00e9ricain Warren Buffett, directeur g\u00e9n\u00e9ral de Berkshire Hathaway qui a acquis 10 % du capital de BYD. Son investissement s'est \u00e9lev\u00e9 \u00e0 230 millions de dollars, une somme qui a permis \u00e0 BYD de d\u00e9velopper ses recherches.","og_url":"https:\/\/www.bymycar.fr\/webzine\/qui-possede-byd\/","og_site_name":"Webzine auto BYmyCAR","article_published_time":"2022-12-12T15:12:28+00:00","article_modified_time":"2024-04-03T12:11:29+00:00","og_image":[{"width":1280,"height":720,"url":"https:\/\/cdn.bymycar.eu\/fr-webzine\/wp-content\/uploads\/medias\/BYD-HEADER-MARQUE-1.jpg","type":"image\/jpeg"}],"author":"La R\u00e9daction BYmyCAR","twitter_card":"summary_large_image","twitter_misc":{"\u00c9crit par":"La R\u00e9daction BYmyCAR"},"schema":{"@context":"https:\/\/schema.org","@graph":[{"@type":"Article","@id":"https:\/\/www.bymycar.fr\/webzine\/qui-possede-byd\/#article","isPartOf":{"@id":"https:\/\/www.bymycar.fr\/webzine\/qui-possede-byd\/"},"author":{"name":"La R\u00e9daction BYmyCAR","@id":"https:\/\/www.bymycar.fr\/webzine\/#\/schema\/person\/8d570fe11eb8929f06c1e6d00f4d9689"},"headline":"Qui poss\u00e8de BYD ?","datePublished":"2022-12-12T15:12:28+00:00","dateModified":"2024-04-03T12:11:29+00:00","mainEntityOfPage":{"@id":"https:\/\/www.bymycar.fr\/webzine\/qui-possede-byd\/"},"wordCount":4,"publisher":{"@id":"https:\/\/www.bymycar.fr\/webzine\/#organization"},"image":{"@id":"https:\/\/www.bymycar.fr\/webzine\/qui-possede-byd\/#primaryimage"},"thumbnailUrl":"https:\/\/cdn.bymycar.eu\/fr-webzine\/wp-content\/uploads\/medias\/BYD-HEADER-MARQUE-1.jpg","articleSection":["Guide d'achat","Guide d'achat BYD"],"inLanguage":"fr-FR"},{"@type":"WebPage","@id":"https:\/\/www.bymycar.fr\/webzine\/qui-possede-byd\/","url":"https:\/\/www.bymycar.fr\/webzine\/qui-possede-byd\/","name":"Qui poss\u00e8de BYD ?","isPartOf":{"@id":"https:\/\/www.bymycar.fr\/webzine\/#website"},"primaryImageOfPage":{"@id":"https:\/\/www.bymycar.fr\/webzine\/qui-possede-byd\/#primaryimage"},"image":{"@id":"https:\/\/www.bymycar.fr\/webzine\/qui-possede-byd\/#primaryimage"},"thumbnailUrl":"https:\/\/cdn.bymycar.eu\/fr-webzine\/wp-content\/uploads\/medias\/BYD-HEADER-MARQUE-1.jpg","datePublished":"2022-12-12T15:12:28+00:00","dateModified":"2024-04-03T12:11:29+00:00","description":"Au fur et \u00e0 mesure, BYD a commenc\u00e9 \u00e0 s'ouvrir aux partenariats. Le premier a \u00e9t\u00e9 avec le milliardaire am\u00e9ricain Warren Buffett, directeur g\u00e9n\u00e9ral de Berkshire Hathaway qui a acquis 10 % du capital de BYD. Son investissement s'est \u00e9lev\u00e9 \u00e0 230 millions de dollars, une somme qui a permis \u00e0 BYD de d\u00e9velopper ses recherches.","breadcrumb":{"@id":"https:\/\/www.bymycar.fr\/webzine\/qui-possede-byd\/#breadcrumb"},"inLanguage":"fr-FR","potentialAction":[{"@type":"ReadAction","target":["https:\/\/www.bymycar.fr\/webzine\/qui-possede-byd\/"]}]},{"@type":"ImageObject","inLanguage":"fr-FR","@id":"https:\/\/www.bymycar.fr\/webzine\/qui-possede-byd\/#primaryimage","url":"https:\/\/cdn.bymycar.eu\/fr-webzine\/wp-content\/uploads\/medias\/BYD-HEADER-MARQUE-1.jpg","contentUrl":"https:\/\/cdn.bymycar.eu\/fr-webzine\/wp-content\/uploads\/medias\/BYD-HEADER-MARQUE-1.jpg","width":1280,"height":720,"caption":"BYD trois mod\u00e8les_Tang_Han_Atto3"},{"@type":"BreadcrumbList","@id":"https:\/\/www.bymycar.fr\/webzine\/qui-possede-byd\/#breadcrumb","itemListElement":[{"@type":"ListItem","position":1,"name":"Accueil","item":"https:\/\/www.bymycar.fr\/webzine\/"},{"@type":"ListItem","position":2,"name":"Qui poss\u00e8de BYD ?"}]},{"@type":"WebSite","@id":"https:\/\/www.bymycar.fr\/webzine\/#website","url":"https:\/\/www.bymycar.fr\/webzine\/","name":"Webzine auto BYmyCAR","description":"La magazine auto de BYmyCAR","publisher":{"@id":"https:\/\/www.bymycar.fr\/webzine\/#organization"},"potentialAction":[{"@type":"SearchAction","target":{"@type":"EntryPoint","urlTemplate":"https:\/\/www.bymycar.fr\/webzine\/?s={search_term_string}"},"query-input":{"@type":"PropertyValueSpecification","valueRequired":true,"valueName":"search_term_string"}}],"inLanguage":"fr-FR"},{"@type":"Organization","@id":"https:\/\/www.bymycar.fr\/webzine\/#organization","name":"BYmyCAR","url":"https:\/\/www.bymycar.fr\/webzine\/","logo":{"@type":"ImageObject","inLanguage":"fr-FR","@id":"https:\/\/www.bymycar.fr\/webzine\/#\/schema\/logo\/image\/","url":"https:\/\/cdn.bymycar.eu\/fr-webzine\/wp-content\/uploads\/medias\/2017\/08\/logo_DEALER_00000406_001.png","contentUrl":"https:\/\/cdn.bymycar.eu\/fr-webzine\/wp-content\/uploads\/medias\/2017\/08\/logo_DEALER_00000406_001.png","width":2132,"height":720,"caption":"BYmyCAR"},"image":{"@id":"https:\/\/www.bymycar.fr\/webzine\/#\/schema\/logo\/image\/"}},{"@type":"Person","@id":"https:\/\/www.bymycar.fr\/webzine\/#\/schema\/person\/8d570fe11eb8929f06c1e6d00f4d9689","name":"La R\u00e9daction BYmyCAR","image":{"@type":"ImageObject","inLanguage":"fr-FR","@id":"https:\/\/www.bymycar.fr\/webzine\/#\/schema\/person\/image\/","url":"https:\/\/secure.gravatar.com\/avatar\/1aa6b039d0ce106989923af4e2d0f2a0c82bb070d5e449f1b9adf082a5863900?s=96&d=mm&r=g","contentUrl":"https:\/\/secure.gravatar.com\/avatar\/1aa6b039d0ce106989923af4e2d0f2a0c82bb070d5e449f1b9adf082a5863900?s=96&d=mm&r=g","caption":"La R\u00e9daction BYmyCAR"},"sameAs":["https:\/\/www.bymycar.fr\/"]}]}},"_links":{"self":[{"href":"https:\/\/www.bymycar.fr\/webzine\/wp-json\/wp\/v2\/posts\/38428","targetHints":{"allow":["GET"]}}],"collection":[{"href":"https:\/\/www.bymycar.fr\/webzine\/wp-json\/wp\/v2\/posts"}],"about":[{"href":"https:\/\/www.bymycar.fr\/webzine\/wp-json\/wp\/v2\/types\/post"}],"author":[{"embeddable":true,"href":"https:\/\/www.bymycar.fr\/webzine\/wp-json\/wp\/v2\/users\/88"}],"replies":[{"embeddable":true,"href":"https:\/\/www.bymycar.fr\/webzine\/wp-json\/wp\/v2\/comments?post=38428"}],"version-history":[{"count":11,"href":"https:\/\/www.bymycar.fr\/webzine\/wp-json\/wp\/v2\/posts\/38428\/revisions"}],"predecessor-version":[{"id":45538,"href":"https:\/\/www.bymycar.fr\/webzine\/wp-json\/wp\/v2\/posts\/38428\/revisions\/45538"}],"wp:featuredmedia":[{"embeddable":true,"href":"https:\/\/www.bymycar.fr\/webzine\/wp-json\/wp\/v2\/media\/38429"}],"wp:attachment":[{"href":"https:\/\/www.bymycar.fr\/webzine\/wp-json\/wp\/v2\/media?parent=38428"}],"wp:term":[{"taxonomy":"category","embeddable":true,"href":"https:\/\/www.bymycar.fr\/webzine\/wp-json\/wp\/v2\/categories?post=38428"},{"taxonomy":"post_tag","embeddable":true,"href":"https:\/\/www.bymycar.fr\/webzine\/wp-json\/wp\/v2\/tags?post=38428"}],"curies":[{"name":"wp","href":"https:\/\/api.w.org\/{rel}","templated":true}]}}