{"id":38144,"date":"2022-12-08T16:17:18","date_gmt":"2022-12-08T15:17:18","guid":{"rendered":"https:\/\/prod.bymycar.fr\/webzine\/?p=38144"},"modified":"2023-12-14T15:59:57","modified_gmt":"2023-12-14T14:59:57","slug":"entretiens-professionnels-tout-savoir-pour-la-campagne-2023","status":"publish","type":"post","link":"https:\/\/www.bymycar.fr\/webzine\/entretiens-professionnels-tout-savoir-pour-la-campagne-2023\/","title":{"rendered":"Entretiens professionnels, tout savoir pour la campagne 2024"},"content":{"rendered":"","protected":false},"excerpt":{"rendered":"","protected":false},"author":10,"featured_media":38171,"comment_status":"closed","ping_status":"open","sticky":false,"template":"","format":"standard","meta":{"_acf_changed":false,"footnotes":""},"categories":[1643],"tags":[],"class_list":["post-38144","post","type-post","status-publish","format-standard","has-post-thumbnail","hentry","category-ressources-humaines"],"acf":{"template":"classique","introduction":"<p><span style=\"font-family: helvetica, arial, sans-serif;\">La campagne d\u2019entretiens professionnels annuelle permet de lancer le programme de<strong>\u00a0Talent Management<\/strong>\u00a0du Groupe et le suivi de nos collaborateurs sur l\u2019ann\u00e9e.<\/span><\/p>\n<p><span style=\"font-family: helvetica, arial, sans-serif;\">D\u00e9couvrez <span style=\"text-decoration: underline; color: #0000ff;\"><a style=\"color: #0000ff; text-decoration: underline;\" href=\"https:\/\/cdn.bymycar.eu\/fr-webzine\/wp-content\/uploads\/medias\/medias\/CALENDRIER-EP.pdf\">le calendrier et les nouveaut\u00e9s de la campagne 2024<\/a><\/span><\/span><\/p>\n<p><span style=\"font-family: helvetica, arial, sans-serif;\">Le Groupe est \u00e9quip\u00e9 d\u2019un outil 100% digital pour tous les collaborateurs de l\u2019entreprise : Javelo. Pour vous aider \u00e0 la prise en main, retrouvez ici :<\/span><\/p>\n<ul>\n<li><span style=\"font-family: helvetica, arial, sans-serif;\">Les r\u00e8gles d\u2019or de l\u2019entreprise\u00a0<\/span><\/li>\n<li><span style=\"font-family: helvetica, arial, sans-serif;\">Pr\u00e9sentation de l\u2019outil Javelo<\/span><\/li>\n<li><span style=\"font-family: helvetica, arial, sans-serif;\">Le guide \u00ab\u00a0managers\u00a0\u00bb et tutos vid\u00e9o Javelo<\/span><\/li>\n<\/ul>\n","strates":[{"type_strate":"50-50-image-texte-full","ancre":"","contenu":"<p style=\"text-align: center;\"><span style=\"color: #b3912b; font-size: 18pt;\"><strong>Les r\u00e8gles d&rsquo;Or<\/strong><\/span><\/p>\n<p><span style=\"font-size: 12pt; font-family: arial, helvetica, sans-serif;\"><b>Cible<\/b><\/span><\/p>\n<ul>\n<li><span style=\"font-size: 12pt; font-family: arial, helvetica, sans-serif;\">Les collaborateurs en CDI de + 6 mois (hors pr\u00e9avis) sont invit\u00e9s aux EP<\/span><\/li>\n<\/ul>\n<p><span style=\"font-size: 12pt; font-family: arial, helvetica, sans-serif;\"><b>Evaluation<\/b><\/span><\/p>\n<ul>\n<li><span style=\"font-size: 12pt; font-family: arial, helvetica, sans-serif;\">1 seul manager doit \u00eatre pr\u00e9sent lors de l\u2019entretien \u00ab\u00a0face to face\u00a0\u00bb avec le collaborateur<\/span><\/li>\n<li><span style=\"font-size: 12pt; font-family: arial, helvetica, sans-serif;\">N+1 et N+2 auront \u00e9chang\u00e9 avant l\u2019entretien pour \u00e9valuer ensemble la note de chaque collaborateur<\/span><\/li>\n<\/ul>\n<p><span style=\"font-size: 12pt; font-family: arial, helvetica, sans-serif;\"><b>Lieu<\/b><\/span><\/p>\n<ul>\n<li><span style=\"font-size: 12pt; font-family: arial, helvetica, sans-serif;\">L\u2019entretien professionnel dure en moyenne 1h dans un lieu calme et isol\u00e9<\/span><\/li>\n<\/ul>\n<p><span style=\"font-size: 12pt; font-family: arial, helvetica, sans-serif;\"><b>Pr\u00e9paration<\/b><\/span><\/p>\n<ul>\n<li><span style=\"font-size: 12pt; font-family: arial, helvetica, sans-serif;\">Les managers doivent pr\u00e9parer et programmer leur EP (avec l\u2019outil Javelo)<\/span><\/li>\n<li><span style=\"font-size: 12pt; font-family: arial, helvetica, sans-serif;\">Les collaborateurs n\u2019ont pas l\u2019obligation de pr\u00e9parer l\u2019EP en amont de leur \u00ab\u00a0face to face\u00a0\u00bb<\/span><\/li>\n<\/ul>\n<p><span style=\"font-size: 12pt; font-family: arial, helvetica, sans-serif;\"><b>Date <\/b><\/span><\/p>\n<ul>\n<li><span style=\"font-size: 12pt; font-family: arial, helvetica, sans-serif;\">Lancement et cl\u00f4ture sont g\u00e9r\u00e9s par la DRH, du 2 janvier au 28 f\u00e9vrier<\/span><\/li>\n<li><span style=\"font-size: 12pt; font-family: arial, helvetica, sans-serif;\">Maximum 2 entretiens par jour<\/span><\/li>\n<\/ul>\n","titre":"","image":false,"image_libre":false,"image_800x500":{"ID":38267,"id":38267,"title":"Entretienpro","filename":"Entretienpro.jpg","filesize":1,"url":"https:\/\/cdn.bymycar.eu\/fr-webzine\/wp-content\/uploads\/medias\/Entretienpro.jpg","link":"https:\/\/www.bymycar.fr\/webzine\/entretiens-professionnels-tout-savoir-pour-la-campagne-2023\/entretienpro\/","alt":"","author":"10","description":"","caption":"","name":"entretienpro","status":"inherit","uploaded_to":38144,"date":"2022-12-08 09:16:15","modified":"2022-12-08 09:16:15","menu_order":0,"mime_type":"image\/jpeg","type":"image","subtype":"jpeg","icon":"https:\/\/www.bymycar.fr\/webzine\/wp-includes\/images\/media\/default.png","width":2121,"height":1414,"sizes":{"thumbnail":"https:\/\/cdn.bymycar.eu\/fr-webzine\/wp-content\/uploads\/medias\/Entretienpro-150x150.jpg","thumbnail-width":150,"thumbnail-height":150,"medium":"https:\/\/cdn.bymycar.eu\/fr-webzine\/wp-content\/uploads\/medias\/Entretienpro-300x200.jpg","medium-width":300,"medium-height":200,"medium_large":"https:\/\/cdn.bymycar.eu\/fr-webzine\/wp-content\/uploads\/medias\/Entretienpro-768x512.jpg","medium_large-width":768,"medium_large-height":512,"large":"https:\/\/cdn.bymycar.eu\/fr-webzine\/wp-content\/uploads\/medias\/Entretienpro-1024x683.jpg","large-width":1024,"large-height":683,"1536x1536":"https:\/\/cdn.bymycar.eu\/fr-webzine\/wp-content\/uploads\/medias\/Entretienpro-1536x1024.jpg","1536x1536-width":1536,"1536x1536-height":1024,"2048x2048":"https:\/\/cdn.bymycar.eu\/fr-webzine\/wp-content\/uploads\/medias\/Entretienpro-2048x1365.jpg","2048x2048-width":2048,"2048x2048-height":1365}},"legende":"","zoom":false,"texte":"<p style=\"text-align: center;\"><span style=\"font-size: 14pt; color: #b3912b; font-family: helvetica, arial, sans-serif;\"><strong>Les r\u00e8gles d&rsquo;or\u00a0<\/strong><\/span><\/p>\n<p><span style=\"font-size: 12pt; font-family: helvetica, arial, sans-serif;\"><b>Cible<\/b><\/span><\/p>\n<ul>\n<li><span style=\"font-size: 12pt; font-family: helvetica, arial, sans-serif;\">Les collaborateurs en CDI de + 6 mois (hors pr\u00e9avis) sont invit\u00e9s aux EP<\/span><\/li>\n<\/ul>\n<p><span style=\"font-size: 12pt; font-family: helvetica, arial, sans-serif;\"><b>Evaluation<\/b><\/span><\/p>\n<ul>\n<li><span style=\"font-size: 12pt; font-family: helvetica, arial, sans-serif;\">1 seul manager doit \u00eatre pr\u00e9sent lors de l\u2019entretien\u00a0 avec le collaborateur<\/span><\/li>\n<li><span style=\"font-size: 12pt; font-family: helvetica, arial, sans-serif;\">N+1 et N+2 auront \u00e9chang\u00e9 avant l\u2019entretien pour \u00e9valuer ensemble la note de chaque collaborateur<\/span><\/li>\n<\/ul>\n","articles":false,"categorie_droite":false,"images":[{"image":false,"image_1600x700":false,"image_920x500":{"ID":38262,"id":38262,"title":"Banni\u00e8re NL (5)","filename":"Banniere-NL-5.png","filesize":1,"url":"https:\/\/cdn.bymycar.eu\/fr-webzine\/wp-content\/uploads\/medias\/Banniere-NL-5.png","link":"https:\/\/www.bymycar.fr\/webzine\/entretiens-professionnels-tout-savoir-pour-la-campagne-2023\/banniere-nl-5\/","alt":"","author":"10","description":"","caption":"","name":"banniere-nl-5","status":"inherit","uploaded_to":38144,"date":"2022-12-08 09:10:34","modified":"2022-12-08 09:10:34","menu_order":0,"mime_type":"image\/png","type":"image","subtype":"png","icon":"https:\/\/www.bymycar.fr\/webzine\/wp-includes\/images\/media\/default.png","width":6912,"height":3456,"sizes":{"thumbnail":"https:\/\/cdn.bymycar.eu\/fr-webzine\/wp-content\/uploads\/medias\/Banniere-NL-5-150x150.png","thumbnail-width":150,"thumbnail-height":150,"medium":"https:\/\/cdn.bymycar.eu\/fr-webzine\/wp-content\/uploads\/medias\/Banniere-NL-5-300x150.png","medium-width":300,"medium-height":150,"medium_large":"https:\/\/cdn.bymycar.eu\/fr-webzine\/wp-content\/uploads\/medias\/Banniere-NL-5-768x384.png","medium_large-width":768,"medium_large-height":384,"large":"https:\/\/cdn.bymycar.eu\/fr-webzine\/wp-content\/uploads\/medias\/Banniere-NL-5-1024x512.png","large-width":1024,"large-height":512,"1536x1536":"https:\/\/cdn.bymycar.eu\/fr-webzine\/wp-content\/uploads\/medias\/Banniere-NL-5-1536x768.png","1536x1536-width":1536,"1536x1536-height":768,"2048x2048":"https:\/\/cdn.bymycar.eu\/fr-webzine\/wp-content\/uploads\/medias\/Banniere-NL-5-2048x1024.png","2048x2048-width":2048,"2048x2048-height":1024}},"legende":""}],"elements_comparatif":[{"titre":"","image":false,"image_332x332":{"ID":38262,"id":38262,"title":"Banni\u00e8re NL (5)","filename":"Banniere-NL-5.png","filesize":1,"url":"https:\/\/cdn.bymycar.eu\/fr-webzine\/wp-content\/uploads\/medias\/Banniere-NL-5.png","link":"https:\/\/www.bymycar.fr\/webzine\/entretiens-professionnels-tout-savoir-pour-la-campagne-2023\/banniere-nl-5\/","alt":"","author":"10","description":"","caption":"","name":"banniere-nl-5","status":"inherit","uploaded_to":38144,"date":"2022-12-08 09:10:34","modified":"2022-12-08 09:10:34","menu_order":0,"mime_type":"image\/png","type":"image","subtype":"png","icon":"https:\/\/www.bymycar.fr\/webzine\/wp-includes\/images\/media\/default.png","width":6912,"height":3456,"sizes":{"thumbnail":"https:\/\/cdn.bymycar.eu\/fr-webzine\/wp-content\/uploads\/medias\/Banniere-NL-5-150x150.png","thumbnail-width":150,"thumbnail-height":150,"medium":"https:\/\/cdn.bymycar.eu\/fr-webzine\/wp-content\/uploads\/medias\/Banniere-NL-5-300x150.png","medium-width":300,"medium-height":150,"medium_large":"https:\/\/cdn.bymycar.eu\/fr-webzine\/wp-content\/uploads\/medias\/Banniere-NL-5-768x384.png","medium_large-width":768,"medium_large-height":384,"large":"https:\/\/cdn.bymycar.eu\/fr-webzine\/wp-content\/uploads\/medias\/Banniere-NL-5-1024x512.png","large-width":1024,"large-height":512,"1536x1536":"https:\/\/cdn.bymycar.eu\/fr-webzine\/wp-content\/uploads\/medias\/Banniere-NL-5-1536x768.png","1536x1536-width":1536,"1536x1536-height":768,"2048x2048":"https:\/\/cdn.bymycar.eu\/fr-webzine\/wp-content\/uploads\/medias\/Banniere-NL-5-2048x1024.png","2048x2048-width":2048,"2048x2048-height":1024}}}],"texte_1":"","texte_2":"","image_1":false,"image_1_563x400":false,"image_1_332x332":false,"image_2":false,"image_2_333x240":false,"image_2_563x400":false,"image_3":false,"image_3_333x240":false,"image_3_332x450":false,"image_4":false,"image_4_332x332":false,"image_4_563x400":false,"code_embed":"","legende_video":"","photo":false,"photo_100x100":false,"nom":"","fonction":"","elements_timeline":false,"entetes_colonnes":false,"entetes_lignes":false,"lignes":false,"introduction":"","formulaire":false,"question":"","reponse":"","libelle_bouton_lien":"","url_lien":"","questions":false,"conclusions":false,"pays":false,"region":false,"marque":false,"marqueConcessions":false,"modele":false,"ptvente":false,"typeV":false,"collection":false,"nombre_maximum_elements":10,"lien_fin_carousel":"","texte_lien_fin_carousel":"","trier_par":false},{"type_strate":"texte-simple","ancre":"","contenu":"<p><span style=\"font-family: helvetica, arial, sans-serif; font-size: 12pt;\"><b>Lieu<\/b><\/span><\/p>\n<ul>\n<li><span style=\"font-size: 12pt; font-family: helvetica, arial, sans-serif;\">L\u2019entretien professionnel dure en moyenne 1h dans un lieu calme et isol\u00e9<\/span><\/li>\n<\/ul>\n<p><span style=\"font-size: 12pt; font-family: helvetica, arial, sans-serif;\"><b>Pr\u00e9paration<\/b><\/span><\/p>\n<ul>\n<li><span style=\"font-size: 12pt; font-family: helvetica, arial, sans-serif;\">Les managers doivent pr\u00e9parer et programmer leur EP (avec l\u2019outil Javelo)<\/span><\/li>\n<li><span style=\"font-size: 12pt; font-family: helvetica, arial, sans-serif;\">Les collaborateurs n\u2019ont pas l\u2019obligation de pr\u00e9parer l\u2019EP en amont de leur \u00ab\u00a0face to face\u00a0\u00bb<\/span><\/li>\n<\/ul>\n<p><span style=\"font-size: 12pt; font-family: helvetica, arial, sans-serif;\"><b>Date <\/b><\/span><\/p>\n<ul>\n<li><span style=\"font-family: helvetica, arial, sans-serif;\">Lancement et cl\u00f4ture sont g\u00e9r\u00e9s par la DRH, du 2 janvier au 28 f\u00e9vrier. La pr\u00e9paration aux entretiens est ouverte d\u00e8s le 15\/12<\/span><\/li>\n<li><span style=\"font-family: helvetica, arial, sans-serif;\">Nous recommandons un maximum de 2 entretiens dans la m\u00eame journ\u00e9e pour garder toute la disponibilit\u00e9 d&rsquo;esprit n\u00e9cessaire \u00e0 cet \u00e9change.<\/span><\/li>\n<\/ul>\n","titre":"regles","image":false,"image_libre":false,"image_800x500":{"ID":38149,"id":38149,"title":"Capture d\u2019\u00e9cran 2019-03-08 \u00e0 16.59.01","filename":"Capture-decran-2019-03-08-a-16.59.01.png","filesize":1,"url":"https:\/\/cdn.bymycar.eu\/fr-webzine\/wp-content\/uploads\/medias\/Capture-decran-2019-03-08-a-16.59.01.png","link":"https:\/\/www.bymycar.fr\/webzine\/entretiens-professionnels-tout-savoir-pour-la-campagne-2023\/capture-decran-2019-03-08-a-16-59-01\/","alt":"","author":"10","description":"","caption":"","name":"capture-decran-2019-03-08-a-16-59-01","status":"inherit","uploaded_to":38144,"date":"2022-12-05 13:48:31","modified":"2022-12-05 13:48:31","menu_order":0,"mime_type":"image\/png","type":"image","subtype":"png","icon":"https:\/\/www.bymycar.fr\/webzine\/wp-includes\/images\/media\/default.png","width":1330,"height":715,"sizes":{"thumbnail":"https:\/\/cdn.bymycar.eu\/fr-webzine\/wp-content\/uploads\/medias\/Capture-decran-2019-03-08-a-16.59.01-150x150.png","thumbnail-width":150,"thumbnail-height":150,"medium":"https:\/\/cdn.bymycar.eu\/fr-webzine\/wp-content\/uploads\/medias\/Capture-decran-2019-03-08-a-16.59.01-300x161.png","medium-width":300,"medium-height":161,"medium_large":"https:\/\/cdn.bymycar.eu\/fr-webzine\/wp-content\/uploads\/medias\/Capture-decran-2019-03-08-a-16.59.01-768x413.png","medium_large-width":768,"medium_large-height":413,"large":"https:\/\/cdn.bymycar.eu\/fr-webzine\/wp-content\/uploads\/medias\/Capture-decran-2019-03-08-a-16.59.01-1024x550.png","large-width":1024,"large-height":550,"1536x1536":"https:\/\/cdn.bymycar.eu\/fr-webzine\/wp-content\/uploads\/medias\/Capture-decran-2019-03-08-a-16.59.01.png","1536x1536-width":1330,"1536x1536-height":715,"2048x2048":"https:\/\/cdn.bymycar.eu\/fr-webzine\/wp-content\/uploads\/medias\/Capture-decran-2019-03-08-a-16.59.01.png","2048x2048-width":1330,"2048x2048-height":715}},"legende":"","zoom":false,"texte":"<p style=\"text-align: center;\"><span style=\"color: #b3912b; font-size: 14pt; font-family: helvetica, arial, sans-serif;\"><strong>l&rsquo;outil Javelo\u00a0<\/strong><\/span><\/p>\n<p style=\"text-align: justify;\"><span style=\"font-family: helvetica, arial, sans-serif; font-size: 10pt;\">Javelo est une plateforme sur laquelle vous allez pouvoir pr\u00e9parer et valider avec vos collaborateurs les entretiens professionnel.<\/span><br \/>\n<span style=\"font-family: helvetica, arial, sans-serif; font-size: 10pt;\">Cette plateforme 100% digital ne demande pas de manipulation administrative et permet de suivre les parcours de vos \u00e9quipes (comp\u00e9tences, objectifs, formations..)<\/span><\/p>\n<p style=\"text-align: justify;\"><span style=\"font-family: helvetica, arial, sans-serif; font-size: 10pt;\">Via des acc\u00e8s personnalis\u00e9s, Responsables RH et Managers vous pouvez organiser et suivre la campagne pour r\u00e9aliser aux mieux les entretiens \u00ab\u00a0Face to face\u00a0\u00bb des collaborateurs.<\/span><\/p>\n","articles":false,"categorie_droite":false,"images":false,"elements_comparatif":false,"texte_1":"","texte_2":"","image_1":false,"image_1_563x400":false,"image_1_332x332":false,"image_2":false,"image_2_333x240":false,"image_2_563x400":false,"image_3":false,"image_3_333x240":false,"image_3_332x450":false,"image_4":false,"image_4_332x332":false,"image_4_563x400":false,"code_embed":"","legende_video":"","photo":false,"photo_100x100":false,"nom":"","fonction":"","elements_timeline":false,"entetes_colonnes":false,"entetes_lignes":false,"lignes":false,"introduction":"","formulaire":false,"question":"","reponse":"","libelle_bouton_lien":"","url_lien":"","questions":false,"conclusions":false,"pays":false,"region":false,"marque":false,"marqueConcessions":false,"modele":false,"ptvente":false,"typeV":false,"collection":false,"nombre_maximum_elements":10,"lien_fin_carousel":"","texte_lien_fin_carousel":"","trier_par":false},{"type_strate":"50-50-image-texte-full","ancre":"","contenu":"<p>&nbsp;<\/p>\n<p>&nbsp;<\/p>\n","titre":"","image":false,"image_libre":false,"image_800x500":{"ID":38149,"id":38149,"title":"Capture d\u2019\u00e9cran 2019-03-08 \u00e0 16.59.01","filename":"Capture-decran-2019-03-08-a-16.59.01.png","filesize":1,"url":"https:\/\/cdn.bymycar.eu\/fr-webzine\/wp-content\/uploads\/medias\/Capture-decran-2019-03-08-a-16.59.01.png","link":"https:\/\/www.bymycar.fr\/webzine\/entretiens-professionnels-tout-savoir-pour-la-campagne-2023\/capture-decran-2019-03-08-a-16-59-01\/","alt":"","author":"10","description":"","caption":"","name":"capture-decran-2019-03-08-a-16-59-01","status":"inherit","uploaded_to":38144,"date":"2022-12-05 13:48:31","modified":"2022-12-05 13:48:31","menu_order":0,"mime_type":"image\/png","type":"image","subtype":"png","icon":"https:\/\/www.bymycar.fr\/webzine\/wp-includes\/images\/media\/default.png","width":1330,"height":715,"sizes":{"thumbnail":"https:\/\/cdn.bymycar.eu\/fr-webzine\/wp-content\/uploads\/medias\/Capture-decran-2019-03-08-a-16.59.01-150x150.png","thumbnail-width":150,"thumbnail-height":150,"medium":"https:\/\/cdn.bymycar.eu\/fr-webzine\/wp-content\/uploads\/medias\/Capture-decran-2019-03-08-a-16.59.01-300x161.png","medium-width":300,"medium-height":161,"medium_large":"https:\/\/cdn.bymycar.eu\/fr-webzine\/wp-content\/uploads\/medias\/Capture-decran-2019-03-08-a-16.59.01-768x413.png","medium_large-width":768,"medium_large-height":413,"large":"https:\/\/cdn.bymycar.eu\/fr-webzine\/wp-content\/uploads\/medias\/Capture-decran-2019-03-08-a-16.59.01-1024x550.png","large-width":1024,"large-height":550,"1536x1536":"https:\/\/cdn.bymycar.eu\/fr-webzine\/wp-content\/uploads\/medias\/Capture-decran-2019-03-08-a-16.59.01.png","1536x1536-width":1330,"1536x1536-height":715,"2048x2048":"https:\/\/cdn.bymycar.eu\/fr-webzine\/wp-content\/uploads\/medias\/Capture-decran-2019-03-08-a-16.59.01.png","2048x2048-width":1330,"2048x2048-height":715}},"legende":"","zoom":false,"texte":"<p style=\"text-align: center;\"><span style=\"color: #b3912b; font-size: 14pt; font-family: helvetica, arial, sans-serif;\"><strong>L&rsquo;outil Javelo\u00a0<\/strong><\/span><\/p>\n<p><span style=\"font-family: helvetica, arial, sans-serif;\">Javelo est une plateforme sur laquelle vous allez pouvoir pr\u00e9parer et valider avec vos collaborateurs les entretiens professionnels.<\/span><br \/>\n<span style=\"font-family: helvetica, arial, sans-serif;\">Cette plateforme 100% digital ne demande pas de manipulation administrative et permet de suivre les parcours de vos \u00e9quipes (comp\u00e9tences, objectifs, formations..)<\/span><\/p>\n<p><span style=\"font-family: helvetica, arial, sans-serif;\">Via des acc\u00e8s personnalis\u00e9s, vous pouvez organiser et suivre le d\u00e9roulement de la campagne pour r\u00e9aliser au mieux les entretiens \u00ab\u00a0Face to face\u00a0\u00bb des collaborateurs.<\/span><\/p>\n<p><span style=\"font-family: helvetica, arial, sans-serif;\">Connectez-vous \u00e0 Javelo\u00a0<span style=\"text-decoration: underline;\"><span style=\"color: #0000ff;\"><a style=\"color: #0000ff; text-decoration: underline;\" title=\"Javelo\" href=\"https:\/\/cosmobilis.javelo.io\/\" target=\"_blank\" rel=\"noopener\">en cliquant sur ce lien<\/a><\/span><\/span><\/span><\/p>\n<ul>\n<li><span style=\"font-family: helvetica, arial, sans-serif;\">Votre identifiant = votre adresse mail\u00a0<\/span><\/li>\n<li><span style=\"font-family: helvetica, arial, sans-serif;\">Votre mot de passe = celui que vous aviez enregistr\u00e9 pour la derni\u00e8re campagne.<\/span><\/li>\n<\/ul>\n","articles":false,"categorie_droite":false,"images":false,"elements_comparatif":false,"texte_1":"","texte_2":"","image_1":false,"image_1_563x400":false,"image_1_332x332":false,"image_2":false,"image_2_333x240":false,"image_2_563x400":false,"image_3":false,"image_3_333x240":false,"image_3_332x450":false,"image_4":false,"image_4_332x332":false,"image_4_563x400":false,"code_embed":"","legende_video":"","photo":false,"photo_100x100":false,"nom":"","fonction":"","elements_timeline":false,"entetes_colonnes":false,"entetes_lignes":false,"lignes":false,"introduction":"","formulaire":false,"question":"","reponse":"","libelle_bouton_lien":"","url_lien":"","questions":false,"conclusions":false,"pays":false,"region":false,"marque":false,"marqueConcessions":false,"modele":false,"ptvente":false,"typeV":false,"collection":false,"nombre_maximum_elements":10,"lien_fin_carousel":"","texte_lien_fin_carousel":"","trier_par":false},{"type_strate":"texte-simple","ancre":"","contenu":"<p style=\"text-align: center;\"><strong><span style=\"font-family: helvetica, arial, sans-serif; font-size: 14pt; color: #b3912b;\">Aide pour les profils managers\u00a0<\/span><\/strong><\/p>\n<p>&nbsp;<\/p>\n<p><span style=\"font-family: helvetica, arial, sans-serif;\"><strong>Power Point qui reprend \u00e9tape par \u00e9tape la pr\u00e9paration des EP<br \/>\n<\/strong><span style=\"text-decoration: underline;\"><span style=\"color: #0000ff;\"><a style=\"color: #0000ff; text-decoration: underline;\" href=\"https:\/\/cdn.bymycar.eu\/fr-webzine\/wp-content\/uploads\/medias\/medias\/Guide-manager-Realiser-les-entretiens-3.pdf\">Guide pour managers<\/a><\/span><\/span><\/span><\/p>\n<p><span style=\"font-family: helvetica, arial, sans-serif;\"><strong>Trois tutos vid\u00e9os\u00a0<\/strong><\/span><\/p>\n<ul>\n<li style=\"list-style-type: none;\">\n<ul>\n<li><span style=\"font-family: helvetica, arial, sans-serif; color: #0000ff;\"><a style=\"color: #0000ff;\" href=\"https:\/\/youtu.be\/3xtmui6J9zg\" target=\"_blank\" rel=\"noopener\"><span style=\"text-decoration: underline;\"><span style=\"color: #0000ff; text-decoration: underline;\">Pr\u00e9sentation de la plateforme Javelo\u00a0<\/span><\/span><\/a><\/span><\/li>\n<li><span style=\"text-decoration: underline;\"><span style=\"font-family: helvetica, arial, sans-serif; color: #0000ff; text-decoration: underline;\"><a style=\"color: #0000ff; text-decoration: underline;\" href=\"https:\/\/youtu.be\/5sqPONRbt5Q\" target=\"_blank\" rel=\"noopener\">Pr\u00e9parer un entretien<\/a><\/span><\/span><\/li>\n<li><span style=\"text-decoration: underline;\"><span style=\"font-family: helvetica, arial, sans-serif; color: #0000ff; text-decoration: underline;\"><a style=\"color: #0000ff; text-decoration: underline;\" href=\"https:\/\/youtu.be\/rIBdeguQRbU\" target=\"_blank\" rel=\"noopener\">R\u00e9diger l\u2019entretien lors du Face to Face avec le collaborateur<\/a><\/span><\/span><\/li>\n<\/ul>\n<\/li>\n<\/ul>\n","titre":"aide","image":false,"image_libre":false,"image_800x500":false,"legende":"","zoom":false,"texte":"","articles":false,"categorie_droite":false,"images":false,"elements_comparatif":false,"texte_1":"","texte_2":"","image_1":false,"image_1_563x400":false,"image_1_332x332":false,"image_2":false,"image_2_333x240":false,"image_2_563x400":false,"image_3":false,"image_3_333x240":false,"image_3_332x450":false,"image_4":false,"image_4_332x332":false,"image_4_563x400":false,"code_embed":"","legende_video":"","photo":false,"photo_100x100":false,"nom":"","fonction":"","elements_timeline":false,"entetes_colonnes":false,"entetes_lignes":false,"lignes":false,"introduction":"","formulaire":false,"question":"","reponse":"","libelle_bouton_lien":"","url_lien":"","questions":false,"conclusions":false,"pays":false,"region":false,"marque":false,"marqueConcessions":false,"modele":false,"ptvente":false,"typeV":false,"collection":false,"nombre_maximum_elements":10,"lien_fin_carousel":"","texte_lien_fin_carousel":"","trier_par":false}],"is_old_post":false,"image":{"ID":38171,"id":38171,"title":"entrr","filename":"entrr.jpeg","filesize":1,"url":"https:\/\/cdn.bymycar.eu\/fr-webzine\/wp-content\/uploads\/medias\/entrr.jpeg","link":"https:\/\/www.bymycar.fr\/webzine\/entretiens-professionnels-tout-savoir-pour-la-campagne-2023\/entrr\/","alt":"","author":"10","description":"","caption":"","name":"entrr","status":"inherit","uploaded_to":38144,"date":"2022-12-05 14:36:34","modified":"2022-12-05 14:36:34","menu_order":0,"mime_type":"image\/jpeg","type":"image","subtype":"jpeg","icon":"https:\/\/www.bymycar.fr\/webzine\/wp-includes\/images\/media\/default.png","width":722,"height":420,"sizes":{"thumbnail":"https:\/\/cdn.bymycar.eu\/fr-webzine\/wp-content\/uploads\/medias\/entrr-150x150.jpeg","thumbnail-width":150,"thumbnail-height":150,"medium":"https:\/\/cdn.bymycar.eu\/fr-webzine\/wp-content\/uploads\/medias\/entrr-300x175.jpeg","medium-width":300,"medium-height":175,"medium_large":"https:\/\/cdn.bymycar.eu\/fr-webzine\/wp-content\/uploads\/medias\/entrr.jpeg","medium_large-width":722,"medium_large-height":420,"large":"https:\/\/cdn.bymycar.eu\/fr-webzine\/wp-content\/uploads\/medias\/entrr.jpeg","large-width":722,"large-height":420,"1536x1536":"https:\/\/cdn.bymycar.eu\/fr-webzine\/wp-content\/uploads\/medias\/entrr.jpeg","1536x1536-width":722,"1536x1536-height":420,"2048x2048":"https:\/\/cdn.bymycar.eu\/fr-webzine\/wp-content\/uploads\/medias\/entrr.jpeg","2048x2048-width":722,"2048x2048-height":420}},"page_content":{"block_content":[{"acf_fc_layout":"text-image","--nav":{"-withNav":false,"-ancre":""},"--group":{"-image":{"ID":38267,"id":38267,"title":"Entretienpro","filename":"Entretienpro.jpg","filesize":1,"url":"https:\/\/cdn.bymycar.eu\/fr-webzine\/wp-content\/uploads\/medias\/Entretienpro.jpg","link":"https:\/\/www.bymycar.fr\/webzine\/entretiens-professionnels-tout-savoir-pour-la-campagne-2023\/entretienpro\/","alt":"","author":"10","description":"","caption":"","name":"entretienpro","status":"inherit","uploaded_to":38144,"date":"2022-12-08 09:16:15","modified":"2022-12-08 09:16:15","menu_order":0,"mime_type":"image\/jpeg","type":"image","subtype":"jpeg","icon":"https:\/\/www.bymycar.fr\/webzine\/wp-includes\/images\/media\/default.png","width":2121,"height":1414,"sizes":{"thumbnail":"https:\/\/cdn.bymycar.eu\/fr-webzine\/wp-content\/uploads\/medias\/Entretienpro-150x150.jpg","thumbnail-width":150,"thumbnail-height":150,"medium":"https:\/\/cdn.bymycar.eu\/fr-webzine\/wp-content\/uploads\/medias\/Entretienpro-300x200.jpg","medium-width":300,"medium-height":200,"medium_large":"https:\/\/cdn.bymycar.eu\/fr-webzine\/wp-content\/uploads\/medias\/Entretienpro-768x512.jpg","medium_large-width":768,"medium_large-height":512,"large":"https:\/\/cdn.bymycar.eu\/fr-webzine\/wp-content\/uploads\/medias\/Entretienpro-1024x683.jpg","large-width":1024,"large-height":683,"1536x1536":"https:\/\/cdn.bymycar.eu\/fr-webzine\/wp-content\/uploads\/medias\/Entretienpro-1536x1024.jpg","1536x1536-width":1536,"1536x1536-height":1024,"2048x2048":"https:\/\/cdn.bymycar.eu\/fr-webzine\/wp-content\/uploads\/medias\/Entretienpro-2048x1365.jpg","2048x2048-width":2048,"2048x2048-height":1365}},"-title":"","-text":"<p style=\"text-align: center;\"><span style=\"font-size: 14pt; color: #b3912b; font-family: helvetica, arial, sans-serif;\"><strong>Les r\u00e8gles d&rsquo;or\u00a0<\/strong><\/span><\/p>\n<p><span style=\"font-size: 12pt; font-family: helvetica, arial, sans-serif;\"><b>Cible<\/b><\/span><\/p>\n<ul>\n<li><span style=\"font-size: 12pt; font-family: helvetica, arial, sans-serif;\">Les collaborateurs en CDI de + 6 mois (hors pr\u00e9avis) sont invit\u00e9s aux EP<\/span><\/li>\n<\/ul>\n<p><span style=\"font-size: 12pt; font-family: helvetica, arial, sans-serif;\"><b>Evaluation<\/b><\/span><\/p>\n<ul>\n<li><span style=\"font-size: 12pt; font-family: helvetica, arial, sans-serif;\">1 seul manager doit \u00eatre pr\u00e9sent lors de l\u2019entretien\u00a0 avec le collaborateur<\/span><\/li>\n<li><span style=\"font-size: 12pt; font-family: helvetica, arial, sans-serif;\">N+1 et N+2 auront \u00e9chang\u00e9 avant l\u2019entretien pour \u00e9valuer ensemble la note de chaque collaborateur<\/span><\/li>\n<\/ul>\n"}},{"acf_fc_layout":"text-simple","--nav":{"-withNav":false,"-ancre":""},"--group":{"-text":"<p><span style=\"font-family: helvetica, arial, sans-serif; font-size: 12pt;\"><b>Lieu<\/b><\/span><\/p>\n<ul>\n<li><span style=\"font-size: 12pt; font-family: helvetica, arial, sans-serif;\">L\u2019entretien professionnel dure en moyenne 1h dans un lieu calme et isol\u00e9<\/span><\/li>\n<\/ul>\n<p><span style=\"font-size: 12pt; font-family: helvetica, arial, sans-serif;\"><b>Pr\u00e9paration<\/b><\/span><\/p>\n<ul>\n<li><span style=\"font-size: 12pt; font-family: helvetica, arial, sans-serif;\">Les managers doivent pr\u00e9parer et programmer leur EP (avec l\u2019outil Javelo)<\/span><\/li>\n<li><span style=\"font-size: 12pt; font-family: helvetica, arial, sans-serif;\">Les collaborateurs n\u2019ont pas l\u2019obligation de pr\u00e9parer l\u2019EP en amont de leur \u00ab\u00a0face to face\u00a0\u00bb<\/span><\/li>\n<\/ul>\n<p><span style=\"font-size: 12pt; font-family: helvetica, arial, sans-serif;\"><b>Date <\/b><\/span><\/p>\n<ul>\n<li><span style=\"font-family: helvetica, arial, sans-serif;\">Lancement et cl\u00f4ture sont g\u00e9r\u00e9s par la DRH, du 2 janvier au 28 f\u00e9vrier. La pr\u00e9paration aux entretiens est ouverte d\u00e8s le 15\/12<\/span><\/li>\n<li><span style=\"font-family: helvetica, arial, sans-serif;\">Nous recommandons un maximum de 2 entretiens dans la m\u00eame journ\u00e9e pour garder toute la disponibilit\u00e9 d&rsquo;esprit n\u00e9cessaire \u00e0 cet \u00e9change.<\/span><\/li>\n<\/ul>\n"}},{"acf_fc_layout":"text-image","--nav":{"-withNav":false,"-ancre":""},"--group":{"-image":{"ID":38149,"id":38149,"title":"Capture d\u2019\u00e9cran 2019-03-08 \u00e0 16.59.01","filename":"Capture-decran-2019-03-08-a-16.59.01.png","filesize":1,"url":"https:\/\/cdn.bymycar.eu\/fr-webzine\/wp-content\/uploads\/medias\/Capture-decran-2019-03-08-a-16.59.01.png","link":"https:\/\/www.bymycar.fr\/webzine\/entretiens-professionnels-tout-savoir-pour-la-campagne-2023\/capture-decran-2019-03-08-a-16-59-01\/","alt":"","author":"10","description":"","caption":"","name":"capture-decran-2019-03-08-a-16-59-01","status":"inherit","uploaded_to":38144,"date":"2022-12-05 13:48:31","modified":"2022-12-05 13:48:31","menu_order":0,"mime_type":"image\/png","type":"image","subtype":"png","icon":"https:\/\/www.bymycar.fr\/webzine\/wp-includes\/images\/media\/default.png","width":1330,"height":715,"sizes":{"thumbnail":"https:\/\/cdn.bymycar.eu\/fr-webzine\/wp-content\/uploads\/medias\/Capture-decran-2019-03-08-a-16.59.01-150x150.png","thumbnail-width":150,"thumbnail-height":150,"medium":"https:\/\/cdn.bymycar.eu\/fr-webzine\/wp-content\/uploads\/medias\/Capture-decran-2019-03-08-a-16.59.01-300x161.png","medium-width":300,"medium-height":161,"medium_large":"https:\/\/cdn.bymycar.eu\/fr-webzine\/wp-content\/uploads\/medias\/Capture-decran-2019-03-08-a-16.59.01-768x413.png","medium_large-width":768,"medium_large-height":413,"large":"https:\/\/cdn.bymycar.eu\/fr-webzine\/wp-content\/uploads\/medias\/Capture-decran-2019-03-08-a-16.59.01-1024x550.png","large-width":1024,"large-height":550,"1536x1536":"https:\/\/cdn.bymycar.eu\/fr-webzine\/wp-content\/uploads\/medias\/Capture-decran-2019-03-08-a-16.59.01.png","1536x1536-width":1330,"1536x1536-height":715,"2048x2048":"https:\/\/cdn.bymycar.eu\/fr-webzine\/wp-content\/uploads\/medias\/Capture-decran-2019-03-08-a-16.59.01.png","2048x2048-width":1330,"2048x2048-height":715}},"-title":"","-text":"<p style=\"text-align: center;\"><span style=\"color: #b3912b; font-size: 14pt; font-family: helvetica, arial, sans-serif;\"><strong>L&rsquo;outil Javelo\u00a0<\/strong><\/span><\/p>\n<p><span style=\"font-family: helvetica, arial, sans-serif;\">Javelo est une plateforme sur laquelle vous allez pouvoir pr\u00e9parer et valider avec vos collaborateurs les entretiens professionnels.<\/span><br \/>\n<span style=\"font-family: helvetica, arial, sans-serif;\">Cette plateforme 100% digital ne demande pas de manipulation administrative et permet de suivre les parcours de vos \u00e9quipes (comp\u00e9tences, objectifs, formations..)<\/span><\/p>\n<p><span style=\"font-family: helvetica, arial, sans-serif;\">Via des acc\u00e8s personnalis\u00e9s, vous pouvez organiser et suivre le d\u00e9roulement de la campagne pour r\u00e9aliser au mieux les entretiens \u00ab\u00a0Face to face\u00a0\u00bb des collaborateurs.<\/span><\/p>\n<p><span style=\"font-family: helvetica, arial, sans-serif;\">Connectez-vous \u00e0 Javelo\u00a0<span style=\"text-decoration: underline;\"><span style=\"color: #0000ff;\"><a style=\"color: #0000ff; text-decoration: underline;\" title=\"Javelo\" href=\"https:\/\/cosmobilis.javelo.io\/\" target=\"_blank\" rel=\"noopener\">en cliquant sur ce lien<\/a><\/span><\/span><\/span><\/p>\n<ul>\n<li><span style=\"font-family: helvetica, arial, sans-serif;\">Votre identifiant = votre adresse mail\u00a0<\/span><\/li>\n<li><span style=\"font-family: helvetica, arial, sans-serif;\">Votre mot de passe = celui que vous aviez enregistr\u00e9 pour la derni\u00e8re campagne.<\/span><\/li>\n<\/ul>\n"}},{"acf_fc_layout":"text-simple","--nav":{"-withNav":false,"-ancre":""},"--group":{"-text":"<p style=\"text-align: center;\"><strong><span style=\"font-family: helvetica, arial, sans-serif; font-size: 14pt; color: #b3912b;\">Aide pour les profils managers\u00a0<\/span><\/strong><\/p>\n<p>&nbsp;<\/p>\n<p><span style=\"font-family: helvetica, arial, sans-serif;\"><strong>Power Point qui reprend \u00e9tape par \u00e9tape la pr\u00e9paration des EP<br \/>\n<\/strong><span style=\"text-decoration: underline;\"><span style=\"color: #0000ff;\"><a style=\"color: #0000ff; text-decoration: underline;\" href=\"https:\/\/cdn.bymycar.eu\/fr-webzine\/wp-content\/uploads\/medias\/medias\/Guide-manager-Realiser-les-entretiens-3.pdf\">Guide pour managers<\/a><\/span><\/span><\/span><\/p>\n<p><span style=\"font-family: helvetica, arial, sans-serif;\"><strong>Trois tutos vid\u00e9os\u00a0<\/strong><\/span><\/p>\n<ul>\n<li style=\"list-style-type: none;\">\n<ul>\n<li><span style=\"font-family: helvetica, arial, sans-serif; color: #0000ff;\"><a style=\"color: #0000ff;\" href=\"https:\/\/youtu.be\/3xtmui6J9zg\" target=\"_blank\" rel=\"noopener\"><span style=\"text-decoration: underline;\"><span style=\"color: #0000ff; text-decoration: underline;\">Pr\u00e9sentation de la plateforme Javelo\u00a0<\/span><\/span><\/a><\/span><\/li>\n<li><span style=\"text-decoration: underline;\"><span style=\"font-family: helvetica, arial, sans-serif; color: #0000ff; text-decoration: underline;\"><a style=\"color: #0000ff; text-decoration: underline;\" href=\"https:\/\/youtu.be\/5sqPONRbt5Q\" target=\"_blank\" rel=\"noopener\">Pr\u00e9parer un entretien<\/a><\/span><\/span><\/li>\n<li><span style=\"text-decoration: underline;\"><span style=\"font-family: helvetica, arial, sans-serif; color: #0000ff; text-decoration: underline;\"><a style=\"color: #0000ff; text-decoration: underline;\" href=\"https:\/\/youtu.be\/rIBdeguQRbU\" target=\"_blank\" rel=\"noopener\">R\u00e9diger l\u2019entretien lors du Face to Face avec le collaborateur<\/a><\/span><\/span><\/li>\n<\/ul>\n<\/li>\n<\/ul>\n"}}]},"add-carousel-to-footer":true},"yoast_head":"<!-- This site is optimized with the Yoast SEO Premium plugin v26.4 (Yoast SEO v26.4) - https:\/\/yoast.com\/wordpress\/plugins\/seo\/ -->\n<title>Entretiens professionnels, tout savoir pour la campagne 2024<\/title>\n<meta name=\"robots\" content=\"index, follow, max-snippet:-1, max-image-preview:large, max-video-preview:-1\" \/>\n<link rel=\"canonical\" href=\"https:\/\/www.bymycar.fr\/webzine\/entretiens-professionnels-tout-savoir-pour-la-campagne-2023\/\" \/>\n<meta property=\"og:locale\" content=\"fr_FR\" \/>\n<meta property=\"og:type\" content=\"article\" \/>\n<meta property=\"og:title\" content=\"Entretiens professionnels, tout savoir pour la campagne 2024\" \/>\n<meta property=\"og:url\" content=\"https:\/\/www.bymycar.fr\/webzine\/entretiens-professionnels-tout-savoir-pour-la-campagne-2023\/\" \/>\n<meta property=\"og:site_name\" content=\"Webzine auto BYmyCAR\" \/>\n<meta property=\"article:published_time\" content=\"2022-12-08T15:17:18+00:00\" \/>\n<meta property=\"article:modified_time\" content=\"2023-12-14T14:59:57+00:00\" \/>\n<meta property=\"og:image\" content=\"https:\/\/cdn.bymycar.eu\/fr-webzine\/wp-content\/uploads\/medias\/entrr.jpeg\" \/>\n\t<meta property=\"og:image:width\" content=\"722\" \/>\n\t<meta property=\"og:image:height\" content=\"420\" \/>\n\t<meta property=\"og:image:type\" content=\"image\/jpeg\" \/>\n<meta name=\"author\" content=\"Claire Cochet\" \/>\n<meta name=\"twitter:card\" content=\"summary_large_image\" \/>\n<meta name=\"twitter:label1\" content=\"\u00c9crit par\" \/>\n\t<meta name=\"twitter:data1\" content=\"Claire Cochet\" \/>\n<script type=\"application\/ld+json\" class=\"yoast-schema-graph\">{\"@context\":\"https:\/\/schema.org\",\"@graph\":[{\"@type\":\"Article\",\"@id\":\"https:\/\/www.bymycar.fr\/webzine\/entretiens-professionnels-tout-savoir-pour-la-campagne-2023\/#article\",\"isPartOf\":{\"@id\":\"https:\/\/www.bymycar.fr\/webzine\/entretiens-professionnels-tout-savoir-pour-la-campagne-2023\/\"},\"author\":{\"name\":\"Claire Cochet\",\"@id\":\"https:\/\/www.bymycar.fr\/webzine\/#\/schema\/person\/5274ad00489219f4c5a692c833c37936\"},\"headline\":\"Entretiens professionnels, tout savoir pour la campagne 2024\",\"datePublished\":\"2022-12-08T15:17:18+00:00\",\"dateModified\":\"2023-12-14T14:59:57+00:00\",\"mainEntityOfPage\":{\"@id\":\"https:\/\/www.bymycar.fr\/webzine\/entretiens-professionnels-tout-savoir-pour-la-campagne-2023\/\"},\"wordCount\":7,\"publisher\":{\"@id\":\"https:\/\/www.bymycar.fr\/webzine\/#organization\"},\"image\":{\"@id\":\"https:\/\/www.bymycar.fr\/webzine\/entretiens-professionnels-tout-savoir-pour-la-campagne-2023\/#primaryimage\"},\"thumbnailUrl\":\"https:\/\/cdn.bymycar.eu\/fr-webzine\/wp-content\/uploads\/medias\/entrr.jpeg\",\"articleSection\":[\"Ressources humaines\"],\"inLanguage\":\"fr-FR\"},{\"@type\":\"WebPage\",\"@id\":\"https:\/\/www.bymycar.fr\/webzine\/entretiens-professionnels-tout-savoir-pour-la-campagne-2023\/\",\"url\":\"https:\/\/www.bymycar.fr\/webzine\/entretiens-professionnels-tout-savoir-pour-la-campagne-2023\/\",\"name\":\"Entretiens professionnels, tout savoir pour la campagne 2024\",\"isPartOf\":{\"@id\":\"https:\/\/www.bymycar.fr\/webzine\/#website\"},\"primaryImageOfPage\":{\"@id\":\"https:\/\/www.bymycar.fr\/webzine\/entretiens-professionnels-tout-savoir-pour-la-campagne-2023\/#primaryimage\"},\"image\":{\"@id\":\"https:\/\/www.bymycar.fr\/webzine\/entretiens-professionnels-tout-savoir-pour-la-campagne-2023\/#primaryimage\"},\"thumbnailUrl\":\"https:\/\/cdn.bymycar.eu\/fr-webzine\/wp-content\/uploads\/medias\/entrr.jpeg\",\"datePublished\":\"2022-12-08T15:17:18+00:00\",\"dateModified\":\"2023-12-14T14:59:57+00:00\",\"breadcrumb\":{\"@id\":\"https:\/\/www.bymycar.fr\/webzine\/entretiens-professionnels-tout-savoir-pour-la-campagne-2023\/#breadcrumb\"},\"inLanguage\":\"fr-FR\",\"potentialAction\":[{\"@type\":\"ReadAction\",\"target\":[\"https:\/\/www.bymycar.fr\/webzine\/entretiens-professionnels-tout-savoir-pour-la-campagne-2023\/\"]}]},{\"@type\":\"ImageObject\",\"inLanguage\":\"fr-FR\",\"@id\":\"https:\/\/www.bymycar.fr\/webzine\/entretiens-professionnels-tout-savoir-pour-la-campagne-2023\/#primaryimage\",\"url\":\"https:\/\/cdn.bymycar.eu\/fr-webzine\/wp-content\/uploads\/medias\/entrr.jpeg\",\"contentUrl\":\"https:\/\/cdn.bymycar.eu\/fr-webzine\/wp-content\/uploads\/medias\/entrr.jpeg\",\"width\":722,\"height\":420},{\"@type\":\"BreadcrumbList\",\"@id\":\"https:\/\/www.bymycar.fr\/webzine\/entretiens-professionnels-tout-savoir-pour-la-campagne-2023\/#breadcrumb\",\"itemListElement\":[{\"@type\":\"ListItem\",\"position\":1,\"name\":\"Accueil\",\"item\":\"https:\/\/www.bymycar.fr\/webzine\/\"},{\"@type\":\"ListItem\",\"position\":2,\"name\":\"Entretiens professionnels, tout savoir pour la campagne 2024\"}]},{\"@type\":\"WebSite\",\"@id\":\"https:\/\/www.bymycar.fr\/webzine\/#website\",\"url\":\"https:\/\/www.bymycar.fr\/webzine\/\",\"name\":\"Webzine auto BYmyCAR\",\"description\":\"La magazine auto de BYmyCAR\",\"publisher\":{\"@id\":\"https:\/\/www.bymycar.fr\/webzine\/#organization\"},\"potentialAction\":[{\"@type\":\"SearchAction\",\"target\":{\"@type\":\"EntryPoint\",\"urlTemplate\":\"https:\/\/www.bymycar.fr\/webzine\/?s={search_term_string}\"},\"query-input\":{\"@type\":\"PropertyValueSpecification\",\"valueRequired\":true,\"valueName\":\"search_term_string\"}}],\"inLanguage\":\"fr-FR\"},{\"@type\":\"Organization\",\"@id\":\"https:\/\/www.bymycar.fr\/webzine\/#organization\",\"name\":\"BYmyCAR\",\"url\":\"https:\/\/www.bymycar.fr\/webzine\/\",\"logo\":{\"@type\":\"ImageObject\",\"inLanguage\":\"fr-FR\",\"@id\":\"https:\/\/www.bymycar.fr\/webzine\/#\/schema\/logo\/image\/\",\"url\":\"https:\/\/cdn.bymycar.eu\/fr-webzine\/wp-content\/uploads\/medias\/2017\/08\/logo_DEALER_00000406_001.png\",\"contentUrl\":\"https:\/\/cdn.bymycar.eu\/fr-webzine\/wp-content\/uploads\/medias\/2017\/08\/logo_DEALER_00000406_001.png\",\"width\":2132,\"height\":720,\"caption\":\"BYmyCAR\"},\"image\":{\"@id\":\"https:\/\/www.bymycar.fr\/webzine\/#\/schema\/logo\/image\/\"}},{\"@type\":\"Person\",\"@id\":\"https:\/\/www.bymycar.fr\/webzine\/#\/schema\/person\/5274ad00489219f4c5a692c833c37936\",\"name\":\"Claire Cochet\",\"image\":{\"@type\":\"ImageObject\",\"inLanguage\":\"fr-FR\",\"@id\":\"https:\/\/www.bymycar.fr\/webzine\/#\/schema\/person\/image\/\",\"url\":\"https:\/\/secure.gravatar.com\/avatar\/d08d570ca82c109a3edf6608751c07285ef441eb4b59327093a06ecf2cd554dd?s=96&d=mm&r=g\",\"contentUrl\":\"https:\/\/secure.gravatar.com\/avatar\/d08d570ca82c109a3edf6608751c07285ef441eb4b59327093a06ecf2cd554dd?s=96&d=mm&r=g\",\"caption\":\"Claire Cochet\"}}]}<\/script>\n<!-- \/ Yoast SEO Premium plugin. -->","yoast_head_json":{"title":"Entretiens professionnels, tout savoir pour la campagne 2024","robots":{"index":"index","follow":"follow","max-snippet":"max-snippet:-1","max-image-preview":"max-image-preview:large","max-video-preview":"max-video-preview:-1"},"canonical":"https:\/\/www.bymycar.fr\/webzine\/entretiens-professionnels-tout-savoir-pour-la-campagne-2023\/","og_locale":"fr_FR","og_type":"article","og_title":"Entretiens professionnels, tout savoir pour la campagne 2024","og_url":"https:\/\/www.bymycar.fr\/webzine\/entretiens-professionnels-tout-savoir-pour-la-campagne-2023\/","og_site_name":"Webzine auto BYmyCAR","article_published_time":"2022-12-08T15:17:18+00:00","article_modified_time":"2023-12-14T14:59:57+00:00","og_image":[{"width":722,"height":420,"url":"https:\/\/cdn.bymycar.eu\/fr-webzine\/wp-content\/uploads\/medias\/entrr.jpeg","type":"image\/jpeg"}],"author":"Claire Cochet","twitter_card":"summary_large_image","twitter_misc":{"\u00c9crit par":"Claire Cochet"},"schema":{"@context":"https:\/\/schema.org","@graph":[{"@type":"Article","@id":"https:\/\/www.bymycar.fr\/webzine\/entretiens-professionnels-tout-savoir-pour-la-campagne-2023\/#article","isPartOf":{"@id":"https:\/\/www.bymycar.fr\/webzine\/entretiens-professionnels-tout-savoir-pour-la-campagne-2023\/"},"author":{"name":"Claire Cochet","@id":"https:\/\/www.bymycar.fr\/webzine\/#\/schema\/person\/5274ad00489219f4c5a692c833c37936"},"headline":"Entretiens professionnels, tout savoir pour la campagne 2024","datePublished":"2022-12-08T15:17:18+00:00","dateModified":"2023-12-14T14:59:57+00:00","mainEntityOfPage":{"@id":"https:\/\/www.bymycar.fr\/webzine\/entretiens-professionnels-tout-savoir-pour-la-campagne-2023\/"},"wordCount":7,"publisher":{"@id":"https:\/\/www.bymycar.fr\/webzine\/#organization"},"image":{"@id":"https:\/\/www.bymycar.fr\/webzine\/entretiens-professionnels-tout-savoir-pour-la-campagne-2023\/#primaryimage"},"thumbnailUrl":"https:\/\/cdn.bymycar.eu\/fr-webzine\/wp-content\/uploads\/medias\/entrr.jpeg","articleSection":["Ressources humaines"],"inLanguage":"fr-FR"},{"@type":"WebPage","@id":"https:\/\/www.bymycar.fr\/webzine\/entretiens-professionnels-tout-savoir-pour-la-campagne-2023\/","url":"https:\/\/www.bymycar.fr\/webzine\/entretiens-professionnels-tout-savoir-pour-la-campagne-2023\/","name":"Entretiens professionnels, tout savoir pour la campagne 2024","isPartOf":{"@id":"https:\/\/www.bymycar.fr\/webzine\/#website"},"primaryImageOfPage":{"@id":"https:\/\/www.bymycar.fr\/webzine\/entretiens-professionnels-tout-savoir-pour-la-campagne-2023\/#primaryimage"},"image":{"@id":"https:\/\/www.bymycar.fr\/webzine\/entretiens-professionnels-tout-savoir-pour-la-campagne-2023\/#primaryimage"},"thumbnailUrl":"https:\/\/cdn.bymycar.eu\/fr-webzine\/wp-content\/uploads\/medias\/entrr.jpeg","datePublished":"2022-12-08T15:17:18+00:00","dateModified":"2023-12-14T14:59:57+00:00","breadcrumb":{"@id":"https:\/\/www.bymycar.fr\/webzine\/entretiens-professionnels-tout-savoir-pour-la-campagne-2023\/#breadcrumb"},"inLanguage":"fr-FR","potentialAction":[{"@type":"ReadAction","target":["https:\/\/www.bymycar.fr\/webzine\/entretiens-professionnels-tout-savoir-pour-la-campagne-2023\/"]}]},{"@type":"ImageObject","inLanguage":"fr-FR","@id":"https:\/\/www.bymycar.fr\/webzine\/entretiens-professionnels-tout-savoir-pour-la-campagne-2023\/#primaryimage","url":"https:\/\/cdn.bymycar.eu\/fr-webzine\/wp-content\/uploads\/medias\/entrr.jpeg","contentUrl":"https:\/\/cdn.bymycar.eu\/fr-webzine\/wp-content\/uploads\/medias\/entrr.jpeg","width":722,"height":420},{"@type":"BreadcrumbList","@id":"https:\/\/www.bymycar.fr\/webzine\/entretiens-professionnels-tout-savoir-pour-la-campagne-2023\/#breadcrumb","itemListElement":[{"@type":"ListItem","position":1,"name":"Accueil","item":"https:\/\/www.bymycar.fr\/webzine\/"},{"@type":"ListItem","position":2,"name":"Entretiens professionnels, tout savoir pour la campagne 2024"}]},{"@type":"WebSite","@id":"https:\/\/www.bymycar.fr\/webzine\/#website","url":"https:\/\/www.bymycar.fr\/webzine\/","name":"Webzine auto BYmyCAR","description":"La magazine auto de BYmyCAR","publisher":{"@id":"https:\/\/www.bymycar.fr\/webzine\/#organization"},"potentialAction":[{"@type":"SearchAction","target":{"@type":"EntryPoint","urlTemplate":"https:\/\/www.bymycar.fr\/webzine\/?s={search_term_string}"},"query-input":{"@type":"PropertyValueSpecification","valueRequired":true,"valueName":"search_term_string"}}],"inLanguage":"fr-FR"},{"@type":"Organization","@id":"https:\/\/www.bymycar.fr\/webzine\/#organization","name":"BYmyCAR","url":"https:\/\/www.bymycar.fr\/webzine\/","logo":{"@type":"ImageObject","inLanguage":"fr-FR","@id":"https:\/\/www.bymycar.fr\/webzine\/#\/schema\/logo\/image\/","url":"https:\/\/cdn.bymycar.eu\/fr-webzine\/wp-content\/uploads\/medias\/2017\/08\/logo_DEALER_00000406_001.png","contentUrl":"https:\/\/cdn.bymycar.eu\/fr-webzine\/wp-content\/uploads\/medias\/2017\/08\/logo_DEALER_00000406_001.png","width":2132,"height":720,"caption":"BYmyCAR"},"image":{"@id":"https:\/\/www.bymycar.fr\/webzine\/#\/schema\/logo\/image\/"}},{"@type":"Person","@id":"https:\/\/www.bymycar.fr\/webzine\/#\/schema\/person\/5274ad00489219f4c5a692c833c37936","name":"Claire Cochet","image":{"@type":"ImageObject","inLanguage":"fr-FR","@id":"https:\/\/www.bymycar.fr\/webzine\/#\/schema\/person\/image\/","url":"https:\/\/secure.gravatar.com\/avatar\/d08d570ca82c109a3edf6608751c07285ef441eb4b59327093a06ecf2cd554dd?s=96&d=mm&r=g","contentUrl":"https:\/\/secure.gravatar.com\/avatar\/d08d570ca82c109a3edf6608751c07285ef441eb4b59327093a06ecf2cd554dd?s=96&d=mm&r=g","caption":"Claire Cochet"}}]}},"_links":{"self":[{"href":"https:\/\/www.bymycar.fr\/webzine\/wp-json\/wp\/v2\/posts\/38144","targetHints":{"allow":["GET"]}}],"collection":[{"href":"https:\/\/www.bymycar.fr\/webzine\/wp-json\/wp\/v2\/posts"}],"about":[{"href":"https:\/\/www.bymycar.fr\/webzine\/wp-json\/wp\/v2\/types\/post"}],"author":[{"embeddable":true,"href":"https:\/\/www.bymycar.fr\/webzine\/wp-json\/wp\/v2\/users\/10"}],"replies":[{"embeddable":true,"href":"https:\/\/www.bymycar.fr\/webzine\/wp-json\/wp\/v2\/comments?post=38144"}],"version-history":[{"count":83,"href":"https:\/\/www.bymycar.fr\/webzine\/wp-json\/wp\/v2\/posts\/38144\/revisions"}],"predecessor-version":[{"id":43733,"href":"https:\/\/www.bymycar.fr\/webzine\/wp-json\/wp\/v2\/posts\/38144\/revisions\/43733"}],"wp:featuredmedia":[{"embeddable":true,"href":"https:\/\/www.bymycar.fr\/webzine\/wp-json\/wp\/v2\/media\/38171"}],"wp:attachment":[{"href":"https:\/\/www.bymycar.fr\/webzine\/wp-json\/wp\/v2\/media?parent=38144"}],"wp:term":[{"taxonomy":"category","embeddable":true,"href":"https:\/\/www.bymycar.fr\/webzine\/wp-json\/wp\/v2\/categories?post=38144"},{"taxonomy":"post_tag","embeddable":true,"href":"https:\/\/www.bymycar.fr\/webzine\/wp-json\/wp\/v2\/tags?post=38144"}],"curies":[{"name":"wp","href":"https:\/\/api.w.org\/{rel}","templated":true}]}}