{"id":37393,"date":"2022-11-22T14:45:51","date_gmt":"2022-11-22T13:45:51","guid":{"rendered":"https:\/\/prod.bymycar.fr\/webzine\/?p=37393"},"modified":"2022-11-22T17:47:16","modified_gmt":"2022-11-22T16:47:16","slug":"duo-day-2022-bymycar-acteur-et-engage","status":"publish","type":"post","link":"https:\/\/www.bymycar.fr\/webzine\/duo-day-2022-bymycar-acteur-et-engage\/","title":{"rendered":"Duo Day 2022, BYmyCAR acteur et engag\u00e9"},"content":{"rendered":"","protected":false},"excerpt":{"rendered":"","protected":false},"author":88,"featured_media":37591,"comment_status":"closed","ping_status":"open","sticky":false,"template":"","format":"standard","meta":{"_acf_changed":false,"footnotes":""},"categories":[2852,1643],"tags":[],"class_list":["post-37393","post","type-post","status-publish","format-standard","has-post-thumbnail","hentry","category-actus-rh","category-ressources-humaines"],"acf":{"template":"classique","introduction":"<p>Ce sont les \u00e9quipes de 5 concessions qui ont accueilli le jeudi 17 octobre des candidats issus de l&rsquo;action Duo Day. Herv\u00e9, Jos\u00e9, Luka, Yan et Alexander sont venus le temps d&rsquo;une journ\u00e9e d\u00e9couvrir les m\u00e9tiers de chez BYmyCAR.<\/p>\n<p><img loading=\"lazy\" decoding=\"async\" class=\"size-medium wp-image-37603 aligncenter\" src=\"https:\/\/obs-webzine-prod.oss.eu-west-0.prod-cloud-ocb.orange-business.com\/medias\/1920X1080_DuoDay2022-03-300x169.png\" alt=\"\" width=\"300\" height=\"169\" srcset=\"https:\/\/cdn.bymycar.eu\/fr-webzine\/wp-content\/uploads\/medias\/1920X1080_DuoDay2022-03.png 300w, https:\/\/cdn.bymycar.eu\/fr-webzine\/wp-content\/uploads\/medias\/1920X1080_DuoDay2022-03.png 1024w, https:\/\/cdn.bymycar.eu\/fr-webzine\/wp-content\/uploads\/medias\/1920X1080_DuoDay2022-03.png 768w, https:\/\/cdn.bymycar.eu\/fr-webzine\/wp-content\/uploads\/medias\/1920X1080_DuoDay2022-03.png 1536w, https:\/\/cdn.bymycar.eu\/fr-webzine\/wp-content\/uploads\/medias\/1920X1080_DuoDay2022-03.png 320w, https:\/\/cdn.bymycar.eu\/fr-webzine\/wp-content\/uploads\/medias\/1920X1080_DuoDay2022-03.png 1920w\" sizes=\"(max-width: 300px) 100vw, 300px\" \/><\/p>\n<p><em><strong>Mais le Duo Day, c&rsquo;est quoi ?<\/strong><\/em><\/p>\n<p><span class=\"JsGRdQ\">C&rsquo;est une action de solidarit\u00e9 qui s&rsquo;inscrit dans la semaine europ\u00e9enne pour l&#8217;emploi des personnes handicap\u00e9es. <\/span><\/p>\n<p><span class=\"JsGRdQ\">Durant la journ\u00e9e du 17 novembre, une personne en situation de handicap compose <\/span><span class=\"JsGRdQ\">un duo<\/span><span class=\"JsGRdQ\"> avec un collaborateur de l&rsquo;entreprise pour <\/span><span class=\"JsGRdQ\">une immersion professionnelle<\/span><span class=\"JsGRdQ\"> ! BYmyCAR a d\u00e9cid\u00e9 de s&rsquo;y engager pour plusieurs raisons :\u00a0<\/span><\/p>\n<ul>\n<li>Lutter contre les pr\u00e9jug\u00e9s sur le handicap au travail<\/li>\n<li>Rencontrer de nouveaux talents<\/li>\n<li>Faire d\u00e9couvrir son entreprise<\/li>\n<\/ul>\n","strates":[{"type_strate":"50-50-image-texte-full","ancre":"","contenu":"<p><em><strong>Mais le Duo Day, c&rsquo;est quoi ?<\/strong><\/em><\/p>\n<p><span class=\"JsGRdQ\">C&rsquo;est une action de solidarit\u00e9 qui s&rsquo;inscrit dans la semaine europ\u00e9enne pour l&#8217;emploi des personnes handicap\u00e9es. <\/span><\/p>\n<p><span class=\"JsGRdQ\">Durant la journ\u00e9e du 17 novembre, une personne en situation de handicap compose <\/span><span class=\"JsGRdQ\">un duo<\/span><span class=\"JsGRdQ\"> avec un collaborateur de l&rsquo;entreprise pour <\/span><span class=\"JsGRdQ\">une immersion professionnelle<\/span><span class=\"JsGRdQ\"> ! BYmyCAR a d\u00e9cid\u00e9 de s&rsquo;y engager pour plusieurs raisons :\u00a0<\/span><\/p>\n<ul>\n<li>Lutter contre les pr\u00e9jug\u00e9s sur le handicap au travail<\/li>\n<li>Rencontrer de nouveaux talents<\/li>\n<li>Faire d\u00e9couvrir notre entreprise<\/li>\n<\/ul>\n","titre":"","image":false,"image_libre":false,"image_800x500":{"ID":37615,"id":37615,"title":"Sans titre (39)","filename":"Sans-titre-39.png","filesize":1,"url":"https:\/\/cdn.bymycar.eu\/fr-webzine\/wp-content\/uploads\/medias\/Sans-titre-39.png","link":"https:\/\/www.bymycar.fr\/webzine\/duo-day-2022-bymycar-acteur-et-engage\/sans-titre-39\/","alt":"","author":"88","description":"","caption":"","name":"sans-titre-39","status":"inherit","uploaded_to":37393,"date":"2022-11-21 15:42:40","modified":"2022-11-21 15:42:40","menu_order":0,"mime_type":"image\/png","type":"image","subtype":"png","icon":"https:\/\/www.bymycar.fr\/webzine\/wp-includes\/images\/media\/default.png","width":800,"height":500,"sizes":{"thumbnail":"https:\/\/cdn.bymycar.eu\/fr-webzine\/wp-content\/uploads\/medias\/Sans-titre-39-150x150.png","thumbnail-width":150,"thumbnail-height":150,"medium":"https:\/\/cdn.bymycar.eu\/fr-webzine\/wp-content\/uploads\/medias\/Sans-titre-39-300x188.png","medium-width":300,"medium-height":188,"medium_large":"https:\/\/cdn.bymycar.eu\/fr-webzine\/wp-content\/uploads\/medias\/Sans-titre-39-768x480.png","medium_large-width":768,"medium_large-height":480,"large":"https:\/\/cdn.bymycar.eu\/fr-webzine\/wp-content\/uploads\/medias\/Sans-titre-39.png","large-width":800,"large-height":500,"1536x1536":"https:\/\/cdn.bymycar.eu\/fr-webzine\/wp-content\/uploads\/medias\/Sans-titre-39.png","1536x1536-width":800,"1536x1536-height":500,"2048x2048":"https:\/\/cdn.bymycar.eu\/fr-webzine\/wp-content\/uploads\/medias\/Sans-titre-39.png","2048x2048-width":800,"2048x2048-height":500}},"legende":"","zoom":false,"texte":"<p>Ce sont donc 5 candidats qui sont venus sur les sites de Vaise, V\u00e9nissieux, Nancy, Fontaine et Bourgoin Jallieu avec la m\u00eame curiosit\u00e9, celle de d\u00e9couvrir le monde des concessions automobile. Sur place, les \u00e9quipes les ont accueillis et accompagn\u00e9s sur cette exp\u00e9rience :<\/p>\n<ul>\n<li style=\"font-family: AvenirLTStd-medium;font-size: 13.5pt;color: #1a1714\">Luka est all\u00e9 \u00e0 la rencontre des m\u00e9caniciens de l\u2019atelier de Renault Nancy<\/li>\n<li style=\"font-family: AvenirLTStd-medium;font-size: 13.5pt;color: #1a1714\">Alexander a d\u00e9couvert l\u2019univers du commerce sur le site de Volkswagen Vaise<\/li>\n<li style=\"font-family: AvenirLTStd-medium;font-size: 13.5pt;color: #1a1714\">Herv\u00e9 \u00e9tait \u00e0 V\u00e9nissieux pour \u00e9changer avec les \u00e9quipes du marketing<\/li>\n<li style=\"font-family: AvenirLTStd-medium;font-size: 13.5pt;color: #1a1714\">Jos\u00e9 a test\u00e9 une journ\u00e9e immersive avec plusieurs \u00e9quipes de Fiat Fontaine<\/li>\n<li style=\"font-family: AvenirLTStd-medium;font-size: 13.5pt;color: #1a1714\">Et Yan, \u00e9tait \u00e0 Bourgoin-Jallieu au c\u0153ur du showroom<\/li>\n<\/ul>\n","articles":false,"categorie_droite":false,"images":false,"elements_comparatif":false,"texte_1":"","texte_2":"","image_1":false,"image_1_563x400":false,"image_1_332x332":false,"image_2":false,"image_2_333x240":false,"image_2_563x400":false,"image_3":false,"image_3_333x240":false,"image_3_332x450":false,"image_4":false,"image_4_332x332":false,"image_4_563x400":false,"code_embed":"","legende_video":"","photo":false,"photo_100x100":false,"nom":"","fonction":"","elements_timeline":false,"entetes_colonnes":false,"entetes_lignes":false,"lignes":false,"introduction":"","formulaire":false,"question":"","reponse":"","libelle_bouton_lien":"","url_lien":"","questions":false,"conclusions":false,"pays":false,"region":false,"marque":false,"marqueConcessions":false,"modele":false,"ptvente":false,"typeV":false,"collection":false,"nombre_maximum_elements":10,"lien_fin_carousel":"","texte_lien_fin_carousel":"","trier_par":false},{"type_strate":"citation","ancre":"","contenu":"<p>Merci \u00e0 nos collaborateurs : Patricia, Val\u00e9rie, B\u00e9n\u00e9dicte, Jos\u00e9, Lamia, Manon, Martin, C\u00e9lia, H\u00e9l\u00e8ne, Herv\u00e9&#8230; et l&rsquo;ensemble des \u00e9quipes pour leur engagement !<\/p>\n","titre":"","image":false,"image_libre":false,"image_800x500":{"ID":37596,"id":37596,"title":"Sans titre (36)","filename":"Sans-titre-36.png","filesize":1,"url":"https:\/\/cdn.bymycar.eu\/fr-webzine\/wp-content\/uploads\/medias\/Sans-titre-36.png","link":"https:\/\/www.bymycar.fr\/webzine\/duo-day-2022-bymycar-acteur-et-engage\/sans-titre-36\/","alt":"","author":"88","description":"","caption":"","name":"sans-titre-36","status":"inherit","uploaded_to":37393,"date":"2022-11-21 15:25:02","modified":"2022-11-21 15:25:02","menu_order":0,"mime_type":"image\/png","type":"image","subtype":"png","icon":"https:\/\/www.bymycar.fr\/webzine\/wp-includes\/images\/media\/default.png","width":2000,"height":1600,"sizes":{"thumbnail":"https:\/\/cdn.bymycar.eu\/fr-webzine\/wp-content\/uploads\/medias\/Sans-titre-36-150x150.png","thumbnail-width":150,"thumbnail-height":150,"medium":"https:\/\/cdn.bymycar.eu\/fr-webzine\/wp-content\/uploads\/medias\/Sans-titre-36-300x240.png","medium-width":300,"medium-height":240,"medium_large":"https:\/\/cdn.bymycar.eu\/fr-webzine\/wp-content\/uploads\/medias\/Sans-titre-36-768x614.png","medium_large-width":768,"medium_large-height":614,"large":"https:\/\/cdn.bymycar.eu\/fr-webzine\/wp-content\/uploads\/medias\/Sans-titre-36-1024x819.png","large-width":1024,"large-height":819,"1536x1536":"https:\/\/cdn.bymycar.eu\/fr-webzine\/wp-content\/uploads\/medias\/Sans-titre-36-1536x1229.png","1536x1536-width":1536,"1536x1536-height":1229,"2048x2048":"https:\/\/cdn.bymycar.eu\/fr-webzine\/wp-content\/uploads\/medias\/Sans-titre-36.png","2048x2048-width":2000,"2048x2048-height":1600}},"legende":"","zoom":false,"texte":"<p>Le Duo Day, c&rsquo;est une opportunit\u00e9 pour d\u00e9couvrir des professions, des entreprises, des environnements, mais aussi pour se faire d\u00e9couvrir nous, porteurs de pathologies ! &#8211; <span style=\"font-size: 10pt\">Alexander, candidat du Duo Day 2022 chez BYmyCAR Vaise (69)<\/span><\/p>\n","articles":false,"categorie_droite":false,"images":false,"elements_comparatif":false,"texte_1":"","texte_2":"","image_1":false,"image_1_563x400":false,"image_1_332x332":false,"image_2":false,"image_2_333x240":false,"image_2_563x400":false,"image_3":false,"image_3_333x240":false,"image_3_332x450":false,"image_4":false,"image_4_332x332":false,"image_4_563x400":false,"code_embed":"","legende_video":"","photo":false,"photo_100x100":false,"nom":"","fonction":"","elements_timeline":false,"entetes_colonnes":false,"entetes_lignes":false,"lignes":false,"introduction":"","formulaire":false,"question":"","reponse":"","libelle_bouton_lien":"","url_lien":"","questions":false,"conclusions":false,"pays":false,"region":false,"marque":false,"marqueConcessions":false,"modele":false,"ptvente":false,"typeV":false,"collection":false,"nombre_maximum_elements":10,"lien_fin_carousel":"","texte_lien_fin_carousel":"","trier_par":false},{"type_strate":"texte-simple","ancre":"","contenu":"<p>Des immersions qui permettent de parler <em>inclusion <\/em>mais aussi<em> diversit\u00e9 des talents !\u00a0<\/em><\/p>\n<p>Merci \u00e0 nos collaborateurs volontaires : Patricia, Khairedine, Val\u00e9rie, B\u00e9n\u00e9dicte, Jos\u00e9, Lamia, Manon, Martin, C\u00e9lia, H\u00e9l\u00e8ne, Herv\u00e9&#8230; et l&rsquo;ensemble de leurs \u00e9quipes d&rsquo;avoir ouvert la porte de leur quotidien chez BYmyCAR.<\/p>\n","titre":"merci","image":false,"image_libre":false,"image_800x500":false,"legende":"","zoom":false,"texte":"<p>Le Duo Day, c&rsquo;est une opportunit\u00e9 pour d\u00e9couvrir des professions, des entreprises, des environnement, mais aussi pour se faire d\u00e9couvrir nous porteur de pathologie ! &#8211; <span style=\"font-size: 10pt\">Alexander, candidat du Duo Day 2022 chez BYmyCAR Vaise (69)<\/span><\/p>\n","articles":false,"categorie_droite":false,"images":false,"elements_comparatif":false,"texte_1":"","texte_2":"","image_1":false,"image_1_563x400":false,"image_1_332x332":false,"image_2":false,"image_2_333x240":false,"image_2_563x400":false,"image_3":false,"image_3_333x240":false,"image_3_332x450":false,"image_4":false,"image_4_332x332":false,"image_4_563x400":false,"code_embed":"","legende_video":"","photo":false,"photo_100x100":false,"nom":"","fonction":"","elements_timeline":false,"entetes_colonnes":false,"entetes_lignes":false,"lignes":false,"introduction":"","formulaire":false,"question":"","reponse":"","libelle_bouton_lien":"","url_lien":"","questions":false,"conclusions":false,"pays":false,"region":false,"marque":false,"marqueConcessions":false,"modele":false,"ptvente":false,"typeV":false,"collection":false,"nombre_maximum_elements":10,"lien_fin_carousel":"","texte_lien_fin_carousel":"","trier_par":false}],"is_old_post":false,"image":{"ID":37591,"id":37591,"title":"Luka-Morel Pilon","filename":"Luka-Morel-Pilon.jpg","filesize":1,"url":"https:\/\/cdn.bymycar.eu\/fr-webzine\/wp-content\/uploads\/medias\/Luka-Morel-Pilon.jpg","link":"https:\/\/www.bymycar.fr\/webzine\/duo-day-2022-bymycar-acteur-et-engage\/luka-morel-pilon-2\/","alt":"","author":"88","description":"","caption":"","name":"luka-morel-pilon-2","status":"inherit","uploaded_to":37393,"date":"2022-11-21 15:01:58","modified":"2022-11-21 15:01:58","menu_order":0,"mime_type":"image\/jpeg","type":"image","subtype":"jpeg","icon":"https:\/\/www.bymycar.fr\/webzine\/wp-includes\/images\/media\/default.png","width":2560,"height":1920,"sizes":{"thumbnail":"https:\/\/cdn.bymycar.eu\/fr-webzine\/wp-content\/uploads\/medias\/Luka-Morel-Pilon-150x150.jpg","thumbnail-width":150,"thumbnail-height":150,"medium":"https:\/\/cdn.bymycar.eu\/fr-webzine\/wp-content\/uploads\/medias\/Luka-Morel-Pilon-300x225.jpg","medium-width":300,"medium-height":225,"medium_large":"https:\/\/cdn.bymycar.eu\/fr-webzine\/wp-content\/uploads\/medias\/Luka-Morel-Pilon-768x576.jpg","medium_large-width":768,"medium_large-height":576,"large":"https:\/\/cdn.bymycar.eu\/fr-webzine\/wp-content\/uploads\/medias\/Luka-Morel-Pilon-1024x768.jpg","large-width":1024,"large-height":768,"1536x1536":"https:\/\/cdn.bymycar.eu\/fr-webzine\/wp-content\/uploads\/medias\/Luka-Morel-Pilon-1536x1152.jpg","1536x1536-width":1536,"1536x1536-height":1152,"2048x2048":"https:\/\/cdn.bymycar.eu\/fr-webzine\/wp-content\/uploads\/medias\/Luka-Morel-Pilon-2048x1536.jpg","2048x2048-width":2048,"2048x2048-height":1536}},"page_content":{"block_content":[{"acf_fc_layout":"text-image","--nav":{"-withNav":false,"-ancre":""},"--group":{"-image":{"ID":37615,"id":37615,"title":"Sans titre (39)","filename":"Sans-titre-39.png","filesize":1,"url":"https:\/\/cdn.bymycar.eu\/fr-webzine\/wp-content\/uploads\/medias\/Sans-titre-39.png","link":"https:\/\/www.bymycar.fr\/webzine\/duo-day-2022-bymycar-acteur-et-engage\/sans-titre-39\/","alt":"","author":"88","description":"","caption":"","name":"sans-titre-39","status":"inherit","uploaded_to":37393,"date":"2022-11-21 15:42:40","modified":"2022-11-21 15:42:40","menu_order":0,"mime_type":"image\/png","type":"image","subtype":"png","icon":"https:\/\/www.bymycar.fr\/webzine\/wp-includes\/images\/media\/default.png","width":800,"height":500,"sizes":{"thumbnail":"https:\/\/cdn.bymycar.eu\/fr-webzine\/wp-content\/uploads\/medias\/Sans-titre-39-150x150.png","thumbnail-width":150,"thumbnail-height":150,"medium":"https:\/\/cdn.bymycar.eu\/fr-webzine\/wp-content\/uploads\/medias\/Sans-titre-39-300x188.png","medium-width":300,"medium-height":188,"medium_large":"https:\/\/cdn.bymycar.eu\/fr-webzine\/wp-content\/uploads\/medias\/Sans-titre-39-768x480.png","medium_large-width":768,"medium_large-height":480,"large":"https:\/\/cdn.bymycar.eu\/fr-webzine\/wp-content\/uploads\/medias\/Sans-titre-39.png","large-width":800,"large-height":500,"1536x1536":"https:\/\/cdn.bymycar.eu\/fr-webzine\/wp-content\/uploads\/medias\/Sans-titre-39.png","1536x1536-width":800,"1536x1536-height":500,"2048x2048":"https:\/\/cdn.bymycar.eu\/fr-webzine\/wp-content\/uploads\/medias\/Sans-titre-39.png","2048x2048-width":800,"2048x2048-height":500}},"-title":"","-text":"<p>Ce sont donc 5 candidats qui sont venus sur les sites de Vaise, V\u00e9nissieux, Nancy, Fontaine et Bourgoin Jallieu avec la m\u00eame curiosit\u00e9, celle de d\u00e9couvrir le monde des concessions automobile. Sur place, les \u00e9quipes les ont accueillis et accompagn\u00e9s sur cette exp\u00e9rience :<\/p>\n<ul>\n<li style=\"font-family: AvenirLTStd-medium;font-size: 13.5pt;color: #1a1714\">Luka est all\u00e9 \u00e0 la rencontre des m\u00e9caniciens de l\u2019atelier de Renault Nancy<\/li>\n<li style=\"font-family: AvenirLTStd-medium;font-size: 13.5pt;color: #1a1714\">Alexander a d\u00e9couvert l\u2019univers du commerce sur le site de Volkswagen Vaise<\/li>\n<li style=\"font-family: AvenirLTStd-medium;font-size: 13.5pt;color: #1a1714\">Herv\u00e9 \u00e9tait \u00e0 V\u00e9nissieux pour \u00e9changer avec les \u00e9quipes du marketing<\/li>\n<li style=\"font-family: AvenirLTStd-medium;font-size: 13.5pt;color: #1a1714\">Jos\u00e9 a test\u00e9 une journ\u00e9e immersive avec plusieurs \u00e9quipes de Fiat Fontaine<\/li>\n<li style=\"font-family: AvenirLTStd-medium;font-size: 13.5pt;color: #1a1714\">Et Yan, \u00e9tait \u00e0 Bourgoin-Jallieu au c\u0153ur du showroom<\/li>\n<\/ul>\n"}},{"acf_fc_layout":"citation","--nav":{"-withNav":false,"-ancre":""},"--group":{"-citation":"Le Duo Day, c&rsquo;est une opportunit\u00e9 pour d\u00e9couvrir des professions, des entreprises, des environnements, mais aussi pour se faire d\u00e9couvrir nous, porteurs de pathologies ! &#8211; Alexander, candidat du Duo Day 2022 chez BYmyCAR Vaise (69)<br \/>\n","-image":false,"-nom":"","-function":""}},{"acf_fc_layout":"text-simple","--nav":{"-withNav":false,"-ancre":""},"--group":{"-text":"<p>Des immersions qui permettent de parler <em>inclusion <\/em>mais aussi<em> diversit\u00e9 des talents !\u00a0<\/em><\/p>\n<p>Merci \u00e0 nos collaborateurs volontaires : Patricia, Khairedine, Val\u00e9rie, B\u00e9n\u00e9dicte, Jos\u00e9, Lamia, Manon, Martin, C\u00e9lia, H\u00e9l\u00e8ne, Herv\u00e9&#8230; et l&rsquo;ensemble de leurs \u00e9quipes d&rsquo;avoir ouvert la porte de leur quotidien chez BYmyCAR.<\/p>\n"}}]},"add-carousel-to-footer":true},"yoast_head":"<!-- This site is optimized with the Yoast SEO Premium plugin v26.4 (Yoast SEO v26.4) - https:\/\/yoast.com\/wordpress\/plugins\/seo\/ -->\n<title>Duo Day 2022, BYmyCAR acteur et engag\u00e9<\/title>\n<meta name=\"robots\" content=\"index, follow, max-snippet:-1, max-image-preview:large, max-video-preview:-1\" \/>\n<link rel=\"canonical\" href=\"https:\/\/www.bymycar.fr\/webzine\/duo-day-2022-bymycar-acteur-et-engage\/\" \/>\n<meta property=\"og:locale\" content=\"fr_FR\" \/>\n<meta property=\"og:type\" content=\"article\" \/>\n<meta property=\"og:title\" content=\"Duo Day 2022, BYmyCAR acteur et engag\u00e9\" \/>\n<meta property=\"og:url\" content=\"https:\/\/www.bymycar.fr\/webzine\/duo-day-2022-bymycar-acteur-et-engage\/\" \/>\n<meta property=\"og:site_name\" content=\"Webzine auto BYmyCAR\" \/>\n<meta property=\"article:published_time\" content=\"2022-11-22T13:45:51+00:00\" \/>\n<meta property=\"article:modified_time\" content=\"2022-11-22T16:47:16+00:00\" \/>\n<meta property=\"og:image\" content=\"https:\/\/cdn.bymycar.eu\/fr-webzine\/wp-content\/uploads\/medias\/Luka-Morel-Pilon.jpg\" \/>\n\t<meta property=\"og:image:width\" content=\"2560\" \/>\n\t<meta property=\"og:image:height\" content=\"1920\" \/>\n\t<meta property=\"og:image:type\" content=\"image\/jpeg\" \/>\n<meta name=\"author\" content=\"La R\u00e9daction BYmyCAR\" \/>\n<meta name=\"twitter:card\" content=\"summary_large_image\" \/>\n<meta name=\"twitter:label1\" content=\"\u00c9crit par\" \/>\n\t<meta name=\"twitter:data1\" content=\"La R\u00e9daction BYmyCAR\" \/>\n<script type=\"application\/ld+json\" class=\"yoast-schema-graph\">{\"@context\":\"https:\/\/schema.org\",\"@graph\":[{\"@type\":\"Article\",\"@id\":\"https:\/\/www.bymycar.fr\/webzine\/duo-day-2022-bymycar-acteur-et-engage\/#article\",\"isPartOf\":{\"@id\":\"https:\/\/www.bymycar.fr\/webzine\/duo-day-2022-bymycar-acteur-et-engage\/\"},\"author\":{\"name\":\"La R\u00e9daction BYmyCAR\",\"@id\":\"https:\/\/www.bymycar.fr\/webzine\/#\/schema\/person\/8d570fe11eb8929f06c1e6d00f4d9689\"},\"headline\":\"Duo Day 2022, BYmyCAR acteur et engag\u00e9\",\"datePublished\":\"2022-11-22T13:45:51+00:00\",\"dateModified\":\"2022-11-22T16:47:16+00:00\",\"mainEntityOfPage\":{\"@id\":\"https:\/\/www.bymycar.fr\/webzine\/duo-day-2022-bymycar-acteur-et-engage\/\"},\"wordCount\":6,\"publisher\":{\"@id\":\"https:\/\/www.bymycar.fr\/webzine\/#organization\"},\"image\":{\"@id\":\"https:\/\/www.bymycar.fr\/webzine\/duo-day-2022-bymycar-acteur-et-engage\/#primaryimage\"},\"thumbnailUrl\":\"https:\/\/cdn.bymycar.eu\/fr-webzine\/wp-content\/uploads\/medias\/Luka-Morel-Pilon.jpg\",\"articleSection\":[\"Actus RH BYmyCAR\",\"Ressources humaines\"],\"inLanguage\":\"fr-FR\"},{\"@type\":\"WebPage\",\"@id\":\"https:\/\/www.bymycar.fr\/webzine\/duo-day-2022-bymycar-acteur-et-engage\/\",\"url\":\"https:\/\/www.bymycar.fr\/webzine\/duo-day-2022-bymycar-acteur-et-engage\/\",\"name\":\"Duo Day 2022, BYmyCAR acteur et engag\u00e9\",\"isPartOf\":{\"@id\":\"https:\/\/www.bymycar.fr\/webzine\/#website\"},\"primaryImageOfPage\":{\"@id\":\"https:\/\/www.bymycar.fr\/webzine\/duo-day-2022-bymycar-acteur-et-engage\/#primaryimage\"},\"image\":{\"@id\":\"https:\/\/www.bymycar.fr\/webzine\/duo-day-2022-bymycar-acteur-et-engage\/#primaryimage\"},\"thumbnailUrl\":\"https:\/\/cdn.bymycar.eu\/fr-webzine\/wp-content\/uploads\/medias\/Luka-Morel-Pilon.jpg\",\"datePublished\":\"2022-11-22T13:45:51+00:00\",\"dateModified\":\"2022-11-22T16:47:16+00:00\",\"breadcrumb\":{\"@id\":\"https:\/\/www.bymycar.fr\/webzine\/duo-day-2022-bymycar-acteur-et-engage\/#breadcrumb\"},\"inLanguage\":\"fr-FR\",\"potentialAction\":[{\"@type\":\"ReadAction\",\"target\":[\"https:\/\/www.bymycar.fr\/webzine\/duo-day-2022-bymycar-acteur-et-engage\/\"]}]},{\"@type\":\"ImageObject\",\"inLanguage\":\"fr-FR\",\"@id\":\"https:\/\/www.bymycar.fr\/webzine\/duo-day-2022-bymycar-acteur-et-engage\/#primaryimage\",\"url\":\"https:\/\/cdn.bymycar.eu\/fr-webzine\/wp-content\/uploads\/medias\/Luka-Morel-Pilon.jpg\",\"contentUrl\":\"https:\/\/cdn.bymycar.eu\/fr-webzine\/wp-content\/uploads\/medias\/Luka-Morel-Pilon.jpg\",\"width\":2560,\"height\":1920},{\"@type\":\"BreadcrumbList\",\"@id\":\"https:\/\/www.bymycar.fr\/webzine\/duo-day-2022-bymycar-acteur-et-engage\/#breadcrumb\",\"itemListElement\":[{\"@type\":\"ListItem\",\"position\":1,\"name\":\"Accueil\",\"item\":\"https:\/\/www.bymycar.fr\/webzine\/\"},{\"@type\":\"ListItem\",\"position\":2,\"name\":\"Duo Day 2022, BYmyCAR acteur et engag\u00e9\"}]},{\"@type\":\"WebSite\",\"@id\":\"https:\/\/www.bymycar.fr\/webzine\/#website\",\"url\":\"https:\/\/www.bymycar.fr\/webzine\/\",\"name\":\"Webzine auto BYmyCAR\",\"description\":\"La magazine auto de BYmyCAR\",\"publisher\":{\"@id\":\"https:\/\/www.bymycar.fr\/webzine\/#organization\"},\"potentialAction\":[{\"@type\":\"SearchAction\",\"target\":{\"@type\":\"EntryPoint\",\"urlTemplate\":\"https:\/\/www.bymycar.fr\/webzine\/?s={search_term_string}\"},\"query-input\":{\"@type\":\"PropertyValueSpecification\",\"valueRequired\":true,\"valueName\":\"search_term_string\"}}],\"inLanguage\":\"fr-FR\"},{\"@type\":\"Organization\",\"@id\":\"https:\/\/www.bymycar.fr\/webzine\/#organization\",\"name\":\"BYmyCAR\",\"url\":\"https:\/\/www.bymycar.fr\/webzine\/\",\"logo\":{\"@type\":\"ImageObject\",\"inLanguage\":\"fr-FR\",\"@id\":\"https:\/\/www.bymycar.fr\/webzine\/#\/schema\/logo\/image\/\",\"url\":\"https:\/\/cdn.bymycar.eu\/fr-webzine\/wp-content\/uploads\/medias\/2017\/08\/logo_DEALER_00000406_001.png\",\"contentUrl\":\"https:\/\/cdn.bymycar.eu\/fr-webzine\/wp-content\/uploads\/medias\/2017\/08\/logo_DEALER_00000406_001.png\",\"width\":2132,\"height\":720,\"caption\":\"BYmyCAR\"},\"image\":{\"@id\":\"https:\/\/www.bymycar.fr\/webzine\/#\/schema\/logo\/image\/\"}},{\"@type\":\"Person\",\"@id\":\"https:\/\/www.bymycar.fr\/webzine\/#\/schema\/person\/8d570fe11eb8929f06c1e6d00f4d9689\",\"name\":\"La R\u00e9daction BYmyCAR\",\"image\":{\"@type\":\"ImageObject\",\"inLanguage\":\"fr-FR\",\"@id\":\"https:\/\/www.bymycar.fr\/webzine\/#\/schema\/person\/image\/\",\"url\":\"https:\/\/secure.gravatar.com\/avatar\/1aa6b039d0ce106989923af4e2d0f2a0c82bb070d5e449f1b9adf082a5863900?s=96&d=mm&r=g\",\"contentUrl\":\"https:\/\/secure.gravatar.com\/avatar\/1aa6b039d0ce106989923af4e2d0f2a0c82bb070d5e449f1b9adf082a5863900?s=96&d=mm&r=g\",\"caption\":\"La R\u00e9daction BYmyCAR\"},\"sameAs\":[\"https:\/\/www.bymycar.fr\/\"]}]}<\/script>\n<!-- \/ Yoast SEO Premium plugin. -->","yoast_head_json":{"title":"Duo Day 2022, BYmyCAR acteur et engag\u00e9","robots":{"index":"index","follow":"follow","max-snippet":"max-snippet:-1","max-image-preview":"max-image-preview:large","max-video-preview":"max-video-preview:-1"},"canonical":"https:\/\/www.bymycar.fr\/webzine\/duo-day-2022-bymycar-acteur-et-engage\/","og_locale":"fr_FR","og_type":"article","og_title":"Duo Day 2022, BYmyCAR acteur et engag\u00e9","og_url":"https:\/\/www.bymycar.fr\/webzine\/duo-day-2022-bymycar-acteur-et-engage\/","og_site_name":"Webzine auto BYmyCAR","article_published_time":"2022-11-22T13:45:51+00:00","article_modified_time":"2022-11-22T16:47:16+00:00","og_image":[{"width":2560,"height":1920,"url":"https:\/\/cdn.bymycar.eu\/fr-webzine\/wp-content\/uploads\/medias\/Luka-Morel-Pilon.jpg","type":"image\/jpeg"}],"author":"La R\u00e9daction BYmyCAR","twitter_card":"summary_large_image","twitter_misc":{"\u00c9crit par":"La R\u00e9daction BYmyCAR"},"schema":{"@context":"https:\/\/schema.org","@graph":[{"@type":"Article","@id":"https:\/\/www.bymycar.fr\/webzine\/duo-day-2022-bymycar-acteur-et-engage\/#article","isPartOf":{"@id":"https:\/\/www.bymycar.fr\/webzine\/duo-day-2022-bymycar-acteur-et-engage\/"},"author":{"name":"La R\u00e9daction BYmyCAR","@id":"https:\/\/www.bymycar.fr\/webzine\/#\/schema\/person\/8d570fe11eb8929f06c1e6d00f4d9689"},"headline":"Duo Day 2022, BYmyCAR acteur et engag\u00e9","datePublished":"2022-11-22T13:45:51+00:00","dateModified":"2022-11-22T16:47:16+00:00","mainEntityOfPage":{"@id":"https:\/\/www.bymycar.fr\/webzine\/duo-day-2022-bymycar-acteur-et-engage\/"},"wordCount":6,"publisher":{"@id":"https:\/\/www.bymycar.fr\/webzine\/#organization"},"image":{"@id":"https:\/\/www.bymycar.fr\/webzine\/duo-day-2022-bymycar-acteur-et-engage\/#primaryimage"},"thumbnailUrl":"https:\/\/cdn.bymycar.eu\/fr-webzine\/wp-content\/uploads\/medias\/Luka-Morel-Pilon.jpg","articleSection":["Actus RH BYmyCAR","Ressources humaines"],"inLanguage":"fr-FR"},{"@type":"WebPage","@id":"https:\/\/www.bymycar.fr\/webzine\/duo-day-2022-bymycar-acteur-et-engage\/","url":"https:\/\/www.bymycar.fr\/webzine\/duo-day-2022-bymycar-acteur-et-engage\/","name":"Duo Day 2022, BYmyCAR acteur et engag\u00e9","isPartOf":{"@id":"https:\/\/www.bymycar.fr\/webzine\/#website"},"primaryImageOfPage":{"@id":"https:\/\/www.bymycar.fr\/webzine\/duo-day-2022-bymycar-acteur-et-engage\/#primaryimage"},"image":{"@id":"https:\/\/www.bymycar.fr\/webzine\/duo-day-2022-bymycar-acteur-et-engage\/#primaryimage"},"thumbnailUrl":"https:\/\/cdn.bymycar.eu\/fr-webzine\/wp-content\/uploads\/medias\/Luka-Morel-Pilon.jpg","datePublished":"2022-11-22T13:45:51+00:00","dateModified":"2022-11-22T16:47:16+00:00","breadcrumb":{"@id":"https:\/\/www.bymycar.fr\/webzine\/duo-day-2022-bymycar-acteur-et-engage\/#breadcrumb"},"inLanguage":"fr-FR","potentialAction":[{"@type":"ReadAction","target":["https:\/\/www.bymycar.fr\/webzine\/duo-day-2022-bymycar-acteur-et-engage\/"]}]},{"@type":"ImageObject","inLanguage":"fr-FR","@id":"https:\/\/www.bymycar.fr\/webzine\/duo-day-2022-bymycar-acteur-et-engage\/#primaryimage","url":"https:\/\/cdn.bymycar.eu\/fr-webzine\/wp-content\/uploads\/medias\/Luka-Morel-Pilon.jpg","contentUrl":"https:\/\/cdn.bymycar.eu\/fr-webzine\/wp-content\/uploads\/medias\/Luka-Morel-Pilon.jpg","width":2560,"height":1920},{"@type":"BreadcrumbList","@id":"https:\/\/www.bymycar.fr\/webzine\/duo-day-2022-bymycar-acteur-et-engage\/#breadcrumb","itemListElement":[{"@type":"ListItem","position":1,"name":"Accueil","item":"https:\/\/www.bymycar.fr\/webzine\/"},{"@type":"ListItem","position":2,"name":"Duo Day 2022, BYmyCAR acteur et engag\u00e9"}]},{"@type":"WebSite","@id":"https:\/\/www.bymycar.fr\/webzine\/#website","url":"https:\/\/www.bymycar.fr\/webzine\/","name":"Webzine auto BYmyCAR","description":"La magazine auto de BYmyCAR","publisher":{"@id":"https:\/\/www.bymycar.fr\/webzine\/#organization"},"potentialAction":[{"@type":"SearchAction","target":{"@type":"EntryPoint","urlTemplate":"https:\/\/www.bymycar.fr\/webzine\/?s={search_term_string}"},"query-input":{"@type":"PropertyValueSpecification","valueRequired":true,"valueName":"search_term_string"}}],"inLanguage":"fr-FR"},{"@type":"Organization","@id":"https:\/\/www.bymycar.fr\/webzine\/#organization","name":"BYmyCAR","url":"https:\/\/www.bymycar.fr\/webzine\/","logo":{"@type":"ImageObject","inLanguage":"fr-FR","@id":"https:\/\/www.bymycar.fr\/webzine\/#\/schema\/logo\/image\/","url":"https:\/\/cdn.bymycar.eu\/fr-webzine\/wp-content\/uploads\/medias\/2017\/08\/logo_DEALER_00000406_001.png","contentUrl":"https:\/\/cdn.bymycar.eu\/fr-webzine\/wp-content\/uploads\/medias\/2017\/08\/logo_DEALER_00000406_001.png","width":2132,"height":720,"caption":"BYmyCAR"},"image":{"@id":"https:\/\/www.bymycar.fr\/webzine\/#\/schema\/logo\/image\/"}},{"@type":"Person","@id":"https:\/\/www.bymycar.fr\/webzine\/#\/schema\/person\/8d570fe11eb8929f06c1e6d00f4d9689","name":"La R\u00e9daction BYmyCAR","image":{"@type":"ImageObject","inLanguage":"fr-FR","@id":"https:\/\/www.bymycar.fr\/webzine\/#\/schema\/person\/image\/","url":"https:\/\/secure.gravatar.com\/avatar\/1aa6b039d0ce106989923af4e2d0f2a0c82bb070d5e449f1b9adf082a5863900?s=96&d=mm&r=g","contentUrl":"https:\/\/secure.gravatar.com\/avatar\/1aa6b039d0ce106989923af4e2d0f2a0c82bb070d5e449f1b9adf082a5863900?s=96&d=mm&r=g","caption":"La R\u00e9daction BYmyCAR"},"sameAs":["https:\/\/www.bymycar.fr\/"]}]}},"_links":{"self":[{"href":"https:\/\/www.bymycar.fr\/webzine\/wp-json\/wp\/v2\/posts\/37393","targetHints":{"allow":["GET"]}}],"collection":[{"href":"https:\/\/www.bymycar.fr\/webzine\/wp-json\/wp\/v2\/posts"}],"about":[{"href":"https:\/\/www.bymycar.fr\/webzine\/wp-json\/wp\/v2\/types\/post"}],"author":[{"embeddable":true,"href":"https:\/\/www.bymycar.fr\/webzine\/wp-json\/wp\/v2\/users\/88"}],"replies":[{"embeddable":true,"href":"https:\/\/www.bymycar.fr\/webzine\/wp-json\/wp\/v2\/comments?post=37393"}],"version-history":[{"count":44,"href":"https:\/\/www.bymycar.fr\/webzine\/wp-json\/wp\/v2\/posts\/37393\/revisions"}],"predecessor-version":[{"id":37670,"href":"https:\/\/www.bymycar.fr\/webzine\/wp-json\/wp\/v2\/posts\/37393\/revisions\/37670"}],"wp:featuredmedia":[{"embeddable":true,"href":"https:\/\/www.bymycar.fr\/webzine\/wp-json\/wp\/v2\/media\/37591"}],"wp:attachment":[{"href":"https:\/\/www.bymycar.fr\/webzine\/wp-json\/wp\/v2\/media?parent=37393"}],"wp:term":[{"taxonomy":"category","embeddable":true,"href":"https:\/\/www.bymycar.fr\/webzine\/wp-json\/wp\/v2\/categories?post=37393"},{"taxonomy":"post_tag","embeddable":true,"href":"https:\/\/www.bymycar.fr\/webzine\/wp-json\/wp\/v2\/tags?post=37393"}],"curies":[{"name":"wp","href":"https:\/\/api.w.org\/{rel}","templated":true}]}}