{"id":37244,"date":"2022-11-11T07:35:05","date_gmt":"2022-11-11T06:35:05","guid":{"rendered":"https:\/\/prod.bymycar.fr\/webzine\/?p=37244"},"modified":"2026-04-27T14:18:59","modified_gmt":"2026-04-27T12:18:59","slug":"combien-coute-une-mercedes-classe-b","status":"publish","type":"post","link":"https:\/\/www.bymycar.fr\/webzine\/combien-coute-une-mercedes-classe-b\/","title":{"rendered":"Combien co\u00fbte une Mercedes Classe B ?"},"content":{"rendered":"","protected":false},"excerpt":{"rendered":"","protected":false},"author":88,"featured_media":37074,"comment_status":"closed","ping_status":"closed","sticky":false,"template":"","format":"standard","meta":{"_acf_changed":false,"footnotes":""},"categories":[12893,12896],"tags":[],"class_list":["post-37244","post","type-post","status-publish","format-standard","has-post-thumbnail","hentry","category-guide-dachat","category-guide-dachat-mercedes"],"acf":{"template":"classique","introduction":"<p>Vous \u00eates attir\u00e9 par l&rsquo;\u00e9l\u00e9gance et la polyvalence de la Mercedes Classe B ? Ce monospace compact premium est disponible chez BYmyCAR en versions neuves et d&rsquo;occasion. D\u00e9couvrez dans cet article tout ce que vous devez savoir sur le co\u00fbt de la Mercedes Classe B, ses diff\u00e9rentes finitions Progressive Line et AMG Line, ainsi que sa gamme compl\u00e8te de motorisations essence, diesel et hybride rechargeable. Un v\u00e9hicule familial qui allie parfaitement confort, technologie et prestige de la marque \u00e0 l&rsquo;\u00e9toile.<\/p>\n<p><strong>\u00c0 retenir<\/strong><\/p>\n<p>D\u00e9couvrez les points forts de la Mercedes Classe B qui en font un choix id\u00e9al pour les familles exigeantes :<\/p>\n<ul>\n<li>Habitabilit\u00e9 g\u00e9n\u00e9reuse avec un int\u00e9rieur spacieux digne d&rsquo;un SUV familial et un coffre modulable.<\/li>\n<li>Large gamme de motorisations performantes avec des options essence, diesel et hybride rechargeable jusqu&rsquo;\u00e0 218 ch.<\/li>\n<li>Technologies de pointe incluant le syst\u00e8me multim\u00e9dia MBUX avec commande vocale et double \u00e9cran haute r\u00e9solution.<\/li>\n<\/ul>\n<p>La Mercedes Classe B allie \u00e9l\u00e9gance et fonctionnalit\u00e9 pour tous vos trajets quotidiens et vos aventures en famille.<\/p>\n","strates":[{"type_strate":"texte-simple","ancre":"","contenu":"<h2 style=\"text-align: justify;\">Mercedes Classe B\u00a0: concurrente de l\u2019Audi Q3 et de la BMW s\u00e9rie 2 Active Tourer<\/h2>\n<p style=\"text-align: justify;\">La Mercedes Classe B est un monospace compact commercialis\u00e9 par Mercedes-Benz \u00e0 partir de 2005. Elle b\u00e9n\u00e9ficie de plusieurs restylages au fil des trois g\u00e9n\u00e9rations qui se sont succ\u00e9d\u00e9. Sur le march\u00e9, cette voiture est concurrenc\u00e9e par ses compatriotes \u00e0 l\u2019instar de la BMW S\u00e9rie 2 et de l\u2019Audi Q3. Dans ce duel, elle poss\u00e8de des atouts ind\u00e9niables, comme la fonctionnalit\u00e9, le confort et, bien s\u00fbr, l\u2019\u00e9l\u00e9gance propre aux v\u00e9hicules de la marque \u00e0 l\u2019\u00e9toile.<\/p>\n<p style=\"text-align: justify;\">L\u2019un des points forts de la Mercedes Classe B r\u00e9side dans son habitabilit\u00e9 qui en fait un monospace vraiment familial, avec un int\u00e9rieur spacieux digne d\u2019un SUV. Elle est d\u00e9clin\u00e9e dans les finitions suivantes\u00a0:<\/p>\n<ul style=\"text-align: justify;\">\n<li>Business\u00a0;<\/li>\n<li>Business Line\u00a0;<\/li>\n<li>Line Edition\u00a0;<\/li>\n<li>Progressive Line\u00a0;<\/li>\n<li>AMG Line\u00a0;<\/li>\n<li>Style Line Edition\u00a0;<\/li>\n<li>AMG Line Edition.<\/li>\n<\/ul>\n<h2 style=\"text-align: justify;\">Mercedes Classe B 2019, 2020, 2022, classe B 180 d et classe B200d : finitions et motorisations<\/h2>\n<p style=\"text-align: justify;\">La\u00a0<a href=\"https:\/\/www.bymycar.fr\/marques\/mercedes\/classe-b\">Mercedes Classe B<\/a>\u00a0est propos\u00e9e avec une large gamme de motorisations incluant des blocs diesel et essence coupl\u00e9s \u00e0 des bo\u00eetes automatiques ou m\u00e9caniques. Les mod\u00e8les les plus puissants disposent de la transmission int\u00e9grale 4Matic. Ces moteurs sont compl\u00e9t\u00e9s par de l\u2019hybride rechargeable avec l\u2019arriv\u00e9e de la nouvelle Mercedes Classe B 250 e.<\/p>\n<p style=\"text-align: justify;\">Les blocs diesel\u00a0disponibles sur la Mercedes Classe B de l\u2019ann\u00e9e 2022\u00a0:<\/p>\n<ul style=\"text-align: justify;\">\n<li>180 D\u00a0: cylindr\u00e9e 1950 cc, puissance 116 ch, couple 280 Nm\u00a0;<\/li>\n<li>200 D\u00a0: 1950 cc,150 ch, 320 Nm\u00a0;<\/li>\n<li>220 D\u00a0: 1950 cc, 190 ch, 400 Nm.<\/li>\n<\/ul>\n<p style=\"text-align: justify;\">Les blocs essence\u00a0:<\/p>\n<ul style=\"text-align: justify;\">\n<li>160\u00a0: cylindr\u00e9e 1332 cc, 109 ch, couple 180 Nm\u00a0;<\/li>\n<li>180\u00a0: 1332 cc, 136 ch, 200 Nm\u00a0;<\/li>\n<li>200\u00a0: 1332 cc, 163 ch, 250 Nm\u00a0;<\/li>\n<li>250\u00a0: 1991 cc, 224 ch, 350 Nm.<\/li>\n<\/ul>\n<p style=\"text-align: justify;\">Bloc hybride rechargeable \/ essence\u00a0:<\/p>\n<ul style=\"text-align: justify;\">\n<li>250 e\u00a0: moteur essence de 1332 cc, puissance nominale 160 ch, couple 250 Nm + moteur \u00e9lectrique d\u2019une puissance nominale de 100 ch, couple 300 Nm, puissance totale 218 ch, couple total 450 Nm.<\/li>\n<\/ul>\n<h2 style=\"text-align: justify;\">Quel est le prix d\u2019achat d\u2019une Mercedes Classe B\u00a0?<\/h2>\n<p style=\"text-align: justify;\">Le prix de la Mercedes Classe B neuve va de 34\u00a0550 \u20ac pour la finition Style Line 160 essence, \u00e0 50\u00a0900 \u20ac pour la finition AMG Line Edition 250 7G-DCT 4-Matic \u00e0 moteur essence. Pour les mod\u00e8les d\u2019occasion, les tarifs d\u00e9pendent principalement de la finition ainsi que du kilom\u00e9trage parcouru. \u00c0 titre d\u2019exemple, une Mercedes Classe B 180 7G-DCT essence de l\u2019ann\u00e9e 2021, avec 2 000 km au compteur, est disponible au prix de 31\u00a0002 \u20ac.<\/p>\n<p style=\"text-align: justify;\">Cette liste non exhaustive de prix vous donne quelques indications\u00a0:<\/p>\n<ul style=\"text-align: justify;\">\n<li>Classe B 160 essence Progressive Line Edition\u00a0: 36\u00a0650 \u20ac\u00a0;<\/li>\n<li>Classe B 160 essence AMG Line Edition\u00a0: 38\u00a0750 \u20ac\u00a0;<\/li>\n<li>Classe B 180 essence Style Line Edition\u00a0: 35\u00a0550\u00a0\u20ac\u00a0;<\/li>\n<li>Classe B 180 essence AMG Line Edition\u00a0: 39\u00a0750 \u20ac\u00a0;<\/li>\n<li>Classe B 180 d diesel Style Line Edition\u00a0: 36\u00a0850 \u20ac\u00a0;<\/li>\n<li>Classe B 180 d diesel AMG Line Edition\u00a0: 41\u00a0050 \u20ac\u00a0;<\/li>\n<li>Classe B 250 e hybride 8G-DCT Progressive Line Edition\u00a0: 49\u00a0800 \u20ac.<\/li>\n<\/ul>\n<h2 style=\"text-align: justify;\">Mercedes Classe B 2019, 2020, 2021 et 2022\u00a0: les \u00e9quipements<\/h2>\n<p style=\"text-align: justify;\">Le monospace compact de Mercedes est bien dot\u00e9 en termes d\u2019\u00e9quipements (en option ou de s\u00e9rie et selon la finition)\u00a0:<\/p>\n<ul style=\"text-align: justify;\">\n<li>Cam\u00e9ra de recul\u00a0;<\/li>\n<li>Phares LED\u00a0;<\/li>\n<li>Double \u00e9cran de 7 pouces pour l\u2019instrumentation num\u00e9rique et le multim\u00e9dia (\u00e9cran 10,25 pouces en option)\u00a0;<\/li>\n<li>Syst\u00e8me multim\u00e9dia MBUX avec fonctions de commande vocales\u00a0;<\/li>\n<li>Climatisation automatique\u00a0;<\/li>\n<li>Kit carrosserie AMG pour la finition AMG Line + jantes 18 pouces\u00a0;<\/li>\n<li>Syst\u00e8me d\u2019aide au parking\u00a0;<\/li>\n<li>Volant sport multifonction cuir.<\/li>\n<\/ul>\n<h3 style=\"text-align: justify;\">Quel moteur \u00e9quipe la Mercedes-Benz Classe B 200 cdi\u00a0?<\/h3>\n<p style=\"text-align: justify;\">Ce mod\u00e8le de Mercedes Classe B est dot\u00e9 d\u2019un moteur diesel de 1950 cc d\u00e9livrant 150 ch et un couple de 320 Nm, et coupl\u00e9 \u00e0 une bo\u00eete 8G-DCT automatique \u00e0 8 rapports.<\/p>\n<h3 style=\"text-align: justify;\">Quel est le type de moteur pr\u00e9sent sur la Mercedes Classe B 180\u00a0?<\/h3>\n<p style=\"text-align: justify;\">Cette voiture est dot\u00e9e d\u2019un moteur essence de 1332 cc d\u00e9livrant une puissance de 136 ch et un couple de 200 Nm.<\/p>\n<h3 style=\"text-align: justify;\">Quelle motorisation est la meilleure pour une Mercedes Classe B\u00a0?<\/h3>\n<p style=\"text-align: justify;\">Le choix de la motorisation d\u00e9pend essentiellement de vos usages et habitudes de conduite. Si vous roulez beaucoup, un moteur diesel peut \u00eatre un tr\u00e8s bon choix. Si vous avez le pied lourd, un moteur essence offre plus de sensations.<\/p>\n<h3 style=\"text-align: justify;\">Guide d&rsquo;achat Mercedes Classe B :<\/h3>\n<p style=\"text-align: justify;\"><a href=\"https:\/\/www.bymycar.fr\/webzine\/bouchon-de-vidange-mercedes-classe-b\/\">O\u00f9 se trouve le bouchon de vidange Mercedes Classe B ?<\/a><\/p>\n<p style=\"text-align: justify;\"><a href=\"https:\/\/www.bymycar.fr\/webzine\/moteur-mercedes-classe-b-chaine-ou-courroie\/\">Moteur Mercedes Classe B : cha\u00eene ou courroie ?<\/a><\/p>\n<p style=\"text-align: justify;\"><a href=\"https:\/\/www.bymycar.fr\/webzine\/quand-changer-la-chaine-de-distribution-mercedes-classe-b\/\">Quand changer la chaine de distribution Mercedes Classe B ?<\/a><\/p>\n<p style=\"text-align: justify;\"><a href=\"https:\/\/www.bymycar.fr\/webzine\/ou-se-trouve-la-batterie-dune-mercedes-classe-b\/\">O\u00f9 se trouve la batterie d\u2019une Mercedes Classe B ?<\/a><\/p>\n<p style=\"text-align: justify;\"><a href=\"https:\/\/www.bymycar.fr\/webzine\/mercedes-classe-b-traction-ou-propulsion\/\">Mercedes Classe B : traction ou propulsion ?<\/a><\/p>\n<p style=\"text-align: justify;\"><a href=\"https:\/\/www.bymycar.fr\/webzine\/mercedes-classe-a-vs-classe-b\/\">Mercedes Classe A vs Classe B<\/a><\/p>\n<p style=\"text-align: justify;\"><a href=\"https:\/\/www.bymycar.fr\/webzine\/quel-classe-b-avec-moteur-renault\/\">Quel classe B avec moteur Renault ?<\/a><\/p>\n<p style=\"text-align: justify;\"><a href=\"https:\/\/www.bymycar.fr\/webzine\/changer-le-clignotant-de-retroviseur-de-la-mercedes-classe-b\/\">Comment changer le clignotant de r\u00e9troviseur de la Mercedes Classe B ?<\/a><\/p>\n<p style=\"text-align: justify;\"><a href=\"https:\/\/www.bymycar.fr\/webzine\/comment-activer-lairbag-passager-dune-mercedes-classe-b\/\">Comment activer l\u2019airbag passager d\u2019une Mercedes Classe B ?<\/a><\/p>\n<p style=\"text-align: justify;\"><a href=\"https:\/\/www.bymycar.fr\/webzine\/combien-coute-lentretien-annuel-dune-mercedes-classe-b\/\">Combien co\u00fbte l&rsquo;entretien annuel d&rsquo;une Mercedes Classe B ?<\/a><\/p>\n","titre":"Texte 1","image":false,"image_libre":false,"image_800x500":false,"legende":"","zoom":false,"texte":"","articles":false,"categorie_droite":false,"images":false,"elements_comparatif":false,"texte_1":"","texte_2":"","image_1":false,"image_1_563x400":false,"image_1_332x332":false,"image_2":false,"image_2_333x240":false,"image_2_563x400":false,"image_3":false,"image_3_333x240":false,"image_3_332x450":false,"image_4":false,"image_4_332x332":false,"image_4_563x400":false,"code_embed":"","legende_video":"","photo":false,"photo_100x100":false,"nom":"","fonction":"","elements_timeline":false,"entetes_colonnes":false,"entetes_lignes":false,"lignes":false,"introduction":"","formulaire":false,"question":"","reponse":"","libelle_bouton_lien":"","url_lien":"","questions":false,"conclusions":false,"pays":false,"region":false,"marque":false,"marqueConcessions":false,"modele":false,"ptvente":false,"typeV":false,"collection":false,"nombre_maximum_elements":10,"lien_fin_carousel":"","texte_lien_fin_carousel":"","trier_par":false},{"type_strate":"carousel-produits","ancre":"","contenu":"","titre":"Voir nos v\u00e9hicules Mercedes Classe B disponibles","image":false,"image_libre":false,"image_800x500":false,"legende":"","zoom":false,"texte":"","articles":false,"categorie_droite":false,"images":false,"elements_comparatif":false,"texte_1":"","texte_2":"","image_1":false,"image_1_563x400":false,"image_1_332x332":false,"image_2":false,"image_2_333x240":false,"image_2_563x400":false,"image_3":false,"image_3_333x240":false,"image_3_332x450":false,"image_4":false,"image_4_332x332":false,"image_4_563x400":false,"code_embed":"","legende_video":"","photo":false,"photo_100x100":false,"nom":"","fonction":"","elements_timeline":false,"entetes_colonnes":false,"entetes_lignes":false,"lignes":false,"introduction":"","formulaire":false,"question":"","reponse":"","libelle_bouton_lien":"","url_lien":"","questions":false,"conclusions":false,"pays":"1","region":"","marque":"16","marqueConcessions":false,"modele":"CLASSE B","ptvente":"","typeV":"","collection":"","nombre_maximum_elements":"10","lien_fin_carousel":"https:\/\/www.bymycar.fr\/rechercher-un-vehicule?prod_VEHICLES%5BrefinementList%5D%5Bbrand%5D%5B0%5D=MERCEDES&prod_VEHICLES%5BrefinementList%5D%5BmodelGroup1%5D%5B0%5D=CLASSE%20B","texte_lien_fin_carousel":"Voir plus de v\u00e9hicules","trier_par":""}],"is_old_post":false,"image":{"ID":37074,"id":37074,"title":"Mercedes Classe B","filename":"Mercedes-Classe-B.jpg","filesize":1,"url":"https:\/\/cdn.bymycar.eu\/fr-webzine\/wp-content\/uploads\/medias\/Mercedes-Classe-B.jpg","link":"https:\/\/www.bymycar.fr\/webzine\/ou-se-trouve-la-batterie-dune-mercedes-classe-b\/mercedes-classe-b\/","alt":"","author":"9","description":"","caption":"","name":"mercedes-classe-b","status":"inherit","uploaded_to":37073,"date":"2022-11-04 14:15:37","modified":"2022-11-04 14:15:37","menu_order":0,"mime_type":"image\/jpeg","type":"image","subtype":"jpeg","icon":"https:\/\/www.bymycar.fr\/webzine\/wp-includes\/images\/media\/default.png","width":750,"height":410,"sizes":{"thumbnail":"https:\/\/cdn.bymycar.eu\/fr-webzine\/wp-content\/uploads\/medias\/Mercedes-Classe-B-150x150.jpg","thumbnail-width":150,"thumbnail-height":150,"medium":"https:\/\/cdn.bymycar.eu\/fr-webzine\/wp-content\/uploads\/medias\/Mercedes-Classe-B-300x164.jpg","medium-width":300,"medium-height":164,"medium_large":"https:\/\/cdn.bymycar.eu\/fr-webzine\/wp-content\/uploads\/medias\/Mercedes-Classe-B.jpg","medium_large-width":750,"medium_large-height":410,"large":"https:\/\/cdn.bymycar.eu\/fr-webzine\/wp-content\/uploads\/medias\/Mercedes-Classe-B.jpg","large-width":750,"large-height":410,"1536x1536":"https:\/\/cdn.bymycar.eu\/fr-webzine\/wp-content\/uploads\/medias\/Mercedes-Classe-B.jpg","1536x1536-width":750,"1536x1536-height":410,"2048x2048":"https:\/\/cdn.bymycar.eu\/fr-webzine\/wp-content\/uploads\/medias\/Mercedes-Classe-B.jpg","2048x2048-width":750,"2048x2048-height":410}},"page_content":{"block_content":[{"acf_fc_layout":"text-simple","--nav":{"-withNav":false,"-ancre":""},"--group":{"-text":"<h2>Mercedes Classe B : atouts, dimensions et concurrentes premium<\/h2>\n<p>La Mercedes Classe B est un monospace compact commercialis\u00e9 par Mercedes-Benz \u00e0 partir de 2005. Avec ses dimensions g\u00e9n\u00e9reuses (4,34 m de longueur et 1,80 m de largeur), elle offre un espace int\u00e9rieur impressionnant et un volume de coffre variant de 445 \u00e0 705 litres selon la position des si\u00e8ges arri\u00e8re. Sur le march\u00e9, cette voiture est concurrenc\u00e9e par ses compatriotes \u00e0 l&rsquo;instar de la BMW S\u00e9rie 2 Active Tourer et de l&rsquo;Audi Q3. Dans ce duel, elle poss\u00e8de des atouts ind\u00e9niables, comme la fonctionnalit\u00e9, le confort, une faible consommation de carburant pour les trajets urbains et courts, et bien s\u00fbr, l&rsquo;\u00e9l\u00e9gance propre aux v\u00e9hicules de la marque \u00e0 l&rsquo;\u00e9toile.<\/p>\n<p>L&rsquo;un des points forts de la Mercedes Classe B r\u00e9side dans son habitabilit\u00e9 qui en fait un monospace vraiment familial, avec un int\u00e9rieur spacieux digne d&rsquo;un SUV.<\/p>\n<p>Elle est d\u00e9clin\u00e9e dans les finitions suivantes :<\/p>\n<ul>\n<li>Business ;<\/li>\n<li>Business Line ;<\/li>\n<li>Line Edition ;<\/li>\n<li>Progressive Line ;<\/li>\n<li>AMG Line ;<\/li>\n<li>Style Line Edition ;<\/li>\n<li>AMG Line Edition.<\/li>\n<\/ul>\n<p>Chaque finition propose des \u00e9quipements sp\u00e9cifiques pour r\u00e9pondre \u00e0 vos attentes en mati\u00e8re de style et de confort.<\/p>\n<h2>Finitions et motorisations : Mercedes Classe B 180, 200 et 250 e<\/h2>\n<p>La Mercedes Classe B vous offre une palette compl\u00e8te de motorisations adapt\u00e9es \u00e0 tous les usages. Les blocs diesel et essence sont coupl\u00e9s \u00e0 des bo\u00eetes automatiques performantes, tandis que les mod\u00e8les les plus puissants b\u00e9n\u00e9ficient de la transmission int\u00e9grale 4MATIC pour une motricit\u00e9 optimale. La gamme s&rsquo;enrichit \u00e9galement d&rsquo;une version <a href=\"https:\/\/www.bymycar.fr\/v\/mercedes-classe-b-hybride\">Mercedes Classe B hybride<\/a> rechargeable particuli\u00e8rement adapt\u00e9e aux d\u00e9placements urbains.<\/p>\n<h3>Motorisations diesel disponibles<\/h3>\n<table>\n<thead>\n<tr>\n<th>Motorisation<\/th>\n<th>Puissance \/ Couple<\/th>\n<\/tr>\n<\/thead>\n<tbody>\n<tr>\n<td>180 D<\/td>\n<td>116 ch \/ 280 Nm<\/td>\n<\/tr>\n<tr>\n<td>200 D<\/td>\n<td>150 ch \/ 320 Nm<\/td>\n<\/tr>\n<tr>\n<td>220 D<\/td>\n<td>190 ch \/ 400 Nm<\/td>\n<\/tr>\n<\/tbody>\n<\/table>\n<h3>Motorisations essence<\/h3>\n<table>\n<thead>\n<tr>\n<th>Motorisation<\/th>\n<th>Puissance \/ Couple<\/th>\n<\/tr>\n<\/thead>\n<tbody>\n<tr>\n<td>160<\/td>\n<td>109 ch \/ 180 Nm<\/td>\n<\/tr>\n<tr>\n<td>180<\/td>\n<td>136 ch \/ 200 Nm<\/td>\n<\/tr>\n<tr>\n<td>200<\/td>\n<td>163 ch \/ 250 Nm<\/td>\n<\/tr>\n<tr>\n<td>250<\/td>\n<td>224 ch \/ 350 Nm<\/td>\n<\/tr>\n<\/tbody>\n<\/table>\n<h3>Motorisation hybride rechargeable<\/h3>\n<p>La version 250 e combine intelligemment un moteur essence de 1,3 litre (160 ch, 250 Nm) avec un moteur \u00e9lectrique (100 ch, 300 Nm) pour une puissance totale de 218 ch et un couple g\u00e9n\u00e9reux de 450 Nm.<\/p>\n<p>Certaines finitions incluent de s\u00e9rie des \u00e9quipements comme le r\u00e9gulateur de vitesse adaptatif, qui am\u00e9liore votre confort sur longs trajets tout en optimisant votre consommation.<\/p>\n<h2>Prix Mercedes Classe B neuve et co\u00fbt en occasion<\/h2>\n<p>La Mercedes Classe B est disponible en neuf et en occasion chez BYmyCAR \u00e0 des tarifs vari\u00e9s selon les finitions et motorisations. Pour une Mercedes Classe B neuve, comptez entre 39 550\u20ac* pour l&rsquo;entr\u00e9e de gamme jusqu&rsquo;\u00e0 53 100\u20ac* pour les versions haut de gamme. Le mod\u00e8le est propos\u00e9 en deux finitions principales : Progressive Line et AMG Line.<\/p>\n<p>Si vous recherchez une <a href=\"https:\/\/www.bymycar.fr\/v\/mercedes-classe-b-occasion\">Mercedes Classe B d&rsquo;occasion<\/a>, les prix varient g\u00e9n\u00e9ralement entre 17 990\u20ac* et 31 000\u20ac* selon l&rsquo;ann\u00e9e, le kilom\u00e9trage et la finition. Une <a href=\"https:\/\/www.bymycar.fr\/v\/mercedes-classe-b-essence-occasion\">Mercedes Classe B essence d&rsquo;occasion<\/a> r\u00e9cente avec faible kilom\u00e9trage, comme une 180 7G-DCT de 2022 avec environ 27 000 km, est disponible autour de 30 000\u20ac*.<\/p>\n<table>\n<thead>\n<tr>\n<th>Finition<\/th>\n<th>Motorisation<\/th>\n<th>Prix*<\/th>\n<\/tr>\n<\/thead>\n<tbody>\n<tr>\n<td>Progressive Line Edition<\/td>\n<td>160 essence<\/td>\n<td>36 650\u20ac*<\/td>\n<\/tr>\n<tr>\n<td>AMG Line Edition<\/td>\n<td>160 essence<\/td>\n<td>38 750\u20ac*<\/td>\n<\/tr>\n<tr>\n<td>Style Line Edition<\/td>\n<td>180 essence<\/td>\n<td>35 550\u20ac*<\/td>\n<\/tr>\n<tr>\n<td>AMG Line Edition<\/td>\n<td>180 essence<\/td>\n<td>39 750\u20ac*<\/td>\n<\/tr>\n<tr>\n<td>Style Line Edition<\/td>\n<td>180 d diesel<\/td>\n<td>36 850\u20ac*<\/td>\n<\/tr>\n<tr>\n<td>AMG Line Edition<\/td>\n<td>180 d diesel<\/td>\n<td>41 050\u20ac*<\/td>\n<\/tr>\n<tr>\n<td>Progressive Line Edition<\/td>\n<td>250 e hybride 8G-DCT<\/td>\n<td>49 800\u20ac*<\/td>\n<\/tr>\n<\/tbody>\n<\/table>\n<p>Pour faciliter votre achat, BYmyCAR vous propose diff\u00e9rentes solutions de financement adapt\u00e9es \u00e0 vos capacit\u00e9s de remboursement, comme la LOA ou le cr\u00e9dit classique. N&rsquo;h\u00e9sitez pas \u00e0 contacter votre conseiller pour une offre personnalis\u00e9e.<\/p>\n<h2>\u00c9quipements et int\u00e9rieur de la Mercedes Classe B<\/h2>\n<p>Le monospace compact de Mercedes s\u00e9duit par son habitacle raffin\u00e9 et ses \u00e9quipements technologiques de pointe.<\/p>\n<p>Con\u00e7u pour offrir une exp\u00e9rience premium \u00e0 chaque trajet, l&rsquo;int\u00e9rieur de la Mercedes Classe B propose de nombreuses fonctionnalit\u00e9s (en option ou de s\u00e9rie selon la finition) :<\/p>\n<ul>\n<li>Cam\u00e9ra de recul pour des man\u0153uvres facilit\u00e9es et s\u00e9curis\u00e9es ;<\/li>\n<li>Phares LED offrant une visibilit\u00e9 optimale en toutes conditions ;<\/li>\n<li>Double \u00e9cran de 7 pouces pour l&rsquo;instrumentation num\u00e9rique et le multim\u00e9dia (\u00e9cran 10,25 pouces en option) ;<\/li>\n<li>Syst\u00e8me multim\u00e9dia MBUX avec fonctions de commande vocales intelligentes ;<\/li>\n<li>Climatisation automatique pour un confort thermique personnalis\u00e9 ;<\/li>\n<li>Kit carrosserie AMG pour la <a href=\"https:\/\/www.bymycar.fr\/v\/mercedes-classe-b-amg-line\">Mercedes Classe B AMG Line<\/a> + jantes 18 pouces ;<\/li>\n<li>Syst\u00e8me d&rsquo;aide au parking avec guidage pr\u00e9cis ;<\/li>\n<li>Volant sport multifonction en cuir avec commandes intuitives.<\/li>\n<\/ul>\n<p>Chez BYmyCAR, nous vous proposons toutes les finitions de la Classe B, des versions Style Line aux mod\u00e8les AMG Line plus sportifs, pour r\u00e9pondre parfaitement \u00e0 vos attentes en mati\u00e8re de confort et de technologie.<\/p>\n<h3>Quel moteur \u00e9quipe la Mercedes-Benz Classe B 200 cdi ?<\/h3>\n<p>Ce mod\u00e8le de Mercedes Classe B est dot\u00e9 d&rsquo;un moteur diesel de 1950 cc d\u00e9livrant 150 ch et un couple de 320 Nm, coupl\u00e9 \u00e0 une bo\u00eete 8G-DCT automatique \u00e0 8 rapports. Cette combinaison offre un excellent compromis entre performances et efficience pour tous vos d\u00e9placements.<\/p>\n<h3>Quel est le type de moteur pr\u00e9sent sur la Mercedes Classe B 180 ?<\/h3>\n<p>Cette voiture est dot\u00e9e d&rsquo;un moteur essence de 1332 cc d\u00e9livrant une puissance de 136 ch et un couple de 200 Nm. Cette motorisation souple et r\u00e9active convient parfaitement \u00e0 un usage quotidien polyvalent.<\/p>\n<h3>Quelle motorisation est la meilleure pour une Mercedes Classe B ?<\/h3>\n<p>Le choix de la motorisation d\u00e9pend essentiellement de vos usages et habitudes de conduite. Si vous parcourez de nombreux kilom\u00e8tres annuels, un moteur diesel repr\u00e9sente une option \u00e9conomique int\u00e9ressante. Pour une conduite plus dynamique et sportive, les motorisations essence offrent davantage de sensations et de r\u00e9activit\u00e9.<\/p>\n<h3>Quelles technologies am\u00e9liorent le confort \u00e0 bord ?<\/h3>\n<p>La Mercedes Classe B propose des technologies avanc\u00e9es qui transforment chaque trajet en exp\u00e9rience premium. Le syst\u00e8me MBUX (Mercedes-Benz User Experience) s&rsquo;adapte intelligemment \u00e0 vos habitudes et pr\u00e9f\u00e9rences, tandis que le r\u00e9gulateur de vitesse adaptatif maintient automatiquement la distance avec le v\u00e9hicule qui vous pr\u00e9c\u00e8de. Ces technologies contribuent \u00e9galement \u00e0 optimiser la consommation de carburant gr\u00e2ce \u00e0 des fonctions d&rsquo;\u00e9co-conduite int\u00e9gr\u00e9es qui vous guident vers une conduite plus \u00e9conomique et responsable.<\/p>\n<h2>Nouvelle Mercedes Classe B hybride rechargeable<\/h2>\n<p>La <a href=\"https:\/\/www.bymycar.fr\/v\/mercedes-classe-b-2022\">Mercedes Classe B 2022<\/a> hybride rechargeable repr\u00e9sente l&rsquo;excellence technologique de Mercedes appliqu\u00e9e \u00e0 la mobilit\u00e9 durable. Cette version 250 e combine intelligemment performances et efficience \u00e9nerg\u00e9tique.<\/p>\n<h3>Performances du syst\u00e8me 250 e<\/h3>\n<p>Le syst\u00e8me hybride associe un moteur essence 1,3 litre de 160 ch \u00e0 un moteur \u00e9lectrique de 102 ch. Cette combinaison offre une puissance cumul\u00e9e de 218 ch et un couple impressionnant de 450 Nm, permettant d&rsquo;atteindre 100 km\/h en seulement 7,6 secondes. La batterie de 15,6 kWh se recharge rapidement, avec un temps de charge de 25 minutes (de 10% \u00e0 80%) sur une borne rapide. Vous b\u00e9n\u00e9ficiez ainsi d&rsquo;une autonomie \u00e9lectrique pouvant atteindre jusqu&rsquo;\u00e0 80 km en mode 100% \u00e9lectrique.<\/p>\n<h3>Avantages pour les trajets courts en ville<\/h3>\n<p>Particuli\u00e8rement adapt\u00e9e aux d\u00e9placements urbains, la Mercedes Classe B 250e vous permet de r\u00e9aliser vos trajets courts quotidiens en mode 100% \u00e9lectrique. Son autonomie \u00e9lectrique vous lib\u00e8re de toute consommation de carburant pour vos d\u00e9placements en ville. Sa consommation mixte remarquablement basse (1,2 l\/100 km selon le cycle WLTP) et l&rsquo;\u00e9ligibilit\u00e9 au bonus \u00e9cologique font de ce mod\u00e8le un choix \u00e9conomique et \u00e9cologique pour une mobilit\u00e9 responsable.<\/p>\n<h2>Nos offres Mercedes Classe B chez BYmyCAR<\/h2>\n<h3>Mercedes B 200 occasion<\/h3>\n<p>D\u00e9couvrez notre s\u00e9lection de Mercedes B 200 d&rsquo;occasion chez BYmyCAR. Ces mod\u00e8les b\u00e9n\u00e9ficient d&rsquo;une garantie de 24 mois pour vous assurer une tranquillit\u00e9 d&rsquo;esprit totale. Disponibles en diff\u00e9rentes finitions, notamment la prestigieuse AMG Line, nos v\u00e9hicules d&rsquo;occasion sont minutieusement contr\u00f4l\u00e9s. Vous pouvez \u00e9galement opter pour un financement en LOA avec des mensualit\u00e9s adapt\u00e9es \u00e0 votre budget, rendant accessible ce monospace premium.<\/p>\n<h3>Mercedes B Progressive Line neuve<\/h3>\n<p>La <a href=\"https:\/\/www.bymycar.fr\/v\/mercedes-classe-b-progressive-line\">Mercedes Classe B Progressive Line<\/a> neuve vous offre un parfait \u00e9quilibre entre \u00e9l\u00e9gance et fonctionnalit\u00e9. Chez BYmyCAR, r\u00e9servez facilement votre v\u00e9hicule en ligne et choisissez entre une livraison \u00e0 domicile ou un retrait en concession. Profitez d&rsquo;un accompagnement personnalis\u00e9 dans l&rsquo;un de nos 100 points de vente en France pour d\u00e9couvrir ce monospace familial alliant confort, technologie MBUX et motorisations performantes.<\/p>\n<h2>FAQ Mercedes Classe B<\/h2>\n<h3>Quel est le prix d&rsquo;une Mercedes Classe B neuve ?<\/h3>\n<p>La Mercedes Classe B neuve est disponible \u00e0 partir de 39 549\u20ac* pour le mod\u00e8le d&rsquo;entr\u00e9e de gamme. Les tarifs \u00e9voluent selon les finitions choisies, avec la version AMG Line qui d\u00e9bute autour de 43 890\u20ac*. Ce monospace compact premium offre un excellent compromis entre \u00e9l\u00e9gance, espace et technologies avanc\u00e9es sign\u00e9es Mercedes-Benz.<\/p>\n<h3>Quelle est la Mercedes qui co\u00fbte le moins cher ?<\/h3>\n<p>La Mercedes la moins ch\u00e8re de la gamme est actuellement la Classe A Compacte, propos\u00e9e \u00e0 partir de 37 949\u20ac*. Elle est suivie de pr\u00e8s par la Classe A Berline \u00e0 38 599\u20ac*, puis par la Classe B \u00e0 39 549\u20ac*. Ces mod\u00e8les d&rsquo;entr\u00e9e de gamme permettent d&rsquo;acc\u00e9der \u00e0 l&rsquo;univers premium de la marque \u00e0 l&rsquo;\u00e9toile avec un investissement plus abordable.<\/p>\n<h3>Co\u00fbt entretien Mercedes Classe B : que pr\u00e9voir ?<\/h3>\n<p>Le co\u00fbt moyen d&rsquo;une r\u00e9vision pour une Mercedes Classe B est d&rsquo;environ 156\u20ac*. Ce montant varie selon la motorisation et le kilom\u00e9trage du v\u00e9hicule.<\/p>\n<h2>A lire \u00e9galement<\/h2>\n<ul>\n<li><a href=\"https:\/\/www.bymycar.fr\/webzine\/bouchon-de-vidange-mercedes-classe-b\/\">O\u00f9 se trouve le bouchon de vidange Mercedes Classe B ?<\/a><\/li>\n<li><a href=\"https:\/\/www.bymycar.fr\/webzine\/moteur-mercedes-classe-b-chaine-ou-courroie\/\">Moteur Mercedes Classe B : cha\u00eene ou courroie ?<\/a><\/li>\n<li><a href=\"https:\/\/www.bymycar.fr\/webzine\/quand-changer-la-chaine-de-distribution-mercedes-classe-b\/\">Quand changer la chaine de distribution Mercedes Classe B ?<\/a><\/li>\n<li><a href=\"https:\/\/www.bymycar.fr\/webzine\/ou-se-trouve-la-batterie-dune-mercedes-classe-b\/\">O\u00f9 se trouve la batterie d\u2019une Mercedes Classe B ?<\/a><\/li>\n<li><a href=\"https:\/\/www.bymycar.fr\/webzine\/mercedes-classe-b-traction-ou-propulsion\/\">Mercedes Classe B : traction ou propulsion ?<\/a><\/li>\n<li><a href=\"https:\/\/www.bymycar.fr\/webzine\/mercedes-classe-a-vs-classe-b\/\">Mercedes Classe A vs Classe B<\/a><\/li>\n<li><a href=\"https:\/\/www.bymycar.fr\/webzine\/quel-classe-b-avec-moteur-renault\/\">Quel classe B avec moteur Renault ?<\/a><\/li>\n<li><a href=\"https:\/\/www.bymycar.fr\/webzine\/changer-le-clignotant-de-retroviseur-de-la-mercedes-classe-b\/\">Comment changer le clignotant de r\u00e9troviseur de la Mercedes Classe B ?<\/a><\/li>\n<li><a href=\"https:\/\/www.bymycar.fr\/webzine\/comment-activer-lairbag-passager-dune-mercedes-classe-b\/\">Comment activer l\u2019airbag passager d\u2019une Mercedes Classe B ?<\/a><\/li>\n<li><a href=\"https:\/\/www.bymycar.fr\/webzine\/combien-coute-lentretien-annuel-dune-mercedes-classe-b\/\">Combien co\u00fbte l\u2019entretien annuel d\u2019une Mercedes Classe B ?<\/a><\/li>\n<\/ul>\n<p><em>Les prix mentionn\u00e9s sont donn\u00e9s \u00e0 titre indicatif et ont \u00e9t\u00e9 constat\u00e9s au moment de la r\u00e9daction. Ils sont susceptibles d&rsquo;\u00e9voluer. Pour obtenir une information exacte et \u00e0 jour, nous vous recommandons de contacter directement votre concession BYmyCAR.<\/em><\/p>\n"}},{"acf_fc_layout":"carousel-produits"}]},"add-to-bo":false,"add-carousel-to-footer":true},"yoast_head":"<!-- This site is optimized with the Yoast SEO Premium plugin v26.4 (Yoast SEO v26.4) - https:\/\/yoast.com\/wordpress\/plugins\/seo\/ -->\n<title>Combien co\u00fbte une Mercedes Classe B ?<\/title>\n<meta name=\"robots\" content=\"index, follow, max-snippet:-1, max-image-preview:large, max-video-preview:-1\" \/>\n<link rel=\"canonical\" href=\"https:\/\/www.bymycar.fr\/webzine\/combien-coute-une-mercedes-classe-b\/\" \/>\n<meta property=\"og:locale\" content=\"fr_FR\" \/>\n<meta property=\"og:type\" content=\"article\" \/>\n<meta property=\"og:title\" content=\"Combien co\u00fbte une Mercedes Classe B ?\" \/>\n<meta property=\"og:url\" content=\"https:\/\/www.bymycar.fr\/webzine\/combien-coute-une-mercedes-classe-b\/\" \/>\n<meta property=\"og:site_name\" content=\"Webzine auto BYmyCAR\" \/>\n<meta property=\"article:published_time\" content=\"2022-11-11T06:35:05+00:00\" \/>\n<meta property=\"article:modified_time\" content=\"2026-04-27T12:18:59+00:00\" \/>\n<meta property=\"og:image\" content=\"https:\/\/cdn.bymycar.eu\/fr-webzine\/wp-content\/uploads\/medias\/Mercedes-Classe-B.jpg\" \/>\n\t<meta property=\"og:image:width\" content=\"750\" \/>\n\t<meta property=\"og:image:height\" content=\"410\" \/>\n\t<meta property=\"og:image:type\" content=\"image\/jpeg\" \/>\n<meta name=\"author\" content=\"La R\u00e9daction BYmyCAR\" \/>\n<meta name=\"twitter:card\" content=\"summary_large_image\" \/>\n<meta name=\"twitter:label1\" content=\"\u00c9crit par\" \/>\n\t<meta name=\"twitter:data1\" content=\"La R\u00e9daction BYmyCAR\" \/>\n\t<meta name=\"twitter:label2\" content=\"Dur\u00e9e de lecture estim\u00e9e\" \/>\n\t<meta name=\"twitter:data2\" content=\"1 minute\" \/>\n<script type=\"application\/ld+json\" class=\"yoast-schema-graph\">{\"@context\":\"https:\/\/schema.org\",\"@graph\":[{\"@type\":\"Article\",\"@id\":\"https:\/\/www.bymycar.fr\/webzine\/combien-coute-une-mercedes-classe-b\/#article\",\"isPartOf\":{\"@id\":\"https:\/\/www.bymycar.fr\/webzine\/combien-coute-une-mercedes-classe-b\/\"},\"author\":{\"name\":\"La R\u00e9daction BYmyCAR\",\"@id\":\"https:\/\/www.bymycar.fr\/webzine\/#\/schema\/person\/8d570fe11eb8929f06c1e6d00f4d9689\"},\"headline\":\"Combien co\u00fbte une Mercedes Classe B ?\",\"datePublished\":\"2022-11-11T06:35:05+00:00\",\"dateModified\":\"2026-04-27T12:18:59+00:00\",\"mainEntityOfPage\":{\"@id\":\"https:\/\/www.bymycar.fr\/webzine\/combien-coute-une-mercedes-classe-b\/\"},\"wordCount\":7,\"publisher\":{\"@id\":\"https:\/\/www.bymycar.fr\/webzine\/#organization\"},\"image\":{\"@id\":\"https:\/\/www.bymycar.fr\/webzine\/combien-coute-une-mercedes-classe-b\/#primaryimage\"},\"thumbnailUrl\":\"https:\/\/cdn.bymycar.eu\/fr-webzine\/wp-content\/uploads\/medias\/Mercedes-Classe-B.jpg\",\"articleSection\":[\"Guide d'achat\",\"Guide d'achat Mercedes\"],\"inLanguage\":\"fr-FR\"},{\"@type\":\"WebPage\",\"@id\":\"https:\/\/www.bymycar.fr\/webzine\/combien-coute-une-mercedes-classe-b\/\",\"url\":\"https:\/\/www.bymycar.fr\/webzine\/combien-coute-une-mercedes-classe-b\/\",\"name\":\"Combien co\u00fbte une Mercedes Classe B ?\",\"isPartOf\":{\"@id\":\"https:\/\/www.bymycar.fr\/webzine\/#website\"},\"primaryImageOfPage\":{\"@id\":\"https:\/\/www.bymycar.fr\/webzine\/combien-coute-une-mercedes-classe-b\/#primaryimage\"},\"image\":{\"@id\":\"https:\/\/www.bymycar.fr\/webzine\/combien-coute-une-mercedes-classe-b\/#primaryimage\"},\"thumbnailUrl\":\"https:\/\/cdn.bymycar.eu\/fr-webzine\/wp-content\/uploads\/medias\/Mercedes-Classe-B.jpg\",\"datePublished\":\"2022-11-11T06:35:05+00:00\",\"dateModified\":\"2026-04-27T12:18:59+00:00\",\"breadcrumb\":{\"@id\":\"https:\/\/www.bymycar.fr\/webzine\/combien-coute-une-mercedes-classe-b\/#breadcrumb\"},\"inLanguage\":\"fr-FR\",\"potentialAction\":[{\"@type\":\"ReadAction\",\"target\":[\"https:\/\/www.bymycar.fr\/webzine\/combien-coute-une-mercedes-classe-b\/\"]}]},{\"@type\":\"ImageObject\",\"inLanguage\":\"fr-FR\",\"@id\":\"https:\/\/www.bymycar.fr\/webzine\/combien-coute-une-mercedes-classe-b\/#primaryimage\",\"url\":\"https:\/\/cdn.bymycar.eu\/fr-webzine\/wp-content\/uploads\/medias\/Mercedes-Classe-B.jpg\",\"contentUrl\":\"https:\/\/cdn.bymycar.eu\/fr-webzine\/wp-content\/uploads\/medias\/Mercedes-Classe-B.jpg\",\"width\":750,\"height\":410},{\"@type\":\"BreadcrumbList\",\"@id\":\"https:\/\/www.bymycar.fr\/webzine\/combien-coute-une-mercedes-classe-b\/#breadcrumb\",\"itemListElement\":[{\"@type\":\"ListItem\",\"position\":1,\"name\":\"Accueil\",\"item\":\"https:\/\/www.bymycar.fr\/webzine\/\"},{\"@type\":\"ListItem\",\"position\":2,\"name\":\"Combien co\u00fbte une Mercedes Classe B ?\"}]},{\"@type\":\"WebSite\",\"@id\":\"https:\/\/www.bymycar.fr\/webzine\/#website\",\"url\":\"https:\/\/www.bymycar.fr\/webzine\/\",\"name\":\"Webzine auto BYmyCAR\",\"description\":\"La magazine auto de BYmyCAR\",\"publisher\":{\"@id\":\"https:\/\/www.bymycar.fr\/webzine\/#organization\"},\"potentialAction\":[{\"@type\":\"SearchAction\",\"target\":{\"@type\":\"EntryPoint\",\"urlTemplate\":\"https:\/\/www.bymycar.fr\/webzine\/?s={search_term_string}\"},\"query-input\":{\"@type\":\"PropertyValueSpecification\",\"valueRequired\":true,\"valueName\":\"search_term_string\"}}],\"inLanguage\":\"fr-FR\"},{\"@type\":\"Organization\",\"@id\":\"https:\/\/www.bymycar.fr\/webzine\/#organization\",\"name\":\"BYmyCAR\",\"url\":\"https:\/\/www.bymycar.fr\/webzine\/\",\"logo\":{\"@type\":\"ImageObject\",\"inLanguage\":\"fr-FR\",\"@id\":\"https:\/\/www.bymycar.fr\/webzine\/#\/schema\/logo\/image\/\",\"url\":\"https:\/\/cdn.bymycar.eu\/fr-webzine\/wp-content\/uploads\/medias\/2017\/08\/logo_DEALER_00000406_001.png\",\"contentUrl\":\"https:\/\/cdn.bymycar.eu\/fr-webzine\/wp-content\/uploads\/medias\/2017\/08\/logo_DEALER_00000406_001.png\",\"width\":2132,\"height\":720,\"caption\":\"BYmyCAR\"},\"image\":{\"@id\":\"https:\/\/www.bymycar.fr\/webzine\/#\/schema\/logo\/image\/\"}},{\"@type\":\"Person\",\"@id\":\"https:\/\/www.bymycar.fr\/webzine\/#\/schema\/person\/8d570fe11eb8929f06c1e6d00f4d9689\",\"name\":\"La R\u00e9daction BYmyCAR\",\"image\":{\"@type\":\"ImageObject\",\"inLanguage\":\"fr-FR\",\"@id\":\"https:\/\/www.bymycar.fr\/webzine\/#\/schema\/person\/image\/\",\"url\":\"https:\/\/secure.gravatar.com\/avatar\/1aa6b039d0ce106989923af4e2d0f2a0c82bb070d5e449f1b9adf082a5863900?s=96&d=mm&r=g\",\"contentUrl\":\"https:\/\/secure.gravatar.com\/avatar\/1aa6b039d0ce106989923af4e2d0f2a0c82bb070d5e449f1b9adf082a5863900?s=96&d=mm&r=g\",\"caption\":\"La R\u00e9daction BYmyCAR\"},\"sameAs\":[\"https:\/\/www.bymycar.fr\/\"]}]}<\/script>\n<!-- \/ Yoast SEO Premium plugin. -->","yoast_head_json":{"title":"Combien co\u00fbte une Mercedes Classe B ?","robots":{"index":"index","follow":"follow","max-snippet":"max-snippet:-1","max-image-preview":"max-image-preview:large","max-video-preview":"max-video-preview:-1"},"canonical":"https:\/\/www.bymycar.fr\/webzine\/combien-coute-une-mercedes-classe-b\/","og_locale":"fr_FR","og_type":"article","og_title":"Combien co\u00fbte une Mercedes Classe B ?","og_url":"https:\/\/www.bymycar.fr\/webzine\/combien-coute-une-mercedes-classe-b\/","og_site_name":"Webzine auto BYmyCAR","article_published_time":"2022-11-11T06:35:05+00:00","article_modified_time":"2026-04-27T12:18:59+00:00","og_image":[{"width":750,"height":410,"url":"https:\/\/cdn.bymycar.eu\/fr-webzine\/wp-content\/uploads\/medias\/Mercedes-Classe-B.jpg","type":"image\/jpeg"}],"author":"La R\u00e9daction BYmyCAR","twitter_card":"summary_large_image","twitter_misc":{"\u00c9crit par":"La R\u00e9daction BYmyCAR","Dur\u00e9e de lecture estim\u00e9e":"1 minute"},"schema":{"@context":"https:\/\/schema.org","@graph":[{"@type":"Article","@id":"https:\/\/www.bymycar.fr\/webzine\/combien-coute-une-mercedes-classe-b\/#article","isPartOf":{"@id":"https:\/\/www.bymycar.fr\/webzine\/combien-coute-une-mercedes-classe-b\/"},"author":{"name":"La R\u00e9daction BYmyCAR","@id":"https:\/\/www.bymycar.fr\/webzine\/#\/schema\/person\/8d570fe11eb8929f06c1e6d00f4d9689"},"headline":"Combien co\u00fbte une Mercedes Classe B ?","datePublished":"2022-11-11T06:35:05+00:00","dateModified":"2026-04-27T12:18:59+00:00","mainEntityOfPage":{"@id":"https:\/\/www.bymycar.fr\/webzine\/combien-coute-une-mercedes-classe-b\/"},"wordCount":7,"publisher":{"@id":"https:\/\/www.bymycar.fr\/webzine\/#organization"},"image":{"@id":"https:\/\/www.bymycar.fr\/webzine\/combien-coute-une-mercedes-classe-b\/#primaryimage"},"thumbnailUrl":"https:\/\/cdn.bymycar.eu\/fr-webzine\/wp-content\/uploads\/medias\/Mercedes-Classe-B.jpg","articleSection":["Guide d'achat","Guide d'achat Mercedes"],"inLanguage":"fr-FR"},{"@type":"WebPage","@id":"https:\/\/www.bymycar.fr\/webzine\/combien-coute-une-mercedes-classe-b\/","url":"https:\/\/www.bymycar.fr\/webzine\/combien-coute-une-mercedes-classe-b\/","name":"Combien co\u00fbte une Mercedes Classe B ?","isPartOf":{"@id":"https:\/\/www.bymycar.fr\/webzine\/#website"},"primaryImageOfPage":{"@id":"https:\/\/www.bymycar.fr\/webzine\/combien-coute-une-mercedes-classe-b\/#primaryimage"},"image":{"@id":"https:\/\/www.bymycar.fr\/webzine\/combien-coute-une-mercedes-classe-b\/#primaryimage"},"thumbnailUrl":"https:\/\/cdn.bymycar.eu\/fr-webzine\/wp-content\/uploads\/medias\/Mercedes-Classe-B.jpg","datePublished":"2022-11-11T06:35:05+00:00","dateModified":"2026-04-27T12:18:59+00:00","breadcrumb":{"@id":"https:\/\/www.bymycar.fr\/webzine\/combien-coute-une-mercedes-classe-b\/#breadcrumb"},"inLanguage":"fr-FR","potentialAction":[{"@type":"ReadAction","target":["https:\/\/www.bymycar.fr\/webzine\/combien-coute-une-mercedes-classe-b\/"]}]},{"@type":"ImageObject","inLanguage":"fr-FR","@id":"https:\/\/www.bymycar.fr\/webzine\/combien-coute-une-mercedes-classe-b\/#primaryimage","url":"https:\/\/cdn.bymycar.eu\/fr-webzine\/wp-content\/uploads\/medias\/Mercedes-Classe-B.jpg","contentUrl":"https:\/\/cdn.bymycar.eu\/fr-webzine\/wp-content\/uploads\/medias\/Mercedes-Classe-B.jpg","width":750,"height":410},{"@type":"BreadcrumbList","@id":"https:\/\/www.bymycar.fr\/webzine\/combien-coute-une-mercedes-classe-b\/#breadcrumb","itemListElement":[{"@type":"ListItem","position":1,"name":"Accueil","item":"https:\/\/www.bymycar.fr\/webzine\/"},{"@type":"ListItem","position":2,"name":"Combien co\u00fbte une Mercedes Classe B ?"}]},{"@type":"WebSite","@id":"https:\/\/www.bymycar.fr\/webzine\/#website","url":"https:\/\/www.bymycar.fr\/webzine\/","name":"Webzine auto BYmyCAR","description":"La magazine auto de BYmyCAR","publisher":{"@id":"https:\/\/www.bymycar.fr\/webzine\/#organization"},"potentialAction":[{"@type":"SearchAction","target":{"@type":"EntryPoint","urlTemplate":"https:\/\/www.bymycar.fr\/webzine\/?s={search_term_string}"},"query-input":{"@type":"PropertyValueSpecification","valueRequired":true,"valueName":"search_term_string"}}],"inLanguage":"fr-FR"},{"@type":"Organization","@id":"https:\/\/www.bymycar.fr\/webzine\/#organization","name":"BYmyCAR","url":"https:\/\/www.bymycar.fr\/webzine\/","logo":{"@type":"ImageObject","inLanguage":"fr-FR","@id":"https:\/\/www.bymycar.fr\/webzine\/#\/schema\/logo\/image\/","url":"https:\/\/cdn.bymycar.eu\/fr-webzine\/wp-content\/uploads\/medias\/2017\/08\/logo_DEALER_00000406_001.png","contentUrl":"https:\/\/cdn.bymycar.eu\/fr-webzine\/wp-content\/uploads\/medias\/2017\/08\/logo_DEALER_00000406_001.png","width":2132,"height":720,"caption":"BYmyCAR"},"image":{"@id":"https:\/\/www.bymycar.fr\/webzine\/#\/schema\/logo\/image\/"}},{"@type":"Person","@id":"https:\/\/www.bymycar.fr\/webzine\/#\/schema\/person\/8d570fe11eb8929f06c1e6d00f4d9689","name":"La R\u00e9daction BYmyCAR","image":{"@type":"ImageObject","inLanguage":"fr-FR","@id":"https:\/\/www.bymycar.fr\/webzine\/#\/schema\/person\/image\/","url":"https:\/\/secure.gravatar.com\/avatar\/1aa6b039d0ce106989923af4e2d0f2a0c82bb070d5e449f1b9adf082a5863900?s=96&d=mm&r=g","contentUrl":"https:\/\/secure.gravatar.com\/avatar\/1aa6b039d0ce106989923af4e2d0f2a0c82bb070d5e449f1b9adf082a5863900?s=96&d=mm&r=g","caption":"La R\u00e9daction BYmyCAR"},"sameAs":["https:\/\/www.bymycar.fr\/"]}]}},"_links":{"self":[{"href":"https:\/\/www.bymycar.fr\/webzine\/wp-json\/wp\/v2\/posts\/37244","targetHints":{"allow":["GET"]}}],"collection":[{"href":"https:\/\/www.bymycar.fr\/webzine\/wp-json\/wp\/v2\/posts"}],"about":[{"href":"https:\/\/www.bymycar.fr\/webzine\/wp-json\/wp\/v2\/types\/post"}],"author":[{"embeddable":true,"href":"https:\/\/www.bymycar.fr\/webzine\/wp-json\/wp\/v2\/users\/88"}],"replies":[{"embeddable":true,"href":"https:\/\/www.bymycar.fr\/webzine\/wp-json\/wp\/v2\/comments?post=37244"}],"version-history":[{"count":6,"href":"https:\/\/www.bymycar.fr\/webzine\/wp-json\/wp\/v2\/posts\/37244\/revisions"}],"predecessor-version":[{"id":62639,"href":"https:\/\/www.bymycar.fr\/webzine\/wp-json\/wp\/v2\/posts\/37244\/revisions\/62639"}],"wp:featuredmedia":[{"embeddable":true,"href":"https:\/\/www.bymycar.fr\/webzine\/wp-json\/wp\/v2\/media\/37074"}],"wp:attachment":[{"href":"https:\/\/www.bymycar.fr\/webzine\/wp-json\/wp\/v2\/media?parent=37244"}],"wp:term":[{"taxonomy":"category","embeddable":true,"href":"https:\/\/www.bymycar.fr\/webzine\/wp-json\/wp\/v2\/categories?post=37244"},{"taxonomy":"post_tag","embeddable":true,"href":"https:\/\/www.bymycar.fr\/webzine\/wp-json\/wp\/v2\/tags?post=37244"}],"curies":[{"name":"wp","href":"https:\/\/api.w.org\/{rel}","templated":true}]}}