{"id":37192,"date":"2022-11-10T09:56:05","date_gmt":"2022-11-10T08:56:05","guid":{"rendered":"https:\/\/prod.bymycar.fr\/webzine\/?p=37192"},"modified":"2026-04-27T14:19:06","modified_gmt":"2026-04-27T12:19:06","slug":"comment-activer-lairbag-passager-dune-mercedes-classe-b","status":"publish","type":"post","link":"https:\/\/www.bymycar.fr\/webzine\/comment-activer-lairbag-passager-dune-mercedes-classe-b\/","title":{"rendered":"Comment activer l\u2019airbag passager d\u2019une Mercedes Classe B ?"},"content":{"rendered":"","protected":false},"excerpt":{"rendered":"","protected":false},"author":88,"featured_media":37074,"comment_status":"closed","ping_status":"open","sticky":false,"template":"","format":"standard","meta":{"_acf_changed":false,"footnotes":""},"categories":[12893,12896],"tags":[],"class_list":["post-37192","post","type-post","status-publish","format-standard","has-post-thumbnail","hentry","category-guide-dachat","category-guide-dachat-mercedes"],"acf":{"template":"classique","introduction":"<p style=\"text-align: justify;\">L\u2019airbag est un syst\u00e8me de s\u00e9curit\u00e9 plac\u00e9 dans presque tous les v\u00e9hicules, dont la <a href=\"https:\/\/www.bymycar.fr\/marques\/mercedes\/classe-b\">Mercedes Classe B<\/a>. Il existe de nombreuses situations o\u00f9 il est n\u00e9cessaire de le d\u00e9sactiver et de l\u2019allumer. BYmyCAR vous propose de d\u00e9couvrir les m\u00e9thodes \u00e0 suivre.<\/p>\n<p style=\"text-align: center;\"><a href=\"https:\/\/www.bymycar.fr\/rechercher-un-vehicule?prod_VEHICLES%5BrefinementList%5D%5Bbrand%5D%5B0%5D=MERCEDES&amp;prod_VEHICLES%5BrefinementList%5D%5BmodelGroup1%5D%5B0%5D=CLASSE%20B\" target=\"_blank\" class=\"css-button css-button--gold\" >\n                Voir nos v\u00e9hicules Mercedes Classe B neufs et d'occasion\n        <\/a><\/p>\n","strates":[{"type_strate":"texte-simple","ancre":"","contenu":"<h2 style=\"text-align: justify;\">\u00c0 quoi sert l\u2019airbag du si\u00e8ge passager d\u2019une Mercedes Classe B, la cousine de la Classe A ?<\/h2>\n<p style=\"text-align: justify;\">L\u2019airbag repr\u00e9sente un dispositif de s\u00e9curit\u00e9 routi\u00e8re. Selon le mod\u00e8le et la marque, il peut \u00eatre disponible de s\u00e9rie ou en option. Pour information, la pr\u00e9sence de cet \u00e9quipement n\u2019est pas impos\u00e9e par la loi.<\/p>\n<p style=\"text-align: justify;\">Dans le cas d\u2019une\u00a0<a href=\"https:\/\/www.bymycar.fr\/marques\/mercedes\/classe-b\">Mercedes-Benz Classe B<\/a>, ce mod\u00e8le est propos\u00e9 de s\u00e9rie avec 7 airbags. L\u2019un se trouve du c\u00f4t\u00e9 du si\u00e8ge passager. Pr\u00e9cis\u00e9ment, il se trouve sous la planche de bord. La fonction principale d\u2019un airbag frontal du passager est de r\u00e9duire les chocs en cas d\u2019accident. Le passager est rattrap\u00e9 par une sorte de sac rempli d\u2019air pour \u00e9viter un impact important avec une surface dure comme le tableau de bord. Ce faisant, l\u2019airbag r\u00e9duit les risques de blessures graves au niveau du thorax ou encore des jambes. Pour information, plusieurs phases se d\u00e9roulent automatiquement en cas d\u2019accident, et ce, en 150 millisecondes environ\u00a0:<\/p>\n<ul style=\"text-align: justify;\">\n<li>Le syst\u00e8me d\u00e9tecte un important choc\u00a0;<\/li>\n<li>Il se d\u00e9clenche automatiquement\u00a0;<\/li>\n<li>L\u2019airbag se d\u00e9ploie afin d\u2019amortir le choc du passager\u00a0;<\/li>\n<li>L\u2019airbag se d\u00e9gonfle pour \u00e9viter que la personne s\u2019\u00e9touffe.<\/li>\n<\/ul>\n<p style=\"text-align: justify;\">Attention, ce syst\u00e8me ne remplace pas la ceinture de s\u00e9curit\u00e9. Pour une efficacit\u00e9 optimale, il faut toujours combiner l\u2019utilisation de ces deux syst\u00e8mes.<\/p>\n<h3 style=\"text-align: justify;\">Comment savoir si la Mercedes Classe B dispose d\u2019un airbag du c\u00f4t\u00e9 du passager\u00a0?<\/h3>\n<p style=\"text-align: justify;\">D\u00e9terminer la pr\u00e9sence ou non d\u2019un Airbag frontal passager sur une Mercedes Classe B est tr\u00e8s facile. Avant de monter \u00e0 bord, vous pouvez consulter le manuel du constructeur. Dans ce document, vous trouverez toutes sortes d\u2019informations sur les \u00e9quipements de la Mercedes-Benz Classe B. Dans le cas d\u2019une voiture d\u2019occasion, vous pouvez aussi v\u00e9rifier dans le carnet d\u2019entretien si l\u2019airbag n\u2019a pas d\u00e9j\u00e0 \u00e9t\u00e9 remplac\u00e9. En effet, il doit \u00eatre chang\u00e9 apr\u00e8s chaque d\u00e9ploiement. Si vous \u00eates en train d\u2019acheter votre Mercedes Classe B, cette information vous sera s\u00fbrement communiqu\u00e9e par le vendeur.<\/p>\n<p style=\"text-align: justify;\">\u00c0 bord de la voiture, vous \u00eates \u00e9galement inform\u00e9 du statut airbag avant de prendre la route. Si un autodiagnostic se lance, vous \u00eates certain que votre v\u00e9hicule dispose de ce syst\u00e8me de s\u00e9curit\u00e9.<\/p>\n<h3 style=\"text-align: justify;\">Comment savoir si l\u2019airbag passager est activ\u00e9\u00a0?<\/h3>\n<p style=\"text-align: justify;\">Il faut surveiller les indications sur le tableau de bord pour d\u00e9terminer si l\u2019airbag frontal du si\u00e8ge passager est allum\u00e9. Lorsque vous tournez la cl\u00e9 de contact, vous mettez en marche automatiquement un diagnostic du syst\u00e8me. \u00c0 la fin de ce diagnostic, une s\u00e9rie d\u2019informations s\u2019affiche, dont l\u2019indication sur le \u00ab\u00a0Passenger Air Bag\u00a0\u00bb. Vous saurez que l\u2019airbag est activ\u00e9 lorsque le voyant \u00ab\u00a0On\u00a0\u00bb s\u2019allume durant 60 secondes environ. Ensuite, il s\u2019\u00e9teint tout comme le t\u00e9moin \u00ab\u00a0Off\u00a0\u00bb. Le passager peut \u00eatre plac\u00e9 en toute s\u00e9curit\u00e9 si vous le souhaitez, car le syst\u00e8me est pr\u00eat \u00e0 se d\u00e9clencher en cas d\u2019accident.<\/p>\n<h2 style=\"text-align: justify;\">Voyant Passenger airbag off allum\u00e9\u00a0sur une Mercedes Classe B : que signifie-t-il\u00a0?<\/h2>\n<p style=\"text-align: justify;\">D\u2019une mani\u00e8re g\u00e9n\u00e9rale, le voyant Passenger airbag off allum\u00e9 annonce un potentiel probl\u00e8me au niveau du syst\u00e8me. Dans les d\u00e9tails, l\u2019airbag est d\u00e9sactiv\u00e9 lorsque ce t\u00e9moin s\u2019allume sur le tableau de bord. Il ne s\u2019enclenchera pas \u00e0 moins que le syst\u00e8me soit r\u00e9activ\u00e9, m\u00eame en cas d\u2019important choc. Un cas plus grave est \u00e0 craindre si jamais le voyant Passenger Air Bag Off et le voyant d\u2019alerte des syst\u00e8mes de retenue s\u2019allument. Une v\u00e9rification dans un atelier qualifi\u00e9 est \u00e0 programmer le plus vite possible. Par-dessus tout, il est fortement d\u00e9conseill\u00e9 de placer une personne, encore moins un enfant, sur le si\u00e8ge passager tant que le probl\u00e8me n\u2019a pas \u00e9t\u00e9 r\u00e9solu.<\/p>\n<h3 style=\"text-align: justify;\">Pourquoi le voyant d\u2019airbag s\u2019allume sur une Mercedes Classe B\u00a0?<\/h3>\n<p style=\"text-align: justify;\">Plusieurs probl\u00e8mes techniques peuvent entra\u00eener l\u2019allumage du voyant d\u2019airbag sur une Mercedes Classe B\u00a0:<\/p>\n<ul style=\"text-align: justify;\">\n<li>Probl\u00e8me de branchement sous le si\u00e8ge passager\u00a0: le calculateur traduit ce probl\u00e8me par un dysfonctionnement du syst\u00e8me. Il le fait savoir \u00e0 travers le t\u00e9moin d\u2019airbag. Ce probl\u00e8me est souvent d\u00fb \u00e0 l\u2019usure des installations ou aux vibrations lorsque la voiture roule. Les branchements s\u2019oxydent ou se dessoudent selon les cas. Une r\u00e9paration des connexions suffit pour r\u00e9soudre ce probl\u00e8me.<\/li>\n<li>Calculateur d\u2019airbag HS\u00a0: le calculateur lui-m\u00eame peut \u00eatre la cause de l\u2019allumage du t\u00e9moin d\u2019airbag. Il envoie un message erron\u00e9 alors que le syst\u00e8me est op\u00e9rationnel. Ce probl\u00e8me ne peut \u00eatre confirm\u00e9 que par un diagnostic effectu\u00e9 par un professionnel.<\/li>\n<li>Probl\u00e8me de contacteur\u00a0: le syst\u00e8me d\u2019airbag dispose de contacteur assurant le lien entre l\u2019airbag et l\u2019alimentation \u00e9lectrique. Le t\u00e9moin s\u2019allume lorsque cette pi\u00e8ce est HS. Pour information, le contacteur est plac\u00e9 dans la colonne de direction. Son dysfonctionnement provient g\u00e9n\u00e9ralement d\u2019un probl\u00e8me au niveau des manettes du volant. Pour r\u00e9soudre cette situation, vous devez faire appel \u00e0 un garagiste comp\u00e9tent et qualifi\u00e9.<\/li>\n<li>Batterie faible\u00a0: le probl\u00e8me de batterie ne concerne pas directement le syst\u00e8me airbag. En effet, le calculateur informe via le t\u00e9moin que l\u2019\u00e9nergie disponible est insuffisante pour permettre le d\u00e9ploiement de l\u2019airbag frontal passager. Il suffit ainsi de remplacer la batterie pour r\u00e9soudre ce probl\u00e8me.<\/li>\n<\/ul>\n<p style=\"text-align: justify;\">Ce dernier cas ne requiert pas forc\u00e9ment l\u2019intervention d\u2019un garagiste. Vous pouvez v\u00e9rifier l\u2019\u00e9tat de la batterie en utilisant un multim\u00e8tre. Ensuite, remplacez tout simplement la batterie. En cas de doute, il est tout de m\u00eame conseill\u00e9 de vous faire accompagner par un connaisseur au moins.<\/p>\n<h3 style=\"text-align: justify;\">Est-il possible de rouler avec le voyant airbag allum\u00e9\u00a0?<\/h3>\n<p style=\"text-align: justify;\">Le voyant d\u2019airbag allum\u00e9 ne cause pas directement une panne pour votre Mercedes Classe B. Ainsi, vous pouvez tout \u00e0 fait conduire votre voiture. Toutefois, il est fortement d\u00e9conseill\u00e9 de rouler longtemps et sur de longues distances avec un syst\u00e8me airbag d\u00e9fectueux. En effet, les cons\u00e9quences peuvent \u00eatre graves en cas d\u2019accidents.<\/p>\n<p style=\"text-align: justify;\">Pour rappel, les sinistres arrivent sans pr\u00e9venir. Un important choc peut gravement blesser le passager de devant. Les cons\u00e9quences sont m\u00eame parfois irr\u00e9versibles. Il est donc conseill\u00e9 de conduire votre voiture, mais en direction d\u2019un atelier de r\u00e9paration de voitures. Un professionnel peut v\u00e9rifier et r\u00e9parer rapidement le probl\u00e8me du syst\u00e8me Airbag. Au moins, il peut vous donner des conseils sur les moyens pour d\u00e9sactiver le t\u00e9moin. Cela est n\u00e9cessaire lorsque le syst\u00e8me d\u2019airbag est fonctionnel et que le voyant envoie un message erron\u00e9.<\/p>\n<h2 style=\"text-align: justify;\">Comment d\u00e9sactiver l\u2019airbag c\u00f4t\u00e9 passager d\u2019une Mercedes Classe B\u00a0et A ?<\/h2>\n<p style=\"text-align: justify;\">En principe, l\u2019airbag du c\u00f4t\u00e9 du passager doit toujours \u00eatre allum\u00e9 afin de prot\u00e9ger l\u2019occupant du si\u00e8ge. Cependant, il existe quelques situations o\u00f9 il faut au contraire le d\u00e9sactiver pour la m\u00eame fonction. La plus courante est l\u2019installation d\u2019un enfant et d\u2019un si\u00e8ge pour b\u00e9b\u00e9 dos \u00e0 la route \u00e0 l\u2019avant de la voiture. Vous avez d\u00e9j\u00e0 s\u00fbrement remarqu\u00e9 une notice indiquant \u00ab\u00a0Airbag interdit\u00a0\u00bb sur ce type de si\u00e8ge. La raison est que si jamais l\u2019airbag se d\u00e9ploie, l\u2019enfant se retrouvera propuls\u00e9 lors de l\u2019impact. Dans certains cas, le choc blesse ou \u00e9touffe le b\u00e9b\u00e9 lorsque son si\u00e8ge se colle avec celui de la voiture.<\/p>\n<p style=\"text-align: justify;\">Un autre cas o\u00f9 il est n\u00e9cessaire de d\u00e9sactiver l\u2019airbag sur le si\u00e8ge passager est lorsque votre passager aime mettre ses pieds sur le tableau de bord. Si le syst\u00e8me fonctionne, les jambes de cette personne peuvent \u00eatre projet\u00e9es vers elle lorsque le coussin se d\u00e9ploiera. Cette situation peut occasionner des l\u00e9sions c\u00e9r\u00e9brales plus ou moins graves.<\/p>\n<h3 style=\"text-align: justify;\">O\u00f9 se trouve le bouton d\u2019airbag sur une Mercedes Classe B\u00a0?<\/h3>\n<p style=\"text-align: justify;\">Avant de d\u00e9sactiver ce syst\u00e8me, il convient de savoir reconna\u00eetre le bouton d\u2019airbag de la Mercedes Classe B. Sur cette voiture, il est facile \u00e0 reconna\u00eetre gr\u00e2ce \u00e0 l\u2019inscription \u00ab\u00a0Airbag\u00a0\u00bb ou \u00ab\u00a0Passenger airbags\u00a0\u00bb. Selon le mod\u00e8le de la voiture, il peut aussi y avoir aussi les mentions \u00ab\u00a0On\u00a0\u00bb et \u00ab\u00a0Off\u00a0\u00bb.<\/p>\n<p style=\"text-align: justify;\">Sur une Mercedes Classe B, le bouton d\u2019Airbag peut se trouver dans divers emplacements en fonction de l\u2019ann\u00e9e de production\u00a0:<\/p>\n<ul style=\"text-align: justify;\">\n<li>Dans la bo\u00eete \u00e0 gants\u00a0;<\/li>\n<li>Entre la bo\u00eete \u00e0 gants et la porti\u00e8re\u00a0;<\/li>\n<li>\u00c0 gauche du volant et pr\u00e8s des genoux.<\/li>\n<\/ul>\n<p style=\"text-align: justify;\">Encore une fois, le manuel de la voiture peut vous aider \u00e0 trouver facilement la localisation du bouton d\u2019airbag.<\/p>\n<h3 style=\"text-align: justify;\">Quelles \u00e9tapes suivre pour d\u00e9sactiver l\u2019airbag d\u2019une Mercedes Classe B\u00a0?<\/h3>\n<p style=\"text-align: justify;\">La d\u00e9sactivation de l\u2019airbag du si\u00e8ge passager d\u2019une Mercedes Classe B doit \u00eatre r\u00e9alis\u00e9e avec le moteur \u00e9teint. Ainsi, la premi\u00e8re chose \u00e0 faire est de garer la voiture et d\u2019arr\u00eater le moteur. Par la suite, vous pouvez d\u00e9sactiver le syst\u00e8me en utilisant la cl\u00e9 de contact si vous \u00eates face \u00e0 une serrure. Si c\u2019est le cas, il vous suffit de tourner la cl\u00e9 d\u2019un cran pour \u00e9teindre le syst\u00e8me. Si votre voiture est \u00e9quip\u00e9e d\u2019un bouton, il vous faudra le mettre sur \u00ab\u00a0Off\u00a0\u00bb. Pour v\u00e9rifier si l\u2019op\u00e9ration a march\u00e9, il faut d\u00e9marrer la voiture. Un message indiquant la r\u00e9alisation d\u2019une modification va appara\u00eetre. Le t\u00e9moin d\u2019airbag peut aussi informer que le syst\u00e8me est inactif.<\/p>\n<h2 style=\"text-align: justify;\">Comment r\u00e9activer l\u2019airbag passager\u00a0sur une Mercedes Classe B et A ?<\/h2>\n<p style=\"text-align: justify;\">Une fois le si\u00e8ge b\u00e9b\u00e9 retir\u00e9, vous devez remettre en marche le syst\u00e8me airbag sur le si\u00e8ge passager. Pour cela, il faut suivre des \u00e9tapes toutes simples\u00a0:<\/p>\n<ol style=\"text-align: justify;\">\n<li>\u00c9teignez le moteur de la Mercedes Classe B ou Classe A\u00a0;<\/li>\n<li>Retirez la cl\u00e9 de contact de son emplacement\u00a0;<\/li>\n<li>Mettez le bouton sur On afin de r\u00e9activer le syst\u00e8me\u00a0;<\/li>\n<li>Mettez en marche le moteur pour v\u00e9rifier si l\u2019airbag est activ\u00e9.<\/li>\n<\/ol>\n<p style=\"text-align: justify;\">Le t\u00e9moin d\u2019airbag s\u2019allume, mais cette fois-ci sur l\u2019inscription \u00ab\u00a0On\u00a0\u00bb. \u00c0 ce moment-l\u00e0, vous pouvez \u00eatre certain que le syst\u00e8me est fonctionnel. Les passagers et vous pouvez rouler en toute tranquillit\u00e9 d\u2019esprit tout en n\u2019oubliant pas de mettre vos ceintures.<\/p>\n<h3 style=\"text-align: justify;\">Guide d&rsquo;achat Mercedes Classe B<\/h3>\n<p style=\"text-align: justify;\"><a href=\"https:\/\/www.bymycar.fr\/webzine\/bouchon-de-vidange-mercedes-classe-b\/\">O\u00f9 se trouve le bouchon de vidange Mercedes Classe B ?<\/a><\/p>\n<p style=\"text-align: justify;\"><a href=\"https:\/\/www.bymycar.fr\/webzine\/moteur-mercedes-classe-b-chaine-ou-courroie\/\">Moteur Mercedes Classe B : cha\u00eene ou courroie ?<\/a><\/p>\n<p style=\"text-align: justify;\"><a href=\"https:\/\/www.bymycar.fr\/webzine\/quand-changer-la-chaine-de-distribution-mercedes-classe-b\/\">Quand changer la chaine de distribution Mercedes Classe B ?<\/a><\/p>\n<p style=\"text-align: justify;\"><a href=\"https:\/\/www.bymycar.fr\/webzine\/ou-se-trouve-la-batterie-dune-mercedes-classe-b\/\">O\u00f9 se trouve la batterie d\u2019une Mercedes Classe B ?<\/a><\/p>\n<p style=\"text-align: justify;\"><a href=\"https:\/\/www.bymycar.fr\/webzine\/mercedes-classe-b-traction-ou-propulsion\/\">Mercedes Classe B : traction ou propulsion ?<\/a><\/p>\n<p style=\"text-align: justify;\"><a href=\"https:\/\/www.bymycar.fr\/webzine\/mercedes-classe-a-vs-classe-b\/\">Mercedes Classe A vs Classe B<\/a><\/p>\n<p style=\"text-align: justify;\"><a href=\"https:\/\/www.bymycar.fr\/webzine\/quel-classe-b-avec-moteur-renault\/\">Quel classe B avec moteur Renault ?<\/a><\/p>\n<p style=\"text-align: justify;\"><a href=\"https:\/\/www.bymycar.fr\/webzine\/changer-le-clignotant-de-retroviseur-de-la-mercedes-classe-b\/\">Comment changer le clignotant de r\u00e9troviseur de la Mercedes Classe B ?<\/a><\/p>\n<p style=\"text-align: justify;\"><a href=\"https:\/\/www.bymycar.fr\/webzine\/combien-coute-une-mercedes-classe-b\/\">Combien co\u00fbte une Mercedes Classe B ?<\/a><\/p>\n<p style=\"text-align: justify;\"><a href=\"https:\/\/www.bymycar.fr\/webzine\/combien-coute-lentretien-annuel-dune-mercedes-classe-b\/\">Combien co\u00fbte l&rsquo;entretien annuel d&rsquo;une Mercedes Classe B ?<\/a><\/p>\n","titre":"Texte 1","image":false,"image_libre":false,"image_800x500":false,"legende":"","zoom":false,"texte":"","articles":false,"categorie_droite":false,"images":false,"elements_comparatif":false,"texte_1":"","texte_2":"","image_1":false,"image_1_563x400":false,"image_1_332x332":false,"image_2":false,"image_2_333x240":false,"image_2_563x400":false,"image_3":false,"image_3_333x240":false,"image_3_332x450":false,"image_4":false,"image_4_332x332":false,"image_4_563x400":false,"code_embed":"","legende_video":"","photo":false,"photo_100x100":false,"nom":"","fonction":"","elements_timeline":false,"entetes_colonnes":false,"entetes_lignes":false,"lignes":false,"introduction":"","formulaire":false,"question":"","reponse":"","libelle_bouton_lien":"","url_lien":"","questions":false,"conclusions":false,"pays":false,"region":false,"marque":false,"marqueConcessions":false,"modele":false,"ptvente":false,"typeV":false,"collection":false,"nombre_maximum_elements":10,"lien_fin_carousel":"","texte_lien_fin_carousel":"","trier_par":false},{"type_strate":"carousel-produits","ancre":"","contenu":"","titre":"Voir nos v\u00e9hicules Mercedes Classe B disponibles","image":false,"image_libre":false,"image_800x500":false,"legende":"","zoom":false,"texte":"","articles":false,"categorie_droite":false,"images":false,"elements_comparatif":false,"texte_1":"","texte_2":"","image_1":false,"image_1_563x400":false,"image_1_332x332":false,"image_2":false,"image_2_333x240":false,"image_2_563x400":false,"image_3":false,"image_3_333x240":false,"image_3_332x450":false,"image_4":false,"image_4_332x332":false,"image_4_563x400":false,"code_embed":"","legende_video":"","photo":false,"photo_100x100":false,"nom":"","fonction":"","elements_timeline":false,"entetes_colonnes":false,"entetes_lignes":false,"lignes":false,"introduction":"","formulaire":false,"question":"","reponse":"","libelle_bouton_lien":"","url_lien":"","questions":false,"conclusions":false,"pays":"1","region":"","marque":"16","marqueConcessions":false,"modele":"CLASSE B","ptvente":"","typeV":"","collection":"","nombre_maximum_elements":"10","lien_fin_carousel":"https:\/\/www.bymycar.fr\/rechercher-un-vehicule?prod_VEHICLES%5BrefinementList%5D%5Bbrand%5D%5B0%5D=MERCEDES&prod_VEHICLES%5BrefinementList%5D%5BmodelGroup1%5D%5B0%5D=CLASSE%20B","texte_lien_fin_carousel":"Voir plus de v\u00e9hicules","trier_par":""}],"is_old_post":false,"image":{"ID":37074,"id":37074,"title":"Mercedes Classe B","filename":"Mercedes-Classe-B.jpg","filesize":1,"url":"https:\/\/cdn.bymycar.eu\/fr-webzine\/wp-content\/uploads\/medias\/Mercedes-Classe-B.jpg","link":"https:\/\/www.bymycar.fr\/webzine\/ou-se-trouve-la-batterie-dune-mercedes-classe-b\/mercedes-classe-b\/","alt":"","author":"9","description":"","caption":"","name":"mercedes-classe-b","status":"inherit","uploaded_to":37073,"date":"2022-11-04 14:15:37","modified":"2022-11-04 14:15:37","menu_order":0,"mime_type":"image\/jpeg","type":"image","subtype":"jpeg","icon":"https:\/\/www.bymycar.fr\/webzine\/wp-includes\/images\/media\/default.png","width":750,"height":410,"sizes":{"thumbnail":"https:\/\/cdn.bymycar.eu\/fr-webzine\/wp-content\/uploads\/medias\/Mercedes-Classe-B-150x150.jpg","thumbnail-width":150,"thumbnail-height":150,"medium":"https:\/\/cdn.bymycar.eu\/fr-webzine\/wp-content\/uploads\/medias\/Mercedes-Classe-B-300x164.jpg","medium-width":300,"medium-height":164,"medium_large":"https:\/\/cdn.bymycar.eu\/fr-webzine\/wp-content\/uploads\/medias\/Mercedes-Classe-B.jpg","medium_large-width":750,"medium_large-height":410,"large":"https:\/\/cdn.bymycar.eu\/fr-webzine\/wp-content\/uploads\/medias\/Mercedes-Classe-B.jpg","large-width":750,"large-height":410,"1536x1536":"https:\/\/cdn.bymycar.eu\/fr-webzine\/wp-content\/uploads\/medias\/Mercedes-Classe-B.jpg","1536x1536-width":750,"1536x1536-height":410,"2048x2048":"https:\/\/cdn.bymycar.eu\/fr-webzine\/wp-content\/uploads\/medias\/Mercedes-Classe-B.jpg","2048x2048-width":750,"2048x2048-height":410}},"page_content":{"block_content":[{"acf_fc_layout":"text-simple","--nav":{"-withNav":false,"-ancre":""},"--group":{"-text":"<h2 style=\"text-align: justify;\">\u00c0 quoi sert l\u2019airbag du si\u00e8ge passager d\u2019une Mercedes Classe B, la cousine de la Classe A ?<\/h2>\n<p style=\"text-align: justify;\">L\u2019airbag repr\u00e9sente un dispositif de s\u00e9curit\u00e9 routi\u00e8re. Selon le mod\u00e8le et la marque, il peut \u00eatre disponible de s\u00e9rie ou en option. Pour information, la pr\u00e9sence de cet \u00e9quipement n\u2019est pas impos\u00e9e par la loi.<\/p>\n<p style=\"text-align: justify;\">Dans le cas d\u2019une\u00a0<a href=\"https:\/\/www.bymycar.fr\/marques\/mercedes\/classe-b\">Mercedes-Benz Classe B<\/a>, ce mod\u00e8le est propos\u00e9 de s\u00e9rie avec 7 airbags. L\u2019un se trouve du c\u00f4t\u00e9 du si\u00e8ge passager. Pr\u00e9cis\u00e9ment, il se trouve sous la planche de bord. La fonction principale d\u2019un airbag frontal du passager est de r\u00e9duire les chocs en cas d\u2019accident. Le passager est rattrap\u00e9 par une sorte de sac rempli d\u2019air pour \u00e9viter un impact important avec une surface dure comme le tableau de bord. Ce faisant, l\u2019airbag r\u00e9duit les risques de blessures graves au niveau du thorax ou encore des jambes. Pour information, plusieurs phases se d\u00e9roulent automatiquement en cas d\u2019accident, et ce, en 150 millisecondes environ\u00a0:<\/p>\n<ul style=\"text-align: justify;\">\n<li>Le syst\u00e8me d\u00e9tecte un important choc\u00a0;<\/li>\n<li>Il se d\u00e9clenche automatiquement\u00a0;<\/li>\n<li>L\u2019airbag se d\u00e9ploie afin d\u2019amortir le choc du passager\u00a0;<\/li>\n<li>L\u2019airbag se d\u00e9gonfle pour \u00e9viter que la personne s\u2019\u00e9touffe.<\/li>\n<\/ul>\n<p style=\"text-align: justify;\">Attention, ce syst\u00e8me ne remplace pas la ceinture de s\u00e9curit\u00e9. Pour une efficacit\u00e9 optimale, il faut toujours combiner l\u2019utilisation de ces deux syst\u00e8mes.<\/p>\n<h3 style=\"text-align: justify;\">Comment savoir si la Mercedes Classe B dispose d\u2019un airbag du c\u00f4t\u00e9 du passager\u00a0?<\/h3>\n<p style=\"text-align: justify;\">D\u00e9terminer la pr\u00e9sence ou non d\u2019un Airbag frontal passager sur une Mercedes Classe B est tr\u00e8s facile. Avant de monter \u00e0 bord, vous pouvez consulter le manuel du constructeur. Dans ce document, vous trouverez toutes sortes d\u2019informations sur les \u00e9quipements de la Mercedes-Benz Classe B. Dans le cas d\u2019une voiture d\u2019occasion, vous pouvez aussi v\u00e9rifier dans le carnet d\u2019entretien si l\u2019airbag n\u2019a pas d\u00e9j\u00e0 \u00e9t\u00e9 remplac\u00e9. En effet, il doit \u00eatre chang\u00e9 apr\u00e8s chaque d\u00e9ploiement. Si vous \u00eates en train d\u2019acheter votre Mercedes Classe B, cette information vous sera s\u00fbrement communiqu\u00e9e par le vendeur.<\/p>\n<p style=\"text-align: justify;\">\u00c0 bord de la voiture, vous \u00eates \u00e9galement inform\u00e9 du statut airbag avant de prendre la route. Si un autodiagnostic se lance, vous \u00eates certain que votre v\u00e9hicule dispose de ce syst\u00e8me de s\u00e9curit\u00e9.<\/p>\n<h3 style=\"text-align: justify;\">Comment savoir si l\u2019airbag passager est activ\u00e9\u00a0?<\/h3>\n<p style=\"text-align: justify;\">Il faut surveiller les indications sur le tableau de bord pour d\u00e9terminer si l\u2019airbag frontal du si\u00e8ge passager est allum\u00e9. Lorsque vous tournez la cl\u00e9 de contact, vous mettez en marche automatiquement un diagnostic du syst\u00e8me. \u00c0 la fin de ce diagnostic, une s\u00e9rie d\u2019informations s\u2019affiche, dont l\u2019indication sur le \u00ab\u00a0Passenger Air Bag\u00a0\u00bb. Vous saurez que l\u2019airbag est activ\u00e9 lorsque le voyant \u00ab\u00a0On\u00a0\u00bb s\u2019allume durant 60 secondes environ. Ensuite, il s\u2019\u00e9teint tout comme le t\u00e9moin \u00ab\u00a0Off\u00a0\u00bb. Le passager peut \u00eatre plac\u00e9 en toute s\u00e9curit\u00e9 si vous le souhaitez, car le syst\u00e8me est pr\u00eat \u00e0 se d\u00e9clencher en cas d\u2019accident.<\/p>\n<h2 style=\"text-align: justify;\">Voyant Passenger airbag off allum\u00e9\u00a0sur une Mercedes Classe B : que signifie-t-il\u00a0?<\/h2>\n<p style=\"text-align: justify;\">D\u2019une mani\u00e8re g\u00e9n\u00e9rale, le voyant Passenger airbag off allum\u00e9 annonce un potentiel probl\u00e8me au niveau du syst\u00e8me. Dans les d\u00e9tails, l\u2019airbag est d\u00e9sactiv\u00e9 lorsque ce t\u00e9moin s\u2019allume sur le tableau de bord. Il ne s\u2019enclenchera pas \u00e0 moins que le syst\u00e8me soit r\u00e9activ\u00e9, m\u00eame en cas d\u2019important choc. Un cas plus grave est \u00e0 craindre si jamais le voyant Passenger Air Bag Off et le voyant d\u2019alerte des syst\u00e8mes de retenue s\u2019allument. Une v\u00e9rification dans un atelier qualifi\u00e9 est \u00e0 programmer le plus vite possible. Par-dessus tout, il est fortement d\u00e9conseill\u00e9 de placer une personne, encore moins un enfant, sur le si\u00e8ge passager tant que le probl\u00e8me n\u2019a pas \u00e9t\u00e9 r\u00e9solu.<\/p>\n<h3 style=\"text-align: justify;\">Pourquoi le voyant d\u2019airbag s\u2019allume sur une Mercedes Classe B\u00a0?<\/h3>\n<p style=\"text-align: justify;\">Plusieurs probl\u00e8mes techniques peuvent entra\u00eener l\u2019allumage du voyant d\u2019airbag sur une Mercedes Classe B\u00a0:<\/p>\n<ul style=\"text-align: justify;\">\n<li>Probl\u00e8me de branchement sous le si\u00e8ge passager\u00a0: le calculateur traduit ce probl\u00e8me par un dysfonctionnement du syst\u00e8me. Il le fait savoir \u00e0 travers le t\u00e9moin d\u2019airbag. Ce probl\u00e8me est souvent d\u00fb \u00e0 l\u2019usure des installations ou aux vibrations lorsque la voiture roule. Les branchements s\u2019oxydent ou se dessoudent selon les cas. Une r\u00e9paration des connexions suffit pour r\u00e9soudre ce probl\u00e8me.<\/li>\n<li>Calculateur d\u2019airbag HS\u00a0: le calculateur lui-m\u00eame peut \u00eatre la cause de l\u2019allumage du t\u00e9moin d\u2019airbag. Il envoie un message erron\u00e9 alors que le syst\u00e8me est op\u00e9rationnel. Ce probl\u00e8me ne peut \u00eatre confirm\u00e9 que par un diagnostic effectu\u00e9 par un professionnel.<\/li>\n<li>Probl\u00e8me de contacteur\u00a0: le syst\u00e8me d\u2019airbag dispose de contacteur assurant le lien entre l\u2019airbag et l\u2019alimentation \u00e9lectrique. Le t\u00e9moin s\u2019allume lorsque cette pi\u00e8ce est HS. Pour information, le contacteur est plac\u00e9 dans la colonne de direction. Son dysfonctionnement provient g\u00e9n\u00e9ralement d\u2019un probl\u00e8me au niveau des manettes du volant. Pour r\u00e9soudre cette situation, vous devez faire appel \u00e0 un garagiste comp\u00e9tent et qualifi\u00e9.<\/li>\n<li>Batterie faible\u00a0: le probl\u00e8me de batterie ne concerne pas directement le syst\u00e8me airbag. En effet, le calculateur informe via le t\u00e9moin que l\u2019\u00e9nergie disponible est insuffisante pour permettre le d\u00e9ploiement de l\u2019airbag frontal passager. Il suffit ainsi de remplacer la batterie pour r\u00e9soudre ce probl\u00e8me.<\/li>\n<\/ul>\n<p style=\"text-align: justify;\">Ce dernier cas ne requiert pas forc\u00e9ment l\u2019intervention d\u2019un garagiste. Vous pouvez v\u00e9rifier l\u2019\u00e9tat de la batterie en utilisant un multim\u00e8tre. Ensuite, remplacez tout simplement la batterie. En cas de doute, il est tout de m\u00eame conseill\u00e9 de vous faire accompagner par un connaisseur au moins.<\/p>\n<h3 style=\"text-align: justify;\">Est-il possible de rouler avec le voyant airbag allum\u00e9\u00a0?<\/h3>\n<p style=\"text-align: justify;\">Le voyant d\u2019airbag allum\u00e9 ne cause pas directement une panne pour votre Mercedes Classe B. Ainsi, vous pouvez tout \u00e0 fait conduire votre voiture. Toutefois, il est fortement d\u00e9conseill\u00e9 de rouler longtemps et sur de longues distances avec un syst\u00e8me airbag d\u00e9fectueux. En effet, les cons\u00e9quences peuvent \u00eatre graves en cas d\u2019accidents.<\/p>\n<p style=\"text-align: justify;\">Pour rappel, les sinistres arrivent sans pr\u00e9venir. Un important choc peut gravement blesser le passager de devant. Les cons\u00e9quences sont m\u00eame parfois irr\u00e9versibles. Il est donc conseill\u00e9 de conduire votre voiture, mais en direction d\u2019un atelier de r\u00e9paration de voitures. Un professionnel peut v\u00e9rifier et r\u00e9parer rapidement le probl\u00e8me du syst\u00e8me Airbag. Au moins, il peut vous donner des conseils sur les moyens pour d\u00e9sactiver le t\u00e9moin. Cela est n\u00e9cessaire lorsque le syst\u00e8me d\u2019airbag est fonctionnel et que le voyant envoie un message erron\u00e9.<\/p>\n<h2 style=\"text-align: justify;\">Comment d\u00e9sactiver l\u2019airbag c\u00f4t\u00e9 passager d\u2019une Mercedes Classe B\u00a0et A ?<\/h2>\n<p style=\"text-align: justify;\">En principe, l\u2019airbag du c\u00f4t\u00e9 du passager doit toujours \u00eatre allum\u00e9 afin de prot\u00e9ger l\u2019occupant du si\u00e8ge. Cependant, il existe quelques situations o\u00f9 il faut au contraire le d\u00e9sactiver pour la m\u00eame fonction. La plus courante est l\u2019installation d\u2019un enfant et d\u2019un si\u00e8ge pour b\u00e9b\u00e9 dos \u00e0 la route \u00e0 l\u2019avant de la voiture. Vous avez d\u00e9j\u00e0 s\u00fbrement remarqu\u00e9 une notice indiquant \u00ab\u00a0Airbag interdit\u00a0\u00bb sur ce type de si\u00e8ge. La raison est que si jamais l\u2019airbag se d\u00e9ploie, l\u2019enfant se retrouvera propuls\u00e9 lors de l\u2019impact. Dans certains cas, le choc blesse ou \u00e9touffe le b\u00e9b\u00e9 lorsque son si\u00e8ge se colle avec celui de la voiture.<\/p>\n<p style=\"text-align: justify;\">Un autre cas o\u00f9 il est n\u00e9cessaire de d\u00e9sactiver l\u2019airbag sur le si\u00e8ge passager est lorsque votre passager aime mettre ses pieds sur le tableau de bord. Si le syst\u00e8me fonctionne, les jambes de cette personne peuvent \u00eatre projet\u00e9es vers elle lorsque le coussin se d\u00e9ploiera. Cette situation peut occasionner des l\u00e9sions c\u00e9r\u00e9brales plus ou moins graves.<\/p>\n<h3 style=\"text-align: justify;\">O\u00f9 se trouve le bouton d\u2019airbag sur une Mercedes Classe B\u00a0?<\/h3>\n<p style=\"text-align: justify;\">Avant de d\u00e9sactiver ce syst\u00e8me, il convient de savoir reconna\u00eetre le bouton d\u2019airbag de la Mercedes Classe B. Sur cette voiture, il est facile \u00e0 reconna\u00eetre gr\u00e2ce \u00e0 l\u2019inscription \u00ab\u00a0Airbag\u00a0\u00bb ou \u00ab\u00a0Passenger airbags\u00a0\u00bb. Selon le mod\u00e8le de la voiture, il peut aussi y avoir aussi les mentions \u00ab\u00a0On\u00a0\u00bb et \u00ab\u00a0Off\u00a0\u00bb.<\/p>\n<p style=\"text-align: justify;\">Sur une Mercedes Classe B, le bouton d\u2019Airbag peut se trouver dans divers emplacements en fonction de l\u2019ann\u00e9e de production\u00a0:<\/p>\n<ul style=\"text-align: justify;\">\n<li>Dans la bo\u00eete \u00e0 gants\u00a0;<\/li>\n<li>Entre la bo\u00eete \u00e0 gants et la porti\u00e8re\u00a0;<\/li>\n<li>\u00c0 gauche du volant et pr\u00e8s des genoux.<\/li>\n<\/ul>\n<p style=\"text-align: justify;\">Encore une fois, le manuel de la voiture peut vous aider \u00e0 trouver facilement la localisation du bouton d\u2019airbag.<\/p>\n<h3 style=\"text-align: justify;\">Quelles \u00e9tapes suivre pour d\u00e9sactiver l\u2019airbag d\u2019une Mercedes Classe B\u00a0?<\/h3>\n<p style=\"text-align: justify;\">La d\u00e9sactivation de l\u2019airbag du si\u00e8ge passager d\u2019une Mercedes Classe B doit \u00eatre r\u00e9alis\u00e9e avec le moteur \u00e9teint. Ainsi, la premi\u00e8re chose \u00e0 faire est de garer la voiture et d\u2019arr\u00eater le moteur. Par la suite, vous pouvez d\u00e9sactiver le syst\u00e8me en utilisant la cl\u00e9 de contact si vous \u00eates face \u00e0 une serrure. Si c\u2019est le cas, il vous suffit de tourner la cl\u00e9 d\u2019un cran pour \u00e9teindre le syst\u00e8me. Si votre voiture est \u00e9quip\u00e9e d\u2019un bouton, il vous faudra le mettre sur \u00ab\u00a0Off\u00a0\u00bb. Pour v\u00e9rifier si l\u2019op\u00e9ration a march\u00e9, il faut d\u00e9marrer la voiture. Un message indiquant la r\u00e9alisation d\u2019une modification va appara\u00eetre. Le t\u00e9moin d\u2019airbag peut aussi informer que le syst\u00e8me est inactif.<\/p>\n<h2 style=\"text-align: justify;\">Comment r\u00e9activer l\u2019airbag passager\u00a0sur une Mercedes Classe B et A ?<\/h2>\n<p style=\"text-align: justify;\">Une fois le si\u00e8ge b\u00e9b\u00e9 retir\u00e9, vous devez remettre en marche le syst\u00e8me airbag sur le si\u00e8ge passager. Pour cela, il faut suivre des \u00e9tapes toutes simples\u00a0:<\/p>\n<ol style=\"text-align: justify;\">\n<li>\u00c9teignez le moteur de la Mercedes Classe B ou Classe A\u00a0;<\/li>\n<li>Retirez la cl\u00e9 de contact de son emplacement\u00a0;<\/li>\n<li>Mettez le bouton sur On afin de r\u00e9activer le syst\u00e8me\u00a0;<\/li>\n<li>Mettez en marche le moteur pour v\u00e9rifier si l\u2019airbag est activ\u00e9.<\/li>\n<\/ol>\n<p style=\"text-align: justify;\">Le t\u00e9moin d\u2019airbag s\u2019allume, mais cette fois-ci sur l\u2019inscription \u00ab\u00a0On\u00a0\u00bb. \u00c0 ce moment-l\u00e0, vous pouvez \u00eatre certain que le syst\u00e8me est fonctionnel. Les passagers et vous pouvez rouler en toute tranquillit\u00e9 d\u2019esprit tout en n\u2019oubliant pas de mettre vos ceintures.<\/p>\n<h3 style=\"text-align: justify;\">Guide d&rsquo;achat Mercedes Classe B<\/h3>\n<p style=\"text-align: justify;\"><a href=\"https:\/\/www.bymycar.fr\/webzine\/bouchon-de-vidange-mercedes-classe-b\/\">O\u00f9 se trouve le bouchon de vidange Mercedes Classe B ?<\/a><\/p>\n<p style=\"text-align: justify;\"><a href=\"https:\/\/www.bymycar.fr\/webzine\/moteur-mercedes-classe-b-chaine-ou-courroie\/\">Moteur Mercedes Classe B : cha\u00eene ou courroie ?<\/a><\/p>\n<p style=\"text-align: justify;\"><a href=\"https:\/\/www.bymycar.fr\/webzine\/quand-changer-la-chaine-de-distribution-mercedes-classe-b\/\">Quand changer la chaine de distribution Mercedes Classe B ?<\/a><\/p>\n<p style=\"text-align: justify;\"><a href=\"https:\/\/www.bymycar.fr\/webzine\/ou-se-trouve-la-batterie-dune-mercedes-classe-b\/\">O\u00f9 se trouve la batterie d\u2019une Mercedes Classe B ?<\/a><\/p>\n<p style=\"text-align: justify;\"><a href=\"https:\/\/www.bymycar.fr\/webzine\/mercedes-classe-b-traction-ou-propulsion\/\">Mercedes Classe B : traction ou propulsion ?<\/a><\/p>\n<p style=\"text-align: justify;\"><a href=\"https:\/\/www.bymycar.fr\/webzine\/mercedes-classe-a-vs-classe-b\/\">Mercedes Classe A vs Classe B<\/a><\/p>\n<p style=\"text-align: justify;\"><a href=\"https:\/\/www.bymycar.fr\/webzine\/quel-classe-b-avec-moteur-renault\/\">Quel classe B avec moteur Renault ?<\/a><\/p>\n<p style=\"text-align: justify;\"><a href=\"https:\/\/www.bymycar.fr\/webzine\/changer-le-clignotant-de-retroviseur-de-la-mercedes-classe-b\/\">Comment changer le clignotant de r\u00e9troviseur de la Mercedes Classe B ?<\/a><\/p>\n<p style=\"text-align: justify;\"><a href=\"https:\/\/www.bymycar.fr\/webzine\/combien-coute-une-mercedes-classe-b\/\">Combien co\u00fbte une Mercedes Classe B ?<\/a><\/p>\n<p style=\"text-align: justify;\"><a href=\"https:\/\/www.bymycar.fr\/webzine\/combien-coute-lentretien-annuel-dune-mercedes-classe-b\/\">Combien co\u00fbte l&rsquo;entretien annuel d&rsquo;une Mercedes Classe B ?<\/a><\/p>\n"}},{"acf_fc_layout":"carousel-produits"}]},"add-carousel-to-footer":true},"yoast_head":"<!-- This site is optimized with the Yoast SEO Premium plugin v26.4 (Yoast SEO v26.4) - https:\/\/yoast.com\/wordpress\/plugins\/seo\/ -->\n<title>Comment activer l\u2019airbag passager d\u2019une Mercedes Classe B ?<\/title>\n<meta name=\"robots\" content=\"index, follow, max-snippet:-1, max-image-preview:large, max-video-preview:-1\" \/>\n<link rel=\"canonical\" href=\"https:\/\/www.bymycar.fr\/webzine\/comment-activer-lairbag-passager-dune-mercedes-classe-b\/\" \/>\n<meta property=\"og:locale\" content=\"fr_FR\" \/>\n<meta property=\"og:type\" content=\"article\" \/>\n<meta property=\"og:title\" content=\"Comment activer l\u2019airbag passager d\u2019une Mercedes Classe B ?\" \/>\n<meta property=\"og:url\" content=\"https:\/\/www.bymycar.fr\/webzine\/comment-activer-lairbag-passager-dune-mercedes-classe-b\/\" \/>\n<meta property=\"og:site_name\" content=\"Webzine auto BYmyCAR\" \/>\n<meta property=\"article:published_time\" content=\"2022-11-10T08:56:05+00:00\" \/>\n<meta property=\"article:modified_time\" content=\"2026-04-27T12:19:06+00:00\" \/>\n<meta property=\"og:image\" content=\"https:\/\/cdn.bymycar.eu\/fr-webzine\/wp-content\/uploads\/medias\/Mercedes-Classe-B.jpg\" \/>\n\t<meta property=\"og:image:width\" content=\"750\" \/>\n\t<meta property=\"og:image:height\" content=\"410\" \/>\n\t<meta property=\"og:image:type\" content=\"image\/jpeg\" \/>\n<meta name=\"author\" content=\"La R\u00e9daction BYmyCAR\" \/>\n<meta name=\"twitter:card\" content=\"summary_large_image\" \/>\n<meta name=\"twitter:label1\" content=\"\u00c9crit par\" \/>\n\t<meta name=\"twitter:data1\" content=\"La R\u00e9daction BYmyCAR\" \/>\n<script type=\"application\/ld+json\" class=\"yoast-schema-graph\">{\"@context\":\"https:\/\/schema.org\",\"@graph\":[{\"@type\":\"Article\",\"@id\":\"https:\/\/www.bymycar.fr\/webzine\/comment-activer-lairbag-passager-dune-mercedes-classe-b\/#article\",\"isPartOf\":{\"@id\":\"https:\/\/www.bymycar.fr\/webzine\/comment-activer-lairbag-passager-dune-mercedes-classe-b\/\"},\"author\":{\"name\":\"La R\u00e9daction BYmyCAR\",\"@id\":\"https:\/\/www.bymycar.fr\/webzine\/#\/schema\/person\/8d570fe11eb8929f06c1e6d00f4d9689\"},\"headline\":\"Comment activer l\u2019airbag passager d\u2019une Mercedes Classe B ?\",\"datePublished\":\"2022-11-10T08:56:05+00:00\",\"dateModified\":\"2026-04-27T12:19:06+00:00\",\"mainEntityOfPage\":{\"@id\":\"https:\/\/www.bymycar.fr\/webzine\/comment-activer-lairbag-passager-dune-mercedes-classe-b\/\"},\"wordCount\":10,\"publisher\":{\"@id\":\"https:\/\/www.bymycar.fr\/webzine\/#organization\"},\"image\":{\"@id\":\"https:\/\/www.bymycar.fr\/webzine\/comment-activer-lairbag-passager-dune-mercedes-classe-b\/#primaryimage\"},\"thumbnailUrl\":\"https:\/\/cdn.bymycar.eu\/fr-webzine\/wp-content\/uploads\/medias\/Mercedes-Classe-B.jpg\",\"articleSection\":[\"Guide d'achat\",\"Guide d'achat Mercedes\"],\"inLanguage\":\"fr-FR\"},{\"@type\":\"WebPage\",\"@id\":\"https:\/\/www.bymycar.fr\/webzine\/comment-activer-lairbag-passager-dune-mercedes-classe-b\/\",\"url\":\"https:\/\/www.bymycar.fr\/webzine\/comment-activer-lairbag-passager-dune-mercedes-classe-b\/\",\"name\":\"Comment activer l\u2019airbag passager d\u2019une Mercedes Classe B ?\",\"isPartOf\":{\"@id\":\"https:\/\/www.bymycar.fr\/webzine\/#website\"},\"primaryImageOfPage\":{\"@id\":\"https:\/\/www.bymycar.fr\/webzine\/comment-activer-lairbag-passager-dune-mercedes-classe-b\/#primaryimage\"},\"image\":{\"@id\":\"https:\/\/www.bymycar.fr\/webzine\/comment-activer-lairbag-passager-dune-mercedes-classe-b\/#primaryimage\"},\"thumbnailUrl\":\"https:\/\/cdn.bymycar.eu\/fr-webzine\/wp-content\/uploads\/medias\/Mercedes-Classe-B.jpg\",\"datePublished\":\"2022-11-10T08:56:05+00:00\",\"dateModified\":\"2026-04-27T12:19:06+00:00\",\"breadcrumb\":{\"@id\":\"https:\/\/www.bymycar.fr\/webzine\/comment-activer-lairbag-passager-dune-mercedes-classe-b\/#breadcrumb\"},\"inLanguage\":\"fr-FR\",\"potentialAction\":[{\"@type\":\"ReadAction\",\"target\":[\"https:\/\/www.bymycar.fr\/webzine\/comment-activer-lairbag-passager-dune-mercedes-classe-b\/\"]}]},{\"@type\":\"ImageObject\",\"inLanguage\":\"fr-FR\",\"@id\":\"https:\/\/www.bymycar.fr\/webzine\/comment-activer-lairbag-passager-dune-mercedes-classe-b\/#primaryimage\",\"url\":\"https:\/\/cdn.bymycar.eu\/fr-webzine\/wp-content\/uploads\/medias\/Mercedes-Classe-B.jpg\",\"contentUrl\":\"https:\/\/cdn.bymycar.eu\/fr-webzine\/wp-content\/uploads\/medias\/Mercedes-Classe-B.jpg\",\"width\":750,\"height\":410},{\"@type\":\"BreadcrumbList\",\"@id\":\"https:\/\/www.bymycar.fr\/webzine\/comment-activer-lairbag-passager-dune-mercedes-classe-b\/#breadcrumb\",\"itemListElement\":[{\"@type\":\"ListItem\",\"position\":1,\"name\":\"Accueil\",\"item\":\"https:\/\/www.bymycar.fr\/webzine\/\"},{\"@type\":\"ListItem\",\"position\":2,\"name\":\"Comment activer l\u2019airbag passager d\u2019une Mercedes Classe B ?\"}]},{\"@type\":\"WebSite\",\"@id\":\"https:\/\/www.bymycar.fr\/webzine\/#website\",\"url\":\"https:\/\/www.bymycar.fr\/webzine\/\",\"name\":\"Webzine auto BYmyCAR\",\"description\":\"La magazine auto de BYmyCAR\",\"publisher\":{\"@id\":\"https:\/\/www.bymycar.fr\/webzine\/#organization\"},\"potentialAction\":[{\"@type\":\"SearchAction\",\"target\":{\"@type\":\"EntryPoint\",\"urlTemplate\":\"https:\/\/www.bymycar.fr\/webzine\/?s={search_term_string}\"},\"query-input\":{\"@type\":\"PropertyValueSpecification\",\"valueRequired\":true,\"valueName\":\"search_term_string\"}}],\"inLanguage\":\"fr-FR\"},{\"@type\":\"Organization\",\"@id\":\"https:\/\/www.bymycar.fr\/webzine\/#organization\",\"name\":\"BYmyCAR\",\"url\":\"https:\/\/www.bymycar.fr\/webzine\/\",\"logo\":{\"@type\":\"ImageObject\",\"inLanguage\":\"fr-FR\",\"@id\":\"https:\/\/www.bymycar.fr\/webzine\/#\/schema\/logo\/image\/\",\"url\":\"https:\/\/cdn.bymycar.eu\/fr-webzine\/wp-content\/uploads\/medias\/2017\/08\/logo_DEALER_00000406_001.png\",\"contentUrl\":\"https:\/\/cdn.bymycar.eu\/fr-webzine\/wp-content\/uploads\/medias\/2017\/08\/logo_DEALER_00000406_001.png\",\"width\":2132,\"height\":720,\"caption\":\"BYmyCAR\"},\"image\":{\"@id\":\"https:\/\/www.bymycar.fr\/webzine\/#\/schema\/logo\/image\/\"}},{\"@type\":\"Person\",\"@id\":\"https:\/\/www.bymycar.fr\/webzine\/#\/schema\/person\/8d570fe11eb8929f06c1e6d00f4d9689\",\"name\":\"La R\u00e9daction BYmyCAR\",\"image\":{\"@type\":\"ImageObject\",\"inLanguage\":\"fr-FR\",\"@id\":\"https:\/\/www.bymycar.fr\/webzine\/#\/schema\/person\/image\/\",\"url\":\"https:\/\/secure.gravatar.com\/avatar\/1aa6b039d0ce106989923af4e2d0f2a0c82bb070d5e449f1b9adf082a5863900?s=96&d=mm&r=g\",\"contentUrl\":\"https:\/\/secure.gravatar.com\/avatar\/1aa6b039d0ce106989923af4e2d0f2a0c82bb070d5e449f1b9adf082a5863900?s=96&d=mm&r=g\",\"caption\":\"La R\u00e9daction BYmyCAR\"},\"sameAs\":[\"https:\/\/www.bymycar.fr\/\"]}]}<\/script>\n<!-- \/ Yoast SEO Premium plugin. -->","yoast_head_json":{"title":"Comment activer l\u2019airbag passager d\u2019une Mercedes Classe B ?","robots":{"index":"index","follow":"follow","max-snippet":"max-snippet:-1","max-image-preview":"max-image-preview:large","max-video-preview":"max-video-preview:-1"},"canonical":"https:\/\/www.bymycar.fr\/webzine\/comment-activer-lairbag-passager-dune-mercedes-classe-b\/","og_locale":"fr_FR","og_type":"article","og_title":"Comment activer l\u2019airbag passager d\u2019une Mercedes Classe B ?","og_url":"https:\/\/www.bymycar.fr\/webzine\/comment-activer-lairbag-passager-dune-mercedes-classe-b\/","og_site_name":"Webzine auto BYmyCAR","article_published_time":"2022-11-10T08:56:05+00:00","article_modified_time":"2026-04-27T12:19:06+00:00","og_image":[{"width":750,"height":410,"url":"https:\/\/cdn.bymycar.eu\/fr-webzine\/wp-content\/uploads\/medias\/Mercedes-Classe-B.jpg","type":"image\/jpeg"}],"author":"La R\u00e9daction BYmyCAR","twitter_card":"summary_large_image","twitter_misc":{"\u00c9crit par":"La R\u00e9daction BYmyCAR"},"schema":{"@context":"https:\/\/schema.org","@graph":[{"@type":"Article","@id":"https:\/\/www.bymycar.fr\/webzine\/comment-activer-lairbag-passager-dune-mercedes-classe-b\/#article","isPartOf":{"@id":"https:\/\/www.bymycar.fr\/webzine\/comment-activer-lairbag-passager-dune-mercedes-classe-b\/"},"author":{"name":"La R\u00e9daction BYmyCAR","@id":"https:\/\/www.bymycar.fr\/webzine\/#\/schema\/person\/8d570fe11eb8929f06c1e6d00f4d9689"},"headline":"Comment activer l\u2019airbag passager d\u2019une Mercedes Classe B ?","datePublished":"2022-11-10T08:56:05+00:00","dateModified":"2026-04-27T12:19:06+00:00","mainEntityOfPage":{"@id":"https:\/\/www.bymycar.fr\/webzine\/comment-activer-lairbag-passager-dune-mercedes-classe-b\/"},"wordCount":10,"publisher":{"@id":"https:\/\/www.bymycar.fr\/webzine\/#organization"},"image":{"@id":"https:\/\/www.bymycar.fr\/webzine\/comment-activer-lairbag-passager-dune-mercedes-classe-b\/#primaryimage"},"thumbnailUrl":"https:\/\/cdn.bymycar.eu\/fr-webzine\/wp-content\/uploads\/medias\/Mercedes-Classe-B.jpg","articleSection":["Guide d'achat","Guide d'achat Mercedes"],"inLanguage":"fr-FR"},{"@type":"WebPage","@id":"https:\/\/www.bymycar.fr\/webzine\/comment-activer-lairbag-passager-dune-mercedes-classe-b\/","url":"https:\/\/www.bymycar.fr\/webzine\/comment-activer-lairbag-passager-dune-mercedes-classe-b\/","name":"Comment activer l\u2019airbag passager d\u2019une Mercedes Classe B ?","isPartOf":{"@id":"https:\/\/www.bymycar.fr\/webzine\/#website"},"primaryImageOfPage":{"@id":"https:\/\/www.bymycar.fr\/webzine\/comment-activer-lairbag-passager-dune-mercedes-classe-b\/#primaryimage"},"image":{"@id":"https:\/\/www.bymycar.fr\/webzine\/comment-activer-lairbag-passager-dune-mercedes-classe-b\/#primaryimage"},"thumbnailUrl":"https:\/\/cdn.bymycar.eu\/fr-webzine\/wp-content\/uploads\/medias\/Mercedes-Classe-B.jpg","datePublished":"2022-11-10T08:56:05+00:00","dateModified":"2026-04-27T12:19:06+00:00","breadcrumb":{"@id":"https:\/\/www.bymycar.fr\/webzine\/comment-activer-lairbag-passager-dune-mercedes-classe-b\/#breadcrumb"},"inLanguage":"fr-FR","potentialAction":[{"@type":"ReadAction","target":["https:\/\/www.bymycar.fr\/webzine\/comment-activer-lairbag-passager-dune-mercedes-classe-b\/"]}]},{"@type":"ImageObject","inLanguage":"fr-FR","@id":"https:\/\/www.bymycar.fr\/webzine\/comment-activer-lairbag-passager-dune-mercedes-classe-b\/#primaryimage","url":"https:\/\/cdn.bymycar.eu\/fr-webzine\/wp-content\/uploads\/medias\/Mercedes-Classe-B.jpg","contentUrl":"https:\/\/cdn.bymycar.eu\/fr-webzine\/wp-content\/uploads\/medias\/Mercedes-Classe-B.jpg","width":750,"height":410},{"@type":"BreadcrumbList","@id":"https:\/\/www.bymycar.fr\/webzine\/comment-activer-lairbag-passager-dune-mercedes-classe-b\/#breadcrumb","itemListElement":[{"@type":"ListItem","position":1,"name":"Accueil","item":"https:\/\/www.bymycar.fr\/webzine\/"},{"@type":"ListItem","position":2,"name":"Comment activer l\u2019airbag passager d\u2019une Mercedes Classe B ?"}]},{"@type":"WebSite","@id":"https:\/\/www.bymycar.fr\/webzine\/#website","url":"https:\/\/www.bymycar.fr\/webzine\/","name":"Webzine auto BYmyCAR","description":"La magazine auto de BYmyCAR","publisher":{"@id":"https:\/\/www.bymycar.fr\/webzine\/#organization"},"potentialAction":[{"@type":"SearchAction","target":{"@type":"EntryPoint","urlTemplate":"https:\/\/www.bymycar.fr\/webzine\/?s={search_term_string}"},"query-input":{"@type":"PropertyValueSpecification","valueRequired":true,"valueName":"search_term_string"}}],"inLanguage":"fr-FR"},{"@type":"Organization","@id":"https:\/\/www.bymycar.fr\/webzine\/#organization","name":"BYmyCAR","url":"https:\/\/www.bymycar.fr\/webzine\/","logo":{"@type":"ImageObject","inLanguage":"fr-FR","@id":"https:\/\/www.bymycar.fr\/webzine\/#\/schema\/logo\/image\/","url":"https:\/\/cdn.bymycar.eu\/fr-webzine\/wp-content\/uploads\/medias\/2017\/08\/logo_DEALER_00000406_001.png","contentUrl":"https:\/\/cdn.bymycar.eu\/fr-webzine\/wp-content\/uploads\/medias\/2017\/08\/logo_DEALER_00000406_001.png","width":2132,"height":720,"caption":"BYmyCAR"},"image":{"@id":"https:\/\/www.bymycar.fr\/webzine\/#\/schema\/logo\/image\/"}},{"@type":"Person","@id":"https:\/\/www.bymycar.fr\/webzine\/#\/schema\/person\/8d570fe11eb8929f06c1e6d00f4d9689","name":"La R\u00e9daction BYmyCAR","image":{"@type":"ImageObject","inLanguage":"fr-FR","@id":"https:\/\/www.bymycar.fr\/webzine\/#\/schema\/person\/image\/","url":"https:\/\/secure.gravatar.com\/avatar\/1aa6b039d0ce106989923af4e2d0f2a0c82bb070d5e449f1b9adf082a5863900?s=96&d=mm&r=g","contentUrl":"https:\/\/secure.gravatar.com\/avatar\/1aa6b039d0ce106989923af4e2d0f2a0c82bb070d5e449f1b9adf082a5863900?s=96&d=mm&r=g","caption":"La R\u00e9daction BYmyCAR"},"sameAs":["https:\/\/www.bymycar.fr\/"]}]}},"_links":{"self":[{"href":"https:\/\/www.bymycar.fr\/webzine\/wp-json\/wp\/v2\/posts\/37192","targetHints":{"allow":["GET"]}}],"collection":[{"href":"https:\/\/www.bymycar.fr\/webzine\/wp-json\/wp\/v2\/posts"}],"about":[{"href":"https:\/\/www.bymycar.fr\/webzine\/wp-json\/wp\/v2\/types\/post"}],"author":[{"embeddable":true,"href":"https:\/\/www.bymycar.fr\/webzine\/wp-json\/wp\/v2\/users\/88"}],"replies":[{"embeddable":true,"href":"https:\/\/www.bymycar.fr\/webzine\/wp-json\/wp\/v2\/comments?post=37192"}],"version-history":[{"count":4,"href":"https:\/\/www.bymycar.fr\/webzine\/wp-json\/wp\/v2\/posts\/37192\/revisions"}],"predecessor-version":[{"id":37490,"href":"https:\/\/www.bymycar.fr\/webzine\/wp-json\/wp\/v2\/posts\/37192\/revisions\/37490"}],"wp:featuredmedia":[{"embeddable":true,"href":"https:\/\/www.bymycar.fr\/webzine\/wp-json\/wp\/v2\/media\/37074"}],"wp:attachment":[{"href":"https:\/\/www.bymycar.fr\/webzine\/wp-json\/wp\/v2\/media?parent=37192"}],"wp:term":[{"taxonomy":"category","embeddable":true,"href":"https:\/\/www.bymycar.fr\/webzine\/wp-json\/wp\/v2\/categories?post=37192"},{"taxonomy":"post_tag","embeddable":true,"href":"https:\/\/www.bymycar.fr\/webzine\/wp-json\/wp\/v2\/tags?post=37192"}],"curies":[{"name":"wp","href":"https:\/\/api.w.org\/{rel}","templated":true}]}}