{"id":37186,"date":"2022-11-10T09:14:35","date_gmt":"2022-11-10T08:14:35","guid":{"rendered":"https:\/\/prod.bymycar.fr\/webzine\/?p=37186"},"modified":"2026-04-27T14:19:08","modified_gmt":"2026-04-27T12:19:08","slug":"quel-classe-b-avec-moteur-renault","status":"publish","type":"post","link":"https:\/\/www.bymycar.fr\/webzine\/quel-classe-b-avec-moteur-renault\/","title":{"rendered":"Quel classe B avec moteur Renault ?"},"content":{"rendered":"","protected":false},"excerpt":{"rendered":"","protected":false},"author":88,"featured_media":37074,"comment_status":"closed","ping_status":"open","sticky":false,"template":"","format":"standard","meta":{"_acf_changed":false,"footnotes":""},"categories":[12893,12896],"tags":[],"class_list":["post-37186","post","type-post","status-publish","format-standard","has-post-thumbnail","hentry","category-guide-dachat","category-guide-dachat-mercedes"],"acf":{"template":"classique","introduction":"<p style=\"text-align: justify;\">Depuis 2010, la collaboration entre\u00a0Renault\u00a0et\u00a0Mercedes\u00a0n\u2019a cess\u00e9 de se renforcer. Les \u00e9changes et les partenariats entre ces deux marques ont fait que les moteurs Renault se trouvent sous le capot de nombreuses voitures Mercedes Benz comme la <a href=\"https:\/\/www.bymycar.fr\/marques\/mercedes\/classe-b\">Mercedes Classe B<\/a>. Cela concerne aussi bien les moteurs \u00e0 essence que les moteurs diesel, et m\u00eame certaines versions\u00a0\u00e9lectriques. Quelles voitures Mercedes sont \u00e9quip\u00e9es de blocs de Renault ? BYmyCAR vous en dit davantage.<\/p>\n<p style=\"text-align: center;\"><a href=\"https:\/\/www.bymycar.fr\/rechercher-un-vehicule?prod_VEHICLES%5BrefinementList%5D%5Bbrand%5D%5B0%5D=MERCEDES&amp;prod_VEHICLES%5BrefinementList%5D%5BmodelGroup1%5D%5B0%5D=CLASSE%20B\" target=\"_blank\" class=\"css-button css-button--gold\" >\n                Voir nos v\u00e9hicules Mercedes Classe B neufs et d'occasion\n        <\/a><\/p>\n","strates":[{"type_strate":"texte-simple","ancre":"","contenu":"<h2 style=\"text-align: justify;\">Le partenariat entre les marques Renault et Mercedes<\/h2>\n<p style=\"text-align: justify;\">Le partenariat industriel entre la marque Renault et le groupe Daimler qui construit les voitures Mercedes-Benz a d\u00e9but\u00e9 en 2010 apr\u00e8s que ce dernier se soit appropri\u00e9 3\u00a0% de Nissan et de Renault. Cette synergie concerne surtout les voitures compactes qui ont besoin d\u2019un petit moteur. Cet accord a \u00e9t\u00e9 initi\u00e9 en raison du fait que la marque d\u2019outre-Rhin n\u2019est pas en mesure de produire une motorisation compacte. Mercedes a donc sign\u00e9 un accord avec Renault qui lui fournira des petits moteurs r\u00e9pondant aux exigences de robustesse et de performance. Cette collaboration entre les deux marques automobiles est favorable pour l\u2019une comme pour l\u2019autre.<\/p>\n<p style=\"text-align: justify;\">En effet, pour Mercedes, les moteurs de Renault lui permettent d\u2019\u00e9conomiser sur les co\u00fbts de production sur les mod\u00e8les Smart et la gamme Twingo. Les deux voitures sont donc \u00e9quip\u00e9es des m\u00eames moteurs Renault sur la base d\u2019une plateforme commune. Plus tard, les avantages se sont \u00e9tendus vers d\u2019autres mod\u00e8les comme les Mercedes Classe A et B. Du c\u00f4t\u00e9 de la marque au losange, le partenariat a optimis\u00e9 sa production. Les deux constructeurs automobiles partagent des co\u00fbts et des \u00e9conomies d\u2019\u00e9chelle sur la gamme de voitures Mercedes AMG.<\/p>\n<h2 style=\"text-align: justify;\">Quelles Mercedes sont \u00e9quip\u00e9es d\u2019un moteur Renault ?<\/h2>\n<p style=\"text-align: justify;\">Avant 2016 et jusqu\u2019\u00e0 2018, les voitures Mercedes avec une d\u00e9nomination finissant par 180 ont \u00e9t\u00e9 concern\u00e9es par le montage d\u2019un moteur Renault. Il s\u2019agissait entre autres des Mercedes Classe A, CLA et\u00a0<a href=\"https:\/\/www.bymycar.fr\/marques\/mercedes\/classe-b-hybride\">Classe B<\/a>\u00a0dot\u00e9es d\u2019une bo\u00eete de vitesses automatique ou manuelle.<\/p>\n<p style=\"text-align: justify;\">Le moteur 1.5 dCi con\u00e7u par Renault est mont\u00e9 sur SUV GLA, tandis que le bloc essence 1.6 dCi est pr\u00e9sent sous le capot de la Mercedes Classe C depuis 2014. Ce moteur 1.6 dCi fait aussi fonctionner des utilitaires comme le fourgon Vito. Par ailleurs, le pick-up Classe X de Mercedes embarque un 2.3 dCi, toujours de Renault.<\/p>\n<h3 style=\"text-align: justify;\">La\u00a0<a href=\"https:\/\/www.bymycar.fr\/marques\/mercedes\/classe-b\">Mercedes Classe B<\/a>\u00a0est anim\u00e9e par un moteur Renault \u00e0 essence 4-cylindres 1.3 TCe de 163 ch (Classe B 200). En diesel, elle sera \u00e9quip\u00e9e d\u2019un bloc 4-cylindres 1.5 dCi de 116 ch (Classe B180d).<\/h3>\n<h3 style=\"text-align: justify;\">Quelle motorisation pour la Mercedes Classe C 180 cdi ?<\/h3>\n<p style=\"text-align: justify;\">La Mercedes Classe C 180 cdi a \u00e9t\u00e9 con\u00e7ue sur la m\u00eame plateforme MFA2 que la nouvelle Classe A, mais sera 50 kg plus l\u00e9g\u00e8re que la g\u00e9n\u00e9ration pr\u00e9c\u00e9dente. Le moteur Renault qui anime son entr\u00e9e de gamme est le bloc essence 4-cylindres 1.3 TCe de 163 ch (aussi pr\u00e9sent sur la Mercedes Classe B200). En diesel, elle int\u00e8gre le 4-cylindres 1.5 dCi de 116 ch. Au-dessus, on retrouve les moteurs 2.0 essence (M60) et le 2.0 diesel (OM 654) qui sont, quant \u00e0 eux, fournis par Mercedes. Ces derniers animent la Classe B250 (224 ch) ainsi que les Classe B200d et B220d produisant des puissances avoisinant les 140 et 180 ch.<\/p>\n<h3 style=\"text-align: justify;\">Mercedes Classe A 200 et 180 avec moteur Renault ou Mercedes ?<\/h3>\n<p style=\"text-align: justify;\">La Mercedes Classe A 200, tout comme la Classe A 180, poss\u00e8de un moteur Renault. Concernant l\u2019A 200,\u00a0le moteur 1,3l a une puissance de 163 ch avec de 250 Nm.\u00a0Le rejet de CO2 pour ce moteur est r\u00e9duit \u00e0 100g\/km. La classe A 200 est dot\u00e9e d\u2019une bo\u00eete de vitesses automatique 7G-DCT \u00e0 double embrayage et peut\u00a0atteindre une vitesse de 225 km\/h. Elle met 8,1 secondes pour passer de 0 \u00e0 100 km.<\/p>\n<h3 style=\"text-align: justify;\">GLA 200 ou GLA 180, moteur Renault ou Mercedes ?<\/h3>\n<p style=\"text-align: justify;\">La Mercedes GLA\u00a0est un compact premium avec une bo\u00eete \u00e0 double embrayage \u00e0 sept rapports. Son moteur diesel est sign\u00e9 Mercedes. Il s\u2019agit d\u2019un quatre cylindres de 2\u00a0143 cm\u00b3 d\u00e9veloppant 136 ch.<\/p>\n<h3 style=\"text-align: justify;\">Vito\u00a0: moteur Renault ou Mercedes ?<\/h3>\n<p style=\"text-align: justify;\">La Mercedes Vito cache sous son capot un\u00a0moteur\u00a0diesel d&rsquo;origine\u00a0Renault\u00a0de 114 ch. La version Vito\u00a0111 CDI passe \u00e0 la traction avant. Issue du partenariat avec Renault, la derni\u00e8re g\u00e9n\u00e9ration de Vito est disponible en traction avant et en propulsion. Elle accueille les moteurs diesel d\u2019origine\u00a0Renault suivants\u00a0: le 1.6 turbo du\u00a0Renault Trafic\u00a0d\u00e9veloppant 88 et 114\u00a0ch (entr\u00e9e de la gamme) et le 2.2 turbo\u00a0avec roues arri\u00e8re motrices.<\/p>\n<h2 style=\"text-align: justify;\">Comment savoir s\u2019il s\u2019agit d\u2019un moteur Renault ou Mercedes ?<\/h2>\n<p style=\"text-align: justify;\">Mercedes a fait appel \u00e0 Renault pour la conception de petits moteurs pour ses berlines d\u2019entr\u00e9e de gamme. Cette strat\u00e9gie repr\u00e9sente le seul moyen pour la marque allemande de r\u00e9aliser des \u00e9conomies d\u2019\u00e9chelle sur ce segment. Puisque la collaboration entre les deux constructeurs automobiles n\u2019a d\u00e9but\u00e9 qu\u2019en 2010, et concerne principalement les voitures compactes, le moteur Renault n\u2019est pas destin\u00e9 \u00e0 \u00e9quiper tous les v\u00e9hicules Mercedes.<\/p>\n<p style=\"text-align: justify;\">Pour savoir quel mod\u00e8le est \u00e9quip\u00e9 d\u2019un moteur Renault, il faut v\u00e9rifier du c\u00f4t\u00e9 de la nomenclature de Mercedes, c\u2019est-\u00e0-dire le chiffre apr\u00e8s la classe. G\u00e9n\u00e9ralement, les mod\u00e8les propuls\u00e9s par un moteur d\u2019origine Renault ont une d\u00e9nomination jusqu\u2019\u00e0 200. Un autre moyen est de regarder le code moteur de la voiture\u00a0: une inscription sur les champs D2 de la carte grise atteste qu\u2019il embarque un moteur de la marque au losange. En outre, il est fort probable que la Mercedes soit \u00e9quip\u00e9e d\u2019un moteur Renault si le bloc se retrouve aussi sur un mod\u00e8le du constructeur au losange.<\/p>\n<h2 style=\"text-align: justify;\">Quel moteur Renault chez Mercedes Benz Classe A, Classe B, Classe C, etc. ?<\/h2>\n<p style=\"text-align: justify;\">Voici une liste non exhaustive des diff\u00e9rents moteurs Renault pr\u00e9sents sur les voitures Mercedes\u00a0:<\/p>\n<ul style=\"text-align: justify;\">\n<li>Les moteurs diesel 1.5 dCi et 1.5 Blue dCi\u00a0: pr\u00e9sents sous le capot des Mercedes Classe A, Mercedes Classe B, Mercedes GLA et Mercedes Citan, en version utilitaire l\u00e9ger ou ludospace<\/li>\n<li>Le moteur diesel 1.6 dCi\u00a0: il \u00e9quipe la Mercedes Classe C d\u2019entr\u00e9e de gamme ainsi que la Mercedes Vito en version utilitaire ou monospace<\/li>\n<li>Le moteur diesel 2.3 dCi\u00a0: pr\u00e9sent sur le pick-up Mercedes Classe X<\/li>\n<li>Les moteurs essence SCe 65, Sce 70 et Sce 75\u00a0: propos\u00e9s sur les Smart ForTwo et ForFour.<\/li>\n<li>Les moteurs essence TCe 90, TCe 95 et TCe 110<\/li>\n<li>Les moteurs essence TCe 140, TCe 150 et TCe 160<\/li>\n<li>Le moteur \u00e9lectrique RE 80<\/li>\n<\/ul>\n<p style=\"text-align: justify;\">Rendez-vous dans les\u00a0concessions BYmyCAR\u00a0pour \u00e9changer avec nos \u00e9quipes commerciales afin d\u2019obtenir de plus amples informations sur les Mercedes \u00e9quip\u00e9es d\u2019un moteur Renault.<\/p>\n<h3 style=\"text-align: justify;\">Guide d&rsquo;achat Mercedes Classe B<\/h3>\n<p style=\"text-align: justify;\"><a href=\"https:\/\/www.bymycar.fr\/webzine\/bouchon-de-vidange-mercedes-classe-b\/\">O\u00f9 se trouve le bouchon de vidange Mercedes Classe B ?<\/a><\/p>\n<p style=\"text-align: justify;\"><a href=\"https:\/\/www.bymycar.fr\/webzine\/moteur-mercedes-classe-b-chaine-ou-courroie\/\">Moteur Mercedes Classe B : cha\u00eene ou courroie ?<\/a><\/p>\n<p style=\"text-align: justify;\"><a href=\"https:\/\/www.bymycar.fr\/webzine\/quand-changer-la-chaine-de-distribution-mercedes-classe-b\/\">Quand changer la chaine de distribution Mercedes Classe B ?<\/a><\/p>\n<p style=\"text-align: justify;\"><a href=\"https:\/\/www.bymycar.fr\/webzine\/ou-se-trouve-la-batterie-dune-mercedes-classe-b\/\">O\u00f9 se trouve la batterie d\u2019une Mercedes Classe B ?<\/a><\/p>\n<p style=\"text-align: justify;\"><a href=\"https:\/\/www.bymycar.fr\/webzine\/ou-se-trouve-la-batterie-dune-mercedes-classe-b\/\">Mercedes Classe B : traction ou propulsion ?<\/a><\/p>\n<p style=\"text-align: justify;\"><a href=\"https:\/\/www.bymycar.fr\/webzine\/mercedes-classe-a-vs-classe-b\/\">Mercedes Classe A vs. Classe B\u00a0<\/a><\/p>\n<p style=\"text-align: justify;\"><a href=\"https:\/\/www.bymycar.fr\/webzine\/changer-le-clignotant-de-retroviseur-de-la-mercedes-classe-b\/\">Comment changer le clignotant de r\u00e9troviseur de la Mercedes Classe B ?<\/a><\/p>\n<p style=\"text-align: justify;\"><a href=\"https:\/\/www.bymycar.fr\/webzine\/combien-coute-une-mercedes-classe-b\/\">Combien co\u00fbte une Mercedes Classe B ?<\/a><\/p>\n<p style=\"text-align: justify;\"><a href=\"https:\/\/www.bymycar.fr\/webzine\/comment-activer-lairbag-passager-dune-mercedes-classe-b\/\">Comment activer l\u2019airbag passager d\u2019une Mercedes Classe B ?<\/a><\/p>\n<p style=\"text-align: justify;\"><a href=\"https:\/\/www.bymycar.fr\/webzine\/combien-coute-lentretien-annuel-dune-mercedes-classe-b\/\">Combien co\u00fbte l&rsquo;entretien annuel d&rsquo;une Mercedes Classe B ?<\/a><\/p>\n","titre":"Texte 1","image":false,"image_libre":false,"image_800x500":false,"legende":"","zoom":false,"texte":"","articles":false,"categorie_droite":false,"images":false,"elements_comparatif":false,"texte_1":"","texte_2":"","image_1":false,"image_1_563x400":false,"image_1_332x332":false,"image_2":false,"image_2_333x240":false,"image_2_563x400":false,"image_3":false,"image_3_333x240":false,"image_3_332x450":false,"image_4":false,"image_4_332x332":false,"image_4_563x400":false,"code_embed":"","legende_video":"","photo":false,"photo_100x100":false,"nom":"","fonction":"","elements_timeline":false,"entetes_colonnes":false,"entetes_lignes":false,"lignes":false,"introduction":"","formulaire":false,"question":"","reponse":"","libelle_bouton_lien":"","url_lien":"","questions":false,"conclusions":false,"pays":false,"region":false,"marque":false,"marqueConcessions":false,"modele":false,"ptvente":false,"typeV":false,"collection":false,"nombre_maximum_elements":10,"lien_fin_carousel":"","texte_lien_fin_carousel":"","trier_par":false},{"type_strate":"carousel-produits","ancre":"","contenu":"","titre":"Voir nos v\u00e9hicules Mercedes Classe B disponibles","image":false,"image_libre":false,"image_800x500":false,"legende":"","zoom":false,"texte":"","articles":false,"categorie_droite":false,"images":false,"elements_comparatif":false,"texte_1":"","texte_2":"","image_1":false,"image_1_563x400":false,"image_1_332x332":false,"image_2":false,"image_2_333x240":false,"image_2_563x400":false,"image_3":false,"image_3_333x240":false,"image_3_332x450":false,"image_4":false,"image_4_332x332":false,"image_4_563x400":false,"code_embed":"","legende_video":"","photo":false,"photo_100x100":false,"nom":"","fonction":"","elements_timeline":false,"entetes_colonnes":false,"entetes_lignes":false,"lignes":false,"introduction":"","formulaire":false,"question":"","reponse":"","libelle_bouton_lien":"","url_lien":"","questions":false,"conclusions":false,"pays":"1","region":"","marque":"16","marqueConcessions":false,"modele":"CLASSE B","ptvente":"","typeV":"","collection":"","nombre_maximum_elements":"10","lien_fin_carousel":"https:\/\/www.bymycar.fr\/rechercher-un-vehicule?prod_VEHICLES%5BrefinementList%5D%5Bbrand%5D%5B0%5D=MERCEDES&prod_VEHICLES%5BrefinementList%5D%5BmodelGroup1%5D%5B0%5D=CLASSE%20B","texte_lien_fin_carousel":"","trier_par":""}],"is_old_post":false,"image":{"ID":37074,"id":37074,"title":"Mercedes Classe B","filename":"Mercedes-Classe-B.jpg","filesize":1,"url":"https:\/\/cdn.bymycar.eu\/fr-webzine\/wp-content\/uploads\/medias\/Mercedes-Classe-B.jpg","link":"https:\/\/www.bymycar.fr\/webzine\/ou-se-trouve-la-batterie-dune-mercedes-classe-b\/mercedes-classe-b\/","alt":"","author":"9","description":"","caption":"","name":"mercedes-classe-b","status":"inherit","uploaded_to":37073,"date":"2022-11-04 14:15:37","modified":"2022-11-04 14:15:37","menu_order":0,"mime_type":"image\/jpeg","type":"image","subtype":"jpeg","icon":"https:\/\/www.bymycar.fr\/webzine\/wp-includes\/images\/media\/default.png","width":750,"height":410,"sizes":{"thumbnail":"https:\/\/cdn.bymycar.eu\/fr-webzine\/wp-content\/uploads\/medias\/Mercedes-Classe-B-150x150.jpg","thumbnail-width":150,"thumbnail-height":150,"medium":"https:\/\/cdn.bymycar.eu\/fr-webzine\/wp-content\/uploads\/medias\/Mercedes-Classe-B-300x164.jpg","medium-width":300,"medium-height":164,"medium_large":"https:\/\/cdn.bymycar.eu\/fr-webzine\/wp-content\/uploads\/medias\/Mercedes-Classe-B.jpg","medium_large-width":750,"medium_large-height":410,"large":"https:\/\/cdn.bymycar.eu\/fr-webzine\/wp-content\/uploads\/medias\/Mercedes-Classe-B.jpg","large-width":750,"large-height":410,"1536x1536":"https:\/\/cdn.bymycar.eu\/fr-webzine\/wp-content\/uploads\/medias\/Mercedes-Classe-B.jpg","1536x1536-width":750,"1536x1536-height":410,"2048x2048":"https:\/\/cdn.bymycar.eu\/fr-webzine\/wp-content\/uploads\/medias\/Mercedes-Classe-B.jpg","2048x2048-width":750,"2048x2048-height":410}},"page_content":{"block_content":[{"acf_fc_layout":"text-simple","--nav":{"-withNav":false,"-ancre":""},"--group":{"-text":"<h2 style=\"text-align: justify;\">Le partenariat entre les marques Renault et Mercedes<\/h2>\n<p style=\"text-align: justify;\">Le partenariat industriel entre la marque Renault et le groupe Daimler qui construit les voitures Mercedes-Benz a d\u00e9but\u00e9 en 2010 apr\u00e8s que ce dernier se soit appropri\u00e9 3\u00a0% de Nissan et de Renault. Cette synergie concerne surtout les voitures compactes qui ont besoin d\u2019un petit moteur. Cet accord a \u00e9t\u00e9 initi\u00e9 en raison du fait que la marque d\u2019outre-Rhin n\u2019est pas en mesure de produire une motorisation compacte. Mercedes a donc sign\u00e9 un accord avec Renault qui lui fournira des petits moteurs r\u00e9pondant aux exigences de robustesse et de performance. Cette collaboration entre les deux marques automobiles est favorable pour l\u2019une comme pour l\u2019autre.<\/p>\n<p style=\"text-align: justify;\">En effet, pour Mercedes, les moteurs de Renault lui permettent d\u2019\u00e9conomiser sur les co\u00fbts de production sur les mod\u00e8les Smart et la gamme Twingo. Les deux voitures sont donc \u00e9quip\u00e9es des m\u00eames moteurs Renault sur la base d\u2019une plateforme commune. Plus tard, les avantages se sont \u00e9tendus vers d\u2019autres mod\u00e8les comme les Mercedes Classe A et B. Du c\u00f4t\u00e9 de la marque au losange, le partenariat a optimis\u00e9 sa production. Les deux constructeurs automobiles partagent des co\u00fbts et des \u00e9conomies d\u2019\u00e9chelle sur la gamme de voitures Mercedes AMG.<\/p>\n<h2 style=\"text-align: justify;\">Quelles Mercedes sont \u00e9quip\u00e9es d\u2019un moteur Renault ?<\/h2>\n<p style=\"text-align: justify;\">Avant 2016 et jusqu\u2019\u00e0 2018, les voitures Mercedes avec une d\u00e9nomination finissant par 180 ont \u00e9t\u00e9 concern\u00e9es par le montage d\u2019un moteur Renault. Il s\u2019agissait entre autres des Mercedes Classe A, CLA et\u00a0<a href=\"https:\/\/www.bymycar.fr\/marques\/mercedes\/classe-b-hybride\">Classe B<\/a>\u00a0dot\u00e9es d\u2019une bo\u00eete de vitesses automatique ou manuelle.<\/p>\n<p style=\"text-align: justify;\">Le moteur 1.5 dCi con\u00e7u par Renault est mont\u00e9 sur SUV GLA, tandis que le bloc essence 1.6 dCi est pr\u00e9sent sous le capot de la Mercedes Classe C depuis 2014. Ce moteur 1.6 dCi fait aussi fonctionner des utilitaires comme le fourgon Vito. Par ailleurs, le pick-up Classe X de Mercedes embarque un 2.3 dCi, toujours de Renault.<\/p>\n<h3 style=\"text-align: justify;\">La\u00a0<a href=\"https:\/\/www.bymycar.fr\/marques\/mercedes\/classe-b\">Mercedes Classe B<\/a>\u00a0est anim\u00e9e par un moteur Renault \u00e0 essence 4-cylindres 1.3 TCe de 163 ch (Classe B 200). En diesel, elle sera \u00e9quip\u00e9e d\u2019un bloc 4-cylindres 1.5 dCi de 116 ch (Classe B180d).<\/h3>\n<h3 style=\"text-align: justify;\">Quelle motorisation pour la Mercedes Classe C 180 cdi ?<\/h3>\n<p style=\"text-align: justify;\">La Mercedes Classe C 180 cdi a \u00e9t\u00e9 con\u00e7ue sur la m\u00eame plateforme MFA2 que la nouvelle Classe A, mais sera 50 kg plus l\u00e9g\u00e8re que la g\u00e9n\u00e9ration pr\u00e9c\u00e9dente. Le moteur Renault qui anime son entr\u00e9e de gamme est le bloc essence 4-cylindres 1.3 TCe de 163 ch (aussi pr\u00e9sent sur la Mercedes Classe B200). En diesel, elle int\u00e8gre le 4-cylindres 1.5 dCi de 116 ch. Au-dessus, on retrouve les moteurs 2.0 essence (M60) et le 2.0 diesel (OM 654) qui sont, quant \u00e0 eux, fournis par Mercedes. Ces derniers animent la Classe B250 (224 ch) ainsi que les Classe B200d et B220d produisant des puissances avoisinant les 140 et 180 ch.<\/p>\n<h3 style=\"text-align: justify;\">Mercedes Classe A 200 et 180 avec moteur Renault ou Mercedes ?<\/h3>\n<p style=\"text-align: justify;\">La Mercedes Classe A 200, tout comme la Classe A 180, poss\u00e8de un moteur Renault. Concernant l\u2019A 200,\u00a0le moteur 1,3l a une puissance de 163 ch avec de 250 Nm.\u00a0Le rejet de CO2 pour ce moteur est r\u00e9duit \u00e0 100g\/km. La classe A 200 est dot\u00e9e d\u2019une bo\u00eete de vitesses automatique 7G-DCT \u00e0 double embrayage et peut\u00a0atteindre une vitesse de 225 km\/h. Elle met 8,1 secondes pour passer de 0 \u00e0 100 km.<\/p>\n<h3 style=\"text-align: justify;\">GLA 200 ou GLA 180, moteur Renault ou Mercedes ?<\/h3>\n<p style=\"text-align: justify;\">La Mercedes GLA\u00a0est un compact premium avec une bo\u00eete \u00e0 double embrayage \u00e0 sept rapports. Son moteur diesel est sign\u00e9 Mercedes. Il s\u2019agit d\u2019un quatre cylindres de 2\u00a0143 cm\u00b3 d\u00e9veloppant 136 ch.<\/p>\n<h3 style=\"text-align: justify;\">Vito\u00a0: moteur Renault ou Mercedes ?<\/h3>\n<p style=\"text-align: justify;\">La Mercedes Vito cache sous son capot un\u00a0moteur\u00a0diesel d&rsquo;origine\u00a0Renault\u00a0de 114 ch. La version Vito\u00a0111 CDI passe \u00e0 la traction avant. Issue du partenariat avec Renault, la derni\u00e8re g\u00e9n\u00e9ration de Vito est disponible en traction avant et en propulsion. Elle accueille les moteurs diesel d\u2019origine\u00a0Renault suivants\u00a0: le 1.6 turbo du\u00a0Renault Trafic\u00a0d\u00e9veloppant 88 et 114\u00a0ch (entr\u00e9e de la gamme) et le 2.2 turbo\u00a0avec roues arri\u00e8re motrices.<\/p>\n<h2 style=\"text-align: justify;\">Comment savoir s\u2019il s\u2019agit d\u2019un moteur Renault ou Mercedes ?<\/h2>\n<p style=\"text-align: justify;\">Mercedes a fait appel \u00e0 Renault pour la conception de petits moteurs pour ses berlines d\u2019entr\u00e9e de gamme. Cette strat\u00e9gie repr\u00e9sente le seul moyen pour la marque allemande de r\u00e9aliser des \u00e9conomies d\u2019\u00e9chelle sur ce segment. Puisque la collaboration entre les deux constructeurs automobiles n\u2019a d\u00e9but\u00e9 qu\u2019en 2010, et concerne principalement les voitures compactes, le moteur Renault n\u2019est pas destin\u00e9 \u00e0 \u00e9quiper tous les v\u00e9hicules Mercedes.<\/p>\n<p style=\"text-align: justify;\">Pour savoir quel mod\u00e8le est \u00e9quip\u00e9 d\u2019un moteur Renault, il faut v\u00e9rifier du c\u00f4t\u00e9 de la nomenclature de Mercedes, c\u2019est-\u00e0-dire le chiffre apr\u00e8s la classe. G\u00e9n\u00e9ralement, les mod\u00e8les propuls\u00e9s par un moteur d\u2019origine Renault ont une d\u00e9nomination jusqu\u2019\u00e0 200. Un autre moyen est de regarder le code moteur de la voiture\u00a0: une inscription sur les champs D2 de la carte grise atteste qu\u2019il embarque un moteur de la marque au losange. En outre, il est fort probable que la Mercedes soit \u00e9quip\u00e9e d\u2019un moteur Renault si le bloc se retrouve aussi sur un mod\u00e8le du constructeur au losange.<\/p>\n<h2 style=\"text-align: justify;\">Quel moteur Renault chez Mercedes Benz Classe A, Classe B, Classe C, etc. ?<\/h2>\n<p style=\"text-align: justify;\">Voici une liste non exhaustive des diff\u00e9rents moteurs Renault pr\u00e9sents sur les voitures Mercedes\u00a0:<\/p>\n<ul style=\"text-align: justify;\">\n<li>Les moteurs diesel 1.5 dCi et 1.5 Blue dCi\u00a0: pr\u00e9sents sous le capot des Mercedes Classe A, Mercedes Classe B, Mercedes GLA et Mercedes Citan, en version utilitaire l\u00e9ger ou ludospace<\/li>\n<li>Le moteur diesel 1.6 dCi\u00a0: il \u00e9quipe la Mercedes Classe C d\u2019entr\u00e9e de gamme ainsi que la Mercedes Vito en version utilitaire ou monospace<\/li>\n<li>Le moteur diesel 2.3 dCi\u00a0: pr\u00e9sent sur le pick-up Mercedes Classe X<\/li>\n<li>Les moteurs essence SCe 65, Sce 70 et Sce 75\u00a0: propos\u00e9s sur les Smart ForTwo et ForFour.<\/li>\n<li>Les moteurs essence TCe 90, TCe 95 et TCe 110<\/li>\n<li>Les moteurs essence TCe 140, TCe 150 et TCe 160<\/li>\n<li>Le moteur \u00e9lectrique RE 80<\/li>\n<\/ul>\n<p style=\"text-align: justify;\">Rendez-vous dans les\u00a0concessions BYmyCAR\u00a0pour \u00e9changer avec nos \u00e9quipes commerciales afin d\u2019obtenir de plus amples informations sur les Mercedes \u00e9quip\u00e9es d\u2019un moteur Renault.<\/p>\n<h3 style=\"text-align: justify;\">Guide d&rsquo;achat Mercedes Classe B<\/h3>\n<p style=\"text-align: justify;\"><a href=\"https:\/\/www.bymycar.fr\/webzine\/bouchon-de-vidange-mercedes-classe-b\/\">O\u00f9 se trouve le bouchon de vidange Mercedes Classe B ?<\/a><\/p>\n<p style=\"text-align: justify;\"><a href=\"https:\/\/www.bymycar.fr\/webzine\/moteur-mercedes-classe-b-chaine-ou-courroie\/\">Moteur Mercedes Classe B : cha\u00eene ou courroie ?<\/a><\/p>\n<p style=\"text-align: justify;\"><a href=\"https:\/\/www.bymycar.fr\/webzine\/quand-changer-la-chaine-de-distribution-mercedes-classe-b\/\">Quand changer la chaine de distribution Mercedes Classe B ?<\/a><\/p>\n<p style=\"text-align: justify;\"><a href=\"https:\/\/www.bymycar.fr\/webzine\/ou-se-trouve-la-batterie-dune-mercedes-classe-b\/\">O\u00f9 se trouve la batterie d\u2019une Mercedes Classe B ?<\/a><\/p>\n<p style=\"text-align: justify;\"><a href=\"https:\/\/www.bymycar.fr\/webzine\/ou-se-trouve-la-batterie-dune-mercedes-classe-b\/\">Mercedes Classe B : traction ou propulsion ?<\/a><\/p>\n<p style=\"text-align: justify;\"><a href=\"https:\/\/www.bymycar.fr\/webzine\/mercedes-classe-a-vs-classe-b\/\">Mercedes Classe A vs. Classe B\u00a0<\/a><\/p>\n<p style=\"text-align: justify;\"><a href=\"https:\/\/www.bymycar.fr\/webzine\/changer-le-clignotant-de-retroviseur-de-la-mercedes-classe-b\/\">Comment changer le clignotant de r\u00e9troviseur de la Mercedes Classe B ?<\/a><\/p>\n<p style=\"text-align: justify;\"><a href=\"https:\/\/www.bymycar.fr\/webzine\/combien-coute-une-mercedes-classe-b\/\">Combien co\u00fbte une Mercedes Classe B ?<\/a><\/p>\n<p style=\"text-align: justify;\"><a href=\"https:\/\/www.bymycar.fr\/webzine\/comment-activer-lairbag-passager-dune-mercedes-classe-b\/\">Comment activer l\u2019airbag passager d\u2019une Mercedes Classe B ?<\/a><\/p>\n<p style=\"text-align: justify;\"><a href=\"https:\/\/www.bymycar.fr\/webzine\/combien-coute-lentretien-annuel-dune-mercedes-classe-b\/\">Combien co\u00fbte l&rsquo;entretien annuel d&rsquo;une Mercedes Classe B ?<\/a><\/p>\n"}},{"acf_fc_layout":"carousel-produits"}]},"add-carousel-to-footer":true},"yoast_head":"<!-- This site is optimized with the Yoast SEO Premium plugin v26.4 (Yoast SEO v26.4) - https:\/\/yoast.com\/wordpress\/plugins\/seo\/ -->\n<title>Quel classe B avec moteur Renault ?<\/title>\n<meta name=\"robots\" content=\"index, follow, max-snippet:-1, max-image-preview:large, max-video-preview:-1\" \/>\n<link rel=\"canonical\" href=\"https:\/\/www.bymycar.fr\/webzine\/quel-classe-b-avec-moteur-renault\/\" \/>\n<meta property=\"og:locale\" content=\"fr_FR\" \/>\n<meta property=\"og:type\" content=\"article\" \/>\n<meta property=\"og:title\" content=\"Quel classe B avec moteur Renault ?\" \/>\n<meta property=\"og:url\" content=\"https:\/\/www.bymycar.fr\/webzine\/quel-classe-b-avec-moteur-renault\/\" \/>\n<meta property=\"og:site_name\" content=\"Webzine auto BYmyCAR\" \/>\n<meta property=\"article:published_time\" content=\"2022-11-10T08:14:35+00:00\" \/>\n<meta property=\"article:modified_time\" content=\"2026-04-27T12:19:08+00:00\" \/>\n<meta property=\"og:image\" content=\"https:\/\/cdn.bymycar.eu\/fr-webzine\/wp-content\/uploads\/medias\/Mercedes-Classe-B.jpg\" \/>\n\t<meta property=\"og:image:width\" content=\"750\" \/>\n\t<meta property=\"og:image:height\" content=\"410\" \/>\n\t<meta property=\"og:image:type\" content=\"image\/jpeg\" \/>\n<meta name=\"author\" content=\"La R\u00e9daction BYmyCAR\" \/>\n<meta name=\"twitter:card\" content=\"summary_large_image\" \/>\n<meta name=\"twitter:label1\" content=\"\u00c9crit par\" \/>\n\t<meta name=\"twitter:data1\" content=\"La R\u00e9daction BYmyCAR\" \/>\n<script type=\"application\/ld+json\" class=\"yoast-schema-graph\">{\"@context\":\"https:\/\/schema.org\",\"@graph\":[{\"@type\":\"Article\",\"@id\":\"https:\/\/www.bymycar.fr\/webzine\/quel-classe-b-avec-moteur-renault\/#article\",\"isPartOf\":{\"@id\":\"https:\/\/www.bymycar.fr\/webzine\/quel-classe-b-avec-moteur-renault\/\"},\"author\":{\"name\":\"La R\u00e9daction BYmyCAR\",\"@id\":\"https:\/\/www.bymycar.fr\/webzine\/#\/schema\/person\/8d570fe11eb8929f06c1e6d00f4d9689\"},\"headline\":\"Quel classe B avec moteur Renault ?\",\"datePublished\":\"2022-11-10T08:14:35+00:00\",\"dateModified\":\"2026-04-27T12:19:08+00:00\",\"mainEntityOfPage\":{\"@id\":\"https:\/\/www.bymycar.fr\/webzine\/quel-classe-b-avec-moteur-renault\/\"},\"wordCount\":6,\"publisher\":{\"@id\":\"https:\/\/www.bymycar.fr\/webzine\/#organization\"},\"image\":{\"@id\":\"https:\/\/www.bymycar.fr\/webzine\/quel-classe-b-avec-moteur-renault\/#primaryimage\"},\"thumbnailUrl\":\"https:\/\/cdn.bymycar.eu\/fr-webzine\/wp-content\/uploads\/medias\/Mercedes-Classe-B.jpg\",\"articleSection\":[\"Guide d'achat\",\"Guide d'achat Mercedes\"],\"inLanguage\":\"fr-FR\"},{\"@type\":\"WebPage\",\"@id\":\"https:\/\/www.bymycar.fr\/webzine\/quel-classe-b-avec-moteur-renault\/\",\"url\":\"https:\/\/www.bymycar.fr\/webzine\/quel-classe-b-avec-moteur-renault\/\",\"name\":\"Quel classe B avec moteur Renault ?\",\"isPartOf\":{\"@id\":\"https:\/\/www.bymycar.fr\/webzine\/#website\"},\"primaryImageOfPage\":{\"@id\":\"https:\/\/www.bymycar.fr\/webzine\/quel-classe-b-avec-moteur-renault\/#primaryimage\"},\"image\":{\"@id\":\"https:\/\/www.bymycar.fr\/webzine\/quel-classe-b-avec-moteur-renault\/#primaryimage\"},\"thumbnailUrl\":\"https:\/\/cdn.bymycar.eu\/fr-webzine\/wp-content\/uploads\/medias\/Mercedes-Classe-B.jpg\",\"datePublished\":\"2022-11-10T08:14:35+00:00\",\"dateModified\":\"2026-04-27T12:19:08+00:00\",\"breadcrumb\":{\"@id\":\"https:\/\/www.bymycar.fr\/webzine\/quel-classe-b-avec-moteur-renault\/#breadcrumb\"},\"inLanguage\":\"fr-FR\",\"potentialAction\":[{\"@type\":\"ReadAction\",\"target\":[\"https:\/\/www.bymycar.fr\/webzine\/quel-classe-b-avec-moteur-renault\/\"]}]},{\"@type\":\"ImageObject\",\"inLanguage\":\"fr-FR\",\"@id\":\"https:\/\/www.bymycar.fr\/webzine\/quel-classe-b-avec-moteur-renault\/#primaryimage\",\"url\":\"https:\/\/cdn.bymycar.eu\/fr-webzine\/wp-content\/uploads\/medias\/Mercedes-Classe-B.jpg\",\"contentUrl\":\"https:\/\/cdn.bymycar.eu\/fr-webzine\/wp-content\/uploads\/medias\/Mercedes-Classe-B.jpg\",\"width\":750,\"height\":410},{\"@type\":\"BreadcrumbList\",\"@id\":\"https:\/\/www.bymycar.fr\/webzine\/quel-classe-b-avec-moteur-renault\/#breadcrumb\",\"itemListElement\":[{\"@type\":\"ListItem\",\"position\":1,\"name\":\"Accueil\",\"item\":\"https:\/\/www.bymycar.fr\/webzine\/\"},{\"@type\":\"ListItem\",\"position\":2,\"name\":\"Quel classe B avec moteur Renault ?\"}]},{\"@type\":\"WebSite\",\"@id\":\"https:\/\/www.bymycar.fr\/webzine\/#website\",\"url\":\"https:\/\/www.bymycar.fr\/webzine\/\",\"name\":\"Webzine auto BYmyCAR\",\"description\":\"La magazine auto de BYmyCAR\",\"publisher\":{\"@id\":\"https:\/\/www.bymycar.fr\/webzine\/#organization\"},\"potentialAction\":[{\"@type\":\"SearchAction\",\"target\":{\"@type\":\"EntryPoint\",\"urlTemplate\":\"https:\/\/www.bymycar.fr\/webzine\/?s={search_term_string}\"},\"query-input\":{\"@type\":\"PropertyValueSpecification\",\"valueRequired\":true,\"valueName\":\"search_term_string\"}}],\"inLanguage\":\"fr-FR\"},{\"@type\":\"Organization\",\"@id\":\"https:\/\/www.bymycar.fr\/webzine\/#organization\",\"name\":\"BYmyCAR\",\"url\":\"https:\/\/www.bymycar.fr\/webzine\/\",\"logo\":{\"@type\":\"ImageObject\",\"inLanguage\":\"fr-FR\",\"@id\":\"https:\/\/www.bymycar.fr\/webzine\/#\/schema\/logo\/image\/\",\"url\":\"https:\/\/cdn.bymycar.eu\/fr-webzine\/wp-content\/uploads\/medias\/2017\/08\/logo_DEALER_00000406_001.png\",\"contentUrl\":\"https:\/\/cdn.bymycar.eu\/fr-webzine\/wp-content\/uploads\/medias\/2017\/08\/logo_DEALER_00000406_001.png\",\"width\":2132,\"height\":720,\"caption\":\"BYmyCAR\"},\"image\":{\"@id\":\"https:\/\/www.bymycar.fr\/webzine\/#\/schema\/logo\/image\/\"}},{\"@type\":\"Person\",\"@id\":\"https:\/\/www.bymycar.fr\/webzine\/#\/schema\/person\/8d570fe11eb8929f06c1e6d00f4d9689\",\"name\":\"La R\u00e9daction BYmyCAR\",\"image\":{\"@type\":\"ImageObject\",\"inLanguage\":\"fr-FR\",\"@id\":\"https:\/\/www.bymycar.fr\/webzine\/#\/schema\/person\/image\/\",\"url\":\"https:\/\/secure.gravatar.com\/avatar\/1aa6b039d0ce106989923af4e2d0f2a0c82bb070d5e449f1b9adf082a5863900?s=96&d=mm&r=g\",\"contentUrl\":\"https:\/\/secure.gravatar.com\/avatar\/1aa6b039d0ce106989923af4e2d0f2a0c82bb070d5e449f1b9adf082a5863900?s=96&d=mm&r=g\",\"caption\":\"La R\u00e9daction BYmyCAR\"},\"sameAs\":[\"https:\/\/www.bymycar.fr\/\"]}]}<\/script>\n<!-- \/ Yoast SEO Premium plugin. -->","yoast_head_json":{"title":"Quel classe B avec moteur Renault ?","robots":{"index":"index","follow":"follow","max-snippet":"max-snippet:-1","max-image-preview":"max-image-preview:large","max-video-preview":"max-video-preview:-1"},"canonical":"https:\/\/www.bymycar.fr\/webzine\/quel-classe-b-avec-moteur-renault\/","og_locale":"fr_FR","og_type":"article","og_title":"Quel classe B avec moteur Renault ?","og_url":"https:\/\/www.bymycar.fr\/webzine\/quel-classe-b-avec-moteur-renault\/","og_site_name":"Webzine auto BYmyCAR","article_published_time":"2022-11-10T08:14:35+00:00","article_modified_time":"2026-04-27T12:19:08+00:00","og_image":[{"width":750,"height":410,"url":"https:\/\/cdn.bymycar.eu\/fr-webzine\/wp-content\/uploads\/medias\/Mercedes-Classe-B.jpg","type":"image\/jpeg"}],"author":"La R\u00e9daction BYmyCAR","twitter_card":"summary_large_image","twitter_misc":{"\u00c9crit par":"La R\u00e9daction BYmyCAR"},"schema":{"@context":"https:\/\/schema.org","@graph":[{"@type":"Article","@id":"https:\/\/www.bymycar.fr\/webzine\/quel-classe-b-avec-moteur-renault\/#article","isPartOf":{"@id":"https:\/\/www.bymycar.fr\/webzine\/quel-classe-b-avec-moteur-renault\/"},"author":{"name":"La R\u00e9daction BYmyCAR","@id":"https:\/\/www.bymycar.fr\/webzine\/#\/schema\/person\/8d570fe11eb8929f06c1e6d00f4d9689"},"headline":"Quel classe B avec moteur Renault ?","datePublished":"2022-11-10T08:14:35+00:00","dateModified":"2026-04-27T12:19:08+00:00","mainEntityOfPage":{"@id":"https:\/\/www.bymycar.fr\/webzine\/quel-classe-b-avec-moteur-renault\/"},"wordCount":6,"publisher":{"@id":"https:\/\/www.bymycar.fr\/webzine\/#organization"},"image":{"@id":"https:\/\/www.bymycar.fr\/webzine\/quel-classe-b-avec-moteur-renault\/#primaryimage"},"thumbnailUrl":"https:\/\/cdn.bymycar.eu\/fr-webzine\/wp-content\/uploads\/medias\/Mercedes-Classe-B.jpg","articleSection":["Guide d'achat","Guide d'achat Mercedes"],"inLanguage":"fr-FR"},{"@type":"WebPage","@id":"https:\/\/www.bymycar.fr\/webzine\/quel-classe-b-avec-moteur-renault\/","url":"https:\/\/www.bymycar.fr\/webzine\/quel-classe-b-avec-moteur-renault\/","name":"Quel classe B avec moteur Renault ?","isPartOf":{"@id":"https:\/\/www.bymycar.fr\/webzine\/#website"},"primaryImageOfPage":{"@id":"https:\/\/www.bymycar.fr\/webzine\/quel-classe-b-avec-moteur-renault\/#primaryimage"},"image":{"@id":"https:\/\/www.bymycar.fr\/webzine\/quel-classe-b-avec-moteur-renault\/#primaryimage"},"thumbnailUrl":"https:\/\/cdn.bymycar.eu\/fr-webzine\/wp-content\/uploads\/medias\/Mercedes-Classe-B.jpg","datePublished":"2022-11-10T08:14:35+00:00","dateModified":"2026-04-27T12:19:08+00:00","breadcrumb":{"@id":"https:\/\/www.bymycar.fr\/webzine\/quel-classe-b-avec-moteur-renault\/#breadcrumb"},"inLanguage":"fr-FR","potentialAction":[{"@type":"ReadAction","target":["https:\/\/www.bymycar.fr\/webzine\/quel-classe-b-avec-moteur-renault\/"]}]},{"@type":"ImageObject","inLanguage":"fr-FR","@id":"https:\/\/www.bymycar.fr\/webzine\/quel-classe-b-avec-moteur-renault\/#primaryimage","url":"https:\/\/cdn.bymycar.eu\/fr-webzine\/wp-content\/uploads\/medias\/Mercedes-Classe-B.jpg","contentUrl":"https:\/\/cdn.bymycar.eu\/fr-webzine\/wp-content\/uploads\/medias\/Mercedes-Classe-B.jpg","width":750,"height":410},{"@type":"BreadcrumbList","@id":"https:\/\/www.bymycar.fr\/webzine\/quel-classe-b-avec-moteur-renault\/#breadcrumb","itemListElement":[{"@type":"ListItem","position":1,"name":"Accueil","item":"https:\/\/www.bymycar.fr\/webzine\/"},{"@type":"ListItem","position":2,"name":"Quel classe B avec moteur Renault ?"}]},{"@type":"WebSite","@id":"https:\/\/www.bymycar.fr\/webzine\/#website","url":"https:\/\/www.bymycar.fr\/webzine\/","name":"Webzine auto BYmyCAR","description":"La magazine auto de BYmyCAR","publisher":{"@id":"https:\/\/www.bymycar.fr\/webzine\/#organization"},"potentialAction":[{"@type":"SearchAction","target":{"@type":"EntryPoint","urlTemplate":"https:\/\/www.bymycar.fr\/webzine\/?s={search_term_string}"},"query-input":{"@type":"PropertyValueSpecification","valueRequired":true,"valueName":"search_term_string"}}],"inLanguage":"fr-FR"},{"@type":"Organization","@id":"https:\/\/www.bymycar.fr\/webzine\/#organization","name":"BYmyCAR","url":"https:\/\/www.bymycar.fr\/webzine\/","logo":{"@type":"ImageObject","inLanguage":"fr-FR","@id":"https:\/\/www.bymycar.fr\/webzine\/#\/schema\/logo\/image\/","url":"https:\/\/cdn.bymycar.eu\/fr-webzine\/wp-content\/uploads\/medias\/2017\/08\/logo_DEALER_00000406_001.png","contentUrl":"https:\/\/cdn.bymycar.eu\/fr-webzine\/wp-content\/uploads\/medias\/2017\/08\/logo_DEALER_00000406_001.png","width":2132,"height":720,"caption":"BYmyCAR"},"image":{"@id":"https:\/\/www.bymycar.fr\/webzine\/#\/schema\/logo\/image\/"}},{"@type":"Person","@id":"https:\/\/www.bymycar.fr\/webzine\/#\/schema\/person\/8d570fe11eb8929f06c1e6d00f4d9689","name":"La R\u00e9daction BYmyCAR","image":{"@type":"ImageObject","inLanguage":"fr-FR","@id":"https:\/\/www.bymycar.fr\/webzine\/#\/schema\/person\/image\/","url":"https:\/\/secure.gravatar.com\/avatar\/1aa6b039d0ce106989923af4e2d0f2a0c82bb070d5e449f1b9adf082a5863900?s=96&d=mm&r=g","contentUrl":"https:\/\/secure.gravatar.com\/avatar\/1aa6b039d0ce106989923af4e2d0f2a0c82bb070d5e449f1b9adf082a5863900?s=96&d=mm&r=g","caption":"La R\u00e9daction BYmyCAR"},"sameAs":["https:\/\/www.bymycar.fr\/"]}]}},"_links":{"self":[{"href":"https:\/\/www.bymycar.fr\/webzine\/wp-json\/wp\/v2\/posts\/37186","targetHints":{"allow":["GET"]}}],"collection":[{"href":"https:\/\/www.bymycar.fr\/webzine\/wp-json\/wp\/v2\/posts"}],"about":[{"href":"https:\/\/www.bymycar.fr\/webzine\/wp-json\/wp\/v2\/types\/post"}],"author":[{"embeddable":true,"href":"https:\/\/www.bymycar.fr\/webzine\/wp-json\/wp\/v2\/users\/88"}],"replies":[{"embeddable":true,"href":"https:\/\/www.bymycar.fr\/webzine\/wp-json\/wp\/v2\/comments?post=37186"}],"version-history":[{"count":3,"href":"https:\/\/www.bymycar.fr\/webzine\/wp-json\/wp\/v2\/posts\/37186\/revisions"}],"predecessor-version":[{"id":37318,"href":"https:\/\/www.bymycar.fr\/webzine\/wp-json\/wp\/v2\/posts\/37186\/revisions\/37318"}],"wp:featuredmedia":[{"embeddable":true,"href":"https:\/\/www.bymycar.fr\/webzine\/wp-json\/wp\/v2\/media\/37074"}],"wp:attachment":[{"href":"https:\/\/www.bymycar.fr\/webzine\/wp-json\/wp\/v2\/media?parent=37186"}],"wp:term":[{"taxonomy":"category","embeddable":true,"href":"https:\/\/www.bymycar.fr\/webzine\/wp-json\/wp\/v2\/categories?post=37186"},{"taxonomy":"post_tag","embeddable":true,"href":"https:\/\/www.bymycar.fr\/webzine\/wp-json\/wp\/v2\/tags?post=37186"}],"curies":[{"name":"wp","href":"https:\/\/api.w.org\/{rel}","templated":true}]}}