{"id":37113,"date":"2022-11-07T11:29:15","date_gmt":"2022-11-07T10:29:15","guid":{"rendered":"https:\/\/prod.bymycar.fr\/webzine\/?p=37113"},"modified":"2022-11-24T17:33:30","modified_gmt":"2022-11-24T16:33:30","slug":"combien-de-places-dans-un-renault-scenic","status":"publish","type":"post","link":"https:\/\/www.bymycar.fr\/webzine\/combien-de-places-dans-un-renault-scenic\/","title":{"rendered":"Combien de places dans un Renault Scenic ?"},"content":{"rendered":"","protected":false},"excerpt":{"rendered":"","protected":false},"author":9,"featured_media":37067,"comment_status":"closed","ping_status":"open","sticky":false,"template":"","format":"standard","meta":{"_acf_changed":false,"footnotes":""},"categories":[12893,12895],"tags":[],"class_list":["post-37113","post","type-post","status-publish","format-standard","has-post-thumbnail","hentry","category-guide-dachat","category-guide-dachat-renault"],"acf":{"template":"classique","introduction":"<p style=\"text-align: justify;\">Vous avez une famille nombreuse ou transportez r\u00e9guli\u00e8rement beaucoup de marchandises\u2009? La <a href=\"https:\/\/www.bymycar.fr\/marques\/renault\/scenic\">Renault Scenic<\/a> figure parmi les mod\u00e8les de voitures qui r\u00e9pondent \u00e0 vos besoins et \u00e0 vos situations. Sachez que chez BYmyCAR, vous trouverez un large choix de Scenic, cinq ou sept places. De plus, nous proposons fr\u00e9quemment des tarifs promotionnels. Notez qu\u2019il est possible de s\u00e9lectionner le mode de paiement et le type d\u2019achat adapt\u00e9s \u00e0 votre budget. Leasing, cr\u00e9dit auto, etc., servez-vous de notre simulateur en ligne pour v\u00e9rifier votre \u00e9ligibilit\u00e9 \u00e0 une LLD ou \u00e0 une LOA.<\/p>\n<p style=\"text-align: center;\"><a href=\"https:\/\/www.bymycar.fr\/rechercher-un-vehicule?prod_VEHICLES%5BrefinementList%5D%5Bbrand%5D%5B0%5D=RENAULT&amp;prod_VEHICLES%5BrefinementList%5D%5BmodelGroup1%5D%5B0%5D=SCENIC\" target=\"_blank\" class=\"css-button css-button--gold\" >\n                Voir nos v\u00e9hicules Renault Scenic neufs et d'occasion\n        <\/a><\/p>\n","strates":[{"type_strate":"texte-simple","ancre":"","contenu":"<h2 style=\"text-align: justify;\">Voiture familiale Grand Scenic\u00a04\u00a0: dimensions, volume de coffre, int\u00e9rieur, etc.<\/h2>\n<p style=\"text-align: justify;\">En 2022, la Renault Scenic\u00a04 se d\u00e9cline en trois versions\u00a0: Evolution, Executive et Techno. Ce monospace de 7 places mesure 4,41\u00a0m de long, 1,87\u00a0m de large et 1,65\u00a0m de hauteur. Son empattement de roues est de 2,73\u00a0m. Il dispose d\u2019un r\u00e9servoir de 50 l. Sa garde au sol atteint 170 mm. Quant au poids, il p\u00e8se 1\u2009531\u00a0kg \u00e0 vide. Son PTAC est de 2\u2009021 kg. Concernant le PTRA, il atteint 490\u00a0kg.<\/p>\n<p style=\"text-align: justify;\">Le volume de coffre de ce\u00a0<a href=\"https:\/\/www.bymycar.fr\/marques\/renault\/scenic\">nouveau Scenic<\/a>\u00a0sept places est de 572 l. Sa longueur utile s\u2019\u00e9l\u00e8ve \u00e0 2\u2009618\u00a0mm. Pour la largeur utile, elle est de 1\u2009132\u00a0mm. La dimension des roues est de 195\/55 R20.<\/p>\n<h3 style=\"text-align: justify;\">Finition Evolution<\/h3>\n<p style=\"text-align: justify;\">Pour rendre optimal le confort de conduite, cette voiture de sept places est \u00e9quip\u00e9e\u00a0:<\/p>\n<ul style=\"text-align: justify;\">\n<li>D\u2019un r\u00e9gulateur de vitesse\u2009;<\/li>\n<li>D\u2019un limiteur de vitesse\u2009;<\/li>\n<li>D\u2019un r\u00e9troviseur int\u00e9rieur \u00e9lectrochrome\u2009;<\/li>\n<li>De l\u2019aide au parking avant et arri\u00e8re\u2009;<\/li>\n<li>D\u2019une cam\u00e9ra de recul\u2009;<\/li>\n<li>De projecteurs avant + Full LED PURE VISION\u2009;<\/li>\n<li>D\u2019un nouvel alternateur\u2009;<\/li>\n<li>De feux de jour avec une guide de lumi\u00e8re LED ainsi qu\u2019un effet 3D\u2009;<\/li>\n<li>D\u2019une commutation automatique de route\u00a0et de croisement\u2009;<\/li>\n<li>D\u2019un frein de parking assist\u00e9\u2009;<\/li>\n<li>De pneus toutes saisons.<\/li>\n<\/ul>\n<p style=\"text-align: justify;\">Renault a \u00e9galement d\u00e9velopp\u00e9 d\u2019autres \u00e9quipements de confort pour ce v\u00e9hicule de sept places\u00a0:<\/p>\n<ul style=\"text-align: justify;\">\n<li>L\u00e8ve-vitres impulsionnels avant\u2009;<\/li>\n<li>Vitres arri\u00e8re surteint\u00e9es\u2009;<\/li>\n<li>Prise 12\u00a0V avant et arri\u00e8re\u2009;<\/li>\n<li>Pare-brise acoustique et teint\u00e9\u2009;<\/li>\n<li>R\u00e9troviseurs ext\u00e9rieurs rabattables \u00e9lectriquement\u2009;<\/li>\n<li>Carte acc\u00e8s et d\u00e9marrage avec kit mains libres\u2009;<\/li>\n<li>L\u00e8ve-vitres impulsionnels arri\u00e8re\u2009;<\/li>\n<li>Console coulissante Easy Life et accoudoir\u2009;<\/li>\n<li>Climatisation automatique bi-zone\u2009;<\/li>\n<li>Si\u00e8ge avant sans coque arri\u00e8re.<\/li>\n<\/ul>\n<p style=\"text-align: justify;\">C\u00f4t\u00e9 design, voici les particularit\u00e9s du Scenic\u00a04 Evolution\u00a0:<\/p>\n<ul style=\"text-align: justify;\">\n<li>Carrosserie mono-ton\u2009;<\/li>\n<li>Coques de r\u00e9troviseurs ton toit\u2009;<\/li>\n<li>Jantes de 20\u00a0\u00bb + enjoliveurs bi-ton\u2009;<\/li>\n<li>Projecteurs antibrouillard LED\u2009;<\/li>\n<li>Sellerie en tissu carbone.<\/li>\n<\/ul>\n<p style=\"text-align: justify;\">Quant aux options de navigation, la marque a mis en place\u00a0:<\/p>\n<ul style=\"text-align: justify;\">\n<li>Une cartographie de l\u2019Europe\u2009;<\/li>\n<li>Une radio multim\u00e9dia DAB et un \u00e9cran tactile de 7 pouces\u2009;<\/li>\n<li>Un syst\u00e8me multim\u00e9dia compatible avec Apple CarPlay\u2122 et Android Auto\u2122.<\/li>\n<\/ul>\n<p style=\"text-align: justify;\">Renault n\u2019a pas mis de c\u00f4t\u00e9 les \u00e9quipements de s\u00e9curit\u00e9. Voici ceux qui sont disponibles sur la version Evolution\u00a0:<\/p>\n<ul style=\"text-align: justify;\">\n<li>Syst\u00e8me de fixation ISOFIX (si\u00e8ge passager avant + places lat\u00e9rales du deuxi\u00e8me rang)\u2009;<\/li>\n<li>ABS et aide au freinage d\u2019urgence\u2009;<\/li>\n<li>Airbags avant (frontaux et lat\u00e9raux)\u2009;<\/li>\n<li>D\u00e9connexion de l\u2019airbag passager\u2009;<\/li>\n<li>Alerte de survitesse\u2009;<\/li>\n<li>Reconnaissance de tous les panneaux de signalisation\u2009;<\/li>\n<li>Alerte en cas de franchissement de ligne\u2009;<\/li>\n<li>Airbags rideaux avant et arri\u00e8re\u2009;<\/li>\n<li>Alerte de ceinture de s\u00e9curit\u00e9\u2009;<\/li>\n<li>Contr\u00f4le de trajectoire ESC dynamique\u2009;<\/li>\n<li>Aide au d\u00e9marrage en c\u00f4te\u2009;<\/li>\n<li>Aide au freinage d\u2019urgence\u2009;<\/li>\n<li>D\u00e9tection des pi\u00e9tons\u2009;<\/li>\n<li>D\u00e9tecteur de fatigue\u2009;<\/li>\n<li>Kit de gonflage de pneus et outils de r\u00e9paration.<\/li>\n<\/ul>\n<h3 style=\"text-align: justify;\">Finition Techno<\/h3>\n<p style=\"text-align: justify;\">Les \u00e9quipements suivants sont disponibles chez la version Techno, mais optionnels chez la gamme Evolution\u00a0:<\/p>\n<ul style=\"text-align: justify;\">\n<li>Aide au parking lat\u00e9ral\u2009;<\/li>\n<li>Renault Multi-sense permettant de choisir les modes de conduite\u2009;<\/li>\n<li>Bo\u00eete \u00e0 gants r\u00e9frig\u00e9r\u00e9e\u2009;<\/li>\n<li>Rideaux pare-soleil\u2009;<\/li>\n<li>Modularit\u00e9 One-Touch\u2009;<\/li>\n<li>Si\u00e8ge passager r\u00e9glable en hauteur + mise en tablette\u2009;<\/li>\n<li>Jantes en alliage de 20 pouces Uraya diamant\u00e9es de couleur noire\u2009;<\/li>\n<li>Sellerie mixte en similicuir carbone avec rayures\u2009;<\/li>\n<li>Radio multim\u00e9dia DAB + \u00e9cran tactile de 8,7 pouces.<\/li>\n<\/ul>\n<h3 style=\"text-align: justify;\">Finition Executive<\/h3>\n<p style=\"text-align: justify;\">Disponibles en option chez la gamme Techno, les fonctionnalit\u00e9s suivantes sont gratuites chez le mod\u00e8le Executive\u00a0:<\/p>\n<ul style=\"text-align: justify;\">\n<li>R\u00e9gulateur de vitesse adaptatif\u2009;<\/li>\n<li>Affichage t\u00eate haute\u2009;<\/li>\n<li>Easy Park Assist\u00a0;<\/li>\n<li>Si\u00e8ges avant chauffants\u2009;<\/li>\n<li>Appuie-t\u00eates avant grand confort\u2009;<\/li>\n<li>Appuie-t\u00eates arri\u00e8re grand confort\u2009;<\/li>\n<li>Volant en cuir Nappa\u2009;<\/li>\n<li>Teinte bi-ton\u2009;<\/li>\n<li>P\u00e9dalier et repose-pied en alu\u2009;<\/li>\n<li>Sellerie mixte en similicuir ou Alcantara\u00ae\u2009;<\/li>\n<li>Bose\u00ae Sound System\u00a0;<\/li>\n<li>Jantes en alliage de 20 pouces quartz diamant\u00e9es de couleur noire.<\/li>\n<\/ul>\n<h2 style=\"text-align: justify;\">Longueur, largeur et hauteur du Scenic\u00a03<\/h2>\n<p style=\"text-align: justify;\">Le monospace compact Scenic\u00a03 mesure 4,37\u00a0m de long, 1,85\u00a0m de large et 1,64\u00a0m de hauteur. Son empattement de roue est de 2,70\u00a0m. Son r\u00e9servoir peut accueillir jusqu\u2019\u00e0 60\u00a0l de carburant. Sa garde au sol est de 120\u00a0mm.<\/p>\n<p style=\"text-align: justify;\">C\u00f4t\u00e9 habitabilit\u00e9, ce\u00a0<a href=\"https:\/\/www.bymycar.fr\/marques\/renault\/grand-scenic\">Grand Scenic<\/a>\u00a0dispose d\u2019un volume de coffre de 470\u00a0l, avec un volume de coffre utile de 1\u2009870\u00a0l. Il est dot\u00e9 de jantes en acier de dimension 205\/60 R16.<\/p>\n<p style=\"text-align: justify;\">Le Grand Scenic est un monospace 7 places. Pour rendre la vie \u00e0 bord de ce v\u00e9hicule agr\u00e9able, Renault a \u00e9cart\u00e9 les montants de baie. En effet, la visibilit\u00e9 dans les ronds-points ainsi que les intersections est optimale. De plus, l\u2019angle de vision augmente \u00e0 hauteur de 8\u00a0% au niveau lat\u00e9ral par rapport \u00e0 celui de son pr\u00e9d\u00e9cesseur. Quant \u00e0 l\u2019angle de vision haute, elle augmente de 15\u00a0%.<\/p>\n<p style=\"text-align: justify;\">Le Grand Scenic est un monospace compact g\u00e9n\u00e9reux. La hauteur de pavillon \u00e0 la troisi\u00e8me rang\u00e9e est de 842\u00a0mm. Son rayon de genou atteint 102\u00a0mm.<\/p>\n<p style=\"text-align: justify;\">Comme la nouvelle M\u00e9gane, ce Scenic dispose d\u2019une planche de bord prenant la forme d\u2019une vague. Elle est \u00e9galement fluide et \u00e9pur\u00e9e. Sachez que les commandes sont regroup\u00e9es au niveau de la console centrale.<\/p>\n<p style=\"text-align: justify;\">Le syst\u00e8me de r\u00e9glage de si\u00e8ges est disponible pour permettre au conducteur de se sentir parfaitement \u00e0 l\u2019aise. L\u2019amplitude de hauteur d\u2019assise est de 70\u00a0mm. Le chauffeur b\u00e9n\u00e9ficie ainsi d\u2019une position de conduite similaire \u00e0 celle d\u2019une berline.<\/p>\n<p style=\"text-align: justify;\">Ce v\u00e9hicule pr\u00e9sente 92 litres de rangement r\u00e9partis \u00e0 l\u2019int\u00e9rieur de l\u2019habitacle. Chaque place dispose ainsi de rangements astucieux et pratiques\u00a0:<\/p>\n<ul style=\"text-align: justify;\">\n<li>Quatre trappes sous le plancher\u2009;<\/li>\n<li>Deux tiroirs sous les si\u00e8ges avant\u2009;<\/li>\n<li>Deux tiroirs lat\u00e9raux arri\u00e8re (pour les versions\u00a05 places)\u2009;<\/li>\n<li>Une bo\u00eete \u00e0 gant de 11 litres, r\u00e9frig\u00e9r\u00e9e et \u00e9clair\u00e9e\u2009;<\/li>\n<li>Un rangement accessible et ouvert sur la console centrale\u2009;<\/li>\n<li>Une console centrale \u00e0 coulissement avec 9 litres de rangement\u2009;<\/li>\n<li>Six poches aum\u00f4ni\u00e8res\u00a0sur les si\u00e8ges avant\u2009;<\/li>\n<li>Trois prises 12 V\u2009;<\/li>\n<li>Deux rangements ferm\u00e9s sur la troisi\u00e8me rang\u00e9e.<\/li>\n<\/ul>\n<h2 style=\"text-align: justify;\">Scenic 2 de 2004, 2006, etc. : caract\u00e9ristiques techniques<\/h2>\n<p style=\"text-align: justify;\">La pr\u00e9sentation du Grand Scenic sept places a eu lieu au salon de Francfort en 2003. Renault fait partie des premiers constructeurs qui ont propos\u00e9 deux mod\u00e8les de monospaces compacts.<\/p>\n<p style=\"text-align: justify;\">Pour rallonger le Scenic\u00a0II version sept places, la marque fran\u00e7aise a ajout\u00e9 23\u00a0cm \u00e0 la longueur du v\u00e9hicule, ce qui lui a permis de poser deux si\u00e8ges suppl\u00e9mentaires. Pour passer \u00e0 la version cinq places, il suffit de ranger les fauteuils sous le plancher.<\/p>\n<p style=\"text-align: justify;\">Pour se rendre dans la troisi\u00e8me rang\u00e9e, il faut basculer les si\u00e8ges de la deuxi\u00e8me ligne. Soutenus par des v\u00e9rins, ils sont s\u00e9curis\u00e9s.<\/p>\n<p style=\"text-align: justify;\">La tenue de route pour la version sept places est sereine comme celle du Scenic cinq places. En effet, les deux mod\u00e8les disposent de barres anti-roulis cons\u00e9quentes. Gr\u00e2ce aux deux disques de frein avant de 300\u00a0mm et ceux arri\u00e8re de 274\u00a0mm, le syst\u00e8me de freinage est performant.<\/p>\n<h3 style=\"text-align: justify;\">Scenic\u00a02 de 2006<\/h3>\n<p style=\"text-align: justify;\">Les finitions disponibles en 2006 sont\u00a0:<\/p>\n<ul style=\"text-align: justify;\">\n<li>Authentique ;<\/li>\n<li>Base ;<\/li>\n<li>Carminat ;<\/li>\n<li>Confort Authentique ;<\/li>\n<li>Confort Dynamique ;<\/li>\n<li>Confort Expression ;<\/li>\n<li>Dynamique ;<\/li>\n<li>Exception ;<\/li>\n<li>Expression ;<\/li>\n<li>Jade ;<\/li>\n<li>Latitude ;<\/li>\n<li>Luxe Dynamique ;<\/li>\n<li>Luxe Privil\u00e8ge ;<\/li>\n<li>Pack Authentique ;<\/li>\n<li>Pack Expression ;<\/li>\n<li>Prima\u00a0;<\/li>\n<li>Privil\u00e8ge.<\/li>\n<\/ul>\n<p style=\"text-align: justify;\">La marque a d\u00e9velopp\u00e9 de nombreuses motorisations pour ce v\u00e9hicule. Vous pouvez ainsi choisir l\u2019un des moteurs suivants\u00a0:<\/p>\n<ul style=\"text-align: justify;\">\n<li>4 16 v 98 CH de 6 CV\u2009;<\/li>\n<li>5 dCi 100 CH de 6 CV\u2009;<\/li>\n<li>5 dCi 80 CH de 5 CV\u2009;<\/li>\n<li>6 16 v 110 CH de 6 CV\u2009;<\/li>\n<li>6 16 v 115 CH de 7 CV\u2009;<\/li>\n<li>9 dCi 120 CH de 7 CV\u2009;<\/li>\n<li>0 16\u00a0v\u00a0136 CH de 8 CV\u2009;<\/li>\n<li>0 16 v 136 CH de 9 CV\u2009;<\/li>\n<li>0 T 165 CH de 10 CV.<\/li>\n<\/ul>\n<p style=\"text-align: justify;\">En moyenne, la consommation en carburant du Scenic\u00a0II est de 5,2 \u00e0 8\u00a0l\/100\u00a0km. Notez que ce v\u00e9hicule dispose d\u2019un ch\u00e2ssis monocoque en acier. Parmi ses \u00e9quipements de s\u00e9rie, il est possible de citer\u00a0:<\/p>\n<p style=\"text-align: justify;\">Les r\u00e9troviseurs \u00e9lectriques d\u00e9givrants\u2009:<\/p>\n<ul style=\"text-align: justify;\">\n<li>La climatisation manuelle\u2009;<\/li>\n<li>La direction assist\u00e9e\u2009;<\/li>\n<li>Les fixations Isofix \u00e0 l\u2019arri\u00e8re\u2009;<\/li>\n<li>L\u2019ordinateur de bord\u2009;<\/li>\n<li>Le verrouillage automatique des portes en roulant\u2009;<\/li>\n<li>Le verrouillage centralis\u00e9 des portes\u2009;<\/li>\n<li>Les vitres avant \u00e9lectriques\u2009;<\/li>\n<li>Le volant r\u00e9glable en hauteur et en profondeur.<\/li>\n<\/ul>\n<p style=\"text-align: justify;\">C\u00f4t\u00e9 s\u00e9curit\u00e9, la voiture dispose\u00a0:<\/p>\n<ul style=\"text-align: justify;\">\n<li>D\u2019un ABS\u2009;<\/li>\n<li>D\u2019airbags frontaux\u2009;<\/li>\n<li>D\u2019airbags lat\u00e9raux avant\u2009;<\/li>\n<li>D\u2019airbags rideaux.<\/li>\n<\/ul>\n<h3 style=\"text-align: justify;\">Renault Scenic de 2004<\/h3>\n<p style=\"text-align: justify;\">\u00c0 l\u2019\u00e9poque, le constructeur proposait un large choix de finitions\u00a0:<\/p>\n<ul style=\"text-align: justify;\">\n<li>Authentique ;<\/li>\n<li>Confort Authentique ;<\/li>\n<li>Confort Dynamique ;<\/li>\n<li>Confort Expression ;<\/li>\n<li>Luxe Dynamique ;<\/li>\n<li>Luxe Privil\u00e8ge ;<\/li>\n<li>Pack Authentique ;<\/li>\n<li>Pack Expression ;<\/li>\n<li>Sport Dynamique\u00a0;<\/li>\n<li>Sport Privil\u00e8ge.<\/li>\n<\/ul>\n<p style=\"text-align: justify;\">Les moteurs suivants \u00e9taient d\u00e9j\u00e0 disponibles\u00a0:<\/p>\n<ul style=\"text-align: justify;\">\n<li>4 16 v 98 CH de 6 CV\u2009;<\/li>\n<li>5 dCi 100 CH de 6 CV\u2009;<\/li>\n<li>5 dCi 80 CH de 5 CV\u2009;<\/li>\n<li>6 16 v 110 CH de 6 CV\u2009;<\/li>\n<li>6 16 v 115 CH de 7 CV\u2009;<\/li>\n<li>9 dCi 120 CH de 7 CV\u2009;<\/li>\n<li>0 16\u00a0v\u00a0136 CH de 8 CV\u2009;<\/li>\n<li>0 16 v 136 CH de 9 CV\u2009;<\/li>\n<li>0 T 165 CH de 10 CV.<\/li>\n<\/ul>\n<p style=\"text-align: justify;\">Parmi les \u00e9quipements de s\u00e9rie de ce v\u00e9hicule figurent\u00a0:<\/p>\n<ul style=\"text-align: justify;\">\n<li>La direction assist\u00e9e\u2009;<\/li>\n<li>Le pack \u00e9lectrique\u2009;<\/li>\n<li>L\u2019ABS\u2009;<\/li>\n<li>L\u2019airbag conducteur\u2009;<\/li>\n<li>Les airbags frontaux\u2009;<\/li>\n<li>Les airbags lat\u00e9raux avant.<\/li>\n<\/ul>\n<h3 style=\"text-align: justify;\">Guide d&rsquo;achat Renault Scenic<\/h3>\n<p style=\"text-align: justify;\"><a href=\"https:\/\/www.bymycar.fr\/webzine\/comment-demonter-le-lecteur-de-carte-dune-renault-scenic-2\/\">Comment d\u00e9monter le lecteur de carte d&rsquo;une Renault Scenic 2 ?<\/a><\/p>\n<p style=\"text-align: justify;\"><a href=\"https:\/\/www.bymycar.fr\/webzine\/quand-changer-la-courroie-de-distribution-dune-renault-scenic\/\">Quand changer la courroie de distribution d\u2019une Renault Sc\u00e9nic ?<\/a><\/p>\n<p style=\"text-align: justify;\"><a href=\"https:\/\/www.bymycar.fr\/webzine\/quelle-huile-moteur-renault-scenic\/\">Quelle huile moteur Renault Sc\u00e9nic ?<\/a><\/p>\n<p style=\"text-align: justify;\"><a href=\"https:\/\/www.bymycar.fr\/webzine\/comment-mettre-a-jour-le-gps-dune-renault-scenic\/\">Comment mettre \u00e0 jour le GPS d&rsquo;une Renault Scenic ?<\/a><\/p>\n<p style=\"text-align: justify;\"><a href=\"https:\/\/www.bymycar.fr\/webzine\/comment-changer-un-cable-daccelerateur-sur-renault-scenic\/\">Comment changer un c\u00e2ble d&rsquo;acc\u00e9l\u00e9rateur sur Renault Sc\u00e9nic ?<\/a><\/p>\n<p style=\"text-align: justify;\"><a href=\"https:\/\/www.bymycar.fr\/webzine\/changer-pile-carte-renault-scenic\/\">Changer pile carte Renault Sc\u00e9nic<\/a><\/p>\n<p style=\"text-align: justify;\"><a href=\"https:\/\/www.bymycar.fr\/webzine\/comment-trouver-code-autoradio-renault-scenic\/\">Comment trouver code autoradio Renault Scenic ?<\/a><\/p>\n<p style=\"text-align: justify;\"><a href=\"https:\/\/www.bymycar.fr\/webzine\/quelle-renault-scenic-choisir\/\">Quelle Renault Scenic choisir ?<\/a><\/p>\n<p style=\"text-align: justify;\"><a href=\"https:\/\/www.bymycar.fr\/webzine\/guide-dachat-renault-kadjar-ou-scenic\/\">Guide d&rsquo;achat Renault Kadjar ou Scenic ?<\/a><\/p>\n<p style=\"text-align: justify;\"><a href=\"https:\/\/www.bymycar.fr\/webzine\/supprimer-anti-demarrage-renault-scenic\/\">Supprimer anti-d\u00e9marrage Renault Sc\u00e9nic<\/a><\/p>\n","titre":"Texte 1","image":false,"image_libre":false,"image_800x500":false,"legende":"","zoom":false,"texte":"","articles":false,"categorie_droite":false,"images":false,"elements_comparatif":false,"texte_1":"","texte_2":"","image_1":false,"image_1_563x400":false,"image_1_332x332":false,"image_2":false,"image_2_333x240":false,"image_2_563x400":false,"image_3":false,"image_3_333x240":false,"image_3_332x450":false,"image_4":false,"image_4_332x332":false,"image_4_563x400":false,"code_embed":"","legende_video":"","photo":false,"photo_100x100":false,"nom":"","fonction":"","elements_timeline":false,"entetes_colonnes":false,"entetes_lignes":false,"lignes":false,"introduction":"","formulaire":false,"question":"","reponse":"","libelle_bouton_lien":"","url_lien":"","questions":false,"conclusions":false,"pays":false,"region":false,"marque":false,"marqueConcessions":false,"modele":false,"ptvente":false,"typeV":false,"collection":false,"nombre_maximum_elements":10,"lien_fin_carousel":"","texte_lien_fin_carousel":"","trier_par":false},{"type_strate":"carousel-produits","ancre":"","contenu":"","titre":"Voir nos v\u00e9hicules Renault Scenic disponibles","image":false,"image_libre":false,"image_800x500":false,"legende":"","zoom":false,"texte":"","articles":false,"categorie_droite":false,"images":false,"elements_comparatif":false,"texte_1":"","texte_2":"","image_1":false,"image_1_563x400":false,"image_1_332x332":false,"image_2":false,"image_2_333x240":false,"image_2_563x400":false,"image_3":false,"image_3_333x240":false,"image_3_332x450":false,"image_4":false,"image_4_332x332":false,"image_4_563x400":false,"code_embed":"","legende_video":"","photo":false,"photo_100x100":false,"nom":"","fonction":"","elements_timeline":false,"entetes_colonnes":false,"entetes_lignes":false,"lignes":false,"introduction":"","formulaire":false,"question":"","reponse":"","libelle_bouton_lien":"","url_lien":"","questions":false,"conclusions":false,"pays":"1","region":"","marque":"1","marqueConcessions":false,"modele":"SCENIC","ptvente":"","typeV":"","collection":"","nombre_maximum_elements":"10","lien_fin_carousel":"https:\/\/www.bymycar.fr\/rechercher-un-vehicule?prod_VEHICLES%5BrefinementList%5D%5Bbrand%5D%5B0%5D=RENAULT&prod_VEHICLES%5BrefinementList%5D%5BmodelGroup1%5D%5B0%5D=SCENIC","texte_lien_fin_carousel":"Voir plus de v\u00e9hicules","trier_par":""}],"is_old_post":false,"image":{"ID":37067,"id":37067,"title":"Renault Sc\u00e9nic","filename":"Renault-Scenic.jpg","filesize":1,"url":"https:\/\/cdn.bymycar.eu\/fr-webzine\/wp-content\/uploads\/medias\/Renault-Scenic.jpg","link":"https:\/\/www.bymycar.fr\/webzine\/comment-trouver-code-autoradio-renault-scenic\/renault-scenic\/","alt":"","author":"9","description":"","caption":"","name":"renault-scenic","status":"inherit","uploaded_to":37066,"date":"2022-11-04 14:05:36","modified":"2022-11-04 14:05:36","menu_order":0,"mime_type":"image\/jpeg","type":"image","subtype":"jpeg","icon":"https:\/\/www.bymycar.fr\/webzine\/wp-includes\/images\/media\/default.png","width":750,"height":410,"sizes":{"thumbnail":"https:\/\/cdn.bymycar.eu\/fr-webzine\/wp-content\/uploads\/medias\/Renault-Scenic-150x150.jpg","thumbnail-width":150,"thumbnail-height":150,"medium":"https:\/\/cdn.bymycar.eu\/fr-webzine\/wp-content\/uploads\/medias\/Renault-Scenic-300x164.jpg","medium-width":300,"medium-height":164,"medium_large":"https:\/\/cdn.bymycar.eu\/fr-webzine\/wp-content\/uploads\/medias\/Renault-Scenic.jpg","medium_large-width":750,"medium_large-height":410,"large":"https:\/\/cdn.bymycar.eu\/fr-webzine\/wp-content\/uploads\/medias\/Renault-Scenic.jpg","large-width":750,"large-height":410,"1536x1536":"https:\/\/cdn.bymycar.eu\/fr-webzine\/wp-content\/uploads\/medias\/Renault-Scenic.jpg","1536x1536-width":750,"1536x1536-height":410,"2048x2048":"https:\/\/cdn.bymycar.eu\/fr-webzine\/wp-content\/uploads\/medias\/Renault-Scenic.jpg","2048x2048-width":750,"2048x2048-height":410}},"page_content":{"block_content":[{"acf_fc_layout":"text-simple","--nav":{"-withNav":false,"-ancre":""},"--group":{"-text":"<h2 style=\"text-align: justify;\">Voiture familiale Grand Scenic\u00a04\u00a0: dimensions, volume de coffre, int\u00e9rieur, etc.<\/h2>\n<p style=\"text-align: justify;\">En 2022, la Renault Scenic\u00a04 se d\u00e9cline en trois versions\u00a0: Evolution, Executive et Techno. Ce monospace de 7 places mesure 4,41\u00a0m de long, 1,87\u00a0m de large et 1,65\u00a0m de hauteur. Son empattement de roues est de 2,73\u00a0m. Il dispose d\u2019un r\u00e9servoir de 50 l. Sa garde au sol atteint 170 mm. Quant au poids, il p\u00e8se 1\u2009531\u00a0kg \u00e0 vide. Son PTAC est de 2\u2009021 kg. Concernant le PTRA, il atteint 490\u00a0kg.<\/p>\n<p style=\"text-align: justify;\">Le volume de coffre de ce\u00a0<a href=\"https:\/\/www.bymycar.fr\/marques\/renault\/scenic\">nouveau Scenic<\/a>\u00a0sept places est de 572 l. Sa longueur utile s\u2019\u00e9l\u00e8ve \u00e0 2\u2009618\u00a0mm. Pour la largeur utile, elle est de 1\u2009132\u00a0mm. La dimension des roues est de 195\/55 R20.<\/p>\n<h3 style=\"text-align: justify;\">Finition Evolution<\/h3>\n<p style=\"text-align: justify;\">Pour rendre optimal le confort de conduite, cette voiture de sept places est \u00e9quip\u00e9e\u00a0:<\/p>\n<ul style=\"text-align: justify;\">\n<li>D\u2019un r\u00e9gulateur de vitesse\u2009;<\/li>\n<li>D\u2019un limiteur de vitesse\u2009;<\/li>\n<li>D\u2019un r\u00e9troviseur int\u00e9rieur \u00e9lectrochrome\u2009;<\/li>\n<li>De l\u2019aide au parking avant et arri\u00e8re\u2009;<\/li>\n<li>D\u2019une cam\u00e9ra de recul\u2009;<\/li>\n<li>De projecteurs avant + Full LED PURE VISION\u2009;<\/li>\n<li>D\u2019un nouvel alternateur\u2009;<\/li>\n<li>De feux de jour avec une guide de lumi\u00e8re LED ainsi qu\u2019un effet 3D\u2009;<\/li>\n<li>D\u2019une commutation automatique de route\u00a0et de croisement\u2009;<\/li>\n<li>D\u2019un frein de parking assist\u00e9\u2009;<\/li>\n<li>De pneus toutes saisons.<\/li>\n<\/ul>\n<p style=\"text-align: justify;\">Renault a \u00e9galement d\u00e9velopp\u00e9 d\u2019autres \u00e9quipements de confort pour ce v\u00e9hicule de sept places\u00a0:<\/p>\n<ul style=\"text-align: justify;\">\n<li>L\u00e8ve-vitres impulsionnels avant\u2009;<\/li>\n<li>Vitres arri\u00e8re surteint\u00e9es\u2009;<\/li>\n<li>Prise 12\u00a0V avant et arri\u00e8re\u2009;<\/li>\n<li>Pare-brise acoustique et teint\u00e9\u2009;<\/li>\n<li>R\u00e9troviseurs ext\u00e9rieurs rabattables \u00e9lectriquement\u2009;<\/li>\n<li>Carte acc\u00e8s et d\u00e9marrage avec kit mains libres\u2009;<\/li>\n<li>L\u00e8ve-vitres impulsionnels arri\u00e8re\u2009;<\/li>\n<li>Console coulissante Easy Life et accoudoir\u2009;<\/li>\n<li>Climatisation automatique bi-zone\u2009;<\/li>\n<li>Si\u00e8ge avant sans coque arri\u00e8re.<\/li>\n<\/ul>\n<p style=\"text-align: justify;\">C\u00f4t\u00e9 design, voici les particularit\u00e9s du Scenic\u00a04 Evolution\u00a0:<\/p>\n<ul style=\"text-align: justify;\">\n<li>Carrosserie mono-ton\u2009;<\/li>\n<li>Coques de r\u00e9troviseurs ton toit\u2009;<\/li>\n<li>Jantes de 20\u00a0\u00bb + enjoliveurs bi-ton\u2009;<\/li>\n<li>Projecteurs antibrouillard LED\u2009;<\/li>\n<li>Sellerie en tissu carbone.<\/li>\n<\/ul>\n<p style=\"text-align: justify;\">Quant aux options de navigation, la marque a mis en place\u00a0:<\/p>\n<ul style=\"text-align: justify;\">\n<li>Une cartographie de l\u2019Europe\u2009;<\/li>\n<li>Une radio multim\u00e9dia DAB et un \u00e9cran tactile de 7 pouces\u2009;<\/li>\n<li>Un syst\u00e8me multim\u00e9dia compatible avec Apple CarPlay\u2122 et Android Auto\u2122.<\/li>\n<\/ul>\n<p style=\"text-align: justify;\">Renault n\u2019a pas mis de c\u00f4t\u00e9 les \u00e9quipements de s\u00e9curit\u00e9. Voici ceux qui sont disponibles sur la version Evolution\u00a0:<\/p>\n<ul style=\"text-align: justify;\">\n<li>Syst\u00e8me de fixation ISOFIX (si\u00e8ge passager avant + places lat\u00e9rales du deuxi\u00e8me rang)\u2009;<\/li>\n<li>ABS et aide au freinage d\u2019urgence\u2009;<\/li>\n<li>Airbags avant (frontaux et lat\u00e9raux)\u2009;<\/li>\n<li>D\u00e9connexion de l\u2019airbag passager\u2009;<\/li>\n<li>Alerte de survitesse\u2009;<\/li>\n<li>Reconnaissance de tous les panneaux de signalisation\u2009;<\/li>\n<li>Alerte en cas de franchissement de ligne\u2009;<\/li>\n<li>Airbags rideaux avant et arri\u00e8re\u2009;<\/li>\n<li>Alerte de ceinture de s\u00e9curit\u00e9\u2009;<\/li>\n<li>Contr\u00f4le de trajectoire ESC dynamique\u2009;<\/li>\n<li>Aide au d\u00e9marrage en c\u00f4te\u2009;<\/li>\n<li>Aide au freinage d\u2019urgence\u2009;<\/li>\n<li>D\u00e9tection des pi\u00e9tons\u2009;<\/li>\n<li>D\u00e9tecteur de fatigue\u2009;<\/li>\n<li>Kit de gonflage de pneus et outils de r\u00e9paration.<\/li>\n<\/ul>\n<h3 style=\"text-align: justify;\">Finition Techno<\/h3>\n<p style=\"text-align: justify;\">Les \u00e9quipements suivants sont disponibles chez la version Techno, mais optionnels chez la gamme Evolution\u00a0:<\/p>\n<ul style=\"text-align: justify;\">\n<li>Aide au parking lat\u00e9ral\u2009;<\/li>\n<li>Renault Multi-sense permettant de choisir les modes de conduite\u2009;<\/li>\n<li>Bo\u00eete \u00e0 gants r\u00e9frig\u00e9r\u00e9e\u2009;<\/li>\n<li>Rideaux pare-soleil\u2009;<\/li>\n<li>Modularit\u00e9 One-Touch\u2009;<\/li>\n<li>Si\u00e8ge passager r\u00e9glable en hauteur + mise en tablette\u2009;<\/li>\n<li>Jantes en alliage de 20 pouces Uraya diamant\u00e9es de couleur noire\u2009;<\/li>\n<li>Sellerie mixte en similicuir carbone avec rayures\u2009;<\/li>\n<li>Radio multim\u00e9dia DAB + \u00e9cran tactile de 8,7 pouces.<\/li>\n<\/ul>\n<h3 style=\"text-align: justify;\">Finition Executive<\/h3>\n<p style=\"text-align: justify;\">Disponibles en option chez la gamme Techno, les fonctionnalit\u00e9s suivantes sont gratuites chez le mod\u00e8le Executive\u00a0:<\/p>\n<ul style=\"text-align: justify;\">\n<li>R\u00e9gulateur de vitesse adaptatif\u2009;<\/li>\n<li>Affichage t\u00eate haute\u2009;<\/li>\n<li>Easy Park Assist\u00a0;<\/li>\n<li>Si\u00e8ges avant chauffants\u2009;<\/li>\n<li>Appuie-t\u00eates avant grand confort\u2009;<\/li>\n<li>Appuie-t\u00eates arri\u00e8re grand confort\u2009;<\/li>\n<li>Volant en cuir Nappa\u2009;<\/li>\n<li>Teinte bi-ton\u2009;<\/li>\n<li>P\u00e9dalier et repose-pied en alu\u2009;<\/li>\n<li>Sellerie mixte en similicuir ou Alcantara\u00ae\u2009;<\/li>\n<li>Bose\u00ae Sound System\u00a0;<\/li>\n<li>Jantes en alliage de 20 pouces quartz diamant\u00e9es de couleur noire.<\/li>\n<\/ul>\n<h2 style=\"text-align: justify;\">Longueur, largeur et hauteur du Scenic\u00a03<\/h2>\n<p style=\"text-align: justify;\">Le monospace compact Scenic\u00a03 mesure 4,37\u00a0m de long, 1,85\u00a0m de large et 1,64\u00a0m de hauteur. Son empattement de roue est de 2,70\u00a0m. Son r\u00e9servoir peut accueillir jusqu\u2019\u00e0 60\u00a0l de carburant. Sa garde au sol est de 120\u00a0mm.<\/p>\n<p style=\"text-align: justify;\">C\u00f4t\u00e9 habitabilit\u00e9, ce\u00a0<a href=\"https:\/\/www.bymycar.fr\/marques\/renault\/grand-scenic\">Grand Scenic<\/a>\u00a0dispose d\u2019un volume de coffre de 470\u00a0l, avec un volume de coffre utile de 1\u2009870\u00a0l. Il est dot\u00e9 de jantes en acier de dimension 205\/60 R16.<\/p>\n<p style=\"text-align: justify;\">Le Grand Scenic est un monospace 7 places. Pour rendre la vie \u00e0 bord de ce v\u00e9hicule agr\u00e9able, Renault a \u00e9cart\u00e9 les montants de baie. En effet, la visibilit\u00e9 dans les ronds-points ainsi que les intersections est optimale. De plus, l\u2019angle de vision augmente \u00e0 hauteur de 8\u00a0% au niveau lat\u00e9ral par rapport \u00e0 celui de son pr\u00e9d\u00e9cesseur. Quant \u00e0 l\u2019angle de vision haute, elle augmente de 15\u00a0%.<\/p>\n<p style=\"text-align: justify;\">Le Grand Scenic est un monospace compact g\u00e9n\u00e9reux. La hauteur de pavillon \u00e0 la troisi\u00e8me rang\u00e9e est de 842\u00a0mm. Son rayon de genou atteint 102\u00a0mm.<\/p>\n<p style=\"text-align: justify;\">Comme la nouvelle M\u00e9gane, ce Scenic dispose d\u2019une planche de bord prenant la forme d\u2019une vague. Elle est \u00e9galement fluide et \u00e9pur\u00e9e. Sachez que les commandes sont regroup\u00e9es au niveau de la console centrale.<\/p>\n<p style=\"text-align: justify;\">Le syst\u00e8me de r\u00e9glage de si\u00e8ges est disponible pour permettre au conducteur de se sentir parfaitement \u00e0 l\u2019aise. L\u2019amplitude de hauteur d\u2019assise est de 70\u00a0mm. Le chauffeur b\u00e9n\u00e9ficie ainsi d\u2019une position de conduite similaire \u00e0 celle d\u2019une berline.<\/p>\n<p style=\"text-align: justify;\">Ce v\u00e9hicule pr\u00e9sente 92 litres de rangement r\u00e9partis \u00e0 l\u2019int\u00e9rieur de l\u2019habitacle. Chaque place dispose ainsi de rangements astucieux et pratiques\u00a0:<\/p>\n<ul style=\"text-align: justify;\">\n<li>Quatre trappes sous le plancher\u2009;<\/li>\n<li>Deux tiroirs sous les si\u00e8ges avant\u2009;<\/li>\n<li>Deux tiroirs lat\u00e9raux arri\u00e8re (pour les versions\u00a05 places)\u2009;<\/li>\n<li>Une bo\u00eete \u00e0 gant de 11 litres, r\u00e9frig\u00e9r\u00e9e et \u00e9clair\u00e9e\u2009;<\/li>\n<li>Un rangement accessible et ouvert sur la console centrale\u2009;<\/li>\n<li>Une console centrale \u00e0 coulissement avec 9 litres de rangement\u2009;<\/li>\n<li>Six poches aum\u00f4ni\u00e8res\u00a0sur les si\u00e8ges avant\u2009;<\/li>\n<li>Trois prises 12 V\u2009;<\/li>\n<li>Deux rangements ferm\u00e9s sur la troisi\u00e8me rang\u00e9e.<\/li>\n<\/ul>\n<h2 style=\"text-align: justify;\">Scenic 2 de 2004, 2006, etc. : caract\u00e9ristiques techniques<\/h2>\n<p style=\"text-align: justify;\">La pr\u00e9sentation du Grand Scenic sept places a eu lieu au salon de Francfort en 2003. Renault fait partie des premiers constructeurs qui ont propos\u00e9 deux mod\u00e8les de monospaces compacts.<\/p>\n<p style=\"text-align: justify;\">Pour rallonger le Scenic\u00a0II version sept places, la marque fran\u00e7aise a ajout\u00e9 23\u00a0cm \u00e0 la longueur du v\u00e9hicule, ce qui lui a permis de poser deux si\u00e8ges suppl\u00e9mentaires. Pour passer \u00e0 la version cinq places, il suffit de ranger les fauteuils sous le plancher.<\/p>\n<p style=\"text-align: justify;\">Pour se rendre dans la troisi\u00e8me rang\u00e9e, il faut basculer les si\u00e8ges de la deuxi\u00e8me ligne. Soutenus par des v\u00e9rins, ils sont s\u00e9curis\u00e9s.<\/p>\n<p style=\"text-align: justify;\">La tenue de route pour la version sept places est sereine comme celle du Scenic cinq places. En effet, les deux mod\u00e8les disposent de barres anti-roulis cons\u00e9quentes. Gr\u00e2ce aux deux disques de frein avant de 300\u00a0mm et ceux arri\u00e8re de 274\u00a0mm, le syst\u00e8me de freinage est performant.<\/p>\n<h3 style=\"text-align: justify;\">Scenic\u00a02 de 2006<\/h3>\n<p style=\"text-align: justify;\">Les finitions disponibles en 2006 sont\u00a0:<\/p>\n<ul style=\"text-align: justify;\">\n<li>Authentique ;<\/li>\n<li>Base ;<\/li>\n<li>Carminat ;<\/li>\n<li>Confort Authentique ;<\/li>\n<li>Confort Dynamique ;<\/li>\n<li>Confort Expression ;<\/li>\n<li>Dynamique ;<\/li>\n<li>Exception ;<\/li>\n<li>Expression ;<\/li>\n<li>Jade ;<\/li>\n<li>Latitude ;<\/li>\n<li>Luxe Dynamique ;<\/li>\n<li>Luxe Privil\u00e8ge ;<\/li>\n<li>Pack Authentique ;<\/li>\n<li>Pack Expression ;<\/li>\n<li>Prima\u00a0;<\/li>\n<li>Privil\u00e8ge.<\/li>\n<\/ul>\n<p style=\"text-align: justify;\">La marque a d\u00e9velopp\u00e9 de nombreuses motorisations pour ce v\u00e9hicule. Vous pouvez ainsi choisir l\u2019un des moteurs suivants\u00a0:<\/p>\n<ul style=\"text-align: justify;\">\n<li>4 16 v 98 CH de 6 CV\u2009;<\/li>\n<li>5 dCi 100 CH de 6 CV\u2009;<\/li>\n<li>5 dCi 80 CH de 5 CV\u2009;<\/li>\n<li>6 16 v 110 CH de 6 CV\u2009;<\/li>\n<li>6 16 v 115 CH de 7 CV\u2009;<\/li>\n<li>9 dCi 120 CH de 7 CV\u2009;<\/li>\n<li>0 16\u00a0v\u00a0136 CH de 8 CV\u2009;<\/li>\n<li>0 16 v 136 CH de 9 CV\u2009;<\/li>\n<li>0 T 165 CH de 10 CV.<\/li>\n<\/ul>\n<p style=\"text-align: justify;\">En moyenne, la consommation en carburant du Scenic\u00a0II est de 5,2 \u00e0 8\u00a0l\/100\u00a0km. Notez que ce v\u00e9hicule dispose d\u2019un ch\u00e2ssis monocoque en acier. Parmi ses \u00e9quipements de s\u00e9rie, il est possible de citer\u00a0:<\/p>\n<p style=\"text-align: justify;\">Les r\u00e9troviseurs \u00e9lectriques d\u00e9givrants\u2009:<\/p>\n<ul style=\"text-align: justify;\">\n<li>La climatisation manuelle\u2009;<\/li>\n<li>La direction assist\u00e9e\u2009;<\/li>\n<li>Les fixations Isofix \u00e0 l\u2019arri\u00e8re\u2009;<\/li>\n<li>L\u2019ordinateur de bord\u2009;<\/li>\n<li>Le verrouillage automatique des portes en roulant\u2009;<\/li>\n<li>Le verrouillage centralis\u00e9 des portes\u2009;<\/li>\n<li>Les vitres avant \u00e9lectriques\u2009;<\/li>\n<li>Le volant r\u00e9glable en hauteur et en profondeur.<\/li>\n<\/ul>\n<p style=\"text-align: justify;\">C\u00f4t\u00e9 s\u00e9curit\u00e9, la voiture dispose\u00a0:<\/p>\n<ul style=\"text-align: justify;\">\n<li>D\u2019un ABS\u2009;<\/li>\n<li>D\u2019airbags frontaux\u2009;<\/li>\n<li>D\u2019airbags lat\u00e9raux avant\u2009;<\/li>\n<li>D\u2019airbags rideaux.<\/li>\n<\/ul>\n<h3 style=\"text-align: justify;\">Renault Scenic de 2004<\/h3>\n<p style=\"text-align: justify;\">\u00c0 l\u2019\u00e9poque, le constructeur proposait un large choix de finitions\u00a0:<\/p>\n<ul style=\"text-align: justify;\">\n<li>Authentique ;<\/li>\n<li>Confort Authentique ;<\/li>\n<li>Confort Dynamique ;<\/li>\n<li>Confort Expression ;<\/li>\n<li>Luxe Dynamique ;<\/li>\n<li>Luxe Privil\u00e8ge ;<\/li>\n<li>Pack Authentique ;<\/li>\n<li>Pack Expression ;<\/li>\n<li>Sport Dynamique\u00a0;<\/li>\n<li>Sport Privil\u00e8ge.<\/li>\n<\/ul>\n<p style=\"text-align: justify;\">Les moteurs suivants \u00e9taient d\u00e9j\u00e0 disponibles\u00a0:<\/p>\n<ul style=\"text-align: justify;\">\n<li>4 16 v 98 CH de 6 CV\u2009;<\/li>\n<li>5 dCi 100 CH de 6 CV\u2009;<\/li>\n<li>5 dCi 80 CH de 5 CV\u2009;<\/li>\n<li>6 16 v 110 CH de 6 CV\u2009;<\/li>\n<li>6 16 v 115 CH de 7 CV\u2009;<\/li>\n<li>9 dCi 120 CH de 7 CV\u2009;<\/li>\n<li>0 16\u00a0v\u00a0136 CH de 8 CV\u2009;<\/li>\n<li>0 16 v 136 CH de 9 CV\u2009;<\/li>\n<li>0 T 165 CH de 10 CV.<\/li>\n<\/ul>\n<p style=\"text-align: justify;\">Parmi les \u00e9quipements de s\u00e9rie de ce v\u00e9hicule figurent\u00a0:<\/p>\n<ul style=\"text-align: justify;\">\n<li>La direction assist\u00e9e\u2009;<\/li>\n<li>Le pack \u00e9lectrique\u2009;<\/li>\n<li>L\u2019ABS\u2009;<\/li>\n<li>L\u2019airbag conducteur\u2009;<\/li>\n<li>Les airbags frontaux\u2009;<\/li>\n<li>Les airbags lat\u00e9raux avant.<\/li>\n<\/ul>\n<h3 style=\"text-align: justify;\">Guide d&rsquo;achat Renault Scenic<\/h3>\n<p style=\"text-align: justify;\"><a href=\"https:\/\/www.bymycar.fr\/webzine\/comment-demonter-le-lecteur-de-carte-dune-renault-scenic-2\/\">Comment d\u00e9monter le lecteur de carte d&rsquo;une Renault Scenic 2 ?<\/a><\/p>\n<p style=\"text-align: justify;\"><a href=\"https:\/\/www.bymycar.fr\/webzine\/quand-changer-la-courroie-de-distribution-dune-renault-scenic\/\">Quand changer la courroie de distribution d\u2019une Renault Sc\u00e9nic ?<\/a><\/p>\n<p style=\"text-align: justify;\"><a href=\"https:\/\/www.bymycar.fr\/webzine\/quelle-huile-moteur-renault-scenic\/\">Quelle huile moteur Renault Sc\u00e9nic ?<\/a><\/p>\n<p style=\"text-align: justify;\"><a href=\"https:\/\/www.bymycar.fr\/webzine\/comment-mettre-a-jour-le-gps-dune-renault-scenic\/\">Comment mettre \u00e0 jour le GPS d&rsquo;une Renault Scenic ?<\/a><\/p>\n<p style=\"text-align: justify;\"><a href=\"https:\/\/www.bymycar.fr\/webzine\/comment-changer-un-cable-daccelerateur-sur-renault-scenic\/\">Comment changer un c\u00e2ble d&rsquo;acc\u00e9l\u00e9rateur sur Renault Sc\u00e9nic ?<\/a><\/p>\n<p style=\"text-align: justify;\"><a href=\"https:\/\/www.bymycar.fr\/webzine\/changer-pile-carte-renault-scenic\/\">Changer pile carte Renault Sc\u00e9nic<\/a><\/p>\n<p style=\"text-align: justify;\"><a href=\"https:\/\/www.bymycar.fr\/webzine\/comment-trouver-code-autoradio-renault-scenic\/\">Comment trouver code autoradio Renault Scenic ?<\/a><\/p>\n<p style=\"text-align: justify;\"><a href=\"https:\/\/www.bymycar.fr\/webzine\/quelle-renault-scenic-choisir\/\">Quelle Renault Scenic choisir ?<\/a><\/p>\n<p style=\"text-align: justify;\"><a href=\"https:\/\/www.bymycar.fr\/webzine\/guide-dachat-renault-kadjar-ou-scenic\/\">Guide d&rsquo;achat Renault Kadjar ou Scenic ?<\/a><\/p>\n<p style=\"text-align: justify;\"><a href=\"https:\/\/www.bymycar.fr\/webzine\/supprimer-anti-demarrage-renault-scenic\/\">Supprimer anti-d\u00e9marrage Renault Sc\u00e9nic<\/a><\/p>\n"}},{"acf_fc_layout":"carousel-produits"}]},"add-carousel-to-footer":true},"yoast_head":"<!-- This site is optimized with the Yoast SEO Premium plugin v26.4 (Yoast SEO v26.4) - https:\/\/yoast.com\/wordpress\/plugins\/seo\/ -->\n<title>Combien de places dans un Renault Scenic ?<\/title>\n<meta name=\"robots\" content=\"index, follow, max-snippet:-1, max-image-preview:large, max-video-preview:-1\" \/>\n<link rel=\"canonical\" href=\"https:\/\/www.bymycar.fr\/webzine\/combien-de-places-dans-un-renault-scenic\/\" \/>\n<meta property=\"og:locale\" content=\"fr_FR\" \/>\n<meta property=\"og:type\" content=\"article\" \/>\n<meta property=\"og:title\" content=\"Combien de places dans un Renault Scenic ?\" \/>\n<meta property=\"og:url\" content=\"https:\/\/www.bymycar.fr\/webzine\/combien-de-places-dans-un-renault-scenic\/\" \/>\n<meta property=\"og:site_name\" content=\"Webzine auto BYmyCAR\" \/>\n<meta property=\"article:published_time\" content=\"2022-11-07T10:29:15+00:00\" \/>\n<meta property=\"article:modified_time\" content=\"2022-11-24T16:33:30+00:00\" \/>\n<meta property=\"og:image\" content=\"https:\/\/cdn.bymycar.eu\/fr-webzine\/wp-content\/uploads\/medias\/Renault-Scenic.jpg\" \/>\n\t<meta property=\"og:image:width\" content=\"750\" \/>\n\t<meta property=\"og:image:height\" content=\"410\" \/>\n\t<meta property=\"og:image:type\" content=\"image\/jpeg\" \/>\n<meta name=\"author\" content=\"Gregoire LE BIHAN\" \/>\n<meta name=\"twitter:card\" content=\"summary_large_image\" \/>\n<meta name=\"twitter:label1\" content=\"\u00c9crit par\" \/>\n\t<meta name=\"twitter:data1\" content=\"Gregoire LE BIHAN\" \/>\n<script type=\"application\/ld+json\" class=\"yoast-schema-graph\">{\"@context\":\"https:\/\/schema.org\",\"@graph\":[{\"@type\":\"Article\",\"@id\":\"https:\/\/www.bymycar.fr\/webzine\/combien-de-places-dans-un-renault-scenic\/#article\",\"isPartOf\":{\"@id\":\"https:\/\/www.bymycar.fr\/webzine\/combien-de-places-dans-un-renault-scenic\/\"},\"author\":{\"name\":\"Gregoire LE BIHAN\",\"@id\":\"https:\/\/www.bymycar.fr\/webzine\/#\/schema\/person\/8c56906440ec126868bd40232b3445f0\"},\"headline\":\"Combien de places dans un Renault Scenic ?\",\"datePublished\":\"2022-11-07T10:29:15+00:00\",\"dateModified\":\"2022-11-24T16:33:30+00:00\",\"mainEntityOfPage\":{\"@id\":\"https:\/\/www.bymycar.fr\/webzine\/combien-de-places-dans-un-renault-scenic\/\"},\"wordCount\":7,\"publisher\":{\"@id\":\"https:\/\/www.bymycar.fr\/webzine\/#organization\"},\"image\":{\"@id\":\"https:\/\/www.bymycar.fr\/webzine\/combien-de-places-dans-un-renault-scenic\/#primaryimage\"},\"thumbnailUrl\":\"https:\/\/cdn.bymycar.eu\/fr-webzine\/wp-content\/uploads\/medias\/Renault-Scenic.jpg\",\"articleSection\":[\"Guide d'achat\",\"Guide d'achat Renault\"],\"inLanguage\":\"fr-FR\"},{\"@type\":\"WebPage\",\"@id\":\"https:\/\/www.bymycar.fr\/webzine\/combien-de-places-dans-un-renault-scenic\/\",\"url\":\"https:\/\/www.bymycar.fr\/webzine\/combien-de-places-dans-un-renault-scenic\/\",\"name\":\"Combien de places dans un Renault Scenic ?\",\"isPartOf\":{\"@id\":\"https:\/\/www.bymycar.fr\/webzine\/#website\"},\"primaryImageOfPage\":{\"@id\":\"https:\/\/www.bymycar.fr\/webzine\/combien-de-places-dans-un-renault-scenic\/#primaryimage\"},\"image\":{\"@id\":\"https:\/\/www.bymycar.fr\/webzine\/combien-de-places-dans-un-renault-scenic\/#primaryimage\"},\"thumbnailUrl\":\"https:\/\/cdn.bymycar.eu\/fr-webzine\/wp-content\/uploads\/medias\/Renault-Scenic.jpg\",\"datePublished\":\"2022-11-07T10:29:15+00:00\",\"dateModified\":\"2022-11-24T16:33:30+00:00\",\"breadcrumb\":{\"@id\":\"https:\/\/www.bymycar.fr\/webzine\/combien-de-places-dans-un-renault-scenic\/#breadcrumb\"},\"inLanguage\":\"fr-FR\",\"potentialAction\":[{\"@type\":\"ReadAction\",\"target\":[\"https:\/\/www.bymycar.fr\/webzine\/combien-de-places-dans-un-renault-scenic\/\"]}]},{\"@type\":\"ImageObject\",\"inLanguage\":\"fr-FR\",\"@id\":\"https:\/\/www.bymycar.fr\/webzine\/combien-de-places-dans-un-renault-scenic\/#primaryimage\",\"url\":\"https:\/\/cdn.bymycar.eu\/fr-webzine\/wp-content\/uploads\/medias\/Renault-Scenic.jpg\",\"contentUrl\":\"https:\/\/cdn.bymycar.eu\/fr-webzine\/wp-content\/uploads\/medias\/Renault-Scenic.jpg\",\"width\":750,\"height\":410},{\"@type\":\"BreadcrumbList\",\"@id\":\"https:\/\/www.bymycar.fr\/webzine\/combien-de-places-dans-un-renault-scenic\/#breadcrumb\",\"itemListElement\":[{\"@type\":\"ListItem\",\"position\":1,\"name\":\"Accueil\",\"item\":\"https:\/\/www.bymycar.fr\/webzine\/\"},{\"@type\":\"ListItem\",\"position\":2,\"name\":\"Combien de places dans un Renault Scenic ?\"}]},{\"@type\":\"WebSite\",\"@id\":\"https:\/\/www.bymycar.fr\/webzine\/#website\",\"url\":\"https:\/\/www.bymycar.fr\/webzine\/\",\"name\":\"Webzine auto BYmyCAR\",\"description\":\"La magazine auto de BYmyCAR\",\"publisher\":{\"@id\":\"https:\/\/www.bymycar.fr\/webzine\/#organization\"},\"potentialAction\":[{\"@type\":\"SearchAction\",\"target\":{\"@type\":\"EntryPoint\",\"urlTemplate\":\"https:\/\/www.bymycar.fr\/webzine\/?s={search_term_string}\"},\"query-input\":{\"@type\":\"PropertyValueSpecification\",\"valueRequired\":true,\"valueName\":\"search_term_string\"}}],\"inLanguage\":\"fr-FR\"},{\"@type\":\"Organization\",\"@id\":\"https:\/\/www.bymycar.fr\/webzine\/#organization\",\"name\":\"BYmyCAR\",\"url\":\"https:\/\/www.bymycar.fr\/webzine\/\",\"logo\":{\"@type\":\"ImageObject\",\"inLanguage\":\"fr-FR\",\"@id\":\"https:\/\/www.bymycar.fr\/webzine\/#\/schema\/logo\/image\/\",\"url\":\"https:\/\/cdn.bymycar.eu\/fr-webzine\/wp-content\/uploads\/medias\/2017\/08\/logo_DEALER_00000406_001.png\",\"contentUrl\":\"https:\/\/cdn.bymycar.eu\/fr-webzine\/wp-content\/uploads\/medias\/2017\/08\/logo_DEALER_00000406_001.png\",\"width\":2132,\"height\":720,\"caption\":\"BYmyCAR\"},\"image\":{\"@id\":\"https:\/\/www.bymycar.fr\/webzine\/#\/schema\/logo\/image\/\"}},{\"@type\":\"Person\",\"@id\":\"https:\/\/www.bymycar.fr\/webzine\/#\/schema\/person\/8c56906440ec126868bd40232b3445f0\",\"name\":\"Gregoire LE BIHAN\",\"image\":{\"@type\":\"ImageObject\",\"inLanguage\":\"fr-FR\",\"@id\":\"https:\/\/www.bymycar.fr\/webzine\/#\/schema\/person\/image\/\",\"url\":\"https:\/\/secure.gravatar.com\/avatar\/1356d71f3c6eed50de358ba425c9944b742a0d35f88e0d5f8afe88fdac525492?s=96&d=mm&r=g\",\"contentUrl\":\"https:\/\/secure.gravatar.com\/avatar\/1356d71f3c6eed50de358ba425c9944b742a0d35f88e0d5f8afe88fdac525492?s=96&d=mm&r=g\",\"caption\":\"Gregoire LE BIHAN\"}}]}<\/script>\n<!-- \/ Yoast SEO Premium plugin. -->","yoast_head_json":{"title":"Combien de places dans un Renault Scenic ?","robots":{"index":"index","follow":"follow","max-snippet":"max-snippet:-1","max-image-preview":"max-image-preview:large","max-video-preview":"max-video-preview:-1"},"canonical":"https:\/\/www.bymycar.fr\/webzine\/combien-de-places-dans-un-renault-scenic\/","og_locale":"fr_FR","og_type":"article","og_title":"Combien de places dans un Renault Scenic ?","og_url":"https:\/\/www.bymycar.fr\/webzine\/combien-de-places-dans-un-renault-scenic\/","og_site_name":"Webzine auto BYmyCAR","article_published_time":"2022-11-07T10:29:15+00:00","article_modified_time":"2022-11-24T16:33:30+00:00","og_image":[{"width":750,"height":410,"url":"https:\/\/cdn.bymycar.eu\/fr-webzine\/wp-content\/uploads\/medias\/Renault-Scenic.jpg","type":"image\/jpeg"}],"author":"Gregoire LE BIHAN","twitter_card":"summary_large_image","twitter_misc":{"\u00c9crit par":"Gregoire LE BIHAN"},"schema":{"@context":"https:\/\/schema.org","@graph":[{"@type":"Article","@id":"https:\/\/www.bymycar.fr\/webzine\/combien-de-places-dans-un-renault-scenic\/#article","isPartOf":{"@id":"https:\/\/www.bymycar.fr\/webzine\/combien-de-places-dans-un-renault-scenic\/"},"author":{"name":"Gregoire LE BIHAN","@id":"https:\/\/www.bymycar.fr\/webzine\/#\/schema\/person\/8c56906440ec126868bd40232b3445f0"},"headline":"Combien de places dans un Renault Scenic ?","datePublished":"2022-11-07T10:29:15+00:00","dateModified":"2022-11-24T16:33:30+00:00","mainEntityOfPage":{"@id":"https:\/\/www.bymycar.fr\/webzine\/combien-de-places-dans-un-renault-scenic\/"},"wordCount":7,"publisher":{"@id":"https:\/\/www.bymycar.fr\/webzine\/#organization"},"image":{"@id":"https:\/\/www.bymycar.fr\/webzine\/combien-de-places-dans-un-renault-scenic\/#primaryimage"},"thumbnailUrl":"https:\/\/cdn.bymycar.eu\/fr-webzine\/wp-content\/uploads\/medias\/Renault-Scenic.jpg","articleSection":["Guide d'achat","Guide d'achat Renault"],"inLanguage":"fr-FR"},{"@type":"WebPage","@id":"https:\/\/www.bymycar.fr\/webzine\/combien-de-places-dans-un-renault-scenic\/","url":"https:\/\/www.bymycar.fr\/webzine\/combien-de-places-dans-un-renault-scenic\/","name":"Combien de places dans un Renault Scenic ?","isPartOf":{"@id":"https:\/\/www.bymycar.fr\/webzine\/#website"},"primaryImageOfPage":{"@id":"https:\/\/www.bymycar.fr\/webzine\/combien-de-places-dans-un-renault-scenic\/#primaryimage"},"image":{"@id":"https:\/\/www.bymycar.fr\/webzine\/combien-de-places-dans-un-renault-scenic\/#primaryimage"},"thumbnailUrl":"https:\/\/cdn.bymycar.eu\/fr-webzine\/wp-content\/uploads\/medias\/Renault-Scenic.jpg","datePublished":"2022-11-07T10:29:15+00:00","dateModified":"2022-11-24T16:33:30+00:00","breadcrumb":{"@id":"https:\/\/www.bymycar.fr\/webzine\/combien-de-places-dans-un-renault-scenic\/#breadcrumb"},"inLanguage":"fr-FR","potentialAction":[{"@type":"ReadAction","target":["https:\/\/www.bymycar.fr\/webzine\/combien-de-places-dans-un-renault-scenic\/"]}]},{"@type":"ImageObject","inLanguage":"fr-FR","@id":"https:\/\/www.bymycar.fr\/webzine\/combien-de-places-dans-un-renault-scenic\/#primaryimage","url":"https:\/\/cdn.bymycar.eu\/fr-webzine\/wp-content\/uploads\/medias\/Renault-Scenic.jpg","contentUrl":"https:\/\/cdn.bymycar.eu\/fr-webzine\/wp-content\/uploads\/medias\/Renault-Scenic.jpg","width":750,"height":410},{"@type":"BreadcrumbList","@id":"https:\/\/www.bymycar.fr\/webzine\/combien-de-places-dans-un-renault-scenic\/#breadcrumb","itemListElement":[{"@type":"ListItem","position":1,"name":"Accueil","item":"https:\/\/www.bymycar.fr\/webzine\/"},{"@type":"ListItem","position":2,"name":"Combien de places dans un Renault Scenic ?"}]},{"@type":"WebSite","@id":"https:\/\/www.bymycar.fr\/webzine\/#website","url":"https:\/\/www.bymycar.fr\/webzine\/","name":"Webzine auto BYmyCAR","description":"La magazine auto de BYmyCAR","publisher":{"@id":"https:\/\/www.bymycar.fr\/webzine\/#organization"},"potentialAction":[{"@type":"SearchAction","target":{"@type":"EntryPoint","urlTemplate":"https:\/\/www.bymycar.fr\/webzine\/?s={search_term_string}"},"query-input":{"@type":"PropertyValueSpecification","valueRequired":true,"valueName":"search_term_string"}}],"inLanguage":"fr-FR"},{"@type":"Organization","@id":"https:\/\/www.bymycar.fr\/webzine\/#organization","name":"BYmyCAR","url":"https:\/\/www.bymycar.fr\/webzine\/","logo":{"@type":"ImageObject","inLanguage":"fr-FR","@id":"https:\/\/www.bymycar.fr\/webzine\/#\/schema\/logo\/image\/","url":"https:\/\/cdn.bymycar.eu\/fr-webzine\/wp-content\/uploads\/medias\/2017\/08\/logo_DEALER_00000406_001.png","contentUrl":"https:\/\/cdn.bymycar.eu\/fr-webzine\/wp-content\/uploads\/medias\/2017\/08\/logo_DEALER_00000406_001.png","width":2132,"height":720,"caption":"BYmyCAR"},"image":{"@id":"https:\/\/www.bymycar.fr\/webzine\/#\/schema\/logo\/image\/"}},{"@type":"Person","@id":"https:\/\/www.bymycar.fr\/webzine\/#\/schema\/person\/8c56906440ec126868bd40232b3445f0","name":"Gregoire LE BIHAN","image":{"@type":"ImageObject","inLanguage":"fr-FR","@id":"https:\/\/www.bymycar.fr\/webzine\/#\/schema\/person\/image\/","url":"https:\/\/secure.gravatar.com\/avatar\/1356d71f3c6eed50de358ba425c9944b742a0d35f88e0d5f8afe88fdac525492?s=96&d=mm&r=g","contentUrl":"https:\/\/secure.gravatar.com\/avatar\/1356d71f3c6eed50de358ba425c9944b742a0d35f88e0d5f8afe88fdac525492?s=96&d=mm&r=g","caption":"Gregoire LE BIHAN"}}]}},"_links":{"self":[{"href":"https:\/\/www.bymycar.fr\/webzine\/wp-json\/wp\/v2\/posts\/37113","targetHints":{"allow":["GET"]}}],"collection":[{"href":"https:\/\/www.bymycar.fr\/webzine\/wp-json\/wp\/v2\/posts"}],"about":[{"href":"https:\/\/www.bymycar.fr\/webzine\/wp-json\/wp\/v2\/types\/post"}],"author":[{"embeddable":true,"href":"https:\/\/www.bymycar.fr\/webzine\/wp-json\/wp\/v2\/users\/9"}],"replies":[{"embeddable":true,"href":"https:\/\/www.bymycar.fr\/webzine\/wp-json\/wp\/v2\/comments?post=37113"}],"version-history":[{"count":5,"href":"https:\/\/www.bymycar.fr\/webzine\/wp-json\/wp\/v2\/posts\/37113\/revisions"}],"predecessor-version":[{"id":37883,"href":"https:\/\/www.bymycar.fr\/webzine\/wp-json\/wp\/v2\/posts\/37113\/revisions\/37883"}],"wp:featuredmedia":[{"embeddable":true,"href":"https:\/\/www.bymycar.fr\/webzine\/wp-json\/wp\/v2\/media\/37067"}],"wp:attachment":[{"href":"https:\/\/www.bymycar.fr\/webzine\/wp-json\/wp\/v2\/media?parent=37113"}],"wp:term":[{"taxonomy":"category","embeddable":true,"href":"https:\/\/www.bymycar.fr\/webzine\/wp-json\/wp\/v2\/categories?post=37113"},{"taxonomy":"post_tag","embeddable":true,"href":"https:\/\/www.bymycar.fr\/webzine\/wp-json\/wp\/v2\/tags?post=37113"}],"curies":[{"name":"wp","href":"https:\/\/api.w.org\/{rel}","templated":true}]}}