{"id":3692,"date":"2018-03-21T15:32:18","date_gmt":"2018-03-21T14:32:18","guid":{"rendered":"https:\/\/prod.bymycar.fr\/webzine\/?p=3692"},"modified":"2019-05-06T14:28:10","modified_gmt":"2019-05-06T12:28:10","slug":"opel-corsa-black-edition","status":"publish","type":"post","link":"https:\/\/www.bymycar.fr\/webzine\/opel-corsa-black-edition\/","title":{"rendered":"OPEL Corsa Black Edition"},"content":{"rendered":"","protected":false},"excerpt":{"rendered":"","protected":false},"author":9,"featured_media":3712,"comment_status":"closed","ping_status":"open","sticky":false,"template":"","format":"standard","meta":{"_acf_changed":false,"footnotes":""},"categories":[4],"tags":[],"class_list":["post-3692","post","type-post","status-publish","format-standard","has-post-thumbnail","hentry","category-offres-et-bons-plans"],"acf":{"introduction":"<ul>\n<li>Toit, jantes alliage &amp; coques de r\u00e9troviseurs noirs<\/li>\n<li>Ecran tactile compatible Apple CarPlay\u2122<\/li>\n<li>Cam\u00e9ra de recul<\/li>\n<\/ul>\n","strates":[{"type_strate":"50-50-image-texte-full","ancre":"","contenu":"","titre":"","image":false,"image_libre":false,"image_800x500":{"ID":3712,"id":3712,"title":"CORSABlackEd_LLD_EcoPrime_2018FevV4","filename":"CORSABlackEd_LLD_EcoPrime_2018FevV4.jpg","filesize":1,"url":"https:\/\/cdn.bymycar.eu\/fr-webzine\/wp-content\/uploads\/medias\/2018\/03\/CORSABlackEd_LLD_EcoPrime_2018FevV4.jpg","link":"https:\/\/www.bymycar.fr\/webzine\/opel-corsa-black-edition\/corsablacked_lld_ecoprime_2018fevv4\/","alt":"Opel Corsa Black Edition","author":"9","description":"","caption":"","name":"corsablacked_lld_ecoprime_2018fevv4","status":"inherit","uploaded_to":3692,"date":"2018-03-21 12:24:11","modified":"2018-03-21 12:25:19","menu_order":0,"mime_type":"image\/jpeg","type":"image","subtype":"jpeg","icon":"https:\/\/www.bymycar.fr\/webzine\/wp-includes\/images\/media\/default.png","width":1600,"height":1000,"sizes":{"thumbnail":"https:\/\/cdn.bymycar.eu\/fr-webzine\/wp-content\/uploads\/medias\/2018\/03\/CORSABlackEd_LLD_EcoPrime_2018FevV4-150x150.jpg","thumbnail-width":150,"thumbnail-height":150,"medium":"https:\/\/cdn.bymycar.eu\/fr-webzine\/wp-content\/uploads\/medias\/2018\/03\/CORSABlackEd_LLD_EcoPrime_2018FevV4-300x188.jpg","medium-width":300,"medium-height":188,"medium_large":"https:\/\/cdn.bymycar.eu\/fr-webzine\/wp-content\/uploads\/medias\/2018\/03\/CORSABlackEd_LLD_EcoPrime_2018FevV4-768x480.jpg","medium_large-width":768,"medium_large-height":480,"large":"https:\/\/cdn.bymycar.eu\/fr-webzine\/wp-content\/uploads\/medias\/2018\/03\/CORSABlackEd_LLD_EcoPrime_2018FevV4-1024x640.jpg","large-width":1024,"large-height":640,"1536x1536":"https:\/\/cdn.bymycar.eu\/fr-webzine\/wp-content\/uploads\/medias\/2018\/03\/CORSABlackEd_LLD_EcoPrime_2018FevV4.jpg","1536x1536-width":1536,"1536x1536-height":960,"2048x2048":"https:\/\/cdn.bymycar.eu\/fr-webzine\/wp-content\/uploads\/medias\/2018\/03\/CORSABlackEd_LLD_EcoPrime_2018FevV4.jpg","2048x2048-width":1600,"2048x2048-height":1000}},"legende":"","zoom":false,"texte":"<p style=\"text-align: center;\">\u00e0 partir de<\/p>\n<p style=\"text-align: center;\"><strong><span style=\"font-size: 36pt;\">125\u20ac<\/span>\u00a0\/ mois (1)<\/strong><\/p>\n<p style=\"text-align: center;\"><span style=\"font-size: 14pt;\"><strong>LLD sur 37 mois<br \/>\n<\/strong><\/span><span style=\"font-size: 14pt;\"><strong>1er loyer de 2100 \u20ac puis 36 loyers de 125 \u20ac.<br \/>\n<\/strong><\/span><span style=\"font-size: 14pt;\"><strong>Entretien compris<\/strong><\/span><\/p>\n<p>&nbsp;<\/p>\n<p style=\"text-align: center;\"><span style=\"font-size: 18pt;\"><strong>ECO-PRIME<br \/>\n<\/strong><span style=\"font-size: 14pt;\">Sous condition de reprise<br \/>\nPrime \u00e0 la conversion de 1000\u20ac d\u00e9duite<\/span><\/span><\/p>\n","articles":false,"categorie_droite":false,"images":[{"image":false,"image_1600x700":false,"image_920x500":{"ID":3611,"id":3611,"title":"smart offre","filename":"smart-offre.jpg","filesize":1,"url":"https:\/\/cdn.bymycar.eu\/fr-webzine\/wp-content\/uploads\/medias\/2018\/03\/smart-offre.jpg","link":"https:\/\/www.bymycar.fr\/webzine\/smart-fortwo-loa\/smart-offre\/","alt":"","author":"2","description":"","caption":"","name":"smart-offre","status":"inherit","uploaded_to":3609,"date":"2018-03-09 14:24:50","modified":"2018-03-09 14:26:59","menu_order":0,"mime_type":"image\/jpeg","type":"image","subtype":"jpeg","icon":"https:\/\/www.bymycar.fr\/webzine\/wp-includes\/images\/media\/default.png","width":1349,"height":336,"sizes":{"thumbnail":"https:\/\/cdn.bymycar.eu\/fr-webzine\/wp-content\/uploads\/medias\/2018\/03\/smart-offre-150x150.jpg","thumbnail-width":150,"thumbnail-height":150,"medium":"https:\/\/cdn.bymycar.eu\/fr-webzine\/wp-content\/uploads\/medias\/2018\/03\/smart-offre-300x75.jpg","medium-width":300,"medium-height":75,"medium_large":"https:\/\/cdn.bymycar.eu\/fr-webzine\/wp-content\/uploads\/medias\/2018\/03\/smart-offre-768x191.jpg","medium_large-width":768,"medium_large-height":191,"large":"https:\/\/cdn.bymycar.eu\/fr-webzine\/wp-content\/uploads\/medias\/2018\/03\/smart-offre-1024x255.jpg","large-width":1024,"large-height":255,"1536x1536":"https:\/\/cdn.bymycar.eu\/fr-webzine\/wp-content\/uploads\/medias\/2018\/03\/smart-offre.jpg","1536x1536-width":1349,"1536x1536-height":336,"2048x2048":"https:\/\/cdn.bymycar.eu\/fr-webzine\/wp-content\/uploads\/medias\/2018\/03\/smart-offre.jpg","2048x2048-width":1349,"2048x2048-height":336}},"legende":""}],"elements_comparatif":false,"texte_1":"","texte_2":"","image_1":false,"image_1_563x400":false,"image_1_332x332":false,"image_2":false,"image_2_333x240":false,"image_2_563x400":false,"image_3":false,"image_3_333x240":false,"image_3_332x450":false,"image_4":false,"image_4_332x332":false,"image_4_563x400":false,"code_embed":"","legende_video":"","photo":false,"photo_100x100":false,"nom":"","fonction":"","elements_timeline":false,"entetes_colonnes":false,"entetes_lignes":false,"lignes":false,"introduction":"","formulaire":false,"question":"","reponse":"","libelle_bouton_lien":"","url_lien":"","questions":false,"conclusions":false,"pays":false,"region":false,"marque":false,"marqueConcessions":false,"modele":false,"ptvente":false,"typeV":false,"collection":false,"nombre_maximum_elements":10,"lien_fin_carousel":"","texte_lien_fin_carousel":"","trier_par":false},{"type_strate":"formulaire","ancre":"Contactez-nous","contenu":"","titre":"Opel BYmyCAR","image":false,"image_libre":false,"image_800x500":false,"legende":"","zoom":false,"texte":"","articles":false,"categorie_droite":false,"images":[{"image":{"ID":3238,"id":3238,"title":"mercedes-benz-a-class_w176_wallpaper_07_1920x1200_05-2015","filename":"mercedes-benz-a-class_w176_wallpaper_07_1920x1200_05-2015.jpg","filesize":1,"url":"https:\/\/cdn.bymycar.eu\/fr-webzine\/wp-content\/uploads\/medias\/2018\/02\/mercedes-benz-a-class_w176_wallpaper_07_1920x1200_05-2015.jpg","link":"https:\/\/www.bymycar.fr\/webzine\/mercedes-classe-a\/mercedes-benz-a-class_w176_wallpaper_07_1920x1200_05-2015\/","alt":"","author":"2","description":"","caption":"","name":"mercedes-benz-a-class_w176_wallpaper_07_1920x1200_05-2015","status":"inherit","uploaded_to":3235,"date":"2018-02-02 13:53:19","modified":"2018-02-02 14:33:15","menu_order":0,"mime_type":"image\/jpeg","type":"image","subtype":"jpeg","icon":"https:\/\/www.bymycar.fr\/webzine\/wp-includes\/images\/media\/default.png","width":1920,"height":1200,"sizes":{"thumbnail":"https:\/\/cdn.bymycar.eu\/fr-webzine\/wp-content\/uploads\/medias\/2018\/02\/mercedes-benz-a-class_w176_wallpaper_07_1920x1200_05-2015-150x150.jpg","thumbnail-width":150,"thumbnail-height":150,"medium":"https:\/\/cdn.bymycar.eu\/fr-webzine\/wp-content\/uploads\/medias\/2018\/02\/mercedes-benz-a-class_w176_wallpaper_07_1920x1200_05-2015-300x188.jpg","medium-width":300,"medium-height":188,"medium_large":"https:\/\/cdn.bymycar.eu\/fr-webzine\/wp-content\/uploads\/medias\/2018\/02\/mercedes-benz-a-class_w176_wallpaper_07_1920x1200_05-2015-768x480.jpg","medium_large-width":768,"medium_large-height":480,"large":"https:\/\/cdn.bymycar.eu\/fr-webzine\/wp-content\/uploads\/medias\/2018\/02\/mercedes-benz-a-class_w176_wallpaper_07_1920x1200_05-2015-1024x640.jpg","large-width":1024,"large-height":640,"1536x1536":"https:\/\/cdn.bymycar.eu\/fr-webzine\/wp-content\/uploads\/medias\/2018\/02\/mercedes-benz-a-class_w176_wallpaper_07_1920x1200_05-2015.jpg","1536x1536-width":1536,"1536x1536-height":960,"2048x2048":"https:\/\/cdn.bymycar.eu\/fr-webzine\/wp-content\/uploads\/medias\/2018\/02\/mercedes-benz-a-class_w176_wallpaper_07_1920x1200_05-2015.jpg","2048x2048-width":1920,"2048x2048-height":1200}},"image_1600x700":false,"image_920x500":false,"legende":""}],"elements_comparatif":false,"texte_1":"","texte_2":"","image_1":false,"image_1_563x400":false,"image_1_332x332":false,"image_2":false,"image_2_333x240":false,"image_2_563x400":false,"image_3":false,"image_3_333x240":false,"image_3_332x450":false,"image_4":false,"image_4_332x332":false,"image_4_563x400":false,"code_embed":"","legende_video":"","photo":false,"photo_100x100":false,"nom":"","fonction":"","elements_timeline":false,"entetes_colonnes":false,"entetes_lignes":false,"lignes":false,"introduction":"<p>Corsa Black Edition<\/p>\n","formulaire":3697,"question":"","reponse":"","libelle_bouton_lien":"","url_lien":"","questions":false,"conclusions":false,"pays":false,"region":false,"marque":false,"marqueConcessions":false,"modele":false,"ptvente":false,"typeV":false,"collection":false,"nombre_maximum_elements":10,"lien_fin_carousel":"","texte_lien_fin_carousel":"","trier_par":false},{"type_strate":"texte-simple","ancre":"","contenu":"<p>(1) Ex pour une location longue dur\u00e9e (LLD) sur 37 mois et 30 000 km pour une Corsa 3P Black Edition 1.4 90ch hors options : <strong>1er loyer major\u00e9 de 2100 \u20ac exig\u00e9 \u00e0 la livraison, puis 36 loyers de 125 \u20ac<\/strong>, dont 1 \u20ac par mois pour la prestation facultative d&rsquo;entretien comprenant la prise en charge des 2 premiers entretiens p\u00e9riodiques. Prestation souscrite aupr\u00e8s d&rsquo;Opel France &#8211; SAS au capital de 12 939 625 \u20ac &#8211; R.C.S Pontoise B 342 439 320. Si\u00e8ge social : 1 Av du Marais &#8211; BP 84 &#8211; 95101 Argenteuil Cedex. Montants TTC (hors assurances). Restitution en fin de contrat avec paiement de frais de remise en \u00e9tat standard et km suppl\u00e9mentaires. <strong>Tarifs ch\u00e2ssis 18.5 au 22\/11\/2017<\/strong> dans la limite des stocks disponibles. Sous r\u00e9serve d&rsquo;acceptation du dossier par Opel Financial Services, nom commercial de Opel Bank, SA au capital de 101 929 642 \u20ac. RCS Pontoise 562 068 684 &#8211; Immatriculation ORIAS N\u00b007009184. <strong>Offre r\u00e9serv\u00e9e aux particuliers valable pour toute commande jusqu&rsquo;au 31\/03\/ 2018<\/strong> aupr\u00e8s du r\u00e9seau Opel participant, <strong>d&rsquo;une Corsa Black Edition neuve<\/strong> sous condition de reprise pour mise au rebut de votre v\u00e9hicule Diesel immatricul\u00e9 pour la premi\u00e8re fois avant 2001 ou essence avant 1997 et sous r\u00e9serve de b\u00e9n\u00e9ficier de la prime \u00e0 la conversion gouvernementale (conditions sur service-public.fr).<br \/>\n<strong>Conso mixte gamme Corsa (l\/100 km) : 3.5\/5.9 et CO2 (g\/km) : 93\/136.<\/strong><\/p>\n<p>&nbsp;<\/p>\n<p>&nbsp;<\/p>\n<p><span style=\"font-size: 10pt;\">Vos donn\u00e9es \u00e0 caract\u00e8re personnel font l\u2019objet d\u2019un traitement de donn\u00e9es \u00e0 caract\u00e8re personnel mis en oeuvre par la soci\u00e9t\u00e9 BYmyCAR aux fins de gestion de la relation clients et prospects.<\/span><br \/>\n<span style=\"font-size: 10pt;\">Vos donn\u00e9es sont r\u00e9serv\u00e9es \u00e0 l\u2019usage des services internes de la soci\u00e9t\u00e9 BYmyCAR ainsi qu\u2019aux prestataires habilit\u00e9s \u00e0 traiter vos donn\u00e9es.<\/span><br \/>\n<span style=\"font-size: 10pt;\">Conform\u00e9ment \u00e0 la r\u00e9glementation fran\u00e7aise et europ\u00e9enne relative \u00e0 la protection des donn\u00e9es \u00e0 caract\u00e8re personnel, vous pouvez \u00e0 tout moment exercer vos droits d\u2019acc\u00e8s, de rectification et de suppression des donn\u00e9es \u00e0 caract\u00e8re personnel vous concernant ainsi que vous opposer au traitement desdites donn\u00e9es.<\/span><\/p>\n<p><span style=\"font-size: 10pt;\">Vous disposez \u00e9galement du droit de d\u00e9finir des directives g\u00e9n\u00e9rales ou particuli\u00e8res relatives au sort de vos donn\u00e9es \u00e0 caract\u00e8re personnel apr\u00e8s votre d\u00e9c\u00e8s. Seules les directives particuli\u00e8res relatives au traitement de donn\u00e9es \u00e0 caract\u00e8re personnel mis en oeuvre par BYmyCAR seront enregistr\u00e9es par BYmyCAR.<\/span><br \/>\n<span style=\"font-size: 10pt;\">Vous pouvez exercer vos droits en adressant votre demande, accompagn\u00e9e d\u2019un justificatif de votre identit\u00e9, par voie postale \u00e0 BYmyCAR, 278 Bd. St. Germain, 75007 Paris ou e-mail \u00e0 contact-web@bymycar.fr .<\/span><br \/>\n<span style=\"font-size: 10pt;\">Nous vous informons que vous disposez en outre d\u2019un droit d\u2019inscription sur la liste d\u2019opposition au d\u00e9marchage t\u00e9l\u00e9phonique que vous pouvez exercer aupr\u00e8s de la SAS OPPOSETEL, 92-98 boulevard Victor Hugo \u2013 92110 CLICHY (http:\/\/www.bloctel.gouv.fr\/).<\/span><\/p>\n","titre":"Contactez-nous au 04 92 02 67 00 ou laissez-nous un message","image":false,"image_libre":false,"image_800x500":false,"legende":"","zoom":false,"texte":"","articles":false,"categorie_droite":false,"images":[{"image":{"ID":3239,"id":3239,"title":"imageDownloadResource_1513604112683","filename":"imageDownloadResource_1513604112683.jpg","filesize":1,"url":"https:\/\/cdn.bymycar.eu\/fr-webzine\/wp-content\/uploads\/medias\/2018\/02\/imageDownloadResource_1513604112683.jpg","link":"https:\/\/www.bymycar.fr\/webzine\/mercedes-classe-a\/imagedownloadresource_1513604112683\/","alt":"","author":"2","description":"","caption":"","name":"imagedownloadresource_1513604112683","status":"inherit","uploaded_to":3235,"date":"2018-02-02 13:53:21","modified":"2018-02-02 14:41:12","menu_order":0,"mime_type":"image\/jpeg","type":"image","subtype":"jpeg","icon":"https:\/\/www.bymycar.fr\/webzine\/wp-includes\/images\/media\/default.png","width":1600,"height":1200,"sizes":{"thumbnail":"https:\/\/cdn.bymycar.eu\/fr-webzine\/wp-content\/uploads\/medias\/2018\/02\/imageDownloadResource_1513604112683-150x150.jpg","thumbnail-width":150,"thumbnail-height":150,"medium":"https:\/\/cdn.bymycar.eu\/fr-webzine\/wp-content\/uploads\/medias\/2018\/02\/imageDownloadResource_1513604112683-300x225.jpg","medium-width":300,"medium-height":225,"medium_large":"https:\/\/cdn.bymycar.eu\/fr-webzine\/wp-content\/uploads\/medias\/2018\/02\/imageDownloadResource_1513604112683-768x576.jpg","medium_large-width":768,"medium_large-height":576,"large":"https:\/\/cdn.bymycar.eu\/fr-webzine\/wp-content\/uploads\/medias\/2018\/02\/imageDownloadResource_1513604112683-1024x768.jpg","large-width":1024,"large-height":768,"1536x1536":"https:\/\/cdn.bymycar.eu\/fr-webzine\/wp-content\/uploads\/medias\/2018\/02\/imageDownloadResource_1513604112683.jpg","1536x1536-width":1536,"1536x1536-height":1152,"2048x2048":"https:\/\/cdn.bymycar.eu\/fr-webzine\/wp-content\/uploads\/medias\/2018\/02\/imageDownloadResource_1513604112683.jpg","2048x2048-width":1600,"2048x2048-height":1200}},"image_1600x700":false,"image_920x500":false,"legende":""}],"elements_comparatif":false,"texte_1":"","texte_2":"","image_1":false,"image_1_563x400":false,"image_1_332x332":false,"image_2":false,"image_2_333x240":false,"image_2_563x400":false,"image_3":false,"image_3_333x240":false,"image_3_332x450":false,"image_4":false,"image_4_332x332":false,"image_4_563x400":false,"code_embed":"","legende_video":"","photo":false,"photo_100x100":false,"nom":"","fonction":"","elements_timeline":false,"entetes_colonnes":false,"entetes_lignes":false,"lignes":false,"introduction":"","formulaire":2110,"question":"","reponse":"","libelle_bouton_lien":"","url_lien":"","questions":false,"conclusions":false,"pays":false,"region":false,"marque":false,"marqueConcessions":false,"modele":false,"ptvente":false,"typeV":false,"collection":false,"nombre_maximum_elements":10,"lien_fin_carousel":"","texte_lien_fin_carousel":"","trier_par":false}],"template":"classique","is_old_post":false,"image":{"ID":3712,"id":3712,"title":"CORSABlackEd_LLD_EcoPrime_2018FevV4","filename":"CORSABlackEd_LLD_EcoPrime_2018FevV4.jpg","filesize":1,"url":"https:\/\/cdn.bymycar.eu\/fr-webzine\/wp-content\/uploads\/medias\/2018\/03\/CORSABlackEd_LLD_EcoPrime_2018FevV4.jpg","link":"https:\/\/www.bymycar.fr\/webzine\/opel-corsa-black-edition\/corsablacked_lld_ecoprime_2018fevv4\/","alt":"Opel Corsa Black Edition","author":"9","description":"","caption":"","name":"corsablacked_lld_ecoprime_2018fevv4","status":"inherit","uploaded_to":3692,"date":"2018-03-21 12:24:11","modified":"2018-03-21 12:25:19","menu_order":0,"mime_type":"image\/jpeg","type":"image","subtype":"jpeg","icon":"https:\/\/www.bymycar.fr\/webzine\/wp-includes\/images\/media\/default.png","width":1600,"height":1000,"sizes":{"thumbnail":"https:\/\/cdn.bymycar.eu\/fr-webzine\/wp-content\/uploads\/medias\/2018\/03\/CORSABlackEd_LLD_EcoPrime_2018FevV4-150x150.jpg","thumbnail-width":150,"thumbnail-height":150,"medium":"https:\/\/cdn.bymycar.eu\/fr-webzine\/wp-content\/uploads\/medias\/2018\/03\/CORSABlackEd_LLD_EcoPrime_2018FevV4-300x188.jpg","medium-width":300,"medium-height":188,"medium_large":"https:\/\/cdn.bymycar.eu\/fr-webzine\/wp-content\/uploads\/medias\/2018\/03\/CORSABlackEd_LLD_EcoPrime_2018FevV4-768x480.jpg","medium_large-width":768,"medium_large-height":480,"large":"https:\/\/cdn.bymycar.eu\/fr-webzine\/wp-content\/uploads\/medias\/2018\/03\/CORSABlackEd_LLD_EcoPrime_2018FevV4-1024x640.jpg","large-width":1024,"large-height":640,"1536x1536":"https:\/\/cdn.bymycar.eu\/fr-webzine\/wp-content\/uploads\/medias\/2018\/03\/CORSABlackEd_LLD_EcoPrime_2018FevV4.jpg","1536x1536-width":1536,"1536x1536-height":960,"2048x2048":"https:\/\/cdn.bymycar.eu\/fr-webzine\/wp-content\/uploads\/medias\/2018\/03\/CORSABlackEd_LLD_EcoPrime_2018FevV4.jpg","2048x2048-width":1600,"2048x2048-height":1000}},"page_content":{"block_content":[{"acf_fc_layout":"text-image","--nav":{"-withNav":false,"-ancre":""},"--group":{"-image":{"ID":3712,"id":3712,"title":"CORSABlackEd_LLD_EcoPrime_2018FevV4","filename":"CORSABlackEd_LLD_EcoPrime_2018FevV4.jpg","filesize":1,"url":"https:\/\/cdn.bymycar.eu\/fr-webzine\/wp-content\/uploads\/medias\/2018\/03\/CORSABlackEd_LLD_EcoPrime_2018FevV4.jpg","link":"https:\/\/www.bymycar.fr\/webzine\/opel-corsa-black-edition\/corsablacked_lld_ecoprime_2018fevv4\/","alt":"Opel Corsa Black Edition","author":"9","description":"","caption":"","name":"corsablacked_lld_ecoprime_2018fevv4","status":"inherit","uploaded_to":3692,"date":"2018-03-21 12:24:11","modified":"2018-03-21 12:25:19","menu_order":0,"mime_type":"image\/jpeg","type":"image","subtype":"jpeg","icon":"https:\/\/www.bymycar.fr\/webzine\/wp-includes\/images\/media\/default.png","width":1600,"height":1000,"sizes":{"thumbnail":"https:\/\/cdn.bymycar.eu\/fr-webzine\/wp-content\/uploads\/medias\/2018\/03\/CORSABlackEd_LLD_EcoPrime_2018FevV4-150x150.jpg","thumbnail-width":150,"thumbnail-height":150,"medium":"https:\/\/cdn.bymycar.eu\/fr-webzine\/wp-content\/uploads\/medias\/2018\/03\/CORSABlackEd_LLD_EcoPrime_2018FevV4-300x188.jpg","medium-width":300,"medium-height":188,"medium_large":"https:\/\/cdn.bymycar.eu\/fr-webzine\/wp-content\/uploads\/medias\/2018\/03\/CORSABlackEd_LLD_EcoPrime_2018FevV4-768x480.jpg","medium_large-width":768,"medium_large-height":480,"large":"https:\/\/cdn.bymycar.eu\/fr-webzine\/wp-content\/uploads\/medias\/2018\/03\/CORSABlackEd_LLD_EcoPrime_2018FevV4-1024x640.jpg","large-width":1024,"large-height":640,"1536x1536":"https:\/\/cdn.bymycar.eu\/fr-webzine\/wp-content\/uploads\/medias\/2018\/03\/CORSABlackEd_LLD_EcoPrime_2018FevV4.jpg","1536x1536-width":1536,"1536x1536-height":960,"2048x2048":"https:\/\/cdn.bymycar.eu\/fr-webzine\/wp-content\/uploads\/medias\/2018\/03\/CORSABlackEd_LLD_EcoPrime_2018FevV4.jpg","2048x2048-width":1600,"2048x2048-height":1000}},"-title":"","-text":"<p style=\"text-align: center;\">\u00e0 partir de<\/p>\n<p style=\"text-align: center;\"><strong><span style=\"font-size: 36pt;\">125\u20ac<\/span>\u00a0\/ mois (1)<\/strong><\/p>\n<p style=\"text-align: center;\"><span style=\"font-size: 14pt;\"><strong>LLD sur 37 mois<br \/>\n<\/strong><\/span><span style=\"font-size: 14pt;\"><strong>1er loyer de 2100 \u20ac puis 36 loyers de 125 \u20ac.<br \/>\n<\/strong><\/span><span style=\"font-size: 14pt;\"><strong>Entretien compris<\/strong><\/span><\/p>\n<p>&nbsp;<\/p>\n<p style=\"text-align: center;\"><span style=\"font-size: 18pt;\"><strong>ECO-PRIME<br \/>\n<\/strong><span style=\"font-size: 14pt;\">Sous condition de reprise<br \/>\nPrime \u00e0 la conversion de 1000\u20ac d\u00e9duite<\/span><\/span><\/p>\n"}},{"acf_fc_layout":"formulaire","--nav":{"-withNav":true,"-ancre":"Contactez-nous"},"--group":{"--title":"Opel BYmyCAR","--text":"Corsa Black Edition<br \/>\n","--formContact":"3697"}},{"acf_fc_layout":"text-simple","--nav":{"-withNav":false,"-ancre":""},"--group":{"-text":"<p>(1) Ex pour une location longue dur\u00e9e (LLD) sur 37 mois et 30 000 km pour une Corsa 3P Black Edition 1.4 90ch hors options : <strong>1er loyer major\u00e9 de 2100 \u20ac exig\u00e9 \u00e0 la livraison, puis 36 loyers de 125 \u20ac<\/strong>, dont 1 \u20ac par mois pour la prestation facultative d&rsquo;entretien comprenant la prise en charge des 2 premiers entretiens p\u00e9riodiques. Prestation souscrite aupr\u00e8s d&rsquo;Opel France &#8211; SAS au capital de 12 939 625 \u20ac &#8211; R.C.S Pontoise B 342 439 320. Si\u00e8ge social : 1 Av du Marais &#8211; BP 84 &#8211; 95101 Argenteuil Cedex. Montants TTC (hors assurances). Restitution en fin de contrat avec paiement de frais de remise en \u00e9tat standard et km suppl\u00e9mentaires. <strong>Tarifs ch\u00e2ssis 18.5 au 22\/11\/2017<\/strong> dans la limite des stocks disponibles. Sous r\u00e9serve d&rsquo;acceptation du dossier par Opel Financial Services, nom commercial de Opel Bank, SA au capital de 101 929 642 \u20ac. RCS Pontoise 562 068 684 &#8211; Immatriculation ORIAS N\u00b007009184. <strong>Offre r\u00e9serv\u00e9e aux particuliers valable pour toute commande jusqu&rsquo;au 31\/03\/ 2018<\/strong> aupr\u00e8s du r\u00e9seau Opel participant, <strong>d&rsquo;une Corsa Black Edition neuve<\/strong> sous condition de reprise pour mise au rebut de votre v\u00e9hicule Diesel immatricul\u00e9 pour la premi\u00e8re fois avant 2001 ou essence avant 1997 et sous r\u00e9serve de b\u00e9n\u00e9ficier de la prime \u00e0 la conversion gouvernementale (conditions sur service-public.fr).<br \/>\n<strong>Conso mixte gamme Corsa (l\/100 km) : 3.5\/5.9 et CO2 (g\/km) : 93\/136.<\/strong><\/p>\n<p>&nbsp;<\/p>\n<p>&nbsp;<\/p>\n<p><span style=\"font-size: 10pt;\">Vos donn\u00e9es \u00e0 caract\u00e8re personnel font l\u2019objet d\u2019un traitement de donn\u00e9es \u00e0 caract\u00e8re personnel mis en oeuvre par la soci\u00e9t\u00e9 BYmyCAR aux fins de gestion de la relation clients et prospects.<\/span><br \/>\n<span style=\"font-size: 10pt;\">Vos donn\u00e9es sont r\u00e9serv\u00e9es \u00e0 l\u2019usage des services internes de la soci\u00e9t\u00e9 BYmyCAR ainsi qu\u2019aux prestataires habilit\u00e9s \u00e0 traiter vos donn\u00e9es.<\/span><br \/>\n<span style=\"font-size: 10pt;\">Conform\u00e9ment \u00e0 la r\u00e9glementation fran\u00e7aise et europ\u00e9enne relative \u00e0 la protection des donn\u00e9es \u00e0 caract\u00e8re personnel, vous pouvez \u00e0 tout moment exercer vos droits d\u2019acc\u00e8s, de rectification et de suppression des donn\u00e9es \u00e0 caract\u00e8re personnel vous concernant ainsi que vous opposer au traitement desdites donn\u00e9es.<\/span><\/p>\n<p><span style=\"font-size: 10pt;\">Vous disposez \u00e9galement du droit de d\u00e9finir des directives g\u00e9n\u00e9rales ou particuli\u00e8res relatives au sort de vos donn\u00e9es \u00e0 caract\u00e8re personnel apr\u00e8s votre d\u00e9c\u00e8s. Seules les directives particuli\u00e8res relatives au traitement de donn\u00e9es \u00e0 caract\u00e8re personnel mis en oeuvre par BYmyCAR seront enregistr\u00e9es par BYmyCAR.<\/span><br \/>\n<span style=\"font-size: 10pt;\">Vous pouvez exercer vos droits en adressant votre demande, accompagn\u00e9e d\u2019un justificatif de votre identit\u00e9, par voie postale \u00e0 BYmyCAR, 278 Bd. St. Germain, 75007 Paris ou e-mail \u00e0 contact-web@bymycar.fr .<\/span><br \/>\n<span style=\"font-size: 10pt;\">Nous vous informons que vous disposez en outre d\u2019un droit d\u2019inscription sur la liste d\u2019opposition au d\u00e9marchage t\u00e9l\u00e9phonique que vous pouvez exercer aupr\u00e8s de la SAS OPPOSETEL, 92-98 boulevard Victor Hugo \u2013 92110 CLICHY (http:\/\/www.bloctel.gouv.fr\/).<\/span><\/p>\n"}}]},"add-carousel-to-footer":true},"yoast_head":"<!-- This site is optimized with the Yoast SEO Premium plugin v26.4 (Yoast SEO v26.4) - https:\/\/yoast.com\/wordpress\/plugins\/seo\/ -->\n<title>OPEL Corsa Black Edition<\/title>\n<meta name=\"robots\" content=\"index, follow, max-snippet:-1, max-image-preview:large, max-video-preview:-1\" \/>\n<link rel=\"canonical\" href=\"https:\/\/www.bymycar.fr\/webzine\/opel-corsa-black-edition\/\" \/>\n<meta property=\"og:locale\" content=\"fr_FR\" \/>\n<meta property=\"og:type\" content=\"article\" \/>\n<meta property=\"og:title\" content=\"OPEL Corsa Black Edition\" \/>\n<meta property=\"og:url\" content=\"https:\/\/www.bymycar.fr\/webzine\/opel-corsa-black-edition\/\" \/>\n<meta property=\"og:site_name\" content=\"Webzine auto BYmyCAR\" \/>\n<meta property=\"article:published_time\" content=\"2018-03-21T14:32:18+00:00\" \/>\n<meta property=\"article:modified_time\" content=\"2019-05-06T12:28:10+00:00\" \/>\n<meta property=\"og:image\" content=\"https:\/\/cdn.bymycar.eu\/fr-webzine\/wp-content\/uploads\/medias\/2018\/03\/CORSABlackEd_LLD_EcoPrime_2018FevV4.jpg\" \/>\n\t<meta property=\"og:image:width\" content=\"1600\" \/>\n\t<meta property=\"og:image:height\" content=\"1000\" \/>\n\t<meta property=\"og:image:type\" content=\"image\/jpeg\" \/>\n<meta name=\"author\" content=\"Gregoire LE BIHAN\" \/>\n<meta name=\"twitter:card\" content=\"summary_large_image\" \/>\n<meta name=\"twitter:label1\" content=\"\u00c9crit par\" \/>\n\t<meta name=\"twitter:data1\" content=\"Gregoire LE BIHAN\" \/>\n<script type=\"application\/ld+json\" class=\"yoast-schema-graph\">{\"@context\":\"https:\/\/schema.org\",\"@graph\":[{\"@type\":\"Article\",\"@id\":\"https:\/\/www.bymycar.fr\/webzine\/opel-corsa-black-edition\/#article\",\"isPartOf\":{\"@id\":\"https:\/\/www.bymycar.fr\/webzine\/opel-corsa-black-edition\/\"},\"author\":{\"name\":\"Gregoire LE BIHAN\",\"@id\":\"https:\/\/www.bymycar.fr\/webzine\/#\/schema\/person\/8c56906440ec126868bd40232b3445f0\"},\"headline\":\"OPEL Corsa Black Edition\",\"datePublished\":\"2018-03-21T14:32:18+00:00\",\"dateModified\":\"2019-05-06T12:28:10+00:00\",\"mainEntityOfPage\":{\"@id\":\"https:\/\/www.bymycar.fr\/webzine\/opel-corsa-black-edition\/\"},\"wordCount\":4,\"publisher\":{\"@id\":\"https:\/\/www.bymycar.fr\/webzine\/#organization\"},\"image\":{\"@id\":\"https:\/\/www.bymycar.fr\/webzine\/opel-corsa-black-edition\/#primaryimage\"},\"thumbnailUrl\":\"https:\/\/cdn.bymycar.eu\/fr-webzine\/wp-content\/uploads\/medias\/2018\/03\/CORSABlackEd_LLD_EcoPrime_2018FevV4.jpg\",\"articleSection\":[\"Offres et bons plans\"],\"inLanguage\":\"fr-FR\"},{\"@type\":\"WebPage\",\"@id\":\"https:\/\/www.bymycar.fr\/webzine\/opel-corsa-black-edition\/\",\"url\":\"https:\/\/www.bymycar.fr\/webzine\/opel-corsa-black-edition\/\",\"name\":\"OPEL Corsa Black Edition\",\"isPartOf\":{\"@id\":\"https:\/\/www.bymycar.fr\/webzine\/#website\"},\"primaryImageOfPage\":{\"@id\":\"https:\/\/www.bymycar.fr\/webzine\/opel-corsa-black-edition\/#primaryimage\"},\"image\":{\"@id\":\"https:\/\/www.bymycar.fr\/webzine\/opel-corsa-black-edition\/#primaryimage\"},\"thumbnailUrl\":\"https:\/\/cdn.bymycar.eu\/fr-webzine\/wp-content\/uploads\/medias\/2018\/03\/CORSABlackEd_LLD_EcoPrime_2018FevV4.jpg\",\"datePublished\":\"2018-03-21T14:32:18+00:00\",\"dateModified\":\"2019-05-06T12:28:10+00:00\",\"breadcrumb\":{\"@id\":\"https:\/\/www.bymycar.fr\/webzine\/opel-corsa-black-edition\/#breadcrumb\"},\"inLanguage\":\"fr-FR\",\"potentialAction\":[{\"@type\":\"ReadAction\",\"target\":[\"https:\/\/www.bymycar.fr\/webzine\/opel-corsa-black-edition\/\"]}]},{\"@type\":\"ImageObject\",\"inLanguage\":\"fr-FR\",\"@id\":\"https:\/\/www.bymycar.fr\/webzine\/opel-corsa-black-edition\/#primaryimage\",\"url\":\"https:\/\/cdn.bymycar.eu\/fr-webzine\/wp-content\/uploads\/medias\/2018\/03\/CORSABlackEd_LLD_EcoPrime_2018FevV4.jpg\",\"contentUrl\":\"https:\/\/cdn.bymycar.eu\/fr-webzine\/wp-content\/uploads\/medias\/2018\/03\/CORSABlackEd_LLD_EcoPrime_2018FevV4.jpg\",\"width\":1600,\"height\":1000,\"caption\":\"Opel Corsa Black Edition\"},{\"@type\":\"BreadcrumbList\",\"@id\":\"https:\/\/www.bymycar.fr\/webzine\/opel-corsa-black-edition\/#breadcrumb\",\"itemListElement\":[{\"@type\":\"ListItem\",\"position\":1,\"name\":\"Accueil\",\"item\":\"https:\/\/www.bymycar.fr\/webzine\/\"},{\"@type\":\"ListItem\",\"position\":2,\"name\":\"OPEL Corsa Black Edition\"}]},{\"@type\":\"WebSite\",\"@id\":\"https:\/\/www.bymycar.fr\/webzine\/#website\",\"url\":\"https:\/\/www.bymycar.fr\/webzine\/\",\"name\":\"Webzine auto BYmyCAR\",\"description\":\"La magazine auto de BYmyCAR\",\"publisher\":{\"@id\":\"https:\/\/www.bymycar.fr\/webzine\/#organization\"},\"potentialAction\":[{\"@type\":\"SearchAction\",\"target\":{\"@type\":\"EntryPoint\",\"urlTemplate\":\"https:\/\/www.bymycar.fr\/webzine\/?s={search_term_string}\"},\"query-input\":{\"@type\":\"PropertyValueSpecification\",\"valueRequired\":true,\"valueName\":\"search_term_string\"}}],\"inLanguage\":\"fr-FR\"},{\"@type\":\"Organization\",\"@id\":\"https:\/\/www.bymycar.fr\/webzine\/#organization\",\"name\":\"BYmyCAR\",\"url\":\"https:\/\/www.bymycar.fr\/webzine\/\",\"logo\":{\"@type\":\"ImageObject\",\"inLanguage\":\"fr-FR\",\"@id\":\"https:\/\/www.bymycar.fr\/webzine\/#\/schema\/logo\/image\/\",\"url\":\"https:\/\/cdn.bymycar.eu\/fr-webzine\/wp-content\/uploads\/medias\/2017\/08\/logo_DEALER_00000406_001.png\",\"contentUrl\":\"https:\/\/cdn.bymycar.eu\/fr-webzine\/wp-content\/uploads\/medias\/2017\/08\/logo_DEALER_00000406_001.png\",\"width\":2132,\"height\":720,\"caption\":\"BYmyCAR\"},\"image\":{\"@id\":\"https:\/\/www.bymycar.fr\/webzine\/#\/schema\/logo\/image\/\"}},{\"@type\":\"Person\",\"@id\":\"https:\/\/www.bymycar.fr\/webzine\/#\/schema\/person\/8c56906440ec126868bd40232b3445f0\",\"name\":\"Gregoire LE BIHAN\",\"image\":{\"@type\":\"ImageObject\",\"inLanguage\":\"fr-FR\",\"@id\":\"https:\/\/www.bymycar.fr\/webzine\/#\/schema\/person\/image\/\",\"url\":\"https:\/\/secure.gravatar.com\/avatar\/1356d71f3c6eed50de358ba425c9944b742a0d35f88e0d5f8afe88fdac525492?s=96&d=mm&r=g\",\"contentUrl\":\"https:\/\/secure.gravatar.com\/avatar\/1356d71f3c6eed50de358ba425c9944b742a0d35f88e0d5f8afe88fdac525492?s=96&d=mm&r=g\",\"caption\":\"Gregoire LE BIHAN\"}}]}<\/script>\n<!-- \/ Yoast SEO Premium plugin. -->","yoast_head_json":{"title":"OPEL Corsa Black Edition","robots":{"index":"index","follow":"follow","max-snippet":"max-snippet:-1","max-image-preview":"max-image-preview:large","max-video-preview":"max-video-preview:-1"},"canonical":"https:\/\/www.bymycar.fr\/webzine\/opel-corsa-black-edition\/","og_locale":"fr_FR","og_type":"article","og_title":"OPEL Corsa Black Edition","og_url":"https:\/\/www.bymycar.fr\/webzine\/opel-corsa-black-edition\/","og_site_name":"Webzine auto BYmyCAR","article_published_time":"2018-03-21T14:32:18+00:00","article_modified_time":"2019-05-06T12:28:10+00:00","og_image":[{"width":1600,"height":1000,"url":"https:\/\/cdn.bymycar.eu\/fr-webzine\/wp-content\/uploads\/medias\/2018\/03\/CORSABlackEd_LLD_EcoPrime_2018FevV4.jpg","type":"image\/jpeg"}],"author":"Gregoire LE BIHAN","twitter_card":"summary_large_image","twitter_misc":{"\u00c9crit par":"Gregoire LE BIHAN"},"schema":{"@context":"https:\/\/schema.org","@graph":[{"@type":"Article","@id":"https:\/\/www.bymycar.fr\/webzine\/opel-corsa-black-edition\/#article","isPartOf":{"@id":"https:\/\/www.bymycar.fr\/webzine\/opel-corsa-black-edition\/"},"author":{"name":"Gregoire LE BIHAN","@id":"https:\/\/www.bymycar.fr\/webzine\/#\/schema\/person\/8c56906440ec126868bd40232b3445f0"},"headline":"OPEL Corsa Black Edition","datePublished":"2018-03-21T14:32:18+00:00","dateModified":"2019-05-06T12:28:10+00:00","mainEntityOfPage":{"@id":"https:\/\/www.bymycar.fr\/webzine\/opel-corsa-black-edition\/"},"wordCount":4,"publisher":{"@id":"https:\/\/www.bymycar.fr\/webzine\/#organization"},"image":{"@id":"https:\/\/www.bymycar.fr\/webzine\/opel-corsa-black-edition\/#primaryimage"},"thumbnailUrl":"https:\/\/cdn.bymycar.eu\/fr-webzine\/wp-content\/uploads\/medias\/2018\/03\/CORSABlackEd_LLD_EcoPrime_2018FevV4.jpg","articleSection":["Offres et bons plans"],"inLanguage":"fr-FR"},{"@type":"WebPage","@id":"https:\/\/www.bymycar.fr\/webzine\/opel-corsa-black-edition\/","url":"https:\/\/www.bymycar.fr\/webzine\/opel-corsa-black-edition\/","name":"OPEL Corsa Black Edition","isPartOf":{"@id":"https:\/\/www.bymycar.fr\/webzine\/#website"},"primaryImageOfPage":{"@id":"https:\/\/www.bymycar.fr\/webzine\/opel-corsa-black-edition\/#primaryimage"},"image":{"@id":"https:\/\/www.bymycar.fr\/webzine\/opel-corsa-black-edition\/#primaryimage"},"thumbnailUrl":"https:\/\/cdn.bymycar.eu\/fr-webzine\/wp-content\/uploads\/medias\/2018\/03\/CORSABlackEd_LLD_EcoPrime_2018FevV4.jpg","datePublished":"2018-03-21T14:32:18+00:00","dateModified":"2019-05-06T12:28:10+00:00","breadcrumb":{"@id":"https:\/\/www.bymycar.fr\/webzine\/opel-corsa-black-edition\/#breadcrumb"},"inLanguage":"fr-FR","potentialAction":[{"@type":"ReadAction","target":["https:\/\/www.bymycar.fr\/webzine\/opel-corsa-black-edition\/"]}]},{"@type":"ImageObject","inLanguage":"fr-FR","@id":"https:\/\/www.bymycar.fr\/webzine\/opel-corsa-black-edition\/#primaryimage","url":"https:\/\/cdn.bymycar.eu\/fr-webzine\/wp-content\/uploads\/medias\/2018\/03\/CORSABlackEd_LLD_EcoPrime_2018FevV4.jpg","contentUrl":"https:\/\/cdn.bymycar.eu\/fr-webzine\/wp-content\/uploads\/medias\/2018\/03\/CORSABlackEd_LLD_EcoPrime_2018FevV4.jpg","width":1600,"height":1000,"caption":"Opel Corsa Black Edition"},{"@type":"BreadcrumbList","@id":"https:\/\/www.bymycar.fr\/webzine\/opel-corsa-black-edition\/#breadcrumb","itemListElement":[{"@type":"ListItem","position":1,"name":"Accueil","item":"https:\/\/www.bymycar.fr\/webzine\/"},{"@type":"ListItem","position":2,"name":"OPEL Corsa Black Edition"}]},{"@type":"WebSite","@id":"https:\/\/www.bymycar.fr\/webzine\/#website","url":"https:\/\/www.bymycar.fr\/webzine\/","name":"Webzine auto BYmyCAR","description":"La magazine auto de BYmyCAR","publisher":{"@id":"https:\/\/www.bymycar.fr\/webzine\/#organization"},"potentialAction":[{"@type":"SearchAction","target":{"@type":"EntryPoint","urlTemplate":"https:\/\/www.bymycar.fr\/webzine\/?s={search_term_string}"},"query-input":{"@type":"PropertyValueSpecification","valueRequired":true,"valueName":"search_term_string"}}],"inLanguage":"fr-FR"},{"@type":"Organization","@id":"https:\/\/www.bymycar.fr\/webzine\/#organization","name":"BYmyCAR","url":"https:\/\/www.bymycar.fr\/webzine\/","logo":{"@type":"ImageObject","inLanguage":"fr-FR","@id":"https:\/\/www.bymycar.fr\/webzine\/#\/schema\/logo\/image\/","url":"https:\/\/cdn.bymycar.eu\/fr-webzine\/wp-content\/uploads\/medias\/2017\/08\/logo_DEALER_00000406_001.png","contentUrl":"https:\/\/cdn.bymycar.eu\/fr-webzine\/wp-content\/uploads\/medias\/2017\/08\/logo_DEALER_00000406_001.png","width":2132,"height":720,"caption":"BYmyCAR"},"image":{"@id":"https:\/\/www.bymycar.fr\/webzine\/#\/schema\/logo\/image\/"}},{"@type":"Person","@id":"https:\/\/www.bymycar.fr\/webzine\/#\/schema\/person\/8c56906440ec126868bd40232b3445f0","name":"Gregoire LE BIHAN","image":{"@type":"ImageObject","inLanguage":"fr-FR","@id":"https:\/\/www.bymycar.fr\/webzine\/#\/schema\/person\/image\/","url":"https:\/\/secure.gravatar.com\/avatar\/1356d71f3c6eed50de358ba425c9944b742a0d35f88e0d5f8afe88fdac525492?s=96&d=mm&r=g","contentUrl":"https:\/\/secure.gravatar.com\/avatar\/1356d71f3c6eed50de358ba425c9944b742a0d35f88e0d5f8afe88fdac525492?s=96&d=mm&r=g","caption":"Gregoire LE BIHAN"}}]}},"_links":{"self":[{"href":"https:\/\/www.bymycar.fr\/webzine\/wp-json\/wp\/v2\/posts\/3692","targetHints":{"allow":["GET"]}}],"collection":[{"href":"https:\/\/www.bymycar.fr\/webzine\/wp-json\/wp\/v2\/posts"}],"about":[{"href":"https:\/\/www.bymycar.fr\/webzine\/wp-json\/wp\/v2\/types\/post"}],"author":[{"embeddable":true,"href":"https:\/\/www.bymycar.fr\/webzine\/wp-json\/wp\/v2\/users\/9"}],"replies":[{"embeddable":true,"href":"https:\/\/www.bymycar.fr\/webzine\/wp-json\/wp\/v2\/comments?post=3692"}],"version-history":[{"count":12,"href":"https:\/\/www.bymycar.fr\/webzine\/wp-json\/wp\/v2\/posts\/3692\/revisions"}],"predecessor-version":[{"id":7834,"href":"https:\/\/www.bymycar.fr\/webzine\/wp-json\/wp\/v2\/posts\/3692\/revisions\/7834"}],"wp:featuredmedia":[{"embeddable":true,"href":"https:\/\/www.bymycar.fr\/webzine\/wp-json\/wp\/v2\/media\/3712"}],"wp:attachment":[{"href":"https:\/\/www.bymycar.fr\/webzine\/wp-json\/wp\/v2\/media?parent=3692"}],"wp:term":[{"taxonomy":"category","embeddable":true,"href":"https:\/\/www.bymycar.fr\/webzine\/wp-json\/wp\/v2\/categories?post=3692"},{"taxonomy":"post_tag","embeddable":true,"href":"https:\/\/www.bymycar.fr\/webzine\/wp-json\/wp\/v2\/tags?post=3692"}],"curies":[{"name":"wp","href":"https:\/\/api.w.org\/{rel}","templated":true}]}}